{"id":1005,"date":"2020-05-11T19:01:28","date_gmt":"2020-05-11T17:01:28","guid":{"rendered":"https:\/\/teatrodomma.wordpress.com\/?p=1005"},"modified":"2020-05-11T19:01:28","modified_gmt":"2020-05-11T17:01:28","slug":"un-do-di-pettodi-daniele-adriani","status":"publish","type":"post","link":"https:\/\/www.teatrodomma.it\/?p=1005","title":{"rendered":"Un &#8220;do di petto&#8221;di&#8230;Daniele Adriani"},"content":{"rendered":"\n<p class=\"has-background has-background-dark-background-color\"><em>Proseguiamo lo spazio interviste, incontrando un giovane tenore lirico, con il passato di performer in vari musical della compagnia teatrale Compagni di Scena, <\/em><em><em>di cui \u00e8 tra i fondatori<\/em><\/em><em>, nonch\u00e9 <\/em><em><em>presidente <\/em><\/em><em><em><em><em>dal 201<\/em><\/em><\/em><\/em><em><em>6, dopo che si \u00e8 <\/em><\/em><em><em><em>costituita in associazione culturale<\/em><\/em><\/em>. <\/p>\n\n\n\n<p><a rel=\"noreferrer noopener\" href=\"https:\/\/www.facebook.com\/dadriani\" target=\"_blank\">DANIELE ADRIANI<\/a> (nato a Roma il 24\/07\/1988) ha intrapreso la carriera artistica nel <strong>Coro di Voci Bianche di Musica per Roma<\/strong> sotto la direzione del M\u00b0Claire Gibault. <strong>Fin da bambino ha ricoperto ruoli da protagonista:<\/strong> nel <strong>2001<\/strong> <em><strong>Pollicino<\/strong><\/em> nell\u2019omonima opera di H.W. Henze con la regia di Daniele Abbado; nel <strong>2002<\/strong> <em><strong>Hansel<\/strong><\/em> (&#8220;Hansel und Gretel&#8221; di E. Humperdinck) al Teatro Nazionale di Roma con la regia di Simona Marchini, <em><strong>l\u2019Enfant<\/strong><\/em> (&#8220;L\u2019enfant et les Sortileges&#8221; di M. Ravel) al Theatre du Chatelet di Parigi ed infine <em><strong>il<\/strong><\/em><em> <\/em><em><strong>Pastorello<\/strong><\/em> nella &#8220;Tosca&#8221; di G. Puccini, firmata da Franco Zeffirelli e portata in tourn\u00e9e a Mosca dal Teatro dell\u2019Opera di Roma.<\/p>\n\n\n\n<p>Dopo la laurea in Economia Aziendale, ha ripreso gli studi di canto, frequentando l\u2019Opera Studio all\u2019<strong>Accademia Nazionale di Santa Cecilia<\/strong>. Continua il suo perfezionamento presso l\u2019<strong>Accademia d\u2019arte lirica di Osimo<\/strong> e tramite questa partecipa ad un scambio culturale Italia-Russia presso lo <strong>Young Artist Programme del Bolshoi Theatre di Mosca<\/strong>. Nel 2018 ha conseguito il diploma accademico di II livello in Canto nel Teatro Musicale presso il <strong>Conservatorio San Pietro a Majella di Napoli<\/strong>.<\/p>\n\n\n\n<figure class=\"wp-block-gallery columns-2 is-cropped wp-block-gallery-1 is-layout-flex wp-block-gallery-is-layout-flex\"><ul class=\"blocks-gallery-grid\"><li class=\"blocks-gallery-item\"><figure><img loading=\"lazy\" decoding=\"async\" width=\"900\" height=\"600\" src=\"http:\/\/test.teatrodomma.it\/wp-content\/uploads\/2020\/05\/cds-daniele-adriani-tenore-4.jpg?w=900\" data-id=\"1076\" class=\"wp-image-1076\" srcset=\"https:\/\/www.teatrodomma.it\/wp-content\/uploads\/2020\/05\/cds-daniele-adriani-tenore-4.jpg 900w, https:\/\/www.teatrodomma.it\/wp-content\/uploads\/2020\/05\/cds-daniele-adriani-tenore-4-300x200.jpg 300w, https:\/\/www.teatrodomma.it\/wp-content\/uploads\/2020\/05\/cds-daniele-adriani-tenore-4-768x512.jpg 768w, https:\/\/www.teatrodomma.it\/wp-content\/uploads\/2020\/05\/cds-daniele-adriani-tenore-4-200x133.jpg 200w, https:\/\/www.teatrodomma.it\/wp-content\/uploads\/2020\/05\/cds-daniele-adriani-tenore-4-272x182.jpg 272w\" sizes=\"(max-width: 900px) 100vw, 900px\" \/><\/figure><\/li><li class=\"blocks-gallery-item\"><figure><img loading=\"lazy\" decoding=\"async\" width=\"1200\" height=\"794\" src=\"http:\/\/test.teatrodomma.it\/wp-content\/uploads\/2020\/05\/cds-daniele-adriani.jpg?w=1024\" data-id=\"1077\" class=\"wp-image-1077\" srcset=\"https:\/\/www.teatrodomma.it\/wp-content\/uploads\/2020\/05\/cds-daniele-adriani.jpg 1200w, https:\/\/www.teatrodomma.it\/wp-content\/uploads\/2020\/05\/cds-daniele-adriani-300x199.jpg 300w, https:\/\/www.teatrodomma.it\/wp-content\/uploads\/2020\/05\/cds-daniele-adriani-1024x678.jpg 1024w, https:\/\/www.teatrodomma.it\/wp-content\/uploads\/2020\/05\/cds-daniele-adriani-768x508.jpg 768w, https:\/\/www.teatrodomma.it\/wp-content\/uploads\/2020\/05\/cds-daniele-adriani-200x132.jpg 200w\" sizes=\"(max-width: 1200px) 100vw, 1200px\" \/><\/figure><\/li><\/ul><figcaption class=\"blocks-gallery-caption\">A sinistra, nel ruolo del Marchese di Carab\u00e0 ne IL GATTO CON GLI STIVALI \/ A destra, durante le prove<\/figcaption><\/figure>\n\n\n\n<p class=\"has-background has-background-dark-background-color\"><strong>Nel suo brillante curriculum, figurano <strong>i ruoli<\/strong>:<\/strong><\/p>\n\n\n\n<p><strong>nel 2016<\/strong> <em>Gigione<\/em> nel &#8220;Re Enzo&#8221; di O. Respighi per il XVI Festival Pergolesi Spontini di Jesi ; <em>Il Presidente<\/em> (Aldo Moro) nell\u2019opera &#8220;Un\u2019infinita primavera attendo&#8221; di S.Cappelletto con musiche di D.Carnini, eseguita in prima assoluta per il centenario dalla nascita di Aldo Moro su commissione dell\u2019Accademia Filarmonica Romana e dell\u2019Istituto della<a rel=\"noreferrer noopener\" href=\"https:\/\/www.facebook.com\/photo?fbid=10211773248185745&amp;set=a.10201727714293676\" target=\"_blank\"> Enciclopedia Italiana Treccani<\/a>.<br><strong>Nel 2017 <\/strong>\u00e8 <em>Il giovane di piacere<\/em> ne &#8220;Il Colore del Sole&#8221;, opera contemporanea di L. Gregoretti,  tratta dall\u2019omonimo romanzo di Andrea Camilleri al Teatro Comunale &#8220;Luciano Pavarotti&#8221; di Modena; <em>Raimondo<\/em> e<em> Il Commendatore<\/em> nel dittico di N. Rota &#8220;I due timidi&#8221; e &#8220;La notte di un nevrastenico&#8221; per il <a rel=\"noreferrer noopener\" href=\"https:\/\/www.facebook.com\/photo?fbid=10214723690904969&amp;set=a.10201727714293676\" target=\"_blank\">IX Reate Festival<\/a>; <em>Tancredi<\/em> nei madrigali drammatici &#8220;Il combattimento di Tancredi e Clorinda&#8221; di C. Monteverdi e &#8220;Tancredi appresso il combattimento&#8221; di C. Ambrosini su drammaturgia di V. De Vivo, eseguito in prima assoluta per il 54\u00ba Festival di Nuova Consonanza. <strong>Nel 2018<\/strong> \u00e8 <em>Ferrando <\/em>in &#8220;Cosi fan tutte&#8221; di W. A. Mozart al Teatro Ridotto dell&#8217;Aquila; <em>Borsa<\/em> in <a rel=\"noreferrer noopener\" href=\"https:\/\/www.facebook.com\/photo?fbid=10215636997177055&amp;set=a.10201727714293676\" target=\"_blank\">&#8220;Rigoletto&#8221;<\/a> di G.Verdi; <em>Il Cavaliere<\/em> ne &#8220;Le metamorfosi&#8221; di Pasquale di G. Spontini al <a rel=\"noreferrer noopener\" href=\"https:\/\/www.facebook.com\/photo?fbid=10214625638413718&amp;set=a.10201727714293676\" target=\"_blank\">Teatro Pergolesi di Jesi<\/a>; <em>Il Marchese di Carab\u00e0<\/em> nell\u2019opera <a rel=\"noreferrer noopener\" href=\"https:\/\/www.facebook.com\/FondazioneTeatroPetruzzelli\/videos\/1035528986606020\" target=\"_blank\">&#8220;Il gatto con gli stivali&#8221;<\/a> di N. Scardicchio presso il Teatro Petruzzelli di Bari. <strong>Nel 2019<\/strong> debutta al Teatro Regio di Torino nel ruolo de<em> La Volpe<\/em> nel &#8220;Pinocchio&#8221; di P. Valtinoni; \u00e8 tenore solista nella Sinfonia N\u00b09 di L. Beethoven al Teatro Nazionale di Sarajevo e <a rel=\"noreferrer noopener\" href=\"https:\/\/www.ilfaroonline.it\/2019\/08\/11\/tenore-ostia-daniele-adriani-incanta-pubblico-massa-marittima\/288689\/\" target=\"_blank\"><em>Tamino<\/em> nel &#8220;Die Zuberfl\u00f6te&#8221;<\/a> di W.A. Mozart per il Festival Lirica in Piazza di Massa Marittima.  <\/p>\n\n\n\n<p class=\"has-background has-background-dark-background-color\"><strong><em>Come \u00e8 nata la tua passione per la musica&nbsp;e per il canto?<\/em><\/strong> <em><strong>Quante ore della giornata dedichi allo studio?<\/strong><\/em><\/p>\n\n\n\n<div class=\"wp-block-image is-style-default\"><figure class=\"alignleft size-large is-resized\"><img loading=\"lazy\" decoding=\"async\" src=\"http:\/\/test.teatrodomma.it\/wp-content\/uploads\/2020\/05\/cds-daniele-adriani-tenore-3.jpg?w=720\" alt=\"\" class=\"wp-image-1072\" width=\"437\" height=\"437\" srcset=\"https:\/\/www.teatrodomma.it\/wp-content\/uploads\/2020\/05\/cds-daniele-adriani-tenore-3.jpg 720w, https:\/\/www.teatrodomma.it\/wp-content\/uploads\/2020\/05\/cds-daniele-adriani-tenore-3-300x300.jpg 300w, https:\/\/www.teatrodomma.it\/wp-content\/uploads\/2020\/05\/cds-daniele-adriani-tenore-3-150x150.jpg 150w, https:\/\/www.teatrodomma.it\/wp-content\/uploads\/2020\/05\/cds-daniele-adriani-tenore-3-200x200.jpg 200w, https:\/\/www.teatrodomma.it\/wp-content\/uploads\/2020\/05\/cds-daniele-adriani-tenore-3-144x144.jpg 144w\" sizes=\"(max-width: 437px) 100vw, 437px\" \/><figcaption>Nel ruolo di Tamino ne IL FLAUTO MAGICO<\/figcaption><\/figure><\/div>\n\n\n\n<p>La passione per il canto <strong>l&#8217;ho avuta subito<\/strong>. <strong>Me l&#8217;ha trasmessa mio padre<\/strong> che, oltre ad avere una bellissima voce, ama profondamente la musica, in particolar modo l\u2019opera lirica italiana. <strong>Da bambino lo ascoltavo nei suoi recital<\/strong> di Tosti o della canzone napoletana e <strong>mi portava Caracalla a vedere la &#8220;Tosca&#8221; e &#8220;Andrea Chenier<\/strong>&#8220;! Poi ho scoperto che, oltre alla passione, mi aveva trasmesso anche la voce e cos\u00ec ho iniziato a studiare. Come ogni disciplina, il canto ha bisogno di uno studio serio e quotidiano. <strong>Di base cerco di allenarmi almeno 2 ore al giorno<\/strong>, ma nei periodi di produzione o di preparazione ad un\u2019opera, il numero delle ore cresce.<\/p>\n\n\n\n<p class=\"has-background has-background-dark-background-color\"><strong><em>Negli ultimi anni hai calcato palcoscenici sempre pi\u00f9 importanti, tra cui il Teatro Petruzzelli di Bari (Il gatto con gli stivali, 2018) e il Teatro Regio di Torino (Pinocchio, 2019).&nbsp;Qual \u00e8 stato l&#8217;ultimo spettacolo che ti ha visto in scena prima <em><strong>dell\u2019emergenza Coronavirus<\/strong><\/em>?<\/em><\/strong><\/p>\n\n\n\n<p><strong>Purtroppo l\u2019emergenza Covid-19 ha interrotto una fase molto intensa di lavoro<\/strong>. Quando \u00e8 scattato il lockdown mi trovavo a Lucca, presso il Teatro del Giglio, per la produzione di <em>&#8220;Napoli Milionaria&#8221;<\/em> di Nino Rota. <strong>Eravamo alla fine delle prove<\/strong> di regia ed avremmo di l\u00ec a poco iniziato le prove di assieme con l\u2019orchestra, quando ci hanno dato la comunicazione che <strong>la produzione<\/strong> era stata <strong>annullata<\/strong>, insieme alle repliche di Livorno e Pisa di fine marzo. Successivamente avrei dovuto essere a Verona e Legnano per una serie di concerti su Beethoven insieme ad Elio (Stefano Belisari) e al San Carlo di Napoli per l\u2019opera <em>&#8220;L\u2019amour des trois oranges&#8221; <\/em>di Sergej Prokof\u2019ev. <strong>Purtroppo non so se queste produzioni importanti verranno riproposte dalle direzioni artistiche nelle prossime stagioni<\/strong>, ma cerco di andare avanti nella mia preparazione e crescita, per farmi trovare pronto in vista della riapertura dei teatri.<\/p>\n\n\n\n<p class=\"has-background has-background-dark-background-color\"><em><strong>C\u2019\u00e8 un\u2019opera alla quale sei particolarmente legato? Se s\u00ec, perch\u00e9?<\/strong><\/em><\/p>\n\n\n\n<p>S\u00ec, \u00e8 la<strong> &#8220;Tosca&#8221;<\/strong> di Giacomo Puccini. Il motivo \u00e8 che <strong>sia io che mio padre, da bambini, abbiamo interpretato<\/strong> <strong>il ruolo di voce bianca del<\/strong> <em><strong>Pastorello<\/strong><\/em>, che all\u2019inizio del terzo atto canta un piccolo stornello romanesco alla sua amata. Pap\u00e0 lo fece nelle stagioni del 1963 e 1964 al Teatro dell\u2019Opera di Roma, in quelli che erano gli anni d\u2019oro della lirica, insieme ad alcune delle pi\u00f9 belle voci dell\u2019opera italiana, tra cui Giuseppe Di Stefano ed Anna Moffo. Io <strong>l\u2019ho interpretato nel 2002 a Mosca<\/strong>, con la coppia Daniela Dess\u00ec e Fabio Armiliato nelle vesti di Floria Tosca e del cavaliere Mario Cavaradossi, ruolo quest\u2019ultimo che spero di interpretare presto in teatro.<\/p>\n\n\n\n<p class=\"has-background has-background-dark-background-color\"><strong><strong><em>Ci puoi parlare del personaggio <strong><em>che ti ha posto maggiori<\/em><\/strong> difficolt\u00e0 a livello interpretativo e vocale?&nbsp;<\/em><\/strong><\/strong><\/p>\n\n\n\n<div class=\"wp-block-image is-style-default\"><figure class=\"alignright size-large is-resized\"><img loading=\"lazy\" decoding=\"async\" src=\"http:\/\/test.teatrodomma.it\/wp-content\/uploads\/2020\/05\/cds-daniele-adriani-tenore-2_moro.jpg?w=900\" alt=\"\" class=\"wp-image-1070\" width=\"461\" height=\"307\" srcset=\"https:\/\/www.teatrodomma.it\/wp-content\/uploads\/2020\/05\/cds-daniele-adriani-tenore-2_moro.jpg 900w, https:\/\/www.teatrodomma.it\/wp-content\/uploads\/2020\/05\/cds-daniele-adriani-tenore-2_moro-300x200.jpg 300w, https:\/\/www.teatrodomma.it\/wp-content\/uploads\/2020\/05\/cds-daniele-adriani-tenore-2_moro-768x512.jpg 768w, https:\/\/www.teatrodomma.it\/wp-content\/uploads\/2020\/05\/cds-daniele-adriani-tenore-2_moro-200x133.jpg 200w, https:\/\/www.teatrodomma.it\/wp-content\/uploads\/2020\/05\/cds-daniele-adriani-tenore-2_moro-272x182.jpg 272w\" sizes=\"(max-width: 461px) 100vw, 461px\" \/><figcaption>Daniele Adriani \u00e8 Aldo Moro in UN&#8217;INFINITA PRIMAVERA ATTENDO, opera da camera che prende il titolo da una frase tratta dalle lettere di Moro dalla prigionia<\/figcaption><\/figure><\/div>\n\n\n\n<p>Sicuramente quello con cui mi sono confrontato in modo molto complesso, data l\u2019importanza e lo spessore del personaggio stesso, \u00e8 stato <strong>il Presidente Aldo Moro<\/strong>, che ho avuto l\u2019onore di interpretare nell\u2019unica opera lirica a lui dedicata: <a rel=\"noreferrer noopener\" href=\"https:\/\/www.raiplay.it\/video\/2020\/05\/uninfinita-primavera-attendo-a21df203-6bf9-4297-b125-fe415cb9f91f.html\" target=\"_blank\"><strong>\u201cUn\u2019infinita primavera attendo<\/strong>\u201d<\/a>, libretto di Sandro Cappelletto e musica di Daniele Carnini, commissionata nel 2016 dall\u2019Accademia Filarmonica Romana e dalla Treccani. L&#8217;opera \u00e8 stata trasmessa il 09\/05\/2020 in seconda serata su Rai5  per ricordare il 42esimo anniversario della morte dello statista, e rester\u00e0 disponibile su <a rel=\"noreferrer noopener\" href=\"https:\/\/www.raiplay.it\/video\/2020\/05\/uninfinita-primavera-attendo-a21df203-6bf9-4297-b125-fe415cb9f91f.html\" target=\"_blank\">RaiPlay<\/a>. Mi ricordo che per preparare il ruolo vidi tutti gli speciali che la Rai aveva fatto sugli anni di piombo e sul rapimento Moro, oltre a leggermi molti dei suoi discorsi politici pi\u00f9 famosi. Questo solo per riuscire a confrontarmi con il personaggio. Poi ho lavorato sulla parte musicale, contemporanea che \u00e8 molto difficile.<\/p>\n\n\n\n<p class=\"has-background has-background-dark-background-color\"><strong><em>Che lavoro avresti fatto, se non fossi diventato un cantante lirico?<\/em><\/strong><\/p>\n\n\n\n<div class=\"wp-block-image is-style-rounded\"><figure class=\"alignleft size-large is-resized\"><img loading=\"lazy\" decoding=\"async\" src=\"http:\/\/test.teatrodomma.it\/wp-content\/uploads\/2020\/05\/cds-logo-compania-teatro.jpg?w=750\" alt=\"\" class=\"wp-image-847\" width=\"152\" height=\"152\" srcset=\"https:\/\/www.teatrodomma.it\/wp-content\/uploads\/2020\/05\/cds-logo-compania-teatro.jpg 960w, https:\/\/www.teatrodomma.it\/wp-content\/uploads\/2020\/05\/cds-logo-compania-teatro-300x300.jpg 300w, https:\/\/www.teatrodomma.it\/wp-content\/uploads\/2020\/05\/cds-logo-compania-teatro-150x150.jpg 150w, https:\/\/www.teatrodomma.it\/wp-content\/uploads\/2020\/05\/cds-logo-compania-teatro-768x768.jpg 768w, https:\/\/www.teatrodomma.it\/wp-content\/uploads\/2020\/05\/cds-logo-compania-teatro-200x200.jpg 200w, https:\/\/www.teatrodomma.it\/wp-content\/uploads\/2020\/05\/cds-logo-compania-teatro-144x144.jpg 144w\" sizes=\"(max-width: 152px) 100vw, 152px\" \/><figcaption>Logo dell&#8217;Associazione Compagni di Scena<\/figcaption><\/figure><\/div>\n\n\n\n<p>Sono laureato in Economia Aziendale e prima di dedicare la mia vita professionale al canto e al teatro musicale lavoravo come <strong>consulente finanziario in banca<\/strong>. Avevo 25 anni. Probabilmente mi sarei fermato l\u00ec se non avessi avuto dentro di me il fuoco sacro della musica. <strong>Legare la parte economica al teatro \u00e8 diventata ora la mia seconda passione<\/strong>; per questo ho creato insieme al mio amico e professionista del settore teatrale <a rel=\"noreferrer noopener\" href=\"https:\/\/www.facebook.com\/marco.mininno\" target=\"_blank\">Marco Mininno<\/a> ed altri giovani del nostro territorio, l\u2019<strong><a rel=\"noreferrer noopener\" href=\"https:\/\/www.facebook.com\/cdiscena\/\" target=\"_blank\">Associazione Compagni di Scena<\/a><\/strong>, che da anni produce spettacoli presso il Teatro Don Mario Torregrossa con il quale ha una sinergia importantissima. <strong>La direzione artistica ed amministrativa \u00e8 il mio ruolo principale in Compagni di Scena oltre ad esserne il <a href=\"https:\/\/www.ilfaroonline.it\/2019\/05\/06\/la-famiglia-addams-musical-sbarca-ad-acilia\/273238\/\" target=\"_blank\" rel=\"noreferrer noopener\">presidente<\/a>.<\/strong> Da ottobre, Covid-19 permettendo, avvieremo anche la <strong>CDS Academy<\/strong> <strong>presso i locali del <a rel=\"noreferrer noopener\" href=\"https:\/\/www.teatrodomma.it\/\" target=\"_blank\">Teatro Don Mario Torregrossa<\/a><\/strong>, per trasmettere le nostre esperienze professionali ai pi\u00f9 giovani e creare un vero e proprio polo culturale per il X Municipio di Roma.<\/p>\n\n\n\n<figure class=\"wp-block-image size-large is-style-default\"><img decoding=\"async\" src=\"http:\/\/test.teatrodomma.it\/wp-content\/uploads\/2020\/03\/slider1-scaled-1.jpg?w=750\" alt=\"\" class=\"wp-image-33\"\/><figcaption>La sala del Teatro Don Mario Torregrossa che ha visto Daniele Adriani protagonista in musical come <a rel=\"noreferrer noopener\" href=\"https:\/\/www.youtube.com\/watch?v=LA5j0wfngvM\" target=\"_blank\">&#8220;Il fantasma dell&#8217;Opera&#8221;<\/a> nel 2012 e <a rel=\"noreferrer noopener\" href=\"https:\/\/teatrodomma.wordpress.com\/2020\/04\/29\/sweeny-todd-il-video\/\" target=\"_blank\">&#8220;Sweeny Todd&#8221;<\/a> di cui ha curato anche la<a rel=\"noreferrer noopener\" href=\"https:\/\/www.facebook.com\/dadriani\/videos\/10203457644380847\" target=\"_blank\"> regia<\/a> nel 2014.<\/figcaption><\/figure>\n\n\n\n<p class=\"has-background has-background-dark-background-color\"><strong><em>Concludiamo chiedendoti qual \u00e8 il tuo sogno nel cassetto, sia nella tua vita professionale sia nella sfera privata&#8230;<\/em><\/strong><\/p>\n\n\n\n<p>Il mio sogno nel cassetto a livello professionale \u00e8 di <strong>cantare al Metropolitan di New York<\/strong>, il teatro che ha consacrato e passato alla storia i pi\u00f9 grandi tenori del passato da Caruso a Franco Corelli. <strong>Nella sfera privata invece il mio sogno l\u2019ho gi\u00e0 realizzato e si chiama Lucrezia<\/strong>.<\/p>\n\n\n\n<div class=\"wp-block-image is-style-rounded\"><figure class=\"aligncenter size-large is-resized\"><img loading=\"lazy\" decoding=\"async\" src=\"http:\/\/test.teatrodomma.it\/wp-content\/uploads\/2020\/05\/cds-daniele-adriani-lucrezia.jpg?w=596\" alt=\"\" class=\"wp-image-1083\" width=\"283\" height=\"285\" srcset=\"https:\/\/www.teatrodomma.it\/wp-content\/uploads\/2020\/05\/cds-daniele-adriani-lucrezia.jpg 596w, https:\/\/www.teatrodomma.it\/wp-content\/uploads\/2020\/05\/cds-daniele-adriani-lucrezia-298x300.jpg 298w, https:\/\/www.teatrodomma.it\/wp-content\/uploads\/2020\/05\/cds-daniele-adriani-lucrezia-150x150.jpg 150w, https:\/\/www.teatrodomma.it\/wp-content\/uploads\/2020\/05\/cds-daniele-adriani-lucrezia-200x201.jpg 200w, https:\/\/www.teatrodomma.it\/wp-content\/uploads\/2020\/05\/cds-daniele-adriani-lucrezia-144x144.jpg 144w\" sizes=\"(max-width: 283px) 100vw, 283px\" \/><\/figure><\/div>\n\n\n\n<p><\/p>\n\n\n\n<p class=\"has-background has-background-dark-background-color\">RINGRAZIAMO DANIELE, AUGURANDOGLI IN BOCCA AL LUPO PER LA SUA CARRIERA E PER UN FUTURO CON I FIORI D&#8217;ARANCIO.<\/p>\n\n\n\n<p><em>Margherita De Donato<\/em><\/p>\n","protected":false},"excerpt":{"rendered":"<p>Proseguiamo lo spazio interviste, incontrando un giovane tenore lirico, con il passato di performer in vari musical della compagnia teatrale Compagni di Scena, di cui \u00e8 tra i fondatori, nonch\u00e9 presidente dal 2016, dopo che si \u00e8 costituita in associazione culturale. DANIELE ADRIANI (nato a Roma il 24\/07\/1988) ha intrapreso la carriera artistica nel Coro [&hellip;]<\/p>\n","protected":false},"author":3,"featured_media":1947,"comment_status":"closed","ping_status":"open","sticky":false,"template":"","format":"standard","meta":{"saved_in_kubio":false,"footnotes":""},"categories":[33,48],"tags":[85,79,39,84],"class_list":{"0":"post-1005","1":"post","2":"type-post","3":"status-publish","4":"format-standard","5":"has-post-thumbnail","6":"hentry","7":"category-compagni-di-scena","8":"category-interviste","9":"tag-daniele-adriani","10":"tag-lirica","11":"tag-teatro","12":"tag-tenore","14":"post-with-thumbnail","15":"post-with-thumbnail-large"},"yoast_head":"<!-- This site is optimized with the Yoast SEO plugin v25.8 - https:\/\/yoast.com\/wordpress\/plugins\/seo\/ -->\n<title>Un &quot;do di petto&quot;di...Daniele Adriani - Teatro Domma<\/title>\n<meta name=\"robots\" content=\"index, follow, max-snippet:-1, max-image-preview:large, max-video-preview:-1\" \/>\n<link rel=\"canonical\" href=\"https:\/\/www.teatrodomma.it\/?p=1005\" \/>\n<meta property=\"og:locale\" content=\"it_IT\" \/>\n<meta property=\"og:type\" content=\"article\" \/>\n<meta property=\"og:title\" content=\"Un &quot;do di petto&quot;di...Daniele Adriani - Teatro Domma\" \/>\n<meta property=\"og:description\" content=\"Proseguiamo lo spazio interviste, incontrando un giovane tenore lirico, con il passato di performer in vari musical della compagnia teatrale Compagni di Scena, di cui \u00e8 tra i fondatori, nonch\u00e9 presidente dal 2016, dopo che si \u00e8 costituita in associazione culturale. DANIELE ADRIANI (nato a Roma il 24\/07\/1988) ha intrapreso la carriera artistica nel Coro [&hellip;]\" \/>\n<meta property=\"og:url\" content=\"https:\/\/www.teatrodomma.it\/?p=1005\" \/>\n<meta property=\"og:site_name\" content=\"Teatro Domma\" \/>\n<meta property=\"article:publisher\" content=\"https:\/\/www.facebook.com\/p\/Teatro-Domma-61556981831878\/?locale=it_IT\" \/>\n<meta property=\"article:published_time\" content=\"2020-05-11T17:01:28+00:00\" \/>\n<meta property=\"og:image\" content=\"https:\/\/www.teatrodomma.it\/wp-content\/uploads\/2020\/05\/cds-daniele-adriani-tenore-lirico-1_bn.jpg\" \/>\n\t<meta property=\"og:image:width\" content=\"700\" \/>\n\t<meta property=\"og:image:height\" content=\"861\" \/>\n\t<meta property=\"og:image:type\" content=\"image\/jpeg\" \/>\n<meta name=\"author\" content=\"Margherita De Donato\" \/>\n<meta name=\"twitter:card\" content=\"summary_large_image\" \/>\n<meta name=\"twitter:label1\" content=\"Scritto da\" \/>\n\t<meta name=\"twitter:data1\" content=\"Margherita De Donato\" \/>\n\t<meta name=\"twitter:label2\" content=\"Tempo di lettura stimato\" \/>\n\t<meta name=\"twitter:data2\" content=\"7 minuti\" \/>\n<script type=\"application\/ld+json\" class=\"yoast-schema-graph\">{\"@context\":\"https:\/\/schema.org\",\"@graph\":[{\"@type\":\"Article\",\"@id\":\"https:\/\/www.teatrodomma.it\/?p=1005#article\",\"isPartOf\":{\"@id\":\"https:\/\/www.teatrodomma.it\/?p=1005\"},\"author\":{\"name\":\"Margherita De Donato\",\"@id\":\"https:\/\/www.teatrodomma.it\/#\/schema\/person\/8a1f09bf4c695307c8aef38d93aa0e84\"},\"headline\":\"Un &#8220;do di petto&#8221;di&#8230;Daniele Adriani\",\"datePublished\":\"2020-05-11T17:01:28+00:00\",\"mainEntityOfPage\":{\"@id\":\"https:\/\/www.teatrodomma.it\/?p=1005\"},\"wordCount\":1451,\"publisher\":{\"@id\":\"https:\/\/www.teatrodomma.it\/#organization\"},\"image\":{\"@id\":\"https:\/\/www.teatrodomma.it\/?p=1005#primaryimage\"},\"thumbnailUrl\":\"https:\/\/www.teatrodomma.it\/wp-content\/uploads\/2020\/05\/cds-daniele-adriani-tenore-lirico-1_bn.jpg\",\"keywords\":[\"Daniele Adriani\",\"lirica\",\"teatro\",\"tenore\"],\"articleSection\":[\"Compagni di Scena\",\"Interviste\"],\"inLanguage\":\"it-IT\"},{\"@type\":\"WebPage\",\"@id\":\"https:\/\/www.teatrodomma.it\/?p=1005\",\"url\":\"https:\/\/www.teatrodomma.it\/?p=1005\",\"name\":\"Un \\\"do di petto\\\"di...Daniele Adriani - Teatro Domma\",\"isPartOf\":{\"@id\":\"https:\/\/www.teatrodomma.it\/#website\"},\"primaryImageOfPage\":{\"@id\":\"https:\/\/www.teatrodomma.it\/?p=1005#primaryimage\"},\"image\":{\"@id\":\"https:\/\/www.teatrodomma.it\/?p=1005#primaryimage\"},\"thumbnailUrl\":\"https:\/\/www.teatrodomma.it\/wp-content\/uploads\/2020\/05\/cds-daniele-adriani-tenore-lirico-1_bn.jpg\",\"datePublished\":\"2020-05-11T17:01:28+00:00\",\"breadcrumb\":{\"@id\":\"https:\/\/www.teatrodomma.it\/?p=1005#breadcrumb\"},\"inLanguage\":\"it-IT\",\"potentialAction\":[{\"@type\":\"ReadAction\",\"target\":[\"https:\/\/www.teatrodomma.it\/?p=1005\"]}]},{\"@type\":\"ImageObject\",\"inLanguage\":\"it-IT\",\"@id\":\"https:\/\/www.teatrodomma.it\/?p=1005#primaryimage\",\"url\":\"https:\/\/www.teatrodomma.it\/wp-content\/uploads\/2020\/05\/cds-daniele-adriani-tenore-lirico-1_bn.jpg\",\"contentUrl\":\"https:\/\/www.teatrodomma.it\/wp-content\/uploads\/2020\/05\/cds-daniele-adriani-tenore-lirico-1_bn.jpg\",\"width\":700,\"height\":861},{\"@type\":\"BreadcrumbList\",\"@id\":\"https:\/\/www.teatrodomma.it\/?p=1005#breadcrumb\",\"itemListElement\":[{\"@type\":\"ListItem\",\"position\":1,\"name\":\"Home\",\"item\":\"https:\/\/www.teatrodomma.it\/\"},{\"@type\":\"ListItem\",\"position\":2,\"name\":\"Un &#8220;do di petto&#8221;di&#8230;Daniele Adriani\"}]},{\"@type\":\"WebSite\",\"@id\":\"https:\/\/www.teatrodomma.it\/#website\",\"url\":\"https:\/\/www.teatrodomma.it\/\",\"name\":\"Teatro Domma\",\"description\":\"\",\"publisher\":{\"@id\":\"https:\/\/www.teatrodomma.it\/#organization\"},\"potentialAction\":[{\"@type\":\"SearchAction\",\"target\":{\"@type\":\"EntryPoint\",\"urlTemplate\":\"https:\/\/www.teatrodomma.it\/?s={search_term_string}\"},\"query-input\":{\"@type\":\"PropertyValueSpecification\",\"valueRequired\":true,\"valueName\":\"search_term_string\"}}],\"inLanguage\":\"it-IT\"},{\"@type\":\"Organization\",\"@id\":\"https:\/\/www.teatrodomma.it\/#organization\",\"name\":\"Teatro Domma\",\"url\":\"https:\/\/www.teatrodomma.it\/\",\"logo\":{\"@type\":\"ImageObject\",\"inLanguage\":\"it-IT\",\"@id\":\"https:\/\/www.teatrodomma.it\/#\/schema\/logo\/image\/\",\"url\":\"https:\/\/www.teatrodomma.it\/wp-content\/uploads\/2025\/01\/LOGOICON-edited-2.png\",\"contentUrl\":\"https:\/\/www.teatrodomma.it\/wp-content\/uploads\/2025\/01\/LOGOICON-edited-2.png\",\"width\":510,\"height\":287,\"caption\":\"Teatro Domma\"},\"image\":{\"@id\":\"https:\/\/www.teatrodomma.it\/#\/schema\/logo\/image\/\"},\"sameAs\":[\"https:\/\/www.facebook.com\/p\/Teatro-Domma-61556981831878\/?locale=it_IT\",\"https:\/\/www.instagram.com\/teatro_domma\/\"]},{\"@type\":\"Person\",\"@id\":\"https:\/\/www.teatrodomma.it\/#\/schema\/person\/8a1f09bf4c695307c8aef38d93aa0e84\",\"name\":\"Margherita De Donato\",\"image\":{\"@type\":\"ImageObject\",\"inLanguage\":\"it-IT\",\"@id\":\"https:\/\/www.teatrodomma.it\/#\/schema\/person\/image\/\",\"url\":\"https:\/\/secure.gravatar.com\/avatar\/0fbebb2201a984022de9f07361f7fe88cb7fcefd6be5e33abf5559102ec20088?s=96&d=mm&r=g\",\"contentUrl\":\"https:\/\/secure.gravatar.com\/avatar\/0fbebb2201a984022de9f07361f7fe88cb7fcefd6be5e33abf5559102ec20088?s=96&d=mm&r=g\",\"caption\":\"Margherita De Donato\"},\"url\":\"https:\/\/www.teatrodomma.it\/?author=3\"}]}<\/script>\n<!-- \/ Yoast SEO plugin. -->","yoast_head_json":{"title":"Un \"do di petto\"di...Daniele Adriani - Teatro Domma","robots":{"index":"index","follow":"follow","max-snippet":"max-snippet:-1","max-image-preview":"max-image-preview:large","max-video-preview":"max-video-preview:-1"},"canonical":"https:\/\/www.teatrodomma.it\/?p=1005","og_locale":"it_IT","og_type":"article","og_title":"Un \"do di petto\"di...Daniele Adriani - Teatro Domma","og_description":"Proseguiamo lo spazio interviste, incontrando un giovane tenore lirico, con il passato di performer in vari musical della compagnia teatrale Compagni di Scena, di cui \u00e8 tra i fondatori, nonch\u00e9 presidente dal 2016, dopo che si \u00e8 costituita in associazione culturale. DANIELE ADRIANI (nato a Roma il 24\/07\/1988) ha intrapreso la carriera artistica nel Coro [&hellip;]","og_url":"https:\/\/www.teatrodomma.it\/?p=1005","og_site_name":"Teatro Domma","article_publisher":"https:\/\/www.facebook.com\/p\/Teatro-Domma-61556981831878\/?locale=it_IT","article_published_time":"2020-05-11T17:01:28+00:00","og_image":[{"width":700,"height":861,"url":"https:\/\/www.teatrodomma.it\/wp-content\/uploads\/2020\/05\/cds-daniele-adriani-tenore-lirico-1_bn.jpg","type":"image\/jpeg"}],"author":"Margherita De Donato","twitter_card":"summary_large_image","twitter_misc":{"Scritto da":"Margherita De Donato","Tempo di lettura stimato":"7 minuti"},"schema":{"@context":"https:\/\/schema.org","@graph":[{"@type":"Article","@id":"https:\/\/www.teatrodomma.it\/?p=1005#article","isPartOf":{"@id":"https:\/\/www.teatrodomma.it\/?p=1005"},"author":{"name":"Margherita De Donato","@id":"https:\/\/www.teatrodomma.it\/#\/schema\/person\/8a1f09bf4c695307c8aef38d93aa0e84"},"headline":"Un &#8220;do di petto&#8221;di&#8230;Daniele Adriani","datePublished":"2020-05-11T17:01:28+00:00","mainEntityOfPage":{"@id":"https:\/\/www.teatrodomma.it\/?p=1005"},"wordCount":1451,"publisher":{"@id":"https:\/\/www.teatrodomma.it\/#organization"},"image":{"@id":"https:\/\/www.teatrodomma.it\/?p=1005#primaryimage"},"thumbnailUrl":"https:\/\/www.teatrodomma.it\/wp-content\/uploads\/2020\/05\/cds-daniele-adriani-tenore-lirico-1_bn.jpg","keywords":["Daniele Adriani","lirica","teatro","tenore"],"articleSection":["Compagni di Scena","Interviste"],"inLanguage":"it-IT"},{"@type":"WebPage","@id":"https:\/\/www.teatrodomma.it\/?p=1005","url":"https:\/\/www.teatrodomma.it\/?p=1005","name":"Un \"do di petto\"di...Daniele Adriani - Teatro Domma","isPartOf":{"@id":"https:\/\/www.teatrodomma.it\/#website"},"primaryImageOfPage":{"@id":"https:\/\/www.teatrodomma.it\/?p=1005#primaryimage"},"image":{"@id":"https:\/\/www.teatrodomma.it\/?p=1005#primaryimage"},"thumbnailUrl":"https:\/\/www.teatrodomma.it\/wp-content\/uploads\/2020\/05\/cds-daniele-adriani-tenore-lirico-1_bn.jpg","datePublished":"2020-05-11T17:01:28+00:00","breadcrumb":{"@id":"https:\/\/www.teatrodomma.it\/?p=1005#breadcrumb"},"inLanguage":"it-IT","potentialAction":[{"@type":"ReadAction","target":["https:\/\/www.teatrodomma.it\/?p=1005"]}]},{"@type":"ImageObject","inLanguage":"it-IT","@id":"https:\/\/www.teatrodomma.it\/?p=1005#primaryimage","url":"https:\/\/www.teatrodomma.it\/wp-content\/uploads\/2020\/05\/cds-daniele-adriani-tenore-lirico-1_bn.jpg","contentUrl":"https:\/\/www.teatrodomma.it\/wp-content\/uploads\/2020\/05\/cds-daniele-adriani-tenore-lirico-1_bn.jpg","width":700,"height":861},{"@type":"BreadcrumbList","@id":"https:\/\/www.teatrodomma.it\/?p=1005#breadcrumb","itemListElement":[{"@type":"ListItem","position":1,"name":"Home","item":"https:\/\/www.teatrodomma.it\/"},{"@type":"ListItem","position":2,"name":"Un &#8220;do di petto&#8221;di&#8230;Daniele Adriani"}]},{"@type":"WebSite","@id":"https:\/\/www.teatrodomma.it\/#website","url":"https:\/\/www.teatrodomma.it\/","name":"Teatro Domma","description":"","publisher":{"@id":"https:\/\/www.teatrodomma.it\/#organization"},"potentialAction":[{"@type":"SearchAction","target":{"@type":"EntryPoint","urlTemplate":"https:\/\/www.teatrodomma.it\/?s={search_term_string}"},"query-input":{"@type":"PropertyValueSpecification","valueRequired":true,"valueName":"search_term_string"}}],"inLanguage":"it-IT"},{"@type":"Organization","@id":"https:\/\/www.teatrodomma.it\/#organization","name":"Teatro Domma","url":"https:\/\/www.teatrodomma.it\/","logo":{"@type":"ImageObject","inLanguage":"it-IT","@id":"https:\/\/www.teatrodomma.it\/#\/schema\/logo\/image\/","url":"https:\/\/www.teatrodomma.it\/wp-content\/uploads\/2025\/01\/LOGOICON-edited-2.png","contentUrl":"https:\/\/www.teatrodomma.it\/wp-content\/uploads\/2025\/01\/LOGOICON-edited-2.png","width":510,"height":287,"caption":"Teatro Domma"},"image":{"@id":"https:\/\/www.teatrodomma.it\/#\/schema\/logo\/image\/"},"sameAs":["https:\/\/www.facebook.com\/p\/Teatro-Domma-61556981831878\/?locale=it_IT","https:\/\/www.instagram.com\/teatro_domma\/"]},{"@type":"Person","@id":"https:\/\/www.teatrodomma.it\/#\/schema\/person\/8a1f09bf4c695307c8aef38d93aa0e84","name":"Margherita De Donato","image":{"@type":"ImageObject","inLanguage":"it-IT","@id":"https:\/\/www.teatrodomma.it\/#\/schema\/person\/image\/","url":"https:\/\/secure.gravatar.com\/avatar\/0fbebb2201a984022de9f07361f7fe88cb7fcefd6be5e33abf5559102ec20088?s=96&d=mm&r=g","contentUrl":"https:\/\/secure.gravatar.com\/avatar\/0fbebb2201a984022de9f07361f7fe88cb7fcefd6be5e33abf5559102ec20088?s=96&d=mm&r=g","caption":"Margherita De Donato"},"url":"https:\/\/www.teatrodomma.it\/?author=3"}]}},"_links":{"self":[{"href":"https:\/\/www.teatrodomma.it\/index.php?rest_route=\/wp\/v2\/posts\/1005","targetHints":{"allow":["GET"]}}],"collection":[{"href":"https:\/\/www.teatrodomma.it\/index.php?rest_route=\/wp\/v2\/posts"}],"about":[{"href":"https:\/\/www.teatrodomma.it\/index.php?rest_route=\/wp\/v2\/types\/post"}],"author":[{"embeddable":true,"href":"https:\/\/www.teatrodomma.it\/index.php?rest_route=\/wp\/v2\/users\/3"}],"replies":[{"embeddable":true,"href":"https:\/\/www.teatrodomma.it\/index.php?rest_route=%2Fwp%2Fv2%2Fcomments&post=1005"}],"version-history":[{"count":0,"href":"https:\/\/www.teatrodomma.it\/index.php?rest_route=\/wp\/v2\/posts\/1005\/revisions"}],"wp:featuredmedia":[{"embeddable":true,"href":"https:\/\/www.teatrodomma.it\/index.php?rest_route=\/wp\/v2\/media\/1947"}],"wp:attachment":[{"href":"https:\/\/www.teatrodomma.it\/index.php?rest_route=%2Fwp%2Fv2%2Fmedia&parent=1005"}],"wp:term":[{"taxonomy":"category","embeddable":true,"href":"https:\/\/www.teatrodomma.it\/index.php?rest_route=%2Fwp%2Fv2%2Fcategories&post=1005"},{"taxonomy":"post_tag","embeddable":true,"href":"https:\/\/www.teatrodomma.it\/index.php?rest_route=%2Fwp%2Fv2%2Ftags&post=1005"}],"curies":[{"name":"wp","href":"https:\/\/api.w.org\/{rel}","templated":true}]}}