{"id":10452,"date":"2023-03-06T11:04:43","date_gmt":"2023-03-06T10:04:43","guid":{"rendered":"https:\/\/www.teatrodomma.it\/?p=10452"},"modified":"2023-03-06T11:04:43","modified_gmt":"2023-03-06T10:04:43","slug":"gregory-ovvero-siamo-tutti-unici","status":"publish","type":"post","link":"https:\/\/www.teatrodomma.it\/?p=10452","title":{"rendered":"GREGORY, ovvero, siamo tutti unici"},"content":{"rendered":"\n<p class=\"has-background-dark-background-color has-background\"><em>&#8220;GREGORY: una storia di famiglia&#8221; &#8211; in scena il 25 marzo al Teatro Domma  &#8211; \u00e8 un testo di Veronica Liberale, che porta a riflettere sull&#8217;inconsistenza che si cela dietro il concetto di normalit\u00e0.<\/em> <em>Per la famiglia di Gregory e per tutte le famiglie &#8216;normali&#8217;, la normalit\u00e0 \u00e8 rappresentata da una societ\u00e0 che accoglie ogni &#8216;diversit\u00e0&#8217;. Perch\u00e9 pi\u00f9 che di normalit\u00e0 e diversit\u00e0, si deve parlare di unicit\u00e0.<\/em><\/p>\n\n\n\n<p><strong>Lo spettacolo affronta con delicatezza, profondit\u00e0 e consapevolezza il tema dell\u2019autismo<\/strong>, una sindrome difficile da comprendere e da descrivere. <\/p>\n\n\n\n<p><strong>E&#8217; il 1999, ci troviamo in un quartiere popolare di Roma: la nascita di Francesco <\/strong>(detto <strong><em>Gregory<\/em><\/strong>, come la nonna sceglie di chiamarlo)<strong> cambia la vita della famiglia Puracchio. E&#8217; un bambino &#8216;diverso&#8217; con le sue caratteristiche e il suo modo &#8216;speciale&#8217; di relazionarsi<\/strong>. L&#8217;evento scatena<strong> <\/strong>nella quotidianit\u00e0 <strong>difficolt\u00e0 oggettive<\/strong>  (dalla diagnosi alle terapie costose), mettendo anche in luce <strong>aspettative mancate<\/strong>, <strong>tensioni sopite, paure nascoste<\/strong>.<\/p>\n\n\n\n<p><strong>I genitori del piccolo, Adriano e Tamara, <strong>al pari <strong><strong>della zia Fiorella<\/strong><\/strong> e dei nonni paterni (<strong><strong>Luciana &#8211; appassionata di <em>Gregory Peck<\/em><\/strong><\/strong><\/strong> &#8211;<\/strong> <strong>e<\/strong> <strong><strong>Maurizio, detto &#8220;Burgari&#8221; per i prezzi esorbitanti che impone ai suoi clienti nella ferramenta di famiglia)<\/strong>, sono persone comuni, semplici<\/strong>, con le loro miserie e grandezze umane, <strong>che si trovano ad affrontare a proprie spese il percorso di consapevolezza<\/strong> circa la condizione del bambino, riuscendo con il tempo ad acquisire gli strumenti adeguati.<\/p>\n\n\n\n<p><strong>Se la giovane mamma Tamara accoglie Francesco\/Gregory e non lo cambierebbe per nessun altro bambino, il pap\u00e0 Adriano, pi\u00f9 superficiale, si ritrova disorientato<\/strong> di fronte al figlio che, crescendo, \u00e8 totalmente indifferente rispetto al calciare un pallone. <strong>Ma, supportato dal temperamento forte della moglie, arriver\u00e0 a dire<\/strong>: <em>\u201cUn figlio autistico non \u00e8 una punizione, non \u00e8 un dono, non \u00e8 un\u2019opportunit\u00e0, \u00e8 un figlio e basta!\u201d<\/em> <strong>e per lui si trasformer\u00e0 in allenatore di sport integrato.<\/strong><\/p>\n\n\n\n<p class=\"has-text-align-center\"><strong><a href=\"https:\/\/www.facebook.com\/1458410732\/posts\/10225343428640216\/\" target=\"_blank\" rel=\"noreferrer noopener\">IL TRAILER DELLO SPETTACOLO<\/a><\/strong><\/p>\n\n\n\n<figure class=\"wp-block-image size-large\"><img decoding=\"async\" src=\"https:\/\/www.teatrodomma.it\/wp-content\/uploads\/2022\/12\/GREGORY_Stella-e-Pausilli-in-scena_2-1024x585.jpg\" alt=\"\" class=\"wp-image-10465\"\/><figcaption><em><strong><em><strong><em><a href=\"https:\/\/www.facebook.com\/francesco.stella.10?paipv=0&amp;eav=AfZ_hpNPu5FDrlXLpd4o-hTgL_QTCNCQnoWfP1S5ml1qCFjq_KDf8JBHbYMdmdidCU8\" target=\"_blank\" rel=\"noreferrer noopener\">Francesco Stella<\/a><\/em><\/strong> <\/em>(\u00e8 Adriano, il padre di Gregory) con<a href=\"https:\/\/www.facebook.com\/francesca.pausilli.1?paipv=0&amp;eav=AfZrNe-sSw39jEcpqecdEW76PHdd9tLy-6yN8EHPcMqefWBJys-uF3yEte9RDqzwAms\" target=\"_blank\" rel=\"noreferrer noopener\"> <em><strong>Francesca Pausilli<\/strong><\/em> <\/a>(la madre Tamara)<\/strong><\/em><\/figcaption><\/figure>\n\n\n\n<p class=\"has-background-dark-background-color has-background\"><strong>Gregory diventa il collante della famiglia, donandole una profondit\u00e0 di vita completamente nuova.<\/strong><\/p>\n\n\n\n<p><strong>Dopo forte sofferenza e senso di smarrimento, in famiglia si genera una normale e serena quotidianit\u00e0<\/strong>, <strong>in cui la <\/strong><em>&#8216;diversit\u00e0&#8217;<\/em><strong> \u00e8 vissuta con<\/strong> <em>&#8216;normalit\u00e0&#8217;<\/em> <strong>o, meglio ancora, come fonte di ricchezza.<\/strong><\/p>\n\n\n\n<p class=\"has-text-align-center has-background-dark-background-color has-background\"> <strong>PRENOTA<\/strong> <strong>il 25 marzo 2023 al TEATRO DOMMA<\/strong>: <strong>3286077138 e<\/strong> <strong><a href=\"https:\/\/www.i-ticket.it\/eventi\/gregory-teatro-domma-roma-25-03-biglietti\" target=\"_blank\" rel=\"noreferrer noopener\">ON LINE<\/a><\/strong><\/p>\n\n\n\n<figure class=\"wp-block-image size-large\"><img decoding=\"async\" src=\"https:\/\/www.teatrodomma.it\/wp-content\/uploads\/2023\/03\/GREGORY_cast-in-scena-1-1024x768.jpg\" alt=\"\" class=\"wp-image-12550\"\/><figcaption><em><strong> Foto<\/strong> <strong>di scena al Teatro de&#8217; Servi nel 2022<\/strong><\/em><\/figcaption><\/figure>\n\n\n\n<figure class=\"wp-block-image size-large\"><img decoding=\"async\" src=\"https:\/\/www.teatrodomma.it\/wp-content\/uploads\/2023\/03\/GREGORY_Francesco-De-Rosa_in-scena-1024x577.jpg\" alt=\"\" class=\"wp-image-12478\"\/><figcaption><em><strong>Francesco De Rosa \u00e8 Francesco detto Gregory e per esteso Francesco &#8216;Roberto Paolo Falcao&#8217; Gregory Puracchio (&#8230;il padre Adriano \u00e8 tifoso romanista!). &#8220;Nonna Luciana mi ha sempre chiamato Gregory e a me questo nome piace molto, ma non ditelo a mia madre mi raccomando.&#8221;<\/strong><\/em><\/figcaption><\/figure>\n\n\n\n<p class=\"has-text-align-center has-background-dark-background-color has-background\"><strong>IL CAST<\/strong><\/p>\n\n\n\n<p><strong>Il ruolo di Gregory \u00e8 interpretato dal diciottenne<\/strong> <strong><em><a href=\"https:\/\/www.facebook.com\/1631222765\/videos\/pcb.10225131141218924\/1239219849949279?locale=it_IT\" target=\"_blank\" rel=\"noreferrer noopener\">Francesco De Rosa<\/a><\/em><\/strong>, a sua volta affetto dalla sindrome di Asperger; il giovane attore protagonista \u00e8 appassionato di rock\/jazz\/blues, compone musica e testi insieme al padre, oltre a suonare la chitarra elettrica e altri strumenti. <strong>Nello spettacolo fa da voce narrante:<\/strong> seduto su uno sgabello nella parte laterale della scena, racconta il suo essere &#8216;diverso&#8217; ed il rapporto con i familiari, <strong>attraverso le note delle canzoni dei Pink Floyd<\/strong>. La musica \u00e8 per lui un\u2019arma di difesa per evadere da una societ\u00e0 che non accoglie e, al tempo stesso, \u00e8 lo strumento per affrontare il mondo e far capire il proprio modo di sentire e di vedere le cose.<\/p>\n\n\n\n<p>Nella parte centrale della scena dove si svolge la commedia, si muovono<strong> gli altri interpreti:  <em><a href=\"https:\/\/www.teatrodomma.it\/blog\/homepage\/123-stella\/\" target=\"_blank\" rel=\"noreferrer noopener\">Francesco Stella<\/a><\/em><\/strong> <em>(il pap\u00e0 Adriano)<\/em>, <em><strong><a href=\"https:\/\/www.teatrodomma.it\/blog\/interviste\/dal-diario-fotografico-di-francesca-pausilli-nel-ruolo-della-mamma-in-gregory\/\" target=\"_blank\" rel=\"noreferrer noopener\">Francesca Pausilli<\/a><\/strong><\/em> <em>(la mamma Tamara<\/em>), <em><strong><strong><a href=\"https:\/\/www.facebook.com\/armando.puccio?paipv=0&amp;eav=AfZDL9AaeSZfKFRMBnbZNyq_DA_yvzvoNI53DUseDnIJmJGqcvH6eMtZYFu4o8D3CmM\" target=\"_blank\" rel=\"noreferrer noopener\">Armando Puccio<\/a><\/strong><\/strong><\/em> <em>(il nonno Maurizio<\/em>), <em><strong><a href=\"https:\/\/www.facebook.com\/stefania.polentini?paipv=0&amp;eav=AfbIumkYqf11aqRiZTQlq19s_TYNxaZrb_Ohb06t7BLyCAgcs_SH1ZBp25cFLXtW4Mw\" target=\"_blank\" rel=\"noreferrer noopener\">Stefania Polentini<\/a><\/strong>\u00a0<\/em> <em>(la nonna Luciana)<\/em> e l&#8217;autrice-attrice\u00a0<em><strong><a href=\"https:\/\/www.facebook.com\/veronica.liberale.7\">V<\/a><\/strong><\/em><strong><em><a href=\"https:\/\/www.facebook.com\/veronica.liberale.7\">eronica Liberale<\/a><\/em><\/strong> <em>(la zia Fiorella)<\/em>. <strong>All\u2019inizio della narrazione tutti i personaggi vengono presentati<\/strong> &#8211; e quindi \u201cdefiniti\u201d-<strong> da un altro personaggio<\/strong>: forse perch\u00e9 \u00e8 attraverso lo sguardo dell\u2019altro che esistiamo. <strong>Sempre tutti in scena, i protagonisti sono \u201cinquadrati\u201d di volta in volta grazie a scelte tecniche semplici ma efficaci.<\/strong> <strong>Regia di <em>Nicola Pistoia<\/em>. Aiuto regia: <em><a href=\"https:\/\/www.facebook.com\/loredana.piedimonte\/?locale=it_IT\" target=\"_blank\" rel=\"noreferrer noopener\">Loredana Piedimonte<\/a><\/em>.<\/strong> <strong>Social Media Manager:<\/strong> <strong><em><a href=\"https:\/\/www.facebook.com\/elena.tomei2\" target=\"_blank\" rel=\"noreferrer noopener\">Elena Tomei<\/a><\/em><\/strong> (vedi la <a href=\"https:\/\/www.facebook.com\/gregoryunastoriadifamiglia\" target=\"_blank\" rel=\"noreferrer noopener\">pagina di Gregory su Facebook<\/a>).<\/p>\n\n\n\n<p class=\"has-background-dark-background-color has-background\"><strong>Rifuggendo da qualsiasi tipo di pietismo e retorica<\/strong>, l&#8217;autrice-attrice Veronica Liberale parla dell&#8217;argomento <strong>con cognizione di causa<\/strong> <em>(\u00e8 lei stessa mamma di un bambino autistico)<\/em>, <strong>usando il linguaggio della commedia<\/strong>.<\/p>\n\n\n\n<p><strong>In scena la realt\u00e0 quotidiana, le aspettative deluse e la forza della famiglia, che \u00e8 un po&#8217; la famiglia di ognuno di noi.<\/strong><\/p>\n\n\n\n<figure class=\"wp-block-image size-large\"><img loading=\"lazy\" decoding=\"async\" width=\"899\" height=\"677\" src=\"http:\/\/test.teatrodomma.it\/wp-content\/uploads\/2022\/12\/GREGORY_attori-in-scena.jpg\" alt=\"\" class=\"wp-image-10460\" srcset=\"https:\/\/www.teatrodomma.it\/wp-content\/uploads\/2022\/12\/GREGORY_attori-in-scena.jpg 899w, https:\/\/www.teatrodomma.it\/wp-content\/uploads\/2022\/12\/GREGORY_attori-in-scena-300x226.jpg 300w, https:\/\/www.teatrodomma.it\/wp-content\/uploads\/2022\/12\/GREGORY_attori-in-scena-768x578.jpg 768w, https:\/\/www.teatrodomma.it\/wp-content\/uploads\/2022\/12\/GREGORY_attori-in-scena-200x151.jpg 200w\" sizes=\"(max-width: 899px) 100vw, 899px\" \/><figcaption><strong><em>Nel 2022 in scena al <\/em><\/strong><em style=\"font-weight: bold;\">Teatro de&#8217; Servi:<\/em> <em><strong>Stefania Polentini<\/strong>, <strong>Francesco Stella<\/strong>, <strong>Francesca Pausilli e Veronica Liberale<\/strong><\/em><\/figcaption><\/figure>\n\n\n\n<p class=\"has-text-align-center has-background-dark-background-color has-background\"><strong>L&#8217;intento \u00e8 sensibilizzare l&#8217;opinione pubblica e far riflettere, donando un sorriso.<\/strong><\/p>\n\n\n\n<p><strong><strong>Per poter materialmente allestire lo spettacolo, i<\/strong>n mancanza di una produzione <\/strong>(a causa della grave crisi che ha colpito il mondo del teatro durante la pandemia), <strong>l&#8217;autrice aveva fatto appello su <a href=\"https:\/\/www.gofundme.com\/f\/gregory-una-storia-di-famiglia?utm_campaign=p_cf+share-flow-1&amp;utm_medium=chat&amp;utm_source=whatsapp\" target=\"_blank\" rel=\"noreferrer noopener\">gofundme<\/a> a chiunque avesse voluto dare un contributo economico per coprire le spese vive.<\/strong> Fortunatamente la richiesta ha avuto successo<strong> e cos\u00ec <a href=\"https:\/\/teatroservi.it\/prosa\/stagione-prosa-2021-2022\/gregory-una-storia-di-famiglia\" target=\"_blank\" rel=\"noreferrer noopener\">&#8220;Gregory&#8221; nel marzo 2022 ha debuttato al Teatro de&#8217; Servi per tornarvi in scena a dicembre dello stesso anno<\/a>.<\/strong><\/p>\n\n\n\n<p class=\"has-text-align-center has-background-dark-background-color has-background\"><strong>E\u2019 raro trovare commedie che vanno dritte al cuore come fa &#8220;GREGORY&#8221;<\/strong>.<\/p>\n\n\n\n<p class=\"has-text-align-center\"><strong>il 25 marzo 2023 al TEATRO DOMMA<\/strong><\/p>\n\n\n\n<p class=\"has-text-align-center\"><strong>Prenotazioni al botteghino (telefonando dal Lun al Ven 16:00 &#8211; 20:00 oppure inviando sms e WApp al 3286077138) e anche su<a href=\"https:\/\/www.i-ticket.it\/eventi\/gregory-teatro-domma-roma-25-03-biglietti\" target=\"_blank\" rel=\"noreferrer noopener\"> iTicket<\/a><\/strong><\/p>\n\n\n\n<p class=\"has-text-align-center\"><strong>VI ASPETTIAMO<\/strong>!<\/p>\n\n\n\n<p class=\"has-text-align-center has-background-dark-background-color has-background\"> <strong>IL TEATRO UNISCE, ACCOGLIE, CREA, INSEGNA, GUARISCE<\/strong><\/p>\n","protected":false},"excerpt":{"rendered":"<p>&#8220;GREGORY: una storia di famiglia&#8221; &#8211; in scena il 25 marzo al Teatro Domma &#8211; \u00e8 un testo di Veronica Liberale, che porta a riflettere sull&#8217;inconsistenza che si cela dietro il concetto di normalit\u00e0. Per la famiglia di Gregory e per tutte le famiglie &#8216;normali&#8217;, la normalit\u00e0 \u00e8 rappresentata da una societ\u00e0 che accoglie ogni [&hellip;]<\/p>\n","protected":false},"author":3,"featured_media":6686,"comment_status":"closed","ping_status":"open","sticky":false,"template":"","format":"standard","meta":{"saved_in_kubio":false,"footnotes":""},"categories":[14],"tags":[342,343,299,344,249,345],"class_list":{"0":"post-10452","1":"post","2":"type-post","3":"status-publish","4":"format-standard","5":"has-post-thumbnail","6":"hentry","7":"category-recensioni","8":"tag-antonia-di-francesco","9":"tag-francesca-pausilli","10":"tag-francesco-stella","11":"tag-gregory-una-storia-di-famiglia","12":"tag-nicola-pistoia","13":"tag-veronica-liberale","15":"post-with-thumbnail","16":"post-with-thumbnail-large"},"yoast_head":"<!-- This site is optimized with the Yoast SEO plugin v25.8 - https:\/\/yoast.com\/wordpress\/plugins\/seo\/ -->\n<title>GREGORY, ovvero, siamo tutti unici - Teatro Domma<\/title>\n<meta name=\"robots\" content=\"index, follow, max-snippet:-1, max-image-preview:large, max-video-preview:-1\" \/>\n<link rel=\"canonical\" href=\"https:\/\/www.teatrodomma.it\/?p=10452\" \/>\n<meta property=\"og:locale\" content=\"it_IT\" \/>\n<meta property=\"og:type\" content=\"article\" \/>\n<meta property=\"og:title\" content=\"GREGORY, ovvero, siamo tutti unici - Teatro Domma\" \/>\n<meta property=\"og:description\" content=\"&#8220;GREGORY: una storia di famiglia&#8221; &#8211; in scena il 25 marzo al Teatro Domma &#8211; \u00e8 un testo di Veronica Liberale, che porta a riflettere sull&#8217;inconsistenza che si cela dietro il concetto di normalit\u00e0. Per la famiglia di Gregory e per tutte le famiglie &#8216;normali&#8217;, la normalit\u00e0 \u00e8 rappresentata da una societ\u00e0 che accoglie ogni [&hellip;]\" \/>\n<meta property=\"og:url\" content=\"https:\/\/www.teatrodomma.it\/?p=10452\" \/>\n<meta property=\"og:site_name\" content=\"Teatro Domma\" \/>\n<meta property=\"article:publisher\" content=\"https:\/\/www.facebook.com\/p\/Teatro-Domma-61556981831878\/?locale=it_IT\" \/>\n<meta property=\"article:published_time\" content=\"2023-03-06T10:04:43+00:00\" \/>\n<meta property=\"og:image\" content=\"https:\/\/www.teatrodomma.it\/wp-content\/uploads\/2022\/10\/Gregory_25032023.jpg\" \/>\n\t<meta property=\"og:image:width\" content=\"831\" \/>\n\t<meta property=\"og:image:height\" content=\"453\" \/>\n\t<meta property=\"og:image:type\" content=\"image\/jpeg\" \/>\n<meta name=\"author\" content=\"Margherita De Donato\" \/>\n<meta name=\"twitter:card\" content=\"summary_large_image\" \/>\n<meta name=\"twitter:label1\" content=\"Scritto da\" \/>\n\t<meta name=\"twitter:data1\" content=\"Margherita De Donato\" \/>\n\t<meta name=\"twitter:label2\" content=\"Tempo di lettura stimato\" \/>\n\t<meta name=\"twitter:data2\" content=\"5 minuti\" \/>\n<script type=\"application\/ld+json\" class=\"yoast-schema-graph\">{\"@context\":\"https:\/\/schema.org\",\"@graph\":[{\"@type\":\"Article\",\"@id\":\"https:\/\/www.teatrodomma.it\/?p=10452#article\",\"isPartOf\":{\"@id\":\"https:\/\/www.teatrodomma.it\/?p=10452\"},\"author\":{\"name\":\"Margherita De Donato\",\"@id\":\"https:\/\/www.teatrodomma.it\/#\/schema\/person\/8a1f09bf4c695307c8aef38d93aa0e84\"},\"headline\":\"GREGORY, ovvero, siamo tutti unici\",\"datePublished\":\"2023-03-06T10:04:43+00:00\",\"mainEntityOfPage\":{\"@id\":\"https:\/\/www.teatrodomma.it\/?p=10452\"},\"wordCount\":851,\"publisher\":{\"@id\":\"https:\/\/www.teatrodomma.it\/#organization\"},\"image\":{\"@id\":\"https:\/\/www.teatrodomma.it\/?p=10452#primaryimage\"},\"thumbnailUrl\":\"https:\/\/www.teatrodomma.it\/wp-content\/uploads\/2022\/10\/Gregory_25032023.jpg\",\"keywords\":[\"Antonia Di Francesco\",\"Francesca Pausilli\",\"Francesco Stella\",\"Gregory - Una storia di famiglia\",\"nicola pistoia\",\"Veronica Liberale\"],\"articleSection\":[\"Recensioni\"],\"inLanguage\":\"it-IT\"},{\"@type\":\"WebPage\",\"@id\":\"https:\/\/www.teatrodomma.it\/?p=10452\",\"url\":\"https:\/\/www.teatrodomma.it\/?p=10452\",\"name\":\"GREGORY, ovvero, siamo tutti unici - Teatro Domma\",\"isPartOf\":{\"@id\":\"https:\/\/www.teatrodomma.it\/#website\"},\"primaryImageOfPage\":{\"@id\":\"https:\/\/www.teatrodomma.it\/?p=10452#primaryimage\"},\"image\":{\"@id\":\"https:\/\/www.teatrodomma.it\/?p=10452#primaryimage\"},\"thumbnailUrl\":\"https:\/\/www.teatrodomma.it\/wp-content\/uploads\/2022\/10\/Gregory_25032023.jpg\",\"datePublished\":\"2023-03-06T10:04:43+00:00\",\"breadcrumb\":{\"@id\":\"https:\/\/www.teatrodomma.it\/?p=10452#breadcrumb\"},\"inLanguage\":\"it-IT\",\"potentialAction\":[{\"@type\":\"ReadAction\",\"target\":[\"https:\/\/www.teatrodomma.it\/?p=10452\"]}]},{\"@type\":\"ImageObject\",\"inLanguage\":\"it-IT\",\"@id\":\"https:\/\/www.teatrodomma.it\/?p=10452#primaryimage\",\"url\":\"https:\/\/www.teatrodomma.it\/wp-content\/uploads\/2022\/10\/Gregory_25032023.jpg\",\"contentUrl\":\"https:\/\/www.teatrodomma.it\/wp-content\/uploads\/2022\/10\/Gregory_25032023.jpg\",\"width\":831,\"height\":453},{\"@type\":\"BreadcrumbList\",\"@id\":\"https:\/\/www.teatrodomma.it\/?p=10452#breadcrumb\",\"itemListElement\":[{\"@type\":\"ListItem\",\"position\":1,\"name\":\"Home\",\"item\":\"https:\/\/www.teatrodomma.it\/\"},{\"@type\":\"ListItem\",\"position\":2,\"name\":\"GREGORY, ovvero, siamo tutti unici\"}]},{\"@type\":\"WebSite\",\"@id\":\"https:\/\/www.teatrodomma.it\/#website\",\"url\":\"https:\/\/www.teatrodomma.it\/\",\"name\":\"Teatro Domma\",\"description\":\"\",\"publisher\":{\"@id\":\"https:\/\/www.teatrodomma.it\/#organization\"},\"potentialAction\":[{\"@type\":\"SearchAction\",\"target\":{\"@type\":\"EntryPoint\",\"urlTemplate\":\"https:\/\/www.teatrodomma.it\/?s={search_term_string}\"},\"query-input\":{\"@type\":\"PropertyValueSpecification\",\"valueRequired\":true,\"valueName\":\"search_term_string\"}}],\"inLanguage\":\"it-IT\"},{\"@type\":\"Organization\",\"@id\":\"https:\/\/www.teatrodomma.it\/#organization\",\"name\":\"Teatro Domma\",\"url\":\"https:\/\/www.teatrodomma.it\/\",\"logo\":{\"@type\":\"ImageObject\",\"inLanguage\":\"it-IT\",\"@id\":\"https:\/\/www.teatrodomma.it\/#\/schema\/logo\/image\/\",\"url\":\"https:\/\/www.teatrodomma.it\/wp-content\/uploads\/2025\/01\/LOGOICON-edited-2.png\",\"contentUrl\":\"https:\/\/www.teatrodomma.it\/wp-content\/uploads\/2025\/01\/LOGOICON-edited-2.png\",\"width\":510,\"height\":287,\"caption\":\"Teatro Domma\"},\"image\":{\"@id\":\"https:\/\/www.teatrodomma.it\/#\/schema\/logo\/image\/\"},\"sameAs\":[\"https:\/\/www.facebook.com\/p\/Teatro-Domma-61556981831878\/?locale=it_IT\",\"https:\/\/www.instagram.com\/teatro_domma\/\"]},{\"@type\":\"Person\",\"@id\":\"https:\/\/www.teatrodomma.it\/#\/schema\/person\/8a1f09bf4c695307c8aef38d93aa0e84\",\"name\":\"Margherita De Donato\",\"image\":{\"@type\":\"ImageObject\",\"inLanguage\":\"it-IT\",\"@id\":\"https:\/\/www.teatrodomma.it\/#\/schema\/person\/image\/\",\"url\":\"https:\/\/secure.gravatar.com\/avatar\/0fbebb2201a984022de9f07361f7fe88cb7fcefd6be5e33abf5559102ec20088?s=96&d=mm&r=g\",\"contentUrl\":\"https:\/\/secure.gravatar.com\/avatar\/0fbebb2201a984022de9f07361f7fe88cb7fcefd6be5e33abf5559102ec20088?s=96&d=mm&r=g\",\"caption\":\"Margherita De Donato\"},\"url\":\"https:\/\/www.teatrodomma.it\/?author=3\"}]}<\/script>\n<!-- \/ Yoast SEO plugin. -->","yoast_head_json":{"title":"GREGORY, ovvero, siamo tutti unici - Teatro Domma","robots":{"index":"index","follow":"follow","max-snippet":"max-snippet:-1","max-image-preview":"max-image-preview:large","max-video-preview":"max-video-preview:-1"},"canonical":"https:\/\/www.teatrodomma.it\/?p=10452","og_locale":"it_IT","og_type":"article","og_title":"GREGORY, ovvero, siamo tutti unici - Teatro Domma","og_description":"&#8220;GREGORY: una storia di famiglia&#8221; &#8211; in scena il 25 marzo al Teatro Domma &#8211; \u00e8 un testo di Veronica Liberale, che porta a riflettere sull&#8217;inconsistenza che si cela dietro il concetto di normalit\u00e0. Per la famiglia di Gregory e per tutte le famiglie &#8216;normali&#8217;, la normalit\u00e0 \u00e8 rappresentata da una societ\u00e0 che accoglie ogni [&hellip;]","og_url":"https:\/\/www.teatrodomma.it\/?p=10452","og_site_name":"Teatro Domma","article_publisher":"https:\/\/www.facebook.com\/p\/Teatro-Domma-61556981831878\/?locale=it_IT","article_published_time":"2023-03-06T10:04:43+00:00","og_image":[{"width":831,"height":453,"url":"https:\/\/www.teatrodomma.it\/wp-content\/uploads\/2022\/10\/Gregory_25032023.jpg","type":"image\/jpeg"}],"author":"Margherita De Donato","twitter_card":"summary_large_image","twitter_misc":{"Scritto da":"Margherita De Donato","Tempo di lettura stimato":"5 minuti"},"schema":{"@context":"https:\/\/schema.org","@graph":[{"@type":"Article","@id":"https:\/\/www.teatrodomma.it\/?p=10452#article","isPartOf":{"@id":"https:\/\/www.teatrodomma.it\/?p=10452"},"author":{"name":"Margherita De Donato","@id":"https:\/\/www.teatrodomma.it\/#\/schema\/person\/8a1f09bf4c695307c8aef38d93aa0e84"},"headline":"GREGORY, ovvero, siamo tutti unici","datePublished":"2023-03-06T10:04:43+00:00","mainEntityOfPage":{"@id":"https:\/\/www.teatrodomma.it\/?p=10452"},"wordCount":851,"publisher":{"@id":"https:\/\/www.teatrodomma.it\/#organization"},"image":{"@id":"https:\/\/www.teatrodomma.it\/?p=10452#primaryimage"},"thumbnailUrl":"https:\/\/www.teatrodomma.it\/wp-content\/uploads\/2022\/10\/Gregory_25032023.jpg","keywords":["Antonia Di Francesco","Francesca Pausilli","Francesco Stella","Gregory - Una storia di famiglia","nicola pistoia","Veronica Liberale"],"articleSection":["Recensioni"],"inLanguage":"it-IT"},{"@type":"WebPage","@id":"https:\/\/www.teatrodomma.it\/?p=10452","url":"https:\/\/www.teatrodomma.it\/?p=10452","name":"GREGORY, ovvero, siamo tutti unici - Teatro Domma","isPartOf":{"@id":"https:\/\/www.teatrodomma.it\/#website"},"primaryImageOfPage":{"@id":"https:\/\/www.teatrodomma.it\/?p=10452#primaryimage"},"image":{"@id":"https:\/\/www.teatrodomma.it\/?p=10452#primaryimage"},"thumbnailUrl":"https:\/\/www.teatrodomma.it\/wp-content\/uploads\/2022\/10\/Gregory_25032023.jpg","datePublished":"2023-03-06T10:04:43+00:00","breadcrumb":{"@id":"https:\/\/www.teatrodomma.it\/?p=10452#breadcrumb"},"inLanguage":"it-IT","potentialAction":[{"@type":"ReadAction","target":["https:\/\/www.teatrodomma.it\/?p=10452"]}]},{"@type":"ImageObject","inLanguage":"it-IT","@id":"https:\/\/www.teatrodomma.it\/?p=10452#primaryimage","url":"https:\/\/www.teatrodomma.it\/wp-content\/uploads\/2022\/10\/Gregory_25032023.jpg","contentUrl":"https:\/\/www.teatrodomma.it\/wp-content\/uploads\/2022\/10\/Gregory_25032023.jpg","width":831,"height":453},{"@type":"BreadcrumbList","@id":"https:\/\/www.teatrodomma.it\/?p=10452#breadcrumb","itemListElement":[{"@type":"ListItem","position":1,"name":"Home","item":"https:\/\/www.teatrodomma.it\/"},{"@type":"ListItem","position":2,"name":"GREGORY, ovvero, siamo tutti unici"}]},{"@type":"WebSite","@id":"https:\/\/www.teatrodomma.it\/#website","url":"https:\/\/www.teatrodomma.it\/","name":"Teatro Domma","description":"","publisher":{"@id":"https:\/\/www.teatrodomma.it\/#organization"},"potentialAction":[{"@type":"SearchAction","target":{"@type":"EntryPoint","urlTemplate":"https:\/\/www.teatrodomma.it\/?s={search_term_string}"},"query-input":{"@type":"PropertyValueSpecification","valueRequired":true,"valueName":"search_term_string"}}],"inLanguage":"it-IT"},{"@type":"Organization","@id":"https:\/\/www.teatrodomma.it\/#organization","name":"Teatro Domma","url":"https:\/\/www.teatrodomma.it\/","logo":{"@type":"ImageObject","inLanguage":"it-IT","@id":"https:\/\/www.teatrodomma.it\/#\/schema\/logo\/image\/","url":"https:\/\/www.teatrodomma.it\/wp-content\/uploads\/2025\/01\/LOGOICON-edited-2.png","contentUrl":"https:\/\/www.teatrodomma.it\/wp-content\/uploads\/2025\/01\/LOGOICON-edited-2.png","width":510,"height":287,"caption":"Teatro Domma"},"image":{"@id":"https:\/\/www.teatrodomma.it\/#\/schema\/logo\/image\/"},"sameAs":["https:\/\/www.facebook.com\/p\/Teatro-Domma-61556981831878\/?locale=it_IT","https:\/\/www.instagram.com\/teatro_domma\/"]},{"@type":"Person","@id":"https:\/\/www.teatrodomma.it\/#\/schema\/person\/8a1f09bf4c695307c8aef38d93aa0e84","name":"Margherita De Donato","image":{"@type":"ImageObject","inLanguage":"it-IT","@id":"https:\/\/www.teatrodomma.it\/#\/schema\/person\/image\/","url":"https:\/\/secure.gravatar.com\/avatar\/0fbebb2201a984022de9f07361f7fe88cb7fcefd6be5e33abf5559102ec20088?s=96&d=mm&r=g","contentUrl":"https:\/\/secure.gravatar.com\/avatar\/0fbebb2201a984022de9f07361f7fe88cb7fcefd6be5e33abf5559102ec20088?s=96&d=mm&r=g","caption":"Margherita De Donato"},"url":"https:\/\/www.teatrodomma.it\/?author=3"}]}},"_links":{"self":[{"href":"https:\/\/www.teatrodomma.it\/index.php?rest_route=\/wp\/v2\/posts\/10452","targetHints":{"allow":["GET"]}}],"collection":[{"href":"https:\/\/www.teatrodomma.it\/index.php?rest_route=\/wp\/v2\/posts"}],"about":[{"href":"https:\/\/www.teatrodomma.it\/index.php?rest_route=\/wp\/v2\/types\/post"}],"author":[{"embeddable":true,"href":"https:\/\/www.teatrodomma.it\/index.php?rest_route=\/wp\/v2\/users\/3"}],"replies":[{"embeddable":true,"href":"https:\/\/www.teatrodomma.it\/index.php?rest_route=%2Fwp%2Fv2%2Fcomments&post=10452"}],"version-history":[{"count":0,"href":"https:\/\/www.teatrodomma.it\/index.php?rest_route=\/wp\/v2\/posts\/10452\/revisions"}],"wp:featuredmedia":[{"embeddable":true,"href":"https:\/\/www.teatrodomma.it\/index.php?rest_route=\/wp\/v2\/media\/6686"}],"wp:attachment":[{"href":"https:\/\/www.teatrodomma.it\/index.php?rest_route=%2Fwp%2Fv2%2Fmedia&parent=10452"}],"wp:term":[{"taxonomy":"category","embeddable":true,"href":"https:\/\/www.teatrodomma.it\/index.php?rest_route=%2Fwp%2Fv2%2Fcategories&post=10452"},{"taxonomy":"post_tag","embeddable":true,"href":"https:\/\/www.teatrodomma.it\/index.php?rest_route=%2Fwp%2Fv2%2Ftags&post=10452"}],"curies":[{"name":"wp","href":"https:\/\/api.w.org\/{rel}","templated":true}]}}