{"id":11,"date":"2020-02-13T22:15:10","date_gmt":"2020-02-13T21:15:10","guid":{"rendered":"https:\/\/teatrodomma.wordpress.com\/?p=10"},"modified":"2020-02-13T22:15:10","modified_gmt":"2020-02-13T21:15:10","slug":"welcome-to-my-blog","status":"publish","type":"post","link":"https:\/\/www.teatrodomma.it\/?p=11","title":{"rendered":"Il teatro al tempo del Covid-19"},"content":{"rendered":"\n<p><em>Inauguriamo questo blog in un momento particolare. A causa dell&#8217;emergenza Covid-19<\/em>, <em>per ordinanza della Presidenza del Consiglio dei Ministri, il nostro teatro &#8211; come tutti i luoghi di intrattenimento e di spettacolo- deve restare <\/em><strong><em>chiuso a partire dal 4 marzo fino al 3 aprile 2020, salvo proroghe<\/em> <em>legate al persistere della pandemi<\/em><\/strong><em><strong>a<\/strong>.<\/em><\/p>\n\n\n\n<p class=\"has-background has-background-dark-background-color\"><strong>I teatri ed i cinema chiudono, gli spettacoli rinviati.<\/strong> Tutti a casa perch\u00e9 si deve, perch\u00e9 \u00e8 l&#8217;unica cosa che si pu\u00f2 fare&#8230;anche se lo &#8220;stare&#8221; non sembra un &#8220;fare&#8221;. <strong>Ma gli attori non si fermano.<\/strong> Dalle proprie abitazioni si reinventano come intrattenitori sui social, aderendo alla campagna <strong>#iorestoacasa<\/strong>, impegno che siamo tutti chiamati a rispettare.<\/p>\n\n\n\n<p>Ci\u00f2 ci d\u00e0 lo spunto per segnalarvi <strong>alcune iniziative &#8220;domestiche&#8221;<\/strong> <strong>intraprese da personaggi del mondo dello spettacolo, in particolare attori e registi teatrali<\/strong>. Regalandoci la bellezza della cultura, con i loro contributi ci fanno sentire meno soli nelle nostre case ed alleggeriscono il periodo di &#8220;reclusione&#8221; casalinga.<\/p>\n\n\n\n<ul class=\"wp-block-list\"><li><strong>MASSIMILIANO FINAZZER FLORY<\/strong>, drammaturgo e regista &#8211; in collaborazione con ilgiorno.it &#8211; ha lanciato l&#8217;invito a <em><strong>&#8220;raccontarsi al tempo del virus&#8221;<\/strong><\/em>. Una parola al giorno legata al tema del Covid-19, su cui scrivere un breve testo di 600-700 battute da inviare a redazione.internet@ilgiorno.net . Un mese di riflessioni e pensieri che, pubblicati on line, andranno a costruire una &#8220;letteratura del ricordo&#8221;, una memoria collettiva di com&#8217;era l&#8217;Italia ai tempi del coronavirus. Le prime parole su cui si sono cimentati anche personaggi famosi (tra i quali Armani, Bocelli, Dori Ghezzi&#8230;) sono state &#8220;Italia&#8221; e &#8220;Salute&#8221;.<\/li><li><strong>MICHELE DI MAURO<\/strong>, attore, regala ai lettori de lastampa.it una clip: la <strong><em>lettura di un brano teatrale o di un&#8217;opera<\/em>.<\/strong><\/li><li><strong>ANTONIO MANZINI<\/strong>, attore ed ormai scrittore di successo, offre sul sito della casa editrice Sellerio un <em><strong>racconto inedito<\/strong><\/em> con protagonista il vicequestore Rocco Schiavone alle prese con una delle sue indagini. Chi vuole, pu\u00f2 compiere un gesto di solidariet\u00e0 facendo una donazione a favore dell&#8217;Ospedale Spallanzani di Roma impegnato in prima linea in questi giorni difficili.<\/li><\/ul>\n\n\n\n<p><\/p>\n\n\n\n<p><\/p>\n\n\n\n<p><\/p>\n","protected":false},"excerpt":{"rendered":"<p>Inauguriamo questo blog in un momento particolare. A causa dell&#8217;emergenza Covid-19, per ordinanza della Presidenza del Consiglio dei Ministri, il nostro teatro &#8211; come tutti i luoghi di intrattenimento e di spettacolo- deve restare chiuso a partire dal 4 marzo fino al 3 aprile 2020, salvo proroghe legate al persistere della pandemia. I teatri ed [&hellip;]<\/p>\n","protected":false},"author":3,"featured_media":0,"comment_status":"closed","ping_status":"open","sticky":false,"template":"","format":"standard","meta":{"saved_in_kubio":false,"footnotes":""},"categories":[23],"tags":[],"class_list":["post-11","post","type-post","status-publish","format-standard","hentry","category-articoli-vari"],"yoast_head":"<!-- This site is optimized with the Yoast SEO plugin v25.8 - https:\/\/yoast.com\/wordpress\/plugins\/seo\/ -->\n<title>Il teatro al tempo del Covid-19 - Teatro Domma<\/title>\n<meta name=\"robots\" content=\"index, follow, max-snippet:-1, max-image-preview:large, max-video-preview:-1\" \/>\n<link rel=\"canonical\" href=\"https:\/\/www.teatrodomma.it\/?p=11\" \/>\n<meta property=\"og:locale\" content=\"it_IT\" \/>\n<meta property=\"og:type\" content=\"article\" \/>\n<meta property=\"og:title\" content=\"Il teatro al tempo del Covid-19 - Teatro Domma\" \/>\n<meta property=\"og:description\" content=\"Inauguriamo questo blog in un momento particolare. A causa dell&#8217;emergenza Covid-19, per ordinanza della Presidenza del Consiglio dei Ministri, il nostro teatro &#8211; come tutti i luoghi di intrattenimento e di spettacolo- deve restare chiuso a partire dal 4 marzo fino al 3 aprile 2020, salvo proroghe legate al persistere della pandemia. I teatri ed [&hellip;]\" \/>\n<meta property=\"og:url\" content=\"https:\/\/www.teatrodomma.it\/?p=11\" \/>\n<meta property=\"og:site_name\" content=\"Teatro Domma\" \/>\n<meta property=\"article:publisher\" content=\"https:\/\/www.facebook.com\/p\/Teatro-Domma-61556981831878\/?locale=it_IT\" \/>\n<meta property=\"article:published_time\" content=\"2020-02-13T21:15:10+00:00\" \/>\n<meta name=\"author\" content=\"Margherita De Donato\" \/>\n<meta name=\"twitter:card\" content=\"summary_large_image\" \/>\n<meta name=\"twitter:label1\" content=\"Scritto da\" \/>\n\t<meta name=\"twitter:data1\" content=\"Margherita De Donato\" \/>\n\t<meta name=\"twitter:label2\" content=\"Tempo di lettura stimato\" \/>\n\t<meta name=\"twitter:data2\" content=\"2 minuti\" \/>\n<script type=\"application\/ld+json\" class=\"yoast-schema-graph\">{\"@context\":\"https:\/\/schema.org\",\"@graph\":[{\"@type\":\"Article\",\"@id\":\"https:\/\/www.teatrodomma.it\/?p=11#article\",\"isPartOf\":{\"@id\":\"https:\/\/www.teatrodomma.it\/?p=11\"},\"author\":{\"name\":\"Margherita De Donato\",\"@id\":\"https:\/\/www.teatrodomma.it\/#\/schema\/person\/8a1f09bf4c695307c8aef38d93aa0e84\"},\"headline\":\"Il teatro al tempo del Covid-19\",\"datePublished\":\"2020-02-13T21:15:10+00:00\",\"mainEntityOfPage\":{\"@id\":\"https:\/\/www.teatrodomma.it\/?p=11\"},\"wordCount\":340,\"publisher\":{\"@id\":\"https:\/\/www.teatrodomma.it\/#organization\"},\"articleSection\":[\"Articoli vari\"],\"inLanguage\":\"it-IT\"},{\"@type\":\"WebPage\",\"@id\":\"https:\/\/www.teatrodomma.it\/?p=11\",\"url\":\"https:\/\/www.teatrodomma.it\/?p=11\",\"name\":\"Il teatro al tempo del Covid-19 - Teatro Domma\",\"isPartOf\":{\"@id\":\"https:\/\/www.teatrodomma.it\/#website\"},\"datePublished\":\"2020-02-13T21:15:10+00:00\",\"breadcrumb\":{\"@id\":\"https:\/\/www.teatrodomma.it\/?p=11#breadcrumb\"},\"inLanguage\":\"it-IT\",\"potentialAction\":[{\"@type\":\"ReadAction\",\"target\":[\"https:\/\/www.teatrodomma.it\/?p=11\"]}]},{\"@type\":\"BreadcrumbList\",\"@id\":\"https:\/\/www.teatrodomma.it\/?p=11#breadcrumb\",\"itemListElement\":[{\"@type\":\"ListItem\",\"position\":1,\"name\":\"Home\",\"item\":\"https:\/\/www.teatrodomma.it\/\"},{\"@type\":\"ListItem\",\"position\":2,\"name\":\"Il teatro al tempo del Covid-19\"}]},{\"@type\":\"WebSite\",\"@id\":\"https:\/\/www.teatrodomma.it\/#website\",\"url\":\"https:\/\/www.teatrodomma.it\/\",\"name\":\"Teatro Domma\",\"description\":\"\",\"publisher\":{\"@id\":\"https:\/\/www.teatrodomma.it\/#organization\"},\"potentialAction\":[{\"@type\":\"SearchAction\",\"target\":{\"@type\":\"EntryPoint\",\"urlTemplate\":\"https:\/\/www.teatrodomma.it\/?s={search_term_string}\"},\"query-input\":{\"@type\":\"PropertyValueSpecification\",\"valueRequired\":true,\"valueName\":\"search_term_string\"}}],\"inLanguage\":\"it-IT\"},{\"@type\":\"Organization\",\"@id\":\"https:\/\/www.teatrodomma.it\/#organization\",\"name\":\"Teatro Domma\",\"url\":\"https:\/\/www.teatrodomma.it\/\",\"logo\":{\"@type\":\"ImageObject\",\"inLanguage\":\"it-IT\",\"@id\":\"https:\/\/www.teatrodomma.it\/#\/schema\/logo\/image\/\",\"url\":\"https:\/\/www.teatrodomma.it\/wp-content\/uploads\/2025\/01\/LOGOICON-edited-2.png\",\"contentUrl\":\"https:\/\/www.teatrodomma.it\/wp-content\/uploads\/2025\/01\/LOGOICON-edited-2.png\",\"width\":510,\"height\":287,\"caption\":\"Teatro Domma\"},\"image\":{\"@id\":\"https:\/\/www.teatrodomma.it\/#\/schema\/logo\/image\/\"},\"sameAs\":[\"https:\/\/www.facebook.com\/p\/Teatro-Domma-61556981831878\/?locale=it_IT\",\"https:\/\/www.instagram.com\/teatro_domma\/\"]},{\"@type\":\"Person\",\"@id\":\"https:\/\/www.teatrodomma.it\/#\/schema\/person\/8a1f09bf4c695307c8aef38d93aa0e84\",\"name\":\"Margherita De Donato\",\"image\":{\"@type\":\"ImageObject\",\"inLanguage\":\"it-IT\",\"@id\":\"https:\/\/www.teatrodomma.it\/#\/schema\/person\/image\/\",\"url\":\"https:\/\/secure.gravatar.com\/avatar\/0fbebb2201a984022de9f07361f7fe88cb7fcefd6be5e33abf5559102ec20088?s=96&d=mm&r=g\",\"contentUrl\":\"https:\/\/secure.gravatar.com\/avatar\/0fbebb2201a984022de9f07361f7fe88cb7fcefd6be5e33abf5559102ec20088?s=96&d=mm&r=g\",\"caption\":\"Margherita De Donato\"},\"url\":\"https:\/\/www.teatrodomma.it\/?author=3\"}]}<\/script>\n<!-- \/ Yoast SEO plugin. -->","yoast_head_json":{"title":"Il teatro al tempo del Covid-19 - Teatro Domma","robots":{"index":"index","follow":"follow","max-snippet":"max-snippet:-1","max-image-preview":"max-image-preview:large","max-video-preview":"max-video-preview:-1"},"canonical":"https:\/\/www.teatrodomma.it\/?p=11","og_locale":"it_IT","og_type":"article","og_title":"Il teatro al tempo del Covid-19 - Teatro Domma","og_description":"Inauguriamo questo blog in un momento particolare. A causa dell&#8217;emergenza Covid-19, per ordinanza della Presidenza del Consiglio dei Ministri, il nostro teatro &#8211; come tutti i luoghi di intrattenimento e di spettacolo- deve restare chiuso a partire dal 4 marzo fino al 3 aprile 2020, salvo proroghe legate al persistere della pandemia. I teatri ed [&hellip;]","og_url":"https:\/\/www.teatrodomma.it\/?p=11","og_site_name":"Teatro Domma","article_publisher":"https:\/\/www.facebook.com\/p\/Teatro-Domma-61556981831878\/?locale=it_IT","article_published_time":"2020-02-13T21:15:10+00:00","author":"Margherita De Donato","twitter_card":"summary_large_image","twitter_misc":{"Scritto da":"Margherita De Donato","Tempo di lettura stimato":"2 minuti"},"schema":{"@context":"https:\/\/schema.org","@graph":[{"@type":"Article","@id":"https:\/\/www.teatrodomma.it\/?p=11#article","isPartOf":{"@id":"https:\/\/www.teatrodomma.it\/?p=11"},"author":{"name":"Margherita De Donato","@id":"https:\/\/www.teatrodomma.it\/#\/schema\/person\/8a1f09bf4c695307c8aef38d93aa0e84"},"headline":"Il teatro al tempo del Covid-19","datePublished":"2020-02-13T21:15:10+00:00","mainEntityOfPage":{"@id":"https:\/\/www.teatrodomma.it\/?p=11"},"wordCount":340,"publisher":{"@id":"https:\/\/www.teatrodomma.it\/#organization"},"articleSection":["Articoli vari"],"inLanguage":"it-IT"},{"@type":"WebPage","@id":"https:\/\/www.teatrodomma.it\/?p=11","url":"https:\/\/www.teatrodomma.it\/?p=11","name":"Il teatro al tempo del Covid-19 - Teatro Domma","isPartOf":{"@id":"https:\/\/www.teatrodomma.it\/#website"},"datePublished":"2020-02-13T21:15:10+00:00","breadcrumb":{"@id":"https:\/\/www.teatrodomma.it\/?p=11#breadcrumb"},"inLanguage":"it-IT","potentialAction":[{"@type":"ReadAction","target":["https:\/\/www.teatrodomma.it\/?p=11"]}]},{"@type":"BreadcrumbList","@id":"https:\/\/www.teatrodomma.it\/?p=11#breadcrumb","itemListElement":[{"@type":"ListItem","position":1,"name":"Home","item":"https:\/\/www.teatrodomma.it\/"},{"@type":"ListItem","position":2,"name":"Il teatro al tempo del Covid-19"}]},{"@type":"WebSite","@id":"https:\/\/www.teatrodomma.it\/#website","url":"https:\/\/www.teatrodomma.it\/","name":"Teatro Domma","description":"","publisher":{"@id":"https:\/\/www.teatrodomma.it\/#organization"},"potentialAction":[{"@type":"SearchAction","target":{"@type":"EntryPoint","urlTemplate":"https:\/\/www.teatrodomma.it\/?s={search_term_string}"},"query-input":{"@type":"PropertyValueSpecification","valueRequired":true,"valueName":"search_term_string"}}],"inLanguage":"it-IT"},{"@type":"Organization","@id":"https:\/\/www.teatrodomma.it\/#organization","name":"Teatro Domma","url":"https:\/\/www.teatrodomma.it\/","logo":{"@type":"ImageObject","inLanguage":"it-IT","@id":"https:\/\/www.teatrodomma.it\/#\/schema\/logo\/image\/","url":"https:\/\/www.teatrodomma.it\/wp-content\/uploads\/2025\/01\/LOGOICON-edited-2.png","contentUrl":"https:\/\/www.teatrodomma.it\/wp-content\/uploads\/2025\/01\/LOGOICON-edited-2.png","width":510,"height":287,"caption":"Teatro Domma"},"image":{"@id":"https:\/\/www.teatrodomma.it\/#\/schema\/logo\/image\/"},"sameAs":["https:\/\/www.facebook.com\/p\/Teatro-Domma-61556981831878\/?locale=it_IT","https:\/\/www.instagram.com\/teatro_domma\/"]},{"@type":"Person","@id":"https:\/\/www.teatrodomma.it\/#\/schema\/person\/8a1f09bf4c695307c8aef38d93aa0e84","name":"Margherita De Donato","image":{"@type":"ImageObject","inLanguage":"it-IT","@id":"https:\/\/www.teatrodomma.it\/#\/schema\/person\/image\/","url":"https:\/\/secure.gravatar.com\/avatar\/0fbebb2201a984022de9f07361f7fe88cb7fcefd6be5e33abf5559102ec20088?s=96&d=mm&r=g","contentUrl":"https:\/\/secure.gravatar.com\/avatar\/0fbebb2201a984022de9f07361f7fe88cb7fcefd6be5e33abf5559102ec20088?s=96&d=mm&r=g","caption":"Margherita De Donato"},"url":"https:\/\/www.teatrodomma.it\/?author=3"}]}},"_links":{"self":[{"href":"https:\/\/www.teatrodomma.it\/index.php?rest_route=\/wp\/v2\/posts\/11","targetHints":{"allow":["GET"]}}],"collection":[{"href":"https:\/\/www.teatrodomma.it\/index.php?rest_route=\/wp\/v2\/posts"}],"about":[{"href":"https:\/\/www.teatrodomma.it\/index.php?rest_route=\/wp\/v2\/types\/post"}],"author":[{"embeddable":true,"href":"https:\/\/www.teatrodomma.it\/index.php?rest_route=\/wp\/v2\/users\/3"}],"replies":[{"embeddable":true,"href":"https:\/\/www.teatrodomma.it\/index.php?rest_route=%2Fwp%2Fv2%2Fcomments&post=11"}],"version-history":[{"count":0,"href":"https:\/\/www.teatrodomma.it\/index.php?rest_route=\/wp\/v2\/posts\/11\/revisions"}],"wp:attachment":[{"href":"https:\/\/www.teatrodomma.it\/index.php?rest_route=%2Fwp%2Fv2%2Fmedia&parent=11"}],"wp:term":[{"taxonomy":"category","embeddable":true,"href":"https:\/\/www.teatrodomma.it\/index.php?rest_route=%2Fwp%2Fv2%2Fcategories&post=11"},{"taxonomy":"post_tag","embeddable":true,"href":"https:\/\/www.teatrodomma.it\/index.php?rest_route=%2Fwp%2Fv2%2Ftags&post=11"}],"curies":[{"name":"wp","href":"https:\/\/api.w.org\/{rel}","templated":true}]}}