{"id":14341,"date":"2023-04-16T08:30:00","date_gmt":"2023-04-16T06:30:00","guid":{"rendered":"https:\/\/www.teatrodomma.it\/?p=14341"},"modified":"2023-04-16T08:30:00","modified_gmt":"2023-04-16T06:30:00","slug":"sold-out-e-risate-a-catinelle-come-se-fosse-grandine","status":"publish","type":"post","link":"https:\/\/www.teatrodomma.it\/?p=14341","title":{"rendered":"Sold out e una valanga di risate &#8220;come se fosse&#8221; neve (guarda il video)"},"content":{"rendered":"\n<p class=\"has-background-dark-background-color has-background\"><em>Pablo e Pedro, al secolo Nico Di Renzo e Fabrizio Nardi<\/em>,<em> conquistano il pubblico del Teatro Domma e lo inchiodano alle poltrone<\/em> <em>per il gran ridere senza un attimo di tregua.<\/em><\/p>\n\n\n\n<p class=\"has-text-align-left\"><strong>Pi\u00f9 che un articolo, preferiamo proporvi alcune foto tratte dallo spettacolo<\/strong>,<strong> che il famoso duo comico ha scelto di far aprire ad<\/strong> <a href=\"https:\/\/www.facebook.com\/umbertosansoviniofficial\/\" target=\"_blank\" rel=\"noreferrer noopener\">Umberto Sansovini<\/a> (qui \u00e8 in un&#8217;<a href=\"https:\/\/www.youtube.com\/watch?v=naFq1-zwenI\" target=\"_blank\" rel=\"noreferrer noopener\">intervista<\/a> di cinque anni fa). Si tratta di un giovane cantautore residente ad Ostia, <strong>che ha proposto due suoi pezzi, tra cui <\/strong><em><a href=\"https:\/\/www.youtube.com\/watch?v=eOAe3eCBcpc\" target=\"_blank\" rel=\"noreferrer noopener\">Stella<\/a><\/em>, dedicata alle vittime dell&#8217;11 settembre 2001. <em>&#8220;Scritto subito dopo questo episodio, la canzone riflette su quanto la vita continui, indifferente, anche dopo simili tragedie. Per questo, pur riferendosi a un evento specifico, \u00e8 in realt\u00e0 un brano senza tempo<\/em>&#8220;, commenta Sansovini (qui il suo <em><a href=\"https:\/\/www.instagram.com\/umbertosansovini.official\/\" target=\"_blank\" rel=\"noreferrer noopener\">profilo Instagram<\/a><\/em>) che ha collaborato con Damiano La Rocca (chitarrista, didatta, compositore, oltre che arrangiatore e direttore per artisti come Niccol\u00f2 Fabi, Carmen Consoli e molti altri).<\/p>\n\n\n\n<p>Quando tocca a loro,<strong> i due comici <\/strong>&#8211; da pi\u00f9 di <a href=\"https:\/\/www.facebook.com\/PabloePedroOfficial\/videos\/1358563668285760?locale=it_IT\" target=\"_blank\" rel=\"noreferrer noopener\">25 anni insieme sul palco<\/a> &#8211; <strong>cominciano<\/strong> la serata <strong>con lo sketch che vede Dio (<em>Fabrizio Nardi<\/em>) insieme all&#8217;arcangelo Gabriele (<em>Nico Di Renzo<\/em>) alle prese con la creazione di un nuovo mondo<\/strong>&#8230;<\/p>\n\n\n\n<div class=\"wp-block-image\"><figure class=\"aligncenter size-large\"><img loading=\"lazy\" decoding=\"async\" width=\"768\" height=\"960\" src=\"http:\/\/test.teatrodomma.it\/wp-content\/uploads\/2023\/04\/COME-SE-FOSSE_-Dio-e-Gabriele_-Teatro-Domma_2023.jpg\" alt=\"\" class=\"wp-image-14343\" srcset=\"https:\/\/www.teatrodomma.it\/wp-content\/uploads\/2023\/04\/COME-SE-FOSSE_-Dio-e-Gabriele_-Teatro-Domma_2023.jpg 768w, https:\/\/www.teatrodomma.it\/wp-content\/uploads\/2023\/04\/COME-SE-FOSSE_-Dio-e-Gabriele_-Teatro-Domma_2023-240x300.jpg 240w, https:\/\/www.teatrodomma.it\/wp-content\/uploads\/2023\/04\/COME-SE-FOSSE_-Dio-e-Gabriele_-Teatro-Domma_2023-200x250.jpg 200w\" sizes=\"(max-width: 768px) 100vw, 768px\" \/><\/figure><\/div>\n\n\n\n<p><\/p>\n\n\n\n<p><\/p>\n\n\n\n<p><\/p>\n\n\n\n<p><strong>La seconda scena ruota attorno all\u2019annuncio delle possibili nozze che scatenano una reazione inaspettata e rischiano di mandare a monte una consolidata amicizia.<\/strong> Tutto inizia con una citofonata alle 5 del mattino, quando <strong>Nico butta gi\u00f9 dal letto l\u2019amico di sempre Fabrizio e gli annuncia la propria intenzione di sposarsi<\/strong> con Amanda, una ragazza brasiliana conosciuta da appena un mese<strong>. <em>&#8216;Ma che ti sposi a fare?!&#8217;<\/em><\/strong><em> <\/em>\u00e8 quanto replica Fabrizio all&#8217;amico Nico. <em><strong>&#8216;La donna \u00e8 come la neve: \u00e8 bella vederla arrivare, ma quando si posa, rompe il c&#8230; !&#8217;<\/strong><\/em><\/p>\n\n\n\n<figure class=\"wp-block-image size-large is-resized\"><img loading=\"lazy\" decoding=\"async\" src=\"http:\/\/test.teatrodomma.it\/wp-content\/uploads\/2023\/04\/COME-SE-FOSSE_-Fabrizio-e-Nico_-Teatro-Domma_2023.jpg\" alt=\"\" class=\"wp-image-14344\" width=\"768\" height=\"960\" srcset=\"https:\/\/www.teatrodomma.it\/wp-content\/uploads\/2023\/04\/COME-SE-FOSSE_-Fabrizio-e-Nico_-Teatro-Domma_2023.jpg 768w, https:\/\/www.teatrodomma.it\/wp-content\/uploads\/2023\/04\/COME-SE-FOSSE_-Fabrizio-e-Nico_-Teatro-Domma_2023-240x300.jpg 240w, https:\/\/www.teatrodomma.it\/wp-content\/uploads\/2023\/04\/COME-SE-FOSSE_-Fabrizio-e-Nico_-Teatro-Domma_2023-200x250.jpg 200w\" sizes=\"(max-width: 768px) 100vw, 768px\" \/><figcaption><em><strong>Lo sketch \u00e8 tratto da un altro spettacolo del duo comico: &#8220;Nozze di Coccio&#8221; giunto alla versione 3.0<\/strong><\/em><\/figcaption><\/figure>\n\n\n\n<figure class=\"wp-block-embed is-type-video is-provider-youtube wp-block-embed-youtube wp-embed-aspect-16-9 wp-has-aspect-ratio\"><div class=\"wp-block-embed__wrapper\">\n<iframe loading=\"lazy\" title=\"Pablo &amp; Pedro - Che Ti Sposi A Fare\" width=\"720\" height=\"405\" src=\"https:\/\/www.youtube.com\/embed\/8W_Rsq5Agv4?feature=oembed\" frameborder=\"0\" allow=\"accelerometer; autoplay; clipboard-write; encrypted-media; gyroscope; picture-in-picture; web-share\" referrerpolicy=\"strict-origin-when-cross-origin\" allowfullscreen><\/iframe>\n<\/div><\/figure>\n\n\n\n<p><\/p>\n\n\n\n<p><\/p>\n\n\n\n<p><strong>L&#8217;ultima esilarante scena \u00e8 tratta da &#8220;Zorro&#8221;<\/strong> <em>(spettacolo di cui<strong> <\/strong>riproponiamo un breve video presente su Youtube)<\/em> <strong>che entra in scena senza il suo cavallo Fulmine<\/strong>, inspiegabilmente assente. <strong>Per fortuna c\u2019\u00e8 il suo fido servitore Bernardo, il quale ha miracolosamente ricominciato a parlare, ma&#8230;<\/strong><\/p>\n\n\n\n<figure class=\"wp-block-image size-large\"><img decoding=\"async\" src=\"https:\/\/www.teatrodomma.it\/wp-content\/uploads\/2023\/04\/COME-SE-FOSSE_-Bernardo-e-Zorro_-Teatro-Domma_2023-819x1024.jpg\" alt=\"\" class=\"wp-image-14345\"\/><figcaption><strong>Bernardo (<em>Fabrizio Nardi<\/em>) e Zorro (<em>Nico Di Renzo<\/em>)<\/strong><\/figcaption><\/figure>\n\n\n\n<figure class=\"wp-block-embed is-type-video is-provider-youtube wp-block-embed-youtube wp-embed-aspect-16-9 wp-has-aspect-ratio\"><div class=\"wp-block-embed__wrapper\">\n<iframe loading=\"lazy\" title=\"Pablo &amp; Pedro - Zorro e Bernardo\" width=\"720\" height=\"405\" src=\"https:\/\/www.youtube.com\/embed\/SK43mnCM0FQ?feature=oembed\" frameborder=\"0\" allow=\"accelerometer; autoplay; clipboard-write; encrypted-media; gyroscope; picture-in-picture; web-share\" referrerpolicy=\"strict-origin-when-cross-origin\" allowfullscreen><\/iframe>\n<\/div><\/figure>\n\n\n\n<p><\/p>\n\n\n\n<p class=\"has-text-align-center has-background-dark-background-color has-background\"><strong>PABLO E PEDRO mattatori a ZELIG<\/strong> <strong>nel 2009<\/strong><\/p>\n\n\n\n<figure class=\"wp-block-embed is-type-video is-provider-youtube wp-block-embed-youtube wp-embed-aspect-16-9 wp-has-aspect-ratio\"><div class=\"wp-block-embed__wrapper\">\n<iframe loading=\"lazy\" title=\"Pablo&amp;Pedro - Come se fosse (2009)\" width=\"720\" height=\"405\" src=\"https:\/\/www.youtube.com\/embed\/JHNpu1Xspqk?feature=oembed\" frameborder=\"0\" allow=\"accelerometer; autoplay; clipboard-write; encrypted-media; gyroscope; picture-in-picture; web-share\" referrerpolicy=\"strict-origin-when-cross-origin\" allowfullscreen><\/iframe>\n<\/div><\/figure>\n","protected":false},"excerpt":{"rendered":"<p>Pablo e Pedro, al secolo Nico Di Renzo e Fabrizio Nardi, conquistano il pubblico del Teatro Domma e lo inchiodano alle poltrone per il gran ridere senza un attimo di tregua. Pi\u00f9 che un articolo, preferiamo proporvi alcune foto tratte dallo spettacolo, che il famoso duo comico ha scelto di far aprire ad Umberto Sansovini [&hellip;]<\/p>\n","protected":false},"author":3,"featured_media":7041,"comment_status":"closed","ping_status":"open","sticky":false,"template":"","format":"standard","meta":{"saved_in_kubio":false,"footnotes":""},"categories":[14],"tags":[352,295],"class_list":{"0":"post-14341","1":"post","2":"type-post","3":"status-publish","4":"format-standard","5":"has-post-thumbnail","6":"hentry","7":"category-recensioni","8":"tag-come-se-fosse","9":"tag-pablo-e-pedro","11":"post-with-thumbnail","12":"post-with-thumbnail-large"},"yoast_head":"<!-- This site is optimized with the Yoast SEO plugin v25.8 - https:\/\/yoast.com\/wordpress\/plugins\/seo\/ -->\n<title>Sold out e una valanga di risate &quot;come se fosse&quot; neve (guarda il video) - Teatro Domma<\/title>\n<meta name=\"robots\" content=\"index, follow, max-snippet:-1, max-image-preview:large, max-video-preview:-1\" \/>\n<link rel=\"canonical\" href=\"https:\/\/www.teatrodomma.it\/?p=14341\" \/>\n<meta property=\"og:locale\" content=\"it_IT\" \/>\n<meta property=\"og:type\" content=\"article\" \/>\n<meta property=\"og:title\" content=\"Sold out e una valanga di risate &quot;come se fosse&quot; neve (guarda il video) - Teatro Domma\" \/>\n<meta property=\"og:description\" content=\"Pablo e Pedro, al secolo Nico Di Renzo e Fabrizio Nardi, conquistano il pubblico del Teatro Domma e lo inchiodano alle poltrone per il gran ridere senza un attimo di tregua. Pi\u00f9 che un articolo, preferiamo proporvi alcune foto tratte dallo spettacolo, che il famoso duo comico ha scelto di far aprire ad Umberto Sansovini [&hellip;]\" \/>\n<meta property=\"og:url\" content=\"https:\/\/www.teatrodomma.it\/?p=14341\" \/>\n<meta property=\"og:site_name\" content=\"Teatro Domma\" \/>\n<meta property=\"article:publisher\" content=\"https:\/\/www.facebook.com\/p\/Teatro-Domma-61556981831878\/?locale=it_IT\" \/>\n<meta property=\"article:published_time\" content=\"2023-04-16T06:30:00+00:00\" \/>\n<meta property=\"og:image\" content=\"https:\/\/www.teatrodomma.it\/wp-content\/uploads\/2022\/10\/Pablo-e-Pedro_-primopiano.jpg\" \/>\n\t<meta property=\"og:image:width\" content=\"656\" \/>\n\t<meta property=\"og:image:height\" content=\"656\" \/>\n\t<meta property=\"og:image:type\" content=\"image\/jpeg\" \/>\n<meta name=\"author\" content=\"Margherita De Donato\" \/>\n<meta name=\"twitter:card\" content=\"summary_large_image\" \/>\n<meta name=\"twitter:label1\" content=\"Scritto da\" \/>\n\t<meta name=\"twitter:data1\" content=\"Margherita De Donato\" \/>\n\t<meta name=\"twitter:label2\" content=\"Tempo di lettura stimato\" \/>\n\t<meta name=\"twitter:data2\" content=\"3 minuti\" \/>\n<script type=\"application\/ld+json\" class=\"yoast-schema-graph\">{\"@context\":\"https:\/\/schema.org\",\"@graph\":[{\"@type\":\"Article\",\"@id\":\"https:\/\/www.teatrodomma.it\/?p=14341#article\",\"isPartOf\":{\"@id\":\"https:\/\/www.teatrodomma.it\/?p=14341\"},\"author\":{\"name\":\"Margherita De Donato\",\"@id\":\"https:\/\/www.teatrodomma.it\/#\/schema\/person\/8a1f09bf4c695307c8aef38d93aa0e84\"},\"headline\":\"Sold out e una valanga di risate &#8220;come se fosse&#8221; neve (guarda il video)\",\"datePublished\":\"2023-04-16T06:30:00+00:00\",\"mainEntityOfPage\":{\"@id\":\"https:\/\/www.teatrodomma.it\/?p=14341\"},\"wordCount\":396,\"publisher\":{\"@id\":\"https:\/\/www.teatrodomma.it\/#organization\"},\"image\":{\"@id\":\"https:\/\/www.teatrodomma.it\/?p=14341#primaryimage\"},\"thumbnailUrl\":\"https:\/\/www.teatrodomma.it\/wp-content\/uploads\/2022\/10\/Pablo-e-Pedro_-primopiano.jpg\",\"keywords\":[\"Come se fosse\",\"Pablo e Pedro\"],\"articleSection\":[\"Recensioni\"],\"inLanguage\":\"it-IT\"},{\"@type\":\"WebPage\",\"@id\":\"https:\/\/www.teatrodomma.it\/?p=14341\",\"url\":\"https:\/\/www.teatrodomma.it\/?p=14341\",\"name\":\"Sold out e una valanga di risate \\\"come se fosse\\\" neve (guarda il video) - Teatro Domma\",\"isPartOf\":{\"@id\":\"https:\/\/www.teatrodomma.it\/#website\"},\"primaryImageOfPage\":{\"@id\":\"https:\/\/www.teatrodomma.it\/?p=14341#primaryimage\"},\"image\":{\"@id\":\"https:\/\/www.teatrodomma.it\/?p=14341#primaryimage\"},\"thumbnailUrl\":\"https:\/\/www.teatrodomma.it\/wp-content\/uploads\/2022\/10\/Pablo-e-Pedro_-primopiano.jpg\",\"datePublished\":\"2023-04-16T06:30:00+00:00\",\"breadcrumb\":{\"@id\":\"https:\/\/www.teatrodomma.it\/?p=14341#breadcrumb\"},\"inLanguage\":\"it-IT\",\"potentialAction\":[{\"@type\":\"ReadAction\",\"target\":[\"https:\/\/www.teatrodomma.it\/?p=14341\"]}]},{\"@type\":\"ImageObject\",\"inLanguage\":\"it-IT\",\"@id\":\"https:\/\/www.teatrodomma.it\/?p=14341#primaryimage\",\"url\":\"https:\/\/www.teatrodomma.it\/wp-content\/uploads\/2022\/10\/Pablo-e-Pedro_-primopiano.jpg\",\"contentUrl\":\"https:\/\/www.teatrodomma.it\/wp-content\/uploads\/2022\/10\/Pablo-e-Pedro_-primopiano.jpg\",\"width\":656,\"height\":656},{\"@type\":\"BreadcrumbList\",\"@id\":\"https:\/\/www.teatrodomma.it\/?p=14341#breadcrumb\",\"itemListElement\":[{\"@type\":\"ListItem\",\"position\":1,\"name\":\"Home\",\"item\":\"https:\/\/www.teatrodomma.it\/\"},{\"@type\":\"ListItem\",\"position\":2,\"name\":\"Sold out e una valanga di risate &#8220;come se fosse&#8221; neve (guarda il video)\"}]},{\"@type\":\"WebSite\",\"@id\":\"https:\/\/www.teatrodomma.it\/#website\",\"url\":\"https:\/\/www.teatrodomma.it\/\",\"name\":\"Teatro Domma\",\"description\":\"\",\"publisher\":{\"@id\":\"https:\/\/www.teatrodomma.it\/#organization\"},\"potentialAction\":[{\"@type\":\"SearchAction\",\"target\":{\"@type\":\"EntryPoint\",\"urlTemplate\":\"https:\/\/www.teatrodomma.it\/?s={search_term_string}\"},\"query-input\":{\"@type\":\"PropertyValueSpecification\",\"valueRequired\":true,\"valueName\":\"search_term_string\"}}],\"inLanguage\":\"it-IT\"},{\"@type\":\"Organization\",\"@id\":\"https:\/\/www.teatrodomma.it\/#organization\",\"name\":\"Teatro Domma\",\"url\":\"https:\/\/www.teatrodomma.it\/\",\"logo\":{\"@type\":\"ImageObject\",\"inLanguage\":\"it-IT\",\"@id\":\"https:\/\/www.teatrodomma.it\/#\/schema\/logo\/image\/\",\"url\":\"https:\/\/www.teatrodomma.it\/wp-content\/uploads\/2025\/01\/LOGOICON-edited-2.png\",\"contentUrl\":\"https:\/\/www.teatrodomma.it\/wp-content\/uploads\/2025\/01\/LOGOICON-edited-2.png\",\"width\":510,\"height\":287,\"caption\":\"Teatro Domma\"},\"image\":{\"@id\":\"https:\/\/www.teatrodomma.it\/#\/schema\/logo\/image\/\"},\"sameAs\":[\"https:\/\/www.facebook.com\/p\/Teatro-Domma-61556981831878\/?locale=it_IT\",\"https:\/\/www.instagram.com\/teatro_domma\/\"]},{\"@type\":\"Person\",\"@id\":\"https:\/\/www.teatrodomma.it\/#\/schema\/person\/8a1f09bf4c695307c8aef38d93aa0e84\",\"name\":\"Margherita De Donato\",\"image\":{\"@type\":\"ImageObject\",\"inLanguage\":\"it-IT\",\"@id\":\"https:\/\/www.teatrodomma.it\/#\/schema\/person\/image\/\",\"url\":\"https:\/\/secure.gravatar.com\/avatar\/0fbebb2201a984022de9f07361f7fe88cb7fcefd6be5e33abf5559102ec20088?s=96&d=mm&r=g\",\"contentUrl\":\"https:\/\/secure.gravatar.com\/avatar\/0fbebb2201a984022de9f07361f7fe88cb7fcefd6be5e33abf5559102ec20088?s=96&d=mm&r=g\",\"caption\":\"Margherita De Donato\"},\"url\":\"https:\/\/www.teatrodomma.it\/?author=3\"}]}<\/script>\n<!-- \/ Yoast SEO plugin. -->","yoast_head_json":{"title":"Sold out e una valanga di risate \"come se fosse\" neve (guarda il video) - Teatro Domma","robots":{"index":"index","follow":"follow","max-snippet":"max-snippet:-1","max-image-preview":"max-image-preview:large","max-video-preview":"max-video-preview:-1"},"canonical":"https:\/\/www.teatrodomma.it\/?p=14341","og_locale":"it_IT","og_type":"article","og_title":"Sold out e una valanga di risate \"come se fosse\" neve (guarda il video) - Teatro Domma","og_description":"Pablo e Pedro, al secolo Nico Di Renzo e Fabrizio Nardi, conquistano il pubblico del Teatro Domma e lo inchiodano alle poltrone per il gran ridere senza un attimo di tregua. Pi\u00f9 che un articolo, preferiamo proporvi alcune foto tratte dallo spettacolo, che il famoso duo comico ha scelto di far aprire ad Umberto Sansovini [&hellip;]","og_url":"https:\/\/www.teatrodomma.it\/?p=14341","og_site_name":"Teatro Domma","article_publisher":"https:\/\/www.facebook.com\/p\/Teatro-Domma-61556981831878\/?locale=it_IT","article_published_time":"2023-04-16T06:30:00+00:00","og_image":[{"width":656,"height":656,"url":"https:\/\/www.teatrodomma.it\/wp-content\/uploads\/2022\/10\/Pablo-e-Pedro_-primopiano.jpg","type":"image\/jpeg"}],"author":"Margherita De Donato","twitter_card":"summary_large_image","twitter_misc":{"Scritto da":"Margherita De Donato","Tempo di lettura stimato":"3 minuti"},"schema":{"@context":"https:\/\/schema.org","@graph":[{"@type":"Article","@id":"https:\/\/www.teatrodomma.it\/?p=14341#article","isPartOf":{"@id":"https:\/\/www.teatrodomma.it\/?p=14341"},"author":{"name":"Margherita De Donato","@id":"https:\/\/www.teatrodomma.it\/#\/schema\/person\/8a1f09bf4c695307c8aef38d93aa0e84"},"headline":"Sold out e una valanga di risate &#8220;come se fosse&#8221; neve (guarda il video)","datePublished":"2023-04-16T06:30:00+00:00","mainEntityOfPage":{"@id":"https:\/\/www.teatrodomma.it\/?p=14341"},"wordCount":396,"publisher":{"@id":"https:\/\/www.teatrodomma.it\/#organization"},"image":{"@id":"https:\/\/www.teatrodomma.it\/?p=14341#primaryimage"},"thumbnailUrl":"https:\/\/www.teatrodomma.it\/wp-content\/uploads\/2022\/10\/Pablo-e-Pedro_-primopiano.jpg","keywords":["Come se fosse","Pablo e Pedro"],"articleSection":["Recensioni"],"inLanguage":"it-IT"},{"@type":"WebPage","@id":"https:\/\/www.teatrodomma.it\/?p=14341","url":"https:\/\/www.teatrodomma.it\/?p=14341","name":"Sold out e una valanga di risate \"come se fosse\" neve (guarda il video) - Teatro Domma","isPartOf":{"@id":"https:\/\/www.teatrodomma.it\/#website"},"primaryImageOfPage":{"@id":"https:\/\/www.teatrodomma.it\/?p=14341#primaryimage"},"image":{"@id":"https:\/\/www.teatrodomma.it\/?p=14341#primaryimage"},"thumbnailUrl":"https:\/\/www.teatrodomma.it\/wp-content\/uploads\/2022\/10\/Pablo-e-Pedro_-primopiano.jpg","datePublished":"2023-04-16T06:30:00+00:00","breadcrumb":{"@id":"https:\/\/www.teatrodomma.it\/?p=14341#breadcrumb"},"inLanguage":"it-IT","potentialAction":[{"@type":"ReadAction","target":["https:\/\/www.teatrodomma.it\/?p=14341"]}]},{"@type":"ImageObject","inLanguage":"it-IT","@id":"https:\/\/www.teatrodomma.it\/?p=14341#primaryimage","url":"https:\/\/www.teatrodomma.it\/wp-content\/uploads\/2022\/10\/Pablo-e-Pedro_-primopiano.jpg","contentUrl":"https:\/\/www.teatrodomma.it\/wp-content\/uploads\/2022\/10\/Pablo-e-Pedro_-primopiano.jpg","width":656,"height":656},{"@type":"BreadcrumbList","@id":"https:\/\/www.teatrodomma.it\/?p=14341#breadcrumb","itemListElement":[{"@type":"ListItem","position":1,"name":"Home","item":"https:\/\/www.teatrodomma.it\/"},{"@type":"ListItem","position":2,"name":"Sold out e una valanga di risate &#8220;come se fosse&#8221; neve (guarda il video)"}]},{"@type":"WebSite","@id":"https:\/\/www.teatrodomma.it\/#website","url":"https:\/\/www.teatrodomma.it\/","name":"Teatro Domma","description":"","publisher":{"@id":"https:\/\/www.teatrodomma.it\/#organization"},"potentialAction":[{"@type":"SearchAction","target":{"@type":"EntryPoint","urlTemplate":"https:\/\/www.teatrodomma.it\/?s={search_term_string}"},"query-input":{"@type":"PropertyValueSpecification","valueRequired":true,"valueName":"search_term_string"}}],"inLanguage":"it-IT"},{"@type":"Organization","@id":"https:\/\/www.teatrodomma.it\/#organization","name":"Teatro Domma","url":"https:\/\/www.teatrodomma.it\/","logo":{"@type":"ImageObject","inLanguage":"it-IT","@id":"https:\/\/www.teatrodomma.it\/#\/schema\/logo\/image\/","url":"https:\/\/www.teatrodomma.it\/wp-content\/uploads\/2025\/01\/LOGOICON-edited-2.png","contentUrl":"https:\/\/www.teatrodomma.it\/wp-content\/uploads\/2025\/01\/LOGOICON-edited-2.png","width":510,"height":287,"caption":"Teatro Domma"},"image":{"@id":"https:\/\/www.teatrodomma.it\/#\/schema\/logo\/image\/"},"sameAs":["https:\/\/www.facebook.com\/p\/Teatro-Domma-61556981831878\/?locale=it_IT","https:\/\/www.instagram.com\/teatro_domma\/"]},{"@type":"Person","@id":"https:\/\/www.teatrodomma.it\/#\/schema\/person\/8a1f09bf4c695307c8aef38d93aa0e84","name":"Margherita De Donato","image":{"@type":"ImageObject","inLanguage":"it-IT","@id":"https:\/\/www.teatrodomma.it\/#\/schema\/person\/image\/","url":"https:\/\/secure.gravatar.com\/avatar\/0fbebb2201a984022de9f07361f7fe88cb7fcefd6be5e33abf5559102ec20088?s=96&d=mm&r=g","contentUrl":"https:\/\/secure.gravatar.com\/avatar\/0fbebb2201a984022de9f07361f7fe88cb7fcefd6be5e33abf5559102ec20088?s=96&d=mm&r=g","caption":"Margherita De Donato"},"url":"https:\/\/www.teatrodomma.it\/?author=3"}]}},"_links":{"self":[{"href":"https:\/\/www.teatrodomma.it\/index.php?rest_route=\/wp\/v2\/posts\/14341","targetHints":{"allow":["GET"]}}],"collection":[{"href":"https:\/\/www.teatrodomma.it\/index.php?rest_route=\/wp\/v2\/posts"}],"about":[{"href":"https:\/\/www.teatrodomma.it\/index.php?rest_route=\/wp\/v2\/types\/post"}],"author":[{"embeddable":true,"href":"https:\/\/www.teatrodomma.it\/index.php?rest_route=\/wp\/v2\/users\/3"}],"replies":[{"embeddable":true,"href":"https:\/\/www.teatrodomma.it\/index.php?rest_route=%2Fwp%2Fv2%2Fcomments&post=14341"}],"version-history":[{"count":0,"href":"https:\/\/www.teatrodomma.it\/index.php?rest_route=\/wp\/v2\/posts\/14341\/revisions"}],"wp:featuredmedia":[{"embeddable":true,"href":"https:\/\/www.teatrodomma.it\/index.php?rest_route=\/wp\/v2\/media\/7041"}],"wp:attachment":[{"href":"https:\/\/www.teatrodomma.it\/index.php?rest_route=%2Fwp%2Fv2%2Fmedia&parent=14341"}],"wp:term":[{"taxonomy":"category","embeddable":true,"href":"https:\/\/www.teatrodomma.it\/index.php?rest_route=%2Fwp%2Fv2%2Fcategories&post=14341"},{"taxonomy":"post_tag","embeddable":true,"href":"https:\/\/www.teatrodomma.it\/index.php?rest_route=%2Fwp%2Fv2%2Ftags&post=14341"}],"curies":[{"name":"wp","href":"https:\/\/api.w.org\/{rel}","templated":true}]}}