{"id":14745,"date":"2023-05-29T08:30:00","date_gmt":"2023-05-29T06:30:00","guid":{"rendered":"https:\/\/www.teatrodomma.it\/?p=14745"},"modified":"2023-05-29T08:30:00","modified_gmt":"2023-05-29T06:30:00","slug":"noi-siamo-pronti-e-voi","status":"publish","type":"post","link":"https:\/\/www.teatrodomma.it\/?p=14745","title":{"rendered":"&#8220;Serata in giallo&#8221;: noi siamo pronti&#8230;e voi?"},"content":{"rendered":"\n<p class=\"has-text-align-left has-background-dark-background-color has-background\"><em>Mercoled\u00ec 31 maggio si d\u00e0 il via alle danze: apriamo le porte ad una &#8220;Serata in giallo&#8221; piena di comicit\u00e0! Lo staff della CdS Theatre Academy \u00e8 carico, insieme ai vari cast. Si parte con quello dei bambini del corso Young (7-13 anni). A seguire: 1 e 2 giugno i due cast del corso Teen&nbsp;(14-19 anni) e nel weekend del 3 e 4 giugno gli altri due del corso Senior (over 20). Ovviamente un enorme grazie va a <em>Marco Zadra<\/em><\/em>, <em>il regista nonch\u00e9 insegnante di recitazione, che in quest&#8217;anno accademico ha inaugurato la sezione prosa dell&#8217;Academy. Allora, avete prenotato? Guai a chi dice che non lo sapeva o non si \u00e8 potuto organizzare!<\/em><\/p>\n\n\n\n<p><\/p>\n\n\n\n<figure class=\"wp-block-image size-large\"><img decoding=\"async\" src=\"https:\/\/www.teatrodomma.it\/wp-content\/uploads\/2023\/05\/Serata-in-Giallo_Lab-Marco-Zadra_locandina-corretta-1024x1024.jpg\" alt=\"\" class=\"wp-image-15100\"\/><\/figure>\n\n\n\n<p class=\"has-text-align-center has-background-dark-background-color has-background\"><strong>Atmosfera un po\u2019 retr\u00f2, Anni Cinquanta, in pieno clima inglese<\/strong><\/p>\n\n\n\n<p>Nella<em> <strong>locanda Ducks &amp; Dogs di Tunbridge Wells<\/strong><\/em>,<em> <\/em>gestita da una coppia di coniugi con la collaborazione della cognata e della loro domestica, sta per avere luogo<strong> una drammatica avventura<\/strong>, di cui sono protagonisti anche sei eccentrici clienti, che sembrano avere tutti qualcosa da nascondere.<strong> <\/strong>Per fare luce sulla vicenda, Scotland Yard invia una squadra formata da un Capitano e un agente.<\/p>\n\n\n\n<p><strong>Una miscela perfetta di suspense e comicit\u00e0<\/strong>, in cui la tensione psicologica cresce a poco a poco, mentre un efferato omicidio compiuto a Londra sembra stranamente collegato con la deliziosa pensione a conduzione familiare.<\/p>\n\n\n\n<p><strong>Firmando la regia di questa <em>&#8216;Serata in giallo&#8217;<\/em>, l&#8217;attore-autore <a href=\"https:\/\/www.teatrodomma.it\/blog\/amici-del-teatro\/marco-zadra\/\" target=\"_blank\" rel=\"noreferrer noopener\">Marco Zadra<\/a> si \u00e8 divertito a prendere in giro il genere poliziesco, concedendosi <strong>in modo ironico<\/strong><\/strong> <strong>qualche libert\u00e0<\/strong> nella scrittura e sulla direzione degli attori. <strong>Siamo di fronte ad <strong>un giallo che \u00e8 una commedia<\/strong><\/strong> <strong>e ad<\/strong> <strong>una commedia che \u00e8 un giallo<\/strong> con le suggestioni dell\u2019atmosfera britannica e una bufera di neve che taglia <a href=\"https:\/\/www.teatrodomma.it\/blog\/compagni-di-scena\/venghino-signori-venghino\/\" target=\"_blank\" rel=\"noreferrer noopener\"> i protagonisti<\/a> fuori dal mondo. <em><strong>Paura, eh?<\/strong><\/em><\/p>\n\n\n\n<p class=\"has-text-align-center has-background-dark-background-color has-background\"><strong><a href=\"https:\/\/www.teatrodomma.it\/blog\/compagni-di-scena\/cinque-repliche-in-giallo-con-gli-allievi-young-teen-senior-della-cds-theatre-academy-diretti-da-marco-zadra\/\" target=\"_blank\" rel=\"noreferrer noopener\">CINQUE REPLICHE con cast diversi<\/a><\/strong><\/p>\n\n\n\n<figure class=\"wp-block-image size-large\"><img decoding=\"async\" src=\"https:\/\/www.teatrodomma.it\/wp-content\/uploads\/2023\/05\/Serata-in-Giallo_Lab-Marco-Zadra_insegna-Ducks-and-Dogs-1024x768.jpg\" alt=\"\" class=\"wp-image-15150\"\/><figcaption><strong><em>L&#8217;insegna della locanda &#8220;Ducks &amp; Dogs&#8221; di Tunbridge Wells<\/em><\/strong><\/figcaption><\/figure>\n\n\n\n<p class=\"has-text-align-center has-background-dark-background-color has-background\"><strong>PRENOTAZIONI: cell 3286077138 &#8211; teatrodomma@gmail.com<\/strong><\/p>\n\n\n\n<figure class=\"wp-block-image size-large\"><img decoding=\"async\" src=\"https:\/\/www.teatrodomma.it\/wp-content\/uploads\/2023\/05\/Serata-in-Giallo_Lab-Marco-Zadra_YOUNG-in-scena-con-Zadra-1024x768.jpg\" alt=\"\" class=\"wp-image-15255\"\/><figcaption><strong><em>Zadra in scena con i pi\u00f9 piccoli dei suoi corsi<\/em><\/strong><\/figcaption><\/figure>\n\n\n\n<p><strong>31 maggio h 18:00<\/strong>&nbsp;\u2013 gruppo&nbsp;<strong>Young&nbsp;<\/strong><em><strong>&#8211; con loro si esibir\u00e0 lo stesso <a href=\"https:\/\/www.teatrodomma.it\/blog\/interviste\/al-telefono-con-marco-zadra\/\" target=\"_blank\" rel=\"noreferrer noopener\">Zadra<\/a>!<\/strong><\/em><br><strong>01 giugno h&nbsp;<strong>21:00<\/strong>&nbsp;<\/strong>\u2013 gruppo&nbsp;<strong>Teen<\/strong>&nbsp;&#8211;&nbsp;<em><strong>cast 1<\/strong><\/em><br><strong>02 giugno h&nbsp;<strong>21:00<\/strong><\/strong>&nbsp;\u2013 gruppo&nbsp;<strong>Teen<\/strong>&nbsp;&#8211; <em><strong>cast 2<\/strong><\/em><br><strong>03 giugno h&nbsp;<strong>21:00<\/strong><\/strong>&nbsp;\u2013 gruppo&nbsp;<strong>Senior<\/strong>&nbsp;&#8211;&nbsp;<em><strong>cast 1<\/strong><\/em><br><strong>04 giugno h 18:00<\/strong>&nbsp;\u2013&nbsp;gruppo&nbsp;<strong>Senior<\/strong>&nbsp;&#8211; <em><strong>cast 2<\/strong><\/em><\/p>\n\n\n\n<p class=\"has-text-align-center has-background-dark-background-color has-background\"><strong>Uno spettacolo da non lasciarsi sfuggire!<\/strong> <strong>VENITE, NON VE NE PENTIRETE<\/strong>!<\/p>\n\n\n\n<p><\/p>\n\n\n\n<figure class=\"wp-block-image size-large\"><img loading=\"lazy\" decoding=\"async\" width=\"1024\" height=\"683\" src=\"http:\/\/test.teatrodomma.it\/wp-content\/uploads\/2023\/05\/Marco-Zadra_divano-1024x683.jpg\" alt=\"\" class=\"wp-image-14763\" srcset=\"https:\/\/www.teatrodomma.it\/wp-content\/uploads\/2023\/05\/Marco-Zadra_divano-1024x683.jpg 1024w, https:\/\/www.teatrodomma.it\/wp-content\/uploads\/2023\/05\/Marco-Zadra_divano-300x200.jpg 300w, https:\/\/www.teatrodomma.it\/wp-content\/uploads\/2023\/05\/Marco-Zadra_divano-768x512.jpg 768w, https:\/\/www.teatrodomma.it\/wp-content\/uploads\/2023\/05\/Marco-Zadra_divano-1536x1024.jpg 1536w, https:\/\/www.teatrodomma.it\/wp-content\/uploads\/2023\/05\/Marco-Zadra_divano-200x133.jpg 200w, https:\/\/www.teatrodomma.it\/wp-content\/uploads\/2023\/05\/Marco-Zadra_divano-1620x1080.jpg 1620w, https:\/\/www.teatrodomma.it\/wp-content\/uploads\/2023\/05\/Marco-Zadra_divano-272x182.jpg 272w, https:\/\/www.teatrodomma.it\/wp-content\/uploads\/2023\/05\/Marco-Zadra_divano.jpg 2048w\" sizes=\"(max-width: 1024px) 100vw, 1024px\" \/><figcaption><strong><em>Insomma..<\/em><\/strong><em style=\"font-weight: bold;\">avete ancora dubbi?<\/em> <em><strong>(Ph. Valerio Faccini)<\/strong><\/em><\/figcaption><\/figure>\n","protected":false},"excerpt":{"rendered":"<p>Mercoled\u00ec 31 maggio si d\u00e0 il via alle danze: apriamo le porte ad una &#8220;Serata in giallo&#8221; piena di comicit\u00e0! Lo staff della CdS Theatre Academy \u00e8 carico, insieme ai vari cast. Si parte con quello dei bambini del corso Young (7-13 anni). A seguire: 1 e 2 giugno i due cast del corso Teen&nbsp;(14-19 [&hellip;]<\/p>\n","protected":false},"author":3,"featured_media":14705,"comment_status":"closed","ping_status":"closed","sticky":false,"template":"","format":"standard","meta":{"saved_in_kubio":false,"footnotes":""},"categories":[33],"tags":[49,262,253,363,260,17],"class_list":{"0":"post-14745","1":"post","2":"type-post","3":"status-publish","4":"format-standard","5":"has-post-thumbnail","6":"hentry","7":"category-compagni-di-scena","8":"tag-cds-academy","9":"tag-cds-senior","10":"tag-cds-teen","11":"tag-cds-theatre-academy","12":"tag-cds-young","13":"tag-marco-zadra","15":"post-with-thumbnail","16":"post-with-thumbnail-large"},"yoast_head":"<!-- This site is optimized with the Yoast SEO plugin v25.8 - https:\/\/yoast.com\/wordpress\/plugins\/seo\/ -->\n<title>&quot;Serata in giallo&quot;: noi siamo pronti...e voi? - Teatro Domma<\/title>\n<meta name=\"robots\" content=\"index, follow, max-snippet:-1, max-image-preview:large, max-video-preview:-1\" \/>\n<link rel=\"canonical\" href=\"https:\/\/www.teatrodomma.it\/?p=14745\" \/>\n<meta property=\"og:locale\" content=\"it_IT\" \/>\n<meta property=\"og:type\" content=\"article\" \/>\n<meta property=\"og:title\" content=\"&quot;Serata in giallo&quot;: noi siamo pronti...e voi? - Teatro Domma\" \/>\n<meta property=\"og:description\" content=\"Mercoled\u00ec 31 maggio si d\u00e0 il via alle danze: apriamo le porte ad una &#8220;Serata in giallo&#8221; piena di comicit\u00e0! Lo staff della CdS Theatre Academy \u00e8 carico, insieme ai vari cast. Si parte con quello dei bambini del corso Young (7-13 anni). A seguire: 1 e 2 giugno i due cast del corso Teen&nbsp;(14-19 [&hellip;]\" \/>\n<meta property=\"og:url\" content=\"https:\/\/www.teatrodomma.it\/?p=14745\" \/>\n<meta property=\"og:site_name\" content=\"Teatro Domma\" \/>\n<meta property=\"article:publisher\" content=\"https:\/\/www.facebook.com\/p\/Teatro-Domma-61556981831878\/?locale=it_IT\" \/>\n<meta property=\"article:published_time\" content=\"2023-05-29T06:30:00+00:00\" \/>\n<meta property=\"og:image\" content=\"https:\/\/www.teatrodomma.it\/wp-content\/uploads\/2023\/05\/Serata-in-Giallo_Marco-Zadra-giacca-gialla-e1684403107604.jpg\" \/>\n\t<meta property=\"og:image:width\" content=\"900\" \/>\n\t<meta property=\"og:image:height\" content=\"598\" \/>\n\t<meta property=\"og:image:type\" content=\"image\/jpeg\" \/>\n<meta name=\"author\" content=\"Margherita De Donato\" \/>\n<meta name=\"twitter:card\" content=\"summary_large_image\" \/>\n<meta name=\"twitter:label1\" content=\"Scritto da\" \/>\n\t<meta name=\"twitter:data1\" content=\"Margherita De Donato\" \/>\n\t<meta name=\"twitter:label2\" content=\"Tempo di lettura stimato\" \/>\n\t<meta name=\"twitter:data2\" content=\"3 minuti\" \/>\n<script type=\"application\/ld+json\" class=\"yoast-schema-graph\">{\"@context\":\"https:\/\/schema.org\",\"@graph\":[{\"@type\":\"Article\",\"@id\":\"https:\/\/www.teatrodomma.it\/?p=14745#article\",\"isPartOf\":{\"@id\":\"https:\/\/www.teatrodomma.it\/?p=14745\"},\"author\":{\"name\":\"Margherita De Donato\",\"@id\":\"https:\/\/www.teatrodomma.it\/#\/schema\/person\/8a1f09bf4c695307c8aef38d93aa0e84\"},\"headline\":\"&#8220;Serata in giallo&#8221;: noi siamo pronti&#8230;e voi?\",\"datePublished\":\"2023-05-29T06:30:00+00:00\",\"mainEntityOfPage\":{\"@id\":\"https:\/\/www.teatrodomma.it\/?p=14745\"},\"wordCount\":399,\"publisher\":{\"@id\":\"https:\/\/www.teatrodomma.it\/#organization\"},\"image\":{\"@id\":\"https:\/\/www.teatrodomma.it\/?p=14745#primaryimage\"},\"thumbnailUrl\":\"https:\/\/www.teatrodomma.it\/wp-content\/uploads\/2023\/05\/Serata-in-Giallo_Marco-Zadra-giacca-gialla-e1684403107604.jpg\",\"keywords\":[\"Cds Academy\",\"CdS Senior\",\"CdS Teen\",\"CdS Theatre Academy\",\"CdS Young\",\"Marco Zadra\"],\"articleSection\":[\"Compagni di Scena\"],\"inLanguage\":\"it-IT\"},{\"@type\":\"WebPage\",\"@id\":\"https:\/\/www.teatrodomma.it\/?p=14745\",\"url\":\"https:\/\/www.teatrodomma.it\/?p=14745\",\"name\":\"\\\"Serata in giallo\\\": noi siamo pronti...e voi? - Teatro Domma\",\"isPartOf\":{\"@id\":\"https:\/\/www.teatrodomma.it\/#website\"},\"primaryImageOfPage\":{\"@id\":\"https:\/\/www.teatrodomma.it\/?p=14745#primaryimage\"},\"image\":{\"@id\":\"https:\/\/www.teatrodomma.it\/?p=14745#primaryimage\"},\"thumbnailUrl\":\"https:\/\/www.teatrodomma.it\/wp-content\/uploads\/2023\/05\/Serata-in-Giallo_Marco-Zadra-giacca-gialla-e1684403107604.jpg\",\"datePublished\":\"2023-05-29T06:30:00+00:00\",\"breadcrumb\":{\"@id\":\"https:\/\/www.teatrodomma.it\/?p=14745#breadcrumb\"},\"inLanguage\":\"it-IT\",\"potentialAction\":[{\"@type\":\"ReadAction\",\"target\":[\"https:\/\/www.teatrodomma.it\/?p=14745\"]}]},{\"@type\":\"ImageObject\",\"inLanguage\":\"it-IT\",\"@id\":\"https:\/\/www.teatrodomma.it\/?p=14745#primaryimage\",\"url\":\"https:\/\/www.teatrodomma.it\/wp-content\/uploads\/2023\/05\/Serata-in-Giallo_Marco-Zadra-giacca-gialla-e1684403107604.jpg\",\"contentUrl\":\"https:\/\/www.teatrodomma.it\/wp-content\/uploads\/2023\/05\/Serata-in-Giallo_Marco-Zadra-giacca-gialla-e1684403107604.jpg\",\"width\":900,\"height\":598},{\"@type\":\"BreadcrumbList\",\"@id\":\"https:\/\/www.teatrodomma.it\/?p=14745#breadcrumb\",\"itemListElement\":[{\"@type\":\"ListItem\",\"position\":1,\"name\":\"Home\",\"item\":\"https:\/\/www.teatrodomma.it\/\"},{\"@type\":\"ListItem\",\"position\":2,\"name\":\"&#8220;Serata in giallo&#8221;: noi siamo pronti&#8230;e voi?\"}]},{\"@type\":\"WebSite\",\"@id\":\"https:\/\/www.teatrodomma.it\/#website\",\"url\":\"https:\/\/www.teatrodomma.it\/\",\"name\":\"Teatro Domma\",\"description\":\"\",\"publisher\":{\"@id\":\"https:\/\/www.teatrodomma.it\/#organization\"},\"potentialAction\":[{\"@type\":\"SearchAction\",\"target\":{\"@type\":\"EntryPoint\",\"urlTemplate\":\"https:\/\/www.teatrodomma.it\/?s={search_term_string}\"},\"query-input\":{\"@type\":\"PropertyValueSpecification\",\"valueRequired\":true,\"valueName\":\"search_term_string\"}}],\"inLanguage\":\"it-IT\"},{\"@type\":\"Organization\",\"@id\":\"https:\/\/www.teatrodomma.it\/#organization\",\"name\":\"Teatro Domma\",\"url\":\"https:\/\/www.teatrodomma.it\/\",\"logo\":{\"@type\":\"ImageObject\",\"inLanguage\":\"it-IT\",\"@id\":\"https:\/\/www.teatrodomma.it\/#\/schema\/logo\/image\/\",\"url\":\"https:\/\/www.teatrodomma.it\/wp-content\/uploads\/2025\/01\/LOGOICON-edited-2.png\",\"contentUrl\":\"https:\/\/www.teatrodomma.it\/wp-content\/uploads\/2025\/01\/LOGOICON-edited-2.png\",\"width\":510,\"height\":287,\"caption\":\"Teatro Domma\"},\"image\":{\"@id\":\"https:\/\/www.teatrodomma.it\/#\/schema\/logo\/image\/\"},\"sameAs\":[\"https:\/\/www.facebook.com\/p\/Teatro-Domma-61556981831878\/?locale=it_IT\",\"https:\/\/www.instagram.com\/teatro_domma\/\"]},{\"@type\":\"Person\",\"@id\":\"https:\/\/www.teatrodomma.it\/#\/schema\/person\/8a1f09bf4c695307c8aef38d93aa0e84\",\"name\":\"Margherita De Donato\",\"image\":{\"@type\":\"ImageObject\",\"inLanguage\":\"it-IT\",\"@id\":\"https:\/\/www.teatrodomma.it\/#\/schema\/person\/image\/\",\"url\":\"https:\/\/secure.gravatar.com\/avatar\/0fbebb2201a984022de9f07361f7fe88cb7fcefd6be5e33abf5559102ec20088?s=96&d=mm&r=g\",\"contentUrl\":\"https:\/\/secure.gravatar.com\/avatar\/0fbebb2201a984022de9f07361f7fe88cb7fcefd6be5e33abf5559102ec20088?s=96&d=mm&r=g\",\"caption\":\"Margherita De Donato\"},\"url\":\"https:\/\/www.teatrodomma.it\/?author=3\"}]}<\/script>\n<!-- \/ Yoast SEO plugin. -->","yoast_head_json":{"title":"\"Serata in giallo\": noi siamo pronti...e voi? - Teatro Domma","robots":{"index":"index","follow":"follow","max-snippet":"max-snippet:-1","max-image-preview":"max-image-preview:large","max-video-preview":"max-video-preview:-1"},"canonical":"https:\/\/www.teatrodomma.it\/?p=14745","og_locale":"it_IT","og_type":"article","og_title":"\"Serata in giallo\": noi siamo pronti...e voi? - Teatro Domma","og_description":"Mercoled\u00ec 31 maggio si d\u00e0 il via alle danze: apriamo le porte ad una &#8220;Serata in giallo&#8221; piena di comicit\u00e0! Lo staff della CdS Theatre Academy \u00e8 carico, insieme ai vari cast. Si parte con quello dei bambini del corso Young (7-13 anni). A seguire: 1 e 2 giugno i due cast del corso Teen&nbsp;(14-19 [&hellip;]","og_url":"https:\/\/www.teatrodomma.it\/?p=14745","og_site_name":"Teatro Domma","article_publisher":"https:\/\/www.facebook.com\/p\/Teatro-Domma-61556981831878\/?locale=it_IT","article_published_time":"2023-05-29T06:30:00+00:00","og_image":[{"width":900,"height":598,"url":"https:\/\/www.teatrodomma.it\/wp-content\/uploads\/2023\/05\/Serata-in-Giallo_Marco-Zadra-giacca-gialla-e1684403107604.jpg","type":"image\/jpeg"}],"author":"Margherita De Donato","twitter_card":"summary_large_image","twitter_misc":{"Scritto da":"Margherita De Donato","Tempo di lettura stimato":"3 minuti"},"schema":{"@context":"https:\/\/schema.org","@graph":[{"@type":"Article","@id":"https:\/\/www.teatrodomma.it\/?p=14745#article","isPartOf":{"@id":"https:\/\/www.teatrodomma.it\/?p=14745"},"author":{"name":"Margherita De Donato","@id":"https:\/\/www.teatrodomma.it\/#\/schema\/person\/8a1f09bf4c695307c8aef38d93aa0e84"},"headline":"&#8220;Serata in giallo&#8221;: noi siamo pronti&#8230;e voi?","datePublished":"2023-05-29T06:30:00+00:00","mainEntityOfPage":{"@id":"https:\/\/www.teatrodomma.it\/?p=14745"},"wordCount":399,"publisher":{"@id":"https:\/\/www.teatrodomma.it\/#organization"},"image":{"@id":"https:\/\/www.teatrodomma.it\/?p=14745#primaryimage"},"thumbnailUrl":"https:\/\/www.teatrodomma.it\/wp-content\/uploads\/2023\/05\/Serata-in-Giallo_Marco-Zadra-giacca-gialla-e1684403107604.jpg","keywords":["Cds Academy","CdS Senior","CdS Teen","CdS Theatre Academy","CdS Young","Marco Zadra"],"articleSection":["Compagni di Scena"],"inLanguage":"it-IT"},{"@type":"WebPage","@id":"https:\/\/www.teatrodomma.it\/?p=14745","url":"https:\/\/www.teatrodomma.it\/?p=14745","name":"\"Serata in giallo\": noi siamo pronti...e voi? - Teatro Domma","isPartOf":{"@id":"https:\/\/www.teatrodomma.it\/#website"},"primaryImageOfPage":{"@id":"https:\/\/www.teatrodomma.it\/?p=14745#primaryimage"},"image":{"@id":"https:\/\/www.teatrodomma.it\/?p=14745#primaryimage"},"thumbnailUrl":"https:\/\/www.teatrodomma.it\/wp-content\/uploads\/2023\/05\/Serata-in-Giallo_Marco-Zadra-giacca-gialla-e1684403107604.jpg","datePublished":"2023-05-29T06:30:00+00:00","breadcrumb":{"@id":"https:\/\/www.teatrodomma.it\/?p=14745#breadcrumb"},"inLanguage":"it-IT","potentialAction":[{"@type":"ReadAction","target":["https:\/\/www.teatrodomma.it\/?p=14745"]}]},{"@type":"ImageObject","inLanguage":"it-IT","@id":"https:\/\/www.teatrodomma.it\/?p=14745#primaryimage","url":"https:\/\/www.teatrodomma.it\/wp-content\/uploads\/2023\/05\/Serata-in-Giallo_Marco-Zadra-giacca-gialla-e1684403107604.jpg","contentUrl":"https:\/\/www.teatrodomma.it\/wp-content\/uploads\/2023\/05\/Serata-in-Giallo_Marco-Zadra-giacca-gialla-e1684403107604.jpg","width":900,"height":598},{"@type":"BreadcrumbList","@id":"https:\/\/www.teatrodomma.it\/?p=14745#breadcrumb","itemListElement":[{"@type":"ListItem","position":1,"name":"Home","item":"https:\/\/www.teatrodomma.it\/"},{"@type":"ListItem","position":2,"name":"&#8220;Serata in giallo&#8221;: noi siamo pronti&#8230;e voi?"}]},{"@type":"WebSite","@id":"https:\/\/www.teatrodomma.it\/#website","url":"https:\/\/www.teatrodomma.it\/","name":"Teatro Domma","description":"","publisher":{"@id":"https:\/\/www.teatrodomma.it\/#organization"},"potentialAction":[{"@type":"SearchAction","target":{"@type":"EntryPoint","urlTemplate":"https:\/\/www.teatrodomma.it\/?s={search_term_string}"},"query-input":{"@type":"PropertyValueSpecification","valueRequired":true,"valueName":"search_term_string"}}],"inLanguage":"it-IT"},{"@type":"Organization","@id":"https:\/\/www.teatrodomma.it\/#organization","name":"Teatro Domma","url":"https:\/\/www.teatrodomma.it\/","logo":{"@type":"ImageObject","inLanguage":"it-IT","@id":"https:\/\/www.teatrodomma.it\/#\/schema\/logo\/image\/","url":"https:\/\/www.teatrodomma.it\/wp-content\/uploads\/2025\/01\/LOGOICON-edited-2.png","contentUrl":"https:\/\/www.teatrodomma.it\/wp-content\/uploads\/2025\/01\/LOGOICON-edited-2.png","width":510,"height":287,"caption":"Teatro Domma"},"image":{"@id":"https:\/\/www.teatrodomma.it\/#\/schema\/logo\/image\/"},"sameAs":["https:\/\/www.facebook.com\/p\/Teatro-Domma-61556981831878\/?locale=it_IT","https:\/\/www.instagram.com\/teatro_domma\/"]},{"@type":"Person","@id":"https:\/\/www.teatrodomma.it\/#\/schema\/person\/8a1f09bf4c695307c8aef38d93aa0e84","name":"Margherita De Donato","image":{"@type":"ImageObject","inLanguage":"it-IT","@id":"https:\/\/www.teatrodomma.it\/#\/schema\/person\/image\/","url":"https:\/\/secure.gravatar.com\/avatar\/0fbebb2201a984022de9f07361f7fe88cb7fcefd6be5e33abf5559102ec20088?s=96&d=mm&r=g","contentUrl":"https:\/\/secure.gravatar.com\/avatar\/0fbebb2201a984022de9f07361f7fe88cb7fcefd6be5e33abf5559102ec20088?s=96&d=mm&r=g","caption":"Margherita De Donato"},"url":"https:\/\/www.teatrodomma.it\/?author=3"}]}},"_links":{"self":[{"href":"https:\/\/www.teatrodomma.it\/index.php?rest_route=\/wp\/v2\/posts\/14745","targetHints":{"allow":["GET"]}}],"collection":[{"href":"https:\/\/www.teatrodomma.it\/index.php?rest_route=\/wp\/v2\/posts"}],"about":[{"href":"https:\/\/www.teatrodomma.it\/index.php?rest_route=\/wp\/v2\/types\/post"}],"author":[{"embeddable":true,"href":"https:\/\/www.teatrodomma.it\/index.php?rest_route=\/wp\/v2\/users\/3"}],"replies":[{"embeddable":true,"href":"https:\/\/www.teatrodomma.it\/index.php?rest_route=%2Fwp%2Fv2%2Fcomments&post=14745"}],"version-history":[{"count":0,"href":"https:\/\/www.teatrodomma.it\/index.php?rest_route=\/wp\/v2\/posts\/14745\/revisions"}],"wp:featuredmedia":[{"embeddable":true,"href":"https:\/\/www.teatrodomma.it\/index.php?rest_route=\/wp\/v2\/media\/14705"}],"wp:attachment":[{"href":"https:\/\/www.teatrodomma.it\/index.php?rest_route=%2Fwp%2Fv2%2Fmedia&parent=14745"}],"wp:term":[{"taxonomy":"category","embeddable":true,"href":"https:\/\/www.teatrodomma.it\/index.php?rest_route=%2Fwp%2Fv2%2Fcategories&post=14745"},{"taxonomy":"post_tag","embeddable":true,"href":"https:\/\/www.teatrodomma.it\/index.php?rest_route=%2Fwp%2Fv2%2Ftags&post=14745"}],"curies":[{"name":"wp","href":"https:\/\/api.w.org\/{rel}","templated":true}]}}