{"id":15308,"date":"2023-06-12T00:44:04","date_gmt":"2023-06-11T22:44:04","guid":{"rendered":"https:\/\/www.teatrodomma.it\/?p=15308"},"modified":"2023-06-12T00:44:04","modified_gmt":"2023-06-11T22:44:04","slug":"cinque-cori-inaugurano-larena-estiva-del-teatro-domma","status":"publish","type":"post","link":"https:\/\/www.teatrodomma.it\/?p=15308","title":{"rendered":"Cinque cori inaugurano l&#8217;arena estiva del Teatro Domma appena ristrutturata"},"content":{"rendered":"\n<p class=\"has-background-dark-background-color has-background\"><em>Domenica 25 giugno<\/em> <em>avr\u00e0 luogo la seconda edizione dell&#8217;iniziativa CORI MISSIONARI, che ha selezionato cinque cori della citt\u00e0 di Roma<\/em>, <em>in sostegno dei bambini e delle famiglie del Sud del mondo<\/em> <em>seguite dall&#8217;associazione privata di laici<\/em> &#8220;<em>Italia Solidale Mondo Solidale&#8221;<\/em>, <em>fondata nel 1998 da Padre Angelo Benolli O.M.V<\/em>.<\/p>\n\n\n\n<p><strong>Ad esibirsi saranno le corali:<\/strong> <strong><a href=\"https:\/\/www.italiacori.it\/coro-voci-bianche-incanto-roma\" target=\"_blank\" rel=\"noreferrer noopener\">InCanto<\/a><\/strong><em> (diretta da M\u00b0 Giulia Ferraldeschi),<\/em> <strong>Coro Viridis <\/strong><em>(M\u00b0 Andrea Rossi e Giulia Ferraldeschi),<\/em> <strong>Coro Latino Americano Roma<\/strong> <em>(M\u00b0 Leisbert Moreno Guillen),<\/em><strong> <\/strong><a href=\"https:\/\/www.italiacori.it\/coro-vox-art-roma\" target=\"_blank\" rel=\"noreferrer noopener\"><strong>Vox Art<\/strong> <\/a><em>(M\u00b0 Andrea Rossi<\/em>) e <strong>After Nine &#8211; Ass. Arti Diffuse<\/strong> <em>(M\u00b0 Giovanni Gava).<\/em> <strong>La direzione artistica dell&#8217;evento \u00e8 affidata a <\/strong><a href=\"https:\/\/www.facebook.com\/giulia.ferraldeschi\/?locale=it_IT\" target=\"_blank\" rel=\"noreferrer noopener\"><strong>Giulia Ferraldeschi<\/strong><\/a><strong>.<\/strong><\/p>\n\n\n\n<p><strong>Il concerto avr\u00e0 inizio alle 19:00<\/strong> (con ingresso nell&#8217;arena all&#8217;aperto a partire dalle 18:30) e durer\u00e0 circa un&#8217;ora e mezza.<\/p>\n\n\n\n<p class=\"has-text-align-center\"><strong>Biglietto: euro 10,00 &#8211; Gratis per i minori di 18 anni.<\/strong><\/p>\n\n\n\n<p class=\"has-text-align-center has-background-dark-background-color has-background\"><strong>PARTECIPA ALL&#8217;EVENTO: prenotazioni al 3331031549 (anche WApp)<\/strong><\/p>\n\n\n\n<p>La <strong><em>Corale InCanto<\/em> \u00e8 un progetto che nasce nel 2021 nel quartiere di Casal Palocco<\/strong> dalla volont\u00e0 di alcune donne di creare uno spazio dove potersi divertire tramite la musica. Il repertorio \u00e8 vario e spazia dalla musica rinascimentale alle colonne sonore, senza tralasciare importanti appuntamenti con la musica polifonica (corali, musica afro, spiritual\u2026). Il gruppo ha preso parte a diversi concerti e propone annualmente attivit\u00e0 di solidariet\u00e0 tramite la musica. <strong>\u00c8<\/strong> <strong>diretto dalla Maestra Giulia Ferraldeschi<\/strong>, laureata presso il Pontificio Istituto di Musica Sacra e docente di Canto presso il Pontificio Istituto Germanico&nbsp;e&nbsp;Ungarico.<\/p>\n\n\n\n<p>Il <strong><em>Coro Viridis<\/em><\/strong> <strong>nasce a gennaio 2023 <\/strong>dalla volont\u00e0 di alcuni coristi di incontrarsi e divertirsi tramite lo studio della musica. <strong>Il gruppo ha sede presso la parrocchia di San Mauro Abate, a Roma Sud, ed \u00e8 seguito dal Maestro Andrea Rossi<\/strong>, laureato in Composizione, Direzione di Coro e Direzione d&#8217;Orchestra<strong>, e si avvale dell&#8217;aiuto della Maestra Giulia Ferraldeschi<\/strong>. Il repertorio spazia dalla musica polifonica classica alle colonne sonore Disney, per sintonizzare lo studio della musica al&nbsp;divertimento!<\/p>\n\n\n\n<p>Il <strong><em>Coro Latino Americano Roma<\/em><\/strong> diretto dall&#8217;organista <strong>M\u00b0 Leisbert Moreno Guill\u00e9n<\/strong>, classe 1996, proveniente dall&#8217;Arcidiocesi di Portoviejo in Ecuador. Inizia i suoi studi musicali a soli sei anni con suo padre, continuando la sua formazione musicale nel Conservatorio Constantino Mendoza. All\u2019et\u00e0 di 18 anni intraprende gli studi di organo presso la Scuola di Musica \u201cSanta Cecilia\u201d di Brescia con il Maestro Giancarlo Parodi per trasferirsi dopo a Roma, dove frequenta il corso di Bachelor presso il Pontificio Istituto di Musica Sacra, conseguendo nel 2019 il diploma di primo livello. Frequenta un Master in Improvvisazione sotto la guida del Maestro Padre Theo Flury. A maggio 2022 ottiene la licenza in organo con la specializzazione in improvvisazione, composizione e organo liturgico. Si \u00e8 esibito come organista in diversi paesi come Portogallo, Spagna, Svizzera, Ecuador, nella citt\u00e0 di Gerusalemme e in diverse citt\u00e0 di tutta l\u2019Italia. Tra le sue attivit\u00e0 si registra un forte impegno per la musica liturgica, che si concretizza nella direzione e nell\u2019accompagnamento di corali parrocchiali nella citt\u00e0 di Roma (ad esempio, nella Chiesa di San Francesco d&#8217;Assisi a Monte Mario; nella parrocchia dei Sacri cuori di Ges\u00f9 e Maria e come organista sostituto a Sant\u2019Anna dei Palafrenieri Citt\u00e0 del Vaticano).<\/p>\n\n\n\n<p>Il <strong><em>Coro VoxArt<\/em> <\/strong>dell&#8217; &#8220;Associazione Culturale VoxArt&#8221; <strong>nasce<\/strong> <strong>alla fine del 2011<\/strong> per volont\u00e0 del suo <strong>Direttore M\u00b0 Andrea Rossi<\/strong>, la cui formazione comprende la Laurea Magistrale in Direzione d&#8217;Orchestra presso il Conservatorio dell&#8217;Aquila, la LM in Composizione e direzione di coro al Conservatorio di Napoli e la Licenza in Direzione di Coro presso il Pontificio istituto di musica sacra. Rossi ha visto nell\u2019attivit\u00e0 corale, oltre al suo valore artistico, anche un ottimo strumento per vivere la collettivit\u00e0 e stimolare la socializzazione. Il coro ha come scopo quello di divulgare la musica corale in genere e pone particolare attenzione verso il canto a cappella e verso il vasto repertorio da esso composto, soprattutto attraverso lo studio della musica rinascimentale sacra e profana, ma anche di quella popolare, romantica, moderna e contemporanea fino agli arrangiamenti per sole voci dei brani jazz e pop pi\u00f9 famosi. SEDE: Via Gian Carlo Passeroni, 1 (Ostia Lido) &#8211; <a href=\"mailto:corovoxart@gmail.com\">corovoxart@gmail.com<\/a><\/p>\n\n\n\n<p><em><strong>After Nine<\/strong> <strong>&#8211; Ass. Arti Diffuse<\/strong><\/em> \u00e8 un sestetto vocale romano tutto al femminile diretto dal <strong>M\u00b0 Giovanni Gava<\/strong> che, vicino al mondo della canzone d\u2019autore, ha sempre seguito con decisa passione i giovani interpreti dedicandosi alla preparazione vocale sia in ambito Pop \u2013 Rock e Jazz che in ambito lirico. Nato a Viterbo, Gava intraprende sin da giovanissimo l\u2019attivit\u00e0 musicale cantando come corista nell\u2019Ensemble di voci bianche dell\u2019Aureliano di Roma. Si diploma in Musica Corale e Direzione di Coro presso il Conservatorio \u201cMorlacchi\u201d di Perugia, in pianoforte presso il Conservatorio \u201cRespighi\u201d di Latina, coltivando anche la passione per il canto e per la composizione. Partecipa a corsi di perfezionamento in tecnica vocale tradizionale e rinascimentale con i maestri: A. Kraus, G. Piccillo e L. Lutzen, in pianoforte con i maestri: M. Sammargieva e H. Pell, in composizione con i maestri: A. Meoli e T. Procaccini. Compie studi di organo e canto gregoriano seguendo e dirigendo l\u2019attivit\u00e0 di alcuni gruppi vocali tra cui l\u2019insieme \u201cRinascenza\u201d con il quale vince moltissimi premi in ambito nazionale. Partecipa, in qualit\u00e0 di direttore vocale e orchestrale, a rassegne e festival musicali incidendo per la&nbsp;RAI&nbsp;e per la&nbsp;Radio Vaticana.  E\u2019 stato docente di canto presso la Regia Accademia Filarmonica di Bologna e presso svariate associazioni musicali. Ha partecipato a trasmissioni Rai, quali \u201cLa vita in diretta\u201d e \u201cUno mattina\u201d. Compone e arrangia per cinema, teatro e televisione. Ha ideato nel 2011 il&nbsp;Festival dell\u2019Avvento di Roma&nbsp;\u2013 Cori sotto l\u2019albero, evento canoro che ospita, nelle pi\u00f9 belle basiliche e piazze di Roma,&nbsp; decine di ottimi corali provenienti da tutta Europa durante i w-e che precedono il Natale. Nel 2014 fonda e dirige il&nbsp;Dolomiti Corinfestival&nbsp;e costituisce insieme al M\u00b0 Michele Lotrecchiano, la Societ\u00e0 di Edizioni Musicali oltre che Etichetta Discografica \u201cMG Studio Recording\u201d. Prepara e dirige la&nbsp;Schola Cantorum di Roma&nbsp;dal suo esordio. Ha svolto un\u2019intensa e proficua attivit\u00e0 didattica presso l\u2019Universit\u00e0 Popolare di Roma (UPTER) e dal 2012 al 2019 ha collaborato ed \u00e8 stato presidente della Libera Accademia di Roma LAR. Nel 2019 ha fondato, insieme ad un gruppo di collaboratori, l\u2019<strong>Associazione Culturale Arti Diffuse<\/strong>, di cui \u00e8 presidente. In questo nuovo progetto sono convogliati l\u2019esperienza di tanti anni, l\u2019entusiasmo, la passione per la musica, il piacere di creare e organizzare eventi.&nbsp;SEDE: Via di Santa Prisca 7-8 (Roma, quartiere Aventino) &#8211;&nbsp;<a href=\"mailto:info@artidiffuse.it\">info@artidiffuse.it<\/a><\/p>\n\n\n\n<p class=\"has-text-align-center has-background-dark-background-color has-background\"><strong><strong>LA MUSICA ARRIVA DRITTA AL CUORE<\/strong>!<\/strong><\/p>\n\n\n\n<p><strong>Partecipare ad un coro vuol dire&nbsp;accogliere<\/strong>, abbracciare un gruppo formato non solo da sezioni corali, ma da persone a cui <strong>stare a fianco per cantare insieme<\/strong>: solo cos\u00ec la vocalit\u00e0 prodotta potr\u00e0 essere definita <strong><em>\u201ccorale\u201d<\/em><\/strong>.<\/p>\n\n\n\n<p><strong>Con la loro musica questi cinque cori toccano le nostre corde pi\u00f9 profonde e ci sollecitano ad aiutare le<\/strong> <a href=\"https:\/\/italiasolidale.org\/i-gemellaggi-mondiali\/missioni-nel-sud-del-mondo\/\" target=\"_blank\" rel=\"noreferrer noopener\"><strong>144 missioni<\/strong><\/a><strong> che<\/strong> <strong><a href=\"https:\/\/italiasolidale.org\/\" target=\"_blank\" rel=\"noreferrer noopener\">Italia Solidale Mondo Solidale<\/a><\/strong> <em>(onlus di Volontariato per lo sviluppo di vita e missione)<\/em> <strong>sostiene: 89 <strong>si trovano<\/strong><\/strong> <strong>in Africa, 35 in India e 20 in Sud America.<\/strong> Sono 2.500.000 le persone che in circa 20 anni hanno beneficiato dell&#8217;aiuto e sono state messe in grado di autosostenersi, arrivando a sviluppare le proprie attivit\u00e0 economiche.<\/p>\n\n\n\n<p>Il fondatore di questo movimento \u00e8 <strong><a href=\"https:\/\/italiasolidale.org\/una-nuova-cultura-di-vita\/il-fondatore\/\" target=\"_blank\" rel=\"noreferrer noopener\">Padre Angelo Benolli O.M.V<\/a><\/strong> (sacerdote, missionario, scienziato e antropologo, nato a Nago, 11 ottobre 1931) che in 91 anni di vita e 64 di sacerdozio ha sviluppato una nuova cultura di vita, promosso comunit\u00e0 eucaristiche e missionarie ed un nuovo modo di fare adozione a distanza con i gemellaggi mondiali. Le comunit\u00e0 eucaristiche e missionarie sono composte da 5 famiglie che s\u2019incontrano ogni settimana per condividere e pregare. Ogni famiglia italiana \u00e8 collegata ad una famiglia del Sud del mondo che a sua volta diviene missionaria: trova un donatore locale per un bambino di un altro continente in uno scambio d\u2019amore mondiale.<\/p>\n\n\n\n<p><a href=\"https:\/\/italiasolidale.org\/una-nuova-cultura-di-vita\/libri-e-documenti\/\">Qui elencati tutti i libri di p. Angelo<\/a>, tra i quali figurano anche <em>\u201cIl Carisma da vivere e proporre<\/em>\u201d; <em>\u201cIl Nuovo Sapere e Nuovo potere di Cristo\u201d<\/em>; <em>\u201cPer la libert\u00e0, la dignit\u00e0 e l\u2019indipendenza dei poveri nella carit\u00e0 eucaristica internazionale tra Italia, Africa, India e Sud America<\/em>\u201d.<\/p>\n\n\n\n<p>SEDE di Italia Solidale Mondo Solidale Vo.s.Vi.m. Onlus: Via S. Maria de\u2019 Calderari, 29 (RM) Tel: 06 68.77.999 &#8211; <a href=\"https:\/\/italiasolidale.org\/contatti\/\" target=\"_blank\" rel=\"noreferrer noopener\">CONTATTI<\/a> \/ <a href=\"https:\/\/it.linkedin.com\/company\/italia-solidale-vo-s-vi-m---onlus\" target=\"_blank\" rel=\"noreferrer noopener\">Linkedin<\/a><\/p>\n","protected":false},"excerpt":{"rendered":"<p>Domenica 25 giugno avr\u00e0 luogo la seconda edizione dell&#8217;iniziativa CORI MISSIONARI, che ha selezionato cinque cori della citt\u00e0 di Roma, in sostegno dei bambini e delle famiglie del Sud del mondo seguite dall&#8217;associazione privata di laici &#8220;Italia Solidale Mondo Solidale&#8221;, fondata nel 1998 da Padre Angelo Benolli O.M.V. Ad esibirsi saranno le corali: InCanto (diretta [&hellip;]<\/p>\n","protected":false},"author":3,"featured_media":15309,"comment_status":"closed","ping_status":"open","sticky":false,"template":"","format":"standard","meta":{"saved_in_kubio":false,"footnotes":""},"categories":[14],"tags":[366,251],"class_list":{"0":"post-15308","1":"post","2":"type-post","3":"status-publish","4":"format-standard","5":"has-post-thumbnail","6":"hentry","7":"category-recensioni","8":"tag-cori-missionari","9":"tag-teatro-domma","11":"post-with-thumbnail","12":"post-with-thumbnail-large"},"yoast_head":"<!-- This site is optimized with the Yoast SEO plugin v25.8 - https:\/\/yoast.com\/wordpress\/plugins\/seo\/ -->\n<title>Cinque cori inaugurano l&#039;arena estiva del Teatro Domma appena ristrutturata - Teatro Domma<\/title>\n<meta name=\"robots\" content=\"index, follow, max-snippet:-1, max-image-preview:large, max-video-preview:-1\" \/>\n<link rel=\"canonical\" href=\"https:\/\/www.teatrodomma.it\/?p=15308\" \/>\n<meta property=\"og:locale\" content=\"it_IT\" \/>\n<meta property=\"og:type\" content=\"article\" \/>\n<meta property=\"og:title\" content=\"Cinque cori inaugurano l&#039;arena estiva del Teatro Domma appena ristrutturata - Teatro Domma\" \/>\n<meta property=\"og:description\" content=\"Domenica 25 giugno avr\u00e0 luogo la seconda edizione dell&#8217;iniziativa CORI MISSIONARI, che ha selezionato cinque cori della citt\u00e0 di Roma, in sostegno dei bambini e delle famiglie del Sud del mondo seguite dall&#8217;associazione privata di laici &#8220;Italia Solidale Mondo Solidale&#8221;, fondata nel 1998 da Padre Angelo Benolli O.M.V. Ad esibirsi saranno le corali: InCanto (diretta [&hellip;]\" \/>\n<meta property=\"og:url\" content=\"https:\/\/www.teatrodomma.it\/?p=15308\" \/>\n<meta property=\"og:site_name\" content=\"Teatro Domma\" \/>\n<meta property=\"article:publisher\" content=\"https:\/\/www.facebook.com\/p\/Teatro-Domma-61556981831878\/?locale=it_IT\" \/>\n<meta property=\"article:published_time\" content=\"2023-06-11T22:44:04+00:00\" \/>\n<meta property=\"og:image\" content=\"https:\/\/www.teatrodomma.it\/wp-content\/uploads\/2023\/06\/Arena-estiva-2023_CORI-MISSIONARI-e1686523274230.jpg\" \/>\n\t<meta property=\"og:image:width\" content=\"900\" \/>\n\t<meta property=\"og:image:height\" content=\"1266\" \/>\n\t<meta property=\"og:image:type\" content=\"image\/jpeg\" \/>\n<meta name=\"author\" content=\"Margherita De Donato\" \/>\n<meta name=\"twitter:card\" content=\"summary_large_image\" \/>\n<meta name=\"twitter:label1\" content=\"Scritto da\" \/>\n\t<meta name=\"twitter:data1\" content=\"Margherita De Donato\" \/>\n\t<meta name=\"twitter:label2\" content=\"Tempo di lettura stimato\" \/>\n\t<meta name=\"twitter:data2\" content=\"6 minuti\" \/>\n<script type=\"application\/ld+json\" class=\"yoast-schema-graph\">{\"@context\":\"https:\/\/schema.org\",\"@graph\":[{\"@type\":\"Article\",\"@id\":\"https:\/\/www.teatrodomma.it\/?p=15308#article\",\"isPartOf\":{\"@id\":\"https:\/\/www.teatrodomma.it\/?p=15308\"},\"author\":{\"name\":\"Margherita De Donato\",\"@id\":\"https:\/\/www.teatrodomma.it\/#\/schema\/person\/8a1f09bf4c695307c8aef38d93aa0e84\"},\"headline\":\"Cinque cori inaugurano l&#8217;arena estiva del Teatro Domma appena ristrutturata\",\"datePublished\":\"2023-06-11T22:44:04+00:00\",\"mainEntityOfPage\":{\"@id\":\"https:\/\/www.teatrodomma.it\/?p=15308\"},\"wordCount\":1383,\"publisher\":{\"@id\":\"https:\/\/www.teatrodomma.it\/#organization\"},\"image\":{\"@id\":\"https:\/\/www.teatrodomma.it\/?p=15308#primaryimage\"},\"thumbnailUrl\":\"https:\/\/www.teatrodomma.it\/wp-content\/uploads\/2023\/06\/Arena-estiva-2023_CORI-MISSIONARI-e1686523274230.jpg\",\"keywords\":[\"cori missionari\",\"teatro domma\"],\"articleSection\":[\"Recensioni\"],\"inLanguage\":\"it-IT\"},{\"@type\":\"WebPage\",\"@id\":\"https:\/\/www.teatrodomma.it\/?p=15308\",\"url\":\"https:\/\/www.teatrodomma.it\/?p=15308\",\"name\":\"Cinque cori inaugurano l'arena estiva del Teatro Domma appena ristrutturata - Teatro Domma\",\"isPartOf\":{\"@id\":\"https:\/\/www.teatrodomma.it\/#website\"},\"primaryImageOfPage\":{\"@id\":\"https:\/\/www.teatrodomma.it\/?p=15308#primaryimage\"},\"image\":{\"@id\":\"https:\/\/www.teatrodomma.it\/?p=15308#primaryimage\"},\"thumbnailUrl\":\"https:\/\/www.teatrodomma.it\/wp-content\/uploads\/2023\/06\/Arena-estiva-2023_CORI-MISSIONARI-e1686523274230.jpg\",\"datePublished\":\"2023-06-11T22:44:04+00:00\",\"breadcrumb\":{\"@id\":\"https:\/\/www.teatrodomma.it\/?p=15308#breadcrumb\"},\"inLanguage\":\"it-IT\",\"potentialAction\":[{\"@type\":\"ReadAction\",\"target\":[\"https:\/\/www.teatrodomma.it\/?p=15308\"]}]},{\"@type\":\"ImageObject\",\"inLanguage\":\"it-IT\",\"@id\":\"https:\/\/www.teatrodomma.it\/?p=15308#primaryimage\",\"url\":\"https:\/\/www.teatrodomma.it\/wp-content\/uploads\/2023\/06\/Arena-estiva-2023_CORI-MISSIONARI-e1686523274230.jpg\",\"contentUrl\":\"https:\/\/www.teatrodomma.it\/wp-content\/uploads\/2023\/06\/Arena-estiva-2023_CORI-MISSIONARI-e1686523274230.jpg\",\"width\":900,\"height\":1266},{\"@type\":\"BreadcrumbList\",\"@id\":\"https:\/\/www.teatrodomma.it\/?p=15308#breadcrumb\",\"itemListElement\":[{\"@type\":\"ListItem\",\"position\":1,\"name\":\"Home\",\"item\":\"https:\/\/www.teatrodomma.it\/\"},{\"@type\":\"ListItem\",\"position\":2,\"name\":\"Cinque cori inaugurano l&#8217;arena estiva del Teatro Domma appena ristrutturata\"}]},{\"@type\":\"WebSite\",\"@id\":\"https:\/\/www.teatrodomma.it\/#website\",\"url\":\"https:\/\/www.teatrodomma.it\/\",\"name\":\"Teatro Domma\",\"description\":\"\",\"publisher\":{\"@id\":\"https:\/\/www.teatrodomma.it\/#organization\"},\"potentialAction\":[{\"@type\":\"SearchAction\",\"target\":{\"@type\":\"EntryPoint\",\"urlTemplate\":\"https:\/\/www.teatrodomma.it\/?s={search_term_string}\"},\"query-input\":{\"@type\":\"PropertyValueSpecification\",\"valueRequired\":true,\"valueName\":\"search_term_string\"}}],\"inLanguage\":\"it-IT\"},{\"@type\":\"Organization\",\"@id\":\"https:\/\/www.teatrodomma.it\/#organization\",\"name\":\"Teatro Domma\",\"url\":\"https:\/\/www.teatrodomma.it\/\",\"logo\":{\"@type\":\"ImageObject\",\"inLanguage\":\"it-IT\",\"@id\":\"https:\/\/www.teatrodomma.it\/#\/schema\/logo\/image\/\",\"url\":\"https:\/\/www.teatrodomma.it\/wp-content\/uploads\/2025\/01\/LOGOICON-edited-2.png\",\"contentUrl\":\"https:\/\/www.teatrodomma.it\/wp-content\/uploads\/2025\/01\/LOGOICON-edited-2.png\",\"width\":510,\"height\":287,\"caption\":\"Teatro Domma\"},\"image\":{\"@id\":\"https:\/\/www.teatrodomma.it\/#\/schema\/logo\/image\/\"},\"sameAs\":[\"https:\/\/www.facebook.com\/p\/Teatro-Domma-61556981831878\/?locale=it_IT\",\"https:\/\/www.instagram.com\/teatro_domma\/\"]},{\"@type\":\"Person\",\"@id\":\"https:\/\/www.teatrodomma.it\/#\/schema\/person\/8a1f09bf4c695307c8aef38d93aa0e84\",\"name\":\"Margherita De Donato\",\"image\":{\"@type\":\"ImageObject\",\"inLanguage\":\"it-IT\",\"@id\":\"https:\/\/www.teatrodomma.it\/#\/schema\/person\/image\/\",\"url\":\"https:\/\/secure.gravatar.com\/avatar\/0fbebb2201a984022de9f07361f7fe88cb7fcefd6be5e33abf5559102ec20088?s=96&d=mm&r=g\",\"contentUrl\":\"https:\/\/secure.gravatar.com\/avatar\/0fbebb2201a984022de9f07361f7fe88cb7fcefd6be5e33abf5559102ec20088?s=96&d=mm&r=g\",\"caption\":\"Margherita De Donato\"},\"url\":\"https:\/\/www.teatrodomma.it\/?author=3\"}]}<\/script>\n<!-- \/ Yoast SEO plugin. -->","yoast_head_json":{"title":"Cinque cori inaugurano l'arena estiva del Teatro Domma appena ristrutturata - Teatro Domma","robots":{"index":"index","follow":"follow","max-snippet":"max-snippet:-1","max-image-preview":"max-image-preview:large","max-video-preview":"max-video-preview:-1"},"canonical":"https:\/\/www.teatrodomma.it\/?p=15308","og_locale":"it_IT","og_type":"article","og_title":"Cinque cori inaugurano l'arena estiva del Teatro Domma appena ristrutturata - Teatro Domma","og_description":"Domenica 25 giugno avr\u00e0 luogo la seconda edizione dell&#8217;iniziativa CORI MISSIONARI, che ha selezionato cinque cori della citt\u00e0 di Roma, in sostegno dei bambini e delle famiglie del Sud del mondo seguite dall&#8217;associazione privata di laici &#8220;Italia Solidale Mondo Solidale&#8221;, fondata nel 1998 da Padre Angelo Benolli O.M.V. Ad esibirsi saranno le corali: InCanto (diretta [&hellip;]","og_url":"https:\/\/www.teatrodomma.it\/?p=15308","og_site_name":"Teatro Domma","article_publisher":"https:\/\/www.facebook.com\/p\/Teatro-Domma-61556981831878\/?locale=it_IT","article_published_time":"2023-06-11T22:44:04+00:00","og_image":[{"width":900,"height":1266,"url":"https:\/\/www.teatrodomma.it\/wp-content\/uploads\/2023\/06\/Arena-estiva-2023_CORI-MISSIONARI-e1686523274230.jpg","type":"image\/jpeg"}],"author":"Margherita De Donato","twitter_card":"summary_large_image","twitter_misc":{"Scritto da":"Margherita De Donato","Tempo di lettura stimato":"6 minuti"},"schema":{"@context":"https:\/\/schema.org","@graph":[{"@type":"Article","@id":"https:\/\/www.teatrodomma.it\/?p=15308#article","isPartOf":{"@id":"https:\/\/www.teatrodomma.it\/?p=15308"},"author":{"name":"Margherita De Donato","@id":"https:\/\/www.teatrodomma.it\/#\/schema\/person\/8a1f09bf4c695307c8aef38d93aa0e84"},"headline":"Cinque cori inaugurano l&#8217;arena estiva del Teatro Domma appena ristrutturata","datePublished":"2023-06-11T22:44:04+00:00","mainEntityOfPage":{"@id":"https:\/\/www.teatrodomma.it\/?p=15308"},"wordCount":1383,"publisher":{"@id":"https:\/\/www.teatrodomma.it\/#organization"},"image":{"@id":"https:\/\/www.teatrodomma.it\/?p=15308#primaryimage"},"thumbnailUrl":"https:\/\/www.teatrodomma.it\/wp-content\/uploads\/2023\/06\/Arena-estiva-2023_CORI-MISSIONARI-e1686523274230.jpg","keywords":["cori missionari","teatro domma"],"articleSection":["Recensioni"],"inLanguage":"it-IT"},{"@type":"WebPage","@id":"https:\/\/www.teatrodomma.it\/?p=15308","url":"https:\/\/www.teatrodomma.it\/?p=15308","name":"Cinque cori inaugurano l'arena estiva del Teatro Domma appena ristrutturata - Teatro Domma","isPartOf":{"@id":"https:\/\/www.teatrodomma.it\/#website"},"primaryImageOfPage":{"@id":"https:\/\/www.teatrodomma.it\/?p=15308#primaryimage"},"image":{"@id":"https:\/\/www.teatrodomma.it\/?p=15308#primaryimage"},"thumbnailUrl":"https:\/\/www.teatrodomma.it\/wp-content\/uploads\/2023\/06\/Arena-estiva-2023_CORI-MISSIONARI-e1686523274230.jpg","datePublished":"2023-06-11T22:44:04+00:00","breadcrumb":{"@id":"https:\/\/www.teatrodomma.it\/?p=15308#breadcrumb"},"inLanguage":"it-IT","potentialAction":[{"@type":"ReadAction","target":["https:\/\/www.teatrodomma.it\/?p=15308"]}]},{"@type":"ImageObject","inLanguage":"it-IT","@id":"https:\/\/www.teatrodomma.it\/?p=15308#primaryimage","url":"https:\/\/www.teatrodomma.it\/wp-content\/uploads\/2023\/06\/Arena-estiva-2023_CORI-MISSIONARI-e1686523274230.jpg","contentUrl":"https:\/\/www.teatrodomma.it\/wp-content\/uploads\/2023\/06\/Arena-estiva-2023_CORI-MISSIONARI-e1686523274230.jpg","width":900,"height":1266},{"@type":"BreadcrumbList","@id":"https:\/\/www.teatrodomma.it\/?p=15308#breadcrumb","itemListElement":[{"@type":"ListItem","position":1,"name":"Home","item":"https:\/\/www.teatrodomma.it\/"},{"@type":"ListItem","position":2,"name":"Cinque cori inaugurano l&#8217;arena estiva del Teatro Domma appena ristrutturata"}]},{"@type":"WebSite","@id":"https:\/\/www.teatrodomma.it\/#website","url":"https:\/\/www.teatrodomma.it\/","name":"Teatro Domma","description":"","publisher":{"@id":"https:\/\/www.teatrodomma.it\/#organization"},"potentialAction":[{"@type":"SearchAction","target":{"@type":"EntryPoint","urlTemplate":"https:\/\/www.teatrodomma.it\/?s={search_term_string}"},"query-input":{"@type":"PropertyValueSpecification","valueRequired":true,"valueName":"search_term_string"}}],"inLanguage":"it-IT"},{"@type":"Organization","@id":"https:\/\/www.teatrodomma.it\/#organization","name":"Teatro Domma","url":"https:\/\/www.teatrodomma.it\/","logo":{"@type":"ImageObject","inLanguage":"it-IT","@id":"https:\/\/www.teatrodomma.it\/#\/schema\/logo\/image\/","url":"https:\/\/www.teatrodomma.it\/wp-content\/uploads\/2025\/01\/LOGOICON-edited-2.png","contentUrl":"https:\/\/www.teatrodomma.it\/wp-content\/uploads\/2025\/01\/LOGOICON-edited-2.png","width":510,"height":287,"caption":"Teatro Domma"},"image":{"@id":"https:\/\/www.teatrodomma.it\/#\/schema\/logo\/image\/"},"sameAs":["https:\/\/www.facebook.com\/p\/Teatro-Domma-61556981831878\/?locale=it_IT","https:\/\/www.instagram.com\/teatro_domma\/"]},{"@type":"Person","@id":"https:\/\/www.teatrodomma.it\/#\/schema\/person\/8a1f09bf4c695307c8aef38d93aa0e84","name":"Margherita De Donato","image":{"@type":"ImageObject","inLanguage":"it-IT","@id":"https:\/\/www.teatrodomma.it\/#\/schema\/person\/image\/","url":"https:\/\/secure.gravatar.com\/avatar\/0fbebb2201a984022de9f07361f7fe88cb7fcefd6be5e33abf5559102ec20088?s=96&d=mm&r=g","contentUrl":"https:\/\/secure.gravatar.com\/avatar\/0fbebb2201a984022de9f07361f7fe88cb7fcefd6be5e33abf5559102ec20088?s=96&d=mm&r=g","caption":"Margherita De Donato"},"url":"https:\/\/www.teatrodomma.it\/?author=3"}]}},"_links":{"self":[{"href":"https:\/\/www.teatrodomma.it\/index.php?rest_route=\/wp\/v2\/posts\/15308","targetHints":{"allow":["GET"]}}],"collection":[{"href":"https:\/\/www.teatrodomma.it\/index.php?rest_route=\/wp\/v2\/posts"}],"about":[{"href":"https:\/\/www.teatrodomma.it\/index.php?rest_route=\/wp\/v2\/types\/post"}],"author":[{"embeddable":true,"href":"https:\/\/www.teatrodomma.it\/index.php?rest_route=\/wp\/v2\/users\/3"}],"replies":[{"embeddable":true,"href":"https:\/\/www.teatrodomma.it\/index.php?rest_route=%2Fwp%2Fv2%2Fcomments&post=15308"}],"version-history":[{"count":0,"href":"https:\/\/www.teatrodomma.it\/index.php?rest_route=\/wp\/v2\/posts\/15308\/revisions"}],"wp:featuredmedia":[{"embeddable":true,"href":"https:\/\/www.teatrodomma.it\/index.php?rest_route=\/wp\/v2\/media\/15309"}],"wp:attachment":[{"href":"https:\/\/www.teatrodomma.it\/index.php?rest_route=%2Fwp%2Fv2%2Fmedia&parent=15308"}],"wp:term":[{"taxonomy":"category","embeddable":true,"href":"https:\/\/www.teatrodomma.it\/index.php?rest_route=%2Fwp%2Fv2%2Fcategories&post=15308"},{"taxonomy":"post_tag","embeddable":true,"href":"https:\/\/www.teatrodomma.it\/index.php?rest_route=%2Fwp%2Fv2%2Ftags&post=15308"}],"curies":[{"name":"wp","href":"https:\/\/api.w.org\/{rel}","templated":true}]}}