{"id":17320,"date":"2023-09-10T08:30:00","date_gmt":"2023-09-10T06:30:00","guid":{"rendered":"https:\/\/www.teatrodomma.it\/?p=17320"},"modified":"2023-09-10T08:30:00","modified_gmt":"2023-09-10T06:30:00","slug":"stagione-teatrale-2023-24-tutti-i-particolari-in-cronaca","status":"publish","type":"post","link":"https:\/\/www.teatrodomma.it\/?p=17320","title":{"rendered":"Stagione teatrale 2023-2024: tutti i particolari in cronaca"},"content":{"rendered":"\n<p class=\"has-background-dark-background-color has-background\"><em>I dieci spettacoli in cartellone visti da vicino&#8230;<\/em><\/p>\n\n\n\n<p><strong>Per la stagione 2023-2024<\/strong><em><strong> <\/strong><\/em>il<em><strong> <\/strong><\/em><strong>Teatro Domma<\/strong> torna a&nbsp;proporre&nbsp;<strong>un cartellone ricco di spettacoli<\/strong> che,&nbsp;toccando tutti i registri, <strong>dal comico, al noir e al musical<\/strong>,&nbsp; incontreranno le preferenze dell&#8217;ampia platea di circa trecento posti.&nbsp;<\/p>\n\n\n\n<p>A settembre <strong>\u00e8 partita la campagna abbonamenti<\/strong>:  viene confermata la qualit\u00e0 dell&#8217;intrattenimento offerto al territorio del X Municipio e, al contempo,&nbsp;aumentata la quantit\u00e0 di <strong>date in programma fino al 5 maggio 2024<\/strong>. <\/p>\n\n\n\n<p>Non pi\u00f9 date uniche, bens\u00ec <strong>le rappresentazioni resteranno in scena per almeno due repliche<\/strong>, cos\u00ec da permettere agli spettatori di scegliere tra <strong>la serale di sabato (alle 21) e la pomeridiana della domenica (alle 17) con grandi artisti e compagnie emergenti<\/strong>, per ridere, riflettere ed emozionarsi.<\/p>\n\n\n\n<p class=\"has-text-align-center\"><strong>Segui TEATRO DOMMA SU&nbsp;<a href=\"https:\/\/www.facebook.com\/profile.php?id=100063606700184&amp;locale=it_IT\" target=\"_blank\" rel=\"noreferrer noopener\">Facebook<\/a><\/strong>&nbsp;<strong>\u2013&nbsp;<a href=\"https:\/\/www.instagram.com\/teatrodomma\/\" target=\"_blank\" rel=\"noreferrer noopener\">Instagram<\/a><\/strong><\/p>\n\n\n\n<p class=\"has-text-align-center has-background-dark-background-color has-background\"><strong>IL CARTELLONE 2023-2024<\/strong><\/p>\n\n\n\n<p><strong>23 e 24 settembre <em>&#8211; <\/em>LA PICCOLA BOTTEGA DEGLI ORRORI<\/strong>&nbsp;<strong>con la Compagnia &#8216;Fino all&#8217;ultima fila<\/strong>&#8216; per la regia di&nbsp;<a href=\"https:\/\/www.facebook.com\/andrea.fiorucci.524?__cft__[0]=AZVl0QFPIFx9KoxJdVORNSBHzWTAH2mQ6ig8zmL88VlLbbNI2pjk4yMo7AhRLBB92XWkcuQFV-mAvo4w2hEUPKB7Si3jFuFRGR75JZvh2vUTStf-W5COUBNVW-_9btdadd5ygF6kB5Y7IZb4ktxz_hT-idsorHNcAR-HLy08FntTy-ajvARtHDxyuqiPbAlvFJM&amp;__tn__=-]K-R\"><strong>Andrea Fiorucci<\/strong><\/a>&nbsp;della CdS Academy. <em>L\u2019impacciato fioraio Seymour vi trasciner\u00e0 in un\u2019avventura tra divertimento e terrore nel grottesco quartiere di Skid Row, dove le piante sono davvero spaventose!<\/em><\/p>\n\n\n\n<p><strong>14 e 15 ottobre<\/strong><em>&nbsp;\u2013<\/em><strong>L&#8217;ORA DELLA MOSCA<\/strong> di A.Zucchi, tratto da Eduardo Pavlovski, <strong>con <a href=\"https:\/\/www.facebook.com\/augustozucchi.official\" target=\"_blank\" rel=\"noreferrer noopener\">Augusto Zucchi<\/a> e <a href=\"https:\/\/www.facebook.com\/alessia.capua.3\" target=\"_blank\" rel=\"noreferrer noopener\">Alessia Capua<\/a><\/strong>.  Qui il <a href=\"https:\/\/www.google.com\/search?q=l%27ora+della+mosca+zucchi&amp;oq=l%27ora+della+mosca+zucchi&amp;aqs=chrome..69i57j33i160.7745j0j15&amp;sourceid=chrome&amp;ie=UTF-8#fpstate=ive&amp;vld=cid:c3639b46,vid:bD7DAAPT410,st:0\" target=\"_blank\" rel=\"noreferrer noopener\">trailer<\/a>. <em>Un intreccio teatrale molto vicino al genere noir<\/em>, condotto con esperienza dal famoso attore-regista-drammaturgo A.Zucchi, volto noto anche al pubblico televisivo e cinematografico. Fra le sue partecipazioni in serie tv figurano molte delle pi\u00f9 popolari come Distretto di Polizia, Il maresciallo Rocca, Papa Luciani &#8211; il sorriso di Dio, R.I.S. &#8211; Delitti imperfetti, I Cesaroni, Il generale Dalla Chiesa, Squadra mobile, Rosy Abate e Suburra. Sul grande schermo \u00e8 stato protagonista di film di successo tra cui tre per la regia di Aldo, Giovanni, Giacomo e Massimo Venier : Tre uomini e una gamba (1997), Cos\u00ec \u00e8 la vita (1998), Chiedimi se sono felice (2000).&nbsp; In anni pi\u00f9 recenti ha preso parte a &#8220;I fratelli De Filippo&#8221; per la regia di Sergio Rubini.<\/p>\n\n\n\n<p><strong>11-18- 19 e 25 novembre<\/strong><em>&nbsp;\u2013<\/em><strong>BE MORE CHILL<em> &#8211; The Broadway Musical<\/em><\/strong> di Ned Vizzini, <strong>con i <a href=\"https:\/\/www.facebook.com\/cdiscena\/?locale=it_IT\" target=\"_blank\" rel=\"noreferrer noopener\">Compagni di Scena<\/a><\/strong>. <em>Jeremy, liceale bullizzato, cercher\u00e0 di trovare il suo posto nella societ\u00e0, disposto a tutto pur di farsi accettare.<\/em><\/p>\n\n\n\n<p><strong>16-17 dicembre <\/strong>&#8211;<strong><a href=\"https:\/\/www.youtube.com\/watch?v=YAJtz5bVwSU&amp;t=1s\" target=\"_blank\" rel=\"noreferrer noopener\">NOVECENTO<\/a><\/strong> di Alessandro Baricco, <strong>con <a href=\"https:\/\/www.facebook.com\/profile.php?id=100008759853243&amp;locale=it_IT\" target=\"_blank\" rel=\"noreferrer noopener\">Antonello Avallone<\/a><\/strong>. <em>Tim Tooney racconta la storia di Novecento, il suo amico e fenomeno della musica vissuto da sempre sul piroscafo Virginian.<\/em><\/p>\n\n\n\n<p><strong>13 e 14 gennaio 2024 -EQUITALIA <\/strong>di<strong> <\/strong>Massimiliano Aceti, <strong>con <a href=\"https:\/\/www.accademiasilviodamico.it\/allievo\/chiara-mancuso\/\" target=\"_blank\" rel=\"noreferrer noopener\">Chiara Mancuso<\/a> e <a href=\"https:\/\/www.accademiasilviodamico.it\/allievo\/massimiliano-aceti\/\" target=\"_blank\" rel=\"noreferrer noopener\">Massimiliano Aceti<\/a><\/strong>. <em>La storia di due anziani signori che, dopo una vita di sacrifici, si vedono portare via il loro ristorante a causa dei debiti.<\/em> On line le <a href=\"https:\/\/www.google.com\/search?q=equitalia+di+Massimiliano+Aceti&amp;sca_esv=565933642&amp;biw=1920&amp;bih=931&amp;tbm=vid&amp;sxsrf=AM9HkKkqX_WYiILemHiMKVvYz_Qbkkk5GA%3A1694881040173&amp;ei=ENUFZfiFCuOMxc8PoJWjgAU&amp;ved=0ahUKEwj4zdfyw6-BAxVjRvEDHaDKCFAQ4dUDCA0&amp;uact=5&amp;oq=equitalia+di+Massimiliano+Aceti&amp;gs_lp=Eg1nd3Mtd2l6LXZpZGVvGgIYAiIfZXF1aXRhbGlhIGRpIE1hc3NpbWlsaWFubyBBY2V0aTIFECEYoAEyBRAhGKABSO-DAVAAWOiAAXABeACQAQCYAZ0BoAGhDaoBBDUuMTC4AQPIAQD4AQH4AQLCAgcQIxiKBRgnwgIREC4YgAQYsQMYgwEYxwEY0QPCAgsQLhiKBRixAxiDAcICCxAuGIAEGLEDGIMBwgIREC4YgwEYxwEYsQMY0QMYgATCAgsQLhiABBjHARjRA8ICBxAuGIoFGEPCAgsQABiABBixAxiDAcICBxAAGIoFGEPCAgsQABiKBRixAxiDAcICDhAuGIAEGLEDGMcBGNEDwgIIEC4YgAQYsQPCAhcQLhiDARivARjHARixAxiABBiYBRiZBcICBRAAGIAEwgINEAAYigUYsQMYgwEYQ8ICCBAAGIAEGLEDwgIKEAAYigUYsQMYQ8ICDhAuGMcBGLEDGNEDGIAEwgILEC4YgAQYxwEYrwHCAgsQLhivARjHARiABMICBhAAGBYYHsICCBAAGBYYHhgPiAYB&amp;sclient=gws-wiz-video#fpstate=ive&amp;vld=cid:33004517,vid:fgDGecSM3jM,st:0\" target=\"_blank\" rel=\"noreferrer noopener\">prove di spettacolo<\/a>.<\/p>\n\n\n\n<p><strong>4 febbraio &#8211;<\/strong> <strong>LA PRIMA INDAGINE DI MONTALBANO<\/strong> di Andrea Camilleri. Il noto attore-regista e doppiatore <strong><a href=\"http:\/\/www.ritagiorgi.it\/scheda-talent\/massimo-venturiello\/\" target=\"_blank\" rel=\"noreferrer noopener\">Massimo Venturiello<\/a><\/strong> in <em>una pi\u00e8ce teatrale che d\u00e0 vita ai personaggi della penna del grande scrittore siciliano.<\/em> Diplomato presso l\u2019Accademia d\u2019Arte Drammatica Silvio D\u2019Amico a Roma e con molti anni di teatro al suo attivo, Venturiello si \u00e8 dedicato anche al cinema lavorando con grandi registi come Gabriele Salvatores, Sergio Rubini ed Ettore Scola; in televisione ha preso parte a fiction popolari, basti pensare a L\u2019onore e il rispetto e Distretto di Polizia. Ha un fortunato sodalizio artistico, oltre che sentimentale, con la famosa cantante Tosca che a Sanremo nel 2007 ha presentato il brano &#8220;Il terzo fuochista&#8221; scritto per lei proprio da Venturiello. <em>La prima indagine di Montalbano \u00e8 quella da cui tutto ebbe inizio. Quella in cui prendono vita i personaggi dei successivi numerosi romanzi che hanno conquistato l&#8217;interesse di milioni di lettori.<\/em> <\/p>\n\n\n\n<p><strong>24 e 25 febbraio &#8211; DIREZIONE LAURENTINA<\/strong> <strong>di e con <a href=\"https:\/\/www.teatrodomma.it\/blog\/interviste\/veronica-liberale-lautrice-di-gregory\/\" target=\"_blank\" rel=\"noreferrer noopener\">Veronica Liberale<\/a><\/strong>, in scena anche <strong>Fatima Ali, <a href=\"https:\/\/www.danieleantonini.net\/\" target=\"_blank\" rel=\"noreferrer noopener\">Daniele Antonini<\/a>, <a href=\"https:\/\/blackewhite.com\/actors\/antonia-di-francesco\/\" target=\"_blank\" rel=\"noreferrer noopener\">Antonia Di Francesco<\/a>, Simone Giacinti, <a href=\"https:\/\/www.teatrodomma.it\/blog\/interviste\/dal-diario-fotografico-di-francesca-pausilli-nel-ruolo-della-mamma-in-gregory\/\" target=\"_blank\" rel=\"noreferrer noopener\">Francesca Pausilli<\/a><\/strong>. <em>Una divertente ed amara favola metropolitana, specchio dei tempi in cui viviamo, dove la paura del diverso ci rende soli e chiusi in noi stessi.<\/em><\/p>\n\n\n\n<p><strong>16 e 17 marzo &#8211; SALI O SCENDO? <\/strong>di e con Danilo De Santis, in scena <strong>con <a href=\"https:\/\/www.mymovies.it\/persone\/roberta-mastromichele\/400791\/\" target=\"_blank\" rel=\"noreferrer noopener\">Roberta Mastromichele<\/a>, <a href=\"https:\/\/www.facebook.com\/profile.php?id=100092870058369\" target=\"_blank\" rel=\"noreferrer noopener\">Chiara Canitano<\/a>, <a href=\"https:\/\/www.rbcasting.com\/rb\/web\/pietroscornavacchi\" target=\"_blank\" rel=\"noreferrer noopener\">Pietro Scornavacchi<\/a>, Eleonora D&#8217;Achille<\/strong>. <em>Comicit\u00e0 e riflessione per una commedia sull&#8217;amore e sul destino: se \u00e8 vero che il cielo ci invia dei segnali, siamo sicuri di interpretarli nel modo giusto?<\/em> Ecco il<a href=\"https:\/\/www.google.com\/search?q=sali+o+scendo%3F&amp;oq=sali+o+scendo%3F&amp;aqs=chrome..69i57j0i22i30.5320j0j4&amp;sourceid=chrome&amp;ie=UTF-8#fpstate=ive&amp;vld=cid:c637de61,vid:IfX0gMBHRis,st:0\" target=\"_blank\" rel=\"noreferrer noopener\"> trailer<\/a>.<\/p>\n\n\n\n<p><strong>13 e 14 aprile &#8211; <a href=\"https:\/\/www.youtube.com\/watch?v=SDQAKaxqfv0\" target=\"_blank\" rel=\"noreferrer noopener\">FINO ALLE STELLE<\/a><\/strong> <strong>di e con <a href=\"https:\/\/www.arscreazione.it\/it-ww\/agnese-fallongo.aspx\" target=\"_blank\" rel=\"noreferrer noopener\">Agnese Fallongo<\/a> e <a href=\"https:\/\/www.arscreazione.it\/it-ww\/tiziano-caputo.aspx\" target=\"_blank\" rel=\"noreferrer noopener\">Tiziano Caputo<\/a>. <\/strong><em>Cantastorie siciliano dall&#8217;animo poetico, Tonino convince la bella e talentuosa Maria a seguirlo in un&#8217;impresa d&#8217;arte e di vita, alla ricerca della gloria e del successo. <\/em><\/p>\n\n\n\n<p><strong>4 e 5 maggio &#8211; QUASI UN DIARIO<\/strong> <strong>di e con <a href=\"https:\/\/www.promoterartist.it\/artisti\/attori\/angelo-orlando\/\" target=\"_blank\" rel=\"noreferrer noopener\">Angelo Orlando<\/a><\/strong>. <em>Uno spettacolo di monologhi e musica sugli incontri, sulle scelte, sul perdono e tanti perch\u00e9. <\/em>Sul palco l&#8217;attore-regista-sceneggiatore,&nbsp; che ha esordito nei cabaret romani, poi in tv al fianco di Arbore e Costanzo, \u00e8 approdato al cinema grazie a Fellini con &#8220;La voce della luna&#8221;, cui ha fatto seguito il premio David di Donatello per Miglior Attore non protagonista di &#8220;Pensavo fosse amore&#8230;invece era un calesse&#8221; di M. Troisi. <em>&#8220;Per otto anni ho riempito fogli bianchi di un diario e l\u2019ho fatto fino a quando non mi sono accorto che il diario era diventato la vita e la vita un diario<\/em>&#8221; confida l&#8217;attore sul suo <a href=\"http:\/\/angeloorlando.com\/about-me\/\" target=\"_blank\" rel=\"noreferrer noopener\">sito internet<\/a> &#8211; <a href=\"http:\/\/angeloorlando.com\/blog\/\" target=\"_blank\" rel=\"noreferrer noopener\">blog<\/a>: <em>&#8220;Meraviglie alla ricerca di Alice perduta. Salvataggi in extremis sull\u2019altra riva, ingiustizie da correggere e parole da trasformare in esperienza da provare.&#8221;<\/em><\/p>\n\n\n\n<p class=\"has-background-dark-background-color has-background\"><strong>ABBONAMENTO ad euro 80,00 presso il botteghino del Teatro Domma  &#8211; <strong>BIGLIETTERIA SIAE: euro 18,00 intero \/ euro 15,00 ridotto (Under 18 ed Over 65 anni)<em>. <\/em><\/strong>Si pu\u00f2 acquistare <strong>anche tramite la &#8220;Carta del Docente&#8221; e la &#8220;18 App&#8221; degli studenti<em>.<\/em><\/strong><\/strong><\/p>\n\n\n\n<p><em>Dopo il successo della scorsa stagione al Teatro Domma con il caloroso affetto del pubblico, <em>eccoci di nuovo qui, in questo bellissimo spazio di Roma Sud, con la sfida stimolante di fare delle scelte artistiche di livello in un contesto in cui quell\u2019affetto deve essere, ovviamente, confermato.<\/em><\/em> <em>Negli scorsi anni il Domma ha iniziato a muovere i primi passi regalando soddisfazioni a noi che ci abbiamo creduto e ci crediamo ancora tantissimo, ma soprattutto a chi ha seguito e sostenuto da subito questa avventura, un pubblico fatto di abbonati, appassionati e anche molti iscritti ai laboratori teatrali della CdS Academy.<\/em> <em>Abbiamo pensato ad un cartellone che potesse unire il nome di richiamo e la compagnia emergente e talentuosa, il piacere per la risata intelligente e la ricerca pi\u00f9 sperimentale.<\/em> <em>Sperando di esserci riusciti, non resta che augurarvi &#8220;Buon teatro.\u201d<\/em><\/p>\n\n\n\n<p class=\"has-background-dark-background-color has-background\"><strong>ORARIO BOTTEGHINO: 16:00 \u2013 20:00 dal Lun al Ven &#8211; Prenotazioni<\/strong> <strong>anche via WApp al cell. 3286077138<\/strong> <strong>; email: <a rel=\"noreferrer noopener\" target=\"_blank\" href=\"mailto:teatrodomma@gmail.com\">teatrodomma@gmail.com<\/a><\/strong><\/p>\n","protected":false},"excerpt":{"rendered":"<p>I dieci spettacoli in cartellone visti da vicino&#8230; Per la stagione 2023-2024 il Teatro Domma torna a&nbsp;proporre&nbsp;un cartellone ricco di spettacoli che,&nbsp;toccando tutti i registri, dal comico, al noir e al musical,&nbsp; incontreranno le preferenze dell&#8217;ampia platea di circa trecento posti.&nbsp; A settembre \u00e8 partita la campagna abbonamenti: viene confermata la qualit\u00e0 dell&#8217;intrattenimento offerto al [&hellip;]<\/p>\n","protected":false},"author":3,"featured_media":17305,"comment_status":"closed","ping_status":"open","sticky":false,"template":"","format":"standard","meta":{"saved_in_kubio":false,"footnotes":""},"categories":[46,14],"tags":[369,251],"class_list":{"0":"post-17320","1":"post","2":"type-post","3":"status-publish","4":"format-standard","5":"has-post-thumbnail","6":"hentry","7":"category-homepage","8":"category-recensioni","9":"tag-stagione-teatrale-2023-2024","10":"tag-teatro-domma","12":"post-with-thumbnail","13":"post-with-thumbnail-large"},"yoast_head":"<!-- This site is optimized with the Yoast SEO plugin v25.8 - https:\/\/yoast.com\/wordpress\/plugins\/seo\/ -->\n<title>Stagione teatrale 2023-2024: tutti i particolari in cronaca - Teatro Domma<\/title>\n<meta name=\"robots\" content=\"index, follow, max-snippet:-1, max-image-preview:large, max-video-preview:-1\" \/>\n<link rel=\"canonical\" href=\"https:\/\/www.teatrodomma.it\/?p=17320\" \/>\n<meta property=\"og:locale\" content=\"it_IT\" \/>\n<meta property=\"og:type\" content=\"article\" \/>\n<meta property=\"og:title\" content=\"Stagione teatrale 2023-2024: tutti i particolari in cronaca - Teatro Domma\" \/>\n<meta property=\"og:description\" content=\"I dieci spettacoli in cartellone visti da vicino&#8230; Per la stagione 2023-2024 il Teatro Domma torna a&nbsp;proporre&nbsp;un cartellone ricco di spettacoli che,&nbsp;toccando tutti i registri, dal comico, al noir e al musical,&nbsp; incontreranno le preferenze dell&#8217;ampia platea di circa trecento posti.&nbsp; A settembre \u00e8 partita la campagna abbonamenti: viene confermata la qualit\u00e0 dell&#8217;intrattenimento offerto al [&hellip;]\" \/>\n<meta property=\"og:url\" content=\"https:\/\/www.teatrodomma.it\/?p=17320\" \/>\n<meta property=\"og:site_name\" content=\"Teatro Domma\" \/>\n<meta property=\"article:publisher\" content=\"https:\/\/www.facebook.com\/p\/Teatro-Domma-61556981831878\/?locale=it_IT\" \/>\n<meta property=\"article:published_time\" content=\"2023-09-10T06:30:00+00:00\" \/>\n<meta property=\"og:image\" content=\"https:\/\/www.teatrodomma.it\/wp-content\/uploads\/2023\/09\/Cartellone-stagione-2023-2024_locandina-e1694123169933.jpg\" \/>\n\t<meta property=\"og:image:width\" content=\"900\" \/>\n\t<meta property=\"og:image:height\" content=\"1276\" \/>\n\t<meta property=\"og:image:type\" content=\"image\/jpeg\" \/>\n<meta name=\"author\" content=\"Margherita De Donato\" \/>\n<meta name=\"twitter:card\" content=\"summary_large_image\" \/>\n<meta name=\"twitter:label1\" content=\"Scritto da\" \/>\n\t<meta name=\"twitter:data1\" content=\"Margherita De Donato\" \/>\n\t<meta name=\"twitter:label2\" content=\"Tempo di lettura stimato\" \/>\n\t<meta name=\"twitter:data2\" content=\"5 minuti\" \/>\n<script type=\"application\/ld+json\" class=\"yoast-schema-graph\">{\"@context\":\"https:\/\/schema.org\",\"@graph\":[{\"@type\":\"Article\",\"@id\":\"https:\/\/www.teatrodomma.it\/?p=17320#article\",\"isPartOf\":{\"@id\":\"https:\/\/www.teatrodomma.it\/?p=17320\"},\"author\":{\"name\":\"Margherita De Donato\",\"@id\":\"https:\/\/www.teatrodomma.it\/#\/schema\/person\/8a1f09bf4c695307c8aef38d93aa0e84\"},\"headline\":\"Stagione teatrale 2023-2024: tutti i particolari in cronaca\",\"datePublished\":\"2023-09-10T06:30:00+00:00\",\"mainEntityOfPage\":{\"@id\":\"https:\/\/www.teatrodomma.it\/?p=17320\"},\"wordCount\":1088,\"publisher\":{\"@id\":\"https:\/\/www.teatrodomma.it\/#organization\"},\"image\":{\"@id\":\"https:\/\/www.teatrodomma.it\/?p=17320#primaryimage\"},\"thumbnailUrl\":\"https:\/\/www.teatrodomma.it\/wp-content\/uploads\/2023\/09\/Cartellone-stagione-2023-2024_locandina-e1694123169933.jpg\",\"keywords\":[\"Stagione teatrale 2023 2024\",\"teatro domma\"],\"articleSection\":[\"HomePage\",\"Recensioni\"],\"inLanguage\":\"it-IT\"},{\"@type\":\"WebPage\",\"@id\":\"https:\/\/www.teatrodomma.it\/?p=17320\",\"url\":\"https:\/\/www.teatrodomma.it\/?p=17320\",\"name\":\"Stagione teatrale 2023-2024: tutti i particolari in cronaca - Teatro Domma\",\"isPartOf\":{\"@id\":\"https:\/\/www.teatrodomma.it\/#website\"},\"primaryImageOfPage\":{\"@id\":\"https:\/\/www.teatrodomma.it\/?p=17320#primaryimage\"},\"image\":{\"@id\":\"https:\/\/www.teatrodomma.it\/?p=17320#primaryimage\"},\"thumbnailUrl\":\"https:\/\/www.teatrodomma.it\/wp-content\/uploads\/2023\/09\/Cartellone-stagione-2023-2024_locandina-e1694123169933.jpg\",\"datePublished\":\"2023-09-10T06:30:00+00:00\",\"breadcrumb\":{\"@id\":\"https:\/\/www.teatrodomma.it\/?p=17320#breadcrumb\"},\"inLanguage\":\"it-IT\",\"potentialAction\":[{\"@type\":\"ReadAction\",\"target\":[\"https:\/\/www.teatrodomma.it\/?p=17320\"]}]},{\"@type\":\"ImageObject\",\"inLanguage\":\"it-IT\",\"@id\":\"https:\/\/www.teatrodomma.it\/?p=17320#primaryimage\",\"url\":\"https:\/\/www.teatrodomma.it\/wp-content\/uploads\/2023\/09\/Cartellone-stagione-2023-2024_locandina-e1694123169933.jpg\",\"contentUrl\":\"https:\/\/www.teatrodomma.it\/wp-content\/uploads\/2023\/09\/Cartellone-stagione-2023-2024_locandina-e1694123169933.jpg\",\"width\":900,\"height\":1276},{\"@type\":\"BreadcrumbList\",\"@id\":\"https:\/\/www.teatrodomma.it\/?p=17320#breadcrumb\",\"itemListElement\":[{\"@type\":\"ListItem\",\"position\":1,\"name\":\"Home\",\"item\":\"https:\/\/www.teatrodomma.it\/\"},{\"@type\":\"ListItem\",\"position\":2,\"name\":\"Stagione teatrale 2023-2024: tutti i particolari in cronaca\"}]},{\"@type\":\"WebSite\",\"@id\":\"https:\/\/www.teatrodomma.it\/#website\",\"url\":\"https:\/\/www.teatrodomma.it\/\",\"name\":\"Teatro Domma\",\"description\":\"\",\"publisher\":{\"@id\":\"https:\/\/www.teatrodomma.it\/#organization\"},\"potentialAction\":[{\"@type\":\"SearchAction\",\"target\":{\"@type\":\"EntryPoint\",\"urlTemplate\":\"https:\/\/www.teatrodomma.it\/?s={search_term_string}\"},\"query-input\":{\"@type\":\"PropertyValueSpecification\",\"valueRequired\":true,\"valueName\":\"search_term_string\"}}],\"inLanguage\":\"it-IT\"},{\"@type\":\"Organization\",\"@id\":\"https:\/\/www.teatrodomma.it\/#organization\",\"name\":\"Teatro Domma\",\"url\":\"https:\/\/www.teatrodomma.it\/\",\"logo\":{\"@type\":\"ImageObject\",\"inLanguage\":\"it-IT\",\"@id\":\"https:\/\/www.teatrodomma.it\/#\/schema\/logo\/image\/\",\"url\":\"https:\/\/www.teatrodomma.it\/wp-content\/uploads\/2025\/01\/LOGOICON-edited-2.png\",\"contentUrl\":\"https:\/\/www.teatrodomma.it\/wp-content\/uploads\/2025\/01\/LOGOICON-edited-2.png\",\"width\":510,\"height\":287,\"caption\":\"Teatro Domma\"},\"image\":{\"@id\":\"https:\/\/www.teatrodomma.it\/#\/schema\/logo\/image\/\"},\"sameAs\":[\"https:\/\/www.facebook.com\/p\/Teatro-Domma-61556981831878\/?locale=it_IT\",\"https:\/\/www.instagram.com\/teatro_domma\/\"]},{\"@type\":\"Person\",\"@id\":\"https:\/\/www.teatrodomma.it\/#\/schema\/person\/8a1f09bf4c695307c8aef38d93aa0e84\",\"name\":\"Margherita De Donato\",\"image\":{\"@type\":\"ImageObject\",\"inLanguage\":\"it-IT\",\"@id\":\"https:\/\/www.teatrodomma.it\/#\/schema\/person\/image\/\",\"url\":\"https:\/\/secure.gravatar.com\/avatar\/0fbebb2201a984022de9f07361f7fe88cb7fcefd6be5e33abf5559102ec20088?s=96&d=mm&r=g\",\"contentUrl\":\"https:\/\/secure.gravatar.com\/avatar\/0fbebb2201a984022de9f07361f7fe88cb7fcefd6be5e33abf5559102ec20088?s=96&d=mm&r=g\",\"caption\":\"Margherita De Donato\"},\"url\":\"https:\/\/www.teatrodomma.it\/?author=3\"}]}<\/script>\n<!-- \/ Yoast SEO plugin. -->","yoast_head_json":{"title":"Stagione teatrale 2023-2024: tutti i particolari in cronaca - Teatro Domma","robots":{"index":"index","follow":"follow","max-snippet":"max-snippet:-1","max-image-preview":"max-image-preview:large","max-video-preview":"max-video-preview:-1"},"canonical":"https:\/\/www.teatrodomma.it\/?p=17320","og_locale":"it_IT","og_type":"article","og_title":"Stagione teatrale 2023-2024: tutti i particolari in cronaca - Teatro Domma","og_description":"I dieci spettacoli in cartellone visti da vicino&#8230; Per la stagione 2023-2024 il Teatro Domma torna a&nbsp;proporre&nbsp;un cartellone ricco di spettacoli che,&nbsp;toccando tutti i registri, dal comico, al noir e al musical,&nbsp; incontreranno le preferenze dell&#8217;ampia platea di circa trecento posti.&nbsp; A settembre \u00e8 partita la campagna abbonamenti: viene confermata la qualit\u00e0 dell&#8217;intrattenimento offerto al [&hellip;]","og_url":"https:\/\/www.teatrodomma.it\/?p=17320","og_site_name":"Teatro Domma","article_publisher":"https:\/\/www.facebook.com\/p\/Teatro-Domma-61556981831878\/?locale=it_IT","article_published_time":"2023-09-10T06:30:00+00:00","og_image":[{"width":900,"height":1276,"url":"https:\/\/www.teatrodomma.it\/wp-content\/uploads\/2023\/09\/Cartellone-stagione-2023-2024_locandina-e1694123169933.jpg","type":"image\/jpeg"}],"author":"Margherita De Donato","twitter_card":"summary_large_image","twitter_misc":{"Scritto da":"Margherita De Donato","Tempo di lettura stimato":"5 minuti"},"schema":{"@context":"https:\/\/schema.org","@graph":[{"@type":"Article","@id":"https:\/\/www.teatrodomma.it\/?p=17320#article","isPartOf":{"@id":"https:\/\/www.teatrodomma.it\/?p=17320"},"author":{"name":"Margherita De Donato","@id":"https:\/\/www.teatrodomma.it\/#\/schema\/person\/8a1f09bf4c695307c8aef38d93aa0e84"},"headline":"Stagione teatrale 2023-2024: tutti i particolari in cronaca","datePublished":"2023-09-10T06:30:00+00:00","mainEntityOfPage":{"@id":"https:\/\/www.teatrodomma.it\/?p=17320"},"wordCount":1088,"publisher":{"@id":"https:\/\/www.teatrodomma.it\/#organization"},"image":{"@id":"https:\/\/www.teatrodomma.it\/?p=17320#primaryimage"},"thumbnailUrl":"https:\/\/www.teatrodomma.it\/wp-content\/uploads\/2023\/09\/Cartellone-stagione-2023-2024_locandina-e1694123169933.jpg","keywords":["Stagione teatrale 2023 2024","teatro domma"],"articleSection":["HomePage","Recensioni"],"inLanguage":"it-IT"},{"@type":"WebPage","@id":"https:\/\/www.teatrodomma.it\/?p=17320","url":"https:\/\/www.teatrodomma.it\/?p=17320","name":"Stagione teatrale 2023-2024: tutti i particolari in cronaca - Teatro Domma","isPartOf":{"@id":"https:\/\/www.teatrodomma.it\/#website"},"primaryImageOfPage":{"@id":"https:\/\/www.teatrodomma.it\/?p=17320#primaryimage"},"image":{"@id":"https:\/\/www.teatrodomma.it\/?p=17320#primaryimage"},"thumbnailUrl":"https:\/\/www.teatrodomma.it\/wp-content\/uploads\/2023\/09\/Cartellone-stagione-2023-2024_locandina-e1694123169933.jpg","datePublished":"2023-09-10T06:30:00+00:00","breadcrumb":{"@id":"https:\/\/www.teatrodomma.it\/?p=17320#breadcrumb"},"inLanguage":"it-IT","potentialAction":[{"@type":"ReadAction","target":["https:\/\/www.teatrodomma.it\/?p=17320"]}]},{"@type":"ImageObject","inLanguage":"it-IT","@id":"https:\/\/www.teatrodomma.it\/?p=17320#primaryimage","url":"https:\/\/www.teatrodomma.it\/wp-content\/uploads\/2023\/09\/Cartellone-stagione-2023-2024_locandina-e1694123169933.jpg","contentUrl":"https:\/\/www.teatrodomma.it\/wp-content\/uploads\/2023\/09\/Cartellone-stagione-2023-2024_locandina-e1694123169933.jpg","width":900,"height":1276},{"@type":"BreadcrumbList","@id":"https:\/\/www.teatrodomma.it\/?p=17320#breadcrumb","itemListElement":[{"@type":"ListItem","position":1,"name":"Home","item":"https:\/\/www.teatrodomma.it\/"},{"@type":"ListItem","position":2,"name":"Stagione teatrale 2023-2024: tutti i particolari in cronaca"}]},{"@type":"WebSite","@id":"https:\/\/www.teatrodomma.it\/#website","url":"https:\/\/www.teatrodomma.it\/","name":"Teatro Domma","description":"","publisher":{"@id":"https:\/\/www.teatrodomma.it\/#organization"},"potentialAction":[{"@type":"SearchAction","target":{"@type":"EntryPoint","urlTemplate":"https:\/\/www.teatrodomma.it\/?s={search_term_string}"},"query-input":{"@type":"PropertyValueSpecification","valueRequired":true,"valueName":"search_term_string"}}],"inLanguage":"it-IT"},{"@type":"Organization","@id":"https:\/\/www.teatrodomma.it\/#organization","name":"Teatro Domma","url":"https:\/\/www.teatrodomma.it\/","logo":{"@type":"ImageObject","inLanguage":"it-IT","@id":"https:\/\/www.teatrodomma.it\/#\/schema\/logo\/image\/","url":"https:\/\/www.teatrodomma.it\/wp-content\/uploads\/2025\/01\/LOGOICON-edited-2.png","contentUrl":"https:\/\/www.teatrodomma.it\/wp-content\/uploads\/2025\/01\/LOGOICON-edited-2.png","width":510,"height":287,"caption":"Teatro Domma"},"image":{"@id":"https:\/\/www.teatrodomma.it\/#\/schema\/logo\/image\/"},"sameAs":["https:\/\/www.facebook.com\/p\/Teatro-Domma-61556981831878\/?locale=it_IT","https:\/\/www.instagram.com\/teatro_domma\/"]},{"@type":"Person","@id":"https:\/\/www.teatrodomma.it\/#\/schema\/person\/8a1f09bf4c695307c8aef38d93aa0e84","name":"Margherita De Donato","image":{"@type":"ImageObject","inLanguage":"it-IT","@id":"https:\/\/www.teatrodomma.it\/#\/schema\/person\/image\/","url":"https:\/\/secure.gravatar.com\/avatar\/0fbebb2201a984022de9f07361f7fe88cb7fcefd6be5e33abf5559102ec20088?s=96&d=mm&r=g","contentUrl":"https:\/\/secure.gravatar.com\/avatar\/0fbebb2201a984022de9f07361f7fe88cb7fcefd6be5e33abf5559102ec20088?s=96&d=mm&r=g","caption":"Margherita De Donato"},"url":"https:\/\/www.teatrodomma.it\/?author=3"}]}},"_links":{"self":[{"href":"https:\/\/www.teatrodomma.it\/index.php?rest_route=\/wp\/v2\/posts\/17320","targetHints":{"allow":["GET"]}}],"collection":[{"href":"https:\/\/www.teatrodomma.it\/index.php?rest_route=\/wp\/v2\/posts"}],"about":[{"href":"https:\/\/www.teatrodomma.it\/index.php?rest_route=\/wp\/v2\/types\/post"}],"author":[{"embeddable":true,"href":"https:\/\/www.teatrodomma.it\/index.php?rest_route=\/wp\/v2\/users\/3"}],"replies":[{"embeddable":true,"href":"https:\/\/www.teatrodomma.it\/index.php?rest_route=%2Fwp%2Fv2%2Fcomments&post=17320"}],"version-history":[{"count":0,"href":"https:\/\/www.teatrodomma.it\/index.php?rest_route=\/wp\/v2\/posts\/17320\/revisions"}],"wp:featuredmedia":[{"embeddable":true,"href":"https:\/\/www.teatrodomma.it\/index.php?rest_route=\/wp\/v2\/media\/17305"}],"wp:attachment":[{"href":"https:\/\/www.teatrodomma.it\/index.php?rest_route=%2Fwp%2Fv2%2Fmedia&parent=17320"}],"wp:term":[{"taxonomy":"category","embeddable":true,"href":"https:\/\/www.teatrodomma.it\/index.php?rest_route=%2Fwp%2Fv2%2Fcategories&post=17320"},{"taxonomy":"post_tag","embeddable":true,"href":"https:\/\/www.teatrodomma.it\/index.php?rest_route=%2Fwp%2Fv2%2Ftags&post=17320"}],"curies":[{"name":"wp","href":"https:\/\/api.w.org\/{rel}","templated":true}]}}