{"id":1734,"date":"2020-05-24T17:14:00","date_gmt":"2020-05-24T15:14:00","guid":{"rendered":"https:\/\/www.teatrodomma.it\/?p=1734"},"modified":"2020-05-24T17:14:00","modified_gmt":"2020-05-24T15:14:00","slug":"120-anni-fa-nasceva-eduardo","status":"publish","type":"post","link":"https:\/\/www.teatrodomma.it\/?p=1734","title":{"rendered":"120 anni fa nasceva Eduardo"},"content":{"rendered":"\n<p class=\"has-background has-background-dark-background-color\"><em>Un blog teatrale non pu\u00f2 non ricordare Edoardo De Filippo, uno dei pi\u00f9 importanti artisti italiani del<\/em> <em>Novecento<\/em>, <em>autore e interprete di opere rappresentate anche all&#8217;estero, che venne anche candidato per il<\/em> <em>Premio Nobel per la Letteratura.<\/em><\/p>\n\n\n\n<p>Cos\u00ec lo ricorda il Presidente della Repubblica Sergio Mattarella in una dichiarazione per i 120 anni dalla nascita.<\/p>\n\n\n\n<p>&#8220;Oltre alla qualit\u00e0 del <strong>repertorio artistico, ricco di capolavori di impareggiabile valore e di grandissima notoriet\u00e0<\/strong>, estesosi nel tempo alla cinematografia, la figura di Eduardo De Filippo si \u00e8 distinta anche per l&#8217;<strong>impegno sociale e civile<\/strong> sollecitando l&#8217;attenzione sulla tutela dei diritti dei minori detenuti negli Istituti di pena e sulla realizzazione di un teatro stabile nella sua citt\u00e0<em>. <\/em><br>&#8220;Il suo contributo al servizio del teatro e della cultura che gli valse l&#8217;assegnazione di prestigiosi premi e, <strong>nel 1981<\/strong>, il pi\u00f9 alto riconoscimento con la <strong>nomina a Senatore a vita<\/strong>, costituisce <strong>tuttora un autentico punto di riferimento per generazioni di artisti e una preziosa eredit\u00e0 da custodir<\/strong>e&#8221;. (fonte: ANSA)<\/p>\n\n\n\n<p><\/p>\n\n\n\n<figure class=\"wp-block-table\"><table><tbody><tr><td><em><strong>\u00ab\u2026 \u00e8 stata tutta una vita di sacrifici e di gelo! Cos\u00ec si fa il teatro. Cos\u00ec ho fatto! Ma il cuore ha tremato sempre tutte le sere! E l&#8217;ho pagato, anche stasera mi batte il cuore e continuer\u00e0 a battere anche quando si sar\u00e0 fermato.\u00bb<\/strong><\/em><\/td><\/tr><tr><td>(<small>Dall&#8217;ultimo discorso di Eduardo a&nbsp;<a href=\"https:\/\/it.wikipedia.org\/wiki\/Taormina\">Taormina<\/a>, 15 settembre 1984<\/small>)<\/td><\/tr><\/tbody><\/table><\/figure>\n\n\n\n<p class=\"has-text-align-left\"><\/p>\n","protected":false},"excerpt":{"rendered":"<p>Un blog teatrale non pu\u00f2 non ricordare Edoardo De Filippo, uno dei pi\u00f9 importanti artisti italiani del Novecento, autore e interprete di opere rappresentate anche all&#8217;estero, che venne anche candidato per il Premio Nobel per la Letteratura. Cos\u00ec lo ricorda il Presidente della Repubblica Sergio Mattarella in una dichiarazione per i 120 anni dalla nascita. [&hellip;]<\/p>\n","protected":false},"author":3,"featured_media":1742,"comment_status":"closed","ping_status":"open","sticky":false,"template":"","format":"standard","meta":{"saved_in_kubio":false,"footnotes":""},"categories":[23],"tags":[91,92,93,39],"class_list":{"0":"post-1734","1":"post","2":"type-post","3":"status-publish","4":"format-standard","5":"has-post-thumbnail","6":"hentry","7":"category-articoli-vari","8":"tag-de-filippo","9":"tag-eduardo","10":"tag-nascita","11":"tag-teatro","13":"post-with-thumbnail","14":"post-with-thumbnail-large"},"yoast_head":"<!-- This site is optimized with the Yoast SEO plugin v25.8 - https:\/\/yoast.com\/wordpress\/plugins\/seo\/ -->\n<title>120 anni fa nasceva Eduardo - Teatro Domma<\/title>\n<meta name=\"robots\" content=\"index, follow, max-snippet:-1, max-image-preview:large, max-video-preview:-1\" \/>\n<link rel=\"canonical\" href=\"https:\/\/www.teatrodomma.it\/?p=1734\" \/>\n<meta property=\"og:locale\" content=\"it_IT\" \/>\n<meta property=\"og:type\" content=\"article\" \/>\n<meta property=\"og:title\" content=\"120 anni fa nasceva Eduardo - Teatro Domma\" \/>\n<meta property=\"og:description\" content=\"Un blog teatrale non pu\u00f2 non ricordare Edoardo De Filippo, uno dei pi\u00f9 importanti artisti italiani del Novecento, autore e interprete di opere rappresentate anche all&#8217;estero, che venne anche candidato per il Premio Nobel per la Letteratura. Cos\u00ec lo ricorda il Presidente della Repubblica Sergio Mattarella in una dichiarazione per i 120 anni dalla nascita. [&hellip;]\" \/>\n<meta property=\"og:url\" content=\"https:\/\/www.teatrodomma.it\/?p=1734\" \/>\n<meta property=\"og:site_name\" content=\"Teatro Domma\" \/>\n<meta property=\"article:publisher\" content=\"https:\/\/www.facebook.com\/p\/Teatro-Domma-61556981831878\/?locale=it_IT\" \/>\n<meta property=\"article:published_time\" content=\"2020-05-24T15:14:00+00:00\" \/>\n<meta property=\"og:image\" content=\"https:\/\/www.teatrodomma.it\/wp-content\/uploads\/2020\/05\/Eduardo_De_Filippo.gif\" \/>\n\t<meta property=\"og:image:width\" content=\"260\" \/>\n\t<meta property=\"og:image:height\" content=\"260\" \/>\n\t<meta property=\"og:image:type\" content=\"image\/gif\" \/>\n<meta name=\"author\" content=\"Margherita De Donato\" \/>\n<meta name=\"twitter:card\" content=\"summary_large_image\" \/>\n<meta name=\"twitter:label1\" content=\"Scritto da\" \/>\n\t<meta name=\"twitter:data1\" content=\"Margherita De Donato\" \/>\n\t<meta name=\"twitter:label2\" content=\"Tempo di lettura stimato\" \/>\n\t<meta name=\"twitter:data2\" content=\"1 minuto\" \/>\n<script type=\"application\/ld+json\" class=\"yoast-schema-graph\">{\"@context\":\"https:\/\/schema.org\",\"@graph\":[{\"@type\":\"Article\",\"@id\":\"https:\/\/www.teatrodomma.it\/?p=1734#article\",\"isPartOf\":{\"@id\":\"https:\/\/www.teatrodomma.it\/?p=1734\"},\"author\":{\"name\":\"Margherita De Donato\",\"@id\":\"https:\/\/www.teatrodomma.it\/#\/schema\/person\/8a1f09bf4c695307c8aef38d93aa0e84\"},\"headline\":\"120 anni fa nasceva Eduardo\",\"datePublished\":\"2020-05-24T15:14:00+00:00\",\"mainEntityOfPage\":{\"@id\":\"https:\/\/www.teatrodomma.it\/?p=1734\"},\"wordCount\":223,\"publisher\":{\"@id\":\"https:\/\/www.teatrodomma.it\/#organization\"},\"image\":{\"@id\":\"https:\/\/www.teatrodomma.it\/?p=1734#primaryimage\"},\"thumbnailUrl\":\"https:\/\/www.teatrodomma.it\/wp-content\/uploads\/2020\/05\/Eduardo_De_Filippo.gif\",\"keywords\":[\"De Filippo\",\"Eduardo\",\"nascita\",\"teatro\"],\"articleSection\":[\"Articoli vari\"],\"inLanguage\":\"it-IT\"},{\"@type\":\"WebPage\",\"@id\":\"https:\/\/www.teatrodomma.it\/?p=1734\",\"url\":\"https:\/\/www.teatrodomma.it\/?p=1734\",\"name\":\"120 anni fa nasceva Eduardo - Teatro Domma\",\"isPartOf\":{\"@id\":\"https:\/\/www.teatrodomma.it\/#website\"},\"primaryImageOfPage\":{\"@id\":\"https:\/\/www.teatrodomma.it\/?p=1734#primaryimage\"},\"image\":{\"@id\":\"https:\/\/www.teatrodomma.it\/?p=1734#primaryimage\"},\"thumbnailUrl\":\"https:\/\/www.teatrodomma.it\/wp-content\/uploads\/2020\/05\/Eduardo_De_Filippo.gif\",\"datePublished\":\"2020-05-24T15:14:00+00:00\",\"breadcrumb\":{\"@id\":\"https:\/\/www.teatrodomma.it\/?p=1734#breadcrumb\"},\"inLanguage\":\"it-IT\",\"potentialAction\":[{\"@type\":\"ReadAction\",\"target\":[\"https:\/\/www.teatrodomma.it\/?p=1734\"]}]},{\"@type\":\"ImageObject\",\"inLanguage\":\"it-IT\",\"@id\":\"https:\/\/www.teatrodomma.it\/?p=1734#primaryimage\",\"url\":\"https:\/\/www.teatrodomma.it\/wp-content\/uploads\/2020\/05\/Eduardo_De_Filippo.gif\",\"contentUrl\":\"https:\/\/www.teatrodomma.it\/wp-content\/uploads\/2020\/05\/Eduardo_De_Filippo.gif\",\"width\":260,\"height\":260},{\"@type\":\"BreadcrumbList\",\"@id\":\"https:\/\/www.teatrodomma.it\/?p=1734#breadcrumb\",\"itemListElement\":[{\"@type\":\"ListItem\",\"position\":1,\"name\":\"Home\",\"item\":\"https:\/\/www.teatrodomma.it\/\"},{\"@type\":\"ListItem\",\"position\":2,\"name\":\"120 anni fa nasceva Eduardo\"}]},{\"@type\":\"WebSite\",\"@id\":\"https:\/\/www.teatrodomma.it\/#website\",\"url\":\"https:\/\/www.teatrodomma.it\/\",\"name\":\"Teatro Domma\",\"description\":\"\",\"publisher\":{\"@id\":\"https:\/\/www.teatrodomma.it\/#organization\"},\"potentialAction\":[{\"@type\":\"SearchAction\",\"target\":{\"@type\":\"EntryPoint\",\"urlTemplate\":\"https:\/\/www.teatrodomma.it\/?s={search_term_string}\"},\"query-input\":{\"@type\":\"PropertyValueSpecification\",\"valueRequired\":true,\"valueName\":\"search_term_string\"}}],\"inLanguage\":\"it-IT\"},{\"@type\":\"Organization\",\"@id\":\"https:\/\/www.teatrodomma.it\/#organization\",\"name\":\"Teatro Domma\",\"url\":\"https:\/\/www.teatrodomma.it\/\",\"logo\":{\"@type\":\"ImageObject\",\"inLanguage\":\"it-IT\",\"@id\":\"https:\/\/www.teatrodomma.it\/#\/schema\/logo\/image\/\",\"url\":\"https:\/\/www.teatrodomma.it\/wp-content\/uploads\/2025\/01\/LOGOICON-edited-2.png\",\"contentUrl\":\"https:\/\/www.teatrodomma.it\/wp-content\/uploads\/2025\/01\/LOGOICON-edited-2.png\",\"width\":510,\"height\":287,\"caption\":\"Teatro Domma\"},\"image\":{\"@id\":\"https:\/\/www.teatrodomma.it\/#\/schema\/logo\/image\/\"},\"sameAs\":[\"https:\/\/www.facebook.com\/p\/Teatro-Domma-61556981831878\/?locale=it_IT\",\"https:\/\/www.instagram.com\/teatro_domma\/\"]},{\"@type\":\"Person\",\"@id\":\"https:\/\/www.teatrodomma.it\/#\/schema\/person\/8a1f09bf4c695307c8aef38d93aa0e84\",\"name\":\"Margherita De Donato\",\"image\":{\"@type\":\"ImageObject\",\"inLanguage\":\"it-IT\",\"@id\":\"https:\/\/www.teatrodomma.it\/#\/schema\/person\/image\/\",\"url\":\"https:\/\/secure.gravatar.com\/avatar\/0fbebb2201a984022de9f07361f7fe88cb7fcefd6be5e33abf5559102ec20088?s=96&d=mm&r=g\",\"contentUrl\":\"https:\/\/secure.gravatar.com\/avatar\/0fbebb2201a984022de9f07361f7fe88cb7fcefd6be5e33abf5559102ec20088?s=96&d=mm&r=g\",\"caption\":\"Margherita De Donato\"},\"url\":\"https:\/\/www.teatrodomma.it\/?author=3\"}]}<\/script>\n<!-- \/ Yoast SEO plugin. -->","yoast_head_json":{"title":"120 anni fa nasceva Eduardo - Teatro Domma","robots":{"index":"index","follow":"follow","max-snippet":"max-snippet:-1","max-image-preview":"max-image-preview:large","max-video-preview":"max-video-preview:-1"},"canonical":"https:\/\/www.teatrodomma.it\/?p=1734","og_locale":"it_IT","og_type":"article","og_title":"120 anni fa nasceva Eduardo - Teatro Domma","og_description":"Un blog teatrale non pu\u00f2 non ricordare Edoardo De Filippo, uno dei pi\u00f9 importanti artisti italiani del Novecento, autore e interprete di opere rappresentate anche all&#8217;estero, che venne anche candidato per il Premio Nobel per la Letteratura. Cos\u00ec lo ricorda il Presidente della Repubblica Sergio Mattarella in una dichiarazione per i 120 anni dalla nascita. [&hellip;]","og_url":"https:\/\/www.teatrodomma.it\/?p=1734","og_site_name":"Teatro Domma","article_publisher":"https:\/\/www.facebook.com\/p\/Teatro-Domma-61556981831878\/?locale=it_IT","article_published_time":"2020-05-24T15:14:00+00:00","og_image":[{"width":260,"height":260,"url":"https:\/\/www.teatrodomma.it\/wp-content\/uploads\/2020\/05\/Eduardo_De_Filippo.gif","type":"image\/gif"}],"author":"Margherita De Donato","twitter_card":"summary_large_image","twitter_misc":{"Scritto da":"Margherita De Donato","Tempo di lettura stimato":"1 minuto"},"schema":{"@context":"https:\/\/schema.org","@graph":[{"@type":"Article","@id":"https:\/\/www.teatrodomma.it\/?p=1734#article","isPartOf":{"@id":"https:\/\/www.teatrodomma.it\/?p=1734"},"author":{"name":"Margherita De Donato","@id":"https:\/\/www.teatrodomma.it\/#\/schema\/person\/8a1f09bf4c695307c8aef38d93aa0e84"},"headline":"120 anni fa nasceva Eduardo","datePublished":"2020-05-24T15:14:00+00:00","mainEntityOfPage":{"@id":"https:\/\/www.teatrodomma.it\/?p=1734"},"wordCount":223,"publisher":{"@id":"https:\/\/www.teatrodomma.it\/#organization"},"image":{"@id":"https:\/\/www.teatrodomma.it\/?p=1734#primaryimage"},"thumbnailUrl":"https:\/\/www.teatrodomma.it\/wp-content\/uploads\/2020\/05\/Eduardo_De_Filippo.gif","keywords":["De Filippo","Eduardo","nascita","teatro"],"articleSection":["Articoli vari"],"inLanguage":"it-IT"},{"@type":"WebPage","@id":"https:\/\/www.teatrodomma.it\/?p=1734","url":"https:\/\/www.teatrodomma.it\/?p=1734","name":"120 anni fa nasceva Eduardo - Teatro Domma","isPartOf":{"@id":"https:\/\/www.teatrodomma.it\/#website"},"primaryImageOfPage":{"@id":"https:\/\/www.teatrodomma.it\/?p=1734#primaryimage"},"image":{"@id":"https:\/\/www.teatrodomma.it\/?p=1734#primaryimage"},"thumbnailUrl":"https:\/\/www.teatrodomma.it\/wp-content\/uploads\/2020\/05\/Eduardo_De_Filippo.gif","datePublished":"2020-05-24T15:14:00+00:00","breadcrumb":{"@id":"https:\/\/www.teatrodomma.it\/?p=1734#breadcrumb"},"inLanguage":"it-IT","potentialAction":[{"@type":"ReadAction","target":["https:\/\/www.teatrodomma.it\/?p=1734"]}]},{"@type":"ImageObject","inLanguage":"it-IT","@id":"https:\/\/www.teatrodomma.it\/?p=1734#primaryimage","url":"https:\/\/www.teatrodomma.it\/wp-content\/uploads\/2020\/05\/Eduardo_De_Filippo.gif","contentUrl":"https:\/\/www.teatrodomma.it\/wp-content\/uploads\/2020\/05\/Eduardo_De_Filippo.gif","width":260,"height":260},{"@type":"BreadcrumbList","@id":"https:\/\/www.teatrodomma.it\/?p=1734#breadcrumb","itemListElement":[{"@type":"ListItem","position":1,"name":"Home","item":"https:\/\/www.teatrodomma.it\/"},{"@type":"ListItem","position":2,"name":"120 anni fa nasceva Eduardo"}]},{"@type":"WebSite","@id":"https:\/\/www.teatrodomma.it\/#website","url":"https:\/\/www.teatrodomma.it\/","name":"Teatro Domma","description":"","publisher":{"@id":"https:\/\/www.teatrodomma.it\/#organization"},"potentialAction":[{"@type":"SearchAction","target":{"@type":"EntryPoint","urlTemplate":"https:\/\/www.teatrodomma.it\/?s={search_term_string}"},"query-input":{"@type":"PropertyValueSpecification","valueRequired":true,"valueName":"search_term_string"}}],"inLanguage":"it-IT"},{"@type":"Organization","@id":"https:\/\/www.teatrodomma.it\/#organization","name":"Teatro Domma","url":"https:\/\/www.teatrodomma.it\/","logo":{"@type":"ImageObject","inLanguage":"it-IT","@id":"https:\/\/www.teatrodomma.it\/#\/schema\/logo\/image\/","url":"https:\/\/www.teatrodomma.it\/wp-content\/uploads\/2025\/01\/LOGOICON-edited-2.png","contentUrl":"https:\/\/www.teatrodomma.it\/wp-content\/uploads\/2025\/01\/LOGOICON-edited-2.png","width":510,"height":287,"caption":"Teatro Domma"},"image":{"@id":"https:\/\/www.teatrodomma.it\/#\/schema\/logo\/image\/"},"sameAs":["https:\/\/www.facebook.com\/p\/Teatro-Domma-61556981831878\/?locale=it_IT","https:\/\/www.instagram.com\/teatro_domma\/"]},{"@type":"Person","@id":"https:\/\/www.teatrodomma.it\/#\/schema\/person\/8a1f09bf4c695307c8aef38d93aa0e84","name":"Margherita De Donato","image":{"@type":"ImageObject","inLanguage":"it-IT","@id":"https:\/\/www.teatrodomma.it\/#\/schema\/person\/image\/","url":"https:\/\/secure.gravatar.com\/avatar\/0fbebb2201a984022de9f07361f7fe88cb7fcefd6be5e33abf5559102ec20088?s=96&d=mm&r=g","contentUrl":"https:\/\/secure.gravatar.com\/avatar\/0fbebb2201a984022de9f07361f7fe88cb7fcefd6be5e33abf5559102ec20088?s=96&d=mm&r=g","caption":"Margherita De Donato"},"url":"https:\/\/www.teatrodomma.it\/?author=3"}]}},"_links":{"self":[{"href":"https:\/\/www.teatrodomma.it\/index.php?rest_route=\/wp\/v2\/posts\/1734","targetHints":{"allow":["GET"]}}],"collection":[{"href":"https:\/\/www.teatrodomma.it\/index.php?rest_route=\/wp\/v2\/posts"}],"about":[{"href":"https:\/\/www.teatrodomma.it\/index.php?rest_route=\/wp\/v2\/types\/post"}],"author":[{"embeddable":true,"href":"https:\/\/www.teatrodomma.it\/index.php?rest_route=\/wp\/v2\/users\/3"}],"replies":[{"embeddable":true,"href":"https:\/\/www.teatrodomma.it\/index.php?rest_route=%2Fwp%2Fv2%2Fcomments&post=1734"}],"version-history":[{"count":0,"href":"https:\/\/www.teatrodomma.it\/index.php?rest_route=\/wp\/v2\/posts\/1734\/revisions"}],"wp:featuredmedia":[{"embeddable":true,"href":"https:\/\/www.teatrodomma.it\/index.php?rest_route=\/wp\/v2\/media\/1742"}],"wp:attachment":[{"href":"https:\/\/www.teatrodomma.it\/index.php?rest_route=%2Fwp%2Fv2%2Fmedia&parent=1734"}],"wp:term":[{"taxonomy":"category","embeddable":true,"href":"https:\/\/www.teatrodomma.it\/index.php?rest_route=%2Fwp%2Fv2%2Fcategories&post=1734"},{"taxonomy":"post_tag","embeddable":true,"href":"https:\/\/www.teatrodomma.it\/index.php?rest_route=%2Fwp%2Fv2%2Ftags&post=1734"}],"curies":[{"name":"wp","href":"https:\/\/api.w.org\/{rel}","templated":true}]}}