{"id":17397,"date":"2023-09-25T00:24:00","date_gmt":"2023-09-24T22:24:00","guid":{"rendered":"https:\/\/www.teatrodomma.it\/?p=17397"},"modified":"2023-09-25T00:24:00","modified_gmt":"2023-09-24T22:24:00","slug":"14-e-15-ottobre-e-lora-della-mosca","status":"publish","type":"post","link":"https:\/\/www.teatrodomma.it\/?p=17397","title":{"rendered":"14 e 15 ottobre: \u00e8 &#8220;L&#8217;ora della mosca&#8221;"},"content":{"rendered":"\n<p class=\"has-background-dark-background-color has-background\"><em>Lo spettacolo di Augusto Zucchi \u00e8 tratto dai monologhi di Eduardo Pavlovsky, uno dei pi\u00f9 autorevoli esponenti della cultura latino-americana.<\/em><\/p>\n\n\n\n<p><strong>Un intreccio teatrale molto vicino al genere noir, <\/strong>condotto con esperienza dal famoso attore-regista-drammaturgo <em><strong><a href=\"https:\/\/www.teatrodomma.it\/blog\/interviste\/buio-in-sala-e-di-scena-augusto-zucchi\/\" target=\"_blank\" rel=\"noreferrer noopener\">Augusto Zucchi<\/a><\/strong><\/em>, volto noto anche al pubblico televisivo e cinematografico. <strong>Il prologo che introduce  la vicenda \u00e8 affidato all&#8217;attrice ed aiuto regia <em><a href=\"https:\/\/www.teatrodomma.it\/blog\/homepage\/antonella-formisano-introduce-lora-della-mosca\/\" target=\"_blank\" rel=\"noreferrer noopener\">Antonella Formisano<\/a><\/em> <\/strong>(<strong><em><a href=\"https:\/\/www.facebook.com\/antonellaformy1\" target=\"_blank\" rel=\"noreferrer noopener\">su FB<\/a><\/em><\/strong>).<\/p>\n\n\n\n<p><strong>La storia \u00e8 quella di un medico<\/strong> <em>(<strong>Augusto Zucchi<\/strong>)<\/em> che, <strong>al tempo della dittatura militare in Argentina<\/strong>, veniva <strong>chiamato a firmare i certificati di morte dei prigionieri politici <\/strong>e che, durante una delle azioni, <strong>prende in adozione la figlia di uno di loro<\/strong>, <strong>la quale col nuovo regime gli verr\u00e0 sottratta<\/strong> dalle autorit\u00e0 per essere riconsegnata alla famiglia di origine, ovverosia ai nonni.<\/p>\n\n\n\n<p>L\u2019uomo realmente legato alla bambina da un amore paterno sviscerato, <strong>sconvolto dal dolore per la separazione forzata, dopo anni si mette alla ricerca della figlia<\/strong> <em>(<a href=\"https:\/\/www.teatrodomma.it\/blog\/interviste\/per-alessia-capua-scocca-lora-della-mosca\/\" target=\"_blank\" rel=\"noreferrer noopener\"><strong>Alessia<\/strong> <strong>Capua<\/strong><\/a>)<\/em>. Dopo lunghe ricerche crede di averla ritrovata e la invita a casa sua con il pretesto di un colloquio di lavoro. <strong>Lei arriva all\u2019appuntamento convinta di trovare un lavoro, ignara della trappola-incubo costruita dalla follia disperata e a senso unico dell\u2019uomo<\/strong>, tra digressioni e spietati fotogrammi di realt\u00e0.<\/p>\n\n\n\n<p><strong>Il torturatore non \u00e8 un mostro, non \u00e8 uno psicopatico, \u00e8 uno di noi, forse \u00e8 in noi, nella normalit\u00e0 di un buon padre di famiglia. E questo \u00e8 il dato sconvolgente.<\/strong><\/p>\n\n\n\n<p class=\"has-background-dark-background-color has-background\"><strong>Malgrado il tema fortemente drammatico, lo spettacolo come il testo \u00e8 continuamente ironico e a tratti comico.<\/strong><\/p>\n\n\n\n<p>Lo spettacolo diretto ed interpretato da <strong>Augusto Zucchi<\/strong> si avvale della collaborazione dello<strong> scultore<\/strong> <strong>Antonio Bernardo Fraddosio<\/strong>, un artista molto considerato nell\u2019ambito dell\u2019arte informale, che ha partecipato con le sue opere alla Biennale di Venezia.<\/p>\n\n\n\n<p class=\"has-text-align-center has-background-dark-background-color has-background\"><strong>IL TRAILER<\/strong><\/p>\n\n\n\n<figure class=\"wp-block-embed is-type-video is-provider-youtube wp-block-embed-youtube wp-embed-aspect-16-9 wp-has-aspect-ratio\"><div class=\"wp-block-embed__wrapper\">\n<iframe loading=\"lazy\" title=\"L&#039;Ora Della Mosca - Trailer\" width=\"720\" height=\"405\" src=\"https:\/\/www.youtube.com\/embed\/nS3jVlr489Y?feature=oembed\" frameborder=\"0\" allow=\"accelerometer; autoplay; clipboard-write; encrypted-media; gyroscope; picture-in-picture; web-share\" referrerpolicy=\"strict-origin-when-cross-origin\" allowfullscreen><\/iframe>\n<\/div><\/figure>\n\n\n\n<p><\/p>\n\n\n\n<p><strong>Per saperne di pi\u00f9 su Eduardo Pavlovsky<\/strong>&nbsp;(Buenos Aires,&nbsp;10\/12\/1933&nbsp;\u2013&nbsp;04\/10\/2015) psichiatra,&nbsp;drammaturgo,&nbsp;attore-regista teatrale&nbsp;argentino e anche sui<strong> suoi monologhi <\/strong>che<strong> hanno ispirato questo spettacolo<\/strong>, leggi <a href=\"https:\/\/it.wikipedia.org\/wiki\/Eduardo_Pavlovsky\" target=\"_blank\" rel=\"noreferrer noopener\">qui<\/a>.<\/p>\n\n\n\n<p class=\"has-text-align-center has-background-dark-background-color has-background\"><strong>14 <strong>ottobre<\/strong><\/strong> <strong>2023 (ore 21:00) \/ 15 ottobre<\/strong> <strong>(ore 17:00)<\/strong><\/p>\n\n\n\n<p class=\"has-background-dark-background-color has-background\"><strong>BIGLIETTERIA SIAE: euro 18,00 intero \/ euro 15,00 ridotto (Under 18 ed Over 65 anni)<em>, <\/em>acquistabili&nbsp;anche tramite la &#8220;Carta del Docente&#8221; e la &#8220;18 App&#8221; degli studenti presso il botteghino del Teatro Domma &#8211; ORARIO: 16:00 \u2013 20:00 dal Lun al Ven  (cell. 3286077138 \u2013 email: <a rel=\"noreferrer noopener\" target=\"_blank\" href=\"mailto:teatrodomma@gmail.com\">teatrodomma@gmail.com<\/a><\/strong>)<\/p>\n\n\n\n<p><\/p>\n\n\n\n<p><\/p>\n\n\n\n<p class=\"has-text-align-center\"><strong>Segui TEATRO DOMMA SU&nbsp;<a href=\"https:\/\/www.facebook.com\/profile.php?id=100063606700184&amp;locale=it_IT\" target=\"_blank\" rel=\"noreferrer noopener\">Facebook<\/a><\/strong>&nbsp;<strong>\u2013&nbsp;<a href=\"https:\/\/www.instagram.com\/teatrodomma\/\" target=\"_blank\" rel=\"noreferrer noopener\">Instagram<\/a><\/strong><\/p>\n\n\n\n<p><\/p>\n\n\n\n<p class=\"has-text-align-center has-background-dark-background-color has-background\"><strong>IL CAST<\/strong><\/p>\n\n\n\n<p><strong><em>&#8220;Un bravo Maestro ti apre la mente, ti prende per mano e ti tocca l&#8217;anima&#8221;<\/em> <\/strong>\u00e8 quanto assicura Augusto Zucchi a chi vuole intraprendere la carriera da attore presso la sua <em><a href=\"https:\/\/www.facebook.com\/accademiazucchi?__tn__=-]K\" target=\"_blank\" rel=\"noreferrer noopener\">Accademia Zucchi &#8211; Professione Attore<\/a>.<\/em><\/p>\n\n\n\n<p class=\"has-text-align-center\"><\/p>\n\n\n\n<div class=\"wp-block-image\"><figure class=\"aligncenter size-large\"><img loading=\"lazy\" decoding=\"async\" width=\"589\" height=\"392\" src=\"http:\/\/test.teatrodomma.it\/wp-content\/uploads\/2023\/09\/Augusto-Zucchi_primopiano.jpg\" alt=\"\" class=\"wp-image-17405\" srcset=\"https:\/\/www.teatrodomma.it\/wp-content\/uploads\/2023\/09\/Augusto-Zucchi_primopiano.jpg 589w, https:\/\/www.teatrodomma.it\/wp-content\/uploads\/2023\/09\/Augusto-Zucchi_primopiano-300x200.jpg 300w, https:\/\/www.teatrodomma.it\/wp-content\/uploads\/2023\/09\/Augusto-Zucchi_primopiano-200x133.jpg 200w, https:\/\/www.teatrodomma.it\/wp-content\/uploads\/2023\/09\/Augusto-Zucchi_primopiano-272x182.jpg 272w\" sizes=\"(max-width: 589px) 100vw, 589px\" \/><\/figure><\/div>\n\n\n\n<p><\/p>\n\n\n\n<p class=\"has-text-align-center\"><strong><a href=\"https:\/\/www.teatrodomma.it\/blog\/interviste\/buio-in-sala-e-di-scena-augusto-zucchi\/\" target=\"_blank\" rel=\"noreferrer noopener\">La nostra scheda artistica<\/a><\/strong> <strong>su<\/strong> <strong>AUGUSTO ZUCCHI &#8211; <a href=\"https:\/\/accademiazucchi.com\/?fbclid=IwAR1TXoD4Y58KaIP9l3QzFz5uqhd8OWnOQC1RRIoZ9HP3UspcgLqkczU4378\" target=\"_blank\" rel=\"noreferrer noopener\">Showreel<\/a><\/strong> <strong>&#8211; <a href=\"https:\/\/www.facebook.com\/augustozucchi.official\" target=\"_blank\" rel=\"noreferrer noopener\">Facebook<\/a><\/strong><\/p>\n\n\n\n<p><\/p>\n\n\n\n<p><\/p>\n\n\n\n<figure class=\"wp-block-image size-large\"><img decoding=\"async\" src=\"https:\/\/www.teatrodomma.it\/wp-content\/uploads\/2023\/09\/Alessia-Capua_primopiano-BN-1024x683.jpg\" alt=\"\" class=\"wp-image-17409\"\/><\/figure>\n\n\n\n<p class=\"has-text-align-center\"><strong>La <a href=\"https:\/\/www.teatrodomma.it\/blog\/interviste\/per-alessia-capua-scocca-lora-della-mosca\/\" target=\"_blank\" rel=\"noreferrer noopener\">nostra scheda<\/a> su<\/strong> <strong>ALESSIA CAPUA &#8211; L&#8217;attrice su <a href=\"https:\/\/www.facebook.com\/alessia.capua.3\" target=\"_blank\" rel=\"noreferrer noopener\">Facebook<\/a> &#8211; <a href=\"https:\/\/www.instagram.com\/alessiacapua\/?hl=it\">Instagram<\/a><\/strong><\/p>\n\n\n\n<p><em>&#8220;Il teatro \u00e8 il mezzo che ci aiuta a riconoscerci ma anche a vedere, ad ascoltare, a percepire con maggiore consapevolezza quali sono i nostri conflitti interni. Ma soprattutto ad uscire dal nostro punto di vista e ad ampliare la nostra visuale&#8221;<\/em>, osserva l&#8217;attrice che \u00e8 anche una counsellor teatrale AiCo professionista (maggiori info <a href=\"https:\/\/www.facebook.com\/AlessiaCapuaCounsellor\/\" target=\"_blank\" rel=\"noreferrer noopener\">qui<\/a>).<\/p>\n\n\n\n<p><\/p>\n\n\n\n<figure class=\"wp-block-image size-large\"><img decoding=\"async\" src=\"https:\/\/www.teatrodomma.it\/wp-content\/uploads\/2023\/09\/Antonella-Formisano_primopiano-1024x763.jpg\" alt=\"\" class=\"wp-image-18449\"\/><\/figure>\n\n\n\n<p><\/p>\n\n\n\n<p class=\"has-text-align-center\"><strong>La <a href=\"https:\/\/www.teatrodomma.it\/blog\/homepage\/antonella-formisano-introduce-lora-della-mosca\/\" target=\"_blank\" rel=\"noreferrer noopener\">nostra scheda<\/a> su ANTONELLA FORMISANO &#8211; <a href=\"https:\/\/www.facebook.com\/antonellaformy1\" target=\"_blank\" rel=\"noreferrer noopener\">Facebook<\/a><\/strong> <strong>e <a href=\"https:\/\/www.instagram.com\/antonellaformy\/?hl=it\" target=\"_blank\" rel=\"noreferrer noopener\">Instagram<\/a><\/strong><\/p>\n\n\n\n<p><em>&#8220;Non puoi scappare da ci\u00f2 che desideri, ti seguir\u00e0 ovunque&#8221;<\/em>, scrive l&#8217;attrice su Instagram. Nel suo caso si tratta della recitazione. Antonella Formisano \u00e8 stata protagonista dei corti &#8220;SHINE&#8221; e &#8220;PLANT&#8221; e di recente 1\u00aa classificata nelle categorie recitazione &#8211; canto \u2013 moda al Miss MAW International 2023.<\/p>\n\n\n\n<p><\/p>\n\n\n\n<p><\/p>\n\n\n\n<p class=\"has-text-align-center has-background-dark-background-color has-background\"><strong>IL FENOMENO DEI DESAPARECIDOS<\/strong><\/p>\n\n\n\n<p id=\"block-d018320d-dda8-4819-a62d-3a14b4d84664\"><strong>Molti artisti nel corso degli anni hanno denunciato e ricordato<\/strong> <strong>il fenomeno dei desaparecidos.<\/strong> Tra i musicisti italiani figurano i&nbsp;<strong><em>Litfiba<\/em><\/strong> con <em>Desaparecido<\/em>&nbsp;contenuta nell&#8217;album&nbsp;omonimo del&nbsp;1985 e <em>Santiago<\/em> nell&#8217;album&nbsp;Litfiba 3 del&nbsp;1988; <strong><em>Paola Turci<\/em><\/strong>, con il brano <em>Bambini<\/em>, contenuto nell&#8217;album&nbsp;<em>Paola Turci<\/em>&nbsp;del 1989; i&nbsp;<em><strong>Nomadi<\/strong><\/em> con <em>Canzone per i desaparecidos<\/em>&nbsp;e&nbsp;<em>Salvador<\/em> rispettivamente negli album&nbsp;<em>Quando ci sarai<\/em> del&nbsp;1996&nbsp;e&nbsp;<em>Solo Nomadi<\/em> del&nbsp;1990; <strong><em>Daniele Silvestri<\/em><\/strong>, <em>Desaparecido<\/em> nell&#8217;album&nbsp;<em>Sig. Dapatas<\/em> del&nbsp;1999.<\/p>\n\n\n\n<p id=\"block-b1a5a821-89ac-4d21-8650-b3c7a48e23f5\">Nel video qui sotto <strong>Sting<\/strong> interpreta con <strong>Peter Gabriel<\/strong> la canzone <em><strong>&#8216;They Dance Alone&#8217;<\/strong><\/em> durante l&#8217;<strong>Amnesty International nel 1988<\/strong>, chiamando sul palco le donne coraggiose che si riunirono per la prima volta in <em>Plaza de Mayo a&nbsp;Buenos Aires<\/em>e da allora, ogni gioved\u00ec pomeriggio, si ritrovavano nella celebre piazza percorrendola in senso circolare attorno alla piramide che si trova al centro, per circa mezz&#8217;ora, per rivendicare la scomparsa dei loro figli e ottenerne la restituzione.<\/p>\n\n\n\n<figure class=\"wp-block-embed is-type-video is-provider-youtube wp-block-embed-youtube wp-embed-aspect-4-3 wp-has-aspect-ratio\"><div class=\"wp-block-embed__wrapper\">\n<iframe loading=\"lazy\" title=\"Sting &amp; Peter Gabriel - They Dance Alone - Live at Amnesty International 1988\" width=\"720\" height=\"540\" src=\"https:\/\/www.youtube.com\/embed\/xLmE8o-RAbo?start=2&#038;feature=oembed\" frameborder=\"0\" allow=\"accelerometer; autoplay; clipboard-write; encrypted-media; gyroscope; picture-in-picture; web-share\" referrerpolicy=\"strict-origin-when-cross-origin\" allowfullscreen><\/iframe>\n<\/div><\/figure>\n\n\n\n<p class=\"has-text-align-center\" id=\"block-58fd0717-6e3f-44e0-9086-89362483e8a7\"><strong><em>THEY DANCE ALONE<\/em><\/strong><\/p>\n\n\n\n<p class=\"has-text-align-center\" id=\"block-8894d1a7-9f94-4e0b-86ec-cc686e11fb39\"><strong>(brano di Sting contenuto nell&#8217;album&nbsp;<em>&#8230;Nothing Like the Sun<\/em> del 1987)<\/strong><\/p>\n\n\n\n<p id=\"block-787887fc-d331-47dd-a4da-997251d808e9\"><em>Why are there women here dancing on their own?<br>Why is there this sadness in their eyes?Why are the soldiers here?<br>Their faces fixed like stone?<br>I can&#8217;t see what it is that they dispise<br>They&#8217;re dancing with the missing <\/em> &#8211; <em>They&#8217;re dancing with the dead<br>They dance with the invisible ones<br>Their anguish is unsaid<br>They&#8217;re dancing with their fathers<br>They&#8217;re dancing with their sons<br>They&#8217;re dancing with their husbands<br>They dance alone<br>They dance alone <\/em><\/p>\n\n\n\n<p id=\"block-787887fc-d331-47dd-a4da-997251d808e9\"><em>It&#8217;s the only form of protest they&#8217;re allowed I&#8217;ve seen their silent faces scream so loud If they were to speak these words they&#8217;d go missing too<br>Another woman on a torture table<br>What else can they do? &#8211; They&#8217;re dancing with the missing<br>They&#8217;re dancing with the dead<br>They dance with the invisible ones<br>Their anguish is unsaid<br>They&#8217;re dancing with their fathers<br>They&#8217;re dancing with their sons<br>They&#8217;re dancing with their husbands<br>They dance alone &#8211; They dance alone <\/em><\/p>\n\n\n\n<p id=\"block-787887fc-d331-47dd-a4da-997251d808e9\"><em>One day we&#8217;ll dance on their graves<br>One day we&#8217;ll sing our freedom<br>One day we&#8217;ll laugh in our joy<br>And we&#8217;ll dance<br>One day we&#8217;ll dance on their graves<br>One day we&#8217;ll sing our freedom<br>One day we&#8217;ll laugh in our joy<br>And we&#8217;ll dance<\/em><\/p>\n\n\n\n<p id=\"block-ec03ea86-7ea1-4b7c-9558-9a296efef7d5\"><em>Ellas danzan con los <strong>desaparecidos<\/strong><br>Danzan con los muertos<br>Danzan con amores invisibles<br>Con silenciosa angustia<br>Danzan con sus pardres<br>Con sus hijos<br>Con sus esposos<br>Ellas danzan solas<br>Danzan solas <strong>Hey, Mr. Pinochet<\/strong><br>You&#8217;ve sown a bitter crop<br>It&#8217;s foreign money that supports you<br>One day the money&#8217;s going to stop<br>No wages for your torturers<br>No budget for your guns<br>Can you think of your own mother?<\/em><\/p>\n\n\n\n<p class=\"has-text-align-center has-background-dark-background-color has-background\" id=\"block-fbbc71db-81a2-4c85-a3e9-eafa0fc3ef7d\"><strong>Alcuni film che trattano questo tema:<\/strong><\/p>\n\n\n\n<ul class=\"wp-block-list\" id=\"block-08062ecf-6aea-4253-b29d-06686f1883ad\"><li><em><a href=\"https:\/\/it.wikipedia.org\/wiki\/Missing_-_Scomparso\">Missing &#8211; Scomparso<\/a><\/em>&nbsp;(1982) di&nbsp;Costa-Gavras<\/li><li><em><a href=\"https:\/\/it.wikipedia.org\/wiki\/La_notte_delle_matite_spezzate\">La notte delle matite spezzate<\/a><\/em>&nbsp;(1986) di&nbsp;H\u00e9ctor Olivera<\/li><li><em><a href=\"https:\/\/it.wikipedia.org\/wiki\/La_morte_e_la_fanciulla_(film)\">La morte e la fanciulla<\/a><\/em>&nbsp;(1995) di&nbsp;Roman Pola\u0144ski<\/li><li><em><a href=\"https:\/\/it.wikipedia.org\/wiki\/La_storia_ufficiale\">La storia ufficiale<\/a><\/em>&nbsp;(1985) di&nbsp;Luis Puenzo<\/li><li><em><a href=\"https:\/\/it.wikipedia.org\/wiki\/Moebius_(film_1996)\">Moebius<\/a><\/em>&nbsp;(1996) del professore argentino&nbsp;Gustavo Mosquera&nbsp;insieme ad alcuni studenti dell&#8217;Universidad del Cine&nbsp;di&nbsp;Buenos Aires.<\/li><li><em><a href=\"https:\/\/it.wikipedia.org\/wiki\/La_casa_degli_spiriti_(film_1993)\">La casa degli spiriti<\/a><\/em>&nbsp;(1993) di&nbsp;Bille August, dall&#8217;omonimo libro di Isabel Allende<\/li><li><em><a href=\"https:\/\/it.wikipedia.org\/wiki\/D%27amore_e_ombra_(film)\">D&#8217;amore e ombra<\/a><\/em>&nbsp;(1994) regia di&nbsp;Betty Kaplan&nbsp;tratto dall&#8217;omonimo libro della Allende.<\/li><\/ul>\n\n\n\n<p><em>Margherita De Donato<\/em><\/p>\n","protected":false},"excerpt":{"rendered":"<p>Lo spettacolo di Augusto Zucchi \u00e8 tratto dai monologhi di Eduardo Pavlovsky, uno dei pi\u00f9 autorevoli esponenti della cultura latino-americana. Un intreccio teatrale molto vicino al genere noir, condotto con esperienza dal famoso attore-regista-drammaturgo Augusto Zucchi, volto noto anche al pubblico televisivo e cinematografico. Il prologo che introduce la vicenda \u00e8 affidato all&#8217;attrice ed aiuto [&hellip;]<\/p>\n","protected":false},"author":3,"featured_media":18299,"comment_status":"closed","ping_status":"open","sticky":false,"template":"","format":"standard","meta":{"saved_in_kubio":false,"footnotes":""},"categories":[14],"tags":[379,380,381,382,383,369,251],"class_list":{"0":"post-17397","1":"post","2":"type-post","3":"status-publish","4":"format-standard","5":"has-post-thumbnail","6":"hentry","7":"category-recensioni","8":"tag-alessia-capua","9":"tag-antonella-formisano","10":"tag-augusto-zucchi","11":"tag-eduardo-pavlovsky","12":"tag-lora-della-mosca","13":"tag-stagione-teatrale-2023-2024","14":"tag-teatro-domma","16":"post-with-thumbnail","17":"post-with-thumbnail-large"},"yoast_head":"<!-- This site is optimized with the Yoast SEO plugin v25.8 - https:\/\/yoast.com\/wordpress\/plugins\/seo\/ -->\n<title>14 e 15 ottobre: \u00e8 &quot;L&#039;ora della mosca&quot; - Teatro Domma<\/title>\n<meta name=\"robots\" content=\"index, follow, max-snippet:-1, max-image-preview:large, max-video-preview:-1\" \/>\n<link rel=\"canonical\" href=\"https:\/\/www.teatrodomma.it\/?p=17397\" \/>\n<meta property=\"og:locale\" content=\"it_IT\" \/>\n<meta property=\"og:type\" content=\"article\" \/>\n<meta property=\"og:title\" content=\"14 e 15 ottobre: \u00e8 &quot;L&#039;ora della mosca&quot; - Teatro Domma\" \/>\n<meta property=\"og:description\" content=\"Lo spettacolo di Augusto Zucchi \u00e8 tratto dai monologhi di Eduardo Pavlovsky, uno dei pi\u00f9 autorevoli esponenti della cultura latino-americana. Un intreccio teatrale molto vicino al genere noir, condotto con esperienza dal famoso attore-regista-drammaturgo Augusto Zucchi, volto noto anche al pubblico televisivo e cinematografico. Il prologo che introduce la vicenda \u00e8 affidato all&#8217;attrice ed aiuto [&hellip;]\" \/>\n<meta property=\"og:url\" content=\"https:\/\/www.teatrodomma.it\/?p=17397\" \/>\n<meta property=\"og:site_name\" content=\"Teatro Domma\" \/>\n<meta property=\"article:publisher\" content=\"https:\/\/www.facebook.com\/p\/Teatro-Domma-61556981831878\/?locale=it_IT\" \/>\n<meta property=\"article:published_time\" content=\"2023-09-24T22:24:00+00:00\" \/>\n<meta property=\"og:image\" content=\"https:\/\/www.teatrodomma.it\/wp-content\/uploads\/2023\/09\/L-Ora-della-Mosca_locandina-corretta-e1696268677546.jpg\" \/>\n\t<meta property=\"og:image:width\" content=\"900\" \/>\n\t<meta property=\"og:image:height\" content=\"1514\" \/>\n\t<meta property=\"og:image:type\" content=\"image\/jpeg\" \/>\n<meta name=\"author\" content=\"Margherita De Donato\" \/>\n<meta name=\"twitter:card\" content=\"summary_large_image\" \/>\n<meta name=\"twitter:label1\" content=\"Scritto da\" \/>\n\t<meta name=\"twitter:data1\" content=\"Margherita De Donato\" \/>\n\t<meta name=\"twitter:label2\" content=\"Tempo di lettura stimato\" \/>\n\t<meta name=\"twitter:data2\" content=\"6 minuti\" \/>\n<script type=\"application\/ld+json\" class=\"yoast-schema-graph\">{\"@context\":\"https:\/\/schema.org\",\"@graph\":[{\"@type\":\"Article\",\"@id\":\"https:\/\/www.teatrodomma.it\/?p=17397#article\",\"isPartOf\":{\"@id\":\"https:\/\/www.teatrodomma.it\/?p=17397\"},\"author\":{\"name\":\"Margherita De Donato\",\"@id\":\"https:\/\/www.teatrodomma.it\/#\/schema\/person\/8a1f09bf4c695307c8aef38d93aa0e84\"},\"headline\":\"14 e 15 ottobre: \u00e8 &#8220;L&#8217;ora della mosca&#8221;\",\"datePublished\":\"2023-09-24T22:24:00+00:00\",\"mainEntityOfPage\":{\"@id\":\"https:\/\/www.teatrodomma.it\/?p=17397\"},\"wordCount\":1116,\"publisher\":{\"@id\":\"https:\/\/www.teatrodomma.it\/#organization\"},\"image\":{\"@id\":\"https:\/\/www.teatrodomma.it\/?p=17397#primaryimage\"},\"thumbnailUrl\":\"https:\/\/www.teatrodomma.it\/wp-content\/uploads\/2023\/09\/L-Ora-della-Mosca_locandina-corretta-e1696268677546.jpg\",\"keywords\":[\"Alessia Capua\",\"antonella formisano\",\"Augusto Zucchi\",\"Eduardo Pavlovsky\",\"L&#039;ora della mosca\",\"Stagione teatrale 2023 2024\",\"teatro domma\"],\"articleSection\":[\"Recensioni\"],\"inLanguage\":\"it-IT\"},{\"@type\":\"WebPage\",\"@id\":\"https:\/\/www.teatrodomma.it\/?p=17397\",\"url\":\"https:\/\/www.teatrodomma.it\/?p=17397\",\"name\":\"14 e 15 ottobre: \u00e8 \\\"L'ora della mosca\\\" - Teatro Domma\",\"isPartOf\":{\"@id\":\"https:\/\/www.teatrodomma.it\/#website\"},\"primaryImageOfPage\":{\"@id\":\"https:\/\/www.teatrodomma.it\/?p=17397#primaryimage\"},\"image\":{\"@id\":\"https:\/\/www.teatrodomma.it\/?p=17397#primaryimage\"},\"thumbnailUrl\":\"https:\/\/www.teatrodomma.it\/wp-content\/uploads\/2023\/09\/L-Ora-della-Mosca_locandina-corretta-e1696268677546.jpg\",\"datePublished\":\"2023-09-24T22:24:00+00:00\",\"breadcrumb\":{\"@id\":\"https:\/\/www.teatrodomma.it\/?p=17397#breadcrumb\"},\"inLanguage\":\"it-IT\",\"potentialAction\":[{\"@type\":\"ReadAction\",\"target\":[\"https:\/\/www.teatrodomma.it\/?p=17397\"]}]},{\"@type\":\"ImageObject\",\"inLanguage\":\"it-IT\",\"@id\":\"https:\/\/www.teatrodomma.it\/?p=17397#primaryimage\",\"url\":\"https:\/\/www.teatrodomma.it\/wp-content\/uploads\/2023\/09\/L-Ora-della-Mosca_locandina-corretta-e1696268677546.jpg\",\"contentUrl\":\"https:\/\/www.teatrodomma.it\/wp-content\/uploads\/2023\/09\/L-Ora-della-Mosca_locandina-corretta-e1696268677546.jpg\",\"width\":900,\"height\":1514},{\"@type\":\"BreadcrumbList\",\"@id\":\"https:\/\/www.teatrodomma.it\/?p=17397#breadcrumb\",\"itemListElement\":[{\"@type\":\"ListItem\",\"position\":1,\"name\":\"Home\",\"item\":\"https:\/\/www.teatrodomma.it\/\"},{\"@type\":\"ListItem\",\"position\":2,\"name\":\"14 e 15 ottobre: \u00e8 &#8220;L&#8217;ora della mosca&#8221;\"}]},{\"@type\":\"WebSite\",\"@id\":\"https:\/\/www.teatrodomma.it\/#website\",\"url\":\"https:\/\/www.teatrodomma.it\/\",\"name\":\"Teatro Domma\",\"description\":\"\",\"publisher\":{\"@id\":\"https:\/\/www.teatrodomma.it\/#organization\"},\"potentialAction\":[{\"@type\":\"SearchAction\",\"target\":{\"@type\":\"EntryPoint\",\"urlTemplate\":\"https:\/\/www.teatrodomma.it\/?s={search_term_string}\"},\"query-input\":{\"@type\":\"PropertyValueSpecification\",\"valueRequired\":true,\"valueName\":\"search_term_string\"}}],\"inLanguage\":\"it-IT\"},{\"@type\":\"Organization\",\"@id\":\"https:\/\/www.teatrodomma.it\/#organization\",\"name\":\"Teatro Domma\",\"url\":\"https:\/\/www.teatrodomma.it\/\",\"logo\":{\"@type\":\"ImageObject\",\"inLanguage\":\"it-IT\",\"@id\":\"https:\/\/www.teatrodomma.it\/#\/schema\/logo\/image\/\",\"url\":\"https:\/\/www.teatrodomma.it\/wp-content\/uploads\/2025\/01\/LOGOICON-edited-2.png\",\"contentUrl\":\"https:\/\/www.teatrodomma.it\/wp-content\/uploads\/2025\/01\/LOGOICON-edited-2.png\",\"width\":510,\"height\":287,\"caption\":\"Teatro Domma\"},\"image\":{\"@id\":\"https:\/\/www.teatrodomma.it\/#\/schema\/logo\/image\/\"},\"sameAs\":[\"https:\/\/www.facebook.com\/p\/Teatro-Domma-61556981831878\/?locale=it_IT\",\"https:\/\/www.instagram.com\/teatro_domma\/\"]},{\"@type\":\"Person\",\"@id\":\"https:\/\/www.teatrodomma.it\/#\/schema\/person\/8a1f09bf4c695307c8aef38d93aa0e84\",\"name\":\"Margherita De Donato\",\"image\":{\"@type\":\"ImageObject\",\"inLanguage\":\"it-IT\",\"@id\":\"https:\/\/www.teatrodomma.it\/#\/schema\/person\/image\/\",\"url\":\"https:\/\/secure.gravatar.com\/avatar\/0fbebb2201a984022de9f07361f7fe88cb7fcefd6be5e33abf5559102ec20088?s=96&d=mm&r=g\",\"contentUrl\":\"https:\/\/secure.gravatar.com\/avatar\/0fbebb2201a984022de9f07361f7fe88cb7fcefd6be5e33abf5559102ec20088?s=96&d=mm&r=g\",\"caption\":\"Margherita De Donato\"},\"url\":\"https:\/\/www.teatrodomma.it\/?author=3\"}]}<\/script>\n<!-- \/ Yoast SEO plugin. -->","yoast_head_json":{"title":"14 e 15 ottobre: \u00e8 \"L'ora della mosca\" - Teatro Domma","robots":{"index":"index","follow":"follow","max-snippet":"max-snippet:-1","max-image-preview":"max-image-preview:large","max-video-preview":"max-video-preview:-1"},"canonical":"https:\/\/www.teatrodomma.it\/?p=17397","og_locale":"it_IT","og_type":"article","og_title":"14 e 15 ottobre: \u00e8 \"L'ora della mosca\" - Teatro Domma","og_description":"Lo spettacolo di Augusto Zucchi \u00e8 tratto dai monologhi di Eduardo Pavlovsky, uno dei pi\u00f9 autorevoli esponenti della cultura latino-americana. Un intreccio teatrale molto vicino al genere noir, condotto con esperienza dal famoso attore-regista-drammaturgo Augusto Zucchi, volto noto anche al pubblico televisivo e cinematografico. Il prologo che introduce la vicenda \u00e8 affidato all&#8217;attrice ed aiuto [&hellip;]","og_url":"https:\/\/www.teatrodomma.it\/?p=17397","og_site_name":"Teatro Domma","article_publisher":"https:\/\/www.facebook.com\/p\/Teatro-Domma-61556981831878\/?locale=it_IT","article_published_time":"2023-09-24T22:24:00+00:00","og_image":[{"width":900,"height":1514,"url":"https:\/\/www.teatrodomma.it\/wp-content\/uploads\/2023\/09\/L-Ora-della-Mosca_locandina-corretta-e1696268677546.jpg","type":"image\/jpeg"}],"author":"Margherita De Donato","twitter_card":"summary_large_image","twitter_misc":{"Scritto da":"Margherita De Donato","Tempo di lettura stimato":"6 minuti"},"schema":{"@context":"https:\/\/schema.org","@graph":[{"@type":"Article","@id":"https:\/\/www.teatrodomma.it\/?p=17397#article","isPartOf":{"@id":"https:\/\/www.teatrodomma.it\/?p=17397"},"author":{"name":"Margherita De Donato","@id":"https:\/\/www.teatrodomma.it\/#\/schema\/person\/8a1f09bf4c695307c8aef38d93aa0e84"},"headline":"14 e 15 ottobre: \u00e8 &#8220;L&#8217;ora della mosca&#8221;","datePublished":"2023-09-24T22:24:00+00:00","mainEntityOfPage":{"@id":"https:\/\/www.teatrodomma.it\/?p=17397"},"wordCount":1116,"publisher":{"@id":"https:\/\/www.teatrodomma.it\/#organization"},"image":{"@id":"https:\/\/www.teatrodomma.it\/?p=17397#primaryimage"},"thumbnailUrl":"https:\/\/www.teatrodomma.it\/wp-content\/uploads\/2023\/09\/L-Ora-della-Mosca_locandina-corretta-e1696268677546.jpg","keywords":["Alessia Capua","antonella formisano","Augusto Zucchi","Eduardo Pavlovsky","L&#039;ora della mosca","Stagione teatrale 2023 2024","teatro domma"],"articleSection":["Recensioni"],"inLanguage":"it-IT"},{"@type":"WebPage","@id":"https:\/\/www.teatrodomma.it\/?p=17397","url":"https:\/\/www.teatrodomma.it\/?p=17397","name":"14 e 15 ottobre: \u00e8 \"L'ora della mosca\" - Teatro Domma","isPartOf":{"@id":"https:\/\/www.teatrodomma.it\/#website"},"primaryImageOfPage":{"@id":"https:\/\/www.teatrodomma.it\/?p=17397#primaryimage"},"image":{"@id":"https:\/\/www.teatrodomma.it\/?p=17397#primaryimage"},"thumbnailUrl":"https:\/\/www.teatrodomma.it\/wp-content\/uploads\/2023\/09\/L-Ora-della-Mosca_locandina-corretta-e1696268677546.jpg","datePublished":"2023-09-24T22:24:00+00:00","breadcrumb":{"@id":"https:\/\/www.teatrodomma.it\/?p=17397#breadcrumb"},"inLanguage":"it-IT","potentialAction":[{"@type":"ReadAction","target":["https:\/\/www.teatrodomma.it\/?p=17397"]}]},{"@type":"ImageObject","inLanguage":"it-IT","@id":"https:\/\/www.teatrodomma.it\/?p=17397#primaryimage","url":"https:\/\/www.teatrodomma.it\/wp-content\/uploads\/2023\/09\/L-Ora-della-Mosca_locandina-corretta-e1696268677546.jpg","contentUrl":"https:\/\/www.teatrodomma.it\/wp-content\/uploads\/2023\/09\/L-Ora-della-Mosca_locandina-corretta-e1696268677546.jpg","width":900,"height":1514},{"@type":"BreadcrumbList","@id":"https:\/\/www.teatrodomma.it\/?p=17397#breadcrumb","itemListElement":[{"@type":"ListItem","position":1,"name":"Home","item":"https:\/\/www.teatrodomma.it\/"},{"@type":"ListItem","position":2,"name":"14 e 15 ottobre: \u00e8 &#8220;L&#8217;ora della mosca&#8221;"}]},{"@type":"WebSite","@id":"https:\/\/www.teatrodomma.it\/#website","url":"https:\/\/www.teatrodomma.it\/","name":"Teatro Domma","description":"","publisher":{"@id":"https:\/\/www.teatrodomma.it\/#organization"},"potentialAction":[{"@type":"SearchAction","target":{"@type":"EntryPoint","urlTemplate":"https:\/\/www.teatrodomma.it\/?s={search_term_string}"},"query-input":{"@type":"PropertyValueSpecification","valueRequired":true,"valueName":"search_term_string"}}],"inLanguage":"it-IT"},{"@type":"Organization","@id":"https:\/\/www.teatrodomma.it\/#organization","name":"Teatro Domma","url":"https:\/\/www.teatrodomma.it\/","logo":{"@type":"ImageObject","inLanguage":"it-IT","@id":"https:\/\/www.teatrodomma.it\/#\/schema\/logo\/image\/","url":"https:\/\/www.teatrodomma.it\/wp-content\/uploads\/2025\/01\/LOGOICON-edited-2.png","contentUrl":"https:\/\/www.teatrodomma.it\/wp-content\/uploads\/2025\/01\/LOGOICON-edited-2.png","width":510,"height":287,"caption":"Teatro Domma"},"image":{"@id":"https:\/\/www.teatrodomma.it\/#\/schema\/logo\/image\/"},"sameAs":["https:\/\/www.facebook.com\/p\/Teatro-Domma-61556981831878\/?locale=it_IT","https:\/\/www.instagram.com\/teatro_domma\/"]},{"@type":"Person","@id":"https:\/\/www.teatrodomma.it\/#\/schema\/person\/8a1f09bf4c695307c8aef38d93aa0e84","name":"Margherita De Donato","image":{"@type":"ImageObject","inLanguage":"it-IT","@id":"https:\/\/www.teatrodomma.it\/#\/schema\/person\/image\/","url":"https:\/\/secure.gravatar.com\/avatar\/0fbebb2201a984022de9f07361f7fe88cb7fcefd6be5e33abf5559102ec20088?s=96&d=mm&r=g","contentUrl":"https:\/\/secure.gravatar.com\/avatar\/0fbebb2201a984022de9f07361f7fe88cb7fcefd6be5e33abf5559102ec20088?s=96&d=mm&r=g","caption":"Margherita De Donato"},"url":"https:\/\/www.teatrodomma.it\/?author=3"}]}},"_links":{"self":[{"href":"https:\/\/www.teatrodomma.it\/index.php?rest_route=\/wp\/v2\/posts\/17397","targetHints":{"allow":["GET"]}}],"collection":[{"href":"https:\/\/www.teatrodomma.it\/index.php?rest_route=\/wp\/v2\/posts"}],"about":[{"href":"https:\/\/www.teatrodomma.it\/index.php?rest_route=\/wp\/v2\/types\/post"}],"author":[{"embeddable":true,"href":"https:\/\/www.teatrodomma.it\/index.php?rest_route=\/wp\/v2\/users\/3"}],"replies":[{"embeddable":true,"href":"https:\/\/www.teatrodomma.it\/index.php?rest_route=%2Fwp%2Fv2%2Fcomments&post=17397"}],"version-history":[{"count":0,"href":"https:\/\/www.teatrodomma.it\/index.php?rest_route=\/wp\/v2\/posts\/17397\/revisions"}],"wp:featuredmedia":[{"embeddable":true,"href":"https:\/\/www.teatrodomma.it\/index.php?rest_route=\/wp\/v2\/media\/18299"}],"wp:attachment":[{"href":"https:\/\/www.teatrodomma.it\/index.php?rest_route=%2Fwp%2Fv2%2Fmedia&parent=17397"}],"wp:term":[{"taxonomy":"category","embeddable":true,"href":"https:\/\/www.teatrodomma.it\/index.php?rest_route=%2Fwp%2Fv2%2Fcategories&post=17397"},{"taxonomy":"post_tag","embeddable":true,"href":"https:\/\/www.teatrodomma.it\/index.php?rest_route=%2Fwp%2Fv2%2Ftags&post=17397"}],"curies":[{"name":"wp","href":"https:\/\/api.w.org\/{rel}","templated":true}]}}