{"id":17635,"date":"2024-02-05T00:00:00","date_gmt":"2024-02-04T23:00:00","guid":{"rendered":"https:\/\/www.teatrodomma.it\/?p=17635"},"modified":"2024-02-05T00:00:00","modified_gmt":"2024-02-04T23:00:00","slug":"24-e-25-febbraio-attendendo-la-metro-in-direzione-laurentina","status":"publish","type":"post","link":"https:\/\/www.teatrodomma.it\/?p=17635","title":{"rendered":"24 e 25 febbraio: attendendo la metro in &#8220;Direzione Laurentina&#8221;"},"content":{"rendered":"\n<p class=\"has-background-dark-background-color has-background\"><em>Uno spettacolo di Veronica Liberale, <em>diretto da Pietro De Silva<\/em><\/em> <em>e<\/em> <em>vincitore del Premio de\u2019 Servi nell\u2019edizione 2018 del festival Roma Comic Off.<\/em> <em>Da un treno perso <em><em>nasce<\/em><\/em><\/em> <em><em>una seconda possibilit\u00e0<\/em><\/em> <em><em>per i cinque protagonisti costretti dagli eventi a fermarsi, confrontarsi e rimettersi in gioco.<\/em><\/em><\/p>\n\n\n\n<p><strong><a href=\"https:\/\/commedieitaliane.org\/copioni\/direzione-laurentina-di-veronica-liberale\/\" target=\"_blank\" rel=\"noreferrer noopener\">\u201cDirezione Laurentina\u201d<\/a> \u00e8 una favola metropolitana, divertente e amara<\/strong> sulle moltitudini di storie e solitudini che popolano i mezzi pubblici, su una solidariet\u00e0 apparentemente sopita che, come i suoi protagonisti, aspetta il momento di tornare alla luce.<\/p>\n\n\n\n<p><strong>Cinque personaggi in scena a rappresentare un campione di mondo,<\/strong> <strong>quello sotterraneo della metropolitana di Roma<\/strong>, dove ogni giorno milioni di persone si sfiorano senza mai incontrarsi, ognuno con le proprie differenze e diffidenze, ognuno nella propria direzione come dei robot attratti dalla calamita dell\u2019urgenza quotidiana.<\/p>\n\n\n\n<p><strong>Si tratta di <em>Manolo<\/em><\/strong> <em>(<a href=\"https:\/\/it.e-talenta.eu\/members\/profile\/david-marzullo\" target=\"_blank\" rel=\"noreferrer noopener\">David Marzullo<\/a><\/em>) guardia giurata in un supermercato, di un giovane venditore ambulante afghano di nome <strong><strong><em>Abused<\/em><\/strong> <\/strong><em>(<em><a href=\"https:\/\/www.facebook.com\/simone.w.giacinti\" target=\"_blank\" rel=\"noreferrer noopener\">Simone Giacinti<\/a><\/em>)<\/em>,<strong> <em>Benedetta<\/em><\/strong> <em>(<a href=\"https:\/\/www.teatrodomma.it\/blog\/interviste\/veronica-liberale-lautrice-di-gregory\/\" target=\"_blank\" rel=\"noreferrer noopener\">Veronica Liberale<\/a>)<\/em> un&#8217;elegante signora borghese,<strong> <em>Immacolata<\/em><\/strong> <em>(<em><a href=\"https:\/\/www.teatrodomma.it\/blog\/interviste\/dal-diario-fotografico-di-francesca-pausilli-nel-ruolo-della-mamma-in-gregory\/\" target=\"_blank\" rel=\"noreferrer noopener\">Francesca Pausilli<\/a><\/em>)<\/em> una ragazza incinta e sua madre <strong><em>Teresa<\/em><\/strong><em> (<a href=\"https:\/\/www.teatrodomma.it\/blog\/interviste\/sul-palco-con-gregory-ce-antonia-di-francesco\/\" target=\"_blank\" rel=\"noreferrer noopener\">Antonia Di Francesco<\/a>)<\/em> capace di vedere e sentire, per gioco o necessit\u00e0, presenze invisibili. <strong>Completa il quadro<\/strong> <em><a href=\"https:\/\/www.facebook.com\/fatima.ali.52643821\" target=\"_blank\" rel=\"noreferrer noopener\">Fatima Ali<\/a>.<\/em><\/p>\n\n\n\n<p class=\"has-text-align-left has-background-dark-background-color has-background\"><strong>Lo spettacolo \u00e8 specchio dei tempi in cui viviamo, dove la paura del diverso ci rende soli e chiusi in noi stessi<\/strong><\/p>\n\n\n\n<figure class=\"wp-block-image size-large\"><img decoding=\"async\" src=\"https:\/\/www.teatrodomma.it\/wp-content\/uploads\/2023\/11\/Veronica-Liberale_Direzione-Laurentina-_2022-1024x634.jpg\" alt=\"\" class=\"wp-image-21353\"\/><figcaption><strong><em>Veronica Liberale<\/em><\/strong><em><strong>, autrice ed interprete<\/strong><\/em> <strong><em>di molti suoi spettacoli, con cui ha vinto cinque edizioni del Roma Comic Off<\/em><\/strong><\/figcaption><\/figure>\n\n\n\n<p>In una serata d\u2019inizio autunno i cinque protagonisti si ritrovano <strong>sulla banchina della metropolitana di Roma<\/strong>, <strong>esattamente<\/strong> <strong>alla fermata della metro B, Policlinico<\/strong>. La giovane futura mamma, ha un leggero malore, niente di serio, ma gli altri per soccorrerla perdono l\u2019ultimo treno e, nel momento in cui risalgono in superficie per uscire, <strong>scoprono di essere rimasti chiusi dentro<\/strong>. La chiusura della metro coincide con l\u2019arrivo di un brutto <strong>nubifragio, i telefonini non hanno copertura di rete<\/strong> e alle linee di emergenza nessuno risponde. <strong>A tutto questo si aggiunge anche la notizia che il giorno dopo \u00e8 stato indetto uno sciopero dei mezzi di ventiquattr\u2019ore.<\/strong> I malcapitati si vedono cos\u00ec costretti a passare la notte e il giorno seguente sotto la metro, <strong>ma il destino ha in serbo per loro ancora altre sorprese.<\/strong><\/p>\n\n\n\n<p><strong>Fin dall\u2019inizio i loro rapporti risultano difficili<\/strong>, soprattutto quelli tra Manolo, che viene da una situazione familiare non facile, che fa un lavoro duro ed alienante e che vede nel diverso (il giovane ambulante afghano) una minaccia continua e forse un capro espiatorio per i suoi problemi. A far da paciere tra i due Benedetta, scappata da una festa e costretta a prendere la metropolitana per un guasto alla macchina: \u00e8 poco avvezza a questo mondo sub-urbano, lei che vive negli agi e nelle comodit\u00e0. <strong>Ai conflitti legati alla sfera sociale si aggiunge quello generazionale <\/strong>tra Immacolata e Teresa, sua madre. Lo stato interessante di Immacolata diventa urgenza per tutti, quando la ragazza comincia ad avvisare le prime doglie. Inizia allora<strong> per ognuno di loro un vero e proprio viaggio verso la luce e la salvezza.<\/strong><\/p>\n\n\n\n<p><strong>LE NOSTRE SCHEDE SU: <a href=\"https:\/\/www.teatrodomma.it\/blog\/interviste\/aspettando-la-metropolitana-in-direzione-laurentina-con-veronica-liberale\/\" target=\"_blank\" rel=\"noreferrer noopener\">Veronica Liberale<\/a><\/strong> <strong><em>alias Benedetta<\/em>, <a href=\"https:\/\/www.teatrodomma.it\/blog\/interviste\/simone-giacinti-torna-a-viaggiare-in-direzione-laurentina\/\" target=\"_blank\" rel=\"noreferrer noopener\">Simone Giacinti<\/a> <em>alias Abused<\/em>, <a href=\"https:\/\/www.teatrodomma.it\/blog\/interviste\/francesca-pausilli-in-attesa-della-metro-in-direzione-laurentina\/\" target=\"_blank\" rel=\"noreferrer noopener\">Francesca Pausilli<\/a><\/strong> <strong><em>alias Immacolata<\/em><\/strong>, <strong><a href=\"https:\/\/www.teatrodomma.it\/blog\/interviste\/antonia-di-francesco-e-teresa-in-direzione-laurentina-stazione-delle-emozioni\/\" target=\"_blank\" rel=\"noreferrer noopener\">Antonia Di Francesco<\/a> <\/strong><em><strong>alias Teresa<\/strong>, <\/em><strong><a href=\"https:\/\/www.teatrodomma.it\/blog\/interviste\/fatima-ali-ci-rivela-la-chiave-di-direzione-laurentina\/\" target=\"_blank\" rel=\"noreferrer noopener\">Fatima Ali <\/a><\/strong><em><strong>la voce narrante<\/strong><\/em> <strong>e David Marzullo <em>alias Manolo<\/em>.<\/strong><\/p>\n\n\n\n<figure class=\"wp-block-image size-large\"><img decoding=\"async\" src=\"https:\/\/www.teatrodomma.it\/wp-content\/uploads\/2023\/11\/Veronica-Liberale_Direzione-Laurentina_cast-_2022-1024x576.jpg\" alt=\"\" class=\"wp-image-21354\"\/><figcaption><em><strong>Il cast di una precedente edizione<\/strong><\/em>  (<strong><em>Ph: Elena Tomei<\/em><\/strong>)<\/figcaption><\/figure>\n\n\n\n<p class=\"has-background-dark-background-color has-background\"><strong>E\u2019 un viaggio metaforico che porter\u00e0 i protagonisti a una sorta di riscatto con l\u2019ingresso di un sesto personaggio, nascosto nell\u2019ombra e con un colpo di scena finale!<\/strong><\/p>\n\n\n\n<p>E\u2019 una commedia che vuole essere lo <strong>specchio dei tempi<\/strong> in cui viviamo, in cui <strong>la diffidenza nei confronti dell\u2019altro<\/strong>, <strong>la paura del diverso<\/strong>, <strong>il razzismo<\/strong> sono spesso fomentati dalla distorsione delle notizie e dalle <strong>fake news che continuamente alimentano odio<\/strong>, dallo stress e gli impegni quotidiani, <strong>dal ritmo frenetico della vita<\/strong> <strong>con<\/strong> <strong>gli smartphone che ci rendono in qualche modo soli e chiusi in noi stessi.<\/strong><\/p>\n\n\n\n<p>Cinque protagonisti costretti dagli eventi a fermarsi, confrontarsi, rimettersi in gioco in un\u2019esperienza che rappresenta <strong>per tutti una seconda possibilit\u00e0, la possibilit\u00e0 che pu\u00f2 nascere anche da un treno perso.<\/strong><\/p>\n\n\n\n<div class=\"wp-block-image\"><figure class=\"alignleft size-large\"><img loading=\"lazy\" decoding=\"async\" width=\"900\" height=\"587\" src=\"http:\/\/test.teatrodomma.it\/wp-content\/uploads\/2023\/03\/Francesca-Pausilli_Direzione-Laurentinai_con-la-Di-Francesco-e1679321298434.jpg\" alt=\"\" class=\"wp-image-13013\" srcset=\"https:\/\/www.teatrodomma.it\/wp-content\/uploads\/2023\/03\/Francesca-Pausilli_Direzione-Laurentinai_con-la-Di-Francesco-e1679321298434.jpg 900w, https:\/\/www.teatrodomma.it\/wp-content\/uploads\/2023\/03\/Francesca-Pausilli_Direzione-Laurentinai_con-la-Di-Francesco-e1679321298434-300x196.jpg 300w, https:\/\/www.teatrodomma.it\/wp-content\/uploads\/2023\/03\/Francesca-Pausilli_Direzione-Laurentinai_con-la-Di-Francesco-e1679321298434-768x501.jpg 768w, https:\/\/www.teatrodomma.it\/wp-content\/uploads\/2023\/03\/Francesca-Pausilli_Direzione-Laurentinai_con-la-Di-Francesco-e1679321298434-200x130.jpg 200w\" sizes=\"(max-width: 900px) 100vw, 900px\" \/><figcaption><em><strong>Antonia Di Francesco (Teresa)<\/strong><\/em> <em><strong>e<\/strong><\/em> <em><strong><em><strong>Francesca Pausilli<\/strong><\/em><\/strong><\/em> <strong><em>(Immacolata), ragazza incinta, senza un compagno ma con una madre che puntualmente le ricorda che questa gravidanza non \u00e8 la cosa pi\u00f9 giusta al momento<\/em><\/strong><\/figcaption><\/figure><\/div>\n\n\n\n<p><\/p>\n\n\n\n<figure class=\"wp-block-image size-large\"><img decoding=\"async\" src=\"https:\/\/www.teatrodomma.it\/wp-content\/uploads\/2023\/09\/Direzione-Laurentina_cast-in-scena_2-1024x727.jpg\" alt=\"\" class=\"wp-image-17683\"\/><figcaption><strong><em>Simone Giacinti interpreta un giovane venditore ambulante afghano<\/em><\/strong><\/figcaption><\/figure>\n\n\n\n<p class=\"has-text-align-center has-background-dark-background-color has-background\"><strong>24 febbraio<strong> ore 21:00<\/strong><\/strong> <strong>\/ 25 febbraio ore 17:00<\/strong><\/p>\n\n\n\n<p class=\"has-background-dark-background-color has-background\"><strong><strong>BIGLIETTI: euro 18,00 intero \/ euro 15,00 ridotto (Under 18 ed Over 65 anni)<em>. <\/em><\/strong>Si pu\u00f2 acquistare <strong>anche tramite la &#8220;Carta del Docente&#8221; e la &#8220;18 App&#8221; degli studenti<\/strong><\/strong><\/p>\n\n\n\n<p class=\"has-text-align-center has-background-dark-background-color has-background\"><strong>ORARIO BOTTEGHINO: 16:00 &#8211; 20:00 dal Lun al Ven \/ cell. 3286077138<\/strong> (<strong>Prenotazioni<\/strong> <strong>anche via WApp) ; email: teatrodomma@gmail.com<\/strong><\/p>\n\n\n\n<p class=\"has-text-align-center\"><strong><a href=\"https:\/\/www.facebook.com\/direzionelaurentina\" target=\"_blank\" rel=\"noreferrer noopener\">DIREZIONE LAURENTINA su Facebook<\/a><\/strong><\/p>\n\n\n\n<figure class=\"wp-block-image size-large\"><img decoding=\"async\" src=\"https:\/\/www.teatrodomma.it\/wp-content\/uploads\/2023\/03\/Antonia-Di-Francesco_a-tavola-con-Liberale-De-Silva-Pausilli-1024x768.jpg\" alt=\"\" class=\"wp-image-13247\"\/><figcaption><strong><em>Lettura a tavolino ed uno spuntino<\/em><\/strong> <strong><em>per il cast con il regista Pietro De Silva a capotavola. Lo spettacolo va in scena dal 2018, anno in cui ha vinto il<\/em><\/strong> <em><strong>Premio de\u2019 Servi&nbsp;al Roma Comic Off<\/strong><\/em><\/figcaption><\/figure>\n\n\n\n<p><\/p>\n\n\n\n<p class=\"has-text-align-center has-background-dark-background-color has-background\"><strong>HANNO SCRITTO DI &#8220;DIREZIONE LAURENTINA&#8221;<\/strong><\/p>\n\n\n\n<p>\u2022 \u201cUna pi\u00e8ce che ci regala un grande valore universale: la consapevolezza.\u201d&nbsp;<em>(<a href=\"https:\/\/www.facebook.com\/theparallelvision\/?locale=it_IT\" target=\"_blank\" rel=\"noreferrer noopener\">The Parallel Vision<\/a>)<\/em><\/p>\n\n\n\n<p>\u2022 \u201cUn quadro preciso e dettagliato di ci\u00f2 che e&#8217; la societ\u00e0 contemporanea.\u201d<em>(&nbsp;<a href=\"https:\/\/www.facebook.com\/quartapareteroma?__tn__=-]K*F\" target=\"_blank\" rel=\"noreferrer noopener\">Quarta Parete: note di teatro, musica e arte &#8211; Testata giornalistica<\/a>)<\/em><\/p>\n\n\n\n<p>\u2022 \u201cUn capolavoro di &#8216;piccola&#8217; drammaturgia contemporanea\u201d&nbsp;<em>(<a href=\"https:\/\/www.facebook.com\/mediaesipario?__tn__=-]K*F\" target=\"_blank\" rel=\"noreferrer noopener\">media &amp; sipario<\/a>)<\/em><\/p>\n\n\n\n<p>\u2022 \u201cUno spettacolo da vedere, da commentare con gli amici e da tenere presente come pietra di paragone\u201d<em>(<a href=\"https:\/\/www.facebook.com\/cultursocialart?__tn__=-]K*F\" target=\"_blank\" rel=\"noreferrer noopener\">CulturSocialArt<\/a>)<\/em><\/p>\n\n\n\n<p class=\"has-text-align-center has-background-dark-background-color has-background\"><strong>QUANDO LA REALTA&#8217; SUPERA LA FANTASIA<\/strong>: <em><strong><a href=\"https:\/\/www.open.online\/2022\/09\/16\/roma-metro-atac-video\/\" target=\"_blank\" rel=\"noreferrer noopener\">\u00e8 accaduto veramente!<\/a><\/strong><\/em><\/p>\n\n\n\n<div class=\"wp-block-image\"><figure class=\"aligncenter size-large\"><img loading=\"lazy\" decoding=\"async\" width=\"470\" height=\"647\" src=\"http:\/\/test.teatrodomma.it\/wp-content\/uploads\/2023\/11\/Pietro-De-Silva_primopiano.jpg\" alt=\"\" class=\"wp-image-21352\" srcset=\"https:\/\/www.teatrodomma.it\/wp-content\/uploads\/2023\/11\/Pietro-De-Silva_primopiano.jpg 470w, https:\/\/www.teatrodomma.it\/wp-content\/uploads\/2023\/11\/Pietro-De-Silva_primopiano-218x300.jpg 218w, https:\/\/www.teatrodomma.it\/wp-content\/uploads\/2023\/11\/Pietro-De-Silva_primopiano-200x275.jpg 200w\" sizes=\"(max-width: 470px) 100vw, 470px\" \/><figcaption><strong><em>Il commediografo e  regista Pietro De Silva<\/em><\/strong><em><strong> \u00e8 anche attore in numerosi film di successo come il Premio&nbsp;Oscar&nbsp;&#8220;La vita \u00e8 bella<\/strong><\/em>&#8220;<strong>.<em>  Fra i suoi ultimi lavori figurano<\/em><\/strong>&#8221; <strong><em>La caccia<\/em>&#8220;,<em> regia di&nbsp;Marco Bocci&nbsp;ed &#8220;I migliori giorni&#8221; di Massimiliano Bruno ed&nbsp;Edoardo Leo<\/em><\/strong>,<em><strong> entrambi <\/strong><\/em><strong><em>usciti nel 2023<\/em><\/strong><\/figcaption><\/figure><\/div>\n\n\n\n<p><\/p>\n\n\n\n<p class=\"has-text-align-center has-background-dark-background-color has-background\"><strong>LE LOCANDINE DI &#8220;DIREZIONE LAURENTINA&#8221;<\/strong><\/p>\n\n\n\n<div class=\"wp-block-image\"><figure class=\"aligncenter size-large\"><img decoding=\"async\" src=\"https:\/\/www.teatrodomma.it\/wp-content\/uploads\/2023\/03\/Veronica-Liberale_Direazione-Laurentina_locandina_2020-682x1024.jpg\" alt=\"\" class=\"wp-image-13333\"\/><figcaption><strong><em>Nel 2020 in cartellone al Teatro de&#8217; Servi<\/em><\/strong><\/figcaption><\/figure><\/div>\n\n\n\n<p><\/p>\n\n\n\n<div class=\"wp-block-image\"><figure class=\"aligncenter size-large\"><img decoding=\"async\" src=\"https:\/\/www.teatrodomma.it\/wp-content\/uploads\/2023\/03\/Francesca-Pausilli_Direzione-Laurentinai_locandina_2022-724x1024.jpg\" alt=\"\" class=\"wp-image-13012\"\/><figcaption><strong><em>Locandina del 2022<\/em> <em>per l&#8217;edizione di &#8220;Direzione Laurentina&#8221; andata in scena al Teatro 7 Off<\/em><\/strong><\/figcaption><\/figure><\/div>\n\n\n\n<p><strong>Tecnici audio-luci:<\/strong>\u00a0<strong>Alessio Tomellini<\/strong>\u00a0e\u00a0<strong>Simone Fogliazza<\/strong>, che stanno seguendo il corso triennale professionalizzato, tenuto dalla CdS Art Academy presso il Teatro Domma.<\/p>\n","protected":false},"excerpt":{"rendered":"<p>Uno spettacolo di Veronica Liberale, diretto da Pietro De Silva e vincitore del Premio de\u2019 Servi nell\u2019edizione 2018 del festival Roma Comic Off. Da un treno perso nasce una seconda possibilit\u00e0 per i cinque protagonisti costretti dagli eventi a fermarsi, confrontarsi e rimettersi in gioco. \u201cDirezione Laurentina\u201d \u00e8 una favola metropolitana, divertente e amara sulle [&hellip;]<\/p>\n","protected":false},"author":3,"featured_media":24030,"comment_status":"closed","ping_status":"open","sticky":false,"template":"","format":"standard","meta":{"saved_in_kubio":false,"footnotes":""},"categories":[14],"tags":[342,415,416,417,343,418,419,369,251,345],"class_list":{"0":"post-17635","1":"post","2":"type-post","3":"status-publish","4":"format-standard","5":"has-post-thumbnail","6":"hentry","7":"category-recensioni","8":"tag-antonia-di-francesco","9":"tag-daniele-antonini","10":"tag-direzione-laurentina","11":"tag-fatima-ali","12":"tag-francesca-pausilli","13":"tag-pietro-de-silva","14":"tag-simone-giacinti","15":"tag-stagione-teatrale-2023-2024","16":"tag-teatro-domma","17":"tag-veronica-liberale","19":"post-with-thumbnail","20":"post-with-thumbnail-large"},"yoast_head":"<!-- This site is optimized with the Yoast SEO plugin v25.8 - https:\/\/yoast.com\/wordpress\/plugins\/seo\/ -->\n<title>24 e 25 febbraio: attendendo la metro in &quot;Direzione Laurentina&quot; - Teatro Domma<\/title>\n<meta name=\"robots\" content=\"index, follow, max-snippet:-1, max-image-preview:large, max-video-preview:-1\" \/>\n<link rel=\"canonical\" href=\"https:\/\/www.teatrodomma.it\/?p=17635\" \/>\n<meta property=\"og:locale\" content=\"it_IT\" \/>\n<meta property=\"og:type\" content=\"article\" \/>\n<meta property=\"og:title\" content=\"24 e 25 febbraio: attendendo la metro in &quot;Direzione Laurentina&quot; - Teatro Domma\" \/>\n<meta property=\"og:description\" content=\"Uno spettacolo di Veronica Liberale, diretto da Pietro De Silva e vincitore del Premio de\u2019 Servi nell\u2019edizione 2018 del festival Roma Comic Off. Da un treno perso nasce una seconda possibilit\u00e0 per i cinque protagonisti costretti dagli eventi a fermarsi, confrontarsi e rimettersi in gioco. \u201cDirezione Laurentina\u201d \u00e8 una favola metropolitana, divertente e amara sulle [&hellip;]\" \/>\n<meta property=\"og:url\" content=\"https:\/\/www.teatrodomma.it\/?p=17635\" \/>\n<meta property=\"og:site_name\" content=\"Teatro Domma\" \/>\n<meta property=\"article:publisher\" content=\"https:\/\/www.facebook.com\/p\/Teatro-Domma-61556981831878\/?locale=it_IT\" \/>\n<meta property=\"article:published_time\" content=\"2024-02-04T23:00:00+00:00\" \/>\n<meta property=\"og:image\" content=\"https:\/\/www.teatrodomma.it\/wp-content\/uploads\/2024\/02\/Direzione-Laurentina_locandina_2024-e1707411061532.jpg\" \/>\n\t<meta property=\"og:image:width\" content=\"900\" \/>\n\t<meta property=\"og:image:height\" content=\"979\" \/>\n\t<meta property=\"og:image:type\" content=\"image\/jpeg\" \/>\n<meta name=\"author\" content=\"Margherita De Donato\" \/>\n<meta name=\"twitter:card\" content=\"summary_large_image\" \/>\n<meta name=\"twitter:label1\" content=\"Scritto da\" \/>\n\t<meta name=\"twitter:data1\" content=\"Margherita De Donato\" \/>\n\t<meta name=\"twitter:label2\" content=\"Tempo di lettura stimato\" \/>\n\t<meta name=\"twitter:data2\" content=\"6 minuti\" \/>\n<script type=\"application\/ld+json\" class=\"yoast-schema-graph\">{\"@context\":\"https:\/\/schema.org\",\"@graph\":[{\"@type\":\"Article\",\"@id\":\"https:\/\/www.teatrodomma.it\/?p=17635#article\",\"isPartOf\":{\"@id\":\"https:\/\/www.teatrodomma.it\/?p=17635\"},\"author\":{\"name\":\"Margherita De Donato\",\"@id\":\"https:\/\/www.teatrodomma.it\/#\/schema\/person\/8a1f09bf4c695307c8aef38d93aa0e84\"},\"headline\":\"24 e 25 febbraio: attendendo la metro in &#8220;Direzione Laurentina&#8221;\",\"datePublished\":\"2024-02-04T23:00:00+00:00\",\"mainEntityOfPage\":{\"@id\":\"https:\/\/www.teatrodomma.it\/?p=17635\"},\"wordCount\":978,\"publisher\":{\"@id\":\"https:\/\/www.teatrodomma.it\/#organization\"},\"image\":{\"@id\":\"https:\/\/www.teatrodomma.it\/?p=17635#primaryimage\"},\"thumbnailUrl\":\"https:\/\/www.teatrodomma.it\/wp-content\/uploads\/2024\/02\/Direzione-Laurentina_locandina_2024-e1707411061532.jpg\",\"keywords\":[\"Antonia Di Francesco\",\"Daniele Antonini\",\"Direzione Laurentina\",\"Fatima Ali\",\"Francesca Pausilli\",\"Pietro De Silva\",\"Simone Giacinti\",\"Stagione teatrale 2023 2024\",\"teatro domma\",\"Veronica Liberale\"],\"articleSection\":[\"Recensioni\"],\"inLanguage\":\"it-IT\"},{\"@type\":\"WebPage\",\"@id\":\"https:\/\/www.teatrodomma.it\/?p=17635\",\"url\":\"https:\/\/www.teatrodomma.it\/?p=17635\",\"name\":\"24 e 25 febbraio: attendendo la metro in \\\"Direzione Laurentina\\\" - Teatro Domma\",\"isPartOf\":{\"@id\":\"https:\/\/www.teatrodomma.it\/#website\"},\"primaryImageOfPage\":{\"@id\":\"https:\/\/www.teatrodomma.it\/?p=17635#primaryimage\"},\"image\":{\"@id\":\"https:\/\/www.teatrodomma.it\/?p=17635#primaryimage\"},\"thumbnailUrl\":\"https:\/\/www.teatrodomma.it\/wp-content\/uploads\/2024\/02\/Direzione-Laurentina_locandina_2024-e1707411061532.jpg\",\"datePublished\":\"2024-02-04T23:00:00+00:00\",\"breadcrumb\":{\"@id\":\"https:\/\/www.teatrodomma.it\/?p=17635#breadcrumb\"},\"inLanguage\":\"it-IT\",\"potentialAction\":[{\"@type\":\"ReadAction\",\"target\":[\"https:\/\/www.teatrodomma.it\/?p=17635\"]}]},{\"@type\":\"ImageObject\",\"inLanguage\":\"it-IT\",\"@id\":\"https:\/\/www.teatrodomma.it\/?p=17635#primaryimage\",\"url\":\"https:\/\/www.teatrodomma.it\/wp-content\/uploads\/2024\/02\/Direzione-Laurentina_locandina_2024-e1707411061532.jpg\",\"contentUrl\":\"https:\/\/www.teatrodomma.it\/wp-content\/uploads\/2024\/02\/Direzione-Laurentina_locandina_2024-e1707411061532.jpg\",\"width\":900,\"height\":979},{\"@type\":\"BreadcrumbList\",\"@id\":\"https:\/\/www.teatrodomma.it\/?p=17635#breadcrumb\",\"itemListElement\":[{\"@type\":\"ListItem\",\"position\":1,\"name\":\"Home\",\"item\":\"https:\/\/www.teatrodomma.it\/\"},{\"@type\":\"ListItem\",\"position\":2,\"name\":\"24 e 25 febbraio: attendendo la metro in &#8220;Direzione Laurentina&#8221;\"}]},{\"@type\":\"WebSite\",\"@id\":\"https:\/\/www.teatrodomma.it\/#website\",\"url\":\"https:\/\/www.teatrodomma.it\/\",\"name\":\"Teatro Domma\",\"description\":\"\",\"publisher\":{\"@id\":\"https:\/\/www.teatrodomma.it\/#organization\"},\"potentialAction\":[{\"@type\":\"SearchAction\",\"target\":{\"@type\":\"EntryPoint\",\"urlTemplate\":\"https:\/\/www.teatrodomma.it\/?s={search_term_string}\"},\"query-input\":{\"@type\":\"PropertyValueSpecification\",\"valueRequired\":true,\"valueName\":\"search_term_string\"}}],\"inLanguage\":\"it-IT\"},{\"@type\":\"Organization\",\"@id\":\"https:\/\/www.teatrodomma.it\/#organization\",\"name\":\"Teatro Domma\",\"url\":\"https:\/\/www.teatrodomma.it\/\",\"logo\":{\"@type\":\"ImageObject\",\"inLanguage\":\"it-IT\",\"@id\":\"https:\/\/www.teatrodomma.it\/#\/schema\/logo\/image\/\",\"url\":\"https:\/\/www.teatrodomma.it\/wp-content\/uploads\/2025\/01\/LOGOICON-edited-2.png\",\"contentUrl\":\"https:\/\/www.teatrodomma.it\/wp-content\/uploads\/2025\/01\/LOGOICON-edited-2.png\",\"width\":510,\"height\":287,\"caption\":\"Teatro Domma\"},\"image\":{\"@id\":\"https:\/\/www.teatrodomma.it\/#\/schema\/logo\/image\/\"},\"sameAs\":[\"https:\/\/www.facebook.com\/p\/Teatro-Domma-61556981831878\/?locale=it_IT\",\"https:\/\/www.instagram.com\/teatro_domma\/\"]},{\"@type\":\"Person\",\"@id\":\"https:\/\/www.teatrodomma.it\/#\/schema\/person\/8a1f09bf4c695307c8aef38d93aa0e84\",\"name\":\"Margherita De Donato\",\"image\":{\"@type\":\"ImageObject\",\"inLanguage\":\"it-IT\",\"@id\":\"https:\/\/www.teatrodomma.it\/#\/schema\/person\/image\/\",\"url\":\"https:\/\/secure.gravatar.com\/avatar\/0fbebb2201a984022de9f07361f7fe88cb7fcefd6be5e33abf5559102ec20088?s=96&d=mm&r=g\",\"contentUrl\":\"https:\/\/secure.gravatar.com\/avatar\/0fbebb2201a984022de9f07361f7fe88cb7fcefd6be5e33abf5559102ec20088?s=96&d=mm&r=g\",\"caption\":\"Margherita De Donato\"},\"url\":\"https:\/\/www.teatrodomma.it\/?author=3\"}]}<\/script>\n<!-- \/ Yoast SEO plugin. -->","yoast_head_json":{"title":"24 e 25 febbraio: attendendo la metro in \"Direzione Laurentina\" - Teatro Domma","robots":{"index":"index","follow":"follow","max-snippet":"max-snippet:-1","max-image-preview":"max-image-preview:large","max-video-preview":"max-video-preview:-1"},"canonical":"https:\/\/www.teatrodomma.it\/?p=17635","og_locale":"it_IT","og_type":"article","og_title":"24 e 25 febbraio: attendendo la metro in \"Direzione Laurentina\" - Teatro Domma","og_description":"Uno spettacolo di Veronica Liberale, diretto da Pietro De Silva e vincitore del Premio de\u2019 Servi nell\u2019edizione 2018 del festival Roma Comic Off. Da un treno perso nasce una seconda possibilit\u00e0 per i cinque protagonisti costretti dagli eventi a fermarsi, confrontarsi e rimettersi in gioco. \u201cDirezione Laurentina\u201d \u00e8 una favola metropolitana, divertente e amara sulle [&hellip;]","og_url":"https:\/\/www.teatrodomma.it\/?p=17635","og_site_name":"Teatro Domma","article_publisher":"https:\/\/www.facebook.com\/p\/Teatro-Domma-61556981831878\/?locale=it_IT","article_published_time":"2024-02-04T23:00:00+00:00","og_image":[{"width":900,"height":979,"url":"https:\/\/www.teatrodomma.it\/wp-content\/uploads\/2024\/02\/Direzione-Laurentina_locandina_2024-e1707411061532.jpg","type":"image\/jpeg"}],"author":"Margherita De Donato","twitter_card":"summary_large_image","twitter_misc":{"Scritto da":"Margherita De Donato","Tempo di lettura stimato":"6 minuti"},"schema":{"@context":"https:\/\/schema.org","@graph":[{"@type":"Article","@id":"https:\/\/www.teatrodomma.it\/?p=17635#article","isPartOf":{"@id":"https:\/\/www.teatrodomma.it\/?p=17635"},"author":{"name":"Margherita De Donato","@id":"https:\/\/www.teatrodomma.it\/#\/schema\/person\/8a1f09bf4c695307c8aef38d93aa0e84"},"headline":"24 e 25 febbraio: attendendo la metro in &#8220;Direzione Laurentina&#8221;","datePublished":"2024-02-04T23:00:00+00:00","mainEntityOfPage":{"@id":"https:\/\/www.teatrodomma.it\/?p=17635"},"wordCount":978,"publisher":{"@id":"https:\/\/www.teatrodomma.it\/#organization"},"image":{"@id":"https:\/\/www.teatrodomma.it\/?p=17635#primaryimage"},"thumbnailUrl":"https:\/\/www.teatrodomma.it\/wp-content\/uploads\/2024\/02\/Direzione-Laurentina_locandina_2024-e1707411061532.jpg","keywords":["Antonia Di Francesco","Daniele Antonini","Direzione Laurentina","Fatima Ali","Francesca Pausilli","Pietro De Silva","Simone Giacinti","Stagione teatrale 2023 2024","teatro domma","Veronica Liberale"],"articleSection":["Recensioni"],"inLanguage":"it-IT"},{"@type":"WebPage","@id":"https:\/\/www.teatrodomma.it\/?p=17635","url":"https:\/\/www.teatrodomma.it\/?p=17635","name":"24 e 25 febbraio: attendendo la metro in \"Direzione Laurentina\" - Teatro Domma","isPartOf":{"@id":"https:\/\/www.teatrodomma.it\/#website"},"primaryImageOfPage":{"@id":"https:\/\/www.teatrodomma.it\/?p=17635#primaryimage"},"image":{"@id":"https:\/\/www.teatrodomma.it\/?p=17635#primaryimage"},"thumbnailUrl":"https:\/\/www.teatrodomma.it\/wp-content\/uploads\/2024\/02\/Direzione-Laurentina_locandina_2024-e1707411061532.jpg","datePublished":"2024-02-04T23:00:00+00:00","breadcrumb":{"@id":"https:\/\/www.teatrodomma.it\/?p=17635#breadcrumb"},"inLanguage":"it-IT","potentialAction":[{"@type":"ReadAction","target":["https:\/\/www.teatrodomma.it\/?p=17635"]}]},{"@type":"ImageObject","inLanguage":"it-IT","@id":"https:\/\/www.teatrodomma.it\/?p=17635#primaryimage","url":"https:\/\/www.teatrodomma.it\/wp-content\/uploads\/2024\/02\/Direzione-Laurentina_locandina_2024-e1707411061532.jpg","contentUrl":"https:\/\/www.teatrodomma.it\/wp-content\/uploads\/2024\/02\/Direzione-Laurentina_locandina_2024-e1707411061532.jpg","width":900,"height":979},{"@type":"BreadcrumbList","@id":"https:\/\/www.teatrodomma.it\/?p=17635#breadcrumb","itemListElement":[{"@type":"ListItem","position":1,"name":"Home","item":"https:\/\/www.teatrodomma.it\/"},{"@type":"ListItem","position":2,"name":"24 e 25 febbraio: attendendo la metro in &#8220;Direzione Laurentina&#8221;"}]},{"@type":"WebSite","@id":"https:\/\/www.teatrodomma.it\/#website","url":"https:\/\/www.teatrodomma.it\/","name":"Teatro Domma","description":"","publisher":{"@id":"https:\/\/www.teatrodomma.it\/#organization"},"potentialAction":[{"@type":"SearchAction","target":{"@type":"EntryPoint","urlTemplate":"https:\/\/www.teatrodomma.it\/?s={search_term_string}"},"query-input":{"@type":"PropertyValueSpecification","valueRequired":true,"valueName":"search_term_string"}}],"inLanguage":"it-IT"},{"@type":"Organization","@id":"https:\/\/www.teatrodomma.it\/#organization","name":"Teatro Domma","url":"https:\/\/www.teatrodomma.it\/","logo":{"@type":"ImageObject","inLanguage":"it-IT","@id":"https:\/\/www.teatrodomma.it\/#\/schema\/logo\/image\/","url":"https:\/\/www.teatrodomma.it\/wp-content\/uploads\/2025\/01\/LOGOICON-edited-2.png","contentUrl":"https:\/\/www.teatrodomma.it\/wp-content\/uploads\/2025\/01\/LOGOICON-edited-2.png","width":510,"height":287,"caption":"Teatro Domma"},"image":{"@id":"https:\/\/www.teatrodomma.it\/#\/schema\/logo\/image\/"},"sameAs":["https:\/\/www.facebook.com\/p\/Teatro-Domma-61556981831878\/?locale=it_IT","https:\/\/www.instagram.com\/teatro_domma\/"]},{"@type":"Person","@id":"https:\/\/www.teatrodomma.it\/#\/schema\/person\/8a1f09bf4c695307c8aef38d93aa0e84","name":"Margherita De Donato","image":{"@type":"ImageObject","inLanguage":"it-IT","@id":"https:\/\/www.teatrodomma.it\/#\/schema\/person\/image\/","url":"https:\/\/secure.gravatar.com\/avatar\/0fbebb2201a984022de9f07361f7fe88cb7fcefd6be5e33abf5559102ec20088?s=96&d=mm&r=g","contentUrl":"https:\/\/secure.gravatar.com\/avatar\/0fbebb2201a984022de9f07361f7fe88cb7fcefd6be5e33abf5559102ec20088?s=96&d=mm&r=g","caption":"Margherita De Donato"},"url":"https:\/\/www.teatrodomma.it\/?author=3"}]}},"_links":{"self":[{"href":"https:\/\/www.teatrodomma.it\/index.php?rest_route=\/wp\/v2\/posts\/17635","targetHints":{"allow":["GET"]}}],"collection":[{"href":"https:\/\/www.teatrodomma.it\/index.php?rest_route=\/wp\/v2\/posts"}],"about":[{"href":"https:\/\/www.teatrodomma.it\/index.php?rest_route=\/wp\/v2\/types\/post"}],"author":[{"embeddable":true,"href":"https:\/\/www.teatrodomma.it\/index.php?rest_route=\/wp\/v2\/users\/3"}],"replies":[{"embeddable":true,"href":"https:\/\/www.teatrodomma.it\/index.php?rest_route=%2Fwp%2Fv2%2Fcomments&post=17635"}],"version-history":[{"count":0,"href":"https:\/\/www.teatrodomma.it\/index.php?rest_route=\/wp\/v2\/posts\/17635\/revisions"}],"wp:featuredmedia":[{"embeddable":true,"href":"https:\/\/www.teatrodomma.it\/index.php?rest_route=\/wp\/v2\/media\/24030"}],"wp:attachment":[{"href":"https:\/\/www.teatrodomma.it\/index.php?rest_route=%2Fwp%2Fv2%2Fmedia&parent=17635"}],"wp:term":[{"taxonomy":"category","embeddable":true,"href":"https:\/\/www.teatrodomma.it\/index.php?rest_route=%2Fwp%2Fv2%2Fcategories&post=17635"},{"taxonomy":"post_tag","embeddable":true,"href":"https:\/\/www.teatrodomma.it\/index.php?rest_route=%2Fwp%2Fv2%2Ftags&post=17635"}],"curies":[{"name":"wp","href":"https:\/\/api.w.org\/{rel}","templated":true}]}}