{"id":17718,"date":"2024-03-01T00:00:00","date_gmt":"2024-02-29T23:00:00","guid":{"rendered":"https:\/\/www.teatrodomma.it\/?p=17718"},"modified":"2024-03-01T00:00:00","modified_gmt":"2024-02-29T23:00:00","slug":"e-allora-che-fai-sali-o-scendo","status":"publish","type":"post","link":"https:\/\/www.teatrodomma.it\/?p=17718","title":{"rendered":"E allora che fai: &#8220;SALI O SCENDO?&#8221;"},"content":{"rendered":"\n<p class=\"has-background-dark-background-color has-background\"><em>16 e 17 marzo: vi attende una commedia sul destino e sull\u2019amore. Momenti di irresistibile<\/em> <em>comicit\u00e0 e riflessione sull\u2019interrogativo: &#8220;Se \u00e8 vero che il cielo ci<\/em> <em>invia dei segnali, siamo davvero sicuri di interpretarli nel modo<\/em> <em>giusto?&#8221;<\/em><\/p>\n\n\n\n<p><strong>Attilio<\/strong> (<strong><a href=\"https:\/\/www.bett-one.it\/pf\/danilo-de-santis-2\/\" target=\"_blank\" rel=\"noreferrer noopener\">Danilo De Santis<\/a><\/strong>) \u00e8 pronto a vivere la serata perfetta con la donna perfetta. Sta per uscire con <strong>Sofia<\/strong> (<strong><a href=\"https:\/\/www.instagram.com\/chiaracanitano\/\" target=\"_blank\" rel=\"noreferrer noopener\">Chiara Canitano<\/a><\/strong>), una ragazza conosciuta ad una festa, che ritiene essere la donna della sua vita, secondo quanto gli ha predetto una chiromante. E\u2019 speranzoso ed emozionato, ma sotto casa di Sofia incontra <strong>Serena<\/strong> (<strong><a href=\"https:\/\/geniusmanagement.it\/attrici\/46%20-%2055\/roberta-mastromichele.html\" target=\"_blank\" rel=\"noreferrer noopener\">Roberta Mastromichele<\/a><\/strong>) che, in preda ad una crisi di nervi, ha urgente bisogno di scoprire se <strong>Paolo<\/strong> (<strong><a href=\"https:\/\/www.facebook.com\/pietro.scornavacchi?locale=it_IT\" target=\"_blank\" rel=\"noreferrer noopener\">Pietro Scornavacchi<\/a><\/strong>) il suo ex fidanzato, \u00e8 ancora innamorato di lei. Due strade che si incrociano \u201ccasualmente\u201d possono condurre ad un&#8217;inevitabile rotta di collisione. La vicenda si svolge davanti al citofono del portone, il \u201c36A\u201d, dove vive la fantomatica famiglia Maracchioni. Citofonare diventa un problema, se a rispondere c\u2019\u00e8 un intero condominio che parla di qualsiasi argomento! Per non parlare del fatto che sopraggiunge anche <strong>Tiziana<\/strong> (<strong><a href=\"https:\/\/www.facebook.com\/eleonora.dachille?locale=it_IT\" target=\"_blank\" rel=\"noreferrer noopener\">Eleonora D\u2019Achille<\/a><\/strong>), un personaggio di rottura, ulteriore elemento di disturbo.<\/p>\n\n\n\n<p><strong>Le vite dei cinque personaggi alla ricerca delle proprie certezze e del proprio futuro si  intrecciano in questa brillante commedia sul destino e sull\u2019amore. <\/strong>La strada diventa il palcoscenico dell\u2019esistenza proiettata sulle ansie e sulle insicurezze dei protagonisti, che non trovano equilibrio nel gestire le proprie emozioni e i cambiamenti di quotidianit\u00e0. <strong>Gli avvenimenti si susseguono ad un ritmo frenetico, dando luogo a dei veri e propri quadri esilaranti.<\/strong><\/p>\n\n\n\n<p class=\"has-text-align-center has-background-dark-background-color has-background\"><strong>SALI O SCENDO? Una scelta che potr\u00e0 cambiare il percorso di due cuori<\/strong><\/p>\n\n\n\n<div class=\"wp-block-image\"><figure class=\"aligncenter size-large\"><img loading=\"lazy\" decoding=\"async\" width=\"640\" height=\"960\" src=\"https:\/\/www.teatrodomma.it\/wp-content\/uploads\/2023\/09\/SALI-O-SCENDO_attilio-e-serena.jpg\" alt=\"\" class=\"wp-image-17720\" srcset=\"https:\/\/www.teatrodomma.it\/wp-content\/uploads\/2023\/09\/SALI-O-SCENDO_attilio-e-serena.jpg 640w, https:\/\/www.teatrodomma.it\/wp-content\/uploads\/2023\/09\/SALI-O-SCENDO_attilio-e-serena-200x300.jpg 200w\" sizes=\"(max-width: 640px) 100vw, 640px\" \/><figcaption><strong><em> Danilo De Santis e Roberta Mastromichele<\/em><\/strong><\/figcaption><\/figure><\/div>\n\n\n\n<p><\/p>\n\n\n\n<p><strong>Un viaggio comune, dove anche lo spettatore pu\u00f2 identificarsi e pu\u00f2 sorridere o piangere con i protagonisti<\/strong>, che continuano a domandarsi : <em>\u201cSiamo noi a influenzare il destino con le nostre scelte oppure \u00e8 tutto predeterminato?\u201d<\/em>. Una commedia dove si ride, si riflette, fino ad un finale che fa ritrovare un generoso destino, quasi improbabile se voluto da noi stessi.<\/p>\n\n\n\n<p class=\"has-text-align-center has-background-dark-background-color has-background\"><strong>Uno spettacolo rodato che va in scena dal 2012 &#8211; produzione del Teatro Stabile d\u2019Abruzzo<\/strong><\/p>\n\n\n\n<figure class=\"wp-block-embed is-type-video is-provider-youtube wp-block-embed-youtube wp-embed-aspect-16-9 wp-has-aspect-ratio\"><div class=\"wp-block-embed__wrapper\">\n<iframe loading=\"lazy\" title=\"BUONGIORNO WEEKEND Giusto un caff\u00e8 con Roberta Mastromichele e Danilo De Santis capodanno a teatro!\" width=\"720\" height=\"405\" src=\"https:\/\/www.youtube.com\/embed\/z6YH6oPyMpU?start=1&#038;feature=oembed\" frameborder=\"0\" allow=\"accelerometer; autoplay; clipboard-write; encrypted-media; gyroscope; picture-in-picture; web-share\" referrerpolicy=\"strict-origin-when-cross-origin\" allowfullscreen><\/iframe>\n<\/div><figcaption><strong><em>Danilo De Santis e Roberta Mastromichele ospiti in studio da Cusano Italia TV<\/em><\/strong><\/figcaption><\/figure>\n\n\n\n<p><strong>Dopo aver festeggiato il Capodanno 2024 al Teatro Golden, arrivano al TEATRO DOMMA<\/strong>! Quando?<\/p>\n\n\n\n<p class=\"has-text-align-center has-background-dark-background-color has-background\"><strong>16 marzo<strong> (ore 21:00<\/strong>)<\/strong>  <strong>e  17 <strong>marzo<\/strong> (ore 17:00)<\/strong><\/p>\n\n\n\n<p>Una commedia in un <strong>unico atto di 75 minuti circa, scritta, diretta ed interpretata da <a href=\"https:\/\/www.facebook.com\/danilodesantisofficial\/?locale=it_IT\" target=\"_blank\" rel=\"noreferrer noopener\">Danilo De Santis<\/a> con<\/strong> <strong><a href=\"https:\/\/www.facebook.com\/mastromichele.roberta?locale=it_IT\" target=\"_blank\" rel=\"noreferrer noopener\">Roberta Mastromichele<\/a>, <strong><a href=\"https:\/\/www.facebook.com\/profile.php?id=100092870058369&amp;locale=it_IT\" target=\"_blank\" rel=\"noreferrer noopener\">Chiara Canitano<\/a><\/strong><\/strong>, <strong><a href=\"https:\/\/www.facebook.com\/pietro.scornavacchi?locale=it_IT\" target=\"_blank\" rel=\"noreferrer noopener\">Pietro Scornavacchi<\/a>, <a href=\"https:\/\/www.facebook.com\/eleonora.dachille?locale=it_IT\" target=\"_blank\" rel=\"noreferrer noopener\">Eleonora D\u2019Achille<\/a>.<\/strong><\/p>\n\n\n\n<p><strong><em>Scenografia: <\/em><\/strong>Andrea Simonetti \/ <strong><em>Fonica e luci:<\/em><\/strong> Danilo Sabelli \/ <strong><em>Voci fuori campo:<\/em><\/strong> Fabrizio Passerini e <em><a href=\"https:\/\/www.facebook.com\/phoenixmil?locale=it_IT\" target=\"_blank\" rel=\"noreferrer noopener\">Francesca Milani <\/a>(compianta attrice caratterista, che d\u00e0 la voce al personaggio della nonna al citofono)<\/em>.<\/p>\n\n\n\n<p class=\"has-background-dark-background-color has-background\"><strong><strong>SINGOLO BIGLIETTO: euro 18,00 intero \/ euro 15,00 ridotto (Under 18 ed Over 65 anni)<em>. <\/em><\/strong>Si pu\u00f2 acquistare <strong>anche tramite la &#8220;Carta del Docente&#8221; e la &#8220;18 App&#8221; degli studenti<\/strong><\/strong><\/p>\n\n\n\n<p class=\"has-background-dark-background-color has-background\"><strong>ORARIO BOTTEGHINO: 16:00 \u2013 20:00 dal Lun al Ven &#8211; Prenotazioni<\/strong> <strong>anche via WApp al cell. 3286077138<\/strong> <strong>; email: <a rel=\"noreferrer noopener\" target=\"_blank\" href=\"mailto:teatrodomma@gmail.com\">teatrodomma@gmail.com<\/a><\/strong><\/p>\n\n\n\n<figure class=\"wp-block-image size-large\"><img loading=\"lazy\" decoding=\"async\" width=\"900\" height=\"612\" src=\"http:\/\/test.teatrodomma.it\/wp-content\/uploads\/2023\/09\/SALI-O-SCENDO_in-scena_1-e1695231192833.jpg\" alt=\"\" class=\"wp-image-17721\" srcset=\"https:\/\/www.teatrodomma.it\/wp-content\/uploads\/2023\/09\/SALI-O-SCENDO_in-scena_1-e1695231192833.jpg 900w, https:\/\/www.teatrodomma.it\/wp-content\/uploads\/2023\/09\/SALI-O-SCENDO_in-scena_1-e1695231192833-300x204.jpg 300w, https:\/\/www.teatrodomma.it\/wp-content\/uploads\/2023\/09\/SALI-O-SCENDO_in-scena_1-e1695231192833-768x522.jpg 768w, https:\/\/www.teatrodomma.it\/wp-content\/uploads\/2023\/09\/SALI-O-SCENDO_in-scena_1-e1695231192833-200x136.jpg 200w\" sizes=\"(max-width: 900px) 100vw, 900px\" \/><\/figure>\n\n\n\n<p class=\"has-text-align-center has-background-dark-background-color has-background\"><strong>I PROTAGONISTI DEL TRIANGOLO AMOROSO<\/strong><\/p>\n\n\n\n<p><strong><a href=\"https:\/\/www.bett-one.it\/pf\/danilo-de-santis-2\/\" target=\"_blank\" rel=\"noreferrer noopener\">DANILO DE SANTIS<\/a> &#8211; Diplomato nel 1999 alla Scuola biennale di teatro presso il Teatro \u201cAgor\u00e0<\/strong> <strong>80\u201d<\/strong>. Nel 2009 segue un corso di sceneggiatura con Duccio Camerini e Francesca Zanni. Suoi ultimi lavori da autore e regista sono \u201c<strong>Ti amo&#8230; da morire\u201d <\/strong>&#8211; commedia in due atti rappresentata lo scorso anno Teatro Antigone (Roma) e \u201c<strong>La Strana Cotta\u201d <\/strong>&#8211; scritto insieme a Francesca Milani, rappresentato al Teatro Petrolini (Roma). In teatro ha interpretato anche <strong>\u201cL&#8217;uomo che non capiva troppo\u201d<\/strong> con Lillo &amp; Greg al Teatro Olimpico<strong> <\/strong>(Roma) nel 2011; sempre con Lillo &amp; Greg <strong>\u201cIntrappolati nella commedia\u201d <\/strong>nel 2010 al Teatro Brancaccio (Roma) e <strong>\u201cLa baita degli spettri\u201d <\/strong>nel 2009 al Teatro Cassia (Roma).  Nel 2007<strong> \u201cSo tutto sulle donne\u201d <\/strong>di e con M. Falaguasta nell&#8217;ambito della rassegna \u201cRoma che ride\u201d (Villa Sciarra); nel 2006: <strong>\u201cIl trio si fa in quattro\u201d <\/strong>di e con <strong>\u201c2 Interi e Un Ridotto\u201d<\/strong> con <strong>Virginia Raffaele <\/strong>e <strong>Francesca Milani.<\/strong> \u201c<strong>Faccia da Comico\u201d<\/strong>, <strong>Teatro Ambra Jovinelli <\/strong>(Roma).<\/p>\n\n\n\n<figure class=\"wp-block-image size-large\"><img loading=\"lazy\" decoding=\"async\" width=\"900\" height=\"600\" src=\"http:\/\/test.teatrodomma.it\/wp-content\/uploads\/2023\/09\/SALI-O-SCENDO_in-scena_2-e1695236353113.jpg\" alt=\"\" class=\"wp-image-17763\" srcset=\"https:\/\/www.teatrodomma.it\/wp-content\/uploads\/2023\/09\/SALI-O-SCENDO_in-scena_2-e1695236353113.jpg 900w, https:\/\/www.teatrodomma.it\/wp-content\/uploads\/2023\/09\/SALI-O-SCENDO_in-scena_2-e1695236353113-300x200.jpg 300w, https:\/\/www.teatrodomma.it\/wp-content\/uploads\/2023\/09\/SALI-O-SCENDO_in-scena_2-e1695236353113-768x512.jpg 768w, https:\/\/www.teatrodomma.it\/wp-content\/uploads\/2023\/09\/SALI-O-SCENDO_in-scena_2-e1695236353113-200x133.jpg 200w, https:\/\/www.teatrodomma.it\/wp-content\/uploads\/2023\/09\/SALI-O-SCENDO_in-scena_2-e1695236353113-272x182.jpg 272w\" sizes=\"(max-width: 900px) 100vw, 900px\" \/><\/figure>\n\n\n\n<p><strong><a href=\"https:\/\/www.facebook.com\/mastromichele.roberta\/?locale=it_IT\" target=\"_blank\" rel=\"noreferrer noopener\">ROBERTA MASTROMICHELE<\/a>  &#8211; Nasce come ballerina e attrice e diventa poi coreografa. Inizia a lavorare nel 1998<\/strong> <strong>come assistente alle coreografie <\/strong>del noto direttore artistico e regista <strong>Luca Tommassini<\/strong>, collabora con lui <strong>per 12 anni, partecipando ai videoclip e ai TOUR delle pi\u00f9 grandi pop star italiane ed internazionali <\/strong>come: <em>Claudio Baglioni, Giorgia, Pavarotti, Robbie Williams, Ricky Martin, Kylie Minogue, Geri Halliwell, Pharrel Williams, Snoop Dog, Usher.<\/em> Lavora con lui anche a numerosi programmi televisivi di successo come: &#8220;Uno di Noi&#8221; con Gianni Morandi, &#8220;La Notte Vola&#8221; con Lorella Cuccarini, Festival di Sanremo con Simona Ventura, &#8220;STASERA PAGO IO 1 e 2&#8221; e &#8220;W Radio DUE&#8221; con Fiorello, rappresentando l\u2019unica figura femminile del programma. Con Tommassini regista lavora come <strong>attrice e assistente alle coreografie anche per Spot pubblicitari <\/strong>come Tic Tac , Pocket Coffee e Coca Cola. <strong>Nel 2004 <\/strong>interpretala la ballerina Monica in <em><strong>\u201cManuale<\/strong> <strong>D\u2019amore\u201d<\/strong><\/em><strong> <\/strong>di <strong>Giovanni Veronesi<\/strong>, e l\u2019anno seguente \u00e8 nel cast di <strong><em>\u201cManuale D\u2019amore 2 &#8211; capitoli successivi\u201d<\/em> <\/strong>nel ruolo della migliore amica di Monica Bellucci. Su Sky affianca<strong> Fabio Canino <\/strong>nella conduzione del talent Celebrity. <strong>Nel 2008 fa parte delle principali ballerine del cast del film<\/strong> <em>\u201c<strong>NINE\u201d <\/strong><\/em>diretto da <strong>Rob Marshall<\/strong>, dove recita e danza a fianco di star del calibro di <em>Nicole Kidman, Penelope Cruz e Daniel Day Lewis.<\/em> Nel <strong>2010 <\/strong>lavora come ballerina e come assistente alle coreografie, preparando Angelina Jolie e Johnny Depp per la scena ballata nel film <strong><em>\u201cThe Tourist\u201d<\/em><\/strong>, diretto dal premio oscar <strong>Florian Henkel Vondonnesmark<\/strong>. Interpreta e cura le coreografie con Daniela Bellini per gli <strong>spot <\/strong>di birra <strong>Dreher <\/strong>degli ultimi anni diretti da <strong>Alessandro<\/strong> <strong>D\u2019Alatri<\/strong>. Per due anni segue Simona Ventura, curando le coreografie di Quelli che il Calcio e de L\u2019Isola dei famosi, insieme a Francesco Saracino, con cui continua la collaborazione per l\u2019ideazione coreografica del Talent di Rai 2 \u201cStar Academy Italia\u201d. E\u2019 la protagonista del<strong> corto\/video<\/strong> di <strong>Max Gazz\u00e8 <\/strong><a href=\"https:\/\/www.youtube.com\/watch?v=BzBf43PW1EA\" target=\"_blank\" rel=\"noreferrer noopener\"><strong><em>\u201cI tuoi maledettissimi impegni\u201d<\/em><\/strong><\/a>, e volto della Web Serie \u201cFORZA ROMA\u201d, serie americana basata su interviste ai giocatori della <strong>A.S. Roma.<\/strong> <strong>In<\/strong> <strong>teatro <\/strong>\u00e8 tra gli attori dell\u2019intensa pi\u00e8ce teatrale, scritta e diretta da Marco Calvani, \u201cPenelope in Groznyj\u201d sulle barbarie delle guerra in Cecenia, che viene presentata a <strong>Berlino <\/strong>nel <strong>2010<\/strong>. Nel marzo del <strong>2012 <\/strong>\u00e8 la protagonista de <em><strong>\u201cLa Signorina<\/strong> <strong>Papillon<\/strong><\/em><strong>\u201d <\/strong>portata in scena al Teatro Testaccio di Roma. \u00c8 la protagonista degli <strong>spot <\/strong>promozionali di <strong>\u201cQuello Che<\/strong> <strong>(Non) Ho\u201d <\/strong>il programma tv di <strong>Fazio e Saviano<\/strong>, di cui curer\u00e0 le coreografie. Dal giugno 2012<strong> <\/strong>interpreta Serena nello spettacolo <em><strong>\u201cSali o<\/strong> <strong>Scendo?\u201d<\/strong><\/em>, scritto e diretto da Danilo De Santis, che nella stagione 2016 \u00e8 stato sul palco del Teatro Golden di Roma. Una curiosit\u00e0 sulla sua vita privata: dal 2014 \u00e8 stata fidanzata per anni con il famoso attore americano Matt Dillon che, come aveva rivelato lei stessa nell&#8217;intervista <a href=\"https:\/\/youmedia.fanpage.it\/video\/ab\/Wq-32OSwU-OI8YHy\" target=\"_blank\" rel=\"noreferrer noopener\">qui<\/a>, adora l&#8217;amatriciana, \u00e8 un collezionista di vecchi vinili e le ha fatto scoprire il jazz nei localini di NY. Adesso \u00e8 accompagnata a <a href=\"https:\/\/www.fanpage.it\/spettacolo\/gossip\/gilles-rocca-ha-una-nuova-fidanzata-la-prima-foto-sui-social-con-roberta-mastromichele\/p1\/\" target=\"_blank\" rel=\"noreferrer noopener\">Gilles Rocca<\/a>, ma non vogliamo scivolare nel gossip. <strong>Nel 2020<\/strong>&nbsp;\u00e8 di nuovo in scena con Danilo De Santis in<em>&nbsp;<strong><a href=\"https:\/\/www.google.com\/search?q=quella+piccola+cosa+chiamata+amore&amp;oq=quella+piccola&amp;gs_lcrp=EgZjaHJvbWUqCAgAEEUYJxg7MggIABBFGCcYOzIGCAEQRRg5MgYIAhBFGEAyBwgDEC4YgAQyBwgEEAAYgAQyBwgFEC4YgAQyCAgGEAAYFhgeMggIBxAAGBYYHtIBCTU2MjZqMGoxNagCALACAA&amp;sourceid=chrome&amp;ie=UTF-8#fpstate=ive&amp;vld=cid:8ff0db11,vid:og76qvXl7Ps,st:0\" target=\"_blank\" rel=\"noreferrer noopener\">\u201cQuella Piccola Pazza Cosa Chiamata Amore\u201d<\/a><\/strong><\/em>.  Nel<strong> 2023<\/strong> ricopre il ruolo della protagonista Marcella in <strong><em><em>&nbsp;<strong><a href=\"https:\/\/www.youtube.com\/watch?v=tf7iuipmWxM\" target=\"_blank\" rel=\"noreferrer noopener\">\u201cDa quali stelle siamo caduti?\u201d<\/a><\/strong><\/em><\/em><\/strong>&nbsp;di Danilo De Santis. Di recente, per la regia di Toni Fornari, ha portato in scena al Teatro Golden un soggetto di Andrea Maia: <strong><em><a href=\"https:\/\/www.youtube.com\/watch?v=s-POvFZbMww&amp;t=523s\" target=\"_blank\" rel=\"noreferrer noopener\">&#8220;L&#8217;albero di Natale&#8221;<\/a><\/em><\/strong>, insieme a Simone Montedoro, Emanuela Fresi e Andrea Lolli.<\/p>\n\n\n\n<div class=\"wp-block-image\"><figure class=\"aligncenter size-large\"><img loading=\"lazy\" decoding=\"async\" width=\"640\" height=\"960\" src=\"http:\/\/test.teatrodomma.it\/wp-content\/uploads\/2023\/09\/SALI-O-SCENDO_attilio-e-serena_2.jpg\" alt=\"\" class=\"wp-image-17758\" srcset=\"https:\/\/www.teatrodomma.it\/wp-content\/uploads\/2023\/09\/SALI-O-SCENDO_attilio-e-serena_2.jpg 640w, https:\/\/www.teatrodomma.it\/wp-content\/uploads\/2023\/09\/SALI-O-SCENDO_attilio-e-serena_2-200x300.jpg 200w\" sizes=\"(max-width: 640px) 100vw, 640px\" \/><figcaption><strong><em>Danilo De Santis<\/em> e<\/strong> <strong><em>Roberta Mastromichele<\/em><\/strong><\/figcaption><\/figure><\/div>\n\n\n\n<p><\/p>\n\n\n\n<p><strong><a href=\"https:\/\/www.facebook.com\/profile.php?id=100092870058369&amp;locale=it_IT\" target=\"_blank\" rel=\"noreferrer noopener\">CHIARA CANITANO<\/a>  &#8211;<\/strong> <strong>Si forma attraverso numerosi seminari quali<\/strong> quello con il Casting Director Roberto Graziosi; Seminario di Tecnica vocale Linklater &#8211; Liberare la voce naturale condotto da Alessandro Fabrizi<strong> <\/strong>presso la \u201cSala Pintor\u201d (Roma); Seminario di Introduzione al Metodo Linklater tenuto da Antonella Voce. <strong>Frequenta uno Stage teatrale \u201cAttrezzi per attori\u201d<\/strong>, diretto da Vincent Schiavelli presso l\u2019International School (Roma) <strong>e la Scuola triennale Teatro Blu<\/strong> diretta da Beatrice Bracco. <strong>Tra le sue esperienze lavorative in teatro<\/strong>, andando a ritroso nel tempo, figurano <strong>nel 2012 <em>\u201cTempi supplementari\u201d <\/em><\/strong>per la regia di <strong>Marco Falaguasta<\/strong> e<strong> <em>\u201cLa signorina Papillon\u201d<\/em><\/strong>,<strong> <\/strong>regia di <strong>Alessandro Margari<\/strong>, entrambi presso il Teatro Testaccio di Roma; <strong>nel<\/strong> <strong>2011 <em>\u201cCaravaggio la passione\u201d<\/em><\/strong>,<strong> <\/strong>regia di <strong>Manfredi Gelmetti<\/strong> alla Sala Orfeo del Teatro dell\u2019Orologio di Roma e presso il Teatrino delle Briciole di Prato;<strong> <em>\u201c Due volte Natale\u201d<\/em><\/strong>, diretto da <strong>Marco Falaguasta<\/strong> al Teatro Testaccio di Roma; <strong>nel<\/strong> <strong>2010: <em>\u201dMaryza, memorie di una drag queen\u201d<\/em> <\/strong>di <strong>Laura<\/strong> <strong>Canestrari <\/strong>e <strong>Gianluca Reina<\/strong> al Teatro Agor\u00e0 di Roma; <strong>nel 2009  <em>\u201cUna vacanza indimenticabile\u201d<\/em> <\/strong>di Linda Brunetta, regia di <strong>Antonio Serrano<\/strong>, presso il Teatro Casa delle Culture di Roma; <strong>nel 2008: <em>\u201cAgatha Christie docet\u201d<\/em><\/strong>, regia di <strong>Sofia Scandurra<\/strong> presso il Teatro Stabile del Giallo di Roma. <strong>Da Luglio 2007 <\/strong>\u00e8 <strong>Speaker Meteo Rai del TG3 Regionale<\/strong>.<\/p>\n\n\n\n<figure class=\"wp-block-image size-large\"><img loading=\"lazy\" decoding=\"async\" width=\"900\" height=\"600\" src=\"http:\/\/test.teatrodomma.it\/wp-content\/uploads\/2023\/09\/SALI-O-SCENDO_in-scena_3-e1695236201425.jpg\" alt=\"\" class=\"wp-image-17761\" srcset=\"https:\/\/www.teatrodomma.it\/wp-content\/uploads\/2023\/09\/SALI-O-SCENDO_in-scena_3-e1695236201425.jpg 900w, https:\/\/www.teatrodomma.it\/wp-content\/uploads\/2023\/09\/SALI-O-SCENDO_in-scena_3-e1695236201425-300x200.jpg 300w, https:\/\/www.teatrodomma.it\/wp-content\/uploads\/2023\/09\/SALI-O-SCENDO_in-scena_3-e1695236201425-768x512.jpg 768w, https:\/\/www.teatrodomma.it\/wp-content\/uploads\/2023\/09\/SALI-O-SCENDO_in-scena_3-e1695236201425-200x133.jpg 200w, https:\/\/www.teatrodomma.it\/wp-content\/uploads\/2023\/09\/SALI-O-SCENDO_in-scena_3-e1695236201425-272x182.jpg 272w\" sizes=\"(max-width: 900px) 100vw, 900px\" \/><figcaption><strong><em>Chiara Canitan<\/em><\/strong><em>o<\/em> <em><strong>e<\/strong><\/em> <strong><em>Danilo De Santis<\/em><\/strong><\/figcaption><\/figure>\n\n\n\n<div class=\"wp-block-image\"><figure class=\"aligncenter size-large\"><img loading=\"lazy\" decoding=\"async\" width=\"596\" height=\"1024\" src=\"http:\/\/test.teatrodomma.it\/wp-content\/uploads\/2024\/03\/SALI-O-SCENDO_Eleonora-D-Achille_in-scena-596x1024.jpg\" alt=\"\" class=\"wp-image-25839\" srcset=\"https:\/\/www.teatrodomma.it\/wp-content\/uploads\/2024\/03\/SALI-O-SCENDO_Eleonora-D-Achille_in-scena-596x1024.jpg 596w, https:\/\/www.teatrodomma.it\/wp-content\/uploads\/2024\/03\/SALI-O-SCENDO_Eleonora-D-Achille_in-scena-175x300.jpg 175w, https:\/\/www.teatrodomma.it\/wp-content\/uploads\/2024\/03\/SALI-O-SCENDO_Eleonora-D-Achille_in-scena-200x344.jpg 200w, https:\/\/www.teatrodomma.it\/wp-content\/uploads\/2024\/03\/SALI-O-SCENDO_Eleonora-D-Achille_in-scena-628x1080.jpg 628w, https:\/\/www.teatrodomma.it\/wp-content\/uploads\/2024\/03\/SALI-O-SCENDO_Eleonora-D-Achille_in-scena.jpg 722w\" sizes=\"(max-width: 596px) 100vw, 596px\" \/><figcaption><em><strong>Eleonora D\u2019Achille in scena nel ruolo di<\/strong> <strong>Tiziana<\/strong><\/em><\/figcaption><\/figure><\/div>\n\n\n\n<p><\/p>\n\n\n\n<p><strong>LE NOSTRE SCHEDE ARTISTICHE SUGLI ATTORI:<\/strong> <strong><em><a href=\"https:\/\/www.teatrodomma.it\/blog\/interviste\/danilo-de-santis-autore-regista-e-protagonista-di-sali-o-scendo\/\" target=\"_blank\" rel=\"noreferrer noopener\">Danilo De Santis<\/a>,<\/em><\/strong> <strong><em><a href=\"https:\/\/www.teatrodomma.it\/blog\/interviste\/roberta-mastromichele-al-civico-36a-di-sali-o-scendo\/\" target=\"_blank\" rel=\"noreferrer noopener\">Roberta Mastromichele<\/a><\/em>,<\/strong> <strong><em><a href=\"https:\/\/www.teatrodomma.it\/blog\/interviste\/chiara-canitano-alle-prese-con-il-destino-in-sali-o-scendo\/\" target=\"_blank\" rel=\"noreferrer noopener\">Chiara Canitano<\/a>,<\/em><\/strong> <strong><em><a href=\"https:\/\/www.teatrodomma.it\/blog\/interviste\/eleonora-dachille-e-tiziana-in-sali-o-scendo\/\" target=\"_blank\" rel=\"noreferrer noopener\">Eleonora D&#8217;Achille<\/a><\/em><\/strong>, <strong><em><a href=\"https:\/\/www.teatrodomma.it\/blog\/interviste\/pietro-scornavacchi-sospeso-nellinterrogativo-sali-o-scendo\/\" target=\"_blank\" rel=\"noreferrer noopener\">Pietro Scornavacchi<\/a><\/em><\/strong><\/p>\n\n\n\n<p class=\"has-text-align-center\"><a href=\"https:\/\/www.mediaesipario.it\/teatro2\/1772-al-teatro-domma-sali-o-scendo.html\" target=\"_blank\" rel=\"noreferrer noopener\">Teatro Domma su MEDIA &amp; SIPARIO<\/a><\/p>\n\n\n\n<div class=\"wp-block-image\"><figure class=\"aligncenter size-large\"><img decoding=\"async\" src=\"https:\/\/www.teatrodomma.it\/wp-content\/uploads\/2024\/03\/Stato-WhatsApp-con-foto-platea-Teatro-Domma_Roberta-Mastromichele-1024x656.jpg\" alt=\"\" class=\"wp-image-26656\"\/><\/figure><\/div>\n\n\n\n<p><\/p>\n","protected":false},"excerpt":{"rendered":"<p>16 e 17 marzo: vi attende una commedia sul destino e sull\u2019amore. Momenti di irresistibile comicit\u00e0 e riflessione sull\u2019interrogativo: &#8220;Se \u00e8 vero che il cielo ci invia dei segnali, siamo davvero sicuri di interpretarli nel modo giusto?&#8221; Attilio (Danilo De Santis) \u00e8 pronto a vivere la serata perfetta con la donna perfetta. Sta per uscire [&hellip;]<\/p>\n","protected":false},"author":3,"featured_media":25584,"comment_status":"closed","ping_status":"open","sticky":false,"template":"","format":"standard","meta":{"saved_in_kubio":false,"footnotes":""},"categories":[14],"tags":[420,421,422,423,424,425,251],"class_list":{"0":"post-17718","1":"post","2":"type-post","3":"status-publish","4":"format-standard","5":"has-post-thumbnail","6":"hentry","7":"category-recensioni","8":"tag-chiara-canitano","9":"tag-danilo-de-santis","10":"tag-diego-casalis","11":"tag-eleonora-dachille","12":"tag-roberta-mastromichele","13":"tag-sali-o-scendo","14":"tag-teatro-domma","16":"post-with-thumbnail","17":"post-with-thumbnail-large"},"yoast_head":"<!-- This site is optimized with the Yoast SEO plugin v25.8 - https:\/\/yoast.com\/wordpress\/plugins\/seo\/ -->\n<title>E allora che fai: &quot;SALI O SCENDO?&quot; - Teatro Domma<\/title>\n<meta name=\"robots\" content=\"index, follow, max-snippet:-1, max-image-preview:large, max-video-preview:-1\" \/>\n<link rel=\"canonical\" href=\"https:\/\/www.teatrodomma.it\/?p=17718\" \/>\n<meta property=\"og:locale\" content=\"it_IT\" \/>\n<meta property=\"og:type\" content=\"article\" \/>\n<meta property=\"og:title\" content=\"E allora che fai: &quot;SALI O SCENDO?&quot; - Teatro Domma\" \/>\n<meta property=\"og:description\" content=\"16 e 17 marzo: vi attende una commedia sul destino e sull\u2019amore. Momenti di irresistibile comicit\u00e0 e riflessione sull\u2019interrogativo: &#8220;Se \u00e8 vero che il cielo ci invia dei segnali, siamo davvero sicuri di interpretarli nel modo giusto?&#8221; Attilio (Danilo De Santis) \u00e8 pronto a vivere la serata perfetta con la donna perfetta. Sta per uscire [&hellip;]\" \/>\n<meta property=\"og:url\" content=\"https:\/\/www.teatrodomma.it\/?p=17718\" \/>\n<meta property=\"og:site_name\" content=\"Teatro Domma\" \/>\n<meta property=\"article:publisher\" content=\"https:\/\/www.facebook.com\/p\/Teatro-Domma-61556981831878\/?locale=it_IT\" \/>\n<meta property=\"article:published_time\" content=\"2024-02-29T23:00:00+00:00\" \/>\n<meta property=\"og:image\" content=\"https:\/\/www.teatrodomma.it\/wp-content\/uploads\/2024\/03\/SALI-O-SCENDO_Teatro-Domma_2024_locandina.jpg\" \/>\n\t<meta property=\"og:image:width\" content=\"878\" \/>\n\t<meta property=\"og:image:height\" content=\"1600\" \/>\n\t<meta property=\"og:image:type\" content=\"image\/jpeg\" \/>\n<meta name=\"author\" content=\"Margherita De Donato\" \/>\n<meta name=\"twitter:card\" content=\"summary_large_image\" \/>\n<meta name=\"twitter:label1\" content=\"Scritto da\" \/>\n\t<meta name=\"twitter:data1\" content=\"Margherita De Donato\" \/>\n\t<meta name=\"twitter:label2\" content=\"Tempo di lettura stimato\" \/>\n\t<meta name=\"twitter:data2\" content=\"8 minuti\" \/>\n<script type=\"application\/ld+json\" class=\"yoast-schema-graph\">{\"@context\":\"https:\/\/schema.org\",\"@graph\":[{\"@type\":\"Article\",\"@id\":\"https:\/\/www.teatrodomma.it\/?p=17718#article\",\"isPartOf\":{\"@id\":\"https:\/\/www.teatrodomma.it\/?p=17718\"},\"author\":{\"name\":\"Margherita De Donato\",\"@id\":\"https:\/\/www.teatrodomma.it\/#\/schema\/person\/8a1f09bf4c695307c8aef38d93aa0e84\"},\"headline\":\"E allora che fai: &#8220;SALI O SCENDO?&#8221;\",\"datePublished\":\"2024-02-29T23:00:00+00:00\",\"mainEntityOfPage\":{\"@id\":\"https:\/\/www.teatrodomma.it\/?p=17718\"},\"wordCount\":1462,\"publisher\":{\"@id\":\"https:\/\/www.teatrodomma.it\/#organization\"},\"image\":{\"@id\":\"https:\/\/www.teatrodomma.it\/?p=17718#primaryimage\"},\"thumbnailUrl\":\"https:\/\/www.teatrodomma.it\/wp-content\/uploads\/2024\/03\/SALI-O-SCENDO_Teatro-Domma_2024_locandina.jpg\",\"keywords\":[\"Chiara Canitano\",\"Danilo De Santis\",\"Diego Casalis\",\"Eleonora D&#039;Achille\",\"Roberta Mastromichele\",\"Sali o scendo?\",\"teatro domma\"],\"articleSection\":[\"Recensioni\"],\"inLanguage\":\"it-IT\"},{\"@type\":\"WebPage\",\"@id\":\"https:\/\/www.teatrodomma.it\/?p=17718\",\"url\":\"https:\/\/www.teatrodomma.it\/?p=17718\",\"name\":\"E allora che fai: \\\"SALI O SCENDO?\\\" - Teatro Domma\",\"isPartOf\":{\"@id\":\"https:\/\/www.teatrodomma.it\/#website\"},\"primaryImageOfPage\":{\"@id\":\"https:\/\/www.teatrodomma.it\/?p=17718#primaryimage\"},\"image\":{\"@id\":\"https:\/\/www.teatrodomma.it\/?p=17718#primaryimage\"},\"thumbnailUrl\":\"https:\/\/www.teatrodomma.it\/wp-content\/uploads\/2024\/03\/SALI-O-SCENDO_Teatro-Domma_2024_locandina.jpg\",\"datePublished\":\"2024-02-29T23:00:00+00:00\",\"breadcrumb\":{\"@id\":\"https:\/\/www.teatrodomma.it\/?p=17718#breadcrumb\"},\"inLanguage\":\"it-IT\",\"potentialAction\":[{\"@type\":\"ReadAction\",\"target\":[\"https:\/\/www.teatrodomma.it\/?p=17718\"]}]},{\"@type\":\"ImageObject\",\"inLanguage\":\"it-IT\",\"@id\":\"https:\/\/www.teatrodomma.it\/?p=17718#primaryimage\",\"url\":\"https:\/\/www.teatrodomma.it\/wp-content\/uploads\/2024\/03\/SALI-O-SCENDO_Teatro-Domma_2024_locandina.jpg\",\"contentUrl\":\"https:\/\/www.teatrodomma.it\/wp-content\/uploads\/2024\/03\/SALI-O-SCENDO_Teatro-Domma_2024_locandina.jpg\",\"width\":878,\"height\":1600},{\"@type\":\"BreadcrumbList\",\"@id\":\"https:\/\/www.teatrodomma.it\/?p=17718#breadcrumb\",\"itemListElement\":[{\"@type\":\"ListItem\",\"position\":1,\"name\":\"Home\",\"item\":\"https:\/\/www.teatrodomma.it\/\"},{\"@type\":\"ListItem\",\"position\":2,\"name\":\"E allora che fai: &#8220;SALI O SCENDO?&#8221;\"}]},{\"@type\":\"WebSite\",\"@id\":\"https:\/\/www.teatrodomma.it\/#website\",\"url\":\"https:\/\/www.teatrodomma.it\/\",\"name\":\"Teatro Domma\",\"description\":\"\",\"publisher\":{\"@id\":\"https:\/\/www.teatrodomma.it\/#organization\"},\"potentialAction\":[{\"@type\":\"SearchAction\",\"target\":{\"@type\":\"EntryPoint\",\"urlTemplate\":\"https:\/\/www.teatrodomma.it\/?s={search_term_string}\"},\"query-input\":{\"@type\":\"PropertyValueSpecification\",\"valueRequired\":true,\"valueName\":\"search_term_string\"}}],\"inLanguage\":\"it-IT\"},{\"@type\":\"Organization\",\"@id\":\"https:\/\/www.teatrodomma.it\/#organization\",\"name\":\"Teatro Domma\",\"url\":\"https:\/\/www.teatrodomma.it\/\",\"logo\":{\"@type\":\"ImageObject\",\"inLanguage\":\"it-IT\",\"@id\":\"https:\/\/www.teatrodomma.it\/#\/schema\/logo\/image\/\",\"url\":\"https:\/\/www.teatrodomma.it\/wp-content\/uploads\/2025\/01\/LOGOICON-edited-2.png\",\"contentUrl\":\"https:\/\/www.teatrodomma.it\/wp-content\/uploads\/2025\/01\/LOGOICON-edited-2.png\",\"width\":510,\"height\":287,\"caption\":\"Teatro Domma\"},\"image\":{\"@id\":\"https:\/\/www.teatrodomma.it\/#\/schema\/logo\/image\/\"},\"sameAs\":[\"https:\/\/www.facebook.com\/p\/Teatro-Domma-61556981831878\/?locale=it_IT\",\"https:\/\/www.instagram.com\/teatro_domma\/\"]},{\"@type\":\"Person\",\"@id\":\"https:\/\/www.teatrodomma.it\/#\/schema\/person\/8a1f09bf4c695307c8aef38d93aa0e84\",\"name\":\"Margherita De Donato\",\"image\":{\"@type\":\"ImageObject\",\"inLanguage\":\"it-IT\",\"@id\":\"https:\/\/www.teatrodomma.it\/#\/schema\/person\/image\/\",\"url\":\"https:\/\/secure.gravatar.com\/avatar\/0fbebb2201a984022de9f07361f7fe88cb7fcefd6be5e33abf5559102ec20088?s=96&d=mm&r=g\",\"contentUrl\":\"https:\/\/secure.gravatar.com\/avatar\/0fbebb2201a984022de9f07361f7fe88cb7fcefd6be5e33abf5559102ec20088?s=96&d=mm&r=g\",\"caption\":\"Margherita De Donato\"},\"url\":\"https:\/\/www.teatrodomma.it\/?author=3\"}]}<\/script>\n<!-- \/ Yoast SEO plugin. -->","yoast_head_json":{"title":"E allora che fai: \"SALI O SCENDO?\" - Teatro Domma","robots":{"index":"index","follow":"follow","max-snippet":"max-snippet:-1","max-image-preview":"max-image-preview:large","max-video-preview":"max-video-preview:-1"},"canonical":"https:\/\/www.teatrodomma.it\/?p=17718","og_locale":"it_IT","og_type":"article","og_title":"E allora che fai: \"SALI O SCENDO?\" - Teatro Domma","og_description":"16 e 17 marzo: vi attende una commedia sul destino e sull\u2019amore. Momenti di irresistibile comicit\u00e0 e riflessione sull\u2019interrogativo: &#8220;Se \u00e8 vero che il cielo ci invia dei segnali, siamo davvero sicuri di interpretarli nel modo giusto?&#8221; Attilio (Danilo De Santis) \u00e8 pronto a vivere la serata perfetta con la donna perfetta. Sta per uscire [&hellip;]","og_url":"https:\/\/www.teatrodomma.it\/?p=17718","og_site_name":"Teatro Domma","article_publisher":"https:\/\/www.facebook.com\/p\/Teatro-Domma-61556981831878\/?locale=it_IT","article_published_time":"2024-02-29T23:00:00+00:00","og_image":[{"width":878,"height":1600,"url":"https:\/\/www.teatrodomma.it\/wp-content\/uploads\/2024\/03\/SALI-O-SCENDO_Teatro-Domma_2024_locandina.jpg","type":"image\/jpeg"}],"author":"Margherita De Donato","twitter_card":"summary_large_image","twitter_misc":{"Scritto da":"Margherita De Donato","Tempo di lettura stimato":"8 minuti"},"schema":{"@context":"https:\/\/schema.org","@graph":[{"@type":"Article","@id":"https:\/\/www.teatrodomma.it\/?p=17718#article","isPartOf":{"@id":"https:\/\/www.teatrodomma.it\/?p=17718"},"author":{"name":"Margherita De Donato","@id":"https:\/\/www.teatrodomma.it\/#\/schema\/person\/8a1f09bf4c695307c8aef38d93aa0e84"},"headline":"E allora che fai: &#8220;SALI O SCENDO?&#8221;","datePublished":"2024-02-29T23:00:00+00:00","mainEntityOfPage":{"@id":"https:\/\/www.teatrodomma.it\/?p=17718"},"wordCount":1462,"publisher":{"@id":"https:\/\/www.teatrodomma.it\/#organization"},"image":{"@id":"https:\/\/www.teatrodomma.it\/?p=17718#primaryimage"},"thumbnailUrl":"https:\/\/www.teatrodomma.it\/wp-content\/uploads\/2024\/03\/SALI-O-SCENDO_Teatro-Domma_2024_locandina.jpg","keywords":["Chiara Canitano","Danilo De Santis","Diego Casalis","Eleonora D&#039;Achille","Roberta Mastromichele","Sali o scendo?","teatro domma"],"articleSection":["Recensioni"],"inLanguage":"it-IT"},{"@type":"WebPage","@id":"https:\/\/www.teatrodomma.it\/?p=17718","url":"https:\/\/www.teatrodomma.it\/?p=17718","name":"E allora che fai: \"SALI O SCENDO?\" - Teatro Domma","isPartOf":{"@id":"https:\/\/www.teatrodomma.it\/#website"},"primaryImageOfPage":{"@id":"https:\/\/www.teatrodomma.it\/?p=17718#primaryimage"},"image":{"@id":"https:\/\/www.teatrodomma.it\/?p=17718#primaryimage"},"thumbnailUrl":"https:\/\/www.teatrodomma.it\/wp-content\/uploads\/2024\/03\/SALI-O-SCENDO_Teatro-Domma_2024_locandina.jpg","datePublished":"2024-02-29T23:00:00+00:00","breadcrumb":{"@id":"https:\/\/www.teatrodomma.it\/?p=17718#breadcrumb"},"inLanguage":"it-IT","potentialAction":[{"@type":"ReadAction","target":["https:\/\/www.teatrodomma.it\/?p=17718"]}]},{"@type":"ImageObject","inLanguage":"it-IT","@id":"https:\/\/www.teatrodomma.it\/?p=17718#primaryimage","url":"https:\/\/www.teatrodomma.it\/wp-content\/uploads\/2024\/03\/SALI-O-SCENDO_Teatro-Domma_2024_locandina.jpg","contentUrl":"https:\/\/www.teatrodomma.it\/wp-content\/uploads\/2024\/03\/SALI-O-SCENDO_Teatro-Domma_2024_locandina.jpg","width":878,"height":1600},{"@type":"BreadcrumbList","@id":"https:\/\/www.teatrodomma.it\/?p=17718#breadcrumb","itemListElement":[{"@type":"ListItem","position":1,"name":"Home","item":"https:\/\/www.teatrodomma.it\/"},{"@type":"ListItem","position":2,"name":"E allora che fai: &#8220;SALI O SCENDO?&#8221;"}]},{"@type":"WebSite","@id":"https:\/\/www.teatrodomma.it\/#website","url":"https:\/\/www.teatrodomma.it\/","name":"Teatro Domma","description":"","publisher":{"@id":"https:\/\/www.teatrodomma.it\/#organization"},"potentialAction":[{"@type":"SearchAction","target":{"@type":"EntryPoint","urlTemplate":"https:\/\/www.teatrodomma.it\/?s={search_term_string}"},"query-input":{"@type":"PropertyValueSpecification","valueRequired":true,"valueName":"search_term_string"}}],"inLanguage":"it-IT"},{"@type":"Organization","@id":"https:\/\/www.teatrodomma.it\/#organization","name":"Teatro Domma","url":"https:\/\/www.teatrodomma.it\/","logo":{"@type":"ImageObject","inLanguage":"it-IT","@id":"https:\/\/www.teatrodomma.it\/#\/schema\/logo\/image\/","url":"https:\/\/www.teatrodomma.it\/wp-content\/uploads\/2025\/01\/LOGOICON-edited-2.png","contentUrl":"https:\/\/www.teatrodomma.it\/wp-content\/uploads\/2025\/01\/LOGOICON-edited-2.png","width":510,"height":287,"caption":"Teatro Domma"},"image":{"@id":"https:\/\/www.teatrodomma.it\/#\/schema\/logo\/image\/"},"sameAs":["https:\/\/www.facebook.com\/p\/Teatro-Domma-61556981831878\/?locale=it_IT","https:\/\/www.instagram.com\/teatro_domma\/"]},{"@type":"Person","@id":"https:\/\/www.teatrodomma.it\/#\/schema\/person\/8a1f09bf4c695307c8aef38d93aa0e84","name":"Margherita De Donato","image":{"@type":"ImageObject","inLanguage":"it-IT","@id":"https:\/\/www.teatrodomma.it\/#\/schema\/person\/image\/","url":"https:\/\/secure.gravatar.com\/avatar\/0fbebb2201a984022de9f07361f7fe88cb7fcefd6be5e33abf5559102ec20088?s=96&d=mm&r=g","contentUrl":"https:\/\/secure.gravatar.com\/avatar\/0fbebb2201a984022de9f07361f7fe88cb7fcefd6be5e33abf5559102ec20088?s=96&d=mm&r=g","caption":"Margherita De Donato"},"url":"https:\/\/www.teatrodomma.it\/?author=3"}]}},"_links":{"self":[{"href":"https:\/\/www.teatrodomma.it\/index.php?rest_route=\/wp\/v2\/posts\/17718","targetHints":{"allow":["GET"]}}],"collection":[{"href":"https:\/\/www.teatrodomma.it\/index.php?rest_route=\/wp\/v2\/posts"}],"about":[{"href":"https:\/\/www.teatrodomma.it\/index.php?rest_route=\/wp\/v2\/types\/post"}],"author":[{"embeddable":true,"href":"https:\/\/www.teatrodomma.it\/index.php?rest_route=\/wp\/v2\/users\/3"}],"replies":[{"embeddable":true,"href":"https:\/\/www.teatrodomma.it\/index.php?rest_route=%2Fwp%2Fv2%2Fcomments&post=17718"}],"version-history":[{"count":0,"href":"https:\/\/www.teatrodomma.it\/index.php?rest_route=\/wp\/v2\/posts\/17718\/revisions"}],"wp:featuredmedia":[{"embeddable":true,"href":"https:\/\/www.teatrodomma.it\/index.php?rest_route=\/wp\/v2\/media\/25584"}],"wp:attachment":[{"href":"https:\/\/www.teatrodomma.it\/index.php?rest_route=%2Fwp%2Fv2%2Fmedia&parent=17718"}],"wp:term":[{"taxonomy":"category","embeddable":true,"href":"https:\/\/www.teatrodomma.it\/index.php?rest_route=%2Fwp%2Fv2%2Fcategories&post=17718"},{"taxonomy":"post_tag","embeddable":true,"href":"https:\/\/www.teatrodomma.it\/index.php?rest_route=%2Fwp%2Fv2%2Ftags&post=17718"}],"curies":[{"name":"wp","href":"https:\/\/api.w.org\/{rel}","templated":true}]}}