{"id":17967,"date":"2023-09-09T22:30:00","date_gmt":"2023-09-09T20:30:00","guid":{"rendered":"https:\/\/www.teatrodomma.it\/?p=17967"},"modified":"2025-03-18T11:37:57","modified_gmt":"2025-03-18T10:37:57","slug":"matteo-cirillo-sale-a-bordo-della-cds-theatre-academy-con-il-suo-laboratorio-teatrale","status":"publish","type":"post","link":"https:\/\/www.teatrodomma.it\/?p=17967","title":{"rendered":"MATTEO CIRILLO sale a bordo della CdS Theatre Academy con il suo laboratorio teatrale"},"content":{"rendered":"\n<p class=\"has-background-dark-background-color has-background\"><em>Attore, autore e regista romano, Matteo Cirillo \u00e8 stato applaudito dal <em>pubblico del Teatro Domma <\/em>nel suo emozionante monologo &#8220;Oggi Sposo&#8221; che ha chiuso la scorsa stagione teatrale<\/em>. <em>Entra a far parte del corpo docenti della CdS Theatre Academy <em>nell&#8217;anno accademico 2023-2024<\/em>, inaugurando un nuovo corso di prosa il gioved\u00ec in diverse fasce orarie a seconda dell&#8217;et\u00e0 degli allievi.<\/em><\/p>\n\n\n\n<p><strong>Diplomatosi all\u2019AIAD \u201cAccademia Arte Drammatica del Teatro Quirino\u201d<\/strong> vincendo una borsa di studio, <strong><a href=\"https:\/\/www.promoterartist.it\/artisti\/attori\/matteo-cirillo\/\" target=\"_blank\" rel=\"noreferrer noopener\">Matteo Cirillo<\/a> <\/strong>si \u00e8 poi perfezionato in Francia a Parigi e Versailles.<\/p>\n\n\n\n<p>Nel suo brillante curriculum vanta <strong>come&nbsp;attore&nbsp;la collaborazione al cinema<\/strong> <strong>con<\/strong> <em>Gianni Zanasi <\/em>(<em><a href=\"https:\/\/www.facebook.com\/photo\/?fbid=664603418514848&amp;set=pb.100048955877894.-2207520000\" target=\"_blank\" rel=\"noreferrer noopener\">&#8220;WAR &#8211; La guerra desiderata&#8221;<\/a><\/em>; una <a href=\"https:\/\/www.facebook.com\/photo\/?fbid=664603455181511&amp;set=pb.100048955877894.-2207520000\" target=\"_blank\" rel=\"noreferrer noopener\">foto<\/a> in abiti di scena)<em>, Edoardo Leo, Giuseppe Battiston, Miriam Leone, Federico Moccia, la Patroclo Film<\/em> ed \u00e8 uno dei protagonisti del docufilm \u201cL\u2019invisibile\u201d.&nbsp;<\/p>\n\n\n\n<p><strong>In televisione<\/strong> ha lavorato in <strong><em>\u201cDon Matteo 13\u201d e \u201cL\u2019allieva 3<\/em><\/strong>\u201d per&nbsp;Raiuno; nella serie tv <em><strong>\u201cRitoccati stagione 2-3\u201d<\/strong><\/em> per SKY.<\/p>\n\n\n\n<figure class=\"wp-block-embed is-type-video is-provider-youtube wp-block-embed-youtube wp-embed-aspect-16-9 wp-has-aspect-ratio\"><div class=\"wp-block-embed__wrapper\">\n<iframe loading=\"lazy\" title=\"Matteo Cirillo Showreel\" width=\"720\" height=\"405\" src=\"https:\/\/www.youtube.com\/embed\/4rhVt0OOIjE?feature=oembed\" frameborder=\"0\" allow=\"accelerometer; autoplay; clipboard-write; encrypted-media; gyroscope; picture-in-picture; web-share\" referrerpolicy=\"strict-origin-when-cross-origin\" allowfullscreen><\/iframe>\n<\/div><\/figure>\n\n\n\n<p><\/p>\n\n\n\n<p><strong>A&nbsp;teatro&nbsp;<\/strong>ha lavorato con Giorgio Albertazzi ne <strong><em>\u201cIl Mercante di Venezia\u201d<\/em><\/strong>, \u00e8 il coprotagonista de <strong><em><a href=\"https:\/\/www.facebook.com\/photo.php?fbid=125948185713710&amp;set=pb.100048955877894.-2207520000&amp;type=3\" target=\"_blank\" rel=\"noreferrer noopener\">\u201cL\u2019anima buona del Sezuan\u201d<\/a><\/em><\/strong> di B.Brecht con Monica Guerritore; \u00e8 Oronte nel<strong><em> <a href=\"https:\/\/www.facebook.com\/photo.php?fbid=125948292380366&amp;set=pb.100048955877894.-2207520000&amp;type=3\" target=\"_blank\" rel=\"noreferrer noopener\">\u201cMisantropo\u201d<\/a><\/em><\/strong> di Moli\u00e8re con Giulio Scarpati e Valeria Solarino ed \u00e8 uno dei protagonisti di <strong><em><a href=\"https:\/\/www.facebook.com\/CheDisastroDiCommedia\/\" target=\"_blank\" rel=\"noreferrer noopener\">\u201cChe Disastro di Commedia\u201d<\/a><\/em><\/strong> e <strong><em><a href=\"https:\/\/www.teatrodomma.it\/blog\/articoli-vari\/quando-peter-pan-diventa-un-disastro-al-teatro-olimpico-la-commedia-con-matteo-cirillo\/\" target=\"_blank\" rel=\"noreferrer noopener\">\u201cChe disastro di Peter Pan\u201d<\/a><\/em><\/strong>. Ha lavorato inoltre con Lello Arena e Carlo Boso.<\/p>\n\n\n<div class=\"wp-block-image\">\n<figure class=\"aligncenter size-full\"><img loading=\"lazy\" decoding=\"async\" width=\"900\" height=\"900\" src=\"http:\/\/www.teatrodomma.it\/wp-content\/uploads\/2023\/09\/Matteo-Cirillo_INTERNET-SPARITO_locandina-BiopicFest2023-e1695806023179.jpg\" alt=\"\" class=\"wp-image-17991\" srcset=\"https:\/\/www.teatrodomma.it\/wp-content\/uploads\/2023\/09\/Matteo-Cirillo_INTERNET-SPARITO_locandina-BiopicFest2023-e1695806023179.jpg 900w, https:\/\/www.teatrodomma.it\/wp-content\/uploads\/2023\/09\/Matteo-Cirillo_INTERNET-SPARITO_locandina-BiopicFest2023-e1695806023179-300x300.jpg 300w, https:\/\/www.teatrodomma.it\/wp-content\/uploads\/2023\/09\/Matteo-Cirillo_INTERNET-SPARITO_locandina-BiopicFest2023-e1695806023179-150x150.jpg 150w, https:\/\/www.teatrodomma.it\/wp-content\/uploads\/2023\/09\/Matteo-Cirillo_INTERNET-SPARITO_locandina-BiopicFest2023-e1695806023179-768x768.jpg 768w, https:\/\/www.teatrodomma.it\/wp-content\/uploads\/2023\/09\/Matteo-Cirillo_INTERNET-SPARITO_locandina-BiopicFest2023-e1695806023179-200x200.jpg 200w, https:\/\/www.teatrodomma.it\/wp-content\/uploads\/2023\/09\/Matteo-Cirillo_INTERNET-SPARITO_locandina-BiopicFest2023-e1695806023179-144x144.jpg 144w\" sizes=\"(max-width: 900px) 100vw, 900px\" \/><\/figure>\n<\/div>\n\n\n<p class=\"has-text-align-center\"><em><strong>Matteo Cirillo con Paola Tiziana Cruciani e Paolo Triestino in <\/strong><\/em><strong>&#8220;<em>Internet sparito<\/em>&#8220;<\/strong><\/p>\n\n\n\n<p><\/p>\n\n\n\n<p><strong>Come&nbsp;regista&nbsp;e autore<\/strong>&nbsp;<strong>ha diretto vari cortometraggi.<\/strong> Il suo <strong>&#8220;<em>INTERNET SPARITO<\/em>&#8220;<\/strong> (che \u00e8 &#8216;nato in quarantena&#8217;, come Cirillo stesso racconta <a href=\"https:\/\/www.facebook.com\/photo\/?fbid=133258778318756&amp;set=pb.100063504373384.-2207520000.&amp;locale=it_IT\" target=\"_blank\" rel=\"noreferrer noopener\">qui<\/a>) \u00e8 stato selezionato ai pi\u00f9 grandi Festival italiani per cortometraggi,&nbsp;vincendo numerosi premi ed \u00e8 stato selezionato al \u201c<em>Los Angeles Film Italian<\/em>\u201d per rappresentare l\u2019eccellenza italiana cinematografica nel mondo americano. <strong>Cirillo sui social ha cos\u00ec ringraziato <\/strong><em><strong><a href=\"https:\/\/www.instagram.com\/paolatizianacruciani\/?hl=it\" target=\"_blank\" rel=\"noreferrer noopener\">Paola Tiziana Cruciani<\/a><\/strong><\/em> (<em>account<\/em> <a href=\"https:\/\/www.instagram.com\/paolatizianacruciani\/?hl=it\" target=\"_blank\" rel=\"noreferrer noopener\"><em>FB<\/em><\/a>)<em><strong> e <a href=\"https:\/\/www.cdastudiodinardo.com\/artista_1429_1_22_Paolo_Triestino.htm\" target=\"_blank\" rel=\"noreferrer noopener\">Paolo Triestino<\/a><\/strong> (<a href=\"https:\/\/www.facebook.com\/paolo.triestino\/?locale=it_IT\" target=\"_blank\" rel=\"noreferrer noopener\">FB<\/a>): &#8220;&#8230;due attori magnifici che hanno creduto e sostenuto il mio progetto. Per sempre grato.&#8221;<\/em><\/p>\n\n\n\n<p><strong><em>&#8220;Internet sparito&#8221;<\/em><\/strong> \u00e8 la storia di Andrea, un ragazzo che sembra aver perso il contatto con le persone intorno a lui. Perennemente al telefono, tutti sembrano vivere ormai solo attraverso la realt\u00e0 social, alla quale Andrea non \u00e8 minimamente interessato. Profondamente convinto che i piccoli incontri reali con persone sconosciute sono il collante che tiene insieme la nostra societ\u00e0, Andrea cerca disperatamente d\u2019instaurare una conversazione con qualcuno, ma dopo l\u2019ennesimo fallimento, decide di sparire dal mondo virtuale pagandone a caro prezzo&nbsp;le&nbsp;conseguenze.<\/p>\n\n\n<div class=\"wp-block-image\">\n<figure class=\"aligncenter size-large\"><img loading=\"lazy\" decoding=\"async\" width=\"819\" height=\"1024\" src=\"http:\/\/www.teatrodomma.it\/wp-content\/uploads\/2023\/09\/Matteo-Cirillo_INTERNET-SPARITO_tre-premi-ApriliaFilmFestival2023-819x1024.jpg\" alt=\"\" class=\"wp-image-17995\" srcset=\"https:\/\/www.teatrodomma.it\/wp-content\/uploads\/2023\/09\/Matteo-Cirillo_INTERNET-SPARITO_tre-premi-ApriliaFilmFestival2023-819x1024.jpg 819w, https:\/\/www.teatrodomma.it\/wp-content\/uploads\/2023\/09\/Matteo-Cirillo_INTERNET-SPARITO_tre-premi-ApriliaFilmFestival2023-240x300.jpg 240w, https:\/\/www.teatrodomma.it\/wp-content\/uploads\/2023\/09\/Matteo-Cirillo_INTERNET-SPARITO_tre-premi-ApriliaFilmFestival2023-768x960.jpg 768w, https:\/\/www.teatrodomma.it\/wp-content\/uploads\/2023\/09\/Matteo-Cirillo_INTERNET-SPARITO_tre-premi-ApriliaFilmFestival2023-200x250.jpg 200w, https:\/\/www.teatrodomma.it\/wp-content\/uploads\/2023\/09\/Matteo-Cirillo_INTERNET-SPARITO_tre-premi-ApriliaFilmFestival2023.jpg 828w\" sizes=\"(max-width: 819px) 100vw, 819px\" \/><\/figure>\n<\/div>\n\n\n<p class=\"has-text-align-center\"><strong><em>All&#8217;Aprilia Film Festival 2023\u00a0<\/em><\/strong> <strong><em>&#8220;Internet sparito&#8221; ha vinto il &#8220;Premio del Pubblico nella seconda serata&#8221; &#8211; il &#8220;Premio Miglior attrice non protagonista&#8221; a Paola Tiziana Cruciani&#8221; &#8211; il &#8220;Premio Miglior attore non protagonista&#8221; a Paolo Triestino<\/em><\/strong><\/p>\n\n\n\n<p><\/p>\n\n\n<div class=\"wp-block-image\">\n<figure class=\"aligncenter size-full\"><img loading=\"lazy\" decoding=\"async\" width=\"900\" height=\"600\" src=\"http:\/\/www.teatrodomma.it\/wp-content\/uploads\/2023\/09\/Matteo-Cirillo_INTERNET-SPARITO_Premio-del-Pubblico-al-Biopic-short-festival-e1700769437917.jpg\" alt=\"\" class=\"wp-image-21958\" srcset=\"https:\/\/www.teatrodomma.it\/wp-content\/uploads\/2023\/09\/Matteo-Cirillo_INTERNET-SPARITO_Premio-del-Pubblico-al-Biopic-short-festival-e1700769437917.jpg 900w, https:\/\/www.teatrodomma.it\/wp-content\/uploads\/2023\/09\/Matteo-Cirillo_INTERNET-SPARITO_Premio-del-Pubblico-al-Biopic-short-festival-e1700769437917-300x200.jpg 300w, https:\/\/www.teatrodomma.it\/wp-content\/uploads\/2023\/09\/Matteo-Cirillo_INTERNET-SPARITO_Premio-del-Pubblico-al-Biopic-short-festival-e1700769437917-768x512.jpg 768w, https:\/\/www.teatrodomma.it\/wp-content\/uploads\/2023\/09\/Matteo-Cirillo_INTERNET-SPARITO_Premio-del-Pubblico-al-Biopic-short-festival-e1700769437917-200x133.jpg 200w, https:\/\/www.teatrodomma.it\/wp-content\/uploads\/2023\/09\/Matteo-Cirillo_INTERNET-SPARITO_Premio-del-Pubblico-al-Biopic-short-festival-e1700769437917-272x182.jpg 272w\" sizes=\"(max-width: 900px) 100vw, 900px\" \/><\/figure>\n<\/div>\n\n\n<p class=\"has-text-align-center\"><strong><em>Settembre 2023: Matteo Cirillo ritira<\/em><\/strong> <em style=\"font-weight: bold;\"><strong>il &#8220;Premio del Pubblico&#8221; al Biopic short festival<\/strong><\/em><em><strong> per &#8220;Internet Sparito&#8221;<\/strong><\/em><\/p>\n\n\n\n<p>Ha creato <strong>il format <em>&#8220;PENSIERI A VOCE ALTA&#8221;<\/em><\/strong> dove ha collaborato con varie testate giornalistiche italiane. Ha curato la messa in scena di molti progetti site-specific come ad esempio <strong>&#8220;<em>Linea Opera<\/em>&#8220;<\/strong> spettacolo all&#8217;interno di un autobus. <em>(Lo scorso 1 agosto ben quindici autobus dedicati sono partiti da altrettanti Municipi di Roma per portare i passeggeri <em><em>a Caracalla<\/em><\/em><\/em> <em>ad <em><em>assistere a<\/em><\/em>ll&#8217;opera lirica &#8220;Rigoletto&#8221;; qualche istante prima, Cirillo insieme ad altri attori si \u00e8 esibito in un riassunto dell&#8217;opera,<em> <em>raccontandola<\/em><\/em><\/em> <em><em>proprio all&#8217;interno delle antiche terme <\/em>romane)<\/em>. Da anni prende parte a<strong><em> \u201cI Nasoni raccontano\u201d<\/em><\/strong> progetto di storytelling urbano, ideato da La Citt\u00e0 Ideale, che&nbsp;mette in dialogo arte e periferie.&nbsp;Come autore ha vinto il&nbsp;<em>bando del Ministero &#8220;Sviluppo alla sceneggiatura<\/em>&#8221; con il suo soggetto e trattamento <strong>&#8220;<em>Eppur non vado gi\u00f9<\/em>&#8220;<\/strong>, di cui \u00e8 anche regista.<\/p>\n\n\n\n<figure class=\"wp-block-embed is-type-video is-provider-youtube wp-block-embed-youtube wp-embed-aspect-16-9 wp-has-aspect-ratio\"><div class=\"wp-block-embed__wrapper\">\n<iframe loading=\"lazy\" title=\"Oggi Sposo Trailer Spettacolo\" width=\"720\" height=\"405\" src=\"https:\/\/www.youtube.com\/embed\/KrdjszQ6ipg?start=2&#038;feature=oembed\" frameborder=\"0\" allow=\"accelerometer; autoplay; clipboard-write; encrypted-media; gyroscope; picture-in-picture; web-share\" referrerpolicy=\"strict-origin-when-cross-origin\" allowfullscreen><\/iframe>\n<\/div><figcaption class=\"wp-element-caption\">&#8216;<strong><em>Oggi Sposo&#8217; spettacolo di e con Matteo Cirillo &#8211; Regia di Duilio Paciello<\/em><\/strong><\/figcaption><\/figure>\n\n\n\n<p><\/p>\n\n\n\n<p>In teatro ha messo in scena <strong><em><a href=\"https:\/\/www.facebook.com\/photo.php?fbid=125948992380296&amp;set=pb.100048955877894.-2207520000&amp;type=3\" target=\"_blank\" rel=\"noreferrer noopener\">&#8220;Il Grande Dittatore&#8221;<\/a>&nbsp;<\/em><\/strong>di Charlie Chaplin.<br>Gira l\u2019Italia con i suoi <strong>monologhi da lui&nbsp;scritti ed interpretati<\/strong>&nbsp;<strong><em><a href=\"https:\/\/www.youtube.com\/watch?v=b4-MQb13G9c&amp;t=10s\">&#8220;Aspettando una chiamata&#8221;<\/a>, <a href=\"https:\/\/www.teatrodomma.it\/blog\/recensioni\/13-maggio-un-finale-di-stagione-con-matteo-cirillo-oggi-sposo-lamore-e-eterno-finche-dura-lamore-o-la-vita\/\" target=\"_blank\" rel=\"noreferrer noopener\">\u201cOggi Sposo\u201d<\/a> <\/em>e<em> <\/em><\/strong><a href=\"https:\/\/www.teatrodomma.it\/blog\/recensioni\/pensieri-a-voce-alta-di-matteo-cirillo-al-tiber\/\" target=\"_blank\" rel=\"noreferrer noopener\"><strong><em> \u201cPensieri a voce alta\u201d<\/em><\/strong> <\/a> (vincendo vari premi a livello Nazionale tra cui <em>Premio della critica Roma Fringe Festival, Premio Traiano, <a href=\"https:\/\/www.instagram.com\/p\/CMWwfRlhYmZ\/\" target=\"_blank\" rel=\"noreferrer noopener\">Festival Inventaria<\/a><\/em>).<\/p>\n\n\n\n<p class=\"has-text-align-center has-background-dark-background-color has-background\"><strong>MATTEO CIRILLO sui social: <a href=\"https:\/\/www.facebook.com\/matteo.cirillo.965\" target=\"_blank\" rel=\"noreferrer noopener\">Facebook<\/a> &#8211; <a href=\"https:\/\/www.instagram.com\/matteocirillo88\/\" target=\"_blank\" rel=\"noreferrer noopener\">Instagram<\/a><\/strong><\/p>\n\n\n\n<p><strong><em>Da un &#8216;<a href=\"https:\/\/www.teatrodomma.it\/blog\/recensioni\/pensieri-a-voce-alta-di-matteo-cirillo-al-tiber\/\" target=\"_blank\" rel=\"noreferrer noopener\">pensiero a voce alta&#8217;<\/a> postato su FB da Cirillo: <\/em><\/strong><em>&#8220;Penso di poter dividere gli essere umani in:- Quelli che rifanno il letto la mattina appena si alzano e quelli che lo lasciano disfatto per settimane.- Quelli che dicono di aver visto un film ma in realt\u00e0 non \u00e8 vero e dicono cose tipo &#8220;bellissimo quel pezzo&#8221; oppure &#8220;si si, veramente sottovalutato come film&#8221;.- Quelli che stanno a Venezia e quelli che stanno a Piazza Venezia a cercare parcheggio.- Quelli che parlano a voce bassa e non capisci cosa dicono e quelli che invece parlano urlando.- Quelli che alla domanda della cassiera del supermercato: &#8220;buste?&#8221; rispondo sicuri &#8220;3.&#8221; E quelli che rispondono &#8220;2? 3? 16? 29? Faccia lei?&#8221;.- Quelli che dicono &#8220;vabb\u00e8 lasciamo perdere&#8221; perch\u00e9 in realt\u00e0 non sanno bene cosa dire e quelli che lo dicono perch\u00e9 altrimenti &#8220;vabb\u00e8 lasciamo perdere&#8221;.<\/em><\/p>\n\n\n\n<figure class=\"wp-block-embed is-type-video is-provider-youtube wp-block-embed-youtube wp-embed-aspect-16-9 wp-has-aspect-ratio\"><div class=\"wp-block-embed__wrapper\">\n<iframe loading=\"lazy\" title=\"Aspettando una Chiamata - Trailer Spettacolo\" width=\"720\" height=\"405\" src=\"https:\/\/www.youtube.com\/embed\/b4-MQb13G9c?start=10&#038;feature=oembed\" frameborder=\"0\" allow=\"accelerometer; autoplay; clipboard-write; encrypted-media; gyroscope; picture-in-picture; web-share\" referrerpolicy=\"strict-origin-when-cross-origin\" allowfullscreen><\/iframe>\n<\/div><figcaption class=\"wp-element-caption\"><em><strong><a href=\"https:\/\/www.facebook.com\/photo.php?fbid=125949125713616&amp;set=pb.100048955877894.-2207520000&amp;type=3\" target=\"_blank\" rel=\"noreferrer noopener\">Trailer spettacolo <\/a><\/strong><\/em><strong><em><a href=\"https:\/\/www.facebook.com\/photo.php?fbid=125949125713616&amp;set=pb.100048955877894.-2207520000&amp;type=3\" target=\"_blank\" rel=\"noreferrer noopener\">&#8220;Aspettando una chiamata&#8221;<\/a><\/em><\/strong><\/figcaption><\/figure>\n\n\n<div class=\"wp-block-image\">\n<figure class=\"aligncenter size-large\"><img loading=\"lazy\" decoding=\"async\" width=\"751\" height=\"1024\" src=\"http:\/\/www.teatrodomma.it\/wp-content\/uploads\/2023\/09\/Matteo-Cirillo_Che-disastro-di-commedia_locandina-e1706876399139-751x1024.jpg\" alt=\"\" class=\"wp-image-18000\" srcset=\"https:\/\/www.teatrodomma.it\/wp-content\/uploads\/2023\/09\/Matteo-Cirillo_Che-disastro-di-commedia_locandina-e1706876399139-751x1024.jpg 751w, https:\/\/www.teatrodomma.it\/wp-content\/uploads\/2023\/09\/Matteo-Cirillo_Che-disastro-di-commedia_locandina-e1706876399139-220x300.jpg 220w, https:\/\/www.teatrodomma.it\/wp-content\/uploads\/2023\/09\/Matteo-Cirillo_Che-disastro-di-commedia_locandina-e1706876399139-768x1047.jpg 768w, https:\/\/www.teatrodomma.it\/wp-content\/uploads\/2023\/09\/Matteo-Cirillo_Che-disastro-di-commedia_locandina-e1706876399139-200x273.jpg 200w, https:\/\/www.teatrodomma.it\/wp-content\/uploads\/2023\/09\/Matteo-Cirillo_Che-disastro-di-commedia_locandina-e1706876399139-792x1080.jpg 792w, https:\/\/www.teatrodomma.it\/wp-content\/uploads\/2023\/09\/Matteo-Cirillo_Che-disastro-di-commedia_locandina-e1706876399139.jpg 900w\" sizes=\"(max-width: 751px) 100vw, 751px\" \/><\/figure>\n<\/div>\n\n\n<p class=\"has-background-dark-background-color has-background\"><em><strong>CdS <\/strong><\/em><strong><em>THEATRE ACADEMY<\/em>&nbsp;\u2013 Di GIOVEDI lezioni con Matteo Cirillo &#8211; Divisione per fasce d\u2019et\u00e0<\/strong>: <strong><em>KIDS<\/em><\/strong> <strong>dalle 16:30 &#8211; 18:00<\/strong> \/ <strong><em>YOUNG<\/em><\/strong> <strong>18:00 &#8211; 20:00<\/strong> \/<strong> <em>SENIOR<\/em><\/strong> <strong>20:00 22:00<\/strong><\/p>\n\n\n\n<p><strong>Matteo Cirillo debutta quest&#8217;anno come docente<\/strong>, sia presso il Teatro Domma sia presso La Citt\u00e0 Ideale in Via della Penitenza 37 a Roma &#8211; Trastevere. Con la sua consueta apprezzabile umilt\u00e0 e sincerit\u00e0 Cirillo ammette sui social: <em>&#8220;Ho sempre avuto una certa paura nell&#8217;essere un insegnante, per\u00f2&#8230;tutto \u00e8 possibile, e quindi da Ottobre parte &#8220;Il laboratorio Ideale&#8221; diretto da me.<\/em>&#8221; <strong>Come sar\u00e0 il suo corso?<\/strong> &#8220;<em>Sar\u00e0 un laboratorio differente, dove si cercher\u00e0 di trovare l&#8217;attore creativo di ogni singolo partecipante, partendo dalla ricerca della verit\u00e0 interiore per analizzare o costruire i testi, fino ad arrivare alla verit\u00e0 scenica. In tutti questi anni dove abbiamo fatto spettacoli per strada, sotto la metro, all&#8217;interno degli autobus, negli Ater delle case popolari e via dicendo, la scenografia \u00e8 sempre stata sempre il contesto dove si svolgeva lo spettacolo, l&#8217;attore doveva quindi trasformarsi in quel luogo, viverlo e conoscerlo. Un lavoro attoriale che si avvicina di pi\u00f9 al cinema piuttosto che al teatro, ma il fatto che non c&#8217;\u00e8 uno &#8220;stop&#8221; ma \u00e8 tutto in diretta, lo rende un lavoro particolarmente stimolante. L&#8217;attore a volte diventa spettatore, ma anche lo spettatore diventa attore e questo rende l&#8217;attore umano, creativo e libero d&#8217;improvvisare. Si lavorer\u00e0 quindi sull&#8217;infinita potenzialit\u00e0 dell&#8217;improvvisazione, sull&#8217;interpretazione, sull&#8217;espressione corporea e sulle zone del silenzio. Un attore infatti prima di parlare deve saper ascoltare, ascoltare se stesso, il partner e il pubblico, deve essere sempre in ascolto con il mondo, perch\u00e9 solo cos\u00ec potr\u00e0 poi raccontarlo&#8230;&#8221;.<\/em><\/p>\n\n\n\n<p><strong>Sul palco del Teatro Domma il corso comincia Gioved\u00ec 20 settembre<\/strong> con la lezione di prova gratuita e <strong>gli allievi, entusiasti della proposta, si sono gi\u00e0 iscritti in molti. Resta ancora qualche posto libero&#8230;affrettatevi!<\/strong><\/p>\n\n\n\n<p class=\"has-text-align-center has-background-dark-background-color has-background\"><strong>Rivolgersi alla segreteria della CdS Theatre Academy presso il Teatro Domma (3286077138)<\/strong><\/p>\n\n\n\n<p class=\"has-text-align-center\"><strong><a href=\"https:\/\/www.teatrodomma.it\/blog\/compagni-di-scena\/in-anteprima-la-cds-academy-presenta-la-a-2023-2024\/\" target=\"_blank\" rel=\"noreferrer noopener\">TUTTI I CORSI DELLA CdS ACADEMY<\/a><\/strong><\/p>\n","protected":false},"excerpt":{"rendered":"<p>Attore, autore e regista romano, Matteo Cirillo \u00e8 stato applaudito dal pubblico del Teatro Domma nel suo emozionante monologo &#8220;Oggi Sposo&#8221; che ha chiuso la scorsa stagione teatrale. Entra a far parte del corpo docenti della CdS Theatre Academy nell&#8217;anno accademico 2023-2024, inaugurando un nuovo corso di prosa il gioved\u00ec in diverse fasce orarie a [&hellip;]<\/p>\n","protected":false},"author":3,"featured_media":17987,"comment_status":"closed","ping_status":"open","sticky":false,"template":"","format":"standard","meta":{"saved_in_kubio":false,"footnotes":""},"categories":[33,48],"tags":[363,388,293,349],"class_list":{"0":"post-17967","1":"post","2":"type-post","3":"status-publish","4":"format-standard","5":"has-post-thumbnail","6":"hentry","7":"category-compagni-di-scena","8":"category-interviste","9":"tag-cds-theatre-academy","10":"tag-internet-sparito","11":"tag-matteo-cirillo","12":"tag-oggi-sposo","14":"post-with-thumbnail","15":"post-with-thumbnail-large"},"yoast_head":"<!-- This site is optimized with the Yoast SEO plugin v25.8 - https:\/\/yoast.com\/wordpress\/plugins\/seo\/ -->\n<title>MATTEO CIRILLO sale a bordo della CdS Theatre Academy con il suo laboratorio teatrale - Teatro Domma<\/title>\n<meta name=\"robots\" content=\"index, follow, max-snippet:-1, max-image-preview:large, max-video-preview:-1\" \/>\n<link rel=\"canonical\" href=\"https:\/\/www.teatrodomma.it\/?p=17967\" \/>\n<meta property=\"og:locale\" content=\"it_IT\" \/>\n<meta property=\"og:type\" content=\"article\" \/>\n<meta property=\"og:title\" content=\"MATTEO CIRILLO sale a bordo della CdS Theatre Academy con il suo laboratorio teatrale - Teatro Domma\" \/>\n<meta property=\"og:description\" content=\"Attore, autore e regista romano, Matteo Cirillo \u00e8 stato applaudito dal pubblico del Teatro Domma nel suo emozionante monologo &#8220;Oggi Sposo&#8221; che ha chiuso la scorsa stagione teatrale. Entra a far parte del corpo docenti della CdS Theatre Academy nell&#8217;anno accademico 2023-2024, inaugurando un nuovo corso di prosa il gioved\u00ec in diverse fasce orarie a [&hellip;]\" \/>\n<meta property=\"og:url\" content=\"https:\/\/www.teatrodomma.it\/?p=17967\" \/>\n<meta property=\"og:site_name\" content=\"Teatro Domma\" \/>\n<meta property=\"article:publisher\" content=\"https:\/\/www.facebook.com\/p\/Teatro-Domma-61556981831878\/?locale=it_IT\" \/>\n<meta property=\"article:published_time\" content=\"2023-09-09T20:30:00+00:00\" \/>\n<meta property=\"article:modified_time\" content=\"2025-03-18T10:37:57+00:00\" \/>\n<meta property=\"og:image\" content=\"http:\/\/www.teatrodomma.it\/wp-content\/uploads\/2023\/09\/Matteo-Cirillo_in-camerino-e1695805644524.jpg\" \/>\n\t<meta property=\"og:image:width\" content=\"900\" \/>\n\t<meta property=\"og:image:height\" content=\"900\" \/>\n\t<meta property=\"og:image:type\" content=\"image\/jpeg\" \/>\n<meta name=\"author\" content=\"Margherita De Donato\" \/>\n<meta name=\"twitter:card\" content=\"summary_large_image\" \/>\n<meta name=\"twitter:label1\" content=\"Scritto da\" \/>\n\t<meta name=\"twitter:data1\" content=\"Margherita De Donato\" \/>\n\t<meta name=\"twitter:label2\" content=\"Tempo di lettura stimato\" \/>\n\t<meta name=\"twitter:data2\" content=\"7 minuti\" \/>\n<script type=\"application\/ld+json\" class=\"yoast-schema-graph\">{\"@context\":\"https:\/\/schema.org\",\"@graph\":[{\"@type\":\"Article\",\"@id\":\"https:\/\/www.teatrodomma.it\/?p=17967#article\",\"isPartOf\":{\"@id\":\"https:\/\/www.teatrodomma.it\/?p=17967\"},\"author\":{\"name\":\"Margherita De Donato\",\"@id\":\"https:\/\/www.teatrodomma.it\/#\/schema\/person\/8a1f09bf4c695307c8aef38d93aa0e84\"},\"headline\":\"MATTEO CIRILLO sale a bordo della CdS Theatre Academy con il suo laboratorio teatrale\",\"datePublished\":\"2023-09-09T20:30:00+00:00\",\"dateModified\":\"2025-03-18T10:37:57+00:00\",\"mainEntityOfPage\":{\"@id\":\"https:\/\/www.teatrodomma.it\/?p=17967\"},\"wordCount\":1181,\"publisher\":{\"@id\":\"https:\/\/www.teatrodomma.it\/#organization\"},\"image\":{\"@id\":\"https:\/\/www.teatrodomma.it\/?p=17967#primaryimage\"},\"thumbnailUrl\":\"https:\/\/www.teatrodomma.it\/wp-content\/uploads\/2023\/09\/Matteo-Cirillo_in-camerino-e1695805644524.jpg\",\"keywords\":[\"CdS Theatre Academy\",\"Internet sparito\",\"Matteo Cirillo\",\"Oggi sposo\"],\"articleSection\":[\"Compagni di Scena\",\"Interviste\"],\"inLanguage\":\"it-IT\"},{\"@type\":\"WebPage\",\"@id\":\"https:\/\/www.teatrodomma.it\/?p=17967\",\"url\":\"https:\/\/www.teatrodomma.it\/?p=17967\",\"name\":\"MATTEO CIRILLO sale a bordo della CdS Theatre Academy con il suo laboratorio teatrale - Teatro Domma\",\"isPartOf\":{\"@id\":\"https:\/\/www.teatrodomma.it\/#website\"},\"primaryImageOfPage\":{\"@id\":\"https:\/\/www.teatrodomma.it\/?p=17967#primaryimage\"},\"image\":{\"@id\":\"https:\/\/www.teatrodomma.it\/?p=17967#primaryimage\"},\"thumbnailUrl\":\"https:\/\/www.teatrodomma.it\/wp-content\/uploads\/2023\/09\/Matteo-Cirillo_in-camerino-e1695805644524.jpg\",\"datePublished\":\"2023-09-09T20:30:00+00:00\",\"dateModified\":\"2025-03-18T10:37:57+00:00\",\"breadcrumb\":{\"@id\":\"https:\/\/www.teatrodomma.it\/?p=17967#breadcrumb\"},\"inLanguage\":\"it-IT\",\"potentialAction\":[{\"@type\":\"ReadAction\",\"target\":[\"https:\/\/www.teatrodomma.it\/?p=17967\"]}]},{\"@type\":\"ImageObject\",\"inLanguage\":\"it-IT\",\"@id\":\"https:\/\/www.teatrodomma.it\/?p=17967#primaryimage\",\"url\":\"https:\/\/www.teatrodomma.it\/wp-content\/uploads\/2023\/09\/Matteo-Cirillo_in-camerino-e1695805644524.jpg\",\"contentUrl\":\"https:\/\/www.teatrodomma.it\/wp-content\/uploads\/2023\/09\/Matteo-Cirillo_in-camerino-e1695805644524.jpg\",\"width\":900,\"height\":900},{\"@type\":\"BreadcrumbList\",\"@id\":\"https:\/\/www.teatrodomma.it\/?p=17967#breadcrumb\",\"itemListElement\":[{\"@type\":\"ListItem\",\"position\":1,\"name\":\"Home\",\"item\":\"https:\/\/www.teatrodomma.it\/\"},{\"@type\":\"ListItem\",\"position\":2,\"name\":\"MATTEO CIRILLO sale a bordo della CdS Theatre Academy con il suo laboratorio teatrale\"}]},{\"@type\":\"WebSite\",\"@id\":\"https:\/\/www.teatrodomma.it\/#website\",\"url\":\"https:\/\/www.teatrodomma.it\/\",\"name\":\"Teatro Domma\",\"description\":\"\",\"publisher\":{\"@id\":\"https:\/\/www.teatrodomma.it\/#organization\"},\"potentialAction\":[{\"@type\":\"SearchAction\",\"target\":{\"@type\":\"EntryPoint\",\"urlTemplate\":\"https:\/\/www.teatrodomma.it\/?s={search_term_string}\"},\"query-input\":{\"@type\":\"PropertyValueSpecification\",\"valueRequired\":true,\"valueName\":\"search_term_string\"}}],\"inLanguage\":\"it-IT\"},{\"@type\":\"Organization\",\"@id\":\"https:\/\/www.teatrodomma.it\/#organization\",\"name\":\"Teatro Domma\",\"url\":\"https:\/\/www.teatrodomma.it\/\",\"logo\":{\"@type\":\"ImageObject\",\"inLanguage\":\"it-IT\",\"@id\":\"https:\/\/www.teatrodomma.it\/#\/schema\/logo\/image\/\",\"url\":\"https:\/\/www.teatrodomma.it\/wp-content\/uploads\/2025\/01\/LOGOICON-edited-2.png\",\"contentUrl\":\"https:\/\/www.teatrodomma.it\/wp-content\/uploads\/2025\/01\/LOGOICON-edited-2.png\",\"width\":510,\"height\":287,\"caption\":\"Teatro Domma\"},\"image\":{\"@id\":\"https:\/\/www.teatrodomma.it\/#\/schema\/logo\/image\/\"},\"sameAs\":[\"https:\/\/www.facebook.com\/p\/Teatro-Domma-61556981831878\/?locale=it_IT\",\"https:\/\/www.instagram.com\/teatro_domma\/\"]},{\"@type\":\"Person\",\"@id\":\"https:\/\/www.teatrodomma.it\/#\/schema\/person\/8a1f09bf4c695307c8aef38d93aa0e84\",\"name\":\"Margherita De Donato\",\"image\":{\"@type\":\"ImageObject\",\"inLanguage\":\"it-IT\",\"@id\":\"https:\/\/www.teatrodomma.it\/#\/schema\/person\/image\/\",\"url\":\"https:\/\/secure.gravatar.com\/avatar\/0fbebb2201a984022de9f07361f7fe88cb7fcefd6be5e33abf5559102ec20088?s=96&d=mm&r=g\",\"contentUrl\":\"https:\/\/secure.gravatar.com\/avatar\/0fbebb2201a984022de9f07361f7fe88cb7fcefd6be5e33abf5559102ec20088?s=96&d=mm&r=g\",\"caption\":\"Margherita De Donato\"},\"url\":\"https:\/\/www.teatrodomma.it\/?author=3\"}]}<\/script>\n<!-- \/ Yoast SEO plugin. -->","yoast_head_json":{"title":"MATTEO CIRILLO sale a bordo della CdS Theatre Academy con il suo laboratorio teatrale - Teatro Domma","robots":{"index":"index","follow":"follow","max-snippet":"max-snippet:-1","max-image-preview":"max-image-preview:large","max-video-preview":"max-video-preview:-1"},"canonical":"https:\/\/www.teatrodomma.it\/?p=17967","og_locale":"it_IT","og_type":"article","og_title":"MATTEO CIRILLO sale a bordo della CdS Theatre Academy con il suo laboratorio teatrale - Teatro Domma","og_description":"Attore, autore e regista romano, Matteo Cirillo \u00e8 stato applaudito dal pubblico del Teatro Domma nel suo emozionante monologo &#8220;Oggi Sposo&#8221; che ha chiuso la scorsa stagione teatrale. Entra a far parte del corpo docenti della CdS Theatre Academy nell&#8217;anno accademico 2023-2024, inaugurando un nuovo corso di prosa il gioved\u00ec in diverse fasce orarie a [&hellip;]","og_url":"https:\/\/www.teatrodomma.it\/?p=17967","og_site_name":"Teatro Domma","article_publisher":"https:\/\/www.facebook.com\/p\/Teatro-Domma-61556981831878\/?locale=it_IT","article_published_time":"2023-09-09T20:30:00+00:00","article_modified_time":"2025-03-18T10:37:57+00:00","og_image":[{"width":900,"height":900,"url":"http:\/\/www.teatrodomma.it\/wp-content\/uploads\/2023\/09\/Matteo-Cirillo_in-camerino-e1695805644524.jpg","type":"image\/jpeg"}],"author":"Margherita De Donato","twitter_card":"summary_large_image","twitter_misc":{"Scritto da":"Margherita De Donato","Tempo di lettura stimato":"7 minuti"},"schema":{"@context":"https:\/\/schema.org","@graph":[{"@type":"Article","@id":"https:\/\/www.teatrodomma.it\/?p=17967#article","isPartOf":{"@id":"https:\/\/www.teatrodomma.it\/?p=17967"},"author":{"name":"Margherita De Donato","@id":"https:\/\/www.teatrodomma.it\/#\/schema\/person\/8a1f09bf4c695307c8aef38d93aa0e84"},"headline":"MATTEO CIRILLO sale a bordo della CdS Theatre Academy con il suo laboratorio teatrale","datePublished":"2023-09-09T20:30:00+00:00","dateModified":"2025-03-18T10:37:57+00:00","mainEntityOfPage":{"@id":"https:\/\/www.teatrodomma.it\/?p=17967"},"wordCount":1181,"publisher":{"@id":"https:\/\/www.teatrodomma.it\/#organization"},"image":{"@id":"https:\/\/www.teatrodomma.it\/?p=17967#primaryimage"},"thumbnailUrl":"https:\/\/www.teatrodomma.it\/wp-content\/uploads\/2023\/09\/Matteo-Cirillo_in-camerino-e1695805644524.jpg","keywords":["CdS Theatre Academy","Internet sparito","Matteo Cirillo","Oggi sposo"],"articleSection":["Compagni di Scena","Interviste"],"inLanguage":"it-IT"},{"@type":"WebPage","@id":"https:\/\/www.teatrodomma.it\/?p=17967","url":"https:\/\/www.teatrodomma.it\/?p=17967","name":"MATTEO CIRILLO sale a bordo della CdS Theatre Academy con il suo laboratorio teatrale - Teatro Domma","isPartOf":{"@id":"https:\/\/www.teatrodomma.it\/#website"},"primaryImageOfPage":{"@id":"https:\/\/www.teatrodomma.it\/?p=17967#primaryimage"},"image":{"@id":"https:\/\/www.teatrodomma.it\/?p=17967#primaryimage"},"thumbnailUrl":"https:\/\/www.teatrodomma.it\/wp-content\/uploads\/2023\/09\/Matteo-Cirillo_in-camerino-e1695805644524.jpg","datePublished":"2023-09-09T20:30:00+00:00","dateModified":"2025-03-18T10:37:57+00:00","breadcrumb":{"@id":"https:\/\/www.teatrodomma.it\/?p=17967#breadcrumb"},"inLanguage":"it-IT","potentialAction":[{"@type":"ReadAction","target":["https:\/\/www.teatrodomma.it\/?p=17967"]}]},{"@type":"ImageObject","inLanguage":"it-IT","@id":"https:\/\/www.teatrodomma.it\/?p=17967#primaryimage","url":"https:\/\/www.teatrodomma.it\/wp-content\/uploads\/2023\/09\/Matteo-Cirillo_in-camerino-e1695805644524.jpg","contentUrl":"https:\/\/www.teatrodomma.it\/wp-content\/uploads\/2023\/09\/Matteo-Cirillo_in-camerino-e1695805644524.jpg","width":900,"height":900},{"@type":"BreadcrumbList","@id":"https:\/\/www.teatrodomma.it\/?p=17967#breadcrumb","itemListElement":[{"@type":"ListItem","position":1,"name":"Home","item":"https:\/\/www.teatrodomma.it\/"},{"@type":"ListItem","position":2,"name":"MATTEO CIRILLO sale a bordo della CdS Theatre Academy con il suo laboratorio teatrale"}]},{"@type":"WebSite","@id":"https:\/\/www.teatrodomma.it\/#website","url":"https:\/\/www.teatrodomma.it\/","name":"Teatro Domma","description":"","publisher":{"@id":"https:\/\/www.teatrodomma.it\/#organization"},"potentialAction":[{"@type":"SearchAction","target":{"@type":"EntryPoint","urlTemplate":"https:\/\/www.teatrodomma.it\/?s={search_term_string}"},"query-input":{"@type":"PropertyValueSpecification","valueRequired":true,"valueName":"search_term_string"}}],"inLanguage":"it-IT"},{"@type":"Organization","@id":"https:\/\/www.teatrodomma.it\/#organization","name":"Teatro Domma","url":"https:\/\/www.teatrodomma.it\/","logo":{"@type":"ImageObject","inLanguage":"it-IT","@id":"https:\/\/www.teatrodomma.it\/#\/schema\/logo\/image\/","url":"https:\/\/www.teatrodomma.it\/wp-content\/uploads\/2025\/01\/LOGOICON-edited-2.png","contentUrl":"https:\/\/www.teatrodomma.it\/wp-content\/uploads\/2025\/01\/LOGOICON-edited-2.png","width":510,"height":287,"caption":"Teatro Domma"},"image":{"@id":"https:\/\/www.teatrodomma.it\/#\/schema\/logo\/image\/"},"sameAs":["https:\/\/www.facebook.com\/p\/Teatro-Domma-61556981831878\/?locale=it_IT","https:\/\/www.instagram.com\/teatro_domma\/"]},{"@type":"Person","@id":"https:\/\/www.teatrodomma.it\/#\/schema\/person\/8a1f09bf4c695307c8aef38d93aa0e84","name":"Margherita De Donato","image":{"@type":"ImageObject","inLanguage":"it-IT","@id":"https:\/\/www.teatrodomma.it\/#\/schema\/person\/image\/","url":"https:\/\/secure.gravatar.com\/avatar\/0fbebb2201a984022de9f07361f7fe88cb7fcefd6be5e33abf5559102ec20088?s=96&d=mm&r=g","contentUrl":"https:\/\/secure.gravatar.com\/avatar\/0fbebb2201a984022de9f07361f7fe88cb7fcefd6be5e33abf5559102ec20088?s=96&d=mm&r=g","caption":"Margherita De Donato"},"url":"https:\/\/www.teatrodomma.it\/?author=3"}]}},"_links":{"self":[{"href":"https:\/\/www.teatrodomma.it\/index.php?rest_route=\/wp\/v2\/posts\/17967","targetHints":{"allow":["GET"]}}],"collection":[{"href":"https:\/\/www.teatrodomma.it\/index.php?rest_route=\/wp\/v2\/posts"}],"about":[{"href":"https:\/\/www.teatrodomma.it\/index.php?rest_route=\/wp\/v2\/types\/post"}],"author":[{"embeddable":true,"href":"https:\/\/www.teatrodomma.it\/index.php?rest_route=\/wp\/v2\/users\/3"}],"replies":[{"embeddable":true,"href":"https:\/\/www.teatrodomma.it\/index.php?rest_route=%2Fwp%2Fv2%2Fcomments&post=17967"}],"version-history":[{"count":4,"href":"https:\/\/www.teatrodomma.it\/index.php?rest_route=\/wp\/v2\/posts\/17967\/revisions"}],"predecessor-version":[{"id":31607,"href":"https:\/\/www.teatrodomma.it\/index.php?rest_route=\/wp\/v2\/posts\/17967\/revisions\/31607"}],"wp:featuredmedia":[{"embeddable":true,"href":"https:\/\/www.teatrodomma.it\/index.php?rest_route=\/wp\/v2\/media\/17987"}],"wp:attachment":[{"href":"https:\/\/www.teatrodomma.it\/index.php?rest_route=%2Fwp%2Fv2%2Fmedia&parent=17967"}],"wp:term":[{"taxonomy":"category","embeddable":true,"href":"https:\/\/www.teatrodomma.it\/index.php?rest_route=%2Fwp%2Fv2%2Fcategories&post=17967"},{"taxonomy":"post_tag","embeddable":true,"href":"https:\/\/www.teatrodomma.it\/index.php?rest_route=%2Fwp%2Fv2%2Ftags&post=17967"}],"curies":[{"name":"wp","href":"https:\/\/api.w.org\/{rel}","templated":true}]}}