{"id":19267,"date":"2023-09-25T16:30:00","date_gmt":"2023-09-25T14:30:00","guid":{"rendered":"https:\/\/www.teatrodomma.it\/?p=19267"},"modified":"2023-09-25T16:30:00","modified_gmt":"2023-09-25T14:30:00","slug":"e-al-fin-e-giunta-lora-della-mosca-di-e-con-augusto-zucchi","status":"publish","type":"post","link":"https:\/\/www.teatrodomma.it\/?p=19267","title":{"rendered":"E al fin \u00e8 giunta &#8220;L&#8217;ora della mosca&#8221; di e con Augusto Zucchi"},"content":{"rendered":"\n<p class=\"has-background-dark-background-color has-background\"><em>Il sipario aperto sulla scenografia, curata nei minimi dettagli da Danila Lovero, ha accolto<\/em> <em>il pubblico del Teatro Domma per la serale di sabato 14 ottobre.<\/em> <em>Si replica con la pomeridiana di domenica<\/em>.<\/p>\n\n\n\n<p><strong>Lo spettacolo ha avuto inizio con il prologo recitato da <a href=\"https:\/\/www.teatrodomma.it\/blog\/homepage\/antonella-formisano-introduce-lora-della-mosca\/\" target=\"_blank\" rel=\"noreferrer noopener\">Antonella Formisano<\/a><\/strong>, che ha introdotto con accento spagnolo l&#8217;epoca storica che fa da sfondo alla vicenda, interpretata con maestria da<strong>&nbsp;<a href=\"https:\/\/www.teatrodomma.it\/blog\/interviste\/buio-in-sala-e-di-scena-augusto-zucchi\/\" target=\"_blank\" rel=\"noreferrer noopener\">Augusto Zucchi<\/a><\/strong>, affiancato da <a href=\"https:\/\/www.teatrodomma.it\/blog\/interviste\/per-alessia-capua-scocca-lora-della-mosca\/\" target=\"_blank\" rel=\"noreferrer noopener\"><strong>Alessia<\/strong>&nbsp;<strong>Capua<\/strong><\/a>.<\/p>\n\n\n\n<p><strong>Argentina<\/strong>, <strong>1976<\/strong>:&nbsp;<strong>il generale Jorge Videla rovescia il debole governo di Isabelita Per\u00f2n&nbsp;e scatena le \u201csquadre della morte\u201d<\/strong>, militari e poliziotti che torturano ed uccidono i dissidenti,&nbsp;<strong>facendo scomparire 30.000 persone<\/strong>. Spesso i figli piccoli dei massacrati e &#8220;<strong><em>desaparecidos<\/em><\/strong>&#8221; vengono dati in adozione, a volte anche agli stessi militari.&nbsp;<b>Caduto il regime, le madri dei desaparecidos e nonne di quei piccoli, adottati e ignari della loro reale identit\u00e0, diventano famose per il loro quotidiano recarsi in <\/b><strong style=\"font-weight: bold;\">Plaza de Mayo<\/strong>, <strong>la piazza principale di Buenos Aires, per chiedere giustizia.&nbsp;Il nuovo governo<\/strong> nomina allora un corpo di polizia specializzato, affiancato da assistenti sociali e volontari, che <strong>individua <strong>molti di quei bambini, ormai cresciuti, <\/strong>e li toglie di forza ai loro genitori adottivi, un tempo <strong>complici<\/strong><\/strong> <strong>dei massacratori, per restituirli alle loro legittime famiglie.<\/strong><\/p>\n\n\n\n<p class=\"has-background-dark-background-color has-background\"><strong><strong>Un tema fortemente drammatico, affrontato con grande intensit\u00e0, ma anche con ironia e tratti di comicit\u00e0<\/strong><\/strong>.<\/p>\n\n\n\n<p><strong>Gli spettatori sono subito catturati e seguono in religioso silenzio l&#8217;intenso monologo di <em><a href=\"https:\/\/www.facebook.com\/zucchi.augusto\/\" target=\"_blank\" rel=\"noreferrer noopener\">Augusto Zucchi<\/a><\/em>,<\/strong> <strong>ispirato ai testi del drammaturgo nonch\u00e9 psichiatra<\/strong> <strong>argentino&nbsp;<strong>Eduardo Pavlovsky<\/strong> <\/strong>(Buenos Aires,&nbsp;10\/12\/1933&nbsp;\u2013&nbsp;04\/10\/2015)<em> &#8211; <em><a href=\"https:\/\/it.wikipedia.org\/wiki\/Eduardo_Pavlovsky\" target=\"_blank\" rel=\"noreferrer noopener\">qui<\/a><\/em> la sua storia<\/em>.<\/p>\n\n\n\n<p>Supportato dal gioco di luci e da una bella scelta di stacchi musicali, l&#8217;attore tiene il palco con l&#8217;abilit\u00e0 che soltanto un artista di grande mestiere sa fare. <strong>Da maestro, prende per mano e guida il pubblico nei meandri della storia e della mente del protagonista, svelando man mano l&#8217;intreccio teatrale molto vicino al genere noir.<\/strong> Veste i panni di un medico&nbsp;che,&nbsp;al tempo della dittatura militare in Argentina, veniva&nbsp;chiamato a firmare i certificati di morte dei prigionieri politici&nbsp;e che, durante una delle azioni,&nbsp;ha preso in adozione la figlia neonata di uno di loro,&nbsp;la quale &#8211; sette anni pi\u00f9 tardi &#8211; gli verr\u00e0 sottratta&nbsp;dalle autorit\u00e0 del nuovo regime. Sconvolto dal dolore per la separazione forzata, trascorso molto tempo si mette alla ricerca della figlia (un&#8217;<em><a href=\"https:\/\/www.facebook.com\/alessia.capua.3\" target=\"_blank\" rel=\"noreferrer noopener\"><strong>Alessia<\/strong>&nbsp;<strong>Capua<\/strong><\/a><\/em> partecipe con immedesimazione ed espressioni intense)&nbsp;e la individua nell&#8217;infermiera Julia Medina, che invita a casa sua con il pretesto di un colloquio di lavoro.&nbsp;Lei arriva all\u2019appuntamento, ignara della trappola-incubo costruita, tra digressioni e spietati fotogrammi di realt\u00e0, dalla follia disperata dell\u2019uomo.<\/p>\n\n\n\n<p><strong>Il torturatore non \u00e8 un mostro, non \u00e8 uno psicopatico, \u00e8 uno di noi, forse \u00e8 in noi, nella normalit\u00e0 di un buon padre di famiglia. E questo \u00e8 il dato sconvolgente.<\/strong><\/p>\n\n\n\n<figure class=\"wp-block-image size-large\"><img decoding=\"async\" src=\"https:\/\/www.teatrodomma.it\/wp-content\/uploads\/2023\/10\/L-ORA-DELLA-MOSCA_Augusto-Zucchi_in-scena-1024x768.jpg\" alt=\"\" class=\"wp-image-19271\"\/><figcaption><em><strong>Augusto Zucchi in una delle scene con cui prende  il via lo spettacolo (Foto di M. De Donato)<\/strong><\/em><\/figcaption><\/figure>\n\n\n\n<p class=\"has-text-align-center has-background-dark-background-color has-background\"><strong>In programma una tourn\u00e9e nazionale con tappe anche in Sicilia ed in Puglia<\/strong><\/p>\n\n\n\n<p>Per citare solo qualche piazza in cui lo spettacolo sar\u00e0 di scena, il 22 dicembre verr\u00e0 replicato a Rosolini (SR) e, dopo la pausa natalizia, a Palermo e provincia per poi raggiungere il Teatro Abeliano di Bari, dove il prossimo anno si concluder\u00e0 il tour.<\/p>\n\n\n\n<div class=\"wp-block-image\"><figure class=\"aligncenter size-large\"><img decoding=\"async\" src=\"https:\/\/www.teatrodomma.it\/wp-content\/uploads\/2023\/09\/L-Ora-della-Mosca_locandina-corretta-609x1024.jpg\" alt=\"\" class=\"wp-image-18299\"\/><\/figure><\/div>\n\n\n\n<p><\/p>\n\n\n\n<p class=\"has-text-align-center\"><strong><a href=\"https:\/\/www.teatrodomma.it\/blog\/interviste\/buio-in-sala-e-di-scena-augusto-zucchi\/\" target=\"_blank\" rel=\"noreferrer noopener\">La nostra scheda artistica su AUGUSTO ZUCCHI<\/a> \u2013&nbsp;<a href=\"https:\/\/www.facebook.com\/augustozucchi.official\" target=\"_blank\" rel=\"noreferrer noopener\">Facebook<\/a><\/strong> <strong>\u2013 <a href=\"https:\/\/www.instagram.com\/zucchiaugusto\/?hl=it\" target=\"_blank\" rel=\"noreferrer noopener\">Instagram<\/a> &#8211;&nbsp;<a href=\"https:\/\/accademiazucchi.com\/?fbclid=IwAR1TXoD4Y58KaIP9l3QzFz5uqhd8OWnOQC1RRIoZ9HP3UspcgLqkczU4378\" target=\"_blank\" rel=\"noreferrer noopener\">Showreel<\/a><\/strong> <strong>&#8211; <\/strong><em><strong><a href=\"https:\/\/www.facebook.com\/accademiazucchi?__tn__=-]K\" target=\"_blank\" rel=\"noreferrer noopener\">Accademia Zucchi \u2013 Professione Attore<\/a><\/strong><\/em><\/p>\n\n\n\n<p class=\"has-text-align-center\"><strong><a href=\"https:\/\/www.teatrodomma.it\/blog\/interviste\/per-alessia-capua-scocca-lora-della-mosca\/\" target=\"_blank\" rel=\"noreferrer noopener\">La nostra scheda su ALESSIA CAPUA<\/a><\/strong> <strong>\u2013&nbsp;<a href=\"https:\/\/www.facebook.com\/alessia.capua.3\" target=\"_blank\" rel=\"noreferrer noopener\">Facebook<\/a>&nbsp;\u2013&nbsp;<a href=\"https:\/\/www.instagram.com\/alessiacapua\/?hl=it\" target=\"_blank\" rel=\"noreferrer noopener\">Instagram<\/a><\/strong> <em><strong><strong><strong>\u2013<\/strong><\/strong> <\/strong><\/em><strong><a href=\"https:\/\/www.facebook.com\/AlessiaCapuaCounsellor\/\" target=\"_blank\" rel=\"noreferrer noopener\"><em>Counsellor teatrale<\/em><\/a><\/strong><\/p>\n\n\n\n<p class=\"has-text-align-center\"><strong><a href=\"https:\/\/www.teatrodomma.it\/blog\/homepage\/antonella-formisano-introduce-lora-della-mosca\/\" target=\"_blank\" rel=\"noreferrer noopener\">La nostra scheda su ANTONELLA FORMISANO<\/a> \u2013&nbsp;<a href=\"https:\/\/www.facebook.com\/antonellaformy1\" target=\"_blank\" rel=\"noreferrer noopener\">Facebook<\/a><\/strong>&nbsp;<strong><strong>\u2013<\/strong> <a href=\"https:\/\/www.instagram.com\/antonellaformy\/?hl=it\" target=\"_blank\" rel=\"noreferrer noopener\">Instagram<\/a><\/strong> <strong><strong>\u2013<\/strong>&nbsp;<em><a href=\"https:\/\/www.imdb.com\/name\/nm9993155\/\" target=\"_blank\" rel=\"noreferrer noopener\"><strong>profilo IMDb<\/strong><\/a>&nbsp;<\/em><\/strong><\/p>\n\n\n\n<p><em>Margherita De Donato<\/em><\/p>\n","protected":false},"excerpt":{"rendered":"<p>Il sipario aperto sulla scenografia, curata nei minimi dettagli da Danila Lovero, ha accolto il pubblico del Teatro Domma per la serale di sabato 14 ottobre. Si replica con la pomeridiana di domenica. Lo spettacolo ha avuto inizio con il prologo recitato da Antonella Formisano, che ha introdotto con accento spagnolo l&#8217;epoca storica che fa [&hellip;]<\/p>\n","protected":false},"author":3,"featured_media":19268,"comment_status":"closed","ping_status":"open","sticky":false,"template":"","format":"standard","meta":{"saved_in_kubio":false,"footnotes":""},"categories":[46,14],"tags":[379,380,381,394,369,251],"class_list":{"0":"post-19267","1":"post","2":"type-post","3":"status-publish","4":"format-standard","5":"has-post-thumbnail","6":"hentry","7":"category-homepage","8":"category-recensioni","9":"tag-alessia-capua","10":"tag-antonella-formisano","11":"tag-augusto-zucchi","12":"tag-l-ora-della-mosca","13":"tag-stagione-teatrale-2023-2024","14":"tag-teatro-domma","16":"post-with-thumbnail","17":"post-with-thumbnail-large"},"yoast_head":"<!-- This site is optimized with the Yoast SEO plugin v25.8 - https:\/\/yoast.com\/wordpress\/plugins\/seo\/ -->\n<title>E al fin \u00e8 giunta &quot;L&#039;ora della mosca&quot; di e con Augusto Zucchi - Teatro Domma<\/title>\n<meta name=\"robots\" content=\"index, follow, max-snippet:-1, max-image-preview:large, max-video-preview:-1\" \/>\n<link rel=\"canonical\" href=\"https:\/\/www.teatrodomma.it\/?p=19267\" \/>\n<meta property=\"og:locale\" content=\"it_IT\" \/>\n<meta property=\"og:type\" content=\"article\" \/>\n<meta property=\"og:title\" content=\"E al fin \u00e8 giunta &quot;L&#039;ora della mosca&quot; di e con Augusto Zucchi - Teatro Domma\" \/>\n<meta property=\"og:description\" content=\"Il sipario aperto sulla scenografia, curata nei minimi dettagli da Danila Lovero, ha accolto il pubblico del Teatro Domma per la serale di sabato 14 ottobre. Si replica con la pomeridiana di domenica. Lo spettacolo ha avuto inizio con il prologo recitato da Antonella Formisano, che ha introdotto con accento spagnolo l&#8217;epoca storica che fa [&hellip;]\" \/>\n<meta property=\"og:url\" content=\"https:\/\/www.teatrodomma.it\/?p=19267\" \/>\n<meta property=\"og:site_name\" content=\"Teatro Domma\" \/>\n<meta property=\"article:publisher\" content=\"https:\/\/www.facebook.com\/p\/Teatro-Domma-61556981831878\/?locale=it_IT\" \/>\n<meta property=\"article:published_time\" content=\"2023-09-25T14:30:00+00:00\" \/>\n<meta property=\"og:image\" content=\"https:\/\/www.teatrodomma.it\/wp-content\/uploads\/2023\/10\/L-ORA-DELLA-MOSCA_platea-e-scenografia-e1697374973773.jpg\" \/>\n\t<meta property=\"og:image:width\" content=\"900\" \/>\n\t<meta property=\"og:image:height\" content=\"675\" \/>\n\t<meta property=\"og:image:type\" content=\"image\/jpeg\" \/>\n<meta name=\"author\" content=\"Margherita De Donato\" \/>\n<meta name=\"twitter:card\" content=\"summary_large_image\" \/>\n<meta name=\"twitter:label1\" content=\"Scritto da\" \/>\n\t<meta name=\"twitter:data1\" content=\"Margherita De Donato\" \/>\n\t<meta name=\"twitter:label2\" content=\"Tempo di lettura stimato\" \/>\n\t<meta name=\"twitter:data2\" content=\"3 minuti\" \/>\n<script type=\"application\/ld+json\" class=\"yoast-schema-graph\">{\"@context\":\"https:\/\/schema.org\",\"@graph\":[{\"@type\":\"Article\",\"@id\":\"https:\/\/www.teatrodomma.it\/?p=19267#article\",\"isPartOf\":{\"@id\":\"https:\/\/www.teatrodomma.it\/?p=19267\"},\"author\":{\"name\":\"Margherita De Donato\",\"@id\":\"https:\/\/www.teatrodomma.it\/#\/schema\/person\/8a1f09bf4c695307c8aef38d93aa0e84\"},\"headline\":\"E al fin \u00e8 giunta &#8220;L&#8217;ora della mosca&#8221; di e con Augusto Zucchi\",\"datePublished\":\"2023-09-25T14:30:00+00:00\",\"mainEntityOfPage\":{\"@id\":\"https:\/\/www.teatrodomma.it\/?p=19267\"},\"wordCount\":617,\"publisher\":{\"@id\":\"https:\/\/www.teatrodomma.it\/#organization\"},\"image\":{\"@id\":\"https:\/\/www.teatrodomma.it\/?p=19267#primaryimage\"},\"thumbnailUrl\":\"https:\/\/www.teatrodomma.it\/wp-content\/uploads\/2023\/10\/L-ORA-DELLA-MOSCA_platea-e-scenografia-e1697374973773.jpg\",\"keywords\":[\"Alessia Capua\",\"antonella formisano\",\"Augusto Zucchi\",\"l ora della mosca\",\"Stagione teatrale 2023 2024\",\"teatro domma\"],\"articleSection\":[\"HomePage\",\"Recensioni\"],\"inLanguage\":\"it-IT\"},{\"@type\":\"WebPage\",\"@id\":\"https:\/\/www.teatrodomma.it\/?p=19267\",\"url\":\"https:\/\/www.teatrodomma.it\/?p=19267\",\"name\":\"E al fin \u00e8 giunta \\\"L'ora della mosca\\\" di e con Augusto Zucchi - Teatro Domma\",\"isPartOf\":{\"@id\":\"https:\/\/www.teatrodomma.it\/#website\"},\"primaryImageOfPage\":{\"@id\":\"https:\/\/www.teatrodomma.it\/?p=19267#primaryimage\"},\"image\":{\"@id\":\"https:\/\/www.teatrodomma.it\/?p=19267#primaryimage\"},\"thumbnailUrl\":\"https:\/\/www.teatrodomma.it\/wp-content\/uploads\/2023\/10\/L-ORA-DELLA-MOSCA_platea-e-scenografia-e1697374973773.jpg\",\"datePublished\":\"2023-09-25T14:30:00+00:00\",\"breadcrumb\":{\"@id\":\"https:\/\/www.teatrodomma.it\/?p=19267#breadcrumb\"},\"inLanguage\":\"it-IT\",\"potentialAction\":[{\"@type\":\"ReadAction\",\"target\":[\"https:\/\/www.teatrodomma.it\/?p=19267\"]}]},{\"@type\":\"ImageObject\",\"inLanguage\":\"it-IT\",\"@id\":\"https:\/\/www.teatrodomma.it\/?p=19267#primaryimage\",\"url\":\"https:\/\/www.teatrodomma.it\/wp-content\/uploads\/2023\/10\/L-ORA-DELLA-MOSCA_platea-e-scenografia-e1697374973773.jpg\",\"contentUrl\":\"https:\/\/www.teatrodomma.it\/wp-content\/uploads\/2023\/10\/L-ORA-DELLA-MOSCA_platea-e-scenografia-e1697374973773.jpg\",\"width\":900,\"height\":675},{\"@type\":\"BreadcrumbList\",\"@id\":\"https:\/\/www.teatrodomma.it\/?p=19267#breadcrumb\",\"itemListElement\":[{\"@type\":\"ListItem\",\"position\":1,\"name\":\"Home\",\"item\":\"https:\/\/www.teatrodomma.it\/\"},{\"@type\":\"ListItem\",\"position\":2,\"name\":\"E al fin \u00e8 giunta &#8220;L&#8217;ora della mosca&#8221; di e con Augusto Zucchi\"}]},{\"@type\":\"WebSite\",\"@id\":\"https:\/\/www.teatrodomma.it\/#website\",\"url\":\"https:\/\/www.teatrodomma.it\/\",\"name\":\"Teatro Domma\",\"description\":\"\",\"publisher\":{\"@id\":\"https:\/\/www.teatrodomma.it\/#organization\"},\"potentialAction\":[{\"@type\":\"SearchAction\",\"target\":{\"@type\":\"EntryPoint\",\"urlTemplate\":\"https:\/\/www.teatrodomma.it\/?s={search_term_string}\"},\"query-input\":{\"@type\":\"PropertyValueSpecification\",\"valueRequired\":true,\"valueName\":\"search_term_string\"}}],\"inLanguage\":\"it-IT\"},{\"@type\":\"Organization\",\"@id\":\"https:\/\/www.teatrodomma.it\/#organization\",\"name\":\"Teatro Domma\",\"url\":\"https:\/\/www.teatrodomma.it\/\",\"logo\":{\"@type\":\"ImageObject\",\"inLanguage\":\"it-IT\",\"@id\":\"https:\/\/www.teatrodomma.it\/#\/schema\/logo\/image\/\",\"url\":\"https:\/\/www.teatrodomma.it\/wp-content\/uploads\/2025\/01\/LOGOICON-edited-2.png\",\"contentUrl\":\"https:\/\/www.teatrodomma.it\/wp-content\/uploads\/2025\/01\/LOGOICON-edited-2.png\",\"width\":510,\"height\":287,\"caption\":\"Teatro Domma\"},\"image\":{\"@id\":\"https:\/\/www.teatrodomma.it\/#\/schema\/logo\/image\/\"},\"sameAs\":[\"https:\/\/www.facebook.com\/p\/Teatro-Domma-61556981831878\/?locale=it_IT\",\"https:\/\/www.instagram.com\/teatro_domma\/\"]},{\"@type\":\"Person\",\"@id\":\"https:\/\/www.teatrodomma.it\/#\/schema\/person\/8a1f09bf4c695307c8aef38d93aa0e84\",\"name\":\"Margherita De Donato\",\"image\":{\"@type\":\"ImageObject\",\"inLanguage\":\"it-IT\",\"@id\":\"https:\/\/www.teatrodomma.it\/#\/schema\/person\/image\/\",\"url\":\"https:\/\/secure.gravatar.com\/avatar\/0fbebb2201a984022de9f07361f7fe88cb7fcefd6be5e33abf5559102ec20088?s=96&d=mm&r=g\",\"contentUrl\":\"https:\/\/secure.gravatar.com\/avatar\/0fbebb2201a984022de9f07361f7fe88cb7fcefd6be5e33abf5559102ec20088?s=96&d=mm&r=g\",\"caption\":\"Margherita De Donato\"},\"url\":\"https:\/\/www.teatrodomma.it\/?author=3\"}]}<\/script>\n<!-- \/ Yoast SEO plugin. -->","yoast_head_json":{"title":"E al fin \u00e8 giunta \"L'ora della mosca\" di e con Augusto Zucchi - Teatro Domma","robots":{"index":"index","follow":"follow","max-snippet":"max-snippet:-1","max-image-preview":"max-image-preview:large","max-video-preview":"max-video-preview:-1"},"canonical":"https:\/\/www.teatrodomma.it\/?p=19267","og_locale":"it_IT","og_type":"article","og_title":"E al fin \u00e8 giunta \"L'ora della mosca\" di e con Augusto Zucchi - Teatro Domma","og_description":"Il sipario aperto sulla scenografia, curata nei minimi dettagli da Danila Lovero, ha accolto il pubblico del Teatro Domma per la serale di sabato 14 ottobre. Si replica con la pomeridiana di domenica. Lo spettacolo ha avuto inizio con il prologo recitato da Antonella Formisano, che ha introdotto con accento spagnolo l&#8217;epoca storica che fa [&hellip;]","og_url":"https:\/\/www.teatrodomma.it\/?p=19267","og_site_name":"Teatro Domma","article_publisher":"https:\/\/www.facebook.com\/p\/Teatro-Domma-61556981831878\/?locale=it_IT","article_published_time":"2023-09-25T14:30:00+00:00","og_image":[{"width":900,"height":675,"url":"https:\/\/www.teatrodomma.it\/wp-content\/uploads\/2023\/10\/L-ORA-DELLA-MOSCA_platea-e-scenografia-e1697374973773.jpg","type":"image\/jpeg"}],"author":"Margherita De Donato","twitter_card":"summary_large_image","twitter_misc":{"Scritto da":"Margherita De Donato","Tempo di lettura stimato":"3 minuti"},"schema":{"@context":"https:\/\/schema.org","@graph":[{"@type":"Article","@id":"https:\/\/www.teatrodomma.it\/?p=19267#article","isPartOf":{"@id":"https:\/\/www.teatrodomma.it\/?p=19267"},"author":{"name":"Margherita De Donato","@id":"https:\/\/www.teatrodomma.it\/#\/schema\/person\/8a1f09bf4c695307c8aef38d93aa0e84"},"headline":"E al fin \u00e8 giunta &#8220;L&#8217;ora della mosca&#8221; di e con Augusto Zucchi","datePublished":"2023-09-25T14:30:00+00:00","mainEntityOfPage":{"@id":"https:\/\/www.teatrodomma.it\/?p=19267"},"wordCount":617,"publisher":{"@id":"https:\/\/www.teatrodomma.it\/#organization"},"image":{"@id":"https:\/\/www.teatrodomma.it\/?p=19267#primaryimage"},"thumbnailUrl":"https:\/\/www.teatrodomma.it\/wp-content\/uploads\/2023\/10\/L-ORA-DELLA-MOSCA_platea-e-scenografia-e1697374973773.jpg","keywords":["Alessia Capua","antonella formisano","Augusto Zucchi","l ora della mosca","Stagione teatrale 2023 2024","teatro domma"],"articleSection":["HomePage","Recensioni"],"inLanguage":"it-IT"},{"@type":"WebPage","@id":"https:\/\/www.teatrodomma.it\/?p=19267","url":"https:\/\/www.teatrodomma.it\/?p=19267","name":"E al fin \u00e8 giunta \"L'ora della mosca\" di e con Augusto Zucchi - Teatro Domma","isPartOf":{"@id":"https:\/\/www.teatrodomma.it\/#website"},"primaryImageOfPage":{"@id":"https:\/\/www.teatrodomma.it\/?p=19267#primaryimage"},"image":{"@id":"https:\/\/www.teatrodomma.it\/?p=19267#primaryimage"},"thumbnailUrl":"https:\/\/www.teatrodomma.it\/wp-content\/uploads\/2023\/10\/L-ORA-DELLA-MOSCA_platea-e-scenografia-e1697374973773.jpg","datePublished":"2023-09-25T14:30:00+00:00","breadcrumb":{"@id":"https:\/\/www.teatrodomma.it\/?p=19267#breadcrumb"},"inLanguage":"it-IT","potentialAction":[{"@type":"ReadAction","target":["https:\/\/www.teatrodomma.it\/?p=19267"]}]},{"@type":"ImageObject","inLanguage":"it-IT","@id":"https:\/\/www.teatrodomma.it\/?p=19267#primaryimage","url":"https:\/\/www.teatrodomma.it\/wp-content\/uploads\/2023\/10\/L-ORA-DELLA-MOSCA_platea-e-scenografia-e1697374973773.jpg","contentUrl":"https:\/\/www.teatrodomma.it\/wp-content\/uploads\/2023\/10\/L-ORA-DELLA-MOSCA_platea-e-scenografia-e1697374973773.jpg","width":900,"height":675},{"@type":"BreadcrumbList","@id":"https:\/\/www.teatrodomma.it\/?p=19267#breadcrumb","itemListElement":[{"@type":"ListItem","position":1,"name":"Home","item":"https:\/\/www.teatrodomma.it\/"},{"@type":"ListItem","position":2,"name":"E al fin \u00e8 giunta &#8220;L&#8217;ora della mosca&#8221; di e con Augusto Zucchi"}]},{"@type":"WebSite","@id":"https:\/\/www.teatrodomma.it\/#website","url":"https:\/\/www.teatrodomma.it\/","name":"Teatro Domma","description":"","publisher":{"@id":"https:\/\/www.teatrodomma.it\/#organization"},"potentialAction":[{"@type":"SearchAction","target":{"@type":"EntryPoint","urlTemplate":"https:\/\/www.teatrodomma.it\/?s={search_term_string}"},"query-input":{"@type":"PropertyValueSpecification","valueRequired":true,"valueName":"search_term_string"}}],"inLanguage":"it-IT"},{"@type":"Organization","@id":"https:\/\/www.teatrodomma.it\/#organization","name":"Teatro Domma","url":"https:\/\/www.teatrodomma.it\/","logo":{"@type":"ImageObject","inLanguage":"it-IT","@id":"https:\/\/www.teatrodomma.it\/#\/schema\/logo\/image\/","url":"https:\/\/www.teatrodomma.it\/wp-content\/uploads\/2025\/01\/LOGOICON-edited-2.png","contentUrl":"https:\/\/www.teatrodomma.it\/wp-content\/uploads\/2025\/01\/LOGOICON-edited-2.png","width":510,"height":287,"caption":"Teatro Domma"},"image":{"@id":"https:\/\/www.teatrodomma.it\/#\/schema\/logo\/image\/"},"sameAs":["https:\/\/www.facebook.com\/p\/Teatro-Domma-61556981831878\/?locale=it_IT","https:\/\/www.instagram.com\/teatro_domma\/"]},{"@type":"Person","@id":"https:\/\/www.teatrodomma.it\/#\/schema\/person\/8a1f09bf4c695307c8aef38d93aa0e84","name":"Margherita De Donato","image":{"@type":"ImageObject","inLanguage":"it-IT","@id":"https:\/\/www.teatrodomma.it\/#\/schema\/person\/image\/","url":"https:\/\/secure.gravatar.com\/avatar\/0fbebb2201a984022de9f07361f7fe88cb7fcefd6be5e33abf5559102ec20088?s=96&d=mm&r=g","contentUrl":"https:\/\/secure.gravatar.com\/avatar\/0fbebb2201a984022de9f07361f7fe88cb7fcefd6be5e33abf5559102ec20088?s=96&d=mm&r=g","caption":"Margherita De Donato"},"url":"https:\/\/www.teatrodomma.it\/?author=3"}]}},"_links":{"self":[{"href":"https:\/\/www.teatrodomma.it\/index.php?rest_route=\/wp\/v2\/posts\/19267","targetHints":{"allow":["GET"]}}],"collection":[{"href":"https:\/\/www.teatrodomma.it\/index.php?rest_route=\/wp\/v2\/posts"}],"about":[{"href":"https:\/\/www.teatrodomma.it\/index.php?rest_route=\/wp\/v2\/types\/post"}],"author":[{"embeddable":true,"href":"https:\/\/www.teatrodomma.it\/index.php?rest_route=\/wp\/v2\/users\/3"}],"replies":[{"embeddable":true,"href":"https:\/\/www.teatrodomma.it\/index.php?rest_route=%2Fwp%2Fv2%2Fcomments&post=19267"}],"version-history":[{"count":0,"href":"https:\/\/www.teatrodomma.it\/index.php?rest_route=\/wp\/v2\/posts\/19267\/revisions"}],"wp:featuredmedia":[{"embeddable":true,"href":"https:\/\/www.teatrodomma.it\/index.php?rest_route=\/wp\/v2\/media\/19268"}],"wp:attachment":[{"href":"https:\/\/www.teatrodomma.it\/index.php?rest_route=%2Fwp%2Fv2%2Fmedia&parent=19267"}],"wp:term":[{"taxonomy":"category","embeddable":true,"href":"https:\/\/www.teatrodomma.it\/index.php?rest_route=%2Fwp%2Fv2%2Fcategories&post=19267"},{"taxonomy":"post_tag","embeddable":true,"href":"https:\/\/www.teatrodomma.it\/index.php?rest_route=%2Fwp%2Fv2%2Ftags&post=19267"}],"curies":[{"name":"wp","href":"https:\/\/api.w.org\/{rel}","templated":true}]}}