{"id":19408,"date":"2023-09-26T08:30:00","date_gmt":"2023-09-26T06:30:00","guid":{"rendered":"https:\/\/www.teatrodomma.it\/?p=19408"},"modified":"2023-09-26T08:30:00","modified_gmt":"2023-09-26T06:30:00","slug":"concerto-omaggio-a-gian-carlo-menotti-in-sostituzione-del-musical-be-more-chill","status":"publish","type":"post","link":"https:\/\/www.teatrodomma.it\/?p=19408","title":{"rendered":"18-19 novembre: Concerto &#8220;Omaggio a Gian Carlo Menotti&#8221; in sostituzione del musical &#8220;Be more chill&#8221;"},"content":{"rendered":"\n<p class=\"has-background-dark-background-color has-background\"><em>Il Direttore artistico della CdS Academy, Daniele Adriani, informa il gentile pubblico del Teatro Domma che purtroppo il musical &#8220;Be more chill&#8221; <em>previsto a novembre<\/em><\/em> <em>non potr\u00e0 andare in scena <em>per motivi tecnici<\/em>.<\/em><\/p>\n\n\n\n<p><strong>Sar\u00e0 sostituito dal Concerto OMAGGIO A GIAN CARLO MENOTTI<\/strong> &#8211; il noto compositore e librettista lombardo &#8211;<strong> in cui verranno rappresentate l&#8217;opera comica <em><a href=\"https:\/\/it.wikipedia.org\/wiki\/The_Telephone,_or_L%27Amour_%C3%A0_trois\" target=\"_blank\" rel=\"noreferrer noopener\">\u201cIl telefono\u201d<\/a><\/em><\/strong> <strong>e<\/strong> <strong>l&#8217;opera buffa<\/strong> <strong><em><a href=\"https:\/\/it.wikipedia.org\/wiki\/Amelia_al_ballo\" target=\"_blank\" rel=\"noreferrer noopener\">\u201cAmelia al ballo\u201d<\/a><\/em><\/strong>, che continua la tradizione del verismo&nbsp;italiano, seppur con influenze melodiche&nbsp;pucciniane.<\/p>\n\n\n\n<p><strong>Entrambe le Opere sono di un atto, per la messa in scena di <a href=\"https:\/\/www.instagram.com\/guerra_giorgia2019\/?hl=it\" target=\"_blank\" rel=\"noreferrer noopener\">Giorgia Guerra<\/a>.<\/strong> Nel cast artistico che le interpreter\u00e0 figura anche lo stesso <strong><em><a href=\"https:\/\/www.teatrodomma.it\/blog\/homepage\/daniele-adriani-nel-concerto-omaggio-a-gian-carlo-menotti\/\" target=\"_blank\" rel=\"noreferrer noopener\">Daniele Adriani<\/a><\/em> <\/strong>(<em>baritono<\/em> e maestro di canto della CdS Academy) nei ruoli del marito di Amelia ed in quello di Ben, il protagonista maschile de <em>&#8220;Il telefono&#8221;<\/em>, opera con soltanto due personaggi.<\/p>\n\n\n\n<p><strong>VOCI SOLISTE:<\/strong><em> <strong><a href=\"https:\/\/www.teatrodomma.it\/blog\/compagni-di-scena\/sabrina-cortese-rende-omaggio-al-compositore-gian-carlo-menotti\/\" target=\"_blank\" rel=\"noreferrer noopener\">Sabrina Cortese<\/a> <\/strong><\/em>(<em>soprano<\/em> protagonista delle due opere, nei panni rispettivamente di Lucy e di Amelia); il <em>tenore<\/em> <a href=\"https:\/\/www.teatrodomma.it\/blog\/compagni-di-scena\/federico-vita-va-al-ballo-nellopera-buffa-di-gian-carlo-menotti\/\" target=\"_blank\" rel=\"noreferrer noopener\"><strong><em>Federico Vit<\/em>a<\/strong> <\/a>(nella parte dell&#8217;amante di Amelia); il <em>basso<\/em><a href=\"https:\/\/www.teatrodomma.it\/blog\/compagni-di-scena\/carlo-alberto-gioja-interviene-in-amelia-al-ballo\/\" target=\"_blank\" rel=\"noreferrer noopener\"> <strong><em>Carlo Alberto Gioja<\/em><\/strong><\/a><strong> <\/strong>(nel ruolo del capo della Polizia); <strong><em><a href=\"https:\/\/www.teatrodomma.it\/blog\/compagni-di-scena\/martina-giannattasio-in-amelia-al-ballo-di-gian-carlo-menotti\/\" target=\"_blank\" rel=\"noreferrer noopener\">Martina Giannattasio<\/a><\/em> <\/strong>(<em>mezzosoprano<\/em>, nelle vesti dell&#8217;amica di Amelia); <em><strong><a href=\"https:\/\/www.teatrodomma.it\/blog\/compagni-di-scena\/camilla-console-serve-ad-amelia-per-andare-al-ballo\/\" target=\"_blank\" rel=\"noreferrer noopener\">Camilla Console<\/a><\/strong><\/em> e <em><strong><a href=\"https:\/\/www.facebook.com\/giulia.ferraldeschi\/?locale=it_IT\" target=\"_blank\" rel=\"noreferrer noopener\">Giulia Ferraldeschi<\/a><\/strong> <\/em>(ambedue <em>soprano<\/em>, nel ruolo delle cameriere). Le opere verranno eseguite in lingua italiana. <strong>AL PIANOFORTE il M\u00b0<\/strong> <strong><em>Kim Mi Hee<\/em><\/strong>, mentre <strong>il M\u00b0<em> <\/em><\/strong><a href=\"https:\/\/www.mondomusica.info\/andrea-rossi\/\" target=\"_blank\" rel=\"noreferrer noopener\"><em><strong>Andrea Rossi<\/strong><\/em> <\/a>diriger\u00e0 <strong>il<\/strong> <strong><a href=\"https:\/\/www.italiacori.it\/coro-vox-art-roma\" target=\"_blank\" rel=\"noreferrer noopener\">CORO Vox Art<\/a><\/strong>, che commenter\u00e0 il finale dell&#8217;opera buffa, cantando <em>&#8220;se una donna vuole andare al ballo, al ballo andr\u00e0&#8221;.<\/em><\/p>\n\n\n\n<p class=\"has-text-align-center has-background-dark-background-color has-background\"><strong>Le rappresentazioni si terranno sabato 18\/11 (h 21:00) e il 19\/11\/2023 (h 17:00)<\/strong><\/p>\n\n\n\n<p class=\"has-background-dark-background-color has-background\">Tutti coloro che hanno acquistato i biglietti per il musical cancellato sono invitati a <strong>contattare la segreteria (cell. 3286077138) a partire da luned\u00ec 23 ottobre per ri-prenotare i biglietti nella data desiderata tra le due disponibili.&nbsp;<\/strong>Grazie!<\/p>\n\n\n\n<div class=\"wp-block-image\"><figure class=\"aligncenter size-large\"><img decoding=\"async\" src=\"https:\/\/www.teatrodomma.it\/wp-content\/uploads\/2020\/05\/cds-daniele-adriani-tenore-1-683x1024.jpg\" alt=\"\" class=\"wp-image-933\"\/><figcaption><strong><em>Daniele Adriani<\/em><\/strong><\/figcaption><\/figure><\/div>\n\n\n\n<p class=\"has-text-align-center\"><em><a href=\"https:\/\/www.teatrodomma.it\/blog\/compagni-di-scena\/un-do-di-pettodi-daniele-adriani\/\" target=\"_blank\" rel=\"noreferrer noopener\">Nostra intervista a Daniele Adriani (maggio 2020)<\/a><\/em><\/p>\n\n\n\n<p class=\"has-background-dark-background-color has-background\"><strong>GIAN CARLO MENOTTI &#8211; Cadegliano Viconago (VA),&nbsp;07\/07\/1911&nbsp;\u2013&nbsp;Monte Carlo,&nbsp;01\/02\/2007, ma per sua volont\u00e0 \u00e8 sepolto a&nbsp;Gifford in Scozia. <\/strong>Cominci\u00f2 a scrivere canzoni all&#8217;et\u00e0 di sette anni; a 11 anni scrisse sia il&nbsp;libretto&nbsp;sia la&nbsp;musica&nbsp;\u2013 secondo una prassi che avrebbe seguito per tutta la vita \u2013 per la sua prima&nbsp;opera,&nbsp;<em>&#8220;La morte di Pierrot&#8221;<\/em>. Nel 1923 si iscrisse al&nbsp;Conservatorio Verdi&nbsp;di&nbsp;Milano&nbsp;<strong> Dopo la morte del padre, su consiglio di&nbsp;Arturo Toscanini, nel 1927 Menotti si trasfer\u00ec con la madre negli&nbsp;Stati Uniti&nbsp;per iscriversi al&nbsp;Curtis Institute of Music&nbsp;di&nbsp;Philadelphia.<\/strong> <strong>Frequent\u00f2 la classe di&nbsp;composizione&nbsp;di&nbsp;Rosario Scalero, insieme a&nbsp;Leonard Bernstein&nbsp;e&nbsp;Samuel Barber.<\/strong> Con quest&#8217;ultimo, a lungo suo compagno anche nella vita, lavor\u00f2 a diverse opere, scrivendo anche il libretto per l&#8217;opera pi\u00f9 famosa di Barber,&nbsp;<em>Vanessa<\/em>, che debutt\u00f2 nel 1958 presso il&nbsp;Metropolitan Opera e che vinse il Premio Pulitzer. <strong>Fu al Curtis Institute che Menotti compose la sua prima opera matura,&nbsp;<em>Amelia al ballo<\/em>, su proprio testo in&nbsp;lingua italiana.<\/strong>&nbsp;La sua prima opera di lunga durata fu&nbsp;<strong><em>The Consul<\/em>&nbsp;(Il console)<\/strong>, che debutt\u00f2 nel 1950 e con la quale <strong>vinse il&nbsp;Premio Pulitzer&nbsp;per la musica e il premio della critica del&nbsp;New York Drama Circle&nbsp;per la migliore opera musicale<\/strong>, quest&#8217;ultimo riconoscimento nel 1954.&nbsp;Tre anni prima, nel 1951, Menotti aveva scritto la sua pregevole opera natalizia&nbsp;<em><strong>Amahl and the Night Visitors<\/strong><\/em>&nbsp;per l&#8217;Hallmark Hall of Fame. Il Pulitzer poteva essere attribuito solamente a cittadini statunitensi e quindi si present\u00f2 il problema della cittadinanza. Gli chiesero di cambiarla, ma lui si oppose. Allora fu trovato un&nbsp;<em>escamotage<\/em>: diventare cittadino statunitense solo per un giorno e in questo modo gli fu consegnato il Premio. <strong>N<strong>el&nbsp;1958<\/strong><\/strong> <strong>fu il fondatore&nbsp;del&nbsp;Festival dei Due Mondi&nbsp;a Spoleto<\/strong>, un genere di kermesse artistico-culturale allora pressoch\u00e9 inesistente in Italia, con il quale intese creare un terreno di contatto fra il mondo artistico europeo e quello americano.<strong> Il Festival, di cui per cinquant&#8217;anni, fino alla sua morte, Menotti \u00e8 stato indiscusso conduttore, \u00e8 presto divenuto una delle pi\u00f9 importanti manifestazioni culturali europee<\/strong>, spaziando in tutte le forme artistiche &#8211; dall&#8217;opera lirica alla prosa, dal balletto alle arti figurative, dalla musica classica e moderna al cinema &#8211; <strong>e diede vita a partire dagli&nbsp;Anni Settanta&nbsp;alle manifestazioni &#8220;gemelle&#8221; <strong>a&nbsp;Melbourne&nbsp;(Australia)<\/strong> e <em>lo&nbsp;Spoleto Festival USA<\/em> a Charleston (Carolina del Sud).<\/strong> Menotti lasci\u00f2 la conduzione del festival statunitense nel 1993 per prendere la conduzione dell&#8217;Opera di Roma. I suoi lavori di maggior successo furono scritti negli&nbsp;Anni Quaranta&nbsp;e&nbsp;Cinquanta. Oltre a scrivere i libretti delle sue opere, per le quali ha scelto personalmente i soggetti, Menotti diresse come regista la maggior parte della sua produzione teatrale. <strong>La sua abitazione a Spoleto, situata in piazza del&nbsp;Duomo<\/strong>, \u00e8 stata acquistata dalla&nbsp;Fondazione&nbsp;Monini&nbsp;nel 2010, ed <strong>\u00e8 diventata sede del&nbsp;<\/strong><em><strong>Centro di Documentazione del&nbsp;Festival dei Due Mondi<\/strong><\/em>: <strong>un piccolo museo denominato&nbsp;Casa Menotti&nbsp;<\/strong>di circa 160&nbsp;m\u00b2&nbsp;inaugurato nel giugno 2011 e gestito dalla Fondazione Monini in stretta collaborazione con il <strong>Comune di Spoleto <\/strong>e con la Fondazione Festival dei Due Mondi. Inoltre l&#8217;amministrazione <strong>gli ha dedicato il maggiore teatro cittadino, il&nbsp;Teatro Nuovo Gian Carlo Menotti.<\/strong> <em><a href=\"https:\/\/it.wikipedia.org\/wiki\/Gian_Carlo_Menotti\" target=\"_blank\" rel=\"noreferrer noopener\">(Fonte: Wikipedia)<\/a><\/em><\/p>\n\n\n\n<p>In <strong><em>&#8220;AMELIA AL BALLO&#8221; <\/em>(1937)<\/strong> sono gi\u00e0 individuabili i caratteri di un linguaggio che trover\u00e0 compiuta espressione nella produzione successiva di Gian Carlo Menotti: una inventiva melodica di immediata comunicabilit\u00e0; una scaltra scrittura musicale, ecletticamente improntata a moduli operistici ottocenteschi e pucciniani; la conoscenza dei meccanismi del mestiere teatrale, che si coglie sia nella scelta dei soggetti, generalmente legati all&#8217;attualit\u00e0, sia nell&#8217;elaborazione dei libretti, dovuta al M. stesso. <\/p>\n\n\n\n<p><strong>SINTESI DELL&#8217;OPERA COMICA<\/strong> <em>&#8220;<strong>IL TELEFONO, o l&#8217;amore a tre<\/strong>&#8220;<\/em>&nbsp;(<em>The Telephone, or L&#8217;Amour \u00e0 trois<\/em>) <strong>del 1947<\/strong>.&nbsp;Ben fa visita a Lucy nel suo appartamento, portando con s\u00e9 un regalo: vuole chiederle la mano, prima di partire per un viaggio. Nonostante i numerosi tentativi di &#8220;proposta&#8221;, Lucy sar\u00e0 sempre occupata in interminabili conversazioni al telefono, ignorando quasi del tutto Ben. Quando Lucy lascia la stanza, Ben cerca senza successo di tagliare il cavo del telefono. Rassegnato e preoccupato di perdere il treno, Ben parte senza chiedere a Lucy di sposarlo. Ma prima di partire fa un ultimo tentativo: chiama Lucy da una cabina telefonica e le fa la sua proposta di matrimonio. Lucy acconsente e i due si uniscono in un romantico duetto telefonico nel quale la giovane si assicurer\u00e0 che il suo amato abbia segnato per bene il suo numero di telefono&#8230;<\/p>\n\n\n\n<p><em>Margherita De Donato<\/em><\/p>\n","protected":false},"excerpt":{"rendered":"<p>Il Direttore artistico della CdS Academy, Daniele Adriani, informa il gentile pubblico del Teatro Domma che purtroppo il musical &#8220;Be more chill&#8221; previsto a novembre non potr\u00e0 andare in scena per motivi tecnici. Sar\u00e0 sostituito dal Concerto OMAGGIO A GIAN CARLO MENOTTI &#8211; il noto compositore e librettista lombardo &#8211; in cui verranno rappresentate l&#8217;opera [&hellip;]<\/p>\n","protected":false},"author":3,"featured_media":19545,"comment_status":"closed","ping_status":"open","sticky":false,"template":"","format":"standard","meta":{"saved_in_kubio":false,"footnotes":""},"categories":[33,14],"tags":[395,396,85,397],"class_list":{"0":"post-19408","1":"post","2":"type-post","3":"status-publish","4":"format-standard","5":"has-post-thumbnail","6":"hentry","7":"category-compagni-di-scena","8":"category-recensioni","9":"tag-amelia-al-ballo","10":"tag-concerto-omaggio-a-gian-carlo-menotti","11":"tag-daniele-adriani","12":"tag-il-telefono","14":"post-with-thumbnail","15":"post-with-thumbnail-large"},"yoast_head":"<!-- This site is optimized with the Yoast SEO plugin v25.8 - https:\/\/yoast.com\/wordpress\/plugins\/seo\/ -->\n<title>18-19 novembre: Concerto &quot;Omaggio a Gian Carlo Menotti&quot; in sostituzione del musical &quot;Be more chill&quot; - Teatro Domma<\/title>\n<meta name=\"robots\" content=\"index, follow, max-snippet:-1, max-image-preview:large, max-video-preview:-1\" \/>\n<link rel=\"canonical\" href=\"https:\/\/www.teatrodomma.it\/?p=19408\" \/>\n<meta property=\"og:locale\" content=\"it_IT\" \/>\n<meta property=\"og:type\" content=\"article\" \/>\n<meta property=\"og:title\" content=\"18-19 novembre: Concerto &quot;Omaggio a Gian Carlo Menotti&quot; in sostituzione del musical &quot;Be more chill&quot; - Teatro Domma\" \/>\n<meta property=\"og:description\" content=\"Il Direttore artistico della CdS Academy, Daniele Adriani, informa il gentile pubblico del Teatro Domma che purtroppo il musical &#8220;Be more chill&#8221; previsto a novembre non potr\u00e0 andare in scena per motivi tecnici. Sar\u00e0 sostituito dal Concerto OMAGGIO A GIAN CARLO MENOTTI &#8211; il noto compositore e librettista lombardo &#8211; in cui verranno rappresentate l&#8217;opera [&hellip;]\" \/>\n<meta property=\"og:url\" content=\"https:\/\/www.teatrodomma.it\/?p=19408\" \/>\n<meta property=\"og:site_name\" content=\"Teatro Domma\" \/>\n<meta property=\"article:publisher\" content=\"https:\/\/www.facebook.com\/p\/Teatro-Domma-61556981831878\/?locale=it_IT\" \/>\n<meta property=\"article:published_time\" content=\"2023-09-26T06:30:00+00:00\" \/>\n<meta property=\"og:image\" content=\"https:\/\/www.teatrodomma.it\/wp-content\/uploads\/2023\/09\/Omaggio-a-Gian-Carlo-Menotti_locandina-e1697840290393.jpg\" \/>\n\t<meta property=\"og:image:width\" content=\"900\" \/>\n\t<meta property=\"og:image:height\" content=\"1200\" \/>\n\t<meta property=\"og:image:type\" content=\"image\/jpeg\" \/>\n<meta name=\"author\" content=\"Margherita De Donato\" \/>\n<meta name=\"twitter:card\" content=\"summary_large_image\" \/>\n<meta name=\"twitter:label1\" content=\"Scritto da\" \/>\n\t<meta name=\"twitter:data1\" content=\"Margherita De Donato\" \/>\n\t<meta name=\"twitter:label2\" content=\"Tempo di lettura stimato\" \/>\n\t<meta name=\"twitter:data2\" content=\"5 minuti\" \/>\n<script type=\"application\/ld+json\" class=\"yoast-schema-graph\">{\"@context\":\"https:\/\/schema.org\",\"@graph\":[{\"@type\":\"Article\",\"@id\":\"https:\/\/www.teatrodomma.it\/?p=19408#article\",\"isPartOf\":{\"@id\":\"https:\/\/www.teatrodomma.it\/?p=19408\"},\"author\":{\"name\":\"Margherita De Donato\",\"@id\":\"https:\/\/www.teatrodomma.it\/#\/schema\/person\/8a1f09bf4c695307c8aef38d93aa0e84\"},\"headline\":\"18-19 novembre: Concerto &#8220;Omaggio a Gian Carlo Menotti&#8221; in sostituzione del musical &#8220;Be more chill&#8221;\",\"datePublished\":\"2023-09-26T06:30:00+00:00\",\"mainEntityOfPage\":{\"@id\":\"https:\/\/www.teatrodomma.it\/?p=19408\"},\"wordCount\":1115,\"publisher\":{\"@id\":\"https:\/\/www.teatrodomma.it\/#organization\"},\"image\":{\"@id\":\"https:\/\/www.teatrodomma.it\/?p=19408#primaryimage\"},\"thumbnailUrl\":\"https:\/\/www.teatrodomma.it\/wp-content\/uploads\/2023\/09\/Omaggio-a-Gian-Carlo-Menotti_locandina-e1697840290393.jpg\",\"keywords\":[\"Amelia al ballo\",\"concerto omaggio a Gian Carlo Menotti\",\"Daniele Adriani\",\"Il telefono\"],\"articleSection\":[\"Compagni di Scena\",\"Recensioni\"],\"inLanguage\":\"it-IT\"},{\"@type\":\"WebPage\",\"@id\":\"https:\/\/www.teatrodomma.it\/?p=19408\",\"url\":\"https:\/\/www.teatrodomma.it\/?p=19408\",\"name\":\"18-19 novembre: Concerto \\\"Omaggio a Gian Carlo Menotti\\\" in sostituzione del musical \\\"Be more chill\\\" - Teatro Domma\",\"isPartOf\":{\"@id\":\"https:\/\/www.teatrodomma.it\/#website\"},\"primaryImageOfPage\":{\"@id\":\"https:\/\/www.teatrodomma.it\/?p=19408#primaryimage\"},\"image\":{\"@id\":\"https:\/\/www.teatrodomma.it\/?p=19408#primaryimage\"},\"thumbnailUrl\":\"https:\/\/www.teatrodomma.it\/wp-content\/uploads\/2023\/09\/Omaggio-a-Gian-Carlo-Menotti_locandina-e1697840290393.jpg\",\"datePublished\":\"2023-09-26T06:30:00+00:00\",\"breadcrumb\":{\"@id\":\"https:\/\/www.teatrodomma.it\/?p=19408#breadcrumb\"},\"inLanguage\":\"it-IT\",\"potentialAction\":[{\"@type\":\"ReadAction\",\"target\":[\"https:\/\/www.teatrodomma.it\/?p=19408\"]}]},{\"@type\":\"ImageObject\",\"inLanguage\":\"it-IT\",\"@id\":\"https:\/\/www.teatrodomma.it\/?p=19408#primaryimage\",\"url\":\"https:\/\/www.teatrodomma.it\/wp-content\/uploads\/2023\/09\/Omaggio-a-Gian-Carlo-Menotti_locandina-e1697840290393.jpg\",\"contentUrl\":\"https:\/\/www.teatrodomma.it\/wp-content\/uploads\/2023\/09\/Omaggio-a-Gian-Carlo-Menotti_locandina-e1697840290393.jpg\",\"width\":900,\"height\":1200},{\"@type\":\"BreadcrumbList\",\"@id\":\"https:\/\/www.teatrodomma.it\/?p=19408#breadcrumb\",\"itemListElement\":[{\"@type\":\"ListItem\",\"position\":1,\"name\":\"Home\",\"item\":\"https:\/\/www.teatrodomma.it\/\"},{\"@type\":\"ListItem\",\"position\":2,\"name\":\"18-19 novembre: Concerto &#8220;Omaggio a Gian Carlo Menotti&#8221; in sostituzione del musical &#8220;Be more chill&#8221;\"}]},{\"@type\":\"WebSite\",\"@id\":\"https:\/\/www.teatrodomma.it\/#website\",\"url\":\"https:\/\/www.teatrodomma.it\/\",\"name\":\"Teatro Domma\",\"description\":\"\",\"publisher\":{\"@id\":\"https:\/\/www.teatrodomma.it\/#organization\"},\"potentialAction\":[{\"@type\":\"SearchAction\",\"target\":{\"@type\":\"EntryPoint\",\"urlTemplate\":\"https:\/\/www.teatrodomma.it\/?s={search_term_string}\"},\"query-input\":{\"@type\":\"PropertyValueSpecification\",\"valueRequired\":true,\"valueName\":\"search_term_string\"}}],\"inLanguage\":\"it-IT\"},{\"@type\":\"Organization\",\"@id\":\"https:\/\/www.teatrodomma.it\/#organization\",\"name\":\"Teatro Domma\",\"url\":\"https:\/\/www.teatrodomma.it\/\",\"logo\":{\"@type\":\"ImageObject\",\"inLanguage\":\"it-IT\",\"@id\":\"https:\/\/www.teatrodomma.it\/#\/schema\/logo\/image\/\",\"url\":\"https:\/\/www.teatrodomma.it\/wp-content\/uploads\/2025\/01\/LOGOICON-edited-2.png\",\"contentUrl\":\"https:\/\/www.teatrodomma.it\/wp-content\/uploads\/2025\/01\/LOGOICON-edited-2.png\",\"width\":510,\"height\":287,\"caption\":\"Teatro Domma\"},\"image\":{\"@id\":\"https:\/\/www.teatrodomma.it\/#\/schema\/logo\/image\/\"},\"sameAs\":[\"https:\/\/www.facebook.com\/p\/Teatro-Domma-61556981831878\/?locale=it_IT\",\"https:\/\/www.instagram.com\/teatro_domma\/\"]},{\"@type\":\"Person\",\"@id\":\"https:\/\/www.teatrodomma.it\/#\/schema\/person\/8a1f09bf4c695307c8aef38d93aa0e84\",\"name\":\"Margherita De Donato\",\"image\":{\"@type\":\"ImageObject\",\"inLanguage\":\"it-IT\",\"@id\":\"https:\/\/www.teatrodomma.it\/#\/schema\/person\/image\/\",\"url\":\"https:\/\/secure.gravatar.com\/avatar\/0fbebb2201a984022de9f07361f7fe88cb7fcefd6be5e33abf5559102ec20088?s=96&d=mm&r=g\",\"contentUrl\":\"https:\/\/secure.gravatar.com\/avatar\/0fbebb2201a984022de9f07361f7fe88cb7fcefd6be5e33abf5559102ec20088?s=96&d=mm&r=g\",\"caption\":\"Margherita De Donato\"},\"url\":\"https:\/\/www.teatrodomma.it\/?author=3\"}]}<\/script>\n<!-- \/ Yoast SEO plugin. -->","yoast_head_json":{"title":"18-19 novembre: Concerto \"Omaggio a Gian Carlo Menotti\" in sostituzione del musical \"Be more chill\" - Teatro Domma","robots":{"index":"index","follow":"follow","max-snippet":"max-snippet:-1","max-image-preview":"max-image-preview:large","max-video-preview":"max-video-preview:-1"},"canonical":"https:\/\/www.teatrodomma.it\/?p=19408","og_locale":"it_IT","og_type":"article","og_title":"18-19 novembre: Concerto \"Omaggio a Gian Carlo Menotti\" in sostituzione del musical \"Be more chill\" - Teatro Domma","og_description":"Il Direttore artistico della CdS Academy, Daniele Adriani, informa il gentile pubblico del Teatro Domma che purtroppo il musical &#8220;Be more chill&#8221; previsto a novembre non potr\u00e0 andare in scena per motivi tecnici. Sar\u00e0 sostituito dal Concerto OMAGGIO A GIAN CARLO MENOTTI &#8211; il noto compositore e librettista lombardo &#8211; in cui verranno rappresentate l&#8217;opera [&hellip;]","og_url":"https:\/\/www.teatrodomma.it\/?p=19408","og_site_name":"Teatro Domma","article_publisher":"https:\/\/www.facebook.com\/p\/Teatro-Domma-61556981831878\/?locale=it_IT","article_published_time":"2023-09-26T06:30:00+00:00","og_image":[{"width":900,"height":1200,"url":"https:\/\/www.teatrodomma.it\/wp-content\/uploads\/2023\/09\/Omaggio-a-Gian-Carlo-Menotti_locandina-e1697840290393.jpg","type":"image\/jpeg"}],"author":"Margherita De Donato","twitter_card":"summary_large_image","twitter_misc":{"Scritto da":"Margherita De Donato","Tempo di lettura stimato":"5 minuti"},"schema":{"@context":"https:\/\/schema.org","@graph":[{"@type":"Article","@id":"https:\/\/www.teatrodomma.it\/?p=19408#article","isPartOf":{"@id":"https:\/\/www.teatrodomma.it\/?p=19408"},"author":{"name":"Margherita De Donato","@id":"https:\/\/www.teatrodomma.it\/#\/schema\/person\/8a1f09bf4c695307c8aef38d93aa0e84"},"headline":"18-19 novembre: Concerto &#8220;Omaggio a Gian Carlo Menotti&#8221; in sostituzione del musical &#8220;Be more chill&#8221;","datePublished":"2023-09-26T06:30:00+00:00","mainEntityOfPage":{"@id":"https:\/\/www.teatrodomma.it\/?p=19408"},"wordCount":1115,"publisher":{"@id":"https:\/\/www.teatrodomma.it\/#organization"},"image":{"@id":"https:\/\/www.teatrodomma.it\/?p=19408#primaryimage"},"thumbnailUrl":"https:\/\/www.teatrodomma.it\/wp-content\/uploads\/2023\/09\/Omaggio-a-Gian-Carlo-Menotti_locandina-e1697840290393.jpg","keywords":["Amelia al ballo","concerto omaggio a Gian Carlo Menotti","Daniele Adriani","Il telefono"],"articleSection":["Compagni di Scena","Recensioni"],"inLanguage":"it-IT"},{"@type":"WebPage","@id":"https:\/\/www.teatrodomma.it\/?p=19408","url":"https:\/\/www.teatrodomma.it\/?p=19408","name":"18-19 novembre: Concerto \"Omaggio a Gian Carlo Menotti\" in sostituzione del musical \"Be more chill\" - Teatro Domma","isPartOf":{"@id":"https:\/\/www.teatrodomma.it\/#website"},"primaryImageOfPage":{"@id":"https:\/\/www.teatrodomma.it\/?p=19408#primaryimage"},"image":{"@id":"https:\/\/www.teatrodomma.it\/?p=19408#primaryimage"},"thumbnailUrl":"https:\/\/www.teatrodomma.it\/wp-content\/uploads\/2023\/09\/Omaggio-a-Gian-Carlo-Menotti_locandina-e1697840290393.jpg","datePublished":"2023-09-26T06:30:00+00:00","breadcrumb":{"@id":"https:\/\/www.teatrodomma.it\/?p=19408#breadcrumb"},"inLanguage":"it-IT","potentialAction":[{"@type":"ReadAction","target":["https:\/\/www.teatrodomma.it\/?p=19408"]}]},{"@type":"ImageObject","inLanguage":"it-IT","@id":"https:\/\/www.teatrodomma.it\/?p=19408#primaryimage","url":"https:\/\/www.teatrodomma.it\/wp-content\/uploads\/2023\/09\/Omaggio-a-Gian-Carlo-Menotti_locandina-e1697840290393.jpg","contentUrl":"https:\/\/www.teatrodomma.it\/wp-content\/uploads\/2023\/09\/Omaggio-a-Gian-Carlo-Menotti_locandina-e1697840290393.jpg","width":900,"height":1200},{"@type":"BreadcrumbList","@id":"https:\/\/www.teatrodomma.it\/?p=19408#breadcrumb","itemListElement":[{"@type":"ListItem","position":1,"name":"Home","item":"https:\/\/www.teatrodomma.it\/"},{"@type":"ListItem","position":2,"name":"18-19 novembre: Concerto &#8220;Omaggio a Gian Carlo Menotti&#8221; in sostituzione del musical &#8220;Be more chill&#8221;"}]},{"@type":"WebSite","@id":"https:\/\/www.teatrodomma.it\/#website","url":"https:\/\/www.teatrodomma.it\/","name":"Teatro Domma","description":"","publisher":{"@id":"https:\/\/www.teatrodomma.it\/#organization"},"potentialAction":[{"@type":"SearchAction","target":{"@type":"EntryPoint","urlTemplate":"https:\/\/www.teatrodomma.it\/?s={search_term_string}"},"query-input":{"@type":"PropertyValueSpecification","valueRequired":true,"valueName":"search_term_string"}}],"inLanguage":"it-IT"},{"@type":"Organization","@id":"https:\/\/www.teatrodomma.it\/#organization","name":"Teatro Domma","url":"https:\/\/www.teatrodomma.it\/","logo":{"@type":"ImageObject","inLanguage":"it-IT","@id":"https:\/\/www.teatrodomma.it\/#\/schema\/logo\/image\/","url":"https:\/\/www.teatrodomma.it\/wp-content\/uploads\/2025\/01\/LOGOICON-edited-2.png","contentUrl":"https:\/\/www.teatrodomma.it\/wp-content\/uploads\/2025\/01\/LOGOICON-edited-2.png","width":510,"height":287,"caption":"Teatro Domma"},"image":{"@id":"https:\/\/www.teatrodomma.it\/#\/schema\/logo\/image\/"},"sameAs":["https:\/\/www.facebook.com\/p\/Teatro-Domma-61556981831878\/?locale=it_IT","https:\/\/www.instagram.com\/teatro_domma\/"]},{"@type":"Person","@id":"https:\/\/www.teatrodomma.it\/#\/schema\/person\/8a1f09bf4c695307c8aef38d93aa0e84","name":"Margherita De Donato","image":{"@type":"ImageObject","inLanguage":"it-IT","@id":"https:\/\/www.teatrodomma.it\/#\/schema\/person\/image\/","url":"https:\/\/secure.gravatar.com\/avatar\/0fbebb2201a984022de9f07361f7fe88cb7fcefd6be5e33abf5559102ec20088?s=96&d=mm&r=g","contentUrl":"https:\/\/secure.gravatar.com\/avatar\/0fbebb2201a984022de9f07361f7fe88cb7fcefd6be5e33abf5559102ec20088?s=96&d=mm&r=g","caption":"Margherita De Donato"},"url":"https:\/\/www.teatrodomma.it\/?author=3"}]}},"_links":{"self":[{"href":"https:\/\/www.teatrodomma.it\/index.php?rest_route=\/wp\/v2\/posts\/19408","targetHints":{"allow":["GET"]}}],"collection":[{"href":"https:\/\/www.teatrodomma.it\/index.php?rest_route=\/wp\/v2\/posts"}],"about":[{"href":"https:\/\/www.teatrodomma.it\/index.php?rest_route=\/wp\/v2\/types\/post"}],"author":[{"embeddable":true,"href":"https:\/\/www.teatrodomma.it\/index.php?rest_route=\/wp\/v2\/users\/3"}],"replies":[{"embeddable":true,"href":"https:\/\/www.teatrodomma.it\/index.php?rest_route=%2Fwp%2Fv2%2Fcomments&post=19408"}],"version-history":[{"count":0,"href":"https:\/\/www.teatrodomma.it\/index.php?rest_route=\/wp\/v2\/posts\/19408\/revisions"}],"wp:featuredmedia":[{"embeddable":true,"href":"https:\/\/www.teatrodomma.it\/index.php?rest_route=\/wp\/v2\/media\/19545"}],"wp:attachment":[{"href":"https:\/\/www.teatrodomma.it\/index.php?rest_route=%2Fwp%2Fv2%2Fmedia&parent=19408"}],"wp:term":[{"taxonomy":"category","embeddable":true,"href":"https:\/\/www.teatrodomma.it\/index.php?rest_route=%2Fwp%2Fv2%2Fcategories&post=19408"},{"taxonomy":"post_tag","embeddable":true,"href":"https:\/\/www.teatrodomma.it\/index.php?rest_route=%2Fwp%2Fv2%2Ftags&post=19408"}],"curies":[{"name":"wp","href":"https:\/\/api.w.org\/{rel}","templated":true}]}}