{"id":1941,"date":"2019-12-01T23:35:23","date_gmt":"2019-12-01T22:35:23","guid":{"rendered":"https:\/\/teatrodomma.wordpress.com\/?p=148"},"modified":"2025-03-03T13:14:31","modified_gmt":"2025-03-03T12:14:31","slug":"radice-di-2-la-ginestra-angelillo","status":"publish","type":"post","link":"https:\/\/www.teatrodomma.it\/?p=1941","title":{"rendered":"&#8220;RADICE DI 2&#8221;: La Ginestra-Angelillo"},"content":{"rendered":"\n<p><em>Il 1 Dicembre 2019 i due attori hanno messo in scena questo spettacolo al Teatro Don<\/em> <em>Mario Torregrossa! <a href=\"https:\/\/www.facebook.com\/michele.laginestra\/videos\/746912512454231\/\" target=\"_blank\" rel=\"noreferrer noopener\">Ecco il loro invito a vederli recitare.<\/a><\/em><\/p>\n\n\n\n<p class=\"has-background has-background-dark-background-color\"><strong>&#8220;La matematica dell&#8217;amore (Radice di 2)&#8221; <\/strong>una storia d\u2019amore, di matematica e di paura di invecchiare.<\/p>\n\n\n\n<p>Arrivato alle soglie della pensione, Tommaso\/Tom, uomo semplice che non vive di slanci ed ambisce alla normalit\u00e0, fa il consuntivo della sua vita. Ha accanto Geraldina\/Gerry, che lo accompagna da quando erano bambini. Lui ossessionato dalla matematica; lei perennemente in fuga dalla realt\u00e0, sognatrice e alternativa. \u00c8 inevitabile che la semplice amicizia si trasformi presto in una delicata storia d\u2019amore, che dura in pratica tutta la vita. I sessant\u2019anni insieme trascorrono in un alternarsi di avvicinamenti ed allontanamenti.<br>Come il gatto e il topo cui fanno riferimento i loro nomi, i due si inseguono di continuo.<\/p>\n\n\n\n<p>Cos\u00ec profondamente diversi, ma indissolubilmente uniti dal gioco dell&#8217;amore, Tom e Gerry &#8211; prima bambini, poi adulti e vecchi &#8211; mettono in scena una divertente commedia che, ritmata dal gioco alterno del loro continuo rintuzzarsi, offre lo spunto per guardare gli aspetti della vita quotidiana da prospettive diverse, cos\u00ec come sono loro, \u201cradice di due\u201d appunto, ovvero un numero irrazionale.<\/p>\n\n\n\n<p>Il filo conduttore in questa storia di sentimenti \u00e8 dunque quello della matematica che, avvalendosi di tesi e di ipotesi, utilizzando procedimenti induttivi e deduttivi, cerca di dare spiegazione ai propri assunti. Ma quando si parla di amore, non esistono regole immutabili: le formule non possono provare a spiegare le ragioni di un sentimento, n\u00e9 i fattori di attrazione fra gli individui o l\u2019intesa che travalica il tempo\u2026Questi sono tutti elementi paragonati all\u2019estrazione della radice di due, al senso di irrazionalit\u00e0 che il rigoroso concetto porta con s\u00e9.<\/p>\n\n\n\n<p>Il testo di <strong>Adriano Bennicelli <\/strong>(vincitore del prestigioso <em>premio di scrittura teatral<\/em>e <em>\u201cDiego Fabbri 2006&#8243;<\/em> e del <em>Premio Nazionale di Drammaturgi<\/em>a <em>&#8220;Oltreparola 2008&#8221;<\/em>) \u00e8 diventato uno spettacolo cult del panorama artistico italiano.<br>Leggerezza e profondit\u00e0 si intrecciano in questa pi\u00e8ce brillante dai risvolti dolci-amari, affidata alla regia di Enrico Maria Lamanna che, con abilissima mano, rende i ritmi serrati in un continuo alternarsi di situazioni che regalano al pubblico un&#8217;ora e mezza per divertirsi, riflettere e sorridere.<br>Una scenografia minimalista fa da sfondo a questo atto unico realizzato con cura e minuzia.<\/p>\n\n\n\n<p><strong>Michele La Ginestra<\/strong>, sempre perfettamente a suo agio sulle tavole del palcoscenico, riesce a dare voce alle tante sfaccettature del personaggio di Tommaso. E in questa ennesima prova, mostra di essere un artista valido e fantasioso, delicato ed incisivo, capace di saltare da un registro all\u2019altro senza imperfezioni. Al suo fianco, una incredibile <strong>Edy Angelillo<\/strong>, che si muove con grazia e disinvoltura, dando corpo ad un\u2019interpretazione capace di stupire ed emozionare.<\/p>\n\n\n\n<p>Compagni di giovent\u00f9, Bennicelli e La Ginestra si sono incontrati sul lavoro pi\u00f9 volte: il primo ha scritto <em>\u201cDiscount\u201d<\/em>, <em>\u201cUno e basta\u201d<\/em> (entrambi del 2005), <em>\u201cLast Minute\u201d<\/em>(2007) e il secondo li ha interpretati. Parlano lo stesso linguaggio, toccano gli stessi temi \u2013 la giovent\u00f9, la crescita, i problemi, le curiosit\u00e0: la vita, insomma &#8211; a volte con un pizzico di nostalgia, a volte con un po\u2019 di disincanto e di ironia. Fanno sempre sorridere. Fanno anche ridere, ma non a vuoto.<\/p>\n\n\n\n<p><em>Margherita De Donato<\/em><\/p>\n","protected":false},"excerpt":{"rendered":"<p>Il 1 Dicembre 2019 i due attori hanno messo in scena questo spettacolo al Teatro Don Mario Torregrossa! Ecco il loro invito a vederli recitare. &#8220;La matematica dell&#8217;amore (Radice di 2)&#8221; una storia d\u2019amore, di matematica e di paura di invecchiare. Arrivato alle soglie della pensione, Tommaso\/Tom, uomo semplice che non vive di slanci ed [&hellip;]<\/p>\n","protected":false},"author":2,"featured_media":855,"comment_status":"closed","ping_status":"open","sticky":false,"template":"","format":"standard","meta":{"saved_in_kubio":false,"footnotes":""},"categories":[14],"tags":[11,12,13,15,16],"class_list":{"0":"post-1941","1":"post","2":"type-post","3":"status-publish","4":"format-standard","5":"has-post-thumbnail","6":"hentry","7":"category-recensioni","8":"tag-edy-angelillo","9":"tag-michele-la-ginestra","10":"tag-radice-di-2","11":"tag-spettacolo","12":"tag-teatro-don-mario-torregrossa","14":"post-with-thumbnail","15":"post-with-thumbnail-large"},"yoast_head":"<!-- This site is optimized with the Yoast SEO plugin v25.8 - https:\/\/yoast.com\/wordpress\/plugins\/seo\/ -->\n<title>&quot;RADICE DI 2&quot;: La Ginestra-Angelillo - Teatro Domma<\/title>\n<meta name=\"robots\" content=\"index, follow, max-snippet:-1, max-image-preview:large, max-video-preview:-1\" \/>\n<link rel=\"canonical\" href=\"https:\/\/www.teatrodomma.it\/?p=1941\" \/>\n<meta property=\"og:locale\" content=\"it_IT\" \/>\n<meta property=\"og:type\" content=\"article\" \/>\n<meta property=\"og:title\" content=\"&quot;RADICE DI 2&quot;: La Ginestra-Angelillo - Teatro Domma\" \/>\n<meta property=\"og:description\" content=\"Il 1 Dicembre 2019 i due attori hanno messo in scena questo spettacolo al Teatro Don Mario Torregrossa! Ecco il loro invito a vederli recitare. &#8220;La matematica dell&#8217;amore (Radice di 2)&#8221; una storia d\u2019amore, di matematica e di paura di invecchiare. Arrivato alle soglie della pensione, Tommaso\/Tom, uomo semplice che non vive di slanci ed [&hellip;]\" \/>\n<meta property=\"og:url\" content=\"https:\/\/www.teatrodomma.it\/?p=1941\" \/>\n<meta property=\"og:site_name\" content=\"Teatro Domma\" \/>\n<meta property=\"article:publisher\" content=\"https:\/\/www.facebook.com\/p\/Teatro-Domma-61556981831878\/?locale=it_IT\" \/>\n<meta property=\"article:published_time\" content=\"2019-12-01T22:35:23+00:00\" \/>\n<meta property=\"article:modified_time\" content=\"2025-03-03T12:14:31+00:00\" \/>\n<meta property=\"og:image\" content=\"https:\/\/www.teatrodomma.it\/wp-content\/uploads\/2020\/05\/angelillo-la-ginestra-attori-teatro.jpg\" \/>\n\t<meta property=\"og:image:width\" content=\"255\" \/>\n\t<meta property=\"og:image:height\" content=\"307\" \/>\n\t<meta property=\"og:image:type\" content=\"image\/jpeg\" \/>\n<meta name=\"author\" content=\"Serena Zamperini\" \/>\n<meta name=\"twitter:card\" content=\"summary_large_image\" \/>\n<meta name=\"twitter:label1\" content=\"Scritto da\" \/>\n\t<meta name=\"twitter:data1\" content=\"Serena Zamperini\" \/>\n\t<meta name=\"twitter:label2\" content=\"Tempo di lettura stimato\" \/>\n\t<meta name=\"twitter:data2\" content=\"4 minuti\" \/>\n<script type=\"application\/ld+json\" class=\"yoast-schema-graph\">{\"@context\":\"https:\/\/schema.org\",\"@graph\":[{\"@type\":\"Article\",\"@id\":\"https:\/\/www.teatrodomma.it\/?p=1941#article\",\"isPartOf\":{\"@id\":\"https:\/\/www.teatrodomma.it\/?p=1941\"},\"author\":{\"name\":\"Serena Zamperini\",\"@id\":\"https:\/\/www.teatrodomma.it\/#\/schema\/person\/674fd937928010503a7eb23a19afebf5\"},\"headline\":\"&#8220;RADICE DI 2&#8221;: La Ginestra-Angelillo\",\"datePublished\":\"2019-12-01T22:35:23+00:00\",\"dateModified\":\"2025-03-03T12:14:31+00:00\",\"mainEntityOfPage\":{\"@id\":\"https:\/\/www.teatrodomma.it\/?p=1941\"},\"wordCount\":540,\"publisher\":{\"@id\":\"https:\/\/www.teatrodomma.it\/#organization\"},\"image\":{\"@id\":\"https:\/\/www.teatrodomma.it\/?p=1941#primaryimage\"},\"thumbnailUrl\":\"https:\/\/www.teatrodomma.it\/wp-content\/uploads\/2020\/05\/angelillo-la-ginestra-attori-teatro.jpg\",\"keywords\":[\"Edy Angelillo\",\"Michele La Ginestra\",\"Radice di 2\",\"spettacolo\",\"teatro Don Mario Torregrossa\"],\"articleSection\":[\"Recensioni\"],\"inLanguage\":\"it-IT\"},{\"@type\":\"WebPage\",\"@id\":\"https:\/\/www.teatrodomma.it\/?p=1941\",\"url\":\"https:\/\/www.teatrodomma.it\/?p=1941\",\"name\":\"\\\"RADICE DI 2\\\": La Ginestra-Angelillo - Teatro Domma\",\"isPartOf\":{\"@id\":\"https:\/\/www.teatrodomma.it\/#website\"},\"primaryImageOfPage\":{\"@id\":\"https:\/\/www.teatrodomma.it\/?p=1941#primaryimage\"},\"image\":{\"@id\":\"https:\/\/www.teatrodomma.it\/?p=1941#primaryimage\"},\"thumbnailUrl\":\"https:\/\/www.teatrodomma.it\/wp-content\/uploads\/2020\/05\/angelillo-la-ginestra-attori-teatro.jpg\",\"datePublished\":\"2019-12-01T22:35:23+00:00\",\"dateModified\":\"2025-03-03T12:14:31+00:00\",\"breadcrumb\":{\"@id\":\"https:\/\/www.teatrodomma.it\/?p=1941#breadcrumb\"},\"inLanguage\":\"it-IT\",\"potentialAction\":[{\"@type\":\"ReadAction\",\"target\":[\"https:\/\/www.teatrodomma.it\/?p=1941\"]}]},{\"@type\":\"ImageObject\",\"inLanguage\":\"it-IT\",\"@id\":\"https:\/\/www.teatrodomma.it\/?p=1941#primaryimage\",\"url\":\"https:\/\/www.teatrodomma.it\/wp-content\/uploads\/2020\/05\/angelillo-la-ginestra-attori-teatro.jpg\",\"contentUrl\":\"https:\/\/www.teatrodomma.it\/wp-content\/uploads\/2020\/05\/angelillo-la-ginestra-attori-teatro.jpg\",\"width\":255,\"height\":307},{\"@type\":\"BreadcrumbList\",\"@id\":\"https:\/\/www.teatrodomma.it\/?p=1941#breadcrumb\",\"itemListElement\":[{\"@type\":\"ListItem\",\"position\":1,\"name\":\"Home\",\"item\":\"https:\/\/www.teatrodomma.it\/\"},{\"@type\":\"ListItem\",\"position\":2,\"name\":\"&#8220;RADICE DI 2&#8221;: La Ginestra-Angelillo\"}]},{\"@type\":\"WebSite\",\"@id\":\"https:\/\/www.teatrodomma.it\/#website\",\"url\":\"https:\/\/www.teatrodomma.it\/\",\"name\":\"Teatro Domma\",\"description\":\"\",\"publisher\":{\"@id\":\"https:\/\/www.teatrodomma.it\/#organization\"},\"potentialAction\":[{\"@type\":\"SearchAction\",\"target\":{\"@type\":\"EntryPoint\",\"urlTemplate\":\"https:\/\/www.teatrodomma.it\/?s={search_term_string}\"},\"query-input\":{\"@type\":\"PropertyValueSpecification\",\"valueRequired\":true,\"valueName\":\"search_term_string\"}}],\"inLanguage\":\"it-IT\"},{\"@type\":\"Organization\",\"@id\":\"https:\/\/www.teatrodomma.it\/#organization\",\"name\":\"Teatro Domma\",\"url\":\"https:\/\/www.teatrodomma.it\/\",\"logo\":{\"@type\":\"ImageObject\",\"inLanguage\":\"it-IT\",\"@id\":\"https:\/\/www.teatrodomma.it\/#\/schema\/logo\/image\/\",\"url\":\"https:\/\/www.teatrodomma.it\/wp-content\/uploads\/2025\/01\/LOGOICON-edited-2.png\",\"contentUrl\":\"https:\/\/www.teatrodomma.it\/wp-content\/uploads\/2025\/01\/LOGOICON-edited-2.png\",\"width\":510,\"height\":287,\"caption\":\"Teatro Domma\"},\"image\":{\"@id\":\"https:\/\/www.teatrodomma.it\/#\/schema\/logo\/image\/\"},\"sameAs\":[\"https:\/\/www.facebook.com\/p\/Teatro-Domma-61556981831878\/?locale=it_IT\",\"https:\/\/www.instagram.com\/teatro_domma\/\"]},{\"@type\":\"Person\",\"@id\":\"https:\/\/www.teatrodomma.it\/#\/schema\/person\/674fd937928010503a7eb23a19afebf5\",\"name\":\"Serena Zamperini\",\"image\":{\"@type\":\"ImageObject\",\"inLanguage\":\"it-IT\",\"@id\":\"https:\/\/www.teatrodomma.it\/#\/schema\/person\/image\/\",\"url\":\"https:\/\/secure.gravatar.com\/avatar\/84e5d1ce86c2fca3791379d94ee0e521cf475f9c470e63665a7312ff81edeea6?s=96&d=mm&r=g\",\"contentUrl\":\"https:\/\/secure.gravatar.com\/avatar\/84e5d1ce86c2fca3791379d94ee0e521cf475f9c470e63665a7312ff81edeea6?s=96&d=mm&r=g\",\"caption\":\"Serena Zamperini\"},\"url\":\"https:\/\/www.teatrodomma.it\/?author=2\"}]}<\/script>\n<!-- \/ Yoast SEO plugin. -->","yoast_head_json":{"title":"\"RADICE DI 2\": La Ginestra-Angelillo - Teatro Domma","robots":{"index":"index","follow":"follow","max-snippet":"max-snippet:-1","max-image-preview":"max-image-preview:large","max-video-preview":"max-video-preview:-1"},"canonical":"https:\/\/www.teatrodomma.it\/?p=1941","og_locale":"it_IT","og_type":"article","og_title":"\"RADICE DI 2\": La Ginestra-Angelillo - Teatro Domma","og_description":"Il 1 Dicembre 2019 i due attori hanno messo in scena questo spettacolo al Teatro Don Mario Torregrossa! Ecco il loro invito a vederli recitare. &#8220;La matematica dell&#8217;amore (Radice di 2)&#8221; una storia d\u2019amore, di matematica e di paura di invecchiare. Arrivato alle soglie della pensione, Tommaso\/Tom, uomo semplice che non vive di slanci ed [&hellip;]","og_url":"https:\/\/www.teatrodomma.it\/?p=1941","og_site_name":"Teatro Domma","article_publisher":"https:\/\/www.facebook.com\/p\/Teatro-Domma-61556981831878\/?locale=it_IT","article_published_time":"2019-12-01T22:35:23+00:00","article_modified_time":"2025-03-03T12:14:31+00:00","og_image":[{"width":255,"height":307,"url":"https:\/\/www.teatrodomma.it\/wp-content\/uploads\/2020\/05\/angelillo-la-ginestra-attori-teatro.jpg","type":"image\/jpeg"}],"author":"Serena Zamperini","twitter_card":"summary_large_image","twitter_misc":{"Scritto da":"Serena Zamperini","Tempo di lettura stimato":"4 minuti"},"schema":{"@context":"https:\/\/schema.org","@graph":[{"@type":"Article","@id":"https:\/\/www.teatrodomma.it\/?p=1941#article","isPartOf":{"@id":"https:\/\/www.teatrodomma.it\/?p=1941"},"author":{"name":"Serena Zamperini","@id":"https:\/\/www.teatrodomma.it\/#\/schema\/person\/674fd937928010503a7eb23a19afebf5"},"headline":"&#8220;RADICE DI 2&#8221;: La Ginestra-Angelillo","datePublished":"2019-12-01T22:35:23+00:00","dateModified":"2025-03-03T12:14:31+00:00","mainEntityOfPage":{"@id":"https:\/\/www.teatrodomma.it\/?p=1941"},"wordCount":540,"publisher":{"@id":"https:\/\/www.teatrodomma.it\/#organization"},"image":{"@id":"https:\/\/www.teatrodomma.it\/?p=1941#primaryimage"},"thumbnailUrl":"https:\/\/www.teatrodomma.it\/wp-content\/uploads\/2020\/05\/angelillo-la-ginestra-attori-teatro.jpg","keywords":["Edy Angelillo","Michele La Ginestra","Radice di 2","spettacolo","teatro Don Mario Torregrossa"],"articleSection":["Recensioni"],"inLanguage":"it-IT"},{"@type":"WebPage","@id":"https:\/\/www.teatrodomma.it\/?p=1941","url":"https:\/\/www.teatrodomma.it\/?p=1941","name":"\"RADICE DI 2\": La Ginestra-Angelillo - Teatro Domma","isPartOf":{"@id":"https:\/\/www.teatrodomma.it\/#website"},"primaryImageOfPage":{"@id":"https:\/\/www.teatrodomma.it\/?p=1941#primaryimage"},"image":{"@id":"https:\/\/www.teatrodomma.it\/?p=1941#primaryimage"},"thumbnailUrl":"https:\/\/www.teatrodomma.it\/wp-content\/uploads\/2020\/05\/angelillo-la-ginestra-attori-teatro.jpg","datePublished":"2019-12-01T22:35:23+00:00","dateModified":"2025-03-03T12:14:31+00:00","breadcrumb":{"@id":"https:\/\/www.teatrodomma.it\/?p=1941#breadcrumb"},"inLanguage":"it-IT","potentialAction":[{"@type":"ReadAction","target":["https:\/\/www.teatrodomma.it\/?p=1941"]}]},{"@type":"ImageObject","inLanguage":"it-IT","@id":"https:\/\/www.teatrodomma.it\/?p=1941#primaryimage","url":"https:\/\/www.teatrodomma.it\/wp-content\/uploads\/2020\/05\/angelillo-la-ginestra-attori-teatro.jpg","contentUrl":"https:\/\/www.teatrodomma.it\/wp-content\/uploads\/2020\/05\/angelillo-la-ginestra-attori-teatro.jpg","width":255,"height":307},{"@type":"BreadcrumbList","@id":"https:\/\/www.teatrodomma.it\/?p=1941#breadcrumb","itemListElement":[{"@type":"ListItem","position":1,"name":"Home","item":"https:\/\/www.teatrodomma.it\/"},{"@type":"ListItem","position":2,"name":"&#8220;RADICE DI 2&#8221;: La Ginestra-Angelillo"}]},{"@type":"WebSite","@id":"https:\/\/www.teatrodomma.it\/#website","url":"https:\/\/www.teatrodomma.it\/","name":"Teatro Domma","description":"","publisher":{"@id":"https:\/\/www.teatrodomma.it\/#organization"},"potentialAction":[{"@type":"SearchAction","target":{"@type":"EntryPoint","urlTemplate":"https:\/\/www.teatrodomma.it\/?s={search_term_string}"},"query-input":{"@type":"PropertyValueSpecification","valueRequired":true,"valueName":"search_term_string"}}],"inLanguage":"it-IT"},{"@type":"Organization","@id":"https:\/\/www.teatrodomma.it\/#organization","name":"Teatro Domma","url":"https:\/\/www.teatrodomma.it\/","logo":{"@type":"ImageObject","inLanguage":"it-IT","@id":"https:\/\/www.teatrodomma.it\/#\/schema\/logo\/image\/","url":"https:\/\/www.teatrodomma.it\/wp-content\/uploads\/2025\/01\/LOGOICON-edited-2.png","contentUrl":"https:\/\/www.teatrodomma.it\/wp-content\/uploads\/2025\/01\/LOGOICON-edited-2.png","width":510,"height":287,"caption":"Teatro Domma"},"image":{"@id":"https:\/\/www.teatrodomma.it\/#\/schema\/logo\/image\/"},"sameAs":["https:\/\/www.facebook.com\/p\/Teatro-Domma-61556981831878\/?locale=it_IT","https:\/\/www.instagram.com\/teatro_domma\/"]},{"@type":"Person","@id":"https:\/\/www.teatrodomma.it\/#\/schema\/person\/674fd937928010503a7eb23a19afebf5","name":"Serena Zamperini","image":{"@type":"ImageObject","inLanguage":"it-IT","@id":"https:\/\/www.teatrodomma.it\/#\/schema\/person\/image\/","url":"https:\/\/secure.gravatar.com\/avatar\/84e5d1ce86c2fca3791379d94ee0e521cf475f9c470e63665a7312ff81edeea6?s=96&d=mm&r=g","contentUrl":"https:\/\/secure.gravatar.com\/avatar\/84e5d1ce86c2fca3791379d94ee0e521cf475f9c470e63665a7312ff81edeea6?s=96&d=mm&r=g","caption":"Serena Zamperini"},"url":"https:\/\/www.teatrodomma.it\/?author=2"}]}},"_links":{"self":[{"href":"https:\/\/www.teatrodomma.it\/index.php?rest_route=\/wp\/v2\/posts\/1941","targetHints":{"allow":["GET"]}}],"collection":[{"href":"https:\/\/www.teatrodomma.it\/index.php?rest_route=\/wp\/v2\/posts"}],"about":[{"href":"https:\/\/www.teatrodomma.it\/index.php?rest_route=\/wp\/v2\/types\/post"}],"author":[{"embeddable":true,"href":"https:\/\/www.teatrodomma.it\/index.php?rest_route=\/wp\/v2\/users\/2"}],"replies":[{"embeddable":true,"href":"https:\/\/www.teatrodomma.it\/index.php?rest_route=%2Fwp%2Fv2%2Fcomments&post=1941"}],"version-history":[{"count":1,"href":"https:\/\/www.teatrodomma.it\/index.php?rest_route=\/wp\/v2\/posts\/1941\/revisions"}],"predecessor-version":[{"id":31268,"href":"https:\/\/www.teatrodomma.it\/index.php?rest_route=\/wp\/v2\/posts\/1941\/revisions\/31268"}],"wp:featuredmedia":[{"embeddable":true,"href":"https:\/\/www.teatrodomma.it\/index.php?rest_route=\/wp\/v2\/media\/855"}],"wp:attachment":[{"href":"https:\/\/www.teatrodomma.it\/index.php?rest_route=%2Fwp%2Fv2%2Fmedia&parent=1941"}],"wp:term":[{"taxonomy":"category","embeddable":true,"href":"https:\/\/www.teatrodomma.it\/index.php?rest_route=%2Fwp%2Fv2%2Fcategories&post=1941"},{"taxonomy":"post_tag","embeddable":true,"href":"https:\/\/www.teatrodomma.it\/index.php?rest_route=%2Fwp%2Fv2%2Ftags&post=1941"}],"curies":[{"name":"wp","href":"https:\/\/api.w.org\/{rel}","templated":true}]}}