{"id":22112,"date":"2023-12-30T22:51:00","date_gmt":"2023-12-30T21:51:00","guid":{"rendered":"https:\/\/www.teatrodomma.it\/?p=22112"},"modified":"2023-12-30T22:51:00","modified_gmt":"2023-12-30T21:51:00","slug":"viva-il-teatro-viva-il-domma","status":"publish","type":"post","link":"https:\/\/www.teatrodomma.it\/?p=22112","title":{"rendered":"Viva il teatro, viva il Domma!"},"content":{"rendered":"\n<p class=\"has-background-dark-background-color has-background\"><em>Ecco a voi le date degli spettacoli in cartellone nel 2024.<\/em> <em>Il palcoscenico \u00e8 lo specchio del mondo nel quale vi invitiamo ad entrare.&nbsp;<\/em><\/p>\n\n\n\n<p><strong>\u201cLa logica ti porta da A a B, l\u2019immaginazione ti porter\u00e0 ovunque\u201d<\/strong>&nbsp;<em><strong>(Albert Einstein)<\/strong><\/em><\/p>\n\n\n\n<p>Albert Einstein, che di certo non era un uomo di teatro, diceva che il vero segno dell\u2019intelligenza non \u00e8 la conoscenza, ma l\u2019immaginazione e che la fantasia \u00e8 pi\u00f9 importante del sapere, perch\u00e9 il sapere \u00e8 limitato.<\/p>\n\n\n\n<p><strong>Fare teatro significa <\/strong>proprio questo, <strong>soprattutto immaginare, far galoppare a briglie sciolte la forza della fantasia<\/strong>,<strong> <\/strong>metterla in azione e rappresentarla. Il palcoscenico allora diventa, secondo Shakespeare, un piccolo spazio che pu\u00f2 contenere possenti reami, perigliosi bracci di mare e i fatti di molti anni in un volger di clessidra. E se tutto il mondo \u00e8 un palcoscenico e donne e uomini sono solo attori che entrano ed escono dalla scena, il palcoscenico \u00e8 lo specchio del mondo nel quale vi invitiamo ad entrare.<\/p>\n\n\n\n<p><strong>La stagione 2023-2024 del Teatro Domma prosegue con il suo cartellone, che unisce<\/strong> il nome di richiamo e la compagnia emergente e talentuosa, <strong>il piacere per la risata intelligente e la ricerca pi\u00f9 sperimentale<\/strong>.&nbsp;Sperando di esserci riusciti, non resta che augurarvi <strong>\u201cBUON TEATRO\u201d<\/strong>!<\/p>\n\n\n\n<p class=\"has-text-align-center has-background-dark-background-color has-background\"><strong>VI ASPETTIAMO PER LE PROSSIME DATE<\/strong><\/p>\n\n\n\n<p><strong>13 e 14 gennaio 2024 -EQUITALIA&nbsp;<\/strong>di Massimiliano Aceti,&nbsp;<strong>con&nbsp;<a href=\"https:\/\/www.accademiasilviodamico.it\/allievo\/chiara-mancuso\/\" target=\"_blank\" rel=\"noreferrer noopener\">Chiara Mancuso<\/a>&nbsp;e&nbsp;<a href=\"https:\/\/www.accademiasilviodamico.it\/allievo\/massimiliano-aceti\/\" target=\"_blank\" rel=\"noreferrer noopener\">Massimiliano Aceti<\/a><\/strong>.&nbsp;<em>La storia di due anziani signori che, dopo una vita di sacrifici, si vedono portare via il loro ristorante a causa dei debiti.<\/em>&nbsp;On line le&nbsp;<a href=\"https:\/\/www.google.com\/search?q=equitalia+di+Massimiliano+Aceti&amp;sca_esv=565933642&amp;biw=1920&amp;bih=931&amp;tbm=vid&amp;sxsrf=AM9HkKkqX_WYiILemHiMKVvYz_Qbkkk5GA%3A1694881040173&amp;ei=ENUFZfiFCuOMxc8PoJWjgAU&amp;ved=0ahUKEwj4zdfyw6-BAxVjRvEDHaDKCFAQ4dUDCA0&amp;uact=5&amp;oq=equitalia+di+Massimiliano+Aceti&amp;gs_lp=Eg1nd3Mtd2l6LXZpZGVvGgIYAiIfZXF1aXRhbGlhIGRpIE1hc3NpbWlsaWFubyBBY2V0aTIFECEYoAEyBRAhGKABSO-DAVAAWOiAAXABeACQAQCYAZ0BoAGhDaoBBDUuMTC4AQPIAQD4AQH4AQLCAgcQIxiKBRgnwgIREC4YgAQYsQMYgwEYxwEY0QPCAgsQLhiKBRixAxiDAcICCxAuGIAEGLEDGIMBwgIREC4YgwEYxwEYsQMY0QMYgATCAgsQLhiABBjHARjRA8ICBxAuGIoFGEPCAgsQABiABBixAxiDAcICBxAAGIoFGEPCAgsQABiKBRixAxiDAcICDhAuGIAEGLEDGMcBGNEDwgIIEC4YgAQYsQPCAhcQLhiDARivARjHARixAxiABBiYBRiZBcICBRAAGIAEwgINEAAYigUYsQMYgwEYQ8ICCBAAGIAEGLEDwgIKEAAYigUYsQMYQ8ICDhAuGMcBGLEDGNEDGIAEwgILEC4YgAQYxwEYrwHCAgsQLhivARjHARiABMICBhAAGBYYHsICCBAAGBYYHhgPiAYB&amp;sclient=gws-wiz-video#fpstate=ive&amp;vld=cid:33004517,vid:fgDGecSM3jM,st:0\" target=\"_blank\" rel=\"noreferrer noopener\">prove di spettacolo<\/a>.<\/p>\n\n\n\n<div class=\"wp-block-image\"><figure class=\"aligncenter size-large is-resized\"><img loading=\"lazy\" decoding=\"async\" src=\"http:\/\/test.teatrodomma.it\/wp-content\/uploads\/2023\/09\/EQUITALIA_-attori-in-scena_3.png\" alt=\"\" class=\"wp-image-17604\" width=\"640\" height=\"360\" srcset=\"https:\/\/www.teatrodomma.it\/wp-content\/uploads\/2023\/09\/EQUITALIA_-attori-in-scena_3.png 640w, https:\/\/www.teatrodomma.it\/wp-content\/uploads\/2023\/09\/EQUITALIA_-attori-in-scena_3-300x169.png 300w, https:\/\/www.teatrodomma.it\/wp-content\/uploads\/2023\/09\/EQUITALIA_-attori-in-scena_3-200x113.png 200w\" sizes=\"(max-width: 640px) 100vw, 640px\" \/><figcaption><strong><em>Massimiliano Aceti e&nbsp;Chiara Mancu<\/em><\/strong>s<strong>o&nbsp;<\/strong><\/figcaption><\/figure><\/div>\n\n\n\n<p><\/p>\n\n\n\n<p><strong>4 febbraio \u2013<\/strong>&nbsp;<strong>LA PRIMA INDAGINE DI MONTALBANO<\/strong>&nbsp;di Andrea Camilleri. Il noto attore-regista e doppiatore&nbsp;<strong><a href=\"http:\/\/www.ritagiorgi.it\/scheda-talent\/massimo-venturiello\/\" target=\"_blank\" rel=\"noreferrer noopener\">Massimo Venturiello<\/a><\/strong>&nbsp;in&nbsp;<em>una pi\u00e8ce teatrale che d\u00e0 vita ai personaggi della penna del grande scrittore siciliano.<\/em>&nbsp;Diplomato presso l\u2019Accademia d\u2019Arte Drammatica Silvio D\u2019Amico a Roma e con molti anni di teatro al suo attivo, Venturiello si \u00e8 dedicato anche al cinema lavorando con grandi registi come Gabriele Salvatores, Sergio Rubini ed Ettore Scola; in televisione ha preso parte a fiction popolari, basti pensare a L\u2019onore e il rispetto e Distretto di Polizia. Ha un fortunato sodalizio artistico, oltre che sentimentale, con la famosa cantante Tosca che a Sanremo nel 2007 ha presentato il brano \u201cIl terzo fuochista\u201d scritto per lei proprio da Venturiello.&nbsp;<em>La prima indagine di Montalbano \u00e8 quella da cui tutto ebbe inizio. Quella in cui prendono vita i personaggi dei successivi numerosi romanzi che hanno conquistato l\u2019interesse di milioni di lettori.<\/em><\/p>\n\n\n\n<div class=\"wp-block-image\"><figure class=\"aligncenter size-large\"><img loading=\"lazy\" decoding=\"async\" width=\"520\" height=\"590\" src=\"http:\/\/test.teatrodomma.it\/wp-content\/uploads\/2023\/09\/Massimo-Venturiello_primopiano.jpg\" alt=\"\" class=\"wp-image-17639\" srcset=\"https:\/\/www.teatrodomma.it\/wp-content\/uploads\/2023\/09\/Massimo-Venturiello_primopiano.jpg 520w, https:\/\/www.teatrodomma.it\/wp-content\/uploads\/2023\/09\/Massimo-Venturiello_primopiano-264x300.jpg 264w, https:\/\/www.teatrodomma.it\/wp-content\/uploads\/2023\/09\/Massimo-Venturiello_primopiano-200x227.jpg 200w\" sizes=\"(max-width: 520px) 100vw, 520px\" \/><figcaption><strong><em>Massimo Venturiello<\/em><\/strong><\/figcaption><\/figure><\/div>\n\n\n\n<p><\/p>\n\n\n\n<p><strong>24 e 25 febbraio \u2013 DIREZIONE LAURENTINA<\/strong>&nbsp;<strong>di e con&nbsp;<a href=\"https:\/\/www.teatrodomma.it\/blog\/interviste\/veronica-liberale-lautrice-di-gregory\/\" target=\"_blank\" rel=\"noreferrer noopener\">Veronica Liberale<\/a><\/strong>, in scena anche&nbsp;<strong>Fatima Ali,&nbsp;<a href=\"https:\/\/www.danieleantonini.net\/\" target=\"_blank\" rel=\"noreferrer noopener\">Daniele Antonini<\/a>,&nbsp;<a href=\"https:\/\/blackewhite.com\/actors\/antonia-di-francesco\/\" target=\"_blank\" rel=\"noreferrer noopener\">Antonia Di Francesco<\/a>, Simone Giacinti,&nbsp;<a href=\"https:\/\/www.teatrodomma.it\/blog\/interviste\/dal-diario-fotografico-di-francesca-pausilli-nel-ruolo-della-mamma-in-gregory\/\" target=\"_blank\" rel=\"noreferrer noopener\">Francesca Pausilli<\/a><\/strong>.&nbsp;<em>Una divertente ed amara favola metropolitana, specchio dei tempi in cui viviamo, dove la paura del diverso ci rende soli e chiusi in noi stessi.<\/em><\/p>\n\n\n\n<div class=\"wp-block-image\"><figure class=\"aligncenter size-large\"><img loading=\"lazy\" decoding=\"async\" width=\"900\" height=\"507\" src=\"http:\/\/test.teatrodomma.it\/wp-content\/uploads\/2023\/09\/Direzione-Laurentina_cast-in-scena-e1695225726681.jpg\" alt=\"\" class=\"wp-image-17681\" srcset=\"https:\/\/www.teatrodomma.it\/wp-content\/uploads\/2023\/09\/Direzione-Laurentina_cast-in-scena-e1695225726681.jpg 900w, https:\/\/www.teatrodomma.it\/wp-content\/uploads\/2023\/09\/Direzione-Laurentina_cast-in-scena-e1695225726681-300x169.jpg 300w, https:\/\/www.teatrodomma.it\/wp-content\/uploads\/2023\/09\/Direzione-Laurentina_cast-in-scena-e1695225726681-768x433.jpg 768w, https:\/\/www.teatrodomma.it\/wp-content\/uploads\/2023\/09\/Direzione-Laurentina_cast-in-scena-e1695225726681-200x113.jpg 200w\" sizes=\"(max-width: 900px) 100vw, 900px\" \/><figcaption>Ve<strong><em>ronica Liberale,&nbsp;Simone Giacinti, Francesca Pausilli e Antonia Di Francesc<\/em>o<\/strong><\/figcaption><\/figure><\/div>\n\n\n\n<p><\/p>\n\n\n\n<p><\/p>\n\n\n\n<p><strong>16 e 17 marzo \u2013 SALI O SCENDO?&nbsp;<\/strong>di e con Danilo De Santis, in scena&nbsp;<strong>con&nbsp;<a href=\"https:\/\/www.mymovies.it\/persone\/roberta-mastromichele\/400791\/\" target=\"_blank\" rel=\"noreferrer noopener\">Roberta Mastromichele<\/a>,&nbsp;<a href=\"https:\/\/www.facebook.com\/profile.php?id=100092870058369\" target=\"_blank\" rel=\"noreferrer noopener\">Chiara Canitano<\/a>,&nbsp;<a href=\"https:\/\/www.rbcasting.com\/rb\/web\/pietroscornavacchi\" target=\"_blank\" rel=\"noreferrer noopener\">Pietro Scornavacchi<\/a>, Eleonora D\u2019Achille<\/strong>.&nbsp;<em>Comicit\u00e0 e riflessione per una commedia sull\u2019amore e sul destino: se \u00e8 vero che il cielo ci invia dei segnali, siamo sicuri di interpretarli nel modo giusto?<\/em>&nbsp;Ecco il<a href=\"https:\/\/www.google.com\/search?q=sali+o+scendo%3F&amp;oq=sali+o+scendo%3F&amp;aqs=chrome..69i57j0i22i30.5320j0j4&amp;sourceid=chrome&amp;ie=UTF-8#fpstate=ive&amp;vld=cid:c637de61,vid:IfX0gMBHRis,st:0\" target=\"_blank\" rel=\"noreferrer noopener\">&nbsp;trailer<\/a>.<\/p>\n\n\n\n<div class=\"wp-block-image\"><figure class=\"aligncenter size-large\"><img loading=\"lazy\" decoding=\"async\" width=\"640\" height=\"960\" src=\"http:\/\/test.teatrodomma.it\/wp-content\/uploads\/2023\/09\/SALI-O-SCENDO_attilio-e-serena.jpg\" alt=\"\" class=\"wp-image-17720\" srcset=\"https:\/\/www.teatrodomma.it\/wp-content\/uploads\/2023\/09\/SALI-O-SCENDO_attilio-e-serena.jpg 640w, https:\/\/www.teatrodomma.it\/wp-content\/uploads\/2023\/09\/SALI-O-SCENDO_attilio-e-serena-200x300.jpg 200w\" sizes=\"(max-width: 640px) 100vw, 640px\" \/><figcaption><em>D<strong>anilo De Santis e&nbsp;Roberta Mastromichel<\/strong><\/em><strong>e<\/strong><\/figcaption><\/figure><\/div>\n\n\n\n<p><\/p>\n\n\n\n<p><strong>13 e 14 aprile \u2013&nbsp;<a href=\"https:\/\/www.youtube.com\/watch?v=SDQAKaxqfv0\" target=\"_blank\" rel=\"noreferrer noopener\">FINO ALLE STELLE<\/a><\/strong>&nbsp;<strong>di e con&nbsp;<a href=\"https:\/\/www.arscreazione.it\/it-ww\/agnese-fallongo.aspx\" target=\"_blank\" rel=\"noreferrer noopener\">Agnese Fallongo<\/a>&nbsp;e&nbsp;<a href=\"https:\/\/www.arscreazione.it\/it-ww\/tiziano-caputo.aspx\" target=\"_blank\" rel=\"noreferrer noopener\">Tiziano Caputo<\/a>.&nbsp;<\/strong><em>Cantastorie siciliano dall\u2019animo poetico, Tonino convince la bella e talentuosa Maria a seguirlo in un\u2019impresa d\u2019arte e di vita, alla ricerca della gloria e del successo.<\/em><\/p>\n\n\n\n<p><strong>4 e 5 maggio \u2013 QUASI UN DIARIO<\/strong>&nbsp;<strong>di e con&nbsp;<a href=\"https:\/\/www.promoterartist.it\/artisti\/attori\/angelo-orlando\/\" target=\"_blank\" rel=\"noreferrer noopener\">Angelo Orlando<\/a><\/strong>.&nbsp;<em>Uno spettacolo di monologhi e musica sugli incontri, sulle scelte, sul perdono e tanti perch\u00e9.&nbsp;<\/em>Sul palco l\u2019attore-regista-sceneggiatore,&nbsp; che ha esordito nei cabaret romani, poi in tv al fianco di Arbore e Costanzo, \u00e8 approdato al cinema grazie a Fellini con \u201cLa voce della luna\u201d, cui ha fatto seguito il premio David di Donatello per Miglior Attore non protagonista di \u201cPensavo fosse amore\u2026invece era un calesse\u201d di M. Troisi.&nbsp;<em>\u201cPer otto anni ho riempito fogli bianchi di un diario e l\u2019ho fatto fino a quando non mi sono accorto che il diario era diventato la vita e la vita un diario<\/em>\u201d confida l\u2019attore sul suo&nbsp;<a href=\"http:\/\/angeloorlando.com\/about-me\/\" target=\"_blank\" rel=\"noreferrer noopener\">sito internet<\/a>&nbsp;\u2013&nbsp;<a href=\"http:\/\/angeloorlando.com\/blog\/\" target=\"_blank\" rel=\"noreferrer noopener\">blog<\/a>:&nbsp;<em>\u201cMeraviglie alla ricerca di Alice perduta. Salvataggi in extremis sull\u2019altra riva, ingiustizie da correggere e parole da trasformare in esperienza da provare.\u201d<\/em><\/p>\n\n\n\n<p class=\"has-background-dark-background-color has-background\"><strong><strong>BIGLIETTERIA SIAE: euro 18,00 intero \/ euro 15,00 ridotto (Under 18 ed Over 65 anni)<em>. <\/em><\/strong>Si pu\u00f2 acquistare <strong>anche tramite la &#8220;Carta del Docente&#8221; e la &#8220;18 App&#8221; degli studenti<em>.<\/em><\/strong><\/strong><\/p>\n\n\n\n<p class=\"has-background-dark-background-color has-background\"><strong>ORARIO BOTTEGHINO: 16:00 \u2013 20:00 dal Lun al Ven &#8211; Prenotazioni<\/strong> <strong>anche via WApp al cell. 3286077138<\/strong> <strong>; email: <a rel=\"noreferrer noopener\" target=\"_blank\" href=\"mailto:teatrodomma@gmail.com\">teatrodomma@gmail.com<\/a><\/strong><\/p>\n","protected":false},"excerpt":{"rendered":"<p>Ecco a voi le date degli spettacoli in cartellone nel 2024. Il palcoscenico \u00e8 lo specchio del mondo nel quale vi invitiamo ad entrare.&nbsp; \u201cLa logica ti porta da A a B, l\u2019immaginazione ti porter\u00e0 ovunque\u201d&nbsp;(Albert Einstein) Albert Einstein, che di certo non era un uomo di teatro, diceva che il vero segno dell\u2019intelligenza non [&hellip;]<\/p>\n","protected":false},"author":3,"featured_media":15249,"comment_status":"closed","ping_status":"open","sticky":false,"template":"","format":"standard","meta":{"saved_in_kubio":false,"footnotes":""},"categories":[14],"tags":[369,251],"class_list":{"0":"post-22112","1":"post","2":"type-post","3":"status-publish","4":"format-standard","5":"has-post-thumbnail","6":"hentry","7":"category-recensioni","8":"tag-stagione-teatrale-2023-2024","9":"tag-teatro-domma","11":"post-with-thumbnail","12":"post-with-thumbnail-large"},"yoast_head":"<!-- This site is optimized with the Yoast SEO plugin v25.8 - https:\/\/yoast.com\/wordpress\/plugins\/seo\/ -->\n<title>Viva il teatro, viva il Domma! - Teatro Domma<\/title>\n<meta name=\"robots\" content=\"index, follow, max-snippet:-1, max-image-preview:large, max-video-preview:-1\" \/>\n<link rel=\"canonical\" href=\"https:\/\/www.teatrodomma.it\/?p=22112\" \/>\n<meta property=\"og:locale\" content=\"it_IT\" \/>\n<meta property=\"og:type\" content=\"article\" \/>\n<meta property=\"og:title\" content=\"Viva il teatro, viva il Domma! - Teatro Domma\" \/>\n<meta property=\"og:description\" content=\"Ecco a voi le date degli spettacoli in cartellone nel 2024. Il palcoscenico \u00e8 lo specchio del mondo nel quale vi invitiamo ad entrare.&nbsp; \u201cLa logica ti porta da A a B, l\u2019immaginazione ti porter\u00e0 ovunque\u201d&nbsp;(Albert Einstein) Albert Einstein, che di certo non era un uomo di teatro, diceva che il vero segno dell\u2019intelligenza non [&hellip;]\" \/>\n<meta property=\"og:url\" content=\"https:\/\/www.teatrodomma.it\/?p=22112\" \/>\n<meta property=\"og:site_name\" content=\"Teatro Domma\" \/>\n<meta property=\"article:publisher\" content=\"https:\/\/www.facebook.com\/p\/Teatro-Domma-61556981831878\/?locale=it_IT\" \/>\n<meta property=\"article:published_time\" content=\"2023-12-30T21:51:00+00:00\" \/>\n<meta property=\"og:image\" content=\"https:\/\/www.teatrodomma.it\/wp-content\/uploads\/2023\/06\/platea-del-Teatro-Domma_grandangolo-dal-palco-e1685985999275.jpg\" \/>\n\t<meta property=\"og:image:width\" content=\"900\" \/>\n\t<meta property=\"og:image:height\" content=\"405\" \/>\n\t<meta property=\"og:image:type\" content=\"image\/jpeg\" \/>\n<meta name=\"author\" content=\"Margherita De Donato\" \/>\n<meta name=\"twitter:card\" content=\"summary_large_image\" \/>\n<meta name=\"twitter:label1\" content=\"Scritto da\" \/>\n\t<meta name=\"twitter:data1\" content=\"Margherita De Donato\" \/>\n\t<meta name=\"twitter:label2\" content=\"Tempo di lettura stimato\" \/>\n\t<meta name=\"twitter:data2\" content=\"5 minuti\" \/>\n<script type=\"application\/ld+json\" class=\"yoast-schema-graph\">{\"@context\":\"https:\/\/schema.org\",\"@graph\":[{\"@type\":\"Article\",\"@id\":\"https:\/\/www.teatrodomma.it\/?p=22112#article\",\"isPartOf\":{\"@id\":\"https:\/\/www.teatrodomma.it\/?p=22112\"},\"author\":{\"name\":\"Margherita De Donato\",\"@id\":\"https:\/\/www.teatrodomma.it\/#\/schema\/person\/8a1f09bf4c695307c8aef38d93aa0e84\"},\"headline\":\"Viva il teatro, viva il Domma!\",\"datePublished\":\"2023-12-30T21:51:00+00:00\",\"mainEntityOfPage\":{\"@id\":\"https:\/\/www.teatrodomma.it\/?p=22112\"},\"wordCount\":811,\"publisher\":{\"@id\":\"https:\/\/www.teatrodomma.it\/#organization\"},\"image\":{\"@id\":\"https:\/\/www.teatrodomma.it\/?p=22112#primaryimage\"},\"thumbnailUrl\":\"https:\/\/www.teatrodomma.it\/wp-content\/uploads\/2023\/06\/platea-del-Teatro-Domma_grandangolo-dal-palco-e1685985999275.jpg\",\"keywords\":[\"Stagione teatrale 2023 2024\",\"teatro domma\"],\"articleSection\":[\"Recensioni\"],\"inLanguage\":\"it-IT\"},{\"@type\":\"WebPage\",\"@id\":\"https:\/\/www.teatrodomma.it\/?p=22112\",\"url\":\"https:\/\/www.teatrodomma.it\/?p=22112\",\"name\":\"Viva il teatro, viva il Domma! - Teatro Domma\",\"isPartOf\":{\"@id\":\"https:\/\/www.teatrodomma.it\/#website\"},\"primaryImageOfPage\":{\"@id\":\"https:\/\/www.teatrodomma.it\/?p=22112#primaryimage\"},\"image\":{\"@id\":\"https:\/\/www.teatrodomma.it\/?p=22112#primaryimage\"},\"thumbnailUrl\":\"https:\/\/www.teatrodomma.it\/wp-content\/uploads\/2023\/06\/platea-del-Teatro-Domma_grandangolo-dal-palco-e1685985999275.jpg\",\"datePublished\":\"2023-12-30T21:51:00+00:00\",\"breadcrumb\":{\"@id\":\"https:\/\/www.teatrodomma.it\/?p=22112#breadcrumb\"},\"inLanguage\":\"it-IT\",\"potentialAction\":[{\"@type\":\"ReadAction\",\"target\":[\"https:\/\/www.teatrodomma.it\/?p=22112\"]}]},{\"@type\":\"ImageObject\",\"inLanguage\":\"it-IT\",\"@id\":\"https:\/\/www.teatrodomma.it\/?p=22112#primaryimage\",\"url\":\"https:\/\/www.teatrodomma.it\/wp-content\/uploads\/2023\/06\/platea-del-Teatro-Domma_grandangolo-dal-palco-e1685985999275.jpg\",\"contentUrl\":\"https:\/\/www.teatrodomma.it\/wp-content\/uploads\/2023\/06\/platea-del-Teatro-Domma_grandangolo-dal-palco-e1685985999275.jpg\",\"width\":900,\"height\":405},{\"@type\":\"BreadcrumbList\",\"@id\":\"https:\/\/www.teatrodomma.it\/?p=22112#breadcrumb\",\"itemListElement\":[{\"@type\":\"ListItem\",\"position\":1,\"name\":\"Home\",\"item\":\"https:\/\/www.teatrodomma.it\/\"},{\"@type\":\"ListItem\",\"position\":2,\"name\":\"Viva il teatro, viva il Domma!\"}]},{\"@type\":\"WebSite\",\"@id\":\"https:\/\/www.teatrodomma.it\/#website\",\"url\":\"https:\/\/www.teatrodomma.it\/\",\"name\":\"Teatro Domma\",\"description\":\"\",\"publisher\":{\"@id\":\"https:\/\/www.teatrodomma.it\/#organization\"},\"potentialAction\":[{\"@type\":\"SearchAction\",\"target\":{\"@type\":\"EntryPoint\",\"urlTemplate\":\"https:\/\/www.teatrodomma.it\/?s={search_term_string}\"},\"query-input\":{\"@type\":\"PropertyValueSpecification\",\"valueRequired\":true,\"valueName\":\"search_term_string\"}}],\"inLanguage\":\"it-IT\"},{\"@type\":\"Organization\",\"@id\":\"https:\/\/www.teatrodomma.it\/#organization\",\"name\":\"Teatro Domma\",\"url\":\"https:\/\/www.teatrodomma.it\/\",\"logo\":{\"@type\":\"ImageObject\",\"inLanguage\":\"it-IT\",\"@id\":\"https:\/\/www.teatrodomma.it\/#\/schema\/logo\/image\/\",\"url\":\"https:\/\/www.teatrodomma.it\/wp-content\/uploads\/2025\/01\/LOGOICON-edited-2.png\",\"contentUrl\":\"https:\/\/www.teatrodomma.it\/wp-content\/uploads\/2025\/01\/LOGOICON-edited-2.png\",\"width\":510,\"height\":287,\"caption\":\"Teatro Domma\"},\"image\":{\"@id\":\"https:\/\/www.teatrodomma.it\/#\/schema\/logo\/image\/\"},\"sameAs\":[\"https:\/\/www.facebook.com\/p\/Teatro-Domma-61556981831878\/?locale=it_IT\",\"https:\/\/www.instagram.com\/teatro_domma\/\"]},{\"@type\":\"Person\",\"@id\":\"https:\/\/www.teatrodomma.it\/#\/schema\/person\/8a1f09bf4c695307c8aef38d93aa0e84\",\"name\":\"Margherita De Donato\",\"image\":{\"@type\":\"ImageObject\",\"inLanguage\":\"it-IT\",\"@id\":\"https:\/\/www.teatrodomma.it\/#\/schema\/person\/image\/\",\"url\":\"https:\/\/secure.gravatar.com\/avatar\/0fbebb2201a984022de9f07361f7fe88cb7fcefd6be5e33abf5559102ec20088?s=96&d=mm&r=g\",\"contentUrl\":\"https:\/\/secure.gravatar.com\/avatar\/0fbebb2201a984022de9f07361f7fe88cb7fcefd6be5e33abf5559102ec20088?s=96&d=mm&r=g\",\"caption\":\"Margherita De Donato\"},\"url\":\"https:\/\/www.teatrodomma.it\/?author=3\"}]}<\/script>\n<!-- \/ Yoast SEO plugin. -->","yoast_head_json":{"title":"Viva il teatro, viva il Domma! - Teatro Domma","robots":{"index":"index","follow":"follow","max-snippet":"max-snippet:-1","max-image-preview":"max-image-preview:large","max-video-preview":"max-video-preview:-1"},"canonical":"https:\/\/www.teatrodomma.it\/?p=22112","og_locale":"it_IT","og_type":"article","og_title":"Viva il teatro, viva il Domma! - Teatro Domma","og_description":"Ecco a voi le date degli spettacoli in cartellone nel 2024. Il palcoscenico \u00e8 lo specchio del mondo nel quale vi invitiamo ad entrare.&nbsp; \u201cLa logica ti porta da A a B, l\u2019immaginazione ti porter\u00e0 ovunque\u201d&nbsp;(Albert Einstein) Albert Einstein, che di certo non era un uomo di teatro, diceva che il vero segno dell\u2019intelligenza non [&hellip;]","og_url":"https:\/\/www.teatrodomma.it\/?p=22112","og_site_name":"Teatro Domma","article_publisher":"https:\/\/www.facebook.com\/p\/Teatro-Domma-61556981831878\/?locale=it_IT","article_published_time":"2023-12-30T21:51:00+00:00","og_image":[{"width":900,"height":405,"url":"https:\/\/www.teatrodomma.it\/wp-content\/uploads\/2023\/06\/platea-del-Teatro-Domma_grandangolo-dal-palco-e1685985999275.jpg","type":"image\/jpeg"}],"author":"Margherita De Donato","twitter_card":"summary_large_image","twitter_misc":{"Scritto da":"Margherita De Donato","Tempo di lettura stimato":"5 minuti"},"schema":{"@context":"https:\/\/schema.org","@graph":[{"@type":"Article","@id":"https:\/\/www.teatrodomma.it\/?p=22112#article","isPartOf":{"@id":"https:\/\/www.teatrodomma.it\/?p=22112"},"author":{"name":"Margherita De Donato","@id":"https:\/\/www.teatrodomma.it\/#\/schema\/person\/8a1f09bf4c695307c8aef38d93aa0e84"},"headline":"Viva il teatro, viva il Domma!","datePublished":"2023-12-30T21:51:00+00:00","mainEntityOfPage":{"@id":"https:\/\/www.teatrodomma.it\/?p=22112"},"wordCount":811,"publisher":{"@id":"https:\/\/www.teatrodomma.it\/#organization"},"image":{"@id":"https:\/\/www.teatrodomma.it\/?p=22112#primaryimage"},"thumbnailUrl":"https:\/\/www.teatrodomma.it\/wp-content\/uploads\/2023\/06\/platea-del-Teatro-Domma_grandangolo-dal-palco-e1685985999275.jpg","keywords":["Stagione teatrale 2023 2024","teatro domma"],"articleSection":["Recensioni"],"inLanguage":"it-IT"},{"@type":"WebPage","@id":"https:\/\/www.teatrodomma.it\/?p=22112","url":"https:\/\/www.teatrodomma.it\/?p=22112","name":"Viva il teatro, viva il Domma! - Teatro Domma","isPartOf":{"@id":"https:\/\/www.teatrodomma.it\/#website"},"primaryImageOfPage":{"@id":"https:\/\/www.teatrodomma.it\/?p=22112#primaryimage"},"image":{"@id":"https:\/\/www.teatrodomma.it\/?p=22112#primaryimage"},"thumbnailUrl":"https:\/\/www.teatrodomma.it\/wp-content\/uploads\/2023\/06\/platea-del-Teatro-Domma_grandangolo-dal-palco-e1685985999275.jpg","datePublished":"2023-12-30T21:51:00+00:00","breadcrumb":{"@id":"https:\/\/www.teatrodomma.it\/?p=22112#breadcrumb"},"inLanguage":"it-IT","potentialAction":[{"@type":"ReadAction","target":["https:\/\/www.teatrodomma.it\/?p=22112"]}]},{"@type":"ImageObject","inLanguage":"it-IT","@id":"https:\/\/www.teatrodomma.it\/?p=22112#primaryimage","url":"https:\/\/www.teatrodomma.it\/wp-content\/uploads\/2023\/06\/platea-del-Teatro-Domma_grandangolo-dal-palco-e1685985999275.jpg","contentUrl":"https:\/\/www.teatrodomma.it\/wp-content\/uploads\/2023\/06\/platea-del-Teatro-Domma_grandangolo-dal-palco-e1685985999275.jpg","width":900,"height":405},{"@type":"BreadcrumbList","@id":"https:\/\/www.teatrodomma.it\/?p=22112#breadcrumb","itemListElement":[{"@type":"ListItem","position":1,"name":"Home","item":"https:\/\/www.teatrodomma.it\/"},{"@type":"ListItem","position":2,"name":"Viva il teatro, viva il Domma!"}]},{"@type":"WebSite","@id":"https:\/\/www.teatrodomma.it\/#website","url":"https:\/\/www.teatrodomma.it\/","name":"Teatro Domma","description":"","publisher":{"@id":"https:\/\/www.teatrodomma.it\/#organization"},"potentialAction":[{"@type":"SearchAction","target":{"@type":"EntryPoint","urlTemplate":"https:\/\/www.teatrodomma.it\/?s={search_term_string}"},"query-input":{"@type":"PropertyValueSpecification","valueRequired":true,"valueName":"search_term_string"}}],"inLanguage":"it-IT"},{"@type":"Organization","@id":"https:\/\/www.teatrodomma.it\/#organization","name":"Teatro Domma","url":"https:\/\/www.teatrodomma.it\/","logo":{"@type":"ImageObject","inLanguage":"it-IT","@id":"https:\/\/www.teatrodomma.it\/#\/schema\/logo\/image\/","url":"https:\/\/www.teatrodomma.it\/wp-content\/uploads\/2025\/01\/LOGOICON-edited-2.png","contentUrl":"https:\/\/www.teatrodomma.it\/wp-content\/uploads\/2025\/01\/LOGOICON-edited-2.png","width":510,"height":287,"caption":"Teatro Domma"},"image":{"@id":"https:\/\/www.teatrodomma.it\/#\/schema\/logo\/image\/"},"sameAs":["https:\/\/www.facebook.com\/p\/Teatro-Domma-61556981831878\/?locale=it_IT","https:\/\/www.instagram.com\/teatro_domma\/"]},{"@type":"Person","@id":"https:\/\/www.teatrodomma.it\/#\/schema\/person\/8a1f09bf4c695307c8aef38d93aa0e84","name":"Margherita De Donato","image":{"@type":"ImageObject","inLanguage":"it-IT","@id":"https:\/\/www.teatrodomma.it\/#\/schema\/person\/image\/","url":"https:\/\/secure.gravatar.com\/avatar\/0fbebb2201a984022de9f07361f7fe88cb7fcefd6be5e33abf5559102ec20088?s=96&d=mm&r=g","contentUrl":"https:\/\/secure.gravatar.com\/avatar\/0fbebb2201a984022de9f07361f7fe88cb7fcefd6be5e33abf5559102ec20088?s=96&d=mm&r=g","caption":"Margherita De Donato"},"url":"https:\/\/www.teatrodomma.it\/?author=3"}]}},"_links":{"self":[{"href":"https:\/\/www.teatrodomma.it\/index.php?rest_route=\/wp\/v2\/posts\/22112","targetHints":{"allow":["GET"]}}],"collection":[{"href":"https:\/\/www.teatrodomma.it\/index.php?rest_route=\/wp\/v2\/posts"}],"about":[{"href":"https:\/\/www.teatrodomma.it\/index.php?rest_route=\/wp\/v2\/types\/post"}],"author":[{"embeddable":true,"href":"https:\/\/www.teatrodomma.it\/index.php?rest_route=\/wp\/v2\/users\/3"}],"replies":[{"embeddable":true,"href":"https:\/\/www.teatrodomma.it\/index.php?rest_route=%2Fwp%2Fv2%2Fcomments&post=22112"}],"version-history":[{"count":0,"href":"https:\/\/www.teatrodomma.it\/index.php?rest_route=\/wp\/v2\/posts\/22112\/revisions"}],"wp:featuredmedia":[{"embeddable":true,"href":"https:\/\/www.teatrodomma.it\/index.php?rest_route=\/wp\/v2\/media\/15249"}],"wp:attachment":[{"href":"https:\/\/www.teatrodomma.it\/index.php?rest_route=%2Fwp%2Fv2%2Fmedia&parent=22112"}],"wp:term":[{"taxonomy":"category","embeddable":true,"href":"https:\/\/www.teatrodomma.it\/index.php?rest_route=%2Fwp%2Fv2%2Fcategories&post=22112"},{"taxonomy":"post_tag","embeddable":true,"href":"https:\/\/www.teatrodomma.it\/index.php?rest_route=%2Fwp%2Fv2%2Ftags&post=22112"}],"curies":[{"name":"wp","href":"https:\/\/api.w.org\/{rel}","templated":true}]}}