{"id":22143,"date":"2024-05-03T17:30:00","date_gmt":"2024-05-03T15:30:00","guid":{"rendered":"https:\/\/www.teatrodomma.it\/?p=22143"},"modified":"2024-05-03T17:30:00","modified_gmt":"2024-05-03T15:30:00","slug":"gli-allievi-della-cds-academy-vi-attendono-per-gli-spettacoli-di-fine-anno-2023-24","status":"publish","type":"post","link":"https:\/\/www.teatrodomma.it\/?p=22143","title":{"rendered":"Gli allievi della CdS Academy vi attendono per gli spettacoli di fine anno 2023-&#8217;24"},"content":{"rendered":"\n<p class=\"has-background-dark-background-color has-background\"><em>Ad ottobre avevamo fatto l&#8217;invito ad iscrivervi ai corsi della CdS Academy<\/em>.<em> Adesso vi invitiamo ad assistere agli spettacoli di coloro, pi\u00f9 intraprendenti, che si sono iscritti!<\/em><\/p>\n\n\n\n<p><strong>I docenti dei laboratori di prosa<\/strong> (<strong><em><a href=\"https:\/\/www.teatrodomma.it\/blog\/amici-del-teatro\/marco-zadra\/\" target=\"_blank\" rel=\"noreferrer noopener\">Marco Zadra<\/a> <\/em>e <em><a href=\"https:\/\/www.teatrodomma.it\/blog\/interviste\/matteo-cirillo-sale-a-bordo-della-cds-theatre-academy-con-il-suo-laboratorio-teatrale\/\" target=\"_blank\" rel=\"noreferrer noopener\">Matteo Cirillo<\/a><\/em><\/strong>) <strong>e quelli di Musica e  Musical<\/strong> (<strong><em><a href=\"https:\/\/www.teatrodomma.it\/blog\/compagni-di-scena\/un-do-di-pettodi-daniele-adriani\/\" target=\"_blank\" rel=\"noreferrer noopener\">Daniele Adriani<\/a><\/em>,<\/strong> <strong><em><a href=\"https:\/\/www.teatrodomma.it\/blog\/interviste\/a-teatro-in-radio-o-in-tv-con-matteo-montalto\/\" target=\"_blank\" rel=\"noreferrer noopener\">Matteo Montalto<\/a><\/em>, <em><a href=\"https:\/\/www.teatrodomma.it\/blog\/interviste\/danzando-ma-non-solo-con-saria-cipollitti\/\" target=\"_blank\" rel=\"noreferrer noopener\">Saria Cipollitti<\/a><\/em><\/strong>, <em><strong><a href=\"https:\/\/it.e-talenta.eu\/members\/profile\/11\/noemi-bordi\" target=\"_blank\" rel=\"noreferrer noopener\">Noemi Bordi<\/a><\/strong><\/em> e <strong><em><a href=\"https:\/\/www.aidmusical.it\/teachers\/marco-paolo-tucci\/\" target=\"_blank\" rel=\"noreferrer noopener\">Marcopaolo Tucci<\/a><\/em><\/strong>) hanno guidato i partecipanti attraverso un percorso sfaccettato e appassionante, che approda ora agli <strong>spettacoli di fine anno<\/strong>, momento unico ed emozionante, dove <strong>dal 21 maggio al 9 giugno <\/strong>si mette in pratica e si sperimenta quanto appreso durante l&#8217;anno. <strong>Gli allievi sono divisi in fasce d&#8217;et\u00e0:<\/strong><\/p>\n\n\n\n<ul class=\"wp-block-list\" id=\"block-8db5077c-3936-4446-a1a2-883062ffd9df\"><li><strong>Kids&nbsp;<\/strong>(6-9 anni)<\/li><li><strong>Junior<\/strong>&nbsp;(8-11 anni)<\/li><li><strong>Young<\/strong>&nbsp;(10-13 anni)<\/li><li><strong>Teen<\/strong>&nbsp;(14-19 anni)<\/li><li><strong>University<\/strong>&nbsp;(20-30 anni)<\/li><li><strong>Senior<\/strong> (over 30)<\/li><\/ul>\n\n\n\n<p><strong>Gli&nbsp;spettacoli&nbsp;dei corsi<\/strong> verranno presentati sul palcoscenico del Teatro Domma, davanti ad un pubblico vero, fatto non soltanto di amici e parenti.<\/p>\n\n\n\n<p class=\"has-text-align-center has-background-dark-background-color has-background\"><strong><strong>CdS MUSIC ACADEMY IN CONCERT (Corso di Strumento, Canto e Danza)<\/strong><\/strong><\/p>\n\n\n\n<p><strong>Domenica 2 giugno:<\/strong><br>\u2022 ore 16:00 <em><strong>(Pianoforte e Violino)<\/strong><\/em><br>\u2022 ore 18:00 <strong><em>(Coro Voci Bianche e Coro Adulti)<\/em><\/strong><br>\u2022 ore 21:00 <strong><em>(Batteria, Corso di Canto individuale e Corso di Danza)<\/em><\/strong><\/p>\n\n\n\n<p><strong>Biglietto<\/strong> <strong>differente per ogni orario e<\/strong> <strong>acquistabile <strong>ad euro 5,00<\/strong><\/strong> <strong>per ciascuna sezione<\/strong> <strong>presso la segreteria (Lun &#8211; Ven ore 16:00-20:00 \/ cell 3286077138)<\/strong>.<\/p>\n\n\n\n<p><strong>I biglietti<\/strong> <strong>per gli spettacoli di prosa e di musical sono acquistabili <strong>ad euro 10,00<\/strong> <\/strong><\/p>\n\n\n\n<p class=\"has-text-align-center has-background-dark-background-color has-background\"><strong>Gli allievi <strong>d<\/strong>ella CdS MUSICAL ACADEMY porteranno in scena:<\/strong><\/p>\n\n\n\n<ul class=\"wp-block-list\"><li><strong>PETER PAN JR. <\/strong><\/li><\/ul>\n\n\n\n<p><strong><em>&#8211; corso YOUNG<\/em><\/strong> Gioved\u00ec 6 giugno, ore 21:00<\/p>\n\n\n\n<p><em><strong>&#8211; corso UNIVERSITY + JUNIOR<\/strong><\/em> Venerd\u00ec 7 giugno, ore 21:00<\/p>\n\n\n\n<p><strong><em>&#8211; corso TEEN<\/em><\/strong> Sabato 8 giugno, ore 17:00 e ore 21:00<\/p>\n\n\n\n<p><strong><em>&#8211; corso SENIOR + KIDS<\/em><\/strong> Domenica 9 giugno, ore 17:00<\/p>\n\n\n\n<div class=\"wp-block-image\"><figure class=\"aligncenter size-large\"><img decoding=\"async\" src=\"https:\/\/www.teatrodomma.it\/wp-content\/uploads\/2024\/05\/PETER-PAN-JR_saggio-2024-Senior-e-Kids_locandina-824x1024.jpg\" alt=\"\" class=\"wp-image-28665\"\/><figcaption><strong><em>Locandina dello spettacolo del<\/em><\/strong> <strong><em>corso SENIOR + KIDS<\/em><\/strong><\/figcaption><\/figure><\/div>\n\n\n\n<p><\/p>\n\n\n\n<p class=\"has-text-align-center has-background-dark-background-color has-background\"><strong>Gli allievi <strong><strong>d<\/strong>ella CdS THEATRE ACADEMY<\/strong> con il maestro Marco Zadra si esibiranno negli spettacoli:<\/strong><\/p>\n\n\n\n<ul class=\"wp-block-list\"><li><strong>PATCHWORK &#8211; <em>corso JUNIOR<\/em><\/strong> Domenica 26 maggio, ore 18:00 &#8211; <em>Un collage delle gag pi\u00f9 divertenti di Marco Zadra, riunite in una serie di sketch che vanno a creare questo spettacolo comico dallo spirito frizzante, interpretate dai suoi piccoli allievi!<\/em><\/li><\/ul>\n\n\n\n<ul class=\"wp-block-list\"><li><strong>RUMORI FUORI SCENA<\/strong> &#8211; <em>Riuscite a immaginare che disastro pu\u00f2 diventare uno spettacolo quando si creano tensioni e litigi tra gli eccentrici membri della compagnia? Lo potrete scoprire con questa esilarante commedia degli errori dove un regista sull&#8217;orlo della disperazione cercher\u00e0 di salvare il suo spettacolo dagli attori pi\u00f9 fuori di testa che ci siano. Tradimenti, bisticci ed equivoci funestano la messa in scena di &#8220;Nothing On&#8221;, che da semplice commedia brillante si trasforma in un vero e proprio disastro epocale.<\/em><\/li><\/ul>\n\n\n\n<p><strong><em>&#8211; corso TEEN <\/em><\/strong> <strong>Cast 1)<\/strong> Marted\u00ec 21 maggio \/ <strong>Cast 2)<\/strong> Mercoled\u00ec 22 maggio, ore 21:00<\/p>\n\n\n\n<p><strong><em>&#8211; corso UNIVERSITY <\/em><\/strong> <strong>Cast 1)<\/strong> Gioved\u00ec 23 maggio \/ <strong>Cast 2<\/strong>) Ven 24 maggio, ore 21:00<\/p>\n\n\n\n<p><strong><em>&#8211; corso SENIOR<\/em><\/strong>  Sabato 25 maggio <strong>Cast 1)<\/strong> ore 17:00  \/ <strong>Cast 2)<\/strong> ore 21:00 <\/p>\n\n\n\n<figure class=\"wp-block-image size-large\"><img decoding=\"async\" src=\"https:\/\/www.teatrodomma.it\/wp-content\/uploads\/2024\/04\/Patchwork_saggio-2024-Junior_Zadra-907x1024.jpg\" alt=\"\" class=\"wp-image-28258\"\/><\/figure>\n\n\n\n<p><\/p>\n\n\n\n<figure class=\"wp-block-image size-large\"><img decoding=\"async\" src=\"https:\/\/www.teatrodomma.it\/wp-content\/uploads\/2024\/04\/Rumori-fuori-scena_saggio_locandina-1024x873.jpg\" alt=\"\" class=\"wp-image-28156\"\/><\/figure>\n\n\n\n<p><\/p>\n\n\n\n<figure class=\"wp-block-image size-large\"><img loading=\"lazy\" decoding=\"async\" width=\"900\" height=\"675\" src=\"https:\/\/www.teatrodomma.it\/wp-content\/uploads\/2022\/09\/Marco-Zadra_con-Proietti-e1671554295947.jpg\" alt=\"\" class=\"wp-image-6497\" srcset=\"https:\/\/www.teatrodomma.it\/wp-content\/uploads\/2022\/09\/Marco-Zadra_con-Proietti-e1671554295947.jpg 900w, https:\/\/www.teatrodomma.it\/wp-content\/uploads\/2022\/09\/Marco-Zadra_con-Proietti-e1671554295947-300x225.jpg 300w, https:\/\/www.teatrodomma.it\/wp-content\/uploads\/2022\/09\/Marco-Zadra_con-Proietti-e1671554295947-768x576.jpg 768w, https:\/\/www.teatrodomma.it\/wp-content\/uploads\/2022\/09\/Marco-Zadra_con-Proietti-e1671554295947-200x150.jpg 200w\" sizes=\"(max-width: 900px) 100vw, 900px\" \/><figcaption><strong><em>Marco Zadra<\/em><\/strong> <strong><em>con Gigi Proietti<\/em><\/strong><\/figcaption><\/figure>\n\n\n\n<p><\/p>\n\n\n\n<p class=\"has-text-align-center has-background-dark-background-color has-background\"><strong>Gli allievi <strong><strong><strong>della CdS THEATRE ACADEMY<\/strong><\/strong> con il maestro<\/strong><\/strong> <strong>Matteo Cirillo si esibiranno in:<\/strong><\/p>\n\n\n\n<ul class=\"wp-block-list\"><li><strong>TELEFIABA &#8211; <em>corso KIDS<\/em><\/strong> Gioved\u00ec 30 maggio, ore 18:00<em> &#8211; Un&#8217;avventura straordinaria, persi nello studio televisivo pi\u00f9 magico che ci sia, con fate, principi e folletti pi\u00f9 famosi delle fiabe!<\/em><\/li><\/ul>\n\n\n\n<ul class=\"wp-block-list\"><li><strong>SOGNO DI UNA NOTTE DI MEZZA ESTATE &#8211;<em> corso YOUNG<\/em><\/strong> Venerd\u00ec 31 maggio, ore 21:00 &#8211; <em>Una commedia intrisa di amore, magia e avventure. Le peripezie di giovani amanti, fate e artigiani in un viaggio incantevole che sorprende e diverte. Il potere dell&#8217;amore e della fantasia inun&#8217;affascinante produzione teatrale. Sogna con noi, sogna con Shakespeare.<\/em><\/li><\/ul>\n\n\n\n<ul class=\"wp-block-list\"><li><strong>(QUASI) BUONA LA PRIMA &#8211; <em>corso SENIOR<\/em><\/strong> Sabato 1 giugno, ore 21:00 &#8211; <em>Un viaggio alla scoperta di idee e riflessioni, tutte frutto della creativit\u00e0 femminile delle allieve del maestro Matteo Cirillo, che porteranno in scena questo collage nato dall&#8217;improvvisazione, ma che si riveler\u00e0 un vero e proprio spettacolo ricco di impegno e profondit\u00e0.<\/em><\/li><\/ul>\n\n\n\n<div class=\"wp-block-image\"><figure class=\"aligncenter size-large\"><img decoding=\"async\" src=\"https:\/\/www.teatrodomma.it\/wp-content\/uploads\/2024\/04\/Telefiaba_saggio-2024-Kids_Cirillo-908x1024.jpg\" alt=\"\" class=\"wp-image-28260\"\/><\/figure><\/div>\n\n\n\n<p><\/p>\n\n\n\n<div class=\"wp-block-image\"><figure class=\"aligncenter size-large\"><img decoding=\"async\" src=\"https:\/\/www.teatrodomma.it\/wp-content\/uploads\/2024\/05\/Sogno-Notte-Mezza-Estate_saggio-2024-Young_Cirillo-807x1024.jpg\" alt=\"\" class=\"wp-image-28587\"\/><\/figure><\/div>\n\n\n\n<p><\/p>\n\n\n\n<div class=\"wp-block-image\"><figure class=\"aligncenter size-large\"><img loading=\"lazy\" decoding=\"async\" width=\"822\" height=\"1024\" src=\"http:\/\/test.teatrodomma.it\/wp-content\/uploads\/2024\/05\/Quasi-Buona-la-Prima_saggio-2024-Senior_Cirillo-822x1024.jpg\" alt=\"\" class=\"wp-image-28588\" srcset=\"https:\/\/www.teatrodomma.it\/wp-content\/uploads\/2024\/05\/Quasi-Buona-la-Prima_saggio-2024-Senior_Cirillo-822x1024.jpg 822w, https:\/\/www.teatrodomma.it\/wp-content\/uploads\/2024\/05\/Quasi-Buona-la-Prima_saggio-2024-Senior_Cirillo-241x300.jpg 241w, https:\/\/www.teatrodomma.it\/wp-content\/uploads\/2024\/05\/Quasi-Buona-la-Prima_saggio-2024-Senior_Cirillo-768x957.jpg 768w, https:\/\/www.teatrodomma.it\/wp-content\/uploads\/2024\/05\/Quasi-Buona-la-Prima_saggio-2024-Senior_Cirillo-200x249.jpg 200w, https:\/\/www.teatrodomma.it\/wp-content\/uploads\/2024\/05\/Quasi-Buona-la-Prima_saggio-2024-Senior_Cirillo.jpg 858w\" sizes=\"(max-width: 822px) 100vw, 822px\" \/><\/figure><\/div>\n\n\n\n<p><\/p>\n\n\n\n<figure class=\"wp-block-image size-large\"><img decoding=\"async\" src=\"https:\/\/www.teatrodomma.it\/wp-content\/uploads\/2023\/09\/Matteo-Cirillo_INTERNET-SPARITO_Premio-del-Pubblico-al-Biopic-short-festival-1024x683.jpg\" alt=\"\" class=\"wp-image-21958\"\/><figcaption><strong><em>Matteo Cirillo<\/em><\/strong><\/figcaption><\/figure>\n\n\n\n<p><\/p>\n\n\n\n<p class=\"has-background-dark-background-color has-background\"><strong>E allora forza, tutti in sala! Per essere insieme protagonisti del gioco pi\u00f9 bello del mondo, un gioco alla portata di tutti!<\/strong> <strong>GIOCHIAMO A FARE TEATRO!<\/strong><\/p>\n","protected":false},"excerpt":{"rendered":"<p>Ad ottobre avevamo fatto l&#8217;invito ad iscrivervi ai corsi della CdS Academy. Adesso vi invitiamo ad assistere agli spettacoli di coloro, pi\u00f9 intraprendenti, che si sono iscritti! I docenti dei laboratori di prosa (Marco Zadra e Matteo Cirillo) e quelli di Musica e Musical (Daniele Adriani, Matteo Montalto, Saria Cipollitti, Noemi Bordi e Marcopaolo Tucci) [&hellip;]<\/p>\n","protected":false},"author":3,"featured_media":15251,"comment_status":"closed","ping_status":"open","sticky":false,"template":"","format":"standard","meta":{"saved_in_kubio":false,"footnotes":""},"categories":[33],"tags":[49,165,262,253,363,260,85,17,293,218,237,251],"class_list":{"0":"post-22143","1":"post","2":"type-post","3":"status-publish","4":"format-standard","5":"has-post-thumbnail","6":"hentry","7":"category-compagni-di-scena","8":"tag-cds-academy","9":"tag-cds-musical-academy","10":"tag-cds-senior","11":"tag-cds-teen","12":"tag-cds-theatre-academy","13":"tag-cds-young","14":"tag-daniele-adriani","15":"tag-marco-zadra","16":"tag-matteo-cirillo","17":"tag-matteo-montalto","18":"tag-saria-cipollitti","19":"tag-teatro-domma","21":"post-with-thumbnail","22":"post-with-thumbnail-large"},"yoast_head":"<!-- This site is optimized with the Yoast SEO plugin v25.8 - https:\/\/yoast.com\/wordpress\/plugins\/seo\/ -->\n<title>Gli allievi della CdS Academy vi attendono per gli spettacoli di fine anno 2023-&#039;24 - Teatro Domma<\/title>\n<meta name=\"robots\" content=\"index, follow, max-snippet:-1, max-image-preview:large, max-video-preview:-1\" \/>\n<link rel=\"canonical\" href=\"https:\/\/www.teatrodomma.it\/?p=22143\" \/>\n<meta property=\"og:locale\" content=\"it_IT\" \/>\n<meta property=\"og:type\" content=\"article\" \/>\n<meta property=\"og:title\" content=\"Gli allievi della CdS Academy vi attendono per gli spettacoli di fine anno 2023-&#039;24 - Teatro Domma\" \/>\n<meta property=\"og:description\" content=\"Ad ottobre avevamo fatto l&#8217;invito ad iscrivervi ai corsi della CdS Academy. Adesso vi invitiamo ad assistere agli spettacoli di coloro, pi\u00f9 intraprendenti, che si sono iscritti! I docenti dei laboratori di prosa (Marco Zadra e Matteo Cirillo) e quelli di Musica e Musical (Daniele Adriani, Matteo Montalto, Saria Cipollitti, Noemi Bordi e Marcopaolo Tucci) [&hellip;]\" \/>\n<meta property=\"og:url\" content=\"https:\/\/www.teatrodomma.it\/?p=22143\" \/>\n<meta property=\"og:site_name\" content=\"Teatro Domma\" \/>\n<meta property=\"article:publisher\" content=\"https:\/\/www.facebook.com\/p\/Teatro-Domma-61556981831878\/?locale=it_IT\" \/>\n<meta property=\"article:published_time\" content=\"2024-05-03T15:30:00+00:00\" \/>\n<meta property=\"og:image\" content=\"https:\/\/www.teatrodomma.it\/wp-content\/uploads\/2023\/06\/platea-del-Teatro-Domma-e1685986081635.jpg\" \/>\n\t<meta property=\"og:image:width\" content=\"900\" \/>\n\t<meta property=\"og:image:height\" content=\"675\" \/>\n\t<meta property=\"og:image:type\" content=\"image\/jpeg\" \/>\n<meta name=\"author\" content=\"Margherita De Donato\" \/>\n<meta name=\"twitter:card\" content=\"summary_large_image\" \/>\n<meta name=\"twitter:label1\" content=\"Scritto da\" \/>\n\t<meta name=\"twitter:data1\" content=\"Margherita De Donato\" \/>\n\t<meta name=\"twitter:label2\" content=\"Tempo di lettura stimato\" \/>\n\t<meta name=\"twitter:data2\" content=\"5 minuti\" \/>\n<script type=\"application\/ld+json\" class=\"yoast-schema-graph\">{\"@context\":\"https:\/\/schema.org\",\"@graph\":[{\"@type\":\"Article\",\"@id\":\"https:\/\/www.teatrodomma.it\/?p=22143#article\",\"isPartOf\":{\"@id\":\"https:\/\/www.teatrodomma.it\/?p=22143\"},\"author\":{\"name\":\"Margherita De Donato\",\"@id\":\"https:\/\/www.teatrodomma.it\/#\/schema\/person\/8a1f09bf4c695307c8aef38d93aa0e84\"},\"headline\":\"Gli allievi della CdS Academy vi attendono per gli spettacoli di fine anno 2023-&#8217;24\",\"datePublished\":\"2024-05-03T15:30:00+00:00\",\"mainEntityOfPage\":{\"@id\":\"https:\/\/www.teatrodomma.it\/?p=22143\"},\"wordCount\":628,\"publisher\":{\"@id\":\"https:\/\/www.teatrodomma.it\/#organization\"},\"image\":{\"@id\":\"https:\/\/www.teatrodomma.it\/?p=22143#primaryimage\"},\"thumbnailUrl\":\"https:\/\/www.teatrodomma.it\/wp-content\/uploads\/2023\/06\/platea-del-Teatro-Domma-e1685986081635.jpg\",\"keywords\":[\"Cds Academy\",\"CdS Musical Academy\",\"CdS Senior\",\"CdS Teen\",\"CdS Theatre Academy\",\"CdS Young\",\"Daniele Adriani\",\"Marco Zadra\",\"Matteo Cirillo\",\"Matteo Montalto\",\"Saria Cipollitti\",\"teatro domma\"],\"articleSection\":[\"Compagni di Scena\"],\"inLanguage\":\"it-IT\"},{\"@type\":\"WebPage\",\"@id\":\"https:\/\/www.teatrodomma.it\/?p=22143\",\"url\":\"https:\/\/www.teatrodomma.it\/?p=22143\",\"name\":\"Gli allievi della CdS Academy vi attendono per gli spettacoli di fine anno 2023-'24 - Teatro Domma\",\"isPartOf\":{\"@id\":\"https:\/\/www.teatrodomma.it\/#website\"},\"primaryImageOfPage\":{\"@id\":\"https:\/\/www.teatrodomma.it\/?p=22143#primaryimage\"},\"image\":{\"@id\":\"https:\/\/www.teatrodomma.it\/?p=22143#primaryimage\"},\"thumbnailUrl\":\"https:\/\/www.teatrodomma.it\/wp-content\/uploads\/2023\/06\/platea-del-Teatro-Domma-e1685986081635.jpg\",\"datePublished\":\"2024-05-03T15:30:00+00:00\",\"breadcrumb\":{\"@id\":\"https:\/\/www.teatrodomma.it\/?p=22143#breadcrumb\"},\"inLanguage\":\"it-IT\",\"potentialAction\":[{\"@type\":\"ReadAction\",\"target\":[\"https:\/\/www.teatrodomma.it\/?p=22143\"]}]},{\"@type\":\"ImageObject\",\"inLanguage\":\"it-IT\",\"@id\":\"https:\/\/www.teatrodomma.it\/?p=22143#primaryimage\",\"url\":\"https:\/\/www.teatrodomma.it\/wp-content\/uploads\/2023\/06\/platea-del-Teatro-Domma-e1685986081635.jpg\",\"contentUrl\":\"https:\/\/www.teatrodomma.it\/wp-content\/uploads\/2023\/06\/platea-del-Teatro-Domma-e1685986081635.jpg\",\"width\":900,\"height\":675},{\"@type\":\"BreadcrumbList\",\"@id\":\"https:\/\/www.teatrodomma.it\/?p=22143#breadcrumb\",\"itemListElement\":[{\"@type\":\"ListItem\",\"position\":1,\"name\":\"Home\",\"item\":\"https:\/\/www.teatrodomma.it\/\"},{\"@type\":\"ListItem\",\"position\":2,\"name\":\"Gli allievi della CdS Academy vi attendono per gli spettacoli di fine anno 2023-&#8217;24\"}]},{\"@type\":\"WebSite\",\"@id\":\"https:\/\/www.teatrodomma.it\/#website\",\"url\":\"https:\/\/www.teatrodomma.it\/\",\"name\":\"Teatro Domma\",\"description\":\"\",\"publisher\":{\"@id\":\"https:\/\/www.teatrodomma.it\/#organization\"},\"potentialAction\":[{\"@type\":\"SearchAction\",\"target\":{\"@type\":\"EntryPoint\",\"urlTemplate\":\"https:\/\/www.teatrodomma.it\/?s={search_term_string}\"},\"query-input\":{\"@type\":\"PropertyValueSpecification\",\"valueRequired\":true,\"valueName\":\"search_term_string\"}}],\"inLanguage\":\"it-IT\"},{\"@type\":\"Organization\",\"@id\":\"https:\/\/www.teatrodomma.it\/#organization\",\"name\":\"Teatro Domma\",\"url\":\"https:\/\/www.teatrodomma.it\/\",\"logo\":{\"@type\":\"ImageObject\",\"inLanguage\":\"it-IT\",\"@id\":\"https:\/\/www.teatrodomma.it\/#\/schema\/logo\/image\/\",\"url\":\"https:\/\/www.teatrodomma.it\/wp-content\/uploads\/2025\/01\/LOGOICON-edited-2.png\",\"contentUrl\":\"https:\/\/www.teatrodomma.it\/wp-content\/uploads\/2025\/01\/LOGOICON-edited-2.png\",\"width\":510,\"height\":287,\"caption\":\"Teatro Domma\"},\"image\":{\"@id\":\"https:\/\/www.teatrodomma.it\/#\/schema\/logo\/image\/\"},\"sameAs\":[\"https:\/\/www.facebook.com\/p\/Teatro-Domma-61556981831878\/?locale=it_IT\",\"https:\/\/www.instagram.com\/teatro_domma\/\"]},{\"@type\":\"Person\",\"@id\":\"https:\/\/www.teatrodomma.it\/#\/schema\/person\/8a1f09bf4c695307c8aef38d93aa0e84\",\"name\":\"Margherita De Donato\",\"image\":{\"@type\":\"ImageObject\",\"inLanguage\":\"it-IT\",\"@id\":\"https:\/\/www.teatrodomma.it\/#\/schema\/person\/image\/\",\"url\":\"https:\/\/secure.gravatar.com\/avatar\/0fbebb2201a984022de9f07361f7fe88cb7fcefd6be5e33abf5559102ec20088?s=96&d=mm&r=g\",\"contentUrl\":\"https:\/\/secure.gravatar.com\/avatar\/0fbebb2201a984022de9f07361f7fe88cb7fcefd6be5e33abf5559102ec20088?s=96&d=mm&r=g\",\"caption\":\"Margherita De Donato\"},\"url\":\"https:\/\/www.teatrodomma.it\/?author=3\"}]}<\/script>\n<!-- \/ Yoast SEO plugin. -->","yoast_head_json":{"title":"Gli allievi della CdS Academy vi attendono per gli spettacoli di fine anno 2023-'24 - Teatro Domma","robots":{"index":"index","follow":"follow","max-snippet":"max-snippet:-1","max-image-preview":"max-image-preview:large","max-video-preview":"max-video-preview:-1"},"canonical":"https:\/\/www.teatrodomma.it\/?p=22143","og_locale":"it_IT","og_type":"article","og_title":"Gli allievi della CdS Academy vi attendono per gli spettacoli di fine anno 2023-'24 - Teatro Domma","og_description":"Ad ottobre avevamo fatto l&#8217;invito ad iscrivervi ai corsi della CdS Academy. Adesso vi invitiamo ad assistere agli spettacoli di coloro, pi\u00f9 intraprendenti, che si sono iscritti! I docenti dei laboratori di prosa (Marco Zadra e Matteo Cirillo) e quelli di Musica e Musical (Daniele Adriani, Matteo Montalto, Saria Cipollitti, Noemi Bordi e Marcopaolo Tucci) [&hellip;]","og_url":"https:\/\/www.teatrodomma.it\/?p=22143","og_site_name":"Teatro Domma","article_publisher":"https:\/\/www.facebook.com\/p\/Teatro-Domma-61556981831878\/?locale=it_IT","article_published_time":"2024-05-03T15:30:00+00:00","og_image":[{"width":900,"height":675,"url":"https:\/\/www.teatrodomma.it\/wp-content\/uploads\/2023\/06\/platea-del-Teatro-Domma-e1685986081635.jpg","type":"image\/jpeg"}],"author":"Margherita De Donato","twitter_card":"summary_large_image","twitter_misc":{"Scritto da":"Margherita De Donato","Tempo di lettura stimato":"5 minuti"},"schema":{"@context":"https:\/\/schema.org","@graph":[{"@type":"Article","@id":"https:\/\/www.teatrodomma.it\/?p=22143#article","isPartOf":{"@id":"https:\/\/www.teatrodomma.it\/?p=22143"},"author":{"name":"Margherita De Donato","@id":"https:\/\/www.teatrodomma.it\/#\/schema\/person\/8a1f09bf4c695307c8aef38d93aa0e84"},"headline":"Gli allievi della CdS Academy vi attendono per gli spettacoli di fine anno 2023-&#8217;24","datePublished":"2024-05-03T15:30:00+00:00","mainEntityOfPage":{"@id":"https:\/\/www.teatrodomma.it\/?p=22143"},"wordCount":628,"publisher":{"@id":"https:\/\/www.teatrodomma.it\/#organization"},"image":{"@id":"https:\/\/www.teatrodomma.it\/?p=22143#primaryimage"},"thumbnailUrl":"https:\/\/www.teatrodomma.it\/wp-content\/uploads\/2023\/06\/platea-del-Teatro-Domma-e1685986081635.jpg","keywords":["Cds Academy","CdS Musical Academy","CdS Senior","CdS Teen","CdS Theatre Academy","CdS Young","Daniele Adriani","Marco Zadra","Matteo Cirillo","Matteo Montalto","Saria Cipollitti","teatro domma"],"articleSection":["Compagni di Scena"],"inLanguage":"it-IT"},{"@type":"WebPage","@id":"https:\/\/www.teatrodomma.it\/?p=22143","url":"https:\/\/www.teatrodomma.it\/?p=22143","name":"Gli allievi della CdS Academy vi attendono per gli spettacoli di fine anno 2023-'24 - Teatro Domma","isPartOf":{"@id":"https:\/\/www.teatrodomma.it\/#website"},"primaryImageOfPage":{"@id":"https:\/\/www.teatrodomma.it\/?p=22143#primaryimage"},"image":{"@id":"https:\/\/www.teatrodomma.it\/?p=22143#primaryimage"},"thumbnailUrl":"https:\/\/www.teatrodomma.it\/wp-content\/uploads\/2023\/06\/platea-del-Teatro-Domma-e1685986081635.jpg","datePublished":"2024-05-03T15:30:00+00:00","breadcrumb":{"@id":"https:\/\/www.teatrodomma.it\/?p=22143#breadcrumb"},"inLanguage":"it-IT","potentialAction":[{"@type":"ReadAction","target":["https:\/\/www.teatrodomma.it\/?p=22143"]}]},{"@type":"ImageObject","inLanguage":"it-IT","@id":"https:\/\/www.teatrodomma.it\/?p=22143#primaryimage","url":"https:\/\/www.teatrodomma.it\/wp-content\/uploads\/2023\/06\/platea-del-Teatro-Domma-e1685986081635.jpg","contentUrl":"https:\/\/www.teatrodomma.it\/wp-content\/uploads\/2023\/06\/platea-del-Teatro-Domma-e1685986081635.jpg","width":900,"height":675},{"@type":"BreadcrumbList","@id":"https:\/\/www.teatrodomma.it\/?p=22143#breadcrumb","itemListElement":[{"@type":"ListItem","position":1,"name":"Home","item":"https:\/\/www.teatrodomma.it\/"},{"@type":"ListItem","position":2,"name":"Gli allievi della CdS Academy vi attendono per gli spettacoli di fine anno 2023-&#8217;24"}]},{"@type":"WebSite","@id":"https:\/\/www.teatrodomma.it\/#website","url":"https:\/\/www.teatrodomma.it\/","name":"Teatro Domma","description":"","publisher":{"@id":"https:\/\/www.teatrodomma.it\/#organization"},"potentialAction":[{"@type":"SearchAction","target":{"@type":"EntryPoint","urlTemplate":"https:\/\/www.teatrodomma.it\/?s={search_term_string}"},"query-input":{"@type":"PropertyValueSpecification","valueRequired":true,"valueName":"search_term_string"}}],"inLanguage":"it-IT"},{"@type":"Organization","@id":"https:\/\/www.teatrodomma.it\/#organization","name":"Teatro Domma","url":"https:\/\/www.teatrodomma.it\/","logo":{"@type":"ImageObject","inLanguage":"it-IT","@id":"https:\/\/www.teatrodomma.it\/#\/schema\/logo\/image\/","url":"https:\/\/www.teatrodomma.it\/wp-content\/uploads\/2025\/01\/LOGOICON-edited-2.png","contentUrl":"https:\/\/www.teatrodomma.it\/wp-content\/uploads\/2025\/01\/LOGOICON-edited-2.png","width":510,"height":287,"caption":"Teatro Domma"},"image":{"@id":"https:\/\/www.teatrodomma.it\/#\/schema\/logo\/image\/"},"sameAs":["https:\/\/www.facebook.com\/p\/Teatro-Domma-61556981831878\/?locale=it_IT","https:\/\/www.instagram.com\/teatro_domma\/"]},{"@type":"Person","@id":"https:\/\/www.teatrodomma.it\/#\/schema\/person\/8a1f09bf4c695307c8aef38d93aa0e84","name":"Margherita De Donato","image":{"@type":"ImageObject","inLanguage":"it-IT","@id":"https:\/\/www.teatrodomma.it\/#\/schema\/person\/image\/","url":"https:\/\/secure.gravatar.com\/avatar\/0fbebb2201a984022de9f07361f7fe88cb7fcefd6be5e33abf5559102ec20088?s=96&d=mm&r=g","contentUrl":"https:\/\/secure.gravatar.com\/avatar\/0fbebb2201a984022de9f07361f7fe88cb7fcefd6be5e33abf5559102ec20088?s=96&d=mm&r=g","caption":"Margherita De Donato"},"url":"https:\/\/www.teatrodomma.it\/?author=3"}]}},"_links":{"self":[{"href":"https:\/\/www.teatrodomma.it\/index.php?rest_route=\/wp\/v2\/posts\/22143","targetHints":{"allow":["GET"]}}],"collection":[{"href":"https:\/\/www.teatrodomma.it\/index.php?rest_route=\/wp\/v2\/posts"}],"about":[{"href":"https:\/\/www.teatrodomma.it\/index.php?rest_route=\/wp\/v2\/types\/post"}],"author":[{"embeddable":true,"href":"https:\/\/www.teatrodomma.it\/index.php?rest_route=\/wp\/v2\/users\/3"}],"replies":[{"embeddable":true,"href":"https:\/\/www.teatrodomma.it\/index.php?rest_route=%2Fwp%2Fv2%2Fcomments&post=22143"}],"version-history":[{"count":0,"href":"https:\/\/www.teatrodomma.it\/index.php?rest_route=\/wp\/v2\/posts\/22143\/revisions"}],"wp:featuredmedia":[{"embeddable":true,"href":"https:\/\/www.teatrodomma.it\/index.php?rest_route=\/wp\/v2\/media\/15251"}],"wp:attachment":[{"href":"https:\/\/www.teatrodomma.it\/index.php?rest_route=%2Fwp%2Fv2%2Fmedia&parent=22143"}],"wp:term":[{"taxonomy":"category","embeddable":true,"href":"https:\/\/www.teatrodomma.it\/index.php?rest_route=%2Fwp%2Fv2%2Fcategories&post=22143"},{"taxonomy":"post_tag","embeddable":true,"href":"https:\/\/www.teatrodomma.it\/index.php?rest_route=%2Fwp%2Fv2%2Ftags&post=22143"}],"curies":[{"name":"wp","href":"https:\/\/api.w.org\/{rel}","templated":true}]}}