{"id":22203,"date":"2023-12-19T15:00:00","date_gmt":"2023-12-19T14:00:00","guid":{"rendered":"https:\/\/www.teatrodomma.it\/?p=22203"},"modified":"2025-12-06T20:23:11","modified_gmt":"2025-12-06T19:23:11","slug":"the-parrock-sul-palco-del-teatro-domma-per-un-concerto-di-beneficenza","status":"publish","type":"post","link":"https:\/\/www.teatrodomma.it\/?p=22203","title":{"rendered":"THE PARROCK sul palco del Teatro Domma per un concerto di beneficenza"},"content":{"rendered":"\n<p class=\"has-background-dark-background-color has-background\"><em>28 dicembre, una data da segnare<\/em> <em>in agenda per una doppia finalit\u00e0: contribuire ad una raccolta per aiutare una famiglia italiana in difficolt\u00e0<\/em>,<em> residente in Ucraina, e passare una piacevole serata in musica offerta dal gruppo The ParRock.<\/em><\/p>\n\n\n\n<p><strong>La band musicale \u00e8 capitanata da don Simone <\/strong><em>(di San Carlo da Sezze)<\/em><strong> e don Fabio<\/strong> <em>(di Santa Melania jr)<\/em>, <strong>due parroci amici d&#8217;infanzia <\/strong>che hanno frequentato lo stesso seminario e <strong>che hanno avuto l&#8217;idea di riunire attorno a s\u00e9 alcuni dei loro parrocchiani appassionati di musica, in particolare del rock<\/strong>.<\/p>\n\n\n\n<p><strong>Dall&#8217;unione delle forze delle due parrocchie e dalla crasi tra le parole <em>&#8220;parroci + rock&#8221;<\/em><\/strong> \u00e8 scaturito il nome &#8220;<strong><em>The ParRock<\/em><\/strong>&#8221; per il gruppo, formato in occasione del decennale di ordinazione dei due sacerdoti, con lo scopo di lanciare un autofinanziamento per consentire ai giovani di partecipare alla GMG 2023 a Lisbona.<\/p>\n\n\n\n<p>Per questo &#8220;<strong><em>Christmas<\/em> <em>in Rock<\/em><\/strong>&#8220;, <strong>sul palco<\/strong> <strong>del Teatro Domma<\/strong> con don Simone Giovannella <em><strong>(frontman e voce solista)<\/strong><\/em> e don Fabio Vellucci <em><strong>(batteria)<\/strong> <\/em>saliranno Giorgio Boscariol <em><strong>(basso)<\/strong><\/em>, Marco Arrivas <em><strong>(chitarra solista)<\/strong><\/em>, Marco Crimolini <em><strong>(chitarra ritmica)<\/strong><\/em>, Matteo Muggianu<strong> <em>(tastiere)<\/em><\/strong> e come <em><strong>coriste<\/strong><\/em> Margherita &#8216;Titti&#8217; De Donato e Rosamaria Amato, un piacevole nuovo acquisto per il gruppo, che canter\u00e0 anche &#8220;L&#8217;angelo biondo&#8221; in duo con don Simone e &#8220;Oh Holy Night&#8221; da solista. <strong>Il concerto sar\u00e0 aperto da una<\/strong> <em><strong>performance di danza<\/strong><\/em> di Chiara Chiriani. Di supporto alla consolle audio e luci, i giovani<em> <strong>tecnici<\/strong><\/em> Alessio Tomellini e Simone Fogliazza. <\/p>\n\n\n\n<p><strong><a href=\"https:\/\/www.raiplay.it\/video\/2023\/12\/zecchino-d-oro-le-canzoni-animate-dell-avvento-e7-e-natale-696acf53-01b2-4a90-93a7-ce709a7b03f0.html?wt_mc=2.app.fb.raiplay_prg_Zecchino%20d%27Oro%20-%20Le%20canzoni%20animate%20dell%27Avvento%20-%20E7%20-%20%C3%88%20Natale.&amp;wt&amp;fbclid=IwAR1AUxTe74m14Rt1x4pcUVD6E8vhvSNqNBwoU4rZ0PPXOPUC5sGVR9bsqv8\" target=\"_blank\" rel=\"noreferrer noopener\">E&#8217; NATALE<\/a><\/strong>. Inutile dire che, trattandosi di un <strong><em>Christmas Event<\/em><\/strong>, il repertorio sar\u00e0 di musiche natalizie, ma non solo, per una serata che si preannuncia spumeggiante. <strong>Non ci \u00e8 consentito spoilerarne totalmente la scaletta<\/strong> di undici pezzi, ma possiamo dire che <strong>come canzoni di Natale figurano sei brani:<\/strong> <em>JINGLE BELLS ROCK, OH HOLY NIGHT, THANK GOD IS CHRISTMAS, CHRISTMAS PUNK MEDLEY, SILENT NIGHT, HAPPY XMAS.<\/em> Cominciate a ripassarle!<\/p>\n\n\n\n<figure class=\"wp-block-image size-full\"><img loading=\"lazy\" decoding=\"async\" width=\"900\" height=\"552\" src=\"http:\/\/www.teatrodomma.it\/wp-content\/uploads\/2023\/12\/THE-PARROCK_logo_debutto-21042023-e1702147544466.jpg\" alt=\"\" class=\"wp-image-22223\" srcset=\"https:\/\/www.teatrodomma.it\/wp-content\/uploads\/2023\/12\/THE-PARROCK_logo_debutto-21042023-e1702147544466.jpg 900w, https:\/\/www.teatrodomma.it\/wp-content\/uploads\/2023\/12\/THE-PARROCK_logo_debutto-21042023-e1702147544466-300x184.jpg 300w, https:\/\/www.teatrodomma.it\/wp-content\/uploads\/2023\/12\/THE-PARROCK_logo_debutto-21042023-e1702147544466-768x471.jpg 768w, https:\/\/www.teatrodomma.it\/wp-content\/uploads\/2023\/12\/THE-PARROCK_logo_debutto-21042023-e1702147544466-200x123.jpg 200w\" sizes=\"(max-width: 900px) 100vw, 900px\" \/><\/figure>\n\n\n\n<p class=\"has-text-align-center\"><strong><em>Logo dei primi concerti della band<\/em><\/strong><\/p>\n\n\n\n<p><strong>Il debutto assoluto della band era avvenuto il 21 aprile nel cortile del Centro giovanile &#8220;Madonna di Loreto&#8221;, situato alle spalle della parrocchia San Carlo da Sezze alla Madonnetta<\/strong>, dove erano stati allestiti il palco e vari stand gastronomici per la vendita di gustose cibarie, dolci e salate, accompagnate da birra alla spina.<\/p>\n\n\n\n<figure class=\"wp-block-image size-full\"><img loading=\"lazy\" decoding=\"async\" width=\"900\" height=\"506\" src=\"http:\/\/www.teatrodomma.it\/wp-content\/uploads\/2023\/12\/THE-PARROCK_sul-palco-21042023-e1702148361346.jpg\" alt=\"\" class=\"wp-image-22231\" srcset=\"https:\/\/www.teatrodomma.it\/wp-content\/uploads\/2023\/12\/THE-PARROCK_sul-palco-21042023-e1702148361346.jpg 900w, https:\/\/www.teatrodomma.it\/wp-content\/uploads\/2023\/12\/THE-PARROCK_sul-palco-21042023-e1702148361346-300x169.jpg 300w, https:\/\/www.teatrodomma.it\/wp-content\/uploads\/2023\/12\/THE-PARROCK_sul-palco-21042023-e1702148361346-768x432.jpg 768w, https:\/\/www.teatrodomma.it\/wp-content\/uploads\/2023\/12\/THE-PARROCK_sul-palco-21042023-e1702148361346-200x112.jpg 200w\" sizes=\"(max-width: 900px) 100vw, 900px\" \/><\/figure>\n\n\n\n<p class=\"has-text-align-center\"><strong><em>L&#8217;insegna del Teatro Domma illumina il debutto dei The Parrock<\/em><\/strong><\/p>\n\n\n\n<p><strong>Nella playlist del debutto figuravano sia pezzi rock sia canzoni pop, per accontentare i vari gusti musicali e permettere un po&#8217; a tutti di divertirsi nell&#8217;ascolto<\/strong>. La pubblichiamo qui di seguito, ma ci rincresce non poter riportare anche i numerosi travestimenti che ha sfoggiato don Simone nei suoi vari cambi di costume, da Blues Brother a Gatto di Pinocchio &#8211; con don Fabio in versione Volpe &#8211; da rocker stile Pink Floyd a Capitan Uncino.<\/p>\n\n\n\n<p><em>01) Il gatto e la volpe <\/em>(con i due don alle voci, mentre Andrea &#8216;Cassano&#8217; Nardis imbracciava il basso e Giorgio Boscariol sostituiva don Fabio alla batteria)<em><br>02) Losing my religion<br>03) One<br>04) Nothing else matter<br>05) Comfortably numb<br>06) Another brick in the wall<br>07) Certe notti<br>08) Ho imparato a sognare<br>09) Il rock di Capitan Uncino<br>10) 50 special<br>11) Gli ostacoli del cuore<br>12) Pastello bianco<br>13) Inverno a primavera<br>14) Il pi\u00f9 grande spettacolo dopo il Big Bang<br>15) We will rock you + We are the Champions<\/em><\/p>\n\n\n\n<figure class=\"wp-block-image size-full\"><img loading=\"lazy\" decoding=\"async\" width=\"900\" height=\"675\" src=\"http:\/\/www.teatrodomma.it\/wp-content\/uploads\/2023\/12\/THE-PARROCK_sul-palco-coriandoli-21042023-e1702148941657.jpg\" alt=\"\" class=\"wp-image-22239\" srcset=\"https:\/\/www.teatrodomma.it\/wp-content\/uploads\/2023\/12\/THE-PARROCK_sul-palco-coriandoli-21042023-e1702148941657.jpg 900w, https:\/\/www.teatrodomma.it\/wp-content\/uploads\/2023\/12\/THE-PARROCK_sul-palco-coriandoli-21042023-e1702148941657-300x225.jpg 300w, https:\/\/www.teatrodomma.it\/wp-content\/uploads\/2023\/12\/THE-PARROCK_sul-palco-coriandoli-21042023-e1702148941657-768x576.jpg 768w, https:\/\/www.teatrodomma.it\/wp-content\/uploads\/2023\/12\/THE-PARROCK_sul-palco-coriandoli-21042023-e1702148941657-200x150.jpg 200w\" sizes=\"(max-width: 900px) 100vw, 900px\" \/><\/figure>\n\n\n\n<p class=\"has-text-align-center\"><strong><em>21 aprile 2023 &#8211; Gran finale<\/em><\/strong><\/p>\n\n\n\n<p>Considerato il numeroso pubblico presente, <strong>era stata poi organizzata un&#8217;altra data a conclusione del <em>grest<\/em> estivo, il 23 giugno, stavolta nel giardino della parrocchia di Santa Melania all&#8217;AXA<\/strong>, che aveva schierato anche una band di giovani per aprire la serata. Confermati sedici pezzi in scaletta, ma con nuove canzoni nel repertorio, tra cui <em>Every breath you take, Giovani Wannabe, La Nuova Stella di Broadway <\/em>come dedica a richiesta e <em>Eye Of The Tiger<\/em>, <em>The Final Countdown<\/em> e il bis con<em> Hey Jude<\/em> per un&#8217;apertura ed un finale d&#8217;effetto al pari dell&#8217;esibizione del debutto.<\/p>\n\n\n\n<p>Nei due concerti di esordio c&#8217;era alle <em><strong>tastiere<\/strong><\/em> Luigi Bianchi detto &#8216;Potsie&#8217;, mentre ai <strong><em>cori<\/em> <\/strong>oltre a Margherita &#8216;Titti&#8217; De Donato, c&#8217;erano Angelica Bianchi (solista nel brano <em>&#8220;Gli Ostacoli Del&nbsp;Cuore&#8221;<\/em> di Elisa, featuring don Simone nei panni di Ligabue), Margherita &#8216;Megghi&#8217; Bertolini e Lara Migani, alle quali nella seconda serata si era aggiunta Arianna Propoggia, interprete anche di <em>Sweet Child Of Mine<\/em> come solista.<\/p>\n\n\n\n<figure class=\"wp-block-image size-full\"><img loading=\"lazy\" decoding=\"async\" width=\"900\" height=\"675\" src=\"http:\/\/www.teatrodomma.it\/wp-content\/uploads\/2023\/12\/THE-PARROCK_sul-palco-Vescovi-21042023-e1702150513762.jpg\" alt=\"\" class=\"wp-image-22259\" srcset=\"https:\/\/www.teatrodomma.it\/wp-content\/uploads\/2023\/12\/THE-PARROCK_sul-palco-Vescovi-21042023-e1702150513762.jpg 900w, https:\/\/www.teatrodomma.it\/wp-content\/uploads\/2023\/12\/THE-PARROCK_sul-palco-Vescovi-21042023-e1702150513762-300x225.jpg 300w, https:\/\/www.teatrodomma.it\/wp-content\/uploads\/2023\/12\/THE-PARROCK_sul-palco-Vescovi-21042023-e1702150513762-768x576.jpg 768w, https:\/\/www.teatrodomma.it\/wp-content\/uploads\/2023\/12\/THE-PARROCK_sul-palco-Vescovi-21042023-e1702150513762-200x150.jpg 200w\" sizes=\"(max-width: 900px) 100vw, 900px\" \/><\/figure>\n\n\n\n<p class=\"has-text-align-center\"><em><strong>Il saluto dei vescovi Dario Gervasi e Paolo Ricciardi sul palco con la band<\/strong><\/em> <em><strong>per<\/strong><\/em> <em><strong>congratularsi per l&#8217;iniziativa benefica<\/strong><\/em><\/p>\n\n\n\n<p><\/p>\n\n\n<div class=\"wp-block-image\">\n<figure class=\"aligncenter size-full\"><img loading=\"lazy\" decoding=\"async\" width=\"900\" height=\"675\" src=\"http:\/\/www.teatrodomma.it\/wp-content\/uploads\/2023\/12\/THE-PARROCK_selfie_debutto-21042023-e1702147898468.jpg\" alt=\"\" class=\"wp-image-22227\" srcset=\"https:\/\/www.teatrodomma.it\/wp-content\/uploads\/2023\/12\/THE-PARROCK_selfie_debutto-21042023-e1702147898468.jpg 900w, https:\/\/www.teatrodomma.it\/wp-content\/uploads\/2023\/12\/THE-PARROCK_selfie_debutto-21042023-e1702147898468-300x225.jpg 300w, https:\/\/www.teatrodomma.it\/wp-content\/uploads\/2023\/12\/THE-PARROCK_selfie_debutto-21042023-e1702147898468-768x576.jpg 768w, https:\/\/www.teatrodomma.it\/wp-content\/uploads\/2023\/12\/THE-PARROCK_selfie_debutto-21042023-e1702147898468-200x150.jpg 200w\" sizes=\"(max-width: 900px) 100vw, 900px\" \/><\/figure>\n<\/div>\n\n\n<p class=\"has-text-align-center\"><strong><em>Selfie con il pubblico<\/em><\/strong> <strong><em>sul piazzale del Centro giovanile<\/em><\/strong><\/p>\n\n\n\n<p class=\"has-text-align-center has-background-dark-background-color has-background\"><strong>QUESTO CONCERTO SARA&#8217; UNO SCHIANTO!<\/strong> <strong style=\"font-style: italic;\">Parola di Babbo Natale<\/strong> <strong><em>e le sue renne: <\/em><\/strong><em><strong>Dasher, Dancer, Prancer, Vixen, Comet, Cupid, Donner, Blitzen e Rudolph, quella con il naso rosso, per intenderci.<\/strong><\/em><\/p>\n\n\n<div class=\"wp-block-image\">\n<figure class=\"aligncenter size-full\"><img loading=\"lazy\" decoding=\"async\" width=\"703\" height=\"625\" src=\"http:\/\/www.teatrodomma.it\/wp-content\/uploads\/2023\/12\/THE-PARROCK_Babbo-Natale-sul-muro.jpg\" alt=\"\" class=\"wp-image-22270\" srcset=\"https:\/\/www.teatrodomma.it\/wp-content\/uploads\/2023\/12\/THE-PARROCK_Babbo-Natale-sul-muro.jpg 703w, https:\/\/www.teatrodomma.it\/wp-content\/uploads\/2023\/12\/THE-PARROCK_Babbo-Natale-sul-muro-300x267.jpg 300w, https:\/\/www.teatrodomma.it\/wp-content\/uploads\/2023\/12\/THE-PARROCK_Babbo-Natale-sul-muro-200x178.jpg 200w\" sizes=\"(max-width: 703px) 100vw, 703px\" \/><\/figure>\n<\/div>\n\n\n<p><\/p>\n\n\n\n<p><\/p>\n\n\n\n<p class=\"has-text-align-left\"><em>Margherita De Donato<\/em><\/p>\n","protected":false},"excerpt":{"rendered":"<p>28 dicembre, una data da segnare in agenda per una doppia finalit\u00e0: contribuire ad una raccolta per aiutare una famiglia italiana in difficolt\u00e0, residente in Ucraina, e passare una piacevole serata in musica offerta dal gruppo The ParRock. La band musicale \u00e8 capitanata da don Simone (di San Carlo da Sezze) e don Fabio (di [&hellip;]<\/p>\n","protected":false},"author":3,"featured_media":22205,"comment_status":"closed","ping_status":"open","sticky":false,"template":"","format":"standard","meta":{"saved_in_kubio":false,"footnotes":""},"categories":[14],"tags":[407,251,16,408],"class_list":{"0":"post-22203","1":"post","2":"type-post","3":"status-publish","4":"format-standard","5":"has-post-thumbnail","6":"hentry","7":"category-recensioni","8":"tag-don-simone-giovannella","9":"tag-teatro-domma","10":"tag-teatro-don-mario-torregrossa","11":"tag-the-parrock","13":"post-with-thumbnail","14":"post-with-thumbnail-large"},"yoast_head":"<!-- This site is optimized with the Yoast SEO plugin v25.8 - https:\/\/yoast.com\/wordpress\/plugins\/seo\/ -->\n<title>THE PARROCK sul palco del Teatro Domma per un concerto di beneficenza - Teatro Domma<\/title>\n<meta name=\"robots\" content=\"index, follow, max-snippet:-1, max-image-preview:large, max-video-preview:-1\" \/>\n<link rel=\"canonical\" href=\"https:\/\/www.teatrodomma.it\/?p=22203\" \/>\n<meta property=\"og:locale\" content=\"it_IT\" \/>\n<meta property=\"og:type\" content=\"article\" \/>\n<meta property=\"og:title\" content=\"THE PARROCK sul palco del Teatro Domma per un concerto di beneficenza - Teatro Domma\" \/>\n<meta property=\"og:description\" content=\"28 dicembre, una data da segnare in agenda per una doppia finalit\u00e0: contribuire ad una raccolta per aiutare una famiglia italiana in difficolt\u00e0, residente in Ucraina, e passare una piacevole serata in musica offerta dal gruppo The ParRock. La band musicale \u00e8 capitanata da don Simone (di San Carlo da Sezze) e don Fabio (di [&hellip;]\" \/>\n<meta property=\"og:url\" content=\"https:\/\/www.teatrodomma.it\/?p=22203\" \/>\n<meta property=\"og:site_name\" content=\"Teatro Domma\" \/>\n<meta property=\"article:publisher\" content=\"https:\/\/www.facebook.com\/p\/Teatro-Domma-61556981831878\/?locale=it_IT\" \/>\n<meta property=\"article:published_time\" content=\"2023-12-19T14:00:00+00:00\" \/>\n<meta property=\"article:modified_time\" content=\"2025-12-06T19:23:11+00:00\" \/>\n<meta property=\"og:image\" content=\"http:\/\/www.teatrodomma.it\/wp-content\/uploads\/2023\/12\/THE-PARROCK_locandina_concerto_28122023-e1702144438916.jpg\" \/>\n\t<meta property=\"og:image:width\" content=\"900\" \/>\n\t<meta property=\"og:image:height\" content=\"1207\" \/>\n\t<meta property=\"og:image:type\" content=\"image\/jpeg\" \/>\n<meta name=\"author\" content=\"Margherita De Donato\" \/>\n<meta name=\"twitter:card\" content=\"summary_large_image\" \/>\n<meta name=\"twitter:label1\" content=\"Scritto da\" \/>\n\t<meta name=\"twitter:data1\" content=\"Margherita De Donato\" \/>\n\t<meta name=\"twitter:label2\" content=\"Tempo di lettura stimato\" \/>\n\t<meta name=\"twitter:data2\" content=\"6 minuti\" \/>\n<script type=\"application\/ld+json\" class=\"yoast-schema-graph\">{\"@context\":\"https:\/\/schema.org\",\"@graph\":[{\"@type\":\"Article\",\"@id\":\"https:\/\/www.teatrodomma.it\/?p=22203#article\",\"isPartOf\":{\"@id\":\"https:\/\/www.teatrodomma.it\/?p=22203\"},\"author\":{\"name\":\"Margherita De Donato\",\"@id\":\"https:\/\/www.teatrodomma.it\/#\/schema\/person\/8a1f09bf4c695307c8aef38d93aa0e84\"},\"headline\":\"THE PARROCK sul palco del Teatro Domma per un concerto di beneficenza\",\"datePublished\":\"2023-12-19T14:00:00+00:00\",\"dateModified\":\"2025-12-06T19:23:11+00:00\",\"mainEntityOfPage\":{\"@id\":\"https:\/\/www.teatrodomma.it\/?p=22203\"},\"wordCount\":770,\"publisher\":{\"@id\":\"https:\/\/www.teatrodomma.it\/#organization\"},\"image\":{\"@id\":\"https:\/\/www.teatrodomma.it\/?p=22203#primaryimage\"},\"thumbnailUrl\":\"https:\/\/www.teatrodomma.it\/wp-content\/uploads\/2023\/12\/THE-PARROCK_locandina_concerto_28122023-e1702144438916.jpg\",\"keywords\":[\"don Simone Giovannella\",\"teatro domma\",\"teatro Don Mario Torregrossa\",\"The ParRock\"],\"articleSection\":[\"Recensioni\"],\"inLanguage\":\"it-IT\"},{\"@type\":\"WebPage\",\"@id\":\"https:\/\/www.teatrodomma.it\/?p=22203\",\"url\":\"https:\/\/www.teatrodomma.it\/?p=22203\",\"name\":\"THE PARROCK sul palco del Teatro Domma per un concerto di beneficenza - Teatro Domma\",\"isPartOf\":{\"@id\":\"https:\/\/www.teatrodomma.it\/#website\"},\"primaryImageOfPage\":{\"@id\":\"https:\/\/www.teatrodomma.it\/?p=22203#primaryimage\"},\"image\":{\"@id\":\"https:\/\/www.teatrodomma.it\/?p=22203#primaryimage\"},\"thumbnailUrl\":\"https:\/\/www.teatrodomma.it\/wp-content\/uploads\/2023\/12\/THE-PARROCK_locandina_concerto_28122023-e1702144438916.jpg\",\"datePublished\":\"2023-12-19T14:00:00+00:00\",\"dateModified\":\"2025-12-06T19:23:11+00:00\",\"breadcrumb\":{\"@id\":\"https:\/\/www.teatrodomma.it\/?p=22203#breadcrumb\"},\"inLanguage\":\"it-IT\",\"potentialAction\":[{\"@type\":\"ReadAction\",\"target\":[\"https:\/\/www.teatrodomma.it\/?p=22203\"]}]},{\"@type\":\"ImageObject\",\"inLanguage\":\"it-IT\",\"@id\":\"https:\/\/www.teatrodomma.it\/?p=22203#primaryimage\",\"url\":\"https:\/\/www.teatrodomma.it\/wp-content\/uploads\/2023\/12\/THE-PARROCK_locandina_concerto_28122023-e1702144438916.jpg\",\"contentUrl\":\"https:\/\/www.teatrodomma.it\/wp-content\/uploads\/2023\/12\/THE-PARROCK_locandina_concerto_28122023-e1702144438916.jpg\",\"width\":900,\"height\":1207},{\"@type\":\"BreadcrumbList\",\"@id\":\"https:\/\/www.teatrodomma.it\/?p=22203#breadcrumb\",\"itemListElement\":[{\"@type\":\"ListItem\",\"position\":1,\"name\":\"Home\",\"item\":\"https:\/\/www.teatrodomma.it\/\"},{\"@type\":\"ListItem\",\"position\":2,\"name\":\"THE PARROCK sul palco del Teatro Domma per un concerto di beneficenza\"}]},{\"@type\":\"WebSite\",\"@id\":\"https:\/\/www.teatrodomma.it\/#website\",\"url\":\"https:\/\/www.teatrodomma.it\/\",\"name\":\"Teatro Domma\",\"description\":\"\",\"publisher\":{\"@id\":\"https:\/\/www.teatrodomma.it\/#organization\"},\"potentialAction\":[{\"@type\":\"SearchAction\",\"target\":{\"@type\":\"EntryPoint\",\"urlTemplate\":\"https:\/\/www.teatrodomma.it\/?s={search_term_string}\"},\"query-input\":{\"@type\":\"PropertyValueSpecification\",\"valueRequired\":true,\"valueName\":\"search_term_string\"}}],\"inLanguage\":\"it-IT\"},{\"@type\":\"Organization\",\"@id\":\"https:\/\/www.teatrodomma.it\/#organization\",\"name\":\"Teatro Domma\",\"url\":\"https:\/\/www.teatrodomma.it\/\",\"logo\":{\"@type\":\"ImageObject\",\"inLanguage\":\"it-IT\",\"@id\":\"https:\/\/www.teatrodomma.it\/#\/schema\/logo\/image\/\",\"url\":\"https:\/\/www.teatrodomma.it\/wp-content\/uploads\/2025\/01\/LOGOICON-edited-2.png\",\"contentUrl\":\"https:\/\/www.teatrodomma.it\/wp-content\/uploads\/2025\/01\/LOGOICON-edited-2.png\",\"width\":510,\"height\":287,\"caption\":\"Teatro Domma\"},\"image\":{\"@id\":\"https:\/\/www.teatrodomma.it\/#\/schema\/logo\/image\/\"},\"sameAs\":[\"https:\/\/www.facebook.com\/p\/Teatro-Domma-61556981831878\/?locale=it_IT\",\"https:\/\/www.instagram.com\/teatro_domma\/\"]},{\"@type\":\"Person\",\"@id\":\"https:\/\/www.teatrodomma.it\/#\/schema\/person\/8a1f09bf4c695307c8aef38d93aa0e84\",\"name\":\"Margherita De Donato\",\"image\":{\"@type\":\"ImageObject\",\"inLanguage\":\"it-IT\",\"@id\":\"https:\/\/www.teatrodomma.it\/#\/schema\/person\/image\/\",\"url\":\"https:\/\/secure.gravatar.com\/avatar\/0fbebb2201a984022de9f07361f7fe88cb7fcefd6be5e33abf5559102ec20088?s=96&d=mm&r=g\",\"contentUrl\":\"https:\/\/secure.gravatar.com\/avatar\/0fbebb2201a984022de9f07361f7fe88cb7fcefd6be5e33abf5559102ec20088?s=96&d=mm&r=g\",\"caption\":\"Margherita De Donato\"},\"url\":\"https:\/\/www.teatrodomma.it\/?author=3\"}]}<\/script>\n<!-- \/ Yoast SEO plugin. -->","yoast_head_json":{"title":"THE PARROCK sul palco del Teatro Domma per un concerto di beneficenza - Teatro Domma","robots":{"index":"index","follow":"follow","max-snippet":"max-snippet:-1","max-image-preview":"max-image-preview:large","max-video-preview":"max-video-preview:-1"},"canonical":"https:\/\/www.teatrodomma.it\/?p=22203","og_locale":"it_IT","og_type":"article","og_title":"THE PARROCK sul palco del Teatro Domma per un concerto di beneficenza - Teatro Domma","og_description":"28 dicembre, una data da segnare in agenda per una doppia finalit\u00e0: contribuire ad una raccolta per aiutare una famiglia italiana in difficolt\u00e0, residente in Ucraina, e passare una piacevole serata in musica offerta dal gruppo The ParRock. La band musicale \u00e8 capitanata da don Simone (di San Carlo da Sezze) e don Fabio (di [&hellip;]","og_url":"https:\/\/www.teatrodomma.it\/?p=22203","og_site_name":"Teatro Domma","article_publisher":"https:\/\/www.facebook.com\/p\/Teatro-Domma-61556981831878\/?locale=it_IT","article_published_time":"2023-12-19T14:00:00+00:00","article_modified_time":"2025-12-06T19:23:11+00:00","og_image":[{"width":900,"height":1207,"url":"http:\/\/www.teatrodomma.it\/wp-content\/uploads\/2023\/12\/THE-PARROCK_locandina_concerto_28122023-e1702144438916.jpg","type":"image\/jpeg"}],"author":"Margherita De Donato","twitter_card":"summary_large_image","twitter_misc":{"Scritto da":"Margherita De Donato","Tempo di lettura stimato":"6 minuti"},"schema":{"@context":"https:\/\/schema.org","@graph":[{"@type":"Article","@id":"https:\/\/www.teatrodomma.it\/?p=22203#article","isPartOf":{"@id":"https:\/\/www.teatrodomma.it\/?p=22203"},"author":{"name":"Margherita De Donato","@id":"https:\/\/www.teatrodomma.it\/#\/schema\/person\/8a1f09bf4c695307c8aef38d93aa0e84"},"headline":"THE PARROCK sul palco del Teatro Domma per un concerto di beneficenza","datePublished":"2023-12-19T14:00:00+00:00","dateModified":"2025-12-06T19:23:11+00:00","mainEntityOfPage":{"@id":"https:\/\/www.teatrodomma.it\/?p=22203"},"wordCount":770,"publisher":{"@id":"https:\/\/www.teatrodomma.it\/#organization"},"image":{"@id":"https:\/\/www.teatrodomma.it\/?p=22203#primaryimage"},"thumbnailUrl":"https:\/\/www.teatrodomma.it\/wp-content\/uploads\/2023\/12\/THE-PARROCK_locandina_concerto_28122023-e1702144438916.jpg","keywords":["don Simone Giovannella","teatro domma","teatro Don Mario Torregrossa","The ParRock"],"articleSection":["Recensioni"],"inLanguage":"it-IT"},{"@type":"WebPage","@id":"https:\/\/www.teatrodomma.it\/?p=22203","url":"https:\/\/www.teatrodomma.it\/?p=22203","name":"THE PARROCK sul palco del Teatro Domma per un concerto di beneficenza - Teatro Domma","isPartOf":{"@id":"https:\/\/www.teatrodomma.it\/#website"},"primaryImageOfPage":{"@id":"https:\/\/www.teatrodomma.it\/?p=22203#primaryimage"},"image":{"@id":"https:\/\/www.teatrodomma.it\/?p=22203#primaryimage"},"thumbnailUrl":"https:\/\/www.teatrodomma.it\/wp-content\/uploads\/2023\/12\/THE-PARROCK_locandina_concerto_28122023-e1702144438916.jpg","datePublished":"2023-12-19T14:00:00+00:00","dateModified":"2025-12-06T19:23:11+00:00","breadcrumb":{"@id":"https:\/\/www.teatrodomma.it\/?p=22203#breadcrumb"},"inLanguage":"it-IT","potentialAction":[{"@type":"ReadAction","target":["https:\/\/www.teatrodomma.it\/?p=22203"]}]},{"@type":"ImageObject","inLanguage":"it-IT","@id":"https:\/\/www.teatrodomma.it\/?p=22203#primaryimage","url":"https:\/\/www.teatrodomma.it\/wp-content\/uploads\/2023\/12\/THE-PARROCK_locandina_concerto_28122023-e1702144438916.jpg","contentUrl":"https:\/\/www.teatrodomma.it\/wp-content\/uploads\/2023\/12\/THE-PARROCK_locandina_concerto_28122023-e1702144438916.jpg","width":900,"height":1207},{"@type":"BreadcrumbList","@id":"https:\/\/www.teatrodomma.it\/?p=22203#breadcrumb","itemListElement":[{"@type":"ListItem","position":1,"name":"Home","item":"https:\/\/www.teatrodomma.it\/"},{"@type":"ListItem","position":2,"name":"THE PARROCK sul palco del Teatro Domma per un concerto di beneficenza"}]},{"@type":"WebSite","@id":"https:\/\/www.teatrodomma.it\/#website","url":"https:\/\/www.teatrodomma.it\/","name":"Teatro Domma","description":"","publisher":{"@id":"https:\/\/www.teatrodomma.it\/#organization"},"potentialAction":[{"@type":"SearchAction","target":{"@type":"EntryPoint","urlTemplate":"https:\/\/www.teatrodomma.it\/?s={search_term_string}"},"query-input":{"@type":"PropertyValueSpecification","valueRequired":true,"valueName":"search_term_string"}}],"inLanguage":"it-IT"},{"@type":"Organization","@id":"https:\/\/www.teatrodomma.it\/#organization","name":"Teatro Domma","url":"https:\/\/www.teatrodomma.it\/","logo":{"@type":"ImageObject","inLanguage":"it-IT","@id":"https:\/\/www.teatrodomma.it\/#\/schema\/logo\/image\/","url":"https:\/\/www.teatrodomma.it\/wp-content\/uploads\/2025\/01\/LOGOICON-edited-2.png","contentUrl":"https:\/\/www.teatrodomma.it\/wp-content\/uploads\/2025\/01\/LOGOICON-edited-2.png","width":510,"height":287,"caption":"Teatro Domma"},"image":{"@id":"https:\/\/www.teatrodomma.it\/#\/schema\/logo\/image\/"},"sameAs":["https:\/\/www.facebook.com\/p\/Teatro-Domma-61556981831878\/?locale=it_IT","https:\/\/www.instagram.com\/teatro_domma\/"]},{"@type":"Person","@id":"https:\/\/www.teatrodomma.it\/#\/schema\/person\/8a1f09bf4c695307c8aef38d93aa0e84","name":"Margherita De Donato","image":{"@type":"ImageObject","inLanguage":"it-IT","@id":"https:\/\/www.teatrodomma.it\/#\/schema\/person\/image\/","url":"https:\/\/secure.gravatar.com\/avatar\/0fbebb2201a984022de9f07361f7fe88cb7fcefd6be5e33abf5559102ec20088?s=96&d=mm&r=g","contentUrl":"https:\/\/secure.gravatar.com\/avatar\/0fbebb2201a984022de9f07361f7fe88cb7fcefd6be5e33abf5559102ec20088?s=96&d=mm&r=g","caption":"Margherita De Donato"},"url":"https:\/\/www.teatrodomma.it\/?author=3"}]}},"_links":{"self":[{"href":"https:\/\/www.teatrodomma.it\/index.php?rest_route=\/wp\/v2\/posts\/22203","targetHints":{"allow":["GET"]}}],"collection":[{"href":"https:\/\/www.teatrodomma.it\/index.php?rest_route=\/wp\/v2\/posts"}],"about":[{"href":"https:\/\/www.teatrodomma.it\/index.php?rest_route=\/wp\/v2\/types\/post"}],"author":[{"embeddable":true,"href":"https:\/\/www.teatrodomma.it\/index.php?rest_route=\/wp\/v2\/users\/3"}],"replies":[{"embeddable":true,"href":"https:\/\/www.teatrodomma.it\/index.php?rest_route=%2Fwp%2Fv2%2Fcomments&post=22203"}],"version-history":[{"count":8,"href":"https:\/\/www.teatrodomma.it\/index.php?rest_route=\/wp\/v2\/posts\/22203\/revisions"}],"predecessor-version":[{"id":33561,"href":"https:\/\/www.teatrodomma.it\/index.php?rest_route=\/wp\/v2\/posts\/22203\/revisions\/33561"}],"wp:featuredmedia":[{"embeddable":true,"href":"https:\/\/www.teatrodomma.it\/index.php?rest_route=\/wp\/v2\/media\/22205"}],"wp:attachment":[{"href":"https:\/\/www.teatrodomma.it\/index.php?rest_route=%2Fwp%2Fv2%2Fmedia&parent=22203"}],"wp:term":[{"taxonomy":"category","embeddable":true,"href":"https:\/\/www.teatrodomma.it\/index.php?rest_route=%2Fwp%2Fv2%2Fcategories&post=22203"},{"taxonomy":"post_tag","embeddable":true,"href":"https:\/\/www.teatrodomma.it\/index.php?rest_route=%2Fwp%2Fv2%2Ftags&post=22203"}],"curies":[{"name":"wp","href":"https:\/\/api.w.org\/{rel}","templated":true}]}}