{"id":22682,"date":"2023-12-30T22:55:00","date_gmt":"2023-12-30T21:55:00","guid":{"rendered":"https:\/\/www.teatrodomma.it\/?p=22682"},"modified":"2023-12-30T22:55:00","modified_gmt":"2023-12-30T21:55:00","slug":"che-aspettate-forza-venite-gente","status":"publish","type":"post","link":"https:\/\/www.teatrodomma.it\/?p=22682","title":{"rendered":"Che aspettate, FORZA, VENITE GENTE!"},"content":{"rendered":"\n<p class=\"has-background-dark-background-color has-background\"><em>Nel giorno dell&#8217;Epifania, in uno spettacolo extra cartellone<\/em>, <em>Michele Paulicelli racconta il musical<em> pi\u00f9 visto d&#8217;Italia dal 1981, <\/em>sulla vita di San Francesco d&#8217;Assisi<\/em>.<\/p>\n\n\n\n<p><strong>Si tratta di un recital sulla storia del famoso musical<\/strong> che Don Simone Giovannella, responsabile del Teatro Domma, ha voluto ospitare presso la sala teatrale perch\u00e9 <strong>nel 2023 il presepe, nato dalla mente di San Francesco d&#8217;Assisi, ha compiuto 800 anni.  La prima sacra rappresentazione, infatti, ebbe luogo a Greccio&nbsp;nel 1223.<\/strong><\/p>\n\n\n\n<p>L&#8217;obiettivo di <strong><a href=\"https:\/\/www.last.fm\/it\/music\/Michele+Paulicelli\/+wiki\" target=\"_blank\" rel=\"noreferrer noopener\">MICHELE PAULICELLI<\/a><\/strong>,<strong> il Francesco del debutto di quarant\u2019anni fa,<\/strong> che&nbsp;<strong>ha scritto la colonna portante delle musiche<\/strong>, \u00e8 quello di emozionare il pubblico e di trasmettere la forza e la bellezza della vita del patrono principale d&#8217;Italia assieme a&nbsp;S. Caterina da Siena.<\/p>\n\n\n\n<div class=\"wp-block-image\"><figure class=\"aligncenter size-large\"><img loading=\"lazy\" decoding=\"async\" width=\"900\" height=\"900\" src=\"http:\/\/test.teatrodomma.it\/wp-content\/uploads\/2023\/12\/FORZA-VENITE-GENTE_Michele-Paulicelli_primopiano_BN_2024-e1703278793297.jpg\" alt=\"\" class=\"wp-image-22720\" srcset=\"https:\/\/www.teatrodomma.it\/wp-content\/uploads\/2023\/12\/FORZA-VENITE-GENTE_Michele-Paulicelli_primopiano_BN_2024-e1703278793297.jpg 900w, https:\/\/www.teatrodomma.it\/wp-content\/uploads\/2023\/12\/FORZA-VENITE-GENTE_Michele-Paulicelli_primopiano_BN_2024-e1703278793297-300x300.jpg 300w, https:\/\/www.teatrodomma.it\/wp-content\/uploads\/2023\/12\/FORZA-VENITE-GENTE_Michele-Paulicelli_primopiano_BN_2024-e1703278793297-150x150.jpg 150w, https:\/\/www.teatrodomma.it\/wp-content\/uploads\/2023\/12\/FORZA-VENITE-GENTE_Michele-Paulicelli_primopiano_BN_2024-e1703278793297-768x768.jpg 768w, https:\/\/www.teatrodomma.it\/wp-content\/uploads\/2023\/12\/FORZA-VENITE-GENTE_Michele-Paulicelli_primopiano_BN_2024-e1703278793297-200x200.jpg 200w, https:\/\/www.teatrodomma.it\/wp-content\/uploads\/2023\/12\/FORZA-VENITE-GENTE_Michele-Paulicelli_primopiano_BN_2024-e1703278793297-144x144.jpg 144w\" sizes=\"(max-width: 900px) 100vw, 900px\" \/><figcaption><em><strong>Michele Paulicelli<\/strong>, <strong>attore e anche autore delle musiche insieme a Giancarlo De Matteis e Giampaolo Belardinelli<\/strong><\/em><\/figcaption><\/figure><\/div>\n\n\n\n<p><\/p>\n\n\n\n<p class=\"has-text-align-center has-background-dark-background-color has-background\"><strong>PRENOTAZIONI: cell 3286077138 &#8211; teatrodomma@gmail.com<\/strong><\/p>\n\n\n\n<p><strong>SAN FRANCESCO, nato&nbsp;<strong>Giovanni di Pietro di Bernardone<\/strong><\/strong>, <strong>venne al mondo ad Assisi nel 1182, da una famiglia della nascente borghesia. <\/strong>Dopo una vita giovanile spensierata e mondana, ispirata all\u2019ideale cavalleresco, Francesco si convert\u00ec al vangelo, che visse con radicalit\u00e0 \u2013 \u201csine glossa\u201d \u2013 in povert\u00e0 e letizia, seguendo il Cristo povero, umile e casto, secondo lo spirito delle beatitudini. Insieme ai primi fratelli che lo seguirono sulle tracce di Cristo, attratti dalla forza del suo esempio, predic\u00f2 il vangelo di Ges\u00f9 nella radicalit\u00e0 delle sue esigenze, contribuendo al rinnovamento della Chiesa, fortemente bisognosa in quel tempo di testimoni che le indicassero le vie del Signore.<br><strong>Il 17 settembre, sul monte Alverna (la Verna), dove si era ritirato insieme ad alcuni dei suoi primi compagni, ricevette le stigmate,<\/strong> segno visibile della sua identificazione con il Cristo. Ma da questo luogo di esperienze mistiche dovette scendere, perch\u00e9 gravemente malato: gli era quasi scomparsa la vista ed era estenuato da ripetute emottisi. Nel <strong><em>Testamento<\/em> <\/strong>e nel<strong> <em>Cantico delle creature<\/em><\/strong> \u2013 che Francesco compose in un eremitaggio che si era fatto apprestare presso il convento di S. Damiano, confortato e sostenuto dalla preghiera di Chiara e delle sue compagne \u2013 esprimeva il suo amore a Madonna povert\u00e0 e il legame d\u2019amore che univa tutte le creature tra loro e con l\u2019uomo, quasi un abbraccio cosmico per dare gloria a Dio. Grazie al&nbsp;<em><a href=\"https:\/\/it.wikipedia.org\/wiki\/Cantico_delle_creature\">Cantico delle creature<\/a><\/em>, \u00e8 riconosciuto come uno degli iniziatori della&nbsp;tradizione letteraria italiana.<br><strong>Mor\u00ec all\u2019et\u00e0 di 44 anni la sera del 3 ottobre 1226. Il 16 luglio 1228 papa Gregorio IX, <\/strong>alla presenza della madre Pica e di altri parenti, del vescovo di Assisi che lo aveva accolto, nudo, sotto il suo mantello, <strong>lo iscriveva nell\u2019albo dei santi.<\/strong> A lui si ispirano diverse famiglie religiose maschili e femminili che da lui prendono il nome. <strong>Pio XII, nel 1939, lo ha proclamato patrono d\u2019Italia.<\/strong><\/p>\n\n\n\n<p class=\"has-text-align-center has-background-dark-background-color has-background\"><strong>Per cantare insieme:<\/strong> <strong><a href=\"https:\/\/www.youtube.com\/watch?v=0KB_LmktnMY&amp;list=PLFC4BE65F719965CC\" target=\"_blank\" rel=\"noreferrer noopener\">FORZA VENITE GENTE<\/a><\/strong><\/p>\n\n\n\n<p class=\"has-text-align-center has-background-background-color has-background\"><strong>Coro: <em>Forza venite gente che in piazza si va un grande spettacolo c&#8217;\u00e8. Francesco al padre la roba rid\u00e0.<\/em><\/strong> <\/p>\n\n\n\n<p class=\"has-text-align-center has-background-background-color has-background\"><strong>Padre: <em>Rendimi tutti i soldi che hai!<\/em><\/strong><\/p>\n\n\n\n<p class=\"has-text-align-center has-background-background-color has-background\"><strong>Francesco: <em>Eccoli, i tuoi soldi tieni padre sono tuoi eccoti la giubba di velluto se la vuoi. Non mi serve nulla, con un saio me ne andr\u00f2. Eccoti le scarpe, solo i piedi mi terr\u00f2. Butto via il passato, il nome che mi hai dato tu. Nudo come un verme non ti devo niente pi\u00f9. <\/em><\/strong><\/p>\n\n\n\n<p class=\"has-text-align-center has-background-background-color has-background\"><strong>Chiara: <em>Non avr\u00e0 pi\u00f9 casa, pi\u00f9 famiglia non avr\u00e0.<\/em> <\/strong><\/p>\n\n\n\n<p class=\"has-text-align-center has-background-background-color has-background\"><strong>Francesco: <em>Ora avr\u00f2 soltanto un padre che si chiama Dio. <\/em><\/strong><\/p>\n\n\n\n<p class=\"has-text-align-center has-background-background-color has-background\"><strong>Coro: <em>Forza venite gente che in piazza si va un grande spettacolo c&#8217;\u00e8. Francesco al padre la roba rid\u00e0.<\/em> <\/strong><\/p>\n\n\n\n<p class=\"has-text-align-center has-background-background-color has-background\"><strong>Padre: <em>Figlio degenerato che sei!<\/em> <\/strong><\/p>\n\n\n\n<p class=\"has-text-align-center has-background-background-color has-background\"><strong>Chiara: <em>Non avrai pi\u00f9 casa, pi\u00f9 famiglia non avrai. Non sai pi\u00f9 chi eri, ma sai quello che sarai. <\/em><\/strong><\/p>\n\n\n\n<p class=\"has-text-align-center has-background-background-color has-background\"><strong>Francesco: <em>Figlio della strada, vagabondo sono io. Col destino in tasca ora il mondo \u00e8 tutto mio. Ora sono un uomo perch\u00e9 libero sar\u00f2, ora sono ricco perch\u00e9 niente pi\u00f9 vorr\u00f2. <\/em><\/strong><\/p>\n\n\n\n<p class=\"has-text-align-center has-background-background-color has-background\"><strong>Chiara: <em>Nella sua bisaccia pane e fame e poesia.<\/em> <\/strong><\/p>\n\n\n\n<p class=\"has-text-align-center has-background-background-color has-background\"><strong>Francesco: <em>Fiori di speranza segneranno la mia via. <\/em><\/strong><\/p>\n\n\n\n<p class=\"has-text-align-center has-background-background-color has-background\"><strong>Coro: <em>Forza venite gente che in piazza si va un grande spettacolo c&#8217;\u00e8. <\/em><\/strong><\/p>\n\n\n\n<p class=\"has-text-align-center has-background-background-color has-background\"><strong>Chiara: <em>Francesco ha scelto la sua libert\u00e0.<\/em> <\/strong><\/p>\n\n\n\n<p class=\"has-text-align-center has-background-background-color has-background\"><strong>Padre: <em>Figlio degenerato che sei! <\/em><\/strong><\/p>\n\n\n\n<p class=\"has-text-align-center has-background-background-color has-background\"><strong>Coro: <em>Figlio degenerato che sei!<\/em> <\/strong><\/p>\n\n\n\n<p class=\"has-text-align-center has-background-background-color has-background\"><strong>Chiara: <em>Ora sar\u00e0 diverso da noi!&#8230;<\/em><\/strong><\/p>\n\n\n\n<p class=\"has-text-align-left has-background-dark-background-color has-background\"><strong>Si narra che, quando ancora Francesco viveva nella casa del padre, quest&#8217;ultimo lo sentisse parlare durante la notte con qualcuno di cui non riusciva a sentire la voce. Francesco parlava con un angelo che lui solo poteva sentire e vedere.<\/strong><\/p>\n\n\n\n<p class=\"has-text-align-center\"><strong><a href=\"https:\/\/www.raiplay.it\/video\/2023\/12\/zecchino-d-oro-le-canzoni-animate-dell-avvento-e7-e-natale-696acf53-01b2-4a90-93a7-ce709a7b03f0.html?wt_mc=2.app.fb.raiplay_prg_Zecchino%20d%27Oro%20-%20Le%20canzoni%20animate%20dell%27Avvento%20-%20E7%20-%20%C3%88%20Natale.&amp;wt&amp;fbclid=IwAR1AUxTe74m14Rt1x4pcUVD6E8vhvSNqNBwoU4rZ0PPXOPUC5sGVR9bsqv8\" target=\"_blank\" rel=\"noreferrer noopener\">La musica di &#8220;Angelo biondo&#8221; in una canzone de Lo Zecchino d&#8217;oro<\/a><\/strong><\/p>\n\n\n\n<p><\/p>\n\n\n\n<figure class=\"wp-block-embed is-type-video is-provider-youtube wp-block-embed-youtube wp-embed-aspect-16-9 wp-has-aspect-ratio\"><div class=\"wp-block-embed__wrapper\">\n<iframe loading=\"lazy\" title=\"Forza Venite Gente (Official Trailer 2023)\" width=\"720\" height=\"405\" src=\"https:\/\/www.youtube.com\/embed\/CwrqJs1g9rY?start=52&#038;feature=oembed\" frameborder=\"0\" allow=\"accelerometer; autoplay; clipboard-write; encrypted-media; gyroscope; picture-in-picture; web-share\" referrerpolicy=\"strict-origin-when-cross-origin\" allowfullscreen><\/iframe>\n<\/div><\/figure>\n\n\n\n<p><\/p>\n\n\n\n<p class=\"has-background-dark-background-color has-background\"><strong>Ci sono due musical italiani che, fin dal titolo, rappresentano un invito allo stare insieme, all\u2019accoglienza dell\u2019altro, alla condivisione. Sono &#8220;Aggiungi un posto a tavola&#8221; e &#8220;Forza venite gente&#8221;. Due classici, uno dei quali \u00e8 tornato in una nuova versione modernizzata per il quarantennale. E\u2019 &#8220;Forza venite gente&#8221;.<\/strong><\/p>\n\n\n\n<p><strong>Dal musical emerge Francesco come uomo animato dalla volont\u00e0 di aiutare in tutti i modi il prossimo. Questo vale per lui e per tutto il corpo dei suoi frati.<\/strong> Un segnale importante giunge da <strong>Papa Gregorio IX, che ne riconosce i valori, come l\u2019umilt\u00e0 e la semplicit\u00e0, ma anche il coraggio nel rapportarsi con gli altri.<\/strong> Ma ci sono altri aspetti della vita di san Francesco che il musical mette in evidenza. Il difficile rapporto con il padre, <strong>Pietro di Bernardone<\/strong>, che simboleggia le incomprensioni che spesso ci sono tra padri e figli. Pietro <strong>non si d\u00e0 pace per la scelta del figlio, non riesce a capire<\/strong>. Vede che Francesco vuole ottenere determinate cose, mentre lui per il figlio ne vorrebbe altre. <strong>Francesco anche in questo caso si affida all\u2019aiuto di Dio.<\/strong> Aiuta il padre, il quale alla fine comprende.<strong> All\u2019inizio anche la stessa Chiesa sembra non comprendere san Francesco. <\/strong>Il rapporto con il papa \u00e8 significativo in questo senso. Il papa resta come \u2018disarmato\u2019 dall\u2019atteggiamento di Francesco, il quale gli dice: noi non vogliamo nulla dalla Chiesa. <strong>Francesco resta fedele all\u2019umilt\u00e0 che predica. E alla fine anche il papa capisce la grandezza d\u2019animo del futuro santo. Parlare di san Francesco significa anche parlare di pace.<\/strong> Egli and\u00f2 in Terrasanta con i crociati, ma per portare un messaggio di pace. <strong>E&#8217; il tempo della V Crociata quando Francesco con undici confratelli &#8211; il 24 giugno 1219 -si imbarc\u00f2 ad Ancona alla volta di Damietta <\/strong><em>(ndr. la citt\u00e0 si affaccia sul&nbsp;Mar Mediterraneo, sul&nbsp;delta del Nilo, circa 200&nbsp;km a nord del&nbsp;Cairo. Il controllo del porto significava il controllo del Nilo: da l\u00ec i Crociati ritenevano di essere in grado di conquistare l&#8217;Egitto, da dove avrebbero quindi potuto attaccare la&nbsp;Palestina&nbsp;e riconquistare&nbsp;Gerusalemme)<\/em>. <strong>Francesco viaggi\u00f2 fino in Egitto e incontr\u00f2 il sultano al-Malik-al-Kamil, <\/strong>mentre infuriavano i combattimenti <em>(ndr.<\/em> <em>Damietta venne&nbsp;assediata e occupata&nbsp;nel&nbsp;1219, ma per il&nbsp;1221&nbsp;i Crociati erano stati sconfitti fuori dal Cairo e cacciati dall&#8217;Egitto. Damietta fu anche l&#8217;oggetto della&nbsp;Settima crociata, guidata da&nbsp;Luigi IX di Francia)<\/em>. Riusc\u00ec a parlare con il nemico, \u2018disarmandolo\u2019 con la sua semplicit\u00e0. <strong>Dieci anni pi\u00f9 tardi, il sultano negozi\u00f2 un accordo di pace con l&#8217;imperatore svevo Federico II<\/strong>, che assegn\u00f2 ai cristiani Betlemme, Nazareth e quasi tutta Gerusalemme, lasciando ai musulmani i luoghi santi della spianata delle Moschee. Tornato in Italia dai suoi confratelli, i frati minori, Francesco continu\u00f2 la sua vita di preghiera e testimonianza; <strong>nel 1223<\/strong> <strong>cre\u00f2 il primo presepio<\/strong>,<strong> scrisse<em> Il Cantico delle creature<\/em>. Meno di due anni dopo la sua morte, fu proclamato Santo<\/strong> ed \u00e8 ancora amato ed onorato in tutto il mondo.<\/p>\n\n\n\n<p><strong>La citt\u00e0 di&nbsp;Assisi, a motivo del suo illustre cittadino, \u00e8 assurta a simbolo di&nbsp;pace<\/strong>, soprattutto dopo aver ospitato i&nbsp;quattro grandi incontri&nbsp;tra gli esponenti delle maggiori religioni del mondo, promossi da&nbsp;papa Giovanni Paolo II&nbsp;nel 1986 e nel 2002, da&nbsp;papa Benedetto XVI&nbsp;nel 2011 e da&nbsp;papa Francesco&nbsp;nel 2016.<\/p>\n\n\n\n<p><strong>Il&nbsp;cardinale&nbsp;Jorge Mario Bergoglio, eletto&nbsp;papa&nbsp;nel&nbsp;conclave del 2013<\/strong>,<strong> ha assunto<\/strong>, primo nella&nbsp;storia della Chiesa, <strong>il&nbsp;nome pontificale&nbsp;Francesco proprio in onore del Santo di Assisi.<\/strong><\/p>\n","protected":false},"excerpt":{"rendered":"<p>Nel giorno dell&#8217;Epifania, in uno spettacolo extra cartellone, Michele Paulicelli racconta il musical pi\u00f9 visto d&#8217;Italia dal 1981, sulla vita di San Francesco d&#8217;Assisi. Si tratta di un recital sulla storia del famoso musical che Don Simone Giovannella, responsabile del Teatro Domma, ha voluto ospitare presso la sala teatrale perch\u00e9 nel 2023 il presepe, nato [&hellip;]<\/p>\n","protected":false},"author":3,"featured_media":22681,"comment_status":"closed","ping_status":"open","sticky":false,"template":"","format":"standard","meta":{"saved_in_kubio":false,"footnotes":""},"categories":[14],"tags":[409,410,251],"class_list":{"0":"post-22682","1":"post","2":"type-post","3":"status-publish","4":"format-standard","5":"has-post-thumbnail","6":"hentry","7":"category-recensioni","8":"tag-forza-venite-gente","9":"tag-michele-paulicelli","10":"tag-teatro-domma","12":"post-with-thumbnail","13":"post-with-thumbnail-large"},"yoast_head":"<!-- This site is optimized with the Yoast SEO plugin v25.8 - https:\/\/yoast.com\/wordpress\/plugins\/seo\/ -->\n<title>Che aspettate, FORZA, VENITE GENTE! - Teatro Domma<\/title>\n<meta name=\"robots\" content=\"index, follow, max-snippet:-1, max-image-preview:large, max-video-preview:-1\" \/>\n<link rel=\"canonical\" href=\"https:\/\/www.teatrodomma.it\/?p=22682\" \/>\n<meta property=\"og:locale\" content=\"it_IT\" \/>\n<meta property=\"og:type\" content=\"article\" \/>\n<meta property=\"og:title\" content=\"Che aspettate, FORZA, VENITE GENTE! - Teatro Domma\" \/>\n<meta property=\"og:description\" content=\"Nel giorno dell&#8217;Epifania, in uno spettacolo extra cartellone, Michele Paulicelli racconta il musical pi\u00f9 visto d&#8217;Italia dal 1981, sulla vita di San Francesco d&#8217;Assisi. Si tratta di un recital sulla storia del famoso musical che Don Simone Giovannella, responsabile del Teatro Domma, ha voluto ospitare presso la sala teatrale perch\u00e9 nel 2023 il presepe, nato [&hellip;]\" \/>\n<meta property=\"og:url\" content=\"https:\/\/www.teatrodomma.it\/?p=22682\" \/>\n<meta property=\"og:site_name\" content=\"Teatro Domma\" \/>\n<meta property=\"article:publisher\" content=\"https:\/\/www.facebook.com\/p\/Teatro-Domma-61556981831878\/?locale=it_IT\" \/>\n<meta property=\"article:published_time\" content=\"2023-12-30T21:55:00+00:00\" \/>\n<meta property=\"og:image\" content=\"https:\/\/www.teatrodomma.it\/wp-content\/uploads\/2023\/12\/FORZA-VENITE-GENTE_locandina_Teatro-Domma_2024-e1703268155391.jpg\" \/>\n\t<meta property=\"og:image:width\" content=\"900\" \/>\n\t<meta property=\"og:image:height\" content=\"1269\" \/>\n\t<meta property=\"og:image:type\" content=\"image\/jpeg\" \/>\n<meta name=\"author\" content=\"Margherita De Donato\" \/>\n<meta name=\"twitter:card\" content=\"summary_large_image\" \/>\n<meta name=\"twitter:label1\" content=\"Scritto da\" \/>\n\t<meta name=\"twitter:data1\" content=\"Margherita De Donato\" \/>\n\t<meta name=\"twitter:label2\" content=\"Tempo di lettura stimato\" \/>\n\t<meta name=\"twitter:data2\" content=\"6 minuti\" \/>\n<script type=\"application\/ld+json\" class=\"yoast-schema-graph\">{\"@context\":\"https:\/\/schema.org\",\"@graph\":[{\"@type\":\"Article\",\"@id\":\"https:\/\/www.teatrodomma.it\/?p=22682#article\",\"isPartOf\":{\"@id\":\"https:\/\/www.teatrodomma.it\/?p=22682\"},\"author\":{\"name\":\"Margherita De Donato\",\"@id\":\"https:\/\/www.teatrodomma.it\/#\/schema\/person\/8a1f09bf4c695307c8aef38d93aa0e84\"},\"headline\":\"Che aspettate, FORZA, VENITE GENTE!\",\"datePublished\":\"2023-12-30T21:55:00+00:00\",\"mainEntityOfPage\":{\"@id\":\"https:\/\/www.teatrodomma.it\/?p=22682\"},\"wordCount\":1362,\"publisher\":{\"@id\":\"https:\/\/www.teatrodomma.it\/#organization\"},\"image\":{\"@id\":\"https:\/\/www.teatrodomma.it\/?p=22682#primaryimage\"},\"thumbnailUrl\":\"https:\/\/www.teatrodomma.it\/wp-content\/uploads\/2023\/12\/FORZA-VENITE-GENTE_locandina_Teatro-Domma_2024-e1703268155391.jpg\",\"keywords\":[\"Forza venite gente\",\"Michele Paulicelli\",\"teatro domma\"],\"articleSection\":[\"Recensioni\"],\"inLanguage\":\"it-IT\"},{\"@type\":\"WebPage\",\"@id\":\"https:\/\/www.teatrodomma.it\/?p=22682\",\"url\":\"https:\/\/www.teatrodomma.it\/?p=22682\",\"name\":\"Che aspettate, FORZA, VENITE GENTE! - Teatro Domma\",\"isPartOf\":{\"@id\":\"https:\/\/www.teatrodomma.it\/#website\"},\"primaryImageOfPage\":{\"@id\":\"https:\/\/www.teatrodomma.it\/?p=22682#primaryimage\"},\"image\":{\"@id\":\"https:\/\/www.teatrodomma.it\/?p=22682#primaryimage\"},\"thumbnailUrl\":\"https:\/\/www.teatrodomma.it\/wp-content\/uploads\/2023\/12\/FORZA-VENITE-GENTE_locandina_Teatro-Domma_2024-e1703268155391.jpg\",\"datePublished\":\"2023-12-30T21:55:00+00:00\",\"breadcrumb\":{\"@id\":\"https:\/\/www.teatrodomma.it\/?p=22682#breadcrumb\"},\"inLanguage\":\"it-IT\",\"potentialAction\":[{\"@type\":\"ReadAction\",\"target\":[\"https:\/\/www.teatrodomma.it\/?p=22682\"]}]},{\"@type\":\"ImageObject\",\"inLanguage\":\"it-IT\",\"@id\":\"https:\/\/www.teatrodomma.it\/?p=22682#primaryimage\",\"url\":\"https:\/\/www.teatrodomma.it\/wp-content\/uploads\/2023\/12\/FORZA-VENITE-GENTE_locandina_Teatro-Domma_2024-e1703268155391.jpg\",\"contentUrl\":\"https:\/\/www.teatrodomma.it\/wp-content\/uploads\/2023\/12\/FORZA-VENITE-GENTE_locandina_Teatro-Domma_2024-e1703268155391.jpg\",\"width\":900,\"height\":1269},{\"@type\":\"BreadcrumbList\",\"@id\":\"https:\/\/www.teatrodomma.it\/?p=22682#breadcrumb\",\"itemListElement\":[{\"@type\":\"ListItem\",\"position\":1,\"name\":\"Home\",\"item\":\"https:\/\/www.teatrodomma.it\/\"},{\"@type\":\"ListItem\",\"position\":2,\"name\":\"Che aspettate, FORZA, VENITE GENTE!\"}]},{\"@type\":\"WebSite\",\"@id\":\"https:\/\/www.teatrodomma.it\/#website\",\"url\":\"https:\/\/www.teatrodomma.it\/\",\"name\":\"Teatro Domma\",\"description\":\"\",\"publisher\":{\"@id\":\"https:\/\/www.teatrodomma.it\/#organization\"},\"potentialAction\":[{\"@type\":\"SearchAction\",\"target\":{\"@type\":\"EntryPoint\",\"urlTemplate\":\"https:\/\/www.teatrodomma.it\/?s={search_term_string}\"},\"query-input\":{\"@type\":\"PropertyValueSpecification\",\"valueRequired\":true,\"valueName\":\"search_term_string\"}}],\"inLanguage\":\"it-IT\"},{\"@type\":\"Organization\",\"@id\":\"https:\/\/www.teatrodomma.it\/#organization\",\"name\":\"Teatro Domma\",\"url\":\"https:\/\/www.teatrodomma.it\/\",\"logo\":{\"@type\":\"ImageObject\",\"inLanguage\":\"it-IT\",\"@id\":\"https:\/\/www.teatrodomma.it\/#\/schema\/logo\/image\/\",\"url\":\"https:\/\/www.teatrodomma.it\/wp-content\/uploads\/2025\/01\/LOGOICON-edited-2.png\",\"contentUrl\":\"https:\/\/www.teatrodomma.it\/wp-content\/uploads\/2025\/01\/LOGOICON-edited-2.png\",\"width\":510,\"height\":287,\"caption\":\"Teatro Domma\"},\"image\":{\"@id\":\"https:\/\/www.teatrodomma.it\/#\/schema\/logo\/image\/\"},\"sameAs\":[\"https:\/\/www.facebook.com\/p\/Teatro-Domma-61556981831878\/?locale=it_IT\",\"https:\/\/www.instagram.com\/teatro_domma\/\"]},{\"@type\":\"Person\",\"@id\":\"https:\/\/www.teatrodomma.it\/#\/schema\/person\/8a1f09bf4c695307c8aef38d93aa0e84\",\"name\":\"Margherita De Donato\",\"image\":{\"@type\":\"ImageObject\",\"inLanguage\":\"it-IT\",\"@id\":\"https:\/\/www.teatrodomma.it\/#\/schema\/person\/image\/\",\"url\":\"https:\/\/secure.gravatar.com\/avatar\/0fbebb2201a984022de9f07361f7fe88cb7fcefd6be5e33abf5559102ec20088?s=96&d=mm&r=g\",\"contentUrl\":\"https:\/\/secure.gravatar.com\/avatar\/0fbebb2201a984022de9f07361f7fe88cb7fcefd6be5e33abf5559102ec20088?s=96&d=mm&r=g\",\"caption\":\"Margherita De Donato\"},\"url\":\"https:\/\/www.teatrodomma.it\/?author=3\"}]}<\/script>\n<!-- \/ Yoast SEO plugin. -->","yoast_head_json":{"title":"Che aspettate, FORZA, VENITE GENTE! - Teatro Domma","robots":{"index":"index","follow":"follow","max-snippet":"max-snippet:-1","max-image-preview":"max-image-preview:large","max-video-preview":"max-video-preview:-1"},"canonical":"https:\/\/www.teatrodomma.it\/?p=22682","og_locale":"it_IT","og_type":"article","og_title":"Che aspettate, FORZA, VENITE GENTE! - Teatro Domma","og_description":"Nel giorno dell&#8217;Epifania, in uno spettacolo extra cartellone, Michele Paulicelli racconta il musical pi\u00f9 visto d&#8217;Italia dal 1981, sulla vita di San Francesco d&#8217;Assisi. Si tratta di un recital sulla storia del famoso musical che Don Simone Giovannella, responsabile del Teatro Domma, ha voluto ospitare presso la sala teatrale perch\u00e9 nel 2023 il presepe, nato [&hellip;]","og_url":"https:\/\/www.teatrodomma.it\/?p=22682","og_site_name":"Teatro Domma","article_publisher":"https:\/\/www.facebook.com\/p\/Teatro-Domma-61556981831878\/?locale=it_IT","article_published_time":"2023-12-30T21:55:00+00:00","og_image":[{"width":900,"height":1269,"url":"https:\/\/www.teatrodomma.it\/wp-content\/uploads\/2023\/12\/FORZA-VENITE-GENTE_locandina_Teatro-Domma_2024-e1703268155391.jpg","type":"image\/jpeg"}],"author":"Margherita De Donato","twitter_card":"summary_large_image","twitter_misc":{"Scritto da":"Margherita De Donato","Tempo di lettura stimato":"6 minuti"},"schema":{"@context":"https:\/\/schema.org","@graph":[{"@type":"Article","@id":"https:\/\/www.teatrodomma.it\/?p=22682#article","isPartOf":{"@id":"https:\/\/www.teatrodomma.it\/?p=22682"},"author":{"name":"Margherita De Donato","@id":"https:\/\/www.teatrodomma.it\/#\/schema\/person\/8a1f09bf4c695307c8aef38d93aa0e84"},"headline":"Che aspettate, FORZA, VENITE GENTE!","datePublished":"2023-12-30T21:55:00+00:00","mainEntityOfPage":{"@id":"https:\/\/www.teatrodomma.it\/?p=22682"},"wordCount":1362,"publisher":{"@id":"https:\/\/www.teatrodomma.it\/#organization"},"image":{"@id":"https:\/\/www.teatrodomma.it\/?p=22682#primaryimage"},"thumbnailUrl":"https:\/\/www.teatrodomma.it\/wp-content\/uploads\/2023\/12\/FORZA-VENITE-GENTE_locandina_Teatro-Domma_2024-e1703268155391.jpg","keywords":["Forza venite gente","Michele Paulicelli","teatro domma"],"articleSection":["Recensioni"],"inLanguage":"it-IT"},{"@type":"WebPage","@id":"https:\/\/www.teatrodomma.it\/?p=22682","url":"https:\/\/www.teatrodomma.it\/?p=22682","name":"Che aspettate, FORZA, VENITE GENTE! - Teatro Domma","isPartOf":{"@id":"https:\/\/www.teatrodomma.it\/#website"},"primaryImageOfPage":{"@id":"https:\/\/www.teatrodomma.it\/?p=22682#primaryimage"},"image":{"@id":"https:\/\/www.teatrodomma.it\/?p=22682#primaryimage"},"thumbnailUrl":"https:\/\/www.teatrodomma.it\/wp-content\/uploads\/2023\/12\/FORZA-VENITE-GENTE_locandina_Teatro-Domma_2024-e1703268155391.jpg","datePublished":"2023-12-30T21:55:00+00:00","breadcrumb":{"@id":"https:\/\/www.teatrodomma.it\/?p=22682#breadcrumb"},"inLanguage":"it-IT","potentialAction":[{"@type":"ReadAction","target":["https:\/\/www.teatrodomma.it\/?p=22682"]}]},{"@type":"ImageObject","inLanguage":"it-IT","@id":"https:\/\/www.teatrodomma.it\/?p=22682#primaryimage","url":"https:\/\/www.teatrodomma.it\/wp-content\/uploads\/2023\/12\/FORZA-VENITE-GENTE_locandina_Teatro-Domma_2024-e1703268155391.jpg","contentUrl":"https:\/\/www.teatrodomma.it\/wp-content\/uploads\/2023\/12\/FORZA-VENITE-GENTE_locandina_Teatro-Domma_2024-e1703268155391.jpg","width":900,"height":1269},{"@type":"BreadcrumbList","@id":"https:\/\/www.teatrodomma.it\/?p=22682#breadcrumb","itemListElement":[{"@type":"ListItem","position":1,"name":"Home","item":"https:\/\/www.teatrodomma.it\/"},{"@type":"ListItem","position":2,"name":"Che aspettate, FORZA, VENITE GENTE!"}]},{"@type":"WebSite","@id":"https:\/\/www.teatrodomma.it\/#website","url":"https:\/\/www.teatrodomma.it\/","name":"Teatro Domma","description":"","publisher":{"@id":"https:\/\/www.teatrodomma.it\/#organization"},"potentialAction":[{"@type":"SearchAction","target":{"@type":"EntryPoint","urlTemplate":"https:\/\/www.teatrodomma.it\/?s={search_term_string}"},"query-input":{"@type":"PropertyValueSpecification","valueRequired":true,"valueName":"search_term_string"}}],"inLanguage":"it-IT"},{"@type":"Organization","@id":"https:\/\/www.teatrodomma.it\/#organization","name":"Teatro Domma","url":"https:\/\/www.teatrodomma.it\/","logo":{"@type":"ImageObject","inLanguage":"it-IT","@id":"https:\/\/www.teatrodomma.it\/#\/schema\/logo\/image\/","url":"https:\/\/www.teatrodomma.it\/wp-content\/uploads\/2025\/01\/LOGOICON-edited-2.png","contentUrl":"https:\/\/www.teatrodomma.it\/wp-content\/uploads\/2025\/01\/LOGOICON-edited-2.png","width":510,"height":287,"caption":"Teatro Domma"},"image":{"@id":"https:\/\/www.teatrodomma.it\/#\/schema\/logo\/image\/"},"sameAs":["https:\/\/www.facebook.com\/p\/Teatro-Domma-61556981831878\/?locale=it_IT","https:\/\/www.instagram.com\/teatro_domma\/"]},{"@type":"Person","@id":"https:\/\/www.teatrodomma.it\/#\/schema\/person\/8a1f09bf4c695307c8aef38d93aa0e84","name":"Margherita De Donato","image":{"@type":"ImageObject","inLanguage":"it-IT","@id":"https:\/\/www.teatrodomma.it\/#\/schema\/person\/image\/","url":"https:\/\/secure.gravatar.com\/avatar\/0fbebb2201a984022de9f07361f7fe88cb7fcefd6be5e33abf5559102ec20088?s=96&d=mm&r=g","contentUrl":"https:\/\/secure.gravatar.com\/avatar\/0fbebb2201a984022de9f07361f7fe88cb7fcefd6be5e33abf5559102ec20088?s=96&d=mm&r=g","caption":"Margherita De Donato"},"url":"https:\/\/www.teatrodomma.it\/?author=3"}]}},"_links":{"self":[{"href":"https:\/\/www.teatrodomma.it\/index.php?rest_route=\/wp\/v2\/posts\/22682","targetHints":{"allow":["GET"]}}],"collection":[{"href":"https:\/\/www.teatrodomma.it\/index.php?rest_route=\/wp\/v2\/posts"}],"about":[{"href":"https:\/\/www.teatrodomma.it\/index.php?rest_route=\/wp\/v2\/types\/post"}],"author":[{"embeddable":true,"href":"https:\/\/www.teatrodomma.it\/index.php?rest_route=\/wp\/v2\/users\/3"}],"replies":[{"embeddable":true,"href":"https:\/\/www.teatrodomma.it\/index.php?rest_route=%2Fwp%2Fv2%2Fcomments&post=22682"}],"version-history":[{"count":0,"href":"https:\/\/www.teatrodomma.it\/index.php?rest_route=\/wp\/v2\/posts\/22682\/revisions"}],"wp:featuredmedia":[{"embeddable":true,"href":"https:\/\/www.teatrodomma.it\/index.php?rest_route=\/wp\/v2\/media\/22681"}],"wp:attachment":[{"href":"https:\/\/www.teatrodomma.it\/index.php?rest_route=%2Fwp%2Fv2%2Fmedia&parent=22682"}],"wp:term":[{"taxonomy":"category","embeddable":true,"href":"https:\/\/www.teatrodomma.it\/index.php?rest_route=%2Fwp%2Fv2%2Fcategories&post=22682"},{"taxonomy":"post_tag","embeddable":true,"href":"https:\/\/www.teatrodomma.it\/index.php?rest_route=%2Fwp%2Fv2%2Ftags&post=22682"}],"curies":[{"name":"wp","href":"https:\/\/api.w.org\/{rel}","templated":true}]}}