{"id":22766,"date":"2023-12-19T17:30:00","date_gmt":"2023-12-19T16:30:00","guid":{"rendered":"https:\/\/www.teatrodomma.it\/?p=22766"},"modified":"2025-12-10T12:42:45","modified_gmt":"2025-12-10T11:42:45","slug":"cuori-in-fiamme-e-palloncini-in-volo-per-i-the-parrock-al-teatro-domma","status":"publish","type":"post","link":"https:\/\/www.teatrodomma.it\/?p=22766","title":{"rendered":"Cuori in fiamme e palloncini in volo per i THE PARROCK al Teatro Domma"},"content":{"rendered":"\n<p class=\"has-background-dark-background-color has-background\"><em>Grande accoglienza per il concerto di Natale organizzato al Teatro Domma gioved\u00ec 28 dicembre nella serata di beneficenza a favore di una famiglia italiana residente in Ucraina.<\/em><\/p>\n\n\n\n<p><strong>La serata \u201c<strong><em>Christmas<\/em>&nbsp;<em>in Rock<\/em><\/strong>\u201c<\/strong> <strong>ha avuto inizio con la performance di Chiara Chiriani<\/strong>, che ha danzato sulle note di <a href=\"https:\/\/www.youtube.com\/watch?v=ifCWN5pJGIE\" target=\"_blank\" rel=\"noreferrer noopener\"><em>&#8220;MARY, DID YOU KNOW?&#8221;<\/em><\/a>, nella versione eseguita dai Pentatonic, in una suggestiva atmosfera a lume di candela. Il sipario si \u00e8 poi chiuso per tornare subito ad aprirsi con la sigla della Twentieth Century Fox che ha annunciato i <strong><em><a href=\"https:\/\/www.teatrodomma.it\/blog\/recensioni\/the-parrock-sul-palco-del-teatro-domma-per-un-concerto-di-beneficenza\/\" target=\"_blank\" rel=\"noreferrer noopener\">The ParRock<\/a><\/em><\/strong>, pronti sul palco, come sempre capitanati dal <em><strong>frontman<\/strong> <strong>e voce solista<\/strong><\/em> &#8211; <strong>don Simone Giovannella<\/strong> <em>(parroco di San Carlo da Sezze alla Madonnetta)<\/em> &#8211; che ha avuto il compito di introdurre i brani, raccontandone a volte l&#8217;origine, a volte il perch\u00e9 della loro scelta da parte della band.<\/p>\n\n\n\n<p>Nella formazione &#8216;storica&#8217;, che fin dal primo concerto ha affiancato in questa avventura don Simone Giovannella,<strong> <\/strong>figurano il co-fondatore nonch\u00e9 suo amico d&#8217;infanzia <strong>don Fabio Vellucci<\/strong> <em>(parroco di S. Melania jr. all&#8217;Axa)<\/em> alla <strong><em>batteria<\/em><\/strong>, oltre ai parrocchiani di San Carlo: <strong>Giorgio Boscariol<\/strong> al <strong><em>basso<\/em><\/strong>, <strong>Marco Crimolini<\/strong> alla <em><strong>chitarra ritmica<\/strong><\/em>, <strong>Marco Arrivas<\/strong> alla <strong><em>chitarra solista<\/em><\/strong> e <strong>Margherita De Donato<\/strong> ai <strong><em>cori<\/em><\/strong>. Riconfermato <strong>Matteo Muggianu<\/strong>, per la seconda volta alle <em><strong>tastier<\/strong><\/em><strong><em>e<\/em><\/strong>, mentre ai <strong><em>cori<\/em><\/strong> si sono aggiunte  <strong>Flavia Nolano<\/strong>, <strong>Michela<\/strong> <strong>Tortora<\/strong> e <strong>Rosamaria Amato<\/strong>, che si \u00e8 esibita anche in duo con don Simone in <em>&#8220;OH HOLY NIGHT&#8221;<\/em> e ne <em>&#8220;L&#8217;ANGELO BIONDO&#8221;<\/em> tratto dal musical <a href=\"https:\/\/www.teatrodomma.it\/blog\/recensioni\/che-aspettate-forza-venite-gente\/\" target=\"_blank\" rel=\"noreferrer noopener\">&#8220;Forza venite gente&#8221;<\/a>, che ha visto di nuovo in scena la ballerina Chiara Chiriano in una delicata ed elegante versione angelicata.<\/p>\n\n\n\n<figure class=\"wp-block-image size-large\"><img decoding=\"async\" src=\"https:\/\/www.teatrodomma.it\/wp-content\/uploads\/2023\/12\/THE-PARROCK_Teatro-Domma-28122023-1024x461.jpg\" alt=\"\" class=\"wp-image-22772\"\/><\/figure>\n\n\n\n<p><strong>Una scaletta di inediti per la band<\/strong> <strong>in abbigliamento natalizio<\/strong> (non sono mancati accenni ad elfi e renne!), <strong>che in questo nuovo live ha proposto al pubblico alcune tra le classiche canzoni di Natale rivisitate in versione rock, accompagnate da successi pop<\/strong>, come <a href=\"https:\/\/www.youtube.com\/watch?v=eUZdR0G20Qs\" target=\"_blank\" rel=\"noreferrer noopener\"><em>&#8220;UNA VITA IN VACANZA&#8221;<\/em><\/a> de Lo Stato Sociale, che ha dato un tocco scenografico tramite il lancio in platea di palloni colorati gonfiati ad aria.<br>Gli spettatori, presi alla sprovvista, si sono divertiti a colpirli per rimandarli sul palcoscenico, instaurando un simpatico ping pong con i musicisti, mentre cantavano <em>&#8220;per un mondo diverso\u2026e nessuno che buca i palloni&#8221;<\/em>.<\/p>\n\n\n\n<figure class=\"wp-block-image size-full\"><img loading=\"lazy\" decoding=\"async\" width=\"900\" height=\"675\" src=\"http:\/\/www.teatrodomma.it\/wp-content\/uploads\/2023\/12\/THE-PARROCK_Teatro-Domma-platea-palloni-28122023-e1704551348759.jpg\" alt=\"\" class=\"wp-image-23004\" srcset=\"https:\/\/www.teatrodomma.it\/wp-content\/uploads\/2023\/12\/THE-PARROCK_Teatro-Domma-platea-palloni-28122023-e1704551348759.jpg 900w, https:\/\/www.teatrodomma.it\/wp-content\/uploads\/2023\/12\/THE-PARROCK_Teatro-Domma-platea-palloni-28122023-e1704551348759-300x225.jpg 300w, https:\/\/www.teatrodomma.it\/wp-content\/uploads\/2023\/12\/THE-PARROCK_Teatro-Domma-platea-palloni-28122023-e1704551348759-768x576.jpg 768w, https:\/\/www.teatrodomma.it\/wp-content\/uploads\/2023\/12\/THE-PARROCK_Teatro-Domma-platea-palloni-28122023-e1704551348759-200x150.jpg 200w\" sizes=\"(max-width: 900px) 100vw, 900px\" \/><\/figure>\n\n\n\n<p class=\"has-text-align-center\"><em><strong>Don Simone Giovannella canta &#8220;Una vita in vacanza&#8221;<\/strong><\/em><strong><em> mentre i palloni colorati volteggiano sul pubblico<\/em><\/strong> <strong><em>accorso al Teatro Domma per la serata di musica e solidariet\u00e0\u00a0<\/em><\/strong><\/p>\n\n\n\n<p><br>In una riuscita scelta musicale, <strong>tra i primi brani suonati<\/strong> si sono succeduti <em>&#8220;JINGLE BELLS ROCK&#8221;, &#8220;THANK GOD IT&#8217;S CHRISTMAS&#8221;, &#8220;CHRISTMAS PUNK MEDLEY&#8221;<\/em> <strong>mentre il gran finale \u00e8 avvenuto con<\/strong><em> &#8220;<em>SILENT NIGHT&#8221; <\/em><\/em>e<em><em> &#8220;HAPPY XMAS<\/em>&#8220;<\/em> cantata anche dal pubblico.<\/p>\n\n\n\n<p><strong>A met\u00e0 serata c&#8217;\u00e8 stato il collegamento con la famiglia di Alessio e Mara con i loro quattro figli, che in streaming dall&#8217;Ucraina hanno seguito il concerto<\/strong>, dichiarando di portare nel cuore la comunit\u00e0 parrocchiale di San Carlo da Sezze che li ha ospitati nel periodo pi\u00f9 cruciale quando sono venuti via da Kiev e che, attraverso questo evento musicale, \u00e8 tornata a supportarli adesso che si sono trasferiti al confine con l&#8217;Ungheria. <em><a href=\"https:\/\/www.youtube.com\/watch?v=C7ckx1gbDH0\" target=\"_blank\" rel=\"noreferrer noopener\">&#8220;TANGO&#8221;<\/a><\/em> di Tananai, in virt\u00f9 del suo testo, \u00e8 stato il brano scelto a suggellare il momento di solidariet\u00e0 promosso tramite la musica.<\/p>\n\n\n\n<p><strong>A completare gli undici pezzi previsti<\/strong> <strong>sono stati eseguiti <\/strong><em>&#8220;MI FIDO DI TE&#8221;<\/em> di Jovanotti ed un omaggio a Lucio Dalla con <em>&#8220;L&#8217;ANNO CHE VERRA'&#8221;<\/em> essendo ormai prossimo il 2024.<\/p>\n\n\n\n<figure class=\"wp-block-image size-full\"><img loading=\"lazy\" decoding=\"async\" width=\"900\" height=\"893\" src=\"http:\/\/www.teatrodomma.it\/wp-content\/uploads\/2023\/12\/THE-PARROCK_Teatro-Domma-don-Fabio-batteria_28122023-e1704551519241.jpg\" alt=\"\" class=\"wp-image-23006\" srcset=\"https:\/\/www.teatrodomma.it\/wp-content\/uploads\/2023\/12\/THE-PARROCK_Teatro-Domma-don-Fabio-batteria_28122023-e1704551519241.jpg 900w, https:\/\/www.teatrodomma.it\/wp-content\/uploads\/2023\/12\/THE-PARROCK_Teatro-Domma-don-Fabio-batteria_28122023-e1704551519241-300x298.jpg 300w, https:\/\/www.teatrodomma.it\/wp-content\/uploads\/2023\/12\/THE-PARROCK_Teatro-Domma-don-Fabio-batteria_28122023-e1704551519241-150x150.jpg 150w, https:\/\/www.teatrodomma.it\/wp-content\/uploads\/2023\/12\/THE-PARROCK_Teatro-Domma-don-Fabio-batteria_28122023-e1704551519241-768x762.jpg 768w, https:\/\/www.teatrodomma.it\/wp-content\/uploads\/2023\/12\/THE-PARROCK_Teatro-Domma-don-Fabio-batteria_28122023-e1704551519241-200x198.jpg 200w, https:\/\/www.teatrodomma.it\/wp-content\/uploads\/2023\/12\/THE-PARROCK_Teatro-Domma-don-Fabio-batteria_28122023-e1704551519241-144x144.jpg 144w\" sizes=\"(max-width: 900px) 100vw, 900px\" \/><\/figure>\n\n\n\n<p class=\"has-text-align-center\"><strong><em>Alla batteria<\/em><\/strong> <strong><em>Don Fabio Vellucci<\/em><\/strong>, <em><strong>artefice insieme a Don Simone della nascita della rock band THE PARROCK<\/strong><\/em><strong><em>, espressione di aggregazione e <\/em><\/strong><em><strong>collaborazione <\/strong><\/em><strong><em>tra due parrocchie limitrofe<\/em><\/strong><\/p>\n\n\n\n<p>A permettere tutto ci\u00f2, il valido contributo del <strong><em>cast tecnico<\/em><\/strong> alla consolle audio e luci, capitanato da <strong>Flavio Cangialosi<\/strong>, con i giovani<em>&nbsp;<\/em>tecnici&nbsp;<strong>Alessio Tomellini<\/strong> e <strong>Simone Fogliazza<\/strong>, che stanno seguendo il corso triennale professionalizzato, tenuto dalla CdS Art Academy presso il Teatro Domma.<\/p>\n\n\n\n<p><strong>In platea, venuti a supportare la band, anche i parrocchiani di don Fabio, tra cui<\/strong> Luigi &#8216;Potsie&#8217; Bianchi, gi\u00e0 tastierista dei The Parrock, con Angelica Bianchi, Margherita &#8216;Megghi&#8217; Bertolini e Lara Migani, coriste dei primi due concerti del gruppo rock.<\/p>\n\n\n\n<figure class=\"wp-block-image size-full\"><img loading=\"lazy\" decoding=\"async\" width=\"900\" height=\"506\" src=\"http:\/\/www.teatrodomma.it\/wp-content\/uploads\/2023\/12\/THE-PARROCK_Potsie-Angie-Megghi_Teatro-Domma-28122023-e1703937137357.jpg\" alt=\"\" class=\"wp-image-22779\" srcset=\"https:\/\/www.teatrodomma.it\/wp-content\/uploads\/2023\/12\/THE-PARROCK_Potsie-Angie-Megghi_Teatro-Domma-28122023-e1703937137357.jpg 900w, https:\/\/www.teatrodomma.it\/wp-content\/uploads\/2023\/12\/THE-PARROCK_Potsie-Angie-Megghi_Teatro-Domma-28122023-e1703937137357-300x169.jpg 300w, https:\/\/www.teatrodomma.it\/wp-content\/uploads\/2023\/12\/THE-PARROCK_Potsie-Angie-Megghi_Teatro-Domma-28122023-e1703937137357-768x432.jpg 768w, https:\/\/www.teatrodomma.it\/wp-content\/uploads\/2023\/12\/THE-PARROCK_Potsie-Angie-Megghi_Teatro-Domma-28122023-e1703937137357-200x112.jpg 200w\" sizes=\"(max-width: 900px) 100vw, 900px\" \/><\/figure>\n\n\n\n<p class=\"has-text-align-center\"><em><strong>Da sinistra: Margherita &#8216;Megghi&#8217; Bertolini, Angelica Bianchi e Luigi &#8216;Potsie&#8217; Bianchi<\/strong><\/em><\/p>\n\n\n\n<p><strong>I The ParRock si sono congedati in un clima di festa e di grande spensieratezza con un bis graditissimo dal pubblico invitato ad alzarsi in piedi per ballare e dai pi\u00f9 piccoli saliti sul palco con la band. <\/strong>C&#8217;\u00e8 stato chi ha detto che per lui sono state le pi\u00f9 belle due ore avute durate tutto il 2023! Per il momento non sono previste altre esibizioni della band, ma qualcosa ci dice che &#8211; definita una nuova invitante scaletta &#8211; riprenderanno le prove per il gruppo formato da appassionati di musica, sufficientemente &#8216;fuori dagli schemi&#8217; e piacevolmente dotati di sana follia da poter trascinare una platea di spettatori di ogni&nbsp;fascia&nbsp;di&nbsp;et\u00e0.<\/p>\n\n\n\n<figure class=\"wp-block-image size-full\"><img loading=\"lazy\" decoding=\"async\" width=\"900\" height=\"675\" src=\"http:\/\/www.teatrodomma.it\/wp-content\/uploads\/2023\/12\/THE-PARROCK_selfie_Teatro-Domma-28122023-e1703936911437.jpg\" alt=\"\" class=\"wp-image-22774\" srcset=\"https:\/\/www.teatrodomma.it\/wp-content\/uploads\/2023\/12\/THE-PARROCK_selfie_Teatro-Domma-28122023-e1703936911437.jpg 900w, https:\/\/www.teatrodomma.it\/wp-content\/uploads\/2023\/12\/THE-PARROCK_selfie_Teatro-Domma-28122023-e1703936911437-300x225.jpg 300w, https:\/\/www.teatrodomma.it\/wp-content\/uploads\/2023\/12\/THE-PARROCK_selfie_Teatro-Domma-28122023-e1703936911437-768x576.jpg 768w, https:\/\/www.teatrodomma.it\/wp-content\/uploads\/2023\/12\/THE-PARROCK_selfie_Teatro-Domma-28122023-e1703936911437-200x150.jpg 200w\" sizes=\"(max-width: 900px) 100vw, 900px\" \/><\/figure>\n\n\n\n<p class=\"has-text-align-center\"><strong><em>28\/12\/2023 &#8211; Selfie della band con il pubblico in uscita dalla sala<\/em><\/strong> <strong><em>del Teatro Domma<\/em><\/strong><\/p>\n\n\n\n<p class=\"has-text-align-center\"><strong><a href=\"https:\/\/open.spotify.com\/playlist\/0E4TLzJmcIOa6j38nSQzpQ\" target=\"_blank\" rel=\"noreferrer noopener\">LA PLAYLIST SU SPOTIFY<\/a><\/strong><\/p>\n\n\n\n<p class=\"has-text-align-center has-background-dark-background-color has-background\"><strong>ARRIVEDERCI !<\/strong><\/p>\n\n\n<div class=\"wp-block-image\">\n<figure class=\"aligncenter size-large\"><img loading=\"lazy\" decoding=\"async\" width=\"894\" height=\"1024\" src=\"http:\/\/www.teatrodomma.it\/wp-content\/uploads\/2023\/12\/THE-PARROCK_Bianconiglio-e-Cappellaio-Matto-e1703944048567-894x1024.jpg\" alt=\"\" class=\"wp-image-22822\" srcset=\"https:\/\/www.teatrodomma.it\/wp-content\/uploads\/2023\/12\/THE-PARROCK_Bianconiglio-e-Cappellaio-Matto-e1703944048567-894x1024.jpg 894w, https:\/\/www.teatrodomma.it\/wp-content\/uploads\/2023\/12\/THE-PARROCK_Bianconiglio-e-Cappellaio-Matto-e1703944048567-262x300.jpg 262w, https:\/\/www.teatrodomma.it\/wp-content\/uploads\/2023\/12\/THE-PARROCK_Bianconiglio-e-Cappellaio-Matto-e1703944048567-768x880.jpg 768w, https:\/\/www.teatrodomma.it\/wp-content\/uploads\/2023\/12\/THE-PARROCK_Bianconiglio-e-Cappellaio-Matto-e1703944048567-200x229.jpg 200w, https:\/\/www.teatrodomma.it\/wp-content\/uploads\/2023\/12\/THE-PARROCK_Bianconiglio-e-Cappellaio-Matto-e1703944048567.jpg 900w\" sizes=\"(max-width: 894px) 100vw, 894px\" \/><\/figure>\n<\/div>\n\n\n<p><\/p>\n","protected":false},"excerpt":{"rendered":"<p>Grande accoglienza per il concerto di Natale organizzato al Teatro Domma gioved\u00ec 28 dicembre nella serata di beneficenza a favore di una famiglia italiana residente in Ucraina. La serata \u201cChristmas&nbsp;in Rock\u201c ha avuto inizio con la performance di Chiara Chiriani, che ha danzato sulle note di &#8220;MARY, DID YOU KNOW?&#8221;, nella versione eseguita dai Pentatonic, [&hellip;]<\/p>\n","protected":false},"author":3,"featured_media":22784,"comment_status":"closed","ping_status":"open","sticky":false,"template":"","format":"standard","meta":{"saved_in_kubio":false,"footnotes":""},"categories":[14],"tags":[251,408],"class_list":{"0":"post-22766","1":"post","2":"type-post","3":"status-publish","4":"format-standard","5":"has-post-thumbnail","6":"hentry","7":"category-recensioni","8":"tag-teatro-domma","9":"tag-the-parrock","11":"post-with-thumbnail","12":"post-with-thumbnail-large"},"yoast_head":"<!-- This site is optimized with the Yoast SEO plugin v25.8 - https:\/\/yoast.com\/wordpress\/plugins\/seo\/ -->\n<title>Cuori in fiamme e palloncini in volo per i THE PARROCK al Teatro Domma - Teatro Domma<\/title>\n<meta name=\"robots\" content=\"index, follow, max-snippet:-1, max-image-preview:large, max-video-preview:-1\" \/>\n<link rel=\"canonical\" href=\"https:\/\/www.teatrodomma.it\/?p=22766\" \/>\n<meta property=\"og:locale\" content=\"it_IT\" \/>\n<meta property=\"og:type\" content=\"article\" \/>\n<meta property=\"og:title\" content=\"Cuori in fiamme e palloncini in volo per i THE PARROCK al Teatro Domma - Teatro Domma\" \/>\n<meta property=\"og:description\" content=\"Grande accoglienza per il concerto di Natale organizzato al Teatro Domma gioved\u00ec 28 dicembre nella serata di beneficenza a favore di una famiglia italiana residente in Ucraina. La serata \u201cChristmas&nbsp;in Rock\u201c ha avuto inizio con la performance di Chiara Chiriani, che ha danzato sulle note di &#8220;MARY, DID YOU KNOW?&#8221;, nella versione eseguita dai Pentatonic, [&hellip;]\" \/>\n<meta property=\"og:url\" content=\"https:\/\/www.teatrodomma.it\/?p=22766\" \/>\n<meta property=\"og:site_name\" content=\"Teatro Domma\" \/>\n<meta property=\"article:publisher\" content=\"https:\/\/www.facebook.com\/p\/Teatro-Domma-61556981831878\/?locale=it_IT\" \/>\n<meta property=\"article:published_time\" content=\"2023-12-19T16:30:00+00:00\" \/>\n<meta property=\"article:modified_time\" content=\"2025-12-10T11:42:45+00:00\" \/>\n<meta property=\"og:image\" content=\"http:\/\/www.teatrodomma.it\/wp-content\/uploads\/2023\/12\/THE-PARROCK_Babbo-Natale-chirarrista-e1703937688813.jpg\" \/>\n\t<meta property=\"og:image:width\" content=\"900\" \/>\n\t<meta property=\"og:image:height\" content=\"1572\" \/>\n\t<meta property=\"og:image:type\" content=\"image\/jpeg\" \/>\n<meta name=\"author\" content=\"Margherita De Donato\" \/>\n<meta name=\"twitter:card\" content=\"summary_large_image\" \/>\n<meta name=\"twitter:label1\" content=\"Scritto da\" \/>\n\t<meta name=\"twitter:data1\" content=\"Margherita De Donato\" \/>\n\t<meta name=\"twitter:label2\" content=\"Tempo di lettura stimato\" \/>\n\t<meta name=\"twitter:data2\" content=\"6 minuti\" \/>\n<script type=\"application\/ld+json\" class=\"yoast-schema-graph\">{\"@context\":\"https:\/\/schema.org\",\"@graph\":[{\"@type\":\"Article\",\"@id\":\"https:\/\/www.teatrodomma.it\/?p=22766#article\",\"isPartOf\":{\"@id\":\"https:\/\/www.teatrodomma.it\/?p=22766\"},\"author\":{\"name\":\"Margherita De Donato\",\"@id\":\"https:\/\/www.teatrodomma.it\/#\/schema\/person\/8a1f09bf4c695307c8aef38d93aa0e84\"},\"headline\":\"Cuori in fiamme e palloncini in volo per i THE PARROCK al Teatro Domma\",\"datePublished\":\"2023-12-19T16:30:00+00:00\",\"dateModified\":\"2025-12-10T11:42:45+00:00\",\"mainEntityOfPage\":{\"@id\":\"https:\/\/www.teatrodomma.it\/?p=22766\"},\"wordCount\":827,\"publisher\":{\"@id\":\"https:\/\/www.teatrodomma.it\/#organization\"},\"image\":{\"@id\":\"https:\/\/www.teatrodomma.it\/?p=22766#primaryimage\"},\"thumbnailUrl\":\"https:\/\/www.teatrodomma.it\/wp-content\/uploads\/2023\/12\/THE-PARROCK_Babbo-Natale-chirarrista-e1703937688813.jpg\",\"keywords\":[\"teatro domma\",\"The ParRock\"],\"articleSection\":[\"Recensioni\"],\"inLanguage\":\"it-IT\"},{\"@type\":\"WebPage\",\"@id\":\"https:\/\/www.teatrodomma.it\/?p=22766\",\"url\":\"https:\/\/www.teatrodomma.it\/?p=22766\",\"name\":\"Cuori in fiamme e palloncini in volo per i THE PARROCK al Teatro Domma - Teatro Domma\",\"isPartOf\":{\"@id\":\"https:\/\/www.teatrodomma.it\/#website\"},\"primaryImageOfPage\":{\"@id\":\"https:\/\/www.teatrodomma.it\/?p=22766#primaryimage\"},\"image\":{\"@id\":\"https:\/\/www.teatrodomma.it\/?p=22766#primaryimage\"},\"thumbnailUrl\":\"https:\/\/www.teatrodomma.it\/wp-content\/uploads\/2023\/12\/THE-PARROCK_Babbo-Natale-chirarrista-e1703937688813.jpg\",\"datePublished\":\"2023-12-19T16:30:00+00:00\",\"dateModified\":\"2025-12-10T11:42:45+00:00\",\"breadcrumb\":{\"@id\":\"https:\/\/www.teatrodomma.it\/?p=22766#breadcrumb\"},\"inLanguage\":\"it-IT\",\"potentialAction\":[{\"@type\":\"ReadAction\",\"target\":[\"https:\/\/www.teatrodomma.it\/?p=22766\"]}]},{\"@type\":\"ImageObject\",\"inLanguage\":\"it-IT\",\"@id\":\"https:\/\/www.teatrodomma.it\/?p=22766#primaryimage\",\"url\":\"https:\/\/www.teatrodomma.it\/wp-content\/uploads\/2023\/12\/THE-PARROCK_Babbo-Natale-chirarrista-e1703937688813.jpg\",\"contentUrl\":\"https:\/\/www.teatrodomma.it\/wp-content\/uploads\/2023\/12\/THE-PARROCK_Babbo-Natale-chirarrista-e1703937688813.jpg\",\"width\":900,\"height\":1572},{\"@type\":\"BreadcrumbList\",\"@id\":\"https:\/\/www.teatrodomma.it\/?p=22766#breadcrumb\",\"itemListElement\":[{\"@type\":\"ListItem\",\"position\":1,\"name\":\"Home\",\"item\":\"https:\/\/www.teatrodomma.it\/\"},{\"@type\":\"ListItem\",\"position\":2,\"name\":\"Cuori in fiamme e palloncini in volo per i THE PARROCK al Teatro Domma\"}]},{\"@type\":\"WebSite\",\"@id\":\"https:\/\/www.teatrodomma.it\/#website\",\"url\":\"https:\/\/www.teatrodomma.it\/\",\"name\":\"Teatro Domma\",\"description\":\"\",\"publisher\":{\"@id\":\"https:\/\/www.teatrodomma.it\/#organization\"},\"potentialAction\":[{\"@type\":\"SearchAction\",\"target\":{\"@type\":\"EntryPoint\",\"urlTemplate\":\"https:\/\/www.teatrodomma.it\/?s={search_term_string}\"},\"query-input\":{\"@type\":\"PropertyValueSpecification\",\"valueRequired\":true,\"valueName\":\"search_term_string\"}}],\"inLanguage\":\"it-IT\"},{\"@type\":\"Organization\",\"@id\":\"https:\/\/www.teatrodomma.it\/#organization\",\"name\":\"Teatro Domma\",\"url\":\"https:\/\/www.teatrodomma.it\/\",\"logo\":{\"@type\":\"ImageObject\",\"inLanguage\":\"it-IT\",\"@id\":\"https:\/\/www.teatrodomma.it\/#\/schema\/logo\/image\/\",\"url\":\"https:\/\/www.teatrodomma.it\/wp-content\/uploads\/2025\/01\/LOGOICON-edited-2.png\",\"contentUrl\":\"https:\/\/www.teatrodomma.it\/wp-content\/uploads\/2025\/01\/LOGOICON-edited-2.png\",\"width\":510,\"height\":287,\"caption\":\"Teatro Domma\"},\"image\":{\"@id\":\"https:\/\/www.teatrodomma.it\/#\/schema\/logo\/image\/\"},\"sameAs\":[\"https:\/\/www.facebook.com\/p\/Teatro-Domma-61556981831878\/?locale=it_IT\",\"https:\/\/www.instagram.com\/teatro_domma\/\"]},{\"@type\":\"Person\",\"@id\":\"https:\/\/www.teatrodomma.it\/#\/schema\/person\/8a1f09bf4c695307c8aef38d93aa0e84\",\"name\":\"Margherita De Donato\",\"image\":{\"@type\":\"ImageObject\",\"inLanguage\":\"it-IT\",\"@id\":\"https:\/\/www.teatrodomma.it\/#\/schema\/person\/image\/\",\"url\":\"https:\/\/secure.gravatar.com\/avatar\/0fbebb2201a984022de9f07361f7fe88cb7fcefd6be5e33abf5559102ec20088?s=96&d=mm&r=g\",\"contentUrl\":\"https:\/\/secure.gravatar.com\/avatar\/0fbebb2201a984022de9f07361f7fe88cb7fcefd6be5e33abf5559102ec20088?s=96&d=mm&r=g\",\"caption\":\"Margherita De Donato\"},\"url\":\"https:\/\/www.teatrodomma.it\/?author=3\"}]}<\/script>\n<!-- \/ Yoast SEO plugin. -->","yoast_head_json":{"title":"Cuori in fiamme e palloncini in volo per i THE PARROCK al Teatro Domma - Teatro Domma","robots":{"index":"index","follow":"follow","max-snippet":"max-snippet:-1","max-image-preview":"max-image-preview:large","max-video-preview":"max-video-preview:-1"},"canonical":"https:\/\/www.teatrodomma.it\/?p=22766","og_locale":"it_IT","og_type":"article","og_title":"Cuori in fiamme e palloncini in volo per i THE PARROCK al Teatro Domma - Teatro Domma","og_description":"Grande accoglienza per il concerto di Natale organizzato al Teatro Domma gioved\u00ec 28 dicembre nella serata di beneficenza a favore di una famiglia italiana residente in Ucraina. La serata \u201cChristmas&nbsp;in Rock\u201c ha avuto inizio con la performance di Chiara Chiriani, che ha danzato sulle note di &#8220;MARY, DID YOU KNOW?&#8221;, nella versione eseguita dai Pentatonic, [&hellip;]","og_url":"https:\/\/www.teatrodomma.it\/?p=22766","og_site_name":"Teatro Domma","article_publisher":"https:\/\/www.facebook.com\/p\/Teatro-Domma-61556981831878\/?locale=it_IT","article_published_time":"2023-12-19T16:30:00+00:00","article_modified_time":"2025-12-10T11:42:45+00:00","og_image":[{"width":900,"height":1572,"url":"http:\/\/www.teatrodomma.it\/wp-content\/uploads\/2023\/12\/THE-PARROCK_Babbo-Natale-chirarrista-e1703937688813.jpg","type":"image\/jpeg"}],"author":"Margherita De Donato","twitter_card":"summary_large_image","twitter_misc":{"Scritto da":"Margherita De Donato","Tempo di lettura stimato":"6 minuti"},"schema":{"@context":"https:\/\/schema.org","@graph":[{"@type":"Article","@id":"https:\/\/www.teatrodomma.it\/?p=22766#article","isPartOf":{"@id":"https:\/\/www.teatrodomma.it\/?p=22766"},"author":{"name":"Margherita De Donato","@id":"https:\/\/www.teatrodomma.it\/#\/schema\/person\/8a1f09bf4c695307c8aef38d93aa0e84"},"headline":"Cuori in fiamme e palloncini in volo per i THE PARROCK al Teatro Domma","datePublished":"2023-12-19T16:30:00+00:00","dateModified":"2025-12-10T11:42:45+00:00","mainEntityOfPage":{"@id":"https:\/\/www.teatrodomma.it\/?p=22766"},"wordCount":827,"publisher":{"@id":"https:\/\/www.teatrodomma.it\/#organization"},"image":{"@id":"https:\/\/www.teatrodomma.it\/?p=22766#primaryimage"},"thumbnailUrl":"https:\/\/www.teatrodomma.it\/wp-content\/uploads\/2023\/12\/THE-PARROCK_Babbo-Natale-chirarrista-e1703937688813.jpg","keywords":["teatro domma","The ParRock"],"articleSection":["Recensioni"],"inLanguage":"it-IT"},{"@type":"WebPage","@id":"https:\/\/www.teatrodomma.it\/?p=22766","url":"https:\/\/www.teatrodomma.it\/?p=22766","name":"Cuori in fiamme e palloncini in volo per i THE PARROCK al Teatro Domma - Teatro Domma","isPartOf":{"@id":"https:\/\/www.teatrodomma.it\/#website"},"primaryImageOfPage":{"@id":"https:\/\/www.teatrodomma.it\/?p=22766#primaryimage"},"image":{"@id":"https:\/\/www.teatrodomma.it\/?p=22766#primaryimage"},"thumbnailUrl":"https:\/\/www.teatrodomma.it\/wp-content\/uploads\/2023\/12\/THE-PARROCK_Babbo-Natale-chirarrista-e1703937688813.jpg","datePublished":"2023-12-19T16:30:00+00:00","dateModified":"2025-12-10T11:42:45+00:00","breadcrumb":{"@id":"https:\/\/www.teatrodomma.it\/?p=22766#breadcrumb"},"inLanguage":"it-IT","potentialAction":[{"@type":"ReadAction","target":["https:\/\/www.teatrodomma.it\/?p=22766"]}]},{"@type":"ImageObject","inLanguage":"it-IT","@id":"https:\/\/www.teatrodomma.it\/?p=22766#primaryimage","url":"https:\/\/www.teatrodomma.it\/wp-content\/uploads\/2023\/12\/THE-PARROCK_Babbo-Natale-chirarrista-e1703937688813.jpg","contentUrl":"https:\/\/www.teatrodomma.it\/wp-content\/uploads\/2023\/12\/THE-PARROCK_Babbo-Natale-chirarrista-e1703937688813.jpg","width":900,"height":1572},{"@type":"BreadcrumbList","@id":"https:\/\/www.teatrodomma.it\/?p=22766#breadcrumb","itemListElement":[{"@type":"ListItem","position":1,"name":"Home","item":"https:\/\/www.teatrodomma.it\/"},{"@type":"ListItem","position":2,"name":"Cuori in fiamme e palloncini in volo per i THE PARROCK al Teatro Domma"}]},{"@type":"WebSite","@id":"https:\/\/www.teatrodomma.it\/#website","url":"https:\/\/www.teatrodomma.it\/","name":"Teatro Domma","description":"","publisher":{"@id":"https:\/\/www.teatrodomma.it\/#organization"},"potentialAction":[{"@type":"SearchAction","target":{"@type":"EntryPoint","urlTemplate":"https:\/\/www.teatrodomma.it\/?s={search_term_string}"},"query-input":{"@type":"PropertyValueSpecification","valueRequired":true,"valueName":"search_term_string"}}],"inLanguage":"it-IT"},{"@type":"Organization","@id":"https:\/\/www.teatrodomma.it\/#organization","name":"Teatro Domma","url":"https:\/\/www.teatrodomma.it\/","logo":{"@type":"ImageObject","inLanguage":"it-IT","@id":"https:\/\/www.teatrodomma.it\/#\/schema\/logo\/image\/","url":"https:\/\/www.teatrodomma.it\/wp-content\/uploads\/2025\/01\/LOGOICON-edited-2.png","contentUrl":"https:\/\/www.teatrodomma.it\/wp-content\/uploads\/2025\/01\/LOGOICON-edited-2.png","width":510,"height":287,"caption":"Teatro Domma"},"image":{"@id":"https:\/\/www.teatrodomma.it\/#\/schema\/logo\/image\/"},"sameAs":["https:\/\/www.facebook.com\/p\/Teatro-Domma-61556981831878\/?locale=it_IT","https:\/\/www.instagram.com\/teatro_domma\/"]},{"@type":"Person","@id":"https:\/\/www.teatrodomma.it\/#\/schema\/person\/8a1f09bf4c695307c8aef38d93aa0e84","name":"Margherita De Donato","image":{"@type":"ImageObject","inLanguage":"it-IT","@id":"https:\/\/www.teatrodomma.it\/#\/schema\/person\/image\/","url":"https:\/\/secure.gravatar.com\/avatar\/0fbebb2201a984022de9f07361f7fe88cb7fcefd6be5e33abf5559102ec20088?s=96&d=mm&r=g","contentUrl":"https:\/\/secure.gravatar.com\/avatar\/0fbebb2201a984022de9f07361f7fe88cb7fcefd6be5e33abf5559102ec20088?s=96&d=mm&r=g","caption":"Margherita De Donato"},"url":"https:\/\/www.teatrodomma.it\/?author=3"}]}},"_links":{"self":[{"href":"https:\/\/www.teatrodomma.it\/index.php?rest_route=\/wp\/v2\/posts\/22766","targetHints":{"allow":["GET"]}}],"collection":[{"href":"https:\/\/www.teatrodomma.it\/index.php?rest_route=\/wp\/v2\/posts"}],"about":[{"href":"https:\/\/www.teatrodomma.it\/index.php?rest_route=\/wp\/v2\/types\/post"}],"author":[{"embeddable":true,"href":"https:\/\/www.teatrodomma.it\/index.php?rest_route=\/wp\/v2\/users\/3"}],"replies":[{"embeddable":true,"href":"https:\/\/www.teatrodomma.it\/index.php?rest_route=%2Fwp%2Fv2%2Fcomments&post=22766"}],"version-history":[{"count":4,"href":"https:\/\/www.teatrodomma.it\/index.php?rest_route=\/wp\/v2\/posts\/22766\/revisions"}],"predecessor-version":[{"id":33597,"href":"https:\/\/www.teatrodomma.it\/index.php?rest_route=\/wp\/v2\/posts\/22766\/revisions\/33597"}],"wp:featuredmedia":[{"embeddable":true,"href":"https:\/\/www.teatrodomma.it\/index.php?rest_route=\/wp\/v2\/media\/22784"}],"wp:attachment":[{"href":"https:\/\/www.teatrodomma.it\/index.php?rest_route=%2Fwp%2Fv2%2Fmedia&parent=22766"}],"wp:term":[{"taxonomy":"category","embeddable":true,"href":"https:\/\/www.teatrodomma.it\/index.php?rest_route=%2Fwp%2Fv2%2Fcategories&post=22766"},{"taxonomy":"post_tag","embeddable":true,"href":"https:\/\/www.teatrodomma.it\/index.php?rest_route=%2Fwp%2Fv2%2Ftags&post=22766"}],"curies":[{"name":"wp","href":"https:\/\/api.w.org\/{rel}","templated":true}]}}