{"id":25068,"date":"2024-02-26T00:00:00","date_gmt":"2024-02-25T23:00:00","guid":{"rendered":"https:\/\/www.teatrodomma.it\/?p=25068"},"modified":"2024-02-26T00:00:00","modified_gmt":"2024-02-25T23:00:00","slug":"chiusi-nella-metropolitana-in-direzione-laurentina-usciranno-a-riveder-le-stelle","status":"publish","type":"post","link":"https:\/\/www.teatrodomma.it\/?p=25068","title":{"rendered":"Chiusi nella metropolitana in &#8220;Direzione Laurentina&#8221;&#8230; usciranno a riveder le stelle?"},"content":{"rendered":"\n<p class=\"has-background-dark-background-color has-background\"><em>Liberale, Giacinti, Pausilli, Di Francesco, Marzullo e Ali: non \u00e8 la formazione di una squadra di calcetto, ma un cast affiatato di attori che scendono in campo, o meglio in metropolitana, regalando pi\u00f9 di un&#8217;ora di spettacolo in cui si ride tanto e si riflette.<\/em><\/p>\n\n\n\n<p>All&#8217;uscita dal Teatro Domma sabato 24 e domenica 25 febbraio abbiamo chiesto agli spettatori cosa fosse loro piaciuto dello spettacolo <em><strong><a href=\"https:\/\/www.teatrodomma.it\/blog\/recensioni\/24-e-25-febbraio-attendendo-la-metro-in-direzione-laurentina\/\" target=\"_blank\" rel=\"noreferrer noopener\">&#8220;Direzione Laurentina&#8221;<\/a><\/strong><\/em>, diretto da <strong><a href=\"https:\/\/movieplayer.it\/personaggi\/pietro-de-silva_1852\/filmografia\/\" target=\"_blank\" rel=\"noreferrer noopener\">Pietro De Silva<\/a><\/strong>. La risposta \u00e8 stata sempre la stessa: tutto!<\/p>\n\n\n\n<p><strong>La commedia ha un impianto corale che mette equamente in luce tutti i personaggi, che l&#8217;autrice <a href=\"https:\/\/www.teatrodomma.it\/blog\/interviste\/aspettando-la-metropolitana-in-direzione-laurentina-con-veronica-liberale\/\" target=\"_blank\" rel=\"noreferrer noopener\">Veronica Liberale<\/a> ha costruito in modo bilanciato<\/strong>: per ognuno di loro ha tratteggiato i lati pi\u00f9 grotteschi, con battute che restano impresse, sottolineate dalle risate del pubblico. <strong>Ottanta minuti di emozioni varie, con applausi sinceri ed all&#8217;improvviso un silenzio sospeso. <\/strong>S\u00ec, perch\u00e9 in questo <strong>affresco dell\u2019umanit\u00e0 contemporanea<\/strong> non mancano i colpi di scena.<\/p>\n\n\n\n<p><strong>Le cinque<\/strong> <strong>figure pittoresche attinte dalla quotidianit\u00e0 della vita<\/strong> <strong>sono personaggi popolari<\/strong> animati da pregiudizi, che sono per lo pi\u00f9 dovuti all\u2019ignoranza, da intendersi come non conoscenza. <strong>Stanno aspettando di prendere la metropolitana<\/strong> in&nbsp;<a href=\"https:\/\/www.facebook.com\/direzionelaurentina\/\" target=\"_blank\" rel=\"noreferrer noopener\">direzione Laurentina<\/a>,&nbsp;<strong>ma il destino ha in serbo per loro ben altre sorprese<\/strong>.<\/p>\n\n\n\n<figure class=\"wp-block-image size-large\"><img decoding=\"async\" src=\"https:\/\/www.teatrodomma.it\/wp-content\/uploads\/2024\/02\/Direzione-Laurentina_Teatro-Domma_2024_in-scena-1024x768.jpg\" alt=\"\" class=\"wp-image-25117\"\/><figcaption><strong><em>Il pubblico del Teatro Domma<\/em><\/strong> <strong><em>segue attento lo svolgersi dello spettacolo (Foto: Margherita De Donato)<\/em><\/strong><\/figcaption><\/figure>\n\n\n\n<p><\/p>\n\n\n\n<figure class=\"wp-block-image size-large\"><img decoding=\"async\" src=\"https:\/\/www.teatrodomma.it\/wp-content\/uploads\/1999\/02\/Direzione-Laurentina_Teatro-Domma_2024_in-scena_2-1024x768.jpg\" alt=\"\" class=\"wp-image-25164\"\/><figcaption><strong><em>Da sinistra: Veronica Liberale, Antonia Di Francesco, Francesca Pausilli, Simone Giacinti<\/em><\/strong><em><strong> (Ph. M. De Donato)<\/strong><\/em><\/figcaption><\/figure>\n\n\n\n<p><strong>Il duetto madre\/figlia portato in scena dalle attrici<\/strong> <strong><em><a href=\"https:\/\/www.facebook.com\/antonia.difrancesco.3\" target=\"_blank\" rel=\"noreferrer noopener\">Antonia Di Francesco<\/a><\/em> e <\/strong><em><strong><a href=\"https:\/\/www.facebook.com\/francesca.pausilli.1\" target=\"_blank\" rel=\"noreferrer noopener\">Francesca Pausilli<\/a><\/strong> <\/em>\u00e8 semplicemente perfetto, godibilissimo nella sua schietta romanit\u00e0 &#8220;doc&#8221; del quartiere Magliana. La loro sintonia scenica \u00e8 collaudata ormai da anni di spettacoli fatti insieme e ci\u00f2 le aiuta ad essere credibili nello scontro generazionale tra una mamma&nbsp;e&nbsp;sua figlia, che \u00e8 all&#8217;ottavo mese di una gravidanza desiderata insieme ad un compagno di cui non ha mai rivelato l&#8217;identit\u00e0. <strong><em><em><a href=\"https:\/\/www.facebook.com\/simone.w.giacinti\" target=\"_blank\" rel=\"noreferrer noopener\">Simone Giacinti<\/a><\/em><\/em><\/strong> <strong>veste i panni di un profugo afgano dal nome lungo e impronunciabile, accorciato in Abused<\/strong>; \u00e8 fuggito dagli orrori della guerra, si arrabatta con tre lavori per mantenere onestamente la famiglia d&#8217;origine e arrotonda cantando per i passanti: nel suo repertorio pop ha le canzoni di Pausini, Ramazzotti e Nek. Bench\u00e9 sia una persona di buon cuore, viene guardato con sospetto soprattutto da <strong>Manolo, guardia giurata di un supermercato dei Parioli<\/strong>, che quella sera si trova l\u00ec alla fermata Policlinico, in attesa della metropolitana come gli altri personaggi in scena. Negli alterchi tra i due uomini interviene a fare da paciere <strong><em><strong><a href=\"https:\/\/www.facebook.com\/veronica.liberale.7\" target=\"_blank\" rel=\"noreferrer noopener\">Veronica Liberale<\/a><\/strong><\/em><\/strong>, <strong>nelle vesti eleganti e altere di Benedetta<\/strong>, ribattezzata &#8220;Frozen&#8221; da Manolo, perch\u00e9 la reputa una signora &#8220;aristozecca&#8221; che, dal suo&nbsp;attico&nbsp;all&#8217;Eur, perora le cause degli immigrati. <strong>Nonostante sia salito in corsa a far parte del cast<\/strong>, <strong><em><a href=\"https:\/\/it.e-talenta.eu\/members\/profile\/david-marzullo\" target=\"_blank\" rel=\"noreferrer noopener\">David Marzullo<\/a><\/em><\/strong> <strong>si \u00e8 calato con estrema naturalezza nei panni della guardia, facendo squadra con gli altri protagonisti<\/strong>, che invece sono alla loro ennesima stagione teatrale insieme. <b>La voce dell&#8217;attrice&nbsp;<\/b><em style=\"\"><a style=\"font-weight: bold;\" href=\"https:\/\/www.facebook.com\/fatima.ali.52643821\" target=\"_blank\" rel=\"noreferrer noopener\">Fatima Ali<\/a><\/em> (esperta anche come doppiatrice e autrice di audiolibri) <strong>ha introdotto il pubblico nella storia che si snoda in direzione Laurentina e poi <strong>con il suo ingresso in scena<\/strong>,<\/strong> <strong>uscendo dall&#8217;ombra, ne ha svelato pienamente l\u2019intreccio.<\/strong><\/p>\n\n\n\n<p>Diceva il regista Monicelli: <em>\u201cLa commedia italiana \u00e8 trattare con termini comici, divertenti, ironici, umoristici degli argomenti che sono invece drammatici\u201d.<\/em> E i testi scritti da Veronica Liberale questi ingredienti ce l\u2019hanno tutti. Basti pensare a <a href=\"https:\/\/www.teatrodomma.it\/blog\/interviste\/veronica-liberale-lautrice-di-gregory\/\" target=\"_blank\" rel=\"noreferrer noopener\">&#8220;Gregory -una storia di famiglia&#8221;<\/a>, andato in scena al Teatro Domma nella passata stagione teatrale (<a href=\"https:\/\/www.teatrodomma.it\/blog\/recensioni\/gregory-ovvero-siamo-tutti-unici\/\" target=\"_blank\" rel=\"noreferrer noopener\"><em>qui<\/em><\/a>).<\/p>\n\n\n\n<figure class=\"wp-block-image size-large\"><img loading=\"lazy\" decoding=\"async\" width=\"900\" height=\"507\" src=\"http:\/\/test.teatrodomma.it\/wp-content\/uploads\/2024\/02\/Direzione-Laurentina_Fatima-Ali_in-scena-e1707333145126.jpg\" alt=\"\" class=\"wp-image-23974\" srcset=\"https:\/\/www.teatrodomma.it\/wp-content\/uploads\/2024\/02\/Direzione-Laurentina_Fatima-Ali_in-scena-e1707333145126.jpg 900w, https:\/\/www.teatrodomma.it\/wp-content\/uploads\/2024\/02\/Direzione-Laurentina_Fatima-Ali_in-scena-e1707333145126-300x169.jpg 300w, https:\/\/www.teatrodomma.it\/wp-content\/uploads\/2024\/02\/Direzione-Laurentina_Fatima-Ali_in-scena-e1707333145126-768x433.jpg 768w, https:\/\/www.teatrodomma.it\/wp-content\/uploads\/2024\/02\/Direzione-Laurentina_Fatima-Ali_in-scena-e1707333145126-200x113.jpg 200w\" sizes=\"(max-width: 900px) 100vw, 900px\" \/><figcaption><strong><em>Fatima Ali<\/em><\/strong><\/figcaption><\/figure>\n\n\n\n<p>C&#8217;\u00e8 chi, lasciando la sala al termine dello spettacolo, ha azzardato di aver colto nella storia ordinaria, cui ha assistito in Direzione Laurentina, quasi dei rimandi alla Storia per antonomasia, scorgendo nell&#8217;ambientazione angusta e buia della metropolitana (ad un certo punto c&#8217;\u00e8 anche un blackout) l&#8217;antro della grotta, in cui \u00e8 venuta al mondo la luce vera; vedendo l&#8217;umanit\u00e0 da salvare rappresentata dai personaggi chiusi nelle loro diffidenze, come la ricca signora elegante e la guardia giurata che considera lo straniero una minaccia continua, forse anche un capro espiatorio per i suoi problemi; finendo con il considerare al pari della figura di Maria la giovane Immacolata incinta di un partner non noto e, infine, come il povero destinato al regno dei cieli il venditore ambulante afghano, che le dona un tappeto per avvolgere il nascituro. Ma questo \u00e8 soltanto il parere dato da uno spettatore; l&#8217;autrice della commedia, interpellata, ha detto che nello scrivere il testo le presunte analogie sono nate spontaneamente.<\/p>\n\n\n\n<figure class=\"wp-block-image size-large\"><img decoding=\"async\" src=\"https:\/\/www.teatrodomma.it\/wp-content\/uploads\/1999\/02\/Direzione-Laurentina_Teatro-Domma_2024_cinque-in-scena_2-1024x768.jpg\" alt=\"\" class=\"wp-image-25156\"\/><figcaption><strong><em>Un altro momento dello spettacolo<\/em><\/strong> <strong><em>&#8220;Direzione Laurentina&#8221;<\/em><\/strong> <strong><em>al Teatro Domma  <em><strong>(Ph. M. De Donato)<\/strong><\/em><\/em><\/strong><\/figcaption><\/figure>\n\n\n\n<p><strong>Al momento dei ringraziamenti finali il regista <a href=\"https:\/\/it.wikipedia.org\/wiki\/Pietro_De_Silva\"><em>Pietro De Silva<\/em><\/a><\/strong>, chiamato sul palco dagli attori, <strong>ha dapprima presentato gli ottimi interpreti<\/strong>, scherzando con ognuno di loro in un piccolo spettacolo nello spettacolo, <strong>per poi spendere parole di elogio per i giovani tecnici audio-luci<\/strong>&nbsp;&#8211; <strong>Alessio Tomellini<\/strong>, <strong>Simone Fogliazza<\/strong> <strong>e<\/strong> <strong>Gabriele<\/strong> <strong>Aruta<\/strong>&#8211; che hanno fatto miracoli, avendo avuto poco tempo a disposizione per le prove <em>(i ragazzi stanno seguendo il corso triennale professionalizzato tenuto dalla CdS Art Academy presso il Teatro Domma, ndr<\/em>).<\/p>\n\n\n\n<figure class=\"wp-block-image size-large\"><img decoding=\"async\" src=\"https:\/\/www.teatrodomma.it\/wp-content\/uploads\/1999\/02\/Direzione-Laurentina_Teatro-Domma_2024_ringraziamenti-1024x768.jpg\" alt=\"\" class=\"wp-image-25167\"\/><figcaption><strong><em>Saluti e ringraziamenti finali<\/em><\/strong> <strong><em><strong>(Ph. M. De Donato)<\/strong><\/em><\/strong><\/figcaption><\/figure>\n\n\n\n<p><strong>Presente in sala anche Canale 10, la televisione del Decimo Municipio venuta a fare un servizio al Teatro Domma<\/strong>. In attesa di ricevere il filmato con le riprese, rivediamo <a href=\"https:\/\/www.facebook.com\/armandoluca.fioretti\/videos\/1130605137097202\" target=\"_blank\" rel=\"noreferrer noopener\">qui<\/a> l&#8217;intervista di TeleRoma56 all&#8217;autrice-attrice Veronica Liberale in occasione del <strong><em>festival Roma Comic Off 2018<\/em><\/strong>, in cui <strong>DIREZIONE LAURENTINA <em>\u00e8 risultato vincitore del&nbsp;Premio Teatro de\u2019 Serv<\/em>i<\/strong>.<\/p>\n\n\n\n<p class=\"has-text-align-center has-background-dark-background-color has-background\"><strong>LE NOSTRE SCHEDE SUGLI ATTORI PROTAGONISTI<\/strong><\/p>\n\n\n\n<p><strong><a href=\"https:\/\/www.teatrodomma.it\/blog\/interviste\/aspettando-la-metropolitana-in-direzione-laurentina-con-veronica-liberale\/\" target=\"_blank\" rel=\"noreferrer noopener\">Veronica Liberale<\/a><\/strong>&nbsp;<strong><em>alias Benedetta<\/em>,&nbsp;<a href=\"https:\/\/www.teatrodomma.it\/blog\/interviste\/simone-giacinti-torna-a-viaggiare-in-direzione-laurentina\/\" target=\"_blank\" rel=\"noreferrer noopener\">Simone Giacinti<\/a>&nbsp;<em>alias Abused<\/em>,&nbsp;<a href=\"https:\/\/www.teatrodomma.it\/blog\/interviste\/francesca-pausilli-in-attesa-della-metro-in-direzione-laurentina\/\" target=\"_blank\" rel=\"noreferrer noopener\">Francesca Pausilli<\/a><\/strong>&nbsp;<strong><em>alias Immacolata<\/em><\/strong>,&nbsp;<strong><a href=\"https:\/\/www.teatrodomma.it\/blog\/interviste\/antonia-di-francesco-e-teresa-in-direzione-laurentina-stazione-delle-emozioni\/\" target=\"_blank\" rel=\"noreferrer noopener\">Antonia Di Francesco<\/a>&nbsp;<\/strong><em><strong>alias Teresa<\/strong>,&nbsp;<\/em><strong><a href=\"https:\/\/www.teatrodomma.it\/blog\/interviste\/fatima-ali-ci-rivela-la-chiave-di-direzione-laurentina\/\" target=\"_blank\" rel=\"noreferrer noopener\">Fatima Ali&nbsp;<\/a><\/strong><em><strong>la voce narrante<\/strong><\/em>&nbsp;<strong>e David Marzullo&nbsp;<em>alias Manolo<\/em>.<\/strong><\/p>\n\n\n\n<figure class=\"wp-block-image size-large\"><img decoding=\"async\" src=\"https:\/\/www.teatrodomma.it\/wp-content\/uploads\/1999\/02\/Direzione-Laurentina_Teatro-Domma_2024_cinque-in-scena_3-1024x768.jpg\" alt=\"\" class=\"wp-image-25158\"\/><figcaption><strong><em>David Marzullo, Veronica Liberale, Antonia Di Francesco, Francesca Pausilli, Simone Giacinti<\/em><\/strong><em><strong> (Ph. M. De Donato)<\/strong><\/em><\/figcaption><\/figure>\n\n\n\n<p>Come accade ai loro personaggi, che si ritrovano insieme in attesa dell\u2019ultimo treno della metropolitana per poi tornare alle loro vite in direzioni diverse, anche gli interpreti che sono <strong>saliti sul palco per comporre insieme il cast di &#8220;<em>Direzione Laurentina&#8221;<\/em>, proseguono ora individualmente il proprio percorso artistico.<\/strong><\/p>\n\n\n\n<p class=\"has-text-align-center has-background-dark-background-color has-background\"><strong>Questi sono gli impegni lavorativi ad attenderli nel loro prossimo futuro:<\/strong> <\/p>\n\n\n\n<p><em><strong><a href=\"https:\/\/www.facebook.com\/veronica.liberale.7\" target=\"_blank\" rel=\"noreferrer noopener\">Veronica Liberale<\/a><\/strong>\u00a0<\/em><strong>in<\/strong> <strong><em><a href=\"https:\/\/www.facebook.com\/story.php?story_fbid=866128632191407&amp;id=100063828331720\" target=\"_blank\" rel=\"noreferrer noopener\">&#8220;GREGORY &#8211; UNA STORIA DI FAMIGLIA&#8221;<\/a> <\/em><\/strong> Domenica 10 Marzo (ore 18:30) al <em>Teatro Santa Chiara<\/em> in via Caterina Troiani 90 &#8211; cell 3290994051 &#8211; ed il 15 Aprile al <em>Teatro Belli <\/em>in P.za di Sant&#8217;Apollonia, 11 Telefono:\u00a006 589 4875; <strong>e<\/strong> <strong>in<\/strong> <strong><em><a href=\"https:\/\/www.teatrodomma.it\/blog\/articoli-vari\/cometa-off-in-scena-le-signorine-buonasera-protagoniste-dellepopea-su-di-loro-firmata-da-veronica-liberale\/\" target=\"_blank\" rel=\"noreferrer noopener\">&#8220;SIGNORINE NEL TEMPO &#8211; Omaggio alle Signorine Buonasera&#8221;<\/a><\/em><\/strong>, di e con Veronica Liberale, oltre a Camilla Bianchini, Giada Fradeani e Luigi Pisani, per la regia di Pietro de Silva: dal 2 al 7 Aprile al <em>Teatro Cometa Off <\/em> in Via Luca della Robbia, 47  Tel.\u00a006 5728 4637<\/p>\n\n\n\n<p><em><strong><a href=\"https:\/\/www.facebook.com\/francesca.pausilli.1\" target=\"_blank\" rel=\"noreferrer noopener\">Francesca Pausilli<\/a><\/strong> <\/em><strong>in<\/strong> <strong><em>&#8220;GREGORY &#8211; UNA STORIA DI FAMIGLIA&#8221;<\/em><\/strong> Domenica 10 Marzo (ore 18:30) al <em>Teatro Santa Chiara<\/em> ed il 15 Aprile al <em>Teatro Belli<\/em>; <strong>ne<\/strong> <strong><em><a href=\"https:\/\/www.teatrodomma.it\/blog\/articoli-vari\/teatro-ghione-ad-aprile-marco-zadra-vi-aspetta-nellhotel-del-libero-scambio\/\" target=\"_blank\" rel=\"noreferrer noopener\">&#8220;L&#8217;HOTEL DEL LIBERO SCAMBIO&#8221;<\/a><\/em><\/strong>, testo di Feydeau con adattamento e regia Marco Zadra: dal 04 al 07 Aprile al <em>Teatro Ghione<\/em> (via delle Fornaci -Tel. 06 6372294 \/ Cell. 3280183987\u00a0\u2013\u00a03341411532); <strong>e<\/strong> dal 15 al 19 maggio al <em>Teatro delle Muse <\/em>in Via Forl\u00ec, 43 &#8211; Tel \u00a006 44233649 <strong>in <em>&#8220;TI SCOCCIA SE TI CHIAMO AMORE?&#8221;<\/em><\/strong>, una commedia degli equivoci, scritta e diretta da\u00a0Luca\u00a0Giacomozzi.<\/p>\n\n\n\n<p><strong><strong><em><a href=\"https:\/\/www.facebook.com\/simone.w.giacinti\" target=\"_blank\" rel=\"noreferrer noopener\">Simone Giacinti<\/a><\/em><\/strong>&nbsp;\u00e8 impegnato come docente di prosa della <em>CdS Theatre Academy<\/em> presso il Teatro Domma<\/strong>;<strong> attualmente sta scrivendo testi teatrali per altri interpreti<\/strong><\/p>\n\n\n\n<p><strong><strong><em><a href=\"https:\/\/www.facebook.com\/antonia.difrancesco.3\" target=\"_blank\" rel=\"noreferrer noopener\">Antonia Di Francesco<\/a><\/em> <strong>impegnata<\/strong><\/strong><\/strong> <strong><strong>con i corsi di recitazione-dizione<\/strong> e con la Direzione Artistica del<\/strong> <a href=\"https:\/\/www.facebook.com\/Sala.Massimo.Troisi\"><em>Teatro Pegaso &#8211; Sala Troisi<\/em><\/a> <strong>e <\/strong>dal 30 aprile al 12 maggio <strong><strong>in<\/strong><\/strong> <em><strong>&#8220;TI VA DI SPOSARMI?&#8221;<\/strong><\/em> per la regia\u00a0di Danila\u00a0Stalteri,  al <em>Teatro de&#8217; Servi<\/em> in Via del Mortaro, 22 &#8211; Tel.\u00a0066795130<\/p>\n\n\n\n<p><strong><strong><em><a href=\"https:\/\/www.facebook.com\/fatima.ali.52643821\" target=\"_blank\" rel=\"noreferrer noopener\">Fatima Ali<\/a><\/em><\/strong><\/strong> <strong>recita e canta<\/strong> <strong>in<\/strong> <strong><em>&#8220;AMUNI&#8221;<\/em><\/strong>, un omaggio alla Sicilia, dal 28 febbraio al 3 marzo al <em>Teatro Trastevere<\/em> in Via Jacopa de&#8217; Settesoli, 3 &#8211; Tel.&nbsp;06 5814004 &#8211; Una commedia scritta e diretta da Salvo&nbsp;Miraglia; in scena anche Clelia Liguori e Jean Michel&nbsp;Danquin<\/p>\n\n\n\n<p><strong><strong><em><a href=\"https:\/\/it.e-talenta.eu\/members\/profile\/david-marzullo\" target=\"_blank\" rel=\"noreferrer noopener\">David Marzullo<\/a><\/em><\/strong><\/strong> <strong>dirige<\/strong> <strong><em>&#8220;SUGO FINTO&#8221;<\/em><\/strong> di Gianni Clementi: dal 26 al 28 aprile <em>Sala Paolo Poli<\/em> <em>di Ostia<\/em>, interpretato da Monica Lugini e Cristiana Stazzonelli. Aiuto regia Rossella&nbsp;Nardini.<\/p>\n\n\n\n<p class=\"has-text-align-center\"><strong><a href=\"https:\/\/www.facebook.com\/direzionelaurentina\" target=\"_blank\" rel=\"noreferrer noopener\">DIREZIONE LAURENTINA su Facebook<\/a><\/strong><\/p>\n\n\n\n<div class=\"wp-block-image\"><figure class=\"aligncenter size-large\"><img decoding=\"async\" src=\"https:\/\/www.teatrodomma.it\/wp-content\/uploads\/2024\/02\/Direzione-Laurentina_Teatro-Domma_locandina-_2024-715x1024.jpg\" alt=\"\" class=\"wp-image-25077\"\/><\/figure><\/div>\n\n\n\n<p><em>Margherita De Donato<\/em><\/p>\n","protected":false},"excerpt":{"rendered":"<p>Liberale, Giacinti, Pausilli, Di Francesco, Marzullo e Ali: non \u00e8 la formazione di una squadra di calcetto, ma un cast affiatato di attori che scendono in campo, o meglio in metropolitana, regalando pi\u00f9 di un&#8217;ora di spettacolo in cui si ride tanto e si riflette. All&#8217;uscita dal Teatro Domma sabato 24 e domenica 25 febbraio [&hellip;]<\/p>\n","protected":false},"author":3,"featured_media":25106,"comment_status":"closed","ping_status":"open","sticky":false,"template":"","format":"standard","meta":{"saved_in_kubio":false,"footnotes":""},"categories":[46,14],"tags":[342,445,416,417,343,418,419,251,345],"class_list":{"0":"post-25068","1":"post","2":"type-post","3":"status-publish","4":"format-standard","5":"has-post-thumbnail","6":"hentry","7":"category-homepage","8":"category-recensioni","9":"tag-antonia-di-francesco","10":"tag-david-marzullo","11":"tag-direzione-laurentina","12":"tag-fatima-ali","13":"tag-francesca-pausilli","14":"tag-pietro-de-silva","15":"tag-simone-giacinti","16":"tag-teatro-domma","17":"tag-veronica-liberale","19":"post-with-thumbnail","20":"post-with-thumbnail-large"},"yoast_head":"<!-- This site is optimized with the Yoast SEO plugin v25.8 - https:\/\/yoast.com\/wordpress\/plugins\/seo\/ -->\n<title>Chiusi nella metropolitana in &quot;Direzione Laurentina&quot;... usciranno a riveder le stelle? - Teatro Domma<\/title>\n<meta name=\"robots\" content=\"index, follow, max-snippet:-1, max-image-preview:large, max-video-preview:-1\" \/>\n<link rel=\"canonical\" href=\"https:\/\/www.teatrodomma.it\/?p=25068\" \/>\n<meta property=\"og:locale\" content=\"it_IT\" \/>\n<meta property=\"og:type\" content=\"article\" \/>\n<meta property=\"og:title\" content=\"Chiusi nella metropolitana in &quot;Direzione Laurentina&quot;... usciranno a riveder le stelle? - Teatro Domma\" \/>\n<meta property=\"og:description\" content=\"Liberale, Giacinti, Pausilli, Di Francesco, Marzullo e Ali: non \u00e8 la formazione di una squadra di calcetto, ma un cast affiatato di attori che scendono in campo, o meglio in metropolitana, regalando pi\u00f9 di un&#8217;ora di spettacolo in cui si ride tanto e si riflette. All&#8217;uscita dal Teatro Domma sabato 24 e domenica 25 febbraio [&hellip;]\" \/>\n<meta property=\"og:url\" content=\"https:\/\/www.teatrodomma.it\/?p=25068\" \/>\n<meta property=\"og:site_name\" content=\"Teatro Domma\" \/>\n<meta property=\"article:publisher\" content=\"https:\/\/www.facebook.com\/p\/Teatro-Domma-61556981831878\/?locale=it_IT\" \/>\n<meta property=\"article:published_time\" content=\"2024-02-25T23:00:00+00:00\" \/>\n<meta property=\"og:image\" content=\"https:\/\/www.teatrodomma.it\/wp-content\/uploads\/2024\/02\/Direzione-Laurentina_Teatro-Domma_2024_cinque-in-scena-e1708946957917.jpg\" \/>\n\t<meta property=\"og:image:width\" content=\"900\" \/>\n\t<meta property=\"og:image:height\" content=\"675\" \/>\n\t<meta property=\"og:image:type\" content=\"image\/jpeg\" \/>\n<meta name=\"author\" content=\"Margherita De Donato\" \/>\n<meta name=\"twitter:card\" content=\"summary_large_image\" \/>\n<meta name=\"twitter:label1\" content=\"Scritto da\" \/>\n\t<meta name=\"twitter:data1\" content=\"Margherita De Donato\" \/>\n\t<meta name=\"twitter:label2\" content=\"Tempo di lettura stimato\" \/>\n\t<meta name=\"twitter:data2\" content=\"8 minuti\" \/>\n<script type=\"application\/ld+json\" class=\"yoast-schema-graph\">{\"@context\":\"https:\/\/schema.org\",\"@graph\":[{\"@type\":\"Article\",\"@id\":\"https:\/\/www.teatrodomma.it\/?p=25068#article\",\"isPartOf\":{\"@id\":\"https:\/\/www.teatrodomma.it\/?p=25068\"},\"author\":{\"name\":\"Margherita De Donato\",\"@id\":\"https:\/\/www.teatrodomma.it\/#\/schema\/person\/8a1f09bf4c695307c8aef38d93aa0e84\"},\"headline\":\"Chiusi nella metropolitana in &#8220;Direzione Laurentina&#8221;&#8230; usciranno a riveder le stelle?\",\"datePublished\":\"2024-02-25T23:00:00+00:00\",\"mainEntityOfPage\":{\"@id\":\"https:\/\/www.teatrodomma.it\/?p=25068\"},\"wordCount\":1338,\"publisher\":{\"@id\":\"https:\/\/www.teatrodomma.it\/#organization\"},\"image\":{\"@id\":\"https:\/\/www.teatrodomma.it\/?p=25068#primaryimage\"},\"thumbnailUrl\":\"https:\/\/www.teatrodomma.it\/wp-content\/uploads\/2024\/02\/Direzione-Laurentina_Teatro-Domma_2024_cinque-in-scena-e1708946957917.jpg\",\"keywords\":[\"Antonia Di Francesco\",\"David Marzullo\",\"Direzione Laurentina\",\"Fatima Ali\",\"Francesca Pausilli\",\"Pietro De Silva\",\"Simone Giacinti\",\"teatro domma\",\"Veronica Liberale\"],\"articleSection\":[\"HomePage\",\"Recensioni\"],\"inLanguage\":\"it-IT\"},{\"@type\":\"WebPage\",\"@id\":\"https:\/\/www.teatrodomma.it\/?p=25068\",\"url\":\"https:\/\/www.teatrodomma.it\/?p=25068\",\"name\":\"Chiusi nella metropolitana in \\\"Direzione Laurentina\\\"... usciranno a riveder le stelle? - Teatro Domma\",\"isPartOf\":{\"@id\":\"https:\/\/www.teatrodomma.it\/#website\"},\"primaryImageOfPage\":{\"@id\":\"https:\/\/www.teatrodomma.it\/?p=25068#primaryimage\"},\"image\":{\"@id\":\"https:\/\/www.teatrodomma.it\/?p=25068#primaryimage\"},\"thumbnailUrl\":\"https:\/\/www.teatrodomma.it\/wp-content\/uploads\/2024\/02\/Direzione-Laurentina_Teatro-Domma_2024_cinque-in-scena-e1708946957917.jpg\",\"datePublished\":\"2024-02-25T23:00:00+00:00\",\"breadcrumb\":{\"@id\":\"https:\/\/www.teatrodomma.it\/?p=25068#breadcrumb\"},\"inLanguage\":\"it-IT\",\"potentialAction\":[{\"@type\":\"ReadAction\",\"target\":[\"https:\/\/www.teatrodomma.it\/?p=25068\"]}]},{\"@type\":\"ImageObject\",\"inLanguage\":\"it-IT\",\"@id\":\"https:\/\/www.teatrodomma.it\/?p=25068#primaryimage\",\"url\":\"https:\/\/www.teatrodomma.it\/wp-content\/uploads\/2024\/02\/Direzione-Laurentina_Teatro-Domma_2024_cinque-in-scena-e1708946957917.jpg\",\"contentUrl\":\"https:\/\/www.teatrodomma.it\/wp-content\/uploads\/2024\/02\/Direzione-Laurentina_Teatro-Domma_2024_cinque-in-scena-e1708946957917.jpg\",\"width\":900,\"height\":675},{\"@type\":\"BreadcrumbList\",\"@id\":\"https:\/\/www.teatrodomma.it\/?p=25068#breadcrumb\",\"itemListElement\":[{\"@type\":\"ListItem\",\"position\":1,\"name\":\"Home\",\"item\":\"https:\/\/www.teatrodomma.it\/\"},{\"@type\":\"ListItem\",\"position\":2,\"name\":\"Chiusi nella metropolitana in &#8220;Direzione Laurentina&#8221;&#8230; usciranno a riveder le stelle?\"}]},{\"@type\":\"WebSite\",\"@id\":\"https:\/\/www.teatrodomma.it\/#website\",\"url\":\"https:\/\/www.teatrodomma.it\/\",\"name\":\"Teatro Domma\",\"description\":\"\",\"publisher\":{\"@id\":\"https:\/\/www.teatrodomma.it\/#organization\"},\"potentialAction\":[{\"@type\":\"SearchAction\",\"target\":{\"@type\":\"EntryPoint\",\"urlTemplate\":\"https:\/\/www.teatrodomma.it\/?s={search_term_string}\"},\"query-input\":{\"@type\":\"PropertyValueSpecification\",\"valueRequired\":true,\"valueName\":\"search_term_string\"}}],\"inLanguage\":\"it-IT\"},{\"@type\":\"Organization\",\"@id\":\"https:\/\/www.teatrodomma.it\/#organization\",\"name\":\"Teatro Domma\",\"url\":\"https:\/\/www.teatrodomma.it\/\",\"logo\":{\"@type\":\"ImageObject\",\"inLanguage\":\"it-IT\",\"@id\":\"https:\/\/www.teatrodomma.it\/#\/schema\/logo\/image\/\",\"url\":\"https:\/\/www.teatrodomma.it\/wp-content\/uploads\/2025\/01\/LOGOICON-edited-2.png\",\"contentUrl\":\"https:\/\/www.teatrodomma.it\/wp-content\/uploads\/2025\/01\/LOGOICON-edited-2.png\",\"width\":510,\"height\":287,\"caption\":\"Teatro Domma\"},\"image\":{\"@id\":\"https:\/\/www.teatrodomma.it\/#\/schema\/logo\/image\/\"},\"sameAs\":[\"https:\/\/www.facebook.com\/p\/Teatro-Domma-61556981831878\/?locale=it_IT\",\"https:\/\/www.instagram.com\/teatro_domma\/\"]},{\"@type\":\"Person\",\"@id\":\"https:\/\/www.teatrodomma.it\/#\/schema\/person\/8a1f09bf4c695307c8aef38d93aa0e84\",\"name\":\"Margherita De Donato\",\"image\":{\"@type\":\"ImageObject\",\"inLanguage\":\"it-IT\",\"@id\":\"https:\/\/www.teatrodomma.it\/#\/schema\/person\/image\/\",\"url\":\"https:\/\/secure.gravatar.com\/avatar\/0fbebb2201a984022de9f07361f7fe88cb7fcefd6be5e33abf5559102ec20088?s=96&d=mm&r=g\",\"contentUrl\":\"https:\/\/secure.gravatar.com\/avatar\/0fbebb2201a984022de9f07361f7fe88cb7fcefd6be5e33abf5559102ec20088?s=96&d=mm&r=g\",\"caption\":\"Margherita De Donato\"},\"url\":\"https:\/\/www.teatrodomma.it\/?author=3\"}]}<\/script>\n<!-- \/ Yoast SEO plugin. -->","yoast_head_json":{"title":"Chiusi nella metropolitana in \"Direzione Laurentina\"... usciranno a riveder le stelle? - Teatro Domma","robots":{"index":"index","follow":"follow","max-snippet":"max-snippet:-1","max-image-preview":"max-image-preview:large","max-video-preview":"max-video-preview:-1"},"canonical":"https:\/\/www.teatrodomma.it\/?p=25068","og_locale":"it_IT","og_type":"article","og_title":"Chiusi nella metropolitana in \"Direzione Laurentina\"... usciranno a riveder le stelle? - Teatro Domma","og_description":"Liberale, Giacinti, Pausilli, Di Francesco, Marzullo e Ali: non \u00e8 la formazione di una squadra di calcetto, ma un cast affiatato di attori che scendono in campo, o meglio in metropolitana, regalando pi\u00f9 di un&#8217;ora di spettacolo in cui si ride tanto e si riflette. All&#8217;uscita dal Teatro Domma sabato 24 e domenica 25 febbraio [&hellip;]","og_url":"https:\/\/www.teatrodomma.it\/?p=25068","og_site_name":"Teatro Domma","article_publisher":"https:\/\/www.facebook.com\/p\/Teatro-Domma-61556981831878\/?locale=it_IT","article_published_time":"2024-02-25T23:00:00+00:00","og_image":[{"width":900,"height":675,"url":"https:\/\/www.teatrodomma.it\/wp-content\/uploads\/2024\/02\/Direzione-Laurentina_Teatro-Domma_2024_cinque-in-scena-e1708946957917.jpg","type":"image\/jpeg"}],"author":"Margherita De Donato","twitter_card":"summary_large_image","twitter_misc":{"Scritto da":"Margherita De Donato","Tempo di lettura stimato":"8 minuti"},"schema":{"@context":"https:\/\/schema.org","@graph":[{"@type":"Article","@id":"https:\/\/www.teatrodomma.it\/?p=25068#article","isPartOf":{"@id":"https:\/\/www.teatrodomma.it\/?p=25068"},"author":{"name":"Margherita De Donato","@id":"https:\/\/www.teatrodomma.it\/#\/schema\/person\/8a1f09bf4c695307c8aef38d93aa0e84"},"headline":"Chiusi nella metropolitana in &#8220;Direzione Laurentina&#8221;&#8230; usciranno a riveder le stelle?","datePublished":"2024-02-25T23:00:00+00:00","mainEntityOfPage":{"@id":"https:\/\/www.teatrodomma.it\/?p=25068"},"wordCount":1338,"publisher":{"@id":"https:\/\/www.teatrodomma.it\/#organization"},"image":{"@id":"https:\/\/www.teatrodomma.it\/?p=25068#primaryimage"},"thumbnailUrl":"https:\/\/www.teatrodomma.it\/wp-content\/uploads\/2024\/02\/Direzione-Laurentina_Teatro-Domma_2024_cinque-in-scena-e1708946957917.jpg","keywords":["Antonia Di Francesco","David Marzullo","Direzione Laurentina","Fatima Ali","Francesca Pausilli","Pietro De Silva","Simone Giacinti","teatro domma","Veronica Liberale"],"articleSection":["HomePage","Recensioni"],"inLanguage":"it-IT"},{"@type":"WebPage","@id":"https:\/\/www.teatrodomma.it\/?p=25068","url":"https:\/\/www.teatrodomma.it\/?p=25068","name":"Chiusi nella metropolitana in \"Direzione Laurentina\"... usciranno a riveder le stelle? - Teatro Domma","isPartOf":{"@id":"https:\/\/www.teatrodomma.it\/#website"},"primaryImageOfPage":{"@id":"https:\/\/www.teatrodomma.it\/?p=25068#primaryimage"},"image":{"@id":"https:\/\/www.teatrodomma.it\/?p=25068#primaryimage"},"thumbnailUrl":"https:\/\/www.teatrodomma.it\/wp-content\/uploads\/2024\/02\/Direzione-Laurentina_Teatro-Domma_2024_cinque-in-scena-e1708946957917.jpg","datePublished":"2024-02-25T23:00:00+00:00","breadcrumb":{"@id":"https:\/\/www.teatrodomma.it\/?p=25068#breadcrumb"},"inLanguage":"it-IT","potentialAction":[{"@type":"ReadAction","target":["https:\/\/www.teatrodomma.it\/?p=25068"]}]},{"@type":"ImageObject","inLanguage":"it-IT","@id":"https:\/\/www.teatrodomma.it\/?p=25068#primaryimage","url":"https:\/\/www.teatrodomma.it\/wp-content\/uploads\/2024\/02\/Direzione-Laurentina_Teatro-Domma_2024_cinque-in-scena-e1708946957917.jpg","contentUrl":"https:\/\/www.teatrodomma.it\/wp-content\/uploads\/2024\/02\/Direzione-Laurentina_Teatro-Domma_2024_cinque-in-scena-e1708946957917.jpg","width":900,"height":675},{"@type":"BreadcrumbList","@id":"https:\/\/www.teatrodomma.it\/?p=25068#breadcrumb","itemListElement":[{"@type":"ListItem","position":1,"name":"Home","item":"https:\/\/www.teatrodomma.it\/"},{"@type":"ListItem","position":2,"name":"Chiusi nella metropolitana in &#8220;Direzione Laurentina&#8221;&#8230; usciranno a riveder le stelle?"}]},{"@type":"WebSite","@id":"https:\/\/www.teatrodomma.it\/#website","url":"https:\/\/www.teatrodomma.it\/","name":"Teatro Domma","description":"","publisher":{"@id":"https:\/\/www.teatrodomma.it\/#organization"},"potentialAction":[{"@type":"SearchAction","target":{"@type":"EntryPoint","urlTemplate":"https:\/\/www.teatrodomma.it\/?s={search_term_string}"},"query-input":{"@type":"PropertyValueSpecification","valueRequired":true,"valueName":"search_term_string"}}],"inLanguage":"it-IT"},{"@type":"Organization","@id":"https:\/\/www.teatrodomma.it\/#organization","name":"Teatro Domma","url":"https:\/\/www.teatrodomma.it\/","logo":{"@type":"ImageObject","inLanguage":"it-IT","@id":"https:\/\/www.teatrodomma.it\/#\/schema\/logo\/image\/","url":"https:\/\/www.teatrodomma.it\/wp-content\/uploads\/2025\/01\/LOGOICON-edited-2.png","contentUrl":"https:\/\/www.teatrodomma.it\/wp-content\/uploads\/2025\/01\/LOGOICON-edited-2.png","width":510,"height":287,"caption":"Teatro Domma"},"image":{"@id":"https:\/\/www.teatrodomma.it\/#\/schema\/logo\/image\/"},"sameAs":["https:\/\/www.facebook.com\/p\/Teatro-Domma-61556981831878\/?locale=it_IT","https:\/\/www.instagram.com\/teatro_domma\/"]},{"@type":"Person","@id":"https:\/\/www.teatrodomma.it\/#\/schema\/person\/8a1f09bf4c695307c8aef38d93aa0e84","name":"Margherita De Donato","image":{"@type":"ImageObject","inLanguage":"it-IT","@id":"https:\/\/www.teatrodomma.it\/#\/schema\/person\/image\/","url":"https:\/\/secure.gravatar.com\/avatar\/0fbebb2201a984022de9f07361f7fe88cb7fcefd6be5e33abf5559102ec20088?s=96&d=mm&r=g","contentUrl":"https:\/\/secure.gravatar.com\/avatar\/0fbebb2201a984022de9f07361f7fe88cb7fcefd6be5e33abf5559102ec20088?s=96&d=mm&r=g","caption":"Margherita De Donato"},"url":"https:\/\/www.teatrodomma.it\/?author=3"}]}},"_links":{"self":[{"href":"https:\/\/www.teatrodomma.it\/index.php?rest_route=\/wp\/v2\/posts\/25068","targetHints":{"allow":["GET"]}}],"collection":[{"href":"https:\/\/www.teatrodomma.it\/index.php?rest_route=\/wp\/v2\/posts"}],"about":[{"href":"https:\/\/www.teatrodomma.it\/index.php?rest_route=\/wp\/v2\/types\/post"}],"author":[{"embeddable":true,"href":"https:\/\/www.teatrodomma.it\/index.php?rest_route=\/wp\/v2\/users\/3"}],"replies":[{"embeddable":true,"href":"https:\/\/www.teatrodomma.it\/index.php?rest_route=%2Fwp%2Fv2%2Fcomments&post=25068"}],"version-history":[{"count":0,"href":"https:\/\/www.teatrodomma.it\/index.php?rest_route=\/wp\/v2\/posts\/25068\/revisions"}],"wp:featuredmedia":[{"embeddable":true,"href":"https:\/\/www.teatrodomma.it\/index.php?rest_route=\/wp\/v2\/media\/25106"}],"wp:attachment":[{"href":"https:\/\/www.teatrodomma.it\/index.php?rest_route=%2Fwp%2Fv2%2Fmedia&parent=25068"}],"wp:term":[{"taxonomy":"category","embeddable":true,"href":"https:\/\/www.teatrodomma.it\/index.php?rest_route=%2Fwp%2Fv2%2Fcategories&post=25068"},{"taxonomy":"post_tag","embeddable":true,"href":"https:\/\/www.teatrodomma.it\/index.php?rest_route=%2Fwp%2Fv2%2Ftags&post=25068"}],"curies":[{"name":"wp","href":"https:\/\/api.w.org\/{rel}","templated":true}]}}