{"id":25645,"date":"2024-02-26T00:02:00","date_gmt":"2024-02-25T23:02:00","guid":{"rendered":"https:\/\/www.teatrodomma.it\/?p=25645"},"modified":"2024-02-26T00:02:00","modified_gmt":"2024-02-25T23:02:00","slug":"il-teatro-domma-su-canale-10-tv","status":"publish","type":"post","link":"https:\/\/www.teatrodomma.it\/?p=25645","title":{"rendered":"Il Teatro Domma su Canale 10 TV"},"content":{"rendered":"\n<p class=\"has-background-dark-background-color has-background\"><em>L&#8217;inviato Alberto Tabbi ha intervistato don Simone Giovannella, il parroco responsabile della struttura, Marco Mininno in rappresentanza della CdS Academy, che ha curato il cartellone della stagione teatrale 2023-2024, e l&#8217;attrice Veronica Liberale, appena andata in scena sul palco<\/em> <em>del Teatro Domma con il suo &#8220;Direzione Laurentina&#8221;<\/em>.<\/p>\n\n\n\n<p><\/p>\n\n\n\n<figure class=\"wp-block-embed is-type-video is-provider-youtube wp-block-embed-youtube wp-embed-aspect-16-9 wp-has-aspect-ratio\"><div class=\"wp-block-embed__wrapper\">\n<iframe loading=\"lazy\" title=\"Acilia, prosegue l&#039;attivit\u00e0 del Teatro Domma nella chiesa San Carlo da Sezze - Canale 10\" width=\"720\" height=\"405\" src=\"https:\/\/www.youtube.com\/embed\/rNUGwF_7h9I?feature=oembed\" frameborder=\"0\" allow=\"accelerometer; autoplay; clipboard-write; encrypted-media; gyroscope; picture-in-picture; web-share\" referrerpolicy=\"strict-origin-when-cross-origin\" allowfullscreen><\/iframe>\n<\/div><\/figure>\n\n\n\n<p><\/p>\n\n\n\n<p><\/p>\n\n\n\n<p><strong>ALBERTO TABBI: <\/strong><em>Nato nel 1993 per volont\u00e0 di don Mario Torregrossa, il Teatro Domma ristrutturato nel 2012 sta portando avanti anche quest&#8217;anno la sua stagione.<\/em><\/p>\n\n\n\n<p><strong>DON SIMONE GIOVANNELLA:<\/strong> Da sempre il teatro \u00e8 uno strumento educativo formidabile, fondamentale, e don Mario, che lo volle fin dall&#8217;inizio, diede vita a questa realt\u00e0 proprio perch\u00e9 ci potesse essere uno strumento educativo cos\u00ec importante come quello del teatro, che aiuta i giovani a esprimere se stessi, a conoscersi attraverso le emozioni, attraverso anche l&#8217;interpretazione di ruoli che li fanno mettere alla prova con delle difficolt\u00e0. Da quest&#8217;anno abbiamo anche iniziato dei giovani tecnici, che cominciano i loro tentativi di provare a fare queste cose e devo dire che i risultati sono veramente meravigliosi.<\/p>\n\n\n\n<p><strong>ALBERTO TABBI:<\/strong> <em>Anche quest&#8217;anno un cartellone estremamente interessante, che affianca anche la vostra attivit\u00e0 didattica&#8230;<\/em><\/p>\n\n\n\n<p><strong>MARCO MININNO:<\/strong> Abbiamo fatto tanti spettacoli divertenti, ma anche interessanti dal punto di vista emotivo e in pi\u00f9 abbiamo un&#8217;attivit\u00e0 didattica che si occupa di recitazione, musical, anche una scuola di tecnici, di musica e tutte queste attivit\u00e0 interessanti per il territorio del X Municipio e noi siamo qui ad Acilia al Teatro Domma in via di Macchia Saponara 106.<\/p>\n\n\n\n<p><strong>ALBERTO TABBI:<\/strong> <em>Avete proposto questo spettacolo in questa realt\u00e0 particolare&#8230;<\/em><\/p>\n\n\n\n<p><strong>VERONICA LIBERALE:<\/strong> S\u00ec, devo dire una bella realt\u00e0; \u00e8 un teatro bello, cio\u00e8 che ha un senso. Perch\u00e9 fare il teatro in un quartiere popoloso, popolare come Acilia, ha veramente un senso. I ragazzi del teatro mi chiedevano  un titolo ed io ho pensato subito a &#8220;Direzione Laurentina&#8221; perch\u00e9 \u00e8 una commedia in cui lo spettatore pu\u00f2 entrare in empatia: \u00e8 la storia di cinque persone bloccate sotto la metropolitana di Roma e si sa che i mezzi sono fonte di ispirazione per gli autori, perch\u00e9 dentro sotto i mezzi c&#8217;\u00e8 un mondo&#8230; e questi cinque personaggi rappresentano appunto il mondo e un sesto personaggio nell&#8217;ombra \u00e8 la sorpresa finale, perch\u00e9 c&#8217;\u00e8 un colpo di scena. Quindi cinque persone diverse costrette a confrontarsi, perch\u00e9 rimangono bloccate dentro la metropolitana per 24 ore.<\/p>\n\n\n\n<p><strong>ALBERTO TABBI:<\/strong> <em>Un teatro che all&#8217;interno della parrocchia San Carlo da Sezze \u00e8 una valenza che va al di l\u00e0 del semplice spettacolo.<\/em><\/p>\n\n\n\n<div class=\"wp-block-image\"><figure class=\"aligncenter size-large\"><img decoding=\"async\" src=\"https:\/\/www.teatrodomma.it\/wp-content\/uploads\/2023\/09\/Cartellone-stagione-2023-2024_locandina-722x1024.jpg\" alt=\"\" class=\"wp-image-17305\"\/><\/figure><\/div>\n\n\n\n<p><\/p>\n\n\n\n<div class=\"wp-block-image\"><figure class=\"aligncenter size-large\"><img decoding=\"async\" src=\"https:\/\/www.teatrodomma.it\/wp-content\/uploads\/2024\/02\/Direzione-Laurentina_Teatro-Domma_locandina-_2024-715x1024.jpg\" alt=\"\" class=\"wp-image-25077\"\/><\/figure><\/div>\n\n\n\n<p><\/p>\n\n\n\n<p class=\"has-text-align-center\"><strong><a href=\"https:\/\/www.youtube.com\/watch?v=fU25g3Kz5BQ\" target=\"_blank\" rel=\"noreferrer noopener\">UN ALTRO SERVIZIO<\/a> REALIZZATO DA CANALE 10 NELLA STAGIONE TEATRALE 2022-2023<\/strong><\/p>\n\n\n\n<p class=\"has-text-align-center has-background-dark-background-color has-background\"><strong>LA RASSEGNA &#8220;COSI&#8217; FAN TEATRO&#8221; AD INIZIO 2019<\/strong>&#8230;<\/p>\n\n\n\n<figure class=\"wp-block-embed is-type-video is-provider-youtube wp-block-embed-youtube wp-embed-aspect-16-9 wp-has-aspect-ratio\"><div class=\"wp-block-embed__wrapper\">\n<iframe loading=\"lazy\" title=\"Stagione teatrale del Teatro don Mario Torregrossa\" width=\"720\" height=\"405\" src=\"https:\/\/www.youtube.com\/embed\/7_xhtMqfHpk?feature=oembed\" frameborder=\"0\" allow=\"accelerometer; autoplay; clipboard-write; encrypted-media; gyroscope; picture-in-picture; web-share\" referrerpolicy=\"strict-origin-when-cross-origin\" allowfullscreen><\/iframe>\n<\/div><\/figure>\n","protected":false},"excerpt":{"rendered":"<p>L&#8217;inviato Alberto Tabbi ha intervistato don Simone Giovannella, il parroco responsabile della struttura, Marco Mininno in rappresentanza della CdS Academy, che ha curato il cartellone della stagione teatrale 2023-2024, e l&#8217;attrice Veronica Liberale, appena andata in scena sul palco del Teatro Domma con il suo &#8220;Direzione Laurentina&#8221;. ALBERTO TABBI: Nato nel 1993 per volont\u00e0 di [&hellip;]<\/p>\n","protected":false},"author":3,"featured_media":25714,"comment_status":"closed","ping_status":"open","sticky":false,"template":"","format":"standard","meta":{"saved_in_kubio":false,"footnotes":""},"categories":[46,30],"tags":[28,49,416,407,77,345],"class_list":{"0":"post-25645","1":"post","2":"type-post","3":"status-publish","4":"format-standard","5":"has-post-thumbnail","6":"hentry","7":"category-homepage","8":"category-video","9":"tag-canale-10","10":"tag-cds-academy","11":"tag-direzione-laurentina","12":"tag-don-simone-giovannella","13":"tag-marco-mininno","14":"tag-veronica-liberale","16":"post-with-thumbnail","17":"post-with-thumbnail-large"},"yoast_head":"<!-- This site is optimized with the Yoast SEO plugin v25.8 - https:\/\/yoast.com\/wordpress\/plugins\/seo\/ -->\n<title>Il Teatro Domma su Canale 10 TV - Teatro Domma<\/title>\n<meta name=\"robots\" content=\"index, follow, max-snippet:-1, max-image-preview:large, max-video-preview:-1\" \/>\n<link rel=\"canonical\" href=\"https:\/\/www.teatrodomma.it\/?p=25645\" \/>\n<meta property=\"og:locale\" content=\"it_IT\" \/>\n<meta property=\"og:type\" content=\"article\" \/>\n<meta property=\"og:title\" content=\"Il Teatro Domma su Canale 10 TV - Teatro Domma\" \/>\n<meta property=\"og:description\" content=\"L&#8217;inviato Alberto Tabbi ha intervistato don Simone Giovannella, il parroco responsabile della struttura, Marco Mininno in rappresentanza della CdS Academy, che ha curato il cartellone della stagione teatrale 2023-2024, e l&#8217;attrice Veronica Liberale, appena andata in scena sul palco del Teatro Domma con il suo &#8220;Direzione Laurentina&#8221;. ALBERTO TABBI: Nato nel 1993 per volont\u00e0 di [&hellip;]\" \/>\n<meta property=\"og:url\" content=\"https:\/\/www.teatrodomma.it\/?p=25645\" \/>\n<meta property=\"og:site_name\" content=\"Teatro Domma\" \/>\n<meta property=\"article:publisher\" content=\"https:\/\/www.facebook.com\/p\/Teatro-Domma-61556981831878\/?locale=it_IT\" \/>\n<meta property=\"article:published_time\" content=\"2024-02-25T23:02:00+00:00\" \/>\n<meta property=\"og:image\" content=\"https:\/\/www.teatrodomma.it\/wp-content\/uploads\/2024\/03\/CANALE-10-TV_logo-e1709647226880.jpg\" \/>\n\t<meta property=\"og:image:width\" content=\"900\" \/>\n\t<meta property=\"og:image:height\" content=\"709\" \/>\n\t<meta property=\"og:image:type\" content=\"image\/jpeg\" \/>\n<meta name=\"author\" content=\"Margherita De Donato\" \/>\n<meta name=\"twitter:card\" content=\"summary_large_image\" \/>\n<meta name=\"twitter:label1\" content=\"Scritto da\" \/>\n\t<meta name=\"twitter:data1\" content=\"Margherita De Donato\" \/>\n\t<meta name=\"twitter:label2\" content=\"Tempo di lettura stimato\" \/>\n\t<meta name=\"twitter:data2\" content=\"3 minuti\" \/>\n<script type=\"application\/ld+json\" class=\"yoast-schema-graph\">{\"@context\":\"https:\/\/schema.org\",\"@graph\":[{\"@type\":\"Article\",\"@id\":\"https:\/\/www.teatrodomma.it\/?p=25645#article\",\"isPartOf\":{\"@id\":\"https:\/\/www.teatrodomma.it\/?p=25645\"},\"author\":{\"name\":\"Margherita De Donato\",\"@id\":\"https:\/\/www.teatrodomma.it\/#\/schema\/person\/8a1f09bf4c695307c8aef38d93aa0e84\"},\"headline\":\"Il Teatro Domma su Canale 10 TV\",\"datePublished\":\"2024-02-25T23:02:00+00:00\",\"mainEntityOfPage\":{\"@id\":\"https:\/\/www.teatrodomma.it\/?p=25645\"},\"wordCount\":446,\"publisher\":{\"@id\":\"https:\/\/www.teatrodomma.it\/#organization\"},\"image\":{\"@id\":\"https:\/\/www.teatrodomma.it\/?p=25645#primaryimage\"},\"thumbnailUrl\":\"https:\/\/www.teatrodomma.it\/wp-content\/uploads\/2024\/03\/CANALE-10-TV_logo-e1709647226880.jpg\",\"keywords\":[\"canale 10\",\"Cds Academy\",\"Direzione Laurentina\",\"don Simone Giovannella\",\"Marco Mininno\",\"Veronica Liberale\"],\"articleSection\":[\"HomePage\",\"Video\"],\"inLanguage\":\"it-IT\"},{\"@type\":\"WebPage\",\"@id\":\"https:\/\/www.teatrodomma.it\/?p=25645\",\"url\":\"https:\/\/www.teatrodomma.it\/?p=25645\",\"name\":\"Il Teatro Domma su Canale 10 TV - Teatro Domma\",\"isPartOf\":{\"@id\":\"https:\/\/www.teatrodomma.it\/#website\"},\"primaryImageOfPage\":{\"@id\":\"https:\/\/www.teatrodomma.it\/?p=25645#primaryimage\"},\"image\":{\"@id\":\"https:\/\/www.teatrodomma.it\/?p=25645#primaryimage\"},\"thumbnailUrl\":\"https:\/\/www.teatrodomma.it\/wp-content\/uploads\/2024\/03\/CANALE-10-TV_logo-e1709647226880.jpg\",\"datePublished\":\"2024-02-25T23:02:00+00:00\",\"breadcrumb\":{\"@id\":\"https:\/\/www.teatrodomma.it\/?p=25645#breadcrumb\"},\"inLanguage\":\"it-IT\",\"potentialAction\":[{\"@type\":\"ReadAction\",\"target\":[\"https:\/\/www.teatrodomma.it\/?p=25645\"]}]},{\"@type\":\"ImageObject\",\"inLanguage\":\"it-IT\",\"@id\":\"https:\/\/www.teatrodomma.it\/?p=25645#primaryimage\",\"url\":\"https:\/\/www.teatrodomma.it\/wp-content\/uploads\/2024\/03\/CANALE-10-TV_logo-e1709647226880.jpg\",\"contentUrl\":\"https:\/\/www.teatrodomma.it\/wp-content\/uploads\/2024\/03\/CANALE-10-TV_logo-e1709647226880.jpg\",\"width\":900,\"height\":709},{\"@type\":\"BreadcrumbList\",\"@id\":\"https:\/\/www.teatrodomma.it\/?p=25645#breadcrumb\",\"itemListElement\":[{\"@type\":\"ListItem\",\"position\":1,\"name\":\"Home\",\"item\":\"https:\/\/www.teatrodomma.it\/\"},{\"@type\":\"ListItem\",\"position\":2,\"name\":\"Il Teatro Domma su Canale 10 TV\"}]},{\"@type\":\"WebSite\",\"@id\":\"https:\/\/www.teatrodomma.it\/#website\",\"url\":\"https:\/\/www.teatrodomma.it\/\",\"name\":\"Teatro Domma\",\"description\":\"\",\"publisher\":{\"@id\":\"https:\/\/www.teatrodomma.it\/#organization\"},\"potentialAction\":[{\"@type\":\"SearchAction\",\"target\":{\"@type\":\"EntryPoint\",\"urlTemplate\":\"https:\/\/www.teatrodomma.it\/?s={search_term_string}\"},\"query-input\":{\"@type\":\"PropertyValueSpecification\",\"valueRequired\":true,\"valueName\":\"search_term_string\"}}],\"inLanguage\":\"it-IT\"},{\"@type\":\"Organization\",\"@id\":\"https:\/\/www.teatrodomma.it\/#organization\",\"name\":\"Teatro Domma\",\"url\":\"https:\/\/www.teatrodomma.it\/\",\"logo\":{\"@type\":\"ImageObject\",\"inLanguage\":\"it-IT\",\"@id\":\"https:\/\/www.teatrodomma.it\/#\/schema\/logo\/image\/\",\"url\":\"https:\/\/www.teatrodomma.it\/wp-content\/uploads\/2025\/01\/LOGOICON-edited-2.png\",\"contentUrl\":\"https:\/\/www.teatrodomma.it\/wp-content\/uploads\/2025\/01\/LOGOICON-edited-2.png\",\"width\":510,\"height\":287,\"caption\":\"Teatro Domma\"},\"image\":{\"@id\":\"https:\/\/www.teatrodomma.it\/#\/schema\/logo\/image\/\"},\"sameAs\":[\"https:\/\/www.facebook.com\/p\/Teatro-Domma-61556981831878\/?locale=it_IT\",\"https:\/\/www.instagram.com\/teatro_domma\/\"]},{\"@type\":\"Person\",\"@id\":\"https:\/\/www.teatrodomma.it\/#\/schema\/person\/8a1f09bf4c695307c8aef38d93aa0e84\",\"name\":\"Margherita De Donato\",\"image\":{\"@type\":\"ImageObject\",\"inLanguage\":\"it-IT\",\"@id\":\"https:\/\/www.teatrodomma.it\/#\/schema\/person\/image\/\",\"url\":\"https:\/\/secure.gravatar.com\/avatar\/0fbebb2201a984022de9f07361f7fe88cb7fcefd6be5e33abf5559102ec20088?s=96&d=mm&r=g\",\"contentUrl\":\"https:\/\/secure.gravatar.com\/avatar\/0fbebb2201a984022de9f07361f7fe88cb7fcefd6be5e33abf5559102ec20088?s=96&d=mm&r=g\",\"caption\":\"Margherita De Donato\"},\"url\":\"https:\/\/www.teatrodomma.it\/?author=3\"}]}<\/script>\n<!-- \/ Yoast SEO plugin. -->","yoast_head_json":{"title":"Il Teatro Domma su Canale 10 TV - Teatro Domma","robots":{"index":"index","follow":"follow","max-snippet":"max-snippet:-1","max-image-preview":"max-image-preview:large","max-video-preview":"max-video-preview:-1"},"canonical":"https:\/\/www.teatrodomma.it\/?p=25645","og_locale":"it_IT","og_type":"article","og_title":"Il Teatro Domma su Canale 10 TV - Teatro Domma","og_description":"L&#8217;inviato Alberto Tabbi ha intervistato don Simone Giovannella, il parroco responsabile della struttura, Marco Mininno in rappresentanza della CdS Academy, che ha curato il cartellone della stagione teatrale 2023-2024, e l&#8217;attrice Veronica Liberale, appena andata in scena sul palco del Teatro Domma con il suo &#8220;Direzione Laurentina&#8221;. ALBERTO TABBI: Nato nel 1993 per volont\u00e0 di [&hellip;]","og_url":"https:\/\/www.teatrodomma.it\/?p=25645","og_site_name":"Teatro Domma","article_publisher":"https:\/\/www.facebook.com\/p\/Teatro-Domma-61556981831878\/?locale=it_IT","article_published_time":"2024-02-25T23:02:00+00:00","og_image":[{"width":900,"height":709,"url":"https:\/\/www.teatrodomma.it\/wp-content\/uploads\/2024\/03\/CANALE-10-TV_logo-e1709647226880.jpg","type":"image\/jpeg"}],"author":"Margherita De Donato","twitter_card":"summary_large_image","twitter_misc":{"Scritto da":"Margherita De Donato","Tempo di lettura stimato":"3 minuti"},"schema":{"@context":"https:\/\/schema.org","@graph":[{"@type":"Article","@id":"https:\/\/www.teatrodomma.it\/?p=25645#article","isPartOf":{"@id":"https:\/\/www.teatrodomma.it\/?p=25645"},"author":{"name":"Margherita De Donato","@id":"https:\/\/www.teatrodomma.it\/#\/schema\/person\/8a1f09bf4c695307c8aef38d93aa0e84"},"headline":"Il Teatro Domma su Canale 10 TV","datePublished":"2024-02-25T23:02:00+00:00","mainEntityOfPage":{"@id":"https:\/\/www.teatrodomma.it\/?p=25645"},"wordCount":446,"publisher":{"@id":"https:\/\/www.teatrodomma.it\/#organization"},"image":{"@id":"https:\/\/www.teatrodomma.it\/?p=25645#primaryimage"},"thumbnailUrl":"https:\/\/www.teatrodomma.it\/wp-content\/uploads\/2024\/03\/CANALE-10-TV_logo-e1709647226880.jpg","keywords":["canale 10","Cds Academy","Direzione Laurentina","don Simone Giovannella","Marco Mininno","Veronica Liberale"],"articleSection":["HomePage","Video"],"inLanguage":"it-IT"},{"@type":"WebPage","@id":"https:\/\/www.teatrodomma.it\/?p=25645","url":"https:\/\/www.teatrodomma.it\/?p=25645","name":"Il Teatro Domma su Canale 10 TV - Teatro Domma","isPartOf":{"@id":"https:\/\/www.teatrodomma.it\/#website"},"primaryImageOfPage":{"@id":"https:\/\/www.teatrodomma.it\/?p=25645#primaryimage"},"image":{"@id":"https:\/\/www.teatrodomma.it\/?p=25645#primaryimage"},"thumbnailUrl":"https:\/\/www.teatrodomma.it\/wp-content\/uploads\/2024\/03\/CANALE-10-TV_logo-e1709647226880.jpg","datePublished":"2024-02-25T23:02:00+00:00","breadcrumb":{"@id":"https:\/\/www.teatrodomma.it\/?p=25645#breadcrumb"},"inLanguage":"it-IT","potentialAction":[{"@type":"ReadAction","target":["https:\/\/www.teatrodomma.it\/?p=25645"]}]},{"@type":"ImageObject","inLanguage":"it-IT","@id":"https:\/\/www.teatrodomma.it\/?p=25645#primaryimage","url":"https:\/\/www.teatrodomma.it\/wp-content\/uploads\/2024\/03\/CANALE-10-TV_logo-e1709647226880.jpg","contentUrl":"https:\/\/www.teatrodomma.it\/wp-content\/uploads\/2024\/03\/CANALE-10-TV_logo-e1709647226880.jpg","width":900,"height":709},{"@type":"BreadcrumbList","@id":"https:\/\/www.teatrodomma.it\/?p=25645#breadcrumb","itemListElement":[{"@type":"ListItem","position":1,"name":"Home","item":"https:\/\/www.teatrodomma.it\/"},{"@type":"ListItem","position":2,"name":"Il Teatro Domma su Canale 10 TV"}]},{"@type":"WebSite","@id":"https:\/\/www.teatrodomma.it\/#website","url":"https:\/\/www.teatrodomma.it\/","name":"Teatro Domma","description":"","publisher":{"@id":"https:\/\/www.teatrodomma.it\/#organization"},"potentialAction":[{"@type":"SearchAction","target":{"@type":"EntryPoint","urlTemplate":"https:\/\/www.teatrodomma.it\/?s={search_term_string}"},"query-input":{"@type":"PropertyValueSpecification","valueRequired":true,"valueName":"search_term_string"}}],"inLanguage":"it-IT"},{"@type":"Organization","@id":"https:\/\/www.teatrodomma.it\/#organization","name":"Teatro Domma","url":"https:\/\/www.teatrodomma.it\/","logo":{"@type":"ImageObject","inLanguage":"it-IT","@id":"https:\/\/www.teatrodomma.it\/#\/schema\/logo\/image\/","url":"https:\/\/www.teatrodomma.it\/wp-content\/uploads\/2025\/01\/LOGOICON-edited-2.png","contentUrl":"https:\/\/www.teatrodomma.it\/wp-content\/uploads\/2025\/01\/LOGOICON-edited-2.png","width":510,"height":287,"caption":"Teatro Domma"},"image":{"@id":"https:\/\/www.teatrodomma.it\/#\/schema\/logo\/image\/"},"sameAs":["https:\/\/www.facebook.com\/p\/Teatro-Domma-61556981831878\/?locale=it_IT","https:\/\/www.instagram.com\/teatro_domma\/"]},{"@type":"Person","@id":"https:\/\/www.teatrodomma.it\/#\/schema\/person\/8a1f09bf4c695307c8aef38d93aa0e84","name":"Margherita De Donato","image":{"@type":"ImageObject","inLanguage":"it-IT","@id":"https:\/\/www.teatrodomma.it\/#\/schema\/person\/image\/","url":"https:\/\/secure.gravatar.com\/avatar\/0fbebb2201a984022de9f07361f7fe88cb7fcefd6be5e33abf5559102ec20088?s=96&d=mm&r=g","contentUrl":"https:\/\/secure.gravatar.com\/avatar\/0fbebb2201a984022de9f07361f7fe88cb7fcefd6be5e33abf5559102ec20088?s=96&d=mm&r=g","caption":"Margherita De Donato"},"url":"https:\/\/www.teatrodomma.it\/?author=3"}]}},"_links":{"self":[{"href":"https:\/\/www.teatrodomma.it\/index.php?rest_route=\/wp\/v2\/posts\/25645","targetHints":{"allow":["GET"]}}],"collection":[{"href":"https:\/\/www.teatrodomma.it\/index.php?rest_route=\/wp\/v2\/posts"}],"about":[{"href":"https:\/\/www.teatrodomma.it\/index.php?rest_route=\/wp\/v2\/types\/post"}],"author":[{"embeddable":true,"href":"https:\/\/www.teatrodomma.it\/index.php?rest_route=\/wp\/v2\/users\/3"}],"replies":[{"embeddable":true,"href":"https:\/\/www.teatrodomma.it\/index.php?rest_route=%2Fwp%2Fv2%2Fcomments&post=25645"}],"version-history":[{"count":0,"href":"https:\/\/www.teatrodomma.it\/index.php?rest_route=\/wp\/v2\/posts\/25645\/revisions"}],"wp:featuredmedia":[{"embeddable":true,"href":"https:\/\/www.teatrodomma.it\/index.php?rest_route=\/wp\/v2\/media\/25714"}],"wp:attachment":[{"href":"https:\/\/www.teatrodomma.it\/index.php?rest_route=%2Fwp%2Fv2%2Fmedia&parent=25645"}],"wp:term":[{"taxonomy":"category","embeddable":true,"href":"https:\/\/www.teatrodomma.it\/index.php?rest_route=%2Fwp%2Fv2%2Fcategories&post=25645"},{"taxonomy":"post_tag","embeddable":true,"href":"https:\/\/www.teatrodomma.it\/index.php?rest_route=%2Fwp%2Fv2%2Ftags&post=25645"}],"curies":[{"name":"wp","href":"https:\/\/api.w.org\/{rel}","templated":true}]}}