{"id":27611,"date":"2024-09-13T15:45:00","date_gmt":"2024-09-13T13:45:00","guid":{"rendered":"https:\/\/www.teatrodomma.it\/?p=27611"},"modified":"2024-09-13T15:45:00","modified_gmt":"2024-09-13T13:45:00","slug":"al-teatro-domma-riparte-la-stagione-del-buonuomore","status":"publish","type":"post","link":"https:\/\/www.teatrodomma.it\/?p=27611","title":{"rendered":"Al Teatro Domma riparte la stagione del buonumore"},"content":{"rendered":"\n<p class=\"has-background-dark-background-color has-background\"><em>Il 13 ottobre \u00e8 la prima data del cartellone 2024-2025. A dare il via \u00e8 Dado, il noto comico cabarettista romano. Presso il botteghino sono gi\u00e0 acquistabili<\/em> <em>tre tipologie di abbonamento e due diversi carnet da 14 o 20 biglietti<\/em> <em>ad un prezzo eccezionale.<\/em> <em>Affrettatevi per essere  abbonati <em>in prima fila<\/em><\/em> <em>o per aggiudicarvi<\/em> <em>il posto che preferite!<\/em><\/p>\n\n\n\n<p>Anticipiamo alcuni degli altri nomi degli artisti che a partire dal prossimo autunno saliranno sul palco per la <em>sezione Prosa:<\/em> <strong>Marco Zadra, Simone Montedoro in coppia con Paola Barale, <strong>Danilo De Santis con <strong>Roberta Mastromichele<\/strong><\/strong>,<\/strong> <strong>Martufello e Marco Simeoli, Valeria Monetti, Simone Giacinti, Mauro Conte.<\/strong><\/p>\n\n\n\n<p><\/p>\n\n\n\n<figure class=\"wp-block-image size-large\"><img decoding=\"async\" src=\"https:\/\/www.teatrodomma.it\/wp-content\/uploads\/2024\/04\/Stagione-2024-2025_scritta-1024x539.jpg\" alt=\"\" class=\"wp-image-28055\"\/><\/figure>\n\n\n\n<p>La visione del mondo da parte dei comici \u00e8 il modo migliore per sopportare meglio la realt\u00e0; facendo contrarre e rilassare le espressioni del volto, i comici sono fisioterapisti dei muscoli facciali!&#8230;e poi lo spettacolo dal vivo \u00e8 una delle forme di comunicazioni pi\u00f9 emozionanti che esista al mondo.<\/p>\n\n\n\n<p class=\"has-text-align-center has-background-dark-background-color has-background\"><strong>VI ASPETTIAMO !<\/strong><\/p>\n\n\n\n<p><\/p>\n\n\n\n<figure class=\"wp-block-image size-large\"><img loading=\"lazy\" decoding=\"async\" width=\"900\" height=\"900\" src=\"http:\/\/test.teatrodomma.it\/wp-content\/uploads\/2024\/09\/Dado_primopiano-e1726768273580.jpg\" alt=\"\" class=\"wp-image-29654\" srcset=\"https:\/\/www.teatrodomma.it\/wp-content\/uploads\/2024\/09\/Dado_primopiano-e1726768273580.jpg 900w, https:\/\/www.teatrodomma.it\/wp-content\/uploads\/2024\/09\/Dado_primopiano-e1726768273580-300x300.jpg 300w, https:\/\/www.teatrodomma.it\/wp-content\/uploads\/2024\/09\/Dado_primopiano-e1726768273580-150x150.jpg 150w, https:\/\/www.teatrodomma.it\/wp-content\/uploads\/2024\/09\/Dado_primopiano-e1726768273580-768x768.jpg 768w, https:\/\/www.teatrodomma.it\/wp-content\/uploads\/2024\/09\/Dado_primopiano-e1726768273580-200x200.jpg 200w, https:\/\/www.teatrodomma.it\/wp-content\/uploads\/2024\/09\/Dado_primopiano-e1726768273580-144x144.jpg 144w\" sizes=\"(max-width: 900px) 100vw, 900px\" \/><figcaption><strong><em>Dado, il noto comico cabarettista romano<\/em><\/strong><\/figcaption><\/figure>\n\n\n\n<p><\/p>\n\n\n\n<div class=\"wp-block-image\"><figure class=\"aligncenter size-large\"><img decoding=\"async\" src=\"https:\/\/www.teatrodomma.it\/wp-content\/uploads\/2024\/05\/Stagione-2024-2025_Teatro-Domma_brochure_fronte-1024x658.jpg\" alt=\"\" class=\"wp-image-29044\"\/><\/figure><\/div>\n\n\n\n<p><\/p>\n\n\n\n<figure class=\"wp-block-image size-large\"><img loading=\"lazy\" decoding=\"async\" width=\"900\" height=\"510\" src=\"http:\/\/test.teatrodomma.it\/wp-content\/uploads\/2022\/10\/Marco-Zadra-attore_primo-piano1-e1700610339558.jpg\" alt=\"\" class=\"wp-image-7002\" srcset=\"https:\/\/www.teatrodomma.it\/wp-content\/uploads\/2022\/10\/Marco-Zadra-attore_primo-piano1-e1700610339558.jpg 900w, https:\/\/www.teatrodomma.it\/wp-content\/uploads\/2022\/10\/Marco-Zadra-attore_primo-piano1-e1700610339558-300x170.jpg 300w, https:\/\/www.teatrodomma.it\/wp-content\/uploads\/2022\/10\/Marco-Zadra-attore_primo-piano1-e1700610339558-768x435.jpg 768w, https:\/\/www.teatrodomma.it\/wp-content\/uploads\/2022\/10\/Marco-Zadra-attore_primo-piano1-e1700610339558-200x113.jpg 200w\" sizes=\"(max-width: 900px) 100vw, 900px\" \/><figcaption><em><strong>L&#8217;eclettico attore-autore-regista<\/strong><\/em> <strong><em><a href=\"https:\/\/www.teatrodomma.it\/blog\/amici-del-teatro\/marco-zadra\/\" target=\"_blank\" rel=\"noreferrer noopener\">Marco Zadra<\/a><\/em><\/strong> <strong><em>andr\u00e0 in scena il 30 novembre ed il 1 dicembre<\/em><\/strong> <em><strong>con<\/strong> <strong>uno dei suoi cavalli di battaglia:&nbsp;<a href=\"https:\/\/www.teatrodomma.it\/blog\/recensioni\/svelato-il-mistero-per-ridere-basta-un-calzino-bucato\/\" target=\"_blank\" rel=\"noreferrer noopener\">\u201cIL MISTERO DEL CALZINO BUCATO\u201d<\/a><\/strong>,&nbsp;<strong>un giallo anglo-italiano, ricco di situazioni esilaranti, frutto della sua genialit\u00e0.<\/strong><\/em><\/figcaption><\/figure>\n\n\n\n<p><\/p>\n\n\n\n<figure class=\"wp-block-image size-large\"><img decoding=\"async\" src=\"https:\/\/www.teatrodomma.it\/wp-content\/uploads\/2024\/04\/Slogan-Abbonati-subito_sconti-1024x521.jpg\" alt=\"\" class=\"wp-image-28056\"\/><\/figure>\n\n\n\n<p><\/p>\n\n\n\n<figure class=\"wp-block-image size-large\"><img decoding=\"async\" src=\"https:\/\/www.teatrodomma.it\/wp-content\/uploads\/2022\/11\/VALERIA-MONETTI_primopiano-1024x564.jpg\" alt=\"\" class=\"wp-image-8717\"\/><figcaption><strong><em><a href=\"https:\/\/www.teatrodomma.it\/blog\/interviste\/una-valeria-per-amica\/\" target=\"_blank\" rel=\"noreferrer noopener\">Valeria Monetti<\/a> sar\u00e0&#8230;una zitella da sposare<\/em><\/strong>. <strong><em>Marta 35enne single, che dopo varie love story non crede pi\u00f9 all\u2019amore, viene iscritta ad un social di incontri dalla madre, stanca di vederla sola. Luigi, il suo migliore amico, decide di aiutarla gestendole il profilo e organizzandole qualche appuntamento. Dopo alcuni incontri deludenti, all\u2019improvviso la svolta: Marta incontra Marco, che le piace subito, ed Enrico, suo vecchio compagno di classe di cui era innamorata. A loro insaputa<strong><em> inizia a frequentare entrambi<\/em><\/strong>. La gestione del triangolo complica la vita di Marta e di Luigi che, per costringerla a scegliere, organizza una cena con i due pretendenti. Durante la serata tutti i nodi verranno al pettine: tra equivoci, bugie e situazioni comiche, si arriver\u00e0 al giudizio finale. Ma un attimo prima anche Luigi confesser\u00e0 il suo segreto, rendendo la decisione ancora pi\u00f9 complicata. Chi sceglier\u00e0 Marta?<\/em><\/strong><\/figcaption><\/figure>\n\n\n\n<p><\/p>\n","protected":false},"excerpt":{"rendered":"<p>Il 13 ottobre \u00e8 la prima data del cartellone 2024-2025. A dare il via \u00e8 Dado, il noto comico cabarettista romano. Presso il botteghino sono gi\u00e0 acquistabili tre tipologie di abbonamento e due diversi carnet da 14 o 20 biglietti ad un prezzo eccezionale. Affrettatevi per essere abbonati in prima fila o per aggiudicarvi il [&hellip;]<\/p>\n","protected":false},"author":3,"featured_media":28057,"comment_status":"closed","ping_status":"open","sticky":false,"template":"","format":"standard","meta":{"saved_in_kubio":false,"footnotes":""},"categories":[14],"tags":[432,421,433,17,434,320,435,424,436,437,251,318],"class_list":{"0":"post-27611","1":"post","2":"type-post","3":"status-publish","4":"format-standard","5":"has-post-thumbnail","6":"hentry","7":"category-recensioni","8":"tag-dado","9":"tag-danilo-de-santis","10":"tag-marco-simeoli","11":"tag-marco-zadra","12":"tag-martufello","13":"tag-mauro-conte","14":"tag-paola-barale","15":"tag-roberta-mastromichele","16":"tag-simone-montedoro","17":"tag-stagione-teatrale-2024-2025","18":"tag-teatro-domma","19":"tag-valeria-monetti","21":"post-with-thumbnail","22":"post-with-thumbnail-large"},"yoast_head":"<!-- This site is optimized with the Yoast SEO plugin v25.8 - https:\/\/yoast.com\/wordpress\/plugins\/seo\/ -->\n<title>Al Teatro Domma riparte la stagione del buonumore - Teatro Domma<\/title>\n<meta name=\"robots\" content=\"index, follow, max-snippet:-1, max-image-preview:large, max-video-preview:-1\" \/>\n<link rel=\"canonical\" href=\"https:\/\/www.teatrodomma.it\/?p=27611\" \/>\n<meta property=\"og:locale\" content=\"it_IT\" \/>\n<meta property=\"og:type\" content=\"article\" \/>\n<meta property=\"og:title\" content=\"Al Teatro Domma riparte la stagione del buonumore - Teatro Domma\" \/>\n<meta property=\"og:description\" content=\"Il 13 ottobre \u00e8 la prima data del cartellone 2024-2025. A dare il via \u00e8 Dado, il noto comico cabarettista romano. Presso il botteghino sono gi\u00e0 acquistabili tre tipologie di abbonamento e due diversi carnet da 14 o 20 biglietti ad un prezzo eccezionale. Affrettatevi per essere abbonati in prima fila o per aggiudicarvi il [&hellip;]\" \/>\n<meta property=\"og:url\" content=\"https:\/\/www.teatrodomma.it\/?p=27611\" \/>\n<meta property=\"og:site_name\" content=\"Teatro Domma\" \/>\n<meta property=\"article:publisher\" content=\"https:\/\/www.facebook.com\/p\/Teatro-Domma-61556981831878\/?locale=it_IT\" \/>\n<meta property=\"article:published_time\" content=\"2024-09-13T13:45:00+00:00\" \/>\n<meta property=\"og:image\" content=\"https:\/\/www.teatrodomma.it\/wp-content\/uploads\/2024\/04\/Stagione-2024-2025_siamo-pronti-e1713792807508.jpg\" \/>\n\t<meta property=\"og:image:width\" content=\"900\" \/>\n\t<meta property=\"og:image:height\" content=\"479\" \/>\n\t<meta property=\"og:image:type\" content=\"image\/jpeg\" \/>\n<meta name=\"author\" content=\"Margherita De Donato\" \/>\n<meta name=\"twitter:card\" content=\"summary_large_image\" \/>\n<meta name=\"twitter:label1\" content=\"Scritto da\" \/>\n\t<meta name=\"twitter:data1\" content=\"Margherita De Donato\" \/>\n\t<meta name=\"twitter:label2\" content=\"Tempo di lettura stimato\" \/>\n\t<meta name=\"twitter:data2\" content=\"3 minuti\" \/>\n<script type=\"application\/ld+json\" class=\"yoast-schema-graph\">{\"@context\":\"https:\/\/schema.org\",\"@graph\":[{\"@type\":\"Article\",\"@id\":\"https:\/\/www.teatrodomma.it\/?p=27611#article\",\"isPartOf\":{\"@id\":\"https:\/\/www.teatrodomma.it\/?p=27611\"},\"author\":{\"name\":\"Margherita De Donato\",\"@id\":\"https:\/\/www.teatrodomma.it\/#\/schema\/person\/8a1f09bf4c695307c8aef38d93aa0e84\"},\"headline\":\"Al Teatro Domma riparte la stagione del buonumore\",\"datePublished\":\"2024-09-13T13:45:00+00:00\",\"mainEntityOfPage\":{\"@id\":\"https:\/\/www.teatrodomma.it\/?p=27611\"},\"wordCount\":344,\"publisher\":{\"@id\":\"https:\/\/www.teatrodomma.it\/#organization\"},\"image\":{\"@id\":\"https:\/\/www.teatrodomma.it\/?p=27611#primaryimage\"},\"thumbnailUrl\":\"https:\/\/www.teatrodomma.it\/wp-content\/uploads\/2024\/04\/Stagione-2024-2025_siamo-pronti-e1713792807508.jpg\",\"keywords\":[\"Dado\",\"Danilo De Santis\",\"Marco Simeoli\",\"Marco Zadra\",\"Martufello\",\"Mauro Conte\",\"Paola Barale\",\"Roberta Mastromichele\",\"Simone Montedoro\",\"stagione teatrale 2024 - 2025\",\"teatro domma\",\"Valeria Monetti\"],\"articleSection\":[\"Recensioni\"],\"inLanguage\":\"it-IT\"},{\"@type\":\"WebPage\",\"@id\":\"https:\/\/www.teatrodomma.it\/?p=27611\",\"url\":\"https:\/\/www.teatrodomma.it\/?p=27611\",\"name\":\"Al Teatro Domma riparte la stagione del buonumore - Teatro Domma\",\"isPartOf\":{\"@id\":\"https:\/\/www.teatrodomma.it\/#website\"},\"primaryImageOfPage\":{\"@id\":\"https:\/\/www.teatrodomma.it\/?p=27611#primaryimage\"},\"image\":{\"@id\":\"https:\/\/www.teatrodomma.it\/?p=27611#primaryimage\"},\"thumbnailUrl\":\"https:\/\/www.teatrodomma.it\/wp-content\/uploads\/2024\/04\/Stagione-2024-2025_siamo-pronti-e1713792807508.jpg\",\"datePublished\":\"2024-09-13T13:45:00+00:00\",\"breadcrumb\":{\"@id\":\"https:\/\/www.teatrodomma.it\/?p=27611#breadcrumb\"},\"inLanguage\":\"it-IT\",\"potentialAction\":[{\"@type\":\"ReadAction\",\"target\":[\"https:\/\/www.teatrodomma.it\/?p=27611\"]}]},{\"@type\":\"ImageObject\",\"inLanguage\":\"it-IT\",\"@id\":\"https:\/\/www.teatrodomma.it\/?p=27611#primaryimage\",\"url\":\"https:\/\/www.teatrodomma.it\/wp-content\/uploads\/2024\/04\/Stagione-2024-2025_siamo-pronti-e1713792807508.jpg\",\"contentUrl\":\"https:\/\/www.teatrodomma.it\/wp-content\/uploads\/2024\/04\/Stagione-2024-2025_siamo-pronti-e1713792807508.jpg\",\"width\":900,\"height\":479},{\"@type\":\"BreadcrumbList\",\"@id\":\"https:\/\/www.teatrodomma.it\/?p=27611#breadcrumb\",\"itemListElement\":[{\"@type\":\"ListItem\",\"position\":1,\"name\":\"Home\",\"item\":\"https:\/\/www.teatrodomma.it\/\"},{\"@type\":\"ListItem\",\"position\":2,\"name\":\"Al Teatro Domma riparte la stagione del buonumore\"}]},{\"@type\":\"WebSite\",\"@id\":\"https:\/\/www.teatrodomma.it\/#website\",\"url\":\"https:\/\/www.teatrodomma.it\/\",\"name\":\"Teatro Domma\",\"description\":\"\",\"publisher\":{\"@id\":\"https:\/\/www.teatrodomma.it\/#organization\"},\"potentialAction\":[{\"@type\":\"SearchAction\",\"target\":{\"@type\":\"EntryPoint\",\"urlTemplate\":\"https:\/\/www.teatrodomma.it\/?s={search_term_string}\"},\"query-input\":{\"@type\":\"PropertyValueSpecification\",\"valueRequired\":true,\"valueName\":\"search_term_string\"}}],\"inLanguage\":\"it-IT\"},{\"@type\":\"Organization\",\"@id\":\"https:\/\/www.teatrodomma.it\/#organization\",\"name\":\"Teatro Domma\",\"url\":\"https:\/\/www.teatrodomma.it\/\",\"logo\":{\"@type\":\"ImageObject\",\"inLanguage\":\"it-IT\",\"@id\":\"https:\/\/www.teatrodomma.it\/#\/schema\/logo\/image\/\",\"url\":\"https:\/\/www.teatrodomma.it\/wp-content\/uploads\/2025\/01\/LOGOICON-edited-2.png\",\"contentUrl\":\"https:\/\/www.teatrodomma.it\/wp-content\/uploads\/2025\/01\/LOGOICON-edited-2.png\",\"width\":510,\"height\":287,\"caption\":\"Teatro Domma\"},\"image\":{\"@id\":\"https:\/\/www.teatrodomma.it\/#\/schema\/logo\/image\/\"},\"sameAs\":[\"https:\/\/www.facebook.com\/p\/Teatro-Domma-61556981831878\/?locale=it_IT\",\"https:\/\/www.instagram.com\/teatro_domma\/\"]},{\"@type\":\"Person\",\"@id\":\"https:\/\/www.teatrodomma.it\/#\/schema\/person\/8a1f09bf4c695307c8aef38d93aa0e84\",\"name\":\"Margherita De Donato\",\"image\":{\"@type\":\"ImageObject\",\"inLanguage\":\"it-IT\",\"@id\":\"https:\/\/www.teatrodomma.it\/#\/schema\/person\/image\/\",\"url\":\"https:\/\/secure.gravatar.com\/avatar\/0fbebb2201a984022de9f07361f7fe88cb7fcefd6be5e33abf5559102ec20088?s=96&d=mm&r=g\",\"contentUrl\":\"https:\/\/secure.gravatar.com\/avatar\/0fbebb2201a984022de9f07361f7fe88cb7fcefd6be5e33abf5559102ec20088?s=96&d=mm&r=g\",\"caption\":\"Margherita De Donato\"},\"url\":\"https:\/\/www.teatrodomma.it\/?author=3\"}]}<\/script>\n<!-- \/ Yoast SEO plugin. -->","yoast_head_json":{"title":"Al Teatro Domma riparte la stagione del buonumore - Teatro Domma","robots":{"index":"index","follow":"follow","max-snippet":"max-snippet:-1","max-image-preview":"max-image-preview:large","max-video-preview":"max-video-preview:-1"},"canonical":"https:\/\/www.teatrodomma.it\/?p=27611","og_locale":"it_IT","og_type":"article","og_title":"Al Teatro Domma riparte la stagione del buonumore - Teatro Domma","og_description":"Il 13 ottobre \u00e8 la prima data del cartellone 2024-2025. A dare il via \u00e8 Dado, il noto comico cabarettista romano. Presso il botteghino sono gi\u00e0 acquistabili tre tipologie di abbonamento e due diversi carnet da 14 o 20 biglietti ad un prezzo eccezionale. Affrettatevi per essere abbonati in prima fila o per aggiudicarvi il [&hellip;]","og_url":"https:\/\/www.teatrodomma.it\/?p=27611","og_site_name":"Teatro Domma","article_publisher":"https:\/\/www.facebook.com\/p\/Teatro-Domma-61556981831878\/?locale=it_IT","article_published_time":"2024-09-13T13:45:00+00:00","og_image":[{"width":900,"height":479,"url":"https:\/\/www.teatrodomma.it\/wp-content\/uploads\/2024\/04\/Stagione-2024-2025_siamo-pronti-e1713792807508.jpg","type":"image\/jpeg"}],"author":"Margherita De Donato","twitter_card":"summary_large_image","twitter_misc":{"Scritto da":"Margherita De Donato","Tempo di lettura stimato":"3 minuti"},"schema":{"@context":"https:\/\/schema.org","@graph":[{"@type":"Article","@id":"https:\/\/www.teatrodomma.it\/?p=27611#article","isPartOf":{"@id":"https:\/\/www.teatrodomma.it\/?p=27611"},"author":{"name":"Margherita De Donato","@id":"https:\/\/www.teatrodomma.it\/#\/schema\/person\/8a1f09bf4c695307c8aef38d93aa0e84"},"headline":"Al Teatro Domma riparte la stagione del buonumore","datePublished":"2024-09-13T13:45:00+00:00","mainEntityOfPage":{"@id":"https:\/\/www.teatrodomma.it\/?p=27611"},"wordCount":344,"publisher":{"@id":"https:\/\/www.teatrodomma.it\/#organization"},"image":{"@id":"https:\/\/www.teatrodomma.it\/?p=27611#primaryimage"},"thumbnailUrl":"https:\/\/www.teatrodomma.it\/wp-content\/uploads\/2024\/04\/Stagione-2024-2025_siamo-pronti-e1713792807508.jpg","keywords":["Dado","Danilo De Santis","Marco Simeoli","Marco Zadra","Martufello","Mauro Conte","Paola Barale","Roberta Mastromichele","Simone Montedoro","stagione teatrale 2024 - 2025","teatro domma","Valeria Monetti"],"articleSection":["Recensioni"],"inLanguage":"it-IT"},{"@type":"WebPage","@id":"https:\/\/www.teatrodomma.it\/?p=27611","url":"https:\/\/www.teatrodomma.it\/?p=27611","name":"Al Teatro Domma riparte la stagione del buonumore - Teatro Domma","isPartOf":{"@id":"https:\/\/www.teatrodomma.it\/#website"},"primaryImageOfPage":{"@id":"https:\/\/www.teatrodomma.it\/?p=27611#primaryimage"},"image":{"@id":"https:\/\/www.teatrodomma.it\/?p=27611#primaryimage"},"thumbnailUrl":"https:\/\/www.teatrodomma.it\/wp-content\/uploads\/2024\/04\/Stagione-2024-2025_siamo-pronti-e1713792807508.jpg","datePublished":"2024-09-13T13:45:00+00:00","breadcrumb":{"@id":"https:\/\/www.teatrodomma.it\/?p=27611#breadcrumb"},"inLanguage":"it-IT","potentialAction":[{"@type":"ReadAction","target":["https:\/\/www.teatrodomma.it\/?p=27611"]}]},{"@type":"ImageObject","inLanguage":"it-IT","@id":"https:\/\/www.teatrodomma.it\/?p=27611#primaryimage","url":"https:\/\/www.teatrodomma.it\/wp-content\/uploads\/2024\/04\/Stagione-2024-2025_siamo-pronti-e1713792807508.jpg","contentUrl":"https:\/\/www.teatrodomma.it\/wp-content\/uploads\/2024\/04\/Stagione-2024-2025_siamo-pronti-e1713792807508.jpg","width":900,"height":479},{"@type":"BreadcrumbList","@id":"https:\/\/www.teatrodomma.it\/?p=27611#breadcrumb","itemListElement":[{"@type":"ListItem","position":1,"name":"Home","item":"https:\/\/www.teatrodomma.it\/"},{"@type":"ListItem","position":2,"name":"Al Teatro Domma riparte la stagione del buonumore"}]},{"@type":"WebSite","@id":"https:\/\/www.teatrodomma.it\/#website","url":"https:\/\/www.teatrodomma.it\/","name":"Teatro Domma","description":"","publisher":{"@id":"https:\/\/www.teatrodomma.it\/#organization"},"potentialAction":[{"@type":"SearchAction","target":{"@type":"EntryPoint","urlTemplate":"https:\/\/www.teatrodomma.it\/?s={search_term_string}"},"query-input":{"@type":"PropertyValueSpecification","valueRequired":true,"valueName":"search_term_string"}}],"inLanguage":"it-IT"},{"@type":"Organization","@id":"https:\/\/www.teatrodomma.it\/#organization","name":"Teatro Domma","url":"https:\/\/www.teatrodomma.it\/","logo":{"@type":"ImageObject","inLanguage":"it-IT","@id":"https:\/\/www.teatrodomma.it\/#\/schema\/logo\/image\/","url":"https:\/\/www.teatrodomma.it\/wp-content\/uploads\/2025\/01\/LOGOICON-edited-2.png","contentUrl":"https:\/\/www.teatrodomma.it\/wp-content\/uploads\/2025\/01\/LOGOICON-edited-2.png","width":510,"height":287,"caption":"Teatro Domma"},"image":{"@id":"https:\/\/www.teatrodomma.it\/#\/schema\/logo\/image\/"},"sameAs":["https:\/\/www.facebook.com\/p\/Teatro-Domma-61556981831878\/?locale=it_IT","https:\/\/www.instagram.com\/teatro_domma\/"]},{"@type":"Person","@id":"https:\/\/www.teatrodomma.it\/#\/schema\/person\/8a1f09bf4c695307c8aef38d93aa0e84","name":"Margherita De Donato","image":{"@type":"ImageObject","inLanguage":"it-IT","@id":"https:\/\/www.teatrodomma.it\/#\/schema\/person\/image\/","url":"https:\/\/secure.gravatar.com\/avatar\/0fbebb2201a984022de9f07361f7fe88cb7fcefd6be5e33abf5559102ec20088?s=96&d=mm&r=g","contentUrl":"https:\/\/secure.gravatar.com\/avatar\/0fbebb2201a984022de9f07361f7fe88cb7fcefd6be5e33abf5559102ec20088?s=96&d=mm&r=g","caption":"Margherita De Donato"},"url":"https:\/\/www.teatrodomma.it\/?author=3"}]}},"_links":{"self":[{"href":"https:\/\/www.teatrodomma.it\/index.php?rest_route=\/wp\/v2\/posts\/27611","targetHints":{"allow":["GET"]}}],"collection":[{"href":"https:\/\/www.teatrodomma.it\/index.php?rest_route=\/wp\/v2\/posts"}],"about":[{"href":"https:\/\/www.teatrodomma.it\/index.php?rest_route=\/wp\/v2\/types\/post"}],"author":[{"embeddable":true,"href":"https:\/\/www.teatrodomma.it\/index.php?rest_route=\/wp\/v2\/users\/3"}],"replies":[{"embeddable":true,"href":"https:\/\/www.teatrodomma.it\/index.php?rest_route=%2Fwp%2Fv2%2Fcomments&post=27611"}],"version-history":[{"count":0,"href":"https:\/\/www.teatrodomma.it\/index.php?rest_route=\/wp\/v2\/posts\/27611\/revisions"}],"wp:featuredmedia":[{"embeddable":true,"href":"https:\/\/www.teatrodomma.it\/index.php?rest_route=\/wp\/v2\/media\/28057"}],"wp:attachment":[{"href":"https:\/\/www.teatrodomma.it\/index.php?rest_route=%2Fwp%2Fv2%2Fmedia&parent=27611"}],"wp:term":[{"taxonomy":"category","embeddable":true,"href":"https:\/\/www.teatrodomma.it\/index.php?rest_route=%2Fwp%2Fv2%2Fcategories&post=27611"},{"taxonomy":"post_tag","embeddable":true,"href":"https:\/\/www.teatrodomma.it\/index.php?rest_route=%2Fwp%2Fv2%2Ftags&post=27611"}],"curies":[{"name":"wp","href":"https:\/\/api.w.org\/{rel}","templated":true}]}}