{"id":28898,"date":"2024-06-24T18:37:00","date_gmt":"2024-06-24T16:37:00","guid":{"rendered":"https:\/\/www.teatrodomma.it\/?p=28898"},"modified":"2024-06-24T18:37:00","modified_gmt":"2024-06-24T16:37:00","slug":"teatro-arena-domma-una-periferia-da-vivere","status":"publish","type":"post","link":"https:\/\/www.teatrodomma.it\/?p=28898","title":{"rendered":"TEATRO ARENA DOMMA, una periferia da vivere"},"content":{"rendered":"\n<p class=\"has-background-dark-background-color has-background\"><em>Si comincia sabato 13 luglio con due repliche di &#8220;Disney 100&#8221;, un musical targato&nbsp;CdS&nbsp;Academy.<\/em> <em>Lo spettacolo \u201cChi muore si rivede\u201d, inizialmente annunciato per il 6-7 luglio, slitta per motivi organizzativi al 21-22 settembre.<\/em><\/p>\n\n\n\n<p>Presentato dalla realt\u00e0 musicale romana <strong>Frequenze&amp;Armonici APS<\/strong>, in associazione con CdS Academy, il progetto <strong><em>&#8220;TEATRO ARENA DOMMA, una periferia da vivere&#8221;<\/em><\/strong> <strong>\u00e8 risultato vincitore del bando del Comune di Roma <a href=\"https:\/\/theparallelvision.com\/2024\/06\/09\/spettacolo-dal-vivo-fuori-centro-graduatoria\/\" target=\"_blank\" rel=\"noreferrer noopener\">\u201cLo spettacolo dal vivo fuori dal centro &#8211; Anno 2024\u201d<\/a><\/strong>. Figura, infatti, tra i 46&nbsp;progetti&nbsp;selezionati che verranno finanziati per&nbsp;la&nbsp;realizzazione, durante l&#8217;estate, di&nbsp;eventi culturali&nbsp;di spettacolo dal vivo&nbsp;nei quartieri meno centrali della citt\u00e0. <em>(Altri 54 progetti sono risultati idonei non finanziabili,&nbsp;ma potranno essere ammessi in caso di scorrimento della graduatoria. I contributi economici saranno erogati nella misura massima del 90% della spesa preventivata&nbsp;dal soggetto proponente. E comunque per un importo non superiore a 45mila euro per ciascuna proposta).<\/em><\/p>\n\n\n\n<p>Questo permette di offrire a tutto il territorio del X Municipio, una programmazione di <strong>tredici date con INGRESSO GRATUITO<\/strong> fino ad esaurimento posti <strong>nell&#8217;arena all&#8217;aperto del Teatro Domma.<\/strong><\/p>\n\n\n\n<p>Sono previste doppie repliche per <strong>2 eventi <\/strong>della <strong><em><a href=\"https:\/\/www.cdsacademy.it\/\" target=\"_blank\" rel=\"noreferrer noopener\">CdS Musical Academy<\/a> <\/em><\/strong>e per <strong>2 spettacoli di prosa<\/strong> con attori professionisti quali <strong><em><a href=\"https:\/\/www.teatrodomma.it\/blog\/interviste\/matteo-cirillo-sale-a-bordo-della-cds-theatre-academy-con-il-suo-laboratorio-teatrale\/\" target=\"_blank\" rel=\"noreferrer noopener\">M.Cirillo<\/a>, <a href=\"https:\/\/www.teatrodomma.it\/blog\/interviste\/123-stella\/\" target=\"_blank\" rel=\"noreferrer noopener\">F.Stella<\/a> e <a href=\"https:\/\/www.teatrodomma.it\/blog\/interviste\/giuliano-calandra-e-la-sua-officina-artecultura\/\" target=\"_blank\" rel=\"noreferrer noopener\">G.Calandra<\/a><\/em><\/strong>, <strong>3 performance liriche <\/strong>dei giovani artisti dell\u2019<strong><em><strong><a href=\"https:\/\/www.frequenzearmonici.it\/international-opera-choir\/\" target=\"_blank\" rel=\"noreferrer noopener\">International Opera Choir<\/a><\/strong><\/em><\/strong>, che rappresenta  il progetto principale dell&#8217;associazione Frequenze&amp;Armonici dedicato a cantanti e studenti di Accademie e Conservatori di tutto il mondo. A questi appuntamenti si aggiungono <strong>2 laboratori creativi corali pomeridiani per bambini<\/strong> dai 5 ai 15 anni, al termine dei quali i partecipanti potranno assistere al concerto dal vivo tenuto dall\u2019International Opera Choir<em>.<\/em><\/p>\n\n\n\n<p class=\"has-background-dark-background-color has-background\"><strong>Il calendario di&nbsp;spettacoli dal vivo arricchir\u00e0 la stagione culturale dell\u2019Estate Romana&nbsp;e l\u2019offerta per romani e&nbsp;turisti&nbsp;nei prossimi mesi.<\/strong><\/p>\n\n\n\n<p><strong>Ecco chi andr\u00e0 in scena da luglio ad ottobre&#8230;<\/strong><\/p>\n\n\n\n<p>D\u00e0 il via il <strong>13 e 14 luglio<\/strong> <strong>(ore 21)<\/strong> <strong>&#8220;DISNEY 100&#8221; con gli allievi della CdS Academy<\/strong>,<strong> <\/strong>che si esibiscono in un musical tributo disneyano con <strong>medley polifonici<\/strong> delle musiche di <em>Biancaneve, Cenerentola, Pinocchio, La Bella Addormentata nel Bosco, Mary Poppins, La Sirenetta.<\/em> Li accompagner\u00e0 al pianoforte il Maestro Mihee Kim. I ragazzi, tutti tra i 18 ed i 21 anni, con questo concerto-spettacolo completano il loro laboratorio musicale di 60 ore, in cui hanno svolto materie quali il solfeggio, tecnica vocale, interpretazione, movimento scenico e danza con i docenti Daniele Adriani e Marcopaolo Tucci. <\/p>\n\n\n\n<p><strong>20 e 21 luglio <strong>(ore 21)<\/strong>:<\/strong> <strong>\u201cTu Sei Buono, Charlie Brown\u201d<\/strong>, in cui i pi\u00f9 piccoli potranno riconoscersi e divertirsi con gli eccentrici protagonisti, mentre i pi\u00f9 grandi potranno riscoprire la passione per queste icone dei fumetti. Charlie Brown ed i suoi amici, Sally, Snoopy, Schroeder, Lucy e Linus raccontano le loro avventure ispirate direttamente dalle originali vignette dei Peanuts. I brani in stile classical Broadway raccontano in maniera divertente e sopra le righe, le attivit\u00e0 che i personaggi affrontano, come far volare un aquilone, dar da mangiare al proprio cane, scrivere un tema su un libro, fare le prove di un coro o essere alle prese con la propria cotta.<\/p>\n\n\n\n<p><strong>27-28 luglio <strong>(ore 21)<\/strong>: &#8220;PENSIERI A VOCE ALTA&#8221; di e con Matteo Cirillo<\/strong> <strong>ed Emiliano Morana<\/strong>, <strong>accompagnati musicalmente da Claudio Cirillo<\/strong>.  Si tratta di uno spettacolo-reading, che celebra la semplicit\u00e0, la bellezza e talvolta l&#8217;assurdit\u00e0 dei nostri piccoli pensieri quotidiani, spesso trascurati o sottovalutati, ma che in realt\u00e0 formano la trama della nostra vita di tutti i giorni. I pensieri sono come le onde del mare: vanno, vengono, s&#8217;increspano, s&#8217;infrangono e poi svaniscono. Dalle incertezze quotidiane, alle grandi questioni esistenziali, ogni pensiero diventa una storia, un monologo, un dialogo oppure una canzone. Pensieri comici, assurdi, poetici e di speranza s&#8217;intrecciano dando vita ad un flusso che induce lo spettatore a pensare: &#8220;questa cosa la penso anche io.&#8221; <a href=\"https:\/\/www.facebook.com\/profile.php?id=100063504373384&amp;sk=videos&amp;locale=it_IT\" target=\"_blank\" rel=\"noreferrer noopener\"><strong>VIDEO&#8230; A VOCE ALTA<\/strong><\/a> di MATTEO CIRILLO <em>(suoi profili&nbsp;<a href=\"https:\/\/www.facebook.com\/profile.php?id=100063504373384&amp;locale=it_IT\" target=\"_blank\" rel=\"noreferrer noopener\">Facebook<\/a>&nbsp;\u2013&nbsp;<a href=\"https:\/\/www.instagram.com\/matteocirillo88\/\" target=\"_blank\" rel=\"noreferrer noopener\">Instagram<\/a>&nbsp;\u2013&nbsp;<a href=\"https:\/\/www.youtube.com\/channel\/UC2q8DEOhzVOYkmaQ3vRDcBA\" target=\"_blank\" rel=\"noreferrer noopener\">Youtube<\/a>&nbsp;\u2013&nbsp;<a href=\"https:\/\/www.youtube.com\/watch?v=4rhVt0OOIjE\" target=\"_blank\" rel=\"noreferrer noopener\">Showreel 2022<\/a>)<\/em><\/p>\n\n\n\n<figure class=\"wp-block-image size-large\"><img decoding=\"async\" src=\"https:\/\/www.teatrodomma.it\/wp-content\/uploads\/2023\/07\/Estate-Romana-Pensieri-a-voce-alta_Matteo-Cirillo_-primopiano-1024x683.jpg\" alt=\"\" class=\"wp-image-17032\"\/><figcaption><strong><em>Matteo Cirillo: Vi aspetto tutti! <\/em><\/strong><\/figcaption><\/figure>\n\n\n\n<p><\/p>\n\n\n\n<p><strong>2 agosto <strong>(ore 21)<\/strong>: GAL\u00c0 LIRICO DEDICATO A GIACOMO PUCCINI<\/strong> &#8211; In occasione dei 100 anni dalla morte del celebre compositore lucchese, <strong>Frequenze&amp;Armonici<\/strong> organizza una serata di Gal\u00e0 a lui dedicata, in cui si esibiranno <strong>i giovani artisti dell\u2019<a href=\"https:\/\/www.frequenzearmonici.it\/international-opera-choir\/\" target=\"_blank\" rel=\"noreferrer noopener\">International Opera Choir<\/a><\/strong> (<a href=\"https:\/\/www.facebook.com\/internationaloperachoir\/\" target=\"_blank\" rel=\"noreferrer noopener\"><em>profilo FB<\/em><\/a>) con brani solistici e cori famosi tratti dalle opere di Puccini.<\/p>\n\n\n\n<p><strong>8 settembre <strong>(ore 21)<\/strong>: <a href=\"https:\/\/www.frequenzearmonici.it\/video\/\" target=\"_blank\" rel=\"noreferrer noopener\">FUOCHI DI GIOIA<\/a><\/strong> &#8211; <strong>Serata musicale dedicata al canto lirico<\/strong>, che lo scorso dicembre \u00e8 stato dichiarato patrimonio immateriale dell\u2019umanit\u00e0. <strong>Un viaggio musicale nel mondo del Melodramma attraverso i cori pi\u00f9 famosi tra il bel canto e il Verismo,<\/strong> spaziando da <em>Donizetti <\/em>a <em>Giuseppe Verdi <\/em>a <em>Pietro Mascagni<\/em> e altri compositori non solo italiani. Durante l\u2019esibizione un attore interagisce con il pubblico facendolo dialogare con gli strumentisti e i coristi, spiegando i retroscena culturali e storici sottostanti al brano, raccontando aneddoti e fornendo nozioni che arricchiscono gli ascoltatori e li guidano alla comprensione.<\/p>\n\n\n\n<div class=\"wp-block-image\"><figure class=\"aligncenter size-large\"><img decoding=\"async\" src=\"https:\/\/www.teatrodomma.it\/wp-content\/uploads\/2024\/03\/FUOCHI-DI-GIOIA-cuori-d-opera_Roma-Tre-1024x683.jpg\" alt=\"\" class=\"wp-image-25500\"\/><figcaption><strong><em>International Opera Choir<\/em><\/strong><\/figcaption><\/figure><\/div>\n\n\n\n<p><\/p>\n\n\n\n<p><strong>21-22 settembre <strong>(ore 21)<\/strong>: &#8220;CHI MUORE SI RIVEDE<\/strong>&#8221; <strong>per la regia di Nicola Pistoia, scritto ed interpretato da Francesco Stella al fianco di Giuliano Calandra. <\/strong>Due colleghi, ma anche due amici e, soprattutto, due impresari di onoranze funebri. Due \u201cbecchini\u201d, insomma. Sperduti in mezzo alla campagna, senza benzina e con un funerale che attende solo loro, Daniele e Nicola competono a raffiche di battute in un duello comico continuo e senza tregua in cui alla risata s\u2019alterna, improvvisa, l\u2019emozione. Proprio come ad una salita segue una discesa: una competizione epica come tra Coppi e Bartali, amici ed eterni rivali. Come tra la Vita e la Morte, con cui i due si confrontano ogni giorno.<\/p>\n\n\n\n<div class=\"wp-block-image\"><figure class=\"aligncenter size-large\"><img decoding=\"async\" src=\"https:\/\/www.teatrodomma.it\/wp-content\/uploads\/2023\/03\/FRANCESCO-STELLA_Chi-muore-si-rivede_locandina-tagliata-1024x888.jpg\" alt=\"\" class=\"wp-image-14239\"\/><figcaption><strong><em>Da sinistra, Francesco Stella e Giuliano Calandra<\/em><\/strong><\/figcaption><\/figure><\/div>\n\n\n\n<p><\/p>\n\n\n\n<p><strong>6 ottobre (ore 20): \u201cLA BOH\u00c8ME\u201d DI GIACOMO PUCCINI eseguita, <strong>in forma ridotta,<\/strong> dall&#8217;International Opera Choir <\/strong>diretto da Giovanni Mirabile e accompagnato al pianoforte da Luca Oddo.<\/p>\n\n\n\n<p class=\"has-text-align-center\"><strong><a href=\"https:\/\/www.facebook.com\/canale10\/videos\/434738502608511?locale=it_IT\" target=\"_blank\" rel=\"noreferrer noopener\">Seguite la programmazione su Canale 10 TV<\/a><\/strong><\/p>\n\n\n\n<p><\/p>\n\n\n\n<figure class=\"wp-block-image size-large\"><img decoding=\"async\" src=\"https:\/\/www.teatrodomma.it\/wp-content\/uploads\/2024\/06\/Teatro-Domma_arena-all-aperto_2-768x1024.jpg\" alt=\"\" class=\"wp-image-29203\"\/><figcaption><strong><em>Questa foto e quella in apertura articolo sono di Margherita De Donato<\/em><\/strong><\/figcaption><\/figure>\n","protected":false},"excerpt":{"rendered":"<p>Si comincia sabato 13 luglio con due repliche di &#8220;Disney 100&#8221;, un musical targato&nbsp;CdS&nbsp;Academy. Lo spettacolo \u201cChi muore si rivede\u201d, inizialmente annunciato per il 6-7 luglio, slitta per motivi organizzativi al 21-22 settembre. Presentato dalla realt\u00e0 musicale romana Frequenze&amp;Armonici APS, in associazione con CdS Academy, il progetto &#8220;TEATRO ARENA DOMMA, una periferia da vivere&#8221; \u00e8 [&hellip;]<\/p>\n","protected":false},"author":3,"featured_media":29207,"comment_status":"closed","ping_status":"open","sticky":false,"template":"","format":"standard","meta":{"saved_in_kubio":false,"footnotes":""},"categories":[33,14],"tags":[49,251],"class_list":{"0":"post-28898","1":"post","2":"type-post","3":"status-publish","4":"format-standard","5":"has-post-thumbnail","6":"hentry","7":"category-compagni-di-scena","8":"category-recensioni","9":"tag-cds-academy","10":"tag-teatro-domma","12":"post-with-thumbnail","13":"post-with-thumbnail-large"},"yoast_head":"<!-- This site is optimized with the Yoast SEO plugin v25.8 - https:\/\/yoast.com\/wordpress\/plugins\/seo\/ -->\n<title>TEATRO ARENA DOMMA, una periferia da vivere - Teatro Domma<\/title>\n<meta name=\"robots\" content=\"index, follow, max-snippet:-1, max-image-preview:large, max-video-preview:-1\" \/>\n<link rel=\"canonical\" href=\"https:\/\/www.teatrodomma.it\/?p=28898\" \/>\n<meta property=\"og:locale\" content=\"it_IT\" \/>\n<meta property=\"og:type\" content=\"article\" \/>\n<meta property=\"og:title\" content=\"TEATRO ARENA DOMMA, una periferia da vivere - Teatro Domma\" \/>\n<meta property=\"og:description\" content=\"Si comincia sabato 13 luglio con due repliche di &#8220;Disney 100&#8221;, un musical targato&nbsp;CdS&nbsp;Academy. Lo spettacolo \u201cChi muore si rivede\u201d, inizialmente annunciato per il 6-7 luglio, slitta per motivi organizzativi al 21-22 settembre. Presentato dalla realt\u00e0 musicale romana Frequenze&amp;Armonici APS, in associazione con CdS Academy, il progetto &#8220;TEATRO ARENA DOMMA, una periferia da vivere&#8221; \u00e8 [&hellip;]\" \/>\n<meta property=\"og:url\" content=\"https:\/\/www.teatrodomma.it\/?p=28898\" \/>\n<meta property=\"og:site_name\" content=\"Teatro Domma\" \/>\n<meta property=\"article:publisher\" content=\"https:\/\/www.facebook.com\/p\/Teatro-Domma-61556981831878\/?locale=it_IT\" \/>\n<meta property=\"article:published_time\" content=\"2024-06-24T16:37:00+00:00\" \/>\n<meta property=\"og:image\" content=\"https:\/\/www.teatrodomma.it\/wp-content\/uploads\/2024\/06\/Teatro-Domma_arena-all-aperto_scalinata-e1719315904762.jpg\" \/>\n\t<meta property=\"og:image:width\" content=\"900\" \/>\n\t<meta property=\"og:image:height\" content=\"675\" \/>\n\t<meta property=\"og:image:type\" content=\"image\/jpeg\" \/>\n<meta name=\"author\" content=\"Margherita De Donato\" \/>\n<meta name=\"twitter:card\" content=\"summary_large_image\" \/>\n<meta name=\"twitter:label1\" content=\"Scritto da\" \/>\n\t<meta name=\"twitter:data1\" content=\"Margherita De Donato\" \/>\n\t<meta name=\"twitter:label2\" content=\"Tempo di lettura stimato\" \/>\n\t<meta name=\"twitter:data2\" content=\"5 minuti\" \/>\n<script type=\"application\/ld+json\" class=\"yoast-schema-graph\">{\"@context\":\"https:\/\/schema.org\",\"@graph\":[{\"@type\":\"Article\",\"@id\":\"https:\/\/www.teatrodomma.it\/?p=28898#article\",\"isPartOf\":{\"@id\":\"https:\/\/www.teatrodomma.it\/?p=28898\"},\"author\":{\"name\":\"Margherita De Donato\",\"@id\":\"https:\/\/www.teatrodomma.it\/#\/schema\/person\/8a1f09bf4c695307c8aef38d93aa0e84\"},\"headline\":\"TEATRO ARENA DOMMA, una periferia da vivere\",\"datePublished\":\"2024-06-24T16:37:00+00:00\",\"mainEntityOfPage\":{\"@id\":\"https:\/\/www.teatrodomma.it\/?p=28898\"},\"wordCount\":981,\"publisher\":{\"@id\":\"https:\/\/www.teatrodomma.it\/#organization\"},\"image\":{\"@id\":\"https:\/\/www.teatrodomma.it\/?p=28898#primaryimage\"},\"thumbnailUrl\":\"https:\/\/www.teatrodomma.it\/wp-content\/uploads\/2024\/06\/Teatro-Domma_arena-all-aperto_scalinata-e1719315904762.jpg\",\"keywords\":[\"Cds Academy\",\"teatro domma\"],\"articleSection\":[\"Compagni di Scena\",\"Recensioni\"],\"inLanguage\":\"it-IT\"},{\"@type\":\"WebPage\",\"@id\":\"https:\/\/www.teatrodomma.it\/?p=28898\",\"url\":\"https:\/\/www.teatrodomma.it\/?p=28898\",\"name\":\"TEATRO ARENA DOMMA, una periferia da vivere - Teatro Domma\",\"isPartOf\":{\"@id\":\"https:\/\/www.teatrodomma.it\/#website\"},\"primaryImageOfPage\":{\"@id\":\"https:\/\/www.teatrodomma.it\/?p=28898#primaryimage\"},\"image\":{\"@id\":\"https:\/\/www.teatrodomma.it\/?p=28898#primaryimage\"},\"thumbnailUrl\":\"https:\/\/www.teatrodomma.it\/wp-content\/uploads\/2024\/06\/Teatro-Domma_arena-all-aperto_scalinata-e1719315904762.jpg\",\"datePublished\":\"2024-06-24T16:37:00+00:00\",\"breadcrumb\":{\"@id\":\"https:\/\/www.teatrodomma.it\/?p=28898#breadcrumb\"},\"inLanguage\":\"it-IT\",\"potentialAction\":[{\"@type\":\"ReadAction\",\"target\":[\"https:\/\/www.teatrodomma.it\/?p=28898\"]}]},{\"@type\":\"ImageObject\",\"inLanguage\":\"it-IT\",\"@id\":\"https:\/\/www.teatrodomma.it\/?p=28898#primaryimage\",\"url\":\"https:\/\/www.teatrodomma.it\/wp-content\/uploads\/2024\/06\/Teatro-Domma_arena-all-aperto_scalinata-e1719315904762.jpg\",\"contentUrl\":\"https:\/\/www.teatrodomma.it\/wp-content\/uploads\/2024\/06\/Teatro-Domma_arena-all-aperto_scalinata-e1719315904762.jpg\",\"width\":900,\"height\":675},{\"@type\":\"BreadcrumbList\",\"@id\":\"https:\/\/www.teatrodomma.it\/?p=28898#breadcrumb\",\"itemListElement\":[{\"@type\":\"ListItem\",\"position\":1,\"name\":\"Home\",\"item\":\"https:\/\/www.teatrodomma.it\/\"},{\"@type\":\"ListItem\",\"position\":2,\"name\":\"TEATRO ARENA DOMMA, una periferia da vivere\"}]},{\"@type\":\"WebSite\",\"@id\":\"https:\/\/www.teatrodomma.it\/#website\",\"url\":\"https:\/\/www.teatrodomma.it\/\",\"name\":\"Teatro Domma\",\"description\":\"\",\"publisher\":{\"@id\":\"https:\/\/www.teatrodomma.it\/#organization\"},\"potentialAction\":[{\"@type\":\"SearchAction\",\"target\":{\"@type\":\"EntryPoint\",\"urlTemplate\":\"https:\/\/www.teatrodomma.it\/?s={search_term_string}\"},\"query-input\":{\"@type\":\"PropertyValueSpecification\",\"valueRequired\":true,\"valueName\":\"search_term_string\"}}],\"inLanguage\":\"it-IT\"},{\"@type\":\"Organization\",\"@id\":\"https:\/\/www.teatrodomma.it\/#organization\",\"name\":\"Teatro Domma\",\"url\":\"https:\/\/www.teatrodomma.it\/\",\"logo\":{\"@type\":\"ImageObject\",\"inLanguage\":\"it-IT\",\"@id\":\"https:\/\/www.teatrodomma.it\/#\/schema\/logo\/image\/\",\"url\":\"https:\/\/www.teatrodomma.it\/wp-content\/uploads\/2025\/01\/LOGOICON-edited-2.png\",\"contentUrl\":\"https:\/\/www.teatrodomma.it\/wp-content\/uploads\/2025\/01\/LOGOICON-edited-2.png\",\"width\":510,\"height\":287,\"caption\":\"Teatro Domma\"},\"image\":{\"@id\":\"https:\/\/www.teatrodomma.it\/#\/schema\/logo\/image\/\"},\"sameAs\":[\"https:\/\/www.facebook.com\/p\/Teatro-Domma-61556981831878\/?locale=it_IT\",\"https:\/\/www.instagram.com\/teatro_domma\/\"]},{\"@type\":\"Person\",\"@id\":\"https:\/\/www.teatrodomma.it\/#\/schema\/person\/8a1f09bf4c695307c8aef38d93aa0e84\",\"name\":\"Margherita De Donato\",\"image\":{\"@type\":\"ImageObject\",\"inLanguage\":\"it-IT\",\"@id\":\"https:\/\/www.teatrodomma.it\/#\/schema\/person\/image\/\",\"url\":\"https:\/\/secure.gravatar.com\/avatar\/0fbebb2201a984022de9f07361f7fe88cb7fcefd6be5e33abf5559102ec20088?s=96&d=mm&r=g\",\"contentUrl\":\"https:\/\/secure.gravatar.com\/avatar\/0fbebb2201a984022de9f07361f7fe88cb7fcefd6be5e33abf5559102ec20088?s=96&d=mm&r=g\",\"caption\":\"Margherita De Donato\"},\"url\":\"https:\/\/www.teatrodomma.it\/?author=3\"}]}<\/script>\n<!-- \/ Yoast SEO plugin. -->","yoast_head_json":{"title":"TEATRO ARENA DOMMA, una periferia da vivere - Teatro Domma","robots":{"index":"index","follow":"follow","max-snippet":"max-snippet:-1","max-image-preview":"max-image-preview:large","max-video-preview":"max-video-preview:-1"},"canonical":"https:\/\/www.teatrodomma.it\/?p=28898","og_locale":"it_IT","og_type":"article","og_title":"TEATRO ARENA DOMMA, una periferia da vivere - Teatro Domma","og_description":"Si comincia sabato 13 luglio con due repliche di &#8220;Disney 100&#8221;, un musical targato&nbsp;CdS&nbsp;Academy. Lo spettacolo \u201cChi muore si rivede\u201d, inizialmente annunciato per il 6-7 luglio, slitta per motivi organizzativi al 21-22 settembre. Presentato dalla realt\u00e0 musicale romana Frequenze&amp;Armonici APS, in associazione con CdS Academy, il progetto &#8220;TEATRO ARENA DOMMA, una periferia da vivere&#8221; \u00e8 [&hellip;]","og_url":"https:\/\/www.teatrodomma.it\/?p=28898","og_site_name":"Teatro Domma","article_publisher":"https:\/\/www.facebook.com\/p\/Teatro-Domma-61556981831878\/?locale=it_IT","article_published_time":"2024-06-24T16:37:00+00:00","og_image":[{"width":900,"height":675,"url":"https:\/\/www.teatrodomma.it\/wp-content\/uploads\/2024\/06\/Teatro-Domma_arena-all-aperto_scalinata-e1719315904762.jpg","type":"image\/jpeg"}],"author":"Margherita De Donato","twitter_card":"summary_large_image","twitter_misc":{"Scritto da":"Margherita De Donato","Tempo di lettura stimato":"5 minuti"},"schema":{"@context":"https:\/\/schema.org","@graph":[{"@type":"Article","@id":"https:\/\/www.teatrodomma.it\/?p=28898#article","isPartOf":{"@id":"https:\/\/www.teatrodomma.it\/?p=28898"},"author":{"name":"Margherita De Donato","@id":"https:\/\/www.teatrodomma.it\/#\/schema\/person\/8a1f09bf4c695307c8aef38d93aa0e84"},"headline":"TEATRO ARENA DOMMA, una periferia da vivere","datePublished":"2024-06-24T16:37:00+00:00","mainEntityOfPage":{"@id":"https:\/\/www.teatrodomma.it\/?p=28898"},"wordCount":981,"publisher":{"@id":"https:\/\/www.teatrodomma.it\/#organization"},"image":{"@id":"https:\/\/www.teatrodomma.it\/?p=28898#primaryimage"},"thumbnailUrl":"https:\/\/www.teatrodomma.it\/wp-content\/uploads\/2024\/06\/Teatro-Domma_arena-all-aperto_scalinata-e1719315904762.jpg","keywords":["Cds Academy","teatro domma"],"articleSection":["Compagni di Scena","Recensioni"],"inLanguage":"it-IT"},{"@type":"WebPage","@id":"https:\/\/www.teatrodomma.it\/?p=28898","url":"https:\/\/www.teatrodomma.it\/?p=28898","name":"TEATRO ARENA DOMMA, una periferia da vivere - Teatro Domma","isPartOf":{"@id":"https:\/\/www.teatrodomma.it\/#website"},"primaryImageOfPage":{"@id":"https:\/\/www.teatrodomma.it\/?p=28898#primaryimage"},"image":{"@id":"https:\/\/www.teatrodomma.it\/?p=28898#primaryimage"},"thumbnailUrl":"https:\/\/www.teatrodomma.it\/wp-content\/uploads\/2024\/06\/Teatro-Domma_arena-all-aperto_scalinata-e1719315904762.jpg","datePublished":"2024-06-24T16:37:00+00:00","breadcrumb":{"@id":"https:\/\/www.teatrodomma.it\/?p=28898#breadcrumb"},"inLanguage":"it-IT","potentialAction":[{"@type":"ReadAction","target":["https:\/\/www.teatrodomma.it\/?p=28898"]}]},{"@type":"ImageObject","inLanguage":"it-IT","@id":"https:\/\/www.teatrodomma.it\/?p=28898#primaryimage","url":"https:\/\/www.teatrodomma.it\/wp-content\/uploads\/2024\/06\/Teatro-Domma_arena-all-aperto_scalinata-e1719315904762.jpg","contentUrl":"https:\/\/www.teatrodomma.it\/wp-content\/uploads\/2024\/06\/Teatro-Domma_arena-all-aperto_scalinata-e1719315904762.jpg","width":900,"height":675},{"@type":"BreadcrumbList","@id":"https:\/\/www.teatrodomma.it\/?p=28898#breadcrumb","itemListElement":[{"@type":"ListItem","position":1,"name":"Home","item":"https:\/\/www.teatrodomma.it\/"},{"@type":"ListItem","position":2,"name":"TEATRO ARENA DOMMA, una periferia da vivere"}]},{"@type":"WebSite","@id":"https:\/\/www.teatrodomma.it\/#website","url":"https:\/\/www.teatrodomma.it\/","name":"Teatro Domma","description":"","publisher":{"@id":"https:\/\/www.teatrodomma.it\/#organization"},"potentialAction":[{"@type":"SearchAction","target":{"@type":"EntryPoint","urlTemplate":"https:\/\/www.teatrodomma.it\/?s={search_term_string}"},"query-input":{"@type":"PropertyValueSpecification","valueRequired":true,"valueName":"search_term_string"}}],"inLanguage":"it-IT"},{"@type":"Organization","@id":"https:\/\/www.teatrodomma.it\/#organization","name":"Teatro Domma","url":"https:\/\/www.teatrodomma.it\/","logo":{"@type":"ImageObject","inLanguage":"it-IT","@id":"https:\/\/www.teatrodomma.it\/#\/schema\/logo\/image\/","url":"https:\/\/www.teatrodomma.it\/wp-content\/uploads\/2025\/01\/LOGOICON-edited-2.png","contentUrl":"https:\/\/www.teatrodomma.it\/wp-content\/uploads\/2025\/01\/LOGOICON-edited-2.png","width":510,"height":287,"caption":"Teatro Domma"},"image":{"@id":"https:\/\/www.teatrodomma.it\/#\/schema\/logo\/image\/"},"sameAs":["https:\/\/www.facebook.com\/p\/Teatro-Domma-61556981831878\/?locale=it_IT","https:\/\/www.instagram.com\/teatro_domma\/"]},{"@type":"Person","@id":"https:\/\/www.teatrodomma.it\/#\/schema\/person\/8a1f09bf4c695307c8aef38d93aa0e84","name":"Margherita De Donato","image":{"@type":"ImageObject","inLanguage":"it-IT","@id":"https:\/\/www.teatrodomma.it\/#\/schema\/person\/image\/","url":"https:\/\/secure.gravatar.com\/avatar\/0fbebb2201a984022de9f07361f7fe88cb7fcefd6be5e33abf5559102ec20088?s=96&d=mm&r=g","contentUrl":"https:\/\/secure.gravatar.com\/avatar\/0fbebb2201a984022de9f07361f7fe88cb7fcefd6be5e33abf5559102ec20088?s=96&d=mm&r=g","caption":"Margherita De Donato"},"url":"https:\/\/www.teatrodomma.it\/?author=3"}]}},"_links":{"self":[{"href":"https:\/\/www.teatrodomma.it\/index.php?rest_route=\/wp\/v2\/posts\/28898","targetHints":{"allow":["GET"]}}],"collection":[{"href":"https:\/\/www.teatrodomma.it\/index.php?rest_route=\/wp\/v2\/posts"}],"about":[{"href":"https:\/\/www.teatrodomma.it\/index.php?rest_route=\/wp\/v2\/types\/post"}],"author":[{"embeddable":true,"href":"https:\/\/www.teatrodomma.it\/index.php?rest_route=\/wp\/v2\/users\/3"}],"replies":[{"embeddable":true,"href":"https:\/\/www.teatrodomma.it\/index.php?rest_route=%2Fwp%2Fv2%2Fcomments&post=28898"}],"version-history":[{"count":0,"href":"https:\/\/www.teatrodomma.it\/index.php?rest_route=\/wp\/v2\/posts\/28898\/revisions"}],"wp:featuredmedia":[{"embeddable":true,"href":"https:\/\/www.teatrodomma.it\/index.php?rest_route=\/wp\/v2\/media\/29207"}],"wp:attachment":[{"href":"https:\/\/www.teatrodomma.it\/index.php?rest_route=%2Fwp%2Fv2%2Fmedia&parent=28898"}],"wp:term":[{"taxonomy":"category","embeddable":true,"href":"https:\/\/www.teatrodomma.it\/index.php?rest_route=%2Fwp%2Fv2%2Fcategories&post=28898"},{"taxonomy":"post_tag","embeddable":true,"href":"https:\/\/www.teatrodomma.it\/index.php?rest_route=%2Fwp%2Fv2%2Ftags&post=28898"}],"curies":[{"name":"wp","href":"https:\/\/api.w.org\/{rel}","templated":true}]}}