{"id":29680,"date":"2024-10-01T11:44:34","date_gmt":"2024-10-01T09:44:34","guid":{"rendered":"https:\/\/www.teatrodomma.it\/?p=29680"},"modified":"2025-03-28T19:12:23","modified_gmt":"2025-03-28T18:12:23","slug":"e-in-arrivo-dado-con-il-suo-non-vedo-non-sento-e-straparlo","status":"publish","type":"post","link":"https:\/\/www.teatrodomma.it\/?p=29680","title":{"rendered":"In arrivo DADO con il suo Non vedo, non sento e straparlo"},"content":{"rendered":"\n<p class=\"has-background-dark-background-color has-background\"><em>Variazione della data dello spettacolo rispetto alla brochure diffusa durante l&#8217;estate. Il debutto \u00e8 stato anticipato al 13 ottobre.<\/em> <em>La seconda data sar\u00e0 il<\/em> <em>19<\/em>. <em>Annullata quella del 20 ottobre.<\/em><\/p>\n\n\n\n<p>Il cambio dipende da impegni dell&#8217;artista occorsi successivamente. A chi si fosse gi\u00e0 abbonato per il giorno 20 ed impossibilitato a essere presente il 13 ottobre, sar\u00e0 data la possibilit\u00e0 di venire il 19 ottobre alle ore 21:00 con un omaggio. Vi preghiamo di segnalarci questa eventualit\u00e0 in settimana per bloccarvi il miglior posto disponibile. Il biglietto potrete ritirarlo negli orari di apertura della segreteria, oppure il giorno 19 ottobre stesso.<\/p>\n\n\n\n<p><\/p>\n\n\n\n<figure class=\"wp-block-image size-large\"><img decoding=\"async\" src=\"https:\/\/www.teatrodomma.it\/wp-content\/uploads\/2024\/07\/La-Gazzetta-di-Casal-Palocco_OTTOBRE-2024-721x1024.jpg\" alt=\"\" class=\"wp-image-29987\"\/><\/figure>\n\n\n\n<p><\/p>\n\n\n\n<div class=\"wp-block-image\"><figure class=\"aligncenter size-large\"><img loading=\"lazy\" decoding=\"async\" width=\"900\" height=\"900\" src=\"http:\/\/test.teatrodomma.it\/wp-content\/uploads\/2024\/09\/Dado_primopiano-e1726768273580.jpg\" alt=\"\" class=\"wp-image-29654\" srcset=\"https:\/\/www.teatrodomma.it\/wp-content\/uploads\/2024\/09\/Dado_primopiano-e1726768273580.jpg 900w, https:\/\/www.teatrodomma.it\/wp-content\/uploads\/2024\/09\/Dado_primopiano-e1726768273580-300x300.jpg 300w, https:\/\/www.teatrodomma.it\/wp-content\/uploads\/2024\/09\/Dado_primopiano-e1726768273580-150x150.jpg 150w, https:\/\/www.teatrodomma.it\/wp-content\/uploads\/2024\/09\/Dado_primopiano-e1726768273580-768x768.jpg 768w, https:\/\/www.teatrodomma.it\/wp-content\/uploads\/2024\/09\/Dado_primopiano-e1726768273580-200x200.jpg 200w, https:\/\/www.teatrodomma.it\/wp-content\/uploads\/2024\/09\/Dado_primopiano-e1726768273580-144x144.jpg 144w\" sizes=\"(max-width: 900px) 100vw, 900px\" \/><\/figure><\/div>\n\n\n\n<p><\/p>\n\n\n\n<p><em>La visione del mondo da parte dei comici \u00e8 il modo migliore per sopportare meglio la realt\u00e0; facendo contrarre e rilassare le espressioni del volto, i comici sono fisioterapisti dei muscoli facciali!\u2026e poi lo spettacolo dal vivo \u00e8 una delle forme di comunicazioni pi\u00f9 emozionanti che esista al mondo.<\/em><\/p>\n\n\n\n<p class=\"has-text-align-center has-background-dark-background-color has-background\"><strong>PAROLA DI DADO<\/strong>!<\/p>\n\n\n\n<p><\/p>\n\n\n\n<div class=\"wp-block-image\"><figure class=\"aligncenter size-large\"><img decoding=\"async\" src=\"https:\/\/www.teatrodomma.it\/wp-content\/uploads\/2024\/10\/Dado_con-chitarra_verticale-682x1024.jpg\" alt=\"\" class=\"wp-image-29997\"\/><figcaption><strong><em>Gabriele Pellegrini in arte <\/em><\/strong><em><strong>Dado<\/strong><\/em><strong><em> (nato a Roma il 31 ottobre 1973)<\/em><\/strong><\/figcaption><\/figure><\/div>\n","protected":false},"excerpt":{"rendered":"<p>Variazione della data dello spettacolo rispetto alla brochure diffusa durante l&#8217;estate. Il debutto \u00e8 stato anticipato al 13 ottobre. La seconda data sar\u00e0 il 19. Annullata quella del 20 ottobre. Il cambio dipende da impegni dell&#8217;artista occorsi successivamente. A chi si fosse gi\u00e0 abbonato per il giorno 20 ed impossibilitato a essere presente il 13 [&hellip;]<\/p>\n","protected":false},"author":3,"featured_media":29982,"comment_status":"closed","ping_status":"open","sticky":false,"template":"","format":"standard","meta":{"saved_in_kubio":false,"footnotes":""},"categories":[14],"tags":[432,513,437,251],"class_list":{"0":"post-29680","1":"post","2":"type-post","3":"status-publish","4":"format-standard","5":"has-post-thumbnail","6":"hentry","7":"category-recensioni","8":"tag-dado","9":"tag-stagione-prosa","10":"tag-stagione-teatrale-2024-2025","11":"tag-teatro-domma","13":"post-with-thumbnail","14":"post-with-thumbnail-large"},"yoast_head":"<!-- This site is optimized with the Yoast SEO plugin v25.8 - https:\/\/yoast.com\/wordpress\/plugins\/seo\/ -->\n<title>In arrivo DADO con il suo Non vedo, non sento e straparlo - Teatro Domma<\/title>\n<meta name=\"robots\" content=\"index, follow, max-snippet:-1, max-image-preview:large, max-video-preview:-1\" \/>\n<link rel=\"canonical\" href=\"https:\/\/www.teatrodomma.it\/?p=29680\" \/>\n<meta property=\"og:locale\" content=\"it_IT\" \/>\n<meta property=\"og:type\" content=\"article\" \/>\n<meta property=\"og:title\" content=\"In arrivo DADO con il suo Non vedo, non sento e straparlo - Teatro Domma\" \/>\n<meta property=\"og:description\" content=\"Variazione della data dello spettacolo rispetto alla brochure diffusa durante l&#8217;estate. Il debutto \u00e8 stato anticipato al 13 ottobre. La seconda data sar\u00e0 il 19. Annullata quella del 20 ottobre. Il cambio dipende da impegni dell&#8217;artista occorsi successivamente. A chi si fosse gi\u00e0 abbonato per il giorno 20 ed impossibilitato a essere presente il 13 [&hellip;]\" \/>\n<meta property=\"og:url\" content=\"https:\/\/www.teatrodomma.it\/?p=29680\" \/>\n<meta property=\"og:site_name\" content=\"Teatro Domma\" \/>\n<meta property=\"article:publisher\" content=\"https:\/\/www.facebook.com\/p\/Teatro-Domma-61556981831878\/?locale=it_IT\" \/>\n<meta property=\"article:published_time\" content=\"2024-10-01T09:44:34+00:00\" \/>\n<meta property=\"article:modified_time\" content=\"2025-03-28T18:12:23+00:00\" \/>\n<meta property=\"og:image\" content=\"http:\/\/www.teatrodomma.it\/wp-content\/uploads\/2024\/10\/Non-vedo-non-sento-e-straparlo_Dado_locandina-e1728573459418.jpg\" \/>\n\t<meta property=\"og:image:width\" content=\"900\" \/>\n\t<meta property=\"og:image:height\" content=\"1113\" \/>\n\t<meta property=\"og:image:type\" content=\"image\/jpeg\" \/>\n<meta name=\"author\" content=\"Margherita De Donato\" \/>\n<meta name=\"twitter:card\" content=\"summary_large_image\" \/>\n<meta name=\"twitter:label1\" content=\"Scritto da\" \/>\n\t<meta name=\"twitter:data1\" content=\"Margherita De Donato\" \/>\n\t<meta name=\"twitter:label2\" content=\"Tempo di lettura stimato\" \/>\n\t<meta name=\"twitter:data2\" content=\"2 minuti\" \/>\n<script type=\"application\/ld+json\" class=\"yoast-schema-graph\">{\"@context\":\"https:\/\/schema.org\",\"@graph\":[{\"@type\":\"Article\",\"@id\":\"https:\/\/www.teatrodomma.it\/?p=29680#article\",\"isPartOf\":{\"@id\":\"https:\/\/www.teatrodomma.it\/?p=29680\"},\"author\":{\"name\":\"Margherita De Donato\",\"@id\":\"https:\/\/www.teatrodomma.it\/#\/schema\/person\/8a1f09bf4c695307c8aef38d93aa0e84\"},\"headline\":\"In arrivo DADO con il suo Non vedo, non sento e straparlo\",\"datePublished\":\"2024-10-01T09:44:34+00:00\",\"dateModified\":\"2025-03-28T18:12:23+00:00\",\"mainEntityOfPage\":{\"@id\":\"https:\/\/www.teatrodomma.it\/?p=29680\"},\"wordCount\":167,\"publisher\":{\"@id\":\"https:\/\/www.teatrodomma.it\/#organization\"},\"image\":{\"@id\":\"https:\/\/www.teatrodomma.it\/?p=29680#primaryimage\"},\"thumbnailUrl\":\"https:\/\/www.teatrodomma.it\/wp-content\/uploads\/2024\/10\/Non-vedo-non-sento-e-straparlo_Dado_locandina-e1728573459418.jpg\",\"keywords\":[\"Dado\",\"Stagione Prosa\",\"stagione teatrale 2024 - 2025\",\"teatro domma\"],\"articleSection\":[\"Recensioni\"],\"inLanguage\":\"it-IT\"},{\"@type\":\"WebPage\",\"@id\":\"https:\/\/www.teatrodomma.it\/?p=29680\",\"url\":\"https:\/\/www.teatrodomma.it\/?p=29680\",\"name\":\"In arrivo DADO con il suo Non vedo, non sento e straparlo - Teatro Domma\",\"isPartOf\":{\"@id\":\"https:\/\/www.teatrodomma.it\/#website\"},\"primaryImageOfPage\":{\"@id\":\"https:\/\/www.teatrodomma.it\/?p=29680#primaryimage\"},\"image\":{\"@id\":\"https:\/\/www.teatrodomma.it\/?p=29680#primaryimage\"},\"thumbnailUrl\":\"https:\/\/www.teatrodomma.it\/wp-content\/uploads\/2024\/10\/Non-vedo-non-sento-e-straparlo_Dado_locandina-e1728573459418.jpg\",\"datePublished\":\"2024-10-01T09:44:34+00:00\",\"dateModified\":\"2025-03-28T18:12:23+00:00\",\"breadcrumb\":{\"@id\":\"https:\/\/www.teatrodomma.it\/?p=29680#breadcrumb\"},\"inLanguage\":\"it-IT\",\"potentialAction\":[{\"@type\":\"ReadAction\",\"target\":[\"https:\/\/www.teatrodomma.it\/?p=29680\"]}]},{\"@type\":\"ImageObject\",\"inLanguage\":\"it-IT\",\"@id\":\"https:\/\/www.teatrodomma.it\/?p=29680#primaryimage\",\"url\":\"https:\/\/www.teatrodomma.it\/wp-content\/uploads\/2024\/10\/Non-vedo-non-sento-e-straparlo_Dado_locandina-e1728573459418.jpg\",\"contentUrl\":\"https:\/\/www.teatrodomma.it\/wp-content\/uploads\/2024\/10\/Non-vedo-non-sento-e-straparlo_Dado_locandina-e1728573459418.jpg\",\"width\":900,\"height\":1113},{\"@type\":\"BreadcrumbList\",\"@id\":\"https:\/\/www.teatrodomma.it\/?p=29680#breadcrumb\",\"itemListElement\":[{\"@type\":\"ListItem\",\"position\":1,\"name\":\"Home\",\"item\":\"https:\/\/www.teatrodomma.it\/\"},{\"@type\":\"ListItem\",\"position\":2,\"name\":\"In arrivo DADO con il suo Non vedo, non sento e straparlo\"}]},{\"@type\":\"WebSite\",\"@id\":\"https:\/\/www.teatrodomma.it\/#website\",\"url\":\"https:\/\/www.teatrodomma.it\/\",\"name\":\"Teatro Domma\",\"description\":\"\",\"publisher\":{\"@id\":\"https:\/\/www.teatrodomma.it\/#organization\"},\"potentialAction\":[{\"@type\":\"SearchAction\",\"target\":{\"@type\":\"EntryPoint\",\"urlTemplate\":\"https:\/\/www.teatrodomma.it\/?s={search_term_string}\"},\"query-input\":{\"@type\":\"PropertyValueSpecification\",\"valueRequired\":true,\"valueName\":\"search_term_string\"}}],\"inLanguage\":\"it-IT\"},{\"@type\":\"Organization\",\"@id\":\"https:\/\/www.teatrodomma.it\/#organization\",\"name\":\"Teatro Domma\",\"url\":\"https:\/\/www.teatrodomma.it\/\",\"logo\":{\"@type\":\"ImageObject\",\"inLanguage\":\"it-IT\",\"@id\":\"https:\/\/www.teatrodomma.it\/#\/schema\/logo\/image\/\",\"url\":\"https:\/\/www.teatrodomma.it\/wp-content\/uploads\/2025\/01\/LOGOICON-edited-2.png\",\"contentUrl\":\"https:\/\/www.teatrodomma.it\/wp-content\/uploads\/2025\/01\/LOGOICON-edited-2.png\",\"width\":510,\"height\":287,\"caption\":\"Teatro Domma\"},\"image\":{\"@id\":\"https:\/\/www.teatrodomma.it\/#\/schema\/logo\/image\/\"},\"sameAs\":[\"https:\/\/www.facebook.com\/p\/Teatro-Domma-61556981831878\/?locale=it_IT\",\"https:\/\/www.instagram.com\/teatro_domma\/\"]},{\"@type\":\"Person\",\"@id\":\"https:\/\/www.teatrodomma.it\/#\/schema\/person\/8a1f09bf4c695307c8aef38d93aa0e84\",\"name\":\"Margherita De Donato\",\"image\":{\"@type\":\"ImageObject\",\"inLanguage\":\"it-IT\",\"@id\":\"https:\/\/www.teatrodomma.it\/#\/schema\/person\/image\/\",\"url\":\"https:\/\/secure.gravatar.com\/avatar\/0fbebb2201a984022de9f07361f7fe88cb7fcefd6be5e33abf5559102ec20088?s=96&d=mm&r=g\",\"contentUrl\":\"https:\/\/secure.gravatar.com\/avatar\/0fbebb2201a984022de9f07361f7fe88cb7fcefd6be5e33abf5559102ec20088?s=96&d=mm&r=g\",\"caption\":\"Margherita De Donato\"},\"url\":\"https:\/\/www.teatrodomma.it\/?author=3\"}]}<\/script>\n<!-- \/ Yoast SEO plugin. -->","yoast_head_json":{"title":"In arrivo DADO con il suo Non vedo, non sento e straparlo - Teatro Domma","robots":{"index":"index","follow":"follow","max-snippet":"max-snippet:-1","max-image-preview":"max-image-preview:large","max-video-preview":"max-video-preview:-1"},"canonical":"https:\/\/www.teatrodomma.it\/?p=29680","og_locale":"it_IT","og_type":"article","og_title":"In arrivo DADO con il suo Non vedo, non sento e straparlo - Teatro Domma","og_description":"Variazione della data dello spettacolo rispetto alla brochure diffusa durante l&#8217;estate. Il debutto \u00e8 stato anticipato al 13 ottobre. La seconda data sar\u00e0 il 19. Annullata quella del 20 ottobre. Il cambio dipende da impegni dell&#8217;artista occorsi successivamente. A chi si fosse gi\u00e0 abbonato per il giorno 20 ed impossibilitato a essere presente il 13 [&hellip;]","og_url":"https:\/\/www.teatrodomma.it\/?p=29680","og_site_name":"Teatro Domma","article_publisher":"https:\/\/www.facebook.com\/p\/Teatro-Domma-61556981831878\/?locale=it_IT","article_published_time":"2024-10-01T09:44:34+00:00","article_modified_time":"2025-03-28T18:12:23+00:00","og_image":[{"width":900,"height":1113,"url":"http:\/\/www.teatrodomma.it\/wp-content\/uploads\/2024\/10\/Non-vedo-non-sento-e-straparlo_Dado_locandina-e1728573459418.jpg","type":"image\/jpeg"}],"author":"Margherita De Donato","twitter_card":"summary_large_image","twitter_misc":{"Scritto da":"Margherita De Donato","Tempo di lettura stimato":"2 minuti"},"schema":{"@context":"https:\/\/schema.org","@graph":[{"@type":"Article","@id":"https:\/\/www.teatrodomma.it\/?p=29680#article","isPartOf":{"@id":"https:\/\/www.teatrodomma.it\/?p=29680"},"author":{"name":"Margherita De Donato","@id":"https:\/\/www.teatrodomma.it\/#\/schema\/person\/8a1f09bf4c695307c8aef38d93aa0e84"},"headline":"In arrivo DADO con il suo Non vedo, non sento e straparlo","datePublished":"2024-10-01T09:44:34+00:00","dateModified":"2025-03-28T18:12:23+00:00","mainEntityOfPage":{"@id":"https:\/\/www.teatrodomma.it\/?p=29680"},"wordCount":167,"publisher":{"@id":"https:\/\/www.teatrodomma.it\/#organization"},"image":{"@id":"https:\/\/www.teatrodomma.it\/?p=29680#primaryimage"},"thumbnailUrl":"https:\/\/www.teatrodomma.it\/wp-content\/uploads\/2024\/10\/Non-vedo-non-sento-e-straparlo_Dado_locandina-e1728573459418.jpg","keywords":["Dado","Stagione Prosa","stagione teatrale 2024 - 2025","teatro domma"],"articleSection":["Recensioni"],"inLanguage":"it-IT"},{"@type":"WebPage","@id":"https:\/\/www.teatrodomma.it\/?p=29680","url":"https:\/\/www.teatrodomma.it\/?p=29680","name":"In arrivo DADO con il suo Non vedo, non sento e straparlo - Teatro Domma","isPartOf":{"@id":"https:\/\/www.teatrodomma.it\/#website"},"primaryImageOfPage":{"@id":"https:\/\/www.teatrodomma.it\/?p=29680#primaryimage"},"image":{"@id":"https:\/\/www.teatrodomma.it\/?p=29680#primaryimage"},"thumbnailUrl":"https:\/\/www.teatrodomma.it\/wp-content\/uploads\/2024\/10\/Non-vedo-non-sento-e-straparlo_Dado_locandina-e1728573459418.jpg","datePublished":"2024-10-01T09:44:34+00:00","dateModified":"2025-03-28T18:12:23+00:00","breadcrumb":{"@id":"https:\/\/www.teatrodomma.it\/?p=29680#breadcrumb"},"inLanguage":"it-IT","potentialAction":[{"@type":"ReadAction","target":["https:\/\/www.teatrodomma.it\/?p=29680"]}]},{"@type":"ImageObject","inLanguage":"it-IT","@id":"https:\/\/www.teatrodomma.it\/?p=29680#primaryimage","url":"https:\/\/www.teatrodomma.it\/wp-content\/uploads\/2024\/10\/Non-vedo-non-sento-e-straparlo_Dado_locandina-e1728573459418.jpg","contentUrl":"https:\/\/www.teatrodomma.it\/wp-content\/uploads\/2024\/10\/Non-vedo-non-sento-e-straparlo_Dado_locandina-e1728573459418.jpg","width":900,"height":1113},{"@type":"BreadcrumbList","@id":"https:\/\/www.teatrodomma.it\/?p=29680#breadcrumb","itemListElement":[{"@type":"ListItem","position":1,"name":"Home","item":"https:\/\/www.teatrodomma.it\/"},{"@type":"ListItem","position":2,"name":"In arrivo DADO con il suo Non vedo, non sento e straparlo"}]},{"@type":"WebSite","@id":"https:\/\/www.teatrodomma.it\/#website","url":"https:\/\/www.teatrodomma.it\/","name":"Teatro Domma","description":"","publisher":{"@id":"https:\/\/www.teatrodomma.it\/#organization"},"potentialAction":[{"@type":"SearchAction","target":{"@type":"EntryPoint","urlTemplate":"https:\/\/www.teatrodomma.it\/?s={search_term_string}"},"query-input":{"@type":"PropertyValueSpecification","valueRequired":true,"valueName":"search_term_string"}}],"inLanguage":"it-IT"},{"@type":"Organization","@id":"https:\/\/www.teatrodomma.it\/#organization","name":"Teatro Domma","url":"https:\/\/www.teatrodomma.it\/","logo":{"@type":"ImageObject","inLanguage":"it-IT","@id":"https:\/\/www.teatrodomma.it\/#\/schema\/logo\/image\/","url":"https:\/\/www.teatrodomma.it\/wp-content\/uploads\/2025\/01\/LOGOICON-edited-2.png","contentUrl":"https:\/\/www.teatrodomma.it\/wp-content\/uploads\/2025\/01\/LOGOICON-edited-2.png","width":510,"height":287,"caption":"Teatro Domma"},"image":{"@id":"https:\/\/www.teatrodomma.it\/#\/schema\/logo\/image\/"},"sameAs":["https:\/\/www.facebook.com\/p\/Teatro-Domma-61556981831878\/?locale=it_IT","https:\/\/www.instagram.com\/teatro_domma\/"]},{"@type":"Person","@id":"https:\/\/www.teatrodomma.it\/#\/schema\/person\/8a1f09bf4c695307c8aef38d93aa0e84","name":"Margherita De Donato","image":{"@type":"ImageObject","inLanguage":"it-IT","@id":"https:\/\/www.teatrodomma.it\/#\/schema\/person\/image\/","url":"https:\/\/secure.gravatar.com\/avatar\/0fbebb2201a984022de9f07361f7fe88cb7fcefd6be5e33abf5559102ec20088?s=96&d=mm&r=g","contentUrl":"https:\/\/secure.gravatar.com\/avatar\/0fbebb2201a984022de9f07361f7fe88cb7fcefd6be5e33abf5559102ec20088?s=96&d=mm&r=g","caption":"Margherita De Donato"},"url":"https:\/\/www.teatrodomma.it\/?author=3"}]}},"_links":{"self":[{"href":"https:\/\/www.teatrodomma.it\/index.php?rest_route=\/wp\/v2\/posts\/29680","targetHints":{"allow":["GET"]}}],"collection":[{"href":"https:\/\/www.teatrodomma.it\/index.php?rest_route=\/wp\/v2\/posts"}],"about":[{"href":"https:\/\/www.teatrodomma.it\/index.php?rest_route=\/wp\/v2\/types\/post"}],"author":[{"embeddable":true,"href":"https:\/\/www.teatrodomma.it\/index.php?rest_route=\/wp\/v2\/users\/3"}],"replies":[{"embeddable":true,"href":"https:\/\/www.teatrodomma.it\/index.php?rest_route=%2Fwp%2Fv2%2Fcomments&post=29680"}],"version-history":[{"count":1,"href":"https:\/\/www.teatrodomma.it\/index.php?rest_route=\/wp\/v2\/posts\/29680\/revisions"}],"predecessor-version":[{"id":31093,"href":"https:\/\/www.teatrodomma.it\/index.php?rest_route=\/wp\/v2\/posts\/29680\/revisions\/31093"}],"wp:featuredmedia":[{"embeddable":true,"href":"https:\/\/www.teatrodomma.it\/index.php?rest_route=\/wp\/v2\/media\/29982"}],"wp:attachment":[{"href":"https:\/\/www.teatrodomma.it\/index.php?rest_route=%2Fwp%2Fv2%2Fmedia&parent=29680"}],"wp:term":[{"taxonomy":"category","embeddable":true,"href":"https:\/\/www.teatrodomma.it\/index.php?rest_route=%2Fwp%2Fv2%2Fcategories&post=29680"},{"taxonomy":"post_tag","embeddable":true,"href":"https:\/\/www.teatrodomma.it\/index.php?rest_route=%2Fwp%2Fv2%2Ftags&post=29680"}],"curies":[{"name":"wp","href":"https:\/\/api.w.org\/{rel}","templated":true}]}}