{"id":30440,"date":"2025-01-24T17:00:00","date_gmt":"2025-01-24T16:00:00","guid":{"rendered":"https:\/\/www.teatrodomma.it\/?p=30440"},"modified":"2025-03-03T17:46:18","modified_gmt":"2025-03-03T16:46:18","slug":"prossimamente-in-scena-la-commedia-di-pirandello-luomo-la-bestia-e-la-virtu","status":"publish","type":"post","link":"https:\/\/www.teatrodomma.it\/?p=30440","title":{"rendered":"Prossimamente in scena la commedia di Pirandello L&#8217;uomo, la bestia e la virt\u00f9"},"content":{"rendered":"\n<p class=\"has-background-dark-background-color has-background\"><em>Sabato 1 e domenica 2 febbraio i<\/em> <em>nove protagonisti del testo firmato dal famoso autore agrigentino saranno diretti da Alessandro Moser<\/em>,<em> anche lui fra gli interpreti.<\/em><\/p>\n\n\n\n<p><strong>La prima rappresentazione della commedia in tre atti<\/strong> <strong><em>L&#8217;uomo, la bestia e la virt\u00f9<\/em><\/strong>, scritta nel 1919 e tratta dalla novella <em>&#8220;Richiamo all&#8217;obbligo&#8221;<\/em> (1906), <strong>ebbe luogo il 2 maggio 1919 al Teatro Olimpia di Milano<\/strong> per opera della Compagnia di Antonio Gandusio. Non fu ben accolta dal pubblico, che forse non si aspettava quei toni farseschi in<strong> un lavoro del drammaturgo Luigi Pirandello<\/strong> (Agrigento,&nbsp;28 giugno&nbsp;1867&nbsp;\u2013&nbsp;Roma,&nbsp;10 dicembre&nbsp;1936)<strong>. Successivamente<\/strong> rivalutata dalla critica e dal pubblico,<strong> ebbe tanto successo in Italia e all&#8217;estero, diventando una delle pi\u00f9 rappresentate<\/strong> della produzione teatrale dell&#8217;autore siciliano.<\/p>\n\n\n\n<p><strong><em>L&#8217;uomo, la bestia e la virt\u00f9<\/em><\/strong> fa parte della seconda fase della produzione artistica di Pirandello, quella del teatro umoristico. Mano a mano che si distacca da verismo e naturalismo, avvicinandosi al decadentismo, lo scrittore presenta personaggi che incrinano le certezze del mondo borghese: <strong>introducendo la versione relativistica della realt\u00e0<\/strong>, rovesciando i modelli consueti di comportamento, <strong>Pirandello<\/strong> <strong>intende esprimere la dimensione autentica della vita al di l\u00e0 della maschera.<\/strong><\/p>\n\n\n\n<p class=\"has-background-dark-background-color has-background\"><strong>L&#8217;umorismo pirandelliano, attraverso un intreccio di inganni, passioni e virt\u00f9 apparenti,<\/strong> <strong>traccia<\/strong> <strong>un ritratto ironico e spietato della societ\u00e0, dove le maschere cadono e le convenzioni si capovolgono.<\/strong><\/p>\n\n\n\n<p><strong>PRIMO ATTO <em>&#8211;<\/em><\/strong><em> <\/em>Di mattina presto <strong>il farmacista<\/strong> <strong>Tot\u00f2 Pulejo<\/strong> <strong><em>(Simone Sabia)<\/em><\/strong> si reca in casa del suo amico, <strong>il prof. Paolino<\/strong> <em>(<\/em><strong><em><a href=\"https:\/\/www.facebook.com\/alex.moser.779\" target=\"_blank\" rel=\"noreferrer noopener\">Alessandro Moser<\/a><\/em><\/strong><em>)<\/em>, per scroccargli un\u00a0caff\u00e8 come sua abitudine. I due hanno un battibecco, al quale partecipa anche <strong>la governante Rosaria<\/strong> <em>(<\/em><strong><em><a href=\"https:\/\/www.facebook.com\/antoniadifrancesco2004\" target=\"_blank\" rel=\"noreferrer noopener\">Antonia Di Francesco<\/a><\/em><\/strong><em>),<\/em><strong><em> <\/em><\/strong>perch\u00e9 Tot\u00f2 lancia insinuazioni sull&#8217;integrit\u00e0 morale del professore, che ritiene di facciata, e questi lo caccia da casa sua. Paolino riceve quindi <strong>la signora Perella<\/strong> <em>(<strong><a href=\"https:\/\/www.facebook.com\/noemi.bordi.5\" target=\"_blank\" rel=\"noreferrer noopener\">Noemi Bordi<\/a><\/strong>)<\/em>, madre di <strong>Non\u00f2 <em>(Andrea Ciamei)<\/em><\/strong>, cui impartisce lezioni di greco antico: si scopre che Paolino ha una tresca con la donna, la quale ha avuto come conseguenza una gravidanza. I due amanti sono preoccupati dallo scandalo che comporterebbe se venisse scoperta la nascita del bambino, in quanto <strong>Paolino perderebbe la maschera di rispettabilit\u00e0 che ostenta.<\/strong> Cos\u00ec i due tentano di organizzare un piano affinch\u00e9 il legittimo marito della signora, un capitano di nave dal carattere estremamente duro e severo, abbia con lei un\u00a0rapporto sessuale, in modo che il nascituro sia riconosciuto come suo. L&#8217;uomo, per\u00f2, ha avuto altri quattro figli da una sua amante di\u00a0Napoli\u00a0che frequenta\u00a0<em>more uxorio<\/em>\u00a0quando si trova in quella citt\u00e0, pertanto non desidera avere altri figli da sua moglie e nelle rare occasioni in cui fa ritorno a casa trova qualsiasi pretesto per starle lontano. Il caso vuole che proprio quella sera <strong>il capitano Perella<\/strong> <em><a href=\"https:\/\/www.instagram.com\/nenofagiolone.robertofazioli\/p\/DE2qlAdILAj\/\" target=\"_blank\" rel=\"noreferrer noopener\">(<\/a><\/em><strong><em><a href=\"https:\/\/www.instagram.com\/nenofagiolone.robertofazioli\/p\/DE2qlAdILAj\/\" target=\"_blank\" rel=\"noreferrer noopener\">Roberto Fazioli<\/a><\/em><\/strong><em>)<\/em> faccia ritorno per trattenersi a casa sua una notte soltanto, poi star\u00e0 via per due mesi: tutto dovr\u00e0 dunque avvenire in quella stessa notte. Il professore dovr\u00e0 fare in modo che la sua pudica amante svegli le voglie del capitano, da lui identificato come una vera e propria\u00a0<em><strong>bestia<\/strong><\/em>\u00a0a causa del carattere e della vita che conduce. Per essere sicuro del risultato il professore si fa preparare dal <strong>dottor<\/strong> <strong>Nino Pulejo<\/strong> <em><strong>(Mirko Lorusso)<\/strong><\/em>, fratello di Tot\u00f2, un potente\u00a0afrodisiaco\u00a0per stimolare i sopiti sensi del capitano: se l&#8217;impresa dovesse fallire, pur di salvaguardare la sua apparenza di uomo integerrimo, Paolino \u00e8 pronto a uccidere Perella&#8230;.Completano il quadro dei personaggi la serva <strong>Grazia<\/strong> <strong><em>(Rachele Sarti)<\/em><\/strong> e <strong>Giglio\/marinaio<\/strong> <strong><em>(Nicholas Di Blasio)<\/em><\/strong>.<\/p>\n\n\n\n<p><strong>La vicenda si sviluppa nei due atti successivi<\/strong> ed il senso del titolo <strong><em>L&#8217;uomo, la bestia e la virt\u00f9<\/em><\/strong> \u00e8 racchiuso nelle battute tra due dei tre protagonisti principali, o meglio, tre <em>Maschere<\/em> che si agitano sulla scena:<\/p>\n\n\n\n<p>\u00abPAOLINO: <em>Grazie, grazie, capitano! Scusi! &#8211; Sono veramente una bestia!\u00bb<\/em><\/p>\n\n\n\n<p>\u00abPERELLA: <em>Eh, caro professore, bisogna essere uomini!\u00bb<\/em><\/p>\n\n\n\n<p>\u00abPAOLINO: <em>A lei \u00e8 facile, capitano &#8211; con una signora come la sua: la Virt\u00f9 in persona!\u00bb<\/em><\/p>\n\n\n\n<p class=\"has-background-dark-background-color has-background\"><strong>ORARIO BOTTEGHINO: 16:00 \u2013 20:00 dal Lun al Ven &#8211; Prenotazioni<\/strong> <strong>anche via WApp al cell. 3286077138<\/strong> <strong>; email: <a rel=\"noreferrer noopener\" target=\"_blank\" href=\"mailto:teatrodomma@gmail.com\">teatrodomma@gmail.com<\/a><\/strong><\/p>\n\n\n\n<p class=\"has-background-dark-background-color has-background\"><strong>CURIOSITA&#8217;: l&#8217;attrice Noemi Bordi, che veste i panni della signora Perella, \u00e8 un&#8217;insegnante della CdS Academy<\/strong>. <strong>Qui di seguito una sua intervista rilasciata a Canale 10 quattro anni fa..<\/strong>.<\/p>\n\n\n\n<figure class=\"wp-block-embed is-type-video is-provider-youtube wp-block-embed-youtube wp-embed-aspect-16-9 wp-has-aspect-ratio\"><div class=\"wp-block-embed__wrapper\">\n<iframe loading=\"lazy\" title=\"Noemi Bordi, giovane attrice del territorio\" width=\"720\" height=\"405\" src=\"https:\/\/www.youtube.com\/embed\/_knLxQa9_pU?feature=oembed\" frameborder=\"0\" allow=\"accelerometer; autoplay; clipboard-write; encrypted-media; gyroscope; picture-in-picture; web-share\" referrerpolicy=\"strict-origin-when-cross-origin\" allowfullscreen><\/iframe>\n<\/div><\/figure>\n\n\n\n<p class=\"has-text-align-center\"><strong><a href=\"https:\/\/www.youtube.com\/@noemibordi6159\" target=\"_blank\" rel=\"noreferrer noopener\">SHOWREEL 2020 e 2021 DI NOEMI BORDI<\/a><\/strong><\/p>\n\n\n\n<p><\/p>\n\n\n<div class=\"wp-block-image\">\n<figure class=\"aligncenter size-large\"><img loading=\"lazy\" decoding=\"async\" width=\"900\" height=\"900\" src=\"http:\/\/test.teatrodomma.it\/wp-content\/uploads\/2023\/07\/Alessandro-Moser_primopiano-e1689513872886.jpg\" alt=\"\" class=\"wp-image-16094\" srcset=\"https:\/\/www.teatrodomma.it\/wp-content\/uploads\/2023\/07\/Alessandro-Moser_primopiano-e1689513872886.jpg 900w, https:\/\/www.teatrodomma.it\/wp-content\/uploads\/2023\/07\/Alessandro-Moser_primopiano-e1689513872886-300x300.jpg 300w, https:\/\/www.teatrodomma.it\/wp-content\/uploads\/2023\/07\/Alessandro-Moser_primopiano-e1689513872886-150x150.jpg 150w, https:\/\/www.teatrodomma.it\/wp-content\/uploads\/2023\/07\/Alessandro-Moser_primopiano-e1689513872886-768x768.jpg 768w, https:\/\/www.teatrodomma.it\/wp-content\/uploads\/2023\/07\/Alessandro-Moser_primopiano-e1689513872886-200x200.jpg 200w, https:\/\/www.teatrodomma.it\/wp-content\/uploads\/2023\/07\/Alessandro-Moser_primopiano-e1689513872886-144x144.jpg 144w\" sizes=\"(max-width: 900px) 100vw, 900px\" \/><figcaption class=\"wp-element-caption\"><strong><em>Alessandro Moser<\/em><\/strong><\/figcaption><\/figure>\n<\/div>\n\n<div class=\"wp-block-image\">\n<figure class=\"aligncenter size-large\"><img decoding=\"async\" src=\"https:\/\/www.teatrodomma.it\/wp-content\/uploads\/2023\/03\/Antonia-Di-Francesco_primopiano-1024x681.jpg\" alt=\"\" class=\"wp-image-13156\"\/><figcaption class=\"wp-element-caption\"><strong><em>Antonia Di Francesco<\/em><\/strong><\/figcaption><\/figure>\n<\/div>\n\n\n<p><\/p>\n","protected":false},"excerpt":{"rendered":"<p>Sabato 1 e domenica 2 febbraio i nove protagonisti del testo firmato dal famoso autore agrigentino saranno diretti da Alessandro Moser, anche lui fra gli interpreti. La prima rappresentazione della commedia in tre atti L&#8217;uomo, la bestia e la virt\u00f9, scritta nel 1919 e tratta dalla novella &#8220;Richiamo all&#8217;obbligo&#8221; (1906), ebbe luogo il 2 maggio [&hellip;]<\/p>\n","protected":false},"author":3,"featured_media":30441,"comment_status":"closed","ping_status":"open","sticky":false,"template":"","format":"standard","meta":{"saved_in_kubio":false,"footnotes":""},"categories":[14],"tags":[502,342,503,251],"class_list":{"0":"post-30440","1":"post","2":"type-post","3":"status-publish","4":"format-standard","5":"has-post-thumbnail","6":"hentry","7":"category-recensioni","8":"tag-alessandro-moser","9":"tag-antonia-di-francesco","10":"tag-luigi-pirandello-luomo-la-bestia-e-la-virtu","11":"tag-teatro-domma","13":"post-with-thumbnail","14":"post-with-thumbnail-large"},"yoast_head":"<!-- This site is optimized with the Yoast SEO plugin v25.8 - https:\/\/yoast.com\/wordpress\/plugins\/seo\/ -->\n<title>Prossimamente in scena la commedia di Pirandello L&#039;uomo, la bestia e la virt\u00f9 - Teatro Domma<\/title>\n<meta name=\"robots\" content=\"index, follow, max-snippet:-1, max-image-preview:large, max-video-preview:-1\" \/>\n<link rel=\"canonical\" href=\"https:\/\/www.teatrodomma.it\/?p=30440\" \/>\n<meta property=\"og:locale\" content=\"it_IT\" \/>\n<meta property=\"og:type\" content=\"article\" \/>\n<meta property=\"og:title\" content=\"Prossimamente in scena la commedia di Pirandello L&#039;uomo, la bestia e la virt\u00f9 - Teatro Domma\" \/>\n<meta property=\"og:description\" content=\"Sabato 1 e domenica 2 febbraio i nove protagonisti del testo firmato dal famoso autore agrigentino saranno diretti da Alessandro Moser, anche lui fra gli interpreti. La prima rappresentazione della commedia in tre atti L&#8217;uomo, la bestia e la virt\u00f9, scritta nel 1919 e tratta dalla novella &#8220;Richiamo all&#8217;obbligo&#8221; (1906), ebbe luogo il 2 maggio [&hellip;]\" \/>\n<meta property=\"og:url\" content=\"https:\/\/www.teatrodomma.it\/?p=30440\" \/>\n<meta property=\"og:site_name\" content=\"Teatro Domma\" \/>\n<meta property=\"article:publisher\" content=\"https:\/\/www.facebook.com\/p\/Teatro-Domma-61556981831878\/?locale=it_IT\" \/>\n<meta property=\"article:published_time\" content=\"2025-01-24T16:00:00+00:00\" \/>\n<meta property=\"article:modified_time\" content=\"2025-03-03T16:46:18+00:00\" \/>\n<meta property=\"og:image\" content=\"http:\/\/www.teatrodomma.it\/wp-content\/uploads\/2025\/01\/L-uomo-la-bestia-e-la-virtu_locandina-e1737734384617.jpg\" \/>\n\t<meta property=\"og:image:width\" content=\"900\" \/>\n\t<meta property=\"og:image:height\" content=\"1244\" \/>\n\t<meta property=\"og:image:type\" content=\"image\/jpeg\" \/>\n<meta name=\"author\" content=\"Margherita De Donato\" \/>\n<meta name=\"twitter:card\" content=\"summary_large_image\" \/>\n<meta name=\"twitter:label1\" content=\"Scritto da\" \/>\n\t<meta name=\"twitter:data1\" content=\"Margherita De Donato\" \/>\n\t<meta name=\"twitter:label2\" content=\"Tempo di lettura stimato\" \/>\n\t<meta name=\"twitter:data2\" content=\"5 minuti\" \/>\n<script type=\"application\/ld+json\" class=\"yoast-schema-graph\">{\"@context\":\"https:\/\/schema.org\",\"@graph\":[{\"@type\":\"Article\",\"@id\":\"https:\/\/www.teatrodomma.it\/?p=30440#article\",\"isPartOf\":{\"@id\":\"https:\/\/www.teatrodomma.it\/?p=30440\"},\"author\":{\"name\":\"Margherita De Donato\",\"@id\":\"https:\/\/www.teatrodomma.it\/#\/schema\/person\/8a1f09bf4c695307c8aef38d93aa0e84\"},\"headline\":\"Prossimamente in scena la commedia di Pirandello L&#8217;uomo, la bestia e la virt\u00f9\",\"datePublished\":\"2025-01-24T16:00:00+00:00\",\"dateModified\":\"2025-03-03T16:46:18+00:00\",\"mainEntityOfPage\":{\"@id\":\"https:\/\/www.teatrodomma.it\/?p=30440\"},\"wordCount\":723,\"publisher\":{\"@id\":\"https:\/\/www.teatrodomma.it\/#organization\"},\"image\":{\"@id\":\"https:\/\/www.teatrodomma.it\/?p=30440#primaryimage\"},\"thumbnailUrl\":\"https:\/\/www.teatrodomma.it\/wp-content\/uploads\/2025\/01\/L-uomo-la-bestia-e-la-virtu_locandina-e1737734384617.jpg\",\"keywords\":[\"Alessandro Moser\",\"Antonia Di Francesco\",\"Luigi Pirandello L&#039;uomo la bestia e la virt\u00f9\",\"teatro domma\"],\"articleSection\":[\"Recensioni\"],\"inLanguage\":\"it-IT\"},{\"@type\":\"WebPage\",\"@id\":\"https:\/\/www.teatrodomma.it\/?p=30440\",\"url\":\"https:\/\/www.teatrodomma.it\/?p=30440\",\"name\":\"Prossimamente in scena la commedia di Pirandello L'uomo, la bestia e la virt\u00f9 - Teatro Domma\",\"isPartOf\":{\"@id\":\"https:\/\/www.teatrodomma.it\/#website\"},\"primaryImageOfPage\":{\"@id\":\"https:\/\/www.teatrodomma.it\/?p=30440#primaryimage\"},\"image\":{\"@id\":\"https:\/\/www.teatrodomma.it\/?p=30440#primaryimage\"},\"thumbnailUrl\":\"https:\/\/www.teatrodomma.it\/wp-content\/uploads\/2025\/01\/L-uomo-la-bestia-e-la-virtu_locandina-e1737734384617.jpg\",\"datePublished\":\"2025-01-24T16:00:00+00:00\",\"dateModified\":\"2025-03-03T16:46:18+00:00\",\"breadcrumb\":{\"@id\":\"https:\/\/www.teatrodomma.it\/?p=30440#breadcrumb\"},\"inLanguage\":\"it-IT\",\"potentialAction\":[{\"@type\":\"ReadAction\",\"target\":[\"https:\/\/www.teatrodomma.it\/?p=30440\"]}]},{\"@type\":\"ImageObject\",\"inLanguage\":\"it-IT\",\"@id\":\"https:\/\/www.teatrodomma.it\/?p=30440#primaryimage\",\"url\":\"https:\/\/www.teatrodomma.it\/wp-content\/uploads\/2025\/01\/L-uomo-la-bestia-e-la-virtu_locandina-e1737734384617.jpg\",\"contentUrl\":\"https:\/\/www.teatrodomma.it\/wp-content\/uploads\/2025\/01\/L-uomo-la-bestia-e-la-virtu_locandina-e1737734384617.jpg\",\"width\":900,\"height\":1244},{\"@type\":\"BreadcrumbList\",\"@id\":\"https:\/\/www.teatrodomma.it\/?p=30440#breadcrumb\",\"itemListElement\":[{\"@type\":\"ListItem\",\"position\":1,\"name\":\"Home\",\"item\":\"https:\/\/www.teatrodomma.it\/\"},{\"@type\":\"ListItem\",\"position\":2,\"name\":\"Prossimamente in scena la commedia di Pirandello L&#8217;uomo, la bestia e la virt\u00f9\"}]},{\"@type\":\"WebSite\",\"@id\":\"https:\/\/www.teatrodomma.it\/#website\",\"url\":\"https:\/\/www.teatrodomma.it\/\",\"name\":\"Teatro Domma\",\"description\":\"\",\"publisher\":{\"@id\":\"https:\/\/www.teatrodomma.it\/#organization\"},\"potentialAction\":[{\"@type\":\"SearchAction\",\"target\":{\"@type\":\"EntryPoint\",\"urlTemplate\":\"https:\/\/www.teatrodomma.it\/?s={search_term_string}\"},\"query-input\":{\"@type\":\"PropertyValueSpecification\",\"valueRequired\":true,\"valueName\":\"search_term_string\"}}],\"inLanguage\":\"it-IT\"},{\"@type\":\"Organization\",\"@id\":\"https:\/\/www.teatrodomma.it\/#organization\",\"name\":\"Teatro Domma\",\"url\":\"https:\/\/www.teatrodomma.it\/\",\"logo\":{\"@type\":\"ImageObject\",\"inLanguage\":\"it-IT\",\"@id\":\"https:\/\/www.teatrodomma.it\/#\/schema\/logo\/image\/\",\"url\":\"https:\/\/www.teatrodomma.it\/wp-content\/uploads\/2025\/01\/LOGOICON-edited-2.png\",\"contentUrl\":\"https:\/\/www.teatrodomma.it\/wp-content\/uploads\/2025\/01\/LOGOICON-edited-2.png\",\"width\":510,\"height\":287,\"caption\":\"Teatro Domma\"},\"image\":{\"@id\":\"https:\/\/www.teatrodomma.it\/#\/schema\/logo\/image\/\"},\"sameAs\":[\"https:\/\/www.facebook.com\/p\/Teatro-Domma-61556981831878\/?locale=it_IT\",\"https:\/\/www.instagram.com\/teatro_domma\/\"]},{\"@type\":\"Person\",\"@id\":\"https:\/\/www.teatrodomma.it\/#\/schema\/person\/8a1f09bf4c695307c8aef38d93aa0e84\",\"name\":\"Margherita De Donato\",\"image\":{\"@type\":\"ImageObject\",\"inLanguage\":\"it-IT\",\"@id\":\"https:\/\/www.teatrodomma.it\/#\/schema\/person\/image\/\",\"url\":\"https:\/\/secure.gravatar.com\/avatar\/0fbebb2201a984022de9f07361f7fe88cb7fcefd6be5e33abf5559102ec20088?s=96&d=mm&r=g\",\"contentUrl\":\"https:\/\/secure.gravatar.com\/avatar\/0fbebb2201a984022de9f07361f7fe88cb7fcefd6be5e33abf5559102ec20088?s=96&d=mm&r=g\",\"caption\":\"Margherita De Donato\"},\"url\":\"https:\/\/www.teatrodomma.it\/?author=3\"}]}<\/script>\n<!-- \/ Yoast SEO plugin. -->","yoast_head_json":{"title":"Prossimamente in scena la commedia di Pirandello L'uomo, la bestia e la virt\u00f9 - Teatro Domma","robots":{"index":"index","follow":"follow","max-snippet":"max-snippet:-1","max-image-preview":"max-image-preview:large","max-video-preview":"max-video-preview:-1"},"canonical":"https:\/\/www.teatrodomma.it\/?p=30440","og_locale":"it_IT","og_type":"article","og_title":"Prossimamente in scena la commedia di Pirandello L'uomo, la bestia e la virt\u00f9 - Teatro Domma","og_description":"Sabato 1 e domenica 2 febbraio i nove protagonisti del testo firmato dal famoso autore agrigentino saranno diretti da Alessandro Moser, anche lui fra gli interpreti. La prima rappresentazione della commedia in tre atti L&#8217;uomo, la bestia e la virt\u00f9, scritta nel 1919 e tratta dalla novella &#8220;Richiamo all&#8217;obbligo&#8221; (1906), ebbe luogo il 2 maggio [&hellip;]","og_url":"https:\/\/www.teatrodomma.it\/?p=30440","og_site_name":"Teatro Domma","article_publisher":"https:\/\/www.facebook.com\/p\/Teatro-Domma-61556981831878\/?locale=it_IT","article_published_time":"2025-01-24T16:00:00+00:00","article_modified_time":"2025-03-03T16:46:18+00:00","og_image":[{"width":900,"height":1244,"url":"http:\/\/www.teatrodomma.it\/wp-content\/uploads\/2025\/01\/L-uomo-la-bestia-e-la-virtu_locandina-e1737734384617.jpg","type":"image\/jpeg"}],"author":"Margherita De Donato","twitter_card":"summary_large_image","twitter_misc":{"Scritto da":"Margherita De Donato","Tempo di lettura stimato":"5 minuti"},"schema":{"@context":"https:\/\/schema.org","@graph":[{"@type":"Article","@id":"https:\/\/www.teatrodomma.it\/?p=30440#article","isPartOf":{"@id":"https:\/\/www.teatrodomma.it\/?p=30440"},"author":{"name":"Margherita De Donato","@id":"https:\/\/www.teatrodomma.it\/#\/schema\/person\/8a1f09bf4c695307c8aef38d93aa0e84"},"headline":"Prossimamente in scena la commedia di Pirandello L&#8217;uomo, la bestia e la virt\u00f9","datePublished":"2025-01-24T16:00:00+00:00","dateModified":"2025-03-03T16:46:18+00:00","mainEntityOfPage":{"@id":"https:\/\/www.teatrodomma.it\/?p=30440"},"wordCount":723,"publisher":{"@id":"https:\/\/www.teatrodomma.it\/#organization"},"image":{"@id":"https:\/\/www.teatrodomma.it\/?p=30440#primaryimage"},"thumbnailUrl":"https:\/\/www.teatrodomma.it\/wp-content\/uploads\/2025\/01\/L-uomo-la-bestia-e-la-virtu_locandina-e1737734384617.jpg","keywords":["Alessandro Moser","Antonia Di Francesco","Luigi Pirandello L&#039;uomo la bestia e la virt\u00f9","teatro domma"],"articleSection":["Recensioni"],"inLanguage":"it-IT"},{"@type":"WebPage","@id":"https:\/\/www.teatrodomma.it\/?p=30440","url":"https:\/\/www.teatrodomma.it\/?p=30440","name":"Prossimamente in scena la commedia di Pirandello L'uomo, la bestia e la virt\u00f9 - Teatro Domma","isPartOf":{"@id":"https:\/\/www.teatrodomma.it\/#website"},"primaryImageOfPage":{"@id":"https:\/\/www.teatrodomma.it\/?p=30440#primaryimage"},"image":{"@id":"https:\/\/www.teatrodomma.it\/?p=30440#primaryimage"},"thumbnailUrl":"https:\/\/www.teatrodomma.it\/wp-content\/uploads\/2025\/01\/L-uomo-la-bestia-e-la-virtu_locandina-e1737734384617.jpg","datePublished":"2025-01-24T16:00:00+00:00","dateModified":"2025-03-03T16:46:18+00:00","breadcrumb":{"@id":"https:\/\/www.teatrodomma.it\/?p=30440#breadcrumb"},"inLanguage":"it-IT","potentialAction":[{"@type":"ReadAction","target":["https:\/\/www.teatrodomma.it\/?p=30440"]}]},{"@type":"ImageObject","inLanguage":"it-IT","@id":"https:\/\/www.teatrodomma.it\/?p=30440#primaryimage","url":"https:\/\/www.teatrodomma.it\/wp-content\/uploads\/2025\/01\/L-uomo-la-bestia-e-la-virtu_locandina-e1737734384617.jpg","contentUrl":"https:\/\/www.teatrodomma.it\/wp-content\/uploads\/2025\/01\/L-uomo-la-bestia-e-la-virtu_locandina-e1737734384617.jpg","width":900,"height":1244},{"@type":"BreadcrumbList","@id":"https:\/\/www.teatrodomma.it\/?p=30440#breadcrumb","itemListElement":[{"@type":"ListItem","position":1,"name":"Home","item":"https:\/\/www.teatrodomma.it\/"},{"@type":"ListItem","position":2,"name":"Prossimamente in scena la commedia di Pirandello L&#8217;uomo, la bestia e la virt\u00f9"}]},{"@type":"WebSite","@id":"https:\/\/www.teatrodomma.it\/#website","url":"https:\/\/www.teatrodomma.it\/","name":"Teatro Domma","description":"","publisher":{"@id":"https:\/\/www.teatrodomma.it\/#organization"},"potentialAction":[{"@type":"SearchAction","target":{"@type":"EntryPoint","urlTemplate":"https:\/\/www.teatrodomma.it\/?s={search_term_string}"},"query-input":{"@type":"PropertyValueSpecification","valueRequired":true,"valueName":"search_term_string"}}],"inLanguage":"it-IT"},{"@type":"Organization","@id":"https:\/\/www.teatrodomma.it\/#organization","name":"Teatro Domma","url":"https:\/\/www.teatrodomma.it\/","logo":{"@type":"ImageObject","inLanguage":"it-IT","@id":"https:\/\/www.teatrodomma.it\/#\/schema\/logo\/image\/","url":"https:\/\/www.teatrodomma.it\/wp-content\/uploads\/2025\/01\/LOGOICON-edited-2.png","contentUrl":"https:\/\/www.teatrodomma.it\/wp-content\/uploads\/2025\/01\/LOGOICON-edited-2.png","width":510,"height":287,"caption":"Teatro Domma"},"image":{"@id":"https:\/\/www.teatrodomma.it\/#\/schema\/logo\/image\/"},"sameAs":["https:\/\/www.facebook.com\/p\/Teatro-Domma-61556981831878\/?locale=it_IT","https:\/\/www.instagram.com\/teatro_domma\/"]},{"@type":"Person","@id":"https:\/\/www.teatrodomma.it\/#\/schema\/person\/8a1f09bf4c695307c8aef38d93aa0e84","name":"Margherita De Donato","image":{"@type":"ImageObject","inLanguage":"it-IT","@id":"https:\/\/www.teatrodomma.it\/#\/schema\/person\/image\/","url":"https:\/\/secure.gravatar.com\/avatar\/0fbebb2201a984022de9f07361f7fe88cb7fcefd6be5e33abf5559102ec20088?s=96&d=mm&r=g","contentUrl":"https:\/\/secure.gravatar.com\/avatar\/0fbebb2201a984022de9f07361f7fe88cb7fcefd6be5e33abf5559102ec20088?s=96&d=mm&r=g","caption":"Margherita De Donato"},"url":"https:\/\/www.teatrodomma.it\/?author=3"}]}},"_links":{"self":[{"href":"https:\/\/www.teatrodomma.it\/index.php?rest_route=\/wp\/v2\/posts\/30440","targetHints":{"allow":["GET"]}}],"collection":[{"href":"https:\/\/www.teatrodomma.it\/index.php?rest_route=\/wp\/v2\/posts"}],"about":[{"href":"https:\/\/www.teatrodomma.it\/index.php?rest_route=\/wp\/v2\/types\/post"}],"author":[{"embeddable":true,"href":"https:\/\/www.teatrodomma.it\/index.php?rest_route=\/wp\/v2\/users\/3"}],"replies":[{"embeddable":true,"href":"https:\/\/www.teatrodomma.it\/index.php?rest_route=%2Fwp%2Fv2%2Fcomments&post=30440"}],"version-history":[{"count":3,"href":"https:\/\/www.teatrodomma.it\/index.php?rest_route=\/wp\/v2\/posts\/30440\/revisions"}],"predecessor-version":[{"id":31279,"href":"https:\/\/www.teatrodomma.it\/index.php?rest_route=\/wp\/v2\/posts\/30440\/revisions\/31279"}],"wp:featuredmedia":[{"embeddable":true,"href":"https:\/\/www.teatrodomma.it\/index.php?rest_route=\/wp\/v2\/media\/30441"}],"wp:attachment":[{"href":"https:\/\/www.teatrodomma.it\/index.php?rest_route=%2Fwp%2Fv2%2Fmedia&parent=30440"}],"wp:term":[{"taxonomy":"category","embeddable":true,"href":"https:\/\/www.teatrodomma.it\/index.php?rest_route=%2Fwp%2Fv2%2Fcategories&post=30440"},{"taxonomy":"post_tag","embeddable":true,"href":"https:\/\/www.teatrodomma.it\/index.php?rest_route=%2Fwp%2Fv2%2Ftags&post=30440"}],"curies":[{"name":"wp","href":"https:\/\/api.w.org\/{rel}","templated":true}]}}