{"id":30630,"date":"2025-03-29T00:00:00","date_gmt":"2025-03-28T23:00:00","guid":{"rendered":"https:\/\/www.teatrodomma.it\/?p=30630"},"modified":"2025-04-10T10:54:21","modified_gmt":"2025-04-10T08:54:21","slug":"votiamo-per-il-parco-della-madonnetta","status":"publish","type":"post","link":"https:\/\/www.teatrodomma.it\/?p=30630","title":{"rendered":"Votiamo per il Parco della Madonnetta"},"content":{"rendered":"\n<p class=\"has-background-dark-background-color has-background\"><em>I Luoghi del Cuore &#8211; Il censimento dei luoghi italiani da non dimenticare<\/em>.<\/p>\n\n\n\n<p><strong>Il Parco della Madonnetta<\/strong> &#8211; situato nei pressi del Teatro Domma &#8211; <strong>\u00e8 nato come Punto Verde Qualit\u00e0 e si estende per 21 ettari nel X Municipio di Roma<\/strong> lungo <a href=\"https:\/\/www.google.com\/maps\/search\/Via%20Bruno%20Molajoli%2066,%20ROMA,%20RM\" target=\"_blank\" rel=\"noreferrer noopener\">Via Bruno Molajoli<\/a>, da Via di Acilia a Via di Macchia Saponara. Dal suo punto pi\u00f9 alto si riesce ad intravedere il tramonto sul mare di Ostia! Fin dalla sua nascita la vicinanza all\u2019abitato e la ricchezza di attrezzature sportive e didattiche hanno incontrato il favore della cittadinanza. <strong>Ora \u00e8 stato lasciato in stato di abbandono e degrado<\/strong> e le sue attrezzature sono state vandalizzate. Le immagini pubblicate <a href=\"https:\/\/fondoambiente.it\/luoghi\/parco-della-madonnetta?ldc\" target=\"_blank\" rel=\"noreferrer noopener\"><strong>QUI<\/strong><\/a> fotografano lo stato attuale del luogo.<\/p>\n\n\n<div class=\"wp-block-image\">\n<figure class=\"aligncenter size-full\"><img loading=\"lazy\" decoding=\"async\" width=\"900\" height=\"329\" src=\"http:\/\/www.teatrodomma.it\/wp-content\/uploads\/2025\/02\/Parco-della-madonnetta_5-e1739486558509.jpg\" alt=\"\" class=\"wp-image-30675\" srcset=\"https:\/\/www.teatrodomma.it\/wp-content\/uploads\/2025\/02\/Parco-della-madonnetta_5-e1739486558509.jpg 900w, https:\/\/www.teatrodomma.it\/wp-content\/uploads\/2025\/02\/Parco-della-madonnetta_5-e1739486558509-300x110.jpg 300w, https:\/\/www.teatrodomma.it\/wp-content\/uploads\/2025\/02\/Parco-della-madonnetta_5-e1739486558509-768x281.jpg 768w, https:\/\/www.teatrodomma.it\/wp-content\/uploads\/2025\/02\/Parco-della-madonnetta_5-e1739486558509-200x73.jpg 200w\" sizes=\"(max-width: 900px) 100vw, 900px\" \/><\/figure>\n<\/div>\n\n\n<p><\/p>\n\n\n\n<p><strong>Il Parco della Madonnetta gode del favore dei residenti, che vogliono viverlo in maniera sicura come un tempo.<\/strong> <strong>Il <a href=\"https:\/\/fondoambiente.it\/il-fai\/grandi-campagne\/i-luoghi-del-cuore\/comitati\/1466\" target=\"_blank\" rel=\"noreferrer noopener\">Comitato AMICI DEL PARCO DELLA MADONNETTA<\/a> si \u00e8 impegnato per <a href=\"http:\/\/iluoghidelcuore@fondoambiente.it.\" target=\"_blank\" rel=\"noreferrer noopener\">farlo diventare un &#8220;<em>Luogo del cuore&#8221;<\/em><\/a>,<\/strong> affinch\u00e9 torni ad esser quel luogo di bellezza che \u00e8 stato e continui a rimanere liberamente disponibile per il territorio. Attualmente \u00e8 al 16esimo posto della <em><a href=\"https:\/\/fondoambiente.it\/il-fai\/grandi-campagne\/i-luoghi-del-cuore\/classifica\/\" target=\"_blank\" rel=\"noreferrer noopener\">classifica dei Luoghi del cuore in Italia<\/a><\/em> con oltre 12.800 voti, risultando il secondo pi\u00f9 votato a Roma, preceduto di poche posizioni dall&#8217;area archeologica del Parco degli Acquedotti, iscritta dai volontari di Retake Roma. <strong>Questo \u00e8 solo un punto di partenza e non di arrivo<\/strong>.<strong> Per ottenere i fondi del FAI ancora non basta.<\/strong> <strong>Serve il tuo clic. Si pu\u00f2 votare fino al 10 aprile&#8230;<\/strong><\/p>\n\n\n\n<p class=\"has-text-align-center\"><strong><a href=\"https:\/\/fondoambiente.it\/luoghi\/parco-della-madonnetta?ldc\" target=\"_blank\" rel=\"noreferrer noopener\">VOTA QUI<\/a><\/strong><\/p>\n\n\n\n<p class=\"has-text-align-center\"><a href=\"https:\/\/fondoambiente.it\/il-fai\/grandi-campagne\/i-luoghi-del-cuore\/classifica\/\">CLASSIFICA AGGIORNATA<\/a><\/p>\n\n\n\n<p>Al termine del censimento, <strong>FAI e Intesa Sanpaolo mettono a disposizione un budget di 400.000 euro: una parte viene destinata ai primi tre classificati (che riceveranno rispettivamente 70mila, 60mila e 50mila euro), l\u2019altra viene assegnata attraverso un bando, a cui possono partecipare tutti i luoghi con una soglia minima di voti. <\/strong>Dal 2003 fino a oggi sono stati sostenuti 139 progetti&nbsp;in&nbsp;19&nbsp;regioni: <a href=\"https:\/\/fondoambiente.it\/il-fai\/grandi-campagne\/i-luoghi-del-cuore\/luoghi-salvati\">scopri tutti i progetti sostenuti in questi anni<\/a>.<\/p>\n\n\n\n<figure class=\"wp-block-image size-full\"><img loading=\"lazy\" decoding=\"async\" width=\"900\" height=\"506\" src=\"http:\/\/www.teatrodomma.it\/wp-content\/uploads\/2025\/02\/Parco-della-madonnetta_2-scaled-e1739486212426.jpg\" alt=\"\" class=\"wp-image-30668\" srcset=\"https:\/\/www.teatrodomma.it\/wp-content\/uploads\/2025\/02\/Parco-della-madonnetta_2-scaled-e1739486212426.jpg 900w, https:\/\/www.teatrodomma.it\/wp-content\/uploads\/2025\/02\/Parco-della-madonnetta_2-scaled-e1739486212426-300x169.jpg 300w, https:\/\/www.teatrodomma.it\/wp-content\/uploads\/2025\/02\/Parco-della-madonnetta_2-scaled-e1739486212426-768x432.jpg 768w, https:\/\/www.teatrodomma.it\/wp-content\/uploads\/2025\/02\/Parco-della-madonnetta_2-scaled-e1739486212426-200x112.jpg 200w\" sizes=\"(max-width: 900px) 100vw, 900px\" \/><\/figure>\n\n\n\n<p class=\"has-text-align-center\"><strong><em>Il Parco della Madonnetta (Credits: FAI Fondo Ambiente Italiano)<\/em><\/strong><\/p>\n\n\n<div class=\"wp-block-image\">\n<figure class=\"aligncenter size-full\"><img loading=\"lazy\" decoding=\"async\" width=\"900\" height=\"506\" src=\"http:\/\/www.teatrodomma.it\/wp-content\/uploads\/2025\/02\/Parco-della-madonnetta_3-scaled-e1739486331541.jpg\" alt=\"\" class=\"wp-image-30671\" srcset=\"https:\/\/www.teatrodomma.it\/wp-content\/uploads\/2025\/02\/Parco-della-madonnetta_3-scaled-e1739486331541.jpg 900w, https:\/\/www.teatrodomma.it\/wp-content\/uploads\/2025\/02\/Parco-della-madonnetta_3-scaled-e1739486331541-300x169.jpg 300w, https:\/\/www.teatrodomma.it\/wp-content\/uploads\/2025\/02\/Parco-della-madonnetta_3-scaled-e1739486331541-768x432.jpg 768w, https:\/\/www.teatrodomma.it\/wp-content\/uploads\/2025\/02\/Parco-della-madonnetta_3-scaled-e1739486331541-200x112.jpg 200w\" sizes=\"(max-width: 900px) 100vw, 900px\" \/><\/figure>\n<\/div>\n\n\n<p><\/p>\n\n\n\n<figure class=\"wp-block-image size-full\"><img loading=\"lazy\" decoding=\"async\" width=\"900\" height=\"506\" src=\"http:\/\/www.teatrodomma.it\/wp-content\/uploads\/2025\/02\/Parco-della-madonnetta_4-scaled-e1739486729803.jpg\" alt=\"\" class=\"wp-image-30678\" srcset=\"https:\/\/www.teatrodomma.it\/wp-content\/uploads\/2025\/02\/Parco-della-madonnetta_4-scaled-e1739486729803.jpg 900w, https:\/\/www.teatrodomma.it\/wp-content\/uploads\/2025\/02\/Parco-della-madonnetta_4-scaled-e1739486729803-300x169.jpg 300w, https:\/\/www.teatrodomma.it\/wp-content\/uploads\/2025\/02\/Parco-della-madonnetta_4-scaled-e1739486729803-768x432.jpg 768w, https:\/\/www.teatrodomma.it\/wp-content\/uploads\/2025\/02\/Parco-della-madonnetta_4-scaled-e1739486729803-200x112.jpg 200w\" sizes=\"(max-width: 900px) 100vw, 900px\" \/><\/figure>\n\n\n\n<p><\/p>\n\n\n\n<p class=\"has-text-align-left\">Sarebbero tante le iniziative che potrebbero avere luogo <strong>nel parco, una volta riqualificato, a beneficio degli abitanti del territorio. <strong>S<\/strong>arebbe bello fosse montato un palco hi-tech gratuito da prenotare tramite l\u2019app Open Stage<\/strong> per fare musica dal vivo all&#8217;aperto, come accade nel nuovo &#8220;<strong>Talent Corner&#8221;<\/strong> &#8211; inaugurato il 1\u00b0 febbraio a Piazza Conca d&#8217;Oro nel III Municipio &#8211; che vede protagonisti gli artisti e le band emergenti che hanno voglia di farsi conoscere ed esibirsi lungo le strade della Capitale. Il totem di Open Stage \u00e8 dotato di impianto audio, mixer e sensoristica intelligente, ed \u00e8 prenotabile gratuitamente con l\u2019app omonima, consentendo agli artisti di sbloccarlo automaticamente, avvicinando il proprio smartphone e collegando strumenti e microfono.<\/p>\n\n\n\n<p><strong>A favore del Parco della Madonnetta si sono schierati vari personaggi del mondo dello spettacolo.<\/strong> <a href=\"https:\/\/www.facebook.com\/watch\/?mibextid=rS40aB7S9Ucbxw6v&amp;v=1951961455211206\"><strong>Appello lanciato dall&#8217;attore Fabrizio Giannini.<\/strong><\/a><\/p>\n\n\n\n<figure class=\"wp-block-embed is-type-video is-provider-youtube wp-block-embed-youtube wp-embed-aspect-16-9 wp-has-aspect-ratio\"><div class=\"wp-block-embed__wrapper\">\n<iframe loading=\"lazy\" title=\"Parco della Madonnetta, l&#039;appello di Licia Col\u00f2 per salvarlo dal degrado\" width=\"720\" height=\"405\" src=\"https:\/\/www.youtube.com\/embed\/HE_PB13dowM?feature=oembed\" frameborder=\"0\" allow=\"accelerometer; autoplay; clipboard-write; encrypted-media; gyroscope; picture-in-picture; web-share\" referrerpolicy=\"strict-origin-when-cross-origin\" allowfullscreen><\/iframe>\n<\/div><\/figure>\n\n\n\n<p><\/p>\n\n\n\n<p><strong>Anche la conduttrice televisiva Licia Col\u00f2, residente nel X Municipio di Roma dagli anni Settanta, attraverso i propri canali social ha diramato un appello per sostenere il rilancio dell&#8217;ex punto verde qualit\u00e0 di Acilia<\/strong>, un polmone verde da anni degradato e privo d&#8217;utilizzo: <em>&#8220;&#8230;quando ero pi\u00f9 giovane ci portavo mia figlia a giocare. Era un luogo verde, bellissimo, per passeggiare, incontrarsi, portare anche i nostri animali<\/em>. <em>Poi \u00e8 stato abbandonato, adesso \u00e8 una cosa veramente brutta\u201d.<\/em> Un articolo pubblicato su <a href=\"https:\/\/www.romatoday.it\/zone\/ostia\/licia-colo-lancia-parco-della-madonnetta-luogo-cuore-fai.html\">RomaToday<\/a> riporta un&#8217;altra dichiarazione della conduttrice di tanti programmi tv di successo sulla natura e sull\u2019ambiente: <em>\u201cC\u2019\u00e8 la possibilit\u00e0 di salvare il parco&#8230;Facendolo partecipare ai luoghi del cuore del FAI. Non \u00e8 messo benissimo, si trova intorno alla ventesima posizione. Se ci unissimo e tentassimo di salvare questo parco&nbsp;<a href=\"https:\/\/www.romatoday.it\/zone\/ostia\/acilia\/punto-verde-qualita-madonnetta-proteste-residenti-.html\">mettendolo al sicuro dalla costruzione<\/a>&nbsp;di nuovi palazzi, dallo sfruttamento, facendolo tornare ad essere &nbsp;una realt\u00e0 bella, credo che &nbsp;sarebbe una conquista importante.&nbsp;<strong><a href=\"https:\/\/fondoambiente.it\/luoghi\/parco-della-madonnetta?ldc&amp;fbclid=IwY2xjawIOLqtleHRuA2FlbQIxMQABHfysvKBTDGRV6TDKlX_F03XemHqGFePsGWVE5tgVKjBkqauLnu-tBe5yjw_aem_awonzIoXvFZAiAHTxs06ZA\">Andate sul sito del FAI<\/a>&nbsp;. Facciamoci sentire<\/strong>\u201d.<\/em><\/p>\n\n\n\n<p><strong>Votare il parco della Madonnetta<\/strong> (incastonato tra il quartiere residenziale dell\u2019Axa e l\u2019abitato di San Giorgio d\u2019Acilia) <strong>significa quindi salvarlo dal degrado <a href=\"https:\/\/fondoambiente.it\/luoghi\/parco-della-madonnetta?ldc\"><em>(vedi foto)<\/em><\/a> e sottrarlo&nbsp;a un destino su cui sembrano allungarsi anche i sospetti di una potenziale speculazione edilizia.<\/strong> Inoltre da quando \u00e8 stato <strong><a href=\"https:\/\/canaledieci.it\/2022\/02\/21\/parco-della-madonnetta-riccardo-anno-morte\/\">chiuso definitivamente al pubblico il 29 febbraio del 2019<\/a><\/strong>, il parco \u00e8 preda di tanti senzatetto e venerd\u00ec 26 febbraio 2021 vi perse la vita&nbsp;Riccardo Pica, un ragazzo di 16 anni stroncato da un attacco cardiaco mentre&nbsp;veniva inseguito da uno di loro. <\/p>\n\n\n\n<p><\/p>\n","protected":false},"excerpt":{"rendered":"<p>I Luoghi del Cuore &#8211; Il censimento dei luoghi italiani da non dimenticare. Il Parco della Madonnetta &#8211; situato nei pressi del Teatro Domma &#8211; \u00e8 nato come Punto Verde Qualit\u00e0 e si estende per 21 ettari nel X Municipio di Roma lungo Via Bruno Molajoli, da Via di Acilia a Via di Macchia Saponara. [&hellip;]<\/p>\n","protected":false},"author":3,"featured_media":30632,"comment_status":"closed","ping_status":"open","sticky":false,"template":"","format":"standard","meta":{"saved_in_kubio":false,"footnotes":""},"categories":[23],"tags":[507,508,509,288],"class_list":{"0":"post-30630","1":"post","2":"type-post","3":"status-publish","4":"format-standard","5":"has-post-thumbnail","6":"hentry","7":"category-articoli-vari","8":"tag-amici-parco-della-madonnetta","9":"tag-fai","10":"tag-luoghi-del-cuore","11":"tag-x-municipio","13":"post-with-thumbnail","14":"post-with-thumbnail-large"},"yoast_head":"<!-- This site is optimized with the Yoast SEO plugin v25.8 - https:\/\/yoast.com\/wordpress\/plugins\/seo\/ -->\n<title>Votiamo per il Parco della Madonnetta - Teatro Domma<\/title>\n<meta name=\"robots\" content=\"index, follow, max-snippet:-1, max-image-preview:large, max-video-preview:-1\" \/>\n<link rel=\"canonical\" href=\"https:\/\/www.teatrodomma.it\/?p=30630\" \/>\n<meta property=\"og:locale\" content=\"it_IT\" \/>\n<meta property=\"og:type\" content=\"article\" \/>\n<meta property=\"og:title\" content=\"Votiamo per il Parco della Madonnetta - Teatro Domma\" \/>\n<meta property=\"og:description\" content=\"I Luoghi del Cuore &#8211; Il censimento dei luoghi italiani da non dimenticare. Il Parco della Madonnetta &#8211; situato nei pressi del Teatro Domma &#8211; \u00e8 nato come Punto Verde Qualit\u00e0 e si estende per 21 ettari nel X Municipio di Roma lungo Via Bruno Molajoli, da Via di Acilia a Via di Macchia Saponara. [&hellip;]\" \/>\n<meta property=\"og:url\" content=\"https:\/\/www.teatrodomma.it\/?p=30630\" \/>\n<meta property=\"og:site_name\" content=\"Teatro Domma\" \/>\n<meta property=\"article:publisher\" content=\"https:\/\/www.facebook.com\/p\/Teatro-Domma-61556981831878\/?locale=it_IT\" \/>\n<meta property=\"article:published_time\" content=\"2025-03-28T23:00:00+00:00\" \/>\n<meta property=\"article:modified_time\" content=\"2025-04-10T08:54:21+00:00\" \/>\n<meta property=\"og:image\" content=\"http:\/\/www.teatrodomma.it\/wp-content\/uploads\/2025\/02\/Parco-della-madonnetta-scaled-e1739462963577.jpg\" \/>\n\t<meta property=\"og:image:width\" content=\"900\" \/>\n\t<meta property=\"og:image:height\" content=\"506\" \/>\n\t<meta property=\"og:image:type\" content=\"image\/jpeg\" \/>\n<meta name=\"author\" content=\"Margherita De Donato\" \/>\n<meta name=\"twitter:card\" content=\"summary_large_image\" \/>\n<meta name=\"twitter:label1\" content=\"Scritto da\" \/>\n\t<meta name=\"twitter:data1\" content=\"Margherita De Donato\" \/>\n\t<meta name=\"twitter:label2\" content=\"Tempo di lettura stimato\" \/>\n\t<meta name=\"twitter:data2\" content=\"5 minuti\" \/>\n<script type=\"application\/ld+json\" class=\"yoast-schema-graph\">{\"@context\":\"https:\/\/schema.org\",\"@graph\":[{\"@type\":\"Article\",\"@id\":\"https:\/\/www.teatrodomma.it\/?p=30630#article\",\"isPartOf\":{\"@id\":\"https:\/\/www.teatrodomma.it\/?p=30630\"},\"author\":{\"name\":\"Margherita De Donato\",\"@id\":\"https:\/\/www.teatrodomma.it\/#\/schema\/person\/8a1f09bf4c695307c8aef38d93aa0e84\"},\"headline\":\"Votiamo per il Parco della Madonnetta\",\"datePublished\":\"2025-03-28T23:00:00+00:00\",\"dateModified\":\"2025-04-10T08:54:21+00:00\",\"mainEntityOfPage\":{\"@id\":\"https:\/\/www.teatrodomma.it\/?p=30630\"},\"wordCount\":731,\"publisher\":{\"@id\":\"https:\/\/www.teatrodomma.it\/#organization\"},\"image\":{\"@id\":\"https:\/\/www.teatrodomma.it\/?p=30630#primaryimage\"},\"thumbnailUrl\":\"https:\/\/www.teatrodomma.it\/wp-content\/uploads\/2025\/02\/Parco-della-madonnetta-scaled-e1739462963577.jpg\",\"keywords\":[\"Amici Parco della Madonnetta\",\"FAI\",\"Luoghi del cuore\",\"X MUnicipio\"],\"articleSection\":[\"Articoli vari\"],\"inLanguage\":\"it-IT\"},{\"@type\":\"WebPage\",\"@id\":\"https:\/\/www.teatrodomma.it\/?p=30630\",\"url\":\"https:\/\/www.teatrodomma.it\/?p=30630\",\"name\":\"Votiamo per il Parco della Madonnetta - Teatro Domma\",\"isPartOf\":{\"@id\":\"https:\/\/www.teatrodomma.it\/#website\"},\"primaryImageOfPage\":{\"@id\":\"https:\/\/www.teatrodomma.it\/?p=30630#primaryimage\"},\"image\":{\"@id\":\"https:\/\/www.teatrodomma.it\/?p=30630#primaryimage\"},\"thumbnailUrl\":\"https:\/\/www.teatrodomma.it\/wp-content\/uploads\/2025\/02\/Parco-della-madonnetta-scaled-e1739462963577.jpg\",\"datePublished\":\"2025-03-28T23:00:00+00:00\",\"dateModified\":\"2025-04-10T08:54:21+00:00\",\"breadcrumb\":{\"@id\":\"https:\/\/www.teatrodomma.it\/?p=30630#breadcrumb\"},\"inLanguage\":\"it-IT\",\"potentialAction\":[{\"@type\":\"ReadAction\",\"target\":[\"https:\/\/www.teatrodomma.it\/?p=30630\"]}]},{\"@type\":\"ImageObject\",\"inLanguage\":\"it-IT\",\"@id\":\"https:\/\/www.teatrodomma.it\/?p=30630#primaryimage\",\"url\":\"https:\/\/www.teatrodomma.it\/wp-content\/uploads\/2025\/02\/Parco-della-madonnetta-scaled-e1739462963577.jpg\",\"contentUrl\":\"https:\/\/www.teatrodomma.it\/wp-content\/uploads\/2025\/02\/Parco-della-madonnetta-scaled-e1739462963577.jpg\",\"width\":900,\"height\":506},{\"@type\":\"BreadcrumbList\",\"@id\":\"https:\/\/www.teatrodomma.it\/?p=30630#breadcrumb\",\"itemListElement\":[{\"@type\":\"ListItem\",\"position\":1,\"name\":\"Home\",\"item\":\"https:\/\/www.teatrodomma.it\/\"},{\"@type\":\"ListItem\",\"position\":2,\"name\":\"Votiamo per il Parco della Madonnetta\"}]},{\"@type\":\"WebSite\",\"@id\":\"https:\/\/www.teatrodomma.it\/#website\",\"url\":\"https:\/\/www.teatrodomma.it\/\",\"name\":\"Teatro Domma\",\"description\":\"\",\"publisher\":{\"@id\":\"https:\/\/www.teatrodomma.it\/#organization\"},\"potentialAction\":[{\"@type\":\"SearchAction\",\"target\":{\"@type\":\"EntryPoint\",\"urlTemplate\":\"https:\/\/www.teatrodomma.it\/?s={search_term_string}\"},\"query-input\":{\"@type\":\"PropertyValueSpecification\",\"valueRequired\":true,\"valueName\":\"search_term_string\"}}],\"inLanguage\":\"it-IT\"},{\"@type\":\"Organization\",\"@id\":\"https:\/\/www.teatrodomma.it\/#organization\",\"name\":\"Teatro Domma\",\"url\":\"https:\/\/www.teatrodomma.it\/\",\"logo\":{\"@type\":\"ImageObject\",\"inLanguage\":\"it-IT\",\"@id\":\"https:\/\/www.teatrodomma.it\/#\/schema\/logo\/image\/\",\"url\":\"https:\/\/www.teatrodomma.it\/wp-content\/uploads\/2025\/01\/LOGOICON-edited-2.png\",\"contentUrl\":\"https:\/\/www.teatrodomma.it\/wp-content\/uploads\/2025\/01\/LOGOICON-edited-2.png\",\"width\":510,\"height\":287,\"caption\":\"Teatro Domma\"},\"image\":{\"@id\":\"https:\/\/www.teatrodomma.it\/#\/schema\/logo\/image\/\"},\"sameAs\":[\"https:\/\/www.facebook.com\/p\/Teatro-Domma-61556981831878\/?locale=it_IT\",\"https:\/\/www.instagram.com\/teatro_domma\/\"]},{\"@type\":\"Person\",\"@id\":\"https:\/\/www.teatrodomma.it\/#\/schema\/person\/8a1f09bf4c695307c8aef38d93aa0e84\",\"name\":\"Margherita De Donato\",\"image\":{\"@type\":\"ImageObject\",\"inLanguage\":\"it-IT\",\"@id\":\"https:\/\/www.teatrodomma.it\/#\/schema\/person\/image\/\",\"url\":\"https:\/\/secure.gravatar.com\/avatar\/0fbebb2201a984022de9f07361f7fe88cb7fcefd6be5e33abf5559102ec20088?s=96&d=mm&r=g\",\"contentUrl\":\"https:\/\/secure.gravatar.com\/avatar\/0fbebb2201a984022de9f07361f7fe88cb7fcefd6be5e33abf5559102ec20088?s=96&d=mm&r=g\",\"caption\":\"Margherita De Donato\"},\"url\":\"https:\/\/www.teatrodomma.it\/?author=3\"}]}<\/script>\n<!-- \/ Yoast SEO plugin. -->","yoast_head_json":{"title":"Votiamo per il Parco della Madonnetta - Teatro Domma","robots":{"index":"index","follow":"follow","max-snippet":"max-snippet:-1","max-image-preview":"max-image-preview:large","max-video-preview":"max-video-preview:-1"},"canonical":"https:\/\/www.teatrodomma.it\/?p=30630","og_locale":"it_IT","og_type":"article","og_title":"Votiamo per il Parco della Madonnetta - Teatro Domma","og_description":"I Luoghi del Cuore &#8211; Il censimento dei luoghi italiani da non dimenticare. Il Parco della Madonnetta &#8211; situato nei pressi del Teatro Domma &#8211; \u00e8 nato come Punto Verde Qualit\u00e0 e si estende per 21 ettari nel X Municipio di Roma lungo Via Bruno Molajoli, da Via di Acilia a Via di Macchia Saponara. [&hellip;]","og_url":"https:\/\/www.teatrodomma.it\/?p=30630","og_site_name":"Teatro Domma","article_publisher":"https:\/\/www.facebook.com\/p\/Teatro-Domma-61556981831878\/?locale=it_IT","article_published_time":"2025-03-28T23:00:00+00:00","article_modified_time":"2025-04-10T08:54:21+00:00","og_image":[{"width":900,"height":506,"url":"http:\/\/www.teatrodomma.it\/wp-content\/uploads\/2025\/02\/Parco-della-madonnetta-scaled-e1739462963577.jpg","type":"image\/jpeg"}],"author":"Margherita De Donato","twitter_card":"summary_large_image","twitter_misc":{"Scritto da":"Margherita De Donato","Tempo di lettura stimato":"5 minuti"},"schema":{"@context":"https:\/\/schema.org","@graph":[{"@type":"Article","@id":"https:\/\/www.teatrodomma.it\/?p=30630#article","isPartOf":{"@id":"https:\/\/www.teatrodomma.it\/?p=30630"},"author":{"name":"Margherita De Donato","@id":"https:\/\/www.teatrodomma.it\/#\/schema\/person\/8a1f09bf4c695307c8aef38d93aa0e84"},"headline":"Votiamo per il Parco della Madonnetta","datePublished":"2025-03-28T23:00:00+00:00","dateModified":"2025-04-10T08:54:21+00:00","mainEntityOfPage":{"@id":"https:\/\/www.teatrodomma.it\/?p=30630"},"wordCount":731,"publisher":{"@id":"https:\/\/www.teatrodomma.it\/#organization"},"image":{"@id":"https:\/\/www.teatrodomma.it\/?p=30630#primaryimage"},"thumbnailUrl":"https:\/\/www.teatrodomma.it\/wp-content\/uploads\/2025\/02\/Parco-della-madonnetta-scaled-e1739462963577.jpg","keywords":["Amici Parco della Madonnetta","FAI","Luoghi del cuore","X MUnicipio"],"articleSection":["Articoli vari"],"inLanguage":"it-IT"},{"@type":"WebPage","@id":"https:\/\/www.teatrodomma.it\/?p=30630","url":"https:\/\/www.teatrodomma.it\/?p=30630","name":"Votiamo per il Parco della Madonnetta - Teatro Domma","isPartOf":{"@id":"https:\/\/www.teatrodomma.it\/#website"},"primaryImageOfPage":{"@id":"https:\/\/www.teatrodomma.it\/?p=30630#primaryimage"},"image":{"@id":"https:\/\/www.teatrodomma.it\/?p=30630#primaryimage"},"thumbnailUrl":"https:\/\/www.teatrodomma.it\/wp-content\/uploads\/2025\/02\/Parco-della-madonnetta-scaled-e1739462963577.jpg","datePublished":"2025-03-28T23:00:00+00:00","dateModified":"2025-04-10T08:54:21+00:00","breadcrumb":{"@id":"https:\/\/www.teatrodomma.it\/?p=30630#breadcrumb"},"inLanguage":"it-IT","potentialAction":[{"@type":"ReadAction","target":["https:\/\/www.teatrodomma.it\/?p=30630"]}]},{"@type":"ImageObject","inLanguage":"it-IT","@id":"https:\/\/www.teatrodomma.it\/?p=30630#primaryimage","url":"https:\/\/www.teatrodomma.it\/wp-content\/uploads\/2025\/02\/Parco-della-madonnetta-scaled-e1739462963577.jpg","contentUrl":"https:\/\/www.teatrodomma.it\/wp-content\/uploads\/2025\/02\/Parco-della-madonnetta-scaled-e1739462963577.jpg","width":900,"height":506},{"@type":"BreadcrumbList","@id":"https:\/\/www.teatrodomma.it\/?p=30630#breadcrumb","itemListElement":[{"@type":"ListItem","position":1,"name":"Home","item":"https:\/\/www.teatrodomma.it\/"},{"@type":"ListItem","position":2,"name":"Votiamo per il Parco della Madonnetta"}]},{"@type":"WebSite","@id":"https:\/\/www.teatrodomma.it\/#website","url":"https:\/\/www.teatrodomma.it\/","name":"Teatro Domma","description":"","publisher":{"@id":"https:\/\/www.teatrodomma.it\/#organization"},"potentialAction":[{"@type":"SearchAction","target":{"@type":"EntryPoint","urlTemplate":"https:\/\/www.teatrodomma.it\/?s={search_term_string}"},"query-input":{"@type":"PropertyValueSpecification","valueRequired":true,"valueName":"search_term_string"}}],"inLanguage":"it-IT"},{"@type":"Organization","@id":"https:\/\/www.teatrodomma.it\/#organization","name":"Teatro Domma","url":"https:\/\/www.teatrodomma.it\/","logo":{"@type":"ImageObject","inLanguage":"it-IT","@id":"https:\/\/www.teatrodomma.it\/#\/schema\/logo\/image\/","url":"https:\/\/www.teatrodomma.it\/wp-content\/uploads\/2025\/01\/LOGOICON-edited-2.png","contentUrl":"https:\/\/www.teatrodomma.it\/wp-content\/uploads\/2025\/01\/LOGOICON-edited-2.png","width":510,"height":287,"caption":"Teatro Domma"},"image":{"@id":"https:\/\/www.teatrodomma.it\/#\/schema\/logo\/image\/"},"sameAs":["https:\/\/www.facebook.com\/p\/Teatro-Domma-61556981831878\/?locale=it_IT","https:\/\/www.instagram.com\/teatro_domma\/"]},{"@type":"Person","@id":"https:\/\/www.teatrodomma.it\/#\/schema\/person\/8a1f09bf4c695307c8aef38d93aa0e84","name":"Margherita De Donato","image":{"@type":"ImageObject","inLanguage":"it-IT","@id":"https:\/\/www.teatrodomma.it\/#\/schema\/person\/image\/","url":"https:\/\/secure.gravatar.com\/avatar\/0fbebb2201a984022de9f07361f7fe88cb7fcefd6be5e33abf5559102ec20088?s=96&d=mm&r=g","contentUrl":"https:\/\/secure.gravatar.com\/avatar\/0fbebb2201a984022de9f07361f7fe88cb7fcefd6be5e33abf5559102ec20088?s=96&d=mm&r=g","caption":"Margherita De Donato"},"url":"https:\/\/www.teatrodomma.it\/?author=3"}]}},"_links":{"self":[{"href":"https:\/\/www.teatrodomma.it\/index.php?rest_route=\/wp\/v2\/posts\/30630","targetHints":{"allow":["GET"]}}],"collection":[{"href":"https:\/\/www.teatrodomma.it\/index.php?rest_route=\/wp\/v2\/posts"}],"about":[{"href":"https:\/\/www.teatrodomma.it\/index.php?rest_route=\/wp\/v2\/types\/post"}],"author":[{"embeddable":true,"href":"https:\/\/www.teatrodomma.it\/index.php?rest_route=\/wp\/v2\/users\/3"}],"replies":[{"embeddable":true,"href":"https:\/\/www.teatrodomma.it\/index.php?rest_route=%2Fwp%2Fv2%2Fcomments&post=30630"}],"version-history":[{"count":61,"href":"https:\/\/www.teatrodomma.it\/index.php?rest_route=\/wp\/v2\/posts\/30630\/revisions"}],"predecessor-version":[{"id":31870,"href":"https:\/\/www.teatrodomma.it\/index.php?rest_route=\/wp\/v2\/posts\/30630\/revisions\/31870"}],"wp:featuredmedia":[{"embeddable":true,"href":"https:\/\/www.teatrodomma.it\/index.php?rest_route=\/wp\/v2\/media\/30632"}],"wp:attachment":[{"href":"https:\/\/www.teatrodomma.it\/index.php?rest_route=%2Fwp%2Fv2%2Fmedia&parent=30630"}],"wp:term":[{"taxonomy":"category","embeddable":true,"href":"https:\/\/www.teatrodomma.it\/index.php?rest_route=%2Fwp%2Fv2%2Fcategories&post=30630"},{"taxonomy":"post_tag","embeddable":true,"href":"https:\/\/www.teatrodomma.it\/index.php?rest_route=%2Fwp%2Fv2%2Ftags&post=30630"}],"curies":[{"name":"wp","href":"https:\/\/api.w.org\/{rel}","templated":true}]}}