{"id":3106,"date":"2021-03-23T11:00:00","date_gmt":"2021-03-23T10:00:00","guid":{"rendered":"https:\/\/www.teatrodomma.it\/?p=3106"},"modified":"2021-03-23T11:00:00","modified_gmt":"2021-03-23T10:00:00","slug":"al-pianoforte-con-il-mdaniele-alfieri","status":"publish","type":"post","link":"https:\/\/www.teatrodomma.it\/?p=3106","title":{"rendered":"Al pianoforte con&#8230;il m\u00b0Daniele Alfieri"},"content":{"rendered":"\n<p class=\"has-background-dark-background-color has-background\"><em>Compositore, <em>pianista,<\/em><\/em> <em>arrangiatore, orchestratore&#8230;C&#8217;\u00e8 solo l&#8217;imbarazzo della scelta. In quale veste intervisteremo il responsabile musicale della CdS Academy?<\/em><\/p>\n\n\n\n<p>Apriamo l&#8217;intervista a <a rel=\"noreferrer noopener\" href=\"https:\/\/www.teatrodomma.it\/blog\/interviste\/al-pianoforte-con-daniele-alfieri\/\" target=\"_blank\">DANIELE ALFIERI<\/a> (nato a Roma il 09\/06\/1991) con una foto in omaggio al suo inseparabile strumento, il pianoforte, con il quale <strong>nel 2021<\/strong> ha conseguito sia la <strong>Laurea specialistica in composizione all&#8217;<\/strong> <strong>Istituto Pontificio di Musica Sacra<\/strong>, con il m\u00b0 Manganelli, <strong>sia<\/strong> quella in composizione <strong>al<\/strong> <strong>Conservatorio San Pietro a Majella<\/strong>, con il m\u00b0 Panariello. Due ulteriori obiettivi raggiunti e che vanta nel suo curriculum.<em> (La sua bios completa: <a href=\"https:\/\/www.teatrodomma.it\/blog\/interviste\/al-pianoforte-con-daniele-alfieri\/\" target=\"_blank\" rel=\"noreferrer noopener\">qui<\/a>).<\/em><\/p>\n\n\n\n<figure class=\"wp-block-image size-large\"><img decoding=\"async\" src=\"https:\/\/www.teatrodomma.it\/wp-content\/uploads\/2020\/10\/CdS-Daniele-Alfieri_pianoforte-1024x935.jpg\" alt=\"\" class=\"wp-image-3783\"\/><\/figure>\n\n\n\n<p class=\"has-background-dark-background-color has-background\"><em><strong>Ciao <\/strong><\/em><em style=\"font-weight: bold;\">Daniele, grazie per aver accettato il nostro invito. Puoi raccontarci quando e come \u00e8 nata la tua passione per il pianoforte? A cosa hai rinunciato rispetto ai tuoi coetanei?<\/em><\/p>\n\n\n\n<p>Grazie a te di avermi proposto un&#8217;intervista; per me \u00e8 un immenso piacere. <strong>La passione per la musica mi \u00e8 stata trasmessa in primis da mio padre<\/strong> e dal clima musicale che si respirava dentro casa. Ho alcuni video di me da bambino, ancora nella culla, con Chopin in sottofondo. <strong>All&#8217;et\u00e0 di 8 anni ho iniziato a strimpellare<\/strong> <strong>qualche strumento in chiesa<\/strong> e mi divertiva molto. <strong>Finch\u00e9 in prima media la professoressa di musica ci ha fatto comprare la &#8220;pianola&#8221;<\/strong>. Mi ricordo la meraviglia che ho provato appoggiandoci le dita. <strong>L\u00ec \u00e8 nato un amore che si \u00e8 sviluppato negli anni<\/strong>, <strong>specialmente grazie ai miei insegnanti<\/strong> che hanno saputo farmi divertire, appassionare e che mi hanno fatto conoscere la musica nella sua profonda bellezza.<br><strong>Ho rinunciato a tante cose<\/strong>, sia perch\u00e9 studiare musica significa investire parecchi soldi (e quindi niente cellulari di un certo tipo, vacanze all&#8217;estero o altro) sia perch\u00e9 si tratta di aggiungere materie di studio alla vita di un ragazzo e quindi ero costretto a rinunciare alle vacanze estive, al mare con gli amici, ai pomeriggi di relax, agli sport di una certa categoria, ecc\u2026<strong>Posso dire, per\u00f2, che la musica nasconde un trucco: pi\u00f9 tu le dedichi del tempo, pi\u00f9 lei ti regala nuove emozioni.<\/strong><\/p>\n\n\n\n<p class=\"has-background-dark-background-color has-background\"><em><strong>Qual \u00e8 il momento pi\u00f9 emozionante che ricordi del tuo percorso musicale?<\/strong><\/em><\/p>\n\n\n\n<p><strong>Ci sono stati diversi momenti <\/strong>musicali che porto nel cuore: <strong>il concerto <strong>con la mia band, ad Ostia<\/strong><\/strong>, <strong>appena dopo la maturit\u00e0 \u00e8 senza dubbio il pi\u00f9 divertente che abbia mai fatto; quella domenica mattina in cameretta a comporre l&#8217;<em>Ave Maria<\/em>, poco dopo la morte di mia madre; <\/strong>infine<strong> la prima replica del <em><a href=\"https:\/\/www.youtube.com\/watch?v=wyKOYvhMHj8\" target=\"_blank\" rel=\"noreferrer noopener\">&#8220;Gobbo di Notre Dame&#8221;<\/a><\/em>, lo spettacolo che facemmo con i Compagni di Scena<\/strong> <strong>nel 2015<\/strong> <strong>presso il Teatro Domma <\/strong>(intitolato al fondatore don Mario Torregrossa): coinvolse 60 di noi ragazzi e per un anno mi fece passare quattro giorni a settimana in teatro, togliendomi il sonno per l&#8217;ansia e per il materiale da preparare. Ma come ho detto la musica \u00e8 cos\u00ec: pi\u00f9 le dai, pi\u00f9 lei ti rid\u00e0 indietro.<\/p>\n\n\n\n<figure class=\"wp-block-embed is-type-video is-provider-youtube wp-block-embed-youtube wp-embed-aspect-16-9 wp-has-aspect-ratio\"><div class=\"wp-block-embed__wrapper\">\n<iframe loading=\"lazy\" title=\"Il Gobbo di Notre Dame - Compagni di Scena 2015\" width=\"720\" height=\"405\" src=\"https:\/\/www.youtube.com\/embed\/wyKOYvhMHj8?feature=oembed\" frameborder=\"0\" allow=\"accelerometer; autoplay; clipboard-write; encrypted-media; gyroscope; picture-in-picture; web-share\" referrerpolicy=\"strict-origin-when-cross-origin\" allowfullscreen><\/iframe>\n<\/div><figcaption><strong><em>Video dello spettacolo Il Gobbo di Notre Dame rappresentato con musica dal vivo nel 2015 presso il Teatro don Mario Torregrossa e di cui Daniele Alfieri ha curato l&#8217;orchestrazione. Per la prima volta rappresentato in Italia, le liriche originali sono di <a href=\"https:\/\/www.teatrodomma.it\/blog\/compagni-di-scena\/un-do-di-pettodi-daniele-adriani\/\" target=\"_blank\" rel=\"noreferrer noopener\">Daniele Adriani<\/a>. Alla regia, <a href=\"https:\/\/www.teatrodomma.it\/blog\/compagni-di-scena\/riflettori-su-marco-mininno\/\" target=\"_blank\" rel=\"noreferrer noopener\">Marco Mininno<\/a>.<\/em><\/strong><\/figcaption><\/figure>\n\n\n\n<p class=\"has-background-dark-background-color has-background\"><strong><em>Tra i brani del tuo repertorio ce n\u2019\u00e8 uno a cui ti senti pi\u00f9 affezionato? Perch\u00e9?<\/em><\/strong><\/p>\n\n\n\n<p>Tra i brani che ho studiato ricordo con maggiore interesse <strong><a href=\"https:\/\/it.wikipedia.org\/wiki\/Sonata_per_pianoforte_n._31_(Beethoven)\" target=\"_blank\" rel=\"noreferrer noopener\">la sonata n.110 di Beethoven<\/a><\/strong>. <strong>Quella sonata \u00e8 un universo intero contenuto in qualche dozzina di pagine<\/strong>. Mi ricordo che durante una lezione domandai al mio insegnante: &#8220;Maestro, ma siamo stati una lezione intera su questa pagina?&#8221; E lui mi rispose: &#8220;Su questa pagina potremmo passarci l&#8217;intera vita&#8221;.<\/p>\n\n\n\n<p class=\"has-background-dark-background-color has-background\"><em><strong>Chi sono i pianisti del passato che ami di pi\u00f9 e perch\u00e9? E quelli che hai studiato maggiormente e che ti hanno appassionato?<\/strong><\/em><\/p>\n\n\n\n<div class=\"wp-block-image\"><figure class=\"alignleft size-large is-resized\"><img loading=\"lazy\" decoding=\"async\" src=\"https:\/\/www.teatrodomma.it\/wp-content\/uploads\/2021\/03\/vladimir-horowitz-the-last-romantic-1024x1024.jpg\" alt=\"\" class=\"wp-image-3946\" width=\"345\" height=\"345\"\/><\/figure><\/div>\n\n\n\n<p>Si chiamano <strong><a href=\"https:\/\/it.wikipedia.org\/wiki\/Vladimir_Horowitz\" target=\"_blank\" rel=\"noreferrer noopener\">Vladimir Horowitz<\/a> e <a href=\"https:\/\/it.wikipedia.org\/wiki\/Arturo_Benedetti_Michelangeli\" target=\"_blank\" rel=\"noreferrer noopener\">Arturo Benedetti Michelangeli<\/a>.<\/strong> Ovviamente ce ne sono anche tanti altri, ma secondo me loro due hanno raggiunto l&#8217;apice dell&#8217;esecuzione pianistica. <strong>Horowitz<\/strong> si diceva che riuscisse a far &#8220;cantare&#8221; il suo pianoforte, come se si sentisse una voce umana. Quest&#8217;uomo, che ha avuto una vita affatto semplice,<strong> ha toccato l&#8217;abisso pi\u00f9 profondo dell&#8217;interpretazione<\/strong>. <strong>Difficile non commuoversi quando lo si ascolta.<\/strong><br><strong>Benedetti Michelangeli<\/strong>, invece, <strong>\u00e8 quanto pi\u00f9 ci possa essere di perfezione musicale. <\/strong>Peraltro una persona di gigante spessore umano, di grande umilt\u00e0\u2026 E poi ammetto che in me vive anche un po&#8217; di sano patriottismo.<\/p>\n\n\n\n<div class=\"wp-block-image\"><figure class=\"alignright size-large is-resized\"><img loading=\"lazy\" decoding=\"async\" src=\"http:\/\/test.teatrodomma.it\/wp-content\/uploads\/2021\/03\/Arturo-Benedetti-Michelangeli_Debussy_Preludes-Vol1.jpg\" alt=\"\" class=\"wp-image-3948\" width=\"357\" height=\"354\" srcset=\"https:\/\/www.teatrodomma.it\/wp-content\/uploads\/2021\/03\/Arturo-Benedetti-Michelangeli_Debussy_Preludes-Vol1.jpg 600w, https:\/\/www.teatrodomma.it\/wp-content\/uploads\/2021\/03\/Arturo-Benedetti-Michelangeli_Debussy_Preludes-Vol1-300x298.jpg 300w, https:\/\/www.teatrodomma.it\/wp-content\/uploads\/2021\/03\/Arturo-Benedetti-Michelangeli_Debussy_Preludes-Vol1-150x150.jpg 150w, https:\/\/www.teatrodomma.it\/wp-content\/uploads\/2021\/03\/Arturo-Benedetti-Michelangeli_Debussy_Preludes-Vol1-200x198.jpg 200w, https:\/\/www.teatrodomma.it\/wp-content\/uploads\/2021\/03\/Arturo-Benedetti-Michelangeli_Debussy_Preludes-Vol1-144x144.jpg 144w\" sizes=\"(max-width: 357px) 100vw, 357px\" \/><\/figure><\/div>\n\n\n\n<p><strong>Tra i pianisti che ho studiato<\/strong>, anche se \u00e8 meno pianista di altri, credo che <strong><a href=\"https:\/\/it.wikipedia.org\/wiki\/Claude_Debussy\" target=\"_blank\" rel=\"noreferrer noopener\">Debussy<\/a><\/strong> sia quello che <strong>ha pi\u00f9 influenzato la mia ricerca musicale e il mio stile.<\/strong><\/p>\n\n\n\n<p><\/p>\n\n\n\n<p><\/p>\n\n\n\n<p><\/p>\n\n\n\n<p class=\"has-background-dark-background-color has-background\"><strong><em>Secondo te oggi la musica e l\u2019arte in generale sono ritenute importanti? Pensi che tutti dovrebbero avere l&#8217;opportunit\u00e0 di avvicinarsi fin da piccoli alla musica ed allo studio di uno strumento?<\/em><\/strong><\/p>\n\n\n\n<p><strong>Credo che nessuno oggi abbia il coraggio di dire che l&#8217;arte non sia importante, specialmente la musica.<\/strong> Tutti amano la musica, chi un genere, chi un altro. <strong>Tuttavia, bisognerebbe chiedersi se oggi si ritiene importante dare importanza alle cose importanti<\/strong> (scusa il gioco di parole). Il nostro \u00e8 un mondo proiettato verso l&#8217;interesse istantaneo, lo scorrimento, l&#8217;accumulo di tante piccole cose, poco importanti. Un mondo superficiale, perch\u00e9 non sai scendere gi\u00f9: hai paura, non hai tempo, non hai voglia. Sai quanti arriveranno in fondo a questa intervista di quelli che hanno iniziato? Sai quanti nemmeno l&#8217;inizieranno a leggere? Non sappiamo dare tempo al tempo, <strong>non sappiamo ritagliarci il giusto spazio, avere una carit\u00e0 intellettuale per dedicare parte della nostra vita alla ricerca e all&#8217;approfondimento.<\/strong> <br><strong>Non credo personalmente che le persone debbano avvicinarsi allo strumento sin da piccoli.<\/strong> Mi ricordo la conversazione con Thomas Hindermule: <em>&#8220;non servono altri musicisti\u2026 Siamo gi\u00e0 troppi <\/em>&#8211; in un italiano molto comico &#8211; <em>servono altri amanti della musica!&#8221;.<\/em> <strong>Non \u00e8 importante avere una societ\u00e0 di musicisti<\/strong>\u2026 Sarebbe come chiedere di avere una societ\u00e0 di attori o di pittori o di ballerini. <strong>Piuttosto portare alle persone alcuni concetti musicali fondamentali per una struttura culturale come uomo.<\/strong> La musica domina il tempo, perch\u00e9 si dispiega in esso. Prende lo scorrere dei secondi e ne manipola la struttura fisica, riuscendo a plasmare la scienza e darle la forma di un&#8217;emozione. Per capire una nota, hai bisogno non solo della nota prima e di quella dopo, ma hai bisogno anche dell&#8217;ultima nota. <strong>Ma un compositore, un artista o un cantautore<\/strong> <strong>che<\/strong> &#8211; invece di dominare l&#8217;arte, riassumere l&#8217;esistere e semplificarlo per donare all&#8217;ascoltatore una nuova conquista culturale &#8211; <strong>cede alla tentazione di banalizzare le scelte musicali, portando avanti contenuti vuoti<\/strong>, atti solo all&#8217;accumulo e allo scorrimento, \u00e8 ovvio che <strong>non fa altro che allontanare il pubblico dalla bellezza della profondit\u00e0 e dello scorrere del tempo.<\/strong><br><strong>Capisci perch\u00e9 la nostra societ\u00e0 \u00e8 superficiale e perch\u00e9 ha un enorme bisogno di incontrare la musica?<\/strong><\/p>\n\n\n\n<figure class=\"wp-block-image size-large\"><img decoding=\"async\" src=\"https:\/\/www.teatrodomma.it\/wp-content\/uploads\/2020\/10\/CdS-Daniele-Alfieri-pianista-2-1024x974.jpg\" alt=\"\" class=\"wp-image-3727\"\/><figcaption><strong><em>Daniele Alfieri durante il musical <a href=\"https:\/\/www.teatrodomma.it\/blog\/compagni-di-scena\/the-last-five-years\/\" target=\"_blank\" rel=\"noreferrer noopener\">&#8220;The Last Five Years&#8221;<\/a> portato in scena con musica dal vivo prima sul palco del Teatro Don Mario Torregrossa nel febbraio 2020 e poi ad agosto presso il chiostro del Palazzo del Governatorato del X Municipio di Roma nell&#8217;ambito della <a href=\"https:\/\/www.teatrodomma.it\/blog\/articoli-vari\/i-cds-ed-i-suoni-del-mare\/\" target=\"_blank\" rel=\"noreferrer noopener\">rassegna &#8220;I suoni del mare&#8221;<\/a>.<\/em><\/strong><\/figcaption><\/figure>\n\n\n\n<p class=\"has-background-dark-background-color has-background\"><strong><em>Immaginiamo che tu abbia di fronte una numerosa platea di adolescenti di una scuola secondaria. Quali i temi principali che secondo te andrebbero affrontati per appassionare giovani menti all\u2019arte della musica classica, non solo da ascoltare, ma anche da suonare?<\/em><\/strong><\/p>\n\n\n\n<p><strong>Non trovo negli adolescenti argomenti diversi dagli altri.<\/strong> Non credo abbiano mancanze in pi\u00f9 o in meno rispetto agli adulti o ai bambini. <strong>I concetti sono sempre quelli, ma cambia il modo.<\/strong> L&#8217;adolescente cerca risposte perch\u00e9 la giovinezza \u00e8 quel periodo della nostra vita dove compiamo le scelte fondamentali. Gli adolescenti sono pieni di energia ma non sanno dove indirizzarla, perch\u00e9 semplicemente non si conoscono. <strong>Quello che farei con loro \u00e8 semplicemente aiutarli a conoscersi: cosa amano, cosa vogliono, chi sono, cosa li fa soffrire e cosa li fa gioire. <\/strong>Come farebbero altrimenti a compiere le giuste scelte? <strong>Con gli adolescenti la musica non si insegna, ma la si tira fuori.<\/strong><\/p>\n\n\n\n<p class=\"has-background-dark-background-color has-background\"><em><strong>Un\u2019ultima domanda: ai nostri lettori che volessero conoscere <em><strong>i tuoi interessi e <\/strong><\/em>qualcosa di te <em><strong>al di l\u00e0 del musicista<\/strong><\/em><\/strong><\/em>, <em><strong>cosa racconteresti?<\/strong><\/em><\/p>\n\n\n\n<p><strong>Devo dire che la musica prende gran parte delle mie giornate<\/strong>, anche perch\u00e9 la musica stessa la ritroviamo un po&#8217; ovunque. Oltre a lei, non penso di avere interessi originali: <strong>amo il cinema<\/strong> (pi\u00f9 delle serie TV), <strong>le sitcom americane, i videogiochi, i fumetti, il padel <\/strong>(pi\u00f9 del tennis),<strong> amo stare con gli amici, adoro vedere posti nuovi, visitare le citt\u00e0 e soprattutto amo qualsiasi tipo di cucina!<\/strong><br>Ma <strong>ci\u00f2 che mi fa amare tutto questo e mi permette di avventurarmi nel mondo della musica \u00e8 senz&#8217;altro la Fede.<\/strong> Ho avuto la fortuna di avere una storia familiare che mi ha portato a conoscere la Chiesa, a fare un cammino di fede e sperimentarne la bellezza. <strong>Questa \u00e8 senza dubbio l&#8217;origine della mia musica: la vita, l\u00ec dove eri convinto ci fosse la morte; la gioia dove eri convinto ci fosse solo dolore; la bellezza, l\u00ec dove tutto ti sembra sprofondare nel nulla. <\/strong>Ecco perch\u00e9 penso che vivere sia una battaglia, mentre <strong>vivere con la musica sia consolante\u2026 Ma vivere con la Fede \u00e8 qualcosa di meraviglioso.<\/strong><\/p>\n\n\n\n<figure class=\"wp-block-image size-large\"><img decoding=\"async\" src=\"https:\/\/www.teatrodomma.it\/wp-content\/uploads\/2020\/10\/CdS-Daniele-Alfieri-pianista-1-1024x1018.jpg\" alt=\"\" class=\"wp-image-3780\"\/><\/figure>\n\n\n\n<p class=\"has-background-dark-background-color has-background\">GRAZIE ANCORA, DANIELE, PER QUESTE RISPOSTE SINCERE DA CUI EMERGE UNA TESTIMONIANZA DI VITA IMMERSA NELLA MUSICA E NELLA FEDE.<\/p>\n\n\n\n<p><em>Margherita De Donato<\/em><\/p>\n","protected":false},"excerpt":{"rendered":"<p>Compositore, pianista, arrangiatore, orchestratore&#8230;C&#8217;\u00e8 solo l&#8217;imbarazzo della scelta. In quale veste intervisteremo il responsabile musicale della CdS Academy? Apriamo l&#8217;intervista a DANIELE ALFIERI (nato a Roma il 09\/06\/1991) con una foto in omaggio al suo inseparabile strumento, il pianoforte, con il quale nel 2021 ha conseguito sia la Laurea specialistica in composizione all&#8217; Istituto Pontificio [&hellip;]<\/p>\n","protected":false},"author":3,"featured_media":2707,"comment_status":"closed","ping_status":"open","sticky":false,"template":"","format":"standard","meta":{"saved_in_kubio":false,"footnotes":""},"categories":[33,48],"tags":[],"class_list":{"0":"post-3106","1":"post","2":"type-post","3":"status-publish","4":"format-standard","5":"has-post-thumbnail","6":"hentry","7":"category-compagni-di-scena","8":"category-interviste","10":"post-with-thumbnail","11":"post-with-thumbnail-large"},"yoast_head":"<!-- This site is optimized with the Yoast SEO plugin v25.8 - https:\/\/yoast.com\/wordpress\/plugins\/seo\/ -->\n<title>Al pianoforte con...il m\u00b0Daniele Alfieri - Teatro Domma<\/title>\n<meta name=\"robots\" content=\"index, follow, max-snippet:-1, max-image-preview:large, max-video-preview:-1\" \/>\n<link rel=\"canonical\" href=\"https:\/\/www.teatrodomma.it\/?p=3106\" \/>\n<meta property=\"og:locale\" content=\"it_IT\" \/>\n<meta property=\"og:type\" content=\"article\" \/>\n<meta property=\"og:title\" content=\"Al pianoforte con...il m\u00b0Daniele Alfieri - Teatro Domma\" \/>\n<meta property=\"og:description\" content=\"Compositore, pianista, arrangiatore, orchestratore&#8230;C&#8217;\u00e8 solo l&#8217;imbarazzo della scelta. In quale veste intervisteremo il responsabile musicale della CdS Academy? Apriamo l&#8217;intervista a DANIELE ALFIERI (nato a Roma il 09\/06\/1991) con una foto in omaggio al suo inseparabile strumento, il pianoforte, con il quale nel 2021 ha conseguito sia la Laurea specialistica in composizione all&#8217; Istituto Pontificio [&hellip;]\" \/>\n<meta property=\"og:url\" content=\"https:\/\/www.teatrodomma.it\/?p=3106\" \/>\n<meta property=\"og:site_name\" content=\"Teatro Domma\" \/>\n<meta property=\"article:publisher\" content=\"https:\/\/www.facebook.com\/p\/Teatro-Domma-61556981831878\/?locale=it_IT\" \/>\n<meta property=\"article:published_time\" content=\"2021-03-23T10:00:00+00:00\" \/>\n<meta property=\"og:image\" content=\"https:\/\/www.teatrodomma.it\/wp-content\/uploads\/2020\/06\/CdS-Daniele-Alfieri_primopiano-e1593861518955.jpg\" \/>\n\t<meta property=\"og:image:width\" content=\"900\" \/>\n\t<meta property=\"og:image:height\" content=\"600\" \/>\n\t<meta property=\"og:image:type\" content=\"image\/jpeg\" \/>\n<meta name=\"author\" content=\"Margherita De Donato\" \/>\n<meta name=\"twitter:card\" content=\"summary_large_image\" \/>\n<meta name=\"twitter:label1\" content=\"Scritto da\" \/>\n\t<meta name=\"twitter:data1\" content=\"Margherita De Donato\" \/>\n\t<meta name=\"twitter:label2\" content=\"Tempo di lettura stimato\" \/>\n\t<meta name=\"twitter:data2\" content=\"8 minuti\" \/>\n<script type=\"application\/ld+json\" class=\"yoast-schema-graph\">{\"@context\":\"https:\/\/schema.org\",\"@graph\":[{\"@type\":\"Article\",\"@id\":\"https:\/\/www.teatrodomma.it\/?p=3106#article\",\"isPartOf\":{\"@id\":\"https:\/\/www.teatrodomma.it\/?p=3106\"},\"author\":{\"name\":\"Margherita De Donato\",\"@id\":\"https:\/\/www.teatrodomma.it\/#\/schema\/person\/8a1f09bf4c695307c8aef38d93aa0e84\"},\"headline\":\"Al pianoforte con&#8230;il m\u00b0Daniele Alfieri\",\"datePublished\":\"2021-03-23T10:00:00+00:00\",\"mainEntityOfPage\":{\"@id\":\"https:\/\/www.teatrodomma.it\/?p=3106\"},\"wordCount\":1546,\"publisher\":{\"@id\":\"https:\/\/www.teatrodomma.it\/#organization\"},\"image\":{\"@id\":\"https:\/\/www.teatrodomma.it\/?p=3106#primaryimage\"},\"thumbnailUrl\":\"https:\/\/www.teatrodomma.it\/wp-content\/uploads\/2020\/06\/CdS-Daniele-Alfieri_primopiano-e1593861518955.jpg\",\"articleSection\":[\"Compagni di Scena\",\"Interviste\"],\"inLanguage\":\"it-IT\"},{\"@type\":\"WebPage\",\"@id\":\"https:\/\/www.teatrodomma.it\/?p=3106\",\"url\":\"https:\/\/www.teatrodomma.it\/?p=3106\",\"name\":\"Al pianoforte con...il m\u00b0Daniele Alfieri - Teatro Domma\",\"isPartOf\":{\"@id\":\"https:\/\/www.teatrodomma.it\/#website\"},\"primaryImageOfPage\":{\"@id\":\"https:\/\/www.teatrodomma.it\/?p=3106#primaryimage\"},\"image\":{\"@id\":\"https:\/\/www.teatrodomma.it\/?p=3106#primaryimage\"},\"thumbnailUrl\":\"https:\/\/www.teatrodomma.it\/wp-content\/uploads\/2020\/06\/CdS-Daniele-Alfieri_primopiano-e1593861518955.jpg\",\"datePublished\":\"2021-03-23T10:00:00+00:00\",\"breadcrumb\":{\"@id\":\"https:\/\/www.teatrodomma.it\/?p=3106#breadcrumb\"},\"inLanguage\":\"it-IT\",\"potentialAction\":[{\"@type\":\"ReadAction\",\"target\":[\"https:\/\/www.teatrodomma.it\/?p=3106\"]}]},{\"@type\":\"ImageObject\",\"inLanguage\":\"it-IT\",\"@id\":\"https:\/\/www.teatrodomma.it\/?p=3106#primaryimage\",\"url\":\"https:\/\/www.teatrodomma.it\/wp-content\/uploads\/2020\/06\/CdS-Daniele-Alfieri_primopiano-e1593861518955.jpg\",\"contentUrl\":\"https:\/\/www.teatrodomma.it\/wp-content\/uploads\/2020\/06\/CdS-Daniele-Alfieri_primopiano-e1593861518955.jpg\",\"width\":900,\"height\":600},{\"@type\":\"BreadcrumbList\",\"@id\":\"https:\/\/www.teatrodomma.it\/?p=3106#breadcrumb\",\"itemListElement\":[{\"@type\":\"ListItem\",\"position\":1,\"name\":\"Home\",\"item\":\"https:\/\/www.teatrodomma.it\/\"},{\"@type\":\"ListItem\",\"position\":2,\"name\":\"Al pianoforte con&#8230;il m\u00b0Daniele Alfieri\"}]},{\"@type\":\"WebSite\",\"@id\":\"https:\/\/www.teatrodomma.it\/#website\",\"url\":\"https:\/\/www.teatrodomma.it\/\",\"name\":\"Teatro Domma\",\"description\":\"\",\"publisher\":{\"@id\":\"https:\/\/www.teatrodomma.it\/#organization\"},\"potentialAction\":[{\"@type\":\"SearchAction\",\"target\":{\"@type\":\"EntryPoint\",\"urlTemplate\":\"https:\/\/www.teatrodomma.it\/?s={search_term_string}\"},\"query-input\":{\"@type\":\"PropertyValueSpecification\",\"valueRequired\":true,\"valueName\":\"search_term_string\"}}],\"inLanguage\":\"it-IT\"},{\"@type\":\"Organization\",\"@id\":\"https:\/\/www.teatrodomma.it\/#organization\",\"name\":\"Teatro Domma\",\"url\":\"https:\/\/www.teatrodomma.it\/\",\"logo\":{\"@type\":\"ImageObject\",\"inLanguage\":\"it-IT\",\"@id\":\"https:\/\/www.teatrodomma.it\/#\/schema\/logo\/image\/\",\"url\":\"https:\/\/www.teatrodomma.it\/wp-content\/uploads\/2025\/01\/LOGOICON-edited-2.png\",\"contentUrl\":\"https:\/\/www.teatrodomma.it\/wp-content\/uploads\/2025\/01\/LOGOICON-edited-2.png\",\"width\":510,\"height\":287,\"caption\":\"Teatro Domma\"},\"image\":{\"@id\":\"https:\/\/www.teatrodomma.it\/#\/schema\/logo\/image\/\"},\"sameAs\":[\"https:\/\/www.facebook.com\/p\/Teatro-Domma-61556981831878\/?locale=it_IT\",\"https:\/\/www.instagram.com\/teatro_domma\/\"]},{\"@type\":\"Person\",\"@id\":\"https:\/\/www.teatrodomma.it\/#\/schema\/person\/8a1f09bf4c695307c8aef38d93aa0e84\",\"name\":\"Margherita De Donato\",\"image\":{\"@type\":\"ImageObject\",\"inLanguage\":\"it-IT\",\"@id\":\"https:\/\/www.teatrodomma.it\/#\/schema\/person\/image\/\",\"url\":\"https:\/\/secure.gravatar.com\/avatar\/0fbebb2201a984022de9f07361f7fe88cb7fcefd6be5e33abf5559102ec20088?s=96&d=mm&r=g\",\"contentUrl\":\"https:\/\/secure.gravatar.com\/avatar\/0fbebb2201a984022de9f07361f7fe88cb7fcefd6be5e33abf5559102ec20088?s=96&d=mm&r=g\",\"caption\":\"Margherita De Donato\"},\"url\":\"https:\/\/www.teatrodomma.it\/?author=3\"}]}<\/script>\n<!-- \/ Yoast SEO plugin. -->","yoast_head_json":{"title":"Al pianoforte con...il m\u00b0Daniele Alfieri - Teatro Domma","robots":{"index":"index","follow":"follow","max-snippet":"max-snippet:-1","max-image-preview":"max-image-preview:large","max-video-preview":"max-video-preview:-1"},"canonical":"https:\/\/www.teatrodomma.it\/?p=3106","og_locale":"it_IT","og_type":"article","og_title":"Al pianoforte con...il m\u00b0Daniele Alfieri - Teatro Domma","og_description":"Compositore, pianista, arrangiatore, orchestratore&#8230;C&#8217;\u00e8 solo l&#8217;imbarazzo della scelta. In quale veste intervisteremo il responsabile musicale della CdS Academy? Apriamo l&#8217;intervista a DANIELE ALFIERI (nato a Roma il 09\/06\/1991) con una foto in omaggio al suo inseparabile strumento, il pianoforte, con il quale nel 2021 ha conseguito sia la Laurea specialistica in composizione all&#8217; Istituto Pontificio [&hellip;]","og_url":"https:\/\/www.teatrodomma.it\/?p=3106","og_site_name":"Teatro Domma","article_publisher":"https:\/\/www.facebook.com\/p\/Teatro-Domma-61556981831878\/?locale=it_IT","article_published_time":"2021-03-23T10:00:00+00:00","og_image":[{"width":900,"height":600,"url":"https:\/\/www.teatrodomma.it\/wp-content\/uploads\/2020\/06\/CdS-Daniele-Alfieri_primopiano-e1593861518955.jpg","type":"image\/jpeg"}],"author":"Margherita De Donato","twitter_card":"summary_large_image","twitter_misc":{"Scritto da":"Margherita De Donato","Tempo di lettura stimato":"8 minuti"},"schema":{"@context":"https:\/\/schema.org","@graph":[{"@type":"Article","@id":"https:\/\/www.teatrodomma.it\/?p=3106#article","isPartOf":{"@id":"https:\/\/www.teatrodomma.it\/?p=3106"},"author":{"name":"Margherita De Donato","@id":"https:\/\/www.teatrodomma.it\/#\/schema\/person\/8a1f09bf4c695307c8aef38d93aa0e84"},"headline":"Al pianoforte con&#8230;il m\u00b0Daniele Alfieri","datePublished":"2021-03-23T10:00:00+00:00","mainEntityOfPage":{"@id":"https:\/\/www.teatrodomma.it\/?p=3106"},"wordCount":1546,"publisher":{"@id":"https:\/\/www.teatrodomma.it\/#organization"},"image":{"@id":"https:\/\/www.teatrodomma.it\/?p=3106#primaryimage"},"thumbnailUrl":"https:\/\/www.teatrodomma.it\/wp-content\/uploads\/2020\/06\/CdS-Daniele-Alfieri_primopiano-e1593861518955.jpg","articleSection":["Compagni di Scena","Interviste"],"inLanguage":"it-IT"},{"@type":"WebPage","@id":"https:\/\/www.teatrodomma.it\/?p=3106","url":"https:\/\/www.teatrodomma.it\/?p=3106","name":"Al pianoforte con...il m\u00b0Daniele Alfieri - Teatro Domma","isPartOf":{"@id":"https:\/\/www.teatrodomma.it\/#website"},"primaryImageOfPage":{"@id":"https:\/\/www.teatrodomma.it\/?p=3106#primaryimage"},"image":{"@id":"https:\/\/www.teatrodomma.it\/?p=3106#primaryimage"},"thumbnailUrl":"https:\/\/www.teatrodomma.it\/wp-content\/uploads\/2020\/06\/CdS-Daniele-Alfieri_primopiano-e1593861518955.jpg","datePublished":"2021-03-23T10:00:00+00:00","breadcrumb":{"@id":"https:\/\/www.teatrodomma.it\/?p=3106#breadcrumb"},"inLanguage":"it-IT","potentialAction":[{"@type":"ReadAction","target":["https:\/\/www.teatrodomma.it\/?p=3106"]}]},{"@type":"ImageObject","inLanguage":"it-IT","@id":"https:\/\/www.teatrodomma.it\/?p=3106#primaryimage","url":"https:\/\/www.teatrodomma.it\/wp-content\/uploads\/2020\/06\/CdS-Daniele-Alfieri_primopiano-e1593861518955.jpg","contentUrl":"https:\/\/www.teatrodomma.it\/wp-content\/uploads\/2020\/06\/CdS-Daniele-Alfieri_primopiano-e1593861518955.jpg","width":900,"height":600},{"@type":"BreadcrumbList","@id":"https:\/\/www.teatrodomma.it\/?p=3106#breadcrumb","itemListElement":[{"@type":"ListItem","position":1,"name":"Home","item":"https:\/\/www.teatrodomma.it\/"},{"@type":"ListItem","position":2,"name":"Al pianoforte con&#8230;il m\u00b0Daniele Alfieri"}]},{"@type":"WebSite","@id":"https:\/\/www.teatrodomma.it\/#website","url":"https:\/\/www.teatrodomma.it\/","name":"Teatro Domma","description":"","publisher":{"@id":"https:\/\/www.teatrodomma.it\/#organization"},"potentialAction":[{"@type":"SearchAction","target":{"@type":"EntryPoint","urlTemplate":"https:\/\/www.teatrodomma.it\/?s={search_term_string}"},"query-input":{"@type":"PropertyValueSpecification","valueRequired":true,"valueName":"search_term_string"}}],"inLanguage":"it-IT"},{"@type":"Organization","@id":"https:\/\/www.teatrodomma.it\/#organization","name":"Teatro Domma","url":"https:\/\/www.teatrodomma.it\/","logo":{"@type":"ImageObject","inLanguage":"it-IT","@id":"https:\/\/www.teatrodomma.it\/#\/schema\/logo\/image\/","url":"https:\/\/www.teatrodomma.it\/wp-content\/uploads\/2025\/01\/LOGOICON-edited-2.png","contentUrl":"https:\/\/www.teatrodomma.it\/wp-content\/uploads\/2025\/01\/LOGOICON-edited-2.png","width":510,"height":287,"caption":"Teatro Domma"},"image":{"@id":"https:\/\/www.teatrodomma.it\/#\/schema\/logo\/image\/"},"sameAs":["https:\/\/www.facebook.com\/p\/Teatro-Domma-61556981831878\/?locale=it_IT","https:\/\/www.instagram.com\/teatro_domma\/"]},{"@type":"Person","@id":"https:\/\/www.teatrodomma.it\/#\/schema\/person\/8a1f09bf4c695307c8aef38d93aa0e84","name":"Margherita De Donato","image":{"@type":"ImageObject","inLanguage":"it-IT","@id":"https:\/\/www.teatrodomma.it\/#\/schema\/person\/image\/","url":"https:\/\/secure.gravatar.com\/avatar\/0fbebb2201a984022de9f07361f7fe88cb7fcefd6be5e33abf5559102ec20088?s=96&d=mm&r=g","contentUrl":"https:\/\/secure.gravatar.com\/avatar\/0fbebb2201a984022de9f07361f7fe88cb7fcefd6be5e33abf5559102ec20088?s=96&d=mm&r=g","caption":"Margherita De Donato"},"url":"https:\/\/www.teatrodomma.it\/?author=3"}]}},"_links":{"self":[{"href":"https:\/\/www.teatrodomma.it\/index.php?rest_route=\/wp\/v2\/posts\/3106","targetHints":{"allow":["GET"]}}],"collection":[{"href":"https:\/\/www.teatrodomma.it\/index.php?rest_route=\/wp\/v2\/posts"}],"about":[{"href":"https:\/\/www.teatrodomma.it\/index.php?rest_route=\/wp\/v2\/types\/post"}],"author":[{"embeddable":true,"href":"https:\/\/www.teatrodomma.it\/index.php?rest_route=\/wp\/v2\/users\/3"}],"replies":[{"embeddable":true,"href":"https:\/\/www.teatrodomma.it\/index.php?rest_route=%2Fwp%2Fv2%2Fcomments&post=3106"}],"version-history":[{"count":0,"href":"https:\/\/www.teatrodomma.it\/index.php?rest_route=\/wp\/v2\/posts\/3106\/revisions"}],"wp:featuredmedia":[{"embeddable":true,"href":"https:\/\/www.teatrodomma.it\/index.php?rest_route=\/wp\/v2\/media\/2707"}],"wp:attachment":[{"href":"https:\/\/www.teatrodomma.it\/index.php?rest_route=%2Fwp%2Fv2%2Fmedia&parent=3106"}],"wp:term":[{"taxonomy":"category","embeddable":true,"href":"https:\/\/www.teatrodomma.it\/index.php?rest_route=%2Fwp%2Fv2%2Fcategories&post=3106"},{"taxonomy":"post_tag","embeddable":true,"href":"https:\/\/www.teatrodomma.it\/index.php?rest_route=%2Fwp%2Fv2%2Ftags&post=3106"}],"curies":[{"name":"wp","href":"https:\/\/api.w.org\/{rel}","templated":true}]}}