{"id":3125,"date":"2020-11-14T12:22:40","date_gmt":"2020-11-14T11:22:40","guid":{"rendered":"https:\/\/www.teatrodomma.it\/?p=3125"},"modified":"2020-11-14T12:22:40","modified_gmt":"2020-11-14T11:22:40","slug":"un-regista-tra-noi","status":"publish","type":"post","link":"https:\/\/www.teatrodomma.it\/?p=3125","title":{"rendered":"Un regista tra noi"},"content":{"rendered":"\n<p class=\"has-background-dark-background-color has-background\"><em><strong>Riccardo Cendamo<\/strong>, classe 1981 e con una formazione da regista, <strong>\u00e8 il nuovo diacono<\/strong> <a href=\"https:\/\/www.romasette.it\/i-diaconi-sacramento-vivo-di-cristo-servo\/\" target=\"_blank\" rel=\"noreferrer noopener\">(ordinato sabato 24 ottobre nella basilica di San Giovanni in Laterano)<\/a> <strong>assegnato alla nostra comunit\u00e0.<\/strong><\/em><\/p>\n\n\n\n<p>Don Cendamo sta completando gli studi in &#8220;<em>Teologia patristica e tradizione dei Padri&#8221; <\/em>all&#8217;Universit\u00e0 Gregoriana e la formazione presso il Collegio diocesano &#8220;Redemptoris Mater&#8221; in vista della sua <strong>ordinazione sacerdotale nella primavera 2021<\/strong>, che lo vedr\u00e0 prossimo ai quarant&#8217;anni e con un <strong>bagaglio personale contenente anche un diploma al DAMS in <\/strong><em><strong>&#8220;Regia cinematografica e programmazione televisiva<\/strong>&#8220;.<\/em><\/p>\n\n\n\n<div class=\"wp-block-image\"><figure class=\"alignleft size-large\"><img loading=\"lazy\" decoding=\"async\" width=\"547\" height=\"1024\" src=\"http:\/\/test.teatrodomma.it\/wp-content\/uploads\/2020\/11\/Riccardo-Cendamo_Regreso-a-casa_locandina-547x1024.jpg\" alt=\"\" class=\"wp-image-3135\" srcset=\"https:\/\/www.teatrodomma.it\/wp-content\/uploads\/2020\/11\/Riccardo-Cendamo_Regreso-a-casa_locandina-547x1024.jpg 547w, https:\/\/www.teatrodomma.it\/wp-content\/uploads\/2020\/11\/Riccardo-Cendamo_Regreso-a-casa_locandina-160x300.jpg 160w, https:\/\/www.teatrodomma.it\/wp-content\/uploads\/2020\/11\/Riccardo-Cendamo_Regreso-a-casa_locandina-768x1436.jpg 768w, https:\/\/www.teatrodomma.it\/wp-content\/uploads\/2020\/11\/Riccardo-Cendamo_Regreso-a-casa_locandina-821x1536.jpg 821w, https:\/\/www.teatrodomma.it\/wp-content\/uploads\/2020\/11\/Riccardo-Cendamo_Regreso-a-casa_locandina-200x374.jpg 200w, https:\/\/www.teatrodomma.it\/wp-content\/uploads\/2020\/11\/Riccardo-Cendamo_Regreso-a-casa_locandina-577x1080.jpg 577w, https:\/\/www.teatrodomma.it\/wp-content\/uploads\/2020\/11\/Riccardo-Cendamo_Regreso-a-casa_locandina.jpg 1080w\" sizes=\"(max-width: 547px) 100vw, 547px\" \/><\/figure><\/div>\n\n\n\n<p><strong>Nel 2013<\/strong> (non ancora &#8220;don&#8221;) Riccardo ha partecipato alla <strong>XI edizione dell&#8217;<a href=\"https:\/\/www.ischiafilmfestival.it\/index.php\/it\/\" target=\"_blank\" rel=\"noreferrer noopener\">Ischia Film Festival<\/a><\/strong> con il cortometraggio <strong><em>&#8220;Regreso a casa<\/em><\/strong>&#8221; (2012), da lui scritto, diretto e montato insieme a <a href=\"http:\/\/www.accademiatogliani.it\/accademia\/docenti\/simone-siragusano\/\" target=\"_blank\" rel=\"noreferrer noopener\">Simone Siragusano<\/a>, con musiche originali del fratello Alessandro Cendamo e di Giorgio De Toma. Girato a Jalisco &#8211; Valle de Guadalupe, il corto racconta la vicenda di un ragazzo, Alex, che dopo molti anni di assenza, torna a casa per riconciliarsi con il padre. Per lui non sar\u00e0 semplice chiedere perdono, perch\u00e9 il padre, a causa della sua malattia, non lo riconosce e sembra non ricordare nulla di quanto accaduto una sera di nove anni prima\u2026<\/p>\n\n\n\n<p><\/p>\n\n\n\n<p>Intervistato da Thefreak.it nel 2013, in qualit\u00e0 di <strong>docente del corso di regia presso l&#8217;<a href=\"http:\/\/www.accademiatogliani.it\/chi-siamo\/\" target=\"_blank\" rel=\"noreferrer noopener\">Accademia Togliani<\/a><\/strong>, alla domanda &#8220;Cosa si prova a girare un film?&#8221; Riccardo ha risposto: <em>&#8220;Per chi ama raccontare le storie non c&#8217;\u00e8 nulla di pi\u00f9 bello che condividere le proprie con gli altri. Il cinema \u00e8 un mezzo potentissimo e vedere la tua storia prendere vita, scorrere su uno schermo cos\u00ec come l\u2019avevi immaginata non ha prezzo, ha il sapore di un miracolo.&#8221;<\/em><\/p>\n\n\n\n<p>S\u00ec, un miracolo. Perch\u00e9 non c\u2019\u00e8 attore senza una regia e, allo stesso modo, un regista non avrebbe materia da plasmare con la propria arte se non esistessero gli attori.\u00a0Questo miracolo accade sul set, ma anche nella vita, dove alla regia c&#8217;\u00e8 Dio. <strong>Circa otto anni fa, il Signore ha suscitato in Riccardo, sua creatura, il desiderio di rispondere &#8220;s\u00ec&#8221; alla chiamata al sacerdozio.<\/strong> L&#8217;adesione alla vocazione sacerdotale, che durante gli anni del seminario lo ha tenuto lontano dai set cinematografici, a ridosso della sua ordinazione gli ha restituito il centuplo, con l&#8217;assegnazione ad una parrocchia e ad un Centro di formazione giovanile dotato di un teatro coperto e di un&#8217;arena all&#8217;aperto, sfruttabili anche come sale-cinema! <a href=\"https:\/\/www.thefreak.it\/irene-caltabiano-presenta-granelli-di-rabbia\/\"><\/a><\/p>\n\n\n\n<p class=\"has-background-dark-background-color has-background\"><strong>Ora don Riccardo \u00e8 stato chiamato a mettersi in cammino in nostra compagnia. Sentiamo gi\u00e0 che sar\u00e0 un viaggio entusiasmante, che ha molte potenzialit\u00e0 e potr\u00e0 riservarci tante belle sorprese.<\/strong><\/p>\n\n\n\n<p>Essere stato assegnato alla nostra comunit\u00e0 e ad un luogo come il Centro di formazione giovanile &#8220;Madonna di Loreto&#8221;, per don Riccardo significa avere pane per i suoi denti. <\/p>\n\n\n\n<p><strong>Il lavoro con gli attori \u00e8 uno degli aspetti pi\u00f9 delicati e decisivi della pratica della regia. <\/strong>Siamo certi che don Riccardo, nell&#8217;approcciarsi ai gruppi giovanili come a qualcosa di organico, sapr\u00e0 cogliere anche la funzione che ogni singolo ragazzo ricopre rispetto al tutto, mantenendo viva l&#8217;intuizione dell&#8217; <em><strong>&#8220;abito su misura&#8221; <\/strong><\/em>avuta per ciascun giovane da don Mario Torregrossa, il fondatore del Centro giovanile.<strong> Nel portare la buona notizia del Vangelo, se da attento regista Riccardo tender\u00e0 alla buona riuscita del proprio lavoro nel suo esito complessivo, da bravo pastore con il tempo imparer\u00e0 a conoscere una per una le giovani pecorelle che gli sono affidate.<\/strong><\/p>\n\n\n\n<figure class=\"wp-block-image size-large is-resized\"><img loading=\"lazy\" decoding=\"async\" src=\"http:\/\/test.teatrodomma.it\/wp-content\/uploads\/2020\/11\/Riccardo-Cendamo_ordinazione-diacono1-1024x683.jpg\" alt=\"\" class=\"wp-image-3163\" width=\"780\" height=\"520\" srcset=\"https:\/\/www.teatrodomma.it\/wp-content\/uploads\/2020\/11\/Riccardo-Cendamo_ordinazione-diacono1-1024x683.jpg 1024w, https:\/\/www.teatrodomma.it\/wp-content\/uploads\/2020\/11\/Riccardo-Cendamo_ordinazione-diacono1-300x200.jpg 300w, https:\/\/www.teatrodomma.it\/wp-content\/uploads\/2020\/11\/Riccardo-Cendamo_ordinazione-diacono1-768x512.jpg 768w, https:\/\/www.teatrodomma.it\/wp-content\/uploads\/2020\/11\/Riccardo-Cendamo_ordinazione-diacono1-1536x1024.jpg 1536w, https:\/\/www.teatrodomma.it\/wp-content\/uploads\/2020\/11\/Riccardo-Cendamo_ordinazione-diacono1-200x133.jpg 200w, https:\/\/www.teatrodomma.it\/wp-content\/uploads\/2020\/11\/Riccardo-Cendamo_ordinazione-diacono1-1620x1080.jpg 1620w, https:\/\/www.teatrodomma.it\/wp-content\/uploads\/2020\/11\/Riccardo-Cendamo_ordinazione-diacono1-272x182.jpg 272w, https:\/\/www.teatrodomma.it\/wp-content\/uploads\/2020\/11\/Riccardo-Cendamo_ordinazione-diacono1.jpg 2048w\" sizes=\"(max-width: 780px) 100vw, 780px\" \/><figcaption><a href=\"https:\/\/www.romasette.it\/i-diaconi-sacramento-vivo-di-cristo-servo\/\" target=\"_blank\" rel=\"noreferrer noopener\">24 ottobre 2020, nella basilica di San Giovanni in Laterano il cardinale De Donatis conferisce l\u2019ordinazione diaconale a Riccardo Cendamo<\/a><\/figcaption><\/figure>\n\n\n\n<p class=\"has-text-align-center has-background-dark-background-color has-background\"><strong>Dopo averlo presentato ed accolto calorosamente, non ci resta che augurargli buon lavoro. MOTORE, CIACK, AZIONE !<\/strong><\/p>\n\n\n\n<figure class=\"wp-block-gallery columns-1 is-cropped wp-block-gallery-1 is-layout-flex wp-block-gallery-is-layout-flex\"><ul class=\"blocks-gallery-grid\"><li class=\"blocks-gallery-item\"><figure><img decoding=\"async\" src=\"https:\/\/www.teatrodomma.it\/wp-content\/uploads\/2020\/11\/Riccardo-Cendamo_Regreso-a-casa_foto1-1024x541.jpg\" alt=\"\" data-id=\"3133\" data-full-url=\"http:\/\/test.teatrodomma.it\/wp-content\/uploads\/2020\/11\/Riccardo-Cendamo_Regreso-a-casa_foto1-e1604828854674.jpg\" data-link=\"https:\/\/www.teatrodomma.it\/?attachment_id=3133\" class=\"wp-image-3133\"\/><figcaption class=\"blocks-gallery-item__caption\">Un fotogramma tratto dal corto &#8220;Regreso a casa&#8221; (2012)  CSPC Europa Onlus<\/figcaption><\/figure><\/li><\/ul><\/figure>\n\n\n\n<p><\/p>\n","protected":false},"excerpt":{"rendered":"<p>Riccardo Cendamo, classe 1981 e con una formazione da regista, \u00e8 il nuovo diacono (ordinato sabato 24 ottobre nella basilica di San Giovanni in Laterano) assegnato alla nostra comunit\u00e0. Don Cendamo sta completando gli studi in &#8220;Teologia patristica e tradizione dei Padri&#8221; all&#8217;Universit\u00e0 Gregoriana e la formazione presso il Collegio diocesano &#8220;Redemptoris Mater&#8221; in vista [&hellip;]<\/p>\n","protected":false},"author":3,"featured_media":3127,"comment_status":"closed","ping_status":"open","sticky":false,"template":"","format":"standard","meta":{"saved_in_kubio":false,"footnotes":""},"categories":[23],"tags":[187,188,189,190,191,192],"class_list":{"0":"post-3125","1":"post","2":"type-post","3":"status-publish","4":"format-standard","5":"has-post-thumbnail","6":"hentry","7":"category-articoli-vari","8":"tag-centro-di-formazione-giovanile-madonna-di-loreto","9":"tag-ischia-film-festival","10":"tag-ordinazione-diaconale","11":"tag-regista","12":"tag-regreso-a-casa","13":"tag-riccardo-cendamo","15":"post-with-thumbnail","16":"post-with-thumbnail-large"},"yoast_head":"<!-- This site is optimized with the Yoast SEO plugin v25.8 - https:\/\/yoast.com\/wordpress\/plugins\/seo\/ -->\n<title>Un regista tra noi - Teatro Domma<\/title>\n<meta name=\"robots\" content=\"index, follow, max-snippet:-1, max-image-preview:large, max-video-preview:-1\" \/>\n<link rel=\"canonical\" href=\"https:\/\/www.teatrodomma.it\/?p=3125\" \/>\n<meta property=\"og:locale\" content=\"it_IT\" \/>\n<meta property=\"og:type\" content=\"article\" \/>\n<meta property=\"og:title\" content=\"Un regista tra noi - Teatro Domma\" \/>\n<meta property=\"og:description\" content=\"Riccardo Cendamo, classe 1981 e con una formazione da regista, \u00e8 il nuovo diacono (ordinato sabato 24 ottobre nella basilica di San Giovanni in Laterano) assegnato alla nostra comunit\u00e0. Don Cendamo sta completando gli studi in &#8220;Teologia patristica e tradizione dei Padri&#8221; all&#8217;Universit\u00e0 Gregoriana e la formazione presso il Collegio diocesano &#8220;Redemptoris Mater&#8221; in vista [&hellip;]\" \/>\n<meta property=\"og:url\" content=\"https:\/\/www.teatrodomma.it\/?p=3125\" \/>\n<meta property=\"og:site_name\" content=\"Teatro Domma\" \/>\n<meta property=\"article:publisher\" content=\"https:\/\/www.facebook.com\/p\/Teatro-Domma-61556981831878\/?locale=it_IT\" \/>\n<meta property=\"article:published_time\" content=\"2020-11-14T11:22:40+00:00\" \/>\n<meta property=\"og:image\" content=\"https:\/\/www.teatrodomma.it\/wp-content\/uploads\/2020\/11\/Riccardo-Cendamo_1-e1604827820884.jpg\" \/>\n\t<meta property=\"og:image:width\" content=\"900\" \/>\n\t<meta property=\"og:image:height\" content=\"890\" \/>\n\t<meta property=\"og:image:type\" content=\"image\/jpeg\" \/>\n<meta name=\"author\" content=\"Margherita De Donato\" \/>\n<meta name=\"twitter:card\" content=\"summary_large_image\" \/>\n<meta name=\"twitter:label1\" content=\"Scritto da\" \/>\n\t<meta name=\"twitter:data1\" content=\"Margherita De Donato\" \/>\n\t<meta name=\"twitter:label2\" content=\"Tempo di lettura stimato\" \/>\n\t<meta name=\"twitter:data2\" content=\"3 minuti\" \/>\n<script type=\"application\/ld+json\" class=\"yoast-schema-graph\">{\"@context\":\"https:\/\/schema.org\",\"@graph\":[{\"@type\":\"Article\",\"@id\":\"https:\/\/www.teatrodomma.it\/?p=3125#article\",\"isPartOf\":{\"@id\":\"https:\/\/www.teatrodomma.it\/?p=3125\"},\"author\":{\"name\":\"Margherita De Donato\",\"@id\":\"https:\/\/www.teatrodomma.it\/#\/schema\/person\/8a1f09bf4c695307c8aef38d93aa0e84\"},\"headline\":\"Un regista tra noi\",\"datePublished\":\"2020-11-14T11:22:40+00:00\",\"mainEntityOfPage\":{\"@id\":\"https:\/\/www.teatrodomma.it\/?p=3125\"},\"wordCount\":601,\"publisher\":{\"@id\":\"https:\/\/www.teatrodomma.it\/#organization\"},\"image\":{\"@id\":\"https:\/\/www.teatrodomma.it\/?p=3125#primaryimage\"},\"thumbnailUrl\":\"https:\/\/www.teatrodomma.it\/wp-content\/uploads\/2020\/11\/Riccardo-Cendamo_1-e1604827820884.jpg\",\"keywords\":[\"Centro di formazione giovanile Madonna di Loreto\",\"Ischia Film Festival\",\"ordinazione diaconale\",\"regista\",\"Regreso a casa\",\"Riccardo Cendamo\"],\"articleSection\":[\"Articoli vari\"],\"inLanguage\":\"it-IT\"},{\"@type\":\"WebPage\",\"@id\":\"https:\/\/www.teatrodomma.it\/?p=3125\",\"url\":\"https:\/\/www.teatrodomma.it\/?p=3125\",\"name\":\"Un regista tra noi - Teatro Domma\",\"isPartOf\":{\"@id\":\"https:\/\/www.teatrodomma.it\/#website\"},\"primaryImageOfPage\":{\"@id\":\"https:\/\/www.teatrodomma.it\/?p=3125#primaryimage\"},\"image\":{\"@id\":\"https:\/\/www.teatrodomma.it\/?p=3125#primaryimage\"},\"thumbnailUrl\":\"https:\/\/www.teatrodomma.it\/wp-content\/uploads\/2020\/11\/Riccardo-Cendamo_1-e1604827820884.jpg\",\"datePublished\":\"2020-11-14T11:22:40+00:00\",\"breadcrumb\":{\"@id\":\"https:\/\/www.teatrodomma.it\/?p=3125#breadcrumb\"},\"inLanguage\":\"it-IT\",\"potentialAction\":[{\"@type\":\"ReadAction\",\"target\":[\"https:\/\/www.teatrodomma.it\/?p=3125\"]}]},{\"@type\":\"ImageObject\",\"inLanguage\":\"it-IT\",\"@id\":\"https:\/\/www.teatrodomma.it\/?p=3125#primaryimage\",\"url\":\"https:\/\/www.teatrodomma.it\/wp-content\/uploads\/2020\/11\/Riccardo-Cendamo_1-e1604827820884.jpg\",\"contentUrl\":\"https:\/\/www.teatrodomma.it\/wp-content\/uploads\/2020\/11\/Riccardo-Cendamo_1-e1604827820884.jpg\",\"width\":900,\"height\":890},{\"@type\":\"BreadcrumbList\",\"@id\":\"https:\/\/www.teatrodomma.it\/?p=3125#breadcrumb\",\"itemListElement\":[{\"@type\":\"ListItem\",\"position\":1,\"name\":\"Home\",\"item\":\"https:\/\/www.teatrodomma.it\/\"},{\"@type\":\"ListItem\",\"position\":2,\"name\":\"Un regista tra noi\"}]},{\"@type\":\"WebSite\",\"@id\":\"https:\/\/www.teatrodomma.it\/#website\",\"url\":\"https:\/\/www.teatrodomma.it\/\",\"name\":\"Teatro Domma\",\"description\":\"\",\"publisher\":{\"@id\":\"https:\/\/www.teatrodomma.it\/#organization\"},\"potentialAction\":[{\"@type\":\"SearchAction\",\"target\":{\"@type\":\"EntryPoint\",\"urlTemplate\":\"https:\/\/www.teatrodomma.it\/?s={search_term_string}\"},\"query-input\":{\"@type\":\"PropertyValueSpecification\",\"valueRequired\":true,\"valueName\":\"search_term_string\"}}],\"inLanguage\":\"it-IT\"},{\"@type\":\"Organization\",\"@id\":\"https:\/\/www.teatrodomma.it\/#organization\",\"name\":\"Teatro Domma\",\"url\":\"https:\/\/www.teatrodomma.it\/\",\"logo\":{\"@type\":\"ImageObject\",\"inLanguage\":\"it-IT\",\"@id\":\"https:\/\/www.teatrodomma.it\/#\/schema\/logo\/image\/\",\"url\":\"https:\/\/www.teatrodomma.it\/wp-content\/uploads\/2025\/01\/LOGOICON-edited-2.png\",\"contentUrl\":\"https:\/\/www.teatrodomma.it\/wp-content\/uploads\/2025\/01\/LOGOICON-edited-2.png\",\"width\":510,\"height\":287,\"caption\":\"Teatro Domma\"},\"image\":{\"@id\":\"https:\/\/www.teatrodomma.it\/#\/schema\/logo\/image\/\"},\"sameAs\":[\"https:\/\/www.facebook.com\/p\/Teatro-Domma-61556981831878\/?locale=it_IT\",\"https:\/\/www.instagram.com\/teatro_domma\/\"]},{\"@type\":\"Person\",\"@id\":\"https:\/\/www.teatrodomma.it\/#\/schema\/person\/8a1f09bf4c695307c8aef38d93aa0e84\",\"name\":\"Margherita De Donato\",\"image\":{\"@type\":\"ImageObject\",\"inLanguage\":\"it-IT\",\"@id\":\"https:\/\/www.teatrodomma.it\/#\/schema\/person\/image\/\",\"url\":\"https:\/\/secure.gravatar.com\/avatar\/0fbebb2201a984022de9f07361f7fe88cb7fcefd6be5e33abf5559102ec20088?s=96&d=mm&r=g\",\"contentUrl\":\"https:\/\/secure.gravatar.com\/avatar\/0fbebb2201a984022de9f07361f7fe88cb7fcefd6be5e33abf5559102ec20088?s=96&d=mm&r=g\",\"caption\":\"Margherita De Donato\"},\"url\":\"https:\/\/www.teatrodomma.it\/?author=3\"}]}<\/script>\n<!-- \/ Yoast SEO plugin. -->","yoast_head_json":{"title":"Un regista tra noi - Teatro Domma","robots":{"index":"index","follow":"follow","max-snippet":"max-snippet:-1","max-image-preview":"max-image-preview:large","max-video-preview":"max-video-preview:-1"},"canonical":"https:\/\/www.teatrodomma.it\/?p=3125","og_locale":"it_IT","og_type":"article","og_title":"Un regista tra noi - Teatro Domma","og_description":"Riccardo Cendamo, classe 1981 e con una formazione da regista, \u00e8 il nuovo diacono (ordinato sabato 24 ottobre nella basilica di San Giovanni in Laterano) assegnato alla nostra comunit\u00e0. Don Cendamo sta completando gli studi in &#8220;Teologia patristica e tradizione dei Padri&#8221; all&#8217;Universit\u00e0 Gregoriana e la formazione presso il Collegio diocesano &#8220;Redemptoris Mater&#8221; in vista [&hellip;]","og_url":"https:\/\/www.teatrodomma.it\/?p=3125","og_site_name":"Teatro Domma","article_publisher":"https:\/\/www.facebook.com\/p\/Teatro-Domma-61556981831878\/?locale=it_IT","article_published_time":"2020-11-14T11:22:40+00:00","og_image":[{"width":900,"height":890,"url":"https:\/\/www.teatrodomma.it\/wp-content\/uploads\/2020\/11\/Riccardo-Cendamo_1-e1604827820884.jpg","type":"image\/jpeg"}],"author":"Margherita De Donato","twitter_card":"summary_large_image","twitter_misc":{"Scritto da":"Margherita De Donato","Tempo di lettura stimato":"3 minuti"},"schema":{"@context":"https:\/\/schema.org","@graph":[{"@type":"Article","@id":"https:\/\/www.teatrodomma.it\/?p=3125#article","isPartOf":{"@id":"https:\/\/www.teatrodomma.it\/?p=3125"},"author":{"name":"Margherita De Donato","@id":"https:\/\/www.teatrodomma.it\/#\/schema\/person\/8a1f09bf4c695307c8aef38d93aa0e84"},"headline":"Un regista tra noi","datePublished":"2020-11-14T11:22:40+00:00","mainEntityOfPage":{"@id":"https:\/\/www.teatrodomma.it\/?p=3125"},"wordCount":601,"publisher":{"@id":"https:\/\/www.teatrodomma.it\/#organization"},"image":{"@id":"https:\/\/www.teatrodomma.it\/?p=3125#primaryimage"},"thumbnailUrl":"https:\/\/www.teatrodomma.it\/wp-content\/uploads\/2020\/11\/Riccardo-Cendamo_1-e1604827820884.jpg","keywords":["Centro di formazione giovanile Madonna di Loreto","Ischia Film Festival","ordinazione diaconale","regista","Regreso a casa","Riccardo Cendamo"],"articleSection":["Articoli vari"],"inLanguage":"it-IT"},{"@type":"WebPage","@id":"https:\/\/www.teatrodomma.it\/?p=3125","url":"https:\/\/www.teatrodomma.it\/?p=3125","name":"Un regista tra noi - Teatro Domma","isPartOf":{"@id":"https:\/\/www.teatrodomma.it\/#website"},"primaryImageOfPage":{"@id":"https:\/\/www.teatrodomma.it\/?p=3125#primaryimage"},"image":{"@id":"https:\/\/www.teatrodomma.it\/?p=3125#primaryimage"},"thumbnailUrl":"https:\/\/www.teatrodomma.it\/wp-content\/uploads\/2020\/11\/Riccardo-Cendamo_1-e1604827820884.jpg","datePublished":"2020-11-14T11:22:40+00:00","breadcrumb":{"@id":"https:\/\/www.teatrodomma.it\/?p=3125#breadcrumb"},"inLanguage":"it-IT","potentialAction":[{"@type":"ReadAction","target":["https:\/\/www.teatrodomma.it\/?p=3125"]}]},{"@type":"ImageObject","inLanguage":"it-IT","@id":"https:\/\/www.teatrodomma.it\/?p=3125#primaryimage","url":"https:\/\/www.teatrodomma.it\/wp-content\/uploads\/2020\/11\/Riccardo-Cendamo_1-e1604827820884.jpg","contentUrl":"https:\/\/www.teatrodomma.it\/wp-content\/uploads\/2020\/11\/Riccardo-Cendamo_1-e1604827820884.jpg","width":900,"height":890},{"@type":"BreadcrumbList","@id":"https:\/\/www.teatrodomma.it\/?p=3125#breadcrumb","itemListElement":[{"@type":"ListItem","position":1,"name":"Home","item":"https:\/\/www.teatrodomma.it\/"},{"@type":"ListItem","position":2,"name":"Un regista tra noi"}]},{"@type":"WebSite","@id":"https:\/\/www.teatrodomma.it\/#website","url":"https:\/\/www.teatrodomma.it\/","name":"Teatro Domma","description":"","publisher":{"@id":"https:\/\/www.teatrodomma.it\/#organization"},"potentialAction":[{"@type":"SearchAction","target":{"@type":"EntryPoint","urlTemplate":"https:\/\/www.teatrodomma.it\/?s={search_term_string}"},"query-input":{"@type":"PropertyValueSpecification","valueRequired":true,"valueName":"search_term_string"}}],"inLanguage":"it-IT"},{"@type":"Organization","@id":"https:\/\/www.teatrodomma.it\/#organization","name":"Teatro Domma","url":"https:\/\/www.teatrodomma.it\/","logo":{"@type":"ImageObject","inLanguage":"it-IT","@id":"https:\/\/www.teatrodomma.it\/#\/schema\/logo\/image\/","url":"https:\/\/www.teatrodomma.it\/wp-content\/uploads\/2025\/01\/LOGOICON-edited-2.png","contentUrl":"https:\/\/www.teatrodomma.it\/wp-content\/uploads\/2025\/01\/LOGOICON-edited-2.png","width":510,"height":287,"caption":"Teatro Domma"},"image":{"@id":"https:\/\/www.teatrodomma.it\/#\/schema\/logo\/image\/"},"sameAs":["https:\/\/www.facebook.com\/p\/Teatro-Domma-61556981831878\/?locale=it_IT","https:\/\/www.instagram.com\/teatro_domma\/"]},{"@type":"Person","@id":"https:\/\/www.teatrodomma.it\/#\/schema\/person\/8a1f09bf4c695307c8aef38d93aa0e84","name":"Margherita De Donato","image":{"@type":"ImageObject","inLanguage":"it-IT","@id":"https:\/\/www.teatrodomma.it\/#\/schema\/person\/image\/","url":"https:\/\/secure.gravatar.com\/avatar\/0fbebb2201a984022de9f07361f7fe88cb7fcefd6be5e33abf5559102ec20088?s=96&d=mm&r=g","contentUrl":"https:\/\/secure.gravatar.com\/avatar\/0fbebb2201a984022de9f07361f7fe88cb7fcefd6be5e33abf5559102ec20088?s=96&d=mm&r=g","caption":"Margherita De Donato"},"url":"https:\/\/www.teatrodomma.it\/?author=3"}]}},"_links":{"self":[{"href":"https:\/\/www.teatrodomma.it\/index.php?rest_route=\/wp\/v2\/posts\/3125","targetHints":{"allow":["GET"]}}],"collection":[{"href":"https:\/\/www.teatrodomma.it\/index.php?rest_route=\/wp\/v2\/posts"}],"about":[{"href":"https:\/\/www.teatrodomma.it\/index.php?rest_route=\/wp\/v2\/types\/post"}],"author":[{"embeddable":true,"href":"https:\/\/www.teatrodomma.it\/index.php?rest_route=\/wp\/v2\/users\/3"}],"replies":[{"embeddable":true,"href":"https:\/\/www.teatrodomma.it\/index.php?rest_route=%2Fwp%2Fv2%2Fcomments&post=3125"}],"version-history":[{"count":0,"href":"https:\/\/www.teatrodomma.it\/index.php?rest_route=\/wp\/v2\/posts\/3125\/revisions"}],"wp:featuredmedia":[{"embeddable":true,"href":"https:\/\/www.teatrodomma.it\/index.php?rest_route=\/wp\/v2\/media\/3127"}],"wp:attachment":[{"href":"https:\/\/www.teatrodomma.it\/index.php?rest_route=%2Fwp%2Fv2%2Fmedia&parent=3125"}],"wp:term":[{"taxonomy":"category","embeddable":true,"href":"https:\/\/www.teatrodomma.it\/index.php?rest_route=%2Fwp%2Fv2%2Fcategories&post=3125"},{"taxonomy":"post_tag","embeddable":true,"href":"https:\/\/www.teatrodomma.it\/index.php?rest_route=%2Fwp%2Fv2%2Ftags&post=3125"}],"curies":[{"name":"wp","href":"https:\/\/api.w.org\/{rel}","templated":true}]}}