{"id":31655,"date":"2025-03-27T16:36:10","date_gmt":"2025-03-27T15:36:10","guid":{"rendered":"https:\/\/www.teatrodomma.it\/?p=31655"},"modified":"2025-06-13T15:52:57","modified_gmt":"2025-06-13T13:52:57","slug":"27-marzo-giornata-mondiale-del-teatro","status":"publish","type":"post","link":"https:\/\/www.teatrodomma.it\/?p=31655","title":{"rendered":"27 marzo: Giornata Mondiale del Teatro"},"content":{"rendered":"\n<p><em>La ricorrenza \u00e8 nata con l\u2019obiettivo di promuovere il valore universale del teatro e sottolinearne l\u2019importanza culturale e sociale.<\/em><\/p>\n\n\n\n<p><strong>\u00c8 stata creata a Vienna nel 1961<\/strong> durante il IX Congresso mondiale dell&#8217;Istituto Internazionale del Teatro su proposta di Arvi Kivimaa a nome del Centro Finlandese.<\/p>\n\n\n\n<p><strong>Dal 27 marzo 1962<\/strong>, la Giornata Mondiale del Teatro \u00e8 celebrata dai Centri Nazionali dell&#8217;I.T.I. che esistono in un centinaio di paesi del mondo. Per l\u2019occasione viene richiesto ad una personalit\u00e0 del teatro, della musica e della cultura in genere di scrivere un messaggio.<\/p>\n\n\n\n<p><strong>Per la 63esima edizione nel suo messaggio <a href=\"http:\/\/chrome-extension:\/\/efaidnbmnnnibpcajpcglclefindmkaj\/https:\/\/spettacolo.cultura.gov.it\/wp-content\/uploads\/2025\/03\/GMT2025_Theodoros_Terzopoulos_Bio_Ita.pdf\">Theodoros Terzopoulos<\/a><\/strong>, uno dei grandi maestri della scena contemporanea, <strong>riflette  sul bisogno di nuovi modi narrativi<\/strong> che coltivino la memoria e creino una nuova responsabilit\u00e0 morale e politica per fuoriuscire dalla multiforme dittatura del Medioevo odierno.<\/p>\n\n\n\n<p class=\"has-text-align-center\"> <strong><a href=\"https:\/\/spettacolo.cultura.gov.it\/wp-content\/uploads\/2025\/03\/GMT2025_Messaggio_Theodoros_Terzopoulos_Ita.pdf\" target=\"_blank\" rel=\"noreferrer noopener\">MESSAGGIO di THEODOROS TERZOPOULUS<\/a><\/strong><\/p>\n\n\n\n<p class=\"has-text-align-center\"><\/p>\n\n\n<div class=\"wp-block-image\">\n<figure class=\"aligncenter size-large\"><img loading=\"lazy\" decoding=\"async\" width=\"1024\" height=\"1024\" src=\"http:\/\/www.teatrodomma.it\/wp-content\/uploads\/2020\/03\/licensed-image-1024x1024.jpeg\" alt=\"\" class=\"wp-image-31273\"\/><\/figure>\n<\/div>\n\n\n<figure class=\"wp-block-embed is-type-video is-provider-youtube wp-block-embed-youtube wp-embed-aspect-16-9 wp-has-aspect-ratio\"><div class=\"wp-block-embed__wrapper\">\n<iframe loading=\"lazy\" title=\"Giornata del Teatro, una delle forme d\u2019arte pi\u00f9 antiche\" width=\"720\" height=\"405\" src=\"https:\/\/www.youtube.com\/embed\/v88fblDNEII?feature=oembed\" frameborder=\"0\" allow=\"accelerometer; autoplay; clipboard-write; encrypted-media; gyroscope; picture-in-picture; web-share\" referrerpolicy=\"strict-origin-when-cross-origin\" allowfullscreen><\/iframe>\n<\/div><\/figure>\n\n\n\n<p><\/p>\n\n\n\n<p class=\"has-text-align-center\"><strong>In questo giorno particolare vogliamo ricordare alcuni grandi artisti&#8230;<\/strong><\/p>\n\n\n\n<p><\/p>\n\n\n<div class=\"wp-block-image\">\n<figure class=\"aligncenter size-full\"><img loading=\"lazy\" decoding=\"async\" width=\"557\" height=\"569\" src=\"http:\/\/www.teatrodomma.it\/wp-content\/uploads\/2022\/12\/Vittorio-Gassman1.jpg\" alt=\"\" class=\"wp-image-10394\" srcset=\"https:\/\/www.teatrodomma.it\/wp-content\/uploads\/2022\/12\/Vittorio-Gassman1.jpg 557w, https:\/\/www.teatrodomma.it\/wp-content\/uploads\/2022\/12\/Vittorio-Gassman1-294x300.jpg 294w, https:\/\/www.teatrodomma.it\/wp-content\/uploads\/2022\/12\/Vittorio-Gassman1-200x204.jpg 200w\" sizes=\"(max-width: 557px) 100vw, 557px\" \/><\/figure>\n<\/div>\n\n\n<p class=\"has-text-align-center\"><em>L&#8217;attore \u00e8 un bugiardo al quale si chiede la massima sincerit\u00e0<\/em> <strong>(Vittorio Gassman)<\/strong><\/p>\n\n\n\n<p class=\"has-text-align-center\"><\/p>\n\n\n<div class=\"wp-block-image\">\n<figure class=\"aligncenter size-full\"><img loading=\"lazy\" decoding=\"async\" width=\"900\" height=\"677\" src=\"http:\/\/www.teatrodomma.it\/wp-content\/uploads\/2022\/11\/Monica-Vitti_primopiano-e1668589729604.jpg\" alt=\"\" class=\"wp-image-8412\" srcset=\"https:\/\/www.teatrodomma.it\/wp-content\/uploads\/2022\/11\/Monica-Vitti_primopiano-e1668589729604.jpg 900w, https:\/\/www.teatrodomma.it\/wp-content\/uploads\/2022\/11\/Monica-Vitti_primopiano-e1668589729604-300x226.jpg 300w, https:\/\/www.teatrodomma.it\/wp-content\/uploads\/2022\/11\/Monica-Vitti_primopiano-e1668589729604-768x578.jpg 768w, https:\/\/www.teatrodomma.it\/wp-content\/uploads\/2022\/11\/Monica-Vitti_primopiano-e1668589729604-200x150.jpg 200w\" sizes=\"(max-width: 900px) 100vw, 900px\" \/><\/figure>\n<\/div>\n\n\n<p class=\"has-text-align-center\" id=\"block-cbbb7277-093f-491e-8aa1-f125c5c37f46\"><em>Non mi poso mai sulle parole, ma sulle emozioni<\/em> <strong>(Monica Vitti)<\/strong><\/p>\n\n\n\n<p><\/p>\n\n\n\n<figure class=\"wp-block-image size-full\"><img loading=\"lazy\" decoding=\"async\" width=\"900\" height=\"900\" src=\"http:\/\/www.teatrodomma.it\/wp-content\/uploads\/2022\/11\/Proietti_murales-e1667410504257.jpg\" alt=\"\" class=\"wp-image-7982\" srcset=\"https:\/\/www.teatrodomma.it\/wp-content\/uploads\/2022\/11\/Proietti_murales-e1667410504257.jpg 900w, https:\/\/www.teatrodomma.it\/wp-content\/uploads\/2022\/11\/Proietti_murales-e1667410504257-300x300.jpg 300w, https:\/\/www.teatrodomma.it\/wp-content\/uploads\/2022\/11\/Proietti_murales-e1667410504257-150x150.jpg 150w, https:\/\/www.teatrodomma.it\/wp-content\/uploads\/2022\/11\/Proietti_murales-e1667410504257-768x768.jpg 768w, https:\/\/www.teatrodomma.it\/wp-content\/uploads\/2022\/11\/Proietti_murales-e1667410504257-200x200.jpg 200w, https:\/\/www.teatrodomma.it\/wp-content\/uploads\/2022\/11\/Proietti_murales-e1667410504257-144x144.jpg 144w\" sizes=\"(max-width: 900px) 100vw, 900px\" \/><\/figure>\n\n\n\n<p class=\"has-text-align-center\" id=\"block-d29c5abf-9ef0-4d48-8919-366e900e9bc3\"><em>Benvenuti a teatro. Dove tutto \u00e8 finto ma niente \u00e8 falso<\/em> <strong>(Gigi Proietti)<\/strong><\/p>\n\n\n\n<p><\/p>\n\n\n<div class=\"wp-block-image\">\n<figure class=\"aligncenter size-full\"><img loading=\"lazy\" decoding=\"async\" width=\"260\" height=\"260\" src=\"http:\/\/www.teatrodomma.it\/wp-content\/uploads\/2020\/05\/Eduardo_De_Filippo.gif\" alt=\"\" class=\"wp-image-1742\"\/><\/figure>\n<\/div>\n\n\n<p><\/p>\n\n\n\n<p id=\"block-50740990-c20f-4c91-98d7-f058aec7080f\"><em>\u00ab\u2026 \u00e8 stata tutta una vita di sacrifici e di gelo! Cos\u00ec si fa il teatro. Cos\u00ec ho fatto! Ma il cuore ha tremato sempre tutte le sere! E l&#8217;ho pagato, anche stasera mi batte il cuore e continuer\u00e0 a battere anche quando si sar\u00e0 fermato.\u00bb<\/em> <strong>(Dall&#8217;ultimo discorso di Eduardo a\u00a0Taormina, 15 settembre 1984)<\/strong><\/p>\n","protected":false},"excerpt":{"rendered":"<p>La ricorrenza \u00e8 nata con l\u2019obiettivo di promuovere il valore universale del teatro e sottolinearne l\u2019importanza culturale e sociale. \u00c8 stata creata a Vienna nel 1961 durante il IX Congresso mondiale dell&#8217;Istituto Internazionale del Teatro su proposta di Arvi Kivimaa a nome del Centro Finlandese. Dal 27 marzo 1962, la Giornata Mondiale del Teatro \u00e8 [&hellip;]<\/p>\n","protected":false},"author":3,"featured_media":28996,"comment_status":"closed","ping_status":"open","sticky":false,"template":"","format":"standard","meta":{"saved_in_kubio":false,"footnotes":""},"categories":[23],"tags":[215],"class_list":{"0":"post-31655","1":"post","2":"type-post","3":"status-publish","4":"format-standard","5":"has-post-thumbnail","6":"hentry","7":"category-articoli-vari","8":"tag-giornata-mondiale-del-teatro","10":"post-with-thumbnail","11":"post-with-thumbnail-large"},"yoast_head":"<!-- This site is optimized with the Yoast SEO plugin v25.8 - https:\/\/yoast.com\/wordpress\/plugins\/seo\/ -->\n<title>27 marzo: Giornata Mondiale del Teatro - Teatro Domma<\/title>\n<meta name=\"robots\" content=\"index, follow, max-snippet:-1, max-image-preview:large, max-video-preview:-1\" \/>\n<link rel=\"canonical\" href=\"https:\/\/www.teatrodomma.it\/?p=31655\" \/>\n<meta property=\"og:locale\" content=\"it_IT\" \/>\n<meta property=\"og:type\" content=\"article\" \/>\n<meta property=\"og:title\" content=\"27 marzo: Giornata Mondiale del Teatro - Teatro Domma\" \/>\n<meta property=\"og:description\" content=\"La ricorrenza \u00e8 nata con l\u2019obiettivo di promuovere il valore universale del teatro e sottolinearne l\u2019importanza culturale e sociale. \u00c8 stata creata a Vienna nel 1961 durante il IX Congresso mondiale dell&#8217;Istituto Internazionale del Teatro su proposta di Arvi Kivimaa a nome del Centro Finlandese. Dal 27 marzo 1962, la Giornata Mondiale del Teatro \u00e8 [&hellip;]\" \/>\n<meta property=\"og:url\" content=\"https:\/\/www.teatrodomma.it\/?p=31655\" \/>\n<meta property=\"og:site_name\" content=\"Teatro Domma\" \/>\n<meta property=\"article:publisher\" content=\"https:\/\/www.facebook.com\/p\/Teatro-Domma-61556981831878\/?locale=it_IT\" \/>\n<meta property=\"article:published_time\" content=\"2025-03-27T15:36:10+00:00\" \/>\n<meta property=\"article:modified_time\" content=\"2025-06-13T13:52:57+00:00\" \/>\n<meta property=\"og:image\" content=\"http:\/\/www.teatrodomma.it\/wp-content\/uploads\/2024\/06\/Sipario-chiuso-e1718630051970.jpg\" \/>\n\t<meta property=\"og:image:width\" content=\"900\" \/>\n\t<meta property=\"og:image:height\" content=\"506\" \/>\n\t<meta property=\"og:image:type\" content=\"image\/jpeg\" \/>\n<meta name=\"author\" content=\"Margherita De Donato\" \/>\n<meta name=\"twitter:card\" content=\"summary_large_image\" \/>\n<meta name=\"twitter:label1\" content=\"Scritto da\" \/>\n\t<meta name=\"twitter:data1\" content=\"Margherita De Donato\" \/>\n\t<meta name=\"twitter:label2\" content=\"Tempo di lettura stimato\" \/>\n\t<meta name=\"twitter:data2\" content=\"3 minuti\" \/>\n<script type=\"application\/ld+json\" class=\"yoast-schema-graph\">{\"@context\":\"https:\/\/schema.org\",\"@graph\":[{\"@type\":\"Article\",\"@id\":\"https:\/\/www.teatrodomma.it\/?p=31655#article\",\"isPartOf\":{\"@id\":\"https:\/\/www.teatrodomma.it\/?p=31655\"},\"author\":{\"name\":\"Margherita De Donato\",\"@id\":\"https:\/\/www.teatrodomma.it\/#\/schema\/person\/8a1f09bf4c695307c8aef38d93aa0e84\"},\"headline\":\"27 marzo: Giornata Mondiale del Teatro\",\"datePublished\":\"2025-03-27T15:36:10+00:00\",\"dateModified\":\"2025-06-13T13:52:57+00:00\",\"mainEntityOfPage\":{\"@id\":\"https:\/\/www.teatrodomma.it\/?p=31655\"},\"wordCount\":247,\"publisher\":{\"@id\":\"https:\/\/www.teatrodomma.it\/#organization\"},\"image\":{\"@id\":\"https:\/\/www.teatrodomma.it\/?p=31655#primaryimage\"},\"thumbnailUrl\":\"https:\/\/www.teatrodomma.it\/wp-content\/uploads\/2024\/06\/Sipario-chiuso-e1718630051970.jpg\",\"keywords\":[\"Giornata Mondiale del Teatro\"],\"articleSection\":[\"Articoli vari\"],\"inLanguage\":\"it-IT\"},{\"@type\":\"WebPage\",\"@id\":\"https:\/\/www.teatrodomma.it\/?p=31655\",\"url\":\"https:\/\/www.teatrodomma.it\/?p=31655\",\"name\":\"27 marzo: Giornata Mondiale del Teatro - Teatro Domma\",\"isPartOf\":{\"@id\":\"https:\/\/www.teatrodomma.it\/#website\"},\"primaryImageOfPage\":{\"@id\":\"https:\/\/www.teatrodomma.it\/?p=31655#primaryimage\"},\"image\":{\"@id\":\"https:\/\/www.teatrodomma.it\/?p=31655#primaryimage\"},\"thumbnailUrl\":\"https:\/\/www.teatrodomma.it\/wp-content\/uploads\/2024\/06\/Sipario-chiuso-e1718630051970.jpg\",\"datePublished\":\"2025-03-27T15:36:10+00:00\",\"dateModified\":\"2025-06-13T13:52:57+00:00\",\"breadcrumb\":{\"@id\":\"https:\/\/www.teatrodomma.it\/?p=31655#breadcrumb\"},\"inLanguage\":\"it-IT\",\"potentialAction\":[{\"@type\":\"ReadAction\",\"target\":[\"https:\/\/www.teatrodomma.it\/?p=31655\"]}]},{\"@type\":\"ImageObject\",\"inLanguage\":\"it-IT\",\"@id\":\"https:\/\/www.teatrodomma.it\/?p=31655#primaryimage\",\"url\":\"https:\/\/www.teatrodomma.it\/wp-content\/uploads\/2024\/06\/Sipario-chiuso-e1718630051970.jpg\",\"contentUrl\":\"https:\/\/www.teatrodomma.it\/wp-content\/uploads\/2024\/06\/Sipario-chiuso-e1718630051970.jpg\",\"width\":900,\"height\":506},{\"@type\":\"BreadcrumbList\",\"@id\":\"https:\/\/www.teatrodomma.it\/?p=31655#breadcrumb\",\"itemListElement\":[{\"@type\":\"ListItem\",\"position\":1,\"name\":\"Home\",\"item\":\"https:\/\/www.teatrodomma.it\/\"},{\"@type\":\"ListItem\",\"position\":2,\"name\":\"27 marzo: Giornata Mondiale del Teatro\"}]},{\"@type\":\"WebSite\",\"@id\":\"https:\/\/www.teatrodomma.it\/#website\",\"url\":\"https:\/\/www.teatrodomma.it\/\",\"name\":\"Teatro Domma\",\"description\":\"\",\"publisher\":{\"@id\":\"https:\/\/www.teatrodomma.it\/#organization\"},\"potentialAction\":[{\"@type\":\"SearchAction\",\"target\":{\"@type\":\"EntryPoint\",\"urlTemplate\":\"https:\/\/www.teatrodomma.it\/?s={search_term_string}\"},\"query-input\":{\"@type\":\"PropertyValueSpecification\",\"valueRequired\":true,\"valueName\":\"search_term_string\"}}],\"inLanguage\":\"it-IT\"},{\"@type\":\"Organization\",\"@id\":\"https:\/\/www.teatrodomma.it\/#organization\",\"name\":\"Teatro Domma\",\"url\":\"https:\/\/www.teatrodomma.it\/\",\"logo\":{\"@type\":\"ImageObject\",\"inLanguage\":\"it-IT\",\"@id\":\"https:\/\/www.teatrodomma.it\/#\/schema\/logo\/image\/\",\"url\":\"https:\/\/www.teatrodomma.it\/wp-content\/uploads\/2025\/01\/LOGOICON-edited-2.png\",\"contentUrl\":\"https:\/\/www.teatrodomma.it\/wp-content\/uploads\/2025\/01\/LOGOICON-edited-2.png\",\"width\":510,\"height\":287,\"caption\":\"Teatro Domma\"},\"image\":{\"@id\":\"https:\/\/www.teatrodomma.it\/#\/schema\/logo\/image\/\"},\"sameAs\":[\"https:\/\/www.facebook.com\/p\/Teatro-Domma-61556981831878\/?locale=it_IT\",\"https:\/\/www.instagram.com\/teatro_domma\/\"]},{\"@type\":\"Person\",\"@id\":\"https:\/\/www.teatrodomma.it\/#\/schema\/person\/8a1f09bf4c695307c8aef38d93aa0e84\",\"name\":\"Margherita De Donato\",\"image\":{\"@type\":\"ImageObject\",\"inLanguage\":\"it-IT\",\"@id\":\"https:\/\/www.teatrodomma.it\/#\/schema\/person\/image\/\",\"url\":\"https:\/\/secure.gravatar.com\/avatar\/0fbebb2201a984022de9f07361f7fe88cb7fcefd6be5e33abf5559102ec20088?s=96&d=mm&r=g\",\"contentUrl\":\"https:\/\/secure.gravatar.com\/avatar\/0fbebb2201a984022de9f07361f7fe88cb7fcefd6be5e33abf5559102ec20088?s=96&d=mm&r=g\",\"caption\":\"Margherita De Donato\"},\"url\":\"https:\/\/www.teatrodomma.it\/?author=3\"}]}<\/script>\n<!-- \/ Yoast SEO plugin. -->","yoast_head_json":{"title":"27 marzo: Giornata Mondiale del Teatro - Teatro Domma","robots":{"index":"index","follow":"follow","max-snippet":"max-snippet:-1","max-image-preview":"max-image-preview:large","max-video-preview":"max-video-preview:-1"},"canonical":"https:\/\/www.teatrodomma.it\/?p=31655","og_locale":"it_IT","og_type":"article","og_title":"27 marzo: Giornata Mondiale del Teatro - Teatro Domma","og_description":"La ricorrenza \u00e8 nata con l\u2019obiettivo di promuovere il valore universale del teatro e sottolinearne l\u2019importanza culturale e sociale. \u00c8 stata creata a Vienna nel 1961 durante il IX Congresso mondiale dell&#8217;Istituto Internazionale del Teatro su proposta di Arvi Kivimaa a nome del Centro Finlandese. Dal 27 marzo 1962, la Giornata Mondiale del Teatro \u00e8 [&hellip;]","og_url":"https:\/\/www.teatrodomma.it\/?p=31655","og_site_name":"Teatro Domma","article_publisher":"https:\/\/www.facebook.com\/p\/Teatro-Domma-61556981831878\/?locale=it_IT","article_published_time":"2025-03-27T15:36:10+00:00","article_modified_time":"2025-06-13T13:52:57+00:00","og_image":[{"width":900,"height":506,"url":"http:\/\/www.teatrodomma.it\/wp-content\/uploads\/2024\/06\/Sipario-chiuso-e1718630051970.jpg","type":"image\/jpeg"}],"author":"Margherita De Donato","twitter_card":"summary_large_image","twitter_misc":{"Scritto da":"Margherita De Donato","Tempo di lettura stimato":"3 minuti"},"schema":{"@context":"https:\/\/schema.org","@graph":[{"@type":"Article","@id":"https:\/\/www.teatrodomma.it\/?p=31655#article","isPartOf":{"@id":"https:\/\/www.teatrodomma.it\/?p=31655"},"author":{"name":"Margherita De Donato","@id":"https:\/\/www.teatrodomma.it\/#\/schema\/person\/8a1f09bf4c695307c8aef38d93aa0e84"},"headline":"27 marzo: Giornata Mondiale del Teatro","datePublished":"2025-03-27T15:36:10+00:00","dateModified":"2025-06-13T13:52:57+00:00","mainEntityOfPage":{"@id":"https:\/\/www.teatrodomma.it\/?p=31655"},"wordCount":247,"publisher":{"@id":"https:\/\/www.teatrodomma.it\/#organization"},"image":{"@id":"https:\/\/www.teatrodomma.it\/?p=31655#primaryimage"},"thumbnailUrl":"https:\/\/www.teatrodomma.it\/wp-content\/uploads\/2024\/06\/Sipario-chiuso-e1718630051970.jpg","keywords":["Giornata Mondiale del Teatro"],"articleSection":["Articoli vari"],"inLanguage":"it-IT"},{"@type":"WebPage","@id":"https:\/\/www.teatrodomma.it\/?p=31655","url":"https:\/\/www.teatrodomma.it\/?p=31655","name":"27 marzo: Giornata Mondiale del Teatro - Teatro Domma","isPartOf":{"@id":"https:\/\/www.teatrodomma.it\/#website"},"primaryImageOfPage":{"@id":"https:\/\/www.teatrodomma.it\/?p=31655#primaryimage"},"image":{"@id":"https:\/\/www.teatrodomma.it\/?p=31655#primaryimage"},"thumbnailUrl":"https:\/\/www.teatrodomma.it\/wp-content\/uploads\/2024\/06\/Sipario-chiuso-e1718630051970.jpg","datePublished":"2025-03-27T15:36:10+00:00","dateModified":"2025-06-13T13:52:57+00:00","breadcrumb":{"@id":"https:\/\/www.teatrodomma.it\/?p=31655#breadcrumb"},"inLanguage":"it-IT","potentialAction":[{"@type":"ReadAction","target":["https:\/\/www.teatrodomma.it\/?p=31655"]}]},{"@type":"ImageObject","inLanguage":"it-IT","@id":"https:\/\/www.teatrodomma.it\/?p=31655#primaryimage","url":"https:\/\/www.teatrodomma.it\/wp-content\/uploads\/2024\/06\/Sipario-chiuso-e1718630051970.jpg","contentUrl":"https:\/\/www.teatrodomma.it\/wp-content\/uploads\/2024\/06\/Sipario-chiuso-e1718630051970.jpg","width":900,"height":506},{"@type":"BreadcrumbList","@id":"https:\/\/www.teatrodomma.it\/?p=31655#breadcrumb","itemListElement":[{"@type":"ListItem","position":1,"name":"Home","item":"https:\/\/www.teatrodomma.it\/"},{"@type":"ListItem","position":2,"name":"27 marzo: Giornata Mondiale del Teatro"}]},{"@type":"WebSite","@id":"https:\/\/www.teatrodomma.it\/#website","url":"https:\/\/www.teatrodomma.it\/","name":"Teatro Domma","description":"","publisher":{"@id":"https:\/\/www.teatrodomma.it\/#organization"},"potentialAction":[{"@type":"SearchAction","target":{"@type":"EntryPoint","urlTemplate":"https:\/\/www.teatrodomma.it\/?s={search_term_string}"},"query-input":{"@type":"PropertyValueSpecification","valueRequired":true,"valueName":"search_term_string"}}],"inLanguage":"it-IT"},{"@type":"Organization","@id":"https:\/\/www.teatrodomma.it\/#organization","name":"Teatro Domma","url":"https:\/\/www.teatrodomma.it\/","logo":{"@type":"ImageObject","inLanguage":"it-IT","@id":"https:\/\/www.teatrodomma.it\/#\/schema\/logo\/image\/","url":"https:\/\/www.teatrodomma.it\/wp-content\/uploads\/2025\/01\/LOGOICON-edited-2.png","contentUrl":"https:\/\/www.teatrodomma.it\/wp-content\/uploads\/2025\/01\/LOGOICON-edited-2.png","width":510,"height":287,"caption":"Teatro Domma"},"image":{"@id":"https:\/\/www.teatrodomma.it\/#\/schema\/logo\/image\/"},"sameAs":["https:\/\/www.facebook.com\/p\/Teatro-Domma-61556981831878\/?locale=it_IT","https:\/\/www.instagram.com\/teatro_domma\/"]},{"@type":"Person","@id":"https:\/\/www.teatrodomma.it\/#\/schema\/person\/8a1f09bf4c695307c8aef38d93aa0e84","name":"Margherita De Donato","image":{"@type":"ImageObject","inLanguage":"it-IT","@id":"https:\/\/www.teatrodomma.it\/#\/schema\/person\/image\/","url":"https:\/\/secure.gravatar.com\/avatar\/0fbebb2201a984022de9f07361f7fe88cb7fcefd6be5e33abf5559102ec20088?s=96&d=mm&r=g","contentUrl":"https:\/\/secure.gravatar.com\/avatar\/0fbebb2201a984022de9f07361f7fe88cb7fcefd6be5e33abf5559102ec20088?s=96&d=mm&r=g","caption":"Margherita De Donato"},"url":"https:\/\/www.teatrodomma.it\/?author=3"}]}},"_links":{"self":[{"href":"https:\/\/www.teatrodomma.it\/index.php?rest_route=\/wp\/v2\/posts\/31655","targetHints":{"allow":["GET"]}}],"collection":[{"href":"https:\/\/www.teatrodomma.it\/index.php?rest_route=\/wp\/v2\/posts"}],"about":[{"href":"https:\/\/www.teatrodomma.it\/index.php?rest_route=\/wp\/v2\/types\/post"}],"author":[{"embeddable":true,"href":"https:\/\/www.teatrodomma.it\/index.php?rest_route=\/wp\/v2\/users\/3"}],"replies":[{"embeddable":true,"href":"https:\/\/www.teatrodomma.it\/index.php?rest_route=%2Fwp%2Fv2%2Fcomments&post=31655"}],"version-history":[{"count":17,"href":"https:\/\/www.teatrodomma.it\/index.php?rest_route=\/wp\/v2\/posts\/31655\/revisions"}],"predecessor-version":[{"id":31694,"href":"https:\/\/www.teatrodomma.it\/index.php?rest_route=\/wp\/v2\/posts\/31655\/revisions\/31694"}],"wp:featuredmedia":[{"embeddable":true,"href":"https:\/\/www.teatrodomma.it\/index.php?rest_route=\/wp\/v2\/media\/28996"}],"wp:attachment":[{"href":"https:\/\/www.teatrodomma.it\/index.php?rest_route=%2Fwp%2Fv2%2Fmedia&parent=31655"}],"wp:term":[{"taxonomy":"category","embeddable":true,"href":"https:\/\/www.teatrodomma.it\/index.php?rest_route=%2Fwp%2Fv2%2Fcategories&post=31655"},{"taxonomy":"post_tag","embeddable":true,"href":"https:\/\/www.teatrodomma.it\/index.php?rest_route=%2Fwp%2Fv2%2Ftags&post=31655"}],"curies":[{"name":"wp","href":"https:\/\/api.w.org\/{rel}","templated":true}]}}