{"id":3278,"date":"2021-01-20T16:02:32","date_gmt":"2021-01-20T15:02:32","guid":{"rendered":"https:\/\/www.teatrodomma.it\/?p=3278"},"modified":"2021-01-20T16:02:32","modified_gmt":"2021-01-20T15:02:32","slug":"in-laboratorio-con-elisa-iannetti","status":"publish","type":"post","link":"https:\/\/www.teatrodomma.it\/?p=3278","title":{"rendered":"In laboratorio con&#8230;Elisa Iannetti"},"content":{"rendered":"\n<p class=\"has-background-dark-background-color has-background\"><em>Incontriamo una responsabile del Laboratorio teatrale del Centro di Formazione Giovanile &#8220;Madonna di Loreto&#8221; attivo presso il Teatro Don Mario Torregrossa<\/em> <em>e dedicato ai giovani del territorio<\/em> <em>che frequentano il Centro stesso.<\/em> <\/p>\n\n\n\n<p><strong><a href=\"https:\/\/www.facebook.com\/elisa.iannettiatrice\" target=\"_blank\" rel=\"noreferrer noopener\">ELISA IANNETTI<\/a><\/strong> (nata a Roma il 20\/08\/1988) comincia a fare teatro <strong>all\u2019et\u00e0 di 12 anni<\/strong>, proseguendo per tutto il periodo in cui frequenta il Liceo classico &#8220;Anco Marzio&#8221; di Roma-Ostia. Durante gli studi si cimenta con l&#8217;arte della recitazione nel <strong>laboratorio teatrale della scuola, condotto da <a rel=\"noreferrer noopener\" href=\"https:\/\/www.ilteatroroma.it\/cv_pietro_longhi.html\" target=\"_blank\">Pietro Longhi<\/a><\/strong> (direttore artistico del Teatro Manzoni, Teatro Roma e Teatro Italia). Sotto la sua direzione recita in &#8220;<em>Liliom&#8221;, &#8220;Il fu Mattia Pascal&#8221;, &#8220;Mia Famiglia<\/em>&#8221; e &#8220;<em>La casa di Bernarda Alba&#8221;.<\/em><\/p>\n\n\n\n<p>Dopo il liceo si iscrive all\u2019Universit\u00e0 &#8220;La Sapienza&#8221; di Roma, dove studia <strong>&#8220;Arti e scienze dello spettacolo&#8221;<\/strong> e si laurea con il massimo dei voti <strong>nel 2014<\/strong>.<\/p>\n\n\n\n<p>Nello stesso anno comincia a frequentare l\u2019<strong><a rel=\"noreferrer noopener\" href=\"http:\/\/www.teatroazione.org\/openday2020\/\" target=\"_blank\">Accademia di recitazione &#8220;Teatro Azione&#8221;<\/a> <\/strong>(fondata nel 1983 da Cristiano Censi ed Isabella del Bianco e&nbsp;dove si \u00e8 formato anche l&#8217;attore Elio Germano, che vi entr\u00f2 all&#8217;et\u00e0 di 14 anni). Vi approfondisce materie quali Interpretazione (con <a rel=\"noreferrer noopener\" href=\"http:\/\/www.teatroazione.org\/portfolios\/isabella-del-bianco\/\" target=\"_blank\">Isabella del Bianco<\/a> come docente), Biomeccanica, Voce con il <em>metodo Linklater<\/em> (con <a rel=\"noreferrer noopener\" href=\"https:\/\/www.teatroazione.org\/portfolios\/valentino-villa\/\" target=\"_blank\">Valentino Villa<\/a>), Improvvisazione e Risveglio Sensoriale ed Emotivo (con <a href=\"https:\/\/www.teatroazione.org\/portfolios\/caterina-mannello\/\">Caterina Mannello<\/a>). Qui si appassiona al teatro come lavoro su se stessa e recita in <strong><strong><em>&#8220;<\/em><\/strong><\/strong><em><strong>Girotondo<strong>&#8220;<\/strong><\/strong><\/em>&nbsp;di Arthur Schnitzler e ancora ne <strong><em>&#8220;<\/em><\/strong><em><strong>La casa di Bernarda Alba&#8221;<\/strong> <\/em>di&nbsp;Federico Garc\u00eda Lorca. Al termine del biennio <strong>2014-2016<\/strong> consegue la qualifica di <strong>Attore e Insegnante di Teatro<\/strong>.<\/p>\n\n\n\n<div class=\"wp-block-image\"><figure class=\"alignleft size-large is-resized\"><img loading=\"lazy\" decoding=\"async\" src=\"https:\/\/www.teatrodomma.it\/wp-content\/uploads\/2021\/01\/Elisa-Iannetti_la-casa-di-bernarda-alba-1024x1024.jpg\" alt=\"\" class=\"wp-image-3283\" width=\"470\" height=\"470\"\/><figcaption>Elisa Iannetti ne &#8220;La casa di Bernarda Alba&#8221;, opera in tre atti scritta nel 1936&nbsp;da&nbsp;<a href=\"https:\/\/it.wikipedia.org\/wiki\/Federico_Garc%C3%ADa_Lorca\">Federico Garc\u00eda Lorca<\/a> alcuni mesi prima della sua morte. Venne rappresentata per la prima volta a Buenos Aires&nbsp;nel 1945<\/figcaption><\/figure><\/div>\n\n\n\n<p><strong>Dal 2016<\/strong> si occupa di condurre il laboratorio teatrale per i giovani del Centro di formazione giovanile &#8220;Madonna di Loreto&#8221; presso il <a rel=\"noreferrer noopener\" href=\"https:\/\/www.teatrodomma.it\/\" target=\"_blank\">Teatro Don Mario Torregrossa<\/a>, insieme ad altri due volontari Andrea Nardis e Gabriele Ciccarelli. Tra le sue regie &#8220;<em>Miseria e Nobilt\u00e0&#8221;, &#8220;Cyrano dacci una mano&#8221;, &#8220;I colori dell\u2019amore&#8221; <\/em>e<em> &#8220;Somewhere over the theatre<\/em>&#8221; (scritto con i ragazzi).<\/p>\n\n\n\n<p><strong>Nel 2018<\/strong> entra a far parte della <strong><a rel=\"noreferrer noopener\" href=\"https:\/\/www.facebook.com\/idistillati\/\" target=\"_blank\">Compagnia teatrale I distillati A.p.s<\/a><\/strong>. (fondata da Barbara Olivieri &#8211; che ne \u00e8 la presidente &#8211; e Giorgia Paolini, regista) e interpreta personaggi comici in <strong><a rel=\"noreferrer noopener\" href=\"https:\/\/www.youtube.com\/watch?v=wvsHyfiPOhc&amp;ab_channel=IDistillatiAps\" target=\"_blank\">&#8220;<em>Caos in casa mia&#8221;<\/em><\/a><\/strong> (2018),<em> <strong><a href=\"https:\/\/www.youtube.com\/watch?v=hH7tVCiWCnc&amp;ab_channel=IDistillatiAps\">&#8220;Rumors&#8221;<\/a><\/strong> <\/em>di Neil Simon (2019)<em>, <strong>&#8220;La cantatrice \u00e8 calva?&#8230;Forse&#8221;<\/strong> <\/em>(2019) e<em> <strong>&#8220;Le BeAttrici&#8221;<\/strong><\/em> (2020).<\/p>\n\n\n\n<figure class=\"wp-block-gallery columns-2 is-cropped wp-block-gallery-1 is-layout-flex wp-block-gallery-is-layout-flex\"><ul class=\"blocks-gallery-grid\"><li class=\"blocks-gallery-item\"><figure><img loading=\"lazy\" decoding=\"async\" width=\"725\" height=\"1024\" src=\"http:\/\/test.teatrodomma.it\/wp-content\/uploads\/2021\/01\/Elisa-Iannetti_Caos-in-casa-mia_locandina-1-725x1024.jpg\" alt=\"\" data-id=\"3375\" data-link=\"https:\/\/www.teatrodomma.it\/?attachment_id=3375\" class=\"wp-image-3375\" srcset=\"https:\/\/www.teatrodomma.it\/wp-content\/uploads\/2021\/01\/Elisa-Iannetti_Caos-in-casa-mia_locandina-1-725x1024.jpg 725w, https:\/\/www.teatrodomma.it\/wp-content\/uploads\/2021\/01\/Elisa-Iannetti_Caos-in-casa-mia_locandina-1-212x300.jpg 212w, https:\/\/www.teatrodomma.it\/wp-content\/uploads\/2021\/01\/Elisa-Iannetti_Caos-in-casa-mia_locandina-1-768x1085.jpg 768w, https:\/\/www.teatrodomma.it\/wp-content\/uploads\/2021\/01\/Elisa-Iannetti_Caos-in-casa-mia_locandina-1-200x283.jpg 200w, https:\/\/www.teatrodomma.it\/wp-content\/uploads\/2021\/01\/Elisa-Iannetti_Caos-in-casa-mia_locandina-1-764x1080.jpg 764w, https:\/\/www.teatrodomma.it\/wp-content\/uploads\/2021\/01\/Elisa-Iannetti_Caos-in-casa-mia_locandina-1.jpg 1022w\" sizes=\"(max-width: 725px) 100vw, 725px\" \/><\/figure><\/li><li class=\"blocks-gallery-item\"><figure><img loading=\"lazy\" decoding=\"async\" width=\"748\" height=\"1024\" src=\"http:\/\/test.teatrodomma.it\/wp-content\/uploads\/2021\/01\/Elisa-Iannetti_RUMORS-_locandina-748x1024.jpg\" alt=\"\" data-id=\"3376\" data-full-url=\"http:\/\/test.teatrodomma.it\/wp-content\/uploads\/2021\/01\/Elisa-Iannetti_RUMORS-_locandina.jpg\" data-link=\"https:\/\/www.teatrodomma.it\/?attachment_id=3376\" class=\"wp-image-3376\" srcset=\"https:\/\/www.teatrodomma.it\/wp-content\/uploads\/2021\/01\/Elisa-Iannetti_RUMORS-_locandina-748x1024.jpg 748w, https:\/\/www.teatrodomma.it\/wp-content\/uploads\/2021\/01\/Elisa-Iannetti_RUMORS-_locandina-219x300.jpg 219w, https:\/\/www.teatrodomma.it\/wp-content\/uploads\/2021\/01\/Elisa-Iannetti_RUMORS-_locandina-768x1051.jpg 768w, https:\/\/www.teatrodomma.it\/wp-content\/uploads\/2021\/01\/Elisa-Iannetti_RUMORS-_locandina-200x274.jpg 200w, https:\/\/www.teatrodomma.it\/wp-content\/uploads\/2021\/01\/Elisa-Iannetti_RUMORS-_locandina-789x1080.jpg 789w, https:\/\/www.teatrodomma.it\/wp-content\/uploads\/2021\/01\/Elisa-Iannetti_RUMORS-_locandina.jpg 1080w\" sizes=\"(max-width: 748px) 100vw, 748px\" \/><\/figure><\/li><\/ul><\/figure>\n\n\n\n<p><strong>Nel 2019<\/strong> segue un <em>Master in Pedagogia Teatrale<\/em> dell&#8217; I.N.PE.F Istituto Nazionale di Pedagogia Familiare, ottenendo la qualifica di <strong>Operatore Specializzato nell\u2019utilizzo delle Tecniche Teatrali nei contesti educativi<\/strong>.&nbsp;<\/p>\n\n\n\n<p class=\"has-text-align-center\"><strong>Veniamo alle domande&#8230;.<\/strong><\/p>\n\n\n\n<p class=\"has-background-dark-background-color has-background\"><strong><em>Perch\u00e9 hai cominciato a fare teatro? Da cosa ti sei sentita attratta?<\/em><\/strong><\/p>\n\n\n\n<p>Sulla mia decisione di dedicarmi al teatro ha influito in modo preponderante la passione che da sempre la mia famiglia, in particolare mio padre, ha coltivato per questa forma di espressione artistica. <strong>Sono cresciuta sentendo parlare di Eduardo de Filippo, Goldoni, Shakespeare e dei grandi attori del teatro italiano<\/strong>. Tuttavia ho cominciato a fare teatro attivamente al Liceo classico &#8220;Anco Marzio&#8221; di Ostia, dove ho avuto la fortuna di frequentare <strong>il laboratorio teatrale<\/strong>, all\u2019epoca diretto da un attore del calibro di <strong><a href=\"https:\/\/www.ilteatroroma.it\/cv_pietro_longhi.html\" target=\"_blank\" rel=\"noreferrer noopener\">Pietro Longhi<\/a><\/strong>. L\u2019ho fatto principalmente <strong>per mettermi alla prova<\/strong>, visto il mio carattere introverso, e in secondo luogo <strong>per socializzare con persone che condividessero i miei stessi interessi culturali<\/strong>. Quello che mi ha attratta da subito \u00e8 stata <strong>la possibilit\u00e0 di interpretare personaggi sempre molto diversi da me, ognuno dei quali caratterizzato da qualcosa che mi appartenesse<\/strong>, ma soprattutto, calcando le assi rumorose del palcoscenico, <strong>la sensazione di trovarmi<\/strong> <strong>al posto giusto nel momento giusto.<\/strong> &nbsp;<\/p>\n\n\n\n<p class=\"has-background-dark-background-color has-background\"><strong><em>Quale tra le tue esperienze teatrali ti ha pi\u00f9 appassionato?<\/em><\/strong><\/p>\n\n\n\n<p>Senza voler svalutare nessuna delle esperienze teatrali che ho avuto, perch\u00e9 tutte hanno aggiunto qualcosa alla mia consapevolezza di attrice, posso dire che quella che pi\u00f9 mi ha appassionato \u00e8 stato frequentare l\u2019<strong>Accademia di recitazione <\/strong><a href=\"http:\/\/www.teatroazione.org\/openday2020\/\" target=\"_blank\" rel=\"noreferrer noopener\"><strong>&#8220;Teatro Azione<\/strong>&#8220;<\/a>. E\u2019 stato l\u00ec che <strong>ho potuto applicare tecniche teatrali<\/strong> che all\u2019Universit\u00e0 avevo solo studiato, <strong>come<\/strong> <em><strong>il metodo Stanislavskij e il metodo Margotta<\/strong><\/em>. Soprattutto, l\u00ec ho praticato esercizi di materie &#8211; <strong>come<\/strong> <em><strong>Risveglio Sensoriale ed Emotivo<\/strong><\/em> con <strong><a href=\"https:\/\/www.teatroazione.org\/portfolios\/caterina-mannello\/\" target=\"_blank\" rel=\"noreferrer noopener\">Caterina Mannello<\/a><\/strong> &#8211; che hanno cambiato la mia visione del teatro. Non uno studio solo sul personaggio, ma anche e soprattutto su se stessi, per stimolare una maggiore percezione dei propri limiti e potenzialit\u00e0. Tutto questo allo scopo di conoscersi e risultare veri, tanto sul palco quanto nella vita.<\/p>\n\n\n\n<figure class=\"wp-block-image size-large\"><img decoding=\"async\" src=\"https:\/\/www.teatrodomma.it\/wp-content\/uploads\/2021\/01\/Elisa-Iannetti_caos-1024x643.jpg\" alt=\"\" class=\"wp-image-3366\"\/><figcaption><em>Elisa Iannetti in<\/em><strong><em>&#8220;Caos in Casa mia&#8221;<\/em><\/strong> <em>andato in scena al Teatro Casaletto<\/em> <em>nel 2018<\/em>, <em>per la regia di Gianluigi Catalano<\/em><\/figcaption><\/figure>\n\n\n\n<p class=\"has-background-dark-background-color has-background\"><em><strong>Come \u00e8 nata la tua collaborazione con &#8220;I Distillati A.p.s.&#8221; ?<\/strong><\/em><\/p>\n\n\n\n<p>E\u2019 stata esilarante! Avevo fatto con esito positivo un provino per uno spettacolo teatrale brillante, le cui prove si sarebbero svolte di l\u00ec a tre mesi. <strong>Barbara Olivieri<\/strong>, <em>la presidente dell\u2019associazione<\/em>,<strong> <\/strong>e <strong>Giorgia Paolini<\/strong>, <em>la vice-presidente e regista<\/em>, mi avevano fatto un\u2019ottima impressione, quindi ero al settimo cielo! Non vedevo l\u2019ora di cominciare a collaborare con loro e di entrare per la prima volta a far parte di una compagnia. Poi il caso ha voluto che per alcuni problemi avessero dovuto cambiare spettacolo. <em>Il regista<\/em> che aveva proposto il nuovo testo, <strong>Gianluigi Catalano<\/strong>, in seguito entrato a far parte della compagnia, non avendomi mai vista, ha voluto che preparassi un nuovo monologo, diverso da quello che avevo portato al primo provino, e che leggessi alcune battute di due personaggi. Io, presa dall\u2019indecisione, di monologhi ne avevo preparati ben tre! <strong>Dopo aver passato anche il secondo provino, \u00e8 cominciata la mia stupenda avventura con loro<\/strong> e gli altri miei compagni di viaggio, <strong>con cui ad oggi ho recitato in quattro spettacoli:<\/strong> <strong><em>&#8220;Caos in Casa mia&#8221;<\/em><\/strong> <em>per la regia di Gianluigi Catalano, andato in scena al Teatro Casaletto<\/em> <em>nel 2018<\/em>; <strong><em>&#8220;Rumors&#8221;<\/em><\/strong> di Neil Simon <em>rappresentato nel 2019 al Teatro Degli Eroi<\/em> <em>per la regia di Giorgia Paolini e Gianluigi Catalano<\/em>; <strong><em><a href=\"https:\/\/ilteatroamatoriale.it\/2019\/11\/19\/roma-dal-21-al-24-novembre-2019-la-compagnia-i-distillati-al-teatro-san-paolo\/\" target=\"_blank\" rel=\"noreferrer noopener\">&#8220;La cantatrice \u00e8 calva?&#8230;Forse&#8221;<\/a><\/em><\/strong> una rilettura fatta nel 2019 dell&#8217;opera di Ionesco e <em><strong><a href=\"https:\/\/ilteatroamatoriale.it\/2020\/02\/12\/roma-dal-14-al-16-febbraio-2020-la-compagnia-i-distillati-al-piccolo-teatro-san-paolo\/?fbclid=IwAR0oEi1qDAs6tM4sjuvBC7bzYTUqNB2OEf_x0CvL5yGfb5NQHO6co0iDXUM\" target=\"_blank\" rel=\"noreferrer noopener\">&#8220;Le BeAttrici&#8221;<\/a><\/strong><\/em> <em>entrambi in scena al Piccolo Teatro San Paolo<\/em> <em>per la regia di Giorgia Paolini<\/em>. Nel 2020 a causa del Covid abbiamo dovuto sospendere le attivit\u00e0, ma torneremo presto. <\/p>\n\n\n\n<figure class=\"wp-block-gallery columns-2 is-cropped wp-block-gallery-2 is-layout-flex wp-block-gallery-is-layout-flex\"><ul class=\"blocks-gallery-grid\"><li class=\"blocks-gallery-item\"><figure><img decoding=\"async\" src=\"https:\/\/www.teatrodomma.it\/wp-content\/uploads\/2021\/01\/Elisa-Iannetti_rumors-677x1024.jpg\" alt=\"\" data-id=\"3364\" data-full-url=\"http:\/\/test.teatrodomma.it\/wp-content\/uploads\/2021\/01\/Elisa-Iannetti_rumors-e1611151332594.jpg\" data-link=\"https:\/\/www.teatrodomma.it\/?attachment_id=3364\" class=\"wp-image-3364\"\/><\/figure><\/li><li class=\"blocks-gallery-item\"><figure><img decoding=\"async\" src=\"https:\/\/www.teatrodomma.it\/wp-content\/uploads\/2021\/01\/Elisa-Iannetti_La-Cantatrice-686x1024.jpg\" alt=\"\" data-id=\"3365\" data-full-url=\"http:\/\/test.teatrodomma.it\/wp-content\/uploads\/2021\/01\/Elisa-Iannetti_La-Cantatrice-e1611151342665.jpg\" data-link=\"https:\/\/www.teatrodomma.it\/?attachment_id=3365\" class=\"wp-image-3365\"\/><\/figure><\/li><\/ul><figcaption class=\"blocks-gallery-caption\"> <em>Elisa Iannetti in<\/em> <strong><em>&#8220;Rumors&#8221;<\/em><\/strong> <em>di Neil Simon<\/em> (foto di Federico Settimi) e  ne <strong><em>&#8220;La cantatrice \u00e8 calva?&#8230;Forse.&#8221;<\/em><\/strong> Entrambi lavori portati in scena nel 2019 con la compagnia teatrale dell<a rel=\"noreferrer noopener\" href=\"http:\/\/www.findglocal.com\/IT\/Rome\/114477419103800\/I-Distillati-Aps\" target=\"_blank\">&#8216;Associazione di promozione sociale &#8220;I Distillati&#8221;<\/a><\/figcaption><\/figure>\n\n\n\n<p class=\"has-background-dark-background-color has-background\"><strong><em>Sei specializzata in pedagogia teatrale per educare con il teatro in ambito aziendale  e nei contesti sociali giovanili. Raccontaci dei tuoi laboratori con adolescenti e persone con disabilit\u00e0.<\/em><\/strong><\/p>\n\n\n\n<p>La mia esperienza con il <strong>laboratorio per adolescenti nel<\/strong> <strong>Centro di formazione giovanile &#8220;Madonna di Loreto&#8221;<\/strong> nasce grazie a due fattori importanti. Il primo \u00e8 la fiducia che il mio <strong>parroco Don Simone Giovannella<\/strong> ha riposto in me, permettendomi di condurre il laboratorio teatrale per via del potere che il teatro ha come strumento formativo umano, prima ancora che attoriale . Il secondo \u00e8 la mia esperienza all\u2019accademia &#8220;Teatro Azione&#8221;. L&#8217;aver ampliato la mia visione del teatro, in seguito ai benefici che ho ricevuto come persona prima che da attrice, grazie agli esercizi eseguiti all\u2019Accademia, ha fatto nascere in me il desiderio di trasmettere questi strumenti anche a giovani in un&#8217;et\u00e0 delicata come quella adolescenziale, in cui si comincia a formare la  personalit\u00e0, per aiutarli a conoscersi e vedersi con i propri occhi invece che con quelli degli altri. E\u2019 con questo intento che <strong>nasce nel 2017 il laboratorio teatrale<\/strong> <em><strong>&#8220;Quasi Attori<\/strong>&#8220;<\/em>. Un luogo in cui la cosa pi\u00f9 importante \u00e8 mettere <strong>il teatro al servizio dei bisogni che il giovane <strong>ha<\/strong><\/strong> <strong>di socializzare e di divertirsi, in un ambiente in cui il giudizio \u00e8 sospeso e che <\/strong>&#8211; <strong>proprio per questo &#8211; permette al ragazzo di conoscere senza paura i propri limiti e potenzialit\u00e0. <\/strong>Lavorare con loro \u00e8 meraviglioso e sono le persone di cui sono pi\u00f9 orgogliosa. La cosa pi\u00f9 bella \u00e8 vedere come davvero il teatro abbia operato dei cambiamenti nei ragazzi pi\u00f9 timidi, rendendoli pi\u00f9 sicuri di s\u00e9, e lo stupore di chi si mette in gioco per la prima volta e riesce a fare molte pi\u00f9 cose di quanto credesse. <strong>Non c\u2019\u00e8 niente di pi\u00f9 emozionante di vederli su quel palco con il solo obiettivo di creare qualcosa di bello tutti insieme<\/strong>, mostrandosi davvero per quello che sono, a volte anche ironizzando su alcuni aspetti di loro stessi che hanno imparato ad accettare durante il laboratorio. <strong>Nel 2020 ho avuto la fortuna di poter cominciare<\/strong>, <strong>sempre al Centro &#8220;Madonna di Loreto&#8221;<\/strong>,<strong> un laboratorio teatrale anche con persone con disabilit\u00e0<\/strong>. Nonostante gli incontri siano stati pochissimi, causa emergenza Covid, c\u2019\u00e8 l\u2019intenzione di continuarlo. Come nel caso degli adolescenti, anche questa volta sono stati loro ad insegnare qualcosa a me, o meglio, a confermare un concetto fondamentale, che \u00e8 la base del <strong>teatro emozionale<\/strong> &#8211; una materia che ho avuto l\u2019occasione di studiare nel corso del <em>master di Pedagogia Teatrale<\/em> con l\u2019attore <em><a rel=\"noreferrer noopener\" href=\"https:\/\/sevennews.it\/blog\/2019\/10\/15\/in-sicilia-apre-la-fonte-dellattore-la-prima-scuola-di-teatro-emozionale-il-19-ottobre\/\" target=\"_blank\">Fabio La Rosa<\/a><\/em> (premiato nel 2019 con la medaglia d\u2019oro <a rel=\"noreferrer noopener\" href=\"https:\/\/www.amnotizie.it\/2019\/05\/04\/maison-des-artistes-premiato-anche-fabio-la-rosa\/\" target=\"_blank\">\u201cMaison des Artistes\u201d<\/a>): <strong>a teatro, il cui motore principale \u00e8 l\u2019emozione, non esiste il concetto di disabilit\u00e0, perch\u00e9 tutti sono capaci di provare emozioni e di trasmetterle<\/strong>. E loro me ne hanno trasmesse tantissime.<\/p>\n\n\n\n<p class=\"has-background-dark-background-color has-background\"><strong><em>Si dice che un sogno \u00e8 solo un sogno, mentre un obiettivo \u00e8 un sogno con un progetto ed una scadenza. Quali i tuoi prossimi obiettivi concreti e quale invece il tuo sogno ad occhi aperti?<\/em><\/strong><\/p>\n\n\n\n<p>Bellissima frase, che condivido in pieno! <strong>Il mio prossimo obiettivo concreto \u00e8 <\/strong>conseguente a tutto quello che ho detto fino a qui. <strong>Condurre dei laboratori per aiutare i ragazzi<\/strong>: \u00e8 un\u2019attivit\u00e0 che mi fa sentire al posto giusto nel momento giusto ed \u00e8 anche il motivo della mia iscrizione al master di Pedagogia Teatrale. Pertanto, <strong>ho deciso di farne un lavoro e di aprire <strong><strong><a href=\"https:\/\/www.facebook.com\/teatrosumisura\/\" target=\"_blank\" rel=\"noreferrer noopener\">&#8220;TEATRO SU MISURA&#8221;<\/a><\/strong><\/strong><\/strong>, <strong>il mio laboratorio teatrale<\/strong> <strong>che<\/strong> per il momento <strong>ha la sede presso l\u2019oratorio della parrocchia di San Giorgio a Roma-Acilia<\/strong>. Quando si potr\u00e0 riaprire, vi <strong>condurr\u00f2 due corsi<\/strong>. <strong>Il primo<\/strong>, <a href=\"https:\/\/www.facebook.com\/teatrosumisura\/videos\/1215714672117801\" target=\"_blank\" rel=\"noreferrer noopener\"><em><strong>&#8220;RISATE\u2026SENZA MISURA&#8221;<\/strong><\/em>, <strong>per bambini dai 6 ai 10 anni<\/strong><\/a>, sar\u00e0 incentrato proprio sul potere della risata soprattutto in un momento come questo e sulla capacit\u00e0 che ha di creare socializzazione e benessere per s\u00e9 e per gli altri compagni. Verranno combinati gioco teatrale, improvvisazione, ritmo e armonia. Ci sar\u00e0 da divertirsi! <strong>Il secondo<\/strong>, <em><strong>&#8220;SPECCHI(AMI)AMOCI&#8221;<\/strong><\/em>, sar\u00e0 dedicato ai <strong>ragazzi dagli 11 ai 13 anni<\/strong>, che avranno l\u2019opportunit\u00e0 di coltivare relazioni vere sia con se stessi che con gli altri e di conoscersi liberamente, sempre in un clima di gioco e divertimento. <strong>Il mio sogno ad occhi aperti<\/strong> <strong>\u00e8<\/strong> che questo progetto prenda sempre pi\u00f9 piede, per applicare il concetto di <strong>un <em>&#8220;Teatro al servizio dell\u2019attore&#8221;<\/em><\/strong> (che \u00e8 il motto del mio laboratorio teatrale) ad un contesto che non sia necessariamente limitato ai giovanissimi, ma che risulti <strong>utile a qualsiasi fascia d\u2019et\u00e0<\/strong>.<\/p>\n\n\n\n<p class=\"has-background-dark-background-color has-background\"><em><strong>Descrivi Elisa con tre aggettivi.<\/strong><\/em><\/p>\n\n\n\n<p>Sognatrice, sensibile, determinata.<\/p>\n\n\n\n<figure class=\"wp-block-gallery columns-2 is-cropped wp-block-gallery-3 is-layout-flex wp-block-gallery-is-layout-flex\"><ul class=\"blocks-gallery-grid\"><li class=\"blocks-gallery-item\"><figure><img loading=\"lazy\" decoding=\"async\" width=\"720\" height=\"720\" src=\"http:\/\/test.teatrodomma.it\/wp-content\/uploads\/2021\/01\/Elisa-Iannetti_Le-BeAttrici_locandina.jpg\" alt=\"\" data-id=\"3394\" data-full-url=\"http:\/\/test.teatrodomma.it\/wp-content\/uploads\/2021\/01\/Elisa-Iannetti_Le-BeAttrici_locandina.jpg\" data-link=\"https:\/\/www.teatrodomma.it\/?attachment_id=3394\" class=\"wp-image-3394\" srcset=\"https:\/\/www.teatrodomma.it\/wp-content\/uploads\/2021\/01\/Elisa-Iannetti_Le-BeAttrici_locandina.jpg 720w, https:\/\/www.teatrodomma.it\/wp-content\/uploads\/2021\/01\/Elisa-Iannetti_Le-BeAttrici_locandina-300x300.jpg 300w, https:\/\/www.teatrodomma.it\/wp-content\/uploads\/2021\/01\/Elisa-Iannetti_Le-BeAttrici_locandina-150x150.jpg 150w, https:\/\/www.teatrodomma.it\/wp-content\/uploads\/2021\/01\/Elisa-Iannetti_Le-BeAttrici_locandina-200x200.jpg 200w, https:\/\/www.teatrodomma.it\/wp-content\/uploads\/2021\/01\/Elisa-Iannetti_Le-BeAttrici_locandina-144x144.jpg 144w\" sizes=\"(max-width: 720px) 100vw, 720px\" \/><\/figure><\/li><li class=\"blocks-gallery-item\"><figure><img decoding=\"async\" src=\"https:\/\/www.teatrodomma.it\/wp-content\/uploads\/2021\/01\/Elisa-Iannetti_Le-BeAttrici-2-841x1024.jpg\" alt=\"\" data-id=\"3367\" data-full-url=\"http:\/\/test.teatrodomma.it\/wp-content\/uploads\/2021\/01\/Elisa-Iannetti_Le-BeAttrici-2-e1611153278137.jpg\" data-link=\"https:\/\/www.teatrodomma.it\/?attachment_id=3367\" class=\"wp-image-3367\"\/><\/figure><\/li><\/ul><figcaption class=\"blocks-gallery-caption\"><em>La locandina dello spettacolo<\/em> <strong style=\"font-style: italic;\"><a rel=\"noreferrer noopener\" href=\"https:\/\/ilteatroamatoriale.it\/2020\/02\/12\/roma-dal-14-al-16-febbraio-2020-la-compagnia-i-distillati-al-piccolo-teatro-san-paolo\/?fbclid=IwAR0oEi1qDAs6tM4sjuvBC7bzYTUqNB2OEf_x0CvL5yGfb5NQHO6co0iDXUM\" target=\"_blank\">&#8220;Le BeAttrici&#8221;<\/a><\/strong> (2020) <em>portato<\/em> <em>in scena da <em>Elisa Iannett<\/em>i al Piccolo Teatro San Paolo di Roma<\/em><\/figcaption><\/figure>\n\n\n\n<p><strong><em>Concludiamo con un filmato in cui Elisa Iannetti rilascia una simpatica <a rel=\"noreferrer noopener\" href=\"https:\/\/www.facebook.com\/idistillati\/videos\/1058363637879815\/\" target=\"_blank\">intervista doppia<\/a>&#8230;ma sotto altre vesti.<\/em><\/strong><\/p>\n\n\n\n<p class=\"has-background-dark-background-color has-background\">GRAZIE, ELISA, PER LA TUA TRAVOLGENTE PASSIONE PER IL TEATRO CHE CI HAI COMUNICATO COME UN FIUME IN PIENA. TI AUGURIAMO DI REALIZZARE TUTTI I TUOI PROGETTI ARTISTICI, APPENA LE ATTIVITA&#8217; TEATRALI POTRANNO RIPRENDERE.<\/p>\n\n\n\n<p><em>Margherita De Donato<\/em><\/p>\n","protected":false},"excerpt":{"rendered":"<p>Incontriamo una responsabile del Laboratorio teatrale del Centro di Formazione Giovanile &#8220;Madonna di Loreto&#8221; attivo presso il Teatro Don Mario Torregrossa e dedicato ai giovani del territorio che frequentano il Centro stesso. ELISA IANNETTI (nata a Roma il 20\/08\/1988) comincia a fare teatro all\u2019et\u00e0 di 12 anni, proseguendo per tutto il periodo in cui frequenta [&hellip;]<\/p>\n","protected":false},"author":3,"featured_media":3280,"comment_status":"closed","ping_status":"open","sticky":false,"template":"","format":"standard","meta":{"saved_in_kubio":false,"footnotes":""},"categories":[48],"tags":[196],"class_list":{"0":"post-3278","1":"post","2":"type-post","3":"status-publish","4":"format-standard","5":"has-post-thumbnail","6":"hentry","7":"category-interviste","8":"tag-elisa-iannetti","10":"post-with-thumbnail","11":"post-with-thumbnail-large"},"yoast_head":"<!-- This site is optimized with the Yoast SEO plugin v25.8 - https:\/\/yoast.com\/wordpress\/plugins\/seo\/ -->\n<title>In laboratorio con...Elisa Iannetti - Teatro Domma<\/title>\n<meta name=\"robots\" content=\"index, follow, max-snippet:-1, max-image-preview:large, max-video-preview:-1\" \/>\n<link rel=\"canonical\" href=\"https:\/\/www.teatrodomma.it\/?p=3278\" \/>\n<meta property=\"og:locale\" content=\"it_IT\" \/>\n<meta property=\"og:type\" content=\"article\" \/>\n<meta property=\"og:title\" content=\"In laboratorio con...Elisa Iannetti - Teatro Domma\" \/>\n<meta property=\"og:description\" content=\"Incontriamo una responsabile del Laboratorio teatrale del Centro di Formazione Giovanile &#8220;Madonna di Loreto&#8221; attivo presso il Teatro Don Mario Torregrossa e dedicato ai giovani del territorio che frequentano il Centro stesso. ELISA IANNETTI (nata a Roma il 20\/08\/1988) comincia a fare teatro all\u2019et\u00e0 di 12 anni, proseguendo per tutto il periodo in cui frequenta [&hellip;]\" \/>\n<meta property=\"og:url\" content=\"https:\/\/www.teatrodomma.it\/?p=3278\" \/>\n<meta property=\"og:site_name\" content=\"Teatro Domma\" \/>\n<meta property=\"article:publisher\" content=\"https:\/\/www.facebook.com\/p\/Teatro-Domma-61556981831878\/?locale=it_IT\" \/>\n<meta property=\"article:published_time\" content=\"2021-01-20T15:02:32+00:00\" \/>\n<meta property=\"og:image\" content=\"https:\/\/www.teatrodomma.it\/wp-content\/uploads\/2021\/01\/Elisa-Iannetti_primopiano-e1610377728659.jpg\" \/>\n\t<meta property=\"og:image:width\" content=\"900\" \/>\n\t<meta property=\"og:image:height\" content=\"1067\" \/>\n\t<meta property=\"og:image:type\" content=\"image\/jpeg\" \/>\n<meta name=\"author\" content=\"Margherita De Donato\" \/>\n<meta name=\"twitter:card\" content=\"summary_large_image\" \/>\n<meta name=\"twitter:label1\" content=\"Scritto da\" \/>\n\t<meta name=\"twitter:data1\" content=\"Margherita De Donato\" \/>\n\t<meta name=\"twitter:label2\" content=\"Tempo di lettura stimato\" \/>\n\t<meta name=\"twitter:data2\" content=\"10 minuti\" \/>\n<script type=\"application\/ld+json\" class=\"yoast-schema-graph\">{\"@context\":\"https:\/\/schema.org\",\"@graph\":[{\"@type\":\"Article\",\"@id\":\"https:\/\/www.teatrodomma.it\/?p=3278#article\",\"isPartOf\":{\"@id\":\"https:\/\/www.teatrodomma.it\/?p=3278\"},\"author\":{\"name\":\"Margherita De Donato\",\"@id\":\"https:\/\/www.teatrodomma.it\/#\/schema\/person\/8a1f09bf4c695307c8aef38d93aa0e84\"},\"headline\":\"In laboratorio con&#8230;Elisa Iannetti\",\"datePublished\":\"2021-01-20T15:02:32+00:00\",\"mainEntityOfPage\":{\"@id\":\"https:\/\/www.teatrodomma.it\/?p=3278\"},\"wordCount\":1867,\"publisher\":{\"@id\":\"https:\/\/www.teatrodomma.it\/#organization\"},\"image\":{\"@id\":\"https:\/\/www.teatrodomma.it\/?p=3278#primaryimage\"},\"thumbnailUrl\":\"https:\/\/www.teatrodomma.it\/wp-content\/uploads\/2021\/01\/Elisa-Iannetti_primopiano-e1610377728659.jpg\",\"keywords\":[\"Elisa Iannetti\"],\"articleSection\":[\"Interviste\"],\"inLanguage\":\"it-IT\"},{\"@type\":\"WebPage\",\"@id\":\"https:\/\/www.teatrodomma.it\/?p=3278\",\"url\":\"https:\/\/www.teatrodomma.it\/?p=3278\",\"name\":\"In laboratorio con...Elisa Iannetti - Teatro Domma\",\"isPartOf\":{\"@id\":\"https:\/\/www.teatrodomma.it\/#website\"},\"primaryImageOfPage\":{\"@id\":\"https:\/\/www.teatrodomma.it\/?p=3278#primaryimage\"},\"image\":{\"@id\":\"https:\/\/www.teatrodomma.it\/?p=3278#primaryimage\"},\"thumbnailUrl\":\"https:\/\/www.teatrodomma.it\/wp-content\/uploads\/2021\/01\/Elisa-Iannetti_primopiano-e1610377728659.jpg\",\"datePublished\":\"2021-01-20T15:02:32+00:00\",\"breadcrumb\":{\"@id\":\"https:\/\/www.teatrodomma.it\/?p=3278#breadcrumb\"},\"inLanguage\":\"it-IT\",\"potentialAction\":[{\"@type\":\"ReadAction\",\"target\":[\"https:\/\/www.teatrodomma.it\/?p=3278\"]}]},{\"@type\":\"ImageObject\",\"inLanguage\":\"it-IT\",\"@id\":\"https:\/\/www.teatrodomma.it\/?p=3278#primaryimage\",\"url\":\"https:\/\/www.teatrodomma.it\/wp-content\/uploads\/2021\/01\/Elisa-Iannetti_primopiano-e1610377728659.jpg\",\"contentUrl\":\"https:\/\/www.teatrodomma.it\/wp-content\/uploads\/2021\/01\/Elisa-Iannetti_primopiano-e1610377728659.jpg\",\"width\":900,\"height\":1067},{\"@type\":\"BreadcrumbList\",\"@id\":\"https:\/\/www.teatrodomma.it\/?p=3278#breadcrumb\",\"itemListElement\":[{\"@type\":\"ListItem\",\"position\":1,\"name\":\"Home\",\"item\":\"https:\/\/www.teatrodomma.it\/\"},{\"@type\":\"ListItem\",\"position\":2,\"name\":\"In laboratorio con&#8230;Elisa Iannetti\"}]},{\"@type\":\"WebSite\",\"@id\":\"https:\/\/www.teatrodomma.it\/#website\",\"url\":\"https:\/\/www.teatrodomma.it\/\",\"name\":\"Teatro Domma\",\"description\":\"\",\"publisher\":{\"@id\":\"https:\/\/www.teatrodomma.it\/#organization\"},\"potentialAction\":[{\"@type\":\"SearchAction\",\"target\":{\"@type\":\"EntryPoint\",\"urlTemplate\":\"https:\/\/www.teatrodomma.it\/?s={search_term_string}\"},\"query-input\":{\"@type\":\"PropertyValueSpecification\",\"valueRequired\":true,\"valueName\":\"search_term_string\"}}],\"inLanguage\":\"it-IT\"},{\"@type\":\"Organization\",\"@id\":\"https:\/\/www.teatrodomma.it\/#organization\",\"name\":\"Teatro Domma\",\"url\":\"https:\/\/www.teatrodomma.it\/\",\"logo\":{\"@type\":\"ImageObject\",\"inLanguage\":\"it-IT\",\"@id\":\"https:\/\/www.teatrodomma.it\/#\/schema\/logo\/image\/\",\"url\":\"https:\/\/www.teatrodomma.it\/wp-content\/uploads\/2025\/01\/LOGOICON-edited-2.png\",\"contentUrl\":\"https:\/\/www.teatrodomma.it\/wp-content\/uploads\/2025\/01\/LOGOICON-edited-2.png\",\"width\":510,\"height\":287,\"caption\":\"Teatro Domma\"},\"image\":{\"@id\":\"https:\/\/www.teatrodomma.it\/#\/schema\/logo\/image\/\"},\"sameAs\":[\"https:\/\/www.facebook.com\/p\/Teatro-Domma-61556981831878\/?locale=it_IT\",\"https:\/\/www.instagram.com\/teatro_domma\/\"]},{\"@type\":\"Person\",\"@id\":\"https:\/\/www.teatrodomma.it\/#\/schema\/person\/8a1f09bf4c695307c8aef38d93aa0e84\",\"name\":\"Margherita De Donato\",\"image\":{\"@type\":\"ImageObject\",\"inLanguage\":\"it-IT\",\"@id\":\"https:\/\/www.teatrodomma.it\/#\/schema\/person\/image\/\",\"url\":\"https:\/\/secure.gravatar.com\/avatar\/0fbebb2201a984022de9f07361f7fe88cb7fcefd6be5e33abf5559102ec20088?s=96&d=mm&r=g\",\"contentUrl\":\"https:\/\/secure.gravatar.com\/avatar\/0fbebb2201a984022de9f07361f7fe88cb7fcefd6be5e33abf5559102ec20088?s=96&d=mm&r=g\",\"caption\":\"Margherita De Donato\"},\"url\":\"https:\/\/www.teatrodomma.it\/?author=3\"}]}<\/script>\n<!-- \/ Yoast SEO plugin. -->","yoast_head_json":{"title":"In laboratorio con...Elisa Iannetti - Teatro Domma","robots":{"index":"index","follow":"follow","max-snippet":"max-snippet:-1","max-image-preview":"max-image-preview:large","max-video-preview":"max-video-preview:-1"},"canonical":"https:\/\/www.teatrodomma.it\/?p=3278","og_locale":"it_IT","og_type":"article","og_title":"In laboratorio con...Elisa Iannetti - Teatro Domma","og_description":"Incontriamo una responsabile del Laboratorio teatrale del Centro di Formazione Giovanile &#8220;Madonna di Loreto&#8221; attivo presso il Teatro Don Mario Torregrossa e dedicato ai giovani del territorio che frequentano il Centro stesso. ELISA IANNETTI (nata a Roma il 20\/08\/1988) comincia a fare teatro all\u2019et\u00e0 di 12 anni, proseguendo per tutto il periodo in cui frequenta [&hellip;]","og_url":"https:\/\/www.teatrodomma.it\/?p=3278","og_site_name":"Teatro Domma","article_publisher":"https:\/\/www.facebook.com\/p\/Teatro-Domma-61556981831878\/?locale=it_IT","article_published_time":"2021-01-20T15:02:32+00:00","og_image":[{"width":900,"height":1067,"url":"https:\/\/www.teatrodomma.it\/wp-content\/uploads\/2021\/01\/Elisa-Iannetti_primopiano-e1610377728659.jpg","type":"image\/jpeg"}],"author":"Margherita De Donato","twitter_card":"summary_large_image","twitter_misc":{"Scritto da":"Margherita De Donato","Tempo di lettura stimato":"10 minuti"},"schema":{"@context":"https:\/\/schema.org","@graph":[{"@type":"Article","@id":"https:\/\/www.teatrodomma.it\/?p=3278#article","isPartOf":{"@id":"https:\/\/www.teatrodomma.it\/?p=3278"},"author":{"name":"Margherita De Donato","@id":"https:\/\/www.teatrodomma.it\/#\/schema\/person\/8a1f09bf4c695307c8aef38d93aa0e84"},"headline":"In laboratorio con&#8230;Elisa Iannetti","datePublished":"2021-01-20T15:02:32+00:00","mainEntityOfPage":{"@id":"https:\/\/www.teatrodomma.it\/?p=3278"},"wordCount":1867,"publisher":{"@id":"https:\/\/www.teatrodomma.it\/#organization"},"image":{"@id":"https:\/\/www.teatrodomma.it\/?p=3278#primaryimage"},"thumbnailUrl":"https:\/\/www.teatrodomma.it\/wp-content\/uploads\/2021\/01\/Elisa-Iannetti_primopiano-e1610377728659.jpg","keywords":["Elisa Iannetti"],"articleSection":["Interviste"],"inLanguage":"it-IT"},{"@type":"WebPage","@id":"https:\/\/www.teatrodomma.it\/?p=3278","url":"https:\/\/www.teatrodomma.it\/?p=3278","name":"In laboratorio con...Elisa Iannetti - Teatro Domma","isPartOf":{"@id":"https:\/\/www.teatrodomma.it\/#website"},"primaryImageOfPage":{"@id":"https:\/\/www.teatrodomma.it\/?p=3278#primaryimage"},"image":{"@id":"https:\/\/www.teatrodomma.it\/?p=3278#primaryimage"},"thumbnailUrl":"https:\/\/www.teatrodomma.it\/wp-content\/uploads\/2021\/01\/Elisa-Iannetti_primopiano-e1610377728659.jpg","datePublished":"2021-01-20T15:02:32+00:00","breadcrumb":{"@id":"https:\/\/www.teatrodomma.it\/?p=3278#breadcrumb"},"inLanguage":"it-IT","potentialAction":[{"@type":"ReadAction","target":["https:\/\/www.teatrodomma.it\/?p=3278"]}]},{"@type":"ImageObject","inLanguage":"it-IT","@id":"https:\/\/www.teatrodomma.it\/?p=3278#primaryimage","url":"https:\/\/www.teatrodomma.it\/wp-content\/uploads\/2021\/01\/Elisa-Iannetti_primopiano-e1610377728659.jpg","contentUrl":"https:\/\/www.teatrodomma.it\/wp-content\/uploads\/2021\/01\/Elisa-Iannetti_primopiano-e1610377728659.jpg","width":900,"height":1067},{"@type":"BreadcrumbList","@id":"https:\/\/www.teatrodomma.it\/?p=3278#breadcrumb","itemListElement":[{"@type":"ListItem","position":1,"name":"Home","item":"https:\/\/www.teatrodomma.it\/"},{"@type":"ListItem","position":2,"name":"In laboratorio con&#8230;Elisa Iannetti"}]},{"@type":"WebSite","@id":"https:\/\/www.teatrodomma.it\/#website","url":"https:\/\/www.teatrodomma.it\/","name":"Teatro Domma","description":"","publisher":{"@id":"https:\/\/www.teatrodomma.it\/#organization"},"potentialAction":[{"@type":"SearchAction","target":{"@type":"EntryPoint","urlTemplate":"https:\/\/www.teatrodomma.it\/?s={search_term_string}"},"query-input":{"@type":"PropertyValueSpecification","valueRequired":true,"valueName":"search_term_string"}}],"inLanguage":"it-IT"},{"@type":"Organization","@id":"https:\/\/www.teatrodomma.it\/#organization","name":"Teatro Domma","url":"https:\/\/www.teatrodomma.it\/","logo":{"@type":"ImageObject","inLanguage":"it-IT","@id":"https:\/\/www.teatrodomma.it\/#\/schema\/logo\/image\/","url":"https:\/\/www.teatrodomma.it\/wp-content\/uploads\/2025\/01\/LOGOICON-edited-2.png","contentUrl":"https:\/\/www.teatrodomma.it\/wp-content\/uploads\/2025\/01\/LOGOICON-edited-2.png","width":510,"height":287,"caption":"Teatro Domma"},"image":{"@id":"https:\/\/www.teatrodomma.it\/#\/schema\/logo\/image\/"},"sameAs":["https:\/\/www.facebook.com\/p\/Teatro-Domma-61556981831878\/?locale=it_IT","https:\/\/www.instagram.com\/teatro_domma\/"]},{"@type":"Person","@id":"https:\/\/www.teatrodomma.it\/#\/schema\/person\/8a1f09bf4c695307c8aef38d93aa0e84","name":"Margherita De Donato","image":{"@type":"ImageObject","inLanguage":"it-IT","@id":"https:\/\/www.teatrodomma.it\/#\/schema\/person\/image\/","url":"https:\/\/secure.gravatar.com\/avatar\/0fbebb2201a984022de9f07361f7fe88cb7fcefd6be5e33abf5559102ec20088?s=96&d=mm&r=g","contentUrl":"https:\/\/secure.gravatar.com\/avatar\/0fbebb2201a984022de9f07361f7fe88cb7fcefd6be5e33abf5559102ec20088?s=96&d=mm&r=g","caption":"Margherita De Donato"},"url":"https:\/\/www.teatrodomma.it\/?author=3"}]}},"_links":{"self":[{"href":"https:\/\/www.teatrodomma.it\/index.php?rest_route=\/wp\/v2\/posts\/3278","targetHints":{"allow":["GET"]}}],"collection":[{"href":"https:\/\/www.teatrodomma.it\/index.php?rest_route=\/wp\/v2\/posts"}],"about":[{"href":"https:\/\/www.teatrodomma.it\/index.php?rest_route=\/wp\/v2\/types\/post"}],"author":[{"embeddable":true,"href":"https:\/\/www.teatrodomma.it\/index.php?rest_route=\/wp\/v2\/users\/3"}],"replies":[{"embeddable":true,"href":"https:\/\/www.teatrodomma.it\/index.php?rest_route=%2Fwp%2Fv2%2Fcomments&post=3278"}],"version-history":[{"count":0,"href":"https:\/\/www.teatrodomma.it\/index.php?rest_route=\/wp\/v2\/posts\/3278\/revisions"}],"wp:featuredmedia":[{"embeddable":true,"href":"https:\/\/www.teatrodomma.it\/index.php?rest_route=\/wp\/v2\/media\/3280"}],"wp:attachment":[{"href":"https:\/\/www.teatrodomma.it\/index.php?rest_route=%2Fwp%2Fv2%2Fmedia&parent=3278"}],"wp:term":[{"taxonomy":"category","embeddable":true,"href":"https:\/\/www.teatrodomma.it\/index.php?rest_route=%2Fwp%2Fv2%2Fcategories&post=3278"},{"taxonomy":"post_tag","embeddable":true,"href":"https:\/\/www.teatrodomma.it\/index.php?rest_route=%2Fwp%2Fv2%2Ftags&post=3278"}],"curies":[{"name":"wp","href":"https:\/\/api.w.org\/{rel}","templated":true}]}}