{"id":3426,"date":"2021-02-03T18:01:46","date_gmt":"2021-02-03T17:01:46","guid":{"rendered":"https:\/\/www.teatrodomma.it\/?p=3426"},"modified":"2021-02-03T18:01:46","modified_gmt":"2021-02-03T17:01:46","slug":"sul-palco-con-lara-feleppa","status":"publish","type":"post","link":"https:\/\/www.teatrodomma.it\/?p=3426","title":{"rendered":"Sul palco con &#8230;Lara Feleppa"},"content":{"rendered":"\n<p class=\"has-background-dark-background-color has-background\"><em>Ha calcato le assi del palcoscenico del nostro teatro, iniziando con esibizioni amatoriali per poi prendere il volo ed esibirsi su altri scenari del territorio romano, ricevendo riconoscimenti e premi&#8230;per tornare a trovarci prendendo parte a<\/em> <em>spettacoli<\/em> <em>di beneficenza per il Centro giovanile<\/em> <em>&#8220;Madonna di Loreto&#8221;.<\/em><\/p>\n\n\n\n<p><a rel=\"noreferrer noopener\" href=\"https:\/\/www.facebook.com\/Lara-Feleppa-attrice-104414414622680\/\" target=\"_blank\">LARA FELEPPA<\/a> (nata a Roma il 07\/11\/1975, per caso perch\u00e9 la famiglia vi era di passaggio, vivendo invece in Campania, a Benevento). <\/p>\n\n\n\n<p><strong>A 10 anni<\/strong>  capisce di avere la passione per il teatro, sbirciando Gigi Proietti dietro le quinte del teatro romano di Benevento. Ancora adolescente si iscrive al suo<strong> primo laboratorio teatrale &#8220;Maloeis&#8221;<\/strong>. Frequenta il<strong> Liceo artistico <\/strong>e poi si diploma come fumettista presso la <strong>Scuola Internazionale di Comics<\/strong>. Tutto ci\u00f2 confluisce nella sua attitudine ad occuparsi un po&#8217; di tutto sul palco: dai costumi, al trucco, ma soprattutto alla scenografia.<\/p>\n\n\n\n<p><strong>A 18 anni<\/strong> si trasferisce a Roma. <strong>Nel 1994<\/strong> entra a far parte della <strong><em>compagnia teatrale<\/em><\/strong> <strong><em>\u201cIl paradiso degli orchi\u201d<\/em><\/strong> e vi resta per due anni.  Passa quindi alla <em><strong>compagnia &#8220;Ripa Grande&#8221;<\/strong><\/em>, diretta da Mimma Vitalone. Con lei alla regia, <strong>nel 2012<\/strong>, vestendo i panni della sig.ra Frola in<strong> <\/strong><em>&#8220;Cos\u00ec \u00e8, se vi pare&#8221;<\/em> di Pirandello sul palco del Teatro delle Muse, si aggiudica il premio come <strong>Miglior Attrice Protagonista alla XVI edizione de &#8220;La Settimana del teatro di base&#8221;<\/strong>. Tra gli altri spettacoli portati in scena a firma sempre della Vitalone, figurano opere di Eduardo De Filippo (<em>\u201cLa lettera di mamm\u00e0\u201d<\/em> e <em>\u201cPericolosamente\u201d<\/em>) ed ancora Pirandello (<em>\u201cIl berretto a sonagli\u201d, \u201cLumie di Sicilia\u201d<\/em>,<em>\u201cCec\u00e8\u201d <\/em>e<em> \u201cL\u2019altro figlio\u201d<\/em>, atto unico che Feleppa vanta come cavallo di battaglia, perch\u00e9 le ha dato modo di interpretare il dolore di una madre e moglie in un monologo di una drammaticit\u00e0 straordinaria).<\/p>\n\n\n\n<p><strong>Dal<\/strong> <strong>2000 <\/strong>frequenta il <strong><em>laboratorio teatrale \u201cMurialdo\u201d<\/em><\/strong> in cui approfondisce il <em>metodo Stanislavskij<\/em>. <strong>Nel 2007<\/strong> partecipa allo <em><strong>stage<\/strong><\/em> <em><strong>\u201cRidere non \u00e8 una cosa da ridere\u201d<\/strong><\/em>, tenuto da Roberto Ciufoli. <strong>Nel 2008<\/strong>, con <em>&#8220;I 7 re di Roma&#8221;<\/em> di Luigi Magni, per la regia di Andrea Antonelli, si \u00e8 messa alla prova anche nel musical. Il <strong>biennio 2016-2017<\/strong> la vede interprete di svariati recital, scritti e diretti da Augusto Benemeglio presso il Teatro San Timoteo di Casalpalocco-Roma: <em>&#8220;Pirandello e l&#8217;anima&#8221;, <em>&#8220;<em>Il caso Ges\u00f9<\/em>&#8220;<\/em><\/em>,<em> &#8220;Manzoni e la Misericordia&#8221;, &#8220;Filumena Marturano&#8221; <\/em>ed <em>&#8220;Il violino scordato&#8221;- omaggio ad Eduardo.<\/em><\/p>\n\n\n\n<p>Attualmente \u00e8 tra i collaboratori fissi della <strong><em>compagnia teatrale &#8220;Anacronismi&#8221;<\/em><\/strong> fondata ufficialmente nel 2011 da Gabriele Zedde e Mauro Guttoriello, che dal 2014 hanno sfornato uno spettacolo all\u2019anno, ottenendo un discreto successo di pubblico. Con loro &#8211; <strong>tra il 2019 ed il 2020<\/strong> &#8211; vince <strong>tre riconoscimenti<\/strong>, per altrettante interpretazioni dal registro sia comico sia drammatico, <strong>durante rassegne-concorso quali <em>&#8220;Settimia Spizzichino e gli anni rubati&#8221;<\/em> <\/strong>per la Giornata della Memoria <strong>e <em>&#8220;Se ridi viene meglio&#8221;(sezione Short Stories)<\/em><\/strong><em> <\/em>sul palcoscenico del Teatro Antigone.<\/p>\n\n\n\n<p><strong>Sul palco del Teatro Don Mario Torregrossa si \u00e8 esibita pi\u00f9 volte<\/strong>, dando il suo contributo artistico anche per serate di beneficenza; ad esempio, <strong>nel 2017<\/strong> ha interpretato il monologo &#8220;La lista&#8221; tratto da <em>&#8220;Il silenzio violato (Se i quadri di Hopper potessero parlare&#8230;o cantare)&#8221; <\/em>scritto e diretto da Raffaele Greco.<\/p>\n\n\n\n<figure class=\"wp-block-embed is-type-video is-provider-youtube wp-block-embed-youtube wp-embed-aspect-4-3 wp-has-aspect-ratio\"><div class=\"wp-block-embed__wrapper\">\n<iframe loading=\"lazy\" title=\"Lara Feleppa   La lista\" width=\"720\" height=\"540\" src=\"https:\/\/www.youtube.com\/embed\/9JR_YH5ZQO4?feature=oembed\" frameborder=\"0\" allow=\"accelerometer; autoplay; clipboard-write; encrypted-media; gyroscope; picture-in-picture; web-share\" referrerpolicy=\"strict-origin-when-cross-origin\" allowfullscreen><\/iframe>\n<\/div><figcaption>05\/11\/2017 Teatro Don Mario Torregrossa: Lara Feleppa nel monologo &#8220;La lista&#8221; tratto da &#8220;Il silenzio violato (Se i quadri di Hopper potessero parlare&#8230;o cantare)&#8221; scritto da Raffaele Greco per una serata di beneficenza<\/figcaption><\/figure>\n\n\n\n<p class=\"has-background-dark-background-color has-background\"><em><strong>Anche se per noi sei di casa, <\/strong><\/em><strong><em>raccontaci a quando risalgono i tuoi inizi&#8230;<\/em><\/strong><em><strong> Hai qualche aneddoto<\/strong><\/em> <em><strong>simpatico da rivelarci?<\/strong><\/em><\/p>\n\n\n\n<p><strong>La mia prima volta su un palco \u00e8 stata a 4 anni con un saggio di danza classica<\/strong> ed in quell&#8217;occasione <strong>feci la pip\u00ec in scena<\/strong>, forse per &#8220;segnare il territorio&#8221;: gi\u00e0 sapevo bene che quello era un posto che avrei amato per tutta la vita!<br><strong>Mi sono innamorata del teatro a 10 anni<\/strong>, sbirciando Gigi Proietti dietro le quinte in quei pochi istanti prima di entrare in scena. Era al teatro romano di Benevento e mi stup\u00ec vedere come i suoi personaggi venissero fuori in quei pochi passi che separano le quinte dal palcoscenico. Pensai: &#8220;Lo voglio fare anche io!&#8221;<br>Un paio di anni dopo, Proietti si esibiva al Teatro Massimo di Benevento, che conoscevo come le mie tasche. A fine spettacolo corsi nel suo camerino con in testa tante cose che avrei voluto dirgli, ma alla fine della corsa, trovandomelo davanti, mi manc\u00f2 il respiro  e riuscii solo a ringraziarlo. <strong>A 15 anni mi iscrissi alla mia prima scuola di teatro<\/strong>.<\/p>\n\n\n\n<p class=\"has-background-dark-background-color has-background\"><strong><em>A proposito del legame con il territorio, la tua famiglia ha origini campane: hai mai portato un tocco di Campania nei tuoi spettacoli?<\/em><\/strong> <strong><em>Ti sei mai esibita nella terra natia?<\/em><\/strong><\/p>\n\n\n\n<p>Mio padre \u00e8 di Pietrelcina ed ho vissuto a Benevento fino ai 18 anni. Dopo il primo laboratorio teatrale non mi sono pi\u00f9 esibita a Benevento e la prima volta \u00e8 stata <strong>ad agosto della scorsa estate con<\/strong> <em><a rel=\"noreferrer noopener\" href=\"https:\/\/www.youtube.com\/watch?fbclid=IwAR1cZouvWo3nA5SvIo3zl8RlxFTgBjYxNbAUkunL29Pr8ySn5xsuAUC6Rig&amp;v=1PhunwuU-eY&amp;feature=youtu.be&amp;ab_channel=LaraFeleppa\" target=\"_blank\">&#8220;La notte delle stelle farfalla&#8221;<\/a> <\/em>, un racconto del mio amico scrittore <a rel=\"noreferrer noopener\" href=\"https:\/\/www.alfredomartinelli.info\/\" target=\"_blank\">Alfredo Martinelli<\/a> , con cui abbiamo creato una serata di racconti e musica <strong>nello splendido scenario del Parco Colesanti di Pietrelcina (BN)<\/strong>. Devo dire, per\u00f2, che il dialetto o l&#8217;accento campano lo sfodero sempre all&#8217;occorrenza; ad esempio l&#8217;ho sfruttato nei tre monologhi di <strong><em><a rel=\"noreferrer noopener\" href=\"https:\/\/www.youtube.com\/watch?v=ZIBMfB0vDW4&amp;feature=emb_logo\" target=\"_blank\">&#8220;Filumena Marturano&#8221;<\/a><\/em><\/strong> che ho interpretato durante un recital dedicato ad Eduardo De Filippo, scritto e diretto da Augusto Benemeglio nel Teatro S.Timoteo del quartiere romano Casalpalocco, qui nella mia zona (ndr. si tratta de <em>Il dialogo con la Madonna delle rose<\/em>, il ricordo dei <em>Bassi di Napoli <\/em>in cui la protagonista era nata e vissuta, <em>I figli nun si pavano<\/em> e la fine catartica del dramma, <em>quant&#8217;\u00e8 bello chiagnere<\/em>).<\/p>\n\n\n\n<p><\/p>\n\n\n\n<figure class=\"wp-block-embed is-type-video is-provider-youtube wp-block-embed-youtube wp-embed-aspect-16-9 wp-has-aspect-ratio\"><div class=\"wp-block-embed__wrapper\">\n<iframe loading=\"lazy\" title=\"Filumena marturano\" width=\"720\" height=\"405\" src=\"https:\/\/www.youtube.com\/embed\/ZIBMfB0vDW4?feature=oembed\" frameborder=\"0\" allow=\"accelerometer; autoplay; clipboard-write; encrypted-media; gyroscope; picture-in-picture; web-share\" referrerpolicy=\"strict-origin-when-cross-origin\" allowfullscreen><\/iframe>\n<\/div><figcaption>Interprete di tre monologhi tratti da &#8220;Filumena Marturano&#8221; in una serata dedicata ad Eduardo De Filippo, per la regia di Augusto Benemeglio<\/figcaption><\/figure>\n\n\n\n<p class=\"has-background-dark-background-color has-background\"><strong><em>C&#8217;\u00e8 un rito a cui non rinunci mai prima di entrare in scena?<\/em><\/strong><\/p>\n\n\n\n<p><strong>Prima di andare in scena divento terribile!<\/strong> Lo sa bene <strong>la mia Compagnia <a rel=\"noreferrer noopener\" href=\"https:\/\/www.facebook.com\/Compagnia-teatrale-Anacronismi-117811988234744\/\" target=\"_blank\">&#8220;Anacronismi&#8221;<\/a><\/strong>. Sono sempre molto calma, ma estremamente metodica e &#8220;precisina&#8221;: tengo molto alla tecnica, alla dizione e che le cose siano fatte bene. La tecnica \u00e8 alla base; se c&#8217;\u00e8 quella, poi, puoi creare tutto ci\u00f2 che vuoi. Prima che si alzi il sipario, <strong>mi chiudo in una specie di bolla per concentrarmi; inizio a prendere possesso del palco con camminate al limite della follia, soprattutto se sto portando in scena qualcosa di drammatico.<\/strong><\/p>\n\n\n\n<p class=\"has-background-dark-background-color has-background\"><em><strong>Nel maggio 2012, alla <em><strong>XVI edizione de &#8220;La Settimana del teatro di base<\/strong><\/em>&#8220;, <em><strong>sul palco del Teatro delle Muse<\/strong><\/em> sei stata premiata come Miglior Attrice Protagonista per l&#8217;interpretazione della signora Frola in &#8220;Cos\u00ec \u00e8, se vi pare&#8221; di Pirandello. Si tratta del tuo primo <\/strong><\/em><strong><em>premio ricevuto. Che emozione hai provato?<\/em><\/strong><\/p>\n\n\n\n<p><strong>Credo che<\/strong> <strong>il personaggio della signora Frola sia stato il pi\u00f9 difficile<\/strong> che abbia interpretato. Ero davvero convinta di non farcela, ma la mia regista di allora, <strong>Mimma Vitalone<\/strong>, ci ha creduto prima di me, <strong>per cui quando poi sono stata premiata<\/strong> <strong>\u00e8 stata una soddisfazione ancora pi\u00f9 grande, perch\u00e9 sudata ed inaspettata.<\/strong><\/p>\n\n\n\n<figure class=\"wp-block-gallery columns-2 is-cropped wp-block-gallery-1 is-layout-flex wp-block-gallery-is-layout-flex\"><ul class=\"blocks-gallery-grid\"><li class=\"blocks-gallery-item\"><figure><img loading=\"lazy\" decoding=\"async\" width=\"908\" height=\"1024\" src=\"http:\/\/test.teatrodomma.it\/wp-content\/uploads\/2021\/02\/Lara-Feleppa_SigraFrola-908x1024.jpg\" alt=\"\" data-id=\"3484\" data-full-url=\"http:\/\/test.teatrodomma.it\/wp-content\/uploads\/2021\/02\/Lara-Feleppa_SigraFrola.jpg\" data-link=\"https:\/\/www.teatrodomma.it\/blog\/interviste\/sul-palco-con-lara-feleppa\/attachment\/lara-feleppa_sigrafrola\/\" class=\"wp-image-3484\" srcset=\"https:\/\/www.teatrodomma.it\/wp-content\/uploads\/2021\/02\/Lara-Feleppa_SigraFrola-908x1024.jpg 908w, https:\/\/www.teatrodomma.it\/wp-content\/uploads\/2021\/02\/Lara-Feleppa_SigraFrola-266x300.jpg 266w, https:\/\/www.teatrodomma.it\/wp-content\/uploads\/2021\/02\/Lara-Feleppa_SigraFrola-768x866.jpg 768w, https:\/\/www.teatrodomma.it\/wp-content\/uploads\/2021\/02\/Lara-Feleppa_SigraFrola-200x226.jpg 200w, https:\/\/www.teatrodomma.it\/wp-content\/uploads\/2021\/02\/Lara-Feleppa_SigraFrola-958x1080.jpg 958w, https:\/\/www.teatrodomma.it\/wp-content\/uploads\/2021\/02\/Lara-Feleppa_SigraFrola.jpg 1080w\" sizes=\"(max-width: 908px) 100vw, 908px\" \/><\/figure><\/li><li class=\"blocks-gallery-item\"><figure><img loading=\"lazy\" decoding=\"async\" width=\"1010\" height=\"1024\" src=\"http:\/\/test.teatrodomma.it\/wp-content\/uploads\/2021\/02\/Lara-Feleppa_primopiano-scena-in-BN-1010x1024.jpg\" alt=\"\" data-id=\"3483\" data-full-url=\"http:\/\/test.teatrodomma.it\/wp-content\/uploads\/2021\/02\/Lara-Feleppa_primopiano-scena-in-BN.jpg\" data-link=\"https:\/\/www.teatrodomma.it\/blog\/interviste\/sul-palco-con-lara-feleppa\/attachment\/lara-feleppa_primopiano-scena-in-bn\/\" class=\"wp-image-3483\" srcset=\"https:\/\/www.teatrodomma.it\/wp-content\/uploads\/2021\/02\/Lara-Feleppa_primopiano-scena-in-BN-1010x1024.jpg 1010w, https:\/\/www.teatrodomma.it\/wp-content\/uploads\/2021\/02\/Lara-Feleppa_primopiano-scena-in-BN-296x300.jpg 296w, https:\/\/www.teatrodomma.it\/wp-content\/uploads\/2021\/02\/Lara-Feleppa_primopiano-scena-in-BN-768x779.jpg 768w, https:\/\/www.teatrodomma.it\/wp-content\/uploads\/2021\/02\/Lara-Feleppa_primopiano-scena-in-BN-200x203.jpg 200w, https:\/\/www.teatrodomma.it\/wp-content\/uploads\/2021\/02\/Lara-Feleppa_primopiano-scena-in-BN-1065x1080.jpg 1065w, https:\/\/www.teatrodomma.it\/wp-content\/uploads\/2021\/02\/Lara-Feleppa_primopiano-scena-in-BN.jpg 1080w\" sizes=\"(max-width: 1010px) 100vw, 1010px\" \/><\/figure><\/li><\/ul><figcaption class=\"blocks-gallery-caption\">A sinistra, sul palco nel 2012 nei panni della sig.ra Frola in<strong> &#8220;Cos\u00ec \u00e8, se vi pare&#8221;<\/strong> di Pirandello, rappresentato con la Compagnia &#8220;Ripa Grande&#8221;, diretta da Mimma Vitalone. A destra, nel corto teatrale <strong>&#8220;Eccoli&#8221;<\/strong>, scritto e diretto da Gabriele Zedde e portato in scena al Teatro Antigone nel 2020 durante la rassegna-concorso <em>&#8220;Settimia Spizzichino e gli anni rubati&#8221;<\/em>. <strong>Entrambe le interpretazioni le sono valse il premio come Miglior Attrice.<\/strong><\/figcaption><\/figure>\n\n\n\n<figure class=\"wp-block-image size-large\"><img loading=\"lazy\" decoding=\"async\" width=\"1024\" height=\"565\" src=\"http:\/\/test.teatrodomma.it\/wp-content\/uploads\/2021\/02\/medaglia-Premio-Spizzichino-2020-1024x565.jpg\" alt=\"\" class=\"wp-image-3488\" srcset=\"https:\/\/www.teatrodomma.it\/wp-content\/uploads\/2021\/02\/medaglia-Premio-Spizzichino-2020-1024x565.jpg 1024w, https:\/\/www.teatrodomma.it\/wp-content\/uploads\/2021\/02\/medaglia-Premio-Spizzichino-2020-300x166.jpg 300w, https:\/\/www.teatrodomma.it\/wp-content\/uploads\/2021\/02\/medaglia-Premio-Spizzichino-2020-768x424.jpg 768w, https:\/\/www.teatrodomma.it\/wp-content\/uploads\/2021\/02\/medaglia-Premio-Spizzichino-2020-200x110.jpg 200w, https:\/\/www.teatrodomma.it\/wp-content\/uploads\/2021\/02\/medaglia-Premio-Spizzichino-2020.jpg 1080w\" sizes=\"(max-width: 1024px) 100vw, 1024px\" \/><\/figure>\n\n\n\n<p class=\"has-text-align-center\"><strong>Una carrellata in video sui lavori teatrali di Lara Feleppa:<\/strong><\/p>\n\n\n\n<figure class=\"wp-block-embed is-type-video is-provider-youtube wp-block-embed-youtube wp-embed-aspect-16-9 wp-has-aspect-ratio\"><div class=\"wp-block-embed__wrapper\">\n<iframe loading=\"lazy\" title=\"Showreel\" width=\"720\" height=\"405\" src=\"https:\/\/www.youtube.com\/embed\/Q-CGMIJaPDg?feature=oembed\" frameborder=\"0\" allow=\"accelerometer; autoplay; clipboard-write; encrypted-media; gyroscope; picture-in-picture; web-share\" referrerpolicy=\"strict-origin-when-cross-origin\" allowfullscreen><\/iframe>\n<\/div><\/figure>\n\n\n\n<p class=\"has-background-dark-background-color has-background\"><strong><em>Ci siamo lasciati alle spalle il 2020, un anno molto particolare per tutti. Raccontaci come lo hai vissuto. Che impatto ha avuto su di te?<\/em><\/strong><\/p>\n\n\n\n<p>Diciamo che quest&#8217;ultimo anno, non potendo portare in scena spettacoli interi, mi sono dedicata ai <strong>concorsi<\/strong>, cercando di mettermi alla prova con <strong>testi sia comici che drammatici<\/strong> e devo dire che ho avuto almeno la soddisfazione di portarmi a casa <strong>3 riconoscimenti<\/strong>. Le mie interpretazioni premiate come <strong>Miglior Attrice<\/strong> riguardano gli spettacoli <em><strong>&#8220;Eccoli&#8221;<\/strong><\/em>, portato in scena al Teatro Antigone all&#8217;interno del <em>concorso<\/em> <em>&#8220;Settimia Spizzichino&#8221;<\/em> <em>per la giornata della memoria,<\/em> <em><strong>&#8220;Shark in love&#8221;<\/strong><\/em> un altro corto teatrale scritto e diretto da <a rel=\"noreferrer noopener\" href=\"https:\/\/www.facebook.com\/gabriele.zedde\/videos\" target=\"_blank\">Gabriele Zedde<\/a> della <a rel=\"noreferrer noopener\" href=\"https:\/\/www.facebook.com\/Compagnia-teatrale-Anacronismi-117811988234744\/\" target=\"_blank\">Compagnia teatrale &#8220;Anacronismi&#8221;<\/a> ed infine il monologo <em><strong>&#8220;A che piano si divorzia?&#8221;<\/strong><\/em>, sempre di e per la regia di Zedde, per la settima edizione della rassegna <em>&#8220;Se ridi viene meglio&#8221;<\/em> ancora al Teatro Antigone. Pensa che quest&#8217;ultimo premio l&#8217;ho ricevuto ad ottobre, il giorno prima della chiusura dei teatri!<\/p>\n\n\n\n<figure class=\"wp-block-gallery columns-2 is-cropped wp-block-gallery-2 is-layout-flex wp-block-gallery-is-layout-flex\"><ul class=\"blocks-gallery-grid\"><li class=\"blocks-gallery-item\"><figure><img decoding=\"async\" src=\"http:\/\/test.teatrodomma.it\/wp-content\/uploads\/2021\/02\/Lara-Feleppa_A-che-piano-si-divorzia-4-698x1024.jpg\" alt=\"\" data-id=\"3563\" data-link=\"https:\/\/www.teatrodomma.it\/?attachment_id=3563\" class=\"wp-image-3563\"\/><\/figure><\/li><li class=\"blocks-gallery-item\"><figure><img decoding=\"async\" src=\"http:\/\/test.teatrodomma.it\/wp-content\/uploads\/2021\/02\/medaglia-Se-Ridi-Viene-Meglio-7-5-1024x989.jpg\" alt=\"\" data-id=\"3564\" data-full-url=\"http:\/\/test.teatrodomma.it\/wp-content\/uploads\/2021\/02\/medaglia-Se-Ridi-Viene-Meglio-7-5.jpg\" data-link=\"https:\/\/www.teatrodomma.it\/?attachment_id=3564\" class=\"wp-image-3564\"\/><\/figure><\/li><\/ul><figcaption class=\"blocks-gallery-caption\">Nel monologo <em><strong><a rel=\"noreferrer noopener\" href=\"https:\/\/www.facebook.com\/Lara-Feleppa-attrice-104414414622680\/videos\/658574081496849\" target=\"_blank\">&#8220;A che piano si divorzia?<\/a><\/strong>&#8220;<\/em> con il quale ha vinto la 7\u00b0 edizione del Premio &#8220;Se Ridi Viene Meglio&#8221; presso il Teatro Antigone ad ottobre 2020<\/figcaption><\/figure>\n\n\n\n<p><\/p>\n\n\n\n<figure class=\"wp-block-gallery columns-2 is-cropped wp-block-gallery-3 is-layout-flex wp-block-gallery-is-layout-flex\"><ul class=\"blocks-gallery-grid\"><li class=\"blocks-gallery-item\"><figure><img loading=\"lazy\" decoding=\"async\" width=\"1004\" height=\"1024\" src=\"http:\/\/test.teatrodomma.it\/wp-content\/uploads\/2021\/02\/A-che-piano-si-divorzia_locandina-1004x1024.jpg\" alt=\"\" data-id=\"3508\" data-link=\"https:\/\/www.teatrodomma.it\/?attachment_id=3508\" class=\"wp-image-3508\" srcset=\"https:\/\/www.teatrodomma.it\/wp-content\/uploads\/2021\/02\/A-che-piano-si-divorzia_locandina-1004x1024.jpg 1004w, https:\/\/www.teatrodomma.it\/wp-content\/uploads\/2021\/02\/A-che-piano-si-divorzia_locandina-294x300.jpg 294w, https:\/\/www.teatrodomma.it\/wp-content\/uploads\/2021\/02\/A-che-piano-si-divorzia_locandina-768x784.jpg 768w, https:\/\/www.teatrodomma.it\/wp-content\/uploads\/2021\/02\/A-che-piano-si-divorzia_locandina-200x204.jpg 200w, https:\/\/www.teatrodomma.it\/wp-content\/uploads\/2021\/02\/A-che-piano-si-divorzia_locandina-1058x1080.jpg 1058w, https:\/\/www.teatrodomma.it\/wp-content\/uploads\/2021\/02\/A-che-piano-si-divorzia_locandina.jpg 1080w\" sizes=\"(max-width: 1004px) 100vw, 1004px\" \/><\/figure><\/li><li class=\"blocks-gallery-item\"><figure><img loading=\"lazy\" decoding=\"async\" width=\"1024\" height=\"956\" src=\"http:\/\/test.teatrodomma.it\/wp-content\/uploads\/2021\/02\/Doctor-Divago_locandina-1024x956.jpg\" alt=\"\" data-id=\"3509\" data-full-url=\"http:\/\/test.teatrodomma.it\/wp-content\/uploads\/2021\/02\/Doctor-Divago_locandina.jpg\" data-link=\"https:\/\/www.teatrodomma.it\/?attachment_id=3509\" class=\"wp-image-3509\" srcset=\"https:\/\/www.teatrodomma.it\/wp-content\/uploads\/2021\/02\/Doctor-Divago_locandina-1024x956.jpg 1024w, https:\/\/www.teatrodomma.it\/wp-content\/uploads\/2021\/02\/Doctor-Divago_locandina-300x280.jpg 300w, https:\/\/www.teatrodomma.it\/wp-content\/uploads\/2021\/02\/Doctor-Divago_locandina-768x717.jpg 768w, https:\/\/www.teatrodomma.it\/wp-content\/uploads\/2021\/02\/Doctor-Divago_locandina-200x187.jpg 200w, https:\/\/www.teatrodomma.it\/wp-content\/uploads\/2021\/02\/Doctor-Divago_locandina.jpg 1080w\" sizes=\"(max-width: 1024px) 100vw, 1024px\" \/><\/figure><\/li><\/ul><\/figure>\n\n\n\n<p class=\"has-background-dark-background-color has-background\"><strong><em>Permetti una piccola incursione nel tuo privato.<\/em><\/strong> <strong><em><strong><em>Come si concilia con il teatro la tua attivit\u00e0 creativa di <strong><a rel=\"noreferrer noopener\" href=\"https:\/\/www.facebook.com\/LARts-creazioni-elementi-darredo-223840314371050\" target=\"_blank\"><em><strong>elementi d&#8217;arredo<\/strong><\/em> firmati LARt&#8217;s<\/a>.<\/strong> ed il tuo essere mamma di due bambine ancora piccole?<\/em><\/strong><\/em><\/strong><\/p>\n\n\n\n<p>Premetto che in teatro mi piace saper fare un po&#8217; tutto: costumi, trucco, ma soprattutto scenografia. Ho studiato al Liceo artistico e poi alla Scuola Internazionale di Comics, per cui unire le cose in un certo senso viene naturale. <strong>LARt&#8217;s \u00e8 qualcosa che sta nascendo adesso, negli ultimi mesi soprattutto<\/strong>, ed al momento sta tentando di farmi sentire meno la mancanza del mio grande amore: il teatro. Parlando di grandi amori, mi chiedevi anche delle mie bimbe&#8230;In casa, hanno sempre respirato teatro ed arte in generale. <strong>La mia seconda figlia \u00e8 stata in scena nel mio pancione e poi, da neonata, \u00e8 sempre venuta con me e l&#8217;allattavo in camerino<\/strong>. Entrambe seguono tutte le nostre prove, tanto \u00e8 vero che <strong>Alice, la pi\u00f9 grande, sta frequentando la <a rel=\"noreferrer noopener\" href=\"https:\/\/www.cdsacademy.it\/\" target=\"_blank\">CDS Academy<\/a> proprio qui al Teatro Don Mario Torregrossa!<\/strong><\/p>\n\n\n\n<p class=\"has-background-dark-background-color has-background\"><em><strong>Quali sogni vorresti <em><strong>ancora<\/strong><\/em><\/strong><\/em> <em><strong>realizzare nella tua vita sia artistica sia privata?<\/strong><\/em><\/p>\n\n\n\n<p>Oltre a sognare di portare un grande spettacolo nella mia citt\u00e0 di origine, il mio pi\u00f9 grande sogno \u00e8 quello di <strong>interpretare Eusebia in Rugantino<\/strong>&#8230;io ci spero sempre! Il mio sogno privato \u00e8 di essere sempre capace di apprezzare ci\u00f2 che la vita mi regala, perch\u00e9 credo sia l&#8217;unico modo per trovare la serenit\u00e0.<\/p>\n\n\n\n<p class=\"has-background-dark-background-color has-background\"><strong><em>Per concludere, parlaci del video sugli anni &#8217;80 al quale hai prestato la tua voce.<\/em><\/strong><\/p>\n\n\n\n<p>Il video <strong><em>&#8220;Perch\u00e9 siamo nostalgici degli Anni &#8217;80&#8221;<\/em><\/strong> \u00e8 nato in quarantena per una puntata di una web radio in cui si parlava di quegli anni. Si \u00e8 trattato di un esperimento, condiviso insieme a <a rel=\"noreferrer noopener\" href=\"https:\/\/www.youtube.com\/channel\/UC4km95Clgbksw9YfYU2D6SA?feature=emb_ch_name_ex\" target=\"_blank\">Vincenzo Manganiello<\/a> (il jesterr dj che lo ha montato e ne ha scelto il testo). Mi \u00e8 piaciuto molto farlo, perch\u00e9 ho capito che &#8211; proprio nei momenti in cui si \u00e8 privati di tante libert\u00e0 &#8211; si pu\u00f2 imparare qualcosa che non sapevamo di noi stessi; nel mio caso, ho capito che forse posso lavorare ancora di pi\u00f9 sulla voce! Cos\u00ec mi sono prestata anche alla <a rel=\"noreferrer noopener\" href=\"https:\/\/www.youtube.com\/watch?v=TdKhAILuQVA\" target=\"_blank\">lettura<\/a> di alcuni racconti del mio amico scrittore <a rel=\"noreferrer noopener\" href=\"https:\/\/www.alfredomartinelli.info\/\" target=\"_blank\">Alfredo Martinelli<\/a>.<\/p>\n\n\n\n<figure class=\"wp-block-embed is-type-video is-provider-youtube wp-block-embed-youtube wp-embed-aspect-16-9 wp-has-aspect-ratio\"><div class=\"wp-block-embed__wrapper\">\n<iframe loading=\"lazy\" title=\"&quot;Perch\u00e9 siamo nostalgici degli anni 80&quot;\" width=\"720\" height=\"405\" src=\"https:\/\/www.youtube.com\/embed\/azSA7NEVxKk?feature=oembed\" frameborder=\"0\" allow=\"accelerometer; autoplay; clipboard-write; encrypted-media; gyroscope; picture-in-picture; web-share\" referrerpolicy=\"strict-origin-when-cross-origin\" allowfullscreen><\/iframe>\n<\/div><\/figure>\n\n\n\n<p class=\"has-background-dark-background-color has-background\">RINGRAZIAMO LARA, AUGURANDOLE DI CONTINUARE AD ESPLORARE NUOVE POSSIBILITA&#8217; ARTISTICHE IN ATTESA DI TORNARE SUL PALCO.<\/p>\n\n\n\n<p><em>Margherita De Donato<\/em><\/p>\n","protected":false},"excerpt":{"rendered":"<p>Ha calcato le assi del palcoscenico del nostro teatro, iniziando con esibizioni amatoriali per poi prendere il volo ed esibirsi su altri scenari del territorio romano, ricevendo riconoscimenti e premi&#8230;per tornare a trovarci prendendo parte a spettacoli di beneficenza per il Centro giovanile &#8220;Madonna di Loreto&#8221;. LARA FELEPPA (nata a Roma il 07\/11\/1975, per caso [&hellip;]<\/p>\n","protected":false},"author":3,"featured_media":3480,"comment_status":"closed","ping_status":"open","sticky":false,"template":"","format":"standard","meta":{"saved_in_kubio":false,"footnotes":""},"categories":[48],"tags":[197,198,199,200,201,202,203,204,16,205],"class_list":{"0":"post-3426","1":"post","2":"type-post","3":"status-publish","4":"format-standard","5":"has-post-thumbnail","6":"hentry","7":"category-interviste","8":"tag-augusto-benemeglio","9":"tag-compagnia-anacronismi","10":"tag-compagnia-ripa-grande","11":"tag-filumena-marturano","12":"tag-gabriele-zedde","13":"tag-lara-feleppa","14":"tag-mimma-vitalone","15":"tag-premio-settimia-spizzichino","16":"tag-teatro-don-mario-torregrossa","17":"tag-vincenzo-manganiello-jesterr-dj","19":"post-with-thumbnail","20":"post-with-thumbnail-large"},"yoast_head":"<!-- This site is optimized with the Yoast SEO plugin v25.8 - https:\/\/yoast.com\/wordpress\/plugins\/seo\/ -->\n<title>Sul palco con ...Lara Feleppa - Teatro Domma<\/title>\n<meta name=\"robots\" content=\"index, follow, max-snippet:-1, max-image-preview:large, max-video-preview:-1\" \/>\n<link rel=\"canonical\" href=\"https:\/\/www.teatrodomma.it\/?p=3426\" \/>\n<meta property=\"og:locale\" content=\"it_IT\" \/>\n<meta property=\"og:type\" content=\"article\" \/>\n<meta property=\"og:title\" content=\"Sul palco con ...Lara Feleppa - Teatro Domma\" \/>\n<meta property=\"og:description\" content=\"Ha calcato le assi del palcoscenico del nostro teatro, iniziando con esibizioni amatoriali per poi prendere il volo ed esibirsi su altri scenari del territorio romano, ricevendo riconoscimenti e premi&#8230;per tornare a trovarci prendendo parte a spettacoli di beneficenza per il Centro giovanile &#8220;Madonna di Loreto&#8221;. LARA FELEPPA (nata a Roma il 07\/11\/1975, per caso [&hellip;]\" \/>\n<meta property=\"og:url\" content=\"https:\/\/www.teatrodomma.it\/?p=3426\" \/>\n<meta property=\"og:site_name\" content=\"Teatro Domma\" \/>\n<meta property=\"article:publisher\" content=\"https:\/\/www.facebook.com\/p\/Teatro-Domma-61556981831878\/?locale=it_IT\" \/>\n<meta property=\"article:published_time\" content=\"2021-02-03T17:01:46+00:00\" \/>\n<meta property=\"og:image\" content=\"https:\/\/www.teatrodomma.it\/wp-content\/uploads\/2021\/02\/Lara-Feleppa_primopiano-e1612136343315.jpg\" \/>\n\t<meta property=\"og:image:width\" content=\"900\" \/>\n\t<meta property=\"og:image:height\" content=\"910\" \/>\n\t<meta property=\"og:image:type\" content=\"image\/jpeg\" \/>\n<meta name=\"author\" content=\"Margherita De Donato\" \/>\n<meta name=\"twitter:card\" content=\"summary_large_image\" \/>\n<meta name=\"twitter:label1\" content=\"Scritto da\" \/>\n\t<meta name=\"twitter:data1\" content=\"Margherita De Donato\" \/>\n\t<meta name=\"twitter:label2\" content=\"Tempo di lettura stimato\" \/>\n\t<meta name=\"twitter:data2\" content=\"10 minuti\" \/>\n<script type=\"application\/ld+json\" class=\"yoast-schema-graph\">{\"@context\":\"https:\/\/schema.org\",\"@graph\":[{\"@type\":\"Article\",\"@id\":\"https:\/\/www.teatrodomma.it\/?p=3426#article\",\"isPartOf\":{\"@id\":\"https:\/\/www.teatrodomma.it\/?p=3426\"},\"author\":{\"name\":\"Margherita De Donato\",\"@id\":\"https:\/\/www.teatrodomma.it\/#\/schema\/person\/8a1f09bf4c695307c8aef38d93aa0e84\"},\"headline\":\"Sul palco con &#8230;Lara Feleppa\",\"datePublished\":\"2021-02-03T17:01:46+00:00\",\"mainEntityOfPage\":{\"@id\":\"https:\/\/www.teatrodomma.it\/?p=3426\"},\"wordCount\":1824,\"publisher\":{\"@id\":\"https:\/\/www.teatrodomma.it\/#organization\"},\"image\":{\"@id\":\"https:\/\/www.teatrodomma.it\/?p=3426#primaryimage\"},\"thumbnailUrl\":\"https:\/\/www.teatrodomma.it\/wp-content\/uploads\/2021\/02\/Lara-Feleppa_primopiano-e1612136343315.jpg\",\"keywords\":[\"Augusto Benemeglio\",\"compagnia Anacronismi\",\"compagnia Ripa Grande\",\"Filumena Marturano\",\"Gabriele Zedde\",\"Lara Feleppa\",\"Mimma Vitalone\",\"premio Settimia Spizzichino\",\"teatro Don Mario Torregrossa\",\"Vincenzo Manganiello jesterr dj\"],\"articleSection\":[\"Interviste\"],\"inLanguage\":\"it-IT\"},{\"@type\":\"WebPage\",\"@id\":\"https:\/\/www.teatrodomma.it\/?p=3426\",\"url\":\"https:\/\/www.teatrodomma.it\/?p=3426\",\"name\":\"Sul palco con ...Lara Feleppa - Teatro Domma\",\"isPartOf\":{\"@id\":\"https:\/\/www.teatrodomma.it\/#website\"},\"primaryImageOfPage\":{\"@id\":\"https:\/\/www.teatrodomma.it\/?p=3426#primaryimage\"},\"image\":{\"@id\":\"https:\/\/www.teatrodomma.it\/?p=3426#primaryimage\"},\"thumbnailUrl\":\"https:\/\/www.teatrodomma.it\/wp-content\/uploads\/2021\/02\/Lara-Feleppa_primopiano-e1612136343315.jpg\",\"datePublished\":\"2021-02-03T17:01:46+00:00\",\"breadcrumb\":{\"@id\":\"https:\/\/www.teatrodomma.it\/?p=3426#breadcrumb\"},\"inLanguage\":\"it-IT\",\"potentialAction\":[{\"@type\":\"ReadAction\",\"target\":[\"https:\/\/www.teatrodomma.it\/?p=3426\"]}]},{\"@type\":\"ImageObject\",\"inLanguage\":\"it-IT\",\"@id\":\"https:\/\/www.teatrodomma.it\/?p=3426#primaryimage\",\"url\":\"https:\/\/www.teatrodomma.it\/wp-content\/uploads\/2021\/02\/Lara-Feleppa_primopiano-e1612136343315.jpg\",\"contentUrl\":\"https:\/\/www.teatrodomma.it\/wp-content\/uploads\/2021\/02\/Lara-Feleppa_primopiano-e1612136343315.jpg\",\"width\":900,\"height\":910},{\"@type\":\"BreadcrumbList\",\"@id\":\"https:\/\/www.teatrodomma.it\/?p=3426#breadcrumb\",\"itemListElement\":[{\"@type\":\"ListItem\",\"position\":1,\"name\":\"Home\",\"item\":\"https:\/\/www.teatrodomma.it\/\"},{\"@type\":\"ListItem\",\"position\":2,\"name\":\"Sul palco con &#8230;Lara Feleppa\"}]},{\"@type\":\"WebSite\",\"@id\":\"https:\/\/www.teatrodomma.it\/#website\",\"url\":\"https:\/\/www.teatrodomma.it\/\",\"name\":\"Teatro Domma\",\"description\":\"\",\"publisher\":{\"@id\":\"https:\/\/www.teatrodomma.it\/#organization\"},\"potentialAction\":[{\"@type\":\"SearchAction\",\"target\":{\"@type\":\"EntryPoint\",\"urlTemplate\":\"https:\/\/www.teatrodomma.it\/?s={search_term_string}\"},\"query-input\":{\"@type\":\"PropertyValueSpecification\",\"valueRequired\":true,\"valueName\":\"search_term_string\"}}],\"inLanguage\":\"it-IT\"},{\"@type\":\"Organization\",\"@id\":\"https:\/\/www.teatrodomma.it\/#organization\",\"name\":\"Teatro Domma\",\"url\":\"https:\/\/www.teatrodomma.it\/\",\"logo\":{\"@type\":\"ImageObject\",\"inLanguage\":\"it-IT\",\"@id\":\"https:\/\/www.teatrodomma.it\/#\/schema\/logo\/image\/\",\"url\":\"https:\/\/www.teatrodomma.it\/wp-content\/uploads\/2025\/01\/LOGOICON-edited-2.png\",\"contentUrl\":\"https:\/\/www.teatrodomma.it\/wp-content\/uploads\/2025\/01\/LOGOICON-edited-2.png\",\"width\":510,\"height\":287,\"caption\":\"Teatro Domma\"},\"image\":{\"@id\":\"https:\/\/www.teatrodomma.it\/#\/schema\/logo\/image\/\"},\"sameAs\":[\"https:\/\/www.facebook.com\/p\/Teatro-Domma-61556981831878\/?locale=it_IT\",\"https:\/\/www.instagram.com\/teatro_domma\/\"]},{\"@type\":\"Person\",\"@id\":\"https:\/\/www.teatrodomma.it\/#\/schema\/person\/8a1f09bf4c695307c8aef38d93aa0e84\",\"name\":\"Margherita De Donato\",\"image\":{\"@type\":\"ImageObject\",\"inLanguage\":\"it-IT\",\"@id\":\"https:\/\/www.teatrodomma.it\/#\/schema\/person\/image\/\",\"url\":\"https:\/\/secure.gravatar.com\/avatar\/0fbebb2201a984022de9f07361f7fe88cb7fcefd6be5e33abf5559102ec20088?s=96&d=mm&r=g\",\"contentUrl\":\"https:\/\/secure.gravatar.com\/avatar\/0fbebb2201a984022de9f07361f7fe88cb7fcefd6be5e33abf5559102ec20088?s=96&d=mm&r=g\",\"caption\":\"Margherita De Donato\"},\"url\":\"https:\/\/www.teatrodomma.it\/?author=3\"}]}<\/script>\n<!-- \/ Yoast SEO plugin. -->","yoast_head_json":{"title":"Sul palco con ...Lara Feleppa - Teatro Domma","robots":{"index":"index","follow":"follow","max-snippet":"max-snippet:-1","max-image-preview":"max-image-preview:large","max-video-preview":"max-video-preview:-1"},"canonical":"https:\/\/www.teatrodomma.it\/?p=3426","og_locale":"it_IT","og_type":"article","og_title":"Sul palco con ...Lara Feleppa - Teatro Domma","og_description":"Ha calcato le assi del palcoscenico del nostro teatro, iniziando con esibizioni amatoriali per poi prendere il volo ed esibirsi su altri scenari del territorio romano, ricevendo riconoscimenti e premi&#8230;per tornare a trovarci prendendo parte a spettacoli di beneficenza per il Centro giovanile &#8220;Madonna di Loreto&#8221;. LARA FELEPPA (nata a Roma il 07\/11\/1975, per caso [&hellip;]","og_url":"https:\/\/www.teatrodomma.it\/?p=3426","og_site_name":"Teatro Domma","article_publisher":"https:\/\/www.facebook.com\/p\/Teatro-Domma-61556981831878\/?locale=it_IT","article_published_time":"2021-02-03T17:01:46+00:00","og_image":[{"width":900,"height":910,"url":"https:\/\/www.teatrodomma.it\/wp-content\/uploads\/2021\/02\/Lara-Feleppa_primopiano-e1612136343315.jpg","type":"image\/jpeg"}],"author":"Margherita De Donato","twitter_card":"summary_large_image","twitter_misc":{"Scritto da":"Margherita De Donato","Tempo di lettura stimato":"10 minuti"},"schema":{"@context":"https:\/\/schema.org","@graph":[{"@type":"Article","@id":"https:\/\/www.teatrodomma.it\/?p=3426#article","isPartOf":{"@id":"https:\/\/www.teatrodomma.it\/?p=3426"},"author":{"name":"Margherita De Donato","@id":"https:\/\/www.teatrodomma.it\/#\/schema\/person\/8a1f09bf4c695307c8aef38d93aa0e84"},"headline":"Sul palco con &#8230;Lara Feleppa","datePublished":"2021-02-03T17:01:46+00:00","mainEntityOfPage":{"@id":"https:\/\/www.teatrodomma.it\/?p=3426"},"wordCount":1824,"publisher":{"@id":"https:\/\/www.teatrodomma.it\/#organization"},"image":{"@id":"https:\/\/www.teatrodomma.it\/?p=3426#primaryimage"},"thumbnailUrl":"https:\/\/www.teatrodomma.it\/wp-content\/uploads\/2021\/02\/Lara-Feleppa_primopiano-e1612136343315.jpg","keywords":["Augusto Benemeglio","compagnia Anacronismi","compagnia Ripa Grande","Filumena Marturano","Gabriele Zedde","Lara Feleppa","Mimma Vitalone","premio Settimia Spizzichino","teatro Don Mario Torregrossa","Vincenzo Manganiello jesterr dj"],"articleSection":["Interviste"],"inLanguage":"it-IT"},{"@type":"WebPage","@id":"https:\/\/www.teatrodomma.it\/?p=3426","url":"https:\/\/www.teatrodomma.it\/?p=3426","name":"Sul palco con ...Lara Feleppa - Teatro Domma","isPartOf":{"@id":"https:\/\/www.teatrodomma.it\/#website"},"primaryImageOfPage":{"@id":"https:\/\/www.teatrodomma.it\/?p=3426#primaryimage"},"image":{"@id":"https:\/\/www.teatrodomma.it\/?p=3426#primaryimage"},"thumbnailUrl":"https:\/\/www.teatrodomma.it\/wp-content\/uploads\/2021\/02\/Lara-Feleppa_primopiano-e1612136343315.jpg","datePublished":"2021-02-03T17:01:46+00:00","breadcrumb":{"@id":"https:\/\/www.teatrodomma.it\/?p=3426#breadcrumb"},"inLanguage":"it-IT","potentialAction":[{"@type":"ReadAction","target":["https:\/\/www.teatrodomma.it\/?p=3426"]}]},{"@type":"ImageObject","inLanguage":"it-IT","@id":"https:\/\/www.teatrodomma.it\/?p=3426#primaryimage","url":"https:\/\/www.teatrodomma.it\/wp-content\/uploads\/2021\/02\/Lara-Feleppa_primopiano-e1612136343315.jpg","contentUrl":"https:\/\/www.teatrodomma.it\/wp-content\/uploads\/2021\/02\/Lara-Feleppa_primopiano-e1612136343315.jpg","width":900,"height":910},{"@type":"BreadcrumbList","@id":"https:\/\/www.teatrodomma.it\/?p=3426#breadcrumb","itemListElement":[{"@type":"ListItem","position":1,"name":"Home","item":"https:\/\/www.teatrodomma.it\/"},{"@type":"ListItem","position":2,"name":"Sul palco con &#8230;Lara Feleppa"}]},{"@type":"WebSite","@id":"https:\/\/www.teatrodomma.it\/#website","url":"https:\/\/www.teatrodomma.it\/","name":"Teatro Domma","description":"","publisher":{"@id":"https:\/\/www.teatrodomma.it\/#organization"},"potentialAction":[{"@type":"SearchAction","target":{"@type":"EntryPoint","urlTemplate":"https:\/\/www.teatrodomma.it\/?s={search_term_string}"},"query-input":{"@type":"PropertyValueSpecification","valueRequired":true,"valueName":"search_term_string"}}],"inLanguage":"it-IT"},{"@type":"Organization","@id":"https:\/\/www.teatrodomma.it\/#organization","name":"Teatro Domma","url":"https:\/\/www.teatrodomma.it\/","logo":{"@type":"ImageObject","inLanguage":"it-IT","@id":"https:\/\/www.teatrodomma.it\/#\/schema\/logo\/image\/","url":"https:\/\/www.teatrodomma.it\/wp-content\/uploads\/2025\/01\/LOGOICON-edited-2.png","contentUrl":"https:\/\/www.teatrodomma.it\/wp-content\/uploads\/2025\/01\/LOGOICON-edited-2.png","width":510,"height":287,"caption":"Teatro Domma"},"image":{"@id":"https:\/\/www.teatrodomma.it\/#\/schema\/logo\/image\/"},"sameAs":["https:\/\/www.facebook.com\/p\/Teatro-Domma-61556981831878\/?locale=it_IT","https:\/\/www.instagram.com\/teatro_domma\/"]},{"@type":"Person","@id":"https:\/\/www.teatrodomma.it\/#\/schema\/person\/8a1f09bf4c695307c8aef38d93aa0e84","name":"Margherita De Donato","image":{"@type":"ImageObject","inLanguage":"it-IT","@id":"https:\/\/www.teatrodomma.it\/#\/schema\/person\/image\/","url":"https:\/\/secure.gravatar.com\/avatar\/0fbebb2201a984022de9f07361f7fe88cb7fcefd6be5e33abf5559102ec20088?s=96&d=mm&r=g","contentUrl":"https:\/\/secure.gravatar.com\/avatar\/0fbebb2201a984022de9f07361f7fe88cb7fcefd6be5e33abf5559102ec20088?s=96&d=mm&r=g","caption":"Margherita De Donato"},"url":"https:\/\/www.teatrodomma.it\/?author=3"}]}},"_links":{"self":[{"href":"https:\/\/www.teatrodomma.it\/index.php?rest_route=\/wp\/v2\/posts\/3426","targetHints":{"allow":["GET"]}}],"collection":[{"href":"https:\/\/www.teatrodomma.it\/index.php?rest_route=\/wp\/v2\/posts"}],"about":[{"href":"https:\/\/www.teatrodomma.it\/index.php?rest_route=\/wp\/v2\/types\/post"}],"author":[{"embeddable":true,"href":"https:\/\/www.teatrodomma.it\/index.php?rest_route=\/wp\/v2\/users\/3"}],"replies":[{"embeddable":true,"href":"https:\/\/www.teatrodomma.it\/index.php?rest_route=%2Fwp%2Fv2%2Fcomments&post=3426"}],"version-history":[{"count":0,"href":"https:\/\/www.teatrodomma.it\/index.php?rest_route=\/wp\/v2\/posts\/3426\/revisions"}],"wp:featuredmedia":[{"embeddable":true,"href":"https:\/\/www.teatrodomma.it\/index.php?rest_route=\/wp\/v2\/media\/3480"}],"wp:attachment":[{"href":"https:\/\/www.teatrodomma.it\/index.php?rest_route=%2Fwp%2Fv2%2Fmedia&parent=3426"}],"wp:term":[{"taxonomy":"category","embeddable":true,"href":"https:\/\/www.teatrodomma.it\/index.php?rest_route=%2Fwp%2Fv2%2Fcategories&post=3426"},{"taxonomy":"post_tag","embeddable":true,"href":"https:\/\/www.teatrodomma.it\/index.php?rest_route=%2Fwp%2Fv2%2Ftags&post=3426"}],"curies":[{"name":"wp","href":"https:\/\/api.w.org\/{rel}","templated":true}]}}