{"id":34490,"date":"2026-03-10T00:00:00","date_gmt":"2026-03-09T23:00:00","guid":{"rendered":"https:\/\/www.teatrodomma.it\/?p=34490"},"modified":"2026-03-23T18:21:32","modified_gmt":"2026-03-23T17:21:32","slug":"ti-ho-fatto-il-pacco","status":"publish","type":"post","link":"https:\/\/www.teatrodomma.it\/?p=34490","title":{"rendered":"&#8220;Ti ho fatto il pacco&#8221;"},"content":{"rendered":"\n<p><em>Ultimo spettacolo fuori abbonamento, domenica 15 marzo &#8211; ore 17:00<\/em><\/p>\n\n\n\n<p>Scritto da\u00a0Nino Taranto, Paciullo, Nicol\u00f2 Innocenzi e Nazzareno Mattei, con la firma registica degli stessi Taranto e Paciullo, <strong><em>&#8220;Ti ho fatto il pacco&#8221;<\/em><\/strong> tratta le dinamiche contemporanee del mondo del lavoro, in cui vige una competizione esasperata, che fa emergere le fragilit\u00e0 di chi cerca di sopravvivere in un mercato sempre pi\u00f9 spietato. Sono raccontate con ironia le trappole dei rapporti umani e le sorprese della vita\u2026 alcune belle, altre un vero \u201cpacco\u201d.<\/p>\n\n\n\n<p><strong>Una coppia di loschi individui <\/strong><em>(Paciullo e Noemi Bordi)<\/em> <strong>si inserisce con fare furtivo nei magazzini del grande distributore della logistica Micro-Mega Pack s.r.l.<\/strong> I due non sono ladri professionisti, ma sembrerebbero negozianti esasperati dal potere concorrenziale della Micro Mega Pack, che li avrebbe costretti a chiudere la propria attivit\u00e0 commerciale&#8230;In realt\u00e0 la verit\u00e0 \u00e8 ancora un\u2019altra.<br><strong>Un vigilante prossimo alla pensione<\/strong> <em>(Nino Taranto<\/em>) <strong>li sorprende<\/strong> e cerca di dissuaderli dal loro intento, ma la motivazione della coppia \u00e8 molto forte. Nel trambusto di sirene ed allarmi<strong> il<\/strong> <strong>vigilante riesce a bloccare le uscite, pertanto i due non possono pi\u00f9 scappare.<\/strong> <strong>Non sveleranno, per\u00f2, la loro vera intenzione<\/strong>, che non era quella di danneggiare il colosso Micro Mega Pack \u2026anzi, \u00e8 <strong>completamente diversa dagli atteggiamenti avuti fino a quel momento<\/strong> ed accadranno cose sconvolgenti.<\/p>\n\n\n\n<p class=\"has-text-align-center\"><strong><a href=\"https:\/\/www.i-ticket.it\/eventi\/ti-ho-fatto-il-pacco-teatro-domma-biglietti\">ACQUISTA ON LINE<\/a><\/strong><em> (euro 15,00 + prevendita)<\/em><\/p>\n\n\n<div class=\"wp-block-image\">\n<figure class=\"aligncenter size-large\"><img loading=\"lazy\" decoding=\"async\" width=\"748\" height=\"1024\" src=\"http:\/\/www.teatrodomma.it\/wp-content\/uploads\/2026\/03\/Ti-ho-fatto-il-pacco_locandina-748x1024.jpeg\" alt=\"\" class=\"wp-image-34481\"\/><\/figure>\n<\/div>","protected":false},"excerpt":{"rendered":"<p>Ultimo spettacolo fuori abbonamento, domenica 15 marzo &#8211; ore 17:00 Scritto da\u00a0Nino Taranto, Paciullo, Nicol\u00f2 Innocenzi e Nazzareno Mattei, con la firma registica degli stessi Taranto e Paciullo, &#8220;Ti ho fatto il pacco&#8221; tratta le dinamiche contemporanee del mondo del lavoro, in cui vige una competizione esasperata, che fa emergere le fragilit\u00e0 di chi cerca [&hellip;]<\/p>\n","protected":false},"author":3,"featured_media":34481,"comment_status":"closed","ping_status":"open","sticky":false,"template":"","format":"standard","meta":{"saved_in_kubio":false,"footnotes":""},"categories":[23],"tags":[605,604,606,607],"class_list":{"0":"post-34490","1":"post","2":"type-post","3":"status-publish","4":"format-standard","5":"has-post-thumbnail","6":"hentry","7":"category-articoli-vari","8":"tag-nino-taranto","9":"tag-noemi-bordi","10":"tag-paciullo","11":"tag-ti-ho-fatto-il-pacco","13":"post-with-thumbnail","14":"post-with-thumbnail-large"},"yoast_head":"<!-- This site is optimized with the Yoast SEO plugin v25.8 - https:\/\/yoast.com\/wordpress\/plugins\/seo\/ -->\n<title>&quot;Ti ho fatto il pacco&quot; - Teatro Domma<\/title>\n<meta name=\"robots\" content=\"index, follow, max-snippet:-1, max-image-preview:large, max-video-preview:-1\" \/>\n<link rel=\"canonical\" href=\"https:\/\/www.teatrodomma.it\/?p=34490\" \/>\n<meta property=\"og:locale\" content=\"it_IT\" \/>\n<meta property=\"og:type\" content=\"article\" \/>\n<meta property=\"og:title\" content=\"&quot;Ti ho fatto il pacco&quot; - Teatro Domma\" \/>\n<meta property=\"og:description\" content=\"Ultimo spettacolo fuori abbonamento, domenica 15 marzo &#8211; ore 17:00 Scritto da\u00a0Nino Taranto, Paciullo, Nicol\u00f2 Innocenzi e Nazzareno Mattei, con la firma registica degli stessi Taranto e Paciullo, &#8220;Ti ho fatto il pacco&#8221; tratta le dinamiche contemporanee del mondo del lavoro, in cui vige una competizione esasperata, che fa emergere le fragilit\u00e0 di chi cerca [&hellip;]\" \/>\n<meta property=\"og:url\" content=\"https:\/\/www.teatrodomma.it\/?p=34490\" \/>\n<meta property=\"og:site_name\" content=\"Teatro Domma\" \/>\n<meta property=\"article:publisher\" content=\"https:\/\/www.facebook.com\/p\/Teatro-Domma-61556981831878\/?locale=it_IT\" \/>\n<meta property=\"article:published_time\" content=\"2026-03-09T23:00:00+00:00\" \/>\n<meta property=\"article:modified_time\" content=\"2026-03-23T17:21:32+00:00\" \/>\n<meta property=\"og:image\" content=\"http:\/\/www.teatrodomma.it\/wp-content\/uploads\/2026\/03\/Ti-ho-fatto-il-pacco_locandina-e1773241103760.jpeg\" \/>\n\t<meta property=\"og:image:width\" content=\"900\" \/>\n\t<meta property=\"og:image:height\" content=\"1232\" \/>\n\t<meta property=\"og:image:type\" content=\"image\/jpeg\" \/>\n<meta name=\"author\" content=\"Margherita De Donato\" \/>\n<meta name=\"twitter:card\" content=\"summary_large_image\" \/>\n<meta name=\"twitter:label1\" content=\"Scritto da\" \/>\n\t<meta name=\"twitter:data1\" content=\"Margherita De Donato\" \/>\n\t<meta name=\"twitter:label2\" content=\"Tempo di lettura stimato\" \/>\n\t<meta name=\"twitter:data2\" content=\"2 minuti\" \/>\n<script type=\"application\/ld+json\" class=\"yoast-schema-graph\">{\"@context\":\"https:\/\/schema.org\",\"@graph\":[{\"@type\":\"Article\",\"@id\":\"https:\/\/www.teatrodomma.it\/?p=34490#article\",\"isPartOf\":{\"@id\":\"https:\/\/www.teatrodomma.it\/?p=34490\"},\"author\":{\"name\":\"Margherita De Donato\",\"@id\":\"https:\/\/www.teatrodomma.it\/#\/schema\/person\/8a1f09bf4c695307c8aef38d93aa0e84\"},\"headline\":\"&#8220;Ti ho fatto il pacco&#8221;\",\"datePublished\":\"2026-03-09T23:00:00+00:00\",\"dateModified\":\"2026-03-23T17:21:32+00:00\",\"mainEntityOfPage\":{\"@id\":\"https:\/\/www.teatrodomma.it\/?p=34490\"},\"wordCount\":227,\"publisher\":{\"@id\":\"https:\/\/www.teatrodomma.it\/#organization\"},\"image\":{\"@id\":\"https:\/\/www.teatrodomma.it\/?p=34490#primaryimage\"},\"thumbnailUrl\":\"https:\/\/www.teatrodomma.it\/wp-content\/uploads\/2026\/03\/Ti-ho-fatto-il-pacco_locandina-e1773241103760.jpeg\",\"keywords\":[\"Nino Taranto\",\"Noemi Bordi\",\"Paciullo\",\"Ti ho fatto il pacco\"],\"articleSection\":[\"Articoli vari\"],\"inLanguage\":\"it-IT\"},{\"@type\":\"WebPage\",\"@id\":\"https:\/\/www.teatrodomma.it\/?p=34490\",\"url\":\"https:\/\/www.teatrodomma.it\/?p=34490\",\"name\":\"\\\"Ti ho fatto il pacco\\\" - Teatro Domma\",\"isPartOf\":{\"@id\":\"https:\/\/www.teatrodomma.it\/#website\"},\"primaryImageOfPage\":{\"@id\":\"https:\/\/www.teatrodomma.it\/?p=34490#primaryimage\"},\"image\":{\"@id\":\"https:\/\/www.teatrodomma.it\/?p=34490#primaryimage\"},\"thumbnailUrl\":\"https:\/\/www.teatrodomma.it\/wp-content\/uploads\/2026\/03\/Ti-ho-fatto-il-pacco_locandina-e1773241103760.jpeg\",\"datePublished\":\"2026-03-09T23:00:00+00:00\",\"dateModified\":\"2026-03-23T17:21:32+00:00\",\"breadcrumb\":{\"@id\":\"https:\/\/www.teatrodomma.it\/?p=34490#breadcrumb\"},\"inLanguage\":\"it-IT\",\"potentialAction\":[{\"@type\":\"ReadAction\",\"target\":[\"https:\/\/www.teatrodomma.it\/?p=34490\"]}]},{\"@type\":\"ImageObject\",\"inLanguage\":\"it-IT\",\"@id\":\"https:\/\/www.teatrodomma.it\/?p=34490#primaryimage\",\"url\":\"https:\/\/www.teatrodomma.it\/wp-content\/uploads\/2026\/03\/Ti-ho-fatto-il-pacco_locandina-e1773241103760.jpeg\",\"contentUrl\":\"https:\/\/www.teatrodomma.it\/wp-content\/uploads\/2026\/03\/Ti-ho-fatto-il-pacco_locandina-e1773241103760.jpeg\",\"width\":900,\"height\":1232},{\"@type\":\"BreadcrumbList\",\"@id\":\"https:\/\/www.teatrodomma.it\/?p=34490#breadcrumb\",\"itemListElement\":[{\"@type\":\"ListItem\",\"position\":1,\"name\":\"Home\",\"item\":\"https:\/\/www.teatrodomma.it\/\"},{\"@type\":\"ListItem\",\"position\":2,\"name\":\"&#8220;Ti ho fatto il pacco&#8221;\"}]},{\"@type\":\"WebSite\",\"@id\":\"https:\/\/www.teatrodomma.it\/#website\",\"url\":\"https:\/\/www.teatrodomma.it\/\",\"name\":\"Teatro Domma\",\"description\":\"\",\"publisher\":{\"@id\":\"https:\/\/www.teatrodomma.it\/#organization\"},\"potentialAction\":[{\"@type\":\"SearchAction\",\"target\":{\"@type\":\"EntryPoint\",\"urlTemplate\":\"https:\/\/www.teatrodomma.it\/?s={search_term_string}\"},\"query-input\":{\"@type\":\"PropertyValueSpecification\",\"valueRequired\":true,\"valueName\":\"search_term_string\"}}],\"inLanguage\":\"it-IT\"},{\"@type\":\"Organization\",\"@id\":\"https:\/\/www.teatrodomma.it\/#organization\",\"name\":\"Teatro Domma\",\"url\":\"https:\/\/www.teatrodomma.it\/\",\"logo\":{\"@type\":\"ImageObject\",\"inLanguage\":\"it-IT\",\"@id\":\"https:\/\/www.teatrodomma.it\/#\/schema\/logo\/image\/\",\"url\":\"https:\/\/www.teatrodomma.it\/wp-content\/uploads\/2025\/01\/LOGOICON-edited-2.png\",\"contentUrl\":\"https:\/\/www.teatrodomma.it\/wp-content\/uploads\/2025\/01\/LOGOICON-edited-2.png\",\"width\":510,\"height\":287,\"caption\":\"Teatro Domma\"},\"image\":{\"@id\":\"https:\/\/www.teatrodomma.it\/#\/schema\/logo\/image\/\"},\"sameAs\":[\"https:\/\/www.facebook.com\/p\/Teatro-Domma-61556981831878\/?locale=it_IT\",\"https:\/\/www.instagram.com\/teatro_domma\/\"]},{\"@type\":\"Person\",\"@id\":\"https:\/\/www.teatrodomma.it\/#\/schema\/person\/8a1f09bf4c695307c8aef38d93aa0e84\",\"name\":\"Margherita De Donato\",\"image\":{\"@type\":\"ImageObject\",\"inLanguage\":\"it-IT\",\"@id\":\"https:\/\/www.teatrodomma.it\/#\/schema\/person\/image\/\",\"url\":\"https:\/\/secure.gravatar.com\/avatar\/0fbebb2201a984022de9f07361f7fe88cb7fcefd6be5e33abf5559102ec20088?s=96&d=mm&r=g\",\"contentUrl\":\"https:\/\/secure.gravatar.com\/avatar\/0fbebb2201a984022de9f07361f7fe88cb7fcefd6be5e33abf5559102ec20088?s=96&d=mm&r=g\",\"caption\":\"Margherita De Donato\"},\"url\":\"https:\/\/www.teatrodomma.it\/?author=3\"}]}<\/script>\n<!-- \/ Yoast SEO plugin. -->","yoast_head_json":{"title":"\"Ti ho fatto il pacco\" - Teatro Domma","robots":{"index":"index","follow":"follow","max-snippet":"max-snippet:-1","max-image-preview":"max-image-preview:large","max-video-preview":"max-video-preview:-1"},"canonical":"https:\/\/www.teatrodomma.it\/?p=34490","og_locale":"it_IT","og_type":"article","og_title":"\"Ti ho fatto il pacco\" - Teatro Domma","og_description":"Ultimo spettacolo fuori abbonamento, domenica 15 marzo &#8211; ore 17:00 Scritto da\u00a0Nino Taranto, Paciullo, Nicol\u00f2 Innocenzi e Nazzareno Mattei, con la firma registica degli stessi Taranto e Paciullo, &#8220;Ti ho fatto il pacco&#8221; tratta le dinamiche contemporanee del mondo del lavoro, in cui vige una competizione esasperata, che fa emergere le fragilit\u00e0 di chi cerca [&hellip;]","og_url":"https:\/\/www.teatrodomma.it\/?p=34490","og_site_name":"Teatro Domma","article_publisher":"https:\/\/www.facebook.com\/p\/Teatro-Domma-61556981831878\/?locale=it_IT","article_published_time":"2026-03-09T23:00:00+00:00","article_modified_time":"2026-03-23T17:21:32+00:00","og_image":[{"width":900,"height":1232,"url":"http:\/\/www.teatrodomma.it\/wp-content\/uploads\/2026\/03\/Ti-ho-fatto-il-pacco_locandina-e1773241103760.jpeg","type":"image\/jpeg"}],"author":"Margherita De Donato","twitter_card":"summary_large_image","twitter_misc":{"Scritto da":"Margherita De Donato","Tempo di lettura stimato":"2 minuti"},"schema":{"@context":"https:\/\/schema.org","@graph":[{"@type":"Article","@id":"https:\/\/www.teatrodomma.it\/?p=34490#article","isPartOf":{"@id":"https:\/\/www.teatrodomma.it\/?p=34490"},"author":{"name":"Margherita De Donato","@id":"https:\/\/www.teatrodomma.it\/#\/schema\/person\/8a1f09bf4c695307c8aef38d93aa0e84"},"headline":"&#8220;Ti ho fatto il pacco&#8221;","datePublished":"2026-03-09T23:00:00+00:00","dateModified":"2026-03-23T17:21:32+00:00","mainEntityOfPage":{"@id":"https:\/\/www.teatrodomma.it\/?p=34490"},"wordCount":227,"publisher":{"@id":"https:\/\/www.teatrodomma.it\/#organization"},"image":{"@id":"https:\/\/www.teatrodomma.it\/?p=34490#primaryimage"},"thumbnailUrl":"https:\/\/www.teatrodomma.it\/wp-content\/uploads\/2026\/03\/Ti-ho-fatto-il-pacco_locandina-e1773241103760.jpeg","keywords":["Nino Taranto","Noemi Bordi","Paciullo","Ti ho fatto il pacco"],"articleSection":["Articoli vari"],"inLanguage":"it-IT"},{"@type":"WebPage","@id":"https:\/\/www.teatrodomma.it\/?p=34490","url":"https:\/\/www.teatrodomma.it\/?p=34490","name":"\"Ti ho fatto il pacco\" - Teatro Domma","isPartOf":{"@id":"https:\/\/www.teatrodomma.it\/#website"},"primaryImageOfPage":{"@id":"https:\/\/www.teatrodomma.it\/?p=34490#primaryimage"},"image":{"@id":"https:\/\/www.teatrodomma.it\/?p=34490#primaryimage"},"thumbnailUrl":"https:\/\/www.teatrodomma.it\/wp-content\/uploads\/2026\/03\/Ti-ho-fatto-il-pacco_locandina-e1773241103760.jpeg","datePublished":"2026-03-09T23:00:00+00:00","dateModified":"2026-03-23T17:21:32+00:00","breadcrumb":{"@id":"https:\/\/www.teatrodomma.it\/?p=34490#breadcrumb"},"inLanguage":"it-IT","potentialAction":[{"@type":"ReadAction","target":["https:\/\/www.teatrodomma.it\/?p=34490"]}]},{"@type":"ImageObject","inLanguage":"it-IT","@id":"https:\/\/www.teatrodomma.it\/?p=34490#primaryimage","url":"https:\/\/www.teatrodomma.it\/wp-content\/uploads\/2026\/03\/Ti-ho-fatto-il-pacco_locandina-e1773241103760.jpeg","contentUrl":"https:\/\/www.teatrodomma.it\/wp-content\/uploads\/2026\/03\/Ti-ho-fatto-il-pacco_locandina-e1773241103760.jpeg","width":900,"height":1232},{"@type":"BreadcrumbList","@id":"https:\/\/www.teatrodomma.it\/?p=34490#breadcrumb","itemListElement":[{"@type":"ListItem","position":1,"name":"Home","item":"https:\/\/www.teatrodomma.it\/"},{"@type":"ListItem","position":2,"name":"&#8220;Ti ho fatto il pacco&#8221;"}]},{"@type":"WebSite","@id":"https:\/\/www.teatrodomma.it\/#website","url":"https:\/\/www.teatrodomma.it\/","name":"Teatro Domma","description":"","publisher":{"@id":"https:\/\/www.teatrodomma.it\/#organization"},"potentialAction":[{"@type":"SearchAction","target":{"@type":"EntryPoint","urlTemplate":"https:\/\/www.teatrodomma.it\/?s={search_term_string}"},"query-input":{"@type":"PropertyValueSpecification","valueRequired":true,"valueName":"search_term_string"}}],"inLanguage":"it-IT"},{"@type":"Organization","@id":"https:\/\/www.teatrodomma.it\/#organization","name":"Teatro Domma","url":"https:\/\/www.teatrodomma.it\/","logo":{"@type":"ImageObject","inLanguage":"it-IT","@id":"https:\/\/www.teatrodomma.it\/#\/schema\/logo\/image\/","url":"https:\/\/www.teatrodomma.it\/wp-content\/uploads\/2025\/01\/LOGOICON-edited-2.png","contentUrl":"https:\/\/www.teatrodomma.it\/wp-content\/uploads\/2025\/01\/LOGOICON-edited-2.png","width":510,"height":287,"caption":"Teatro Domma"},"image":{"@id":"https:\/\/www.teatrodomma.it\/#\/schema\/logo\/image\/"},"sameAs":["https:\/\/www.facebook.com\/p\/Teatro-Domma-61556981831878\/?locale=it_IT","https:\/\/www.instagram.com\/teatro_domma\/"]},{"@type":"Person","@id":"https:\/\/www.teatrodomma.it\/#\/schema\/person\/8a1f09bf4c695307c8aef38d93aa0e84","name":"Margherita De Donato","image":{"@type":"ImageObject","inLanguage":"it-IT","@id":"https:\/\/www.teatrodomma.it\/#\/schema\/person\/image\/","url":"https:\/\/secure.gravatar.com\/avatar\/0fbebb2201a984022de9f07361f7fe88cb7fcefd6be5e33abf5559102ec20088?s=96&d=mm&r=g","contentUrl":"https:\/\/secure.gravatar.com\/avatar\/0fbebb2201a984022de9f07361f7fe88cb7fcefd6be5e33abf5559102ec20088?s=96&d=mm&r=g","caption":"Margherita De Donato"},"url":"https:\/\/www.teatrodomma.it\/?author=3"}]}},"_links":{"self":[{"href":"https:\/\/www.teatrodomma.it\/index.php?rest_route=\/wp\/v2\/posts\/34490","targetHints":{"allow":["GET"]}}],"collection":[{"href":"https:\/\/www.teatrodomma.it\/index.php?rest_route=\/wp\/v2\/posts"}],"about":[{"href":"https:\/\/www.teatrodomma.it\/index.php?rest_route=\/wp\/v2\/types\/post"}],"author":[{"embeddable":true,"href":"https:\/\/www.teatrodomma.it\/index.php?rest_route=\/wp\/v2\/users\/3"}],"replies":[{"embeddable":true,"href":"https:\/\/www.teatrodomma.it\/index.php?rest_route=%2Fwp%2Fv2%2Fcomments&post=34490"}],"version-history":[{"count":23,"href":"https:\/\/www.teatrodomma.it\/index.php?rest_route=\/wp\/v2\/posts\/34490\/revisions"}],"predecessor-version":[{"id":34514,"href":"https:\/\/www.teatrodomma.it\/index.php?rest_route=\/wp\/v2\/posts\/34490\/revisions\/34514"}],"wp:featuredmedia":[{"embeddable":true,"href":"https:\/\/www.teatrodomma.it\/index.php?rest_route=\/wp\/v2\/media\/34481"}],"wp:attachment":[{"href":"https:\/\/www.teatrodomma.it\/index.php?rest_route=%2Fwp%2Fv2%2Fmedia&parent=34490"}],"wp:term":[{"taxonomy":"category","embeddable":true,"href":"https:\/\/www.teatrodomma.it\/index.php?rest_route=%2Fwp%2Fv2%2Fcategories&post=34490"},{"taxonomy":"post_tag","embeddable":true,"href":"https:\/\/www.teatrodomma.it\/index.php?rest_route=%2Fwp%2Fv2%2Ftags&post=34490"}],"curies":[{"name":"wp","href":"https:\/\/api.w.org\/{rel}","templated":true}]}}