{"id":3764,"date":"2021-04-03T00:00:00","date_gmt":"2021-04-02T22:00:00","guid":{"rendered":"https:\/\/www.teatrodomma.it\/?p=3764"},"modified":"2021-04-03T00:00:00","modified_gmt":"2021-04-02T22:00:00","slug":"ma-che-musical-con-chiara-ravignani","status":"publish","type":"post","link":"https:\/\/www.teatrodomma.it\/?p=3764","title":{"rendered":"Ma che musical con&#8230;Chiara Ravignani"},"content":{"rendered":"\n<p class=\"has-background-dark-background-color has-background\"><em><em>Tra i giovani che frequentano il <\/em>Centro di Formazione Giovanile &#8220;Madonna di Loreto&#8221;, nella cui struttura si trova il Teatro Don Mario Torregrossa, c&#8217;\u00e8 una giovane attrice che abbiamo applaudito nel musical &#8220;The Addams Family&#8221; nei panni della figlia Mercoled\u00ec<\/em>&#8230;<\/p>\n\n\n\n<p>CHIARA RAVIGNANI (nata a Roma il 27\/01\/2002) diplomata al Liceo scientifico presso l&#8217;Istituto Paritario &#8220;V. Pallotti&#8221; nel 2020, ha sempre dimostrato interesse per le discipline artistiche di musica e spettacolo. Attualmente \u00e8 iscritta al primo anno della facolt\u00e0 di Psicologia presso l\u2019<a href=\"https:\/\/www.unicusano.it\/\" target=\"_blank\" rel=\"noreferrer noopener\">Universit\u00e0 &#8220;Niccol\u00f2 Cusano&#8221;<\/a> (che nella stagione 2019-2020 \u00e8 stato sponsor del Teatro Don Mario Torregrossa) e nel weekend frequenta la <a href=\"https:\/\/www.cdsacademy.it\/musical-academy\/#teen\" target=\"_blank\" rel=\"noreferrer noopener\">CdS Academy &#8211; sezione Teen<\/a>. Il suo sogno \u00e8 diventare psicologa e dedicarsi alla Teatroterapia con i giovani.<\/p>\n\n\n\n<p><strong>Con il laboratorio teatrale del liceo ha preso parte ai seguenti spettacoli<\/strong>: <em>&#8220;Peter Pan&#8221; <\/em>(nel 2012), <em>&#8220;Pinocchio&#8221; <\/em>(2013),<em>&#8220;Aggiungi un posto a tavola&#8221;, &#8220;La bella e la bestia&#8221;<\/em>(2014), portati in scena al teatro &#8220;Nino Manfredi&#8221; di Ostia.<\/p>\n\n\n\n<p><strong>Ha avuto ruoli nei lavori teatrali<\/strong> <em>&#8220;Miseria e nobilt\u00e0&#8221;<\/em> (2016), <em>&#8220;Cyrano dacci una mano&#8221; <\/em>(2017) , <em>&#8220;I colori dell&#8217;amore&#8221;<\/em> (2018), <em>&#8220;Somewhere over the theatre&#8221;<\/em> (2019) <strong>preparati nell&#8217;ambito del laboratorio tenuto al Centro di Formazione Giovanile &#8220;Madonna di Loreto&#8221; <\/strong>da <a href=\"https:\/\/www.teatrodomma.it\/blog\/interviste\/in-laboratorio-con-elisa-iannetti\/\" target=\"_blank\" rel=\"noreferrer noopener\">Elisa Iannetti<\/a>, Gabriele Ciccarelli e Andrea Nardis.<\/p>\n\n\n\n<p><strong>Con i <a href=\"https:\/\/www.teatrodomma.it\/blog\/compagni-di-scena\/conosciamo-i-cds-compagni-di-scena\/\" target=\"_blank\" rel=\"noreferrer noopener\">CdS &#8211; Compagni di scena<\/a><\/strong> ha fatto parte di uno dei due cast del musical <em><em><a href=\"https:\/\/www.youtube.com\/watch?v=hUpu6MJKGWs&amp;t=3s\">&#8220;The Addams Family&#8221;<\/a><\/em><\/em> (2019), in cui ha interpretato Mercoled\u00ec Addams <strong>sul palco del <a href=\"https:\/\/www.teatrodomma.it\/\" target=\"_blank\" rel=\"noreferrer noopener\">Teatro Don Mario Torregrossa<\/a><\/strong>. Lo spettacolo \u00e8 tratto dal libretto di Marshall Brickman e Rick Felice, basato sugli autentici personaggi creati da Charles Addams. Le liriche italiane sono a cura di <a href=\"https:\/\/www.teatrodomma.it\/blog\/compagni-di-scena\/un-do-di-pettodi-daniele-adriani\/\" target=\"_blank\" rel=\"noreferrer noopener\">Daniele Adriani<\/a>, la direzione musicale&nbsp;di <a href=\"https:\/\/www.teatrodomma.it\/blog\/compagni-di-scena\/al-pianoforte-con-il-mdaniele-alfieri\/\" target=\"_blank\" rel=\"noreferrer noopener\">Daniele Alfieri<\/a> e la regia firmata da <a href=\"https:\/\/www.teatrodomma.it\/blog\/compagni-di-scena\/riflettori-su-marco-mininno\/\" target=\"_blank\" rel=\"noreferrer noopener\">Marco Mininno<\/a>, che completa il trio dei responsabili della <a href=\"https:\/\/www.cdsacademy.it\/\" target=\"_blank\" rel=\"noreferrer noopener\">CdS Academy<\/a>.<\/p>\n\n\n\n<figure class=\"wp-block-image size-large\"><img loading=\"lazy\" decoding=\"async\" width=\"960\" height=\"960\" src=\"https:\/\/www.teatrodomma.it\/wp-content\/uploads\/2020\/05\/cds-addams-family-attrice-ravignani-3-.jpg\" alt=\"\" class=\"wp-image-898\" srcset=\"https:\/\/www.teatrodomma.it\/wp-content\/uploads\/2020\/05\/cds-addams-family-attrice-ravignani-3-.jpg 960w, https:\/\/www.teatrodomma.it\/wp-content\/uploads\/2020\/05\/cds-addams-family-attrice-ravignani-3--300x300.jpg 300w, https:\/\/www.teatrodomma.it\/wp-content\/uploads\/2020\/05\/cds-addams-family-attrice-ravignani-3--150x150.jpg 150w, https:\/\/www.teatrodomma.it\/wp-content\/uploads\/2020\/05\/cds-addams-family-attrice-ravignani-3--768x768.jpg 768w, https:\/\/www.teatrodomma.it\/wp-content\/uploads\/2020\/05\/cds-addams-family-attrice-ravignani-3--200x200.jpg 200w, https:\/\/www.teatrodomma.it\/wp-content\/uploads\/2020\/05\/cds-addams-family-attrice-ravignani-3--144x144.jpg 144w\" sizes=\"(max-width: 960px) 100vw, 960px\" \/><figcaption>Chiara Ravignani nei panni di Mercoled\u00ec Addams<\/figcaption><\/figure>\n\n\n\n<figure class=\"wp-block-embed is-type-video is-provider-youtube wp-block-embed-youtube wp-embed-aspect-16-9 wp-has-aspect-ratio\"><div class=\"wp-block-embed__wrapper\">\n<iframe loading=\"lazy\" title=\"The Addams Family - Compagni di Scena 2019\" width=\"720\" height=\"405\" src=\"https:\/\/www.youtube.com\/embed\/hUpu6MJKGWs?start=3&#038;feature=oembed\" frameborder=\"0\" allow=\"accelerometer; autoplay; clipboard-write; encrypted-media; gyroscope; picture-in-picture; web-share\" referrerpolicy=\"strict-origin-when-cross-origin\" allowfullscreen><\/iframe>\n<\/div><figcaption>Il musical &#8220;The Addams Family&#8221; messo in scena dai <a href=\"https:\/\/www.facebook.com\/cdiscena\/\" target=\"_blank\" rel=\"noreferrer noopener\">CdS &#8211; Compagni di Scena<\/a> presso il Teatro Don Mario Torregrossa nel 2019<\/figcaption><\/figure>\n\n\n\n<p><\/p>\n\n\n\n<p class=\"has-background-dark-background-color has-background\"><em><strong>Sei molto giovane: hai intuito da sola la tua passione per il canto e la recitazione o se n\u2019\u00e8 accorto qualcuno in famiglia?<\/strong><\/em><\/p>\n\n\n\n<p><strong>Sono sempre stata appassionata di musica; in famiglia \u00e8 sempre stata presente.<\/strong> Mia nonna materna ha sempre cantato e fa parte di un coro; mio zio paterno ha l\u2019arte nel sangue: canta, suona e compone, oltre ad essere professore di storia dell\u2019arte al liceo. <strong>Ma la mia passione \u00e8 nata forse nel periodo delle scuole elementari<\/strong>. Facevo nuoto e, dato che mia madre veniva a prendermi sempre in ritardo a causa del lavoro, io rimanevo nella sala d\u2019attesa della segreteria e <strong>scrivevo le mie \u201ccanzoncine\u201d canticchiandole<\/strong>. <strong>Un giorno ho portato la mia \u201ccanzoncina\u201d alla maestra di musica e teatro, che ha deciso di farla allo spettacolo di fine anno.<\/strong> Da l\u00ec ho capito che forse potevo riuscire a fare anche di pi\u00f9. <strong>Alle medie, invece<\/strong>, alla fine dell\u2019anno facevamo sempre degli spettacoli teatrali e musicali. <strong>La professoressa di musica mi ha obbligato a cantare<\/strong><em> &#8220;Let it go&#8221;<\/em> di Frozen. <strong>Da l\u00ec mia madre mi ha spinta a studiare canto.<\/strong><\/p>\n\n\n\n<p class=\"has-background-dark-background-color has-background\"><strong><em>Qual \u00e8 stato il tuo primo approccio con il palco?<\/em><\/strong><\/p>\n\n\n\n<p><strong>Il primissimo approccio \u00e8 stato durante le scuole elementari<\/strong>, ma sempre con il resto della classe. <strong>Dalle scuole medie ho iniziato a stare da sola sul palco e a gestirne l\u2019ansia.<\/strong><\/p>\n\n\n\n<figure class=\"wp-block-gallery columns-3 is-cropped wp-block-gallery-1 is-layout-flex wp-block-gallery-is-layout-flex\"><ul class=\"blocks-gallery-grid\"><li class=\"blocks-gallery-item\"><figure><img decoding=\"async\" src=\"https:\/\/www.teatrodomma.it\/wp-content\/uploads\/2021\/03\/Chiara-Ravignani-baby-primopiano-2-995x1024.jpg\" alt=\"\" data-id=\"4036\" data-full-url=\"http:\/\/test.teatrodomma.it\/wp-content\/uploads\/2021\/03\/Chiara-Ravignani-baby-primopiano-2-e1616776976818.jpg\" data-link=\"https:\/\/www.teatrodomma.it\/?attachment_id=4036\" class=\"wp-image-4036\"\/><\/figure><\/li><li class=\"blocks-gallery-item\"><figure><img loading=\"lazy\" decoding=\"async\" width=\"1024\" height=\"983\" src=\"http:\/\/test.teatrodomma.it\/wp-content\/uploads\/2021\/03\/Chiara-Ravignani-cantante-recital-Hopper-2-1024x983.jpg\" alt=\"\" data-id=\"4039\" data-full-url=\"http:\/\/test.teatrodomma.it\/wp-content\/uploads\/2021\/03\/Chiara-Ravignani-cantante-recital-Hopper-2.jpg\" data-link=\"https:\/\/www.teatrodomma.it\/?attachment_id=4039\" class=\"wp-image-4039\" srcset=\"https:\/\/www.teatrodomma.it\/wp-content\/uploads\/2021\/03\/Chiara-Ravignani-cantante-recital-Hopper-2-1024x983.jpg 1024w, https:\/\/www.teatrodomma.it\/wp-content\/uploads\/2021\/03\/Chiara-Ravignani-cantante-recital-Hopper-2-300x288.jpg 300w, https:\/\/www.teatrodomma.it\/wp-content\/uploads\/2021\/03\/Chiara-Ravignani-cantante-recital-Hopper-2-768x737.jpg 768w, https:\/\/www.teatrodomma.it\/wp-content\/uploads\/2021\/03\/Chiara-Ravignani-cantante-recital-Hopper-2-200x192.jpg 200w, https:\/\/www.teatrodomma.it\/wp-content\/uploads\/2021\/03\/Chiara-Ravignani-cantante-recital-Hopper-2.jpg 1080w\" sizes=\"(max-width: 1024px) 100vw, 1024px\" \/><\/figure><\/li><li class=\"blocks-gallery-item\"><figure><img loading=\"lazy\" decoding=\"async\" width=\"1024\" height=\"996\" src=\"http:\/\/test.teatrodomma.it\/wp-content\/uploads\/2021\/03\/Chiara-Ravignani-cantante-tastiera-1-1024x996.jpg\" alt=\"\" data-id=\"4038\" data-full-url=\"http:\/\/test.teatrodomma.it\/wp-content\/uploads\/2021\/03\/Chiara-Ravignani-cantante-tastiera-1.jpg\" data-link=\"https:\/\/www.teatrodomma.it\/?attachment_id=4038\" class=\"wp-image-4038\" srcset=\"https:\/\/www.teatrodomma.it\/wp-content\/uploads\/2021\/03\/Chiara-Ravignani-cantante-tastiera-1-1024x996.jpg 1024w, https:\/\/www.teatrodomma.it\/wp-content\/uploads\/2021\/03\/Chiara-Ravignani-cantante-tastiera-1-300x292.jpg 300w, https:\/\/www.teatrodomma.it\/wp-content\/uploads\/2021\/03\/Chiara-Ravignani-cantante-tastiera-1-768x747.jpg 768w, https:\/\/www.teatrodomma.it\/wp-content\/uploads\/2021\/03\/Chiara-Ravignani-cantante-tastiera-1-200x195.jpg 200w, https:\/\/www.teatrodomma.it\/wp-content\/uploads\/2021\/03\/Chiara-Ravignani-cantante-tastiera-1.jpg 1079w\" sizes=\"(max-width: 1024px) 100vw, 1024px\" \/><\/figure><\/li><\/ul><figcaption class=\"blocks-gallery-caption\">Chiara Ravignani in alcune esibizioni canore<\/figcaption><\/figure>\n\n\n\n<figure class=\"wp-block-embed is-type-video is-provider-youtube wp-block-embed-youtube wp-embed-aspect-4-3 wp-has-aspect-ratio\"><div class=\"wp-block-embed__wrapper\">\n<iframe loading=\"lazy\" title=\"a mano a mano\" width=\"720\" height=\"540\" src=\"https:\/\/www.youtube.com\/embed\/jLX_LLaqEMY?feature=oembed\" frameborder=\"0\" allow=\"accelerometer; autoplay; clipboard-write; encrypted-media; gyroscope; picture-in-picture; web-share\" referrerpolicy=\"strict-origin-when-cross-origin\" allowfullscreen><\/iframe>\n<\/div><figcaption>5 novembre 2017: Chiara interpreta &#8220;A mano a mano&#8221; di R. Cocciante durante il recital <em>\u201cIl silenzio violato (Se i quadri di Hopper potessero parlare\u2026o cantare)\u201d<\/em> scritto da Raffaele Greco per una serata di beneficenza presso il Teatro Don Mario Torregrossa <\/figcaption><\/figure>\n\n\n\n<p class=\"has-background-dark-background-color has-background\"><strong><em>Hai da poco concluso gli studi liceali e ti sei iscritta all\u2019universit\u00e0. Quale facolt\u00e0 hai scelto e cosa pensi possa apportare alla tua inclinazione artistica?<\/em><\/strong><\/p>\n\n\n\n<p><strong>Ho avuto molta difficolt\u00e0 con la scelta dell\u2019universit\u00e0<\/strong>. Fino al quarto anno ero certa di voler fare Ingegneria Aerospaziale, forse per seguire anche le orme di mio padre. In quinto liceo non avevo nessuna idea. Preparandomi per l&#8217;esame di maturit\u00e0 ho preso la decisione di iscrivermi a Biologia, per poi specializzarmi in Biologia Marina. Quindi durante la scorsa estate ho studiato per i test d\u2019ingresso, che purtroppo non sono andati come speravo inizialmente. Come &#8220;piano B&#8221; ho intrapreso il percorso di studi in Matematica presso l&#8217;Universit\u00e0 Roma Tre. Un mese pi\u00f9 tardi mi \u00e8 arrivata una e-mail dalla facolt\u00e0 di Biologia: ero entrata con lo scorrimento della graduatoria. Quindi ho cambiato, ma restando sempre a Roma Tre. Frequentando Biologia, per\u00f2, sia durante i test che durante i corsi veri e propri, non mi sentivo realizzata in ci\u00f2 che studiavo e non mi piacevano le materie. <strong>Ho deciso di prendermi qualche mese per riflettere e capire cosa volevo fare nella vita. Cos\u00ec a gennaio di quest&#8217;anno ho iniziato Psicologia all\u2019Universit\u00e0 &#8220;Niccol\u00f2 Cusano&#8221;.<\/strong> Sto gi\u00e0 ottenendo buoni risultati e mi piace ci\u00f2 che studio. <strong>Per il futuro spero di diventare psicologa e di dedicarmi alla Teatroterapia con i giovani.<\/strong><\/p>\n\n\n\n<p class=\"has-background-dark-background-color has-background\"><em><strong>Riesci a conciliare bene lo studio universitario con la preparazione per il mondo del teatro? Quest\u2019ultima cosa comporta e ti richiede molto tempo?<\/strong><\/em><\/p>\n\n\n\n<p>Fortunatamente l&#8217;universit\u00e0 che frequento d\u00e0 l\u2019opportunit\u00e0 di organizzarsi al meglio, quindi <strong>riesco a conciliare molto bene lo studio con il teatro<\/strong>. Purtroppo in questa situazione di pandemia non ci sono pi\u00f9 cos\u00ec tante cose da fare per il teatro. <strong>I<strong> corsi della <a href=\"https:\/\/www.cdsacademy.it\/\" target=\"_blank\" rel=\"noreferrer noopener\">CdS Academy<\/a><\/strong><\/strong> &#8211; <strong><a href=\"https:\/\/www.cdsacademy.it\/musical-academy\/#teen\" target=\"_blank\" rel=\"noreferrer noopener\">sezione Teen<\/a><\/strong>, a cui <a href=\"https:\/\/www.teatrodomma.it\/blog\/compagni-di-scena\/al-via-i-corsi-della-cds-musical-academy\/\" target=\"_blank\" rel=\"noreferrer noopener\">mi sono iscritta nell&#8217;ottobre scorso<\/a> dopo aver partecipato alla <a href=\"https:\/\/www.teatrodomma.it\/blog\/compagni-di-scena\/cds-academy-masterclass\/\" target=\"_blank\" rel=\"noreferrer noopener\">Masterclass Estate 2020<\/a> ed al <a href=\"https:\/\/www.youtube.com\/watch?v=UtvYpfK7GCY&amp;t=13s\" target=\"_blank\" rel=\"noreferrer noopener\">video &#8220;IN<\/a>&#8221; da <em>&#8220;Carrie &#8211; il musical&#8221;<\/em>, <strong>si tengono nel weekend<\/strong>, quindi non richiedono molto tempo. Quando ho fatto <strong><em>&#8220;The Addams Family&#8221;<\/em><\/strong>, invece, avevamo molte prove e c\u2019era tanto da studiare, ma sono sempre riuscita a tenermi in pari con lo studio.<\/p>\n\n\n\n<figure class=\"wp-block-image size-large\"><img decoding=\"async\" src=\"https:\/\/www.teatrodomma.it\/wp-content\/uploads\/2020\/06\/CdS-Academy-allievi-giovani-1024x833.jpg\" alt=\"\" class=\"wp-image-4124\"\/><figcaption>Chiara con gli allievi della CdS Academy e due degli insegnanti: per il settore musicale <a href=\"https:\/\/www.teatrodomma.it\/blog\/interviste\/al-pianoforte-con-daniele-alfieri\/\" target=\"_blank\" rel=\"noreferrer noopener\">Daniele Alfieri<\/a> (con lei al centro) e per la recitazione<a href=\"https:\/\/www.teatrodomma.it\/blog\/interviste\/quattro-chiacchiere-con-laura-adriani\/\" target=\"_blank\" rel=\"noreferrer noopener\"> Laura Adriani<\/a> (in alto a destra).<\/figcaption><\/figure>\n\n\n\n<figure class=\"wp-block-embed is-type-video is-provider-youtube wp-block-embed-youtube wp-embed-aspect-16-9 wp-has-aspect-ratio\"><div class=\"wp-block-embed__wrapper\">\n<iframe loading=\"lazy\" title=\"Carrie Il Musical - In\" width=\"720\" height=\"405\" src=\"https:\/\/www.youtube.com\/embed\/UtvYpfK7GCY?start=14&#038;feature=oembed\" frameborder=\"0\" allow=\"accelerometer; autoplay; clipboard-write; encrypted-media; gyroscope; picture-in-picture; web-share\" referrerpolicy=\"strict-origin-when-cross-origin\" allowfullscreen><\/iframe>\n<\/div><figcaption><strong>VIDEO DELLA CDS ACADEMY &#8211; SEZIONE TEEN, FRUTTO DELLA MASTERCLASS TENUTASI A LUGLIO 2020<\/strong><\/figcaption><\/figure>\n\n\n\n<p class=\"has-background-dark-background-color has-background\"><em><strong>Raccontaci come hai incontrato i CdS &#8211; Compagni di Scena e come \u00e8 iniziato il tuo percorso con loro: per amicizia, con un provino?<\/strong><\/em><\/p>\n\n\n\n<div class=\"wp-block-image\"><figure class=\"alignleft size-large is-resized\"><img loading=\"lazy\" decoding=\"async\" src=\"https:\/\/www.teatrodomma.it\/wp-content\/uploads\/2020\/05\/CdS_logo.jpg\" alt=\"\" class=\"wp-image-1800\" width=\"355\" height=\"231\" srcset=\"https:\/\/www.teatrodomma.it\/wp-content\/uploads\/2020\/05\/CdS_logo.jpg 740w, https:\/\/www.teatrodomma.it\/wp-content\/uploads\/2020\/05\/CdS_logo-300x195.jpg 300w, https:\/\/www.teatrodomma.it\/wp-content\/uploads\/2020\/05\/CdS_logo-200x130.jpg 200w\" sizes=\"(max-width: 355px) 100vw, 355px\" \/><figcaption>Logo dei CdS-Compagni di Scena<\/figcaption><\/figure><\/div>\n\n\n\n<p>Facendo parte del <em>Centro di Formazione Giovanile<\/em> <em>&#8220;Madonna di Loreto&#8221;<\/em> ne ho sempre frequentato il laboratorio teatrale gratuito (<em>ndr.<\/em> tenuto da Gabriele Ciccarelli, <a href=\"https:\/\/www.teatrodomma.it\/blog\/interviste\/in-laboratorio-con-elisa-iannetti\/\" target=\"_blank\" rel=\"noreferrer noopener\">Elisa Iannetti<\/a> e Andrea Nardis), che \u00e8 aperto a tutti i ragazzi che frequentano il Centro. <strong>Ho conosciuto <a href=\"https:\/\/www.teatrodomma.it\/blog\/compagni-di-scena\/riflettori-su-marco-mininno\/\" target=\"_blank\" rel=\"noreferrer noopener\">Marco Mininno<\/a><\/strong> (<em>ndr.<\/em> responsabile tecnico e socio fondatore dei <a href=\"https:\/\/www.teatrodomma.it\/blog\/compagni-di-scena\/conosciamo-i-cds-compagni-di-scena\/\" target=\"_blank\" rel=\"noreferrer noopener\">CdS<\/a>) <strong>che mi ha proposto di fare il provino per il ruolo di Mercoled\u00ec Addams nel progetto <em><a href=\"https:\/\/www.teatrodomma.it\/blog\/compagni-di-scena\/la-famiglia-addams-tutti-i-particolari-in-cronaca\/\" target=\"_blank\" rel=\"noreferrer noopener\">&#8220;The Addams Family&#8221;<\/a><\/em><\/strong> con coro ed orchestra dal vivo. Ho partecipato, quindi, alla selezione portando un monologo e la canzone del musical ed alla fine sono stata presa. <strong>Da l\u00ec \u00e8 iniziata la mia avventura con i CdS &#8211; Compagni di Scena.<\/strong><\/p>\n\n\n\n<figure class=\"wp-block-gallery columns-2 is-cropped wp-block-gallery-2 is-layout-flex wp-block-gallery-is-layout-flex\"><ul class=\"blocks-gallery-grid\"><li class=\"blocks-gallery-item\"><figure><img loading=\"lazy\" decoding=\"async\" width=\"638\" height=\"960\" src=\"https:\/\/www.teatrodomma.it\/wp-content\/uploads\/2020\/05\/cds-addams-family-attrice-foto4_chiara-ravignani.jpg\" alt=\"\" data-id=\"1324\" data-full-url=\"https:\/\/www.teatrodomma.it\/wp-content\/uploads\/2020\/05\/cds-addams-family-attrice-foto4_chiara-ravignani.jpg\" data-link=\"https:\/\/www.teatrodomma.it\/blog\/compagni-di-scena\/il-teatro-e-servito\/attachment\/cds-addams-family-attrice-foto4_chiara-ravignani\/\" class=\"wp-image-1324\" srcset=\"https:\/\/www.teatrodomma.it\/wp-content\/uploads\/2020\/05\/cds-addams-family-attrice-foto4_chiara-ravignani.jpg 638w, https:\/\/www.teatrodomma.it\/wp-content\/uploads\/2020\/05\/cds-addams-family-attrice-foto4_chiara-ravignani-199x300.jpg 199w, https:\/\/www.teatrodomma.it\/wp-content\/uploads\/2020\/05\/cds-addams-family-attrice-foto4_chiara-ravignani-200x301.jpg 200w\" sizes=\"(max-width: 638px) 100vw, 638px\" \/><\/figure><\/li><li class=\"blocks-gallery-item\"><figure><img loading=\"lazy\" decoding=\"async\" width=\"688\" height=\"959\" src=\"https:\/\/www.teatrodomma.it\/wp-content\/uploads\/2020\/05\/cds-addams-family-locandina-teatro.jpg\" alt=\"\" data-id=\"899\" data-full-url=\"https:\/\/www.teatrodomma.it\/wp-content\/uploads\/2020\/05\/cds-addams-family-locandina-teatro.jpg\" data-link=\"https:\/\/www.teatrodomma.it\/blog\/compagni-di-scena\/il-teatro-e-servito\/attachment\/cds-addams-family-locandina-teatro\/\" class=\"wp-image-899\" srcset=\"https:\/\/www.teatrodomma.it\/wp-content\/uploads\/2020\/05\/cds-addams-family-locandina-teatro.jpg 688w, https:\/\/www.teatrodomma.it\/wp-content\/uploads\/2020\/05\/cds-addams-family-locandina-teatro-215x300.jpg 215w, https:\/\/www.teatrodomma.it\/wp-content\/uploads\/2020\/05\/cds-addams-family-locandina-teatro-200x279.jpg 200w\" sizes=\"(max-width: 688px) 100vw, 688px\" \/><\/figure><\/li><\/ul><figcaption class=\"blocks-gallery-caption\">Locandina del musical&nbsp;<a rel=\"noreferrer noopener\" href=\"https:\/\/www.youtube.com\/watch?v=hUpu6MJKGWs&amp;feature=youtu.be\" target=\"_blank\">\u201c<em>The Addams Family<\/em>\u201c<\/a>&nbsp;con coro ed orchestra dal vivo (2019)<\/figcaption><\/figure>\n\n\n\n<p class=\"has-background-dark-background-color has-background\"><em><strong>Ci sono cantanti ed attrici che ammiri in modo particolare e che hai come punto di riferimento?<\/strong><\/em><\/p>\n\n\n\n<p>Non ci ho mai pensato, in effetti. <strong>Adoro Paola Cortellesi, Virginia Raffaele e Pierfrancesco Favino. Il mio cantante preferito, invece, \u00e8 Fabrizio Moro.<\/strong><\/p>\n\n\n\n<p class=\"has-background-dark-background-color has-background\"><em><strong>Se apparisse il Genio della lampada e ti dicesse di esprimere tre desideri, quali vorresti che esaudisse per te?<\/strong><\/em><\/p>\n\n\n\n<p>Bella domanda\u2026Sicuramente il primo desiderio sarebbe di <strong>aiutarmi a realizzare il mio sogno di madre e moglie<\/strong>; il secondo sarebbe <strong>la felicit\u00e0 per tutti coloro a cui tengo<\/strong>; il terzo sarebbe certamente quello di <strong>liberare il Genio<\/strong>!<\/p>\n\n\n\n<figure class=\"wp-block-gallery columns-2 is-cropped wp-block-gallery-3 is-layout-flex wp-block-gallery-is-layout-flex\"><ul class=\"blocks-gallery-grid\"><li class=\"blocks-gallery-item\"><figure><img loading=\"lazy\" decoding=\"async\" width=\"736\" height=\"419\" src=\"http:\/\/test.teatrodomma.it\/wp-content\/uploads\/2021\/03\/Chiara-Ravignani-cantante-musical-2.jpg\" alt=\"\" data-id=\"4041\" data-full-url=\"http:\/\/test.teatrodomma.it\/wp-content\/uploads\/2021\/03\/Chiara-Ravignani-cantante-musical-2.jpg\" data-link=\"https:\/\/www.teatrodomma.it\/?attachment_id=4041\" class=\"wp-image-4041\" srcset=\"https:\/\/www.teatrodomma.it\/wp-content\/uploads\/2021\/03\/Chiara-Ravignani-cantante-musical-2.jpg 736w, https:\/\/www.teatrodomma.it\/wp-content\/uploads\/2021\/03\/Chiara-Ravignani-cantante-musical-2-300x171.jpg 300w, https:\/\/www.teatrodomma.it\/wp-content\/uploads\/2021\/03\/Chiara-Ravignani-cantante-musical-2-200x114.jpg 200w\" sizes=\"(max-width: 736px) 100vw, 736px\" \/><\/figure><\/li><li class=\"blocks-gallery-item\"><figure><img loading=\"lazy\" decoding=\"async\" width=\"744\" height=\"410\" src=\"http:\/\/test.teatrodomma.it\/wp-content\/uploads\/2021\/03\/Chiara-Ravignani-cantante-musical-1.jpg\" alt=\"\" data-id=\"4040\" data-full-url=\"http:\/\/test.teatrodomma.it\/wp-content\/uploads\/2021\/03\/Chiara-Ravignani-cantante-musical-1.jpg\" data-link=\"https:\/\/www.teatrodomma.it\/?attachment_id=4040\" class=\"wp-image-4040\" srcset=\"https:\/\/www.teatrodomma.it\/wp-content\/uploads\/2021\/03\/Chiara-Ravignani-cantante-musical-1.jpg 744w, https:\/\/www.teatrodomma.it\/wp-content\/uploads\/2021\/03\/Chiara-Ravignani-cantante-musical-1-300x165.jpg 300w, https:\/\/www.teatrodomma.it\/wp-content\/uploads\/2021\/03\/Chiara-Ravignani-cantante-musical-1-200x110.jpg 200w\" sizes=\"(max-width: 744px) 100vw, 744px\" \/><\/figure><\/li><\/ul><figcaption class=\"blocks-gallery-caption\"><a href=\"https:\/\/www.facebook.com\/watch\/?v=1110757029268115\" target=\"_blank\" rel=\"noreferrer noopener\">Prove del musical <em>&#8220;Be More Chill &#8211; Datti una mossa&#8221;<\/em><\/a><em> <\/em>in cui Chiara Ravignani era nell&#8217;ensamble. Il 4 marzo 2020, alla vigilia del debutto, lo spettacolo \u00e8 stato rinviato per la chiusura dei teatri a causa dell&#8217;emergenza Covid.<\/figcaption><\/figure>\n\n\n\n<figure class=\"wp-block-gallery columns-2 is-cropped wp-block-gallery-4 is-layout-flex wp-block-gallery-is-layout-flex\"><ul class=\"blocks-gallery-grid\"><li class=\"blocks-gallery-item\"><figure><img decoding=\"async\" src=\"https:\/\/www.teatrodomma.it\/wp-content\/uploads\/2020\/04\/bemorechill_sospeso-728x1024.jpg\" alt=\"\" data-id=\"315\" data-full-url=\"https:\/\/www.teatrodomma.it\/wp-content\/uploads\/2020\/04\/bemorechill_sospeso.jpg\" data-link=\"https:\/\/www.teatrodomma.it\/blog\/compagni-di-scena\/conosciamo-i-cds-compagni-di-scena\/attachment\/bemorechill_sospeso\/\" class=\"wp-image-315\"\/><\/figure><\/li><li class=\"blocks-gallery-item\"><figure><img decoding=\"async\" src=\"https:\/\/www.teatrodomma.it\/wp-content\/uploads\/2021\/03\/Chiara-Ravignani-primopiano-1-1024x1024.jpg\" alt=\"\" data-id=\"4045\" data-full-url=\"http:\/\/test.teatrodomma.it\/wp-content\/uploads\/2021\/03\/Chiara-Ravignani-primopiano-1-e1616778296163.jpg\" data-link=\"https:\/\/www.teatrodomma.it\/?attachment_id=4045\" class=\"wp-image-4045\"\/><\/figure><\/li><\/ul><\/figure>\n\n\n\n<p class=\"has-background-dark-background-color has-background\">GRAZIE, CHIARA! TI AUGURIAMO BUONA FORTUNA PER I TUOI DESIDERI A LUNGO TERMINE&#8230;INTANTO SPERIAMO DI RIVEDERTI PRESTO SUL PALCO, MAGARI NEL MUSICAL <em>&#8220;BE MORE CHILL &#8211; DATTI UNA MOSSA&#8221;<\/em> PURTROPPO SOSPESO ALLA VIGILIA DEL DEBUTTO NEL MARZO 2020 A CAUSA DEL LOCKDOWN.<\/p>\n\n\n\n<p><em>Margherita De Donato<\/em><\/p>\n","protected":false},"excerpt":{"rendered":"<p>Tra i giovani che frequentano il Centro di Formazione Giovanile &#8220;Madonna di Loreto&#8221;, nella cui struttura si trova il Teatro Don Mario Torregrossa, c&#8217;\u00e8 una giovane attrice che abbiamo applaudito nel musical &#8220;The Addams Family&#8221; nei panni della figlia Mercoled\u00ec&#8230; CHIARA RAVIGNANI (nata a Roma il 27\/01\/2002) diplomata al Liceo scientifico presso l&#8217;Istituto Paritario &#8220;V. [&hellip;]<\/p>\n","protected":false},"author":3,"featured_media":3766,"comment_status":"closed","ping_status":"open","sticky":false,"template":"","format":"standard","meta":{"saved_in_kubio":false,"footnotes":""},"categories":[33,48],"tags":[165,212,43],"class_list":{"0":"post-3764","1":"post","2":"type-post","3":"status-publish","4":"format-standard","5":"has-post-thumbnail","6":"hentry","7":"category-compagni-di-scena","8":"category-interviste","9":"tag-cds-musical-academy","10":"tag-chiara-ravignani","11":"tag-compagni-di-scena","13":"post-with-thumbnail","14":"post-with-thumbnail-large"},"yoast_head":"<!-- This site is optimized with the Yoast SEO plugin v25.8 - https:\/\/yoast.com\/wordpress\/plugins\/seo\/ -->\n<title>Ma che musical con...Chiara Ravignani - Teatro Domma<\/title>\n<meta name=\"robots\" content=\"index, follow, max-snippet:-1, max-image-preview:large, max-video-preview:-1\" \/>\n<link rel=\"canonical\" href=\"https:\/\/www.teatrodomma.it\/?p=3764\" \/>\n<meta property=\"og:locale\" content=\"it_IT\" \/>\n<meta property=\"og:type\" content=\"article\" \/>\n<meta property=\"og:title\" content=\"Ma che musical con...Chiara Ravignani - Teatro Domma\" \/>\n<meta property=\"og:description\" content=\"Tra i giovani che frequentano il Centro di Formazione Giovanile &#8220;Madonna di Loreto&#8221;, nella cui struttura si trova il Teatro Don Mario Torregrossa, c&#8217;\u00e8 una giovane attrice che abbiamo applaudito nel musical &#8220;The Addams Family&#8221; nei panni della figlia Mercoled\u00ec&#8230; CHIARA RAVIGNANI (nata a Roma il 27\/01\/2002) diplomata al Liceo scientifico presso l&#8217;Istituto Paritario &#8220;V. [&hellip;]\" \/>\n<meta property=\"og:url\" content=\"https:\/\/www.teatrodomma.it\/?p=3764\" \/>\n<meta property=\"og:site_name\" content=\"Teatro Domma\" \/>\n<meta property=\"article:publisher\" content=\"https:\/\/www.facebook.com\/p\/Teatro-Domma-61556981831878\/?locale=it_IT\" \/>\n<meta property=\"article:published_time\" content=\"2021-04-02T22:00:00+00:00\" \/>\n<meta property=\"og:image\" content=\"https:\/\/www.teatrodomma.it\/wp-content\/uploads\/2021\/02\/Chiara-Ravignani_primopiano-e1613484225529.jpg\" \/>\n\t<meta property=\"og:image:width\" content=\"900\" \/>\n\t<meta property=\"og:image:height\" content=\"911\" \/>\n\t<meta property=\"og:image:type\" content=\"image\/jpeg\" \/>\n<meta name=\"author\" content=\"Margherita De Donato\" \/>\n<meta name=\"twitter:card\" content=\"summary_large_image\" \/>\n<meta name=\"twitter:label1\" content=\"Scritto da\" \/>\n\t<meta name=\"twitter:data1\" content=\"Margherita De Donato\" \/>\n\t<meta name=\"twitter:label2\" content=\"Tempo di lettura stimato\" \/>\n\t<meta name=\"twitter:data2\" content=\"9 minuti\" \/>\n<script type=\"application\/ld+json\" class=\"yoast-schema-graph\">{\"@context\":\"https:\/\/schema.org\",\"@graph\":[{\"@type\":\"Article\",\"@id\":\"https:\/\/www.teatrodomma.it\/?p=3764#article\",\"isPartOf\":{\"@id\":\"https:\/\/www.teatrodomma.it\/?p=3764\"},\"author\":{\"name\":\"Margherita De Donato\",\"@id\":\"https:\/\/www.teatrodomma.it\/#\/schema\/person\/8a1f09bf4c695307c8aef38d93aa0e84\"},\"headline\":\"Ma che musical con&#8230;Chiara Ravignani\",\"datePublished\":\"2021-04-02T22:00:00+00:00\",\"mainEntityOfPage\":{\"@id\":\"https:\/\/www.teatrodomma.it\/?p=3764\"},\"wordCount\":1340,\"publisher\":{\"@id\":\"https:\/\/www.teatrodomma.it\/#organization\"},\"image\":{\"@id\":\"https:\/\/www.teatrodomma.it\/?p=3764#primaryimage\"},\"thumbnailUrl\":\"https:\/\/www.teatrodomma.it\/wp-content\/uploads\/2021\/02\/Chiara-Ravignani_primopiano-e1613484225529.jpg\",\"keywords\":[\"CdS Musical Academy\",\"Chiara ravignani\",\"Compagni di Scena\"],\"articleSection\":[\"Compagni di Scena\",\"Interviste\"],\"inLanguage\":\"it-IT\"},{\"@type\":\"WebPage\",\"@id\":\"https:\/\/www.teatrodomma.it\/?p=3764\",\"url\":\"https:\/\/www.teatrodomma.it\/?p=3764\",\"name\":\"Ma che musical con...Chiara Ravignani - Teatro Domma\",\"isPartOf\":{\"@id\":\"https:\/\/www.teatrodomma.it\/#website\"},\"primaryImageOfPage\":{\"@id\":\"https:\/\/www.teatrodomma.it\/?p=3764#primaryimage\"},\"image\":{\"@id\":\"https:\/\/www.teatrodomma.it\/?p=3764#primaryimage\"},\"thumbnailUrl\":\"https:\/\/www.teatrodomma.it\/wp-content\/uploads\/2021\/02\/Chiara-Ravignani_primopiano-e1613484225529.jpg\",\"datePublished\":\"2021-04-02T22:00:00+00:00\",\"breadcrumb\":{\"@id\":\"https:\/\/www.teatrodomma.it\/?p=3764#breadcrumb\"},\"inLanguage\":\"it-IT\",\"potentialAction\":[{\"@type\":\"ReadAction\",\"target\":[\"https:\/\/www.teatrodomma.it\/?p=3764\"]}]},{\"@type\":\"ImageObject\",\"inLanguage\":\"it-IT\",\"@id\":\"https:\/\/www.teatrodomma.it\/?p=3764#primaryimage\",\"url\":\"https:\/\/www.teatrodomma.it\/wp-content\/uploads\/2021\/02\/Chiara-Ravignani_primopiano-e1613484225529.jpg\",\"contentUrl\":\"https:\/\/www.teatrodomma.it\/wp-content\/uploads\/2021\/02\/Chiara-Ravignani_primopiano-e1613484225529.jpg\",\"width\":900,\"height\":911},{\"@type\":\"BreadcrumbList\",\"@id\":\"https:\/\/www.teatrodomma.it\/?p=3764#breadcrumb\",\"itemListElement\":[{\"@type\":\"ListItem\",\"position\":1,\"name\":\"Home\",\"item\":\"https:\/\/www.teatrodomma.it\/\"},{\"@type\":\"ListItem\",\"position\":2,\"name\":\"Ma che musical con&#8230;Chiara Ravignani\"}]},{\"@type\":\"WebSite\",\"@id\":\"https:\/\/www.teatrodomma.it\/#website\",\"url\":\"https:\/\/www.teatrodomma.it\/\",\"name\":\"Teatro Domma\",\"description\":\"\",\"publisher\":{\"@id\":\"https:\/\/www.teatrodomma.it\/#organization\"},\"potentialAction\":[{\"@type\":\"SearchAction\",\"target\":{\"@type\":\"EntryPoint\",\"urlTemplate\":\"https:\/\/www.teatrodomma.it\/?s={search_term_string}\"},\"query-input\":{\"@type\":\"PropertyValueSpecification\",\"valueRequired\":true,\"valueName\":\"search_term_string\"}}],\"inLanguage\":\"it-IT\"},{\"@type\":\"Organization\",\"@id\":\"https:\/\/www.teatrodomma.it\/#organization\",\"name\":\"Teatro Domma\",\"url\":\"https:\/\/www.teatrodomma.it\/\",\"logo\":{\"@type\":\"ImageObject\",\"inLanguage\":\"it-IT\",\"@id\":\"https:\/\/www.teatrodomma.it\/#\/schema\/logo\/image\/\",\"url\":\"https:\/\/www.teatrodomma.it\/wp-content\/uploads\/2025\/01\/LOGOICON-edited-2.png\",\"contentUrl\":\"https:\/\/www.teatrodomma.it\/wp-content\/uploads\/2025\/01\/LOGOICON-edited-2.png\",\"width\":510,\"height\":287,\"caption\":\"Teatro Domma\"},\"image\":{\"@id\":\"https:\/\/www.teatrodomma.it\/#\/schema\/logo\/image\/\"},\"sameAs\":[\"https:\/\/www.facebook.com\/p\/Teatro-Domma-61556981831878\/?locale=it_IT\",\"https:\/\/www.instagram.com\/teatro_domma\/\"]},{\"@type\":\"Person\",\"@id\":\"https:\/\/www.teatrodomma.it\/#\/schema\/person\/8a1f09bf4c695307c8aef38d93aa0e84\",\"name\":\"Margherita De Donato\",\"image\":{\"@type\":\"ImageObject\",\"inLanguage\":\"it-IT\",\"@id\":\"https:\/\/www.teatrodomma.it\/#\/schema\/person\/image\/\",\"url\":\"https:\/\/secure.gravatar.com\/avatar\/0fbebb2201a984022de9f07361f7fe88cb7fcefd6be5e33abf5559102ec20088?s=96&d=mm&r=g\",\"contentUrl\":\"https:\/\/secure.gravatar.com\/avatar\/0fbebb2201a984022de9f07361f7fe88cb7fcefd6be5e33abf5559102ec20088?s=96&d=mm&r=g\",\"caption\":\"Margherita De Donato\"},\"url\":\"https:\/\/www.teatrodomma.it\/?author=3\"}]}<\/script>\n<!-- \/ Yoast SEO plugin. -->","yoast_head_json":{"title":"Ma che musical con...Chiara Ravignani - Teatro Domma","robots":{"index":"index","follow":"follow","max-snippet":"max-snippet:-1","max-image-preview":"max-image-preview:large","max-video-preview":"max-video-preview:-1"},"canonical":"https:\/\/www.teatrodomma.it\/?p=3764","og_locale":"it_IT","og_type":"article","og_title":"Ma che musical con...Chiara Ravignani - Teatro Domma","og_description":"Tra i giovani che frequentano il Centro di Formazione Giovanile &#8220;Madonna di Loreto&#8221;, nella cui struttura si trova il Teatro Don Mario Torregrossa, c&#8217;\u00e8 una giovane attrice che abbiamo applaudito nel musical &#8220;The Addams Family&#8221; nei panni della figlia Mercoled\u00ec&#8230; CHIARA RAVIGNANI (nata a Roma il 27\/01\/2002) diplomata al Liceo scientifico presso l&#8217;Istituto Paritario &#8220;V. [&hellip;]","og_url":"https:\/\/www.teatrodomma.it\/?p=3764","og_site_name":"Teatro Domma","article_publisher":"https:\/\/www.facebook.com\/p\/Teatro-Domma-61556981831878\/?locale=it_IT","article_published_time":"2021-04-02T22:00:00+00:00","og_image":[{"width":900,"height":911,"url":"https:\/\/www.teatrodomma.it\/wp-content\/uploads\/2021\/02\/Chiara-Ravignani_primopiano-e1613484225529.jpg","type":"image\/jpeg"}],"author":"Margherita De Donato","twitter_card":"summary_large_image","twitter_misc":{"Scritto da":"Margherita De Donato","Tempo di lettura stimato":"9 minuti"},"schema":{"@context":"https:\/\/schema.org","@graph":[{"@type":"Article","@id":"https:\/\/www.teatrodomma.it\/?p=3764#article","isPartOf":{"@id":"https:\/\/www.teatrodomma.it\/?p=3764"},"author":{"name":"Margherita De Donato","@id":"https:\/\/www.teatrodomma.it\/#\/schema\/person\/8a1f09bf4c695307c8aef38d93aa0e84"},"headline":"Ma che musical con&#8230;Chiara Ravignani","datePublished":"2021-04-02T22:00:00+00:00","mainEntityOfPage":{"@id":"https:\/\/www.teatrodomma.it\/?p=3764"},"wordCount":1340,"publisher":{"@id":"https:\/\/www.teatrodomma.it\/#organization"},"image":{"@id":"https:\/\/www.teatrodomma.it\/?p=3764#primaryimage"},"thumbnailUrl":"https:\/\/www.teatrodomma.it\/wp-content\/uploads\/2021\/02\/Chiara-Ravignani_primopiano-e1613484225529.jpg","keywords":["CdS Musical Academy","Chiara ravignani","Compagni di Scena"],"articleSection":["Compagni di Scena","Interviste"],"inLanguage":"it-IT"},{"@type":"WebPage","@id":"https:\/\/www.teatrodomma.it\/?p=3764","url":"https:\/\/www.teatrodomma.it\/?p=3764","name":"Ma che musical con...Chiara Ravignani - Teatro Domma","isPartOf":{"@id":"https:\/\/www.teatrodomma.it\/#website"},"primaryImageOfPage":{"@id":"https:\/\/www.teatrodomma.it\/?p=3764#primaryimage"},"image":{"@id":"https:\/\/www.teatrodomma.it\/?p=3764#primaryimage"},"thumbnailUrl":"https:\/\/www.teatrodomma.it\/wp-content\/uploads\/2021\/02\/Chiara-Ravignani_primopiano-e1613484225529.jpg","datePublished":"2021-04-02T22:00:00+00:00","breadcrumb":{"@id":"https:\/\/www.teatrodomma.it\/?p=3764#breadcrumb"},"inLanguage":"it-IT","potentialAction":[{"@type":"ReadAction","target":["https:\/\/www.teatrodomma.it\/?p=3764"]}]},{"@type":"ImageObject","inLanguage":"it-IT","@id":"https:\/\/www.teatrodomma.it\/?p=3764#primaryimage","url":"https:\/\/www.teatrodomma.it\/wp-content\/uploads\/2021\/02\/Chiara-Ravignani_primopiano-e1613484225529.jpg","contentUrl":"https:\/\/www.teatrodomma.it\/wp-content\/uploads\/2021\/02\/Chiara-Ravignani_primopiano-e1613484225529.jpg","width":900,"height":911},{"@type":"BreadcrumbList","@id":"https:\/\/www.teatrodomma.it\/?p=3764#breadcrumb","itemListElement":[{"@type":"ListItem","position":1,"name":"Home","item":"https:\/\/www.teatrodomma.it\/"},{"@type":"ListItem","position":2,"name":"Ma che musical con&#8230;Chiara Ravignani"}]},{"@type":"WebSite","@id":"https:\/\/www.teatrodomma.it\/#website","url":"https:\/\/www.teatrodomma.it\/","name":"Teatro Domma","description":"","publisher":{"@id":"https:\/\/www.teatrodomma.it\/#organization"},"potentialAction":[{"@type":"SearchAction","target":{"@type":"EntryPoint","urlTemplate":"https:\/\/www.teatrodomma.it\/?s={search_term_string}"},"query-input":{"@type":"PropertyValueSpecification","valueRequired":true,"valueName":"search_term_string"}}],"inLanguage":"it-IT"},{"@type":"Organization","@id":"https:\/\/www.teatrodomma.it\/#organization","name":"Teatro Domma","url":"https:\/\/www.teatrodomma.it\/","logo":{"@type":"ImageObject","inLanguage":"it-IT","@id":"https:\/\/www.teatrodomma.it\/#\/schema\/logo\/image\/","url":"https:\/\/www.teatrodomma.it\/wp-content\/uploads\/2025\/01\/LOGOICON-edited-2.png","contentUrl":"https:\/\/www.teatrodomma.it\/wp-content\/uploads\/2025\/01\/LOGOICON-edited-2.png","width":510,"height":287,"caption":"Teatro Domma"},"image":{"@id":"https:\/\/www.teatrodomma.it\/#\/schema\/logo\/image\/"},"sameAs":["https:\/\/www.facebook.com\/p\/Teatro-Domma-61556981831878\/?locale=it_IT","https:\/\/www.instagram.com\/teatro_domma\/"]},{"@type":"Person","@id":"https:\/\/www.teatrodomma.it\/#\/schema\/person\/8a1f09bf4c695307c8aef38d93aa0e84","name":"Margherita De Donato","image":{"@type":"ImageObject","inLanguage":"it-IT","@id":"https:\/\/www.teatrodomma.it\/#\/schema\/person\/image\/","url":"https:\/\/secure.gravatar.com\/avatar\/0fbebb2201a984022de9f07361f7fe88cb7fcefd6be5e33abf5559102ec20088?s=96&d=mm&r=g","contentUrl":"https:\/\/secure.gravatar.com\/avatar\/0fbebb2201a984022de9f07361f7fe88cb7fcefd6be5e33abf5559102ec20088?s=96&d=mm&r=g","caption":"Margherita De Donato"},"url":"https:\/\/www.teatrodomma.it\/?author=3"}]}},"_links":{"self":[{"href":"https:\/\/www.teatrodomma.it\/index.php?rest_route=\/wp\/v2\/posts\/3764","targetHints":{"allow":["GET"]}}],"collection":[{"href":"https:\/\/www.teatrodomma.it\/index.php?rest_route=\/wp\/v2\/posts"}],"about":[{"href":"https:\/\/www.teatrodomma.it\/index.php?rest_route=\/wp\/v2\/types\/post"}],"author":[{"embeddable":true,"href":"https:\/\/www.teatrodomma.it\/index.php?rest_route=\/wp\/v2\/users\/3"}],"replies":[{"embeddable":true,"href":"https:\/\/www.teatrodomma.it\/index.php?rest_route=%2Fwp%2Fv2%2Fcomments&post=3764"}],"version-history":[{"count":0,"href":"https:\/\/www.teatrodomma.it\/index.php?rest_route=\/wp\/v2\/posts\/3764\/revisions"}],"wp:featuredmedia":[{"embeddable":true,"href":"https:\/\/www.teatrodomma.it\/index.php?rest_route=\/wp\/v2\/media\/3766"}],"wp:attachment":[{"href":"https:\/\/www.teatrodomma.it\/index.php?rest_route=%2Fwp%2Fv2%2Fmedia&parent=3764"}],"wp:term":[{"taxonomy":"category","embeddable":true,"href":"https:\/\/www.teatrodomma.it\/index.php?rest_route=%2Fwp%2Fv2%2Fcategories&post=3764"},{"taxonomy":"post_tag","embeddable":true,"href":"https:\/\/www.teatrodomma.it\/index.php?rest_route=%2Fwp%2Fv2%2Ftags&post=3764"}],"curies":[{"name":"wp","href":"https:\/\/api.w.org\/{rel}","templated":true}]}}