{"id":3840,"date":"2021-03-09T10:48:56","date_gmt":"2021-03-09T09:48:56","guid":{"rendered":"https:\/\/www.teatrodomma.it\/?p=3840"},"modified":"2021-03-09T10:48:56","modified_gmt":"2021-03-09T09:48:56","slug":"3840","status":"publish","type":"post","link":"https:\/\/www.teatrodomma.it\/?p=3840","title":{"rendered":"Restiamo ancora in standby"},"content":{"rendered":"\n<p><strong>Teatri e cinema&nbsp;potranno riaprire dal 27 marzo<\/strong>, in base al primo decreto del nuovo Presidente del Consiglio dei ministri,<strong>&nbsp;<\/strong>Mario Draghi, ma i posti a sedere dovranno essere pre-assegnati,&nbsp;<strong>con riduzione della capienza al 25% <\/strong>per un massimo di 200 persone. <\/p>\n\n\n\n<p>La capienza ridotta a un quarto, le limitazioni dovute all\u2019essere zona gialla -tra cui il non poter girare dopo le 22:00 &#8211; ed il rischio che il Lazio passi alla zona arancione o addirittura rossa sono tutti deterrenti che portano i teatri, specialmente quelli come <strong>il nostro<\/strong>, a dover <strong>rimandare ancora la riapertura<\/strong>.<\/p>\n\n\n\n<p>Ci domandiamo se il pubblico torner\u00e0 in sala, considerate le informazioni preoccupanti che arrivano dai mass media sulla terza ondata. Il teatro \u00e8 fatto per vivere la serata, ma si sente parlare di possibile nuovo lockdown che limita gli spostamenti. Il fattore psicologico pesa sui potenziali spettatori, anche rispetto ai teatri che hanno fatto tutto per essere a norma e per superare un eventuale controllo ed essere &#8220;certificati&#8221;.<\/p>\n\n\n\n<p>Certamente pi\u00f9 tempo passer\u00e0 dall&#8217;ultimo spettacolo messo in scena e pi\u00f9 bisogner\u00e0 faticare per riabituare le persone a frequentare teatri e cinema. <strong>Noi puntiamo alla riapertura estiva<\/strong>: le <strong>attivit\u00e0 all\u2019aperto<\/strong> invoglieranno maggiormente le persone, tranquillizzate dal poter evitare gli spazi chiusi. Adesso la sanificazione&nbsp;delle sale richiede una spesa economica non indifferente, che non riusciremmo mai a coprire con la capienza notevolmente ridotta e l&#8217;ingresso calmierato.<\/p>\n\n\n\n<p>Siamo molto dispiaciuti per questo e ringraziamo per la possibilit\u00e0 di riaprire in sicurezza almeno la CdS Academy, spinti dagli allievi desiderosi di riprendere le lezioni e dalla disponibilit\u00e0 dei docenti ad accogliere la loro richiesta.<\/p>\n","protected":false},"excerpt":{"rendered":"<p>Teatri e cinema&nbsp;potranno riaprire dal 27 marzo, in base al primo decreto del nuovo Presidente del Consiglio dei ministri,&nbsp;Mario Draghi, ma i posti a sedere dovranno essere pre-assegnati,&nbsp;con riduzione della capienza al 25% per un massimo di 200 persone. La capienza ridotta a un quarto, le limitazioni dovute all\u2019essere zona gialla -tra cui il non [&hellip;]<\/p>\n","protected":false},"author":3,"featured_media":3849,"comment_status":"closed","ping_status":"open","sticky":false,"template":"","format":"standard","meta":{"saved_in_kubio":false,"footnotes":""},"categories":[23],"tags":[],"class_list":{"0":"post-3840","1":"post","2":"type-post","3":"status-publish","4":"format-standard","5":"has-post-thumbnail","6":"hentry","7":"category-articoli-vari","9":"post-with-thumbnail","10":"post-with-thumbnail-large"},"yoast_head":"<!-- This site is optimized with the Yoast SEO plugin v25.8 - https:\/\/yoast.com\/wordpress\/plugins\/seo\/ -->\n<title>Restiamo ancora in standby - Teatro Domma<\/title>\n<meta name=\"robots\" content=\"index, follow, max-snippet:-1, max-image-preview:large, max-video-preview:-1\" \/>\n<link rel=\"canonical\" href=\"https:\/\/www.teatrodomma.it\/?p=3840\" \/>\n<meta property=\"og:locale\" content=\"it_IT\" \/>\n<meta property=\"og:type\" content=\"article\" \/>\n<meta property=\"og:title\" content=\"Restiamo ancora in standby - Teatro Domma\" \/>\n<meta property=\"og:description\" content=\"Teatri e cinema&nbsp;potranno riaprire dal 27 marzo, in base al primo decreto del nuovo Presidente del Consiglio dei ministri,&nbsp;Mario Draghi, ma i posti a sedere dovranno essere pre-assegnati,&nbsp;con riduzione della capienza al 25% per un massimo di 200 persone. La capienza ridotta a un quarto, le limitazioni dovute all\u2019essere zona gialla -tra cui il non [&hellip;]\" \/>\n<meta property=\"og:url\" content=\"https:\/\/www.teatrodomma.it\/?p=3840\" \/>\n<meta property=\"og:site_name\" content=\"Teatro Domma\" \/>\n<meta property=\"article:publisher\" content=\"https:\/\/www.facebook.com\/p\/Teatro-Domma-61556981831878\/?locale=it_IT\" \/>\n<meta property=\"article:published_time\" content=\"2021-03-09T09:48:56+00:00\" \/>\n<meta property=\"og:image\" content=\"https:\/\/www.teatrodomma.it\/wp-content\/uploads\/2021\/03\/Teatro1-scaled-e1615283167581.jpg\" \/>\n\t<meta property=\"og:image:width\" content=\"900\" \/>\n\t<meta property=\"og:image:height\" content=\"563\" \/>\n\t<meta property=\"og:image:type\" content=\"image\/jpeg\" \/>\n<meta name=\"author\" content=\"Margherita De Donato\" \/>\n<meta name=\"twitter:card\" content=\"summary_large_image\" \/>\n<meta name=\"twitter:label1\" content=\"Scritto da\" \/>\n\t<meta name=\"twitter:data1\" content=\"Margherita De Donato\" \/>\n\t<meta name=\"twitter:label2\" content=\"Tempo di lettura stimato\" \/>\n\t<meta name=\"twitter:data2\" content=\"2 minuti\" \/>\n<script type=\"application\/ld+json\" class=\"yoast-schema-graph\">{\"@context\":\"https:\/\/schema.org\",\"@graph\":[{\"@type\":\"Article\",\"@id\":\"https:\/\/www.teatrodomma.it\/?p=3840#article\",\"isPartOf\":{\"@id\":\"https:\/\/www.teatrodomma.it\/?p=3840\"},\"author\":{\"name\":\"Margherita De Donato\",\"@id\":\"https:\/\/www.teatrodomma.it\/#\/schema\/person\/8a1f09bf4c695307c8aef38d93aa0e84\"},\"headline\":\"Restiamo ancora in standby\",\"datePublished\":\"2021-03-09T09:48:56+00:00\",\"mainEntityOfPage\":{\"@id\":\"https:\/\/www.teatrodomma.it\/?p=3840\"},\"wordCount\":272,\"publisher\":{\"@id\":\"https:\/\/www.teatrodomma.it\/#organization\"},\"image\":{\"@id\":\"https:\/\/www.teatrodomma.it\/?p=3840#primaryimage\"},\"thumbnailUrl\":\"https:\/\/www.teatrodomma.it\/wp-content\/uploads\/2021\/03\/Teatro1-scaled-e1615283167581.jpg\",\"articleSection\":[\"Articoli vari\"],\"inLanguage\":\"it-IT\"},{\"@type\":\"WebPage\",\"@id\":\"https:\/\/www.teatrodomma.it\/?p=3840\",\"url\":\"https:\/\/www.teatrodomma.it\/?p=3840\",\"name\":\"Restiamo ancora in standby - Teatro Domma\",\"isPartOf\":{\"@id\":\"https:\/\/www.teatrodomma.it\/#website\"},\"primaryImageOfPage\":{\"@id\":\"https:\/\/www.teatrodomma.it\/?p=3840#primaryimage\"},\"image\":{\"@id\":\"https:\/\/www.teatrodomma.it\/?p=3840#primaryimage\"},\"thumbnailUrl\":\"https:\/\/www.teatrodomma.it\/wp-content\/uploads\/2021\/03\/Teatro1-scaled-e1615283167581.jpg\",\"datePublished\":\"2021-03-09T09:48:56+00:00\",\"breadcrumb\":{\"@id\":\"https:\/\/www.teatrodomma.it\/?p=3840#breadcrumb\"},\"inLanguage\":\"it-IT\",\"potentialAction\":[{\"@type\":\"ReadAction\",\"target\":[\"https:\/\/www.teatrodomma.it\/?p=3840\"]}]},{\"@type\":\"ImageObject\",\"inLanguage\":\"it-IT\",\"@id\":\"https:\/\/www.teatrodomma.it\/?p=3840#primaryimage\",\"url\":\"https:\/\/www.teatrodomma.it\/wp-content\/uploads\/2021\/03\/Teatro1-scaled-e1615283167581.jpg\",\"contentUrl\":\"https:\/\/www.teatrodomma.it\/wp-content\/uploads\/2021\/03\/Teatro1-scaled-e1615283167581.jpg\",\"width\":900,\"height\":563},{\"@type\":\"BreadcrumbList\",\"@id\":\"https:\/\/www.teatrodomma.it\/?p=3840#breadcrumb\",\"itemListElement\":[{\"@type\":\"ListItem\",\"position\":1,\"name\":\"Home\",\"item\":\"https:\/\/www.teatrodomma.it\/\"},{\"@type\":\"ListItem\",\"position\":2,\"name\":\"Restiamo ancora in standby\"}]},{\"@type\":\"WebSite\",\"@id\":\"https:\/\/www.teatrodomma.it\/#website\",\"url\":\"https:\/\/www.teatrodomma.it\/\",\"name\":\"Teatro Domma\",\"description\":\"\",\"publisher\":{\"@id\":\"https:\/\/www.teatrodomma.it\/#organization\"},\"potentialAction\":[{\"@type\":\"SearchAction\",\"target\":{\"@type\":\"EntryPoint\",\"urlTemplate\":\"https:\/\/www.teatrodomma.it\/?s={search_term_string}\"},\"query-input\":{\"@type\":\"PropertyValueSpecification\",\"valueRequired\":true,\"valueName\":\"search_term_string\"}}],\"inLanguage\":\"it-IT\"},{\"@type\":\"Organization\",\"@id\":\"https:\/\/www.teatrodomma.it\/#organization\",\"name\":\"Teatro Domma\",\"url\":\"https:\/\/www.teatrodomma.it\/\",\"logo\":{\"@type\":\"ImageObject\",\"inLanguage\":\"it-IT\",\"@id\":\"https:\/\/www.teatrodomma.it\/#\/schema\/logo\/image\/\",\"url\":\"https:\/\/www.teatrodomma.it\/wp-content\/uploads\/2025\/01\/LOGOICON-edited-2.png\",\"contentUrl\":\"https:\/\/www.teatrodomma.it\/wp-content\/uploads\/2025\/01\/LOGOICON-edited-2.png\",\"width\":510,\"height\":287,\"caption\":\"Teatro Domma\"},\"image\":{\"@id\":\"https:\/\/www.teatrodomma.it\/#\/schema\/logo\/image\/\"},\"sameAs\":[\"https:\/\/www.facebook.com\/p\/Teatro-Domma-61556981831878\/?locale=it_IT\",\"https:\/\/www.instagram.com\/teatro_domma\/\"]},{\"@type\":\"Person\",\"@id\":\"https:\/\/www.teatrodomma.it\/#\/schema\/person\/8a1f09bf4c695307c8aef38d93aa0e84\",\"name\":\"Margherita De Donato\",\"image\":{\"@type\":\"ImageObject\",\"inLanguage\":\"it-IT\",\"@id\":\"https:\/\/www.teatrodomma.it\/#\/schema\/person\/image\/\",\"url\":\"https:\/\/secure.gravatar.com\/avatar\/0fbebb2201a984022de9f07361f7fe88cb7fcefd6be5e33abf5559102ec20088?s=96&d=mm&r=g\",\"contentUrl\":\"https:\/\/secure.gravatar.com\/avatar\/0fbebb2201a984022de9f07361f7fe88cb7fcefd6be5e33abf5559102ec20088?s=96&d=mm&r=g\",\"caption\":\"Margherita De Donato\"},\"url\":\"https:\/\/www.teatrodomma.it\/?author=3\"}]}<\/script>\n<!-- \/ Yoast SEO plugin. -->","yoast_head_json":{"title":"Restiamo ancora in standby - Teatro Domma","robots":{"index":"index","follow":"follow","max-snippet":"max-snippet:-1","max-image-preview":"max-image-preview:large","max-video-preview":"max-video-preview:-1"},"canonical":"https:\/\/www.teatrodomma.it\/?p=3840","og_locale":"it_IT","og_type":"article","og_title":"Restiamo ancora in standby - Teatro Domma","og_description":"Teatri e cinema&nbsp;potranno riaprire dal 27 marzo, in base al primo decreto del nuovo Presidente del Consiglio dei ministri,&nbsp;Mario Draghi, ma i posti a sedere dovranno essere pre-assegnati,&nbsp;con riduzione della capienza al 25% per un massimo di 200 persone. La capienza ridotta a un quarto, le limitazioni dovute all\u2019essere zona gialla -tra cui il non [&hellip;]","og_url":"https:\/\/www.teatrodomma.it\/?p=3840","og_site_name":"Teatro Domma","article_publisher":"https:\/\/www.facebook.com\/p\/Teatro-Domma-61556981831878\/?locale=it_IT","article_published_time":"2021-03-09T09:48:56+00:00","og_image":[{"width":900,"height":563,"url":"https:\/\/www.teatrodomma.it\/wp-content\/uploads\/2021\/03\/Teatro1-scaled-e1615283167581.jpg","type":"image\/jpeg"}],"author":"Margherita De Donato","twitter_card":"summary_large_image","twitter_misc":{"Scritto da":"Margherita De Donato","Tempo di lettura stimato":"2 minuti"},"schema":{"@context":"https:\/\/schema.org","@graph":[{"@type":"Article","@id":"https:\/\/www.teatrodomma.it\/?p=3840#article","isPartOf":{"@id":"https:\/\/www.teatrodomma.it\/?p=3840"},"author":{"name":"Margherita De Donato","@id":"https:\/\/www.teatrodomma.it\/#\/schema\/person\/8a1f09bf4c695307c8aef38d93aa0e84"},"headline":"Restiamo ancora in standby","datePublished":"2021-03-09T09:48:56+00:00","mainEntityOfPage":{"@id":"https:\/\/www.teatrodomma.it\/?p=3840"},"wordCount":272,"publisher":{"@id":"https:\/\/www.teatrodomma.it\/#organization"},"image":{"@id":"https:\/\/www.teatrodomma.it\/?p=3840#primaryimage"},"thumbnailUrl":"https:\/\/www.teatrodomma.it\/wp-content\/uploads\/2021\/03\/Teatro1-scaled-e1615283167581.jpg","articleSection":["Articoli vari"],"inLanguage":"it-IT"},{"@type":"WebPage","@id":"https:\/\/www.teatrodomma.it\/?p=3840","url":"https:\/\/www.teatrodomma.it\/?p=3840","name":"Restiamo ancora in standby - Teatro Domma","isPartOf":{"@id":"https:\/\/www.teatrodomma.it\/#website"},"primaryImageOfPage":{"@id":"https:\/\/www.teatrodomma.it\/?p=3840#primaryimage"},"image":{"@id":"https:\/\/www.teatrodomma.it\/?p=3840#primaryimage"},"thumbnailUrl":"https:\/\/www.teatrodomma.it\/wp-content\/uploads\/2021\/03\/Teatro1-scaled-e1615283167581.jpg","datePublished":"2021-03-09T09:48:56+00:00","breadcrumb":{"@id":"https:\/\/www.teatrodomma.it\/?p=3840#breadcrumb"},"inLanguage":"it-IT","potentialAction":[{"@type":"ReadAction","target":["https:\/\/www.teatrodomma.it\/?p=3840"]}]},{"@type":"ImageObject","inLanguage":"it-IT","@id":"https:\/\/www.teatrodomma.it\/?p=3840#primaryimage","url":"https:\/\/www.teatrodomma.it\/wp-content\/uploads\/2021\/03\/Teatro1-scaled-e1615283167581.jpg","contentUrl":"https:\/\/www.teatrodomma.it\/wp-content\/uploads\/2021\/03\/Teatro1-scaled-e1615283167581.jpg","width":900,"height":563},{"@type":"BreadcrumbList","@id":"https:\/\/www.teatrodomma.it\/?p=3840#breadcrumb","itemListElement":[{"@type":"ListItem","position":1,"name":"Home","item":"https:\/\/www.teatrodomma.it\/"},{"@type":"ListItem","position":2,"name":"Restiamo ancora in standby"}]},{"@type":"WebSite","@id":"https:\/\/www.teatrodomma.it\/#website","url":"https:\/\/www.teatrodomma.it\/","name":"Teatro Domma","description":"","publisher":{"@id":"https:\/\/www.teatrodomma.it\/#organization"},"potentialAction":[{"@type":"SearchAction","target":{"@type":"EntryPoint","urlTemplate":"https:\/\/www.teatrodomma.it\/?s={search_term_string}"},"query-input":{"@type":"PropertyValueSpecification","valueRequired":true,"valueName":"search_term_string"}}],"inLanguage":"it-IT"},{"@type":"Organization","@id":"https:\/\/www.teatrodomma.it\/#organization","name":"Teatro Domma","url":"https:\/\/www.teatrodomma.it\/","logo":{"@type":"ImageObject","inLanguage":"it-IT","@id":"https:\/\/www.teatrodomma.it\/#\/schema\/logo\/image\/","url":"https:\/\/www.teatrodomma.it\/wp-content\/uploads\/2025\/01\/LOGOICON-edited-2.png","contentUrl":"https:\/\/www.teatrodomma.it\/wp-content\/uploads\/2025\/01\/LOGOICON-edited-2.png","width":510,"height":287,"caption":"Teatro Domma"},"image":{"@id":"https:\/\/www.teatrodomma.it\/#\/schema\/logo\/image\/"},"sameAs":["https:\/\/www.facebook.com\/p\/Teatro-Domma-61556981831878\/?locale=it_IT","https:\/\/www.instagram.com\/teatro_domma\/"]},{"@type":"Person","@id":"https:\/\/www.teatrodomma.it\/#\/schema\/person\/8a1f09bf4c695307c8aef38d93aa0e84","name":"Margherita De Donato","image":{"@type":"ImageObject","inLanguage":"it-IT","@id":"https:\/\/www.teatrodomma.it\/#\/schema\/person\/image\/","url":"https:\/\/secure.gravatar.com\/avatar\/0fbebb2201a984022de9f07361f7fe88cb7fcefd6be5e33abf5559102ec20088?s=96&d=mm&r=g","contentUrl":"https:\/\/secure.gravatar.com\/avatar\/0fbebb2201a984022de9f07361f7fe88cb7fcefd6be5e33abf5559102ec20088?s=96&d=mm&r=g","caption":"Margherita De Donato"},"url":"https:\/\/www.teatrodomma.it\/?author=3"}]}},"_links":{"self":[{"href":"https:\/\/www.teatrodomma.it\/index.php?rest_route=\/wp\/v2\/posts\/3840","targetHints":{"allow":["GET"]}}],"collection":[{"href":"https:\/\/www.teatrodomma.it\/index.php?rest_route=\/wp\/v2\/posts"}],"about":[{"href":"https:\/\/www.teatrodomma.it\/index.php?rest_route=\/wp\/v2\/types\/post"}],"author":[{"embeddable":true,"href":"https:\/\/www.teatrodomma.it\/index.php?rest_route=\/wp\/v2\/users\/3"}],"replies":[{"embeddable":true,"href":"https:\/\/www.teatrodomma.it\/index.php?rest_route=%2Fwp%2Fv2%2Fcomments&post=3840"}],"version-history":[{"count":0,"href":"https:\/\/www.teatrodomma.it\/index.php?rest_route=\/wp\/v2\/posts\/3840\/revisions"}],"wp:featuredmedia":[{"embeddable":true,"href":"https:\/\/www.teatrodomma.it\/index.php?rest_route=\/wp\/v2\/media\/3849"}],"wp:attachment":[{"href":"https:\/\/www.teatrodomma.it\/index.php?rest_route=%2Fwp%2Fv2%2Fmedia&parent=3840"}],"wp:term":[{"taxonomy":"category","embeddable":true,"href":"https:\/\/www.teatrodomma.it\/index.php?rest_route=%2Fwp%2Fv2%2Fcategories&post=3840"},{"taxonomy":"post_tag","embeddable":true,"href":"https:\/\/www.teatrodomma.it\/index.php?rest_route=%2Fwp%2Fv2%2Ftags&post=3840"}],"curies":[{"name":"wp","href":"https:\/\/api.w.org\/{rel}","templated":true}]}}