{"id":4091,"date":"2021-03-29T00:00:00","date_gmt":"2021-03-28T22:00:00","guid":{"rendered":"https:\/\/www.teatrodomma.it\/?p=4091"},"modified":"2021-03-29T00:00:00","modified_gmt":"2021-03-28T22:00:00","slug":"laura-e-la-fabbrica-di-stelle","status":"publish","type":"post","link":"https:\/\/www.teatrodomma.it\/?p=4091","title":{"rendered":"Laura e &#8220;La fabbrica di stelle&#8221;"},"content":{"rendered":"\n<p class=\"has-background-dark-background-color has-background\"><em>Congratulazioni a <a href=\"https:\/\/www.teatrodomma.it\/blog\/interviste\/quattro-chiacchiere-con-laura-adriani\/\">Laura Adriani<\/a>, insegnante di recitazione della <a href=\"https:\/\/www.teatrodomma.it\/blog\/compagni-di-scena\/al-via-i-corsi-della-cds-musical-academy\/\" target=\"_blank\" rel=\"noreferrer noopener\">CdS Academy<\/a>, che ha preso parte al quarto episodio (dal titolo &#8220;La fabbrica delle stelle&#8221;) della fiction <strong>&#8220;M\u00e0kari&#8221;<\/strong><\/em>.<\/p>\n\n\n\n<p>Si tratta di un progetto prodotto da Palomar in collaborazione con Rai Fiction , di cui <strong>luned\u00ec 29 marzo<\/strong>\u00a0andr\u00e0 in onda l\u2019ultimo episodio. <strong>La fiction mette in scena i racconti di\u00a0Gaetano Savatteri<\/strong>,<strong>\u00a0<\/strong>editi da Sellerio Editore, <strong>ed \u00e8 diretta dal regista\u00a0Michele Soav<\/strong>i\u00a0(<em>La guerra \u00e8 finita<\/em>). <\/p>\n\n\n\n<p>Nell\u2019ultima puntata vediamo il protagonista, lo scrittore e investigatore\u00a0Saverio Lamanna\u00a0(interpretato dall\u2019attore palermitano\u00a0<strong>Claudio Gio\u00e8<\/strong>) fare da\u00a0press agent\u00a0alla giovane\u00a0Gea De Simone\u00a0(appunto <strong>Laura Adriani<\/strong>) in occasione di un festival di paese. La verit\u00e0, per\u00f2, \u00e8 che l\u2019incarico nasconde un secondo fine: proteggere la donna dal suo fidanzato violento. <\/p>\n\n\n\n<p><em>Non vi anticipiamo altro: buona visione!<\/em><\/p>\n\n\n\n<p class=\"has-text-align-center has-background-dark-background-color has-background\"><strong>SHOWREEL DEI PRINCIPALI FILM INTERPRETATI DA LAURA ADRIANI<\/strong><\/p>\n\n\n\n<figure class=\"wp-block-embed is-type-video is-provider-youtube wp-block-embed-youtube wp-embed-aspect-16-9 wp-has-aspect-ratio\"><div class=\"wp-block-embed__wrapper\">\n<iframe loading=\"lazy\" title=\"Showreel Laura Adriani\" width=\"720\" height=\"405\" src=\"https:\/\/www.youtube.com\/embed\/R51Wv3OjXzQ?feature=oembed\" frameborder=\"0\" allow=\"accelerometer; autoplay; clipboard-write; encrypted-media; gyroscope; picture-in-picture; web-share\" referrerpolicy=\"strict-origin-when-cross-origin\" allowfullscreen><\/iframe>\n<\/div><\/figure>\n\n\n\n<p class=\"has-text-align-center\"><strong>Qui di seguito alcune sue videointerviste<\/strong>:<\/p>\n\n\n\n<p class=\"has-text-align-center\"><strong><a rel=\"noreferrer noopener\" href=\"https:\/\/www.youtube.com\/watch?v=mf9zMTcfb6g\" target=\"_blank\">Mediatime\u00a0<\/a><\/strong>(2016)<strong>;\u00a0<a rel=\"noreferrer noopener\" href=\"https:\/\/www.youtube.com\/watch?v=lXNedwBvaUk\" target=\"_blank\">Closer<\/a>\u00a0<\/strong>(2017)<strong>;\u00a0<a rel=\"noreferrer noopener\" href=\"https:\/\/www.youtube.com\/watch?v=hI40or56lRk\" target=\"_blank\">TalkMagazine<\/a>\u00a0<\/strong>(2018); <strong> <a rel=\"noreferrer noopener\" href=\"https:\/\/www.tvblog.it\/video\/che-dio-ci-aiuti-5-laura-adriani-a-blogo\" target=\"_blank\">Blogo<\/a><\/strong>\u00a0, <strong><a href=\"https:\/\/www.elle.com\/it\/magazine\/interviste\/a26270352\/laura-adriani-cinema\/\">Elle<\/a><\/strong> (2019)<\/p>\n\n\n\n<p class=\"has-text-align-center has-background-dark-background-color has-background\"><strong>SEGUI LAURA SUI SOCIAL<\/strong>: <a href=\"https:\/\/www.instagram.com\/lauraadriani\/?hl=it\" target=\"_blank\" rel=\"noreferrer noopener\">Instagram<\/a> &#8211; <a href=\"https:\/\/www.facebook.com\/people\/Laura-Adriani\/100050394193898\/\" target=\"_blank\" rel=\"noreferrer noopener\">Facebook<\/a> <\/p>\n","protected":false},"excerpt":{"rendered":"<p>Congratulazioni a Laura Adriani, insegnante di recitazione della CdS Academy, che ha preso parte al quarto episodio (dal titolo &#8220;La fabbrica delle stelle&#8221;) della fiction &#8220;M\u00e0kari&#8221;. Si tratta di un progetto prodotto da Palomar in collaborazione con Rai Fiction , di cui luned\u00ec 29 marzo\u00a0andr\u00e0 in onda l\u2019ultimo episodio. La fiction mette in scena i [&hellip;]<\/p>\n","protected":false},"author":3,"featured_media":868,"comment_status":"closed","ping_status":"open","sticky":false,"template":"","format":"standard","meta":{"saved_in_kubio":false,"footnotes":""},"categories":[23,33],"tags":[54,216,56],"class_list":{"0":"post-4091","1":"post","2":"type-post","3":"status-publish","4":"format-standard","5":"has-post-thumbnail","6":"hentry","7":"category-articoli-vari","8":"category-compagni-di-scena","9":"tag-attrice","10":"tag-fiction-makari","11":"tag-laura-adriani","13":"post-with-thumbnail","14":"post-with-thumbnail-large"},"yoast_head":"<!-- This site is optimized with the Yoast SEO plugin v25.8 - https:\/\/yoast.com\/wordpress\/plugins\/seo\/ -->\n<title>Laura e &quot;La fabbrica di stelle&quot; - Teatro Domma<\/title>\n<meta name=\"robots\" content=\"index, follow, max-snippet:-1, max-image-preview:large, max-video-preview:-1\" \/>\n<link rel=\"canonical\" href=\"https:\/\/www.teatrodomma.it\/?p=4091\" \/>\n<meta property=\"og:locale\" content=\"it_IT\" \/>\n<meta property=\"og:type\" content=\"article\" \/>\n<meta property=\"og:title\" content=\"Laura e &quot;La fabbrica di stelle&quot; - Teatro Domma\" \/>\n<meta property=\"og:description\" content=\"Congratulazioni a Laura Adriani, insegnante di recitazione della CdS Academy, che ha preso parte al quarto episodio (dal titolo &#8220;La fabbrica delle stelle&#8221;) della fiction &#8220;M\u00e0kari&#8221;. Si tratta di un progetto prodotto da Palomar in collaborazione con Rai Fiction , di cui luned\u00ec 29 marzo\u00a0andr\u00e0 in onda l\u2019ultimo episodio. La fiction mette in scena i [&hellip;]\" \/>\n<meta property=\"og:url\" content=\"https:\/\/www.teatrodomma.it\/?p=4091\" \/>\n<meta property=\"og:site_name\" content=\"Teatro Domma\" \/>\n<meta property=\"article:publisher\" content=\"https:\/\/www.facebook.com\/p\/Teatro-Domma-61556981831878\/?locale=it_IT\" \/>\n<meta property=\"article:published_time\" content=\"2021-03-28T22:00:00+00:00\" \/>\n<meta property=\"og:image\" content=\"https:\/\/www.teatrodomma.it\/wp-content\/uploads\/2020\/05\/laura-adriani-attrice-3-e1616859570949.jpg\" \/>\n\t<meta property=\"og:image:width\" content=\"900\" \/>\n\t<meta property=\"og:image:height\" content=\"600\" \/>\n\t<meta property=\"og:image:type\" content=\"image\/jpeg\" \/>\n<meta name=\"author\" content=\"Margherita De Donato\" \/>\n<meta name=\"twitter:card\" content=\"summary_large_image\" \/>\n<meta name=\"twitter:label1\" content=\"Scritto da\" \/>\n\t<meta name=\"twitter:data1\" content=\"Margherita De Donato\" \/>\n\t<meta name=\"twitter:label2\" content=\"Tempo di lettura stimato\" \/>\n\t<meta name=\"twitter:data2\" content=\"1 minuto\" \/>\n<script type=\"application\/ld+json\" class=\"yoast-schema-graph\">{\"@context\":\"https:\/\/schema.org\",\"@graph\":[{\"@type\":\"Article\",\"@id\":\"https:\/\/www.teatrodomma.it\/?p=4091#article\",\"isPartOf\":{\"@id\":\"https:\/\/www.teatrodomma.it\/?p=4091\"},\"author\":{\"name\":\"Margherita De Donato\",\"@id\":\"https:\/\/www.teatrodomma.it\/#\/schema\/person\/8a1f09bf4c695307c8aef38d93aa0e84\"},\"headline\":\"Laura e &#8220;La fabbrica di stelle&#8221;\",\"datePublished\":\"2021-03-28T22:00:00+00:00\",\"mainEntityOfPage\":{\"@id\":\"https:\/\/www.teatrodomma.it\/?p=4091\"},\"wordCount\":174,\"publisher\":{\"@id\":\"https:\/\/www.teatrodomma.it\/#organization\"},\"image\":{\"@id\":\"https:\/\/www.teatrodomma.it\/?p=4091#primaryimage\"},\"thumbnailUrl\":\"https:\/\/www.teatrodomma.it\/wp-content\/uploads\/2020\/05\/laura-adriani-attrice-3-e1616859570949.jpg\",\"keywords\":[\"attrice\",\"fiction Makari\",\"Laura Adriani\"],\"articleSection\":[\"Articoli vari\",\"Compagni di Scena\"],\"inLanguage\":\"it-IT\"},{\"@type\":\"WebPage\",\"@id\":\"https:\/\/www.teatrodomma.it\/?p=4091\",\"url\":\"https:\/\/www.teatrodomma.it\/?p=4091\",\"name\":\"Laura e \\\"La fabbrica di stelle\\\" - Teatro Domma\",\"isPartOf\":{\"@id\":\"https:\/\/www.teatrodomma.it\/#website\"},\"primaryImageOfPage\":{\"@id\":\"https:\/\/www.teatrodomma.it\/?p=4091#primaryimage\"},\"image\":{\"@id\":\"https:\/\/www.teatrodomma.it\/?p=4091#primaryimage\"},\"thumbnailUrl\":\"https:\/\/www.teatrodomma.it\/wp-content\/uploads\/2020\/05\/laura-adriani-attrice-3-e1616859570949.jpg\",\"datePublished\":\"2021-03-28T22:00:00+00:00\",\"breadcrumb\":{\"@id\":\"https:\/\/www.teatrodomma.it\/?p=4091#breadcrumb\"},\"inLanguage\":\"it-IT\",\"potentialAction\":[{\"@type\":\"ReadAction\",\"target\":[\"https:\/\/www.teatrodomma.it\/?p=4091\"]}]},{\"@type\":\"ImageObject\",\"inLanguage\":\"it-IT\",\"@id\":\"https:\/\/www.teatrodomma.it\/?p=4091#primaryimage\",\"url\":\"https:\/\/www.teatrodomma.it\/wp-content\/uploads\/2020\/05\/laura-adriani-attrice-3-e1616859570949.jpg\",\"contentUrl\":\"https:\/\/www.teatrodomma.it\/wp-content\/uploads\/2020\/05\/laura-adriani-attrice-3-e1616859570949.jpg\",\"width\":900,\"height\":600},{\"@type\":\"BreadcrumbList\",\"@id\":\"https:\/\/www.teatrodomma.it\/?p=4091#breadcrumb\",\"itemListElement\":[{\"@type\":\"ListItem\",\"position\":1,\"name\":\"Home\",\"item\":\"https:\/\/www.teatrodomma.it\/\"},{\"@type\":\"ListItem\",\"position\":2,\"name\":\"Laura e &#8220;La fabbrica di stelle&#8221;\"}]},{\"@type\":\"WebSite\",\"@id\":\"https:\/\/www.teatrodomma.it\/#website\",\"url\":\"https:\/\/www.teatrodomma.it\/\",\"name\":\"Teatro Domma\",\"description\":\"\",\"publisher\":{\"@id\":\"https:\/\/www.teatrodomma.it\/#organization\"},\"potentialAction\":[{\"@type\":\"SearchAction\",\"target\":{\"@type\":\"EntryPoint\",\"urlTemplate\":\"https:\/\/www.teatrodomma.it\/?s={search_term_string}\"},\"query-input\":{\"@type\":\"PropertyValueSpecification\",\"valueRequired\":true,\"valueName\":\"search_term_string\"}}],\"inLanguage\":\"it-IT\"},{\"@type\":\"Organization\",\"@id\":\"https:\/\/www.teatrodomma.it\/#organization\",\"name\":\"Teatro Domma\",\"url\":\"https:\/\/www.teatrodomma.it\/\",\"logo\":{\"@type\":\"ImageObject\",\"inLanguage\":\"it-IT\",\"@id\":\"https:\/\/www.teatrodomma.it\/#\/schema\/logo\/image\/\",\"url\":\"https:\/\/www.teatrodomma.it\/wp-content\/uploads\/2025\/01\/LOGOICON-edited-2.png\",\"contentUrl\":\"https:\/\/www.teatrodomma.it\/wp-content\/uploads\/2025\/01\/LOGOICON-edited-2.png\",\"width\":510,\"height\":287,\"caption\":\"Teatro Domma\"},\"image\":{\"@id\":\"https:\/\/www.teatrodomma.it\/#\/schema\/logo\/image\/\"},\"sameAs\":[\"https:\/\/www.facebook.com\/p\/Teatro-Domma-61556981831878\/?locale=it_IT\",\"https:\/\/www.instagram.com\/teatro_domma\/\"]},{\"@type\":\"Person\",\"@id\":\"https:\/\/www.teatrodomma.it\/#\/schema\/person\/8a1f09bf4c695307c8aef38d93aa0e84\",\"name\":\"Margherita De Donato\",\"image\":{\"@type\":\"ImageObject\",\"inLanguage\":\"it-IT\",\"@id\":\"https:\/\/www.teatrodomma.it\/#\/schema\/person\/image\/\",\"url\":\"https:\/\/secure.gravatar.com\/avatar\/0fbebb2201a984022de9f07361f7fe88cb7fcefd6be5e33abf5559102ec20088?s=96&d=mm&r=g\",\"contentUrl\":\"https:\/\/secure.gravatar.com\/avatar\/0fbebb2201a984022de9f07361f7fe88cb7fcefd6be5e33abf5559102ec20088?s=96&d=mm&r=g\",\"caption\":\"Margherita De Donato\"},\"url\":\"https:\/\/www.teatrodomma.it\/?author=3\"}]}<\/script>\n<!-- \/ Yoast SEO plugin. -->","yoast_head_json":{"title":"Laura e \"La fabbrica di stelle\" - Teatro Domma","robots":{"index":"index","follow":"follow","max-snippet":"max-snippet:-1","max-image-preview":"max-image-preview:large","max-video-preview":"max-video-preview:-1"},"canonical":"https:\/\/www.teatrodomma.it\/?p=4091","og_locale":"it_IT","og_type":"article","og_title":"Laura e \"La fabbrica di stelle\" - Teatro Domma","og_description":"Congratulazioni a Laura Adriani, insegnante di recitazione della CdS Academy, che ha preso parte al quarto episodio (dal titolo &#8220;La fabbrica delle stelle&#8221;) della fiction &#8220;M\u00e0kari&#8221;. Si tratta di un progetto prodotto da Palomar in collaborazione con Rai Fiction , di cui luned\u00ec 29 marzo\u00a0andr\u00e0 in onda l\u2019ultimo episodio. La fiction mette in scena i [&hellip;]","og_url":"https:\/\/www.teatrodomma.it\/?p=4091","og_site_name":"Teatro Domma","article_publisher":"https:\/\/www.facebook.com\/p\/Teatro-Domma-61556981831878\/?locale=it_IT","article_published_time":"2021-03-28T22:00:00+00:00","og_image":[{"width":900,"height":600,"url":"https:\/\/www.teatrodomma.it\/wp-content\/uploads\/2020\/05\/laura-adriani-attrice-3-e1616859570949.jpg","type":"image\/jpeg"}],"author":"Margherita De Donato","twitter_card":"summary_large_image","twitter_misc":{"Scritto da":"Margherita De Donato","Tempo di lettura stimato":"1 minuto"},"schema":{"@context":"https:\/\/schema.org","@graph":[{"@type":"Article","@id":"https:\/\/www.teatrodomma.it\/?p=4091#article","isPartOf":{"@id":"https:\/\/www.teatrodomma.it\/?p=4091"},"author":{"name":"Margherita De Donato","@id":"https:\/\/www.teatrodomma.it\/#\/schema\/person\/8a1f09bf4c695307c8aef38d93aa0e84"},"headline":"Laura e &#8220;La fabbrica di stelle&#8221;","datePublished":"2021-03-28T22:00:00+00:00","mainEntityOfPage":{"@id":"https:\/\/www.teatrodomma.it\/?p=4091"},"wordCount":174,"publisher":{"@id":"https:\/\/www.teatrodomma.it\/#organization"},"image":{"@id":"https:\/\/www.teatrodomma.it\/?p=4091#primaryimage"},"thumbnailUrl":"https:\/\/www.teatrodomma.it\/wp-content\/uploads\/2020\/05\/laura-adriani-attrice-3-e1616859570949.jpg","keywords":["attrice","fiction Makari","Laura Adriani"],"articleSection":["Articoli vari","Compagni di Scena"],"inLanguage":"it-IT"},{"@type":"WebPage","@id":"https:\/\/www.teatrodomma.it\/?p=4091","url":"https:\/\/www.teatrodomma.it\/?p=4091","name":"Laura e \"La fabbrica di stelle\" - Teatro Domma","isPartOf":{"@id":"https:\/\/www.teatrodomma.it\/#website"},"primaryImageOfPage":{"@id":"https:\/\/www.teatrodomma.it\/?p=4091#primaryimage"},"image":{"@id":"https:\/\/www.teatrodomma.it\/?p=4091#primaryimage"},"thumbnailUrl":"https:\/\/www.teatrodomma.it\/wp-content\/uploads\/2020\/05\/laura-adriani-attrice-3-e1616859570949.jpg","datePublished":"2021-03-28T22:00:00+00:00","breadcrumb":{"@id":"https:\/\/www.teatrodomma.it\/?p=4091#breadcrumb"},"inLanguage":"it-IT","potentialAction":[{"@type":"ReadAction","target":["https:\/\/www.teatrodomma.it\/?p=4091"]}]},{"@type":"ImageObject","inLanguage":"it-IT","@id":"https:\/\/www.teatrodomma.it\/?p=4091#primaryimage","url":"https:\/\/www.teatrodomma.it\/wp-content\/uploads\/2020\/05\/laura-adriani-attrice-3-e1616859570949.jpg","contentUrl":"https:\/\/www.teatrodomma.it\/wp-content\/uploads\/2020\/05\/laura-adriani-attrice-3-e1616859570949.jpg","width":900,"height":600},{"@type":"BreadcrumbList","@id":"https:\/\/www.teatrodomma.it\/?p=4091#breadcrumb","itemListElement":[{"@type":"ListItem","position":1,"name":"Home","item":"https:\/\/www.teatrodomma.it\/"},{"@type":"ListItem","position":2,"name":"Laura e &#8220;La fabbrica di stelle&#8221;"}]},{"@type":"WebSite","@id":"https:\/\/www.teatrodomma.it\/#website","url":"https:\/\/www.teatrodomma.it\/","name":"Teatro Domma","description":"","publisher":{"@id":"https:\/\/www.teatrodomma.it\/#organization"},"potentialAction":[{"@type":"SearchAction","target":{"@type":"EntryPoint","urlTemplate":"https:\/\/www.teatrodomma.it\/?s={search_term_string}"},"query-input":{"@type":"PropertyValueSpecification","valueRequired":true,"valueName":"search_term_string"}}],"inLanguage":"it-IT"},{"@type":"Organization","@id":"https:\/\/www.teatrodomma.it\/#organization","name":"Teatro Domma","url":"https:\/\/www.teatrodomma.it\/","logo":{"@type":"ImageObject","inLanguage":"it-IT","@id":"https:\/\/www.teatrodomma.it\/#\/schema\/logo\/image\/","url":"https:\/\/www.teatrodomma.it\/wp-content\/uploads\/2025\/01\/LOGOICON-edited-2.png","contentUrl":"https:\/\/www.teatrodomma.it\/wp-content\/uploads\/2025\/01\/LOGOICON-edited-2.png","width":510,"height":287,"caption":"Teatro Domma"},"image":{"@id":"https:\/\/www.teatrodomma.it\/#\/schema\/logo\/image\/"},"sameAs":["https:\/\/www.facebook.com\/p\/Teatro-Domma-61556981831878\/?locale=it_IT","https:\/\/www.instagram.com\/teatro_domma\/"]},{"@type":"Person","@id":"https:\/\/www.teatrodomma.it\/#\/schema\/person\/8a1f09bf4c695307c8aef38d93aa0e84","name":"Margherita De Donato","image":{"@type":"ImageObject","inLanguage":"it-IT","@id":"https:\/\/www.teatrodomma.it\/#\/schema\/person\/image\/","url":"https:\/\/secure.gravatar.com\/avatar\/0fbebb2201a984022de9f07361f7fe88cb7fcefd6be5e33abf5559102ec20088?s=96&d=mm&r=g","contentUrl":"https:\/\/secure.gravatar.com\/avatar\/0fbebb2201a984022de9f07361f7fe88cb7fcefd6be5e33abf5559102ec20088?s=96&d=mm&r=g","caption":"Margherita De Donato"},"url":"https:\/\/www.teatrodomma.it\/?author=3"}]}},"_links":{"self":[{"href":"https:\/\/www.teatrodomma.it\/index.php?rest_route=\/wp\/v2\/posts\/4091","targetHints":{"allow":["GET"]}}],"collection":[{"href":"https:\/\/www.teatrodomma.it\/index.php?rest_route=\/wp\/v2\/posts"}],"about":[{"href":"https:\/\/www.teatrodomma.it\/index.php?rest_route=\/wp\/v2\/types\/post"}],"author":[{"embeddable":true,"href":"https:\/\/www.teatrodomma.it\/index.php?rest_route=\/wp\/v2\/users\/3"}],"replies":[{"embeddable":true,"href":"https:\/\/www.teatrodomma.it\/index.php?rest_route=%2Fwp%2Fv2%2Fcomments&post=4091"}],"version-history":[{"count":0,"href":"https:\/\/www.teatrodomma.it\/index.php?rest_route=\/wp\/v2\/posts\/4091\/revisions"}],"wp:featuredmedia":[{"embeddable":true,"href":"https:\/\/www.teatrodomma.it\/index.php?rest_route=\/wp\/v2\/media\/868"}],"wp:attachment":[{"href":"https:\/\/www.teatrodomma.it\/index.php?rest_route=%2Fwp%2Fv2%2Fmedia&parent=4091"}],"wp:term":[{"taxonomy":"category","embeddable":true,"href":"https:\/\/www.teatrodomma.it\/index.php?rest_route=%2Fwp%2Fv2%2Fcategories&post=4091"},{"taxonomy":"post_tag","embeddable":true,"href":"https:\/\/www.teatrodomma.it\/index.php?rest_route=%2Fwp%2Fv2%2Ftags&post=4091"}],"curies":[{"name":"wp","href":"https:\/\/api.w.org\/{rel}","templated":true}]}}