{"id":4342,"date":"2021-11-03T19:00:12","date_gmt":"2021-11-03T18:00:12","guid":{"rendered":"https:\/\/www.teatrodomma.it\/?p=4342"},"modified":"2021-11-03T19:00:12","modified_gmt":"2021-11-03T18:00:12","slug":"a-teatro-in-radio-o-in-tv-con-matteo-montalto","status":"publish","type":"post","link":"https:\/\/www.teatrodomma.it\/?p=4342","title":{"rendered":"A teatro, in radio o in TV con &#8230;Matteo Montalto"},"content":{"rendered":"\n<p class=\"has-background-dark-background-color has-background\"><em>Prossimo a calcare il palco del <a href=\"https:\/\/www.ilsistina.it\/calendario\/stagione-2021-2022\/\" target=\"_blank\" rel=\"noreferrer noopener\">Teatro Sistina<\/a> con il ruolo di Serenante in &#8220;Rugantino&#8221;<\/em>,<em> incontriamo un attore che si divide tra teatro e tv, ma quando non \u00e8 sul palcoscenico o sui set, coltiva un altro interesse, la radio.<\/em> <em>Attualmente fa <em>anche<\/em><\/em> <em>parte del corpo docente della <a href=\"https:\/\/www.cdsacademy.it\/chi-siamo\/\" target=\"_blank\" rel=\"noreferrer noopener\">CdS Academy<\/a><\/em>,<em> in cui insegna canto alla <a href=\"https:\/\/www.cdsacademy.it\/musical-academy-corsi\/#young\" target=\"_blank\" rel=\"noreferrer noopener\">fascia Teen ed Adulti<\/a>. <\/em><\/p>\n\n\n\n<p><a href=\"https:\/\/www.iammanagement.it\/model\/matteo-mn\/\" target=\"_blank\" rel=\"noreferrer noopener\">MATTEO MONTALTO<\/a>  (nato a Roma il 26\/01\/1984) \u00e8 un cantante, attore e speaker radiofonico. <strong>Si \u00e8 formato presso la<\/strong> <strong>Libera Accademia dello Spettacolo<\/strong>, diretta da <em>S. Smorfa<\/em>, approfondendo dal 2005 lo studio della recitazione con insegnanti del calibro di <em>Ennio Coltorti,<a href=\"https:\/\/it.wikipedia.org\/wiki\/Paola_Gassman\" target=\"_blank\" rel=\"noreferrer noopener\"> Paola Gassman<\/a> e <a href=\"https:\/\/it.wikipedia.org\/wiki\/Paolo_Ferrari_(attore)\" target=\"_blank\" rel=\"noreferrer noopener\">Paolo Ferrari<\/a> <\/em>e del canto lirico e leggero, avendo come maestri <em>Tania di Giorgio, <a href=\"http:\/\/www.professionevoce.it\/Insegnanti_Ospiti.asp?id_dettaglio=7\" target=\"_blank\" rel=\"noreferrer noopener\">Gabriella Scalise<\/a>, <\/em><a href=\"https:\/\/www.accademiartisti.com\/maria-grazia-fontana-da-vocal-coach-di-tale-e-quale-show-a-docente-di-accademia-artisti\/\" target=\"_blank\" rel=\"noreferrer noopener\"><em>M.G. Fontana<\/em><\/a> <em>, E. Vianello<\/em>, <em>F. Angotti<\/em> e <em>Jana Mrazova<\/em>. <strong>Ha frequentato stage di &#8220;Schermo\/Scena&#8221;<\/strong>, <strong>di<\/strong> <strong>recitazione cinematografica e teatrale<\/strong> a cura di <em>E.Coltorti<\/em> <strong>e<\/strong> <strong>scherma teatrale<\/strong> con <em>Virgilio Ponti<\/em>.<\/p>\n\n\n\n<div class=\"wp-block-image is-style-default\"><figure class=\"alignright size-large is-resized\"><img loading=\"lazy\" decoding=\"async\" src=\"http:\/\/test.teatrodomma.it\/wp-content\/uploads\/2021\/11\/CdS-Academy_canto_Matteo-Montalto_4-1024x1024.jpg\" alt=\"\" class=\"wp-image-4385\" width=\"540\" height=\"540\" srcset=\"https:\/\/www.teatrodomma.it\/wp-content\/uploads\/2021\/11\/CdS-Academy_canto_Matteo-Montalto_4-1024x1024.jpg 1024w, https:\/\/www.teatrodomma.it\/wp-content\/uploads\/2021\/11\/CdS-Academy_canto_Matteo-Montalto_4-300x300.jpg 300w, https:\/\/www.teatrodomma.it\/wp-content\/uploads\/2021\/11\/CdS-Academy_canto_Matteo-Montalto_4-150x150.jpg 150w, https:\/\/www.teatrodomma.it\/wp-content\/uploads\/2021\/11\/CdS-Academy_canto_Matteo-Montalto_4-768x768.jpg 768w, https:\/\/www.teatrodomma.it\/wp-content\/uploads\/2021\/11\/CdS-Academy_canto_Matteo-Montalto_4-200x200.jpg 200w, https:\/\/www.teatrodomma.it\/wp-content\/uploads\/2021\/11\/CdS-Academy_canto_Matteo-Montalto_4-1080x1080.jpg 1080w, https:\/\/www.teatrodomma.it\/wp-content\/uploads\/2021\/11\/CdS-Academy_canto_Matteo-Montalto_4-144x144.jpg 144w, https:\/\/www.teatrodomma.it\/wp-content\/uploads\/2021\/11\/CdS-Academy_canto_Matteo-Montalto_4.jpg 1333w\" sizes=\"(max-width: 540px) 100vw, 540px\" \/><\/figure><\/div>\n\n\n\n<p>Ripercorrendo alcune sue esperienze lavorative in teatro, scopriamo che <strong>tra il 2011<\/strong> <strong>ed il 2013<\/strong> \u00e8 andato in scena con ruoli da cantante-attore in commedie musicali, quali <strong>&#8220;Come se rideva &#8216;na vorta&#8221;<\/strong> e <strong>&#8220;Chi troppo vuole nulla stringe&#8221;<\/strong>, entrambe al Teatro dei Satiri, per la regia di <a href=\"https:\/\/www.instagram.com\/p\/B1vzfa-hm2-\/\" target=\"_blank\" rel=\"noreferrer noopener\">A. Alfieri<\/a>. <strong>Nel 2013<\/strong>, sempre con la compagnia di Alfiero Alfieri, <a href=\"https:\/\/www.instagram.com\/p\/BnWWSebHIRz\/\" target=\"_blank\" rel=\"noreferrer noopener\">ha interpretato<em><strong> <\/strong>Titta<\/em> <em>(Ricciotto)<\/em> <\/a>nella commedia musicale <strong>&#8220;Er Marchese del Grillo&#8221;<\/strong>. <strong>Nel 2014<\/strong> \u00e8 stato l\u2019<em>Ufficiale<\/em> ne <strong>&#8220;La Tosca&#8221; <\/strong>al Teatro Greco di Roma con la regia originale di Luigi Magni riprodotta da R. Greco.<\/p>\n\n\n\n<p><strong>Nel 2013<\/strong> \u00e8 protagonista nel ruolo del <em>Tenore<\/em><strong> <\/strong>per lo <strong>spot &#8216;Nissan&#8217;.<\/strong><\/p>\n\n\n\n<p>Diretto dal regista G. Nicoletti, prima canta e recita (ha il ruolo dell&#8217;<em>Arbitro<\/em>) nel musical <strong>&#8220;Ultima mossa, Chess il musical&#8221;<\/strong>,&nbsp;con le musiche degli Abba (<strong>2014<\/strong>), poi \u00e8 nel cast della commedia <strong>&#8220;Festa della repubblica&#8221;<\/strong> (<strong>2014-2015<\/strong>) e quindi interpreta <a href=\"https:\/\/www.instagram.com\/p\/B5xHJBrBOGI\/\" target=\"_blank\" rel=\"noreferrer noopener\"><em>Sergio (Egisto<\/em>)<\/a> nella pi\u00e8ce <strong>&#8220;Torre Elettra&#8221;<\/strong> (<strong>2017<\/strong>) tratta dall\u2019Elettra di Eschilo, ambedue in scena al Teatro Brancaccino di Roma.<\/p>\n\n\n\n<p><strong>Nel 2015<\/strong> ha interpretato il ruolo del <a href=\"https:\/\/www.instagram.com\/p\/BzA2WlMhA3i\/\" target=\"_blank\" rel=\"noreferrer noopener\"><em>Serenante<\/em> nella commedia musicale <strong>&#8220;Il Conte Tacchia&#8221;<\/strong><\/a> con M. Mattioli, per la regia e le coreografie di <a href=\"https:\/\/www.instagram.com\/p\/CDgP-k2h1T2\/\" target=\"_blank\" rel=\"noreferrer noopener\">G. Landi<\/a> al Teatro Brancaccio di Roma. <strong>Nel 2016<\/strong>, al Teatro Tirso De Molina \u00e8 tra i protagonisti de <strong>&#8220;Il Marchesino del Grillo&#8221;<\/strong> con la regia di P. Romano.<\/p>\n\n\n\n<p>Nell\u2019edizione <strong>2017<\/strong> \u00e8 ospite in qualit\u00e0 di cantante e attore all\u2019 <strong><em>&#8220;Art Festival&#8221;<\/em><\/strong> di Spoleto.<\/p>\n\n\n\n<p><strong>Tra il 2018 ed il 2020<\/strong> veste ancora i panni del <a href=\"https:\/\/www.instagram.com\/p\/Bu3Q_CHhWqf\/\" target=\"_blank\" rel=\"noreferrer noopener\"><strong><em>Serenante<\/em><\/strong> <strong>in \u201cRugantino\u201d<\/strong> <\/a>al Teatro Sistina di Roma con la messa in scena di M.R. Piparo e le coreografie di R. Croce, recitando al fianco di <a href=\"https:\/\/www.instagram.com\/p\/BuWCRU5hV_K\/\" target=\"_blank\" rel=\"noreferrer noopener\">Enrico Montesano<\/a> ,  <a href=\"https:\/\/www.instagram.com\/p\/BrLfyIlhI9Z\/\" target=\"_blank\" rel=\"noreferrer noopener\">Serena Autieri<\/a>, <a href=\"https:\/\/www.instagram.com\/p\/BtZa5_zhHhk\/\" target=\"_blank\" rel=\"noreferrer noopener\">Edy Angelillo ed Antonello Fassari<\/a>.  Prossimamente, nello stesso ruolo, affiancher\u00e0 di nuovo S. Autieri nelle vesti di Rosetta, ma stavolta <a href=\"http:\/\/rugantino.ilsistina.it\/locandina\/\" target=\"_blank\" rel=\"noreferrer noopener\">Rugantino<\/a> sar\u00e0 <a href=\"https:\/\/www.teatrodomma.it\/blog\/amici-del-teatro\/michele-la-ginestra\/\" target=\"_blank\" rel=\"noreferrer noopener\">Michele La Ginestra<\/a>.<\/p>\n\n\n\n<p><strong>Nel 2020<\/strong> \u00e8 voce solista nella<strong>&nbsp;<\/strong>commedia musicale di L. Tani <strong>&#8220;Quando c&#8217;era Nerone&#8221;<\/strong>, regia di F. Bellomo.<\/p>\n\n\n\n<p><strong>PER LA TELEVISIONE<\/strong> <strong>nel 2018<\/strong> \u00e8 tra gli attori protagonisti delle fiction di <a href=\"https:\/\/www.instagram.com\/p\/B52kTZeBMxk\/\" target=\"_blank\" rel=\"noreferrer noopener\"><strong><em>&#8220;Stanotte a Pompei<\/em><\/strong>&#8220;<\/a>, trasmissione condotta da Alberto Angela, con Giancarlo Giannini, in onda in prima serata su Rai 1 per la regia di G. Cipollitti e partecipa in qualit\u00e0 di<a href=\"https:\/\/www.instagram.com\/p\/BwwPD1LBG_i\/\" target=\"_blank\" rel=\"noreferrer noopener\"> attore al programma <strong><em>&#8220;Sereno variabile&#8221;<\/em><\/strong><\/a> condotto da Osvaldo Bevilacqua su Rai 2. <strong>Nel 2019-2020<\/strong>, vestendo i panni di <em><a href=\"https:\/\/www.instagram.com\/p\/B96wpLCheyR\/\" target=\"_blank\" rel=\"noreferrer noopener\">Mauro Cardone<\/a><\/em>, entra a far parte del cast della storica soap italiana <strong><em><a href=\"https:\/\/www.raiplay.it\/programmi\/unpostoalsole\" target=\"_blank\" rel=\"noreferrer noopener\">&#8220;Un posto al sole&#8221;<\/a><\/em><\/strong> , che il 21 ottobre 2021 ha festeggiato 25 anni dalla sua prima messa in onda.  Attualmente, diretto da F. Bellomo, sta lavorando al film <em><strong><a href=\"https:\/\/www.filmitalia.org\/it\/film\/153795\/\" target=\"_blank\" rel=\"noreferrer noopener\">&#8220;Non tutto \u00e8 perduto&#8221;<\/a><\/strong><\/em> nel ruolo del Comandante Marchesi. Ha curato i testi di <strong><em><a href=\"https:\/\/www.instagram.com\/p\/CVn2j2mLObA\/\" target=\"_blank\" rel=\"noreferrer noopener\">&#8220;Invisible Cities &#8211; History Experience&#8221;<\/a><\/em><\/strong>, progetto in cui si pu\u00f2 viaggiare nel passato ed ammirare le bellezze della Roma di 2000 anni fa, grazie ad un innovativo Virtuale Bus.<\/p>\n\n\n\n<p><strong><a href=\"https:\/\/www.instagram.com\/p\/B4C6KuPBupx\/\" target=\"_blank\" rel=\"noreferrer noopener\">COME ATTORE COMICO<\/a><\/strong> lo ricordiamo con il <a href=\"https:\/\/www.youtube.com\/watch?v=nYRIdhAE-jU\" target=\"_blank\" rel=\"noreferrer noopener\">&#8216;Trio d&#8217;Italia&#8217;<\/a> nel cast della settima edizione di <strong><em><a href=\"https:\/\/www.youtube.com\/watch?v=DtT9mDXUPxc\" target=\"_blank\" rel=\"noreferrer noopener\">\u201cMade in Sud\u201d<\/a><\/em><\/strong> &#8211; in onda su Rai2 <strong>nel 2016<\/strong> &#8211; dopo aver partecipato alla trasmissione <em><strong>\u201cil Boss dei Comici<\/strong><\/em>\u201d- in onda su La7 <strong>nel 2015<\/strong>&#8211; ed ancora prima alla serie tv <strong><em>\u201cSogno comico\u201d<\/em><\/strong> in onda su Sky <strong>nel 2008<\/strong>.<\/p>\n\n\n\n<p><strong>COME SPEAKER RADIOFONICO<\/strong> <strong>nel 2017<\/strong> \u00e8 ospite fisso della trasmissione <strong><em>&#8220;Baldini a 90&#8242; &#8221; <\/em><\/strong>condotta da Marco Baldini su TMW RADIO; <strong>nel 2018-2019<\/strong> ha condotto &#8211; prima con <a href=\"https:\/\/www.instagram.com\/p\/BkjkxczHwwp\/\" target=\"_blank\" rel=\"noreferrer noopener\">Marco Baldini<\/a> e poi con il giornalista sportivo L. De Carlo e col Trio d\u2019Italia &#8211; la trasmissione <em><strong><a href=\"https:\/\/www.instagram.com\/p\/Bi6ASaPH1DT\/\" target=\"_blank\" rel=\"noreferrer noopener\">\u201cTeste di calcio\u201d<\/a><\/strong><\/em>, in onda tutti i giorni su Radio Montecarlo Sport, essendone anche l&#8217;autore dei testi e delle parodie musicali . In occasione dei <strong>mondiali del 2018<\/strong> scrive e interpreta le parodie musicali nel programma <strong><em>&#8220;Bonjour Bonjour&#8221;<\/em><\/strong>, il morning show di Radio Montecarlo. <strong>Nel 2019-2020<\/strong> vanta una collaborazione come speaker e cantante nel programma radiofonico <strong><em><a href=\"https:\/\/www.instagram.com\/p\/CCdKlAxBoH4\/\" target=\"_blank\" rel=\"noreferrer noopener\">&#8220;Gli inascoltabili&#8221;<\/a><\/em><\/strong> <a href=\"https:\/\/www.instagram.com\/p\/BtBYPbvho3d\/\" target=\"_blank\" rel=\"noreferrer noopener\">su Radio Italia Anni &#8217;60<\/a> e poi <a href=\"https:\/\/www.instagram.com\/p\/B_j2-QhBnUN\/\" target=\"_blank\" rel=\"noreferrer noopener\">su NSL Radio<\/a>.<\/p>\n\n\n\n<p><strong>PREMI RICEVUTI:<\/strong> <strong>nel 2008<\/strong> \u00e8 il <a href=\"https:\/\/www.instagram.com\/p\/B4ADQnyBej4\/\" target=\"_blank\" rel=\"noreferrer noopener\">secondo classificato al <strong>Festival &#8220;Adriatica Cabaret<\/strong>&#8220;<\/a> e, sempre nello stesso anno, si classifica secondo e vince il <em><strong>premio<\/strong><\/em> <strong><em>\u2018News e Spettacolo\u2019<\/em><\/strong> al &#8220;<strong>Festival Nazionale del Cabaret<\/strong>&#8220;. <strong>Nel 2013<\/strong> si <a href=\"https:\/\/www.youtube.com\/watch?v=Y_QqC67D2GM\" target=\"_blank\" rel=\"noreferrer noopener\">classifica terzo con il brano &#8220;Caruso&#8221;<\/a> (Lucio Dalla), aggiudicandosi il <strong><em>premio della \u2018Giuria Popolare\u2019 <\/em><\/strong>, al concorso canoro nazionale &#8220;<strong>Voice On&#8221;<\/strong>, trasmesso su Rai Music.<\/p>\n\n\n\n<figure class=\"wp-block-embed is-type-video is-provider-youtube wp-block-embed-youtube wp-embed-aspect-16-9 wp-has-aspect-ratio\"><div class=\"wp-block-embed__wrapper\">\n<iframe loading=\"lazy\" title=\"Matteo Montalto SHOWREEL ACTOR\" width=\"720\" height=\"405\" src=\"https:\/\/www.youtube.com\/embed\/K0OFpLpBEMc?feature=oembed\" frameborder=\"0\" allow=\"accelerometer; autoplay; clipboard-write; encrypted-media; gyroscope; picture-in-picture; web-share\" referrerpolicy=\"strict-origin-when-cross-origin\" allowfullscreen><\/iframe>\n<\/div><\/figure>\n\n\n\n<p class=\"has-text-align-center\"><strong>E&#8217; presente sui social:<\/strong> <a href=\"https:\/\/www.facebook.com\/matteo.montalto.1\" target=\"_blank\" rel=\"noreferrer noopener\">Facebook<\/a> , <a href=\"https:\/\/www.instagram.com\/matteo.montalto.1\/?hl=it\" target=\"_blank\" rel=\"noreferrer noopener\">Instagram<\/a> <\/p>\n\n\n\n<p class=\"has-text-align-left\"><strong>Ecco l&#8217;intervista che ci ha rilasciato&#8230;<\/strong><\/p>\n\n\n\n<p class=\"has-background-dark-background-color has-background\"><strong><em>Dopo lo stop forzato a causa del lockdown tornerai in scena con lo spettacolo &#8220;Rugantino&#8221;. Cosa provi a far parte di una rappresentazione cos\u00ec amata dal pubblico accanto a grandi nomi come il protagonista <a href=\"https:\/\/www.youtube.com\/watch?v=NVIblGTn0Pc\" target=\"_blank\" rel=\"noreferrer noopener\">Michele La Ginestra e <strong><em>Serena Autieri<\/em><\/strong><\/a>? Qual \u00e8 la cosa che ti piace di pi\u00f9 di questo lavoro teatrale?<\/em><\/strong><\/p>\n\n\n\n<div class=\"wp-block-image\"><figure class=\"alignleft size-large is-resized\"><img loading=\"lazy\" decoding=\"async\" src=\"http:\/\/test.teatrodomma.it\/wp-content\/uploads\/2021\/11\/CdS-Academy_canto_Matteo-Montalto_2-1024x1024.jpg\" alt=\"\" class=\"wp-image-4383\" width=\"500\" height=\"500\" srcset=\"https:\/\/www.teatrodomma.it\/wp-content\/uploads\/2021\/11\/CdS-Academy_canto_Matteo-Montalto_2-1024x1024.jpg 1024w, https:\/\/www.teatrodomma.it\/wp-content\/uploads\/2021\/11\/CdS-Academy_canto_Matteo-Montalto_2-300x300.jpg 300w, https:\/\/www.teatrodomma.it\/wp-content\/uploads\/2021\/11\/CdS-Academy_canto_Matteo-Montalto_2-150x150.jpg 150w, https:\/\/www.teatrodomma.it\/wp-content\/uploads\/2021\/11\/CdS-Academy_canto_Matteo-Montalto_2-768x768.jpg 768w, https:\/\/www.teatrodomma.it\/wp-content\/uploads\/2021\/11\/CdS-Academy_canto_Matteo-Montalto_2-200x200.jpg 200w, https:\/\/www.teatrodomma.it\/wp-content\/uploads\/2021\/11\/CdS-Academy_canto_Matteo-Montalto_2-144x144.jpg 144w, https:\/\/www.teatrodomma.it\/wp-content\/uploads\/2021\/11\/CdS-Academy_canto_Matteo-Montalto_2.jpg 1068w\" sizes=\"(max-width: 500px) 100vw, 500px\" \/><\/figure><\/div>\n\n\n\n<p>Avere la possibilit\u00e0 di far parte di uno spettacolo storico come <strong><em><a href=\"https:\/\/it.wikipedia.org\/wiki\/Rugantino_(commedia_musicale)\" target=\"_blank\" rel=\"noreferrer noopener\">&#8220;Rugantino&#8221;<\/a><\/em><\/strong>, credo sia uno dei sogni pi\u00f9 ambiti da poter realizzare per un cantante e attore romano. Per me \u00e8 davvero un grande privilegio l&#8217;essere di nuovo nel cast di questo progetto (<em>ndr.<\/em> giunto alla sua nona edizione) e di avere la possibilit\u00e0 di condividere il palco con artisti di questo calibro. Sono onorato di poter <strong>interpretare il ruolo del<\/strong> <em><strong>Serenante<\/strong><\/em>, che in precedenza \u00e8 stato interpretato da vere e proprie icone della canzone romana, come <em>Lando Fiorini<\/em> e <em>Aldo Donat<\/em>i. Indossare i costumi e muoversi nelle scenografie originali realizzate da <em>Giulio Cortellacci<\/em>, poter <strong>cantare canzoni memorabili <\/strong>che hanno segnato la storia del teatro musicale &#8211; come <strong><em><a href=\"https:\/\/www.instagram.com\/p\/B9pRuNJhqtN\/\" target=\"_blank\" rel=\"noreferrer noopener\">\u2018Ciumachella de Trastevere\u2019<\/a><\/em> e <em><a href=\"https:\/\/www.instagram.com\/p\/B-UuD7Dh8Vk\/\" target=\"_blank\" rel=\"noreferrer noopener\">\u2018Tirollallero\u2019 <\/a><\/em><\/strong>del maestro <em>Armando Travajoli<\/em> &#8211; mi regala un senso di grande orgoglio e di grande responsabilit\u00e0 verso il pubblico, che ancora oggi, dopo 60 anni, continua ad affollare la platea dello storico Teatro Sistina e non smette di applaudire questo spettacolo straordinario.<\/p>\n\n\n\n<figure class=\"wp-block-embed is-type-video is-provider-youtube wp-block-embed-youtube wp-embed-aspect-16-9 wp-has-aspect-ratio\"><div class=\"wp-block-embed__wrapper\">\n<iframe loading=\"lazy\" title=\"#WeAreItaly  - Matteo Montalto - Osvaldo Di Dio\" width=\"720\" height=\"405\" src=\"https:\/\/www.youtube.com\/embed\/4uzGhWadgi8?feature=oembed\" frameborder=\"0\" allow=\"accelerometer; autoplay; clipboard-write; encrypted-media; gyroscope; picture-in-picture; web-share\" referrerpolicy=\"strict-origin-when-cross-origin\" allowfullscreen><\/iframe>\n<\/div><figcaption><a href=\"https:\/\/www.youtube.com\/watch?v=4uzGhWadgi8\" target=\"_blank\" rel=\"noreferrer noopener\">Matteo Montalto dedica un omaggio alla citt\u00e0 eterna con l\u2019intramontabile \u201cRoma nun fa la stupida stasera\u201d<\/a><\/figcaption><\/figure>\n\n\n\n<p class=\"has-background-dark-background-color has-background\"><strong><em>Ti abbiamo visto cantare, recitare, lavorare in radio&#8230;ma tra questi qual \u00e8 il tuo pi\u00f9 grande amore professionale?<\/em><\/strong><\/p>\n\n\n\n<p>Credo che il teatro, la musica, la tv e la radio siano tutti mezzi attraverso i quali un professionista possa esprimere la sua artisticit\u00e0. <strong>Ognuna di queste esperienze mi ha arricchito tanto e mi ha dato l\u2019opportunit\u00e0 di esprimermi in maniera sempre pi\u00f9\u2019 completa.<\/strong> Ho potuto, infatti, mettermi in gioco in ambiti diversi, che mi hanno permesso di ampliare le mie conoscenze e le mie competenze.<\/p>\n\n\n\n<p class=\"has-background-dark-background-color has-background\"><strong><em>Come e quando hai scoperto la tua passione per la recitazione?&nbsp;Quando hai vestito per la prima volta i panni di speaker radiofonico?<\/em><\/strong><\/p>\n\n\n\n<p>Da sempre ho provato una grande ammirazione per il palcoscenico. Ci\u00f2 mi ha <strong>dapprima avvicinato al mondo dell\u2019entertainment<\/strong> (con le primissime esperienze nei villaggi turistici) <strong>e subito dopo a quello del teatro e della musica<\/strong>. Da qui ho deciso di approfondire lo studio del canto e della recitazione e di iniziare la mia formazione artistica. Quindi ha avuto il via il mio percorso lavorativo, che ha toccato tante sfaccettature di questo mestiere come il <strong><em>teatro musicale, la prosa, il cabaret, la musica, l\u2019esperienza autorale, la tv e anche la radio<\/em>.<\/strong> Rispetto a quest\u2019ultima devo menzionare soprattutto l\u2019<strong>esperienza radiofonica di Radio Montecarlo Sport<\/strong>, dove insieme a <em>Marco Baldini <\/em>e a tanti altri colleghi e amici, ho avuto la possibilit\u00e0 di condurre un programma, di cui ero anche autore e grazie al quale ho scoperto l\u2019amore per la radio e quanto questo mezzo possa dare la possibilit\u00e0 ad un artista di esprimere le sue qualit\u00e0 e le sue capacit\u00e0.<\/p>\n\n\n\n<p class=\"has-background-dark-background-color has-background\"><em><strong>Parlaci della tua esperienza in TV: che effetto ti ha fatto entrare nel cast di &#8220;Un posto al sole&#8221;, la soap italiana pi\u00f9 longeva?<\/strong><\/em> <strong><em>Quali le differenze nella recitazione <\/em><\/strong><em><strong>teatrale e televisiva?<\/strong><\/em><\/p>\n\n\n\n<div class=\"wp-block-image is-style-default\"><figure class=\"alignright size-large is-resized\"><img loading=\"lazy\" decoding=\"async\" src=\"http:\/\/test.teatrodomma.it\/wp-content\/uploads\/2021\/11\/CdS-Academy_canto_Matteo-Montalto_3-1024x1024.jpg\" alt=\"\" class=\"wp-image-4384\" width=\"497\" height=\"497\" srcset=\"https:\/\/www.teatrodomma.it\/wp-content\/uploads\/2021\/11\/CdS-Academy_canto_Matteo-Montalto_3-1024x1024.jpg 1024w, https:\/\/www.teatrodomma.it\/wp-content\/uploads\/2021\/11\/CdS-Academy_canto_Matteo-Montalto_3-300x300.jpg 300w, https:\/\/www.teatrodomma.it\/wp-content\/uploads\/2021\/11\/CdS-Academy_canto_Matteo-Montalto_3-150x150.jpg 150w, https:\/\/www.teatrodomma.it\/wp-content\/uploads\/2021\/11\/CdS-Academy_canto_Matteo-Montalto_3-768x768.jpg 768w, https:\/\/www.teatrodomma.it\/wp-content\/uploads\/2021\/11\/CdS-Academy_canto_Matteo-Montalto_3-200x200.jpg 200w, https:\/\/www.teatrodomma.it\/wp-content\/uploads\/2021\/11\/CdS-Academy_canto_Matteo-Montalto_3-144x144.jpg 144w, https:\/\/www.teatrodomma.it\/wp-content\/uploads\/2021\/11\/CdS-Academy_canto_Matteo-Montalto_3.jpg 1066w\" sizes=\"(max-width: 497px) 100vw, 497px\" \/><figcaption>Matteo Montalto, alias Mauro Cardone, sul set della soap &#8220;Un posto al sole&#8221;<\/figcaption><\/figure><\/div>\n\n\n\n<p><strong>Le mie esperienze televisive passano dalla comicit\u00e0, ai programmi tv, fino ad arrivare alla nota soap <em><a href=\"https:\/\/it.wikipedia.org\/wiki\/Un_posto_al_sole_(soap_opera)\" target=\"_blank\" rel=\"noreferrer noopener\">&#8220;Un posto al sole&#8221;<\/a><\/em><\/strong>. E\u2019 stato davvero un grande privilegio farne parte, poich\u00e9 si tratta di un progetto che da tanti anni appassiona milioni di italiani. (<em>ndr. <\/em>va in onda dal 1996). Credo che la differenza tra recitare su un set o in teatro non sia poi cos\u00ec grande. <strong>Ora,<\/strong> <strong>soprattutto per quanto riguarda cinema e tv, c\u2019\u00e8 questa specie di <em>\u2018ossessione della verit\u00e0\u2019<\/em><\/strong>, che spesso porta ad un&#8217;esagerazione da una parte o dall\u2019altra. <strong>Bisognerebbe semplicemente trovare un equilibrio<\/strong>, visto che <strong>parliamo di due mezzi che vogliono spesso regalare un messaggio comune, ma lo fanno attraverso strumenti e possibilit\u00e0 differenti<\/strong>: uno con la performance dal vivo, mentre l\u2019altro -che passa attraverso lo schermo- richiede che l\u2019approccio attoriale sia a favore della camera. Ovviamente \u00e8 un argomento che andrebbe approfondito, ma <strong>credo vivamente che un bravo attore possa fare entrambe le cose senza problemi e senza dover essere etichettato come pi\u00f9 o meno adatto per l\u2019una o per l\u2019altra cosa.<\/strong><\/p>\n\n\n\n<figure class=\"wp-block-image size-large is-style-rounded\"><img loading=\"lazy\" decoding=\"async\" width=\"1024\" height=\"1024\" src=\"http:\/\/test.teatrodomma.it\/wp-content\/uploads\/2021\/11\/CdS-Academy_canto_Matteo-Montalto_5-1024x1024.jpg\" alt=\"\" class=\"wp-image-4414\" srcset=\"https:\/\/www.teatrodomma.it\/wp-content\/uploads\/2021\/11\/CdS-Academy_canto_Matteo-Montalto_5-1024x1024.jpg 1024w, https:\/\/www.teatrodomma.it\/wp-content\/uploads\/2021\/11\/CdS-Academy_canto_Matteo-Montalto_5-300x300.jpg 300w, https:\/\/www.teatrodomma.it\/wp-content\/uploads\/2021\/11\/CdS-Academy_canto_Matteo-Montalto_5-150x150.jpg 150w, https:\/\/www.teatrodomma.it\/wp-content\/uploads\/2021\/11\/CdS-Academy_canto_Matteo-Montalto_5-768x767.jpg 768w, https:\/\/www.teatrodomma.it\/wp-content\/uploads\/2021\/11\/CdS-Academy_canto_Matteo-Montalto_5-200x200.jpg 200w, https:\/\/www.teatrodomma.it\/wp-content\/uploads\/2021\/11\/CdS-Academy_canto_Matteo-Montalto_5-144x144.jpg 144w, https:\/\/www.teatrodomma.it\/wp-content\/uploads\/2021\/11\/CdS-Academy_canto_Matteo-Montalto_5.jpg 1080w\" sizes=\"(max-width: 1024px) 100vw, 1024px\" \/><\/figure>\n\n\n\n<p class=\"has-background-dark-background-color has-background\"><strong><em>Ora che ti abbiamo conosciuto pi\u00f9 da vicino professionalmente parlando, che ci sveli del privato di Matteo<\/em><\/strong>: <em><strong>carattere, hobby, sogni nel cassetto?<\/strong><\/em><\/p>\n\n\n\n<p><strong>Matteo \u00e8 una persona semplice che ama la sua <a href=\"https:\/\/www.instagram.com\/p\/BxsgiRWhvR2\/\" target=\"_blank\" rel=\"noreferrer noopener\">famiglia<\/a>, i suoi affetti, il suo mestiere e che cerca di migliorarsi ogni giorno nella vita e nel lavoro.<\/strong> <strong>Il sogno nel cassetto<\/strong>, visto il momento cos\u00ec difficile che il nostro settore sta vivendo,<strong> \u00e8 quello che ci sia davvero una ripartenza <\/strong>e che a questa corrisponda <strong>l\u2019inizio di tanti nuovi progetti da realizzare<\/strong>, per continuare ad emozionarmi e ad emozionare il pubblico che vorr\u00e0 seguirmi.<\/p>\n\n\n\n<p class=\"has-background-dark-background-color has-background\">GRAZIE MATTEO, TI FACCIAMO QUINDI UN GRANDE &#8220;IN BOCCA AL LUPO&#8221; PER UN AVVENIRE PIENO DI SODDISFAZIONI A TUTTO TONDO!<\/p>\n\n\n\n<p><em>Margherita De Donato<\/em><\/p>\n","protected":false},"excerpt":{"rendered":"<p>Prossimo a calcare il palco del Teatro Sistina con il ruolo di Serenante in &#8220;Rugantino&#8221;, incontriamo un attore che si divide tra teatro e tv, ma quando non \u00e8 sul palcoscenico o sui set, coltiva un altro interesse, la radio. Attualmente fa anche parte del corpo docente della CdS Academy, in cui insegna canto alla [&hellip;]<\/p>\n","protected":false},"author":3,"featured_media":4382,"comment_status":"closed","ping_status":"open","sticky":false,"template":"","format":"standard","meta":{"saved_in_kubio":false,"footnotes":""},"categories":[33,48],"tags":[49,43,218,12,219,220,221],"class_list":{"0":"post-4342","1":"post","2":"type-post","3":"status-publish","4":"format-standard","5":"has-post-thumbnail","6":"hentry","7":"category-compagni-di-scena","8":"category-interviste","9":"tag-cds-academy","10":"tag-compagni-di-scena","11":"tag-matteo-montalto","12":"tag-michele-la-ginestra","13":"tag-rugantino","14":"tag-serenante","15":"tag-teatro-sistina","17":"post-with-thumbnail","18":"post-with-thumbnail-large"},"yoast_head":"<!-- This site is optimized with the Yoast SEO plugin v25.8 - https:\/\/yoast.com\/wordpress\/plugins\/seo\/ -->\n<title>A teatro, in radio o in TV con ...Matteo Montalto - Teatro Domma<\/title>\n<meta name=\"robots\" content=\"index, follow, max-snippet:-1, max-image-preview:large, max-video-preview:-1\" \/>\n<link rel=\"canonical\" href=\"https:\/\/www.teatrodomma.it\/?p=4342\" \/>\n<meta property=\"og:locale\" content=\"it_IT\" \/>\n<meta property=\"og:type\" content=\"article\" \/>\n<meta property=\"og:title\" content=\"A teatro, in radio o in TV con ...Matteo Montalto - Teatro Domma\" \/>\n<meta property=\"og:description\" content=\"Prossimo a calcare il palco del Teatro Sistina con il ruolo di Serenante in &#8220;Rugantino&#8221;, incontriamo un attore che si divide tra teatro e tv, ma quando non \u00e8 sul palcoscenico o sui set, coltiva un altro interesse, la radio. Attualmente fa anche parte del corpo docente della CdS Academy, in cui insegna canto alla [&hellip;]\" \/>\n<meta property=\"og:url\" content=\"https:\/\/www.teatrodomma.it\/?p=4342\" \/>\n<meta property=\"og:site_name\" content=\"Teatro Domma\" \/>\n<meta property=\"article:publisher\" content=\"https:\/\/www.facebook.com\/p\/Teatro-Domma-61556981831878\/?locale=it_IT\" \/>\n<meta property=\"article:published_time\" content=\"2021-11-03T18:00:12+00:00\" \/>\n<meta property=\"og:image\" content=\"https:\/\/www.teatrodomma.it\/wp-content\/uploads\/2021\/11\/CdS-Academy_canto_Matteo-Montalto_1-1-e1635848650115.jpg\" \/>\n\t<meta property=\"og:image:width\" content=\"900\" \/>\n\t<meta property=\"og:image:height\" content=\"900\" \/>\n\t<meta property=\"og:image:type\" content=\"image\/jpeg\" \/>\n<meta name=\"author\" content=\"Margherita De Donato\" \/>\n<meta name=\"twitter:card\" content=\"summary_large_image\" \/>\n<meta name=\"twitter:label1\" content=\"Scritto da\" \/>\n\t<meta name=\"twitter:data1\" content=\"Margherita De Donato\" \/>\n\t<meta name=\"twitter:label2\" content=\"Tempo di lettura stimato\" \/>\n\t<meta name=\"twitter:data2\" content=\"9 minuti\" \/>\n<script type=\"application\/ld+json\" class=\"yoast-schema-graph\">{\"@context\":\"https:\/\/schema.org\",\"@graph\":[{\"@type\":\"Article\",\"@id\":\"https:\/\/www.teatrodomma.it\/?p=4342#article\",\"isPartOf\":{\"@id\":\"https:\/\/www.teatrodomma.it\/?p=4342\"},\"author\":{\"name\":\"Margherita De Donato\",\"@id\":\"https:\/\/www.teatrodomma.it\/#\/schema\/person\/8a1f09bf4c695307c8aef38d93aa0e84\"},\"headline\":\"A teatro, in radio o in TV con &#8230;Matteo Montalto\",\"datePublished\":\"2021-11-03T18:00:12+00:00\",\"mainEntityOfPage\":{\"@id\":\"https:\/\/www.teatrodomma.it\/?p=4342\"},\"wordCount\":1686,\"publisher\":{\"@id\":\"https:\/\/www.teatrodomma.it\/#organization\"},\"image\":{\"@id\":\"https:\/\/www.teatrodomma.it\/?p=4342#primaryimage\"},\"thumbnailUrl\":\"https:\/\/www.teatrodomma.it\/wp-content\/uploads\/2021\/11\/CdS-Academy_canto_Matteo-Montalto_1-1-e1635848650115.jpg\",\"keywords\":[\"Cds Academy\",\"Compagni di Scena\",\"Matteo Montalto\",\"Michele La Ginestra\",\"Rugantino\",\"Serenante\",\"Teatro Sistina\"],\"articleSection\":[\"Compagni di Scena\",\"Interviste\"],\"inLanguage\":\"it-IT\"},{\"@type\":\"WebPage\",\"@id\":\"https:\/\/www.teatrodomma.it\/?p=4342\",\"url\":\"https:\/\/www.teatrodomma.it\/?p=4342\",\"name\":\"A teatro, in radio o in TV con ...Matteo Montalto - Teatro Domma\",\"isPartOf\":{\"@id\":\"https:\/\/www.teatrodomma.it\/#website\"},\"primaryImageOfPage\":{\"@id\":\"https:\/\/www.teatrodomma.it\/?p=4342#primaryimage\"},\"image\":{\"@id\":\"https:\/\/www.teatrodomma.it\/?p=4342#primaryimage\"},\"thumbnailUrl\":\"https:\/\/www.teatrodomma.it\/wp-content\/uploads\/2021\/11\/CdS-Academy_canto_Matteo-Montalto_1-1-e1635848650115.jpg\",\"datePublished\":\"2021-11-03T18:00:12+00:00\",\"breadcrumb\":{\"@id\":\"https:\/\/www.teatrodomma.it\/?p=4342#breadcrumb\"},\"inLanguage\":\"it-IT\",\"potentialAction\":[{\"@type\":\"ReadAction\",\"target\":[\"https:\/\/www.teatrodomma.it\/?p=4342\"]}]},{\"@type\":\"ImageObject\",\"inLanguage\":\"it-IT\",\"@id\":\"https:\/\/www.teatrodomma.it\/?p=4342#primaryimage\",\"url\":\"https:\/\/www.teatrodomma.it\/wp-content\/uploads\/2021\/11\/CdS-Academy_canto_Matteo-Montalto_1-1-e1635848650115.jpg\",\"contentUrl\":\"https:\/\/www.teatrodomma.it\/wp-content\/uploads\/2021\/11\/CdS-Academy_canto_Matteo-Montalto_1-1-e1635848650115.jpg\",\"width\":900,\"height\":900},{\"@type\":\"BreadcrumbList\",\"@id\":\"https:\/\/www.teatrodomma.it\/?p=4342#breadcrumb\",\"itemListElement\":[{\"@type\":\"ListItem\",\"position\":1,\"name\":\"Home\",\"item\":\"https:\/\/www.teatrodomma.it\/\"},{\"@type\":\"ListItem\",\"position\":2,\"name\":\"A teatro, in radio o in TV con &#8230;Matteo Montalto\"}]},{\"@type\":\"WebSite\",\"@id\":\"https:\/\/www.teatrodomma.it\/#website\",\"url\":\"https:\/\/www.teatrodomma.it\/\",\"name\":\"Teatro Domma\",\"description\":\"\",\"publisher\":{\"@id\":\"https:\/\/www.teatrodomma.it\/#organization\"},\"potentialAction\":[{\"@type\":\"SearchAction\",\"target\":{\"@type\":\"EntryPoint\",\"urlTemplate\":\"https:\/\/www.teatrodomma.it\/?s={search_term_string}\"},\"query-input\":{\"@type\":\"PropertyValueSpecification\",\"valueRequired\":true,\"valueName\":\"search_term_string\"}}],\"inLanguage\":\"it-IT\"},{\"@type\":\"Organization\",\"@id\":\"https:\/\/www.teatrodomma.it\/#organization\",\"name\":\"Teatro Domma\",\"url\":\"https:\/\/www.teatrodomma.it\/\",\"logo\":{\"@type\":\"ImageObject\",\"inLanguage\":\"it-IT\",\"@id\":\"https:\/\/www.teatrodomma.it\/#\/schema\/logo\/image\/\",\"url\":\"https:\/\/www.teatrodomma.it\/wp-content\/uploads\/2025\/01\/LOGOICON-edited-2.png\",\"contentUrl\":\"https:\/\/www.teatrodomma.it\/wp-content\/uploads\/2025\/01\/LOGOICON-edited-2.png\",\"width\":510,\"height\":287,\"caption\":\"Teatro Domma\"},\"image\":{\"@id\":\"https:\/\/www.teatrodomma.it\/#\/schema\/logo\/image\/\"},\"sameAs\":[\"https:\/\/www.facebook.com\/p\/Teatro-Domma-61556981831878\/?locale=it_IT\",\"https:\/\/www.instagram.com\/teatro_domma\/\"]},{\"@type\":\"Person\",\"@id\":\"https:\/\/www.teatrodomma.it\/#\/schema\/person\/8a1f09bf4c695307c8aef38d93aa0e84\",\"name\":\"Margherita De Donato\",\"image\":{\"@type\":\"ImageObject\",\"inLanguage\":\"it-IT\",\"@id\":\"https:\/\/www.teatrodomma.it\/#\/schema\/person\/image\/\",\"url\":\"https:\/\/secure.gravatar.com\/avatar\/0fbebb2201a984022de9f07361f7fe88cb7fcefd6be5e33abf5559102ec20088?s=96&d=mm&r=g\",\"contentUrl\":\"https:\/\/secure.gravatar.com\/avatar\/0fbebb2201a984022de9f07361f7fe88cb7fcefd6be5e33abf5559102ec20088?s=96&d=mm&r=g\",\"caption\":\"Margherita De Donato\"},\"url\":\"https:\/\/www.teatrodomma.it\/?author=3\"}]}<\/script>\n<!-- \/ Yoast SEO plugin. -->","yoast_head_json":{"title":"A teatro, in radio o in TV con ...Matteo Montalto - Teatro Domma","robots":{"index":"index","follow":"follow","max-snippet":"max-snippet:-1","max-image-preview":"max-image-preview:large","max-video-preview":"max-video-preview:-1"},"canonical":"https:\/\/www.teatrodomma.it\/?p=4342","og_locale":"it_IT","og_type":"article","og_title":"A teatro, in radio o in TV con ...Matteo Montalto - Teatro Domma","og_description":"Prossimo a calcare il palco del Teatro Sistina con il ruolo di Serenante in &#8220;Rugantino&#8221;, incontriamo un attore che si divide tra teatro e tv, ma quando non \u00e8 sul palcoscenico o sui set, coltiva un altro interesse, la radio. Attualmente fa anche parte del corpo docente della CdS Academy, in cui insegna canto alla [&hellip;]","og_url":"https:\/\/www.teatrodomma.it\/?p=4342","og_site_name":"Teatro Domma","article_publisher":"https:\/\/www.facebook.com\/p\/Teatro-Domma-61556981831878\/?locale=it_IT","article_published_time":"2021-11-03T18:00:12+00:00","og_image":[{"width":900,"height":900,"url":"https:\/\/www.teatrodomma.it\/wp-content\/uploads\/2021\/11\/CdS-Academy_canto_Matteo-Montalto_1-1-e1635848650115.jpg","type":"image\/jpeg"}],"author":"Margherita De Donato","twitter_card":"summary_large_image","twitter_misc":{"Scritto da":"Margherita De Donato","Tempo di lettura stimato":"9 minuti"},"schema":{"@context":"https:\/\/schema.org","@graph":[{"@type":"Article","@id":"https:\/\/www.teatrodomma.it\/?p=4342#article","isPartOf":{"@id":"https:\/\/www.teatrodomma.it\/?p=4342"},"author":{"name":"Margherita De Donato","@id":"https:\/\/www.teatrodomma.it\/#\/schema\/person\/8a1f09bf4c695307c8aef38d93aa0e84"},"headline":"A teatro, in radio o in TV con &#8230;Matteo Montalto","datePublished":"2021-11-03T18:00:12+00:00","mainEntityOfPage":{"@id":"https:\/\/www.teatrodomma.it\/?p=4342"},"wordCount":1686,"publisher":{"@id":"https:\/\/www.teatrodomma.it\/#organization"},"image":{"@id":"https:\/\/www.teatrodomma.it\/?p=4342#primaryimage"},"thumbnailUrl":"https:\/\/www.teatrodomma.it\/wp-content\/uploads\/2021\/11\/CdS-Academy_canto_Matteo-Montalto_1-1-e1635848650115.jpg","keywords":["Cds Academy","Compagni di Scena","Matteo Montalto","Michele La Ginestra","Rugantino","Serenante","Teatro Sistina"],"articleSection":["Compagni di Scena","Interviste"],"inLanguage":"it-IT"},{"@type":"WebPage","@id":"https:\/\/www.teatrodomma.it\/?p=4342","url":"https:\/\/www.teatrodomma.it\/?p=4342","name":"A teatro, in radio o in TV con ...Matteo Montalto - Teatro Domma","isPartOf":{"@id":"https:\/\/www.teatrodomma.it\/#website"},"primaryImageOfPage":{"@id":"https:\/\/www.teatrodomma.it\/?p=4342#primaryimage"},"image":{"@id":"https:\/\/www.teatrodomma.it\/?p=4342#primaryimage"},"thumbnailUrl":"https:\/\/www.teatrodomma.it\/wp-content\/uploads\/2021\/11\/CdS-Academy_canto_Matteo-Montalto_1-1-e1635848650115.jpg","datePublished":"2021-11-03T18:00:12+00:00","breadcrumb":{"@id":"https:\/\/www.teatrodomma.it\/?p=4342#breadcrumb"},"inLanguage":"it-IT","potentialAction":[{"@type":"ReadAction","target":["https:\/\/www.teatrodomma.it\/?p=4342"]}]},{"@type":"ImageObject","inLanguage":"it-IT","@id":"https:\/\/www.teatrodomma.it\/?p=4342#primaryimage","url":"https:\/\/www.teatrodomma.it\/wp-content\/uploads\/2021\/11\/CdS-Academy_canto_Matteo-Montalto_1-1-e1635848650115.jpg","contentUrl":"https:\/\/www.teatrodomma.it\/wp-content\/uploads\/2021\/11\/CdS-Academy_canto_Matteo-Montalto_1-1-e1635848650115.jpg","width":900,"height":900},{"@type":"BreadcrumbList","@id":"https:\/\/www.teatrodomma.it\/?p=4342#breadcrumb","itemListElement":[{"@type":"ListItem","position":1,"name":"Home","item":"https:\/\/www.teatrodomma.it\/"},{"@type":"ListItem","position":2,"name":"A teatro, in radio o in TV con &#8230;Matteo Montalto"}]},{"@type":"WebSite","@id":"https:\/\/www.teatrodomma.it\/#website","url":"https:\/\/www.teatrodomma.it\/","name":"Teatro Domma","description":"","publisher":{"@id":"https:\/\/www.teatrodomma.it\/#organization"},"potentialAction":[{"@type":"SearchAction","target":{"@type":"EntryPoint","urlTemplate":"https:\/\/www.teatrodomma.it\/?s={search_term_string}"},"query-input":{"@type":"PropertyValueSpecification","valueRequired":true,"valueName":"search_term_string"}}],"inLanguage":"it-IT"},{"@type":"Organization","@id":"https:\/\/www.teatrodomma.it\/#organization","name":"Teatro Domma","url":"https:\/\/www.teatrodomma.it\/","logo":{"@type":"ImageObject","inLanguage":"it-IT","@id":"https:\/\/www.teatrodomma.it\/#\/schema\/logo\/image\/","url":"https:\/\/www.teatrodomma.it\/wp-content\/uploads\/2025\/01\/LOGOICON-edited-2.png","contentUrl":"https:\/\/www.teatrodomma.it\/wp-content\/uploads\/2025\/01\/LOGOICON-edited-2.png","width":510,"height":287,"caption":"Teatro Domma"},"image":{"@id":"https:\/\/www.teatrodomma.it\/#\/schema\/logo\/image\/"},"sameAs":["https:\/\/www.facebook.com\/p\/Teatro-Domma-61556981831878\/?locale=it_IT","https:\/\/www.instagram.com\/teatro_domma\/"]},{"@type":"Person","@id":"https:\/\/www.teatrodomma.it\/#\/schema\/person\/8a1f09bf4c695307c8aef38d93aa0e84","name":"Margherita De Donato","image":{"@type":"ImageObject","inLanguage":"it-IT","@id":"https:\/\/www.teatrodomma.it\/#\/schema\/person\/image\/","url":"https:\/\/secure.gravatar.com\/avatar\/0fbebb2201a984022de9f07361f7fe88cb7fcefd6be5e33abf5559102ec20088?s=96&d=mm&r=g","contentUrl":"https:\/\/secure.gravatar.com\/avatar\/0fbebb2201a984022de9f07361f7fe88cb7fcefd6be5e33abf5559102ec20088?s=96&d=mm&r=g","caption":"Margherita De Donato"},"url":"https:\/\/www.teatrodomma.it\/?author=3"}]}},"_links":{"self":[{"href":"https:\/\/www.teatrodomma.it\/index.php?rest_route=\/wp\/v2\/posts\/4342","targetHints":{"allow":["GET"]}}],"collection":[{"href":"https:\/\/www.teatrodomma.it\/index.php?rest_route=\/wp\/v2\/posts"}],"about":[{"href":"https:\/\/www.teatrodomma.it\/index.php?rest_route=\/wp\/v2\/types\/post"}],"author":[{"embeddable":true,"href":"https:\/\/www.teatrodomma.it\/index.php?rest_route=\/wp\/v2\/users\/3"}],"replies":[{"embeddable":true,"href":"https:\/\/www.teatrodomma.it\/index.php?rest_route=%2Fwp%2Fv2%2Fcomments&post=4342"}],"version-history":[{"count":0,"href":"https:\/\/www.teatrodomma.it\/index.php?rest_route=\/wp\/v2\/posts\/4342\/revisions"}],"wp:featuredmedia":[{"embeddable":true,"href":"https:\/\/www.teatrodomma.it\/index.php?rest_route=\/wp\/v2\/media\/4382"}],"wp:attachment":[{"href":"https:\/\/www.teatrodomma.it\/index.php?rest_route=%2Fwp%2Fv2%2Fmedia&parent=4342"}],"wp:term":[{"taxonomy":"category","embeddable":true,"href":"https:\/\/www.teatrodomma.it\/index.php?rest_route=%2Fwp%2Fv2%2Fcategories&post=4342"},{"taxonomy":"post_tag","embeddable":true,"href":"https:\/\/www.teatrodomma.it\/index.php?rest_route=%2Fwp%2Fv2%2Ftags&post=4342"}],"curies":[{"name":"wp","href":"https:\/\/api.w.org\/{rel}","templated":true}]}}