{"id":4483,"date":"2022-03-02T00:00:00","date_gmt":"2022-03-01T23:00:00","guid":{"rendered":"https:\/\/www.teatrodomma.it\/?p=4483"},"modified":"2025-03-18T11:43:15","modified_gmt":"2025-03-18T10:43:15","slug":"danzando-ma-non-solo-con-saria-cipollitti","status":"publish","type":"post","link":"https:\/\/www.teatrodomma.it\/?p=4483","title":{"rendered":"Danzando, ma non solo, con&#8230;Saria Cipollitti"},"content":{"rendered":"\n<p class=\"has-background-dark-background-color has-background\"><em>Danzatrice, performer, regista<\/em> <em>multimediale<\/em> <em>di progetti divulgativi e<\/em> <em>di video-clip musicali<\/em>. <em>In quest&#8217;anno accademico \u00e8 <em>entrata<\/em><\/em> <em>a far parte del corpo insegnante della CdS Academy. Vi presentiamo una figlia d&#8217;arte<\/em> <em>dalle mille<\/em> <em>sfaccettature&#8230;<\/em><\/p>\n\n\n\n<p><a href=\"https:\/\/www.youtube.com\/channel\/UCMGuQJM1mryMXGNsidp96IQ\/videos?view=0&amp;sort=da\" target=\"_blank\" rel=\"noreferrer noopener\">SARIA CIPOLLITTI<\/a> (Roma, 15\/04\/1989) <strong>inizia all\u2019et\u00e0 di 6 anni a ballare<\/strong>, formandosi presso l&#8217;<strong>Accademia Nazionale di Danza di Roma<\/strong>. Ha lavorato nelle maggiori produzioni del musical italiano: <strong>nel 2011<\/strong> in <strong><em>\u201cSecret of Sea\u201d<\/em><\/strong> a Doha in Qatar con la regia di <a href=\"http:\/\/www.ginolandi.it\/\" target=\"_blank\" rel=\"noreferrer noopener\">Gino Landi<\/a>; <strong>nel 2015 \u00e8 nel corpo di ballo<\/strong> dello spettacolo <strong><em>\u201cIl Conte Tacchia\u201d<\/em><\/strong>, in scena <strong>al Teatro Brancaccio di Roma<\/strong> per la regia e le coreografie di G. Landi; <strong>nel 2016-2017<\/strong> lavora come danzatrice nella commedia musicale <a href=\"https:\/\/www.youtube.com\/watch?v=n9G3uqGLgZU\" target=\"_blank\" rel=\"noreferrer noopener\"><strong><em>\u201cIl Marchese del Grillo\u201d<\/em><\/strong> <\/a> (regia M. R. Piparo e coreografe di R. Croce); <strong>nel 2017<\/strong> in <em><strong>\u201cFebbre da cavallo<\/strong><\/em>\u201d <strong>al Teatro Sistina di Roma<\/strong> (regia di Claudio Insegno, coreografie di S. Bontempi e direzione artistica di Enrico Brignano) ed in <strong><em>\u201cJesus Christ Superstar\u201d<\/em><\/strong> <a href=\"https:\/\/www.instagram.com\/p\/BT8nbjejjLp\/\" target=\"_blank\" rel=\"noreferrer noopener\">con Ted Neeley <\/a>(regia M. R. Piparo e coreografie R. Croce); <strong>nel 2018<\/strong> nel <strong><em><a href=\"https:\/\/www.instagram.com\/p\/Bf8PM1nDIpc\/\" target=\"_blank\" rel=\"noreferrer noopener\">\u201cConte Tacchia\u201d<\/a><\/em><\/strong> (regia Massimo Piparo e coreografie di M. Casalino) <strong>ha il ruolo della regina Elena<\/strong> <strong>al fianco di Enrico Montesano al <a href=\"https:\/\/www.instagram.com\/p\/BfeGZzbDJpC\/\" target=\"_blank\" rel=\"noreferrer noopener\">Teatro Sistina di Roma<\/a><\/strong> e in tourn\u00e9e nazionale;  <strong>nel 2018-2019<\/strong> <a href=\"https:\/\/www.instagram.com\/p\/Br5BAqSBEuG\/\" target=\"_blank\" rel=\"noreferrer noopener\"><strong><em>\u201cDirty Dancing, the classic story on stage\u201d<\/em><\/strong> <\/a><strong>nel ruolo di Penny Johnson<\/strong>, per la regia Federico Bellone e coreografie di G. Bruce. <\/p>\n\n\n\n<p><\/p>\n\n\n\n<figure class=\"wp-block-gallery has-nested-images columns-default is-cropped wp-block-gallery-1 is-layout-flex wp-block-gallery-is-layout-flex\">\n<figure class=\"wp-block-image size-large\"><img decoding=\"async\" data-id=\"4603\" src=\"https:\/\/www.teatrodomma.it\/wp-content\/uploads\/2022\/02\/saria-balla-Dirty-Dancing-1-1024x681.jpg\" alt=\"\" class=\"wp-image-4603\"\/><\/figure>\n\n\n\n<figure class=\"wp-block-image size-large\"><img decoding=\"async\" data-id=\"4604\" src=\"https:\/\/www.teatrodomma.it\/wp-content\/uploads\/2022\/02\/saria-Peggy-Dirty-Dancing-2.jpg\" alt=\"\" class=\"wp-image-4604\"\/><\/figure>\n<figcaption class=\"blocks-gallery-caption wp-element-caption\"><a href=\"https:\/\/www.instagram.com\/p\/BtBJgBYBf-s\/\" target=\"_blank\" rel=\"noreferrer noopener\">Da ballerina classica ai &#8220;balli proibiti&#8221; del musical in cui vive la sintesi perfetta tra danza, canto e recitazione<\/a><\/figcaption><\/figure>\n\n\n\n<p><strong>In TV <\/strong>lavora in qualit\u00e0 di <strong>danzatrice per programmi<\/strong> come <em><strong><a href=\"https:\/\/www.youtube.com\/watch?v=WlLjJbXRa4Q&amp;t=38s\" target=\"_blank\" rel=\"noreferrer noopener\">\u201cI Migliori Anni <\/a>&#8211; edizione 6 e 7\u201d<\/strong><\/em> (rispettivamente nel 2013 e 2016) di Carlo Conti, coreografie F. Mainini; <strong><em><a href=\"https:\/\/www.instagram.com\/p\/BN-BSgXhtyD\/\" target=\"_blank\" rel=\"noreferrer noopener\">\u201cTu si que Vales\u201d<\/a><\/em><\/strong> (2016-2017) con le coreografie M. Paparo, <strong><em><a href=\"https:\/\/www.instagram.com\/p\/BdVBa90jfOO\/\" target=\"_blank\" rel=\"noreferrer noopener\">\u201cL\u2019anno che verr\u00e0\u201d <\/a><\/em><\/strong>(2017) di Amadeus, sempre con le coreografie di F. Mainini e per <em><strong>\u201cLeonardo, la Serie\u201d<\/strong><\/em> (2020) con la regia di Daniel Percival e <strong><em>\u201cStories\u201d<\/em><\/strong> (2021), entrambi con le coreografie di Gianni Santucci.<\/p>\n\n\n\n<p><strong>Il 2009 \u00e8 per lei l&#8217;anno dei concorsi. <\/strong>Partecipa, infatti, e vince il <strong>Primo premio al concorso nazionale Pierrot Danza<\/strong> sezione modern-jazz con la coreografia di Tiziana Carano. Ottiene la <strong>Seconda posizione <\/strong>sezione seniores al <strong>Concorso Danza Eurocity<\/strong>. La giuria era composta da Kathryn Wede (Royal Ballet School), Jan Jolley (Royal Ballet Schollo), Samuel Wursten (direttore Accademia di Rotterdam), Jocelyn Bosser (Conservatorire National Superieur de Musiqui et Dance de Paris) e MichaVanHoecke. Inoltre <strong>arriva in finale <\/strong>come unica Italiana al &#8220;<strong>Premio Roma 2009<\/strong>&#8220;, concorso internazionale di Danza (presidente di giuria Yuri Grigorovich).<\/p>\n\n\n\n<figure class=\"wp-block-embed is-type-video is-provider-youtube wp-block-embed-youtube wp-embed-aspect-16-9 wp-has-aspect-ratio\"><div class=\"wp-block-embed__wrapper\">\n<iframe loading=\"lazy\" title=\"Showreel Saria Cipollitti Performer\" width=\"720\" height=\"405\" src=\"https:\/\/www.youtube.com\/embed\/yL4JxmYIXN0?feature=oembed\" frameborder=\"0\" allow=\"accelerometer; autoplay; clipboard-write; encrypted-media; gyroscope; picture-in-picture; web-share\" referrerpolicy=\"strict-origin-when-cross-origin\" allowfullscreen><\/iframe>\n<\/div><\/figure>\n\n\n\n<p>Parallelamente coltiva gli studi classici, diplomandosi al Convitto Nazionale di Roma <strong>nel 2008<\/strong>, e prosegue iscrivendosi all&#8217;Universit\u00e0 La Sapienza di Roma, al Corso di Laurea in Letteratura, Musica e Spettacolo, laureandosi in<strong> Lettere e Filosofia<\/strong> nell<strong>&#8216;anno accademico 2012-2013<\/strong>, con la tesi <em>&#8220;Divulgazione del sapere attraverso la nuova produzione multimediale. Storia, cultura e memoria per un bene collettivo&#8221;<\/em>. Questa specializzazione la porter\u00e0 <strong>nel 2021<\/strong> a curare progetti divulgativi come: <a href=\"https:\/\/www.youtube.com\/watch?v=hEv95GeDQLA&amp;t=118s\" target=\"_blank\" rel=\"noreferrer noopener\"> <strong><em>\u201cVirtual Reality Experience<\/em><\/strong>\u201d<\/a> (la ricostruzione digitale del teatro e del mercato romano di Ferentino) e <strong><em><a href=\"https:\/\/www.youtube.com\/watch?v=rQMAX3dGb6g\" target=\"_blank\" rel=\"noreferrer noopener\">\u201cFerentino, citt\u00e0 d\u2019Arte, Storia, Cultura, Tradizione\u201d<\/a><\/em><\/strong> per il comune di Ferentino; il progetto <strong><em><a href=\"https:\/\/www.laziocrea.it\/castello-di-santa-severa-live-art-porta-la-realta-virtuale-al-museo-del-mare-e-della-navigazione-antica\/\" target=\"_blank\" rel=\"noreferrer noopener\">\u201cLive Art\u201d<\/a><\/em><\/strong>, come regista multimediale per il Museo del Mare e della Navigazione di Santa Severa; i <a href=\"https:\/\/www.youtube.com\/watch?v=IzYvBpg8RtA\" target=\"_blank\" rel=\"noreferrer noopener\">video-clip<\/a> musicali <strong><em><a href=\"https:\/\/www.instagram.com\/p\/CJ55WlRhc0-\/\" target=\"_blank\" rel=\"noreferrer noopener\">\u201cLa voce del silenzio\u201d<\/a><\/em><\/strong> (nato dando un nuovo senso a questo brano, con la voglia di <a href=\"https:\/\/www.instagram.com\/p\/CJ56gcAqA9J\/\" target=\"_blank\" rel=\"noreferrer noopener\">rompere il lungo silenzio dei teatri vuoti<\/a> e per far tornare a vivere le voci di tutti gli artisti) e <strong><em><a href=\"https:\/\/www.instagram.com\/p\/CMrwvJdqLDu\/\" target=\"_blank\" rel=\"noreferrer noopener\">\u201cA Primmadonna\u201d<\/a><\/em><\/strong> , interpretati entrambi da D. Pandimiglio, oltre a <strong><em>\u201c<a href=\"https:\/\/www.youtube.com\/watch?v=-4322_I8_VM\" target=\"_blank\" rel=\"noreferrer noopener\">Near you- Sorridi Amore Vai<\/a>\u201d<\/em><\/strong> interpretato da <a href=\"https:\/\/www.accademiartisti.com\/docenti\/donatella-pandimiglio\/\" target=\"_blank\" rel=\"noreferrer noopener\">Donatella Pandimiglio<\/a> e <a href=\"http:\/\/www.ritacammarano.it\/biografia.html\" target=\"_blank\" rel=\"noreferrer noopener\">Rita Cammarano<\/a> con le musiche di Nicola Piovani. Risale al 2015  <strong><em><a href=\"http:\/\/www.seegoal.it\" target=\"_blank\" rel=\"noreferrer noopener\">\u201cSeegal\u201d<\/a><\/em><\/strong> , racconto audio-visivo tratto dal romanzo di Richard Bach <em>&#8220;Il gabbiano Jonathan Livingston<\/em>&#8220;, realizzato attraverso una coreografia di 4 ballerini che danzano dentro un mondo onirico, interamente girato in studio virtuale; \u00e8 del 2010 la sua partecipazione al docufilm <em><strong>\u201cLa Reggia di Venaria\u201d<\/strong><\/em> per la regia di <a href=\"https:\/\/azinforma.com\/pescina-domani-il-conferimento-della-cittadinanza-onoraria-al-regista-gabriele-cipollitti\/?fbclid=IwAR02ot8Uyin_1noWHykZ7iy1SJOveAr65ySB8j8hCwvs6fbq0gMMps97YgY\" target=\"_blank\" rel=\"noreferrer noopener\">Gabriele Cipollitti<\/a>.<\/p>\n\n\n\n<figure class=\"wp-block-gallery has-nested-images columns-default is-cropped wp-block-gallery-2 is-layout-flex wp-block-gallery-is-layout-flex\">\n<figure class=\"wp-block-image size-large\"><img decoding=\"async\" data-id=\"4528\" src=\"https:\/\/www.teatrodomma.it\/wp-content\/uploads\/2022\/02\/Saria-progetto-Live-Art-multimediale-per-il-Museo-del-Mar-1.jpg\" alt=\"\" class=\"wp-image-4528\"\/><\/figure>\n\n\n\n<figure class=\"wp-block-image size-large\"><img decoding=\"async\" data-id=\"4529\" src=\"https:\/\/www.teatrodomma.it\/wp-content\/uploads\/2022\/02\/saria-matteo-Ferento.jpg\" alt=\"\" class=\"wp-image-4529\"\/><\/figure>\n<figcaption class=\"blocks-gallery-caption wp-element-caption\">Nella prima foto, Saria Cipollitti alla presentazione del <a href=\"https:\/\/www.instagram.com\/p\/CWJhaB1r7c8\/\" target=\"_blank\" rel=\"noreferrer noopener\">progetto multimediale \u201cLive Art\u201d per il Museo del Mare e della Navigazione di Santa Severa<\/a>. Nella seconda, Saria col marito Matteo Montalto nel Teatro romano di Ferento, illustrato nel video <strong><em>\u201c<a href=\"https:\/\/www.youtube.com\/watch?v=-4322_I8_VM\" target=\"_blank\" rel=\"noreferrer noopener\">Near you- Sorridi Amore Vai<\/a>\u201d<\/em><\/strong>con le musiche di Nicola Piovani.<\/figcaption><\/figure>\n\n\n\n<p class=\"has-background-dark-background-color has-background\"><em><strong>Cominciamo l&#8217;intervista togliendoci una curiosit\u00e0 sul tuo nome che richiama un&#8217;isola nel mare Egeo<\/strong><\/em>&#8230;<em><strong>A chi si deve questa scelta e perch\u00e9?<\/strong><\/em><\/p>\n\n\n<div class=\"wp-block-image\">\n<figure class=\"alignright size-large is-resized\"><img decoding=\"async\" src=\"https:\/\/www.teatrodomma.it\/wp-content\/uploads\/2022\/02\/saria-abito-rosso-2-820x1024.jpg\" alt=\"\" class=\"wp-image-4596\" style=\"width:446px;height:557px\"\/><\/figure>\n<\/div>\n\n\n<p>In realt\u00e0 il  nome <em>Saria<\/em> deriva da \u201cRosaria\u201d. <strong>E\u2019 una variante che i miei genitori scelsero per ricordare mia nonna Maria Rosaria<\/strong>, purtroppo venuta a mancare prima che nascessi. <strong>Ereditare il nome dei nonni oggi \u00e8 visto come qualcosa di retrogrado; io invece la trovo una scelta bellissima<\/strong>. In ogni occasione, dalla firma di un contratto ad una semplice presentazione, <strong>lei \u00e8 sempre con me, creando un legame attraverso la memoria.<\/strong> <strong>Quindi \u00e8 un nome sicuramente particolare, ma con solide radici legate alla famiglia e alla fede.<\/strong><\/p>\n\n\n\n<p class=\"has-background-dark-background-color has-background\"><em><strong>Il fatto di essere una figlia d&#8217;arte (ndr<\/strong><\/em><em style=\"font-weight: bold;\">. il padre \u00e8 <a href=\"https:\/\/it.wikipedia.org\/wiki\/Gabriele_Cipollitti\" target=\"_blank\" rel=\"noreferrer noopener\">Gabriele Cipollitti<\/a>,<em> regista di programmi televisivi di divulgazione scientifica e culturale<\/em><\/em> <em><strong>quali Superquark, Ulisse, Meraviglie, <a href=\"https:\/\/www.instagram.com\/p\/BVPsaJJj3GE\/\" target=\"_blank\" rel=\"noreferrer noopener\">Stanotte a&#8230;<\/a><\/strong><\/em><strong><em>) ha influenzato le tue scelte artistiche?<\/em><\/strong> <\/p>\n\n\n\n<p><strong>Fin da piccola ho avuto la fortuna di stare spesso sui set vicino a mio padre e, grazie a questi momenti unici,<\/strong> vissuti in posti meravigliosi ricchi di cultura,<strong> \u00e8 nata in me la passione per la &#8220;divulgazione del sapere&#8221;<\/strong>. Nonostante la forte passione per la danza, ho sempre visto la regia come un proseguimento naturale del mio percorso. Sicuramente la figura di <strong>mio padre mi ha influenzato &#8216;positivamente&#8217;, senza costrizioni:<\/strong> <strong>insieme a mia madre, mi ha insegnato ad osservare il bello, apprezzandone ogni dettaglio per restituirlo e divulgarlo agli altri.<\/strong> Di fondamentale influenza per me sono state <strong>le grandi figure di Piero e <a href=\"https:\/\/www.instagram.com\/p\/BOhb_2NBUXz\/\" target=\"_blank\" rel=\"noreferrer noopener\">Alberto Angela<\/a>, ai quali sono molto grata<\/strong>. A <a href=\"https:\/\/www.instagram.com\/p\/Brr2lADhzJq\/\" target=\"_blank\" rel=\"noreferrer noopener\">Piero Angela<\/a> \u00e8 persino dedicata la mia tesi di laurea sulla \u201cDivulgazione del sapere, attraverso la nuova produzione multimediale, storia, cultura e memoria per un bene collettivo\u201d. Tutti conoscono la sua grandezza, ma l\u2019insegnamento pi\u00f9 prezioso per me \u00e8 stato quello dietro le quinte, che in pochi conoscono: un\u2019umilt\u00e0 gentile volta a tutti.<\/p>\n\n\n\n<p class=\"has-background-dark-background-color has-background\"><strong><em>Alla passione per la danz<\/em><\/strong><em><strong>a<\/strong><\/em>, <strong><em>che ti ha dato molte soddisfazioni sia in teatro sia in TV, <\/em><\/strong><em><strong>col tempo hai aggiunto nuove esperienze<\/strong><\/em> <strong><em>in svariati campi<\/em><\/strong>,<strong><em> che hanno fatto di te<\/em><\/strong> <strong><em>un&#8217;artista completa.<\/em><\/strong> <strong><em>Puoi raccontarci, ad esempio, come \u00e8 nata la tua carriera di attrice di musical?<\/em><\/strong><\/p>\n\n\n\n<p><strong>Il musical \u00e8 stato qualcosa di inaspettato, che ho scoperto grazie all\u2019incontro di grandi registi<\/strong> &#8211; come <em>G. Landi, M.R. Piparo, F. Bellone, E. Montesano<\/em> e tanti altri &#8211; <strong>che hanno visto in me un potenziale espressivo, che potesse andare oltre la danza.<\/strong> Venivo dalla rigida preparazione dell\u2019Accademia Nazionale di Danza e sicuramente la prima insegnante che, <strong>gi\u00e0<\/strong> <strong>a 14 anni,<\/strong> <strong>ha fatto nascere in me<\/strong> <strong>il primo seme di consapevolezza attoriale<\/strong> \u00e8 stata <strong>la maestra <a href=\"https:\/\/www.vetrinadelladanza.it\/xx-edizione-2015\/conferenza-prof-ssa-sandra-fuciarelli\/sandra-fuciarelli\/\" target=\"_blank\" rel=\"noreferrer noopener\">Sandra Fuciarelli<\/a> nella materia composizione coreografica<\/strong>. Le sue lezioni hanno acceso in me un motore creativo che ancora oggi \u00e8 in movimento\u2026quelle lezioni sono ancora oggi fonte di ispirazione per me.<\/p>\n\n\n\n<figure class=\"wp-block-image size-large\"><img decoding=\"async\" src=\"https:\/\/www.teatrodomma.it\/wp-content\/uploads\/2022\/02\/saria-manifesto-Dirty-Dancing-1.png\" alt=\"\" class=\"wp-image-4608\"\/><\/figure>\n\n\n\n<p class=\"has-background-dark-background-color has-background\"><strong><em>Anche <a href=\"https:\/\/www.instagram.com\/p\/ByV2eemi_5_\/\" target=\"_blank\" rel=\"noreferrer noopener\">tuo marito<\/a> (ndr. <a href=\"https:\/\/www.teatrodomma.it\/blog\/interviste\/a-teatro-in-radio-o-in-tv-con-matteo-montalto\/\" target=\"_blank\" rel=\"noreferrer noopener\">Matteo Montalto<\/a>) fa parte del mondo dello spettacolo (dal 10 al 27 Marzo 2022 sar\u00e0 <a href=\"https:\/\/www.youtube.com\/watch?v=4uzGhWadgi8&amp;t=1s\" target=\"_blank\" rel=\"noreferrer noopener\">il Serenante<\/a> nel Rugantino interpretato da <a href=\"https:\/\/www.youtube.com\/watch?v=NVIblGTn0Pc\" target=\"_blank\" rel=\"noreferrer noopener\">Michele La Ginestra<\/a> sul palco del Teatro Sistina) e formate una<a href=\"https:\/\/www.youtube.com\/watch?v=qNESJeDkRts\" target=\"_blank\" rel=\"noreferrer noopener\"> coppia affiatatissima<\/a> sul lavoro e nel privato. Come vi siete conosciuti<\/em><\/strong>?<\/p>\n\n\n<div class=\"wp-block-image\">\n<figure class=\"alignleft size-large is-resized\"><img decoding=\"async\" src=\"https:\/\/www.teatrodomma.it\/wp-content\/uploads\/2022\/02\/saria-matteo-Conte-Tacchia-1024x759.jpg\" alt=\"\" class=\"wp-image-4597\" style=\"width:416px;height:308px\"\/><\/figure>\n<\/div>\n\n\n<p><strong>Ci siamo conosciuti grazie allo spettacolo \u201cIl Conte Tacchia\u201d<\/strong> con la regia del grande maestro<a href=\"https:\/\/www.instagram.com\/p\/CDgP-k2h1T2\/\" target=\"_blank\" rel=\"noreferrer noopener\"> Gino Landi<\/a>, al quale siamo molto legati e grati, <strong>sul palco del Teatro Tirso de Molina<\/strong> &#8211; un gioiello del Teatro Romano diretto da Achille Mellini \u2013 <strong>per debuttare poi al Teatro Brancaccio di Roma<\/strong> <strong>nel 2015<\/strong>. <strong>Rimasi subito colpita dalla sua voce, ma immediatamente dopo dal suo carattere solare e accogliente<\/strong>. Emblematico \u00e8 stato il testo di un brano che <a href=\"https:\/\/www.instagram.com\/p\/BN36bvOBK1w\/\" target=\"_blank\" rel=\"noreferrer noopener\">Matteo cantava nel Conte Tacchia<\/a> : <em>\u201cScappa dal matrimonio credi a me, io non l\u2019ho fatto ancora e sai perch\u00e9\u201d<\/em>\u2026 <strong>dopo qualche anno,<\/strong> <strong><a href=\"https:\/\/www.instagram.com\/p\/CAIS2d7BGTJ\/\" target=\"_blank\" rel=\"noreferrer noopener\">il 13\/05\/2019<\/a><\/strong>, <a href=\"https:\/\/www.instagram.com\/p\/Bypju77IAvM\/\" target=\"_blank\" rel=\"noreferrer noopener\">ci siamo sposati<\/a> <strong>e quello spettacolo lo portiamo sempre nel cuore.<\/strong><\/p>\n\n\n\n<p class=\"has-background-dark-background-color has-background\"><strong><em>In quale altro spettacolo avete lavorato insieme?<\/em><\/strong> <strong><em>Attualmente c&#8217;\u00e8 un progetto che state preparando?<\/em><\/strong><\/p>\n\n\n\n<p><strong>Negli anni siamo riusciti sempre di pi\u00f9 a lavorare insieme, sul palco e dietro le quinte<\/strong> &#8211;<strong>come performer, come autori e registi<\/strong> &#8211; dividendoci i ruoli con grande rispetto e reciproco aiuto. Insieme abbiamo una forte creativit\u00e0 che ci porta a sperimentare progetti eterogenei, che vanno ad abbracciare molti aspetti della nostra artisticit\u00e0. <strong>Molte novit\u00e0 ci attendono in questo 2022, dopo due anni di pandemia cos\u00ec difficili. <\/strong>Forse proprio in questi anni \u00e8 cresciuta ulteriormente la nostra \u201ccoppia artistica\u201d: abbiamo raccolto la forza nello stare insieme e, <strong>mentre i teatri erano chiusi, abbiamo portato a compimento progetti ambiziosi di divulgazione culturale\/multimediale<\/strong> (come <em><a href=\"https:\/\/www.instagram.com\/p\/CWqArxiqLoz\/\" target=\"_blank\" rel=\"noreferrer noopener\">\u201cLive Art\u201d<\/a><\/em> per il museo del Castello di Santa Severa e <em><a href=\"https:\/\/www.youtube.com\/watch?v=w_qC9S3Al6Q\" target=\"_blank\" rel=\"noreferrer noopener\">\u201cVirtual Reality Experience\u201d<\/a><\/em>, ricostruzione digitale di ambienti storici) <strong>ed i video clip<\/strong> <em><a href=\"https:\/\/www.youtube.com\/watch?v=IzYvBpg8RtA\" target=\"_blank\" rel=\"noreferrer noopener\">\u201cLa voce del Silenzio\u201d<\/a><\/em>, <em><a href=\"https:\/\/www.instagram.com\/p\/CMrwvJdqLDu\/\" target=\"_blank\" rel=\"noreferrer noopener\">\u201cA Primadonna\u201d<\/a><\/em> e <em><a href=\"https:\/\/www.youtube.com\/watch?v=-4322_I8_VM\" target=\"_blank\" rel=\"noreferrer noopener\">\u201cNear You &#8211; Sorridi Amore Vai\u201d<\/a><\/em>, interpretati dalle grandi artiste Donatella Pandimiglio e Rita Cammarano. <strong>Prossimamente ci sar\u00e0 un nuovo progetto che prender\u00e0 forma prima dell\u2019estate, ma purtroppo non possiamo svelare anticipazioni\u2026<\/strong><\/p>\n\n\n\n<p class=\"has-background-dark-background-color has-background\"><em><strong>Hai studiato molte discipline artistiche, completando percorsi accademici\/universitari e di recente sei diventata un&#8217;insegnante di danza della <a href=\"https:\/\/www.cdsacademy.it\/musical-academy-corsi\/\" target=\"_blank\" rel=\"noreferrer noopener\">CdS Musical Academy<\/a><\/strong><\/em><strong><em> (sezione Teen 14-19 anni) presso il Teatro Domma<\/em><\/strong>. <strong><em>Quali consigli senti di dare ai giovani che la frequentano, sognando un futuro in questo settore?<\/em><\/strong><\/p>\n\n\n\n<p><strong>Consiglio loro di perseverare e di affrontare con disciplina e passione la propria arte, ma senza avere la presunzione di affrontare tutto da soli&#8230;<\/strong>e di affidarsi, quindi, a dei maestri di riferimento o semplicemente ad una persona vicina, che crede nel loro talento, da cui prendere le forze nei momenti difficili. <strong>Da soli non si va da nessuna parte e con il valore di primeggiare saremo solo infelici. <\/strong>Il consiglio \u00e8 di godersi ogni istante sul palco e di non dare mai per scontato la vicinanza di un collega\/amico. <strong>Il nostro lavoro non deve essere individualista, ma collettivo<\/strong>: gli affetti che nascono sul palco daranno la forza ai giovani di creare un nuovo teatro migliore.<\/p>\n\n\n\n<figure class=\"wp-block-image size-large\"><img decoding=\"async\" src=\"https:\/\/www.teatrodomma.it\/wp-content\/uploads\/2022\/03\/saria-abito-rosso-2-1024x683.jpg\" alt=\"\" class=\"wp-image-4640\"\/><\/figure>\n\n\n\n<p class=\"has-text-align-center\"><strong>Segui Saria sui social:<\/strong> <a href=\"https:\/\/www.facebook.com\/saria.cipollitti\" target=\"_blank\" rel=\"noreferrer noopener\">FACEBOOK<\/a> , <a href=\"https:\/\/www.instagram.com\/saria_cipollitti\/\" target=\"_blank\" rel=\"noreferrer noopener\">INSTAGRAM<\/a> , <a href=\"https:\/\/www.youtube.com\/results?search_query=saria+cipollitti\" target=\"_blank\" rel=\"noreferrer noopener\">YOUTUBE<\/a><\/p>\n\n\n\n<p class=\"has-background-dark-background-color has-background\">UN GRAZIE A SARIA PER AVER CONDIVISO CON NOI TANTO DI SE STESSA ATTRAVERSO LA SUA SENSIBILITA&#8217;. RICAMBIAMO CON UN GRANDE AUGURIO PER TUTTI I PROGETTI CHE HA NEL CASSETTO !<\/p>\n\n\n\n<p><em>Margherita De Donato<\/em><\/p>\n","protected":false},"excerpt":{"rendered":"<p>Danzatrice, performer, regista multimediale di progetti divulgativi e di video-clip musicali. In quest&#8217;anno accademico \u00e8 entrata a far parte del corpo insegnante della CdS Academy. Vi presentiamo una figlia d&#8217;arte dalle mille sfaccettature&#8230; SARIA CIPOLLITTI (Roma, 15\/04\/1989) inizia all\u2019et\u00e0 di 6 anni a ballare, formandosi presso l&#8217;Accademia Nazionale di Danza di Roma. Ha lavorato nelle [&hellip;]<\/p>\n","protected":false},"author":3,"featured_media":4531,"comment_status":"closed","ping_status":"open","sticky":false,"template":"","format":"standard","meta":{"saved_in_kubio":false,"footnotes":""},"categories":[33,48],"tags":[165,43,236,218,219,237,220,221],"class_list":{"0":"post-4483","1":"post","2":"type-post","3":"status-publish","4":"format-standard","5":"has-post-thumbnail","6":"hentry","7":"category-compagni-di-scena","8":"category-interviste","9":"tag-cds-musical-academy","10":"tag-compagni-di-scena","11":"tag-dirty-dancing","12":"tag-matteo-montalto","13":"tag-rugantino","14":"tag-saria-cipollitti","15":"tag-serenante","16":"tag-teatro-sistina","18":"post-with-thumbnail","19":"post-with-thumbnail-large"},"yoast_head":"<!-- This site is optimized with the Yoast SEO plugin v25.8 - https:\/\/yoast.com\/wordpress\/plugins\/seo\/ -->\n<title>Danzando, ma non solo, con...Saria Cipollitti - Teatro Domma<\/title>\n<meta name=\"robots\" content=\"index, follow, max-snippet:-1, max-image-preview:large, max-video-preview:-1\" \/>\n<link rel=\"canonical\" href=\"https:\/\/www.teatrodomma.it\/?p=4483\" \/>\n<meta property=\"og:locale\" content=\"it_IT\" \/>\n<meta property=\"og:type\" content=\"article\" \/>\n<meta property=\"og:title\" content=\"Danzando, ma non solo, con...Saria Cipollitti - Teatro Domma\" \/>\n<meta property=\"og:description\" content=\"Danzatrice, performer, regista multimediale di progetti divulgativi e di video-clip musicali. In quest&#8217;anno accademico \u00e8 entrata a far parte del corpo insegnante della CdS Academy. Vi presentiamo una figlia d&#8217;arte dalle mille sfaccettature&#8230; SARIA CIPOLLITTI (Roma, 15\/04\/1989) inizia all\u2019et\u00e0 di 6 anni a ballare, formandosi presso l&#8217;Accademia Nazionale di Danza di Roma. Ha lavorato nelle [&hellip;]\" \/>\n<meta property=\"og:url\" content=\"https:\/\/www.teatrodomma.it\/?p=4483\" \/>\n<meta property=\"og:site_name\" content=\"Teatro Domma\" \/>\n<meta property=\"article:publisher\" content=\"https:\/\/www.facebook.com\/p\/Teatro-Domma-61556981831878\/?locale=it_IT\" \/>\n<meta property=\"article:published_time\" content=\"2022-03-01T23:00:00+00:00\" \/>\n<meta property=\"article:modified_time\" content=\"2025-03-18T10:43:15+00:00\" \/>\n<meta property=\"og:image\" content=\"http:\/\/www.teatrodomma.it\/wp-content\/uploads\/2022\/02\/saria-abito-rosso-e1684774483519.jpg\" \/>\n\t<meta property=\"og:image:width\" content=\"900\" \/>\n\t<meta property=\"og:image:height\" content=\"1124\" \/>\n\t<meta property=\"og:image:type\" content=\"image\/jpeg\" \/>\n<meta name=\"author\" content=\"Margherita De Donato\" \/>\n<meta name=\"twitter:card\" content=\"summary_large_image\" \/>\n<meta name=\"twitter:label1\" content=\"Scritto da\" \/>\n\t<meta name=\"twitter:data1\" content=\"Margherita De Donato\" \/>\n\t<meta name=\"twitter:label2\" content=\"Tempo di lettura stimato\" \/>\n\t<meta name=\"twitter:data2\" content=\"11 minuti\" \/>\n<script type=\"application\/ld+json\" class=\"yoast-schema-graph\">{\"@context\":\"https:\/\/schema.org\",\"@graph\":[{\"@type\":\"Article\",\"@id\":\"https:\/\/www.teatrodomma.it\/?p=4483#article\",\"isPartOf\":{\"@id\":\"https:\/\/www.teatrodomma.it\/?p=4483\"},\"author\":{\"name\":\"Margherita De Donato\",\"@id\":\"https:\/\/www.teatrodomma.it\/#\/schema\/person\/8a1f09bf4c695307c8aef38d93aa0e84\"},\"headline\":\"Danzando, ma non solo, con&#8230;Saria Cipollitti\",\"datePublished\":\"2022-03-01T23:00:00+00:00\",\"dateModified\":\"2025-03-18T10:43:15+00:00\",\"mainEntityOfPage\":{\"@id\":\"https:\/\/www.teatrodomma.it\/?p=4483\"},\"wordCount\":1681,\"publisher\":{\"@id\":\"https:\/\/www.teatrodomma.it\/#organization\"},\"image\":{\"@id\":\"https:\/\/www.teatrodomma.it\/?p=4483#primaryimage\"},\"thumbnailUrl\":\"https:\/\/www.teatrodomma.it\/wp-content\/uploads\/2022\/02\/saria-abito-rosso-e1684774483519.jpg\",\"keywords\":[\"CdS Musical Academy\",\"Compagni di Scena\",\"Dirty Dancing\",\"Matteo Montalto\",\"Rugantino\",\"Saria Cipollitti\",\"Serenante\",\"Teatro Sistina\"],\"articleSection\":[\"Compagni di Scena\",\"Interviste\"],\"inLanguage\":\"it-IT\"},{\"@type\":\"WebPage\",\"@id\":\"https:\/\/www.teatrodomma.it\/?p=4483\",\"url\":\"https:\/\/www.teatrodomma.it\/?p=4483\",\"name\":\"Danzando, ma non solo, con...Saria Cipollitti - Teatro Domma\",\"isPartOf\":{\"@id\":\"https:\/\/www.teatrodomma.it\/#website\"},\"primaryImageOfPage\":{\"@id\":\"https:\/\/www.teatrodomma.it\/?p=4483#primaryimage\"},\"image\":{\"@id\":\"https:\/\/www.teatrodomma.it\/?p=4483#primaryimage\"},\"thumbnailUrl\":\"https:\/\/www.teatrodomma.it\/wp-content\/uploads\/2022\/02\/saria-abito-rosso-e1684774483519.jpg\",\"datePublished\":\"2022-03-01T23:00:00+00:00\",\"dateModified\":\"2025-03-18T10:43:15+00:00\",\"breadcrumb\":{\"@id\":\"https:\/\/www.teatrodomma.it\/?p=4483#breadcrumb\"},\"inLanguage\":\"it-IT\",\"potentialAction\":[{\"@type\":\"ReadAction\",\"target\":[\"https:\/\/www.teatrodomma.it\/?p=4483\"]}]},{\"@type\":\"ImageObject\",\"inLanguage\":\"it-IT\",\"@id\":\"https:\/\/www.teatrodomma.it\/?p=4483#primaryimage\",\"url\":\"https:\/\/www.teatrodomma.it\/wp-content\/uploads\/2022\/02\/saria-abito-rosso-e1684774483519.jpg\",\"contentUrl\":\"https:\/\/www.teatrodomma.it\/wp-content\/uploads\/2022\/02\/saria-abito-rosso-e1684774483519.jpg\",\"width\":900,\"height\":1124},{\"@type\":\"BreadcrumbList\",\"@id\":\"https:\/\/www.teatrodomma.it\/?p=4483#breadcrumb\",\"itemListElement\":[{\"@type\":\"ListItem\",\"position\":1,\"name\":\"Home\",\"item\":\"https:\/\/www.teatrodomma.it\/\"},{\"@type\":\"ListItem\",\"position\":2,\"name\":\"Danzando, ma non solo, con&#8230;Saria Cipollitti\"}]},{\"@type\":\"WebSite\",\"@id\":\"https:\/\/www.teatrodomma.it\/#website\",\"url\":\"https:\/\/www.teatrodomma.it\/\",\"name\":\"Teatro Domma\",\"description\":\"\",\"publisher\":{\"@id\":\"https:\/\/www.teatrodomma.it\/#organization\"},\"potentialAction\":[{\"@type\":\"SearchAction\",\"target\":{\"@type\":\"EntryPoint\",\"urlTemplate\":\"https:\/\/www.teatrodomma.it\/?s={search_term_string}\"},\"query-input\":{\"@type\":\"PropertyValueSpecification\",\"valueRequired\":true,\"valueName\":\"search_term_string\"}}],\"inLanguage\":\"it-IT\"},{\"@type\":\"Organization\",\"@id\":\"https:\/\/www.teatrodomma.it\/#organization\",\"name\":\"Teatro Domma\",\"url\":\"https:\/\/www.teatrodomma.it\/\",\"logo\":{\"@type\":\"ImageObject\",\"inLanguage\":\"it-IT\",\"@id\":\"https:\/\/www.teatrodomma.it\/#\/schema\/logo\/image\/\",\"url\":\"https:\/\/www.teatrodomma.it\/wp-content\/uploads\/2025\/01\/LOGOICON-edited-2.png\",\"contentUrl\":\"https:\/\/www.teatrodomma.it\/wp-content\/uploads\/2025\/01\/LOGOICON-edited-2.png\",\"width\":510,\"height\":287,\"caption\":\"Teatro Domma\"},\"image\":{\"@id\":\"https:\/\/www.teatrodomma.it\/#\/schema\/logo\/image\/\"},\"sameAs\":[\"https:\/\/www.facebook.com\/p\/Teatro-Domma-61556981831878\/?locale=it_IT\",\"https:\/\/www.instagram.com\/teatro_domma\/\"]},{\"@type\":\"Person\",\"@id\":\"https:\/\/www.teatrodomma.it\/#\/schema\/person\/8a1f09bf4c695307c8aef38d93aa0e84\",\"name\":\"Margherita De Donato\",\"image\":{\"@type\":\"ImageObject\",\"inLanguage\":\"it-IT\",\"@id\":\"https:\/\/www.teatrodomma.it\/#\/schema\/person\/image\/\",\"url\":\"https:\/\/secure.gravatar.com\/avatar\/0fbebb2201a984022de9f07361f7fe88cb7fcefd6be5e33abf5559102ec20088?s=96&d=mm&r=g\",\"contentUrl\":\"https:\/\/secure.gravatar.com\/avatar\/0fbebb2201a984022de9f07361f7fe88cb7fcefd6be5e33abf5559102ec20088?s=96&d=mm&r=g\",\"caption\":\"Margherita De Donato\"},\"url\":\"https:\/\/www.teatrodomma.it\/?author=3\"}]}<\/script>\n<!-- \/ Yoast SEO plugin. -->","yoast_head_json":{"title":"Danzando, ma non solo, con...Saria Cipollitti - Teatro Domma","robots":{"index":"index","follow":"follow","max-snippet":"max-snippet:-1","max-image-preview":"max-image-preview:large","max-video-preview":"max-video-preview:-1"},"canonical":"https:\/\/www.teatrodomma.it\/?p=4483","og_locale":"it_IT","og_type":"article","og_title":"Danzando, ma non solo, con...Saria Cipollitti - Teatro Domma","og_description":"Danzatrice, performer, regista multimediale di progetti divulgativi e di video-clip musicali. In quest&#8217;anno accademico \u00e8 entrata a far parte del corpo insegnante della CdS Academy. Vi presentiamo una figlia d&#8217;arte dalle mille sfaccettature&#8230; SARIA CIPOLLITTI (Roma, 15\/04\/1989) inizia all\u2019et\u00e0 di 6 anni a ballare, formandosi presso l&#8217;Accademia Nazionale di Danza di Roma. Ha lavorato nelle [&hellip;]","og_url":"https:\/\/www.teatrodomma.it\/?p=4483","og_site_name":"Teatro Domma","article_publisher":"https:\/\/www.facebook.com\/p\/Teatro-Domma-61556981831878\/?locale=it_IT","article_published_time":"2022-03-01T23:00:00+00:00","article_modified_time":"2025-03-18T10:43:15+00:00","og_image":[{"width":900,"height":1124,"url":"http:\/\/www.teatrodomma.it\/wp-content\/uploads\/2022\/02\/saria-abito-rosso-e1684774483519.jpg","type":"image\/jpeg"}],"author":"Margherita De Donato","twitter_card":"summary_large_image","twitter_misc":{"Scritto da":"Margherita De Donato","Tempo di lettura stimato":"11 minuti"},"schema":{"@context":"https:\/\/schema.org","@graph":[{"@type":"Article","@id":"https:\/\/www.teatrodomma.it\/?p=4483#article","isPartOf":{"@id":"https:\/\/www.teatrodomma.it\/?p=4483"},"author":{"name":"Margherita De Donato","@id":"https:\/\/www.teatrodomma.it\/#\/schema\/person\/8a1f09bf4c695307c8aef38d93aa0e84"},"headline":"Danzando, ma non solo, con&#8230;Saria Cipollitti","datePublished":"2022-03-01T23:00:00+00:00","dateModified":"2025-03-18T10:43:15+00:00","mainEntityOfPage":{"@id":"https:\/\/www.teatrodomma.it\/?p=4483"},"wordCount":1681,"publisher":{"@id":"https:\/\/www.teatrodomma.it\/#organization"},"image":{"@id":"https:\/\/www.teatrodomma.it\/?p=4483#primaryimage"},"thumbnailUrl":"https:\/\/www.teatrodomma.it\/wp-content\/uploads\/2022\/02\/saria-abito-rosso-e1684774483519.jpg","keywords":["CdS Musical Academy","Compagni di Scena","Dirty Dancing","Matteo Montalto","Rugantino","Saria Cipollitti","Serenante","Teatro Sistina"],"articleSection":["Compagni di Scena","Interviste"],"inLanguage":"it-IT"},{"@type":"WebPage","@id":"https:\/\/www.teatrodomma.it\/?p=4483","url":"https:\/\/www.teatrodomma.it\/?p=4483","name":"Danzando, ma non solo, con...Saria Cipollitti - Teatro Domma","isPartOf":{"@id":"https:\/\/www.teatrodomma.it\/#website"},"primaryImageOfPage":{"@id":"https:\/\/www.teatrodomma.it\/?p=4483#primaryimage"},"image":{"@id":"https:\/\/www.teatrodomma.it\/?p=4483#primaryimage"},"thumbnailUrl":"https:\/\/www.teatrodomma.it\/wp-content\/uploads\/2022\/02\/saria-abito-rosso-e1684774483519.jpg","datePublished":"2022-03-01T23:00:00+00:00","dateModified":"2025-03-18T10:43:15+00:00","breadcrumb":{"@id":"https:\/\/www.teatrodomma.it\/?p=4483#breadcrumb"},"inLanguage":"it-IT","potentialAction":[{"@type":"ReadAction","target":["https:\/\/www.teatrodomma.it\/?p=4483"]}]},{"@type":"ImageObject","inLanguage":"it-IT","@id":"https:\/\/www.teatrodomma.it\/?p=4483#primaryimage","url":"https:\/\/www.teatrodomma.it\/wp-content\/uploads\/2022\/02\/saria-abito-rosso-e1684774483519.jpg","contentUrl":"https:\/\/www.teatrodomma.it\/wp-content\/uploads\/2022\/02\/saria-abito-rosso-e1684774483519.jpg","width":900,"height":1124},{"@type":"BreadcrumbList","@id":"https:\/\/www.teatrodomma.it\/?p=4483#breadcrumb","itemListElement":[{"@type":"ListItem","position":1,"name":"Home","item":"https:\/\/www.teatrodomma.it\/"},{"@type":"ListItem","position":2,"name":"Danzando, ma non solo, con&#8230;Saria Cipollitti"}]},{"@type":"WebSite","@id":"https:\/\/www.teatrodomma.it\/#website","url":"https:\/\/www.teatrodomma.it\/","name":"Teatro Domma","description":"","publisher":{"@id":"https:\/\/www.teatrodomma.it\/#organization"},"potentialAction":[{"@type":"SearchAction","target":{"@type":"EntryPoint","urlTemplate":"https:\/\/www.teatrodomma.it\/?s={search_term_string}"},"query-input":{"@type":"PropertyValueSpecification","valueRequired":true,"valueName":"search_term_string"}}],"inLanguage":"it-IT"},{"@type":"Organization","@id":"https:\/\/www.teatrodomma.it\/#organization","name":"Teatro Domma","url":"https:\/\/www.teatrodomma.it\/","logo":{"@type":"ImageObject","inLanguage":"it-IT","@id":"https:\/\/www.teatrodomma.it\/#\/schema\/logo\/image\/","url":"https:\/\/www.teatrodomma.it\/wp-content\/uploads\/2025\/01\/LOGOICON-edited-2.png","contentUrl":"https:\/\/www.teatrodomma.it\/wp-content\/uploads\/2025\/01\/LOGOICON-edited-2.png","width":510,"height":287,"caption":"Teatro Domma"},"image":{"@id":"https:\/\/www.teatrodomma.it\/#\/schema\/logo\/image\/"},"sameAs":["https:\/\/www.facebook.com\/p\/Teatro-Domma-61556981831878\/?locale=it_IT","https:\/\/www.instagram.com\/teatro_domma\/"]},{"@type":"Person","@id":"https:\/\/www.teatrodomma.it\/#\/schema\/person\/8a1f09bf4c695307c8aef38d93aa0e84","name":"Margherita De Donato","image":{"@type":"ImageObject","inLanguage":"it-IT","@id":"https:\/\/www.teatrodomma.it\/#\/schema\/person\/image\/","url":"https:\/\/secure.gravatar.com\/avatar\/0fbebb2201a984022de9f07361f7fe88cb7fcefd6be5e33abf5559102ec20088?s=96&d=mm&r=g","contentUrl":"https:\/\/secure.gravatar.com\/avatar\/0fbebb2201a984022de9f07361f7fe88cb7fcefd6be5e33abf5559102ec20088?s=96&d=mm&r=g","caption":"Margherita De Donato"},"url":"https:\/\/www.teatrodomma.it\/?author=3"}]}},"_links":{"self":[{"href":"https:\/\/www.teatrodomma.it\/index.php?rest_route=\/wp\/v2\/posts\/4483","targetHints":{"allow":["GET"]}}],"collection":[{"href":"https:\/\/www.teatrodomma.it\/index.php?rest_route=\/wp\/v2\/posts"}],"about":[{"href":"https:\/\/www.teatrodomma.it\/index.php?rest_route=\/wp\/v2\/types\/post"}],"author":[{"embeddable":true,"href":"https:\/\/www.teatrodomma.it\/index.php?rest_route=\/wp\/v2\/users\/3"}],"replies":[{"embeddable":true,"href":"https:\/\/www.teatrodomma.it\/index.php?rest_route=%2Fwp%2Fv2%2Fcomments&post=4483"}],"version-history":[{"count":2,"href":"https:\/\/www.teatrodomma.it\/index.php?rest_route=\/wp\/v2\/posts\/4483\/revisions"}],"predecessor-version":[{"id":31611,"href":"https:\/\/www.teatrodomma.it\/index.php?rest_route=\/wp\/v2\/posts\/4483\/revisions\/31611"}],"wp:featuredmedia":[{"embeddable":true,"href":"https:\/\/www.teatrodomma.it\/index.php?rest_route=\/wp\/v2\/media\/4531"}],"wp:attachment":[{"href":"https:\/\/www.teatrodomma.it\/index.php?rest_route=%2Fwp%2Fv2%2Fmedia&parent=4483"}],"wp:term":[{"taxonomy":"category","embeddable":true,"href":"https:\/\/www.teatrodomma.it\/index.php?rest_route=%2Fwp%2Fv2%2Fcategories&post=4483"},{"taxonomy":"post_tag","embeddable":true,"href":"https:\/\/www.teatrodomma.it\/index.php?rest_route=%2Fwp%2Fv2%2Ftags&post=4483"}],"curies":[{"name":"wp","href":"https:\/\/api.w.org\/{rel}","templated":true}]}}