{"id":5590,"date":"2022-05-15T17:25:00","date_gmt":"2022-05-15T15:25:00","guid":{"rendered":"https:\/\/www.teatrodomma.it\/?p=5590"},"modified":"2022-05-15T17:25:00","modified_gmt":"2022-05-15T15:25:00","slug":"i-racconti-a-tempo-di-alberto-fiori","status":"publish","type":"post","link":"https:\/\/www.teatrodomma.it\/?p=5590","title":{"rendered":"I racconti a tempo di&#8230; Alberto Fiori"},"content":{"rendered":"\n<p class=\"has-background-dark-background-color has-background\"><em>Ama definirsi &#8220;scrittista-musitore&#8221;, perch\u00e9 <em>in lui<\/em><\/em> <em>si fondono<\/em> <em>l\u2019anima dello scrittore e quella del musicista. Venerdi 20 maggio alle 20:30 Alberto Fiori torna dal vivo<\/em> c<em>on \u00abRacconti a tempo live\u00bb&nbsp;&#8211; il&nbsp;reading dove si riding<\/em>, <em>in cui<\/em> <em>si racconter\u00e0 &nbsp;con nuove esilaranti storie<\/em>.<\/p>\n\n\n\n<p>Una coinvolgente serata che il pubblico ricorder\u00e0 a lungo. <strong>Parte dei proventi raccolti saranno devoluti alla&nbsp;<a href=\"http:\/\/www.scuolasanfilipponeri.it\/\">Scuola Libera Parentale San Filippo Neri.<\/a><\/strong><\/p>\n\n\n\n<p>Come dice la locandina,&nbsp;<em>\u00e8 un divertentissimo spettacolo in cui Alberto Fiori legge e suona&nbsp;<\/em>(in realt\u00e0 avr\u00e0 accanto <a href=\"http:\/\/ni https:\/\/it.linkedin.com\/in\/menotti-minervini-046693129\"><strong>Menotti Minervini<\/strong> <\/a>a sonorizzare ogni storia con musiche elettroniche e <strong><a href=\"https:\/\/www.claudiacampagnola.com\/\" target=\"_blank\" rel=\"noreferrer noopener\">Claudia Campagnola<\/a><\/strong>, che ha curato la regia dello spettacolo).<\/p>\n\n\n\n<p>Da tanto voleva portare i suoi nuovi racconti tra la gente ed ha sfruttato il periodo di &#8216;reclusione&#8217; dai locali e teatri, per fare un po\u2019 di ordine nei suoi fogli, scegliendo storie tratte dal&nbsp;<a href=\"https:\/\/albertofiori.it\/spreaker\/\">podcast omonimo<\/a>&nbsp;e tanti inediti.<\/p>\n\n\n\n<p>Il suo nuovo spettacolo parte da un locale del Centro di formazione giovanile Madonna di Loreto, definito lo <a href=\"https:\/\/www.sancarlods.it\/pages\/index.php\">Scatenatoio<\/a>&#8230;  perch\u00e9 \u00e8 quello di cui tutti abbiamo bisogno! Ci sar\u00e0 la possibilit\u00e0 di cenare con un panino (hotdog, hamburger oppure hamburger vegano), patatine e bibita. <\/p>\n\n\n\n<p class=\"has-text-align-center has-background-dark-background-color has-background\"><strong>Venerd\u00ec 20 maggio alle 20.30<\/strong> : <strong>Cena + spettacolo: euro 19,00<\/strong><\/p>\n\n\n\n<p class=\"has-text-align-center has-background-dark-background-color has-background\"><strong>PRENOTAZIONE OBBLIGATORIA: 3458415676<\/strong><\/p>\n\n\n\n<div class=\"wp-block-image\"><figure class=\"aligncenter size-large is-resized\"><img loading=\"lazy\" decoding=\"async\" src=\"https:\/\/www.teatrodomma.it\/wp-content\/uploads\/2022\/05\/Alberto-Fiori_scrittista-musitore_primopiano-665x1024.jpg\" alt=\"\" class=\"wp-image-5599\" width=\"488\" height=\"752\"\/><\/figure><\/div>\n\n\n\n<p class=\"has-text-align-center has-background-dark-background-color has-background\"><strong>BIOGRAFIA<\/strong><\/p>\n\n\n\n<p><strong>Alberto Fiori nasce a Roma il 21 giugno del 1974.<\/strong><\/p>\n\n\n\n<p>Artisticamente <strong>fa i suoi esordi<\/strong> <strong>nel 1995<\/strong> <strong>come cantante e compositore<\/strong>, suona chitarra e pianoforte, facendo esperienza nei villaggi turistici e resort internazionali; <strong>all\u2019inizio degli anni 2000 <\/strong>arriva con la band di allora (<em>C15<\/em>) a solcare il palco del Festivalbar. Come tutti i cantanti che si rispettano, lascia il gruppo e ne fonda un altro (<em>Melatti<\/em>), con il quale ha un album all\u2019attivo, diversi singoli e collaborazioni prestigiose. <\/p>\n\n\n\n<p><strong>Nel 2012<\/strong> <strong>inizia la sua metamorfosi in scrittore.<\/strong> Uno dei suoi testi non vuole starci nei quattro minuti di una canzone, diventando prima un racconto e poi un romanzo mai edito. <strong>Decide d\u2019imparare le tecniche di scrittura che gli avrebbero permesso di raccontarsi al meglio<\/strong>, partecipando al Corso di Scrittura Creativa organizzato da RaiEri e diretto dalla Dott.ssa Paola Gaglianone. <strong>Partecipa successivamente a due master <\/strong>tenuti presso il Palazzo delle Esposizioni di Roma, portando a termine il suo percorso formativo.<\/p>\n\n\n\n<p>Nel frattempo dalla IFIX, casa editrice diretta da Maurizio Ceccato e Lina Monaco, <strong>viene invitato a scrivere un libro per bambini dal titolo:<\/strong> \u00ab<em><a href=\"http:\/\/albertofiori.it\/pinocchio\/\">PINOCCHIO E IL CAPITOLO CHE NON C\u2019ERA<\/a>&nbsp;(una volta)\u00bb<\/em>,&nbsp;in cui narra cosa accadde la notte della trasformazione. Il libro viene presentato a&nbsp;<em>Pi\u00f9 Libri Pi\u00f9 Liberi<\/em>&nbsp;e in molte librerie in tutta Italia, raccogliendo consensi e recensioni positive anche da importanti riviste di settore.<\/p>\n\n\n\n<p> <strong>Nel 2018 approda all\u2019Erudita, casa editrice fondata da Giulio Perrone Editore. <\/strong><\/p>\n\n\n\n<p><strong>Nell\u2019ottobre del 2019 esce in tutte le librerie il libro<\/strong>&nbsp;<em>\u00ab<a href=\"http:\/\/albertofiori.it\/scrivo-racconti-perche-lattenzione-scema\/\">SCRIVO RACCONTI PERCHE\u2019 L\u2019ATTENZIONE SCEMA<\/a>\u00bb<\/em>. <\/p>\n\n\n\n<p><strong>Tra presentazioni e serate, porta in tour un reading che miscela musica elettronica e racconti. Nasce cos\u00ec un podcast dal titolo<\/strong>&nbsp;<em>\u00ab<a href=\"http:\/\/albertofiori.it\/carosello\/podcast\/\">RACCONTI A TEMPO<\/a>\u00bb<\/em>, <strong>disponibile su tutte le piattaforme web <\/strong>(<em>Spreaker, Spotify, Apple Podcast etc.<\/em>); un esperimento sonoro-letterario, in cui i suoi racconti sono accompagnati da atmosfere musicali composte per l\u2019occasione e frutto di attenti studi sul rapporto tra parola e musica. <\/p>\n\n\n\n<p>Nel frattempo i suoi racconti vengono editati da RaiEri (<em>Plot Machine<\/em>) e in varie collane per&nbsp;<em>la c<\/em>asa editrice<em>&nbsp;l\u2019Erudita di Giulio Perrone Editore<\/em>. <\/p>\n\n\n\n<p><strong>Collabora alle collane di racconti di scrittrici del calibro di<\/strong> <em>Nadia Terranova, Lisa Ginzburg, Maria Rosa Cutrufelli e Vincenza Alfano. <\/em><\/p>\n\n\n\n<p>Le sue passioni pi\u00f9 grandi sono i gatti e i robot anni\u201980, ama la buona cucina e a tempo perso \u00e8 un esperto di diffusione editoriale (ma questo \u00e8 un altro discorso).<\/p>\n\n\n\n<p class=\"has-text-align-center has-background-dark-background-color has-background\">Tutto sui suoi libri <a href=\"https:\/\/albertofiori.it\/category\/libri\/\" target=\"_blank\" rel=\"noreferrer noopener\">qui<\/a><\/p>\n\n\n\n<div class=\"wp-block-image\"><figure class=\"aligncenter size-large is-resized\"><img loading=\"lazy\" decoding=\"async\" src=\"https:\/\/www.teatrodomma.it\/wp-content\/uploads\/2022\/05\/Alberto-Fiori_scrittista-musitore_primopiano2-785x1024.jpg\" alt=\"\" class=\"wp-image-5595\" width=\"600\" height=\"782\"\/><\/figure><\/div>\n","protected":false},"excerpt":{"rendered":"<p>Ama definirsi &#8220;scrittista-musitore&#8221;, perch\u00e9 in lui si fondono l\u2019anima dello scrittore e quella del musicista. Venerdi 20 maggio alle 20:30 Alberto Fiori torna dal vivo con \u00abRacconti a tempo live\u00bb&nbsp;&#8211; il&nbsp;reading dove si riding, in cui si racconter\u00e0 &nbsp;con nuove esilaranti storie. Una coinvolgente serata che il pubblico ricorder\u00e0 a lungo. Parte dei proventi raccolti [&hellip;]<\/p>\n","protected":false},"author":3,"featured_media":5594,"comment_status":"closed","ping_status":"open","sticky":false,"template":"","format":"standard","meta":{"saved_in_kubio":false,"footnotes":""},"categories":[23],"tags":[268,269,270,271,272,273,274,275,276],"class_list":{"0":"post-5590","1":"post","2":"type-post","3":"status-publish","4":"format-standard","5":"has-post-thumbnail","6":"hentry","7":"category-articoli-vari","8":"tag-alberto-fiori","9":"tag-claudia-campagnola","10":"tag-erudita","11":"tag-giulio-perrone-editore","12":"tag-menotti-minervini","13":"tag-pinocchio-e-il-capitolo-che-non-cera","14":"tag-podcast-racconti-a-tempo","15":"tag-racconti-a-tempo-live","16":"tag-scrivo-racconti-perche-lattenzione-scema","18":"post-with-thumbnail","19":"post-with-thumbnail-large"},"yoast_head":"<!-- This site is optimized with the Yoast SEO plugin v25.8 - https:\/\/yoast.com\/wordpress\/plugins\/seo\/ -->\n<title>I racconti a tempo di... Alberto Fiori - Teatro Domma<\/title>\n<meta name=\"robots\" content=\"index, follow, max-snippet:-1, max-image-preview:large, max-video-preview:-1\" \/>\n<link rel=\"canonical\" href=\"https:\/\/www.teatrodomma.it\/?p=5590\" \/>\n<meta property=\"og:locale\" content=\"it_IT\" \/>\n<meta property=\"og:type\" content=\"article\" \/>\n<meta property=\"og:title\" content=\"I racconti a tempo di... Alberto Fiori - Teatro Domma\" \/>\n<meta property=\"og:description\" content=\"Ama definirsi &#8220;scrittista-musitore&#8221;, perch\u00e9 in lui si fondono l\u2019anima dello scrittore e quella del musicista. Venerdi 20 maggio alle 20:30 Alberto Fiori torna dal vivo con \u00abRacconti a tempo live\u00bb&nbsp;&#8211; il&nbsp;reading dove si riding, in cui si racconter\u00e0 &nbsp;con nuove esilaranti storie. Una coinvolgente serata che il pubblico ricorder\u00e0 a lungo. Parte dei proventi raccolti [&hellip;]\" \/>\n<meta property=\"og:url\" content=\"https:\/\/www.teatrodomma.it\/?p=5590\" \/>\n<meta property=\"og:site_name\" content=\"Teatro Domma\" \/>\n<meta property=\"article:publisher\" content=\"https:\/\/www.facebook.com\/p\/Teatro-Domma-61556981831878\/?locale=it_IT\" \/>\n<meta property=\"article:published_time\" content=\"2022-05-15T15:25:00+00:00\" \/>\n<meta name=\"author\" content=\"Margherita De Donato\" \/>\n<meta name=\"twitter:card\" content=\"summary_large_image\" \/>\n<meta name=\"twitter:label1\" content=\"Scritto da\" \/>\n\t<meta name=\"twitter:data1\" content=\"Margherita De Donato\" \/>\n\t<meta name=\"twitter:label2\" content=\"Tempo di lettura stimato\" \/>\n\t<meta name=\"twitter:data2\" content=\"4 minuti\" \/>\n<script type=\"application\/ld+json\" class=\"yoast-schema-graph\">{\"@context\":\"https:\/\/schema.org\",\"@graph\":[{\"@type\":\"Article\",\"@id\":\"https:\/\/www.teatrodomma.it\/?p=5590#article\",\"isPartOf\":{\"@id\":\"https:\/\/www.teatrodomma.it\/?p=5590\"},\"author\":{\"name\":\"Margherita De Donato\",\"@id\":\"https:\/\/www.teatrodomma.it\/#\/schema\/person\/8a1f09bf4c695307c8aef38d93aa0e84\"},\"headline\":\"I racconti a tempo di&#8230; Alberto Fiori\",\"datePublished\":\"2022-05-15T15:25:00+00:00\",\"mainEntityOfPage\":{\"@id\":\"https:\/\/www.teatrodomma.it\/?p=5590\"},\"wordCount\":613,\"publisher\":{\"@id\":\"https:\/\/www.teatrodomma.it\/#organization\"},\"image\":{\"@id\":\"https:\/\/www.teatrodomma.it\/?p=5590#primaryimage\"},\"thumbnailUrl\":\"\",\"keywords\":[\"alberto fiori\",\"claudia campagnola\",\"Erudita\",\"Giulio Perrone editore\",\"menotti minervini\",\"Pinocchio e il capitolo che non c&#039;era\",\"podcast Racconti a tempo\",\"Racconti a tempo live\",\"Scrivo racconti perch\u00e9 l&#039;attenzione scema\"],\"articleSection\":[\"Articoli vari\"],\"inLanguage\":\"it-IT\"},{\"@type\":\"WebPage\",\"@id\":\"https:\/\/www.teatrodomma.it\/?p=5590\",\"url\":\"https:\/\/www.teatrodomma.it\/?p=5590\",\"name\":\"I racconti a tempo di... Alberto Fiori - Teatro Domma\",\"isPartOf\":{\"@id\":\"https:\/\/www.teatrodomma.it\/#website\"},\"primaryImageOfPage\":{\"@id\":\"https:\/\/www.teatrodomma.it\/?p=5590#primaryimage\"},\"image\":{\"@id\":\"https:\/\/www.teatrodomma.it\/?p=5590#primaryimage\"},\"thumbnailUrl\":\"\",\"datePublished\":\"2022-05-15T15:25:00+00:00\",\"breadcrumb\":{\"@id\":\"https:\/\/www.teatrodomma.it\/?p=5590#breadcrumb\"},\"inLanguage\":\"it-IT\",\"potentialAction\":[{\"@type\":\"ReadAction\",\"target\":[\"https:\/\/www.teatrodomma.it\/?p=5590\"]}]},{\"@type\":\"ImageObject\",\"inLanguage\":\"it-IT\",\"@id\":\"https:\/\/www.teatrodomma.it\/?p=5590#primaryimage\",\"url\":\"\",\"contentUrl\":\"\"},{\"@type\":\"BreadcrumbList\",\"@id\":\"https:\/\/www.teatrodomma.it\/?p=5590#breadcrumb\",\"itemListElement\":[{\"@type\":\"ListItem\",\"position\":1,\"name\":\"Home\",\"item\":\"https:\/\/www.teatrodomma.it\/\"},{\"@type\":\"ListItem\",\"position\":2,\"name\":\"I racconti a tempo di&#8230; Alberto Fiori\"}]},{\"@type\":\"WebSite\",\"@id\":\"https:\/\/www.teatrodomma.it\/#website\",\"url\":\"https:\/\/www.teatrodomma.it\/\",\"name\":\"Teatro Domma\",\"description\":\"\",\"publisher\":{\"@id\":\"https:\/\/www.teatrodomma.it\/#organization\"},\"potentialAction\":[{\"@type\":\"SearchAction\",\"target\":{\"@type\":\"EntryPoint\",\"urlTemplate\":\"https:\/\/www.teatrodomma.it\/?s={search_term_string}\"},\"query-input\":{\"@type\":\"PropertyValueSpecification\",\"valueRequired\":true,\"valueName\":\"search_term_string\"}}],\"inLanguage\":\"it-IT\"},{\"@type\":\"Organization\",\"@id\":\"https:\/\/www.teatrodomma.it\/#organization\",\"name\":\"Teatro Domma\",\"url\":\"https:\/\/www.teatrodomma.it\/\",\"logo\":{\"@type\":\"ImageObject\",\"inLanguage\":\"it-IT\",\"@id\":\"https:\/\/www.teatrodomma.it\/#\/schema\/logo\/image\/\",\"url\":\"https:\/\/www.teatrodomma.it\/wp-content\/uploads\/2025\/01\/LOGOICON-edited-2.png\",\"contentUrl\":\"https:\/\/www.teatrodomma.it\/wp-content\/uploads\/2025\/01\/LOGOICON-edited-2.png\",\"width\":510,\"height\":287,\"caption\":\"Teatro Domma\"},\"image\":{\"@id\":\"https:\/\/www.teatrodomma.it\/#\/schema\/logo\/image\/\"},\"sameAs\":[\"https:\/\/www.facebook.com\/p\/Teatro-Domma-61556981831878\/?locale=it_IT\",\"https:\/\/www.instagram.com\/teatro_domma\/\"]},{\"@type\":\"Person\",\"@id\":\"https:\/\/www.teatrodomma.it\/#\/schema\/person\/8a1f09bf4c695307c8aef38d93aa0e84\",\"name\":\"Margherita De Donato\",\"image\":{\"@type\":\"ImageObject\",\"inLanguage\":\"it-IT\",\"@id\":\"https:\/\/www.teatrodomma.it\/#\/schema\/person\/image\/\",\"url\":\"https:\/\/secure.gravatar.com\/avatar\/0fbebb2201a984022de9f07361f7fe88cb7fcefd6be5e33abf5559102ec20088?s=96&d=mm&r=g\",\"contentUrl\":\"https:\/\/secure.gravatar.com\/avatar\/0fbebb2201a984022de9f07361f7fe88cb7fcefd6be5e33abf5559102ec20088?s=96&d=mm&r=g\",\"caption\":\"Margherita De Donato\"},\"url\":\"https:\/\/www.teatrodomma.it\/?author=3\"}]}<\/script>\n<!-- \/ Yoast SEO plugin. -->","yoast_head_json":{"title":"I racconti a tempo di... Alberto Fiori - Teatro Domma","robots":{"index":"index","follow":"follow","max-snippet":"max-snippet:-1","max-image-preview":"max-image-preview:large","max-video-preview":"max-video-preview:-1"},"canonical":"https:\/\/www.teatrodomma.it\/?p=5590","og_locale":"it_IT","og_type":"article","og_title":"I racconti a tempo di... Alberto Fiori - Teatro Domma","og_description":"Ama definirsi &#8220;scrittista-musitore&#8221;, perch\u00e9 in lui si fondono l\u2019anima dello scrittore e quella del musicista. Venerdi 20 maggio alle 20:30 Alberto Fiori torna dal vivo con \u00abRacconti a tempo live\u00bb&nbsp;&#8211; il&nbsp;reading dove si riding, in cui si racconter\u00e0 &nbsp;con nuove esilaranti storie. Una coinvolgente serata che il pubblico ricorder\u00e0 a lungo. Parte dei proventi raccolti [&hellip;]","og_url":"https:\/\/www.teatrodomma.it\/?p=5590","og_site_name":"Teatro Domma","article_publisher":"https:\/\/www.facebook.com\/p\/Teatro-Domma-61556981831878\/?locale=it_IT","article_published_time":"2022-05-15T15:25:00+00:00","author":"Margherita De Donato","twitter_card":"summary_large_image","twitter_misc":{"Scritto da":"Margherita De Donato","Tempo di lettura stimato":"4 minuti"},"schema":{"@context":"https:\/\/schema.org","@graph":[{"@type":"Article","@id":"https:\/\/www.teatrodomma.it\/?p=5590#article","isPartOf":{"@id":"https:\/\/www.teatrodomma.it\/?p=5590"},"author":{"name":"Margherita De Donato","@id":"https:\/\/www.teatrodomma.it\/#\/schema\/person\/8a1f09bf4c695307c8aef38d93aa0e84"},"headline":"I racconti a tempo di&#8230; Alberto Fiori","datePublished":"2022-05-15T15:25:00+00:00","mainEntityOfPage":{"@id":"https:\/\/www.teatrodomma.it\/?p=5590"},"wordCount":613,"publisher":{"@id":"https:\/\/www.teatrodomma.it\/#organization"},"image":{"@id":"https:\/\/www.teatrodomma.it\/?p=5590#primaryimage"},"thumbnailUrl":"","keywords":["alberto fiori","claudia campagnola","Erudita","Giulio Perrone editore","menotti minervini","Pinocchio e il capitolo che non c&#039;era","podcast Racconti a tempo","Racconti a tempo live","Scrivo racconti perch\u00e9 l&#039;attenzione scema"],"articleSection":["Articoli vari"],"inLanguage":"it-IT"},{"@type":"WebPage","@id":"https:\/\/www.teatrodomma.it\/?p=5590","url":"https:\/\/www.teatrodomma.it\/?p=5590","name":"I racconti a tempo di... Alberto Fiori - Teatro Domma","isPartOf":{"@id":"https:\/\/www.teatrodomma.it\/#website"},"primaryImageOfPage":{"@id":"https:\/\/www.teatrodomma.it\/?p=5590#primaryimage"},"image":{"@id":"https:\/\/www.teatrodomma.it\/?p=5590#primaryimage"},"thumbnailUrl":"","datePublished":"2022-05-15T15:25:00+00:00","breadcrumb":{"@id":"https:\/\/www.teatrodomma.it\/?p=5590#breadcrumb"},"inLanguage":"it-IT","potentialAction":[{"@type":"ReadAction","target":["https:\/\/www.teatrodomma.it\/?p=5590"]}]},{"@type":"ImageObject","inLanguage":"it-IT","@id":"https:\/\/www.teatrodomma.it\/?p=5590#primaryimage","url":"","contentUrl":""},{"@type":"BreadcrumbList","@id":"https:\/\/www.teatrodomma.it\/?p=5590#breadcrumb","itemListElement":[{"@type":"ListItem","position":1,"name":"Home","item":"https:\/\/www.teatrodomma.it\/"},{"@type":"ListItem","position":2,"name":"I racconti a tempo di&#8230; Alberto Fiori"}]},{"@type":"WebSite","@id":"https:\/\/www.teatrodomma.it\/#website","url":"https:\/\/www.teatrodomma.it\/","name":"Teatro Domma","description":"","publisher":{"@id":"https:\/\/www.teatrodomma.it\/#organization"},"potentialAction":[{"@type":"SearchAction","target":{"@type":"EntryPoint","urlTemplate":"https:\/\/www.teatrodomma.it\/?s={search_term_string}"},"query-input":{"@type":"PropertyValueSpecification","valueRequired":true,"valueName":"search_term_string"}}],"inLanguage":"it-IT"},{"@type":"Organization","@id":"https:\/\/www.teatrodomma.it\/#organization","name":"Teatro Domma","url":"https:\/\/www.teatrodomma.it\/","logo":{"@type":"ImageObject","inLanguage":"it-IT","@id":"https:\/\/www.teatrodomma.it\/#\/schema\/logo\/image\/","url":"https:\/\/www.teatrodomma.it\/wp-content\/uploads\/2025\/01\/LOGOICON-edited-2.png","contentUrl":"https:\/\/www.teatrodomma.it\/wp-content\/uploads\/2025\/01\/LOGOICON-edited-2.png","width":510,"height":287,"caption":"Teatro Domma"},"image":{"@id":"https:\/\/www.teatrodomma.it\/#\/schema\/logo\/image\/"},"sameAs":["https:\/\/www.facebook.com\/p\/Teatro-Domma-61556981831878\/?locale=it_IT","https:\/\/www.instagram.com\/teatro_domma\/"]},{"@type":"Person","@id":"https:\/\/www.teatrodomma.it\/#\/schema\/person\/8a1f09bf4c695307c8aef38d93aa0e84","name":"Margherita De Donato","image":{"@type":"ImageObject","inLanguage":"it-IT","@id":"https:\/\/www.teatrodomma.it\/#\/schema\/person\/image\/","url":"https:\/\/secure.gravatar.com\/avatar\/0fbebb2201a984022de9f07361f7fe88cb7fcefd6be5e33abf5559102ec20088?s=96&d=mm&r=g","contentUrl":"https:\/\/secure.gravatar.com\/avatar\/0fbebb2201a984022de9f07361f7fe88cb7fcefd6be5e33abf5559102ec20088?s=96&d=mm&r=g","caption":"Margherita De Donato"},"url":"https:\/\/www.teatrodomma.it\/?author=3"}]}},"_links":{"self":[{"href":"https:\/\/www.teatrodomma.it\/index.php?rest_route=\/wp\/v2\/posts\/5590","targetHints":{"allow":["GET"]}}],"collection":[{"href":"https:\/\/www.teatrodomma.it\/index.php?rest_route=\/wp\/v2\/posts"}],"about":[{"href":"https:\/\/www.teatrodomma.it\/index.php?rest_route=\/wp\/v2\/types\/post"}],"author":[{"embeddable":true,"href":"https:\/\/www.teatrodomma.it\/index.php?rest_route=\/wp\/v2\/users\/3"}],"replies":[{"embeddable":true,"href":"https:\/\/www.teatrodomma.it\/index.php?rest_route=%2Fwp%2Fv2%2Fcomments&post=5590"}],"version-history":[{"count":0,"href":"https:\/\/www.teatrodomma.it\/index.php?rest_route=\/wp\/v2\/posts\/5590\/revisions"}],"wp:featuredmedia":[{"embeddable":true,"href":"https:\/\/www.teatrodomma.it\/index.php?rest_route=\/"}],"wp:attachment":[{"href":"https:\/\/www.teatrodomma.it\/index.php?rest_route=%2Fwp%2Fv2%2Fmedia&parent=5590"}],"wp:term":[{"taxonomy":"category","embeddable":true,"href":"https:\/\/www.teatrodomma.it\/index.php?rest_route=%2Fwp%2Fv2%2Fcategories&post=5590"},{"taxonomy":"post_tag","embeddable":true,"href":"https:\/\/www.teatrodomma.it\/index.php?rest_route=%2Fwp%2Fv2%2Ftags&post=5590"}],"curies":[{"name":"wp","href":"https:\/\/api.w.org\/{rel}","templated":true}]}}