{"id":6393,"date":"2023-03-07T00:27:40","date_gmt":"2023-03-06T23:27:40","guid":{"rendered":"https:\/\/www.teatrodomma.it\/?p=6393"},"modified":"2023-03-07T00:27:40","modified_gmt":"2023-03-06T23:27:40","slug":"gregory-una-storia-di-famiglia","status":"publish","type":"post","link":"https:\/\/www.teatrodomma.it\/?p=6393","title":{"rendered":"Gregory: una storia di famiglia"},"content":{"rendered":"\n<p class=\"has-background-dark-background-color has-background\"><em>Cosa accade in una famiglia all&#8217;interno della quale nasce un figlio &#8220;speciale&#8221;? U<em>na commedia corale umana<\/em> sul tema dell&#8217;autismo, <em>raccontato con sorriso, ironia e leggerezza<\/em>. Un messaggio di speranza in una societ\u00e0 molto spesso non inclusiva<\/em>.<\/p>\n\n\n\n<p>A lanciare il messaggio \u00e8 l&#8217;<strong>autrice-attrice<a href=\"https:\/\/www.facebook.com\/veronica.liberale.7\" target=\"_blank\" rel=\"noreferrer noopener\"> Veronica Liberale<\/a><\/strong> con <strong>gli attori del cast<\/strong>, capitanati dal <strong>protagonista <a href=\"https:\/\/www.facebook.com\/1631222765\/videos\/pcb.10225131141218924\/1239219849949279?locale=it_IT\" target=\"_blank\" rel=\"noreferrer noopener\">Francesco De Rosa<\/a><\/strong> (<em>Gregory<\/em>): <strong><a href=\"https:\/\/www.facebook.com\/stefania.polentini?paipv=0&amp;eav=AfbIumkYqf11aqRiZTQlq19s_TYNxaZrb_Ohb06t7BLyCAgcs_SH1ZBp25cFLXtW4Mw\" target=\"_blank\" rel=\"noreferrer noopener\">Stefania Polentini<\/a><\/strong>, <strong><a href=\"https:\/\/www.facebook.com\/armando.puccio?paipv=0&amp;eav=AfZDL9AaeSZfKFRMBnbZNyq_DA_yvzvoNI53DUseDnIJmJGqcvH6eMtZYFu4o8D3CmM\" target=\"_blank\" rel=\"noreferrer noopener\">Armando Puccio<\/a><\/strong>, <strong><a href=\"https:\/\/www.facebook.com\/francesca.pausilli.1?paipv=0&amp;eav=AfZrNe-sSw39jEcpqecdEW76PHdd9tLy-6yN8EHPcMqefWBJys-uF3yEte9RDqzwAms\" target=\"_blank\" rel=\"noreferrer noopener\">Francesca Pausilli<\/a> <\/strong>e<strong> <a href=\"https:\/\/www.facebook.com\/francesco.stella.10?paipv=0&amp;eav=AfZ_hpNPu5FDrlXLpd4o-hTgL_QTCNCQnoWfP1S5ml1qCFjq_KDf8JBHbYMdmdidCU8\" target=\"_blank\" rel=\"noreferrer noopener\">Francesco Stella<\/a><\/strong> <em>(questi ultimi due applauditissimi in spettacoli come &#8220;L&#8217;Hotel dei fantasmi&#8221; e &#8220;Il mistero del calzino bucato&#8221;, entrambi di e con Marco Zadra)<\/em>.<\/p>\n\n\n\n<div class=\"wp-block-image\"><figure class=\"aligncenter size-large\"><img decoding=\"async\" src=\"https:\/\/www.teatrodomma.it\/wp-content\/uploads\/2023\/03\/GREGORY_Stella-Pausilli-De-Rosain-scena-1024x768.jpg\" alt=\"\" class=\"wp-image-12552\"\/><figcaption><strong><em>In scena Francesco De Rosa (<strong><em>Gregory)<\/em><\/strong>, <strong><em>Francesco Stella<\/em><\/strong> (Adriano, il pap\u00e0) e Francesca Pausilli<\/em><\/strong><em><strong> (Tamara, la mamma)<\/strong><\/em> &#8211; <em><strong>Nella foto in apertura:  il cast al completo, manca soltanto il regista Nicola Pistoia<\/strong><\/em><\/figcaption><\/figure><\/div>\n\n\n\n<p class=\"has-background-dark-background-color has-background\">Una sindrome difficile da comprendere e da descrivere: l&#8217;autismo. Una storia che cambia la vita dei protagonisti, le cui vicende ci portano a riflettere sull&#8217;inconsistenza che si cela dietro il concetto di normalit\u00e0.<\/p>\n\n\n\n<p><strong>Cos\u00ec ne parla su Facebook <em>Francesco Stella<\/em> <\/strong>&#8211; che ha gi\u00e0 calcato il palco del Teatro Domma nei panni di Giuseppe per &#8220;In nome della madre&#8221; a novembre 2022 &#8211;<strong>  In <em>&#8220;GREGORY<\/em><\/strong><em>&#8221; <\/em><strong>interpreta il ruolo di Adriano, il pap\u00e0:<\/strong> &#8220;<em><em>E<\/em><\/em>&#8216;<em> un testo bellissimo che tratta con delicatezza, profondit\u00e0 e consapevolezza il tema dell\u2019autismo e lo fa con ironia, umorismo e speranza, grazie alla splendida penna di <a href=\"https:\/\/www.facebook.com\/veronica.liberale.7?__cft__[0]=AZWiXejIq3CSCSBc2TtNvwj2DzaUoYnUz2RNzOYi5cpSw8Rrs8j9333-VGthYT_KazsMajJVi8jS8UJCseSfRwSlSddueDLOkyuXfD2HxJ3XXgj-L_yAf6bfo_-3n8LEgqgdaICsV3k4aYHnhpejqplwPS3Ni9AG_hGk4HvLJLYHZw&amp;__tn__=-]K-R\" target=\"_blank\" rel=\"noreferrer noopener\"><strong>Veronica Liberale<\/strong><\/a>, che conosce questa realt\u00e0 in prima persona. E, insieme a lei tante, tante famiglie. Non avete idea quante. Avete presente quando inizi a parlare di un argomento e improvvisamente attorno a te, prima uno, poi un altro, poi un altro ancora ti svelano che anche loro lo vivono, direttamente o indirettamente, sulla propria pelle? Ecco, a me \u00e8 successo. E sono sempre pi\u00f9 convinto sia un tema di cui parlare, parlare, parlare. Per rendere un po\u2019 meno &#8220;isole&#8221; queste famiglie e tutti un po\u2019 pi\u00f9 &#8220;arcipelago&#8221;\u2026Noi ci proviamo per mezzo del Teatro&#8221;. <\/em><\/p>\n\n\n\n<p><strong>In generale, la gente ha paura di ci\u00f2 che non conosce<\/strong> (vedi appunto le discriminazioni relative alle disabilit\u00e0, agli stranieri, etc). <strong>E&#8217; la non conoscenza che porta alla paura e senza conoscere si nutrono pregiudizi. <\/strong>Questo tipo di diffidenza sociale, ad esempio, si riscontra in <em>&#8216;Direzione Laurentina&#8217;<\/em>, un\u2019altra opera di Veronica Liberale<em>.<\/em><\/p>\n\n\n\n<p>Il desiderio era quello di far conoscere <strong>&#8220;GREGORY<\/strong> <strong>: UNA STORIA DI FAMIGLIA&#8221;<\/strong> anche nelle scuole <strong>per sensibilizzare i giovani al tema dell&#8217;inclusione<\/strong> e ci\u00f2 \u00e8 stato realizzato per vari istituti superiori, tra cui il Liceo Gullace che lo scorso gennaio ha portato duecento ragazzi ad assistere alla rappresentazione.<\/p>\n\n\n\n<p><strong><em>Veronica Liberale<\/em> ha scritto su Facebook : <\/strong><em><strong>&#8220;<\/strong>Grazie a chi lo ha definito uno spettacolo necessario. Ma grazie soprattutto a chi vive quotidianamente ci\u00f2 che sul palco viene raccontato, le vostre risate e lacrime liberatorie sono la mia pi\u00f9 grande gioia e soddisfazione.&#8221;<\/em><\/p>\n\n\n\n<p class=\"has-text-align-center has-background-dark-background-color has-background\"><strong><a href=\"https:\/\/www.facebook.com\/1458410732\/posts\/10225343428640216\/\" target=\"_blank\" rel=\"noreferrer noopener\">IL TRAILER DELLO SPETTACOLO<\/a><\/strong><\/p>\n\n\n\n<figure class=\"wp-block-image size-large\"><img loading=\"lazy\" decoding=\"async\" width=\"768\" height=\"768\" src=\"http:\/\/test.teatrodomma.it\/wp-content\/uploads\/2022\/12\/Francesco-Stella-e-Veronica-Liberale_Canonico-TV2000.jpg\" alt=\"\" class=\"wp-image-10429\" srcset=\"https:\/\/www.teatrodomma.it\/wp-content\/uploads\/2022\/12\/Francesco-Stella-e-Veronica-Liberale_Canonico-TV2000.jpg 768w, https:\/\/www.teatrodomma.it\/wp-content\/uploads\/2022\/12\/Francesco-Stella-e-Veronica-Liberale_Canonico-TV2000-300x300.jpg 300w, https:\/\/www.teatrodomma.it\/wp-content\/uploads\/2022\/12\/Francesco-Stella-e-Veronica-Liberale_Canonico-TV2000-150x150.jpg 150w, https:\/\/www.teatrodomma.it\/wp-content\/uploads\/2022\/12\/Francesco-Stella-e-Veronica-Liberale_Canonico-TV2000-200x200.jpg 200w, https:\/\/www.teatrodomma.it\/wp-content\/uploads\/2022\/12\/Francesco-Stella-e-Veronica-Liberale_Canonico-TV2000-144x144.jpg 144w\" sizes=\"(max-width: 768px) 100vw, 768px\" \/><figcaption><strong><em>Francesco Stella e Veronica Liberale sul set della seconda serie di &#8220;Canonico&#8221; per TV2000 <\/em><\/strong><\/figcaption><\/figure>\n\n\n\n<p class=\"has-text-align-center has-background-dark-background-color has-background\"><strong><a href=\"https:\/\/www.facebook.com\/gregoryunastoriadifamiglia\" target=\"_blank\" rel=\"noreferrer noopener\">GREGORY SU FACEBOOK<\/a><\/strong><\/p>\n\n\n\n<p>Nel 2022 <strong><a href=\"https:\/\/www.teatrodomma.it\/blog\/recensioni\/gregory-ovvero-siamo-tutti-unici\/\" target=\"_blank\" rel=\"noreferrer noopener\">&#8220;GREGORY: UNA STORIA DI FAMIGLIA&#8221;<\/a>, per la regia di Nicola Pistoia<\/strong>, \u00e8 andato in scena al Teatro de\u2019 Servi con successo e da allora ha intrapreso un viaggio inarrestabile, andando anche in tourn\u00e9e fuori del Lazio. Nel secondo anno di ripresa a Roma ha visto seicento ragazzi di scuola attenti e partecipativi.<\/p>\n\n\n\n<p class=\"has-text-align-center\">Lo aspettiamo il <strong><a href=\"https:\/\/www.i-ticket.it\/eventi\/gregory-teatro-domma-roma-25-03-biglietti\" target=\"_blank\" rel=\"noreferrer noopener\">25 marzo 2023 al TEATRO DOMMA<\/a><\/strong><\/p>\n\n\n\n<p class=\"has-text-align-center\"><strong>Prenotazioni al botteghino (telefonando dal Lun al Ven 16:00 &#8211; 20:00 oppure inviando sms e WApp al 3286077138) e anche su<a href=\"https:\/\/www.i-ticket.it\/eventi\/gregory-teatro-domma-roma-25-03-biglietti\" target=\"_blank\" rel=\"noreferrer noopener\"> iTicket<\/a><\/strong><\/p>\n\n\n\n<figure class=\"wp-block-image size-large\"><img loading=\"lazy\" decoding=\"async\" width=\"831\" height=\"453\" src=\"http:\/\/test.teatrodomma.it\/wp-content\/uploads\/2022\/10\/Gregory_25032023.jpg\" alt=\"\" class=\"wp-image-6686\" srcset=\"https:\/\/www.teatrodomma.it\/wp-content\/uploads\/2022\/10\/Gregory_25032023.jpg 831w, https:\/\/www.teatrodomma.it\/wp-content\/uploads\/2022\/10\/Gregory_25032023-300x164.jpg 300w, https:\/\/www.teatrodomma.it\/wp-content\/uploads\/2022\/10\/Gregory_25032023-768x419.jpg 768w, https:\/\/www.teatrodomma.it\/wp-content\/uploads\/2022\/10\/Gregory_25032023-200x109.jpg 200w\" sizes=\"(max-width: 831px) 100vw, 831px\" \/><figcaption><strong>Regia di&nbsp;<em>Nicola Pistoia<\/em>. Aiuto regia:&nbsp;<em><a href=\"https:\/\/www.facebook.com\/loredana.piedimonte\/?locale=it_IT\" target=\"_blank\" rel=\"noreferrer noopener\">Loredana Piedimonte<\/a><\/em>.<\/strong> <strong>Social Media Manager:<\/strong>&nbsp;<strong><em><a href=\"https:\/\/www.facebook.com\/elena.tomei2\" target=\"_blank\" rel=\"noreferrer noopener\">Elena Tomei<\/a><\/em><\/strong>&nbsp;(vedi la&nbsp;<a href=\"https:\/\/www.facebook.com\/gregoryunastoriadifamiglia\" target=\"_blank\" rel=\"noreferrer noopener\">pagina di Gregory su Facebook<\/a>).<\/figcaption><\/figure>\n\n\n\n<p><strong>VERONICA LIBERALE<\/strong> (autrice di testi teatrali di successo come&nbsp;&#8220;<em>Pane, Latte e Lacrime<\/em>&#8221;&nbsp;e&nbsp;&#8220;<em>Direzione Laurentina<\/em>&#8220;) <strong>si \u00e8 sempre occupata di tematiche sociali<\/strong> &#8211; dall\u2019emigrazione alla scuola &#8211; seppure in toni da commedia e, probabilmente, era un percorso naturale che narrasse la situazione delle famiglie con un figlio con lo spettro autistico, vivendo la problematica personalmente da vicino.<\/p>\n\n\n\n<p class=\"has-background-dark-background-color has-background\"><strong>Cos\u00ec l&#8217;autrice aveva presentato il suo testo<\/strong> <strong>su <\/strong><a href=\"https:\/\/www.gofundme.com\/f\/gregory-una-storia-di-famiglia?utm_campaign=p_cf+share-flow-1&amp;utm_medium=chat&amp;utm_source=whatsapp\" target=\"_blank\" rel=\"noreferrer noopener\"><strong>gofundme<\/strong> <\/a><strong>in cerca di una produzione:<\/strong> <em>&#8220;Ciao, mi chiamo Veronica Liberale sono un&#8217;autrice teatrale. <strong><a href=\"https:\/\/www.facebook.com\/photo.php?fbid=10225921297726582&amp;set=pb.1458410732.-2207520000.&amp;type=3\" target=\"_blank\" rel=\"noreferrer noopener\">In quanto mamma di un bambino autistico<\/a> ho sentito l&#8217;esigenza di scrivere un testo che descriva le vicissitudini di una famiglia, all&#8217;interno della quale nasce un figlio diverso, con le sue caratteristiche e il suo modo speciale di relazionarsi.<\/strong> Mi sono interrogata su ci\u00f2 che realmente accade, sulle aspettative mancate, le difficolt\u00e0 oggettive della vita quotidiana che questo evento scatena. E&#8217; venuta fuori una commedia corale umana che io ho voluto raccontare con sorriso, ironia e leggerezza<strong>, rifuggendo da qualsiasi tipo di pietismo e retorica<\/strong>, dando un messaggio di speranza e <strong>partendo dalla voglia di riflettere<\/strong> su una societ\u00e0 molto spesso non inclusiva e <strong>sull&#8217;inconsistenza e la vacuit\u00e0, che si cela dietro il concetto di &#8220;normalit\u00e0<\/strong>. Sono riuscita a trovare un cast artistico e tecnico di professionisti, intenzionati a far parte del progetto e un teatro disposto ad ospitarci. Lo spettacolo manca di una produzione (per via della gravissima crisi che ha colpito il mondo del teatro durante la pandemia), abbiamo bisogno di chiunque voglia dare un contributo economico per poter materialmente allestire lo spettacolo e coprire le spese vive (costo sala prove, rimborso artisti, compenso tecnici, scene e costumi, affitto service audio e luci ecc). L&#8217;intento \u00e8 quello di portare lo spettacolo anche nelle scuole e in giro per l&#8217;Italia e sensibilizzare l&#8217;opinione pubblica, raccontando una sindrome a tutt&#8217;oggi difficile da comprendere. <strong>La novit\u00e0 che vogliamo cavalcare \u00e8 quella di parlarne con il linguaggio della commedia, che ha nell&#8217;Italia le sue radici e un illustre tradizione e far riflettere donando un sorriso.<\/strong> Ringrazio chiunque possa supportarci in questo senso.&#8221;<\/em><\/p>\n\n\n\n<p class=\"has-text-align-center\"><strong>IL SUPPORTO C&#8217;E&#8217; STATO E LO SPETTACOLO VA IN SCENA <strong>DAL 2022<\/strong><\/strong><\/p>\n\n\n\n<p class=\"has-text-align-center has-background-dark-background-color has-background\"><strong>SI RIDE, SI RIFLETTE, CI SI COMMUOVE<\/strong><\/p>\n\n\n\n<p>Con toni leggeri e ironici, lo spettacolo ci accompagna alla scoperta di un figlio &#8220;diversamente unico&#8221;, con bisogni &#8220;speciali&#8221;. GREGORY potrebbe dire: &#8220;Non sono io che sono diverso, siete voi che siete tutti uguali&#8221;, ma lui sa che in realt\u00e0 siamo tutti unici!<\/p>\n\n\n\n<div class=\"wp-block-image\"><figure class=\"aligncenter size-large\"><img loading=\"lazy\" decoding=\"async\" width=\"731\" height=\"1024\" src=\"http:\/\/test.teatrodomma.it\/wp-content\/uploads\/2022\/12\/GREGORY_locandina-Teatro-de-Servi-731x1024.jpg\" alt=\"\" class=\"wp-image-10418\" srcset=\"https:\/\/www.teatrodomma.it\/wp-content\/uploads\/2022\/12\/GREGORY_locandina-Teatro-de-Servi-731x1024.jpg 731w, https:\/\/www.teatrodomma.it\/wp-content\/uploads\/2022\/12\/GREGORY_locandina-Teatro-de-Servi-214x300.jpg 214w, https:\/\/www.teatrodomma.it\/wp-content\/uploads\/2022\/12\/GREGORY_locandina-Teatro-de-Servi-768x1076.jpg 768w, https:\/\/www.teatrodomma.it\/wp-content\/uploads\/2022\/12\/GREGORY_locandina-Teatro-de-Servi-200x280.jpg 200w, https:\/\/www.teatrodomma.it\/wp-content\/uploads\/2022\/12\/GREGORY_locandina-Teatro-de-Servi-771x1080.jpg 771w, https:\/\/www.teatrodomma.it\/wp-content\/uploads\/2022\/12\/GREGORY_locandina-Teatro-de-Servi.jpg 818w\" sizes=\"(max-width: 731px) 100vw, 731px\" \/><figcaption><em><strong>LA LOCANDINA DELLO SPETTACOLO QUANDO DEBUTTO&#8217; NEL 2022<\/strong><\/em><\/figcaption><\/figure><\/div>\n","protected":false},"excerpt":{"rendered":"<p>Cosa accade in una famiglia all&#8217;interno della quale nasce un figlio &#8220;speciale&#8221;? Una commedia corale umana sul tema dell&#8217;autismo, raccontato con sorriso, ironia e leggerezza. Un messaggio di speranza in una societ\u00e0 molto spesso non inclusiva. A lanciare il messaggio \u00e8 l&#8217;autrice-attrice Veronica Liberale con gli attori del cast, capitanati dal protagonista Francesco De Rosa [&hellip;]<\/p>\n","protected":false},"author":3,"featured_media":10417,"comment_status":"closed","ping_status":"open","sticky":false,"template":"","format":"standard","meta":{"saved_in_kubio":false,"footnotes":""},"categories":[14],"tags":[342,343,299,344,249,345],"class_list":{"0":"post-6393","1":"post","2":"type-post","3":"status-publish","4":"format-standard","5":"has-post-thumbnail","6":"hentry","7":"category-recensioni","8":"tag-antonia-di-francesco","9":"tag-francesca-pausilli","10":"tag-francesco-stella","11":"tag-gregory-una-storia-di-famiglia","12":"tag-nicola-pistoia","13":"tag-veronica-liberale","15":"post-with-thumbnail","16":"post-with-thumbnail-large"},"yoast_head":"<!-- This site is optimized with the Yoast SEO plugin v25.8 - https:\/\/yoast.com\/wordpress\/plugins\/seo\/ -->\n<title>Gregory: una storia di famiglia - Teatro Domma<\/title>\n<meta name=\"robots\" content=\"index, follow, max-snippet:-1, max-image-preview:large, max-video-preview:-1\" \/>\n<link rel=\"canonical\" href=\"https:\/\/www.teatrodomma.it\/?p=6393\" \/>\n<meta property=\"og:locale\" content=\"it_IT\" \/>\n<meta property=\"og:type\" content=\"article\" \/>\n<meta property=\"og:title\" content=\"Gregory: una storia di famiglia - Teatro Domma\" \/>\n<meta property=\"og:description\" content=\"Cosa accade in una famiglia all&#8217;interno della quale nasce un figlio &#8220;speciale&#8221;? Una commedia corale umana sul tema dell&#8217;autismo, raccontato con sorriso, ironia e leggerezza. Un messaggio di speranza in una societ\u00e0 molto spesso non inclusiva. A lanciare il messaggio \u00e8 l&#8217;autrice-attrice Veronica Liberale con gli attori del cast, capitanati dal protagonista Francesco De Rosa [&hellip;]\" \/>\n<meta property=\"og:url\" content=\"https:\/\/www.teatrodomma.it\/?p=6393\" \/>\n<meta property=\"og:site_name\" content=\"Teatro Domma\" \/>\n<meta property=\"article:publisher\" content=\"https:\/\/www.facebook.com\/p\/Teatro-Domma-61556981831878\/?locale=it_IT\" \/>\n<meta property=\"article:published_time\" content=\"2023-03-06T23:27:40+00:00\" \/>\n<meta property=\"og:image\" content=\"https:\/\/www.teatrodomma.it\/wp-content\/uploads\/2022\/12\/GREGORY_il-cast-in-scena-e1671635197198.jpg\" \/>\n\t<meta property=\"og:image:width\" content=\"900\" \/>\n\t<meta property=\"og:image:height\" content=\"628\" \/>\n\t<meta property=\"og:image:type\" content=\"image\/jpeg\" \/>\n<meta name=\"author\" content=\"Margherita De Donato\" \/>\n<meta name=\"twitter:card\" content=\"summary_large_image\" \/>\n<meta name=\"twitter:label1\" content=\"Scritto da\" \/>\n\t<meta name=\"twitter:data1\" content=\"Margherita De Donato\" \/>\n\t<meta name=\"twitter:label2\" content=\"Tempo di lettura stimato\" \/>\n\t<meta name=\"twitter:data2\" content=\"6 minuti\" \/>\n<script type=\"application\/ld+json\" class=\"yoast-schema-graph\">{\"@context\":\"https:\/\/schema.org\",\"@graph\":[{\"@type\":\"Article\",\"@id\":\"https:\/\/www.teatrodomma.it\/?p=6393#article\",\"isPartOf\":{\"@id\":\"https:\/\/www.teatrodomma.it\/?p=6393\"},\"author\":{\"name\":\"Margherita De Donato\",\"@id\":\"https:\/\/www.teatrodomma.it\/#\/schema\/person\/8a1f09bf4c695307c8aef38d93aa0e84\"},\"headline\":\"Gregory: una storia di famiglia\",\"datePublished\":\"2023-03-06T23:27:40+00:00\",\"mainEntityOfPage\":{\"@id\":\"https:\/\/www.teatrodomma.it\/?p=6393\"},\"wordCount\":1010,\"publisher\":{\"@id\":\"https:\/\/www.teatrodomma.it\/#organization\"},\"image\":{\"@id\":\"https:\/\/www.teatrodomma.it\/?p=6393#primaryimage\"},\"thumbnailUrl\":\"https:\/\/www.teatrodomma.it\/wp-content\/uploads\/2022\/12\/GREGORY_il-cast-in-scena-e1671635197198.jpg\",\"keywords\":[\"Antonia Di Francesco\",\"Francesca Pausilli\",\"Francesco Stella\",\"Gregory - Una storia di famiglia\",\"nicola pistoia\",\"Veronica Liberale\"],\"articleSection\":[\"Recensioni\"],\"inLanguage\":\"it-IT\"},{\"@type\":\"WebPage\",\"@id\":\"https:\/\/www.teatrodomma.it\/?p=6393\",\"url\":\"https:\/\/www.teatrodomma.it\/?p=6393\",\"name\":\"Gregory: una storia di famiglia - Teatro Domma\",\"isPartOf\":{\"@id\":\"https:\/\/www.teatrodomma.it\/#website\"},\"primaryImageOfPage\":{\"@id\":\"https:\/\/www.teatrodomma.it\/?p=6393#primaryimage\"},\"image\":{\"@id\":\"https:\/\/www.teatrodomma.it\/?p=6393#primaryimage\"},\"thumbnailUrl\":\"https:\/\/www.teatrodomma.it\/wp-content\/uploads\/2022\/12\/GREGORY_il-cast-in-scena-e1671635197198.jpg\",\"datePublished\":\"2023-03-06T23:27:40+00:00\",\"breadcrumb\":{\"@id\":\"https:\/\/www.teatrodomma.it\/?p=6393#breadcrumb\"},\"inLanguage\":\"it-IT\",\"potentialAction\":[{\"@type\":\"ReadAction\",\"target\":[\"https:\/\/www.teatrodomma.it\/?p=6393\"]}]},{\"@type\":\"ImageObject\",\"inLanguage\":\"it-IT\",\"@id\":\"https:\/\/www.teatrodomma.it\/?p=6393#primaryimage\",\"url\":\"https:\/\/www.teatrodomma.it\/wp-content\/uploads\/2022\/12\/GREGORY_il-cast-in-scena-e1671635197198.jpg\",\"contentUrl\":\"https:\/\/www.teatrodomma.it\/wp-content\/uploads\/2022\/12\/GREGORY_il-cast-in-scena-e1671635197198.jpg\",\"width\":900,\"height\":628},{\"@type\":\"BreadcrumbList\",\"@id\":\"https:\/\/www.teatrodomma.it\/?p=6393#breadcrumb\",\"itemListElement\":[{\"@type\":\"ListItem\",\"position\":1,\"name\":\"Home\",\"item\":\"https:\/\/www.teatrodomma.it\/\"},{\"@type\":\"ListItem\",\"position\":2,\"name\":\"Gregory: una storia di famiglia\"}]},{\"@type\":\"WebSite\",\"@id\":\"https:\/\/www.teatrodomma.it\/#website\",\"url\":\"https:\/\/www.teatrodomma.it\/\",\"name\":\"Teatro Domma\",\"description\":\"\",\"publisher\":{\"@id\":\"https:\/\/www.teatrodomma.it\/#organization\"},\"potentialAction\":[{\"@type\":\"SearchAction\",\"target\":{\"@type\":\"EntryPoint\",\"urlTemplate\":\"https:\/\/www.teatrodomma.it\/?s={search_term_string}\"},\"query-input\":{\"@type\":\"PropertyValueSpecification\",\"valueRequired\":true,\"valueName\":\"search_term_string\"}}],\"inLanguage\":\"it-IT\"},{\"@type\":\"Organization\",\"@id\":\"https:\/\/www.teatrodomma.it\/#organization\",\"name\":\"Teatro Domma\",\"url\":\"https:\/\/www.teatrodomma.it\/\",\"logo\":{\"@type\":\"ImageObject\",\"inLanguage\":\"it-IT\",\"@id\":\"https:\/\/www.teatrodomma.it\/#\/schema\/logo\/image\/\",\"url\":\"https:\/\/www.teatrodomma.it\/wp-content\/uploads\/2025\/01\/LOGOICON-edited-2.png\",\"contentUrl\":\"https:\/\/www.teatrodomma.it\/wp-content\/uploads\/2025\/01\/LOGOICON-edited-2.png\",\"width\":510,\"height\":287,\"caption\":\"Teatro Domma\"},\"image\":{\"@id\":\"https:\/\/www.teatrodomma.it\/#\/schema\/logo\/image\/\"},\"sameAs\":[\"https:\/\/www.facebook.com\/p\/Teatro-Domma-61556981831878\/?locale=it_IT\",\"https:\/\/www.instagram.com\/teatro_domma\/\"]},{\"@type\":\"Person\",\"@id\":\"https:\/\/www.teatrodomma.it\/#\/schema\/person\/8a1f09bf4c695307c8aef38d93aa0e84\",\"name\":\"Margherita De Donato\",\"image\":{\"@type\":\"ImageObject\",\"inLanguage\":\"it-IT\",\"@id\":\"https:\/\/www.teatrodomma.it\/#\/schema\/person\/image\/\",\"url\":\"https:\/\/secure.gravatar.com\/avatar\/0fbebb2201a984022de9f07361f7fe88cb7fcefd6be5e33abf5559102ec20088?s=96&d=mm&r=g\",\"contentUrl\":\"https:\/\/secure.gravatar.com\/avatar\/0fbebb2201a984022de9f07361f7fe88cb7fcefd6be5e33abf5559102ec20088?s=96&d=mm&r=g\",\"caption\":\"Margherita De Donato\"},\"url\":\"https:\/\/www.teatrodomma.it\/?author=3\"}]}<\/script>\n<!-- \/ Yoast SEO plugin. -->","yoast_head_json":{"title":"Gregory: una storia di famiglia - Teatro Domma","robots":{"index":"index","follow":"follow","max-snippet":"max-snippet:-1","max-image-preview":"max-image-preview:large","max-video-preview":"max-video-preview:-1"},"canonical":"https:\/\/www.teatrodomma.it\/?p=6393","og_locale":"it_IT","og_type":"article","og_title":"Gregory: una storia di famiglia - Teatro Domma","og_description":"Cosa accade in una famiglia all&#8217;interno della quale nasce un figlio &#8220;speciale&#8221;? Una commedia corale umana sul tema dell&#8217;autismo, raccontato con sorriso, ironia e leggerezza. Un messaggio di speranza in una societ\u00e0 molto spesso non inclusiva. A lanciare il messaggio \u00e8 l&#8217;autrice-attrice Veronica Liberale con gli attori del cast, capitanati dal protagonista Francesco De Rosa [&hellip;]","og_url":"https:\/\/www.teatrodomma.it\/?p=6393","og_site_name":"Teatro Domma","article_publisher":"https:\/\/www.facebook.com\/p\/Teatro-Domma-61556981831878\/?locale=it_IT","article_published_time":"2023-03-06T23:27:40+00:00","og_image":[{"width":900,"height":628,"url":"https:\/\/www.teatrodomma.it\/wp-content\/uploads\/2022\/12\/GREGORY_il-cast-in-scena-e1671635197198.jpg","type":"image\/jpeg"}],"author":"Margherita De Donato","twitter_card":"summary_large_image","twitter_misc":{"Scritto da":"Margherita De Donato","Tempo di lettura stimato":"6 minuti"},"schema":{"@context":"https:\/\/schema.org","@graph":[{"@type":"Article","@id":"https:\/\/www.teatrodomma.it\/?p=6393#article","isPartOf":{"@id":"https:\/\/www.teatrodomma.it\/?p=6393"},"author":{"name":"Margherita De Donato","@id":"https:\/\/www.teatrodomma.it\/#\/schema\/person\/8a1f09bf4c695307c8aef38d93aa0e84"},"headline":"Gregory: una storia di famiglia","datePublished":"2023-03-06T23:27:40+00:00","mainEntityOfPage":{"@id":"https:\/\/www.teatrodomma.it\/?p=6393"},"wordCount":1010,"publisher":{"@id":"https:\/\/www.teatrodomma.it\/#organization"},"image":{"@id":"https:\/\/www.teatrodomma.it\/?p=6393#primaryimage"},"thumbnailUrl":"https:\/\/www.teatrodomma.it\/wp-content\/uploads\/2022\/12\/GREGORY_il-cast-in-scena-e1671635197198.jpg","keywords":["Antonia Di Francesco","Francesca Pausilli","Francesco Stella","Gregory - Una storia di famiglia","nicola pistoia","Veronica Liberale"],"articleSection":["Recensioni"],"inLanguage":"it-IT"},{"@type":"WebPage","@id":"https:\/\/www.teatrodomma.it\/?p=6393","url":"https:\/\/www.teatrodomma.it\/?p=6393","name":"Gregory: una storia di famiglia - Teatro Domma","isPartOf":{"@id":"https:\/\/www.teatrodomma.it\/#website"},"primaryImageOfPage":{"@id":"https:\/\/www.teatrodomma.it\/?p=6393#primaryimage"},"image":{"@id":"https:\/\/www.teatrodomma.it\/?p=6393#primaryimage"},"thumbnailUrl":"https:\/\/www.teatrodomma.it\/wp-content\/uploads\/2022\/12\/GREGORY_il-cast-in-scena-e1671635197198.jpg","datePublished":"2023-03-06T23:27:40+00:00","breadcrumb":{"@id":"https:\/\/www.teatrodomma.it\/?p=6393#breadcrumb"},"inLanguage":"it-IT","potentialAction":[{"@type":"ReadAction","target":["https:\/\/www.teatrodomma.it\/?p=6393"]}]},{"@type":"ImageObject","inLanguage":"it-IT","@id":"https:\/\/www.teatrodomma.it\/?p=6393#primaryimage","url":"https:\/\/www.teatrodomma.it\/wp-content\/uploads\/2022\/12\/GREGORY_il-cast-in-scena-e1671635197198.jpg","contentUrl":"https:\/\/www.teatrodomma.it\/wp-content\/uploads\/2022\/12\/GREGORY_il-cast-in-scena-e1671635197198.jpg","width":900,"height":628},{"@type":"BreadcrumbList","@id":"https:\/\/www.teatrodomma.it\/?p=6393#breadcrumb","itemListElement":[{"@type":"ListItem","position":1,"name":"Home","item":"https:\/\/www.teatrodomma.it\/"},{"@type":"ListItem","position":2,"name":"Gregory: una storia di famiglia"}]},{"@type":"WebSite","@id":"https:\/\/www.teatrodomma.it\/#website","url":"https:\/\/www.teatrodomma.it\/","name":"Teatro Domma","description":"","publisher":{"@id":"https:\/\/www.teatrodomma.it\/#organization"},"potentialAction":[{"@type":"SearchAction","target":{"@type":"EntryPoint","urlTemplate":"https:\/\/www.teatrodomma.it\/?s={search_term_string}"},"query-input":{"@type":"PropertyValueSpecification","valueRequired":true,"valueName":"search_term_string"}}],"inLanguage":"it-IT"},{"@type":"Organization","@id":"https:\/\/www.teatrodomma.it\/#organization","name":"Teatro Domma","url":"https:\/\/www.teatrodomma.it\/","logo":{"@type":"ImageObject","inLanguage":"it-IT","@id":"https:\/\/www.teatrodomma.it\/#\/schema\/logo\/image\/","url":"https:\/\/www.teatrodomma.it\/wp-content\/uploads\/2025\/01\/LOGOICON-edited-2.png","contentUrl":"https:\/\/www.teatrodomma.it\/wp-content\/uploads\/2025\/01\/LOGOICON-edited-2.png","width":510,"height":287,"caption":"Teatro Domma"},"image":{"@id":"https:\/\/www.teatrodomma.it\/#\/schema\/logo\/image\/"},"sameAs":["https:\/\/www.facebook.com\/p\/Teatro-Domma-61556981831878\/?locale=it_IT","https:\/\/www.instagram.com\/teatro_domma\/"]},{"@type":"Person","@id":"https:\/\/www.teatrodomma.it\/#\/schema\/person\/8a1f09bf4c695307c8aef38d93aa0e84","name":"Margherita De Donato","image":{"@type":"ImageObject","inLanguage":"it-IT","@id":"https:\/\/www.teatrodomma.it\/#\/schema\/person\/image\/","url":"https:\/\/secure.gravatar.com\/avatar\/0fbebb2201a984022de9f07361f7fe88cb7fcefd6be5e33abf5559102ec20088?s=96&d=mm&r=g","contentUrl":"https:\/\/secure.gravatar.com\/avatar\/0fbebb2201a984022de9f07361f7fe88cb7fcefd6be5e33abf5559102ec20088?s=96&d=mm&r=g","caption":"Margherita De Donato"},"url":"https:\/\/www.teatrodomma.it\/?author=3"}]}},"_links":{"self":[{"href":"https:\/\/www.teatrodomma.it\/index.php?rest_route=\/wp\/v2\/posts\/6393","targetHints":{"allow":["GET"]}}],"collection":[{"href":"https:\/\/www.teatrodomma.it\/index.php?rest_route=\/wp\/v2\/posts"}],"about":[{"href":"https:\/\/www.teatrodomma.it\/index.php?rest_route=\/wp\/v2\/types\/post"}],"author":[{"embeddable":true,"href":"https:\/\/www.teatrodomma.it\/index.php?rest_route=\/wp\/v2\/users\/3"}],"replies":[{"embeddable":true,"href":"https:\/\/www.teatrodomma.it\/index.php?rest_route=%2Fwp%2Fv2%2Fcomments&post=6393"}],"version-history":[{"count":0,"href":"https:\/\/www.teatrodomma.it\/index.php?rest_route=\/wp\/v2\/posts\/6393\/revisions"}],"wp:featuredmedia":[{"embeddable":true,"href":"https:\/\/www.teatrodomma.it\/index.php?rest_route=\/wp\/v2\/media\/10417"}],"wp:attachment":[{"href":"https:\/\/www.teatrodomma.it\/index.php?rest_route=%2Fwp%2Fv2%2Fmedia&parent=6393"}],"wp:term":[{"taxonomy":"category","embeddable":true,"href":"https:\/\/www.teatrodomma.it\/index.php?rest_route=%2Fwp%2Fv2%2Fcategories&post=6393"},{"taxonomy":"post_tag","embeddable":true,"href":"https:\/\/www.teatrodomma.it\/index.php?rest_route=%2Fwp%2Fv2%2Ftags&post=6393"}],"curies":[{"name":"wp","href":"https:\/\/api.w.org\/{rel}","templated":true}]}}