{"id":6551,"date":"2022-10-01T08:02:00","date_gmt":"2022-10-01T06:02:00","guid":{"rendered":"https:\/\/www.teatrodomma.it\/?p=6551"},"modified":"2022-10-01T08:02:00","modified_gmt":"2022-10-01T06:02:00","slug":"aforismi-di-ottobre","status":"publish","type":"post","link":"https:\/\/www.teatrodomma.it\/?p=6551","title":{"rendered":"Aforismi di ottobre&#8230;"},"content":{"rendered":"\n<p class=\"has-background-dark-background-color has-background\"><em>Alcune citazioni di personaggi famosi legati all&#8217;arte<\/em><\/p>\n\n\n\n<blockquote class=\"wp-block-quote is-layout-flow wp-block-quote-is-layout-flow\"><p>C&#8217;\u00e8 ancora spazio per il teatro.<\/p><cite>(Pietro Garinei)<\/cite><\/blockquote>\n\n\n\n<blockquote class=\"wp-block-quote is-layout-flow wp-block-quote-is-layout-flow\"><p>La risata fa rumore.<\/p><cite>(Tot\u00f2)<\/cite><\/blockquote>\n\n\n\n<blockquote class=\"wp-block-quote is-layout-flow wp-block-quote-is-layout-flow\"><p>Un popolo senza satira e senza senso dell&#8217;ironia \u00e8 un popolo morto.<\/p><cite>(Dario Fo)<\/cite><\/blockquote>\n\n\n\n<blockquote class=\"wp-block-quote is-layout-flow wp-block-quote-is-layout-flow\"><p>La nostra realt\u00e0 \u00e8 tragica solo per un quarto: il resto \u00e8 comico.<\/p><cite>(Albero Sordi)<\/cite><\/blockquote>\n\n\n\n<blockquote class=\"wp-block-quote is-layout-flow wp-block-quote-is-layout-flow\"><p>Il mio scopo \u00e8 rintracciare il drammatico nelle situazioni quotidiane, il meraviglioso della piccola cronaca, anzi, della piccolissima cronaca.<\/p><cite>(Vittorio De Sica)<\/cite><\/blockquote>\n\n\n\n<blockquote class=\"wp-block-quote is-layout-flow wp-block-quote-is-layout-flow\"><p>Conta prima la mimica, poi la parola: questo non lo insegna pi\u00f9 nessuno.<\/p><cite>(Nino Manfredi)<\/cite><\/blockquote>\n\n\n\n<blockquote class=\"wp-block-quote is-layout-flow wp-block-quote-is-layout-flow\"><p>Qual \u00e8 la vera vittoria, quella che fa battere le mani o battere i cuori?<\/p><cite>(Pier Paolo Pasolini)<\/cite><\/blockquote>\n\n\n\n<blockquote class=\"wp-block-quote is-layout-flow wp-block-quote-is-layout-flow\"><p>Chi vince la battaglia con la coscienza ha vinto la guerra dell&#8217;esistenza.<\/p><cite>(Aldo Fabrizi)<\/cite><\/blockquote>\n\n\n\n<p class=\"has-text-align-left\"><strong>FOTO DI&nbsp;<a href=\"https:\/\/www.facebook.com\/alessiosorodelgadophotography\/?__tn__=K-R&amp;eid=ARCriABdRlWr0XjhLEJacLpY6RlmL33FVDMrRRd35kJL_VcZmagkmIm3X83dKk0979wBQjJwFWeKhlf8&amp;fref=mentions&amp;__xts__%5B0%5D=68.ARAzRKkYVNuW6XDpnjYfofZRCuuePQV5AbD04ZfjylBkExDmD6-yTXDoTdsLxgFZ0qU0IjFa9pwBLsNDJPKCozioKlxc3ceXkoM_yaTyqvx-jFFDFu_iyRktDI-t1LAeCf1YtbUTC_fQbp9AbP7GHkeYOns5RjsD_YB9XHpCWty3MFCCySwMtk-aNB1XYGoc638yPICS4hehSTAbFrLD_L9xbPE0bdpF2nTOqFDYz0HmVQLFWUxJhVRlw7I77dHpz4h9mMsZSTo56Uk7JwwJfKxokulkmf32VYU5zKo4fqrwZSppYSfukqP91m0uYxcaOjIkuCH0A0yfCtuv9Aca9qxUPA\">Alessio Soro Delgado Photography<\/a>: <em><a href=\"https:\/\/www.teatrodomma.it\/blog\/interviste\/allo-specchio-con-stefania-paterno\/\" target=\"_blank\" rel=\"noreferrer noopener\">Stefania Patern\u00f2<\/a> co-protagonista al fianco di&nbsp;<a rel=\"noreferrer noopener\" href=\"https:\/\/www.facebook.com\/LAIFErobertolai\/photos\/basw.AbpNDJEdouu3XIofZvq5mfI0Dn0vQgwjRy0_dzl-__uknDmcfo3A3183vApfCvVkXy_MPzrGXIpYyczq4GqCaXvJ7Zf87Y0WVGvjtyVEirKG3yU-UomUmDQijCBhbShph3FLUJTZS1Xriude4jWZETeY.525092824365244.10215161198685616.538528323246155.130409558486196.10219498077979744.1566066026997077\/130409558486196\/?type=1&amp;opaqueCursor=AboFQVG38sToSHTF1xQ8Wl2RZWfPVUW_byOC4UlOUT7MjBlWm7zCRw6vscGHi7P48TCTkDyZS61x2uQGMx8Je-HYWpmVOgXqUFVJl5zBHkyN0A9ncOUSjNAQfq_vHlkw6KHykYzW3moIm4QVY6VmHiZUpJi0ww9W6rUKiZAQbPv7SrxvPgLd96mSzwWGt_PTntURQz8kKdyjbPcZxJVBl1yw-tywvJXl-IYQx7dWB0pX63hVKsCja03ZYSGrwOjBrA2k8Dun6fmkECMbAGrfLEVnzZpvKgtlJc8q_bmQ9qpsg6R2TWNAZMwcKpcNV-enWJ8lWk-g3qA97qOd5K2nI8qPY5-nDN7N_fngZukr7ORTlb-nESCNMelHFk95jPE6v7nIDi19zMspKKtL1AhvkNLP074Bv5311JEjK2xjN-V62f5nbqgYJbh_-cI5voVpaoKImolQkwB5mShkvBgA_VkIE_M_SEH-84SH1XsCURVOMF8Sf6iCBlBwZ2JVAic6sthYG-Z1H-ZOmUp8I7fgC66O99Y7komRDk8qxADz4W92Eg_OdaB1k3fvzqaQm5Z3IRA&amp;theater\" target=\"_blank\">Roberto Lai<\/a>&nbsp;nel musical completamente cantato <a href=\"https:\/\/www.teatrodomma.it\/blog\/compagni-di-scena\/the-last-five-years\/\" target=\"_blank\" rel=\"noreferrer noopener\">&#8220;The Last Five Years&#8221;<\/a><\/em>, <em>rappresentato al Teatro Domma nella <a href=\"https:\/\/www.teatrodomma.it\/blog\/articoli-vari\/programmazione-2019-2020\/\" target=\"_blank\" rel=\"noreferrer noopener\">stagione teatrale 2019-2020<\/a><\/em><\/strong><\/p>\n","protected":false},"excerpt":{"rendered":"<p>Alcune citazioni di personaggi famosi legati all&#8217;arte C&#8217;\u00e8 ancora spazio per il teatro. (Pietro Garinei) La risata fa rumore. (Tot\u00f2) Un popolo senza satira e senza senso dell&#8217;ironia \u00e8 un popolo morto. (Dario Fo) La nostra realt\u00e0 \u00e8 tragica solo per un quarto: il resto \u00e8 comico. (Albero Sordi) Il mio scopo \u00e8 rintracciare il [&hellip;]<\/p>\n","protected":false},"author":3,"featured_media":2204,"comment_status":"closed","ping_status":"open","sticky":false,"template":"","format":"standard","meta":{"saved_in_kubio":false,"footnotes":""},"categories":[40],"tags":[],"class_list":{"0":"post-6551","1":"post","2":"type-post","3":"status-publish","4":"format-standard","5":"has-post-thumbnail","6":"hentry","7":"category-aforismi","9":"post-with-thumbnail","10":"post-with-thumbnail-large"},"yoast_head":"<!-- This site is optimized with the Yoast SEO plugin v25.8 - https:\/\/yoast.com\/wordpress\/plugins\/seo\/ -->\n<title>Aforismi di ottobre... - Teatro Domma<\/title>\n<meta name=\"robots\" content=\"index, follow, max-snippet:-1, max-image-preview:large, max-video-preview:-1\" \/>\n<link rel=\"canonical\" href=\"https:\/\/www.teatrodomma.it\/?p=6551\" \/>\n<meta property=\"og:locale\" content=\"it_IT\" \/>\n<meta property=\"og:type\" content=\"article\" \/>\n<meta property=\"og:title\" content=\"Aforismi di ottobre... - Teatro Domma\" \/>\n<meta property=\"og:description\" content=\"Alcune citazioni di personaggi famosi legati all&#8217;arte C&#8217;\u00e8 ancora spazio per il teatro. (Pietro Garinei) La risata fa rumore. (Tot\u00f2) Un popolo senza satira e senza senso dell&#8217;ironia \u00e8 un popolo morto. (Dario Fo) La nostra realt\u00e0 \u00e8 tragica solo per un quarto: il resto \u00e8 comico. (Albero Sordi) Il mio scopo \u00e8 rintracciare il [&hellip;]\" \/>\n<meta property=\"og:url\" content=\"https:\/\/www.teatrodomma.it\/?p=6551\" \/>\n<meta property=\"og:site_name\" content=\"Teatro Domma\" \/>\n<meta property=\"article:publisher\" content=\"https:\/\/www.facebook.com\/p\/Teatro-Domma-61556981831878\/?locale=it_IT\" \/>\n<meta property=\"article:published_time\" content=\"2022-10-01T06:02:00+00:00\" \/>\n<meta name=\"author\" content=\"Margherita De Donato\" \/>\n<meta name=\"twitter:card\" content=\"summary_large_image\" \/>\n<meta name=\"twitter:label1\" content=\"Scritto da\" \/>\n\t<meta name=\"twitter:data1\" content=\"Margherita De Donato\" \/>\n\t<meta name=\"twitter:label2\" content=\"Tempo di lettura stimato\" \/>\n\t<meta name=\"twitter:data2\" content=\"1 minuto\" \/>\n<script type=\"application\/ld+json\" class=\"yoast-schema-graph\">{\"@context\":\"https:\/\/schema.org\",\"@graph\":[{\"@type\":\"Article\",\"@id\":\"https:\/\/www.teatrodomma.it\/?p=6551#article\",\"isPartOf\":{\"@id\":\"https:\/\/www.teatrodomma.it\/?p=6551\"},\"author\":{\"name\":\"Margherita De Donato\",\"@id\":\"https:\/\/www.teatrodomma.it\/#\/schema\/person\/8a1f09bf4c695307c8aef38d93aa0e84\"},\"headline\":\"Aforismi di ottobre&#8230;\",\"datePublished\":\"2022-10-01T06:02:00+00:00\",\"mainEntityOfPage\":{\"@id\":\"https:\/\/www.teatrodomma.it\/?p=6551\"},\"wordCount\":152,\"publisher\":{\"@id\":\"https:\/\/www.teatrodomma.it\/#organization\"},\"image\":{\"@id\":\"https:\/\/www.teatrodomma.it\/?p=6551#primaryimage\"},\"thumbnailUrl\":\"\",\"articleSection\":[\"Aforismi\"],\"inLanguage\":\"it-IT\"},{\"@type\":\"WebPage\",\"@id\":\"https:\/\/www.teatrodomma.it\/?p=6551\",\"url\":\"https:\/\/www.teatrodomma.it\/?p=6551\",\"name\":\"Aforismi di ottobre... - Teatro Domma\",\"isPartOf\":{\"@id\":\"https:\/\/www.teatrodomma.it\/#website\"},\"primaryImageOfPage\":{\"@id\":\"https:\/\/www.teatrodomma.it\/?p=6551#primaryimage\"},\"image\":{\"@id\":\"https:\/\/www.teatrodomma.it\/?p=6551#primaryimage\"},\"thumbnailUrl\":\"\",\"datePublished\":\"2022-10-01T06:02:00+00:00\",\"breadcrumb\":{\"@id\":\"https:\/\/www.teatrodomma.it\/?p=6551#breadcrumb\"},\"inLanguage\":\"it-IT\",\"potentialAction\":[{\"@type\":\"ReadAction\",\"target\":[\"https:\/\/www.teatrodomma.it\/?p=6551\"]}]},{\"@type\":\"ImageObject\",\"inLanguage\":\"it-IT\",\"@id\":\"https:\/\/www.teatrodomma.it\/?p=6551#primaryimage\",\"url\":\"\",\"contentUrl\":\"\"},{\"@type\":\"BreadcrumbList\",\"@id\":\"https:\/\/www.teatrodomma.it\/?p=6551#breadcrumb\",\"itemListElement\":[{\"@type\":\"ListItem\",\"position\":1,\"name\":\"Home\",\"item\":\"https:\/\/www.teatrodomma.it\/\"},{\"@type\":\"ListItem\",\"position\":2,\"name\":\"Aforismi di ottobre&#8230;\"}]},{\"@type\":\"WebSite\",\"@id\":\"https:\/\/www.teatrodomma.it\/#website\",\"url\":\"https:\/\/www.teatrodomma.it\/\",\"name\":\"Teatro Domma\",\"description\":\"\",\"publisher\":{\"@id\":\"https:\/\/www.teatrodomma.it\/#organization\"},\"potentialAction\":[{\"@type\":\"SearchAction\",\"target\":{\"@type\":\"EntryPoint\",\"urlTemplate\":\"https:\/\/www.teatrodomma.it\/?s={search_term_string}\"},\"query-input\":{\"@type\":\"PropertyValueSpecification\",\"valueRequired\":true,\"valueName\":\"search_term_string\"}}],\"inLanguage\":\"it-IT\"},{\"@type\":\"Organization\",\"@id\":\"https:\/\/www.teatrodomma.it\/#organization\",\"name\":\"Teatro Domma\",\"url\":\"https:\/\/www.teatrodomma.it\/\",\"logo\":{\"@type\":\"ImageObject\",\"inLanguage\":\"it-IT\",\"@id\":\"https:\/\/www.teatrodomma.it\/#\/schema\/logo\/image\/\",\"url\":\"https:\/\/www.teatrodomma.it\/wp-content\/uploads\/2025\/01\/LOGOICON-edited-2.png\",\"contentUrl\":\"https:\/\/www.teatrodomma.it\/wp-content\/uploads\/2025\/01\/LOGOICON-edited-2.png\",\"width\":510,\"height\":287,\"caption\":\"Teatro Domma\"},\"image\":{\"@id\":\"https:\/\/www.teatrodomma.it\/#\/schema\/logo\/image\/\"},\"sameAs\":[\"https:\/\/www.facebook.com\/p\/Teatro-Domma-61556981831878\/?locale=it_IT\",\"https:\/\/www.instagram.com\/teatro_domma\/\"]},{\"@type\":\"Person\",\"@id\":\"https:\/\/www.teatrodomma.it\/#\/schema\/person\/8a1f09bf4c695307c8aef38d93aa0e84\",\"name\":\"Margherita De Donato\",\"image\":{\"@type\":\"ImageObject\",\"inLanguage\":\"it-IT\",\"@id\":\"https:\/\/www.teatrodomma.it\/#\/schema\/person\/image\/\",\"url\":\"https:\/\/secure.gravatar.com\/avatar\/0fbebb2201a984022de9f07361f7fe88cb7fcefd6be5e33abf5559102ec20088?s=96&d=mm&r=g\",\"contentUrl\":\"https:\/\/secure.gravatar.com\/avatar\/0fbebb2201a984022de9f07361f7fe88cb7fcefd6be5e33abf5559102ec20088?s=96&d=mm&r=g\",\"caption\":\"Margherita De Donato\"},\"url\":\"https:\/\/www.teatrodomma.it\/?author=3\"}]}<\/script>\n<!-- \/ Yoast SEO plugin. -->","yoast_head_json":{"title":"Aforismi di ottobre... - Teatro Domma","robots":{"index":"index","follow":"follow","max-snippet":"max-snippet:-1","max-image-preview":"max-image-preview:large","max-video-preview":"max-video-preview:-1"},"canonical":"https:\/\/www.teatrodomma.it\/?p=6551","og_locale":"it_IT","og_type":"article","og_title":"Aforismi di ottobre... - Teatro Domma","og_description":"Alcune citazioni di personaggi famosi legati all&#8217;arte C&#8217;\u00e8 ancora spazio per il teatro. (Pietro Garinei) La risata fa rumore. (Tot\u00f2) Un popolo senza satira e senza senso dell&#8217;ironia \u00e8 un popolo morto. (Dario Fo) La nostra realt\u00e0 \u00e8 tragica solo per un quarto: il resto \u00e8 comico. (Albero Sordi) Il mio scopo \u00e8 rintracciare il [&hellip;]","og_url":"https:\/\/www.teatrodomma.it\/?p=6551","og_site_name":"Teatro Domma","article_publisher":"https:\/\/www.facebook.com\/p\/Teatro-Domma-61556981831878\/?locale=it_IT","article_published_time":"2022-10-01T06:02:00+00:00","author":"Margherita De Donato","twitter_card":"summary_large_image","twitter_misc":{"Scritto da":"Margherita De Donato","Tempo di lettura stimato":"1 minuto"},"schema":{"@context":"https:\/\/schema.org","@graph":[{"@type":"Article","@id":"https:\/\/www.teatrodomma.it\/?p=6551#article","isPartOf":{"@id":"https:\/\/www.teatrodomma.it\/?p=6551"},"author":{"name":"Margherita De Donato","@id":"https:\/\/www.teatrodomma.it\/#\/schema\/person\/8a1f09bf4c695307c8aef38d93aa0e84"},"headline":"Aforismi di ottobre&#8230;","datePublished":"2022-10-01T06:02:00+00:00","mainEntityOfPage":{"@id":"https:\/\/www.teatrodomma.it\/?p=6551"},"wordCount":152,"publisher":{"@id":"https:\/\/www.teatrodomma.it\/#organization"},"image":{"@id":"https:\/\/www.teatrodomma.it\/?p=6551#primaryimage"},"thumbnailUrl":"","articleSection":["Aforismi"],"inLanguage":"it-IT"},{"@type":"WebPage","@id":"https:\/\/www.teatrodomma.it\/?p=6551","url":"https:\/\/www.teatrodomma.it\/?p=6551","name":"Aforismi di ottobre... - Teatro Domma","isPartOf":{"@id":"https:\/\/www.teatrodomma.it\/#website"},"primaryImageOfPage":{"@id":"https:\/\/www.teatrodomma.it\/?p=6551#primaryimage"},"image":{"@id":"https:\/\/www.teatrodomma.it\/?p=6551#primaryimage"},"thumbnailUrl":"","datePublished":"2022-10-01T06:02:00+00:00","breadcrumb":{"@id":"https:\/\/www.teatrodomma.it\/?p=6551#breadcrumb"},"inLanguage":"it-IT","potentialAction":[{"@type":"ReadAction","target":["https:\/\/www.teatrodomma.it\/?p=6551"]}]},{"@type":"ImageObject","inLanguage":"it-IT","@id":"https:\/\/www.teatrodomma.it\/?p=6551#primaryimage","url":"","contentUrl":""},{"@type":"BreadcrumbList","@id":"https:\/\/www.teatrodomma.it\/?p=6551#breadcrumb","itemListElement":[{"@type":"ListItem","position":1,"name":"Home","item":"https:\/\/www.teatrodomma.it\/"},{"@type":"ListItem","position":2,"name":"Aforismi di ottobre&#8230;"}]},{"@type":"WebSite","@id":"https:\/\/www.teatrodomma.it\/#website","url":"https:\/\/www.teatrodomma.it\/","name":"Teatro Domma","description":"","publisher":{"@id":"https:\/\/www.teatrodomma.it\/#organization"},"potentialAction":[{"@type":"SearchAction","target":{"@type":"EntryPoint","urlTemplate":"https:\/\/www.teatrodomma.it\/?s={search_term_string}"},"query-input":{"@type":"PropertyValueSpecification","valueRequired":true,"valueName":"search_term_string"}}],"inLanguage":"it-IT"},{"@type":"Organization","@id":"https:\/\/www.teatrodomma.it\/#organization","name":"Teatro Domma","url":"https:\/\/www.teatrodomma.it\/","logo":{"@type":"ImageObject","inLanguage":"it-IT","@id":"https:\/\/www.teatrodomma.it\/#\/schema\/logo\/image\/","url":"https:\/\/www.teatrodomma.it\/wp-content\/uploads\/2025\/01\/LOGOICON-edited-2.png","contentUrl":"https:\/\/www.teatrodomma.it\/wp-content\/uploads\/2025\/01\/LOGOICON-edited-2.png","width":510,"height":287,"caption":"Teatro Domma"},"image":{"@id":"https:\/\/www.teatrodomma.it\/#\/schema\/logo\/image\/"},"sameAs":["https:\/\/www.facebook.com\/p\/Teatro-Domma-61556981831878\/?locale=it_IT","https:\/\/www.instagram.com\/teatro_domma\/"]},{"@type":"Person","@id":"https:\/\/www.teatrodomma.it\/#\/schema\/person\/8a1f09bf4c695307c8aef38d93aa0e84","name":"Margherita De Donato","image":{"@type":"ImageObject","inLanguage":"it-IT","@id":"https:\/\/www.teatrodomma.it\/#\/schema\/person\/image\/","url":"https:\/\/secure.gravatar.com\/avatar\/0fbebb2201a984022de9f07361f7fe88cb7fcefd6be5e33abf5559102ec20088?s=96&d=mm&r=g","contentUrl":"https:\/\/secure.gravatar.com\/avatar\/0fbebb2201a984022de9f07361f7fe88cb7fcefd6be5e33abf5559102ec20088?s=96&d=mm&r=g","caption":"Margherita De Donato"},"url":"https:\/\/www.teatrodomma.it\/?author=3"}]}},"_links":{"self":[{"href":"https:\/\/www.teatrodomma.it\/index.php?rest_route=\/wp\/v2\/posts\/6551","targetHints":{"allow":["GET"]}}],"collection":[{"href":"https:\/\/www.teatrodomma.it\/index.php?rest_route=\/wp\/v2\/posts"}],"about":[{"href":"https:\/\/www.teatrodomma.it\/index.php?rest_route=\/wp\/v2\/types\/post"}],"author":[{"embeddable":true,"href":"https:\/\/www.teatrodomma.it\/index.php?rest_route=\/wp\/v2\/users\/3"}],"replies":[{"embeddable":true,"href":"https:\/\/www.teatrodomma.it\/index.php?rest_route=%2Fwp%2Fv2%2Fcomments&post=6551"}],"version-history":[{"count":0,"href":"https:\/\/www.teatrodomma.it\/index.php?rest_route=\/wp\/v2\/posts\/6551\/revisions"}],"wp:featuredmedia":[{"embeddable":true,"href":"https:\/\/www.teatrodomma.it\/index.php?rest_route=\/"}],"wp:attachment":[{"href":"https:\/\/www.teatrodomma.it\/index.php?rest_route=%2Fwp%2Fv2%2Fmedia&parent=6551"}],"wp:term":[{"taxonomy":"category","embeddable":true,"href":"https:\/\/www.teatrodomma.it\/index.php?rest_route=%2Fwp%2Fv2%2Fcategories&post=6551"},{"taxonomy":"post_tag","embeddable":true,"href":"https:\/\/www.teatrodomma.it\/index.php?rest_route=%2Fwp%2Fv2%2Ftags&post=6551"}],"curies":[{"name":"wp","href":"https:\/\/api.w.org\/{rel}","templated":true}]}}