{"id":7211,"date":"2022-10-23T00:30:00","date_gmt":"2022-10-22T22:30:00","guid":{"rendered":"https:\/\/www.teatrodomma.it\/?p=7211"},"modified":"2022-10-23T00:30:00","modified_gmt":"2022-10-22T22:30:00","slug":"standing-ovation-per-marco-zadra","status":"publish","type":"post","link":"https:\/\/www.teatrodomma.it\/?p=7211","title":{"rendered":"Risate, applausi e commozione per il recital di Marco Zadra"},"content":{"rendered":"\n<p class=\"has-background-dark-background-color has-background\"><em>Una <em>platea gremita, entusiasta<\/em> e <em>visibilmente commoss<\/em>a ha omaggiato con un lungo applauso finale <em>L&#8217;ULTIMO RECITAL, spettacolo con cui Marco Zadra aveva gi\u00e0 mietuto consensi su altri palchi della capitale.<\/em><\/em><\/p>\n\n\n\n<figure class=\"wp-block-image size-large\"><img decoding=\"async\" src=\"https:\/\/www.teatrodomma.it\/wp-content\/uploads\/2022\/10\/Zadra_Ultimo-Recital_22102022_in-scena-1024x783.jpg\" alt=\"\" class=\"wp-image-7399\"\/><\/figure>\n\n\n\n<p class=\"has-background-dark-background-color has-background\">&#8220;Ieri sera \u00e8 stata una serata veramente speciale. Ringrazio di cuore tutte le persone che si sono emozionate insieme a me, dimostrando il proprio gradimento con tante risate ed <a href=\"https:\/\/www.instagram.com\/p\/CkDwapUK63M\/?hl=it\" target=\"_blank\" rel=\"noreferrer noopener\">il lungo applauso finale<\/a>. E&#8217; uno spettacolo davvero importante per me. Grazie a chi c&#8217;\u00e8 stato e a chi ha apprezzato la storia, che vado raccontando in memoria della mia incredibile famiglia. &#8221; <em>Marco Zadra<\/em><\/p>\n\n\n\n<div class=\"wp-block-image is-style-rounded\"><figure class=\"aligncenter size-large is-resized\"><img loading=\"lazy\" decoding=\"async\" src=\"https:\/\/www.teatrodomma.it\/wp-content\/uploads\/2022\/10\/Marco-Zadra_zoom-su-locandine-768x1024.jpg\" alt=\"\" class=\"wp-image-7220\" width=\"617\" height=\"823\"\/><\/figure><\/div>\n\n\n\n<p class=\"has-background-background-color has-background\"><strong>Eclettico e recettivo, <a href=\"https:\/\/www.teatrodomma.it\/blog\/amici-del-teatro\/marco-zadra\/\" target=\"_blank\" rel=\"noreferrer noopener\">Zadra<\/a> \u00e8 un artista con la A maiuscola: \u00e8 attore, regista, autore<\/strong>&#8230;ma non  basta: <strong>disegna e costruisce le scene dei suoi spettacoli<\/strong>, coadiuvato dalla moglie Francesca Romana Misiti, che si occupa anche dei costumi. <strong>Sul palco il suo stile <strong>\u00e8 caratterizzato<\/strong> da una particolare cura della mimica facciale e <strong>della comunicazione corporea, vantando anche<\/strong> una vasta gamma di sonorit\u00e0.<\/strong> Come se non fosse ancora sufficiente, <strong>canta, suona il pianoforte e parla pi\u00f9 di una lingua straniera<\/strong> <em>(il pap\u00e0 era argentino e la mamma belga, entrambi pianisti<\/em>..<em>.<\/em>ci\u00f2 gli ha consentito di assorbire forme d\u2019arte e sfumature di carattere socioculturale cos\u00ec diverse da renderlo l&#8217;artista completo ed originale qual \u00e8). <\/p>\n\n\n\n<div class=\"wp-block-image\"><figure class=\"alignright size-large is-resized\"><img loading=\"lazy\" decoding=\"async\" src=\"https:\/\/www.teatrodomma.it\/wp-content\/uploads\/2022\/09\/CdS-Academy-_Zadra-657x1024.jpg\" alt=\"\" class=\"wp-image-6276\" width=\"498\" height=\"776\"\/><\/figure><\/div>\n\n\n\n<p class=\"has-background-background-color has-background\"><strong>Diplomato ISEF<\/strong>,<strong> in giovent\u00f9 \u00e8 stato preparatore atletico. Si \u00e8 dedicato anche al mondo dell\u2019handicap<\/strong>, <strong>in progetti sperimentali con spettacoli<\/strong> rivolti a persone con problemi psichici e sensoriali, presso l\u2019Istituto Gualandi per Sordomuti ed&nbsp;il Centro Recupero Balbuzie, entrambi con sede a Roma. Ha collaborato anche con l\u2019ANFFAS (Associazione Nazionale Famiglie Fanciulli Adulti Subnormali). <strong><strong>In campo teatrale<\/strong><\/strong> <strong>ha maturato una lunga esperienza anche come insegnante: da molto tempo \u00e8 impegnato&nbsp;nei laboratori di recitazione presso il<em> <\/em><\/strong><em><a href=\"https:\/\/www.teatrodomma.it\/blog\/amici-del-teatro\/et-voila-il-teatro-7\/\" target=\"_blank\" rel=\"noreferrer noopener\">Teatro 7<\/a><\/em>, di cui <a href=\"https:\/\/www.teatrodomma.it\/blog\/amici-del-teatro\/michele-la-ginestra\/\" target=\"_blank\" rel=\"noreferrer noopener\"><em>Michele La Ginestra<\/em><\/a> \u00e8 il direttore artistico. <strong>Da quest&#8217;anno abbiamo il piacere di averlo come docente di prosa della <a href=\"https:\/\/www.cdsacademy.it\/theatre-academy\/\" target=\"_blank\" rel=\"noreferrer noopener\">CdS Theatre Academy<\/a> presso il Teatro Domma!<\/strong> <\/p>\n\n\n\n<p class=\"has-background-dark-background-color has-background\"><strong>Per la sua teatrografia come autore, regista ed interprete, vi rimandiamo al<\/strong><a href=\"https:\/\/www.youtube.com\/results?search_query=marco+zadra\" target=\"_blank\" rel=\"noreferrer noopener\"> suo canale Youtube<\/a>, profilo <a href=\"https:\/\/www.facebook.com\/Marco.Zadra\/\" target=\"_blank\" rel=\"noreferrer noopener\">Facebook<\/a> ed <a href=\"https:\/\/www.instagram.com\/marco.zadraofficial\/?hl=it\" target=\"_blank\" rel=\"noreferrer noopener\">Instagram<\/a>.<\/p>\n\n\n\n<p class=\"has-background-dark-background-color has-background\"><strong>SUI SOCIAL DICONO DI LUI<\/strong>: <em>&#8220;E&#8217; il successore del grande Giggi (con 2g) perch\u00e9 \u00e8 l&#8217;unico che parla velocemente come il Maestro e riesce ad avere, contemporaneamente, un&#8217;espressione diversa da quello che dice, difficilissimo!&#8221;<\/em><\/p>\n\n\n\n<figure class=\"wp-block-image size-large is-style-rounded\"><img decoding=\"async\" src=\"https:\/\/www.teatrodomma.it\/wp-content\/uploads\/2022\/10\/Marco-Zadra_con-Proietti_2.jpg\" alt=\"\" class=\"wp-image-7298\"\/><figcaption><strong>DALL&#8217;ALBUM DELLE FOTOGRAFIE DI ZADRA: insieme a Gigi Proietti con cui ha lavorato in <em>\u201cSerata d\u2019Onore\u201d<\/em>,&nbsp;<em>\u201cSerata D\u2019Onore Tour\u201d<\/em>&nbsp;e&nbsp;<em>\u201cMa l\u2019amor mio non muore<\/em>\u201c. Nel 2004<\/strong>, <strong>per inaugurare \u201cIl Brancaccino\u201d, Proietti scelse<em><a href=\"https:\/\/www.2tickets.it\/SelectTitolo.aspx?idt=1958701&amp;set=t&amp;car=&amp;ide=2028\" target=\"_blank\" rel=\"noreferrer noopener\"> &#8220;Il Mistero del calzino bucato&#8221;<\/a><\/em>, cavallo di battaglia di Zadra, di cui nel 2023 ricorre il trentennale! Per chi ancora non lo avesse visto, il giallo anglo-italiano sar\u00e0 nuovamente in scena dal 10 gennaio al 5 febbraio 2023 sul palco del <a href=\"https:\/\/www.teatrodomma.it\/blog\/amici-del-teatro\/et-voila-il-teatro-7\/\" target=\"_blank\" rel=\"noreferrer noopener\">Teatro 7<\/a> (via Benevento 23 &#8211; zona Nomentana).<\/strong><\/figcaption><\/figure>\n\n\n\n<figure class=\"wp-block-embed is-type-video is-provider-youtube wp-block-embed-youtube wp-embed-aspect-4-3 wp-has-aspect-ratio\"><div class=\"wp-block-embed__wrapper\">\n<iframe loading=\"lazy\" title=\"Il mistero del calzino bucato\" width=\"720\" height=\"540\" src=\"https:\/\/www.youtube.com\/embed\/Mx2-JNKnR7E?feature=oembed\" frameborder=\"0\" allow=\"accelerometer; autoplay; clipboard-write; encrypted-media; gyroscope; picture-in-picture; web-share\" referrerpolicy=\"strict-origin-when-cross-origin\" allowfullscreen><\/iframe>\n<\/div><figcaption><strong>TEASER UFFICIALE DE &#8220;Il Mistero del calzino bucato&#8221;, spettacolo ormai cult, scritto da Zadra nel 1993 e da allora andato in scena sui palchi pi\u00f9 vari, <strong>per citarne alcuni<\/strong>: dal Teatro Ghione<\/strong> <strong>al <a href=\"https:\/\/www.youtube.com\/watch?v=N0M1vILrHpA\" target=\"_blank\" rel=\"noreferrer noopener\">Teatro de\u2019 Servi<\/a>; dal Teatro Roma al Teatro della Cometa, dal <a href=\"http:\/\/www.teatro7.it\/\" target=\"_blank\" rel=\"noreferrer noopener\">Teatro 7<\/a> al <a href=\"https:\/\/www.teatro7off.it\/il-teatro\" target=\"_blank\" rel=\"noreferrer noopener\">Teatro 7off<\/a> inaugurato in tempo di pandemia.<\/strong> (<strong><em>Nel video:  Marco Zadra, Marco Morandi, Antonella Salerno, Giorgia Guerra, Claudia Clerici, Alessandro Frittella, <a href=\"https:\/\/www.facebook.com\/tiko.vairo\" target=\"_blank\" rel=\"noreferrer noopener\">Tiko Rossi Vairo<\/a>, <a href=\"https:\/\/www.teatrodomma.it\/blog\/articoli-vari\/nellhotel-del-libero-scambio-ce-giulia-zadra\/\" target=\"_blank\" rel=\"noreferrer noopener\">Giulia Zadra<\/a>)<\/em><\/strong><\/figcaption><\/figure>\n\n\n\n<p><\/p>\n","protected":false},"excerpt":{"rendered":"<p>Una platea gremita, entusiasta e visibilmente commossa ha omaggiato con un lungo applauso finale L&#8217;ULTIMO RECITAL, spettacolo con cui Marco Zadra aveva gi\u00e0 mietuto consensi su altri palchi della capitale. &#8220;Ieri sera \u00e8 stata una serata veramente speciale. Ringrazio di cuore tutte le persone che si sono emozionate insieme a me, dimostrando il proprio gradimento [&hellip;]<\/p>\n","protected":false},"author":3,"featured_media":7394,"comment_status":"closed","ping_status":"open","sticky":false,"template":"","format":"standard","meta":{"saved_in_kubio":false,"footnotes":""},"categories":[23],"tags":[290,17],"class_list":{"0":"post-7211","1":"post","2":"type-post","3":"status-publish","4":"format-standard","5":"has-post-thumbnail","6":"hentry","7":"category-articoli-vari","8":"tag-l-ultimo-recital","9":"tag-marco-zadra","11":"post-with-thumbnail","12":"post-with-thumbnail-large"},"yoast_head":"<!-- This site is optimized with the Yoast SEO plugin v25.8 - https:\/\/yoast.com\/wordpress\/plugins\/seo\/ -->\n<title>Risate, applausi e commozione per il recital di Marco Zadra - Teatro Domma<\/title>\n<meta name=\"robots\" content=\"index, follow, max-snippet:-1, max-image-preview:large, max-video-preview:-1\" \/>\n<link rel=\"canonical\" href=\"https:\/\/www.teatrodomma.it\/?p=7211\" \/>\n<meta property=\"og:locale\" content=\"it_IT\" \/>\n<meta property=\"og:type\" content=\"article\" \/>\n<meta property=\"og:title\" content=\"Risate, applausi e commozione per il recital di Marco Zadra - Teatro Domma\" \/>\n<meta property=\"og:description\" content=\"Una platea gremita, entusiasta e visibilmente commossa ha omaggiato con un lungo applauso finale L&#8217;ULTIMO RECITAL, spettacolo con cui Marco Zadra aveva gi\u00e0 mietuto consensi su altri palchi della capitale. &#8220;Ieri sera \u00e8 stata una serata veramente speciale. Ringrazio di cuore tutte le persone che si sono emozionate insieme a me, dimostrando il proprio gradimento [&hellip;]\" \/>\n<meta property=\"og:url\" content=\"https:\/\/www.teatrodomma.it\/?p=7211\" \/>\n<meta property=\"og:site_name\" content=\"Teatro Domma\" \/>\n<meta property=\"article:publisher\" content=\"https:\/\/www.facebook.com\/p\/Teatro-Domma-61556981831878\/?locale=it_IT\" \/>\n<meta property=\"article:published_time\" content=\"2022-10-22T22:30:00+00:00\" \/>\n<meta name=\"author\" content=\"Margherita De Donato\" \/>\n<meta name=\"twitter:card\" content=\"summary_large_image\" \/>\n<meta name=\"twitter:label1\" content=\"Scritto da\" \/>\n\t<meta name=\"twitter:data1\" content=\"Margherita De Donato\" \/>\n\t<meta name=\"twitter:label2\" content=\"Tempo di lettura stimato\" \/>\n\t<meta name=\"twitter:data2\" content=\"4 minuti\" \/>\n<script type=\"application\/ld+json\" class=\"yoast-schema-graph\">{\"@context\":\"https:\/\/schema.org\",\"@graph\":[{\"@type\":\"Article\",\"@id\":\"https:\/\/www.teatrodomma.it\/?p=7211#article\",\"isPartOf\":{\"@id\":\"https:\/\/www.teatrodomma.it\/?p=7211\"},\"author\":{\"name\":\"Margherita De Donato\",\"@id\":\"https:\/\/www.teatrodomma.it\/#\/schema\/person\/8a1f09bf4c695307c8aef38d93aa0e84\"},\"headline\":\"Risate, applausi e commozione per il recital di Marco Zadra\",\"datePublished\":\"2022-10-22T22:30:00+00:00\",\"mainEntityOfPage\":{\"@id\":\"https:\/\/www.teatrodomma.it\/?p=7211\"},\"wordCount\":537,\"publisher\":{\"@id\":\"https:\/\/www.teatrodomma.it\/#organization\"},\"image\":{\"@id\":\"https:\/\/www.teatrodomma.it\/?p=7211#primaryimage\"},\"thumbnailUrl\":\"\",\"keywords\":[\"L Ultimo Recital\",\"Marco Zadra\"],\"articleSection\":[\"Articoli vari\"],\"inLanguage\":\"it-IT\"},{\"@type\":\"WebPage\",\"@id\":\"https:\/\/www.teatrodomma.it\/?p=7211\",\"url\":\"https:\/\/www.teatrodomma.it\/?p=7211\",\"name\":\"Risate, applausi e commozione per il recital di Marco Zadra - Teatro Domma\",\"isPartOf\":{\"@id\":\"https:\/\/www.teatrodomma.it\/#website\"},\"primaryImageOfPage\":{\"@id\":\"https:\/\/www.teatrodomma.it\/?p=7211#primaryimage\"},\"image\":{\"@id\":\"https:\/\/www.teatrodomma.it\/?p=7211#primaryimage\"},\"thumbnailUrl\":\"\",\"datePublished\":\"2022-10-22T22:30:00+00:00\",\"breadcrumb\":{\"@id\":\"https:\/\/www.teatrodomma.it\/?p=7211#breadcrumb\"},\"inLanguage\":\"it-IT\",\"potentialAction\":[{\"@type\":\"ReadAction\",\"target\":[\"https:\/\/www.teatrodomma.it\/?p=7211\"]}]},{\"@type\":\"ImageObject\",\"inLanguage\":\"it-IT\",\"@id\":\"https:\/\/www.teatrodomma.it\/?p=7211#primaryimage\",\"url\":\"\",\"contentUrl\":\"\"},{\"@type\":\"BreadcrumbList\",\"@id\":\"https:\/\/www.teatrodomma.it\/?p=7211#breadcrumb\",\"itemListElement\":[{\"@type\":\"ListItem\",\"position\":1,\"name\":\"Home\",\"item\":\"https:\/\/www.teatrodomma.it\/\"},{\"@type\":\"ListItem\",\"position\":2,\"name\":\"Risate, applausi e commozione per il recital di Marco Zadra\"}]},{\"@type\":\"WebSite\",\"@id\":\"https:\/\/www.teatrodomma.it\/#website\",\"url\":\"https:\/\/www.teatrodomma.it\/\",\"name\":\"Teatro Domma\",\"description\":\"\",\"publisher\":{\"@id\":\"https:\/\/www.teatrodomma.it\/#organization\"},\"potentialAction\":[{\"@type\":\"SearchAction\",\"target\":{\"@type\":\"EntryPoint\",\"urlTemplate\":\"https:\/\/www.teatrodomma.it\/?s={search_term_string}\"},\"query-input\":{\"@type\":\"PropertyValueSpecification\",\"valueRequired\":true,\"valueName\":\"search_term_string\"}}],\"inLanguage\":\"it-IT\"},{\"@type\":\"Organization\",\"@id\":\"https:\/\/www.teatrodomma.it\/#organization\",\"name\":\"Teatro Domma\",\"url\":\"https:\/\/www.teatrodomma.it\/\",\"logo\":{\"@type\":\"ImageObject\",\"inLanguage\":\"it-IT\",\"@id\":\"https:\/\/www.teatrodomma.it\/#\/schema\/logo\/image\/\",\"url\":\"https:\/\/www.teatrodomma.it\/wp-content\/uploads\/2025\/01\/LOGOICON-edited-2.png\",\"contentUrl\":\"https:\/\/www.teatrodomma.it\/wp-content\/uploads\/2025\/01\/LOGOICON-edited-2.png\",\"width\":510,\"height\":287,\"caption\":\"Teatro Domma\"},\"image\":{\"@id\":\"https:\/\/www.teatrodomma.it\/#\/schema\/logo\/image\/\"},\"sameAs\":[\"https:\/\/www.facebook.com\/p\/Teatro-Domma-61556981831878\/?locale=it_IT\",\"https:\/\/www.instagram.com\/teatro_domma\/\"]},{\"@type\":\"Person\",\"@id\":\"https:\/\/www.teatrodomma.it\/#\/schema\/person\/8a1f09bf4c695307c8aef38d93aa0e84\",\"name\":\"Margherita De Donato\",\"image\":{\"@type\":\"ImageObject\",\"inLanguage\":\"it-IT\",\"@id\":\"https:\/\/www.teatrodomma.it\/#\/schema\/person\/image\/\",\"url\":\"https:\/\/secure.gravatar.com\/avatar\/0fbebb2201a984022de9f07361f7fe88cb7fcefd6be5e33abf5559102ec20088?s=96&d=mm&r=g\",\"contentUrl\":\"https:\/\/secure.gravatar.com\/avatar\/0fbebb2201a984022de9f07361f7fe88cb7fcefd6be5e33abf5559102ec20088?s=96&d=mm&r=g\",\"caption\":\"Margherita De Donato\"},\"url\":\"https:\/\/www.teatrodomma.it\/?author=3\"}]}<\/script>\n<!-- \/ Yoast SEO plugin. -->","yoast_head_json":{"title":"Risate, applausi e commozione per il recital di Marco Zadra - Teatro Domma","robots":{"index":"index","follow":"follow","max-snippet":"max-snippet:-1","max-image-preview":"max-image-preview:large","max-video-preview":"max-video-preview:-1"},"canonical":"https:\/\/www.teatrodomma.it\/?p=7211","og_locale":"it_IT","og_type":"article","og_title":"Risate, applausi e commozione per il recital di Marco Zadra - Teatro Domma","og_description":"Una platea gremita, entusiasta e visibilmente commossa ha omaggiato con un lungo applauso finale L&#8217;ULTIMO RECITAL, spettacolo con cui Marco Zadra aveva gi\u00e0 mietuto consensi su altri palchi della capitale. &#8220;Ieri sera \u00e8 stata una serata veramente speciale. Ringrazio di cuore tutte le persone che si sono emozionate insieme a me, dimostrando il proprio gradimento [&hellip;]","og_url":"https:\/\/www.teatrodomma.it\/?p=7211","og_site_name":"Teatro Domma","article_publisher":"https:\/\/www.facebook.com\/p\/Teatro-Domma-61556981831878\/?locale=it_IT","article_published_time":"2022-10-22T22:30:00+00:00","author":"Margherita De Donato","twitter_card":"summary_large_image","twitter_misc":{"Scritto da":"Margherita De Donato","Tempo di lettura stimato":"4 minuti"},"schema":{"@context":"https:\/\/schema.org","@graph":[{"@type":"Article","@id":"https:\/\/www.teatrodomma.it\/?p=7211#article","isPartOf":{"@id":"https:\/\/www.teatrodomma.it\/?p=7211"},"author":{"name":"Margherita De Donato","@id":"https:\/\/www.teatrodomma.it\/#\/schema\/person\/8a1f09bf4c695307c8aef38d93aa0e84"},"headline":"Risate, applausi e commozione per il recital di Marco Zadra","datePublished":"2022-10-22T22:30:00+00:00","mainEntityOfPage":{"@id":"https:\/\/www.teatrodomma.it\/?p=7211"},"wordCount":537,"publisher":{"@id":"https:\/\/www.teatrodomma.it\/#organization"},"image":{"@id":"https:\/\/www.teatrodomma.it\/?p=7211#primaryimage"},"thumbnailUrl":"","keywords":["L Ultimo Recital","Marco Zadra"],"articleSection":["Articoli vari"],"inLanguage":"it-IT"},{"@type":"WebPage","@id":"https:\/\/www.teatrodomma.it\/?p=7211","url":"https:\/\/www.teatrodomma.it\/?p=7211","name":"Risate, applausi e commozione per il recital di Marco Zadra - Teatro Domma","isPartOf":{"@id":"https:\/\/www.teatrodomma.it\/#website"},"primaryImageOfPage":{"@id":"https:\/\/www.teatrodomma.it\/?p=7211#primaryimage"},"image":{"@id":"https:\/\/www.teatrodomma.it\/?p=7211#primaryimage"},"thumbnailUrl":"","datePublished":"2022-10-22T22:30:00+00:00","breadcrumb":{"@id":"https:\/\/www.teatrodomma.it\/?p=7211#breadcrumb"},"inLanguage":"it-IT","potentialAction":[{"@type":"ReadAction","target":["https:\/\/www.teatrodomma.it\/?p=7211"]}]},{"@type":"ImageObject","inLanguage":"it-IT","@id":"https:\/\/www.teatrodomma.it\/?p=7211#primaryimage","url":"","contentUrl":""},{"@type":"BreadcrumbList","@id":"https:\/\/www.teatrodomma.it\/?p=7211#breadcrumb","itemListElement":[{"@type":"ListItem","position":1,"name":"Home","item":"https:\/\/www.teatrodomma.it\/"},{"@type":"ListItem","position":2,"name":"Risate, applausi e commozione per il recital di Marco Zadra"}]},{"@type":"WebSite","@id":"https:\/\/www.teatrodomma.it\/#website","url":"https:\/\/www.teatrodomma.it\/","name":"Teatro Domma","description":"","publisher":{"@id":"https:\/\/www.teatrodomma.it\/#organization"},"potentialAction":[{"@type":"SearchAction","target":{"@type":"EntryPoint","urlTemplate":"https:\/\/www.teatrodomma.it\/?s={search_term_string}"},"query-input":{"@type":"PropertyValueSpecification","valueRequired":true,"valueName":"search_term_string"}}],"inLanguage":"it-IT"},{"@type":"Organization","@id":"https:\/\/www.teatrodomma.it\/#organization","name":"Teatro Domma","url":"https:\/\/www.teatrodomma.it\/","logo":{"@type":"ImageObject","inLanguage":"it-IT","@id":"https:\/\/www.teatrodomma.it\/#\/schema\/logo\/image\/","url":"https:\/\/www.teatrodomma.it\/wp-content\/uploads\/2025\/01\/LOGOICON-edited-2.png","contentUrl":"https:\/\/www.teatrodomma.it\/wp-content\/uploads\/2025\/01\/LOGOICON-edited-2.png","width":510,"height":287,"caption":"Teatro Domma"},"image":{"@id":"https:\/\/www.teatrodomma.it\/#\/schema\/logo\/image\/"},"sameAs":["https:\/\/www.facebook.com\/p\/Teatro-Domma-61556981831878\/?locale=it_IT","https:\/\/www.instagram.com\/teatro_domma\/"]},{"@type":"Person","@id":"https:\/\/www.teatrodomma.it\/#\/schema\/person\/8a1f09bf4c695307c8aef38d93aa0e84","name":"Margherita De Donato","image":{"@type":"ImageObject","inLanguage":"it-IT","@id":"https:\/\/www.teatrodomma.it\/#\/schema\/person\/image\/","url":"https:\/\/secure.gravatar.com\/avatar\/0fbebb2201a984022de9f07361f7fe88cb7fcefd6be5e33abf5559102ec20088?s=96&d=mm&r=g","contentUrl":"https:\/\/secure.gravatar.com\/avatar\/0fbebb2201a984022de9f07361f7fe88cb7fcefd6be5e33abf5559102ec20088?s=96&d=mm&r=g","caption":"Margherita De Donato"},"url":"https:\/\/www.teatrodomma.it\/?author=3"}]}},"_links":{"self":[{"href":"https:\/\/www.teatrodomma.it\/index.php?rest_route=\/wp\/v2\/posts\/7211","targetHints":{"allow":["GET"]}}],"collection":[{"href":"https:\/\/www.teatrodomma.it\/index.php?rest_route=\/wp\/v2\/posts"}],"about":[{"href":"https:\/\/www.teatrodomma.it\/index.php?rest_route=\/wp\/v2\/types\/post"}],"author":[{"embeddable":true,"href":"https:\/\/www.teatrodomma.it\/index.php?rest_route=\/wp\/v2\/users\/3"}],"replies":[{"embeddable":true,"href":"https:\/\/www.teatrodomma.it\/index.php?rest_route=%2Fwp%2Fv2%2Fcomments&post=7211"}],"version-history":[{"count":0,"href":"https:\/\/www.teatrodomma.it\/index.php?rest_route=\/wp\/v2\/posts\/7211\/revisions"}],"wp:featuredmedia":[{"embeddable":true,"href":"https:\/\/www.teatrodomma.it\/index.php?rest_route=\/"}],"wp:attachment":[{"href":"https:\/\/www.teatrodomma.it\/index.php?rest_route=%2Fwp%2Fv2%2Fmedia&parent=7211"}],"wp:term":[{"taxonomy":"category","embeddable":true,"href":"https:\/\/www.teatrodomma.it\/index.php?rest_route=%2Fwp%2Fv2%2Fcategories&post=7211"},{"taxonomy":"post_tag","embeddable":true,"href":"https:\/\/www.teatrodomma.it\/index.php?rest_route=%2Fwp%2Fv2%2Ftags&post=7211"}],"curies":[{"name":"wp","href":"https:\/\/api.w.org\/{rel}","templated":true}]}}