{"id":7493,"date":"2019-01-20T18:14:00","date_gmt":"2019-01-20T17:14:00","guid":{"rendered":"https:\/\/www.teatrodomma.it\/?p=7493"},"modified":"2025-03-03T13:13:34","modified_gmt":"2025-03-03T12:13:34","slug":"come-eravamo-correva-lanno-2019","status":"publish","type":"post","link":"https:\/\/www.teatrodomma.it\/?p=7493","title":{"rendered":"2019: anno nuovo, vita nuova!"},"content":{"rendered":"\n<p class=\"has-background-dark-background-color has-background\"><em>La mini rassegna &#8220;Cos\u00ec fan teatro&#8221; ha rilanciato l&#8217;attivit\u00e0 teatrale nel quartiere<\/em>.<\/p>\n\n\n\n<p>Guarda il video&#8230;<\/p>\n\n\n\n<p><\/p>\n\n\n\n<figure class=\"wp-block-embed is-type-video is-provider-youtube wp-block-embed-youtube wp-embed-aspect-16-9 wp-has-aspect-ratio\"><div class=\"wp-block-embed__wrapper\">\n<iframe loading=\"lazy\" title=\"Stagione teatrale del Teatro don Mario Torregrossa\" width=\"720\" height=\"405\" src=\"https:\/\/www.youtube.com\/embed\/7_xhtMqfHpk?feature=oembed\" frameborder=\"0\" allow=\"accelerometer; autoplay; clipboard-write; encrypted-media; gyroscope; picture-in-picture; web-share\" referrerpolicy=\"strict-origin-when-cross-origin\" allowfullscreen><\/iframe>\n<\/div><figcaption>Servizio di CANALE 10<\/figcaption><\/figure>\n\n\n\n<p>Dopo sei anni di attivit\u00e0 il teatro parrocchiale Don Mario Torregrossa ha allestito una mini stagione. Andiamo a scoprirla insieme ad Alberto Tabbi.<\/p>\n\n\n\n<p>Situato all&#8217;interno della parrocchia San Carlo da Sezze alla Madonnetta, il teatro Don Mario Torregrossa si \u00e8 sempre caratterizzato come strumento di educazione e di crescita interiore per i ragazzi e questo anche per il fatto di essere un mezzo di attivit\u00e0 del Centro giovanile Madonna di Loreto Casa della Pace, fondato da don Mario Torregrossa, sacerdote scomparso undici anni fa (il 30\/12\/2008).<\/p>\n\n\n\n<p>Inaugurato a dicembre del 2012 e dotato di quasi 300 posti, il teatro quest&#8217;anno ha voluto proporre una ministagione. La rassegna intitolata <em>Cos\u00ec il fan teatro<\/em> si \u00e8 aperta a gennaio e proseguir\u00e0 fino a maggio. L&#8217;ultimo spettacolo andato in scena \u00e8 stato <em>M&#8217;accompagno da me<\/em>, per la regia di Roberto Ciufoli, con Michele La Ginestra, artista romano, autore-regista ed attore di rappresentazioni di successo, tra le quali Rugantino. La Ginestra interpretando avvocati e detenuti ha regalato due ore di spensieratezza e divertimento al pubblico , spettatore delle vicende di personaggi improbabili, legati tra loro dal codice penale.<\/p>\n\n\n\n<p>Il calendario prevede ora altri tre spettacoli unici con cadenza mensile: il prossimo vedr\u00e0 in scena la compagnia degli A4 in<em> Forza 4<\/em>. Poi sar\u00e0 la volta dei Compagni di scena, che rappresenteranno prima <em>Piedi di feltro <\/em>e poi il musical <em>The Addams Family<\/em>, nel cui cast figura anche Chiara Ravignani, una ragazza del Centro giovanile Madonna di Loreto che ha superato le selezioni della compagnia.<\/p>\n\n\n\n<p>La rassegna conferma quindi come il teatro sia per la comunit\u00e0 uno spazio culturale e di intrattenimento, ma anche uno strumento utile per la formazione dei giovani.<\/p>\n\n\n\n<p><\/p>\n\n\n\n<p class=\"has-text-align-center has-background-dark-background-color has-background\"><strong>IL 17 FEBBRAIO 2019<\/strong> <strong>in scena MICHELE LA GINESTRA<\/strong><\/p>\n\n\n\n<div class=\"wp-block-image\"><figure class=\"aligncenter size-large\"><img loading=\"lazy\" decoding=\"async\" width=\"662\" height=\"1024\" src=\"http:\/\/test.teatrodomma.it\/wp-content\/uploads\/2022\/10\/Michele-La-Ginestra-7-662x1024.jpg\" alt=\"\" class=\"wp-image-7474\" srcset=\"https:\/\/www.teatrodomma.it\/wp-content\/uploads\/2022\/10\/Michele-La-Ginestra-7-662x1024.jpg 662w, https:\/\/www.teatrodomma.it\/wp-content\/uploads\/2022\/10\/Michele-La-Ginestra-7-194x300.jpg 194w, https:\/\/www.teatrodomma.it\/wp-content\/uploads\/2022\/10\/Michele-La-Ginestra-7-768x1189.jpg 768w, https:\/\/www.teatrodomma.it\/wp-content\/uploads\/2022\/10\/Michele-La-Ginestra-7-200x310.jpg 200w, https:\/\/www.teatrodomma.it\/wp-content\/uploads\/2022\/10\/Michele-La-Ginestra-7-698x1080.jpg 698w, https:\/\/www.teatrodomma.it\/wp-content\/uploads\/2022\/10\/Michele-La-Ginestra-7.jpg 980w\" sizes=\"(max-width: 662px) 100vw, 662px\" \/><\/figure><\/div>\n\n\n\n<p><\/p>\n\n\n\n<p class=\"has-text-align-center has-background-dark-background-color has-background\"><strong>VI ASPETTIAMO!<\/strong><\/p>\n","protected":false},"excerpt":{"rendered":"<p>La mini rassegna &#8220;Cos\u00ec fan teatro&#8221; ha rilanciato l&#8217;attivit\u00e0 teatrale nel quartiere. Guarda il video&#8230; Dopo sei anni di attivit\u00e0 il teatro parrocchiale Don Mario Torregrossa ha allestito una mini stagione. Andiamo a scoprirla insieme ad Alberto Tabbi. Situato all&#8217;interno della parrocchia San Carlo da Sezze alla Madonnetta, il teatro Don Mario Torregrossa si \u00e8 [&hellip;]<\/p>\n","protected":false},"author":2,"featured_media":569,"comment_status":"closed","ping_status":"open","sticky":false,"template":"","format":"standard","meta":{"saved_in_kubio":false,"footnotes":""},"categories":[30],"tags":[28,29,16],"class_list":{"0":"post-7493","1":"post","2":"type-post","3":"status-publish","4":"format-standard","5":"has-post-thumbnail","6":"hentry","7":"category-video","8":"tag-canale-10","9":"tag-rassegna-teatrale","10":"tag-teatro-don-mario-torregrossa","12":"post-with-thumbnail","13":"post-with-thumbnail-large"},"yoast_head":"<!-- This site is optimized with the Yoast SEO plugin v25.8 - https:\/\/yoast.com\/wordpress\/plugins\/seo\/ -->\n<title>2019: anno nuovo, vita nuova! - Teatro Domma<\/title>\n<meta name=\"robots\" content=\"index, follow, max-snippet:-1, max-image-preview:large, max-video-preview:-1\" \/>\n<link rel=\"canonical\" href=\"https:\/\/www.teatrodomma.it\/?p=7493\" \/>\n<meta property=\"og:locale\" content=\"it_IT\" \/>\n<meta property=\"og:type\" content=\"article\" \/>\n<meta property=\"og:title\" content=\"2019: anno nuovo, vita nuova! - Teatro Domma\" \/>\n<meta property=\"og:description\" content=\"La mini rassegna &#8220;Cos\u00ec fan teatro&#8221; ha rilanciato l&#8217;attivit\u00e0 teatrale nel quartiere. Guarda il video&#8230; Dopo sei anni di attivit\u00e0 il teatro parrocchiale Don Mario Torregrossa ha allestito una mini stagione. Andiamo a scoprirla insieme ad Alberto Tabbi. Situato all&#8217;interno della parrocchia San Carlo da Sezze alla Madonnetta, il teatro Don Mario Torregrossa si \u00e8 [&hellip;]\" \/>\n<meta property=\"og:url\" content=\"https:\/\/www.teatrodomma.it\/?p=7493\" \/>\n<meta property=\"og:site_name\" content=\"Teatro Domma\" \/>\n<meta property=\"article:publisher\" content=\"https:\/\/www.facebook.com\/p\/Teatro-Domma-61556981831878\/?locale=it_IT\" \/>\n<meta property=\"article:published_time\" content=\"2019-01-20T17:14:00+00:00\" \/>\n<meta property=\"article:modified_time\" content=\"2025-03-03T12:13:34+00:00\" \/>\n<meta property=\"og:image\" content=\"https:\/\/www.teatrodomma.it\/wp-content\/uploads\/2020\/04\/pexels-photo-391535-e1592833646292.jpeg\" \/>\n\t<meta property=\"og:image:width\" content=\"900\" \/>\n\t<meta property=\"og:image:height\" content=\"600\" \/>\n\t<meta property=\"og:image:type\" content=\"image\/jpeg\" \/>\n<meta name=\"author\" content=\"Serena Zamperini\" \/>\n<meta name=\"twitter:card\" content=\"summary_large_image\" \/>\n<meta name=\"twitter:label1\" content=\"Scritto da\" \/>\n\t<meta name=\"twitter:data1\" content=\"Serena Zamperini\" \/>\n\t<meta name=\"twitter:label2\" content=\"Tempo di lettura stimato\" \/>\n\t<meta name=\"twitter:data2\" content=\"3 minuti\" \/>\n<script type=\"application\/ld+json\" class=\"yoast-schema-graph\">{\"@context\":\"https:\/\/schema.org\",\"@graph\":[{\"@type\":\"Article\",\"@id\":\"https:\/\/www.teatrodomma.it\/?p=7493#article\",\"isPartOf\":{\"@id\":\"https:\/\/www.teatrodomma.it\/?p=7493\"},\"author\":{\"name\":\"Serena Zamperini\",\"@id\":\"https:\/\/www.teatrodomma.it\/#\/schema\/person\/674fd937928010503a7eb23a19afebf5\"},\"headline\":\"2019: anno nuovo, vita nuova!\",\"datePublished\":\"2019-01-20T17:14:00+00:00\",\"dateModified\":\"2025-03-03T12:13:34+00:00\",\"mainEntityOfPage\":{\"@id\":\"https:\/\/www.teatrodomma.it\/?p=7493\"},\"wordCount\":312,\"publisher\":{\"@id\":\"https:\/\/www.teatrodomma.it\/#organization\"},\"image\":{\"@id\":\"https:\/\/www.teatrodomma.it\/?p=7493#primaryimage\"},\"thumbnailUrl\":\"https:\/\/www.teatrodomma.it\/wp-content\/uploads\/2020\/04\/pexels-photo-391535-e1592833646292.jpeg\",\"keywords\":[\"canale 10\",\"rassegna teatrale\",\"teatro Don Mario Torregrossa\"],\"articleSection\":[\"Video\"],\"inLanguage\":\"it-IT\"},{\"@type\":\"WebPage\",\"@id\":\"https:\/\/www.teatrodomma.it\/?p=7493\",\"url\":\"https:\/\/www.teatrodomma.it\/?p=7493\",\"name\":\"2019: anno nuovo, vita nuova! - Teatro Domma\",\"isPartOf\":{\"@id\":\"https:\/\/www.teatrodomma.it\/#website\"},\"primaryImageOfPage\":{\"@id\":\"https:\/\/www.teatrodomma.it\/?p=7493#primaryimage\"},\"image\":{\"@id\":\"https:\/\/www.teatrodomma.it\/?p=7493#primaryimage\"},\"thumbnailUrl\":\"https:\/\/www.teatrodomma.it\/wp-content\/uploads\/2020\/04\/pexels-photo-391535-e1592833646292.jpeg\",\"datePublished\":\"2019-01-20T17:14:00+00:00\",\"dateModified\":\"2025-03-03T12:13:34+00:00\",\"breadcrumb\":{\"@id\":\"https:\/\/www.teatrodomma.it\/?p=7493#breadcrumb\"},\"inLanguage\":\"it-IT\",\"potentialAction\":[{\"@type\":\"ReadAction\",\"target\":[\"https:\/\/www.teatrodomma.it\/?p=7493\"]}]},{\"@type\":\"ImageObject\",\"inLanguage\":\"it-IT\",\"@id\":\"https:\/\/www.teatrodomma.it\/?p=7493#primaryimage\",\"url\":\"https:\/\/www.teatrodomma.it\/wp-content\/uploads\/2020\/04\/pexels-photo-391535-e1592833646292.jpeg\",\"contentUrl\":\"https:\/\/www.teatrodomma.it\/wp-content\/uploads\/2020\/04\/pexels-photo-391535-e1592833646292.jpeg\",\"width\":900,\"height\":600,\"caption\":\"Photo by Tuur Tisseghem on Pexels.com\"},{\"@type\":\"BreadcrumbList\",\"@id\":\"https:\/\/www.teatrodomma.it\/?p=7493#breadcrumb\",\"itemListElement\":[{\"@type\":\"ListItem\",\"position\":1,\"name\":\"Home\",\"item\":\"https:\/\/www.teatrodomma.it\/\"},{\"@type\":\"ListItem\",\"position\":2,\"name\":\"2019: anno nuovo, vita nuova!\"}]},{\"@type\":\"WebSite\",\"@id\":\"https:\/\/www.teatrodomma.it\/#website\",\"url\":\"https:\/\/www.teatrodomma.it\/\",\"name\":\"Teatro Domma\",\"description\":\"\",\"publisher\":{\"@id\":\"https:\/\/www.teatrodomma.it\/#organization\"},\"potentialAction\":[{\"@type\":\"SearchAction\",\"target\":{\"@type\":\"EntryPoint\",\"urlTemplate\":\"https:\/\/www.teatrodomma.it\/?s={search_term_string}\"},\"query-input\":{\"@type\":\"PropertyValueSpecification\",\"valueRequired\":true,\"valueName\":\"search_term_string\"}}],\"inLanguage\":\"it-IT\"},{\"@type\":\"Organization\",\"@id\":\"https:\/\/www.teatrodomma.it\/#organization\",\"name\":\"Teatro Domma\",\"url\":\"https:\/\/www.teatrodomma.it\/\",\"logo\":{\"@type\":\"ImageObject\",\"inLanguage\":\"it-IT\",\"@id\":\"https:\/\/www.teatrodomma.it\/#\/schema\/logo\/image\/\",\"url\":\"https:\/\/www.teatrodomma.it\/wp-content\/uploads\/2025\/01\/LOGOICON-edited-2.png\",\"contentUrl\":\"https:\/\/www.teatrodomma.it\/wp-content\/uploads\/2025\/01\/LOGOICON-edited-2.png\",\"width\":510,\"height\":287,\"caption\":\"Teatro Domma\"},\"image\":{\"@id\":\"https:\/\/www.teatrodomma.it\/#\/schema\/logo\/image\/\"},\"sameAs\":[\"https:\/\/www.facebook.com\/p\/Teatro-Domma-61556981831878\/?locale=it_IT\",\"https:\/\/www.instagram.com\/teatro_domma\/\"]},{\"@type\":\"Person\",\"@id\":\"https:\/\/www.teatrodomma.it\/#\/schema\/person\/674fd937928010503a7eb23a19afebf5\",\"name\":\"Serena Zamperini\",\"image\":{\"@type\":\"ImageObject\",\"inLanguage\":\"it-IT\",\"@id\":\"https:\/\/www.teatrodomma.it\/#\/schema\/person\/image\/\",\"url\":\"https:\/\/secure.gravatar.com\/avatar\/84e5d1ce86c2fca3791379d94ee0e521cf475f9c470e63665a7312ff81edeea6?s=96&d=mm&r=g\",\"contentUrl\":\"https:\/\/secure.gravatar.com\/avatar\/84e5d1ce86c2fca3791379d94ee0e521cf475f9c470e63665a7312ff81edeea6?s=96&d=mm&r=g\",\"caption\":\"Serena Zamperini\"},\"url\":\"https:\/\/www.teatrodomma.it\/?author=2\"}]}<\/script>\n<!-- \/ Yoast SEO plugin. -->","yoast_head_json":{"title":"2019: anno nuovo, vita nuova! - Teatro Domma","robots":{"index":"index","follow":"follow","max-snippet":"max-snippet:-1","max-image-preview":"max-image-preview:large","max-video-preview":"max-video-preview:-1"},"canonical":"https:\/\/www.teatrodomma.it\/?p=7493","og_locale":"it_IT","og_type":"article","og_title":"2019: anno nuovo, vita nuova! - Teatro Domma","og_description":"La mini rassegna &#8220;Cos\u00ec fan teatro&#8221; ha rilanciato l&#8217;attivit\u00e0 teatrale nel quartiere. Guarda il video&#8230; Dopo sei anni di attivit\u00e0 il teatro parrocchiale Don Mario Torregrossa ha allestito una mini stagione. Andiamo a scoprirla insieme ad Alberto Tabbi. Situato all&#8217;interno della parrocchia San Carlo da Sezze alla Madonnetta, il teatro Don Mario Torregrossa si \u00e8 [&hellip;]","og_url":"https:\/\/www.teatrodomma.it\/?p=7493","og_site_name":"Teatro Domma","article_publisher":"https:\/\/www.facebook.com\/p\/Teatro-Domma-61556981831878\/?locale=it_IT","article_published_time":"2019-01-20T17:14:00+00:00","article_modified_time":"2025-03-03T12:13:34+00:00","og_image":[{"width":900,"height":600,"url":"https:\/\/www.teatrodomma.it\/wp-content\/uploads\/2020\/04\/pexels-photo-391535-e1592833646292.jpeg","type":"image\/jpeg"}],"author":"Serena Zamperini","twitter_card":"summary_large_image","twitter_misc":{"Scritto da":"Serena Zamperini","Tempo di lettura stimato":"3 minuti"},"schema":{"@context":"https:\/\/schema.org","@graph":[{"@type":"Article","@id":"https:\/\/www.teatrodomma.it\/?p=7493#article","isPartOf":{"@id":"https:\/\/www.teatrodomma.it\/?p=7493"},"author":{"name":"Serena Zamperini","@id":"https:\/\/www.teatrodomma.it\/#\/schema\/person\/674fd937928010503a7eb23a19afebf5"},"headline":"2019: anno nuovo, vita nuova!","datePublished":"2019-01-20T17:14:00+00:00","dateModified":"2025-03-03T12:13:34+00:00","mainEntityOfPage":{"@id":"https:\/\/www.teatrodomma.it\/?p=7493"},"wordCount":312,"publisher":{"@id":"https:\/\/www.teatrodomma.it\/#organization"},"image":{"@id":"https:\/\/www.teatrodomma.it\/?p=7493#primaryimage"},"thumbnailUrl":"https:\/\/www.teatrodomma.it\/wp-content\/uploads\/2020\/04\/pexels-photo-391535-e1592833646292.jpeg","keywords":["canale 10","rassegna teatrale","teatro Don Mario Torregrossa"],"articleSection":["Video"],"inLanguage":"it-IT"},{"@type":"WebPage","@id":"https:\/\/www.teatrodomma.it\/?p=7493","url":"https:\/\/www.teatrodomma.it\/?p=7493","name":"2019: anno nuovo, vita nuova! - Teatro Domma","isPartOf":{"@id":"https:\/\/www.teatrodomma.it\/#website"},"primaryImageOfPage":{"@id":"https:\/\/www.teatrodomma.it\/?p=7493#primaryimage"},"image":{"@id":"https:\/\/www.teatrodomma.it\/?p=7493#primaryimage"},"thumbnailUrl":"https:\/\/www.teatrodomma.it\/wp-content\/uploads\/2020\/04\/pexels-photo-391535-e1592833646292.jpeg","datePublished":"2019-01-20T17:14:00+00:00","dateModified":"2025-03-03T12:13:34+00:00","breadcrumb":{"@id":"https:\/\/www.teatrodomma.it\/?p=7493#breadcrumb"},"inLanguage":"it-IT","potentialAction":[{"@type":"ReadAction","target":["https:\/\/www.teatrodomma.it\/?p=7493"]}]},{"@type":"ImageObject","inLanguage":"it-IT","@id":"https:\/\/www.teatrodomma.it\/?p=7493#primaryimage","url":"https:\/\/www.teatrodomma.it\/wp-content\/uploads\/2020\/04\/pexels-photo-391535-e1592833646292.jpeg","contentUrl":"https:\/\/www.teatrodomma.it\/wp-content\/uploads\/2020\/04\/pexels-photo-391535-e1592833646292.jpeg","width":900,"height":600,"caption":"Photo by Tuur Tisseghem on Pexels.com"},{"@type":"BreadcrumbList","@id":"https:\/\/www.teatrodomma.it\/?p=7493#breadcrumb","itemListElement":[{"@type":"ListItem","position":1,"name":"Home","item":"https:\/\/www.teatrodomma.it\/"},{"@type":"ListItem","position":2,"name":"2019: anno nuovo, vita nuova!"}]},{"@type":"WebSite","@id":"https:\/\/www.teatrodomma.it\/#website","url":"https:\/\/www.teatrodomma.it\/","name":"Teatro Domma","description":"","publisher":{"@id":"https:\/\/www.teatrodomma.it\/#organization"},"potentialAction":[{"@type":"SearchAction","target":{"@type":"EntryPoint","urlTemplate":"https:\/\/www.teatrodomma.it\/?s={search_term_string}"},"query-input":{"@type":"PropertyValueSpecification","valueRequired":true,"valueName":"search_term_string"}}],"inLanguage":"it-IT"},{"@type":"Organization","@id":"https:\/\/www.teatrodomma.it\/#organization","name":"Teatro Domma","url":"https:\/\/www.teatrodomma.it\/","logo":{"@type":"ImageObject","inLanguage":"it-IT","@id":"https:\/\/www.teatrodomma.it\/#\/schema\/logo\/image\/","url":"https:\/\/www.teatrodomma.it\/wp-content\/uploads\/2025\/01\/LOGOICON-edited-2.png","contentUrl":"https:\/\/www.teatrodomma.it\/wp-content\/uploads\/2025\/01\/LOGOICON-edited-2.png","width":510,"height":287,"caption":"Teatro Domma"},"image":{"@id":"https:\/\/www.teatrodomma.it\/#\/schema\/logo\/image\/"},"sameAs":["https:\/\/www.facebook.com\/p\/Teatro-Domma-61556981831878\/?locale=it_IT","https:\/\/www.instagram.com\/teatro_domma\/"]},{"@type":"Person","@id":"https:\/\/www.teatrodomma.it\/#\/schema\/person\/674fd937928010503a7eb23a19afebf5","name":"Serena Zamperini","image":{"@type":"ImageObject","inLanguage":"it-IT","@id":"https:\/\/www.teatrodomma.it\/#\/schema\/person\/image\/","url":"https:\/\/secure.gravatar.com\/avatar\/84e5d1ce86c2fca3791379d94ee0e521cf475f9c470e63665a7312ff81edeea6?s=96&d=mm&r=g","contentUrl":"https:\/\/secure.gravatar.com\/avatar\/84e5d1ce86c2fca3791379d94ee0e521cf475f9c470e63665a7312ff81edeea6?s=96&d=mm&r=g","caption":"Serena Zamperini"},"url":"https:\/\/www.teatrodomma.it\/?author=2"}]}},"_links":{"self":[{"href":"https:\/\/www.teatrodomma.it\/index.php?rest_route=\/wp\/v2\/posts\/7493","targetHints":{"allow":["GET"]}}],"collection":[{"href":"https:\/\/www.teatrodomma.it\/index.php?rest_route=\/wp\/v2\/posts"}],"about":[{"href":"https:\/\/www.teatrodomma.it\/index.php?rest_route=\/wp\/v2\/types\/post"}],"author":[{"embeddable":true,"href":"https:\/\/www.teatrodomma.it\/index.php?rest_route=\/wp\/v2\/users\/2"}],"replies":[{"embeddable":true,"href":"https:\/\/www.teatrodomma.it\/index.php?rest_route=%2Fwp%2Fv2%2Fcomments&post=7493"}],"version-history":[{"count":1,"href":"https:\/\/www.teatrodomma.it\/index.php?rest_route=\/wp\/v2\/posts\/7493\/revisions"}],"predecessor-version":[{"id":31265,"href":"https:\/\/www.teatrodomma.it\/index.php?rest_route=\/wp\/v2\/posts\/7493\/revisions\/31265"}],"wp:featuredmedia":[{"embeddable":true,"href":"https:\/\/www.teatrodomma.it\/index.php?rest_route=\/wp\/v2\/media\/569"}],"wp:attachment":[{"href":"https:\/\/www.teatrodomma.it\/index.php?rest_route=%2Fwp%2Fv2%2Fmedia&parent=7493"}],"wp:term":[{"taxonomy":"category","embeddable":true,"href":"https:\/\/www.teatrodomma.it\/index.php?rest_route=%2Fwp%2Fv2%2Fcategories&post=7493"},{"taxonomy":"post_tag","embeddable":true,"href":"https:\/\/www.teatrodomma.it\/index.php?rest_route=%2Fwp%2Fv2%2Ftags&post=7493"}],"curies":[{"name":"wp","href":"https:\/\/api.w.org\/{rel}","templated":true}]}}