{"id":7498,"date":"2020-05-20T20:05:00","date_gmt":"2020-05-20T18:05:00","guid":{"rendered":"https:\/\/teatrodomma.wordpress.com\/?p=52"},"modified":"2020-05-20T20:05:00","modified_gmt":"2020-05-20T18:05:00","slug":"conosciamo-i-cds-compagni-di-scena","status":"publish","type":"post","link":"https:\/\/www.teatrodomma.it\/?p=7498","title":{"rendered":"Conosciamo i CdS &#8211; Compagni di Scena"},"content":{"rendered":"\n<p class=\"has-text-align-center\"><strong>10 ANNI&#8230;E NON SENTIRLI!<\/strong>  <\/p>\n\n\n\n<p>I <a rel=\"noreferrer noopener\" href=\"https:\/\/www.facebook.com\/cdiscena\/\" target=\"_blank\">Compagni di Scena<\/a> non hanno bisogno di presentazione per chi frequenta il Teatro Domma (intitolato al fondatore Don Mario Torregrossa) presso cui sono soliti esibirsi. Per chi ancora non li conoscesse, ecco in sintesi la loro storia che ha avuto inizio nel 2010.<\/p>\n\n\n\n<p class=\"has-text-align-center has-text-color has-background has-foreground-dark-color has-background-dark-background-color\"><strong>CARTA DI IDENTITA&#8217;<\/strong> <strong>DEL GRUPPO<\/strong><\/p>\n\n\n\n<p class=\"has-text-color has-foreground-dark-color\">Sono una <strong>compagnia stabile di giovani del X Municipio di Roma<\/strong> (iscritti alla F.I.T.A. Federazione Italiana Teatro Amatori), accomunati dal desiderio di promuovere il teatro, la musica e le varie arti performative.<strong> Dal 2010<\/strong> offrono spettacoli di qualit\u00e0 alla portata del grande pubblico. Qualit\u00e0, comicit\u00e0 e buona musica sono stati e continuano ad essere nel tempo i loro ingredienti vincenti. <\/p>\n\n\n\n<p class=\"has-text-color has-foreground-dark-color\">Nel loro curriculum figura anche la collaborazione al <em><a href=\"http:\/\/www.lamiaostia.com\/news\/index.asp?TOPIC_ID=924\" target=\"_blank\" rel=\"noreferrer noopener\">progetto Mibac &#8211; Liceo Labriola &#8220;Scuola attiva la cultura&#8221;<\/a><\/em> per il corso alternanza scuola-lavoro (<strong>2018-2019<\/strong>), al termine del quale hanno portato in scena il musical <a rel=\"noreferrer noopener\" href=\"https:\/\/www.youtube.com\/watch?v=IbL5CFuuCGQ\" target=\"_blank\"><em>&#8220;La Bottega del terrore&#8221;<\/em> <\/a>, in cui gli studenti sono stati protagonisti come attori e tecnici. <\/p>\n\n\n\n<p class=\"has-text-color has-foreground-dark-color\">Inoltre, nel <strong>2019<\/strong> si sono fatti promotori di <a rel=\"noreferrer noopener\" href=\"https:\/\/teatrodomma.wordpress.com\/2020\/02\/01\/concorso-di-corti-teatrali-e-monologhi\/\" target=\"_blank\"><strong>\u201cCORTI DI SCENA\u201d<\/strong>, concorso di corti teatrali e monologhi<\/a> , la cui premiazione si terr\u00e0 nel 2020 appena l&#8217;emergenza Covid-19 rientrer\u00e0. <a rel=\"noreferrer noopener\" href=\"https:\/\/teatrodomma.wordpress.com\/2020\/04\/01\/1edizione-corti-di-scena\/\" target=\"_blank\">Elenco di chi \u00e8 giunto in finale<\/a>.<\/p>\n\n\n\n<p class=\"has-text-color has-background has-foreground-dark-color has-background-dark-background-color\"><strong>I FONDATORI<\/strong> <strong>ED IL NUCLEO ORIGINARIO &#8230;ma le audizioni sono sempre aperte!<\/strong><\/p>\n\n\n\n<div class=\"wp-block-image is-style-rounded\"><figure class=\"alignleft size-large is-resized\"><img loading=\"lazy\" decoding=\"async\" src=\"http:\/\/test.teatrodomma.it\/wp-content\/uploads\/2020\/05\/cds-gruppo-9-compleanno.jpg?w=960\" alt=\"\" class=\"wp-image-848\" width=\"445\" height=\"445\" srcset=\"https:\/\/www.teatrodomma.it\/wp-content\/uploads\/2020\/05\/cds-gruppo-9-compleanno.jpg 960w, https:\/\/www.teatrodomma.it\/wp-content\/uploads\/2020\/05\/cds-gruppo-9-compleanno-300x300.jpg 300w, https:\/\/www.teatrodomma.it\/wp-content\/uploads\/2020\/05\/cds-gruppo-9-compleanno-150x150.jpg 150w, https:\/\/www.teatrodomma.it\/wp-content\/uploads\/2020\/05\/cds-gruppo-9-compleanno-768x768.jpg 768w, https:\/\/www.teatrodomma.it\/wp-content\/uploads\/2020\/05\/cds-gruppo-9-compleanno-200x200.jpg 200w, https:\/\/www.teatrodomma.it\/wp-content\/uploads\/2020\/05\/cds-gruppo-9-compleanno-144x144.jpg 144w\" sizes=\"(max-width: 445px) 100vw, 445px\" \/><figcaption>2019: una rappresentanza dei Compagni di Scena festeggia i 9 anni di attivit\u00e0<\/figcaption><\/figure><\/div>\n\n\n\n<p>Marco Mininno, <a rel=\"noreferrer noopener\" href=\"https:\/\/www.facebook.com\/dadriani\" target=\"_blank\">Daniele Adriani<\/a>, Daniele Alfieri, Davide Giacinti, Ludovica Pimpinella, Germano Germani, <a href=\"https:\/\/www.teatrodomma.it\/blog\/articoli-vari\/quattro-chiacchiere-con-laura-adriani\/\" target=\"_blank\" rel=\"noreferrer noopener\">Laura Adriani<\/a> , Andrea Cassano, <a rel=\"noreferrer noopener\" href=\"https:\/\/www.facebook.com\/danieleboris.trombetti\" target=\"_blank\">Daniele Trombetti<\/a> , etc &#8230;.Alcuni di loro attualmente sono lanciati nel mondo dello spettacolo: ci sono un tenore lirico, un direttore luci, registi ed attori\/attrici (ad esempio, una di queste ha preso il volo ed \u00e8 diventata un volto noto di varie fiction televisive, fra cui l&#8217;ultima \u00e8 stata &#8220;Che Dio ci aiuti&#8221;&#8230;Un altro ha recitato per il piccolo schermo in un episodio di Montalbano ed al cinema nei film: &#8220;Lo chiamavano Jeeg Robot&#8221; nel 2015 e &#8220;Non ci resta che il crimine&#8221; nel 2019&#8230;Un altro ancora ha vinto il premio nazionale &#8220;Portici in Teatro&#8221; come miglior attore protagonista con lo spettacolo &#8220;La Guerra Fredda&#8221; tra le oltre 100 compagnie in gara!&#8230;.<em>Parte la &#8220;caccia all&#8217;uomo&#8221; per scoprire chi sono e dialogarci su Facebook on line<\/em>).<\/p>\n\n\n\n<p class=\"has-text-color has-background has-foreground-dark-color has-background-dark-background-color\"><strong>REPERTORIO<\/strong><\/p>\n\n\n\n<p>Nel repertorio vantano molti <strong>MUSICAL<\/strong>, tra cui  <a rel=\"noreferrer noopener\" href=\"https:\/\/www.youtube.com\/watch?v=hUpu6MJKGWs&amp;feature=youtu.be\" target=\"_blank\"> &#8220;<\/a><em><a rel=\"noreferrer noopener\" href=\"https:\/\/www.youtube.com\/watch?v=hUpu6MJKGWs&amp;feature=youtu.be\" target=\"_blank\">The Addams Family<\/a><\/em><a rel=\"noreferrer noopener\" href=\"https:\/\/www.youtube.com\/watch?v=hUpu6MJKGWs&amp;feature=youtu.be\" target=\"_blank\">&#8220;<\/a> (l&#8217;ultimo ad essere rappresentato nel <strong>2019<\/strong> con orchestra dal vivo), <a rel=\"noreferrer noopener\" href=\"https:\/\/www.youtube.com\/watch?v=wyKOYvhMHj8\" target=\"_blank\">&#8220;<\/a><em><a rel=\"noreferrer noopener\" href=\"https:\/\/www.youtube.com\/watch?v=wyKOYvhMHj8\" target=\"_blank\">Il gobbo di Notre Dame<\/a><\/em><a rel=\"noreferrer noopener\" href=\"https:\/\/www.youtube.com\/watch?v=wyKOYvhMHj8\" target=\"_blank\">&#8220;<\/a> (<strong>2015<\/strong>), <a rel=\"noreferrer noopener\" href=\"https:\/\/teatrodomma.wordpress.com\/2020\/04\/29\/sweeny-todd-il-video\/\" target=\"_blank\">&#8220;<\/a><em><a rel=\"noreferrer noopener\" href=\"https:\/\/teatrodomma.wordpress.com\/2020\/04\/29\/sweeny-todd-il-video\/\" target=\"_blank\">Sweeny Todd, il diabolico barbiere di Fleet Street<\/a><\/em>&#8221; (<strong>2014<\/strong>), <a rel=\"noreferrer noopener\" href=\"https:\/\/www.youtube.com\/watch?v=LA5j0wfngvM\" target=\"_blank\">&#8220;<\/a><em><a rel=\"noreferrer noopener\" href=\"https:\/\/www.youtube.com\/watch?v=LA5j0wfngvM\" target=\"_blank\">Il fantasma dell&#8217;Opera<\/a><\/em><a rel=\"noreferrer noopener\" href=\"https:\/\/www.youtube.com\/watch?v=LA5j0wfngvM\" target=\"_blank\">&#8220;<\/a> (<strong>2012<\/strong>), <em><a rel=\"noreferrer noopener\" href=\"https:\/\/www.youtube.com\/watch?v=eov4j9VxoH8\" target=\"_blank\">&#8220;Aggiungi un posto a tavola&#8221;<\/a><\/em> (<strong>2014<\/strong>), <a rel=\"noreferrer noopener\" href=\"https:\/\/www.youtube.com\/watch?v=wQ_gwP8ztnM\" target=\"_blank\">&#8220;<\/a><em><a rel=\"noreferrer noopener\" href=\"https:\/\/www.youtube.com\/watch?v=wQ_gwP8ztnM\" target=\"_blank\">Canto di Natale<\/a><\/em><a rel=\"noreferrer noopener\" href=\"https:\/\/www.youtube.com\/watch?v=wQ_gwP8ztnM\" target=\"_blank\">&#8220;<\/a>(<strong>2013<\/strong>), <em><a rel=\"noreferrer noopener\" href=\"https:\/\/www.youtube.com\/watch?v=wsnq7JzCRao\" target=\"_blank\">&#8220;Grease&#8221;<\/a><\/em> (<strong>2015<\/strong>), <em><a rel=\"noreferrer noopener\" href=\"https:\/\/www.youtube.com\/watch?v=c5nxbttXfFo\" target=\"_blank\">&#8220;Into the Woods &#8211; C&#8217;era una volta&#8221;<\/a><\/em><a rel=\"noreferrer noopener\" href=\"https:\/\/www.youtube.com\/watch?v=c5nxbttXfFo\" target=\"_blank\"> <\/a>(<strong>2016<\/strong>), <em><a rel=\"noreferrer noopener\" href=\"https:\/\/www.youtube.com\/watch?v=P7gXqCNY6Os\" target=\"_blank\">&#8220;Revolution &#8211; Across the Universe&#8221;<\/a><\/em> <strong>(2016)<\/strong>, <em><a rel=\"noreferrer noopener\" href=\"https:\/\/www.youtube.com\/watch?v=b2oRzJEdeJo\" target=\"_blank\">&#8220;La mia miglior nemica&#8221;<\/a><\/em> (<strong>2017<\/strong>), <em><a rel=\"noreferrer noopener\" href=\"https:\/\/www.youtube.com\/watch?v=2nV141U3Smo\" target=\"_blank\">&#8220;Hairspray &#8211; Il Vento degli Anni 60&#8221;<\/a><\/em> (<strong>2012<\/strong>),  <a rel=\"noreferrer noopener\" href=\"https:\/\/www.youtube.com\/watch?v=wpZD29kVdXg\" target=\"_blank\">&#8220;<\/a><em><a rel=\"noreferrer noopener\" href=\"https:\/\/www.youtube.com\/watch?v=wpZD29kVdXg\" target=\"_blank\">Ti amo, Sei Perfetto, Ora cambia<\/a><\/em><a rel=\"noreferrer noopener\" href=\"https:\/\/www.youtube.com\/watch?v=wpZD29kVdXg\" target=\"_blank\">&#8220;<\/a> (in scena nel <strong>2017<\/strong> con musica dal vivo), <em><a rel=\"noreferrer noopener\" href=\"https:\/\/www.youtube.com\/watch?v=RrFKvlG50-U\" target=\"_blank\">&#8220;The last five years&#8221;<\/a><\/em> (<strong>2020<\/strong>).<\/p>\n\n\n\n<div class=\"wp-block-image is-style-default\"><figure class=\"alignright size-large is-resized\"><img loading=\"lazy\" decoding=\"async\" src=\"http:\/\/test.teatrodomma.it\/wp-content\/uploads\/2020\/04\/bemorechill_sospeso.jpg?w=728\" alt=\"\" class=\"wp-image-315\" width=\"198\" height=\"279\"\/><\/figure><\/div>\n\n\n\n<p><em>&#8220;<strong>Be more chill &#8211; Datti una mossa&#8221;<\/strong><\/em>&nbsp;\u00e8 il musical che avrebbero dovuto portare sul palco del nostro teatro proprio nella stagione 2020, se non fosse stato per il Covid-19&#8230; ma l&#8217;appuntamento \u00e8 soltanto rimandato. Potete intanto gustare un <a rel=\"noreferrer noopener\" href=\"https:\/\/www.facebook.com\/cdiscena\/videos\/1110757029268115\/\" target=\"_blank\">video delle prove<\/a> della compagnia. <\/p>\n\n\n\n<p>Tra le altre loro <strong>PIECES TEATRALI <\/strong>figurano <a rel=\"noreferrer noopener\" href=\"https:\/\/youtu.be\/ETstpemN6QA\" target=\"_blank\"><em>&#8220;Piedi di feltro<\/em>&#8220;<\/a> (tripletta al Premio Colosseo <strong>2019<\/strong>), <em><a rel=\"noreferrer noopener\" href=\"https:\/\/www.youtube.com\/watch?v=CArZap180Yo\" target=\"_blank\">&#8220;Tele Suono Ora&#8221;<\/a><\/em> (<strong>2019<\/strong>), <em><a rel=\"noreferrer noopener\" href=\"https:\/\/www.youtube.com\/watch?v=ezOsAShgELg\" target=\"_blank\">&#8220;La guerra fredda&#8221;<\/a><\/em> (<strong>2019<\/strong>),<em>&#8220;Sette minuti&#8221;<\/em> (<strong>2019<\/strong>), <em><a rel=\"noreferrer noopener\" href=\"https:\/\/www.youtube.com\/watch?v=fgPT3jv6HwE\" target=\"_blank\">&#8220;Evviva il Blec Aut&#8221;<\/a><\/em> (<strong>2018<\/strong>), &#8220;<em><a rel=\"noreferrer noopener\" href=\"https:\/\/www.youtube.com\/watch?v=kbuz071Hz4c\" target=\"_blank\">Il Colore V<\/a><\/em>&#8221; (<strong>2015<\/strong>), <em><a rel=\"noreferrer noopener\" href=\"https:\/\/www.youtube.com\/watch?v=KcRrG5zaZjM\" target=\"_blank\">&#8220;Colto in flagrante&#8221;<\/a><\/em> (<strong>2013<\/strong>), <em>&#8220;<a rel=\"noreferrer noopener\" href=\"https:\/\/www.youtube.com\/watch?v=sqZELLDnI2I&amp;fbclid=IwAR0FoweXOgkEoB-_IRH5WlsMJW5xs7ZGPgs2dVLWJl7vekbyo7Y_YBj_Oj0\" target=\"_blank\">Un grazioso via vai<\/a>&#8220;<\/em>(<strong>2013<\/strong>), <em><a rel=\"noreferrer noopener\" href=\"https:\/\/www.youtube.com\/watch?v=Dz6Wc3j7RlE\" target=\"_blank\">&#8220;La banda della marana&#8221; <\/a><\/em>(<strong>2013<\/strong>), <em><a rel=\"noreferrer noopener\" href=\"https:\/\/www.youtube.com\/watch?v=AHRI2sXUPZE\" target=\"_blank\">&#8220;La baita degli spettri&#8221;<\/a><\/em> (<strong>2012<\/strong>).<\/p>\n\n\n\n<p><\/p>\n\n\n\n<p class=\"has-text-align-center has-background has-background-dark-background-color\"><strong>RASSEGNA &#8220;I 10 ANNI DEI CdS&#8221;<\/strong><\/p>\n\n\n\n<p>Aspettando il loro prossimo 10\u00b0compleanno, <a rel=\"noreferrer noopener\" href=\"https:\/\/www.youtube.com\/results?search_query=compagni+di+scena\" target=\"_blank\">in premi\u00e8re su YouTube<\/a> <strong>ogni marted\u00ec, gioved\u00ec e domenica alle ore 21:00 <\/strong>i loro spettacoli con i commenti live dei protagonisti.<\/p>\n\n\n\n<figure class=\"wp-block-gallery aligncenter columns-3 is-cropped wp-block-gallery-1 is-layout-flex wp-block-gallery-is-layout-flex\"><ul class=\"blocks-gallery-grid\"><li class=\"blocks-gallery-item\"><figure><img loading=\"lazy\" decoding=\"async\" width=\"1024\" height=\"687\" src=\"http:\/\/test.teatrodomma.it\/wp-content\/uploads\/2020\/05\/cds-locandina-spettacoli-teatro-1-1024x687.jpg\" alt=\"\" data-id=\"849\" data-full-url=\"http:\/\/test.teatrodomma.it\/wp-content\/uploads\/2020\/05\/cds-locandina-spettacoli-teatro-1.jpg\" data-link=\"https:\/\/www.teatrodomma.it\/blog\/articoli-vari\/presentati-articolo-di-esempio222\/attachment\/cds-locandina-spettacoli-teatro-1\/\" class=\"wp-image-849\" srcset=\"https:\/\/www.teatrodomma.it\/wp-content\/uploads\/2020\/05\/cds-locandina-spettacoli-teatro-1-1024x687.jpg 1024w, https:\/\/www.teatrodomma.it\/wp-content\/uploads\/2020\/05\/cds-locandina-spettacoli-teatro-1-300x201.jpg 300w, https:\/\/www.teatrodomma.it\/wp-content\/uploads\/2020\/05\/cds-locandina-spettacoli-teatro-1-768x516.jpg 768w, https:\/\/www.teatrodomma.it\/wp-content\/uploads\/2020\/05\/cds-locandina-spettacoli-teatro-1-200x134.jpg 200w, https:\/\/www.teatrodomma.it\/wp-content\/uploads\/2020\/05\/cds-locandina-spettacoli-teatro-1-272x182.jpg 272w, https:\/\/www.teatrodomma.it\/wp-content\/uploads\/2020\/05\/cds-locandina-spettacoli-teatro-1.jpg 1080w\" sizes=\"(max-width: 1024px) 100vw, 1024px\" \/><\/figure><\/li><li class=\"blocks-gallery-item\"><figure><img loading=\"lazy\" decoding=\"async\" width=\"1024\" height=\"692\" src=\"http:\/\/test.teatrodomma.it\/wp-content\/uploads\/2020\/05\/cds-locandina-spettacoli-teatro-2-1024x692.jpg\" alt=\"\" data-id=\"850\" data-full-url=\"http:\/\/test.teatrodomma.it\/wp-content\/uploads\/2020\/05\/cds-locandina-spettacoli-teatro-2.jpg\" data-link=\"https:\/\/www.teatrodomma.it\/blog\/articoli-vari\/presentati-articolo-di-esempio222\/attachment\/cds-locandina-spettacoli-teatro-2\/\" class=\"wp-image-850\" srcset=\"https:\/\/www.teatrodomma.it\/wp-content\/uploads\/2020\/05\/cds-locandina-spettacoli-teatro-2-1024x692.jpg 1024w, https:\/\/www.teatrodomma.it\/wp-content\/uploads\/2020\/05\/cds-locandina-spettacoli-teatro-2-300x203.jpg 300w, https:\/\/www.teatrodomma.it\/wp-content\/uploads\/2020\/05\/cds-locandina-spettacoli-teatro-2-768x519.jpg 768w, https:\/\/www.teatrodomma.it\/wp-content\/uploads\/2020\/05\/cds-locandina-spettacoli-teatro-2-200x135.jpg 200w, https:\/\/www.teatrodomma.it\/wp-content\/uploads\/2020\/05\/cds-locandina-spettacoli-teatro-2.jpg 1080w\" sizes=\"(max-width: 1024px) 100vw, 1024px\" \/><\/figure><\/li><li class=\"blocks-gallery-item\"><figure><img decoding=\"async\" src=\"https:\/\/www.teatrodomma.it\/wp-content\/uploads\/2020\/04\/cds-locandina-spettacoli-teatro-4-1568x1108-1-1024x724.jpg\" alt=\"\" data-id=\"2280\" data-full-url=\"http:\/\/test.teatrodomma.it\/wp-content\/uploads\/2020\/04\/cds-locandina-spettacoli-teatro-4-1568x1108-1-e1592065626471.jpg\" data-link=\"https:\/\/www.teatrodomma.it\/blog\/articoli-vari\/sono-di-scena-i-compagni-di-scena\/attachment\/cds-locandina-spettacoli-teatro-4-1568x1108\/\" class=\"wp-image-2280\"\/><\/figure><\/li><li class=\"blocks-gallery-item\"><figure><img decoding=\"async\" src=\"https:\/\/www.teatrodomma.it\/wp-content\/uploads\/2020\/05\/cds-locandina-spettacoli-teatro-5-1024x849.jpg\" alt=\"\" data-id=\"845\" data-full-url=\"http:\/\/test.teatrodomma.it\/wp-content\/uploads\/2020\/05\/cds-locandina-spettacoli-teatro-5-e1592064163953.jpg\" data-link=\"https:\/\/www.teatrodomma.it\/blog\/articoli-vari\/compagni-di-scena-e-la-fase-2\/attachment\/cds-locandina-spettacoli-teatro-5\/\" class=\"wp-image-845\"\/><\/figure><\/li><li class=\"blocks-gallery-item\"><figure><img decoding=\"async\" src=\"http:\/\/test.teatrodomma.it\/wp-content\/uploads\/2020\/05\/cds-locandina-spettacoli-teatro-7-1568x1108-1.jpg\" alt=\"\" data-id=\"2266\" data-full-url=\"http:\/\/test.teatrodomma.it\/wp-content\/uploads\/2020\/05\/cds-locandina-spettacoli-teatro-7-1568x1108-1.jpg\" data-link=\"https:\/\/www.teatrodomma.it\/blog\/articoli-vari\/ultimi-spettacoli-dei-cds-on-line\/attachment\/cds-locandina-spettacoli-teatro-7-1568x1108\/\" class=\"wp-image-2266\"\/><\/figure><\/li><li class=\"blocks-gallery-item\"><figure><img decoding=\"async\" src=\"http:\/\/test.teatrodomma.it\/wp-content\/uploads\/2020\/05\/cds-locandina-spettacoli-teatro-8.jpg\" alt=\"\" data-id=\"2209\" data-full-url=\"http:\/\/test.teatrodomma.it\/wp-content\/uploads\/2020\/05\/cds-locandina-spettacoli-teatro-8.jpg\" data-link=\"https:\/\/www.teatrodomma.it\/blog\/articoli-vari\/ultimissima-settimana-con-i-cds\/attachment\/cds-locandina-spettacoli-teatro-8\/\" class=\"wp-image-2209\"\/><\/figure><\/li><\/ul><figcaption class=\"blocks-gallery-caption\">Locandine di alcuni degli spettacoli teatrali della rassegna &#8220;I 10 anni dei Compagni di Scena&#8221; che trovate on line<\/figcaption><\/figure>\n\n\n\n<p><em>In questi giorni in cui gli spettatori non possono frequentare il teatro, a partire da Marzo 2020 \u00e8 il nostro teatro ad entrare nelle case proprio con gli spettacoli dei Compagni di Scena!<\/em><\/p>\n\n\n\n<p><em>Godetevi il posto in prima fila, comodamente seduti nella poltrona che preferite.<\/em><\/p>\n\n\n\n<p class=\"has-text-align-center\"><em>Buon divertimento!<\/em><\/p>\n","protected":false},"excerpt":{"rendered":"<p>10 ANNI&#8230;E NON SENTIRLI! I Compagni di Scena non hanno bisogno di presentazione per chi frequenta il Teatro Domma (intitolato al fondatore Don Mario Torregrossa) presso cui sono soliti esibirsi. Per chi ancora non li conoscesse, ecco in sintesi la loro storia che ha avuto inizio nel 2010. CARTA DI IDENTITA&#8217; DEL GRUPPO Sono una [&hellip;]<\/p>\n","protected":false},"author":3,"featured_media":1800,"comment_status":"closed","ping_status":"open","sticky":false,"template":"","format":"standard","meta":{"saved_in_kubio":false,"footnotes":""},"categories":[33],"tags":[32,24,34,35,36,37,38,15,39,16],"class_list":{"0":"post-7498","1":"post","2":"type-post","3":"status-publish","4":"format-standard","5":"has-post-thumbnail","6":"hentry","7":"category-compagni-di-scena","8":"tag-artisti","9":"tag-attori","10":"tag-compagnia","11":"tag-corti-di-scena","12":"tag-musical","13":"tag-orari","14":"tag-premiere","15":"tag-spettacolo","16":"tag-teatro","17":"tag-teatro-don-mario-torregrossa","19":"post-with-thumbnail","20":"post-with-thumbnail-large"},"yoast_head":"<!-- This site is optimized with the Yoast SEO plugin v25.8 - https:\/\/yoast.com\/wordpress\/plugins\/seo\/ -->\n<title>Conosciamo i CdS - Compagni di Scena - Teatro Domma<\/title>\n<meta name=\"robots\" content=\"index, follow, max-snippet:-1, max-image-preview:large, max-video-preview:-1\" \/>\n<link rel=\"canonical\" href=\"https:\/\/www.teatrodomma.it\/?p=7498\" \/>\n<meta property=\"og:locale\" content=\"it_IT\" \/>\n<meta property=\"og:type\" content=\"article\" \/>\n<meta property=\"og:title\" content=\"Conosciamo i CdS - Compagni di Scena - Teatro Domma\" \/>\n<meta property=\"og:description\" content=\"10 ANNI&#8230;E NON SENTIRLI! I Compagni di Scena non hanno bisogno di presentazione per chi frequenta il Teatro Domma (intitolato al fondatore Don Mario Torregrossa) presso cui sono soliti esibirsi. Per chi ancora non li conoscesse, ecco in sintesi la loro storia che ha avuto inizio nel 2010. CARTA DI IDENTITA&#8217; DEL GRUPPO Sono una [&hellip;]\" \/>\n<meta property=\"og:url\" content=\"https:\/\/www.teatrodomma.it\/?p=7498\" \/>\n<meta property=\"og:site_name\" content=\"Teatro Domma\" \/>\n<meta property=\"article:publisher\" content=\"https:\/\/www.facebook.com\/p\/Teatro-Domma-61556981831878\/?locale=it_IT\" \/>\n<meta property=\"article:published_time\" content=\"2020-05-20T18:05:00+00:00\" \/>\n<meta property=\"og:image\" content=\"https:\/\/www.teatrodomma.it\/wp-content\/uploads\/2020\/05\/CdS_logo.jpg\" \/>\n\t<meta property=\"og:image:width\" content=\"740\" \/>\n\t<meta property=\"og:image:height\" content=\"482\" \/>\n\t<meta property=\"og:image:type\" content=\"image\/jpeg\" \/>\n<meta name=\"author\" content=\"Margherita De Donato\" \/>\n<meta name=\"twitter:card\" content=\"summary_large_image\" \/>\n<meta name=\"twitter:label1\" content=\"Scritto da\" \/>\n\t<meta name=\"twitter:data1\" content=\"Margherita De Donato\" \/>\n\t<meta name=\"twitter:label2\" content=\"Tempo di lettura stimato\" \/>\n\t<meta name=\"twitter:data2\" content=\"5 minuti\" \/>\n<script type=\"application\/ld+json\" class=\"yoast-schema-graph\">{\"@context\":\"https:\/\/schema.org\",\"@graph\":[{\"@type\":\"Article\",\"@id\":\"https:\/\/www.teatrodomma.it\/?p=7498#article\",\"isPartOf\":{\"@id\":\"https:\/\/www.teatrodomma.it\/?p=7498\"},\"author\":{\"name\":\"Margherita De Donato\",\"@id\":\"https:\/\/www.teatrodomma.it\/#\/schema\/person\/8a1f09bf4c695307c8aef38d93aa0e84\"},\"headline\":\"Conosciamo i CdS &#8211; Compagni di Scena\",\"datePublished\":\"2020-05-20T18:05:00+00:00\",\"mainEntityOfPage\":{\"@id\":\"https:\/\/www.teatrodomma.it\/?p=7498\"},\"wordCount\":634,\"publisher\":{\"@id\":\"https:\/\/www.teatrodomma.it\/#organization\"},\"image\":{\"@id\":\"https:\/\/www.teatrodomma.it\/?p=7498#primaryimage\"},\"thumbnailUrl\":\"https:\/\/www.teatrodomma.it\/wp-content\/uploads\/2020\/05\/CdS_logo.jpg\",\"keywords\":[\"artisti\",\"attori\",\"compagnia\",\"corti di scena\",\"musical\",\"orari\",\"premiere\",\"spettacolo\",\"teatro\",\"teatro Don Mario Torregrossa\"],\"articleSection\":[\"Compagni di Scena\"],\"inLanguage\":\"it-IT\"},{\"@type\":\"WebPage\",\"@id\":\"https:\/\/www.teatrodomma.it\/?p=7498\",\"url\":\"https:\/\/www.teatrodomma.it\/?p=7498\",\"name\":\"Conosciamo i CdS - Compagni di Scena - Teatro Domma\",\"isPartOf\":{\"@id\":\"https:\/\/www.teatrodomma.it\/#website\"},\"primaryImageOfPage\":{\"@id\":\"https:\/\/www.teatrodomma.it\/?p=7498#primaryimage\"},\"image\":{\"@id\":\"https:\/\/www.teatrodomma.it\/?p=7498#primaryimage\"},\"thumbnailUrl\":\"https:\/\/www.teatrodomma.it\/wp-content\/uploads\/2020\/05\/CdS_logo.jpg\",\"datePublished\":\"2020-05-20T18:05:00+00:00\",\"breadcrumb\":{\"@id\":\"https:\/\/www.teatrodomma.it\/?p=7498#breadcrumb\"},\"inLanguage\":\"it-IT\",\"potentialAction\":[{\"@type\":\"ReadAction\",\"target\":[\"https:\/\/www.teatrodomma.it\/?p=7498\"]}]},{\"@type\":\"ImageObject\",\"inLanguage\":\"it-IT\",\"@id\":\"https:\/\/www.teatrodomma.it\/?p=7498#primaryimage\",\"url\":\"https:\/\/www.teatrodomma.it\/wp-content\/uploads\/2020\/05\/CdS_logo.jpg\",\"contentUrl\":\"https:\/\/www.teatrodomma.it\/wp-content\/uploads\/2020\/05\/CdS_logo.jpg\",\"width\":740,\"height\":482,\"caption\":\"CREATOR: gd-jpeg v1.0 (using IJG JPEG v62), quality = 82\"},{\"@type\":\"BreadcrumbList\",\"@id\":\"https:\/\/www.teatrodomma.it\/?p=7498#breadcrumb\",\"itemListElement\":[{\"@type\":\"ListItem\",\"position\":1,\"name\":\"Home\",\"item\":\"https:\/\/www.teatrodomma.it\/\"},{\"@type\":\"ListItem\",\"position\":2,\"name\":\"Conosciamo i CdS &#8211; Compagni di Scena\"}]},{\"@type\":\"WebSite\",\"@id\":\"https:\/\/www.teatrodomma.it\/#website\",\"url\":\"https:\/\/www.teatrodomma.it\/\",\"name\":\"Teatro Domma\",\"description\":\"\",\"publisher\":{\"@id\":\"https:\/\/www.teatrodomma.it\/#organization\"},\"potentialAction\":[{\"@type\":\"SearchAction\",\"target\":{\"@type\":\"EntryPoint\",\"urlTemplate\":\"https:\/\/www.teatrodomma.it\/?s={search_term_string}\"},\"query-input\":{\"@type\":\"PropertyValueSpecification\",\"valueRequired\":true,\"valueName\":\"search_term_string\"}}],\"inLanguage\":\"it-IT\"},{\"@type\":\"Organization\",\"@id\":\"https:\/\/www.teatrodomma.it\/#organization\",\"name\":\"Teatro Domma\",\"url\":\"https:\/\/www.teatrodomma.it\/\",\"logo\":{\"@type\":\"ImageObject\",\"inLanguage\":\"it-IT\",\"@id\":\"https:\/\/www.teatrodomma.it\/#\/schema\/logo\/image\/\",\"url\":\"https:\/\/www.teatrodomma.it\/wp-content\/uploads\/2025\/01\/LOGOICON-edited-2.png\",\"contentUrl\":\"https:\/\/www.teatrodomma.it\/wp-content\/uploads\/2025\/01\/LOGOICON-edited-2.png\",\"width\":510,\"height\":287,\"caption\":\"Teatro Domma\"},\"image\":{\"@id\":\"https:\/\/www.teatrodomma.it\/#\/schema\/logo\/image\/\"},\"sameAs\":[\"https:\/\/www.facebook.com\/p\/Teatro-Domma-61556981831878\/?locale=it_IT\",\"https:\/\/www.instagram.com\/teatro_domma\/\"]},{\"@type\":\"Person\",\"@id\":\"https:\/\/www.teatrodomma.it\/#\/schema\/person\/8a1f09bf4c695307c8aef38d93aa0e84\",\"name\":\"Margherita De Donato\",\"image\":{\"@type\":\"ImageObject\",\"inLanguage\":\"it-IT\",\"@id\":\"https:\/\/www.teatrodomma.it\/#\/schema\/person\/image\/\",\"url\":\"https:\/\/secure.gravatar.com\/avatar\/0fbebb2201a984022de9f07361f7fe88cb7fcefd6be5e33abf5559102ec20088?s=96&d=mm&r=g\",\"contentUrl\":\"https:\/\/secure.gravatar.com\/avatar\/0fbebb2201a984022de9f07361f7fe88cb7fcefd6be5e33abf5559102ec20088?s=96&d=mm&r=g\",\"caption\":\"Margherita De Donato\"},\"url\":\"https:\/\/www.teatrodomma.it\/?author=3\"}]}<\/script>\n<!-- \/ Yoast SEO plugin. -->","yoast_head_json":{"title":"Conosciamo i CdS - Compagni di Scena - Teatro Domma","robots":{"index":"index","follow":"follow","max-snippet":"max-snippet:-1","max-image-preview":"max-image-preview:large","max-video-preview":"max-video-preview:-1"},"canonical":"https:\/\/www.teatrodomma.it\/?p=7498","og_locale":"it_IT","og_type":"article","og_title":"Conosciamo i CdS - Compagni di Scena - Teatro Domma","og_description":"10 ANNI&#8230;E NON SENTIRLI! I Compagni di Scena non hanno bisogno di presentazione per chi frequenta il Teatro Domma (intitolato al fondatore Don Mario Torregrossa) presso cui sono soliti esibirsi. Per chi ancora non li conoscesse, ecco in sintesi la loro storia che ha avuto inizio nel 2010. CARTA DI IDENTITA&#8217; DEL GRUPPO Sono una [&hellip;]","og_url":"https:\/\/www.teatrodomma.it\/?p=7498","og_site_name":"Teatro Domma","article_publisher":"https:\/\/www.facebook.com\/p\/Teatro-Domma-61556981831878\/?locale=it_IT","article_published_time":"2020-05-20T18:05:00+00:00","og_image":[{"width":740,"height":482,"url":"https:\/\/www.teatrodomma.it\/wp-content\/uploads\/2020\/05\/CdS_logo.jpg","type":"image\/jpeg"}],"author":"Margherita De Donato","twitter_card":"summary_large_image","twitter_misc":{"Scritto da":"Margherita De Donato","Tempo di lettura stimato":"5 minuti"},"schema":{"@context":"https:\/\/schema.org","@graph":[{"@type":"Article","@id":"https:\/\/www.teatrodomma.it\/?p=7498#article","isPartOf":{"@id":"https:\/\/www.teatrodomma.it\/?p=7498"},"author":{"name":"Margherita De Donato","@id":"https:\/\/www.teatrodomma.it\/#\/schema\/person\/8a1f09bf4c695307c8aef38d93aa0e84"},"headline":"Conosciamo i CdS &#8211; Compagni di Scena","datePublished":"2020-05-20T18:05:00+00:00","mainEntityOfPage":{"@id":"https:\/\/www.teatrodomma.it\/?p=7498"},"wordCount":634,"publisher":{"@id":"https:\/\/www.teatrodomma.it\/#organization"},"image":{"@id":"https:\/\/www.teatrodomma.it\/?p=7498#primaryimage"},"thumbnailUrl":"https:\/\/www.teatrodomma.it\/wp-content\/uploads\/2020\/05\/CdS_logo.jpg","keywords":["artisti","attori","compagnia","corti di scena","musical","orari","premiere","spettacolo","teatro","teatro Don Mario Torregrossa"],"articleSection":["Compagni di Scena"],"inLanguage":"it-IT"},{"@type":"WebPage","@id":"https:\/\/www.teatrodomma.it\/?p=7498","url":"https:\/\/www.teatrodomma.it\/?p=7498","name":"Conosciamo i CdS - Compagni di Scena - Teatro Domma","isPartOf":{"@id":"https:\/\/www.teatrodomma.it\/#website"},"primaryImageOfPage":{"@id":"https:\/\/www.teatrodomma.it\/?p=7498#primaryimage"},"image":{"@id":"https:\/\/www.teatrodomma.it\/?p=7498#primaryimage"},"thumbnailUrl":"https:\/\/www.teatrodomma.it\/wp-content\/uploads\/2020\/05\/CdS_logo.jpg","datePublished":"2020-05-20T18:05:00+00:00","breadcrumb":{"@id":"https:\/\/www.teatrodomma.it\/?p=7498#breadcrumb"},"inLanguage":"it-IT","potentialAction":[{"@type":"ReadAction","target":["https:\/\/www.teatrodomma.it\/?p=7498"]}]},{"@type":"ImageObject","inLanguage":"it-IT","@id":"https:\/\/www.teatrodomma.it\/?p=7498#primaryimage","url":"https:\/\/www.teatrodomma.it\/wp-content\/uploads\/2020\/05\/CdS_logo.jpg","contentUrl":"https:\/\/www.teatrodomma.it\/wp-content\/uploads\/2020\/05\/CdS_logo.jpg","width":740,"height":482,"caption":"CREATOR: gd-jpeg v1.0 (using IJG JPEG v62), quality = 82"},{"@type":"BreadcrumbList","@id":"https:\/\/www.teatrodomma.it\/?p=7498#breadcrumb","itemListElement":[{"@type":"ListItem","position":1,"name":"Home","item":"https:\/\/www.teatrodomma.it\/"},{"@type":"ListItem","position":2,"name":"Conosciamo i CdS &#8211; Compagni di Scena"}]},{"@type":"WebSite","@id":"https:\/\/www.teatrodomma.it\/#website","url":"https:\/\/www.teatrodomma.it\/","name":"Teatro Domma","description":"","publisher":{"@id":"https:\/\/www.teatrodomma.it\/#organization"},"potentialAction":[{"@type":"SearchAction","target":{"@type":"EntryPoint","urlTemplate":"https:\/\/www.teatrodomma.it\/?s={search_term_string}"},"query-input":{"@type":"PropertyValueSpecification","valueRequired":true,"valueName":"search_term_string"}}],"inLanguage":"it-IT"},{"@type":"Organization","@id":"https:\/\/www.teatrodomma.it\/#organization","name":"Teatro Domma","url":"https:\/\/www.teatrodomma.it\/","logo":{"@type":"ImageObject","inLanguage":"it-IT","@id":"https:\/\/www.teatrodomma.it\/#\/schema\/logo\/image\/","url":"https:\/\/www.teatrodomma.it\/wp-content\/uploads\/2025\/01\/LOGOICON-edited-2.png","contentUrl":"https:\/\/www.teatrodomma.it\/wp-content\/uploads\/2025\/01\/LOGOICON-edited-2.png","width":510,"height":287,"caption":"Teatro Domma"},"image":{"@id":"https:\/\/www.teatrodomma.it\/#\/schema\/logo\/image\/"},"sameAs":["https:\/\/www.facebook.com\/p\/Teatro-Domma-61556981831878\/?locale=it_IT","https:\/\/www.instagram.com\/teatro_domma\/"]},{"@type":"Person","@id":"https:\/\/www.teatrodomma.it\/#\/schema\/person\/8a1f09bf4c695307c8aef38d93aa0e84","name":"Margherita De Donato","image":{"@type":"ImageObject","inLanguage":"it-IT","@id":"https:\/\/www.teatrodomma.it\/#\/schema\/person\/image\/","url":"https:\/\/secure.gravatar.com\/avatar\/0fbebb2201a984022de9f07361f7fe88cb7fcefd6be5e33abf5559102ec20088?s=96&d=mm&r=g","contentUrl":"https:\/\/secure.gravatar.com\/avatar\/0fbebb2201a984022de9f07361f7fe88cb7fcefd6be5e33abf5559102ec20088?s=96&d=mm&r=g","caption":"Margherita De Donato"},"url":"https:\/\/www.teatrodomma.it\/?author=3"}]}},"_links":{"self":[{"href":"https:\/\/www.teatrodomma.it\/index.php?rest_route=\/wp\/v2\/posts\/7498","targetHints":{"allow":["GET"]}}],"collection":[{"href":"https:\/\/www.teatrodomma.it\/index.php?rest_route=\/wp\/v2\/posts"}],"about":[{"href":"https:\/\/www.teatrodomma.it\/index.php?rest_route=\/wp\/v2\/types\/post"}],"author":[{"embeddable":true,"href":"https:\/\/www.teatrodomma.it\/index.php?rest_route=\/wp\/v2\/users\/3"}],"replies":[{"embeddable":true,"href":"https:\/\/www.teatrodomma.it\/index.php?rest_route=%2Fwp%2Fv2%2Fcomments&post=7498"}],"version-history":[{"count":0,"href":"https:\/\/www.teatrodomma.it\/index.php?rest_route=\/wp\/v2\/posts\/7498\/revisions"}],"wp:featuredmedia":[{"embeddable":true,"href":"https:\/\/www.teatrodomma.it\/index.php?rest_route=\/wp\/v2\/media\/1800"}],"wp:attachment":[{"href":"https:\/\/www.teatrodomma.it\/index.php?rest_route=%2Fwp%2Fv2%2Fmedia&parent=7498"}],"wp:term":[{"taxonomy":"category","embeddable":true,"href":"https:\/\/www.teatrodomma.it\/index.php?rest_route=%2Fwp%2Fv2%2Fcategories&post=7498"},{"taxonomy":"post_tag","embeddable":true,"href":"https:\/\/www.teatrodomma.it\/index.php?rest_route=%2Fwp%2Fv2%2Ftags&post=7498"}],"curies":[{"name":"wp","href":"https:\/\/api.w.org\/{rel}","templated":true}]}}