{"id":7512,"date":"2020-04-09T17:01:31","date_gmt":"2020-04-09T15:01:31","guid":{"rendered":"https:\/\/teatrodomma.wordpress.com\/?p=222"},"modified":"2020-04-09T17:01:31","modified_gmt":"2020-04-09T15:01:31","slug":"quattro-chiacchiere-con-laura-adriani","status":"publish","type":"post","link":"https:\/\/www.teatrodomma.it\/?p=7512","title":{"rendered":"Quattro chiacchiere con&#8230;Laura Adriani"},"content":{"rendered":"\n<p class=\"has-background has-background-dark-background-color\"><em>Inauguriamo questa sezione del blog, chiacchierando a tutto tondo, tra passato e progetti futuri, con un&#8217;attrice dal curriculum nutrito nonostante la giovane et\u00e0. Prima del fuoco incrociato di domande e risposte, ripercorriamo le tappe della sua carriera.<\/em><\/p>\n\n\n\n<p><a rel=\"noreferrer noopener\" href=\"https:\/\/www.facebook.com\/Laura-Adriani-153174788078170\/\" target=\"_blank\"><strong>LAURA ADRIANI<\/strong> <\/a>(nata a Roma il 4 aprile 1994)  fa il suo esordio nel 2007 nella miniserie televisiva <em>&#8220;Caravaggio&#8221;<\/em>. Nel 2008 \u00e8 presente in un episodio della serie TV <em>&#8220;Don Matteo 6&#8221;<\/em>  e, l&#8217;anno seguente, in uno della serie <em>&#8220;Un caso di coscienza 4&#8221;<\/em>. Sempre nel 2008 mostra a tutti per la prima volta le sua abilit\u00e0 canore nel talent show &#8220;<em>Ti lascio una canzone<\/em>&#8220;. <\/p>\n\n\n\n<p>Il successo come attrice sul piccolo schermo arriva nel 2010 con <strong>&#8220;<em>I Cesaroni<\/em> 4&#8243;<\/strong>, nei panni della ribelle Miriam, ruolo che le viene riconfermato nella quinta edizione della celebre serie TV. Successivamente entra a far parte del cast anche di altre fiction tra cui <em><strong>&#8220;Provaci <\/strong><\/em><strong><em>ancora prof 5!<\/em>&#8220;<\/strong> (2013), <strong><em>&#8220;Solo per amore<\/em>&#8220;<\/strong> (2013 e 2015), <strong><em>&#8220;Squadra mobile<\/em>&#8220;<\/strong> (2014 e 2015).<\/p>\n\n\n\n<p>Anche la sua prima esperienza cinematografica risale al 2010. Tra i ruoli da protagonista che ha interpretato successivamente figurano quelli di <a rel=\"noreferrer noopener\" href=\"https:\/\/www.comingsoon.it\/personaggi\/laura-adriani\/232441\/video\/?vid=14262\" target=\"_blank\">Emma<\/a> in<strong><em>&#8220;<a rel=\"noreferrer noopener\" href=\"https:\/\/www.comingsoon.it\/film\/tutta-colpa-di-freud\/49922\/scheda\/\" target=\"_blank\">Tutta colpa di Freud<\/a><\/em>&#8220;<\/strong> di Paolo Genovese (2014) e di Angela in <em><strong>&#8220;<a rel=\"noreferrer noopener\" href=\"https:\/\/www.comingsoon.it\/film\/questi-giorni\/53045\/scheda\/\" target=\"_blank\">Questi giorni<\/a>&#8220;<\/strong><\/em> di Giuseppe Piccioni (2016); \u00e8 stata co-protagonista in <em><strong>&#8220;<a rel=\"noreferrer noopener\" href=\"https:\/\/www.comingsoon.it\/film\/non-c-e-piu-religione\/52653\/scheda\/\" target=\"_blank\">Non c&#8217;\u00e8 pi\u00f9 religione<\/a>&#8220;<\/strong><\/em> di Luca Miniero (2016), <a href=\"https:\/\/www.comingsoon.it\/personaggi\/laura-adriani\/232441\/video\/?vid=27069\">Nadia<\/a> ne <em><strong>&#8220;<a rel=\"noreferrer noopener\" href=\"https:\/\/www.comingsoon.it\/film\/il-colore-nascosto-delle-cose\/54017\/scheda\/\" target=\"_blank\">Il colore nascosto delle cose<\/a>&#8220;<\/strong> <\/em>di Silvio Soldini (2017).<\/p>\n\n\n\n<p>Per la sua formazione artistica ha frequentato anche corsi di canto e nel 2014-2015-2017 ha interpretato Natalie&nbsp;nel musical <em><strong>&#8220;Next to Normal&#8221;<\/strong><\/em> di Marco Iacomelli, dopo essere stata co-protagonista in <strong><em>&#8220;Phantom<\/em>&#8220;<\/strong> nel 2012, per la regia di suo fratello Daniele Adriani. <\/p>\n\n\n\n<p>Nel 2018 si unisce al cast della quinta stagione della fiction di successo di Rai1<em> <strong>&#8220;Che Dio ci aiuti&#8221;<\/strong><\/em>,  nel ruolo di Maria, nipote di Suor Costanza.<\/p>\n\n\n\n<p>Nel 2019 ha tenuto un <a aria-label=\"undefined (apri in una nuova scheda)\" href=\"https:\/\/scuolattivalabriola.home.blog\/2019\/11\/30\/teatroterapia\/\" target=\"_blank\" rel=\"noreferrer noopener\">laboratorio di Teatroterapia<\/a> nell&#8217;ambito del progetto MIBAC\/Liceo Antonio Labriola <a aria-label=\"undefined (apri in una nuova scheda)\" href=\"https:\/\/scuolattivalabriola.home.blog\/\" target=\"_blank\" rel=\"noreferrer noopener\">Scuola attiva la cultura<\/a>. Ad Ottobre 2020 sar\u00e0 una delle docenti della <strong>CdS Academy<\/strong> con sede presso il Teatro Don Mario Torregrossa.<\/p>\n\n\n\n<figure class=\"wp-block-gallery columns-2 is-cropped wp-block-gallery-1 is-layout-flex wp-block-gallery-is-layout-flex\"><ul class=\"blocks-gallery-grid\"><li class=\"blocks-gallery-item\"><figure><img loading=\"lazy\" decoding=\"async\" width=\"1600\" height=\"1066\" src=\"http:\/\/test.teatrodomma.it\/wp-content\/uploads\/2020\/05\/laura-adriani-attrice-2.jpg?w=1024\" data-id=\"867\" class=\"wp-image-867\" srcset=\"https:\/\/www.teatrodomma.it\/wp-content\/uploads\/2020\/05\/laura-adriani-attrice-2.jpg 1600w, https:\/\/www.teatrodomma.it\/wp-content\/uploads\/2020\/05\/laura-adriani-attrice-2-300x200.jpg 300w, https:\/\/www.teatrodomma.it\/wp-content\/uploads\/2020\/05\/laura-adriani-attrice-2-1024x682.jpg 1024w, https:\/\/www.teatrodomma.it\/wp-content\/uploads\/2020\/05\/laura-adriani-attrice-2-768x512.jpg 768w, https:\/\/www.teatrodomma.it\/wp-content\/uploads\/2020\/05\/laura-adriani-attrice-2-1536x1023.jpg 1536w, https:\/\/www.teatrodomma.it\/wp-content\/uploads\/2020\/05\/laura-adriani-attrice-2-200x133.jpg 200w, https:\/\/www.teatrodomma.it\/wp-content\/uploads\/2020\/05\/laura-adriani-attrice-2-272x182.jpg 272w\" sizes=\"(max-width: 1600px) 100vw, 1600px\" \/><\/figure><\/li><li class=\"blocks-gallery-item\"><figure><img loading=\"lazy\" decoding=\"async\" width=\"900\" height=\"600\" src=\"http:\/\/test.teatrodomma.it\/wp-content\/uploads\/2020\/05\/laura-adriani-attrice-3-e1616859570949.jpg?w=1024\" data-id=\"868\" class=\"wp-image-868\" srcset=\"https:\/\/www.teatrodomma.it\/wp-content\/uploads\/2020\/05\/laura-adriani-attrice-3-e1616859570949.jpg 900w, https:\/\/www.teatrodomma.it\/wp-content\/uploads\/2020\/05\/laura-adriani-attrice-3-e1616859570949-300x200.jpg 300w, https:\/\/www.teatrodomma.it\/wp-content\/uploads\/2020\/05\/laura-adriani-attrice-3-e1616859570949-768x512.jpg 768w, https:\/\/www.teatrodomma.it\/wp-content\/uploads\/2020\/05\/laura-adriani-attrice-3-e1616859570949-200x133.jpg 200w, https:\/\/www.teatrodomma.it\/wp-content\/uploads\/2020\/05\/laura-adriani-attrice-3-e1616859570949-272x182.jpg 272w\" sizes=\"(max-width: 900px) 100vw, 900px\" \/><\/figure><\/li><\/ul><\/figure>\n\n\n\n<p><strong><a rel=\"noreferrer noopener\" href=\"https:\/\/www.comingsoon.it\/personaggi\/laura-adriani\/232441\/biografia\/\" target=\"_blank\">Profilo<\/a><\/strong> &#8211; <strong><a rel=\"noreferrer noopener\" href=\"https:\/\/www.comingsoon.it\/personaggi\/laura-adriani\/232441\/filmografia\/\" target=\"_blank\">Filmografia<\/a><\/strong> &#8211;<strong><a rel=\"noreferrer noopener\" href=\"https:\/\/www.youtube.com\/watch?v=R51Wv3OjXzQ\" target=\"_blank\"> Showreel<\/a><\/strong> (2017) &#8211; <strong><a rel=\"noreferrer noopener\" href=\"https:\/\/www.facebook.com\/Laura-Adriani-137059806348512\/videos\/provino\/1517209170511\/\" target=\"_blank\">Provino<\/a><\/strong> (2009)<\/p>\n\n\n\n<p><strong>Videointerviste: <a rel=\"noreferrer noopener\" href=\"https:\/\/www.youtube.com\/watch?v=mf9zMTcfb6g\" target=\"_blank\">Mediatime <\/a><\/strong>(2016)<strong>; <a rel=\"noreferrer noopener\" href=\"https:\/\/www.youtube.com\/watch?v=lXNedwBvaUk\" target=\"_blank\">Closer<\/a> <\/strong>(2017)<strong>; <a rel=\"noreferrer noopener\" href=\"https:\/\/www.youtube.com\/watch?v=hI40or56lRk\" target=\"_blank\">TalkMagazine<\/a> <\/strong>(2018)<strong>;<\/strong> <strong><a rel=\"noreferrer noopener\" href=\"https:\/\/www.tvblog.it\/video\/che-dio-ci-aiuti-5-laura-adriani-a-blogo\" target=\"_blank\">Blogo<\/a><\/strong> (2019);  <\/p>\n\n\n\n<p><\/p>\n\n\n\n<p class=\"has-text-align-center\"><strong>Ma passiamo alle domande che le abbiamo rivolto&#8230;<\/strong><\/p>\n\n\n\n<p class=\"has-background has-background-dark-background-color\"><strong><em>Cinema, televisione e teatro: qual \u00e8 la veste che ti \u00e8 pi\u00f9 congeniale?<\/em><\/strong><\/p>\n\n\n\n<p>\u00c8 difficile scegliere. Sicuramente ci\u00f2 che pi\u00f9 mi attrae \u00e8 <strong>il teatro e il cinema d\u2019autore<\/strong>. Ma, di base, amo qualsiasi progetto sia fatto con amore, passione e professionalit\u00e0. Poi, quale sia il canale tramite il quale viene trasmesso, per me \u00e8 secondario. Certo, il teatro ti d\u00e0 quell\u2019adrenalina che difficilmente riesci a trovare su un set, ma allo stesso modo \u00e8 molto ripetitivo, ogni sera la stessa performance, quindi devi riuscire a non accontentarti mai e a ricercare sempre qualcosa di diverso. In teatro bisogna essere degli attori ancora pi\u00f9 curiosi di capire cosa si pu\u00f2 dare a chi ci sta guardando.<\/p>\n\n\n\n<p class=\"has-background has-background-dark-background-color\"><strong><em>Qual \u00e8 il personaggio fin qui interpretato a cui sei maggiormente legata?<\/em><\/strong><\/p>\n\n\n\n<p>Sicuramente quello di <strong>Angela nel film<\/strong> <strong>\u201cQuesti giorni\u201d<\/strong> <strong>di Giuseppe Piccioni<\/strong>. Grazie a Giuseppe ho capito davvero cosa voglia dire lavorare con un grande regista, che ama il cinema e i propri attori. Ho capito cosa sia l\u2019arte della cinematografia, cosa vuol dire dirigere degli attori, cosa vuol dire lasciarsi completamente andare senza pi\u00f9 avere il controllo della propria recitazione. Giuseppe per primo mi ha fatto davvero vedere in maniera limpida la mia strada, ci\u00f2 che amo e vorrei fare, e cio\u00e8 il <strong>cinema d\u2019autore<\/strong>. Non potr\u00f2 mai ringraziarlo abbastanza dell\u2019opportunit\u00e0 che mi ha dato.<\/p>\n\n\n\n<p class=\"has-background has-background-dark-background-color\"><em><strong>Con quale attore\/attrice ti piacerebbe recitare un giorno?<\/strong><\/em><\/p>\n\n\n\n<p>Sicuramente con <strong>Luca Marinelli ed Elio Germano<\/strong>. Sono due attori che stimo moltissimo, non solo a livello professionale, ma per quel poco che ho sentito di loro anche a livello personale. Sono due attori che lavorano con grande amore e passione, e che lasciano la superficialit\u00e0 di questo ambiente lavorativo a qualcun altro.<\/p>\n\n\n\n<p class=\"has-background has-background-dark-background-color\"><em><strong>Da quale regista vorresti essere diretta<\/strong><\/em>?<\/p>\n\n\n\n<p>Ce ne sono tanti, quindi citer\u00f2 solo gli italiani. In Italia mi piacerebbe molto lavorare con <strong>i fratelli D\u2019Innocenzo<\/strong> (hanno appena vinto al Festival di Berlino <em>l\u2019Orso d\u2019argento alla sceneggiatura con il film \u201cFavolacce\u201d<\/em>, che \u00e8 la loro opera seconda), con <strong>Claudio Giovannesi<\/strong> (anche lui <em>Orso d\u2019argento a Berlino<\/em> <em>per la sceneggiatura con il film \u201cLa paranza dei bambini\u201d<\/em>), con <strong>Nanni Moretti, Matteo Garrone e Paolo Sorrentino<\/strong>.<\/p>\n\n\n\n<p class=\"has-background has-background-dark-background-color\"><strong><em>Cosa c\u2019\u00e8 nel tuo futuro?<\/em><\/strong><\/p>\n\n\n\n<p>Nel mio futuro spero ci sia serenit\u00e0, ma soprattutto sincerit\u00e0 con me stessa e gli altri. Per me l\u2019importante \u00e8 sempre rimanere fedele a chi sono nella mia parte pi\u00f9 intima e profonda, qualsiasi cosa io faccia o in qualunque luogo io mi trovi. Al momento mezzo mondo \u00e8 chiuso in casa e parlare di futuro a livello lavorativo mi sembra molto superfluo. Innanzitutto non so neanche quando si potr\u00e0 rimettere piede su un set o in un teatro, spero presto, ma potrebbe anche volerci molto, essendo il nostro un mestiere che non pu\u00f2 essere fatto ad un metro di distanza. Io credo che <strong>adesso pi\u00f9 che mai siamo chiamati a pensare alla collettivit\u00e0, all\u2019arte intesa come senso di unione<\/strong>. Credo che sia un momento storico molto importante, in cui tutte le falle del nostro sistema economico e sociale stanno venendo a galla. L\u2019umanit\u00e0 si trova davanti ad un bivio e spero con tutta me stessa che si intraprenda la strada giusta.<\/p>\n\n\n\n<p class=\"has-background has-background-dark-background-color\"><strong><em>Al di l\u00e0 della recitazione, quali sono le tue passioni ed i tuoi hobby?<\/em><\/strong><\/p>\n\n\n\n<p>Mi piace molto <strong>la psicologia<\/strong>, sono laureata infatti in <em>\u201cScienze e tecniche psicologiche\u201d<\/em>. Amo molto <strong>leggere<\/strong> ed informarmi, <strong>cantare<\/strong>, tenere il mio corpo in allenamento con la pratica dello <strong>yoga<\/strong>. Mi piace <strong>viaggiare<\/strong> e passare del tempo con le persone che amo. Con tutto questo riempio la mia vita.<\/p>\n\n\n\n<figure class=\"wp-block-gallery columns-3 is-cropped wp-block-gallery-2 is-layout-flex wp-block-gallery-is-layout-flex\"><ul class=\"blocks-gallery-grid\"><li class=\"blocks-gallery-item\"><figure><img loading=\"lazy\" decoding=\"async\" width=\"420\" height=\"600\" src=\"http:\/\/test.teatrodomma.it\/wp-content\/uploads\/2020\/05\/laura-adriani-locandina-tutta-colpa-freud-1.jpg?w=420\" data-id=\"869\" class=\"wp-image-869\" srcset=\"https:\/\/www.teatrodomma.it\/wp-content\/uploads\/2020\/05\/laura-adriani-locandina-tutta-colpa-freud-1.jpg 420w, https:\/\/www.teatrodomma.it\/wp-content\/uploads\/2020\/05\/laura-adriani-locandina-tutta-colpa-freud-1-210x300.jpg 210w, https:\/\/www.teatrodomma.it\/wp-content\/uploads\/2020\/05\/laura-adriani-locandina-tutta-colpa-freud-1-200x286.jpg 200w\" sizes=\"(max-width: 420px) 100vw, 420px\" \/><\/figure><\/li><li class=\"blocks-gallery-item\"><figure><img loading=\"lazy\" decoding=\"async\" width=\"420\" height=\"600\" src=\"http:\/\/test.teatrodomma.it\/wp-content\/uploads\/2020\/05\/laura-adriani-locandina-colore-nascosto-cose-1.jpg?w=420\" data-id=\"870\" class=\"wp-image-870\" srcset=\"https:\/\/www.teatrodomma.it\/wp-content\/uploads\/2020\/05\/laura-adriani-locandina-colore-nascosto-cose-1.jpg 420w, https:\/\/www.teatrodomma.it\/wp-content\/uploads\/2020\/05\/laura-adriani-locandina-colore-nascosto-cose-1-210x300.jpg 210w, https:\/\/www.teatrodomma.it\/wp-content\/uploads\/2020\/05\/laura-adriani-locandina-colore-nascosto-cose-1-200x286.jpg 200w\" sizes=\"(max-width: 420px) 100vw, 420px\" \/><\/figure><\/li><li class=\"blocks-gallery-item\"><figure><img loading=\"lazy\" decoding=\"async\" width=\"420\" height=\"600\" src=\"http:\/\/test.teatrodomma.it\/wp-content\/uploads\/2020\/05\/laura-adriani-locandina-non-piu-religione-1.jpg?w=420\" data-id=\"871\" class=\"wp-image-871\" srcset=\"https:\/\/www.teatrodomma.it\/wp-content\/uploads\/2020\/05\/laura-adriani-locandina-non-piu-religione-1.jpg 420w, https:\/\/www.teatrodomma.it\/wp-content\/uploads\/2020\/05\/laura-adriani-locandina-non-piu-religione-1-210x300.jpg 210w, https:\/\/www.teatrodomma.it\/wp-content\/uploads\/2020\/05\/laura-adriani-locandina-non-piu-religione-1-200x286.jpg 200w\" sizes=\"(max-width: 420px) 100vw, 420px\" \/><\/figure><\/li><li class=\"blocks-gallery-item\"><figure><img loading=\"lazy\" decoding=\"async\" width=\"420\" height=\"600\" src=\"http:\/\/test.teatrodomma.it\/wp-content\/uploads\/2020\/05\/laura-adriani-locandina-questi-giorni-1.jpg?w=420\" data-id=\"872\" class=\"wp-image-872\" srcset=\"https:\/\/www.teatrodomma.it\/wp-content\/uploads\/2020\/05\/laura-adriani-locandina-questi-giorni-1.jpg 420w, https:\/\/www.teatrodomma.it\/wp-content\/uploads\/2020\/05\/laura-adriani-locandina-questi-giorni-1-210x300.jpg 210w, https:\/\/www.teatrodomma.it\/wp-content\/uploads\/2020\/05\/laura-adriani-locandina-questi-giorni-1-200x286.jpg 200w\" sizes=\"(max-width: 420px) 100vw, 420px\" \/><\/figure><\/li><\/ul><\/figure>\n\n\n\n<p class=\"has-background has-background-dark-background-color\">GRAZIE, LAURA, PER LA TUA DISPONIBILITA&#8217;. TI AUGURIAMO UN FUTURO ROSEO, CHE TI REGALI TANTE ALTRE INTERPRETAZIONI IN TEATRO E PER IL CINEMA D&#8217;AUTORE.<\/p>\n\n\n\n<p><em>Margherita De Donato<\/em><\/p>\n","protected":false},"excerpt":{"rendered":"<p>Inauguriamo questa sezione del blog, chiacchierando a tutto tondo, tra passato e progetti futuri, con un&#8217;attrice dal curriculum nutrito nonostante la giovane et\u00e0. Prima del fuoco incrociato di domande e risposte, ripercorriamo le tappe della sua carriera. LAURA ADRIANI (nata a Roma il 4 aprile 1994) fa il suo esordio nel 2007 nella miniserie televisiva [&hellip;]<\/p>\n","protected":false},"author":3,"featured_media":1946,"comment_status":"closed","ping_status":"open","sticky":false,"template":"","format":"standard","meta":{"saved_in_kubio":false,"footnotes":""},"categories":[48],"tags":[54,55,56,16],"class_list":{"0":"post-7512","1":"post","2":"type-post","3":"status-publish","4":"format-standard","5":"has-post-thumbnail","6":"hentry","7":"category-interviste","8":"tag-attrice","9":"tag-cinema","10":"tag-laura-adriani","11":"tag-teatro-don-mario-torregrossa","13":"post-with-thumbnail","14":"post-with-thumbnail-large"},"yoast_head":"<!-- This site is optimized with the Yoast SEO plugin v25.8 - https:\/\/yoast.com\/wordpress\/plugins\/seo\/ -->\n<title>Quattro chiacchiere con...Laura Adriani - Teatro Domma<\/title>\n<meta name=\"robots\" content=\"index, follow, max-snippet:-1, max-image-preview:large, max-video-preview:-1\" \/>\n<link rel=\"canonical\" href=\"https:\/\/www.teatrodomma.it\/?p=7512\" \/>\n<meta property=\"og:locale\" content=\"it_IT\" \/>\n<meta property=\"og:type\" content=\"article\" \/>\n<meta property=\"og:title\" content=\"Quattro chiacchiere con...Laura Adriani - Teatro Domma\" \/>\n<meta property=\"og:description\" content=\"Inauguriamo questa sezione del blog, chiacchierando a tutto tondo, tra passato e progetti futuri, con un&#8217;attrice dal curriculum nutrito nonostante la giovane et\u00e0. Prima del fuoco incrociato di domande e risposte, ripercorriamo le tappe della sua carriera. LAURA ADRIANI (nata a Roma il 4 aprile 1994) fa il suo esordio nel 2007 nella miniserie televisiva [&hellip;]\" \/>\n<meta property=\"og:url\" content=\"https:\/\/www.teatrodomma.it\/?p=7512\" \/>\n<meta property=\"og:site_name\" content=\"Teatro Domma\" \/>\n<meta property=\"article:publisher\" content=\"https:\/\/www.facebook.com\/p\/Teatro-Domma-61556981831878\/?locale=it_IT\" \/>\n<meta property=\"article:published_time\" content=\"2020-04-09T15:01:31+00:00\" \/>\n<meta property=\"og:image\" content=\"https:\/\/www.teatrodomma.it\/wp-content\/uploads\/2020\/04\/laura-adriani-attrice-1.jpg\" \/>\n\t<meta property=\"og:image:width\" content=\"700\" \/>\n\t<meta property=\"og:image:height\" content=\"922\" \/>\n\t<meta property=\"og:image:type\" content=\"image\/jpeg\" \/>\n<meta name=\"author\" content=\"Margherita De Donato\" \/>\n<meta name=\"twitter:card\" content=\"summary_large_image\" \/>\n<meta name=\"twitter:label1\" content=\"Scritto da\" \/>\n\t<meta name=\"twitter:data1\" content=\"Margherita De Donato\" \/>\n\t<meta name=\"twitter:label2\" content=\"Tempo di lettura stimato\" \/>\n\t<meta name=\"twitter:data2\" content=\"5 minuti\" \/>\n<script type=\"application\/ld+json\" class=\"yoast-schema-graph\">{\"@context\":\"https:\/\/schema.org\",\"@graph\":[{\"@type\":\"Article\",\"@id\":\"https:\/\/www.teatrodomma.it\/?p=7512#article\",\"isPartOf\":{\"@id\":\"https:\/\/www.teatrodomma.it\/?p=7512\"},\"author\":{\"name\":\"Margherita De Donato\",\"@id\":\"https:\/\/www.teatrodomma.it\/#\/schema\/person\/8a1f09bf4c695307c8aef38d93aa0e84\"},\"headline\":\"Quattro chiacchiere con&#8230;Laura Adriani\",\"datePublished\":\"2020-04-09T15:01:31+00:00\",\"mainEntityOfPage\":{\"@id\":\"https:\/\/www.teatrodomma.it\/?p=7512\"},\"wordCount\":953,\"publisher\":{\"@id\":\"https:\/\/www.teatrodomma.it\/#organization\"},\"image\":{\"@id\":\"https:\/\/www.teatrodomma.it\/?p=7512#primaryimage\"},\"thumbnailUrl\":\"https:\/\/www.teatrodomma.it\/wp-content\/uploads\/2020\/04\/laura-adriani-attrice-1.jpg\",\"keywords\":[\"attrice\",\"cinema\",\"Laura Adriani\",\"teatro Don Mario Torregrossa\"],\"articleSection\":[\"Interviste\"],\"inLanguage\":\"it-IT\"},{\"@type\":\"WebPage\",\"@id\":\"https:\/\/www.teatrodomma.it\/?p=7512\",\"url\":\"https:\/\/www.teatrodomma.it\/?p=7512\",\"name\":\"Quattro chiacchiere con...Laura Adriani - Teatro Domma\",\"isPartOf\":{\"@id\":\"https:\/\/www.teatrodomma.it\/#website\"},\"primaryImageOfPage\":{\"@id\":\"https:\/\/www.teatrodomma.it\/?p=7512#primaryimage\"},\"image\":{\"@id\":\"https:\/\/www.teatrodomma.it\/?p=7512#primaryimage\"},\"thumbnailUrl\":\"https:\/\/www.teatrodomma.it\/wp-content\/uploads\/2020\/04\/laura-adriani-attrice-1.jpg\",\"datePublished\":\"2020-04-09T15:01:31+00:00\",\"breadcrumb\":{\"@id\":\"https:\/\/www.teatrodomma.it\/?p=7512#breadcrumb\"},\"inLanguage\":\"it-IT\",\"potentialAction\":[{\"@type\":\"ReadAction\",\"target\":[\"https:\/\/www.teatrodomma.it\/?p=7512\"]}]},{\"@type\":\"ImageObject\",\"inLanguage\":\"it-IT\",\"@id\":\"https:\/\/www.teatrodomma.it\/?p=7512#primaryimage\",\"url\":\"https:\/\/www.teatrodomma.it\/wp-content\/uploads\/2020\/04\/laura-adriani-attrice-1.jpg\",\"contentUrl\":\"https:\/\/www.teatrodomma.it\/wp-content\/uploads\/2020\/04\/laura-adriani-attrice-1.jpg\",\"width\":700,\"height\":922},{\"@type\":\"BreadcrumbList\",\"@id\":\"https:\/\/www.teatrodomma.it\/?p=7512#breadcrumb\",\"itemListElement\":[{\"@type\":\"ListItem\",\"position\":1,\"name\":\"Home\",\"item\":\"https:\/\/www.teatrodomma.it\/\"},{\"@type\":\"ListItem\",\"position\":2,\"name\":\"Quattro chiacchiere con&#8230;Laura Adriani\"}]},{\"@type\":\"WebSite\",\"@id\":\"https:\/\/www.teatrodomma.it\/#website\",\"url\":\"https:\/\/www.teatrodomma.it\/\",\"name\":\"Teatro Domma\",\"description\":\"\",\"publisher\":{\"@id\":\"https:\/\/www.teatrodomma.it\/#organization\"},\"potentialAction\":[{\"@type\":\"SearchAction\",\"target\":{\"@type\":\"EntryPoint\",\"urlTemplate\":\"https:\/\/www.teatrodomma.it\/?s={search_term_string}\"},\"query-input\":{\"@type\":\"PropertyValueSpecification\",\"valueRequired\":true,\"valueName\":\"search_term_string\"}}],\"inLanguage\":\"it-IT\"},{\"@type\":\"Organization\",\"@id\":\"https:\/\/www.teatrodomma.it\/#organization\",\"name\":\"Teatro Domma\",\"url\":\"https:\/\/www.teatrodomma.it\/\",\"logo\":{\"@type\":\"ImageObject\",\"inLanguage\":\"it-IT\",\"@id\":\"https:\/\/www.teatrodomma.it\/#\/schema\/logo\/image\/\",\"url\":\"https:\/\/www.teatrodomma.it\/wp-content\/uploads\/2025\/01\/LOGOICON-edited-2.png\",\"contentUrl\":\"https:\/\/www.teatrodomma.it\/wp-content\/uploads\/2025\/01\/LOGOICON-edited-2.png\",\"width\":510,\"height\":287,\"caption\":\"Teatro Domma\"},\"image\":{\"@id\":\"https:\/\/www.teatrodomma.it\/#\/schema\/logo\/image\/\"},\"sameAs\":[\"https:\/\/www.facebook.com\/p\/Teatro-Domma-61556981831878\/?locale=it_IT\",\"https:\/\/www.instagram.com\/teatro_domma\/\"]},{\"@type\":\"Person\",\"@id\":\"https:\/\/www.teatrodomma.it\/#\/schema\/person\/8a1f09bf4c695307c8aef38d93aa0e84\",\"name\":\"Margherita De Donato\",\"image\":{\"@type\":\"ImageObject\",\"inLanguage\":\"it-IT\",\"@id\":\"https:\/\/www.teatrodomma.it\/#\/schema\/person\/image\/\",\"url\":\"https:\/\/secure.gravatar.com\/avatar\/0fbebb2201a984022de9f07361f7fe88cb7fcefd6be5e33abf5559102ec20088?s=96&d=mm&r=g\",\"contentUrl\":\"https:\/\/secure.gravatar.com\/avatar\/0fbebb2201a984022de9f07361f7fe88cb7fcefd6be5e33abf5559102ec20088?s=96&d=mm&r=g\",\"caption\":\"Margherita De Donato\"},\"url\":\"https:\/\/www.teatrodomma.it\/?author=3\"}]}<\/script>\n<!-- \/ Yoast SEO plugin. -->","yoast_head_json":{"title":"Quattro chiacchiere con...Laura Adriani - Teatro Domma","robots":{"index":"index","follow":"follow","max-snippet":"max-snippet:-1","max-image-preview":"max-image-preview:large","max-video-preview":"max-video-preview:-1"},"canonical":"https:\/\/www.teatrodomma.it\/?p=7512","og_locale":"it_IT","og_type":"article","og_title":"Quattro chiacchiere con...Laura Adriani - Teatro Domma","og_description":"Inauguriamo questa sezione del blog, chiacchierando a tutto tondo, tra passato e progetti futuri, con un&#8217;attrice dal curriculum nutrito nonostante la giovane et\u00e0. Prima del fuoco incrociato di domande e risposte, ripercorriamo le tappe della sua carriera. LAURA ADRIANI (nata a Roma il 4 aprile 1994) fa il suo esordio nel 2007 nella miniserie televisiva [&hellip;]","og_url":"https:\/\/www.teatrodomma.it\/?p=7512","og_site_name":"Teatro Domma","article_publisher":"https:\/\/www.facebook.com\/p\/Teatro-Domma-61556981831878\/?locale=it_IT","article_published_time":"2020-04-09T15:01:31+00:00","og_image":[{"width":700,"height":922,"url":"https:\/\/www.teatrodomma.it\/wp-content\/uploads\/2020\/04\/laura-adriani-attrice-1.jpg","type":"image\/jpeg"}],"author":"Margherita De Donato","twitter_card":"summary_large_image","twitter_misc":{"Scritto da":"Margherita De Donato","Tempo di lettura stimato":"5 minuti"},"schema":{"@context":"https:\/\/schema.org","@graph":[{"@type":"Article","@id":"https:\/\/www.teatrodomma.it\/?p=7512#article","isPartOf":{"@id":"https:\/\/www.teatrodomma.it\/?p=7512"},"author":{"name":"Margherita De Donato","@id":"https:\/\/www.teatrodomma.it\/#\/schema\/person\/8a1f09bf4c695307c8aef38d93aa0e84"},"headline":"Quattro chiacchiere con&#8230;Laura Adriani","datePublished":"2020-04-09T15:01:31+00:00","mainEntityOfPage":{"@id":"https:\/\/www.teatrodomma.it\/?p=7512"},"wordCount":953,"publisher":{"@id":"https:\/\/www.teatrodomma.it\/#organization"},"image":{"@id":"https:\/\/www.teatrodomma.it\/?p=7512#primaryimage"},"thumbnailUrl":"https:\/\/www.teatrodomma.it\/wp-content\/uploads\/2020\/04\/laura-adriani-attrice-1.jpg","keywords":["attrice","cinema","Laura Adriani","teatro Don Mario Torregrossa"],"articleSection":["Interviste"],"inLanguage":"it-IT"},{"@type":"WebPage","@id":"https:\/\/www.teatrodomma.it\/?p=7512","url":"https:\/\/www.teatrodomma.it\/?p=7512","name":"Quattro chiacchiere con...Laura Adriani - Teatro Domma","isPartOf":{"@id":"https:\/\/www.teatrodomma.it\/#website"},"primaryImageOfPage":{"@id":"https:\/\/www.teatrodomma.it\/?p=7512#primaryimage"},"image":{"@id":"https:\/\/www.teatrodomma.it\/?p=7512#primaryimage"},"thumbnailUrl":"https:\/\/www.teatrodomma.it\/wp-content\/uploads\/2020\/04\/laura-adriani-attrice-1.jpg","datePublished":"2020-04-09T15:01:31+00:00","breadcrumb":{"@id":"https:\/\/www.teatrodomma.it\/?p=7512#breadcrumb"},"inLanguage":"it-IT","potentialAction":[{"@type":"ReadAction","target":["https:\/\/www.teatrodomma.it\/?p=7512"]}]},{"@type":"ImageObject","inLanguage":"it-IT","@id":"https:\/\/www.teatrodomma.it\/?p=7512#primaryimage","url":"https:\/\/www.teatrodomma.it\/wp-content\/uploads\/2020\/04\/laura-adriani-attrice-1.jpg","contentUrl":"https:\/\/www.teatrodomma.it\/wp-content\/uploads\/2020\/04\/laura-adriani-attrice-1.jpg","width":700,"height":922},{"@type":"BreadcrumbList","@id":"https:\/\/www.teatrodomma.it\/?p=7512#breadcrumb","itemListElement":[{"@type":"ListItem","position":1,"name":"Home","item":"https:\/\/www.teatrodomma.it\/"},{"@type":"ListItem","position":2,"name":"Quattro chiacchiere con&#8230;Laura Adriani"}]},{"@type":"WebSite","@id":"https:\/\/www.teatrodomma.it\/#website","url":"https:\/\/www.teatrodomma.it\/","name":"Teatro Domma","description":"","publisher":{"@id":"https:\/\/www.teatrodomma.it\/#organization"},"potentialAction":[{"@type":"SearchAction","target":{"@type":"EntryPoint","urlTemplate":"https:\/\/www.teatrodomma.it\/?s={search_term_string}"},"query-input":{"@type":"PropertyValueSpecification","valueRequired":true,"valueName":"search_term_string"}}],"inLanguage":"it-IT"},{"@type":"Organization","@id":"https:\/\/www.teatrodomma.it\/#organization","name":"Teatro Domma","url":"https:\/\/www.teatrodomma.it\/","logo":{"@type":"ImageObject","inLanguage":"it-IT","@id":"https:\/\/www.teatrodomma.it\/#\/schema\/logo\/image\/","url":"https:\/\/www.teatrodomma.it\/wp-content\/uploads\/2025\/01\/LOGOICON-edited-2.png","contentUrl":"https:\/\/www.teatrodomma.it\/wp-content\/uploads\/2025\/01\/LOGOICON-edited-2.png","width":510,"height":287,"caption":"Teatro Domma"},"image":{"@id":"https:\/\/www.teatrodomma.it\/#\/schema\/logo\/image\/"},"sameAs":["https:\/\/www.facebook.com\/p\/Teatro-Domma-61556981831878\/?locale=it_IT","https:\/\/www.instagram.com\/teatro_domma\/"]},{"@type":"Person","@id":"https:\/\/www.teatrodomma.it\/#\/schema\/person\/8a1f09bf4c695307c8aef38d93aa0e84","name":"Margherita De Donato","image":{"@type":"ImageObject","inLanguage":"it-IT","@id":"https:\/\/www.teatrodomma.it\/#\/schema\/person\/image\/","url":"https:\/\/secure.gravatar.com\/avatar\/0fbebb2201a984022de9f07361f7fe88cb7fcefd6be5e33abf5559102ec20088?s=96&d=mm&r=g","contentUrl":"https:\/\/secure.gravatar.com\/avatar\/0fbebb2201a984022de9f07361f7fe88cb7fcefd6be5e33abf5559102ec20088?s=96&d=mm&r=g","caption":"Margherita De Donato"},"url":"https:\/\/www.teatrodomma.it\/?author=3"}]}},"_links":{"self":[{"href":"https:\/\/www.teatrodomma.it\/index.php?rest_route=\/wp\/v2\/posts\/7512","targetHints":{"allow":["GET"]}}],"collection":[{"href":"https:\/\/www.teatrodomma.it\/index.php?rest_route=\/wp\/v2\/posts"}],"about":[{"href":"https:\/\/www.teatrodomma.it\/index.php?rest_route=\/wp\/v2\/types\/post"}],"author":[{"embeddable":true,"href":"https:\/\/www.teatrodomma.it\/index.php?rest_route=\/wp\/v2\/users\/3"}],"replies":[{"embeddable":true,"href":"https:\/\/www.teatrodomma.it\/index.php?rest_route=%2Fwp%2Fv2%2Fcomments&post=7512"}],"version-history":[{"count":0,"href":"https:\/\/www.teatrodomma.it\/index.php?rest_route=\/wp\/v2\/posts\/7512\/revisions"}],"wp:featuredmedia":[{"embeddable":true,"href":"https:\/\/www.teatrodomma.it\/index.php?rest_route=\/wp\/v2\/media\/1946"}],"wp:attachment":[{"href":"https:\/\/www.teatrodomma.it\/index.php?rest_route=%2Fwp%2Fv2%2Fmedia&parent=7512"}],"wp:term":[{"taxonomy":"category","embeddable":true,"href":"https:\/\/www.teatrodomma.it\/index.php?rest_route=%2Fwp%2Fv2%2Fcategories&post=7512"},{"taxonomy":"post_tag","embeddable":true,"href":"https:\/\/www.teatrodomma.it\/index.php?rest_route=%2Fwp%2Fv2%2Ftags&post=7512"}],"curies":[{"name":"wp","href":"https:\/\/api.w.org\/{rel}","templated":true}]}}