{"id":7518,"date":"2020-04-20T14:59:18","date_gmt":"2020-04-20T12:59:18","guid":{"rendered":"https:\/\/teatrodomma.wordpress.com\/?p=337"},"modified":"2020-04-20T14:59:18","modified_gmt":"2020-04-20T12:59:18","slug":"culturacheresiste","status":"publish","type":"post","link":"https:\/\/www.teatrodomma.it\/?p=7518","title":{"rendered":"#laculturacheresiste"},"content":{"rendered":"\n<p><em><em>Nonostante alcuni eventi<\/em> siano stati rimandati, la cultura non si arrende.<\/em> <em>Previste maratone in streaming con l&#8217;apporto di molti esponenti del mondo del teatro.<\/em><\/p>\n\n\n\n<p>Cosa accomuna gli attori Sergio Assisi, Serena Autieri, Claudio Bisio, Alessio Boni, Paolo Briguglia, Cristiana Capotondi, Tosca D&#8217;Aquino, Gaia de Laurentis, Chiara Francini, Alessandro Gassman, Fabrizio Gifuni, Alessandro Haber, Luigi Lo Cascio, Neri Marcor\u00e9, Marco Missiroli, Francesco Montanari, Laura Morante, Francesco Pannofino, Rocco Papaleo, Giorgio Pasotti, Violante Placido, Massimo Popolizio, Alessandro Preziosi, Stefania Rocca, Alba Rohrwacher, Sergio Rubini, Anna Safroncik, Claudio Santamaria ed altri ancora?<\/p>\n\n\n\n<p class=\"has-background has-background-dark-background-color\">Sono tutti artisti che hanno aderito alla <em><strong>prima<\/strong><\/em> <em><strong>maratona letteraria in streaming<\/strong><\/em> prevista il prossimo <strong>23 aprile 2020<\/strong> per la <strong>Giornata Mondiale del Libro<\/strong>, che verr\u00e0 festeggiata grazie alla piattaforma <a rel=\"noreferrer noopener\" href=\"http:\/\/www.capolavoridellaletteratura.org\" target=\"_blank\">www.capolavoridellaletteratura.org<\/a> creata appositamente per l&#8217;occasione.<\/p>\n\n\n\n<p>Il<strong> 23 aprile<\/strong> \u00e8 stato scelto perch\u00e9 \u00e8 il giorno in cui, nel 1616, sono morti due scrittori considerati dei pilastri della cultura universale:&nbsp;Miguel de Cervantes, William Shakespeare.<\/p>\n\n\n\n<p>(Una curiosit\u00e0: <em>In Catalogna<\/em> <em>il 23 aprile si festeggia il patrono, Sant Jordi<\/em>. Fin dal Medioevo, in tutta la regione <em>gli uomini portano alle donne un fiore&nbsp;e ricevono in cambio un libro<\/em>: una consuetudine nata dalla leggenda che vuole il santo (allora solo cavaliere Sant Jordi) vincitore su un&nbsp;drago feroce, che mangiava le belle ragazze del piccolo paese di Montblanc, nel sud della Catalogna. Dal sangue del drago nacque un roseto e da qui l\u2019usanza&nbsp;del regalo alle innamorate; pi\u00f9 tardi arriv\u00f2&nbsp;lo scambio di libri,&nbsp;facendo riferimento ad un poema che la principessa del regno, salvata dal drago, scrisse per il cavaliere suo salvatore.)<\/p>\n\n\n\n<p class=\"has-background has-background-dark-background-color\"><strong>Sette ore di trasmissione on line &#8211; a partire dalle ore 11<\/strong> &#8211; per un evento, nato dieci anni fa e indirizzato alla comunit\u00e0 dei lettori, ma che quest&#8217;anno entrer\u00e0 sia nelle case, raggiungendo molte pi\u00f9 persone &#8211; dal pubblico adulto alle giovani generazioni &#8211; sia nelle scuole, che potranno fruirne anche a scopo didattico. A ricordare che la libert\u00e0 degli uomini e dei popoli dipendono dallo studio e dalla cultura.<\/p>\n\n\n\n<p>Oltre 100 grandi protagonisti della cultura nazionale ed internazionale si alterneranno on line per leggere le pagine pi\u00f9 belle della letteratura mondiale. <\/p>\n\n\n\n<p class=\"has-background has-background-dark-background-color\">Per commentare in diretta la maratona si pu\u00f2 utilizzare l&#8217;hashtag <strong><em>#CapolavoriDellaLetteratura<\/em><\/strong><\/p>\n\n\n\n<p>Parte cos\u00ec la campagna &#8220;il Maggio dei Libri &#8211; Se leggo scopro&#8221;.<\/p>\n\n\n\n<p>Per il <strong>23 maggio 2020<\/strong> sarebbe prevista anche la<strong>&#8220;Maratona di Lettura&#8221;<\/strong> della citt\u00e0 di Feltre. L&#8217;evento di anno in anno si \u00e8 confermato come un appuntamento di grande qualit\u00e0 per la provincia di Belluno, ma non solo, a testimonianza del fatto che la cultura \u2013 se di livello \u2013 pu\u00f2 essere anche un importante motore di attrattiva per la citt\u00e0. Purtroppo il Covid-19  ha fatto lo sgambetto a molti progetti previsti per la primavera 2020 e la maratona rientra tra questi. Non \u00e8 ancora escluso che non si faccia, ma se si dovesse rimandare, si potrebbe organizzare comunque qualcosa che tenga viva l&#8217;attenzione su di lei&#8230;magari proprio un&#8217;altra maratona letteraria in streaming.<\/p>\n","protected":false},"excerpt":{"rendered":"<p>Nonostante alcuni eventi siano stati rimandati, la cultura non si arrende. Previste maratone in streaming con l&#8217;apporto di molti esponenti del mondo del teatro. Cosa accomuna gli attori Sergio Assisi, Serena Autieri, Claudio Bisio, Alessio Boni, Paolo Briguglia, Cristiana Capotondi, Tosca D&#8217;Aquino, Gaia de Laurentis, Chiara Francini, Alessandro Gassman, Fabrizio Gifuni, Alessandro Haber, Luigi Lo [&hellip;]<\/p>\n","protected":false},"author":3,"featured_media":0,"comment_status":"closed","ping_status":"open","sticky":false,"template":"","format":"standard","meta":{"saved_in_kubio":false,"footnotes":""},"categories":[23],"tags":[],"class_list":["post-7518","post","type-post","status-publish","format-standard","hentry","category-articoli-vari"],"yoast_head":"<!-- This site is optimized with the Yoast SEO plugin v25.8 - https:\/\/yoast.com\/wordpress\/plugins\/seo\/ -->\n<title>#laculturacheresiste - Teatro Domma<\/title>\n<meta name=\"robots\" content=\"index, follow, max-snippet:-1, max-image-preview:large, max-video-preview:-1\" \/>\n<link rel=\"canonical\" href=\"https:\/\/www.teatrodomma.it\/?p=7518\" \/>\n<meta property=\"og:locale\" content=\"it_IT\" \/>\n<meta property=\"og:type\" content=\"article\" \/>\n<meta property=\"og:title\" content=\"#laculturacheresiste - Teatro Domma\" \/>\n<meta property=\"og:description\" content=\"Nonostante alcuni eventi siano stati rimandati, la cultura non si arrende. Previste maratone in streaming con l&#8217;apporto di molti esponenti del mondo del teatro. Cosa accomuna gli attori Sergio Assisi, Serena Autieri, Claudio Bisio, Alessio Boni, Paolo Briguglia, Cristiana Capotondi, Tosca D&#8217;Aquino, Gaia de Laurentis, Chiara Francini, Alessandro Gassman, Fabrizio Gifuni, Alessandro Haber, Luigi Lo [&hellip;]\" \/>\n<meta property=\"og:url\" content=\"https:\/\/www.teatrodomma.it\/?p=7518\" \/>\n<meta property=\"og:site_name\" content=\"Teatro Domma\" \/>\n<meta property=\"article:publisher\" content=\"https:\/\/www.facebook.com\/p\/Teatro-Domma-61556981831878\/?locale=it_IT\" \/>\n<meta property=\"article:published_time\" content=\"2020-04-20T12:59:18+00:00\" \/>\n<meta name=\"author\" content=\"Margherita De Donato\" \/>\n<meta name=\"twitter:card\" content=\"summary_large_image\" \/>\n<meta name=\"twitter:label1\" content=\"Scritto da\" \/>\n\t<meta name=\"twitter:data1\" content=\"Margherita De Donato\" \/>\n\t<meta name=\"twitter:label2\" content=\"Tempo di lettura stimato\" \/>\n\t<meta name=\"twitter:data2\" content=\"2 minuti\" \/>\n<script type=\"application\/ld+json\" class=\"yoast-schema-graph\">{\"@context\":\"https:\/\/schema.org\",\"@graph\":[{\"@type\":\"Article\",\"@id\":\"https:\/\/www.teatrodomma.it\/?p=7518#article\",\"isPartOf\":{\"@id\":\"https:\/\/www.teatrodomma.it\/?p=7518\"},\"author\":{\"name\":\"Margherita De Donato\",\"@id\":\"https:\/\/www.teatrodomma.it\/#\/schema\/person\/8a1f09bf4c695307c8aef38d93aa0e84\"},\"headline\":\"#laculturacheresiste\",\"datePublished\":\"2020-04-20T12:59:18+00:00\",\"mainEntityOfPage\":{\"@id\":\"https:\/\/www.teatrodomma.it\/?p=7518\"},\"wordCount\":492,\"publisher\":{\"@id\":\"https:\/\/www.teatrodomma.it\/#organization\"},\"articleSection\":[\"Articoli vari\"],\"inLanguage\":\"it-IT\"},{\"@type\":\"WebPage\",\"@id\":\"https:\/\/www.teatrodomma.it\/?p=7518\",\"url\":\"https:\/\/www.teatrodomma.it\/?p=7518\",\"name\":\"#laculturacheresiste - Teatro Domma\",\"isPartOf\":{\"@id\":\"https:\/\/www.teatrodomma.it\/#website\"},\"datePublished\":\"2020-04-20T12:59:18+00:00\",\"breadcrumb\":{\"@id\":\"https:\/\/www.teatrodomma.it\/?p=7518#breadcrumb\"},\"inLanguage\":\"it-IT\",\"potentialAction\":[{\"@type\":\"ReadAction\",\"target\":[\"https:\/\/www.teatrodomma.it\/?p=7518\"]}]},{\"@type\":\"BreadcrumbList\",\"@id\":\"https:\/\/www.teatrodomma.it\/?p=7518#breadcrumb\",\"itemListElement\":[{\"@type\":\"ListItem\",\"position\":1,\"name\":\"Home\",\"item\":\"https:\/\/www.teatrodomma.it\/\"},{\"@type\":\"ListItem\",\"position\":2,\"name\":\"#laculturacheresiste\"}]},{\"@type\":\"WebSite\",\"@id\":\"https:\/\/www.teatrodomma.it\/#website\",\"url\":\"https:\/\/www.teatrodomma.it\/\",\"name\":\"Teatro Domma\",\"description\":\"\",\"publisher\":{\"@id\":\"https:\/\/www.teatrodomma.it\/#organization\"},\"potentialAction\":[{\"@type\":\"SearchAction\",\"target\":{\"@type\":\"EntryPoint\",\"urlTemplate\":\"https:\/\/www.teatrodomma.it\/?s={search_term_string}\"},\"query-input\":{\"@type\":\"PropertyValueSpecification\",\"valueRequired\":true,\"valueName\":\"search_term_string\"}}],\"inLanguage\":\"it-IT\"},{\"@type\":\"Organization\",\"@id\":\"https:\/\/www.teatrodomma.it\/#organization\",\"name\":\"Teatro Domma\",\"url\":\"https:\/\/www.teatrodomma.it\/\",\"logo\":{\"@type\":\"ImageObject\",\"inLanguage\":\"it-IT\",\"@id\":\"https:\/\/www.teatrodomma.it\/#\/schema\/logo\/image\/\",\"url\":\"https:\/\/www.teatrodomma.it\/wp-content\/uploads\/2025\/01\/LOGOICON-edited-2.png\",\"contentUrl\":\"https:\/\/www.teatrodomma.it\/wp-content\/uploads\/2025\/01\/LOGOICON-edited-2.png\",\"width\":510,\"height\":287,\"caption\":\"Teatro Domma\"},\"image\":{\"@id\":\"https:\/\/www.teatrodomma.it\/#\/schema\/logo\/image\/\"},\"sameAs\":[\"https:\/\/www.facebook.com\/p\/Teatro-Domma-61556981831878\/?locale=it_IT\",\"https:\/\/www.instagram.com\/teatro_domma\/\"]},{\"@type\":\"Person\",\"@id\":\"https:\/\/www.teatrodomma.it\/#\/schema\/person\/8a1f09bf4c695307c8aef38d93aa0e84\",\"name\":\"Margherita De Donato\",\"image\":{\"@type\":\"ImageObject\",\"inLanguage\":\"it-IT\",\"@id\":\"https:\/\/www.teatrodomma.it\/#\/schema\/person\/image\/\",\"url\":\"https:\/\/secure.gravatar.com\/avatar\/0fbebb2201a984022de9f07361f7fe88cb7fcefd6be5e33abf5559102ec20088?s=96&d=mm&r=g\",\"contentUrl\":\"https:\/\/secure.gravatar.com\/avatar\/0fbebb2201a984022de9f07361f7fe88cb7fcefd6be5e33abf5559102ec20088?s=96&d=mm&r=g\",\"caption\":\"Margherita De Donato\"},\"url\":\"https:\/\/www.teatrodomma.it\/?author=3\"}]}<\/script>\n<!-- \/ Yoast SEO plugin. -->","yoast_head_json":{"title":"#laculturacheresiste - Teatro Domma","robots":{"index":"index","follow":"follow","max-snippet":"max-snippet:-1","max-image-preview":"max-image-preview:large","max-video-preview":"max-video-preview:-1"},"canonical":"https:\/\/www.teatrodomma.it\/?p=7518","og_locale":"it_IT","og_type":"article","og_title":"#laculturacheresiste - Teatro Domma","og_description":"Nonostante alcuni eventi siano stati rimandati, la cultura non si arrende. Previste maratone in streaming con l&#8217;apporto di molti esponenti del mondo del teatro. Cosa accomuna gli attori Sergio Assisi, Serena Autieri, Claudio Bisio, Alessio Boni, Paolo Briguglia, Cristiana Capotondi, Tosca D&#8217;Aquino, Gaia de Laurentis, Chiara Francini, Alessandro Gassman, Fabrizio Gifuni, Alessandro Haber, Luigi Lo [&hellip;]","og_url":"https:\/\/www.teatrodomma.it\/?p=7518","og_site_name":"Teatro Domma","article_publisher":"https:\/\/www.facebook.com\/p\/Teatro-Domma-61556981831878\/?locale=it_IT","article_published_time":"2020-04-20T12:59:18+00:00","author":"Margherita De Donato","twitter_card":"summary_large_image","twitter_misc":{"Scritto da":"Margherita De Donato","Tempo di lettura stimato":"2 minuti"},"schema":{"@context":"https:\/\/schema.org","@graph":[{"@type":"Article","@id":"https:\/\/www.teatrodomma.it\/?p=7518#article","isPartOf":{"@id":"https:\/\/www.teatrodomma.it\/?p=7518"},"author":{"name":"Margherita De Donato","@id":"https:\/\/www.teatrodomma.it\/#\/schema\/person\/8a1f09bf4c695307c8aef38d93aa0e84"},"headline":"#laculturacheresiste","datePublished":"2020-04-20T12:59:18+00:00","mainEntityOfPage":{"@id":"https:\/\/www.teatrodomma.it\/?p=7518"},"wordCount":492,"publisher":{"@id":"https:\/\/www.teatrodomma.it\/#organization"},"articleSection":["Articoli vari"],"inLanguage":"it-IT"},{"@type":"WebPage","@id":"https:\/\/www.teatrodomma.it\/?p=7518","url":"https:\/\/www.teatrodomma.it\/?p=7518","name":"#laculturacheresiste - Teatro Domma","isPartOf":{"@id":"https:\/\/www.teatrodomma.it\/#website"},"datePublished":"2020-04-20T12:59:18+00:00","breadcrumb":{"@id":"https:\/\/www.teatrodomma.it\/?p=7518#breadcrumb"},"inLanguage":"it-IT","potentialAction":[{"@type":"ReadAction","target":["https:\/\/www.teatrodomma.it\/?p=7518"]}]},{"@type":"BreadcrumbList","@id":"https:\/\/www.teatrodomma.it\/?p=7518#breadcrumb","itemListElement":[{"@type":"ListItem","position":1,"name":"Home","item":"https:\/\/www.teatrodomma.it\/"},{"@type":"ListItem","position":2,"name":"#laculturacheresiste"}]},{"@type":"WebSite","@id":"https:\/\/www.teatrodomma.it\/#website","url":"https:\/\/www.teatrodomma.it\/","name":"Teatro Domma","description":"","publisher":{"@id":"https:\/\/www.teatrodomma.it\/#organization"},"potentialAction":[{"@type":"SearchAction","target":{"@type":"EntryPoint","urlTemplate":"https:\/\/www.teatrodomma.it\/?s={search_term_string}"},"query-input":{"@type":"PropertyValueSpecification","valueRequired":true,"valueName":"search_term_string"}}],"inLanguage":"it-IT"},{"@type":"Organization","@id":"https:\/\/www.teatrodomma.it\/#organization","name":"Teatro Domma","url":"https:\/\/www.teatrodomma.it\/","logo":{"@type":"ImageObject","inLanguage":"it-IT","@id":"https:\/\/www.teatrodomma.it\/#\/schema\/logo\/image\/","url":"https:\/\/www.teatrodomma.it\/wp-content\/uploads\/2025\/01\/LOGOICON-edited-2.png","contentUrl":"https:\/\/www.teatrodomma.it\/wp-content\/uploads\/2025\/01\/LOGOICON-edited-2.png","width":510,"height":287,"caption":"Teatro Domma"},"image":{"@id":"https:\/\/www.teatrodomma.it\/#\/schema\/logo\/image\/"},"sameAs":["https:\/\/www.facebook.com\/p\/Teatro-Domma-61556981831878\/?locale=it_IT","https:\/\/www.instagram.com\/teatro_domma\/"]},{"@type":"Person","@id":"https:\/\/www.teatrodomma.it\/#\/schema\/person\/8a1f09bf4c695307c8aef38d93aa0e84","name":"Margherita De Donato","image":{"@type":"ImageObject","inLanguage":"it-IT","@id":"https:\/\/www.teatrodomma.it\/#\/schema\/person\/image\/","url":"https:\/\/secure.gravatar.com\/avatar\/0fbebb2201a984022de9f07361f7fe88cb7fcefd6be5e33abf5559102ec20088?s=96&d=mm&r=g","contentUrl":"https:\/\/secure.gravatar.com\/avatar\/0fbebb2201a984022de9f07361f7fe88cb7fcefd6be5e33abf5559102ec20088?s=96&d=mm&r=g","caption":"Margherita De Donato"},"url":"https:\/\/www.teatrodomma.it\/?author=3"}]}},"_links":{"self":[{"href":"https:\/\/www.teatrodomma.it\/index.php?rest_route=\/wp\/v2\/posts\/7518","targetHints":{"allow":["GET"]}}],"collection":[{"href":"https:\/\/www.teatrodomma.it\/index.php?rest_route=\/wp\/v2\/posts"}],"about":[{"href":"https:\/\/www.teatrodomma.it\/index.php?rest_route=\/wp\/v2\/types\/post"}],"author":[{"embeddable":true,"href":"https:\/\/www.teatrodomma.it\/index.php?rest_route=\/wp\/v2\/users\/3"}],"replies":[{"embeddable":true,"href":"https:\/\/www.teatrodomma.it\/index.php?rest_route=%2Fwp%2Fv2%2Fcomments&post=7518"}],"version-history":[{"count":0,"href":"https:\/\/www.teatrodomma.it\/index.php?rest_route=\/wp\/v2\/posts\/7518\/revisions"}],"wp:attachment":[{"href":"https:\/\/www.teatrodomma.it\/index.php?rest_route=%2Fwp%2Fv2%2Fmedia&parent=7518"}],"wp:term":[{"taxonomy":"category","embeddable":true,"href":"https:\/\/www.teatrodomma.it\/index.php?rest_route=%2Fwp%2Fv2%2Fcategories&post=7518"},{"taxonomy":"post_tag","embeddable":true,"href":"https:\/\/www.teatrodomma.it\/index.php?rest_route=%2Fwp%2Fv2%2Ftags&post=7518"}],"curies":[{"name":"wp","href":"https:\/\/api.w.org\/{rel}","templated":true}]}}