{"id":924,"date":"2020-05-09T23:52:00","date_gmt":"2020-05-09T21:52:00","guid":{"rendered":"https:\/\/teatrodomma.wordpress.com\/?p=924"},"modified":"2020-05-09T23:52:00","modified_gmt":"2020-05-09T21:52:00","slug":"riflettori-su-marco-mininno","status":"publish","type":"post","link":"https:\/\/www.teatrodomma.it\/?p=924","title":{"rendered":"Riflettori su&#8230;Marco Mininno"},"content":{"rendered":"\n<p class=\"has-background has-background-dark-background-color\"><em>Uno spettacolo si avvale sia del cast artistico sia di un cast tecnico<\/em>, <em>altrettanto importante. Anche se lavorano dietro le quinte, senza queste maestranze non ci sarebbe alcuno show. Abbiamo quindi pensato di intervistare un direttore delle luci. Per una volta l&#8217;occhio di bue<\/em> <em>si accender\u00e0 su di lui! Buio in sala, andiamo a cominciare&#8230;<\/em><\/p>\n\n\n\n<p><strong><a rel=\"noreferrer noopener\" href=\"https:\/\/www.facebook.com\/marco.mininno\" target=\"_blank\">MARCO MININNO<\/a><\/strong> (nato a Roma il 27\/04\/1989) appassionato di Musical Theatre, si diploma sia al Liceo Scientifico sia all\u2019Istituto Tecnico Industriale &#8211; indirizzo Elettrotecnico. Intraprende gli studi di Marketing presso l\u2019Universit\u00e0 Luiss Guido Carli e successivamente si avvicina agli studi da <em>Light Designer<\/em>, ottenendo la qualifica di <strong>Tecnico esperto nell\u2019illuminazione cinematografica ed audiovisiva<\/strong>. Lavora come <em>Lighting Technician<\/em> presso Costa Crociere, <em>Light Designer;<\/em> ad oggi \u00e8 <em>Datore Luci<\/em> <strong>presso il Teatro dell\u2019Opera di Roma<\/strong>. <strong>Fondatore della compagnia teatrale Compagni di Scena<\/strong>.<\/p>\n\n\n\n<p class=\"has-background has-background-dark-background-color\"><strong><em>Sei tra i fondatori dei Compagni di Scena. Puoi raccontarci quando e come sono nati, <strong><em>chi eravate<\/em><\/strong> e cosa vi ha spinto a creare una compagnia?<\/em><\/strong><\/p>\n\n\n\n<div class=\"wp-block-image is-style-default\"><figure class=\"alignright size-large is-resized\"><img loading=\"lazy\" decoding=\"async\" src=\"http:\/\/test.teatrodomma.it\/wp-content\/uploads\/2020\/05\/cds-gruppo-7-compleanno.jpg?w=1024\" alt=\"\" class=\"wp-image-1147\" width=\"439\" height=\"329\" srcset=\"https:\/\/www.teatrodomma.it\/wp-content\/uploads\/2020\/05\/cds-gruppo-7-compleanno.jpg 1440w, https:\/\/www.teatrodomma.it\/wp-content\/uploads\/2020\/05\/cds-gruppo-7-compleanno-300x225.jpg 300w, https:\/\/www.teatrodomma.it\/wp-content\/uploads\/2020\/05\/cds-gruppo-7-compleanno-1024x768.jpg 1024w, https:\/\/www.teatrodomma.it\/wp-content\/uploads\/2020\/05\/cds-gruppo-7-compleanno-768x576.jpg 768w, https:\/\/www.teatrodomma.it\/wp-content\/uploads\/2020\/05\/cds-gruppo-7-compleanno-200x150.jpg 200w\" sizes=\"(max-width: 439px) 100vw, 439px\" \/><figcaption>Luglio 2017: una rappresentanza dei Compagni di Scena festeggia i sette anni della compagnia. Marco Mininno \u00e8 l&#8217;ultimo sulla destra<\/figcaption><\/figure><\/div>\n\n\n\n<p>Quest&#8217;anno ricorre il <strong>decimo anno dalla fondazione<\/strong> <strong>dei <a rel=\"noreferrer noopener\" href=\"https:\/\/www.facebook.com\/cdiscena\/\" target=\"_blank\">Compagni di Scena<\/a><\/strong>. Nell&#8217;<strong>estate del 2010<\/strong>, in pausa dagli studi universitari (frequentavo i corsi di marketing alla Luiss), mi venne l&#8217;idea di raggruppare tutti i ragazzi che avevo conosciuto nelle varie esperienze teatrali giovanili e di unirli in un&#8217;unica compagnia. Assegnai da subito ruoli distinti: <em>Daniele Trombetti<\/em> avrebbe dovuto occuparsi della commedia, <em>Valentina Moscuzza<\/em> dei musical, <em>Simone Formicola<\/em> della prosa, <a href=\"https:\/\/www.teatrodomma.it\/blog\/articoli-vari\/un-do-di-pettodi-daniele-adriani\/\" target=\"_blank\" rel=\"noreferrer noopener\"><em>Daniele Adriani<\/em> <\/a>della parte amministrativa. Contattai anche una band, gli <em>&#8220;88 folli&#8221;<\/em>, che ancora oggi suonano nei nostri spettacoli. Abbiamo sempre voluto <strong>spaziare tra i vari generi teatrali<\/strong> e forse \u00e8 proprio questo che ci ha contraddistinto negli anni. Quello che ci ha spinto \u00e8 il voler dare la possibilit\u00e0 ai ragazzi usciti dalle scuole di teatro di seguire ognuno la propria strada nell&#8217;ambito artistico e di mettersi alla prova&#8230;diciamo <strong>una sorta di fucina degli artisti<\/strong>&#8230; e con qualcuno ci siamo riusciti. Posso dire di essere uno di quelli che ci \u00e8 riuscito.<\/p>\n\n\n\n<p class=\"has-background has-background-dark-background-color\"><strong><em>Nei Compagni di Scena hai da subito ricoperto il ruolo di direttore delle luci? Avevi esperienze pregresse?<\/em><\/strong><\/p>\n\n\n\n<p><\/p>\n\n\n\n<p><\/p>\n\n\n\n<div class=\"wp-block-image is-style-rounded\"><figure class=\"alignleft size-large is-resized\"><img loading=\"lazy\" decoding=\"async\" src=\"http:\/\/test.teatrodomma.it\/wp-content\/uploads\/2020\/05\/cds-logo-compania-teatro.jpg?w=750\" alt=\"\" class=\"wp-image-847\" width=\"321\" height=\"321\" srcset=\"https:\/\/www.teatrodomma.it\/wp-content\/uploads\/2020\/05\/cds-logo-compania-teatro.jpg 960w, https:\/\/www.teatrodomma.it\/wp-content\/uploads\/2020\/05\/cds-logo-compania-teatro-300x300.jpg 300w, https:\/\/www.teatrodomma.it\/wp-content\/uploads\/2020\/05\/cds-logo-compania-teatro-150x150.jpg 150w, https:\/\/www.teatrodomma.it\/wp-content\/uploads\/2020\/05\/cds-logo-compania-teatro-768x768.jpg 768w, https:\/\/www.teatrodomma.it\/wp-content\/uploads\/2020\/05\/cds-logo-compania-teatro-200x200.jpg 200w, https:\/\/www.teatrodomma.it\/wp-content\/uploads\/2020\/05\/cds-logo-compania-teatro-144x144.jpg 144w\" sizes=\"(max-width: 321px) 100vw, 321px\" \/><figcaption>Logo dell&#8217;associazione Compagni di Scena<\/figcaption><\/figure><\/div>\n\n\n\n<p>Quando inizi a fare teatro entri in un universo fatto di tanti piccoli pianeti. C&#8217;\u00e8 chi trova fin da subito il suo habitat naturale e poi ci sono gli astronauti: io, prima di scegliere il pianeta su cui vivere, li ho voluto scoprire un po&#8217; tutti. <strong>La parte tecnica ed in particolare le luci mi hanno sempre affascinato<\/strong>. Tutti si accorgono di un &#8220;fischio&#8221; del microfono o di una scenografia ben costruita, di uno strumento che stona o di una bella voce, ma in pochi fanno caso alle luci &#8211; questo perch\u00e9 esse lavorano sull&#8217;inconscio del pubblico, rendendo tutto un po&#8217; pi\u00f9 magico.<strong> Ho iniziato ad occuparmi di luci proprio con Compagni di Scena<\/strong>, poi ho intrapreso degli studi specifici; <strong>al <a href=\"https:\/\/www.teatrodomma.it\/\" target=\"_blank\" rel=\"noreferrer noopener\">Teatro Don Mario Torregrossa <\/a>mi sono fatto le ossa<\/strong>, prima di entrare a lavorare come <em>Light Technician<\/em> per Costa Crociere; poi ho seguito qualche tourn\u00e9e in Italia ed attualmente <strong>lavoro al Teatro dell&#8217;Opera di Roma.<\/strong><\/p>\n\n\n\n<figure class=\"wp-block-gallery columns-3 is-cropped wp-block-gallery-1 is-layout-flex wp-block-gallery-is-layout-flex\"><ul class=\"blocks-gallery-grid\"><li class=\"blocks-gallery-item\"><figure><img loading=\"lazy\" decoding=\"async\" width=\"900\" height=\"600\" src=\"http:\/\/test.teatrodomma.it\/wp-content\/uploads\/2020\/05\/marco-mininno-light-technician-1-e1677071945888.jpg?w=750\" alt=\"\" data-id=\"1103\" class=\"wp-image-1103\" srcset=\"https:\/\/www.teatrodomma.it\/wp-content\/uploads\/2020\/05\/marco-mininno-light-technician-1-e1677071945888.jpg 900w, https:\/\/www.teatrodomma.it\/wp-content\/uploads\/2020\/05\/marco-mininno-light-technician-1-e1677071945888-300x200.jpg 300w, https:\/\/www.teatrodomma.it\/wp-content\/uploads\/2020\/05\/marco-mininno-light-technician-1-e1677071945888-768x512.jpg 768w, https:\/\/www.teatrodomma.it\/wp-content\/uploads\/2020\/05\/marco-mininno-light-technician-1-e1677071945888-200x133.jpg 200w, https:\/\/www.teatrodomma.it\/wp-content\/uploads\/2020\/05\/marco-mininno-light-technician-1-e1677071945888-272x182.jpg 272w\" sizes=\"(max-width: 900px) 100vw, 900px\" \/><\/figure><\/li><li class=\"blocks-gallery-item\"><figure><img loading=\"lazy\" decoding=\"async\" width=\"1080\" height=\"810\" src=\"http:\/\/test.teatrodomma.it\/wp-content\/uploads\/2020\/05\/marco-mininno-light-technician-5.jpg?w=1024\" data-id=\"1356\" class=\"wp-image-1356\" srcset=\"https:\/\/www.teatrodomma.it\/wp-content\/uploads\/2020\/05\/marco-mininno-light-technician-5.jpg 1080w, https:\/\/www.teatrodomma.it\/wp-content\/uploads\/2020\/05\/marco-mininno-light-technician-5-300x225.jpg 300w, https:\/\/www.teatrodomma.it\/wp-content\/uploads\/2020\/05\/marco-mininno-light-technician-5-1024x768.jpg 1024w, https:\/\/www.teatrodomma.it\/wp-content\/uploads\/2020\/05\/marco-mininno-light-technician-5-768x576.jpg 768w, https:\/\/www.teatrodomma.it\/wp-content\/uploads\/2020\/05\/marco-mininno-light-technician-5-200x150.jpg 200w\" sizes=\"(max-width: 1080px) 100vw, 1080px\" \/><\/figure><\/li><li class=\"blocks-gallery-item\"><figure><img loading=\"lazy\" decoding=\"async\" width=\"1080\" height=\"607\" src=\"http:\/\/test.teatrodomma.it\/wp-content\/uploads\/2020\/05\/marco-mininno-light-technician-6.jpg?w=1024\" data-id=\"1357\" class=\"wp-image-1357\" srcset=\"https:\/\/www.teatrodomma.it\/wp-content\/uploads\/2020\/05\/marco-mininno-light-technician-6.jpg 1080w, https:\/\/www.teatrodomma.it\/wp-content\/uploads\/2020\/05\/marco-mininno-light-technician-6-300x169.jpg 300w, https:\/\/www.teatrodomma.it\/wp-content\/uploads\/2020\/05\/marco-mininno-light-technician-6-1024x576.jpg 1024w, https:\/\/www.teatrodomma.it\/wp-content\/uploads\/2020\/05\/marco-mininno-light-technician-6-768x432.jpg 768w, https:\/\/www.teatrodomma.it\/wp-content\/uploads\/2020\/05\/marco-mininno-light-technician-6-200x112.jpg 200w\" sizes=\"(max-width: 1080px) 100vw, 1080px\" \/><\/figure><\/li><\/ul><figcaption class=\"blocks-gallery-caption\">Marco Mininno al lavoro come <em>Light Console Operator<\/em> presso il Teatro Don Mario Torregrossa\/ Al mixer, mentre programma uno show sulla Costa Neoromantica \/ Missione di un <em>Lighting Technician<\/em>: montare le luci  sulla c.d. americana del Teatro dell&#8217;Opera<\/figcaption><\/figure>\n\n\n\n<p><\/p>\n\n\n\n<p class=\"has-background has-background-dark-background-color\"><strong><em>Qual \u00e8 lo spettacolo che siete stati pi\u00f9 orgogliosi di realizzare?<\/em><\/strong> <strong><em>E&#8217; stato difficile ottenere le licenze per portare in scena musical famosi come <a rel=\"noreferrer noopener\" href=\"https:\/\/www.youtube.com\/watch?v=wsnq7JzCRao\" target=\"_blank\">&#8220;Grease&#8221;<\/a><\/em><\/strong> <strong><em>e <a href=\"https:\/\/teatrodomma.wordpress.com\/2020\/04\/29\/sweeny-todd-il-video\/\">&#8220;Sweeny Todd&#8221;<\/a>?<\/em><\/strong><\/p>\n\n\n\n<p>Fare un nome in particolare \u00e8 impossibile; ogni volta che finisci le repliche di uno spettacolo la domanda che ti fai \u00e8: &#8220;Quando lo rifacciamo?&#8221;. Ognuno ti lascia sempre dentro un bel ricordo. Ottenere le licenze originali degli spettacoli in realt\u00e0 \u00e8 pi\u00f9 semplice di quello che pu\u00f2 sembrare: <strong>basta fare una richiesta alle aziende che ne detengono i diritti e pagarli.<\/strong> Compagni di Scena ha dei buoni rapporti con alcune delle maggiori aziende americane di musical (<em>Music Theatre International<\/em>, <em>Concord Theatricals<\/em>). Molto spesso si pensa che cambiando il nome dello spettacolo si possa evitare tutta la trafila, ma cos\u00ec si incorre in reato. <strong>Ultimamente ci \u00e8 venuto in mente di aiutare chi non sa queste cose e fare dei tutorial o dei corsi<\/strong>.<\/p>\n\n\n\n<p class=\"has-background has-background-dark-background-color\"><strong><em>A<\/em><\/strong><em><strong> causa dell\u2019emergenza Coronavirus e la conseguente chiusura di tutti gli spazi teatrali si <em><strong><em><strong>\u00e8 dovuto purtroppo rimandare il debutto (previsto a marzo 2020 presso il Teatro Don Mario Torregrossa)<\/strong><\/em><\/strong><\/em><\/strong><\/em> <em><strong><em>del vostro ultimo musical &#8220;Be More Chill &#8211; Datti una mossa&#8221;<strong>.<\/strong><\/em><\/strong><\/em> <em><strong>Qual \u00e8 stata la vostra reazione e a<\/strong><\/em><strong><em> quali attivit\u00e0 vi siete dedicati in alternativa?<\/em><\/strong><\/p>\n\n\n\n<div class=\"wp-block-image is-style-default\"><figure class=\"aligncenter size-large is-resized\"><img loading=\"lazy\" decoding=\"async\" src=\"http:\/\/test.teatrodomma.it\/wp-content\/uploads\/2020\/04\/bemorechill_sospeso.jpg?w=728\" alt=\"\" class=\"wp-image-315\" width=\"570\" height=\"802\"\/><figcaption>&#8220;Be more chill &#8211; Datti una mossa&#8221;, il musical in attesa di andare in scena al Teatro Don Mario Torregrossa<\/figcaption><\/figure><\/div>\n\n\n\n<p><\/p>\n\n\n\n<p>E&#8217; stato <strong>davvero triste<\/strong>&#8230;eravamo pronti, abbiamo fatto anche la <a rel=\"noreferrer noopener\" href=\"https:\/\/www.facebook.com\/cdiscena\/videos\/1110757029268115\/\" target=\"_blank\">prova<\/a> generale, mancava solo un giorno al debutto prima dello stop, purtroppo ci siamo rimasti tutti male. La cosa positiva \u00e8 che <strong>comunque ci siamo fatti forza<\/strong>, siamo rimasti in contatto e molto legati. Speriamo di poterlo portare presto in scena perch\u00e9 \u00e8 veramente qualcosa di speciale. Nel frattempo <strong>stiamo lavorando ad un database di musical<\/strong> contenente materiale di tutti i tipi, dagli spartiti alle tracce audio e video. <strong>Inoltre<\/strong>, da quando \u00e8 iniziato il lockdown, <strong>abbiamo deciso di <a rel=\"noreferrer noopener\" href=\"https:\/\/www.youtube.com\/results?search_query=compagni+di+scena\" target=\"_blank\">proiettare 3 nostri spettacoli a settimana<\/a><\/strong> in occasione dei 10 anni della compagnia sia per rivivere bei momenti sia per rimanere un po&#8217; in contatto con il nostro pubblico.<\/p>\n\n\n\n<p class=\"has-background has-background-dark-background-color\"><strong><em>I CdS sono anche promotori di altre iniziative come il concorso teatrale <a href=\"https:\/\/www.teatrodomma.it\/blog\/articoli-vari\/1edizione-corti-di-scena\/\" target=\"_blank\" rel=\"noreferrer noopener\">&#8220;Corti di Scena&#8221;<\/a>, oltre che creatori di servizi nel settore dell&#8217;arte e dello spettacolo, non soltanto per il X Municipio di Roma, territorio in cui molti di voi risiedono. Ce ne parli?<\/em><\/strong> <\/p>\n\n\n\n<p>Da un paio di anni, in accordo con il <strong><a rel=\"noreferrer noopener\" href=\"https:\/\/www.liceolabriola.it\/\" target=\"_blank\">Liceo Labriola di Ostia<\/a><\/strong>, abbiamo iniziato dei corsi di Alternanza Scuola\/Lavoro con gli studenti. Lo scopo del <strong>progetto<\/strong> <strong><em>&#8220;Fabbrica Giovani Artisti&#8221;<\/em><\/strong> \u00e8 quello di formare un gruppo di ragazzi a tutte le maestranze del teatro, dalla parte artistica (attori, cantanti, ballerini, musicisti) alla parte tecnica (tecnici luce, audio, scenografi, macchinisti) e mettere con loro in scena un musical.<em> <\/em>Il progetto, che <strong>ricalca molto lo stile delle scuole musicali americane<\/strong>, sta riscuotendo un enorme successo, tanto che nel secondo anno abbiamo quasi raddoppiato gli iscritti, arrivando a circa 80 ragazzi. La gioia pi\u00f9 grande \u00e8 stato vedere i loro volti a fine spettacolo, un misto tra felicit\u00e0 e tristezza per aver concluso un percorso che li ha visti tutti protagonisti. <strong>L&#8217;obiettivo \u00e8 quello di estendere questo progetto anche in altre scuole del Municipio.<\/strong><\/p>\n\n\n\n<p class=\"has-background has-background-dark-background-color\"><strong><em>So che c&#8217;\u00e8 un altro progetto che bolle in pentola&#8230;<\/em><\/strong><em><strong>Puoi darci qualche anticipazione?<\/strong><\/em><\/p>\n\n\n\n<p>Il lockdown ha un po&#8217; bloccato i tempi, ma non i piani: <strong>dal prossimo anno apriremo la <em>CdS Academy<\/em><\/strong>. Quello che vogliamo fare \u00e8 un qualcosa di diverso dalle solite &#8220;scuole di teatro&#8221; fine a se stesse. La nostra vuole essere <strong>una scuola pre-accademica<\/strong> che prepari i ragazzi con un percorso che li accompagni dai 3-4 anni fino alla maturit\u00e0, in modo da poter scoprire ed avvalorare il loro talento artistico. E&#8217; per questo che svolgeremo <strong>corsi di recitazione, danza, canto, musica, tecnica<\/strong> (audio-luci-scenografia-video) sviluppati di anno in anno a seconda delle esigenze dei ragazzi, fino ad arrivare agli ultimi anni dove dovranno affrontare dei veri e propri esami. Chiss\u00e0 se con gli anni non possa diventare un vero e proprio indirizzo universitario\u2026<\/p>\n\n\n\n<figure class=\"wp-block-gallery columns-2 is-cropped wp-block-gallery-2 is-layout-flex wp-block-gallery-is-layout-flex\"><ul class=\"blocks-gallery-grid\"><li class=\"blocks-gallery-item\"><figure><img loading=\"lazy\" decoding=\"async\" width=\"1600\" height=\"900\" src=\"http:\/\/test.teatrodomma.it\/wp-content\/uploads\/2020\/05\/marco-mininno-light-technician-3_caracalla.jpg?w=1024\" data-id=\"1200\" class=\"wp-image-1200\" srcset=\"https:\/\/www.teatrodomma.it\/wp-content\/uploads\/2020\/05\/marco-mininno-light-technician-3_caracalla.jpg 1600w, https:\/\/www.teatrodomma.it\/wp-content\/uploads\/2020\/05\/marco-mininno-light-technician-3_caracalla-300x169.jpg 300w, https:\/\/www.teatrodomma.it\/wp-content\/uploads\/2020\/05\/marco-mininno-light-technician-3_caracalla-1024x576.jpg 1024w, https:\/\/www.teatrodomma.it\/wp-content\/uploads\/2020\/05\/marco-mininno-light-technician-3_caracalla-768x432.jpg 768w, https:\/\/www.teatrodomma.it\/wp-content\/uploads\/2020\/05\/marco-mininno-light-technician-3_caracalla-1536x864.jpg 1536w, https:\/\/www.teatrodomma.it\/wp-content\/uploads\/2020\/05\/marco-mininno-light-technician-3_caracalla-200x113.jpg 200w\" sizes=\"(max-width: 1600px) 100vw, 1600px\" \/><\/figure><\/li><li class=\"blocks-gallery-item\"><figure><img decoding=\"async\" src=\"https:\/\/www.teatrodomma.it\/wp-content\/uploads\/2020\/05\/marco-mininno-light-technician-4_intervistato.jpg?w=1024\" data-id=\"1201\" class=\"wp-image-1201\"\/><\/figure><\/li><\/ul><figcaption class=\"blocks-gallery-caption\">A Caracalla come <em>Light Board Operator<\/em> per il concerto di Ennio Morricone \/ A desta, alla<a rel=\"noreferrer noopener\" href=\"https:\/\/www.youtube.com\/watch?feature=youtu.be&amp;v=MX_mX0qFWAA&amp;app=desktop\" target=\"_blank\"> presentazione dello spettacolo &#8220;Siamo donne&#8221; dei Compagni di Scena<\/a>: intervistato da Canale 10 TV per la trasmissione &#8220;State comodi&#8221;<\/figcaption><\/figure>\n\n\n\n<figure class=\"wp-block-gallery columns-2 is-cropped wp-block-gallery-3 is-layout-flex wp-block-gallery-is-layout-flex\"><ul class=\"blocks-gallery-grid\"><li class=\"blocks-gallery-item\"><figure><img loading=\"lazy\" decoding=\"async\" width=\"720\" height=\"960\" src=\"http:\/\/test.teatrodomma.it\/wp-content\/uploads\/2020\/05\/marco-mininno-light-technician-2.jpg?w=720\" alt=\"\" data-id=\"1139\" class=\"wp-image-1139\" srcset=\"https:\/\/www.teatrodomma.it\/wp-content\/uploads\/2020\/05\/marco-mininno-light-technician-2.jpg 720w, https:\/\/www.teatrodomma.it\/wp-content\/uploads\/2020\/05\/marco-mininno-light-technician-2-225x300.jpg 225w, https:\/\/www.teatrodomma.it\/wp-content\/uploads\/2020\/05\/marco-mininno-light-technician-2-200x267.jpg 200w\" sizes=\"(max-width: 720px) 100vw, 720px\" \/><\/figure><\/li><li class=\"blocks-gallery-item\"><figure><img loading=\"lazy\" decoding=\"async\" width=\"1080\" height=\"1080\" src=\"http:\/\/test.teatrodomma.it\/wp-content\/uploads\/2020\/05\/cds-be-more-chill_orchestra.jpg?w=750\" alt=\"\" data-id=\"1300\" class=\"wp-image-1300\" srcset=\"https:\/\/www.teatrodomma.it\/wp-content\/uploads\/2020\/05\/cds-be-more-chill_orchestra.jpg 1080w, https:\/\/www.teatrodomma.it\/wp-content\/uploads\/2020\/05\/cds-be-more-chill_orchestra-300x300.jpg 300w, https:\/\/www.teatrodomma.it\/wp-content\/uploads\/2020\/05\/cds-be-more-chill_orchestra-1024x1024.jpg 1024w, https:\/\/www.teatrodomma.it\/wp-content\/uploads\/2020\/05\/cds-be-more-chill_orchestra-150x150.jpg 150w, https:\/\/www.teatrodomma.it\/wp-content\/uploads\/2020\/05\/cds-be-more-chill_orchestra-768x768.jpg 768w, https:\/\/www.teatrodomma.it\/wp-content\/uploads\/2020\/05\/cds-be-more-chill_orchestra-200x200.jpg 200w, https:\/\/www.teatrodomma.it\/wp-content\/uploads\/2020\/05\/cds-be-more-chill_orchestra-144x144.jpg 144w\" sizes=\"(max-width: 1080px) 100vw, 1080px\" \/><\/figure><\/li><\/ul><figcaption class=\"blocks-gallery-caption\">Ultima giornata di allestimento di&nbsp;<a rel=\"noreferrer noopener\" href=\"https:\/\/www.youtube.com\/watch?v=RrFKvlG50-U\" target=\"_blank\">THE LAST FIVE YEARS<\/a>, tra disegno luci di Marco Mininno e sound check con tutti i musicisti nel Teatro Don Mario Torregrossa<\/figcaption><\/figure>\n\n\n\n<p><\/p>\n\n\n\n<p class=\"has-background has-background-dark-background-color\">UN GRAZIE A MARCO PER AVER ABBANDONATO LE QUINTE ED ESSERSI SOTTOPOSTO &#8211; CON LE LUCI PUNTATE SU DI LUI, STAVOLTA! &#8211; AL NOSTRO &#8220;INTERROGATORIO&#8221;.<\/p>\n\n\n\n<p><em>Margherita De Donato<\/em><\/p>\n","protected":false},"excerpt":{"rendered":"<p>Uno spettacolo si avvale sia del cast artistico sia di un cast tecnico, altrettanto importante. Anche se lavorano dietro le quinte, senza queste maestranze non ci sarebbe alcuno show. Abbiamo quindi pensato di intervistare un direttore delle luci. Per una volta l&#8217;occhio di bue si accender\u00e0 su di lui! Buio in sala, andiamo a cominciare&#8230; [&hellip;]<\/p>\n","protected":false},"author":3,"featured_media":1098,"comment_status":"closed","ping_status":"open","sticky":false,"template":"","format":"standard","meta":{"saved_in_kubio":false,"footnotes":""},"categories":[33,48],"tags":[77,78,15,16],"class_list":{"0":"post-924","1":"post","2":"type-post","3":"status-publish","4":"format-standard","5":"has-post-thumbnail","6":"hentry","7":"category-compagni-di-scena","8":"category-interviste","9":"tag-marco-mininno","10":"tag-palcoscenico","11":"tag-spettacolo","12":"tag-teatro-don-mario-torregrossa","14":"post-with-thumbnail","15":"post-with-thumbnail-large"},"yoast_head":"<!-- This site is optimized with the Yoast SEO plugin v25.8 - https:\/\/yoast.com\/wordpress\/plugins\/seo\/ -->\n<title>Riflettori su...Marco Mininno - Teatro Domma<\/title>\n<meta name=\"robots\" content=\"index, follow, max-snippet:-1, max-image-preview:large, max-video-preview:-1\" \/>\n<link rel=\"canonical\" href=\"https:\/\/www.teatrodomma.it\/?p=924\" \/>\n<meta property=\"og:locale\" content=\"it_IT\" \/>\n<meta property=\"og:type\" content=\"article\" \/>\n<meta property=\"og:title\" content=\"Riflettori su...Marco Mininno - Teatro Domma\" \/>\n<meta property=\"og:description\" content=\"Uno spettacolo si avvale sia del cast artistico sia di un cast tecnico, altrettanto importante. Anche se lavorano dietro le quinte, senza queste maestranze non ci sarebbe alcuno show. Abbiamo quindi pensato di intervistare un direttore delle luci. Per una volta l&#8217;occhio di bue si accender\u00e0 su di lui! Buio in sala, andiamo a cominciare&#8230; [&hellip;]\" \/>\n<meta property=\"og:url\" content=\"https:\/\/www.teatrodomma.it\/?p=924\" \/>\n<meta property=\"og:site_name\" content=\"Teatro Domma\" \/>\n<meta property=\"article:publisher\" content=\"https:\/\/www.facebook.com\/p\/Teatro-Domma-61556981831878\/?locale=it_IT\" \/>\n<meta property=\"article:published_time\" content=\"2020-05-09T21:52:00+00:00\" \/>\n<meta property=\"og:image\" content=\"https:\/\/www.teatrodomma.it\/wp-content\/uploads\/2020\/05\/marco-mininno-light-technician_avatar.jpg\" \/>\n\t<meta property=\"og:image:width\" content=\"398\" \/>\n\t<meta property=\"og:image:height\" content=\"398\" \/>\n\t<meta property=\"og:image:type\" content=\"image\/jpeg\" \/>\n<meta name=\"author\" content=\"Margherita De Donato\" \/>\n<meta name=\"twitter:card\" content=\"summary_large_image\" \/>\n<meta name=\"twitter:label1\" content=\"Scritto da\" \/>\n\t<meta name=\"twitter:data1\" content=\"Margherita De Donato\" \/>\n\t<meta name=\"twitter:label2\" content=\"Tempo di lettura stimato\" \/>\n\t<meta name=\"twitter:data2\" content=\"6 minuti\" \/>\n<script type=\"application\/ld+json\" class=\"yoast-schema-graph\">{\"@context\":\"https:\/\/schema.org\",\"@graph\":[{\"@type\":\"Article\",\"@id\":\"https:\/\/www.teatrodomma.it\/?p=924#article\",\"isPartOf\":{\"@id\":\"https:\/\/www.teatrodomma.it\/?p=924\"},\"author\":{\"name\":\"Margherita De Donato\",\"@id\":\"https:\/\/www.teatrodomma.it\/#\/schema\/person\/8a1f09bf4c695307c8aef38d93aa0e84\"},\"headline\":\"Riflettori su&#8230;Marco Mininno\",\"datePublished\":\"2020-05-09T21:52:00+00:00\",\"mainEntityOfPage\":{\"@id\":\"https:\/\/www.teatrodomma.it\/?p=924\"},\"wordCount\":1313,\"publisher\":{\"@id\":\"https:\/\/www.teatrodomma.it\/#organization\"},\"image\":{\"@id\":\"https:\/\/www.teatrodomma.it\/?p=924#primaryimage\"},\"thumbnailUrl\":\"https:\/\/www.teatrodomma.it\/wp-content\/uploads\/2020\/05\/marco-mininno-light-technician_avatar.jpg\",\"keywords\":[\"Marco Mininno\",\"palcoscenico\",\"spettacolo\",\"teatro Don Mario Torregrossa\"],\"articleSection\":[\"Compagni di Scena\",\"Interviste\"],\"inLanguage\":\"it-IT\"},{\"@type\":\"WebPage\",\"@id\":\"https:\/\/www.teatrodomma.it\/?p=924\",\"url\":\"https:\/\/www.teatrodomma.it\/?p=924\",\"name\":\"Riflettori su...Marco Mininno - Teatro Domma\",\"isPartOf\":{\"@id\":\"https:\/\/www.teatrodomma.it\/#website\"},\"primaryImageOfPage\":{\"@id\":\"https:\/\/www.teatrodomma.it\/?p=924#primaryimage\"},\"image\":{\"@id\":\"https:\/\/www.teatrodomma.it\/?p=924#primaryimage\"},\"thumbnailUrl\":\"https:\/\/www.teatrodomma.it\/wp-content\/uploads\/2020\/05\/marco-mininno-light-technician_avatar.jpg\",\"datePublished\":\"2020-05-09T21:52:00+00:00\",\"breadcrumb\":{\"@id\":\"https:\/\/www.teatrodomma.it\/?p=924#breadcrumb\"},\"inLanguage\":\"it-IT\",\"potentialAction\":[{\"@type\":\"ReadAction\",\"target\":[\"https:\/\/www.teatrodomma.it\/?p=924\"]}]},{\"@type\":\"ImageObject\",\"inLanguage\":\"it-IT\",\"@id\":\"https:\/\/www.teatrodomma.it\/?p=924#primaryimage\",\"url\":\"https:\/\/www.teatrodomma.it\/wp-content\/uploads\/2020\/05\/marco-mininno-light-technician_avatar.jpg\",\"contentUrl\":\"https:\/\/www.teatrodomma.it\/wp-content\/uploads\/2020\/05\/marco-mininno-light-technician_avatar.jpg\",\"width\":398,\"height\":398},{\"@type\":\"BreadcrumbList\",\"@id\":\"https:\/\/www.teatrodomma.it\/?p=924#breadcrumb\",\"itemListElement\":[{\"@type\":\"ListItem\",\"position\":1,\"name\":\"Home\",\"item\":\"https:\/\/www.teatrodomma.it\/\"},{\"@type\":\"ListItem\",\"position\":2,\"name\":\"Riflettori su&#8230;Marco Mininno\"}]},{\"@type\":\"WebSite\",\"@id\":\"https:\/\/www.teatrodomma.it\/#website\",\"url\":\"https:\/\/www.teatrodomma.it\/\",\"name\":\"Teatro Domma\",\"description\":\"\",\"publisher\":{\"@id\":\"https:\/\/www.teatrodomma.it\/#organization\"},\"potentialAction\":[{\"@type\":\"SearchAction\",\"target\":{\"@type\":\"EntryPoint\",\"urlTemplate\":\"https:\/\/www.teatrodomma.it\/?s={search_term_string}\"},\"query-input\":{\"@type\":\"PropertyValueSpecification\",\"valueRequired\":true,\"valueName\":\"search_term_string\"}}],\"inLanguage\":\"it-IT\"},{\"@type\":\"Organization\",\"@id\":\"https:\/\/www.teatrodomma.it\/#organization\",\"name\":\"Teatro Domma\",\"url\":\"https:\/\/www.teatrodomma.it\/\",\"logo\":{\"@type\":\"ImageObject\",\"inLanguage\":\"it-IT\",\"@id\":\"https:\/\/www.teatrodomma.it\/#\/schema\/logo\/image\/\",\"url\":\"https:\/\/www.teatrodomma.it\/wp-content\/uploads\/2025\/01\/LOGOICON-edited-2.png\",\"contentUrl\":\"https:\/\/www.teatrodomma.it\/wp-content\/uploads\/2025\/01\/LOGOICON-edited-2.png\",\"width\":510,\"height\":287,\"caption\":\"Teatro Domma\"},\"image\":{\"@id\":\"https:\/\/www.teatrodomma.it\/#\/schema\/logo\/image\/\"},\"sameAs\":[\"https:\/\/www.facebook.com\/p\/Teatro-Domma-61556981831878\/?locale=it_IT\",\"https:\/\/www.instagram.com\/teatro_domma\/\"]},{\"@type\":\"Person\",\"@id\":\"https:\/\/www.teatrodomma.it\/#\/schema\/person\/8a1f09bf4c695307c8aef38d93aa0e84\",\"name\":\"Margherita De Donato\",\"image\":{\"@type\":\"ImageObject\",\"inLanguage\":\"it-IT\",\"@id\":\"https:\/\/www.teatrodomma.it\/#\/schema\/person\/image\/\",\"url\":\"https:\/\/secure.gravatar.com\/avatar\/0fbebb2201a984022de9f07361f7fe88cb7fcefd6be5e33abf5559102ec20088?s=96&d=mm&r=g\",\"contentUrl\":\"https:\/\/secure.gravatar.com\/avatar\/0fbebb2201a984022de9f07361f7fe88cb7fcefd6be5e33abf5559102ec20088?s=96&d=mm&r=g\",\"caption\":\"Margherita De Donato\"},\"url\":\"https:\/\/www.teatrodomma.it\/?author=3\"}]}<\/script>\n<!-- \/ Yoast SEO plugin. -->","yoast_head_json":{"title":"Riflettori su...Marco Mininno - Teatro Domma","robots":{"index":"index","follow":"follow","max-snippet":"max-snippet:-1","max-image-preview":"max-image-preview:large","max-video-preview":"max-video-preview:-1"},"canonical":"https:\/\/www.teatrodomma.it\/?p=924","og_locale":"it_IT","og_type":"article","og_title":"Riflettori su...Marco Mininno - Teatro Domma","og_description":"Uno spettacolo si avvale sia del cast artistico sia di un cast tecnico, altrettanto importante. Anche se lavorano dietro le quinte, senza queste maestranze non ci sarebbe alcuno show. Abbiamo quindi pensato di intervistare un direttore delle luci. Per una volta l&#8217;occhio di bue si accender\u00e0 su di lui! Buio in sala, andiamo a cominciare&#8230; [&hellip;]","og_url":"https:\/\/www.teatrodomma.it\/?p=924","og_site_name":"Teatro Domma","article_publisher":"https:\/\/www.facebook.com\/p\/Teatro-Domma-61556981831878\/?locale=it_IT","article_published_time":"2020-05-09T21:52:00+00:00","og_image":[{"width":398,"height":398,"url":"https:\/\/www.teatrodomma.it\/wp-content\/uploads\/2020\/05\/marco-mininno-light-technician_avatar.jpg","type":"image\/jpeg"}],"author":"Margherita De Donato","twitter_card":"summary_large_image","twitter_misc":{"Scritto da":"Margherita De Donato","Tempo di lettura stimato":"6 minuti"},"schema":{"@context":"https:\/\/schema.org","@graph":[{"@type":"Article","@id":"https:\/\/www.teatrodomma.it\/?p=924#article","isPartOf":{"@id":"https:\/\/www.teatrodomma.it\/?p=924"},"author":{"name":"Margherita De Donato","@id":"https:\/\/www.teatrodomma.it\/#\/schema\/person\/8a1f09bf4c695307c8aef38d93aa0e84"},"headline":"Riflettori su&#8230;Marco Mininno","datePublished":"2020-05-09T21:52:00+00:00","mainEntityOfPage":{"@id":"https:\/\/www.teatrodomma.it\/?p=924"},"wordCount":1313,"publisher":{"@id":"https:\/\/www.teatrodomma.it\/#organization"},"image":{"@id":"https:\/\/www.teatrodomma.it\/?p=924#primaryimage"},"thumbnailUrl":"https:\/\/www.teatrodomma.it\/wp-content\/uploads\/2020\/05\/marco-mininno-light-technician_avatar.jpg","keywords":["Marco Mininno","palcoscenico","spettacolo","teatro Don Mario Torregrossa"],"articleSection":["Compagni di Scena","Interviste"],"inLanguage":"it-IT"},{"@type":"WebPage","@id":"https:\/\/www.teatrodomma.it\/?p=924","url":"https:\/\/www.teatrodomma.it\/?p=924","name":"Riflettori su...Marco Mininno - Teatro Domma","isPartOf":{"@id":"https:\/\/www.teatrodomma.it\/#website"},"primaryImageOfPage":{"@id":"https:\/\/www.teatrodomma.it\/?p=924#primaryimage"},"image":{"@id":"https:\/\/www.teatrodomma.it\/?p=924#primaryimage"},"thumbnailUrl":"https:\/\/www.teatrodomma.it\/wp-content\/uploads\/2020\/05\/marco-mininno-light-technician_avatar.jpg","datePublished":"2020-05-09T21:52:00+00:00","breadcrumb":{"@id":"https:\/\/www.teatrodomma.it\/?p=924#breadcrumb"},"inLanguage":"it-IT","potentialAction":[{"@type":"ReadAction","target":["https:\/\/www.teatrodomma.it\/?p=924"]}]},{"@type":"ImageObject","inLanguage":"it-IT","@id":"https:\/\/www.teatrodomma.it\/?p=924#primaryimage","url":"https:\/\/www.teatrodomma.it\/wp-content\/uploads\/2020\/05\/marco-mininno-light-technician_avatar.jpg","contentUrl":"https:\/\/www.teatrodomma.it\/wp-content\/uploads\/2020\/05\/marco-mininno-light-technician_avatar.jpg","width":398,"height":398},{"@type":"BreadcrumbList","@id":"https:\/\/www.teatrodomma.it\/?p=924#breadcrumb","itemListElement":[{"@type":"ListItem","position":1,"name":"Home","item":"https:\/\/www.teatrodomma.it\/"},{"@type":"ListItem","position":2,"name":"Riflettori su&#8230;Marco Mininno"}]},{"@type":"WebSite","@id":"https:\/\/www.teatrodomma.it\/#website","url":"https:\/\/www.teatrodomma.it\/","name":"Teatro Domma","description":"","publisher":{"@id":"https:\/\/www.teatrodomma.it\/#organization"},"potentialAction":[{"@type":"SearchAction","target":{"@type":"EntryPoint","urlTemplate":"https:\/\/www.teatrodomma.it\/?s={search_term_string}"},"query-input":{"@type":"PropertyValueSpecification","valueRequired":true,"valueName":"search_term_string"}}],"inLanguage":"it-IT"},{"@type":"Organization","@id":"https:\/\/www.teatrodomma.it\/#organization","name":"Teatro Domma","url":"https:\/\/www.teatrodomma.it\/","logo":{"@type":"ImageObject","inLanguage":"it-IT","@id":"https:\/\/www.teatrodomma.it\/#\/schema\/logo\/image\/","url":"https:\/\/www.teatrodomma.it\/wp-content\/uploads\/2025\/01\/LOGOICON-edited-2.png","contentUrl":"https:\/\/www.teatrodomma.it\/wp-content\/uploads\/2025\/01\/LOGOICON-edited-2.png","width":510,"height":287,"caption":"Teatro Domma"},"image":{"@id":"https:\/\/www.teatrodomma.it\/#\/schema\/logo\/image\/"},"sameAs":["https:\/\/www.facebook.com\/p\/Teatro-Domma-61556981831878\/?locale=it_IT","https:\/\/www.instagram.com\/teatro_domma\/"]},{"@type":"Person","@id":"https:\/\/www.teatrodomma.it\/#\/schema\/person\/8a1f09bf4c695307c8aef38d93aa0e84","name":"Margherita De Donato","image":{"@type":"ImageObject","inLanguage":"it-IT","@id":"https:\/\/www.teatrodomma.it\/#\/schema\/person\/image\/","url":"https:\/\/secure.gravatar.com\/avatar\/0fbebb2201a984022de9f07361f7fe88cb7fcefd6be5e33abf5559102ec20088?s=96&d=mm&r=g","contentUrl":"https:\/\/secure.gravatar.com\/avatar\/0fbebb2201a984022de9f07361f7fe88cb7fcefd6be5e33abf5559102ec20088?s=96&d=mm&r=g","caption":"Margherita De Donato"},"url":"https:\/\/www.teatrodomma.it\/?author=3"}]}},"_links":{"self":[{"href":"https:\/\/www.teatrodomma.it\/index.php?rest_route=\/wp\/v2\/posts\/924","targetHints":{"allow":["GET"]}}],"collection":[{"href":"https:\/\/www.teatrodomma.it\/index.php?rest_route=\/wp\/v2\/posts"}],"about":[{"href":"https:\/\/www.teatrodomma.it\/index.php?rest_route=\/wp\/v2\/types\/post"}],"author":[{"embeddable":true,"href":"https:\/\/www.teatrodomma.it\/index.php?rest_route=\/wp\/v2\/users\/3"}],"replies":[{"embeddable":true,"href":"https:\/\/www.teatrodomma.it\/index.php?rest_route=%2Fwp%2Fv2%2Fcomments&post=924"}],"version-history":[{"count":0,"href":"https:\/\/www.teatrodomma.it\/index.php?rest_route=\/wp\/v2\/posts\/924\/revisions"}],"wp:featuredmedia":[{"embeddable":true,"href":"https:\/\/www.teatrodomma.it\/index.php?rest_route=\/wp\/v2\/media\/1098"}],"wp:attachment":[{"href":"https:\/\/www.teatrodomma.it\/index.php?rest_route=%2Fwp%2Fv2%2Fmedia&parent=924"}],"wp:term":[{"taxonomy":"category","embeddable":true,"href":"https:\/\/www.teatrodomma.it\/index.php?rest_route=%2Fwp%2Fv2%2Fcategories&post=924"},{"taxonomy":"post_tag","embeddable":true,"href":"https:\/\/www.teatrodomma.it\/index.php?rest_route=%2Fwp%2Fv2%2Ftags&post=924"}],"curies":[{"name":"wp","href":"https:\/\/api.w.org\/{rel}","templated":true}]}}